{"id":7959,"date":"2016-07-21T03:57:00","date_gmt":"2016-07-21T01:57:00","guid":{"rendered":"https:\/\/gaudiumetspes-blog.pl\/index.php\/2016\/07\/21\/swiat-peen-znakow\/"},"modified":"2019-07-31T12:56:21","modified_gmt":"2019-07-31T10:56:21","slug":"swiat-peen-znakow","status":"publish","type":"post","link":"https:\/\/gaudiumetspes-blog.pl\/index.php\/2016\/07\/21\/swiat-peen-znakow\/","title":{"rendered":"\u015awiat pe\u0142en znak\u00f3w"},"content":{"rendered":"<div align=\"justify\" style=\"line-height: 150%; margin-bottom: 0cm;\">\nSzcz\u0119\u015b\u0107 Bo\u017ce! Moi Drodzy, dziel\u0119 si\u0119 z Wami wielk\u0105 rado\u015bci\u0105 z przybycia do Polski Ksi\u0119dza Marka, Siostry Iwony, Siostry Joanny i ca\u0142ej Ich Ekipy. W sumie &#8211; osiemna\u015bcie Os\u00f3b. S\u0105 ju\u017c u Rodzin w Bia\u0142ej Podlaskiej. Niech ten czas b\u0119dzie dla Nich &#8211; i dla wszystkich Uczestnik\u00f3w \u015awiatowych Dni M\u0142odzie\u017cy &#8211; czasem dobrym, b\u0142ogos\u0142awionym i duchowo owocnym!<\/div>\n<div align=\"justify\" style=\"line-height: 150%; margin-bottom: 0cm;\">\n&nbsp; &nbsp; &nbsp; &nbsp; &nbsp;Zach\u0119cam tych, kt\u00f3rzy osobi\u015bcie nie wybieraj\u0105 si\u0119 do Krakowa, do \u015bledzenia w Telewizji Trwam, Telewizji Polskiej &#8211; i w innych stacjach &#8211; wszystkich tych wydarze\u0144.<\/div>\n<div align=\"justify\" style=\"line-height: 150%; margin-bottom: 0cm;\">\n&nbsp; &nbsp; &nbsp; &nbsp; &nbsp; &nbsp; A na dzisiaj &#8211; \u017cycz\u0119 Wszystkim b\u0142ogos\u0142awionego dnia!<\/div>\n<div align=\"justify\" style=\"line-height: 150%; margin-bottom: 0cm;\">\n&nbsp; &nbsp; &nbsp; &nbsp; &nbsp; &nbsp; &nbsp; &nbsp; &nbsp; &nbsp; &nbsp; &nbsp; &nbsp; &nbsp; &nbsp; &nbsp; &nbsp;Gaudium et spes! &nbsp;Ks. Jacek<\/div>\n<div align=\"justify\" style=\"line-height: 150%; margin-bottom: 0cm;\">\n<b><br \/><\/b><\/div>\n<div align=\"justify\" style=\"line-height: 150%; margin-bottom: 0cm;\">\n<b>Czwartek<br \/>\n16 Tygodnia zwyk\u0142ego, rok II,<\/b><\/div>\n<div align=\"justify\" style=\"line-height: 150%; margin-bottom: 0cm;\">\n<b>do<br \/>\nczyta\u0144:  Jr 2,1\u20133.7\u20138.12\u201313;  Mt 13,10\u201317<\/b><\/div>\n<div align=\"justify\" style=\"line-height: 150%; margin-bottom: 0cm;\">\n<\/div>\n<div align=\"justify\" style=\"line-height: 150%; margin-bottom: 0cm;\">\n<b>CZYTANIE<br \/>\nZ KSI\u0118GI PROROKA JEREMIASZA:<\/b><\/div>\n<div align=\"justify\" style=\"break-before: auto; line-height: 150%; margin-bottom: 0cm; text-indent: 1.3cm;\">\n<b>Pan<br \/>\nskierowa\u0142 do mnie nast\u0119puj\u0105ce s\u0142owo: \u201eId\u017a i g\u0142o\u015b publicznie<br \/>\nw Jerozolimie: \u00abTo m\u00f3wi Pan: Pami\u0119tam wierno\u015b\u0107 twej m\u0142odo\u015bci,<br \/>\nmi\u0142o\u015b\u0107 twego narzecze\u0144stwa, kiedy chodzi\u0142a\u015b za Mn\u0105 na pustyni,<br \/>\nw ziemi, kt\u00f3rej nikt nie obsiewa. Izrael jest \u015bwi\u0119to\u015bci\u0105 Pana,<br \/>\npierwszym plonem Jego zbior\u00f3w. Ci wszyscy, kt\u00f3rzy go spo\u017cywaj\u0105,<br \/>\nstaj\u0105 si\u0119 winni, spotka ich nieszcz\u0119\u015bcie\u00bb\u201d, m\u00f3wi Pan.<\/b><\/div>\n<div align=\"justify\" style=\"line-height: 150%; margin-bottom: 0cm; text-indent: 1.3cm;\">\n\u201e<b>A<br \/>\nJa wprowadzi\u0142em was do ziemi urodzajnej, by\u015bcie spo\u017cywali jej<br \/>\nowoce i jej zasoby. Weszli\u015bcie i zbezcze\u015bcili\u015bcie moj\u0105 ziemi\u0119,<br \/>\nuczynili\u015bcie z mojej posiad\u0142o\u015bci miejsce pe\u0142ne odrazy. Kap\u0142ani<br \/>\nnie m\u00f3wili: \u00abGdzie jest Pan?\u00bb Uczeni w Pi\u015bmie nie uznawali Mnie;<br \/>\npasterze zbuntowali si\u0119 przeciw Mnie; prorocy g\u0142osili wyrocznie na<br \/>\nkorzy\u015b\u0107 Baala i chodzili za tymi, kt\u00f3rzy nie daj\u0105 pomocy\u201d.<\/b><\/div>\n<div align=\"justify\" style=\"line-height: 150%; margin-bottom: 0cm; text-indent: 1.3cm;\">\n\u201e<b>Niebo,<br \/>\nniechaj ci\u0119 na to ogarnie os\u0142upienie, groza i wielkie dr\u017cenie\u201d,<br \/>\nm\u00f3wi Pan: \u201eBo podw\u00f3jne z\u0142o pope\u0142ni\u0142 m\u00f3j nar\u00f3d: opu\u015bcili<br \/>\nMnie, \u017ar\u00f3d\u0142o wody \u017cywej, \u017ceby wykopa\u0107 sobie cysterny, cysterny<br \/>\npop\u0119kane, kt\u00f3re nie zatrzymuj\u0105 wody\u201d. <\/b>\n<\/div>\n<div align=\"justify\" style=\"line-height: 150%; margin-bottom: 0cm;\">\n<\/div>\n<div align=\"justify\" style=\"line-height: 150%; margin-bottom: 0cm;\">\n<b>S\u0141OWA<br \/>\nEWANGELII WED\u0141UG \u015aWI\u0118TEGO MATEUSZA:<\/b><\/div>\n<div align=\"justify\" style=\"break-before: auto; line-height: 150%; margin-bottom: 0cm; text-indent: 1.3cm;\">\n<b>Uczniowie<br \/>\nprzyst\u0105pili do Jezusa i zapytali: \u201eDlaczego w przypowie\u015bciach<br \/>\nm\u00f3wisz do nich?\u201d<\/b><\/div>\n<div align=\"justify\" style=\"line-height: 150%; margin-bottom: 0cm; text-indent: 1.3cm;\">\n<b>On<br \/>\nim odpowiedzia\u0142: \u201eWam dano pozna\u0107 tajemnice kr\u00f3lestwa<br \/>\nniebieskiego, im za\u015b nie dano. Bo kto ma, temu b\u0119dzie dodane, i<br \/>\nnadmiar mie\u0107 b\u0119dzie; kto za\u015b nie ma, temu zabior\u0105 r\u00f3wnie\u017c to,<br \/>\nco ma. Dlatego m\u00f3wi\u0119 do nich w przypowie\u015bciach, \u017ce otwartymi<br \/>\noczami nie widz\u0105 i otwartymi uszami nie s\u0142ysz\u0105 ani nie rozumiej\u0105.<br \/>\nTak spe\u0142nia si\u0119 na nich przepowiednia Izajasza:<\/b><\/div>\n<div align=\"justify\" style=\"line-height: 150%; margin-bottom: 0cm; text-indent: 1.3cm;\">\n<b>\u00abS\u0142ucha\u0107<br \/>\nb\u0119dziecie, a nie zrozumiecie, patrze\u0107 b\u0119dziecie, a nie zobaczycie.<br \/>\nBo stwardnia\u0142o serce tego ludu, ich uszy st\u0119pia\u0142y i oczy swe<br \/>\nzamkn\u0119li, \u017ceby oczami nie widzieli ani uszami nie s\u0142yszeli, ani<br \/>\nswym sercem nie rozumieli: i nie nawr\u00f3cili si\u0119, abym ich uzdrowi\u0142\u00bb.<\/b><\/div>\n<div align=\"justify\" style=\"line-height: 150%; margin-bottom: 0cm; text-indent: 1.3cm;\">\n<b>Lecz<br \/>\nszcz\u0119\u015bliwe oczy wasze, \u017ce widz\u0105, i uszy wasze, \u017ce s\u0142ysz\u0105. Bo<br \/>\nzaprawd\u0119, powiadam wam: Wielu prorok\u00f3w i sprawiedliwych pragn\u0119\u0142o<br \/>\nujrze\u0107 to, na co wy patrzycie, a nie ujrzeli; i us\u0142ysze\u0107 to, co wy<br \/>\ns\u0142yszycie, a nie us\u0142yszeli\u201d.<\/b><\/div>\n<div align=\"justify\" style=\"line-height: 150%; margin-bottom: 0cm;\">\n<\/div>\n<div align=\"justify\" style=\"line-height: 150%; margin-bottom: 0cm; page-break-before: auto; text-indent: 1.3cm;\">\nPe\u0142na<br \/>\n<b>b\u00f3lu i swoistego rozczarowania<\/b> wypowied\u017a Boga na temat Jego<br \/>\nludu stanowi tre\u015b\u0107 pierwszego dzisiejszego czytania. Por\u00f3wnuj\u0105c<br \/>\nrelacje ze swym ludem do relacji, jakie zachodz\u0105 pomi\u0119dzy<br \/>\nma\u0142\u017conkami, a nawet pomi\u0119dzy narzeczonymi, <b>uskar\u017ca si\u0119<\/b><b><br \/>\nB\u00f3g <\/b><b>na<\/b><b> niewierno\u015b<\/b><b>\u0107<\/b><b> <\/b><b>umi\u0142owanego<br \/>\nnarodu<\/b><b>.<\/b> I to pomimo tego, \u017ce ze strony Bo\u017cej pop\u0142yn\u0119\u0142o<br \/>\ntyle \u0142aski i pomocy, tyle \u017cyczliwo\u015bci i b\u0142ogos\u0142awie\u0144stwa \u2013<br \/>\n<b>nar\u00f3d <\/b><b>ten<\/b><b> post\u0119puje po swojemu,<\/b> drogami<br \/>\nkr\u0119tymi i b\u0142\u0119dnymi!\n<\/div>\n<div align=\"justify\" style=\"line-height: 150%; margin-bottom: 0cm; text-indent: 1.3cm;\">\nB\u00f3g<br \/>\ntak o tym m\u00f3wi: <i><b>Ja<br \/>\nwprowadzi\u0142em was do ziemi urodzajnej, by\u015bcie spo\u017cywali jej owoce i<br \/>\njej zasoby. Weszli\u015bcie i zbezcze\u015bcili\u015bcie moj\u0105 ziemi\u0119,<br \/>\nuczynili\u015bcie z mojej posiad\u0142o\u015bci miejsce pe\u0142ne odrazy. Kap\u0142ani<br \/>\nnie m\u00f3wili: \u00abGdzie jest Pan?\u00bb Uczeni w Pi\u015bmie nie uznawali Mnie;<br \/>\npasterze zbuntowali si\u0119 przeciw Mnie; prorocy g\u0142osili wyrocznie na<br \/>\nkorzy\u015b\u0107 Baala i chodzili za tymi, kt\u00f3rzy nie daj\u0105 pomocy.<\/b><\/i><b><br \/>\n<\/b>\n<\/div>\n<div align=\"justify\" style=\"line-height: 150%; margin-bottom: 0cm; text-indent: 1.3cm;\">\nA<br \/>\npodsumowaniem tej wypowiedzi jest bardzo krytyczna ocena opisanego<br \/>\npost\u0119powania, zawarta w tej oto metaforze: <i><b>Bo<br \/>\npodw\u00f3jne z\u0142o pope\u0142ni\u0142 m\u00f3j nar\u00f3d: opu\u015bcili Mnie, \u017ar\u00f3d\u0142o wody<br \/>\n\u017cywej, \u017ceby wykopa\u0107 sobie cysterny, cysterny pop\u0119kane, kt\u00f3re nie<br \/>\nzatrzymuj\u0105 wody.<\/b><\/i><b><br \/>\n<\/b>\n<\/div>\n<div align=\"justify\" style=\"line-height: 150%; margin-bottom: 0cm; text-indent: 1.3cm;\">\nDlaczego<br \/>\ntak si\u0119 sta\u0142o? Dlaczego nar\u00f3d wybrany <b>nic<br \/>\nnie zrozumia\u0142 z tego,<\/b><br \/>\nco Pan mu da\u0142 i co dla niego zrobi\u0142? Dlaczego <b>nie<br \/>\nodczyta\u0142 znak\u00f3w Bo\u017cego dzia\u0142ania<\/b><br \/>\n\u2013 znak\u00f3w dawanych w okre\u015blonym czasie i miejscu?\u2026\n<\/div>\n<div align=\"justify\" style=\"line-height: 150%; margin-bottom: 0cm; text-indent: 1.3cm;\">\nWydaje<br \/>\nsi\u0119, \u017ce podobnie widzia\u0142 ca\u0142\u0105 spraw\u0119 tak\u017ce Jezus, skoro<br \/>\ndzisiaj stwierdzi\u0142: <i><b>Dlatego<br \/>\nm\u00f3wi\u0119 do nich w przypowie\u015bciach, \u017ce otwartymi oczami nie widz\u0105 i<br \/>\notwartymi uszami nie s\u0142ysz\u0105 ani nie rozumiej\u0105. Tak spe\u0142nia si\u0119<br \/>\nna nich przepowiednia Izajasza: \u00abS\u0142ucha\u0107 b\u0119dziecie, a nie<br \/>\nzrozumiecie, patrze\u0107 b\u0119dziecie, a nie zobaczycie. Bo stwardnia\u0142o<br \/>\nserce tego ludu, ich uszy st\u0119pia\u0142y i oczy swe zamkn\u0119li, \u017ceby<br \/>\noczami nie widzieli ani uszami nie s\u0142yszeli, ani swym sercem nie<br \/>\nrozumieli: i nie nawr\u00f3cili si\u0119, abym ich uzdrowi\u0142\u00bb.<\/b><\/i><b><br \/>\n<\/b>\n<\/div>\n<div align=\"justify\" style=\"line-height: 150%; margin-bottom: 0cm; text-indent: 1.3cm;\">\nNa<br \/>\ntym tle Aposto\u0142owie oraz wszyscy ci, kt\u00f3rzy ju\u017c<br \/>\nod jakiego\u015b czasu s\u0142uchali<br \/>\nJezusa i widzieli znaki Jego dzia\u0142alno\u015bci, winni wypa\u015b\u0107 nieco<br \/>\nlepiej. Sam Jezus tak do nich o tym m\u00f3wi: <i><b>Lecz<br \/>\nszcz\u0119\u015bliwe oczy wasze, \u017ce widz\u0105, i uszy wasze, \u017ce s\u0142ysz\u0105. Bo<br \/>\nzaprawd\u0119, powiadam wam: Wielu prorok\u00f3w i sprawiedliwych pragn\u0119\u0142o<br \/>\nujrze\u0107 to, na co wy patrzycie, a nie ujrzeli; i us\u0142ysze\u0107 to, co wy<br \/>\ns\u0142yszycie, a nie us\u0142yszeli.<\/b><\/i><b><br \/>\n<\/b>\n<\/div>\n<div align=\"justify\" style=\"line-height: 150%; margin-bottom: 0cm; text-indent: 1.3cm;\">\nCo<br \/>\njednak wynika z tego, \u017ce wszyscy ci ludzie s\u0105 szcz\u0119\u015bliwi, i\u017c<br \/>\nmogli do\u015bwiadczy\u0107 tak wyra\u017anie znak\u00f3w Bo\u017cego dzia\u0142ania? Czy<br \/>\nprzez to naprawd\u0119 <b>wi\u0119cej<br \/>\nzrozumieli?<\/b><br \/>\nI \u2013 pytanie najbardziej zasadnicze \u2013 <b>czy<br \/>\nto wp\u0142yn\u0119\u0142o na ich postaw\u0119, na ich ca\u0142e \u017cycie? <\/b>\n<\/div>\n<div align=\"justify\" style=\"line-height: 150%; margin-bottom: 0cm; text-indent: 1.3cm;\">\nA<br \/>\nto pytanie, Kochani, swoj\u0105 aktualno\u015bci\u0105 obejmuje tak\u017ce nas i<br \/>\nnasze \u017cycie. Ono by\u0142o aktualne na przestrzeni wiek\u00f3w \u2013<b><br \/>\ni jest aktualne ci\u0105gle.<\/b><\/p>\n<\/div>\n<div align=\"justify\" style=\"line-height: 150%; margin-bottom: 0cm; text-indent: 1.3cm;\">\nBo<br \/>\nmy r\u00f3wnie\u017c do\u015bwiadczamy <b>szczeg\u00f3lnej<br \/>\nBo\u017cej \u0142askawo\u015bci we Mszy \u015awi\u0119tej i wszystkich Sakramentach<br \/>\nKo\u015bcio\u0142a,<\/b><br \/>\nszczeg\u00f3lnie w Spowiedzi. Do\u015bwiadczamy Bo\u017cej \u0142askawo\u015bci i<br \/>\nm\u0105dro\u015bci <b>w<br \/>\nBo\u017cym s\u0142owie,<\/b><br \/>\nkt\u00f3re mo\u017cemy bez przeszk\u00f3d czyta\u0107 i kt\u00f3rego mo\u017cemy s\u0142ucha\u0107 \u2013<br \/>\no ile tylko chcemy. Nikt nam tego nie zabrania i nie gro\u017c\u0105 nam za<br \/>\nto \u017cadne konsekwencje.\n<\/div>\n<div align=\"justify\" style=\"line-height: 150%; margin-bottom: 0cm; text-indent: 1.3cm;\">\nI<br \/>\ndo\u015bwiadczamy tej Bo\u017cej \u0142askawo\u015bci <b>w<br \/>\nbardzo wielu sytuacjach,<\/b><br \/>\ndokonuj\u0105cych si\u0119 w naszym \u017cyciu, ale tak\u017ce \u2013 <b>w<br \/>\nrelacjach z lud\u017ami, <\/b>okazuj\u0105cymi<br \/>\nnam w r\u00f3\u017cnych postaciach dobro\u0107. Ale i z tymi, kt\u00f3rzy czyni\u0105 nam<br \/>\nz\u0142o, bo to te\u017c s\u0105 znaki\u2026\n<\/div>\n<div align=\"justify\" style=\"line-height: 150%; margin-bottom: 0cm; text-indent: 1.3cm;\">\nI<br \/>\nteraz \u2013 w\u0142a\u015bnie! \u2013 <b>co<br \/>\nmy z tym robimy?<\/b><br \/>\nJak odczytujemy te znaki? Jak odczytujemy tak\u017ce te znaki, kt\u00f3re Pan<br \/>\ndaje nam poprzez <b>zjawiska<br \/>\nprzyrodnicze? <\/b>Jak<br \/>\nodczytujemy te znaki, kt\u00f3rymi staj\u0105 si\u0119 przer\u00f3\u017cne trudne<br \/>\nwydarzenia w Ko\u015bciele, w naszym kraju, w Europie i na \u015bwiecie?\n<\/div>\n<div align=\"justify\" style=\"line-height: 150%; margin-bottom: 0cm; text-indent: 1.3cm;\">\nKochani,<br \/>\n<b>\u017cyjemy<br \/>\nw \u015bwiecie pe\u0142nym znak\u00f3w.<\/b><br \/>\nNie mo\u017cemy ich nie dostrzega\u0107!<\/div>\n<div align=\"justify\" style=\"line-height: 150%; margin-bottom: 0cm; text-indent: 1.3cm;\">\nCzy<br \/>\nje jednak<br \/>\ndostrzegamy?\u2026&nbsp;\n<\/div>\n","protected":false},"excerpt":{"rendered":"<p>Szcz\u0119\u015b\u0107 Bo\u017ce! Moi Drodzy, dziel\u0119 si\u0119 z Wami wielk\u0105 rado\u015bci\u0105 z przybycia do Polski Ksi\u0119dza Marka, Siostry Iwony, Siostry Joanny i ca\u0142ej Ich Ekipy. W sumie &#8211; osiemna\u015bcie Os\u00f3b. S\u0105 ju\u017c u Rodzin w Bia\u0142ej Podlaskiej. Niech ten czas b\u0119dzie dla Nich &#8211; i dla wszystkich Uczestnik\u00f3w \u015awiatowych Dni M\u0142odzie\u017cy &#8211; czasem dobrym, b\u0142ogos\u0142awionym i [&hellip;]<\/p>\n","protected":false},"author":1,"featured_media":0,"comment_status":"open","ping_status":"open","sticky":false,"template":"","format":"standard","meta":{"jetpack_post_was_ever_published":false,"_jetpack_newsletter_access":"","_jetpack_dont_email_post_to_subs":false,"_jetpack_newsletter_tier_id":0,"_jetpack_memberships_contains_paywalled_content":false,"_jetpack_memberships_contains_paid_content":false,"footnotes":""},"categories":[1],"tags":[],"class_list":["post-7959","post","type-post","status-publish","format-standard","hentry","category-bez-kategorii"],"yoast_head":"<!-- This site is optimized with the Yoast SEO plugin v25.1 - https:\/\/yoast.com\/wordpress\/plugins\/seo\/ -->\n<title>\u015awiat pe\u0142en znak\u00f3w - Gaudium Et Spes<\/title>\n<meta name=\"robots\" content=\"index, follow, max-snippet:-1, max-image-preview:large, max-video-preview:-1\" \/>\n<link rel=\"canonical\" href=\"https:\/\/gaudiumetspes-blog.pl\/index.php\/2016\/07\/21\/swiat-peen-znakow\/\" \/>\n<meta property=\"og:locale\" content=\"pl_PL\" \/>\n<meta property=\"og:type\" content=\"article\" \/>\n<meta property=\"og:title\" content=\"\u015awiat pe\u0142en znak\u00f3w - Gaudium Et Spes\" \/>\n<meta property=\"og:description\" content=\"Szcz\u0119\u015b\u0107 Bo\u017ce! Moi Drodzy, dziel\u0119 si\u0119 z Wami wielk\u0105 rado\u015bci\u0105 z przybycia do Polski Ksi\u0119dza Marka, Siostry Iwony, Siostry Joanny i ca\u0142ej Ich Ekipy. W sumie &#8211; osiemna\u015bcie Os\u00f3b. S\u0105 ju\u017c u Rodzin w Bia\u0142ej Podlaskiej. Niech ten czas b\u0119dzie dla Nich &#8211; i dla wszystkich Uczestnik\u00f3w \u015awiatowych Dni M\u0142odzie\u017cy &#8211; czasem dobrym, b\u0142ogos\u0142awionym i [&hellip;]\" \/>\n<meta property=\"og:url\" content=\"https:\/\/gaudiumetspes-blog.pl\/index.php\/2016\/07\/21\/swiat-peen-znakow\/\" \/>\n<meta property=\"og:site_name\" content=\"Gaudium Et Spes\" \/>\n<meta property=\"article:published_time\" content=\"2016-07-21T01:57:00+00:00\" \/>\n<meta property=\"article:modified_time\" content=\"2019-07-31T10:56:21+00:00\" \/>\n<meta name=\"author\" content=\"Ks. Jacek\" \/>\n<meta name=\"twitter:card\" content=\"summary_large_image\" \/>\n<meta name=\"twitter:label1\" content=\"Napisane przez\" \/>\n\t<meta name=\"twitter:data1\" content=\"Ks. Jacek\" \/>\n\t<meta name=\"twitter:label2\" content=\"Szacowany czas czytania\" \/>\n\t<meta name=\"twitter:data2\" content=\"6 minut\" \/>\n<script type=\"application\/ld+json\" class=\"yoast-schema-graph\">{\"@context\":\"https:\/\/schema.org\",\"@graph\":[{\"@type\":\"WebPage\",\"@id\":\"https:\/\/gaudiumetspes-blog.pl\/index.php\/2016\/07\/21\/swiat-peen-znakow\/\",\"url\":\"https:\/\/gaudiumetspes-blog.pl\/index.php\/2016\/07\/21\/swiat-peen-znakow\/\",\"name\":\"\u015awiat pe\u0142en znak\u00f3w - Gaudium Et Spes\",\"isPartOf\":{\"@id\":\"https:\/\/gaudiumetspes-blog.pl\/#website\"},\"datePublished\":\"2016-07-21T01:57:00+00:00\",\"dateModified\":\"2019-07-31T10:56:21+00:00\",\"author\":{\"@id\":\"https:\/\/gaudiumetspes-blog.pl\/#\/schema\/person\/1661982992b752dea8dff0d4ed845a65\"},\"breadcrumb\":{\"@id\":\"https:\/\/gaudiumetspes-blog.pl\/index.php\/2016\/07\/21\/swiat-peen-znakow\/#breadcrumb\"},\"inLanguage\":\"pl-PL\",\"potentialAction\":[{\"@type\":\"ReadAction\",\"target\":[\"https:\/\/gaudiumetspes-blog.pl\/index.php\/2016\/07\/21\/swiat-peen-znakow\/\"]}]},{\"@type\":\"BreadcrumbList\",\"@id\":\"https:\/\/gaudiumetspes-blog.pl\/index.php\/2016\/07\/21\/swiat-peen-znakow\/#breadcrumb\",\"itemListElement\":[{\"@type\":\"ListItem\",\"position\":1,\"name\":\"Strona g\u0142\u00f3wna\",\"item\":\"https:\/\/gaudiumetspes-blog.pl\/\"},{\"@type\":\"ListItem\",\"position\":2,\"name\":\"\u015awiat pe\u0142en znak\u00f3w\"}]},{\"@type\":\"WebSite\",\"@id\":\"https:\/\/gaudiumetspes-blog.pl\/#website\",\"url\":\"https:\/\/gaudiumetspes-blog.pl\/\",\"name\":\"Gaudium Et Spes\",\"description\":\"Blog Ks. Jacka Ja\u015bkowskiego\",\"potentialAction\":[{\"@type\":\"SearchAction\",\"target\":{\"@type\":\"EntryPoint\",\"urlTemplate\":\"https:\/\/gaudiumetspes-blog.pl\/?s={search_term_string}\"},\"query-input\":{\"@type\":\"PropertyValueSpecification\",\"valueRequired\":true,\"valueName\":\"search_term_string\"}}],\"inLanguage\":\"pl-PL\"},{\"@type\":\"Person\",\"@id\":\"https:\/\/gaudiumetspes-blog.pl\/#\/schema\/person\/1661982992b752dea8dff0d4ed845a65\",\"name\":\"Ks. Jacek\",\"image\":{\"@type\":\"ImageObject\",\"inLanguage\":\"pl-PL\",\"@id\":\"https:\/\/gaudiumetspes-blog.pl\/#\/schema\/person\/image\/\",\"url\":\"https:\/\/gaudiumetspes-blog.pl\/wp-content\/uploads\/2019\/07\/avatar-JJ-150x150.jpg\",\"contentUrl\":\"https:\/\/gaudiumetspes-blog.pl\/wp-content\/uploads\/2019\/07\/avatar-JJ-150x150.jpg\",\"caption\":\"Ks. Jacek\"},\"description\":\"Witam serdecznie! K\u0142ania si\u0119 Ks. Jacek Ja\u015bkowski. Nie jestem ani kim\u015b wa\u017cnym, ani kim\u015b znanym. Jestem ksi\u0119dzem, kt\u00f3ry po prostu chce rozmawia\u0107. Codzienna kap\u0142a\u0144ska pos\u0142uga pokazuje mi, \u017ce temat\u00f3w do rozm\u00f3w z ksi\u0119dzem jest coraz wi\u0119cej i dzisiaj \u017caden ksi\u0105dz nie mo\u017ce od nich ucieka\u0107, ale - wprost przeciwnie - podejmowa\u0107 nowe wyzwania. To przekonanie sk\u0142oni\u0142o mnie do pr\u00f3by otwarcia tego\u017c bloga, chocia\u017c okazji do rozm\u00f3w na co dzie\u0144 - w konfesjonale i poza nim - na szcz\u0119\u015bcie nie brakuje. My\u015bl\u0119 jednak, \u017ce ten blog b\u0119dzie jeszcze jednym sposobem i przestrzeni\u0105 nawi\u0105zania kontaktu z lud\u017ami dobrej woli, otwartymi na dialog.\",\"url\":\"https:\/\/gaudiumetspes-blog.pl\/index.php\/author\/ks-jacek\/\"}]}<\/script>\n<!-- \/ Yoast SEO plugin. -->","yoast_head_json":{"title":"\u015awiat pe\u0142en znak\u00f3w - Gaudium Et Spes","robots":{"index":"index","follow":"follow","max-snippet":"max-snippet:-1","max-image-preview":"max-image-preview:large","max-video-preview":"max-video-preview:-1"},"canonical":"https:\/\/gaudiumetspes-blog.pl\/index.php\/2016\/07\/21\/swiat-peen-znakow\/","og_locale":"pl_PL","og_type":"article","og_title":"\u015awiat pe\u0142en znak\u00f3w - Gaudium Et Spes","og_description":"Szcz\u0119\u015b\u0107 Bo\u017ce! Moi Drodzy, dziel\u0119 si\u0119 z Wami wielk\u0105 rado\u015bci\u0105 z przybycia do Polski Ksi\u0119dza Marka, Siostry Iwony, Siostry Joanny i ca\u0142ej Ich Ekipy. W sumie &#8211; osiemna\u015bcie Os\u00f3b. S\u0105 ju\u017c u Rodzin w Bia\u0142ej Podlaskiej. Niech ten czas b\u0119dzie dla Nich &#8211; i dla wszystkich Uczestnik\u00f3w \u015awiatowych Dni M\u0142odzie\u017cy &#8211; czasem dobrym, b\u0142ogos\u0142awionym i [&hellip;]","og_url":"https:\/\/gaudiumetspes-blog.pl\/index.php\/2016\/07\/21\/swiat-peen-znakow\/","og_site_name":"Gaudium Et Spes","article_published_time":"2016-07-21T01:57:00+00:00","article_modified_time":"2019-07-31T10:56:21+00:00","author":"Ks. Jacek","twitter_card":"summary_large_image","twitter_misc":{"Napisane przez":"Ks. Jacek","Szacowany czas czytania":"6 minut"},"schema":{"@context":"https:\/\/schema.org","@graph":[{"@type":"WebPage","@id":"https:\/\/gaudiumetspes-blog.pl\/index.php\/2016\/07\/21\/swiat-peen-znakow\/","url":"https:\/\/gaudiumetspes-blog.pl\/index.php\/2016\/07\/21\/swiat-peen-znakow\/","name":"\u015awiat pe\u0142en znak\u00f3w - Gaudium Et Spes","isPartOf":{"@id":"https:\/\/gaudiumetspes-blog.pl\/#website"},"datePublished":"2016-07-21T01:57:00+00:00","dateModified":"2019-07-31T10:56:21+00:00","author":{"@id":"https:\/\/gaudiumetspes-blog.pl\/#\/schema\/person\/1661982992b752dea8dff0d4ed845a65"},"breadcrumb":{"@id":"https:\/\/gaudiumetspes-blog.pl\/index.php\/2016\/07\/21\/swiat-peen-znakow\/#breadcrumb"},"inLanguage":"pl-PL","potentialAction":[{"@type":"ReadAction","target":["https:\/\/gaudiumetspes-blog.pl\/index.php\/2016\/07\/21\/swiat-peen-znakow\/"]}]},{"@type":"BreadcrumbList","@id":"https:\/\/gaudiumetspes-blog.pl\/index.php\/2016\/07\/21\/swiat-peen-znakow\/#breadcrumb","itemListElement":[{"@type":"ListItem","position":1,"name":"Strona g\u0142\u00f3wna","item":"https:\/\/gaudiumetspes-blog.pl\/"},{"@type":"ListItem","position":2,"name":"\u015awiat pe\u0142en znak\u00f3w"}]},{"@type":"WebSite","@id":"https:\/\/gaudiumetspes-blog.pl\/#website","url":"https:\/\/gaudiumetspes-blog.pl\/","name":"Gaudium Et Spes","description":"Blog Ks. Jacka Ja\u015bkowskiego","potentialAction":[{"@type":"SearchAction","target":{"@type":"EntryPoint","urlTemplate":"https:\/\/gaudiumetspes-blog.pl\/?s={search_term_string}"},"query-input":{"@type":"PropertyValueSpecification","valueRequired":true,"valueName":"search_term_string"}}],"inLanguage":"pl-PL"},{"@type":"Person","@id":"https:\/\/gaudiumetspes-blog.pl\/#\/schema\/person\/1661982992b752dea8dff0d4ed845a65","name":"Ks. Jacek","image":{"@type":"ImageObject","inLanguage":"pl-PL","@id":"https:\/\/gaudiumetspes-blog.pl\/#\/schema\/person\/image\/","url":"https:\/\/gaudiumetspes-blog.pl\/wp-content\/uploads\/2019\/07\/avatar-JJ-150x150.jpg","contentUrl":"https:\/\/gaudiumetspes-blog.pl\/wp-content\/uploads\/2019\/07\/avatar-JJ-150x150.jpg","caption":"Ks. Jacek"},"description":"Witam serdecznie! K\u0142ania si\u0119 Ks. Jacek Ja\u015bkowski. Nie jestem ani kim\u015b wa\u017cnym, ani kim\u015b znanym. Jestem ksi\u0119dzem, kt\u00f3ry po prostu chce rozmawia\u0107. Codzienna kap\u0142a\u0144ska pos\u0142uga pokazuje mi, \u017ce temat\u00f3w do rozm\u00f3w z ksi\u0119dzem jest coraz wi\u0119cej i dzisiaj \u017caden ksi\u0105dz nie mo\u017ce od nich ucieka\u0107, ale - wprost przeciwnie - podejmowa\u0107 nowe wyzwania. To przekonanie sk\u0142oni\u0142o mnie do pr\u00f3by otwarcia tego\u017c bloga, chocia\u017c okazji do rozm\u00f3w na co dzie\u0144 - w konfesjonale i poza nim - na szcz\u0119\u015bcie nie brakuje. My\u015bl\u0119 jednak, \u017ce ten blog b\u0119dzie jeszcze jednym sposobem i przestrzeni\u0105 nawi\u0105zania kontaktu z lud\u017ami dobrej woli, otwartymi na dialog.","url":"https:\/\/gaudiumetspes-blog.pl\/index.php\/author\/ks-jacek\/"}]}},"jetpack_featured_media_url":"","jetpack_sharing_enabled":true,"_links":{"self":[{"href":"https:\/\/gaudiumetspes-blog.pl\/index.php\/wp-json\/wp\/v2\/posts\/7959","targetHints":{"allow":["GET"]}}],"collection":[{"href":"https:\/\/gaudiumetspes-blog.pl\/index.php\/wp-json\/wp\/v2\/posts"}],"about":[{"href":"https:\/\/gaudiumetspes-blog.pl\/index.php\/wp-json\/wp\/v2\/types\/post"}],"author":[{"embeddable":true,"href":"https:\/\/gaudiumetspes-blog.pl\/index.php\/wp-json\/wp\/v2\/users\/1"}],"replies":[{"embeddable":true,"href":"https:\/\/gaudiumetspes-blog.pl\/index.php\/wp-json\/wp\/v2\/comments?post=7959"}],"version-history":[{"count":1,"href":"https:\/\/gaudiumetspes-blog.pl\/index.php\/wp-json\/wp\/v2\/posts\/7959\/revisions"}],"predecessor-version":[{"id":12739,"href":"https:\/\/gaudiumetspes-blog.pl\/index.php\/wp-json\/wp\/v2\/posts\/7959\/revisions\/12739"}],"wp:attachment":[{"href":"https:\/\/gaudiumetspes-blog.pl\/index.php\/wp-json\/wp\/v2\/media?parent=7959"}],"wp:term":[{"taxonomy":"category","embeddable":true,"href":"https:\/\/gaudiumetspes-blog.pl\/index.php\/wp-json\/wp\/v2\/categories?post=7959"},{"taxonomy":"post_tag","embeddable":true,"href":"https:\/\/gaudiumetspes-blog.pl\/index.php\/wp-json\/wp\/v2\/tags?post=7959"}],"curies":[{"name":"wp","href":"https:\/\/api.w.org\/{rel}","templated":true}]}}