{"id":8031,"date":"2016-05-10T04:25:00","date_gmt":"2016-05-10T02:25:00","guid":{"rendered":"https:\/\/gaudiumetspes-blog.pl\/index.php\/2016\/05\/10\/pozdrowienia-z-rzymu\/"},"modified":"2019-07-31T12:56:14","modified_gmt":"2019-07-31T10:56:14","slug":"pozdrowienia-z-rzymu","status":"publish","type":"post","link":"https:\/\/gaudiumetspes-blog.pl\/index.php\/2016\/05\/10\/pozdrowienia-z-rzymu\/","title":{"rendered":"Pozdrowienia z Rzymu!"},"content":{"rendered":"<div align=\"justify\" style=\"line-height: 150%; margin-bottom: 0cm;\">\nSzcz\u0119\u015b\u0107<br \/>\nBo\u017ce! Moi Drodzy, pozdrawiam z Rzymu! I nie mam na my\u015bli karczmy,<br \/>\nkt\u00f3ra \u201eRzym si\u0119 nazywa\u201d, ale z tego prawdziwego. Tak, nie<br \/>\nzapowiada\u0142em tego na blogu, poniewa\u017c do ostatniej chwili nie by\u0142o<br \/>\nwiadomo, czy wyjazd ten dojdzie do skutku, a je\u017celi tak, to kiedy.<br \/>\nPocz\u0105tkowo by\u0142y przymiarki, aby odby\u0142 si\u0119 w zesz\u0142ym tygodniu, a<br \/>\nostatecznie stan\u0119\u0142o w\u0142a\u015bnie na tych dniach. A jaki jest cel<br \/>\npodr\u00f3\u017cy?\n<\/div>\n<div align=\"justify\" style=\"break-before: auto; line-height: 150%; margin-bottom: 0cm; text-indent: 1.3cm;\">\nCa\u0142a<br \/>\nsprawa ma zwi\u0105zek z wydarzeniem, o kt\u00f3rym pisa\u0142em na prze\u0142omie<br \/>\nmarca i kwietnia, czyli po\u015bwi\u0119ceniem w Fatimie wiernej kopii Figury<br \/>\nMatki Bo\u017cej dla Parafii, w kt\u00f3rej Proboszczem jest Ksi\u0105dz Marek,<br \/>\nczyli Parafii pod wezwaniem \u015awi\u0119tego J\u00f3zefa Robotnika w Surgucie.\n<\/div>\n<div align=\"justify\" style=\"line-height: 150%; margin-bottom: 0cm; text-indent: 1.3cm;\">\nW<br \/>\ntamtych moich wypowiedziach te\u017c szerzej opisa\u0142em ca\u0142\u0105 ide\u0119,<br \/>\npowo\u0142uj\u0105c si\u0119 przy tym na s\u0142owa g\u0142\u00f3wnego Organizatora ca\u0142ej<br \/>\nakcji, czyli Pana Sebastiana Karczewskiego, Redaktora \u201eNaszego<br \/>\nDziennika\u201d. I oto dzisiaj Koron\u0119 do tej Figury po\u015bwi\u0119ci tu, w<br \/>\nRzymie, Prefekt Kongregacji Nauki Wiary, drugi nast\u0119pca na tym<br \/>\nurz\u0119dzie Kardyna\u0142a Ratzingera, Ksi\u0105dz Kardyna\u0142 Gerhard Ludwig M\u00fcller.\n<\/div>\n<div align=\"justify\" style=\"line-height: 150%; margin-bottom: 0cm; text-indent: 1.3cm;\">\nI<br \/>\nmo\u017cna si\u0119 zastanawia\u0107, czy warto by\u0142o robi\u0107 ca\u0142e zamieszanie<br \/>\ndla \u2013 prawdopodobnie, jak jest planowane \u2013 p\u00f3\u0142godzinnej<br \/>\nuroczysto\u015bci, w czasie kt\u00f3rej Kardyna\u0142 z Watykanu po\u015bwi\u0119ci tylko<br \/>\nniewielk\u0105 Koron\u0119? Jakby nie m\u00f3g\u0142 tego zrobi\u0107 kto\u015b inny. Tak, to<br \/>\nprawda, to s\u0105 drobne gesty i dotycz\u0105ce drobnych w sumie spraw. Ale<br \/>\none s\u0105 naprawd\u0119 bardzo, ale to bardzo wa\u017cne. Bo kiedy w spraw\u0119<br \/>\nw\u0142\u0105cza si\u0119 \u2013 i to z w\u0142asnej woli! \u2013 Prefekt tak wa\u017cnej<br \/>\nKongregacji Watyka\u0144skiej, jeden z najbli\u017cszych Wsp\u00f3\u0142pracownik\u00f3w<br \/>\nOjca \u015awi\u0119tego, to sprawa nabiera du\u017cego znaczenia. Bo takie<br \/>\ndzia\u0142anie Kardyna\u0142a to czytelny znak jego bardzo wyra\u017anego poparcia,<br \/>\nokazanego ca\u0142ej idei.\n<\/div>\n<div align=\"justify\" style=\"line-height: 150%; margin-bottom: 0cm; text-indent: 1.3cm;\">\nDlatego<br \/>\nte\u017c zale\u017ca\u0142o mi, aby w\u0142\u0105czy\u0107 si\u0119 w to wydarzenie. Mia\u0142o nas<br \/>\ntu z Polski przyby\u0107 nieco wi\u0119cej, ostatecznie przylecia\u0142em sam.<br \/>\nB\u0119d\u0105c od wczoraj, od godziny 15.00 w Rzymie, korzystam z<br \/>\ngo\u015bcinno\u015bci Ojca Konrada Hejmo, wieloletniego Opiekuna polskich<br \/>\npielgrzym\u00f3w, przybywaj\u0105cych przed laty na spotkania z Papie\u017cem Janem Paw\u0142em<br \/>\nII. Ojciec Konrad \u2013 to Cz\u0142owiek &#8211; legenda! Niestety, w kilka dni po<br \/>\n\u015bmierci Jana Paw\u0142a II, zosta\u0142 niesprawiedliwie i bardzo krzywdz\u0105co<br \/>\noskar\u017cony o wsp\u00f3\u0142prac\u0119 z SB. Polecam w tej sprawie bardzo dobr\u0105<br \/>\nksi\u0105\u017ck\u0119 Sebastiana Karczewskiego \u201eKamienowania Ojca Konrada. Za<br \/>\nkulisami oszczerstw\u201d, wydan\u0105 w Warszawie, w roku 2015.<\/div>\n<div align=\"justify\" style=\"line-height: 150%; margin-bottom: 0cm; text-indent: 1.3cm;\">\nWracaj\u0105c<br \/>\nza\u015b do mojego pobytu tutaj, to zamieszka\u0142em w jakim\u015b apartamencie<br \/>\n\u2013 przepisanym przez kogo\u015b w testamencie Siostrom, kt\u00f3re razem z<br \/>\nOjcem Konradem prowadz\u0105 Dom Pielgrzyma \u201eSursum corda\u201d, a Siostry<br \/>\nju\u017c tu organizuj\u0105 tak\u017ce pokoje dla Pielgrzym\u00f3w.\n<\/div>\n<div align=\"justify\" style=\"line-height: 150%; margin-bottom: 0cm; text-indent: 1.3cm;\">\nI<br \/>\nto w\u0142a\u015bnie z okna tego\u017c mieszkania, znajduj\u0105cego si\u0119 na trzecim pi\u0119trze, mam od<br \/>\nwczoraj przepi\u0119kny widok na Kopu\u0142\u0119 Bazyliki \u015awi\u0119tego Piotra \u2013<br \/>\ni to w ca\u0142ej okaza\u0142o\u015bci. Na ile si\u0119 zorientowa\u0142em, jestem na<br \/>\nty\u0142ach Bazyliki, ca\u0142kiem blisko. Dlatego Kopu\u0142a prezentuje si\u0119 w<br \/>\nca\u0142ej swej wielko\u015bci. W nocy by\u0142a pod\u015bwietlana. Trudno by\u0142o<br \/>\nspa\u0107\u2026 Cz\u0142owiek nie mo\u017ce si\u0119 napatrze\u0107\u2026 By\u0142a te\u017c okazja do<br \/>\nmodlitwy przez wstawiennictwo Tych, kt\u00f3rzy tam, pod t\u0105 Kopu\u0142\u0105<br \/>\nw\u0142a\u015bnie, sprawowali \u015bwi\u0119te czynno\u015bci dla dobra Ko\u015bcio\u0142a, a<br \/>\nkt\u00f3rych relikwie tam pozosta\u0142y: \u015awi\u0119tego Jana XXIII i \u015awi\u0119tego<br \/>\nJana Paw\u0142a II.<\/div>\n<div align=\"justify\" style=\"line-height: 150%; margin-bottom: 0cm; text-indent: 1.3cm;\">\nWczorajszego<br \/>\nwieczoru tak\u017ce, patrz\u0105c to na Kopu\u0142\u0119, to na Koron\u0119, kt\u00f3ra ma<br \/>\nby\u0107 po\u015bwi\u0119cana, a kt\u00f3ra le\u017cy przede mn\u0105 na biurku, uk\u0142ada\u0142em<br \/>\nformu\u0142\u0119 jej po\u015bwi\u0119cenia. Kardyna\u0142 bowiem prosi\u0142, aby formu\u0142a<br \/>\nta by\u0142a przygotowana po polsku i On j\u0105 tak zechce odczyta\u0107. Je\u017celi<br \/>\nzaakceptuje j\u0105 w takiej formie, w jakiej jest i rzeczywi\u015bcie j\u0105<br \/>\nodczyta, to ja jutro zamieszcz\u0119 j\u0105 na blogu. Ca\u0142a uroczysto\u015b\u0107<br \/>\nprzewidziana jest na godzin\u0119 10.00, w siedzibie Kongregacji Nauki<br \/>\nWiary.<\/div>\n<div align=\"justify\" style=\"line-height: 150%; margin-bottom: 0cm; text-indent: 1.3cm;\">\nA<br \/>\npo 15.00 wylatuj\u0119 ju\u017c do Warszawy, stamt\u0105d za\u015b b\u0119d\u0119 si\u0119 stara\u0142<br \/>\njak najszybciej dojecha\u0107 do naszej rodzinnej Parafii Chrystusa<br \/>\nMi\u0142osiernego w Bia\u0142ej Podlaskiej, gdzie Figura dzi\u015b wieczorem ma<br \/>\nby\u0107 i gdzie nasi Wierni \u2013 mam tak\u0105 nadziej\u0119 \u2013 b\u0119d\u0105 si\u0119<br \/>\nprzed ni\u0105 modlili. I w\u0142a\u015bnie na zako\u0144czenie tego\u017c czuwania<br \/>\nchcia\u0142bym dowie\u017a\u0107 po\u015bwi\u0119con\u0105 w Rzymie Koron\u0119. A jak wszystko<br \/>\nwyjdzie \u2013 zobaczymy\u2026<\/div>\n<div align=\"justify\" style=\"line-height: 150%; margin-bottom: 0cm; text-indent: 1.3cm;\">\nMoi<br \/>\nDrodzy, rozmawiali\u015bmy z Ojcem Konradem wczoraj, \u017ce prosto z<br \/>\nKongregacji udamy si\u0119 do Bazyliki \u015awi\u0119tego Piotra. Ju\u017c wczoraj<br \/>\nwieczorem odby\u0142em w\u0119dr\u00f3wk\u0119 na Plac \u015awi\u0119tego Piotra, ale by\u0142o<br \/>\nju\u017c za p\u00f3\u017ano, by wej\u015b\u0107 do Bazyliki. Niemniej jednak, modli\u0142em<br \/>\nsi\u0119 ju\u017c wtedy za Was i we wszystkich Waszych intencjach. Obiecuj\u0119<br \/>\ntak\u017ce dzisiaj, je\u017celi uda mi si\u0119 stan\u0105\u0107 przed grobem Jana Paw\u0142a<br \/>\nII, pami\u0119ta\u0107 o Was!<\/div>\n<div align=\"justify\" style=\"line-height: 150%; margin-bottom: 0cm; text-indent: 1.3cm;\">\nPozdrawiam<br \/>\nraz jeszcze z Wiecznego Miasta i \u017cycz\u0119 b\u0142ogos\u0142awionego dnia!<\/div>\n<div align=\"center\" style=\"line-height: 150%; margin-bottom: 0cm;\">\nGaudium<br \/>\net spes!  Ks. Jacek<\/div>\n<div align=\"justify\" style=\"line-height: 150%; margin-bottom: 0cm; text-indent: 1.3cm;\">\n<\/div>\n<div align=\"justify\" style=\"line-height: 150%; margin-bottom: 0cm;\">\n<b>Wtorek<br \/>\n7 Tygodnia Wielkanocy,<\/b><\/div>\n<div align=\"justify\" style=\"line-height: 150%; margin-bottom: 0cm;\">\n<b>do<br \/>\nczyta\u0144:  Dz 20,17\u201327;  J 17,1\u201311a<\/b><\/div>\n<div align=\"justify\" style=\"line-height: 150%; margin-bottom: 0cm;\">\n<\/div>\n<div align=\"justify\" style=\"line-height: 150%; margin-bottom: 0cm;\">\n<b>CZYTANIE<br \/>\nZ DZIEJ\u00d3W APOSTOLSKICH:<\/b><\/div>\n<div align=\"justify\" style=\"break-before: auto; line-height: 150%; margin-bottom: 0cm; text-indent: 1.3cm;\">\n<b>Pawe\u0142<br \/>\nz Miletu pos\u0142a\u0142 do Efezu i wezwa\u0142 starszych Ko\u015bcio\u0142a. A gdy do<br \/>\nniego przybyli, przem\u00f3wi\u0142 do nich: <\/b>\n<\/div>\n<div align=\"justify\" style=\"line-height: 150%; margin-bottom: 0cm; text-indent: 1.3cm;\">\n\u201e<b>Wiecie,<br \/>\njakim by\u0142em w\u015br\u00f3d was od pierwszej chwili, w kt\u00f3rej stan\u0105\u0142em w<br \/>\nAzji. Jak s\u0142u\u017cy\u0142em Panu z ca\u0142\u0105 pokor\u0105 w\u015br\u00f3d \u0142ez i<br \/>\ndo\u015bwiadcze\u0144, kt\u00f3re mnie spotka\u0142y z powodu zasadzek \u017cydowskich.<br \/>\nJak nie uchyla\u0142em si\u0119 tch\u00f3rzliwie od niczego, co po\u017cyteczne, tak<br \/>\n\u017ce przemawia\u0142em i naucza\u0142em was publicznie i po domach, nawo\u0142uj\u0105c<br \/>\nzar\u00f3wno \u017byd\u00f3w, jak i Grek\u00f3w do nawr\u00f3cenia si\u0119 do Boga i do<br \/>\nwiary w Pana naszego Jezusa.<\/b><\/div>\n<div align=\"justify\" style=\"line-height: 150%; margin-bottom: 0cm; text-indent: 1.3cm;\">\n<b>A<br \/>\nteraz, naglony Duchem, udaj\u0119 si\u0119 do Jerozolimy; nie wiem, co mnie<br \/>\ntam spotka opr\u00f3cz tego, \u017ce czekaj\u0105 mnie wi\u0119zy i utrapienia, o<br \/>\nczym zapewnia mnie Duch \u015awi\u0119ty w ka\u017cdym mie\u015bcie. Lecz ja zgo\u0142a<br \/>\nnie ceni\u0119 sobie \u017cycia, bylebym tylko doko\u0144czy\u0142 biegu i<br \/>\npos\u0142ugiwania, kt\u00f3re otrzyma\u0142em od Pana Jezusa: bylebym da\u0142<br \/>\n\u015bwiadectwo o Ewangelii \u0142aski Bo\u017cej.<\/b><\/div>\n<div align=\"justify\" style=\"line-height: 150%; margin-bottom: 0cm; text-indent: 1.3cm;\">\n<b>Wiem<br \/>\nteraz, \u017ce wy wszyscy, w\u015br\u00f3d kt\u00f3rych przeszed\u0142em g\u0142osz\u0105c<br \/>\nkr\u00f3lestwo, ju\u017c mnie nie ujrzycie. Dlatego o\u015bwiadczam wam dzisiaj:<br \/>\nNie jestem winien niczyjej krwi, bo nie uchyla\u0142em si\u0119 tch\u00f3rzliwie<br \/>\nod g\u0142oszenia wam ca\u0142ej woli Bo\u017cej\u201d.<\/b><\/div>\n<div align=\"justify\" style=\"line-height: 150%; margin-bottom: 0cm;\">\n<\/div>\n<div align=\"justify\" style=\"line-height: 150%; margin-bottom: 0cm;\">\n<b>S\u0141OWA<br \/>\nEWANGELII WED\u0141UG \u015aWI\u0118TEGO<br \/>\nJANA:<\/b><\/div>\n<div align=\"justify\" style=\"break-before: auto; line-height: 150%; margin-bottom: 0cm; text-indent: 1.3cm;\">\n<b>W<br \/>\nczasie ostatniej wieczerzy Jezus podni\u00f3s\u0142szy oczy ku niebu, rzek\u0142:<br \/>\n<\/b>\n<\/div>\n<div align=\"justify\" style=\"line-height: 150%; margin-bottom: 0cm; text-indent: 1.3cm;\">\n\u201e<b>Ojcze,<br \/>\nnadesz\u0142a godzina! Otocz swego Syna chwa\u0142\u0105, aby Syn Ciebie ni\u0105<br \/>\notoczy\u0142 i aby moc\u0105 w\u0142adzy udzielonej Mu przez Ciebie nad ka\u017cdym<br \/>\ncz\u0142owiekiem da\u0142 \u017cycie wieczne wszystkim tym, kt\u00f3rych Mu da\u0142e\u015b.<br \/>\nA to jest \u017cycie wieczne: aby znali Ciebie, jedynego prawdziwego<br \/>\nBoga, oraz Tego, kt\u00f3rego pos\u0142a\u0142e\u015b, Jezusa Chrystusa. <\/b>\n<\/div>\n<div align=\"justify\" style=\"line-height: 150%; margin-bottom: 0cm; text-indent: 1.3cm;\">\n<b>Ja<br \/>\nCiebie otoczy\u0142em chwa\u0142\u0105 na ziemi przez to, \u017ce wype\u0142ni\u0142em<br \/>\ndzie\u0142o, kt\u00f3re Mi da\u0142e\u015b do wykonania. A teraz Ty, Ojcze, otocz<br \/>\nMnie u siebie t\u0105 chwa\u0142\u0105, kt\u00f3r\u0105 mia\u0142em u Ciebie pierwej, zanim<br \/>\n\u015bwiat powsta\u0142.<\/b><\/div>\n<div align=\"justify\" style=\"line-height: 150%; margin-bottom: 0cm; text-indent: 1.3cm;\">\n<b>Objawi\u0142em<br \/>\nimi\u0119 Twoje ludziom, kt\u00f3rych Mi da\u0142e\u015b ze \u015bwiata. Twoimi byli i Ty<br \/>\nMi ich da\u0142e\u015b, a oni zachowali s\u0142owo Twoje. Teraz poznali, \u017ce<br \/>\nwszystko, cokolwiek Mi da\u0142e\u015b, pochodzi od Ciebie. S\u0142owa bowiem,<br \/>\nkt\u00f3re Mi powierzy\u0142e\u015b, im przekaza\u0142em, a oni je przyj\u0119li i<br \/>\nprawdziwie poznali, \u017ce od Ciebie wyszed\u0142em, oraz uwierzyli, \u017ce\u015b<br \/>\nTy Mnie pos\u0142a\u0142.<\/b><\/div>\n<div align=\"justify\" style=\"line-height: 150%; margin-bottom: 0cm; text-indent: 1.3cm;\">\n<b>Ja<br \/>\nza nimi prosz\u0119, nie prosz\u0119 za \u015bwiatem, ale za tymi, kt\u00f3rych Mi<br \/>\nda\u0142e\u015b, poniewa\u017c s\u0105 Twoimi. Wszystko bowiem moje jest Twoje, a<br \/>\nTwoje jest moje, i w nich zosta\u0142em otoczony chwa\u0142\u0105. Ju\u017c nie<br \/>\njestem na \u015bwiecie, ale oni s\u0105 jeszcze na \u015bwiecie, a Ja id\u0119 do<br \/>\nCiebie\u201d.<\/b><\/div>\n<div align=\"justify\" style=\"line-height: 150%; margin-bottom: 0cm;\">\n<\/div>\n<div align=\"justify\" style=\"break-before: auto; line-height: 150%; margin-bottom: 0cm; text-indent: 1.3cm;\">\nW<br \/>\nchwili rozliczenia z \u017cyciem \u2013 kiedy si\u0119 ma \u015bwiadomo\u015b\u0107, \u017ce<br \/>\nzmierza ono do kresu \u2013 cz\u0142owiek <b>zwykle zdaje sobie spraw\u0119,<\/b><br \/>\nile w tym swoim \u017cyciu zdzia\u0142a\u0142 dobra, a ile niestety z\u0142a. Taka<br \/>\n<b>g\u0142\u0119boka, wewn\u0119trzna \u015bwiadomo\u015b\u0107<\/b> tego, czego si\u0119 dokona\u0142o<br \/>\ni czego si\u0119 nie dokona\u0142o, odzywa si\u0119 w\u00f3wczas w sercu cz\u0142owieka.\n<\/div>\n<div align=\"justify\" style=\"line-height: 150%; margin-bottom: 0cm; text-indent: 1.3cm;\">\nInna<br \/>\nsprawa, \u017ce cz\u0119sto cz\u0142owiek od tej prawdy ucieka i <b>w \u201ewersji<br \/>\noficjalnej\u201d, <\/b>jak\u0105 podaje \u2013 jak si\u0119 zwyk\u0142o m\u00f3wi\u0107 \u2013 \u201edla<br \/>\nprasy\u201d, przedstawia spraw\u0119 zupe\u0142nie inaczej, ani\u017celi ona<br \/>\nnaprawd\u0119 wygl\u0105da. Jednak <b>prawdy zag\u0142uszy\u0107 si\u0119 nie da<\/b> \u2013<br \/>\nona gdzie\u015b tam, g\u0142\u0119boko w sercu, mocno si\u0119 odzywa.\n<\/div>\n<div align=\"justify\" style=\"line-height: 150%; margin-bottom: 0cm; text-indent: 1.3cm;\">\nI<br \/>\njak\u017ce dobrze jest, je\u017celi <b>ta prawda jest pomy\u015blna,<\/b> je\u017celi<br \/>\ncz\u0142owiek nie musi ju\u017c jej <b>\u201epoprawia\u0107\u201d, ubarwia\u0107<\/b> i<br \/>\nwmawia\u0107 wszystkim wok\u00f3\u0142 \u2013 a w jakim\u015b sensie tak\u017ce sobie \u2013 \u017ce<br \/>\nby\u0142o inaczej, ni\u017c by\u0142o. Jak\u017ce dobrze jest, je\u017celi w obliczu<br \/>\nko\u0144cz\u0105cego si\u0119 \u017cycia i wobec <b>konieczno\u015bci dokonania swoistego<br \/>\npodsumowania,<\/b> cz\u0142owiek mo\u017ce powiedzie\u0107 \u2013 tak jak dzisiaj<br \/>\npowiedzia\u0142 Pawe\u0142 do starszych Ko\u015bcio\u0142a efeskiego: <i><b>Wiecie,<br \/>\njakim by\u0142em w\u015br\u00f3d was od pierwszej chwili, w kt\u00f3rej stan\u0105\u0142em w<br \/>\nAzji. Jak s\u0142u\u017cy\u0142em Panu z ca\u0142\u0105 pokor\u0105 w\u015br\u00f3d \u0142ez i<br \/>\ndo\u015bwiadcze\u0144, kt\u00f3re mnie spotka\u0142y z powodu zasadzek \u017cydowskich.<br \/>\nJak nie uchyla\u0142em si\u0119 tch\u00f3rzliwie od niczego, co po\u017cyteczne, tak<br \/>\n\u017ce przemawia\u0142em i naucza\u0142em was publicznie i po domach, nawo\u0142uj\u0105c<br \/>\nzar\u00f3wno \u017byd\u00f3w, jak i Grek\u00f3w do nawr\u00f3cenia si\u0119 do Boga i do<br \/>\nwiary w Pana naszego Jezusa.<\/b><\/i><\/div>\n<div align=\"justify\" style=\"line-height: 150%; margin-bottom: 0cm; text-indent: 1.3cm;\">\nNie<br \/>\nwiem, jak Wy to odbieracie, moi Drodzy, ale dla mnie s\u0142owa te brzmi\u0105<br \/>\n<b>bardzo<br \/>\nnaturalnie i szczerze. <\/b>Chocia\u017c<br \/>\nmog\u0105 wydawa\u0107 si\u0119 w\u0142a\u015bnie jakim\u015b <b>podkre\u015blaniem<\/b><br \/>\n<b>siebie,<\/b><br \/>\na mo\u017ce <b>wybielaniem<br \/>\nsiebie\u2026 <\/b>Wszak<br \/>\n\u015awi\u0119ty Pawe\u0142 \u2013 zanim sta\u0142 si\u0119 Paw\u0142em, i zanim sta\u0142 si\u0119<br \/>\n\u015awi\u0119tym \u2013 mia\u0142 na swoim koncie \u201eto i owo\u201d (m\u00f3wi\u0105c bardzo<br \/>\nogl\u0119dnie\u2026). Musimy jednak uczciwie przyzna\u0107, \u017ce <b>nigdy<br \/>\nod tej trudnej prawdy o sobie nie ucieka\u0142!<\/b><\/p>\n<\/div>\n<div align=\"justify\" style=\"line-height: 150%; margin-bottom: 0cm; text-indent: 1.3cm;\">\nKiedy<br \/>\njednak podsumowywa\u0142 ca\u0142e swoje \u017cycie, to bez jakiej\u015b fa\u0142szywej<br \/>\nskromno\u015bci m\u00f3g\u0142 uczciwie pokaza\u0107,<br \/>\n<b>czego<br \/>\nz Bo\u017c\u0105 pomoc\u0105 dokona\u0142.<\/b><br \/>\nZw\u0142aszcza, je\u015bli to jego wyznanie by\u0142o<br \/>\ndla wsp\u00f3\u0142wyznawc\u00f3w \u015bwiadectwem i zach\u0119t\u0105 do dobrego\u2026 <\/p>\n<\/div>\n<div align=\"justify\" style=\"line-height: 150%; margin-bottom: 0cm; text-indent: 1.3cm;\">\nA<br \/>\nto, \u017ce by\u0142 tylko cz\u0142owiekiem i nie by\u0142 nieomylny, to druga<br \/>\nsprawa. Wszak w komentarzach zauwa\u017ca si\u0119 i podkre\u015bla, \u017ce jego<br \/>\nprzepowiednie, z kt\u00f3rych jedna tak\u017ce dzisiaj si\u0119 pojawi\u0142a \u2013<br \/>\nprzepowiednie w stylu: <i><b>Wiem<br \/>\nteraz, \u017ce wy wszyscy, w\u015br\u00f3d kt\u00f3rych przeszed\u0142em g\u0142osz\u0105c<br \/>\nkr\u00f3lestwo, ju\u017c mnie nie ujrzycie<\/b><\/i><b><br \/>\n\u2013 <\/b>nie<br \/>\nzawsze si\u0119 sprawdza\u0142y. Bo zdarza\u0142o mu si\u0119 wraca\u0107 do tych,<br \/>\nkt\u00f3rych ju\u017c definitywnie \u017cegna\u0142, zapowiadaj\u0105c przy<br \/>\ntym,<br \/>\n\u017ce ju\u017c ich nie zobaczy.\n<\/div>\n<div align=\"justify\" style=\"line-height: 150%; margin-bottom: 0cm; text-indent: 1.3cm;\">\nAle<br \/>\nto tylko \u2013 jak si\u0119 wydaje \u2013 podkre\u015bla jego <b>szczero\u015b\u0107,<br \/>\nprostolinijno\u015b\u0107<\/b><br \/>\ni to, \u017ce by\u0142 naprawd\u0119 <b>zwyk\u0142ym<br \/>\ncz\u0142owiekiem. <\/b>Tak,<br \/>\njak zwyk\u0142ymi lud\u017ami byli ci, o kt\u00f3rych Jezus m\u00f3wi dzisiaj z tak\u0105<br \/>\nmi\u0142o\u015bci\u0105: <i><b>Objawi\u0142em<br \/>\nimi\u0119 Twoje ludziom, kt\u00f3rych Mi da\u0142e\u015b ze \u015bwiata. Twoimi byli i Ty<br \/>\nMi ich da\u0142e\u015b, a oni zachowali s\u0142owo Twoje. Teraz poznali, \u017ce<br \/>\nwszystko, cokolwiek Mi da\u0142e\u015b, pochodzi od Ciebie. S\u0142owa bowiem,<br \/>\nkt\u00f3re Mi powierzy\u0142e\u015b, im przekaza\u0142em, a oni je przyj\u0119li i<br \/>\nprawdziwie poznali, \u017ce od Ciebie wyszed\u0142em, oraz uwierzyli, \u017ce\u015b<br \/>\nTy Mnie pos\u0142a\u0142. Ja za nimi prosz\u0119, nie prosz\u0119 za \u015bwiatem, ale za<br \/>\ntymi, kt\u00f3rych Mi da\u0142e\u015b, poniewa\u017c s\u0105 Twoimi.<\/b><\/i><b><br \/>\n<\/b>\n<\/div>\n<div align=\"justify\" style=\"line-height: 150%; margin-bottom: 0cm; text-indent: 1.3cm;\">\nJak\u017ce<br \/>\npi\u0119knie brzmi\u0105 te stwierdzenia, i\u017c Aposto\u0142owie<br \/>\ni uczniowie <b>zostali<br \/>\nJezusowi dani przez Boga. Wybrani ze \u015bwiata \u2013 i dani przez Boga<br \/>\n<\/b><b>Jezusowi\u2026<\/b><br \/>\nA przecie\u017c my dobrze wiemy, jak to bywa\u0142o z ich wierno\u015bci\u0105 Bogu i<br \/>\nz ich postaw\u0105 wobec samego<br \/>\nJezusa.<br \/>\nJak by\u0142o? Ano tak, <b>jak<br \/>\nto czasami bywa i z nasz\u0105\u2026 <\/b>Bo<br \/>\nmy te\u017c jeste\u015bmy zwyk\u0142ymi lud\u017ami \u2013 oj, bardzo zwyk\u0142ymi\u2026<\/div>\n<div align=\"justify\" style=\"line-height: 150%; margin-bottom: 0cm; text-indent: 1.3cm;\">\n<p>Jednak<br \/>\nBogu ta nasza<b><br \/>\n\u201ezwyk\u0142o\u015b\u0107\u201d nie przeszkadza. <\/b>A<br \/>\nponiewa\u017c w Sakramencie Chrztu tak\u017ce nas wybra\u0142 ze \u015bwiata, wi\u0119c<br \/>\nma prawo liczy\u0107, \u017ce kiedy \u2013 czy to w obliczu ko\u0144cz\u0105cego si\u0119<br \/>\n\u017cycia, czy mo\u017ce jednak wcze\u015bniej, bo nie ma sensu czeka\u0107 a\u017c tak<br \/>\nd\u0142ugo<br \/>\n\u2013 b\u0119dziemy <b>podsumowywa\u0107<br \/>\nswoje dotychczasowe \u017cycie<\/b><br \/>\ni wszelkie<br \/>\nosi\u0105gni\u0119cia,<br \/>\nb\u0119dziemy<br \/>\nmogli szczerze,<br \/>\nbez fa\u0142szywej skromno\u015bci, ale te\u017c bez uciekania od trudnej prawdy<br \/>\no sobie i jej wybielania, <b>w<br \/>\npe\u0142nej szczero\u015bci <\/b><b>da\u0107<br \/>\n\u015bwiadectwo<\/b><br \/>\ndokonanego przez siebie, z Bo\u017c\u0105 pomoc\u0105, dobra\u2026\n<\/div>\n<div align=\"justify\" style=\"line-height: 150%; margin-bottom: 0cm; text-indent: 1.3cm;\">\nPomy\u015blmy:<\/div>\n<div align=\"justify\" style=\"line-height: 150%; margin-bottom: 0cm;\">\n\u2013<br \/>\nCzy<br \/>\nbilans mojego \u017cycia \u2013 na ten moment \u2013 przedstawia si\u0119 bardziej<br \/>\n\u201ena plus\u201d, czy tak nie za bardzo?\u2026<\/div>\n<div align=\"justify\" style=\"line-height: 150%; margin-bottom: 0cm;\">\n\u2013<br \/>\nCzy<br \/>\npotrafi\u0119 spokojnie, bez wynios\u0142o\u015bci i pr\u00f3\u017cnego samozadowolenia,<br \/>\nm\u00f3wi\u0107 o dokonanym przez siebie dobru?<\/div>\n<div align=\"justify\" style=\"line-height: 150%; margin-bottom: 0cm;\">\n\u2013<br \/>\nCzy<br \/>\nnie uciekam od trudnej prawdy o sobie?<\/div>\n<p><\/p>\n<div align=\"justify\" style=\"line-height: 150%; margin-bottom: 0cm;\">\n<i><b>Ju\u017c<br \/>\nnie jestem na \u015bwiecie, ale oni s\u0105 jeszcze na \u015bwiecie, a Ja id\u0119 do<br \/>\nCiebie\u2026<\/b><\/i><\/div>\n","protected":false},"excerpt":{"rendered":"<p>Szcz\u0119\u015b\u0107 Bo\u017ce! Moi Drodzy, pozdrawiam z Rzymu! I nie mam na my\u015bli karczmy, kt\u00f3ra \u201eRzym si\u0119 nazywa\u201d, ale z tego prawdziwego. Tak, nie zapowiada\u0142em tego na blogu, poniewa\u017c do ostatniej chwili nie by\u0142o wiadomo, czy wyjazd ten dojdzie do skutku, a je\u017celi tak, to kiedy. Pocz\u0105tkowo by\u0142y przymiarki, aby odby\u0142 si\u0119 w zesz\u0142ym tygodniu, a [&hellip;]<\/p>\n","protected":false},"author":1,"featured_media":0,"comment_status":"open","ping_status":"open","sticky":false,"template":"","format":"standard","meta":{"jetpack_post_was_ever_published":false,"_jetpack_newsletter_access":"","_jetpack_dont_email_post_to_subs":false,"_jetpack_newsletter_tier_id":0,"_jetpack_memberships_contains_paywalled_content":false,"_jetpack_memberships_contains_paid_content":false,"footnotes":""},"categories":[1],"tags":[],"class_list":["post-8031","post","type-post","status-publish","format-standard","hentry","category-bez-kategorii"],"yoast_head":"<!-- This site is optimized with the Yoast SEO plugin v25.1 - https:\/\/yoast.com\/wordpress\/plugins\/seo\/ -->\n<title>Pozdrowienia z Rzymu! - Gaudium Et Spes<\/title>\n<meta name=\"robots\" content=\"index, follow, max-snippet:-1, max-image-preview:large, max-video-preview:-1\" \/>\n<link rel=\"canonical\" href=\"https:\/\/gaudiumetspes-blog.pl\/index.php\/2016\/05\/10\/pozdrowienia-z-rzymu\/\" \/>\n<meta property=\"og:locale\" content=\"pl_PL\" \/>\n<meta property=\"og:type\" content=\"article\" \/>\n<meta property=\"og:title\" content=\"Pozdrowienia z Rzymu! - Gaudium Et Spes\" \/>\n<meta property=\"og:description\" content=\"Szcz\u0119\u015b\u0107 Bo\u017ce! Moi Drodzy, pozdrawiam z Rzymu! I nie mam na my\u015bli karczmy, kt\u00f3ra \u201eRzym si\u0119 nazywa\u201d, ale z tego prawdziwego. Tak, nie zapowiada\u0142em tego na blogu, poniewa\u017c do ostatniej chwili nie by\u0142o wiadomo, czy wyjazd ten dojdzie do skutku, a je\u017celi tak, to kiedy. Pocz\u0105tkowo by\u0142y przymiarki, aby odby\u0142 si\u0119 w zesz\u0142ym tygodniu, a [&hellip;]\" \/>\n<meta property=\"og:url\" content=\"https:\/\/gaudiumetspes-blog.pl\/index.php\/2016\/05\/10\/pozdrowienia-z-rzymu\/\" \/>\n<meta property=\"og:site_name\" content=\"Gaudium Et Spes\" \/>\n<meta property=\"article:published_time\" content=\"2016-05-10T02:25:00+00:00\" \/>\n<meta property=\"article:modified_time\" content=\"2019-07-31T10:56:14+00:00\" \/>\n<meta name=\"author\" content=\"Ks. Jacek\" \/>\n<meta name=\"twitter:card\" content=\"summary_large_image\" \/>\n<meta name=\"twitter:label1\" content=\"Napisane przez\" \/>\n\t<meta name=\"twitter:data1\" content=\"Ks. Jacek\" \/>\n\t<meta name=\"twitter:label2\" content=\"Szacowany czas czytania\" \/>\n\t<meta name=\"twitter:data2\" content=\"11 minut\" \/>\n<script type=\"application\/ld+json\" class=\"yoast-schema-graph\">{\"@context\":\"https:\/\/schema.org\",\"@graph\":[{\"@type\":\"WebPage\",\"@id\":\"https:\/\/gaudiumetspes-blog.pl\/index.php\/2016\/05\/10\/pozdrowienia-z-rzymu\/\",\"url\":\"https:\/\/gaudiumetspes-blog.pl\/index.php\/2016\/05\/10\/pozdrowienia-z-rzymu\/\",\"name\":\"Pozdrowienia z Rzymu! - Gaudium Et Spes\",\"isPartOf\":{\"@id\":\"https:\/\/gaudiumetspes-blog.pl\/#website\"},\"datePublished\":\"2016-05-10T02:25:00+00:00\",\"dateModified\":\"2019-07-31T10:56:14+00:00\",\"author\":{\"@id\":\"https:\/\/gaudiumetspes-blog.pl\/#\/schema\/person\/1661982992b752dea8dff0d4ed845a65\"},\"breadcrumb\":{\"@id\":\"https:\/\/gaudiumetspes-blog.pl\/index.php\/2016\/05\/10\/pozdrowienia-z-rzymu\/#breadcrumb\"},\"inLanguage\":\"pl-PL\",\"potentialAction\":[{\"@type\":\"ReadAction\",\"target\":[\"https:\/\/gaudiumetspes-blog.pl\/index.php\/2016\/05\/10\/pozdrowienia-z-rzymu\/\"]}]},{\"@type\":\"BreadcrumbList\",\"@id\":\"https:\/\/gaudiumetspes-blog.pl\/index.php\/2016\/05\/10\/pozdrowienia-z-rzymu\/#breadcrumb\",\"itemListElement\":[{\"@type\":\"ListItem\",\"position\":1,\"name\":\"Strona g\u0142\u00f3wna\",\"item\":\"https:\/\/gaudiumetspes-blog.pl\/\"},{\"@type\":\"ListItem\",\"position\":2,\"name\":\"Pozdrowienia z&nbsp;Rzymu!\"}]},{\"@type\":\"WebSite\",\"@id\":\"https:\/\/gaudiumetspes-blog.pl\/#website\",\"url\":\"https:\/\/gaudiumetspes-blog.pl\/\",\"name\":\"Gaudium Et Spes\",\"description\":\"Blog Ks. Jacka Ja\u015bkowskiego\",\"potentialAction\":[{\"@type\":\"SearchAction\",\"target\":{\"@type\":\"EntryPoint\",\"urlTemplate\":\"https:\/\/gaudiumetspes-blog.pl\/?s={search_term_string}\"},\"query-input\":{\"@type\":\"PropertyValueSpecification\",\"valueRequired\":true,\"valueName\":\"search_term_string\"}}],\"inLanguage\":\"pl-PL\"},{\"@type\":\"Person\",\"@id\":\"https:\/\/gaudiumetspes-blog.pl\/#\/schema\/person\/1661982992b752dea8dff0d4ed845a65\",\"name\":\"Ks. Jacek\",\"image\":{\"@type\":\"ImageObject\",\"inLanguage\":\"pl-PL\",\"@id\":\"https:\/\/gaudiumetspes-blog.pl\/#\/schema\/person\/image\/\",\"url\":\"https:\/\/gaudiumetspes-blog.pl\/wp-content\/uploads\/2019\/07\/avatar-JJ-150x150.jpg\",\"contentUrl\":\"https:\/\/gaudiumetspes-blog.pl\/wp-content\/uploads\/2019\/07\/avatar-JJ-150x150.jpg\",\"caption\":\"Ks. Jacek\"},\"description\":\"Witam serdecznie! K\u0142ania si\u0119 Ks. Jacek Ja\u015bkowski. Nie jestem ani kim\u015b wa\u017cnym, ani kim\u015b znanym. Jestem ksi\u0119dzem, kt\u00f3ry po prostu chce rozmawia\u0107. Codzienna kap\u0142a\u0144ska pos\u0142uga pokazuje mi, \u017ce temat\u00f3w do rozm\u00f3w z ksi\u0119dzem jest coraz wi\u0119cej i dzisiaj \u017caden ksi\u0105dz nie mo\u017ce od nich ucieka\u0107, ale - wprost przeciwnie - podejmowa\u0107 nowe wyzwania. To przekonanie sk\u0142oni\u0142o mnie do pr\u00f3by otwarcia tego\u017c bloga, chocia\u017c okazji do rozm\u00f3w na co dzie\u0144 - w konfesjonale i poza nim - na szcz\u0119\u015bcie nie brakuje. My\u015bl\u0119 jednak, \u017ce ten blog b\u0119dzie jeszcze jednym sposobem i przestrzeni\u0105 nawi\u0105zania kontaktu z lud\u017ami dobrej woli, otwartymi na dialog.\",\"url\":\"https:\/\/gaudiumetspes-blog.pl\/index.php\/author\/ks-jacek\/\"}]}<\/script>\n<!-- \/ Yoast SEO plugin. -->","yoast_head_json":{"title":"Pozdrowienia z Rzymu! - Gaudium Et Spes","robots":{"index":"index","follow":"follow","max-snippet":"max-snippet:-1","max-image-preview":"max-image-preview:large","max-video-preview":"max-video-preview:-1"},"canonical":"https:\/\/gaudiumetspes-blog.pl\/index.php\/2016\/05\/10\/pozdrowienia-z-rzymu\/","og_locale":"pl_PL","og_type":"article","og_title":"Pozdrowienia z Rzymu! - Gaudium Et Spes","og_description":"Szcz\u0119\u015b\u0107 Bo\u017ce! Moi Drodzy, pozdrawiam z Rzymu! I nie mam na my\u015bli karczmy, kt\u00f3ra \u201eRzym si\u0119 nazywa\u201d, ale z tego prawdziwego. Tak, nie zapowiada\u0142em tego na blogu, poniewa\u017c do ostatniej chwili nie by\u0142o wiadomo, czy wyjazd ten dojdzie do skutku, a je\u017celi tak, to kiedy. Pocz\u0105tkowo by\u0142y przymiarki, aby odby\u0142 si\u0119 w zesz\u0142ym tygodniu, a [&hellip;]","og_url":"https:\/\/gaudiumetspes-blog.pl\/index.php\/2016\/05\/10\/pozdrowienia-z-rzymu\/","og_site_name":"Gaudium Et Spes","article_published_time":"2016-05-10T02:25:00+00:00","article_modified_time":"2019-07-31T10:56:14+00:00","author":"Ks. Jacek","twitter_card":"summary_large_image","twitter_misc":{"Napisane przez":"Ks. Jacek","Szacowany czas czytania":"11 minut"},"schema":{"@context":"https:\/\/schema.org","@graph":[{"@type":"WebPage","@id":"https:\/\/gaudiumetspes-blog.pl\/index.php\/2016\/05\/10\/pozdrowienia-z-rzymu\/","url":"https:\/\/gaudiumetspes-blog.pl\/index.php\/2016\/05\/10\/pozdrowienia-z-rzymu\/","name":"Pozdrowienia z Rzymu! - Gaudium Et Spes","isPartOf":{"@id":"https:\/\/gaudiumetspes-blog.pl\/#website"},"datePublished":"2016-05-10T02:25:00+00:00","dateModified":"2019-07-31T10:56:14+00:00","author":{"@id":"https:\/\/gaudiumetspes-blog.pl\/#\/schema\/person\/1661982992b752dea8dff0d4ed845a65"},"breadcrumb":{"@id":"https:\/\/gaudiumetspes-blog.pl\/index.php\/2016\/05\/10\/pozdrowienia-z-rzymu\/#breadcrumb"},"inLanguage":"pl-PL","potentialAction":[{"@type":"ReadAction","target":["https:\/\/gaudiumetspes-blog.pl\/index.php\/2016\/05\/10\/pozdrowienia-z-rzymu\/"]}]},{"@type":"BreadcrumbList","@id":"https:\/\/gaudiumetspes-blog.pl\/index.php\/2016\/05\/10\/pozdrowienia-z-rzymu\/#breadcrumb","itemListElement":[{"@type":"ListItem","position":1,"name":"Strona g\u0142\u00f3wna","item":"https:\/\/gaudiumetspes-blog.pl\/"},{"@type":"ListItem","position":2,"name":"Pozdrowienia z&nbsp;Rzymu!"}]},{"@type":"WebSite","@id":"https:\/\/gaudiumetspes-blog.pl\/#website","url":"https:\/\/gaudiumetspes-blog.pl\/","name":"Gaudium Et Spes","description":"Blog Ks. Jacka Ja\u015bkowskiego","potentialAction":[{"@type":"SearchAction","target":{"@type":"EntryPoint","urlTemplate":"https:\/\/gaudiumetspes-blog.pl\/?s={search_term_string}"},"query-input":{"@type":"PropertyValueSpecification","valueRequired":true,"valueName":"search_term_string"}}],"inLanguage":"pl-PL"},{"@type":"Person","@id":"https:\/\/gaudiumetspes-blog.pl\/#\/schema\/person\/1661982992b752dea8dff0d4ed845a65","name":"Ks. Jacek","image":{"@type":"ImageObject","inLanguage":"pl-PL","@id":"https:\/\/gaudiumetspes-blog.pl\/#\/schema\/person\/image\/","url":"https:\/\/gaudiumetspes-blog.pl\/wp-content\/uploads\/2019\/07\/avatar-JJ-150x150.jpg","contentUrl":"https:\/\/gaudiumetspes-blog.pl\/wp-content\/uploads\/2019\/07\/avatar-JJ-150x150.jpg","caption":"Ks. Jacek"},"description":"Witam serdecznie! K\u0142ania si\u0119 Ks. Jacek Ja\u015bkowski. Nie jestem ani kim\u015b wa\u017cnym, ani kim\u015b znanym. Jestem ksi\u0119dzem, kt\u00f3ry po prostu chce rozmawia\u0107. Codzienna kap\u0142a\u0144ska pos\u0142uga pokazuje mi, \u017ce temat\u00f3w do rozm\u00f3w z ksi\u0119dzem jest coraz wi\u0119cej i dzisiaj \u017caden ksi\u0105dz nie mo\u017ce od nich ucieka\u0107, ale - wprost przeciwnie - podejmowa\u0107 nowe wyzwania. To przekonanie sk\u0142oni\u0142o mnie do pr\u00f3by otwarcia tego\u017c bloga, chocia\u017c okazji do rozm\u00f3w na co dzie\u0144 - w konfesjonale i poza nim - na szcz\u0119\u015bcie nie brakuje. My\u015bl\u0119 jednak, \u017ce ten blog b\u0119dzie jeszcze jednym sposobem i przestrzeni\u0105 nawi\u0105zania kontaktu z lud\u017ami dobrej woli, otwartymi na dialog.","url":"https:\/\/gaudiumetspes-blog.pl\/index.php\/author\/ks-jacek\/"}]}},"jetpack_featured_media_url":"","jetpack_sharing_enabled":true,"_links":{"self":[{"href":"https:\/\/gaudiumetspes-blog.pl\/index.php\/wp-json\/wp\/v2\/posts\/8031","targetHints":{"allow":["GET"]}}],"collection":[{"href":"https:\/\/gaudiumetspes-blog.pl\/index.php\/wp-json\/wp\/v2\/posts"}],"about":[{"href":"https:\/\/gaudiumetspes-blog.pl\/index.php\/wp-json\/wp\/v2\/types\/post"}],"author":[{"embeddable":true,"href":"https:\/\/gaudiumetspes-blog.pl\/index.php\/wp-json\/wp\/v2\/users\/1"}],"replies":[{"embeddable":true,"href":"https:\/\/gaudiumetspes-blog.pl\/index.php\/wp-json\/wp\/v2\/comments?post=8031"}],"version-history":[{"count":1,"href":"https:\/\/gaudiumetspes-blog.pl\/index.php\/wp-json\/wp\/v2\/posts\/8031\/revisions"}],"predecessor-version":[{"id":12626,"href":"https:\/\/gaudiumetspes-blog.pl\/index.php\/wp-json\/wp\/v2\/posts\/8031\/revisions\/12626"}],"wp:attachment":[{"href":"https:\/\/gaudiumetspes-blog.pl\/index.php\/wp-json\/wp\/v2\/media?parent=8031"}],"wp:term":[{"taxonomy":"category","embeddable":true,"href":"https:\/\/gaudiumetspes-blog.pl\/index.php\/wp-json\/wp\/v2\/categories?post=8031"},{"taxonomy":"post_tag","embeddable":true,"href":"https:\/\/gaudiumetspes-blog.pl\/index.php\/wp-json\/wp\/v2\/tags?post=8031"}],"curies":[{"name":"wp","href":"https:\/\/api.w.org\/{rel}","templated":true}]}}