{"id":8032,"date":"2016-05-09T03:07:00","date_gmt":"2016-05-09T01:07:00","guid":{"rendered":"https:\/\/gaudiumetspes-blog.pl\/index.php\/2016\/05\/09\/wyzwanie-rzucone-swiatu\/"},"modified":"2019-07-31T12:56:13","modified_gmt":"2019-07-31T10:56:13","slug":"wyzwanie-rzucone-swiatu","status":"publish","type":"post","link":"https:\/\/gaudiumetspes-blog.pl\/index.php\/2016\/05\/09\/wyzwanie-rzucone-swiatu\/","title":{"rendered":"Wyzwanie rzucone \u015bwiatu!"},"content":{"rendered":"<div align=\"justify\" style=\"line-height: 150%; margin-bottom: 0cm;\">\nSzcz\u0119\u015b\u0107 Bo\u017ce! Moi Drodzy, jak wspomnia\u0142em wczoraj, prze\u017cywamy dzisiaj &#8211; przeniesion\u0105 w\u0142a\u015bnie z wczoraj &#8211; Uroczysto\u015b\u0107 \u015awi\u0119tego Stanis\u0142awa, Biskupa i M\u0119czennika, Patrona Polski.<b>&nbsp;<\/b><\/div>\n<div align=\"justify\" style=\"line-height: 150%; margin-bottom: 0cm;\">\n<b>&nbsp; &nbsp; &nbsp; Urodziny za\u015b dzisiaj obchodzi Piotr Deres, m\u00f3j Znajomy z Parafii Tr\u0105bki. \u017bycz\u0119 Panu Piotrowi tej wielkiej odwagi i si\u0142y charakteru, kt\u00f3re podziwiamy u \u015awi\u0119tego Stanis\u0142awa. Dzi\u0119kuj\u0105c za wszelk\u0105 \u017cyczliwo\u015b\u0107, obiecuj\u0119 pami\u0119\u0107 w modlitwie w intencji Jubilata!<\/b><\/div>\n<div align=\"justify\" style=\"line-height: 150%; margin-bottom: 0cm;\">\n&nbsp; &nbsp; &nbsp; &nbsp;Zamieszczam s\u0142\u00f3wko do\u015b\u0107 wcze\u015bnie, bo tak w\u0142a\u015bnie musz\u0119 wyjecha\u0107 z Lublina. Zapowiada si\u0119 ciekawy dzie\u0144&#8230; Je\u015bli mo\u017cecie, to westchnijcie do Pana, \u017ceby to On sam wszystko poprowadzi\u0142 w taki spos\u00f3b, jaki On uzna za najlepszy&#8230;<\/div>\n<div align=\"justify\" style=\"line-height: 150%; margin-bottom: 0cm;\">\n&nbsp; &nbsp; &nbsp; &nbsp; &nbsp; &nbsp;B\u0142ogos\u0142awionego i ciekawego dnia tak\u017ce Wam \u017cycz\u0119!<\/div>\n<div align=\"justify\" style=\"line-height: 150%; margin-bottom: 0cm;\">\n&nbsp; &nbsp; &nbsp; &nbsp; &nbsp; &nbsp; &nbsp; &nbsp; &nbsp; &nbsp; &nbsp; &nbsp; &nbsp; &nbsp; &nbsp; &nbsp; &nbsp; &nbsp; &nbsp; &nbsp; &nbsp; &nbsp; Gaudium et spes! &nbsp;Ks. Jacek<\/div>\n<div align=\"justify\" style=\"line-height: 150%; margin-bottom: 0cm;\">\n<b><br \/><\/b><\/div>\n<div align=\"justify\" style=\"line-height: 150%; margin-bottom: 0cm;\">\n<b>Uroczysto\u015b\u0107<br \/>\n\u015awi\u0119tego Stanis\u0142awa, Biskupa i M\u0119czennika,<\/b><\/div>\n<div align=\"justify\" style=\"line-height: 150%; margin-bottom: 0cm;\">\n<b>do<br \/>\nczyta\u0144 z t. VI Lekcjonarza:  <\/b>\n<\/div>\n<div align=\"justify\" style=\"line-height: 150%; margin-bottom: 0cm;\">\n<p>                               <b>Dz<br \/>\n20,17\u201318a.28\u201332.36;  Rz 8,31b\u201339;  J 10,11\u201316<\/b><\/div>\n<div align=\"justify\" style=\"line-height: 150%; margin-bottom: 0cm;\">\n<\/div>\n<div align=\"justify\" style=\"break-before: auto; line-height: 150%; margin-bottom: 0cm;\">\n<b>CZYTANIE<br \/>\nZ DZIEJ\u00d3W APOSTOLSKICH:<\/b><\/div>\n<div align=\"justify\" style=\"break-before: auto; line-height: 150%; margin-bottom: 0cm; text-indent: 1.3cm;\">\n<b>Pawe\u0142,<br \/>\npos\u0142awszy z Miletu do Efezu, wezwa\u0142 starszych Ko\u015bcio\u0142a. <\/b>\n<\/div>\n<div align=\"justify\" style=\"line-height: 150%; margin-bottom: 0cm; text-indent: 1.3cm;\">\n<b>A<br \/>\ngdy do niego przybyli, przem\u00f3wi\u0142 do nich: \u201eUwa\u017cajcie na samych<br \/>\nsiebie i na ca\u0142e stado, nad kt\u00f3rym Duch \u015awi\u0119ty ustanowi\u0142 was<br \/>\nbiskupami, aby\u015bcie kierowali Ko\u015bcio\u0142em Boga, nabytym w\u0142asn\u0105 Jego<br \/>\nkrwi\u0105. Wiem, \u017ce po moim odej\u015bciu wejd\u0105 mi\u0119dzy was wilki<br \/>\ndrapie\u017cne, nie oszcz\u0119dzaj\u0105c stada. Tak\u017ce spo\u015br\u00f3d was samych<br \/>\npowstan\u0105 ludzie, kt\u00f3rzy g\u0142osi\u0107 b\u0119d\u0105 przewrotne nauki, aby<br \/>\npoci\u0105gn\u0105\u0107 za sob\u0105 uczni\u00f3w. <\/b>\n<\/div>\n<div align=\"justify\" style=\"line-height: 150%; margin-bottom: 0cm; text-indent: 1.3cm;\">\n<b>Dlatego<br \/>\nczuwajcie pami\u0119taj\u0105c, \u017ce przez trzy lata we dnie i w nocy nie<br \/>\nprzestawa\u0142em ze \u0142zami upomina\u0107 ka\u017cdego z was. A teraz polecam was<br \/>\nBogu i s\u0142owu Jego \u0142aski, w\u0142adnemu zbudowa\u0107 i da\u0107 dziedzictwo ze<br \/>\nwszystkimi \u015bwi\u0119tymi\u201d. <\/b>\n<\/div>\n<div align=\"justify\" style=\"line-height: 150%; margin-bottom: 0cm; text-indent: 1.3cm;\">\n<b>Po<br \/>\ntych s\u0142owach upad\u0142 na kolana i modli\u0142 si\u0119 razem ze wszystkimi.<\/b><\/div>\n<div align=\"justify\" style=\"line-height: 150%; margin-bottom: 0cm;\">\n<\/div>\n<div align=\"justify\" style=\"line-height: 150%; margin-bottom: 0cm;\">\n<b>CZYTANIE<br \/>\nZ LISTU \u015aWI\u0118TEGO PAW\u0141A APOSTO\u0141A DO RZYMIAN: <\/b>\n<\/div>\n<div align=\"justify\" style=\"break-before: auto; line-height: 150%; margin-bottom: 0cm; text-indent: 1.3cm;\">\n<b>Bracia:<br \/>\nJe\u017celi B\u00f3g z nami, kt\u00f3\u017c przeciwko nam? On, kt\u00f3ry nawet w\u0142asnego<br \/>\nSyna nie oszcz\u0119dzi\u0142, ale Go za nas wszystkich wyda\u0142, jak\u017ce mia\u0142by<br \/>\nwraz z Nim i nam wszystkiego nie darowa\u0107? Kt\u00f3\u017c mo\u017ce wyst\u0105pi\u0107 z<br \/>\noskar\u017ceniem przeciw tym, kt\u00f3rych B\u00f3g wybra\u0142? Czy\u017c B\u00f3g, kt\u00f3ry<br \/>\nusprawiedliwia? Kt\u00f3\u017c mo\u017ce wyda\u0107 wyrok pot\u0119pienia? Czy Chrystus<br \/>\nJezus, kt\u00f3ry poni\u00f3s\u0142 za nas \u015bmier\u0107, co wi\u0119cej, zmartwychwsta\u0142,<br \/>\nsiedzi po prawicy Boga i przyczynia si\u0119 za nami?<\/b><\/div>\n<div align=\"justify\" style=\"line-height: 150%; margin-bottom: 0cm; text-indent: 1.3cm;\">\n<b>Kt\u00f3\u017c<br \/>\nnas mo\u017ce od\u0142\u0105czy\u0107 od mi\u0142o\u015bci Chrystusowej? Utrapienie, ucisk<br \/>\nczy prze\u015bladowanie, g\u0142\u00f3d czy nago\u015b\u0107, niebezpiecze\u0144stwo czy<br \/>\nmiecz? Jak to jest napisane: \u201eZ powodu Ciebie zabijaj\u0105 nas przez<br \/>\nca\u0142y dzie\u0144, uwa\u017caj\u0105 nas za owce przeznaczone na rze\u017a\u201d. <\/b>\n<\/div>\n<div align=\"justify\" style=\"line-height: 150%; margin-bottom: 0cm; text-indent: 1.3cm;\">\n<b>Ale<br \/>\nwe wszystkim tym odnosimy pe\u0142ne zwyci\u0119stwo dzi\u0119ki Temu, kt\u00f3ry nas<br \/>\numi\u0142owa\u0142. I jestem pewien, \u017ce ani \u015bmier\u0107, ani \u017cycie, ani<br \/>\nanio\u0142owie, ani Zwierzchno\u015bci, ani rzeczy tera\u017aniejsze, ani<br \/>\nprzysz\u0142e, ani moce, ani co wysokie, ani co g\u0142\u0119bokie, ani<br \/>\njakiekolwiek inne stworzenie nie zdo\u0142a nas od\u0142\u0105czy\u0107 od mi\u0142o\u015bci<br \/>\nBoga, kt\u00f3ra jest w Chrystusie Jezusie, Panu naszym.<\/b><\/div>\n<div align=\"justify\" style=\"line-height: 150%; margin-bottom: 0cm;\">\n<\/div>\n<div align=\"justify\" style=\"line-height: 150%; margin-bottom: 0cm;\">\n<b>S\u0141OWA<br \/>\nEWANGELII WED\u0141UG \u015aWI\u0118TEGO JANA: <\/b>\n<\/div>\n<div align=\"justify\" style=\"break-before: auto; line-height: 150%; margin-bottom: 0cm; text-indent: 1.3cm;\">\n<b>Jezus<br \/>\npowiedzia\u0142 do faryzeusz\u00f3w: \u201eJa jestem dobrym pasterzem. Dobry<br \/>\npasterz daje \u017cycie swoje za owce. Najemnik za\u015b i ten, kto nie jest<br \/>\npasterzem, do kt\u00f3rego owce nie nale\u017c\u0105, widz\u0105c nadchodz\u0105cego<br \/>\nwilka, opuszcza owce i ucieka, a wilk je porywa i rozprasza. Najemnik<br \/>\nucieka dlatego, \u017ce jest najemnikiem i nie zale\u017cy mu na owcach. <\/b>\n<\/div>\n<div align=\"justify\" style=\"line-height: 150%; margin-bottom: 0cm; text-indent: 1.3cm;\">\n<b>Ja<br \/>\njestem dobrym pasterzem i znam owce moje, a moje Mnie znaj\u0105,<br \/>\npodobnie jak Mnie zna Ojciec, a Ja znam Ojca. \u017bycie moje oddaj\u0119 za<br \/>\nowce. Mam tak\u017ce inne owce, kt\u00f3re nie s\u0105 z tej owczarni. I te musz\u0119<br \/>\nprzyprowadzi\u0107 i b\u0119d\u0105 s\u0142ucha\u0107 g\u0142osu mego, i nastanie jedna<br \/>\nowczarnia i jeden pasterz\u201d.<\/b><\/div>\n<div align=\"justify\" style=\"line-height: 150%; margin-bottom: 0cm;\">\n<\/div>\n<div align=\"justify\" style=\"line-height: 150%; margin-bottom: 0cm; page-break-before: auto; text-indent: 1.25cm;\">\nDzisiejszy<br \/>\nnasz Patron, <b>\u015awi\u0119ty<br \/>\nStanis\u0142aw,<\/b> urodzi\u0142 si\u0119<br \/>\nw Szczepanowie w ziemi krakowskiej, prawdopodobnie oko\u0142o 1030 roku.<br \/>\nSwoje <b>pierwsze studia<br \/>\nodby\u0142 zapewne w domu rodzinnym. <\/b>Nie<br \/>\njest wykluczone, \u017ce dalsze odbywa\u0142 gdzie\u015b za granic\u0105. Wskazuje<br \/>\nsi\u0119 najcz\u0119\u015bciej na Pary\u017c.\n<\/div>\n<div align=\"justify\" style=\"line-height: 150%; margin-bottom: 0cm; text-indent: 1.25cm;\">\n<b>\u015awi\u0119cenia<br \/>\nkap\u0142a\u0144skie otrzyma\u0142 oko\u0142o roku 1060.<\/b><br \/>\nPo powrocie do kraju, zosta\u0142 mianowany przez biskupa krakowskiego,<br \/>\nLamberta Su\u0142\u0119, kanonikiem katedry. <b>Po<br \/>\njego \u015bmierci, w roku 1070, Stanis\u0142aw zosta\u0142 wybrany jego nast\u0119pc\u0105.<\/b><br \/>\nWyb\u00f3r by\u0142 zale\u017cny \u2013 zwyczajem \u00f3wczesnym \u2013 od kr\u00f3la Boles\u0142awa<br \/>\n\u015amia\u0142ego. Zatwierdzi\u0142 go Papie\u017c Aleksander II. <b>Konsekracja<br \/>\nodby\u0142a si\u0119 jednak dopiero w roku 1072.<\/b><br \/>\nDwa lata oczekiwania wskazywa\u0142yby, \u017ce chodzi\u0142o w tym wypadku o<br \/>\njakie\u015b przetargi, kt\u00f3rych okoliczno\u015bci bli\u017cej nie znamy.<\/div>\n<div align=\"justify\" style=\"line-height: 150%; margin-bottom: 0cm; text-indent: 1.25cm;\">\nO<br \/>\nsamej dzia\u0142alno\u015bci duszpasterskiej Biskupa Stanis\u0142awa wiemy<br \/>\nniewiele. Da\u0142 si\u0119 pozna\u0107 jako <b>pasterz<br \/>\ngorliwy, ale i bezkompromisowy. <\/b>Wiadomo<br \/>\n\u2013 mi\u0119dzy innymi \u2013 \u017ce uda\u0142<br \/>\nsi\u0119 do Papie\u017ca<br \/>\nGrzegorza VII, aby wyjedna\u0107 wskrzeszenie metropolii gnie\u017anie\u0144skiej.<\/div>\n<div align=\"justify\" style=\"line-height: 150%; margin-bottom: 0cm; text-indent: 1.25cm;\">\nJednak\u017ce<br \/>\nw centrum zainteresowania kronikarzy znalaz\u0142 si\u0119 przede wszystkim<br \/>\n<b>fakt zatargu Stanis\u0142awa z<br \/>\nkr\u00f3lem Boles\u0142awem \u015amia\u0142ym,<\/b><br \/>\nkt\u00f3re to wydarzenie zadecydowa\u0142o o chwale pierwszego, a tragicznym<br \/>\nko\u0144cu drugiego. Trzeba bowiem przyzna\u0107, \u017ce <b>Boles\u0142aw<br \/>\n\u015amia\u0142y, zwany r\u00f3wnie\u017c Szczodrym, nale\u017ca\u0142 do postaci wybitnych.<\/b><br \/>\nPopiera\u0142 gorliwie reformy Grzegorza VII, przeprowadzi\u0142 wznowienie<br \/>\nmetropolii w Gnie\u017anie, ustalenie diecezji i hierarchii polskiej. Po<br \/>\nzawierusze poga\u0144skiej <b>odbudowa\u0142<br \/>\nwiele ko\u015bcio\u0142\u00f3w i klasztor\u00f3w.<\/b><br \/>\nSprowadzi\u0142 ch\u0119tnie nowych duchownych do kraju. On te\u017c zaproponowa\u0142<br \/>\nwyb\u00f3r Stanis\u0142awa na stolic\u0119 krakowsk\u0105. Koronowa\u0142 si\u0119 na kr\u00f3la<br \/>\ni przywr\u00f3ci\u0142 Polsce suwerenno\u015b\u0107.<b><br \/>\nDlaczego zatem dosz\u0142o do tak ostrego sporu z Biskupem?<\/b><\/div>\n<div align=\"justify\" style=\"line-height: 150%; margin-bottom: 0cm; text-indent: 1.25cm;\">\nGall<br \/>\nAnonim tak relacjonuje ca\u0142\u0105<br \/>\nspraw\u0119: \u201eJak za\u015b kr\u00f3l<br \/>\nBoles\u0142aw zosta\u0142 z Polski wyrzucony, d\u0142ugo by\u0142oby opowiada\u0107. Lecz<br \/>\nto <b>wolno powiedzie\u0107, \u017ce<br \/>\nnie powinien pomazaniec na pomaza\u0144cu jakiegokolwiek grzechu<br \/>\nciele\u015bnie m\u015bci\u0107. <\/b>Tym<br \/>\nbowiem sobie wiele zaszkodzi\u0142, \u017ce do grzechu grzech doda\u0142; \u017ce za<br \/>\nbunt skaza\u0142 Biskupa na obci\u0119cie cz\u0142onk\u00f3w. <b>Ani<br \/>\nwi\u0119c Biskupa \u2013 buntownika \u2013 nie uniewinniamy, ani kr\u00f3la<br \/>\nmszcz\u0105cego si\u0119 tak szpetnie nie zalecamy\u201d.<\/b><br \/>\nZ tekstu wynika, \u017ce Gall sympatyzuje z kr\u00f3lem, a <b>Biskupowi<br \/>\nkrakowskiemu przypisuje wyra\u017anie zdrad\u0119.<\/b><br \/>\nNie mo\u017cna si\u0119 temu dziwi\u0107, skoro <b>kronikarz<br \/>\n\u017cy\u0142 z \u0142aski ksi\u0105\u017c\u0119cej.<\/b><br \/>\nPisa\u0142 bowiem swoj\u0105 histori\u0119 na dworze Boles\u0142awa Krzywoustego,<br \/>\nkt\u00f3rego Boles\u0142aw \u015amia\u0142y by\u0142 stryjem.<\/div>\n<div align=\"justify\" style=\"line-height: 150%; margin-bottom: 0cm; text-indent: 1.25cm;\">\nMamy<br \/>\njeszcze jedn\u0105 kronik\u0119, napisan\u0105 przez <b>B\u0142ogos\u0142awionego<br \/>\nWincentego Kad\u0142ubka,<\/b><br \/>\nkt\u00f3ry by\u0142 uprzednio Biskupem<br \/>\nkrakowskim, a wi\u0119c mia\u0142 dost\u0119p do \u017ar\u00f3de\u0142 bezpo\u015brednich,<br \/>\nkt\u00f3rych my dzi\u015b nie posiadamy. Wed\u0142ug jego relacji, <b>kr\u00f3l<br \/>\nBoles\u0142aw <\/b><b>ma\u0142o kiedy<br \/>\nby\u0142 obecny<\/b><b> w kraju,<br \/>\n<\/b>gdy\u017c<br \/>\nnieustannie bra\u0142 udzia\u0142 w zbrojnych wyprawach.<br \/>\nSpowodowa\u0142o to, i\u017c w kr\u00f3lestwie szerzy\u0142 si\u0119 rozb\u00f3j i<br \/>\nwiaro\u0142omstwo, a przez to rozbicie ma\u0142\u017ce\u0144stw i zam\u0119t. Kiedy<br \/>\npodczas ostatniej wyprawy na Ru\u015b <b>rycerze<br \/>\nb\u0142agali kr\u00f3la, aby powraca\u0142 do kraju, ten w najlepsze ca\u0142ymi<br \/>\ntygodniami si\u0119 bawi\u0142. <\/b>Wtedy<br \/>\nrycerze zacz\u0119li go potajemnie opuszcza\u0107. Kiedy Boles\u0142aw wr\u00f3ci\u0142<br \/>\ndo kraju, zacz\u0105\u0142 si\u0119 okrutnie na nich m\u015bci\u0107.<\/div>\n<div align=\"justify\" style=\"line-height: 150%; margin-bottom: 0cm; text-indent: 1.25cm;\">\nGdy<br \/>\nwi\u0119c kr\u00f3l szala\u0142, aby z\u0142ama\u0107 op\u00f3r, <b>jeden<br \/>\ntylko Stanis\u0142aw mia\u0142 odwag\u0119 <\/b>\u2013<br \/>\nwed\u0142ug kroniki Kad\u0142ubka \u2013<b><br \/>\nupomnie\u0107 kr\u00f3la.<\/b> Kiedy<br \/>\nza\u015b ten nic sobie z upomnienia nie czyni\u0142, <b>Biskup<br \/>\nrzuci\u0142 na niego kl\u0105tw\u0119,<\/b><br \/>\nczyli wy\u0142\u0105czy\u0142 go ze spo\u0142eczno\u015bci Ko\u015bcio\u0142a, a przez to samo<br \/>\n<b>zwolni\u0142 od pos\u0142usze\u0144stwa<br \/>\npoddanych.<\/b> I zapewne<br \/>\nw\u0142a\u015bnie to dzia\u0142anie Biskupa Gall Anonim nazywa buntem i zdrad\u0105.<br \/>\nZe strony Stanis\u0142awa by\u0142 to <b>akt<br \/>\nniezwyk\u0142ej odwagi pasterza, ujmuj\u0105cego si\u0119 za swoj\u0105 owczarni\u0105,<\/b><br \/>\nchocia\u017c zdawa\u0142 sobie spraw\u0119 z konsekwencji, jakie go mog\u0105 za to<br \/>\nspotka\u0107.<\/div>\n<div align=\"justify\" style=\"line-height: 150%; margin-bottom: 0cm; text-indent: 1.25cm;\">\nAutorytet<br \/>\nStanis\u0142awa musia\u0142 by\u0107 w Polsce ogromny, skoro \u2013 wed\u0142ug podania<br \/>\n\u2013 nawet<br \/>\nnajbli\u017csi stronnicy kr\u00f3la Boles\u0142awa<b><br \/>\nnie \u015bmieli targn\u0105\u0107 si\u0119 na \u017cycie Biskupa.<\/b><br \/>\nKr\u00f3l mia\u0142 to uczyni\u0107 sam. W tym celu, w dniu <b>11<br \/>\nkwietnia 1079 roku, uda\u0142 si\u0119 na Ska\u0142k\u0119 i w czasie Mszy \u015awi\u0119tej<br \/>\nzabi\u0142 Biskupa uderzeniem w g\u0142ow\u0119.<\/b><br \/>\nPotem kaza\u0142 jego cia\u0142o po\u0107wiartowa\u0107. Zwyczajem \u00f3wczesnym bowiem<br \/>\ncia\u0142o skaza\u0144ca niszczono.\n<\/div>\n<div align=\"justify\" style=\"line-height: 150%; margin-bottom: 0cm; text-indent: 1.25cm;\">\nDuchowni<br \/>\nze czci\u0105 pochowali je w ko\u015bciele na Ska\u0142ce. Fakt ten jest dowodem<br \/>\nczci, jakiej ju\u017c wtedy M\u0119czennik za\u017cywa\u0142. Badania czaszki<br \/>\nStanis\u0142awa wykaza\u0142y, \u017ce mia\u0142a<br \/>\nona wszystkie z\u0119by. To by \u015bwiadczy\u0142o, \u017ce <b>Biskup<br \/>\nzgin\u0105\u0142 w pe\u0142ni si\u0142 m\u0119skich. M\u00f3g\u0142 mie\u0107 oko\u0142o czterdziestu<br \/>\nlat.<\/b> Na czaszce wida\u0107<br \/>\n<b>\u015blady siedmiu uderze\u0144<br \/>\nostrego \u017celaza,<\/b> co<br \/>\npotwierdza rodzaj \u015bmierci, przekazany przez tradycj\u0119. Najwi\u0119ksze<br \/>\nci\u0119cie ma 45 milimetr\u00f3w d\u0142ugo\u015bci i oko\u0142o 6 milimetr\u00f3w<br \/>\ng\u0142\u0119boko\u015bci. Stanis\u0142aw zosta\u0142 uderzony z ty\u0142u g\u0142owy.<\/div>\n<div align=\"justify\" style=\"line-height: 150%; margin-bottom: 0cm; text-indent: 1.25cm;\">\nNa<br \/>\nwiadomo\u015b\u0107 o dokonanym na Biskupie w tak okrutny spos\u00f3b mordzie \u2013<br \/>\ni to przy o\u0142tarzu, w czasie sprawowania Naj\u015bwi\u0119tszej Ofiary \u2013<br \/>\n<b>ca\u0142y nar\u00f3d stan\u0105\u0142<br \/>\nprzeciwko kr\u00f3lowi.<\/b><br \/>\nOpuszczony przez wszystkich, musia\u0142 i\u015b\u0107 na banicj\u0119. Usi\u0142owa\u0142<br \/>\njeszcze co prawda szuka\u0107 dla siebie poparcia na W\u0119grzech, u<br \/>\nW\u0142adys\u0142awa, ten mu jednak odm\u00f3wi\u0142.\n<\/div>\n<div align=\"justify\" style=\"line-height: 150%; margin-bottom: 0cm; text-indent: 1.25cm;\">\nZmar\u0142<br \/>\ntam\u017ce Boles\u0142aw, zapewne w 1081 roku. Istnieje podanie, \u017ce <b>dwa<br \/>\nostatnie lata sp\u0119dzi\u0142 na ostrej pokucie w klasztorze benedykty\u0144skim<br \/>\nw Osjaku,<\/b> w dzisiejszej<br \/>\nJugos\u0142awii, gdzie te\u017c mia\u0142 by\u0107 pochowany. <b>Relikwie<br \/>\nza\u015b \u015awi\u0119tego Stanis\u0142awa, w 1088 roku, przeniesiono do katedry<br \/>\nkrakowskiej.<\/b> Kad\u0142ubek<br \/>\nprzytacza legend\u0119, \u017ce wcze\u015bniej cia\u0142a M\u0119czennika strzeg\u0142y or\u0142y<br \/>\ni \u017ce zros\u0142o si\u0119 ono w cudowny spos\u00f3b z por\u0105banych cz\u0119\u015bci.\n<\/div>\n<div align=\"justify\" style=\"line-height: 150%; margin-bottom: 0cm; text-indent: 1.25cm;\">\n\u015awi\u0119ty<br \/>\nStanis\u0142aw jest <b>jednym z g\u0142\u00f3wnych Patron\u00f3w Polski.<\/b> Od<br \/>\npocz\u0105tku wierzono, \u017ce w ten sam spos\u00f3b, jak cia\u0142o \u015awi\u0119tego,<br \/>\n<b>po\u0142\u0105czy si\u0119 i zjednoczy <\/b>podzielone w\u00f3wczas na ksi\u0119stwa<br \/>\ndzielnicowe Kr\u00f3lestwo Polskie.<b> <\/b>Jan Pawe\u0142 II nazwa\u0142<br \/>\nStanis\u0142awa <b>Patronem chrze\u015bcija\u0144skiego \u0142adu moralnego.<\/b>\n<\/div>\n<div align=\"justify\" style=\"line-height: 150%; margin-bottom: 0cm; text-indent: 1.25cm;\">\nRzeczywi\u015bcie<br \/>\nbowiem, g\u0142\u0119boko przej\u0105\u0142 si\u0119 nasz dzisiejszy Patron wezwaniem<br \/>\nAposto\u0142a Paw\u0142a, skierowanym do pasterzy Ko\u015bcio\u0142a w Efezie:<br \/>\n<i><b>Uwa\u017cajcie na samych siebie i na ca\u0142e stado, nad kt\u00f3rym Duch<br \/>\n\u015awi\u0119ty ustanowi\u0142 was biskupami, aby\u015bcie kierowali Ko\u015bcio\u0142em<br \/>\nBoga, nabytym w\u0142asn\u0105 Jego krwi\u0105.<\/b><\/i><b> <\/b>Swoim \u017cyciem \u2013<br \/>\na bardziej jeszcze swoj\u0105 \u015bmierci\u0105 \u2013 Stanis\u0142aw udowodni\u0142, \u017ce<br \/>\n<b>do siebie osobi\u015bcie te s\u0142owa odni\u00f3s\u0142.<\/b>\n<\/div>\n<div align=\"justify\" style=\"line-height: 150%; margin-bottom: 0cm; text-indent: 1.25cm;\">\nI<br \/>\nnie mia\u0142 \u017cadnych w\u0105tpliwo\u015bci, \u017ce kieruje <b>nie jakim\u015b swoim<br \/>\nprywatnym folwarkiem, <\/b>czy jakim\u015b swoim poletkiem, lub jakim\u015b<br \/>\nswoim prywatnym dworem, ale \u2013 \u017ceby to jeszcze raz powt\u00f3rzy\u0107 \u2013<br \/>\n<i><b>Ko\u015bcio\u0142em Boga, nabytym w\u0142asn\u0105 Jego krwi\u0105. <\/b><\/i>Dlatego<br \/>\nw sytuacji, w kt\u00f3rej dostrzeg\u0142 <b>realne zagro\u017cenie dla wiary<\/b><br \/>\nswoich podopiecznych, nie ba\u0142 si\u0119 wej\u015b\u0107 w stan <b>realnego<br \/>\nzagro\u017cenia dla swego \u017cycia. <\/b>Odwa\u017cnie i bezkompromisowo stan\u0105\u0142<br \/>\nw obronie prawdy. Za najwy\u017csz\u0105 cen\u0119!<\/div>\n<div align=\"justify\" style=\"line-height: 150%; margin-bottom: 0cm; text-indent: 1.25cm;\">\nDlatego<br \/>\nmo\u017ce powt\u00f3rzy\u0107 za Jezusem \u2013 bez \u017cadnej fa\u0142szywej skromno\u015bci \u2013<br \/>\nJego s\u0142owa z dzisiejszej Ewangelii: <i><b>Ja jestem dobrym pasterzem<br \/>\ni znam owce moje, a moje Mnie znaj\u0105, podobnie jak Mnie zna Ojciec, a<br \/>\nJa znam Ojca. \u017bycie moje oddaj\u0119 za owce.<\/b><\/i><b> <\/b>\n<\/div>\n<div align=\"justify\" style=\"line-height: 150%; margin-bottom: 0cm; text-indent: 1.25cm;\">\nOt\u00f3\u017c<br \/>\nw\u0142a\u015bnie, \u017cycie swoje odda\u0142 za owce dobry Pasterz Stanis\u0142aw. A<br \/>\nswoim m\u0119cze\u0144stwem \u2013 je\u015bli tak mo\u017cna powiedzie\u0107 \u2013 <b>rzuci\u0142<br \/>\nwyzwanie <\/b><b>ca\u0142emu \u015bwiatu<\/b> i tym wszystkim, kt\u00f3rzy go<br \/>\nprze\u015bladowali! Tak, \u015awi\u0119ty Stanis\u0142aw, niejako patrz\u0105c im<br \/>\nwszystkim w oczy, zdaje si\u0119 pyta\u0107 s\u0142owami Aposto\u0142a Narod\u00f3w: <i><b>Kt\u00f3\u017c<br \/>\nnas mo\u017ce od\u0142\u0105czy\u0107 od mi\u0142o\u015bci Chrystusowej? Utrapienie, ucisk<br \/>\nczy prze\u015bladowanie, g\u0142\u00f3d czy nago\u015b\u0107, niebezpiecze\u0144stwo czy<br \/>\nmiecz? Jak to jest napisane: \u201eZ powodu Ciebie zabijaj\u0105 nas przez<br \/>\nca\u0142y dzie\u0144, uwa\u017caj\u0105 nas za owce przeznaczone na rze\u017a\u201d<\/b><\/i><b>.<\/b><\/div>\n<div align=\"justify\" style=\"line-height: 150%; margin-bottom: 0cm; text-indent: 1.25cm;\">\nI<br \/>\nzaraz na to pytanie sam odpowiada \u2013 tak\u017ce s\u0142owami \u015awi\u0119tego<br \/>\nPaw\u0142a: <i><b>Ale we wszystkim tym odnosimy pe\u0142ne zwyci\u0119stwo dzi\u0119ki<br \/>\nTemu, kt\u00f3ry nas umi\u0142owa\u0142. I jestem pewien, \u017ce ani \u015bmier\u0107, ani<br \/>\n\u017cycie, ani anio\u0142owie, ani Zwierzchno\u015bci, ani rzeczy tera\u017aniejsze,<br \/>\nani przysz\u0142e, ani moce, ani co wysokie, ani co g\u0142\u0119bokie, ani<\/b><\/i><b><br \/>\nj<\/b><i><b>akiekolwiek inne stworzenie nie zdo\u0142a nas od\u0142\u0105czy\u0107 od<br \/>\nmi\u0142o\u015bci Boga, kt\u00f3ra jest w Chrystusie Jezusie, Panu naszym<\/b><\/i><b>.<br \/>\n<\/b>Tak pojmowa\u0142 on swoj\u0105 trosk\u0119 o Ko\u015bci\u00f3\u0142 Chrystusowy.<\/div>\n<div align=\"justify\" style=\"line-height: 150%; margin-bottom: 0cm; text-indent: 1.25cm;\">\nWpatrzeni<br \/>\nw jego przyk\u0142ad, chcemy r\u00f3wnie\u017c <b>w ten w\u0142a\u015bnie spos\u00f3b<\/b><br \/>\npojmowa\u0107 swoj\u0105 chrze\u015bcija\u0144ska postaw\u0119 i \u015bwiadectwo<br \/>\nchrze\u015bcija\u0144skiego \u017cycia: <b>jako dzie\u0142o Bo\u017ce \u2013 <\/b><b>od<br \/>\npocz\u0105tku do ko\u0144ca<\/b><b>!<\/b> Je\u017celi tak b\u0119dziemy je widzie\u0107, to<br \/>\nna pewno <b>nikogo i niczego nie b\u0119dziemy si\u0119 ba\u0107, <\/b><b>ani<br \/>\nswojej wiary wstydzi\u0107.<\/b> Wprost przeciwnie \u2013 ze szczerym<br \/>\nu\u015bmiechem b\u0119dziemy patrze\u0107 ludziom w oczy i <b>rzuca\u0107 wyzwanie<br \/>\nca\u0142emu \u015bwiatu!<\/b><\/div>\n","protected":false},"excerpt":{"rendered":"<p>Szcz\u0119\u015b\u0107 Bo\u017ce! Moi Drodzy, jak wspomnia\u0142em wczoraj, prze\u017cywamy dzisiaj &#8211; przeniesion\u0105 w\u0142a\u015bnie z wczoraj &#8211; Uroczysto\u015b\u0107 \u015awi\u0119tego Stanis\u0142awa, Biskupa i M\u0119czennika, Patrona Polski.&nbsp; &nbsp; &nbsp; &nbsp; Urodziny za\u015b dzisiaj obchodzi Piotr Deres, m\u00f3j Znajomy z Parafii Tr\u0105bki. \u017bycz\u0119 Panu Piotrowi tej wielkiej odwagi i si\u0142y charakteru, kt\u00f3re podziwiamy u \u015awi\u0119tego Stanis\u0142awa. Dzi\u0119kuj\u0105c za wszelk\u0105 \u017cyczliwo\u015b\u0107, [&hellip;]<\/p>\n","protected":false},"author":1,"featured_media":0,"comment_status":"open","ping_status":"open","sticky":false,"template":"","format":"standard","meta":{"jetpack_post_was_ever_published":false,"_jetpack_newsletter_access":"","_jetpack_dont_email_post_to_subs":false,"_jetpack_newsletter_tier_id":0,"_jetpack_memberships_contains_paywalled_content":false,"_jetpack_memberships_contains_paid_content":false,"footnotes":""},"categories":[1],"tags":[],"class_list":["post-8032","post","type-post","status-publish","format-standard","hentry","category-bez-kategorii"],"yoast_head":"<!-- This site is optimized with the Yoast SEO plugin v25.1 - https:\/\/yoast.com\/wordpress\/plugins\/seo\/ -->\n<title>Wyzwanie rzucone \u015bwiatu! - Gaudium Et Spes<\/title>\n<meta name=\"robots\" content=\"index, follow, max-snippet:-1, max-image-preview:large, max-video-preview:-1\" \/>\n<link rel=\"canonical\" href=\"https:\/\/gaudiumetspes-blog.pl\/index.php\/2016\/05\/09\/wyzwanie-rzucone-swiatu\/\" \/>\n<meta property=\"og:locale\" content=\"pl_PL\" \/>\n<meta property=\"og:type\" content=\"article\" \/>\n<meta property=\"og:title\" content=\"Wyzwanie rzucone \u015bwiatu! - Gaudium Et Spes\" \/>\n<meta property=\"og:description\" content=\"Szcz\u0119\u015b\u0107 Bo\u017ce! Moi Drodzy, jak wspomnia\u0142em wczoraj, prze\u017cywamy dzisiaj &#8211; przeniesion\u0105 w\u0142a\u015bnie z wczoraj &#8211; Uroczysto\u015b\u0107 \u015awi\u0119tego Stanis\u0142awa, Biskupa i M\u0119czennika, Patrona Polski.&nbsp; &nbsp; &nbsp; &nbsp; Urodziny za\u015b dzisiaj obchodzi Piotr Deres, m\u00f3j Znajomy z Parafii Tr\u0105bki. \u017bycz\u0119 Panu Piotrowi tej wielkiej odwagi i si\u0142y charakteru, kt\u00f3re podziwiamy u \u015awi\u0119tego Stanis\u0142awa. Dzi\u0119kuj\u0105c za wszelk\u0105 \u017cyczliwo\u015b\u0107, [&hellip;]\" \/>\n<meta property=\"og:url\" content=\"https:\/\/gaudiumetspes-blog.pl\/index.php\/2016\/05\/09\/wyzwanie-rzucone-swiatu\/\" \/>\n<meta property=\"og:site_name\" content=\"Gaudium Et Spes\" \/>\n<meta property=\"article:published_time\" content=\"2016-05-09T01:07:00+00:00\" \/>\n<meta property=\"article:modified_time\" content=\"2019-07-31T10:56:13+00:00\" \/>\n<meta name=\"author\" content=\"Ks. Jacek\" \/>\n<meta name=\"twitter:card\" content=\"summary_large_image\" \/>\n<meta name=\"twitter:label1\" content=\"Napisane przez\" \/>\n\t<meta name=\"twitter:data1\" content=\"Ks. Jacek\" \/>\n\t<meta name=\"twitter:label2\" content=\"Szacowany czas czytania\" \/>\n\t<meta name=\"twitter:data2\" content=\"11 minut\" \/>\n<script type=\"application\/ld+json\" class=\"yoast-schema-graph\">{\"@context\":\"https:\/\/schema.org\",\"@graph\":[{\"@type\":\"WebPage\",\"@id\":\"https:\/\/gaudiumetspes-blog.pl\/index.php\/2016\/05\/09\/wyzwanie-rzucone-swiatu\/\",\"url\":\"https:\/\/gaudiumetspes-blog.pl\/index.php\/2016\/05\/09\/wyzwanie-rzucone-swiatu\/\",\"name\":\"Wyzwanie rzucone \u015bwiatu! - Gaudium Et Spes\",\"isPartOf\":{\"@id\":\"https:\/\/gaudiumetspes-blog.pl\/#website\"},\"datePublished\":\"2016-05-09T01:07:00+00:00\",\"dateModified\":\"2019-07-31T10:56:13+00:00\",\"author\":{\"@id\":\"https:\/\/gaudiumetspes-blog.pl\/#\/schema\/person\/1661982992b752dea8dff0d4ed845a65\"},\"breadcrumb\":{\"@id\":\"https:\/\/gaudiumetspes-blog.pl\/index.php\/2016\/05\/09\/wyzwanie-rzucone-swiatu\/#breadcrumb\"},\"inLanguage\":\"pl-PL\",\"potentialAction\":[{\"@type\":\"ReadAction\",\"target\":[\"https:\/\/gaudiumetspes-blog.pl\/index.php\/2016\/05\/09\/wyzwanie-rzucone-swiatu\/\"]}]},{\"@type\":\"BreadcrumbList\",\"@id\":\"https:\/\/gaudiumetspes-blog.pl\/index.php\/2016\/05\/09\/wyzwanie-rzucone-swiatu\/#breadcrumb\",\"itemListElement\":[{\"@type\":\"ListItem\",\"position\":1,\"name\":\"Strona g\u0142\u00f3wna\",\"item\":\"https:\/\/gaudiumetspes-blog.pl\/\"},{\"@type\":\"ListItem\",\"position\":2,\"name\":\"Wyzwanie rzucone \u015bwiatu!\"}]},{\"@type\":\"WebSite\",\"@id\":\"https:\/\/gaudiumetspes-blog.pl\/#website\",\"url\":\"https:\/\/gaudiumetspes-blog.pl\/\",\"name\":\"Gaudium Et Spes\",\"description\":\"Blog Ks. Jacka Ja\u015bkowskiego\",\"potentialAction\":[{\"@type\":\"SearchAction\",\"target\":{\"@type\":\"EntryPoint\",\"urlTemplate\":\"https:\/\/gaudiumetspes-blog.pl\/?s={search_term_string}\"},\"query-input\":{\"@type\":\"PropertyValueSpecification\",\"valueRequired\":true,\"valueName\":\"search_term_string\"}}],\"inLanguage\":\"pl-PL\"},{\"@type\":\"Person\",\"@id\":\"https:\/\/gaudiumetspes-blog.pl\/#\/schema\/person\/1661982992b752dea8dff0d4ed845a65\",\"name\":\"Ks. Jacek\",\"image\":{\"@type\":\"ImageObject\",\"inLanguage\":\"pl-PL\",\"@id\":\"https:\/\/gaudiumetspes-blog.pl\/#\/schema\/person\/image\/\",\"url\":\"https:\/\/gaudiumetspes-blog.pl\/wp-content\/uploads\/2019\/07\/avatar-JJ-150x150.jpg\",\"contentUrl\":\"https:\/\/gaudiumetspes-blog.pl\/wp-content\/uploads\/2019\/07\/avatar-JJ-150x150.jpg\",\"caption\":\"Ks. Jacek\"},\"description\":\"Witam serdecznie! K\u0142ania si\u0119 Ks. Jacek Ja\u015bkowski. Nie jestem ani kim\u015b wa\u017cnym, ani kim\u015b znanym. Jestem ksi\u0119dzem, kt\u00f3ry po prostu chce rozmawia\u0107. Codzienna kap\u0142a\u0144ska pos\u0142uga pokazuje mi, \u017ce temat\u00f3w do rozm\u00f3w z ksi\u0119dzem jest coraz wi\u0119cej i dzisiaj \u017caden ksi\u0105dz nie mo\u017ce od nich ucieka\u0107, ale - wprost przeciwnie - podejmowa\u0107 nowe wyzwania. To przekonanie sk\u0142oni\u0142o mnie do pr\u00f3by otwarcia tego\u017c bloga, chocia\u017c okazji do rozm\u00f3w na co dzie\u0144 - w konfesjonale i poza nim - na szcz\u0119\u015bcie nie brakuje. My\u015bl\u0119 jednak, \u017ce ten blog b\u0119dzie jeszcze jednym sposobem i przestrzeni\u0105 nawi\u0105zania kontaktu z lud\u017ami dobrej woli, otwartymi na dialog.\",\"url\":\"https:\/\/gaudiumetspes-blog.pl\/index.php\/author\/ks-jacek\/\"}]}<\/script>\n<!-- \/ Yoast SEO plugin. -->","yoast_head_json":{"title":"Wyzwanie rzucone \u015bwiatu! - Gaudium Et Spes","robots":{"index":"index","follow":"follow","max-snippet":"max-snippet:-1","max-image-preview":"max-image-preview:large","max-video-preview":"max-video-preview:-1"},"canonical":"https:\/\/gaudiumetspes-blog.pl\/index.php\/2016\/05\/09\/wyzwanie-rzucone-swiatu\/","og_locale":"pl_PL","og_type":"article","og_title":"Wyzwanie rzucone \u015bwiatu! - Gaudium Et Spes","og_description":"Szcz\u0119\u015b\u0107 Bo\u017ce! Moi Drodzy, jak wspomnia\u0142em wczoraj, prze\u017cywamy dzisiaj &#8211; przeniesion\u0105 w\u0142a\u015bnie z wczoraj &#8211; Uroczysto\u015b\u0107 \u015awi\u0119tego Stanis\u0142awa, Biskupa i M\u0119czennika, Patrona Polski.&nbsp; &nbsp; &nbsp; &nbsp; Urodziny za\u015b dzisiaj obchodzi Piotr Deres, m\u00f3j Znajomy z Parafii Tr\u0105bki. \u017bycz\u0119 Panu Piotrowi tej wielkiej odwagi i si\u0142y charakteru, kt\u00f3re podziwiamy u \u015awi\u0119tego Stanis\u0142awa. Dzi\u0119kuj\u0105c za wszelk\u0105 \u017cyczliwo\u015b\u0107, [&hellip;]","og_url":"https:\/\/gaudiumetspes-blog.pl\/index.php\/2016\/05\/09\/wyzwanie-rzucone-swiatu\/","og_site_name":"Gaudium Et Spes","article_published_time":"2016-05-09T01:07:00+00:00","article_modified_time":"2019-07-31T10:56:13+00:00","author":"Ks. Jacek","twitter_card":"summary_large_image","twitter_misc":{"Napisane przez":"Ks. Jacek","Szacowany czas czytania":"11 minut"},"schema":{"@context":"https:\/\/schema.org","@graph":[{"@type":"WebPage","@id":"https:\/\/gaudiumetspes-blog.pl\/index.php\/2016\/05\/09\/wyzwanie-rzucone-swiatu\/","url":"https:\/\/gaudiumetspes-blog.pl\/index.php\/2016\/05\/09\/wyzwanie-rzucone-swiatu\/","name":"Wyzwanie rzucone \u015bwiatu! - Gaudium Et Spes","isPartOf":{"@id":"https:\/\/gaudiumetspes-blog.pl\/#website"},"datePublished":"2016-05-09T01:07:00+00:00","dateModified":"2019-07-31T10:56:13+00:00","author":{"@id":"https:\/\/gaudiumetspes-blog.pl\/#\/schema\/person\/1661982992b752dea8dff0d4ed845a65"},"breadcrumb":{"@id":"https:\/\/gaudiumetspes-blog.pl\/index.php\/2016\/05\/09\/wyzwanie-rzucone-swiatu\/#breadcrumb"},"inLanguage":"pl-PL","potentialAction":[{"@type":"ReadAction","target":["https:\/\/gaudiumetspes-blog.pl\/index.php\/2016\/05\/09\/wyzwanie-rzucone-swiatu\/"]}]},{"@type":"BreadcrumbList","@id":"https:\/\/gaudiumetspes-blog.pl\/index.php\/2016\/05\/09\/wyzwanie-rzucone-swiatu\/#breadcrumb","itemListElement":[{"@type":"ListItem","position":1,"name":"Strona g\u0142\u00f3wna","item":"https:\/\/gaudiumetspes-blog.pl\/"},{"@type":"ListItem","position":2,"name":"Wyzwanie rzucone \u015bwiatu!"}]},{"@type":"WebSite","@id":"https:\/\/gaudiumetspes-blog.pl\/#website","url":"https:\/\/gaudiumetspes-blog.pl\/","name":"Gaudium Et Spes","description":"Blog Ks. Jacka Ja\u015bkowskiego","potentialAction":[{"@type":"SearchAction","target":{"@type":"EntryPoint","urlTemplate":"https:\/\/gaudiumetspes-blog.pl\/?s={search_term_string}"},"query-input":{"@type":"PropertyValueSpecification","valueRequired":true,"valueName":"search_term_string"}}],"inLanguage":"pl-PL"},{"@type":"Person","@id":"https:\/\/gaudiumetspes-blog.pl\/#\/schema\/person\/1661982992b752dea8dff0d4ed845a65","name":"Ks. Jacek","image":{"@type":"ImageObject","inLanguage":"pl-PL","@id":"https:\/\/gaudiumetspes-blog.pl\/#\/schema\/person\/image\/","url":"https:\/\/gaudiumetspes-blog.pl\/wp-content\/uploads\/2019\/07\/avatar-JJ-150x150.jpg","contentUrl":"https:\/\/gaudiumetspes-blog.pl\/wp-content\/uploads\/2019\/07\/avatar-JJ-150x150.jpg","caption":"Ks. Jacek"},"description":"Witam serdecznie! K\u0142ania si\u0119 Ks. Jacek Ja\u015bkowski. Nie jestem ani kim\u015b wa\u017cnym, ani kim\u015b znanym. Jestem ksi\u0119dzem, kt\u00f3ry po prostu chce rozmawia\u0107. Codzienna kap\u0142a\u0144ska pos\u0142uga pokazuje mi, \u017ce temat\u00f3w do rozm\u00f3w z ksi\u0119dzem jest coraz wi\u0119cej i dzisiaj \u017caden ksi\u0105dz nie mo\u017ce od nich ucieka\u0107, ale - wprost przeciwnie - podejmowa\u0107 nowe wyzwania. To przekonanie sk\u0142oni\u0142o mnie do pr\u00f3by otwarcia tego\u017c bloga, chocia\u017c okazji do rozm\u00f3w na co dzie\u0144 - w konfesjonale i poza nim - na szcz\u0119\u015bcie nie brakuje. My\u015bl\u0119 jednak, \u017ce ten blog b\u0119dzie jeszcze jednym sposobem i przestrzeni\u0105 nawi\u0105zania kontaktu z lud\u017ami dobrej woli, otwartymi na dialog.","url":"https:\/\/gaudiumetspes-blog.pl\/index.php\/author\/ks-jacek\/"}]}},"jetpack_featured_media_url":"","jetpack_sharing_enabled":true,"_links":{"self":[{"href":"https:\/\/gaudiumetspes-blog.pl\/index.php\/wp-json\/wp\/v2\/posts\/8032","targetHints":{"allow":["GET"]}}],"collection":[{"href":"https:\/\/gaudiumetspes-blog.pl\/index.php\/wp-json\/wp\/v2\/posts"}],"about":[{"href":"https:\/\/gaudiumetspes-blog.pl\/index.php\/wp-json\/wp\/v2\/types\/post"}],"author":[{"embeddable":true,"href":"https:\/\/gaudiumetspes-blog.pl\/index.php\/wp-json\/wp\/v2\/users\/1"}],"replies":[{"embeddable":true,"href":"https:\/\/gaudiumetspes-blog.pl\/index.php\/wp-json\/wp\/v2\/comments?post=8032"}],"version-history":[{"count":1,"href":"https:\/\/gaudiumetspes-blog.pl\/index.php\/wp-json\/wp\/v2\/posts\/8032\/revisions"}],"predecessor-version":[{"id":12625,"href":"https:\/\/gaudiumetspes-blog.pl\/index.php\/wp-json\/wp\/v2\/posts\/8032\/revisions\/12625"}],"wp:attachment":[{"href":"https:\/\/gaudiumetspes-blog.pl\/index.php\/wp-json\/wp\/v2\/media?parent=8032"}],"wp:term":[{"taxonomy":"category","embeddable":true,"href":"https:\/\/gaudiumetspes-blog.pl\/index.php\/wp-json\/wp\/v2\/categories?post=8032"},{"taxonomy":"post_tag","embeddable":true,"href":"https:\/\/gaudiumetspes-blog.pl\/index.php\/wp-json\/wp\/v2\/tags?post=8032"}],"curies":[{"name":"wp","href":"https:\/\/api.w.org\/{rel}","templated":true}]}}