{"id":8054,"date":"2016-04-17T03:34:00","date_gmt":"2016-04-17T01:34:00","guid":{"rendered":"https:\/\/gaudiumetspes-blog.pl\/index.php\/2016\/04\/17\/dobry-pasterz-zaprasza-nie-zmusza\/"},"modified":"2019-07-31T12:56:11","modified_gmt":"2019-07-31T10:56:11","slug":"dobry-pasterz-zaprasza-nie-zmusza","status":"publish","type":"post","link":"https:\/\/gaudiumetspes-blog.pl\/index.php\/2016\/04\/17\/dobry-pasterz-zaprasza-nie-zmusza\/","title":{"rendered":"Dobry Pasterz zaprasza &#8211; nie zmusza&#8230;"},"content":{"rendered":"<div align=\"justify\" style=\"line-height: 150%; margin-bottom: 0cm;\">\nNiech b\u0119dzie pochwalony Jezus Chrystus! Moi Drodzy, w dniu dzisiejszym<b> urodziny obchodz\u0105: Marek Szel\u0105g, m\u00f3j Znajomy z Parafii w Celestynowie, oraz Karol Kulikowski, za czas\u00f3w mojego pierwszego wikariatu &#8211; Lektor i cz\u0142onek KSM w Radory\u017cu Ko\u015bcielnym. \u017bycz\u0119 Drogim Jubilatom, aby zawsze pod\u0105\u017cali za Jezusem &#8211; Dobrym Pasterzem. I o to b\u0119d\u0119 si\u0119 dla Nich modli\u0142.<\/b><\/div>\n<div align=\"justify\" style=\"line-height: 150%; margin-bottom: 0cm;\">\n<b>&nbsp; &nbsp; &nbsp; Imieniny natomiast obchodzi Robert Pogorzelski, nasz sta\u0142y Komentator, tak aktywnie obecny na blogu. Dzi\u0119kuj\u0105c Solenizantowi za t\u0119 tw\u00f3rcz\u0105 aktywno\u015b\u0107 i za cenne refleksje, kt\u00f3rymi nas ubogaca, \u017cycz\u0119 szczerze i serdecznie, aby Dobry Pasterz sam udziela\u0142 Mu zawsze odpowiedzi na wszystkie pytania, jakie b\u0119d\u0105 si\u0119 pojawia\u0142y na drodze Jego intensywnych duchowych poszukiwa\u0144. Ja za\u015b b\u0119d\u0119 te poszukiwania &#8211; i wszelk\u0105 tw\u00f3rcz\u0105 aktywno\u015b\u0107 naszego Solenizanta &#8211; wspiera\u0142 modlitw\u0105!<\/b><\/div>\n<div align=\"justify\" style=\"line-height: 150%; margin-bottom: 0cm;\">\n&nbsp; &nbsp; &nbsp; &nbsp; &nbsp; &nbsp;Moi Drodzy, dzi\u0119kujmy Bogu za Jubileusz 1050 rocznicy Chrztu Polski. Niech z tego wyniknie prawdziwe duchowe dobro dla naszej Ojczyzny &#8211; autentyczny powr\u00f3t do \u017ar\u00f3de\u0142 wiary przez wszystkich ochrzczonych. A przecie\u017c w naszej Ojczy\u017anie jest ich tak wielu&#8230;<\/div>\n<div align=\"justify\" style=\"line-height: 150%; margin-bottom: 0cm;\">\n&nbsp; &nbsp; &nbsp; &nbsp;Na g\u0142\u0119bokie prze\u017cywanie Niedzieli Dobrego Pasterza<b> &#8211; niech Was b\u0142ogos\u0142awi B\u00f3g Wszechmog\u0105cy: Ojciec + i Syn, i Duch \u015awi\u0119ty. Amen<\/b><\/div>\n<div align=\"justify\" style=\"line-height: 150%; margin-bottom: 0cm;\">\n&nbsp; &nbsp; &nbsp; &nbsp; &nbsp; &nbsp; &nbsp; &nbsp; &nbsp; &nbsp; &nbsp; &nbsp; &nbsp; &nbsp; &nbsp; &nbsp; &nbsp; &nbsp; &nbsp; Gaudium et spes! &nbsp;Ks. Jacek<\/div>\n<div align=\"justify\" style=\"line-height: 150%; margin-bottom: 0cm;\">\n<b><br \/><\/b><\/div>\n<div align=\"justify\" style=\"line-height: 150%; margin-bottom: 0cm;\">\n<b>4<br \/>\nNiedziela Wielkanocy, C,<\/b><\/div>\n<div align=\"justify\" style=\"line-height: 150%; margin-bottom: 0cm;\">\n<b>do<br \/>\nczyta\u0144:  Dz 13,14,43\u201352;  Ap 7,9.14b\u201317;  J 10,27\u201330<\/b><\/div>\n<div align=\"justify\" style=\"line-height: 150%; margin-bottom: 0cm;\">\n<\/div>\n<div align=\"justify\" style=\"line-height: 150%; margin-bottom: 0cm; page-break-before: auto;\">\n<b>CZYTANIE<br \/>\nZ DZIEJ\u00d3W APOSTOLSKICH:<\/b><\/div>\n<div align=\"justify\" style=\"line-height: 150%; margin-bottom: 0cm; text-indent: 1.22cm;\">\n<b>W<br \/>\nowym czasie Pawe\u0142 i Barnaba przeszed\u0142szy przez Perge, dotarli do<br \/>\nAntiochii Pizydyjskiej, weszli w dzie\u0144 sobotni do synagogi i<br \/>\nusiedli. <\/b>\n<\/div>\n<div align=\"justify\" style=\"line-height: 150%; margin-bottom: 0cm; text-indent: 1.22cm;\">\n<b>A<br \/>\nwielu \u017byd\u00f3w i pobo\u017cnych prozelit\u00f3w towarzyszy\u0142o Paw\u0142owi i<br \/>\nBarnabie, kt\u00f3rzy w rozmowie starali si\u0119 zach\u0119ci\u0107 ich do wytrwania<br \/>\nw \u0142asce Boga. <\/b>\n<\/div>\n<div align=\"justify\" style=\"line-height: 150%; margin-bottom: 0cm; text-indent: 1.22cm;\">\n<b>W<br \/>\nnast\u0119pny szabat zebra\u0142o si\u0119 niemal ca\u0142e miasto, aby s\u0142ucha\u0107<br \/>\ns\u0142owa<br \/>\nBo\u017cego. Gdy \u017bydzi zobaczyli t\u0142umy, ogarn\u0119\u0142a ich zazdro\u015b\u0107, i<br \/>\nblu\u017ani\u0105c sprzeciwiali si\u0119 temu, co m\u00f3wi\u0142 Pawe\u0142. <\/b>\n<\/div>\n<div align=\"justify\" style=\"line-height: 150%; margin-bottom: 0cm; text-indent: 1.22cm;\">\n<b>Wtedy<br \/>\nPawe\u0142 i Barnaba powiedzieli odwa\u017cnie: \u201eNale\u017ca\u0142o g\u0142osi\u0107 s\u0142owo<br \/>\nBo\u017ce najpierw wam. Skoro jednak odrzucacie je i sami uznajecie si\u0119<br \/>\nza niegodnych \u017cycia wiecznego, zwracamy si\u0119 do pogan. Tak bowiem<br \/>\nnakaza\u0142 nam Pan: \u00abUstanowi\u0142em ci\u0119 \u015bwiat\u0142o\u015bci\u0105 dla pogan, aby\u015b<br \/>\nby\u0142 zbawieniem a\u017c po kra\u0144ce ziemi\u00bb\u201d. <\/b>\n<\/div>\n<div align=\"justify\" style=\"line-height: 150%; margin-bottom: 0cm; text-indent: 1.22cm;\">\n<b>Poganie<br \/>\ns\u0142ysz\u0105c to radowali si\u0119 i uwielbiali s\u0142owo Pa\u0144skie, a wszyscy,<br \/>\nprzeznaczeni do \u017cycia wiecznego, uwierzyli. S\u0142owo Pa\u0144skie<br \/>\nrozszerza\u0142o si\u0119 po ca\u0142ym kraju. <\/b>\n<\/div>\n<div align=\"justify\" style=\"line-height: 150%; margin-bottom: 0cm; text-indent: 1.22cm;\">\n<b>Ale<br \/>\n\u017bydzi podburzyli pobo\u017cne a wp\u0142ywowe kobiety i znaczniejszych<br \/>\nobywateli, wywo\u0142ali prze\u015bladowanie Paw\u0142a i Barnaby i wyrzucili ich<br \/>\nze swych granic. A oni otrz\u0105sn\u0105wszy na nich py\u0142 z n\u00f3g, przyszli<br \/>\ndo Ikonium, a uczni\u00f3w nape\u0142nia\u0142o wesele i Duch \u015awi\u0119ty.<\/b><\/div>\n<div align=\"justify\" style=\"line-height: 150%; margin-bottom: 0cm;\">\n<\/div>\n<div align=\"justify\" style=\"line-height: 150%; margin-bottom: 0cm;\">\n<b>CZYTANIE<br \/>\nZ KSI\u0118GI APOKALIPSY \u015aWI\u0118TEGO<br \/>\nJANA APOSTO\u0141A:<\/b><\/div>\n<div align=\"justify\" style=\"line-height: 150%; margin-bottom: 0cm; page-break-before: auto; text-indent: 1.3cm;\">\n<b>Ja,<br \/>\nJan, ujrza\u0142em wielki t\u0142um, kt\u00f3rego nie m\u00f3g\u0142 nikt policzy\u0107, z<br \/>\nka\u017cdego narodu i wszystkich pokole\u0144, lud\u00f3w i j\u0119zyk\u00f3w, stoj\u0105cych<br \/>\nprzed tronem i Barankiem. Odziani s\u0105 w bia\u0142e szaty, a w r\u0119ku ich<br \/>\npalmy. <\/b>\n<\/div>\n<div align=\"justify\" style=\"line-height: 150%; margin-bottom: 0cm; text-indent: 1.3cm;\">\n<b>I<br \/>\nrzek\u0142 do mnie jeden ze starc\u00f3w: \u201eTo ci, kt\u00f3rzy przychodz\u0105 z<br \/>\nwielkiego ucisku i op\u0142ukali swe szaty, i w krwi Baranka je<br \/>\nwybielili. Dlatego s\u0105 przed tronem Boga i w Jego \u015awi\u0105tyni cze\u015b\u0107<br \/>\nMu oddaj\u0105 we dnie i w nocy. A Siedz\u0105cy na tronie rozci\u0105gnie nad<br \/>\nnimi namiot. Nie b\u0119d\u0105 ju\u017c \u0142akn\u0105\u0107 ani nie b\u0119d\u0105 ju\u017c pragn\u0105\u0107,<br \/>\ni nie porazi ich s\u0142o\u0144ce ani \u017caden upa\u0142, bo pa\u015b\u0107 ich b\u0119dzie<br \/>\nBaranek, kt\u00f3ry jest w po\u015brodku tronu, i poprowadzi ich do \u017ar\u00f3de\u0142<br \/>\nw\u00f3d \u017cycia: i ka\u017cd\u0105 \u0142z\u0119 otrze B\u00f3g z ich oczu.\u201d<\/b><\/div>\n<div align=\"justify\" style=\"line-height: 150%; margin-bottom: 0cm;\">\n<\/div>\n<div align=\"justify\" style=\"line-height: 150%; margin-bottom: 0cm;\">\n<b>S\u0141OWA<br \/>\nEWANGELII WED\u0141UG \u015aWI\u0118TEGO<br \/>\nJANA: <\/b>\n<\/div>\n<div align=\"justify\" style=\"line-height: 150%; margin-bottom: 0cm; text-indent: 1.24cm;\">\n<b>Jezus<br \/>\npowiedzia\u0142: \u201eMoje owce s\u0142uchaj\u0105 mego g\u0142osu, a Ja znam je. Id\u0105<br \/>\none za Mn\u0105 i Ja daj\u0119 im \u017cycie wieczne. Nie zgin\u0105 one na wieki i<br \/>\nnikt nie wyrwie ich z mojej r\u0119ki. Ojciec m\u00f3j, kt\u00f3ry Mi je da\u0142,<br \/>\njest wi\u0119kszy od wszystkich. I nikt nie mo\u017ce ich wyrwa\u0107 z r\u0119ki<br \/>\nmego Ojca. Ja i Ojciec jedno jeste\u015bmy\u201d. <\/b>\n<\/div>\n<div align=\"justify\" style=\"line-height: 150%; margin-bottom: 0cm;\">\n<\/div>\n<div align=\"justify\" style=\"line-height: 150%; margin-bottom: 0cm; page-break-before: auto; text-indent: 1.3cm;\">\nCzwart\u0105<br \/>\nNiedziel\u0119 Wielkanocn\u0105, kt\u00f3r\u0105 dzi\u015b<br \/>\nprze\u017cywamy, zwyk\u0142o<br \/>\nsi\u0119 nazywa\u0107 <b>Niedziel\u0105<br \/>\nDobrego Pasterza, <\/b>poniewa\u017c<br \/>\nteksty<br \/>\nliturgii<br \/>\nS\u0142owa, kt\u00f3rych przed chwil\u0105 uwa\u017cnie wys\u0142uchali\u015bmy, kilkakrotnie<br \/>\nnazywaj\u0105 Jezusa Chrystusa <b>Dobrym<br \/>\nPasterzem.<\/b><\/p>\n<\/div>\n<div align=\"justify\" style=\"line-height: 150%; margin-bottom: 0cm; text-indent: 1.3cm;\">\nW<br \/>\npierwszym czytaniu, z Dziej\u00f3w Apostolskich, us\u0142yszeli\u015bmy opis do\u015b\u0107<br \/>\nciekawego wydarzenia. Pawe\u0142 i Barnaba, chodz\u0105c po miastach i<br \/>\ng\u0142osz\u0105c Dobr\u0105 Nowin\u0119 o Jezusie, a wi\u0119c now\u0105 nauk\u0119, kt\u00f3ra<br \/>\nprzez jednych by\u0142a <b>przyjmowana,<\/b> przez innych <b>odrzucana, <\/b>u<br \/>\ninnych jeszcze <b>wywo\u0142ywa\u0142a zdziwienie<\/b> \u2013 w tej to swojej<br \/>\npodr\u00f3\u017cy dotarli do Antiochii Pizydyjskiej. W szabat weszli do<br \/>\nsynagogi i nauczali. Zach\u0119cali tych, kt\u00f3rzy ju\u017c uwierzyli<br \/>\nJezusowi, aby w wierze wytrwali. <b>Jaki odzew wywo\u0142a\u0142a ta nauka,<\/b><br \/>\nz jak\u0105 moc\u0105 Pawe\u0142 i Barnaba m\u00f3wili o swoim Mistrzu, skoro za<br \/>\ntydzie\u0144 na spotkanie z nimi <b>wyleg\u0142o ca\u0142e niemal miasto!<\/b><\/div>\n<div align=\"justify\" style=\"line-height: 150%; margin-bottom: 0cm; text-indent: 1.3cm;\">\nTrudno<br \/>\nwyobrazi\u0107 sobie bardziej owocn\u0105 pos\u0142ug\u0119 s\u0142owa. Nieraz nie spos\u00f3b<br \/>\nprzekona\u0107 jednej osoby, a oto tutaj <b>w ci\u0105gu tygodnia ca\u0142e<br \/>\nmiasto wyleg\u0142o na spotkanie.<\/b> To pow\u00f3d do wielkiej rado\u015bci!\n<\/div>\n<div align=\"justify\" style=\"line-height: 150%; margin-bottom: 0cm; text-indent: 1.3cm;\">\nTak,<br \/>\nale w \u017cyciu cz\u0142owieka <b>rado\u015b\u0107 zawsze po\u0142\u0105czona jest ze<br \/>\nsmutkiem;<\/b> z czym\u015b, co j\u0105 zak\u0142\u00f3ca \u2013 tak jak dobro zwykle<br \/>\nwyst\u0119puje w parze ze z\u0142em. Podobnie i w \u017cyciu i dzia\u0142alno\u015bci<br \/>\nAposto\u0142\u00f3w: rado\u015b\u0107 a rozprzestrzeniania si\u0119 Dobrej Nowiny nie<br \/>\nmog\u0142a uj\u015b\u0107 uwadze zazdrosnych \u017byd\u00f3w, kt\u00f3rzy <i><b>gdy <\/b><\/i><b>[\u2026]<\/b><i><b><br \/>\nzobaczyli t\u0142umy, ogarn\u0119\u0142a ich zazdro\u015b\u0107 i blu\u017ani\u0105c sprzeciwili<br \/>\nsi\u0119 temu, co m\u00f3wi\u0142 Pawe\u0142.<\/b><\/i><\/div>\n<div align=\"justify\" style=\"line-height: 150%; margin-bottom: 0cm; text-indent: 1.3cm;\">\nW<br \/>\ndalszej cz\u0119\u015bci czytania s\u0142yszeli\u015bmy, i\u017c poganie cieszyli si\u0119 i<br \/>\n<i><b>uwielbiali S\u0142owo Pa\u0144skie, a wszyscy, przeznaczeni do \u017cycia<br \/>\nwiecznego, uwierzyli. S\u0142owo Pa\u0144skie rozszerza\u0142o si\u0119 po ca\u0142ym<br \/>\nkraju.<\/b><\/i> Ale zauwa\u017cmy, \u017ce i za t\u0105 drug\u0105 informacj\u0105 stoi \u2013<br \/>\nniczym cie\u0144 za postaci\u0105 \u2013 stwierdzenie, \u017ce \u017bydzi podburzyli<br \/>\n<i><b>wp\u0142ywowe kobiety i zacniejszych obywateli, wywo\u0142ali<br \/>\nprze\u015bladowanie Paw\u0142a i Barnaby i wyrzucili ich ze swych granic.<\/b><\/i><\/p>\n<\/div>\n<div align=\"justify\" style=\"line-height: 150%; margin-bottom: 0cm; text-indent: 1.3cm;\">\nJakby<br \/>\nna zasadzie przeciwstawienia widzimy tu dwie <b>ca\u0142kowicie<\/b> <b>r\u00f3\u017cne<br \/>\npostawy: <\/b>postaw\u0119 pobo\u017cnych prozelit\u00f3w, raduj\u0105cych si\u0119 pogan,<br \/>\nkt\u00f3rzy z zapa\u0142em w sercu <b>zwracali si\u0119 ku Chrystusowi;<\/b><br \/>\npostaw\u0119 wielu ludzi zas\u0142uchanych w s\u0142owa Paw\u0142a \u2013 i drug\u0105<br \/>\npostaw\u0119: <b>zazdro\u015bci, zawi\u015bci , buntu.<\/b><\/div>\n<div align=\"justify\" style=\"line-height: 150%; margin-bottom: 0cm; text-indent: 1.3cm;\">\nTe<br \/>\ndwie postawy, ukazane w Ksi\u0119dze Dziej\u00f3w Apostolskich, s\u0105<br \/>\ndoskona\u0142ym <b>odzwierciedleniem <\/b>postaw<br \/>\nludzi s\u0142uchaj\u0105cych Chrystusa <b>na przestrzeni wszystkich<br \/>\nwiek\u00f3w istnienia Ko\u015bcio\u0142a. <\/b>Zawsze byli i s\u0105 tacy, kt\u00f3rzy<br \/>\ns\u0142uchaj\u0105 uwa\u017cnie, kt\u00f3rzy wierz\u0105 \u2013 i s\u0105 tacy, kt\u00f3rzy blu\u017ani\u0105,<br \/>\nz\u0142orzecz\u0105, fa\u0142szuj\u0105. Jezus Chrystus dzisiaj w Ewangelii m\u00f3wi o<br \/>\ntej pierwszej postawie: <i><b>Moje owce s\u0142uchaj\u0105 mego g\u0142osu, a Ja<br \/>\nznam je. Id\u0105 one za Mn\u0105 i Ja daj\u0119 im<\/b><\/i><b> <\/b><i><b>\u017cycie<br \/>\nwieczne. Nie zgin\u0105 one na wieki i nikt nie wyrwie ich z Mojej r\u0119ki.<\/b><\/i><b><br \/>\n<\/b>Dobry Pasterz gromadzi przy sobie owce, zna je i kocha.<\/div>\n<div align=\"justify\" style=\"line-height: 150%; margin-bottom: 0cm; text-indent: 1.3cm;\">\nTo<br \/>\noczywi\u015bcie tylko obraz, ale obraz bardzo wyrazisty: Jezus Chrystus<br \/>\n<b>gromadzi przy sobie tych, kt\u00f3rzy chc\u0105 Go s\u0142ucha\u0107, <\/b>kt\u00f3rzy<br \/>\nchc\u0105 by\u0107 przy Nim. I je\u017celi kto\u015b chce by\u0107 przy Jezusie, wtedy<br \/>\n<b>nic mu nie zagra\u017ca.<\/b> Bo nawet je\u015bli z zewn\u0105trz dozna ucisku<br \/>\ni cierpienia, je\u017celi nawet ze strony ludzi spotyka go fizyczna<br \/>\n\u015bmier\u0107, to w tym wymiarze duchowym i w tym <b>wymiarze wiecznym \u2013<br \/>\noka\u017ce si\u0119 zwyci\u0119zc\u0105!<\/b> Us\u0142yszmy raz jeszcze s\u0142owa Chrystusa:<br \/>\n<i><b>Nie zgin\u0105 one na wieki i nikt nie wyrwie ich z mojej r\u0119ki<\/b><\/i><b>.<br \/>\n[\u2026]<\/b><i><b> Nikt nie mo\u017ce ich wyrwa\u0107 z r\u0119ki mego Ojca. Ja i<br \/>\nOjciec jedno jeste\u015bmy.<\/b><\/i><\/div>\n<div align=\"justify\" style=\"line-height: 150%; margin-bottom: 0cm; text-indent: 1.3cm;\">\nGwarantem<br \/>\nzwyci\u0119stwa ludzi oddanych Chrystusowi jest On sam \u2013 Zbawiciel,<br \/>\n<i><b>Baranek, kt\u00f3ry jest w po\u015brodku tronu<\/b><\/i> \u2013 jak<br \/>\ns\u0142yszeli\u015bmy w drugim czytaniu. Ale Gwarantem tego zwyci\u0119stwa jest<br \/>\nte\u017c Ojciec Niebieski, \u00f3w pot\u0119\u017cny<i> <\/i><i><b>S<\/b><\/i><i><b>iedz\u0105cy<br \/>\nna tronie.<\/b><\/i><b> <\/b>Obraz za\u015b szcz\u0119\u015bcia zbawionych ukazuje<br \/>\nnam drugie czytanie, z Ksi\u0119gi Apokalipsy \u015awi\u0119tego Jana Aposto\u0142a.<br \/>\nObraz to tajemniczy, ukazuj\u0105cy pot\u0119g\u0119 Nieba. Oto <i><b>wielki<br \/>\nt\u0142um, kt\u00f3rego nie m\u00f3g\u0142 nikt policzy\u0107, z ka\u017cdego narodu i<br \/>\nwszystkich pokole\u0144, lud\u00f3w i j\u0119zyk\u00f3w, stoj\u0105cych przed tronem i<br \/>\nBarankiem. Odziani s\u0105 w bia\u0142e szaty i w r\u0119ku ich palmy.<\/b><\/i><\/div>\n<div align=\"justify\" style=\"line-height: 150%; margin-bottom: 0cm; text-indent: 1.3cm;\">\nMoi<br \/>\nDrodzy! <b>Sam B\u00f3g jest Gwarantem szcz\u0119\u015bcia<\/b> tych, kt\u00f3rzy si\u0119<br \/>\ndo Niego zwracaj\u0105. Problem jednak zaczyna si\u0119 wtedy, kiedy si\u0119<br \/>\njest blisko tego Jedynego Pasterza, <b>a szuka si\u0119 innych pasterzy.<br \/>\n<\/b>Problem zaczyna si\u0119 wtedy, gdy dobrowolnie rezygnuje si\u0119 z<br \/>\nopieki tego <b>Najwy\u017cszego <\/b><b>Opiekuna<\/b><b>.<\/b> A na to ju\u017c<br \/>\nnaprawd\u0119 nikt nic nie poradzi, to sprawa naszej osobistej decyzji,<br \/>\nosobistego wyboru.\n<\/div>\n<div align=\"justify\" style=\"line-height: 150%; margin-bottom: 0cm; text-indent: 1.3cm;\">\nWierno\u015b\u0107<br \/>\nJedynemu Pasterzowi, wytrwa\u0142e kroczenie za Nim \u2013 oto prawdziwa<br \/>\ndroga! A tymczasem jest w nas <b>pokusa poszukiwania coraz to nowych<br \/>\npastwisk,<\/b> pokusa poszukiwania tego, co rzekomo bardziej<br \/>\natrakcyjne, a co w rezultacie okazuje si\u0119 k\u0142amstwem, pu\u0142apk\u0105.<br \/>\nPotem jest ju\u017c tylko rozgoryczenie, poczucie zawodu\u2026<\/div>\n<div align=\"justify\" style=\"line-height: 150%; margin-bottom: 0cm; text-indent: 1.3cm;\">\nTrzeba<br \/>\ntu jednak powiedzie\u0107 jasno, \u017ce obraz Dobrego Pasterza, zarysowany w<br \/>\ndzisiejszej Ewangelii, jak te\u017c obraz pod\u0105\u017caj\u0105cych za Nim owiec \u2013<br \/>\n<b>nie jest obrazem sielanki i beztroski. <\/b>Zauwa\u017cmy raz jeszcze,<br \/>\n\u017ce w czytaniu z Ksi\u0119gi Apokalipsy us\u0142yszeli\u015bmy o tych, kt\u00f3rzy<br \/>\npochodz\u0105 <i><b>z wielkiego ucisku.<\/b><\/i> To te\u017c jest droga<br \/>\npod\u0105\u017cania za Jedynym Pasterzem \u2013 droga trudna, droga cierpienia\u2026<\/p>\n<\/div>\n<div align=\"justify\" style=\"line-height: 150%; margin-bottom: 0cm; text-indent: 1.3cm;\">\nAle<br \/>\nprzecie\u017c Chrystus nigdy nikomu nie obiecywa\u0142 tu na ziemi sielanki,<br \/>\nnie obiecywa\u0142 beztroski. Daje nam potrzebne do zbawienia pomoce,<br \/>\ndaje nam swoje Cia\u0142o na pokarm, daje nam swoje S\u0142owo i zaprasza do<br \/>\nwytrwa\u0142ego kroczenia za sob\u0105. Ale ta droga <b>mo\u017ce by\u0107 drog\u0105<br \/>\nkamienist\u0105, mo\u017ce by\u0107 drog\u0105 <\/b><b>pod g\u00f3r\u0119, drog\u0105 <\/b><b>cierpienia.<\/b><br \/>\nI wtedy wytrwa\u0107 przy Chrystusie, wtedy i\u015b\u0107 za Nim Jego drog\u0105,<br \/>\nwtedy nie szuka\u0107 dr\u00f3g \u0142atwiejszych \u2013<b> oto wiara prawdziwa, oto<br \/>\nrzeczywista wierno\u015b\u0107! <\/b>\n<\/div>\n<div align=\"justify\" style=\"line-height: 150%; margin-bottom: 0cm; text-indent: 1.3cm;\">\nDobry<br \/>\nPasterz nikogo nie zmusza do p\u00f3j\u015bcia za sob\u0105, pozostawia <b>wolny<\/b><b><br \/>\nwyb<\/b><b>\u00f3r<\/b><b>,<\/b> daje mo\u017cliwo\u015b\u0107 podj\u0119cia decyzji, kt\u00f3r\u0105<br \/>\nzawsze szanuje. Mo\u017ce jednak skierowa\u0107 do nas \u2013 s\u0142owami \u015awi\u0119ta<br \/>\nPaw\u0142a, zapisanymi w dzisiejszym pierwszym czytaniu \u2013 powa\u017cne<br \/>\nostrze\u017cenie:<i> <\/i><i><b>Nale\u017ca\u0142o g\u0142osi\u0107 <\/b><\/i><i><b>s<\/b><\/i><i><b>\u0142owo<br \/>\nBo\u017ce najpierw wam. Skoro jednak odrzucacie je i sami uznajecie si\u0119<br \/>\nza niegodnych \u017cycia wiecznego, zwracamy si\u0119 do pogan.<\/b><\/i>\n<\/div>\n<div align=\"justify\" style=\"line-height: 150%; margin-bottom: 0cm; text-indent: 1.3cm;\">\nWiemy<br \/>\no tym, \u017ce poganie nieraz byli w pogardzie u \u017byd\u00f3w, wyznawc\u00f3w<br \/>\nreligii Moj\u017ceszowej. Jednak to w\u0142a\u015bnie oni, poganie, cz\u0119sto<br \/>\nokazywali si\u0119 <b>bardziej otwarci na nowy powiew Prawdy,<\/b> ni\u017c<br \/>\nzatwardziali i przekonani o w\u0142asnej nieomylno\u015bci \u017bydzi. Nie mo\u017ce<br \/>\nzatem dziwi\u0107 bunt po stronie tych ostatnich. \u017beby bowiem przyj\u0105\u0107<br \/>\nnow\u0105 nauk\u0119, trzeba otworzy\u0107 serce, <b>ale jak<\/b><b> otworzy\u0107<br \/>\nserce <\/b><b>tak <\/b><b>zaskorupia\u0142e i zatwardzia\u0142e?\u2026 <\/b>\n<\/div>\n<div align=\"justify\" style=\"line-height: 150%; margin-bottom: 0cm; text-indent: 1.3cm;\">\nDzisiaj<br \/>\nDobry Pasterz przychodzi ze swym zaproszeniem do ka\u017cdej i ka\u017cdego z<br \/>\nnas: do mnie \u2013 i do Ciebie. <b>Przyjmiesz zaproszenie?<\/b> Dasz si\u0119<br \/>\npoprowadzi\u0107? <b>Nie musisz \u2013 mo\u017cesz.<\/b> A mo\u017cesz odrzuci\u0107,<br \/>\nmo\u017cesz p\u00f3j\u015b\u0107 za innym pasterzem\u2026 Tylko \u2013 za kim?\u2026 I dok\u0105d<br \/>\nten inny pasterz Ci\u0119 poprowadzi?\u2026\n<\/div>\n<div align=\"justify\" style=\"line-height: 150%; margin-bottom: 0cm; text-indent: 1.3cm;\">\nNiestety,<br \/>\nDobry Pasterz ma w dzisiejszym \u015bwiecie <b>du\u017c\u0105<\/b> <b>\u201ekonkurencj\u0119\u201d.<\/b><br \/>\nAle tylko On \u2013 ten jedyny i prawdziwy \u2013 mo\u017ce powiedzie\u0107 z ca\u0142\u0105<br \/>\npewno\u015bci\u0105 i szczero\u015bci\u0105: <i><b>Moje<br \/>\nowce s\u0142uchaj\u0105 mego g\u0142osu, a Ja znam je. Id\u0105 one za Mn\u0105 i Ja daj\u0119<br \/>\nim \u017cycie wieczne. Nie zgin\u0105 one na wieki i nikt nie wyrwie ich z<br \/>\nmojej r\u0119ki. Ojciec m\u00f3j, kt\u00f3ry Mi je da\u0142, jest wi\u0119kszy od<br \/>\nwszystkich. I nikt nie mo\u017ce ich wyrwa\u0107 z r\u0119ki mego Ojca. Ja i<br \/>\nOjciec jedno jeste\u015bmy.<\/b><\/i><\/div>\n<div align=\"justify\" style=\"line-height: 150%; margin-bottom: 0cm; text-indent: 1.3cm;\">\n\u017baden<br \/>\ninny pasterz tego nie jest w stanie powiedzie\u0107. Tylko ten jeden,<br \/>\njedyny\u2026<\/div>\n<div align=\"justify\" style=\"line-height: 150%; margin-bottom: 0cm; text-indent: 1.3cm;\">\nZatem<br \/>\n\u2013 wybieraj!<\/div>\n","protected":false},"excerpt":{"rendered":"<p>Niech b\u0119dzie pochwalony Jezus Chrystus! Moi Drodzy, w dniu dzisiejszym urodziny obchodz\u0105: Marek Szel\u0105g, m\u00f3j Znajomy z Parafii w Celestynowie, oraz Karol Kulikowski, za czas\u00f3w mojego pierwszego wikariatu &#8211; Lektor i cz\u0142onek KSM w Radory\u017cu Ko\u015bcielnym. \u017bycz\u0119 Drogim Jubilatom, aby zawsze pod\u0105\u017cali za Jezusem &#8211; Dobrym Pasterzem. I o to b\u0119d\u0119 si\u0119 dla Nich modli\u0142. [&hellip;]<\/p>\n","protected":false},"author":1,"featured_media":0,"comment_status":"open","ping_status":"open","sticky":false,"template":"","format":"standard","meta":{"jetpack_post_was_ever_published":false,"_jetpack_newsletter_access":"","_jetpack_dont_email_post_to_subs":false,"_jetpack_newsletter_tier_id":0,"_jetpack_memberships_contains_paywalled_content":false,"_jetpack_memberships_contains_paid_content":false,"footnotes":""},"categories":[1],"tags":[],"class_list":["post-8054","post","type-post","status-publish","format-standard","hentry","category-bez-kategorii"],"yoast_head":"<!-- This site is optimized with the Yoast SEO plugin v25.1 - https:\/\/yoast.com\/wordpress\/plugins\/seo\/ -->\n<title>Dobry Pasterz zaprasza - nie zmusza... - Gaudium Et Spes<\/title>\n<meta name=\"robots\" content=\"index, follow, max-snippet:-1, max-image-preview:large, max-video-preview:-1\" \/>\n<link rel=\"canonical\" href=\"https:\/\/gaudiumetspes-blog.pl\/index.php\/2016\/04\/17\/dobry-pasterz-zaprasza-nie-zmusza\/\" \/>\n<meta property=\"og:locale\" content=\"pl_PL\" \/>\n<meta property=\"og:type\" content=\"article\" \/>\n<meta property=\"og:title\" content=\"Dobry Pasterz zaprasza - nie zmusza... - Gaudium Et Spes\" \/>\n<meta property=\"og:description\" content=\"Niech b\u0119dzie pochwalony Jezus Chrystus! Moi Drodzy, w dniu dzisiejszym urodziny obchodz\u0105: Marek Szel\u0105g, m\u00f3j Znajomy z Parafii w Celestynowie, oraz Karol Kulikowski, za czas\u00f3w mojego pierwszego wikariatu &#8211; Lektor i cz\u0142onek KSM w Radory\u017cu Ko\u015bcielnym. \u017bycz\u0119 Drogim Jubilatom, aby zawsze pod\u0105\u017cali za Jezusem &#8211; Dobrym Pasterzem. I o to b\u0119d\u0119 si\u0119 dla Nich modli\u0142. [&hellip;]\" \/>\n<meta property=\"og:url\" content=\"https:\/\/gaudiumetspes-blog.pl\/index.php\/2016\/04\/17\/dobry-pasterz-zaprasza-nie-zmusza\/\" \/>\n<meta property=\"og:site_name\" content=\"Gaudium Et Spes\" \/>\n<meta property=\"article:published_time\" content=\"2016-04-17T01:34:00+00:00\" \/>\n<meta property=\"article:modified_time\" content=\"2019-07-31T10:56:11+00:00\" \/>\n<meta name=\"author\" content=\"Ks. Jacek\" \/>\n<meta name=\"twitter:card\" content=\"summary_large_image\" \/>\n<meta name=\"twitter:label1\" content=\"Napisane przez\" \/>\n\t<meta name=\"twitter:data1\" content=\"Ks. Jacek\" \/>\n\t<meta name=\"twitter:label2\" content=\"Szacowany czas czytania\" \/>\n\t<meta name=\"twitter:data2\" content=\"10 minut\" \/>\n<script type=\"application\/ld+json\" class=\"yoast-schema-graph\">{\"@context\":\"https:\/\/schema.org\",\"@graph\":[{\"@type\":\"WebPage\",\"@id\":\"https:\/\/gaudiumetspes-blog.pl\/index.php\/2016\/04\/17\/dobry-pasterz-zaprasza-nie-zmusza\/\",\"url\":\"https:\/\/gaudiumetspes-blog.pl\/index.php\/2016\/04\/17\/dobry-pasterz-zaprasza-nie-zmusza\/\",\"name\":\"Dobry Pasterz zaprasza - nie zmusza... - Gaudium Et Spes\",\"isPartOf\":{\"@id\":\"https:\/\/gaudiumetspes-blog.pl\/#website\"},\"datePublished\":\"2016-04-17T01:34:00+00:00\",\"dateModified\":\"2019-07-31T10:56:11+00:00\",\"author\":{\"@id\":\"https:\/\/gaudiumetspes-blog.pl\/#\/schema\/person\/1661982992b752dea8dff0d4ed845a65\"},\"breadcrumb\":{\"@id\":\"https:\/\/gaudiumetspes-blog.pl\/index.php\/2016\/04\/17\/dobry-pasterz-zaprasza-nie-zmusza\/#breadcrumb\"},\"inLanguage\":\"pl-PL\",\"potentialAction\":[{\"@type\":\"ReadAction\",\"target\":[\"https:\/\/gaudiumetspes-blog.pl\/index.php\/2016\/04\/17\/dobry-pasterz-zaprasza-nie-zmusza\/\"]}]},{\"@type\":\"BreadcrumbList\",\"@id\":\"https:\/\/gaudiumetspes-blog.pl\/index.php\/2016\/04\/17\/dobry-pasterz-zaprasza-nie-zmusza\/#breadcrumb\",\"itemListElement\":[{\"@type\":\"ListItem\",\"position\":1,\"name\":\"Strona g\u0142\u00f3wna\",\"item\":\"https:\/\/gaudiumetspes-blog.pl\/\"},{\"@type\":\"ListItem\",\"position\":2,\"name\":\"Dobry Pasterz zaprasza &#8211; nie&nbsp;zmusza&#8230;\"}]},{\"@type\":\"WebSite\",\"@id\":\"https:\/\/gaudiumetspes-blog.pl\/#website\",\"url\":\"https:\/\/gaudiumetspes-blog.pl\/\",\"name\":\"Gaudium Et Spes\",\"description\":\"Blog Ks. Jacka Ja\u015bkowskiego\",\"potentialAction\":[{\"@type\":\"SearchAction\",\"target\":{\"@type\":\"EntryPoint\",\"urlTemplate\":\"https:\/\/gaudiumetspes-blog.pl\/?s={search_term_string}\"},\"query-input\":{\"@type\":\"PropertyValueSpecification\",\"valueRequired\":true,\"valueName\":\"search_term_string\"}}],\"inLanguage\":\"pl-PL\"},{\"@type\":\"Person\",\"@id\":\"https:\/\/gaudiumetspes-blog.pl\/#\/schema\/person\/1661982992b752dea8dff0d4ed845a65\",\"name\":\"Ks. Jacek\",\"image\":{\"@type\":\"ImageObject\",\"inLanguage\":\"pl-PL\",\"@id\":\"https:\/\/gaudiumetspes-blog.pl\/#\/schema\/person\/image\/\",\"url\":\"https:\/\/gaudiumetspes-blog.pl\/wp-content\/uploads\/2019\/07\/avatar-JJ-150x150.jpg\",\"contentUrl\":\"https:\/\/gaudiumetspes-blog.pl\/wp-content\/uploads\/2019\/07\/avatar-JJ-150x150.jpg\",\"caption\":\"Ks. Jacek\"},\"description\":\"Witam serdecznie! K\u0142ania si\u0119 Ks. Jacek Ja\u015bkowski. Nie jestem ani kim\u015b wa\u017cnym, ani kim\u015b znanym. Jestem ksi\u0119dzem, kt\u00f3ry po prostu chce rozmawia\u0107. Codzienna kap\u0142a\u0144ska pos\u0142uga pokazuje mi, \u017ce temat\u00f3w do rozm\u00f3w z ksi\u0119dzem jest coraz wi\u0119cej i dzisiaj \u017caden ksi\u0105dz nie mo\u017ce od nich ucieka\u0107, ale - wprost przeciwnie - podejmowa\u0107 nowe wyzwania. To przekonanie sk\u0142oni\u0142o mnie do pr\u00f3by otwarcia tego\u017c bloga, chocia\u017c okazji do rozm\u00f3w na co dzie\u0144 - w konfesjonale i poza nim - na szcz\u0119\u015bcie nie brakuje. My\u015bl\u0119 jednak, \u017ce ten blog b\u0119dzie jeszcze jednym sposobem i przestrzeni\u0105 nawi\u0105zania kontaktu z lud\u017ami dobrej woli, otwartymi na dialog.\",\"url\":\"https:\/\/gaudiumetspes-blog.pl\/index.php\/author\/ks-jacek\/\"}]}<\/script>\n<!-- \/ Yoast SEO plugin. -->","yoast_head_json":{"title":"Dobry Pasterz zaprasza - nie zmusza... - Gaudium Et Spes","robots":{"index":"index","follow":"follow","max-snippet":"max-snippet:-1","max-image-preview":"max-image-preview:large","max-video-preview":"max-video-preview:-1"},"canonical":"https:\/\/gaudiumetspes-blog.pl\/index.php\/2016\/04\/17\/dobry-pasterz-zaprasza-nie-zmusza\/","og_locale":"pl_PL","og_type":"article","og_title":"Dobry Pasterz zaprasza - nie zmusza... - Gaudium Et Spes","og_description":"Niech b\u0119dzie pochwalony Jezus Chrystus! Moi Drodzy, w dniu dzisiejszym urodziny obchodz\u0105: Marek Szel\u0105g, m\u00f3j Znajomy z Parafii w Celestynowie, oraz Karol Kulikowski, za czas\u00f3w mojego pierwszego wikariatu &#8211; Lektor i cz\u0142onek KSM w Radory\u017cu Ko\u015bcielnym. \u017bycz\u0119 Drogim Jubilatom, aby zawsze pod\u0105\u017cali za Jezusem &#8211; Dobrym Pasterzem. I o to b\u0119d\u0119 si\u0119 dla Nich modli\u0142. [&hellip;]","og_url":"https:\/\/gaudiumetspes-blog.pl\/index.php\/2016\/04\/17\/dobry-pasterz-zaprasza-nie-zmusza\/","og_site_name":"Gaudium Et Spes","article_published_time":"2016-04-17T01:34:00+00:00","article_modified_time":"2019-07-31T10:56:11+00:00","author":"Ks. Jacek","twitter_card":"summary_large_image","twitter_misc":{"Napisane przez":"Ks. Jacek","Szacowany czas czytania":"10 minut"},"schema":{"@context":"https:\/\/schema.org","@graph":[{"@type":"WebPage","@id":"https:\/\/gaudiumetspes-blog.pl\/index.php\/2016\/04\/17\/dobry-pasterz-zaprasza-nie-zmusza\/","url":"https:\/\/gaudiumetspes-blog.pl\/index.php\/2016\/04\/17\/dobry-pasterz-zaprasza-nie-zmusza\/","name":"Dobry Pasterz zaprasza - nie zmusza... - Gaudium Et Spes","isPartOf":{"@id":"https:\/\/gaudiumetspes-blog.pl\/#website"},"datePublished":"2016-04-17T01:34:00+00:00","dateModified":"2019-07-31T10:56:11+00:00","author":{"@id":"https:\/\/gaudiumetspes-blog.pl\/#\/schema\/person\/1661982992b752dea8dff0d4ed845a65"},"breadcrumb":{"@id":"https:\/\/gaudiumetspes-blog.pl\/index.php\/2016\/04\/17\/dobry-pasterz-zaprasza-nie-zmusza\/#breadcrumb"},"inLanguage":"pl-PL","potentialAction":[{"@type":"ReadAction","target":["https:\/\/gaudiumetspes-blog.pl\/index.php\/2016\/04\/17\/dobry-pasterz-zaprasza-nie-zmusza\/"]}]},{"@type":"BreadcrumbList","@id":"https:\/\/gaudiumetspes-blog.pl\/index.php\/2016\/04\/17\/dobry-pasterz-zaprasza-nie-zmusza\/#breadcrumb","itemListElement":[{"@type":"ListItem","position":1,"name":"Strona g\u0142\u00f3wna","item":"https:\/\/gaudiumetspes-blog.pl\/"},{"@type":"ListItem","position":2,"name":"Dobry Pasterz zaprasza &#8211; nie&nbsp;zmusza&#8230;"}]},{"@type":"WebSite","@id":"https:\/\/gaudiumetspes-blog.pl\/#website","url":"https:\/\/gaudiumetspes-blog.pl\/","name":"Gaudium Et Spes","description":"Blog Ks. Jacka Ja\u015bkowskiego","potentialAction":[{"@type":"SearchAction","target":{"@type":"EntryPoint","urlTemplate":"https:\/\/gaudiumetspes-blog.pl\/?s={search_term_string}"},"query-input":{"@type":"PropertyValueSpecification","valueRequired":true,"valueName":"search_term_string"}}],"inLanguage":"pl-PL"},{"@type":"Person","@id":"https:\/\/gaudiumetspes-blog.pl\/#\/schema\/person\/1661982992b752dea8dff0d4ed845a65","name":"Ks. Jacek","image":{"@type":"ImageObject","inLanguage":"pl-PL","@id":"https:\/\/gaudiumetspes-blog.pl\/#\/schema\/person\/image\/","url":"https:\/\/gaudiumetspes-blog.pl\/wp-content\/uploads\/2019\/07\/avatar-JJ-150x150.jpg","contentUrl":"https:\/\/gaudiumetspes-blog.pl\/wp-content\/uploads\/2019\/07\/avatar-JJ-150x150.jpg","caption":"Ks. Jacek"},"description":"Witam serdecznie! K\u0142ania si\u0119 Ks. Jacek Ja\u015bkowski. Nie jestem ani kim\u015b wa\u017cnym, ani kim\u015b znanym. Jestem ksi\u0119dzem, kt\u00f3ry po prostu chce rozmawia\u0107. Codzienna kap\u0142a\u0144ska pos\u0142uga pokazuje mi, \u017ce temat\u00f3w do rozm\u00f3w z ksi\u0119dzem jest coraz wi\u0119cej i dzisiaj \u017caden ksi\u0105dz nie mo\u017ce od nich ucieka\u0107, ale - wprost przeciwnie - podejmowa\u0107 nowe wyzwania. To przekonanie sk\u0142oni\u0142o mnie do pr\u00f3by otwarcia tego\u017c bloga, chocia\u017c okazji do rozm\u00f3w na co dzie\u0144 - w konfesjonale i poza nim - na szcz\u0119\u015bcie nie brakuje. My\u015bl\u0119 jednak, \u017ce ten blog b\u0119dzie jeszcze jednym sposobem i przestrzeni\u0105 nawi\u0105zania kontaktu z lud\u017ami dobrej woli, otwartymi na dialog.","url":"https:\/\/gaudiumetspes-blog.pl\/index.php\/author\/ks-jacek\/"}]}},"jetpack_featured_media_url":"","jetpack_sharing_enabled":true,"_links":{"self":[{"href":"https:\/\/gaudiumetspes-blog.pl\/index.php\/wp-json\/wp\/v2\/posts\/8054","targetHints":{"allow":["GET"]}}],"collection":[{"href":"https:\/\/gaudiumetspes-blog.pl\/index.php\/wp-json\/wp\/v2\/posts"}],"about":[{"href":"https:\/\/gaudiumetspes-blog.pl\/index.php\/wp-json\/wp\/v2\/types\/post"}],"author":[{"embeddable":true,"href":"https:\/\/gaudiumetspes-blog.pl\/index.php\/wp-json\/wp\/v2\/users\/1"}],"replies":[{"embeddable":true,"href":"https:\/\/gaudiumetspes-blog.pl\/index.php\/wp-json\/wp\/v2\/comments?post=8054"}],"version-history":[{"count":1,"href":"https:\/\/gaudiumetspes-blog.pl\/index.php\/wp-json\/wp\/v2\/posts\/8054\/revisions"}],"predecessor-version":[{"id":12590,"href":"https:\/\/gaudiumetspes-blog.pl\/index.php\/wp-json\/wp\/v2\/posts\/8054\/revisions\/12590"}],"wp:attachment":[{"href":"https:\/\/gaudiumetspes-blog.pl\/index.php\/wp-json\/wp\/v2\/media?parent=8054"}],"wp:term":[{"taxonomy":"category","embeddable":true,"href":"https:\/\/gaudiumetspes-blog.pl\/index.php\/wp-json\/wp\/v2\/categories?post=8054"},{"taxonomy":"post_tag","embeddable":true,"href":"https:\/\/gaudiumetspes-blog.pl\/index.php\/wp-json\/wp\/v2\/tags?post=8054"}],"curies":[{"name":"wp","href":"https:\/\/api.w.org\/{rel}","templated":true}]}}