{"id":8061,"date":"2016-04-10T03:34:00","date_gmt":"2016-04-10T01:34:00","guid":{"rendered":"https:\/\/gaudiumetspes-blog.pl\/index.php\/2016\/04\/10\/panie-ty-wiesz-ze-cie-kocha\/"},"modified":"2019-07-31T12:56:11","modified_gmt":"2019-07-31T10:56:11","slug":"panie-ty-wiesz-ze-cie-kocha","status":"publish","type":"post","link":"https:\/\/gaudiumetspes-blog.pl\/index.php\/2016\/04\/10\/panie-ty-wiesz-ze-cie-kocha\/","title":{"rendered":"Panie, Ty wiesz, \u017ce Ci\u0119 kocham!"},"content":{"rendered":"<div align=\"justify\" style=\"line-height: 150%; margin-bottom: 0cm;\">\nNiech b\u0119dzie pochwalony Jezus Chrystus! Moi Drodzy, w dniu dzisiejszym<b> urodziny obchodzi Weronika Kowalska, a imieniny obchodzi Micha\u0142 Pie\u0144kowski &#8211; oboje, w czasie mojej rezydentury w Parafii w Tr\u0105bkach, bardzo aktywnie zaanga\u017cowani w dzia\u0142alno\u015b\u0107 \u00f3wczesnych Wsp\u00f3lnot m\u0142odzie\u017cowych. Dzi\u0119kuj\u0105c Im za \u017cyczliwo\u015b\u0107 i sta\u0142y kontakt, \u017cycz\u0119 nieustannego zapa\u0142u i optymizmu, rado\u015bci i nadziei, w codziennym \u015bwiadczeniu o Chrystusie! Modl\u0119 si\u0119 dla Nich o tak\u0105 odwag\u0119, o jakiej wspominam dzisiaj w rozwa\u017caniu, na kanwie przemowy Piotra i Aposto\u0142\u00f3w.<\/b><\/div>\n<div align=\"justify\" style=\"line-height: 150%; margin-bottom: 0cm;\">\n&nbsp; &nbsp; &nbsp; &nbsp; Moi Drodzy, dzisiaj ju\u017c sz\u00f3sta rocznica Zamachu Smole\u0144skiego. Cieszy fakt, \u017ce w tym roku &#8211; po raz pierwszy &#8211; rocznica ta b\u0119dzie w\u0142a\u015bciwie upami\u0119tniona. W\u0142a\u015bciwie, czyli na poziomie pa\u0144stwowym, z zaanga\u017cowaniem najwy\u017cszych czynnik\u00f3w Pa\u0144stwa Polskiego. Niech rocznicowym obchodom towarzyszy nasza intensywna modlitwa w intencji wyja\u015bnienia wszystkich okoliczno\u015bci tego dramatycznego Wydarzenia.<\/div>\n<div align=\"justify\" style=\"line-height: 150%; margin-bottom: 0cm;\">\n&nbsp; &nbsp; &nbsp; &nbsp; Na g\u0142\u0119bokie, religijne i radosne prze\u017cywanie Dnia Pa\u0144skiego &#8211; kolejnej niedzieli Okresu Wielkanocnego &#8211;<b> niech Was b\u0142ogos\u0142awi B\u00f3g Wszechmog\u0105cy: Ojciec + i Syn, i Duch \u015awi\u0119ty. Amen<\/b><\/div>\n<div align=\"justify\" style=\"line-height: 150%; margin-bottom: 0cm;\">\n<b>&nbsp; &nbsp; &nbsp; &nbsp; &nbsp; &nbsp; &nbsp; &nbsp; &nbsp; &nbsp; &nbsp; &nbsp; &nbsp; &nbsp; &nbsp; <\/b>Gaudium et spes! &nbsp;Ks. Jacek<\/div>\n<div align=\"justify\" style=\"line-height: 150%; margin-bottom: 0cm;\">\n<b><br \/><\/b><\/div>\n<div align=\"justify\" style=\"line-height: 150%; margin-bottom: 0cm;\">\n<b>3<br \/>\nNiedziela Wielkanocy, C,<\/b><\/div>\n<div align=\"justify\" style=\"line-height: 150%; margin-bottom: 0cm;\">\n<b>do<br \/>\nczyta\u0144:<\/b>  <b>Dz 5,27b\u201332.40b\u201341;  Ap 5,11\u201314;  J 21,1\u201319<\/b><\/div>\n<div align=\"justify\" style=\"line-height: 150%; margin-bottom: 0cm;\">\n<\/div>\n<div align=\"justify\" style=\"line-height: 150%; margin-bottom: 0cm; page-break-before: auto;\">\n<b>CZYTANIE<br \/>\nZ DZIEJ\u00d3W APOSTOLSKICH:<\/b><\/div>\n<div align=\"justify\" style=\"line-height: 150%; margin-bottom: 0cm; orphans: 1; page-break-before: auto; text-indent: 1.3cm;\">\n<b>Arcykap\u0142an<br \/>\nzapyta\u0142 aposto\u0142\u00f3w: \u201eZakazali\u015bmy wam surowo, aby\u015bcie nie<br \/>\nnauczali w to imi\u0119, a oto nape\u0142nili\u015bcie Jerozolim\u0119 wasz\u0105 nauk\u0105<br \/>\ni chcecie \u015bci\u0105gn\u0105\u0107 na nas krew tego Cz\u0142owieka?\u201d<\/b><\/div>\n<div align=\"justify\" style=\"line-height: 150%; margin-bottom: 0cm; orphans: 1; text-indent: 1.3cm;\">\n<b>Odpowiedzia\u0142<br \/>\nPiotr i aposto\u0142owie: \u201eTrzeba bardziej s\u0142ucha\u0107 Boga ni\u017c ludzi.<br \/>\nB\u00f3g naszych ojc\u00f3w wskrzesi\u0142 Jezusa, kt\u00f3rego stracili\u015bcie,<br \/>\nprzybiwszy do krzy\u017ca. B\u00f3g wywy\u017cszy\u0142 Go na prawic\u0119 swoj\u0105 jako<br \/>\nW\u0142adc\u0119 i Zbawiciela, aby da\u0107 Izraelowi nawr\u00f3cenie i odpuszczenie<br \/>\ngrzech\u00f3w. Dajemy temu \u015bwiadectwo my w\u0142a\u015bnie oraz Duch \u015awi\u0119ty,<br \/>\nkt\u00f3rego B\u00f3g udzieli\u0142 tym, kt\u00f3rzy Mu s\u0105 pos\u0142uszni\u201d.<\/b><\/div>\n<div align=\"justify\" style=\"line-height: 150%; margin-bottom: 0cm; orphans: 1; text-indent: 1.3cm;\">\n<b>I<br \/>\nzabronili aposto\u0142om przemawia\u0107 w imi\u0119 Jezusa, a potem zwolnili. A<br \/>\noni odchodzili sprzed Sanhedrynu i cieszyli si\u0119, \u017ce stali si\u0119<br \/>\ngodni cierpie\u0107 dla Imienia Jezusa.<\/b><\/div>\n<div align=\"justify\" style=\"line-height: 150%; margin-bottom: 0cm;\">\n<\/div>\n<div align=\"justify\" style=\"line-height: 150%; margin-bottom: 0cm;\">\n<b>CZYTANIE<br \/>\nZ KSI\u0118GI APOKALIPSY \u015aWI\u0118TEGO JANA APOSTO\u0141A:<\/b><\/div>\n<div align=\"justify\" style=\"line-height: 150%; margin-bottom: 0cm; orphans: 1; page-break-before: auto; text-indent: 1.3cm;\">\n<b>Ja,<br \/>\nJan, ujrza\u0142em i us\u0142ysza\u0142em g\u0142os wielu anio\u0142\u00f3w doko\u0142a tronu i<br \/>\nZwierz\u0105t, i Starc\u00f3w, a liczba ich by\u0142a miriady miriad i tysi\u0105ce<br \/>\ntysi\u0119cy, m\u00f3wi\u0105cych g\u0142osem dono\u015bnym: \u201eBaranek zabity jest<br \/>\ngodzien wzi\u0105\u0107 pot\u0119g\u0119 i bogactwo, i m\u0105dro\u015b\u0107, i moc, i cze\u015b\u0107,<br \/>\ni chwa\u0142\u0119, i b\u0142ogos\u0142awie\u0144stwo\u201d.<\/b><\/div>\n<div align=\"justify\" style=\"line-height: 150%; margin-bottom: 0cm; orphans: 1; text-indent: 1.3cm;\">\n<b>A<br \/>\nwszelkie stworzenie, kt\u00f3re jest w niebie i na ziemi, i pod ziemi\u0105,<br \/>\ni na morzu, i wszystko, co w nich przebywa, us\u0142ysza\u0142em, jak m\u00f3wi\u0142o:<br \/>\n\u201eSiedz\u0105cemu na tronie i Barankowi b\u0142ogos\u0142awie\u0144stwo i cze\u015b\u0107, i<br \/>\nchwa\u0142a, i moc na wieki wiek\u00f3w\u201d. A czworo Zwierz\u0105t m\u00f3wi\u0142o:<br \/>\n\u201eAmen\u201d. Starcy za\u015b upadli i oddali pok\u0142on.<\/b><\/div>\n<div align=\"justify\" style=\"line-height: 150%; margin-bottom: 0cm;\">\n<\/div>\n<div align=\"justify\" style=\"line-height: 150%; margin-bottom: 0cm;\">\n<b>S\u0141OWA<br \/>\nEWANGELII WED\u0141UG \u015aWI\u0118TEGO JANA:<\/b><\/div>\n<div align=\"justify\" style=\"line-height: 150%; margin-bottom: 0cm; orphans: 1; page-break-before: auto; text-indent: 1.3cm;\">\n<b>Jezus<br \/>\nznowu ukaza\u0142 si\u0119 nad Morzem Tyberiadzkim. A ukaza\u0142 si\u0119 w ten<br \/>\nspos\u00f3b: <\/b>\n<\/div>\n<div align=\"justify\" style=\"line-height: 150%; margin-bottom: 0cm; orphans: 1; text-indent: 1.3cm;\">\n<b>Byli<br \/>\nrazem Szymon Piotr, Tomasz, zwany Didymos, Natanael z Kany<br \/>\nGalilejskiej, synowie Zebedeusza oraz dwaj inni z Jego uczni\u00f3w.<br \/>\nSzymon Piotr powiedzia\u0142 do nich: \u201eId\u0119 \u0142owi\u0107 ryby\u201d.<br \/>\nOdpowiedzieli mu: \u201eIdziemy i my z tob\u0105\u201d. Wyszli wi\u0119c i wsiedli<br \/>\ndo \u0142odzi, ale tej nocy nic nie z\u0142owili.<\/b><\/div>\n<div align=\"justify\" style=\"line-height: 150%; margin-bottom: 0cm; orphans: 1; text-indent: 1.3cm;\">\n<b>A<br \/>\ngdy ranek za\u015bwita\u0142, Jezus stan\u0105\u0142 na brzegu. Jednak\u017ce uczniowie<br \/>\nnie wiedzieli, \u017ce to by\u0142 Jezus.<\/b><\/div>\n<div align=\"justify\" style=\"line-height: 150%; margin-bottom: 0cm; orphans: 1; text-indent: 1.3cm;\">\n<b>A<br \/>\nJezus rzek\u0142 do nich: \u201eDzieci, czy nie macie nic do jedzenia?\u201d<\/b><\/div>\n<div align=\"justify\" style=\"line-height: 150%; margin-bottom: 0cm; orphans: 1; text-indent: 1.3cm;\">\n<b>Odpowiedzieli<br \/>\nMu: \u201eNie\u201d.<\/b><\/div>\n<div align=\"justify\" style=\"line-height: 150%; margin-bottom: 0cm; orphans: 1; text-indent: 1.3cm;\">\n<b>On<br \/>\nrzek\u0142 do nich: \u201eZarzu\u0107cie sie\u0107 po prawej stronie \u0142odzi, a<br \/>\nznajdziecie\u201d. Zarzucili wi\u0119c i z powodu mn\u00f3stwa ryb nie mogli jej<br \/>\nwyci\u0105gn\u0105\u0107.<\/b><\/div>\n<div align=\"justify\" style=\"line-height: 150%; margin-bottom: 0cm; orphans: 1; text-indent: 1.3cm;\">\n<b>Powiedzia\u0142<br \/>\nwi\u0119c do Piotra \u00f3w ucze\u0144, kt\u00f3rego Jezus mi\u0142owa\u0142: \u201eTo jest<br \/>\nPan!\u201d Szymon Piotr, us\u0142yszawszy, \u017ce to jest Pan, przywdzia\u0142 na<br \/>\nsiebie wierzchni\u0105 szat\u0119 \u2013 by\u0142 bowiem prawie nagi \u2013 i rzuci\u0142<br \/>\nsi\u0119 w morze. Reszta uczni\u00f3w dobi\u0142a \u0142odzi\u0105, ci\u0105gn\u0105c za sob\u0105<br \/>\nsie\u0107 z rybami. Od brzegu bowiem nie by\u0142o daleko, tylko oko\u0142o<br \/>\ndwustu \u0142okci.<\/b><\/div>\n<div align=\"justify\" style=\"line-height: 150%; margin-bottom: 0cm; orphans: 1; text-indent: 1.3cm;\">\n<b>A<br \/>\nkiedy zeszli na l\u0105d, ujrzeli \u017carz\u0105ce si\u0119 na ziemi w\u0119gle, a na<br \/>\nnich u\u0142o\u017con\u0105 ryb\u0119 oraz chleb. Rzek\u0142 do nich Jezus: \u201ePrzynie\u015bcie<br \/>\njeszcze ryb, kt\u00f3re\u015bcie teraz u\u0142owili\u201d. Poszed\u0142 Szymon Piotr i<br \/>\nwyci\u0105gn\u0105\u0142 na brzeg sie\u0107 pe\u0142n\u0105 wielkich ryb w liczbie stu<br \/>\npi\u0119\u0107dziesi\u0119ciu trzech. A pomimo tak wielkiej ilo\u015bci sie\u0107 si\u0119<br \/>\nnie rozerwa\u0142a. Rzek\u0142 do nich Jezus: \u201eChod\u017acie, posilcie si\u0119!\u201d<br \/>\n\u017baden z uczni\u00f3w nie odwa\u017cy\u0142 si\u0119 zada\u0107 Mu pytania: \u201eKto Ty<br \/>\njeste\u015b?\u201d, bo wiedzieli, \u017ce to jest Pan. A Jezus przyszed\u0142, wzi\u0105\u0142<br \/>\nchleb i poda\u0142 im, podobnie i ryb\u0119.<\/b><\/div>\n<div align=\"justify\" style=\"line-height: 150%; margin-bottom: 0cm; orphans: 1; text-indent: 1.3cm;\">\n<b>To<br \/>\nju\u017c trzeci raz, jak Jezus ukaza\u0142 si\u0119 uczniom od chwili, gdy<br \/>\nzmartwychwsta\u0142.<\/b><\/div>\n<div align=\"justify\" style=\"line-height: 150%; margin-bottom: 0cm; orphans: 1; text-indent: 1.3cm;\">\n<b>A<br \/>\ngdy spo\u017cyli \u015bniadanie, rzek\u0142 Jezus do Szymona Piotra: \u201eSzymonie,<br \/>\nsynu Jana, czy mi\u0142ujesz Mnie wi\u0119cej ani\u017celi ci?\u201d<\/b><\/div>\n<div align=\"justify\" style=\"line-height: 150%; margin-bottom: 0cm; orphans: 1; text-indent: 1.3cm;\">\n<b>Odpowiedzia\u0142<br \/>\nMu: \u201eTak, Panie, Ty wiesz, \u017ce Ci\u0119 kocham\u201d.<\/b><\/div>\n<div align=\"justify\" style=\"line-height: 150%; margin-bottom: 0cm; orphans: 1; text-indent: 1.3cm;\">\n<b>Rzek\u0142<br \/>\ndo niego: \u201ePa\u015b baranki moje\u201d.<\/b><\/div>\n<div align=\"justify\" style=\"line-height: 150%; margin-bottom: 0cm; orphans: 1; text-indent: 1.3cm;\">\n<b>I<br \/>\npowt\u00f3rnie powiedzia\u0142 do niego: \u201eSzymonie, synu Jana, czy mi\u0142ujesz<br \/>\nMnie?\u201d<\/b><\/div>\n<div align=\"justify\" style=\"line-height: 150%; margin-bottom: 0cm; orphans: 1; text-indent: 1.3cm;\">\n<b>Odpar\u0142<br \/>\nMu: \u201eTak, Panie, Ty wiesz, \u017ce Ci\u0119 kocham\u201d.<\/b><\/div>\n<div align=\"justify\" style=\"line-height: 150%; margin-bottom: 0cm; orphans: 1; text-indent: 1.3cm;\">\n<b>Rzek\u0142<br \/>\ndo niego: \u201ePa\u015b owce moje\u201d.<\/b><\/div>\n<div align=\"justify\" style=\"line-height: 150%; margin-bottom: 0cm; orphans: 1; text-indent: 1.3cm;\">\n<b>Powiedzia\u0142<br \/>\nmu po raz trzeci: \u201eSzymonie, synu Jana, czy kochasz Mnie?\u201d<\/b><\/div>\n<div align=\"justify\" style=\"line-height: 150%; margin-bottom: 0cm; orphans: 1; text-indent: 1.3cm;\">\n<b>Zasmuci\u0142<br \/>\nsi\u0119 Piotr, \u017ce mu po raz trzeci powiedzia\u0142: \u201eCzy kochasz Mnie?\u201d<br \/>\nI rzek\u0142 do Niego: \u201ePanie, Ty wszystko wiesz, Ty wiesz, \u017ce Ci\u0119<br \/>\nkocham\u201d.<\/b><\/div>\n<div align=\"justify\" style=\"line-height: 150%; margin-bottom: 0cm; orphans: 1; text-indent: 1.3cm;\">\n<b>Rzek\u0142<br \/>\ndo niego Jezus: \u201ePa\u015b owce moje.<\/b><\/div>\n<div align=\"justify\" style=\"line-height: 150%; margin-bottom: 0cm; orphans: 1; text-indent: 1.3cm;\">\n<b>Zaprawd\u0119,<br \/>\nzaprawd\u0119, powiadam ci: Gdy by\u0142e\u015b m\u0142odszy, opasywa\u0142e\u015b si\u0119 sam i<br \/>\nchodzi\u0142e\u015b, gdzie chcia\u0142e\u015b. Ale gdy si\u0119 zestarzejesz, wyci\u0105gniesz<br \/>\nr\u0119ce swoje, a inny ci\u0119 opasze i poprowadzi, dok\u0105d nie chcesz\u201d.<\/b><\/div>\n<div align=\"justify\" style=\"line-height: 150%; margin-bottom: 0cm; orphans: 1; text-indent: 1.3cm;\">\n<b>To<br \/>\npowiedzia\u0142, aby zaznaczy\u0107, jak\u0105 \u015bmierci\u0105 uwielbi Boga. A<br \/>\nwypowiedziawszy to, rzek\u0142 do niego: \u201eP\u00f3jd\u017a za Mn\u0105!\u201d<\/b><\/div>\n<div align=\"justify\" style=\"line-height: 150%; margin-bottom: 0cm;\">\n<\/div>\n<div align=\"justify\" style=\"line-height: 150%; margin-bottom: 0cm; page-break-before: auto; text-indent: 1.3cm;\">\nTo<br \/>\n<b>nie Jezusowi potrzebne by\u0142o<\/b> trzykrotne zapewnienie ze strony<br \/>\nPiotra, \u017ce Go kocha. Jezus o tym na pewno wiedzia\u0142. Co wi\u0119cej,<br \/>\nJezus <b>o tym wiedzia\u0142 tak\u017ce wtedy, gdy Piotr zarzeka\u0142 si\u0119,<\/b><br \/>\njak tylko m\u00f3g\u0142 najmocniej, \u017ce nigdy si\u0119 swego Mistrza nie wyprze.<br \/>\nJezus, chocia\u017c wiedzia\u0142, \u017ce b\u0119dzie inaczej, to raczej nie mia\u0142<br \/>\nw\u0105tpliwo\u015bci, \u017ce <b>Piotr naprawd\u0119 Go kocha,<\/b> a \u00f3w moment<br \/>\nzawahania si\u0119, wyparcia si\u0119 \u2013 powiedzmy to wprost: zdrady! \u2013<br \/>\nb\u0119dzie skutkiem nade wszystko <b>s\u0142abo\u015bci i strachu,<\/b> a nie<br \/>\nwyrachowania, czy tym bardziej braku mi\u0142o\u015bci do Mistrza\u2026\n<\/div>\n<div align=\"justify\" style=\"line-height: 150%; margin-bottom: 0cm; text-indent: 1.3cm;\">\nJezus<br \/>\no tym wszystkim wiedzia\u0142, dlatego Jemu <b>nie by\u0142o potrzebne<\/b><br \/>\ntrzykrotne zapewnianie przez Piotra, \u017ce Go kocha. I nie mia\u0142 te\u017c<br \/>\n<b>problem\u00f3w ze s\u0142uchem, <\/b>z powodu kt\u00f3rych Piotr musia\u0142by a\u017c<br \/>\ntrzy razy powtarza\u0107 to samo, \u017ceby do Jezusa wreszcie dotar\u0142o. Nie,<br \/>\nnic z tych rzeczy.\n<\/div>\n<div align=\"justify\" style=\"line-height: 150%; margin-bottom: 0cm; text-indent: 1.3cm;\">\nJe\u017celi<br \/>\nnatomiast dzisiaj Piotr rzeczywi\u015bcie musia\u0142 a\u017c trzykrotnie<br \/>\nodpowiedzie\u0107 na pytanie swego Mistrza, czy Go kocha, to tylko i<br \/>\nwy\u0142\u0105cznie dlatego, \u017ce <b>takie wyznanie potrzebne by\u0142o samemu<br \/>\nPiotrowi!<\/b> Tak, w\u0142a\u015bnie jemu, aby to on m\u00f3g\u0142 <b>przekona\u0107<\/b><br \/>\n\u2013 i znowu: nie Jezusa, a <b>samego siebie<\/b> \u2013 \u017ce <b>naprawd\u0119<br \/>\nkocha Jezusa!<\/b> I \u017ce Jezus naprawd\u0119 w jego \u017cyciu jest kim\u015b<br \/>\nwa\u017cnym! Najwa\u017cniejszym!\n<\/div>\n<div align=\"justify\" style=\"line-height: 150%; margin-bottom: 0cm; text-indent: 1.3cm;\">\nPiotr<br \/>\nsam musia\u0142 w to uwierzy\u0107, musia\u0142 <b>sam siebie o tym przekona\u0107,<\/b><br \/>\nmusia\u0142 to jasno publicznie stwierdzi\u0107, patrz\u0105c <b>prosto w oczy<br \/>\nJezus<\/b><b>owi<\/b><b>,<\/b> kt\u00f3rego wzroku z pewno\u015bci\u0105 w tym<br \/>\nmomencie rad by\u0142by unika\u0107\u2026 Dobrze wiemy, dlaczego\u2026 I gdyby nie<br \/>\nta interwencja Jezusa, to pewnie tak by trwa\u0142o ju\u017c ci\u0105gle, dop\u00f3ki<br \/>\nJezus nie wst\u0105pi\u0142by do Nieba \u2013 Piotr na pewno, przez ca\u0142y ten<br \/>\nczas, <b>wstydzi\u0142by si\u0119 spojrze\u0107 swemu Mistrzowi w oczy.<\/b>\n<\/div>\n<div align=\"justify\" style=\"line-height: 150%; margin-bottom: 0cm; text-indent: 1.3cm;\">\nI<br \/>\ndlatego Jezus chcia\u0142 wyzwoli\u0107 Piotra z tej <b>przygniataj\u0105cej<br \/>\n\u015bwiadomo\u015bci dokonanej<\/b><b> zdrady,<\/b> z tego poczucia kl\u0119ski,<br \/>\njakiej\u015b przegranej; chcia\u0142 go \u2013 nie b\u00f3jmy si\u0119 tego wprost<br \/>\npowiedzie\u0107 \u2013 <b>podnie\u015b\u0107 z upadku.<\/b>\n<\/div>\n<div align=\"justify\" style=\"line-height: 150%; margin-bottom: 0cm; text-indent: 1.3cm;\">\nOczywi\u015bcie,<br \/>\nzapewne w sercu Piotra pozosta\u0142o do ko\u0144ca \u017cycia wspomnienie tamtej<br \/>\ndramatycznej nocy, kiedy to <b>trzykrotnie zapiera\u0142 si\u0119 Jezusa.<\/b><br \/>\nNiekt\u00f3re pi\u0119kne legendy podaj\u0105, \u017ce ilekro\u0107 potem s\u0142ysza\u0142<br \/>\npianie koguta, to p\u0142aka\u0142. To tylko legendy, dlatego nie wiemy, czy<br \/>\nakurat tak by\u0142o naprawd\u0119, ale trudno sobie wyobrazi\u0107, \u017ce <b>by\u0142by<br \/>\nw stanie zapomnie\u0107<\/b> tak ci\u0119\u017ckich prze\u017cy\u0107.\n<\/div>\n<div align=\"justify\" style=\"line-height: 150%; margin-bottom: 0cm; text-indent: 1.3cm;\">\nNatomiast<br \/>\npytania, kt\u00f3re postawi\u0142 mu dzisiaj Jezus i odpowiedzi, jakich Piotr<br \/>\nw szczero\u015bci swego serca udzieli\u0142, mia\u0142y spowodowa\u0107 \u2013 i<br \/>\nspowodowa\u0142y \u2013 \u017ce Piotr <b>znowu stan\u0105\u0142 na r\u00f3wne nogi,<\/b><br \/>\npodni\u00f3s\u0142 si\u0119, odzyska\u0142 swoj\u0105 godno\u015b\u0107 i poczucie warto\u015bci;<br \/>\nm\u00f3wi\u0105c kr\u00f3tko: <b>zrehabilitowa\u0142 si\u0119.<\/b>\n<\/div>\n<div align=\"justify\" style=\"line-height: 150%; margin-bottom: 0cm; text-indent: 1.3cm;\">\nI<br \/>\nto w\u0142a\u015bnie po to by\u0142y potrzebne te Jezusowe pytania \u2013 mo\u017ce<br \/>\nwr\u0119cz uporczywe, bo z takim naciskiem po trzykro\u0107 powtarzane, ale<br \/>\nskoro Piotr trzykrotnie publicznie powiedzia\u0142 ze strachu, \u017ce Jezusa<br \/>\nnie zna, to teraz m\u00f3g\u0142 i powinien <b>tak\u017ce trzykrotnie powiedzie\u0107<\/b><br \/>\n\u2013 ju\u017c tym razem z mi\u0142o\u015bci\u0105 \u2013 \u017ce <b>nie tylko Go zna, ale \u017ce<br \/>\nGo naprawd\u0119 kocha.<\/b> A \u017ce nie by\u0142y to tylko s\u0142owa, to Piotr<br \/>\n<b>potwierdzi\u0142<\/b> ca\u0142ym swoim p\u00f3\u017aniejszym \u017cyciem. I swoj\u0105<br \/>\n\u015bmierci\u0105.\n<\/div>\n<div align=\"justify\" style=\"line-height: 150%; margin-bottom: 0cm; text-indent: 1.3cm;\">\nMoi<br \/>\nDrodzy, to wszystko, co tu sobie m\u00f3wimy, pokazuje, <b>jak bardzo<br \/>\nJezusowi zale\u017cy na cz\u0142owieku! <\/b>I jak ch\u0119tnie daje mu drug\u0105,<br \/>\ntrzeci\u0105, dziesi\u0105t\u0105, tysi\u0119czn\u0105 szans\u0119! Oby tylko cz\u0142owiek<br \/>\nchcia\u0142 z niej skorzysta\u0107\u2026 Bo <b>Jezusowi naprawd\u0119 zale\u017cy na<br \/>\ncz\u0142owieku!<\/b> I On sam zaprasza cz\u0142owieka do wsp\u00f3\u0142pracy.<br \/>\nWymownym tego znakiem s\u0105 owe u\u0142owione przez Aposto\u0142\u00f3w<b> <\/b><b>ryby,<br \/>\nkt\u00f3re Jezus kaza\u0142 do<\/b><b>da\u0107<\/b><b> <\/b>do tych, kt\u00f3re sam ju\u017c<br \/>\nwcze\u015bniej u\u0142o\u017cy\u0142 na ognisku.\n<\/div>\n<div align=\"justify\" style=\"line-height: 150%; margin-bottom: 0cm; text-indent: 1.3cm;\">\nOwszem,<br \/>\nOn by\u0142by w stanie sam wszystko zrobi\u0107, sam wszystko przygotowa\u0107 i<br \/>\ncz\u0142owiekowi podarowa\u0107. Ale Jemu <b>bardzo zale\u017cy na tw\u00f3rczym<br \/>\nwk\u0142adzie cz\u0142owieka.<\/b> W tym sensie, udzia\u0142 cz\u0142owieka w ca\u0142ej<br \/>\ntej wsp\u00f3\u0142pracy <b>nie jest j<\/b><b>edynie wy\u0142\u0105cznie<\/b><b><br \/>\ndekoracyjny,<\/b> albo podejmowany \u201epro forma\u201d. Nie! Jezusowi<br \/>\nbardzo na tym udziale cz\u0142owieka zale\u017cy \u2013 pomimo tego, \u017ce sam<br \/>\njest w stanie bez problemu wszystko zrobi\u0107. A dlaczego Mu tak<br \/>\nzale\u017cy?\n<\/div>\n<div align=\"justify\" style=\"line-height: 150%; margin-bottom: 0cm; text-indent: 1.3cm;\">\nA<br \/>\ndlatego, \u017ce w ten spos\u00f3b cz\u0142owiek jasno pokazuje Jezusowi, \u017ce <b>i<br \/>\njemu <\/b><b>tak\u017ce <\/b><b>na wi\u0119zi ze swoim Bogiem zale\u017cy! <\/b>W<br \/>\nten spos\u00f3b ka\u017cdy z nas mo\u017ce wyrazi\u0107 i potwierdzi\u0107 to, co Piotr<br \/>\ndzisiaj wypowiedzia\u0142 swoim trzykrotnym zapewnieniem: <i><b>Tak,<br \/>\nPanie, Ty wiesz, \u017ce Ci\u0119 kocham.<\/b><\/i><b><br \/>\n<\/b>My<br \/>\nte\u017c mamy szans\u0119 to wyrazi\u0107 \u2013 i to nie tylko s\u0142owami, ale<br \/>\nw\u0142a\u015bnie <b>konkret<\/b><b>n<\/b><b>ym<br \/>\ndzia\u0142aniem, <\/b>konkretn\u0105<br \/>\nwsp\u00f3\u0142prac\u0105 z Jezusem, realizowan\u0105<br \/>\nw codzienno\u015bci.\n<\/div>\n<div align=\"justify\" style=\"line-height: 150%; margin-bottom: 0cm; text-indent: 1.3cm;\">\nZobaczmy,<br \/>\nkiedy Piotr wypowiedzia\u0142 wobec Jezusa swoje trzykrotne zapewnienie o<br \/>\nmi\u0142o\u015bci, w\u00f3wczas ju\u017c<br \/>\nw\u0142a\u015bciwie <b>wszystkim,<br \/>\nco potem robi\u0142, s\u0142owa te potwierdza\u0142.<\/b><br \/>\nJego rozliczne dzia\u0142ania apostolskie, podejmowane z takim<br \/>\nzaanga\u017cowaniem i \u2013 powiedzmy to wyra\u017anie \u2013 <b>z<br \/>\nwielk\u0105 odwag\u0105 <\/b>pokaza\u0142y,<br \/>\n\u017ce nie pozosta\u0142o w nim <b>nic<br \/>\nz tego zastraszonego Piotra,<\/b><br \/>\nkt\u00f3ry tamtej nocy chowa\u0142 si\u0119 przed oczami ludzi, a zauwa\u017cony<br \/>\nprzez nich i niejako przyparty do muru, zapewnia\u0142, \u017ce <b>nie<br \/>\nzna Jezusa. <\/b>\n<\/div>\n<div align=\"justify\" style=\"line-height: 150%; margin-bottom: 0cm; text-indent: 1.3cm;\">\nKiedy<br \/>\nten w\u0142a\u015bnie zdradzony Jezus da\u0142 mu szans\u0119 zrehabilitowania si\u0119,<br \/>\na Piotr z tej szansy skorzysta\u0142, to Ko\u015bci\u00f3\u0142 otrzyma\u0142 w tym<br \/>\nmomencie naprawd\u0119 <b>wielkiego<br \/>\ni charyzmatycznego przyw\u00f3dc\u0119!<\/b><br \/>\nTak \u2013 wielkiego i charyzmatycznego, bo tylko taki by\u0142 w stanie<br \/>\nrzuci\u0107 wyzwanie ca\u0142emu \u00f3wczesnemu \u015bwiatu, ca\u0142emu<br \/>\nestablishmentowi<br \/>\nIzraela,<br \/>\ndo<br \/>\nprzedstawicieli<br \/>\nkt\u00f3rego powiedzia\u0142<br \/>\ndzi\u015b jasno<br \/>\ni zdecydowanie: <i><b>Trzeba<br \/>\nbardziej s\u0142ucha\u0107 Boga ni\u017c ludzi. B\u00f3g naszych ojc\u00f3w wskrzesi\u0142<br \/>\nJezusa, kt\u00f3rego stracili\u015bcie, <\/b><\/i><i><b>przybiwszy<br \/>\ndo krzy\u017ca<\/b><\/i><i><b>.<br \/>\nB\u00f3g wywy\u017cszy\u0142 Go na prawic<\/b><\/i><i><b>\u0119<\/b><\/i><i><b><br \/>\nswoj<\/b><\/i><i><b>\u0105<\/b><\/i><i><b><br \/>\njako W\u0142adc\u0119 i Zbawiciela, aby <\/b><\/i><i><b>da\u0107<\/b><\/i><i><b><br \/>\nIzraelowi nawr\u00f3cenie i odpuszczenie grzech\u00f3w. Dajemy temu<br \/>\n\u015bwiadectwo my w\u0142a\u015bnie oraz Duch \u015awi\u0119ty, kt\u00f3rego B\u00f3g udzieli\u0142<br \/>\ntym, kt\u00f3rzy Mu s\u0105 pos\u0142uszni.<\/b><\/i><b><br \/>\n<\/b>S\u0142yszeli\u015bmy<br \/>\nte s\u0142owa w pierwszym czytaniu.\n<\/div>\n<div align=\"justify\" style=\"line-height: 150%; margin-bottom: 0cm; text-indent: 1.3cm;\">\nCzy<br \/>\nrozpoznajemy w tym Pasterzu Ko\u015bcio\u0142a, w tym Namiestniku Chrystusa \u2013<br \/>\ntamtego<br \/>\n<b>zastraszonego<br \/>\ncz\u0142owieczka<\/b><br \/>\nz wielkoczwartkowej nocy?\u2026 Zobaczmy, jaka zmiana si\u0119 w nim<br \/>\ndokona\u0142a. I jak bardzo chcia\u0142 \u2013 po raz kolejny \u2013 <b>udowodni\u0107,<br \/>\n\u017ce naprawd\u0119 kocha Jezusa.<\/b><br \/>\nI \u017ce Go kocha <b>bardziej,<br \/>\nni\u017c inni <\/b>\u2013<br \/>\nbo i o to Jezus go zapyta\u0142, a on o tym zapewni\u0142. W ten spos\u00f3b<br \/>\nPiotr realizowa\u0142 misj\u0119, jak\u0105 Jezus tamtego poranka zleci\u0142 mu w<br \/>\ns\u0142owach: <i><b>Pa\u015b<br \/>\nowce moje! Pa\u015b baranki moje! <\/b><\/i>\n<\/div>\n<div align=\"justify\" style=\"line-height: 150%; margin-bottom: 0cm; text-indent: 1.3cm;\">\nAle<br \/>\nta jego nieugi\u0119ta postawa mia\u0142a te\u017c doprowadzi\u0107 do spe\u0142nienia<br \/>\nsi\u0119 na nim nast\u0119pnych s\u0142\u00f3w Jezusa \u2013 tych, w<br \/>\nkt\u00f3rych zapowiedzia\u0142 On, jak\u0105 \u015bmierci\u0105 Piotr uwielbi Boga:<br \/>\n<i><b>Zaprawd\u0119,<br \/>\nzaprawd\u0119, powiadam ci: Gdy by\u0142e\u015b m\u0142odszy, opasywa\u0142e\u015b si\u0119 sam i<br \/>\nchodzi\u0142e\u015b, gdzie chcia\u0142e\u015b. Ale gdy si\u0119 zestarzejesz, wyci\u0105gniesz<br \/>\nr\u0119ce<\/b><\/i><b><br \/>\n<\/b><i><b>swoje,<br \/>\na inny ci\u0119 opasze i poprowadzi, dok\u0105d nie chcesz.<\/b><\/i><b><br \/>\n<\/b>\n<\/div>\n<div align=\"justify\" style=\"line-height: 150%; margin-bottom: 0cm; text-indent: 1.3cm;\">\nWiemy,<br \/>\n\u017ce przyszed\u0142 i taki moment \u2013 ostatni moment w \u017cyciu ziemskim<br \/>\nPiotra \u2013 w<br \/>\nkt\u00f3rym<br \/>\nswoj\u0105<br \/>\n<b>m\u0119cze\u0144sk\u0105<br \/>\n\u015bmierci\u0105 <\/b><b>potwierdzi\u0142<br \/>\nju\u017c tak ostatecznie, <\/b>\u017ce<br \/>\ntymi s\u0142owami, kt\u00f3re naprawd\u0119 wyra\u017ca\u0142y jego duchowe nastawienie,<br \/>\nnie by\u0142o<br \/>\nstwierdzenie:<br \/>\n<i><b>Nie<br \/>\nznam tego Cz\u0142owieka,<\/b><\/i><br \/>\nale zapewnienie:<br \/>\n<i><b>Panie,<br \/>\nTy wszystko wiesz, Ty wiesz, \u017ce Ci\u0119 kocham\u2026<\/b><\/i><b><br \/>\n<\/b>\n<\/div>\n<div align=\"justify\" style=\"line-height: 150%; margin-bottom: 0cm; text-indent: 1.3cm;\">\nI<br \/>\nt\u0105 swoj\u0105 postaw\u0105 Piotr <b>uczy<br \/>\nnas <\/b><b>dzisiaj<br \/>\ntakiej samej postawy,<\/b><br \/>\nrealizowanej w naszej codzienno\u015bci. Tym<br \/>\nbowiem, czego najbardziej potrzeba dzisiejszemu \u015bwiatu \u2013 a w tym<br \/>\ntak\u017ce naszej Ojczy\u017anie \u2013 jest<br \/>\n<b>odwa\u017cne,<br \/>\nradosne, pe\u0142ne entuzjazmu i zapa\u0142u \u015bwiadectwo katolik\u00f3w.<\/b><br \/>\nBo my, katolicy \u2013 ludzie wierz\u0105cy, przyjaciele Jezusa \u2013 niemal\u017ce<br \/>\n<b>przepraszamy<br \/>\nwszystkich <\/b><b>wok\u00f3\u0142<\/b><b>,<br \/>\n\u017ce \u017cyjem<\/b><b>y<\/b><b>!<\/b><br \/>\nI \u017ce jeste\u015bmy wierz\u0105cymi!\n<\/div>\n<div align=\"justify\" style=\"line-height: 150%; margin-bottom: 0cm; text-indent: 1.3cm;\">\nJak<br \/>\nognia boimy si\u0119 jasnej deklaracji, \u017ce jeste\u015bmy katolikami, nie<br \/>\nm\u00f3wi\u0105c ju\u017c o tym, aby\u015bmy <b>upomnieli<br \/>\nsi\u0119 o poszanowanie zasad ewangelicznych<\/b><br \/>\nw \u017cyciu codziennym. \u00d3w mia\u017cd\u017c\u0105cy <b>kompleks<\/b><br \/>\n<b>ni\u017cszo\u015bci,<br \/>\n<\/b>w<br \/>\njakim wielu katolik\u00f3w \u017cyje; owo poczucie jakiej\u015b <b>niewyt\u0142umaczalnej<br \/>\nobawy, czy wr\u0119cz strachu<\/b><br \/>\no to, by kto\u015b nas nie pos\u0105dzi\u0142 o nadmiern\u0105 pobo\u017cno\u015b\u0107; ci\u0105g\u0142e<br \/>\nuleganie owej <b>obrzydliwej<br \/>\npoprawno\u015bci politycznej i obyczajowej<\/b><br \/>\n\u2013 to wszystko sprawia, \u017ce tak bardzo dochodz\u0105 do g\u0142osu ci,<br \/>\nkt\u00f3rzy pr\u00f3buj\u0105 walczy\u0107 z Bogiem i Ko\u015bcio\u0142em. <b>Rozzuchwala<br \/>\nich nasza bierno\u015b\u0107, nasz strach.<\/b><\/p>\n<\/div>\n<div align=\"justify\" style=\"line-height: 150%; margin-bottom: 0cm; text-indent: 1.3cm;\">\nSkoro<br \/>\nmaj\u0105 otwart\u0105 przestrze\u0144 do dzia\u0142ania, bo<br \/>\nkatolicy siedz\u0105 \u201epochowani po k\u0105tach\u201d, to <b>mog\u0105<br \/>\nrobi\u0107 co chc\u0105!<\/b><br \/>\nI m\u00f3wi\u0107, co chc\u0105 \u2013 coraz bardziej bezczelnie i arogancko! Bo z<br \/>\nnaszej strony nie ma komu powiedzie\u0107: <i><b>Trzeba<br \/>\nbardziej s\u0142ucha\u0107 Boga ni\u017c ludzi!<\/b><\/i><b><br \/>\n<\/b>Niestety,<br \/>\nz naszej postawy cz\u0119\u015bciej mo\u017cna by wydedukowa\u0107 inne s\u0142owa: <i><b>Nie<br \/>\nznam tego Cz\u0142owieka\u2026<\/b><\/i><br \/>\nOwszem, one wprost nie s\u0105 wypowiadane, ale wielu katolik\u00f3w swoim<br \/>\nstrachem, swoim zakompleksieniem, takie w\u0142a\u015bnie nastawienie wyra\u017ca.<\/p>\n<\/div>\n<div align=\"justify\" style=\"line-height: 150%; margin-bottom: 0cm; text-indent: 1.3cm;\">\nI<br \/>\nto nie tylko na p\u0142aszczy\u017anie \u015bwiatowej, nie tyko na p\u0142aszczy\u017anie<br \/>\neuropejskiej \u2013 chocia\u017c na tej akurat najbardziej to wida\u0107.<br \/>\nR\u00f3wnie\u017c w naszym ma\u0142ym \u201e\u015bwiatku\u201d, w naszych <b>codziennych<br \/>\nrelacjach rodzinnych i s\u0105siedzkich <\/b>\u2013<br \/>\nju\u017c nawet nie m\u00f3wi\u0105c o tych w pracy czy w szkole \u2013 coraz<br \/>\nbardziej brakuje takiego <b>bardzo<br \/>\notwartego i<\/b><br \/>\n<b>odwa\u017cnego<br \/>\n\u015bwiadectwa. <\/b>Niestety,<br \/>\nwielu z<br \/>\nnas,<br \/>\nkatolik\u00f3w, do dziesi\u0119ciu przykaza\u0144 Dekalogu dodaje <b>jedenaste:<br \/>\n\u201eNie wychylaj si\u0119!\u201d<\/b><br \/>\nI tego jedenastego \u2013 przynajmniej  na p\u0142aszczy\u017anie wiary \u2013 <b>o<br \/>\nwiele bardziej przestrzega,<\/b><br \/>\nni\u017c dziesi\u0119ciu pozosta\u0142ych razem wzi\u0119tych!<\/div>\n<div align=\"justify\" style=\"line-height: 150%; margin-bottom: 0cm; text-indent: 1.3cm;\">\nCzy<br \/>\nprzesadzam w tym, co tu m\u00f3wi\u0119? Tak pewnie<br \/>\npo<br \/>\ncichu my\u015blisz,<br \/>\nDroga Siostro, Drogi Bracie \u2013<br \/>\nczy\u017c nie?\u2026<\/p>\n<\/div>\n<div align=\"justify\" style=\"line-height: 150%; margin-bottom: 0cm; text-indent: 1.3cm;\">\nA<br \/>\nje\u017celi tak, to odpowiedz \u2013 przede wszystkim sobie, ale i Jezusowi<br \/>\n\u2013 <b>czy<br \/>\nmasz odwag\u0119<\/b><br \/>\npowiedzie\u0107 swojemu koledze, czy swojej kole\u017cance, \u017ce <b>mieszkanie<br \/>\nwe dwoje bez \u015blubu jest grzechem<\/b><br \/>\ni \u017ce tak nie mo\u017cna? A masz odwag\u0119 powiedzie\u0107, \u017ce w dni postne<br \/>\nzachowujesz rzeczywi\u015bcie post <b>nie<br \/>\ndlatego, \u017ce si\u0119 odchudzasz, ale dlatego, \u017ce to wynika z Twojej<br \/>\nwiary?<\/b><br \/>\nA czy masz odwag\u0119 nie p\u00f3j\u015b\u0107 na dyskotek\u0119 w Wielkim Po\u015bcie<br \/>\ndlatego, \u017ce to wynika z Twojej wiary, a<br \/>\nnie dlatego \u2013 jak to mo\u017ce pokr\u0119tnie t\u0142umaczysz<br \/>\n\u2013 <b>\u017ce<br \/>\nsi\u0119 \u017ale czujesz,<\/b><br \/>\nalbo Ci\u0119 noga boli?\n<\/div>\n<div align=\"justify\" style=\"line-height: 150%; margin-bottom: 0cm; text-indent: 1.3cm;\">\nA<br \/>\nmasz odwag\u0119 przypomnie\u0107 swojej s\u0105siadce \u2013 nie z jak\u0105\u015b<br \/>\nwy\u017cszo\u015bci\u0105, ale szczerze, prosto, z \u017cyczliwo\u015bci\u0105 i u\u015bmiechem,<br \/>\nchocia\u017c stanowczo \u2013 \u017ce w niedziel\u0119 nie robi si\u0119 zakup\u00f3w? Masz<br \/>\ntak\u0105 odwag\u0119, <b>czy<br \/>\nsam razem z ni\u0105 na te zakupy idziesz?<\/b><\/p>\n<\/div>\n<div align=\"justify\" style=\"line-height: 150%; margin-bottom: 0cm; text-indent: 1.3cm;\">\nA<br \/>\nmasz odwag\u0119 w czasie rozmowy, przy rodzinnym lub \u015bwi\u0105tecznym<br \/>\nstole,<br \/>\n<b>zabra\u0107<br \/>\ng\u0142os w obronie wiary i Ko\u015bcio\u0142a,<\/b><br \/>\nkiedy kto\u015b z domownik\u00f3w albo go\u015bci na\u015bmiewa si\u0119 z tych spraw,<br \/>\nalbo na ich temat wygaduje niestworzone g\u0142upstwa? Masz tak\u0105 odwag\u0119,<br \/>\n<b>czy<br \/>\npoprawno\u015b\u0107 polityczna dotar\u0142a ju\u017c do Twojego domu,<\/b><br \/>\ndlatego z za\u017cenowaniem chowasz wzrok, albo skrz\u0119tnie zmieniasz<br \/>\ntemat rozmowy?\u2026 A<br \/>\nw pracy, lub w gronie koleg\u00f3w i kole\u017canek \u2013 <b>sta\u0107<br \/>\nCi\u0119 na takie jasne i odwa\u017cne stanowisko? <\/b>\n<\/div>\n<div align=\"justify\" style=\"line-height: 150%; margin-bottom: 0cm; text-indent: 1.3cm;\">\nA<br \/>\nmasz odwag\u0119 <b>publicznie<\/b><br \/>\nuczyni\u0107 znak krzy\u017ca przed ko\u015bcio\u0142em, przed podr\u00f3\u017c\u0105, przed<br \/>\nposi\u0142kiem? Podkre\u015blam: <b>w<br \/>\nmiejscach publicznych! Masz tak\u0105 odwag\u0119? <\/b>Czy<br \/>\nmo\u017ce<br \/>\nzanim<br \/>\ngo uczynisz, to najpierw rozgl\u0105dasz<br \/>\nsi\u0119, czy nikt wok\u00f3\u0142 nie patrzy?\u2026\n<\/div>\n<div align=\"justify\" style=\"line-height: 150%; margin-bottom: 0cm; text-indent: 1.3cm;\">\nA<br \/>\nmasz odwag\u0119 powiedzie\u0107 go\u015bciom, kt\u00f3rzy niespodziewanie przybyli<br \/>\ndo<br \/>\nCiebie w<br \/>\nniedziel\u0119, \u017ce <b>jeszcze<br \/>\nnie by\u0142e\u015b na Mszy \u015awi\u0119tej, dlatego musisz ich zostawi\u0107, aby<br \/>\np\u00f3j\u015b\u0107 do ko\u015bcio\u0142a? <\/b>A<br \/>\nje\u017celi to s\u0105 Twoi bliscy \u2013 mo\u017ce w\u0142asne doros\u0142e dzieci \u2013 to<br \/>\nczy masz odwag\u0119 <b>zapyta\u0107<br \/>\nich, czy aby oni na pewno byli na Mszy \u015awi\u0119tej?<\/b><br \/>\nCzy mo\u017ce jest tak, \u017ce spotykaj\u0105 si\u0119 ze sob\u0105 cz\u0142onkowie jednej<br \/>\nrodziny \u2013 wszyscy wierz\u0105cy \u2013 a ka\u017cdy wobec ka\u017cdego wstydzi si\u0119<br \/>\nw og\u00f3le wspomnie\u0107 o tym, co najwa\u017cniejsze?\u2026\n<\/div>\n<div align=\"justify\" style=\"line-height: 150%; margin-bottom: 0cm; text-indent: 1.3cm;\">\nA<br \/>\nczy<br \/>\nmasz odwag\u0119, uczestnicz\u0105c w jakim\u015b zbiorowym<br \/>\nwyje\u017adzie, w trakcie kt\u00f3rego wypada niedziela, <b>upomnie\u0107<br \/>\nsi\u0119 o mo\u017cliwo\u015b\u0107 uczestniczenia we Mszy \u015awi\u0119tej?<\/b><br \/>\nCzy z g\u00f3ry zak\u0142adasz, \u017ce skoro organizatorzy ju\u017c rozpisali<br \/>\nprogram wyjazdu i tego nie uwzgl\u0119dnili, to nie ma ju\u017c<br \/>\nco<br \/>\nmiesza\u0107 i<br \/>\nkomplikowa\u0107?\u2026<br \/>\nI to pomimo tego, \u017ce ten wyjazd <b>odbywa<br \/>\nsi\u0119 przecie\u017c za Twoje pieni\u0105dze?<\/b><br \/>\nA czy masz odwag\u0119 upomnie\u0107 si\u0119 o tak\u0105 w\u0142a\u015bnie mo\u017cliwo\u015b\u0107<br \/>\nudzia\u0142u we Mszy \u015awi\u0119tej <b>dla<br \/>\nswego dziecka, kt\u00f3re w niedziel\u0119 wyje\u017cd\u017ca na zawody <\/b><b>sportowe<\/b><b>?<\/b><br \/>\nMasz tak\u0105 odwag\u0119?<\/div>\n<div align=\"justify\" style=\"line-height: 150%; margin-bottom: 0cm; text-indent: 1.3cm;\">\nI<br \/>\nmo\u017cna<br \/>\nby jeszcze d\u0142ugo wymienia\u0107, Kochani, sytuacje, kt\u00f3re z ca\u0142\u0105<br \/>\npewno\u015bci\u0105 dobrze znacie z w\u0142asnego domu, z w\u0142asnego podw\u00f3rka \u2013<br \/>\nsytuacje, w kt\u00f3rych <b>nie<br \/>\ns\u0142owami, ale swoj\u0105 postaw\u0105<\/b><br \/>\ni swoj\u0105 odwag\u0105 ka\u017cda<br \/>\ni ka\u017cdy z nas wypowiada<br \/>\nto zapewnienie: <i><b>Panie,<br \/>\nTy wszystko wiesz; Ty wiesz, \u017ce Ci\u0119 kocham;<\/b><\/i><b><br \/>\n<\/b>albo<br \/>\nswoim tch\u00f3rzostwem wyra\u017ca nastawienie ca\u0142kowicie inne: <i><b>Nie<br \/>\nznam tego Cz\u0142owieka.<\/b><\/i><b><br \/>\n<\/b>\n<\/div>\n<div align=\"justify\" style=\"line-height: 150%; margin-bottom: 0cm; text-indent: 1.3cm;\">\nTylko<br \/>\nto drugie \u2013 dobrze mie\u0107 to na uwadze \u2013 <b>jest<br \/>\nzdrad\u0105 Jezusa!<\/b><br \/>\nNazywajmy rzeczy po imieniu!\n<\/div>\n<div align=\"justify\" style=\"line-height: 150%; margin-bottom: 0cm; text-indent: 1.3cm;\">\nI<br \/>\nzdajmy sobie jasno spraw\u0119 z tego, \u017ce nie b\u0119dzie lepiej na \u015bwiecie,<br \/>\nnie b\u0119dzie lepiej w Europie, nie b\u0119dzie lepiej w naszej Ojczy\u017anie,<br \/>\nje\u017celi my, katolicy \u2013 przyjaciele Jezusa, ludzie wiary \u2013 <b>nie<br \/>\nwyzwolimy si\u0119 wreszcie z tego przekl\u0119tego zakompleksienia, z tego<br \/>\nobrzydliwego strachu,<\/b><br \/>\ni je\u017celi nie b\u0119dziemy<br \/>\nwreszcie <b>z<br \/>\nentuzjazmem, rado\u015bci\u0105 i odwag\u0105, patrz\u0105c ludziom prosto w oczy \u2013<\/b><br \/>\n<b>\u015bwiadczy\u0107<br \/>\no swojej wierze!<\/b><\/div>\n<div align=\"justify\" style=\"line-height: 150%; margin-bottom: 0cm; text-indent: 1.3cm;\">\nZaczynaj\u0105c<br \/>\nod w\u0142asnego domu i w\u0142asnego podw\u00f3rka\u2026 Ju\u017c<br \/>\nod dzisiaj\u2026<\/div>\n","protected":false},"excerpt":{"rendered":"<p>Niech b\u0119dzie pochwalony Jezus Chrystus! Moi Drodzy, w dniu dzisiejszym urodziny obchodzi Weronika Kowalska, a imieniny obchodzi Micha\u0142 Pie\u0144kowski &#8211; oboje, w czasie mojej rezydentury w Parafii w Tr\u0105bkach, bardzo aktywnie zaanga\u017cowani w dzia\u0142alno\u015b\u0107 \u00f3wczesnych Wsp\u00f3lnot m\u0142odzie\u017cowych. Dzi\u0119kuj\u0105c Im za \u017cyczliwo\u015b\u0107 i sta\u0142y kontakt, \u017cycz\u0119 nieustannego zapa\u0142u i optymizmu, rado\u015bci i nadziei, w codziennym \u015bwiadczeniu [&hellip;]<\/p>\n","protected":false},"author":1,"featured_media":0,"comment_status":"open","ping_status":"open","sticky":false,"template":"","format":"standard","meta":{"jetpack_post_was_ever_published":false,"_jetpack_newsletter_access":"","_jetpack_dont_email_post_to_subs":false,"_jetpack_newsletter_tier_id":0,"_jetpack_memberships_contains_paywalled_content":false,"_jetpack_memberships_contains_paid_content":false,"footnotes":""},"categories":[1],"tags":[],"class_list":["post-8061","post","type-post","status-publish","format-standard","hentry","category-bez-kategorii"],"yoast_head":"<!-- This site is optimized with the Yoast SEO plugin v25.1 - https:\/\/yoast.com\/wordpress\/plugins\/seo\/ -->\n<title>Panie, Ty wiesz, \u017ce Ci\u0119 kocham! - Gaudium Et Spes<\/title>\n<meta name=\"robots\" content=\"index, follow, max-snippet:-1, max-image-preview:large, max-video-preview:-1\" \/>\n<link rel=\"canonical\" href=\"https:\/\/gaudiumetspes-blog.pl\/index.php\/2016\/04\/10\/panie-ty-wiesz-ze-cie-kocha\/\" \/>\n<meta property=\"og:locale\" content=\"pl_PL\" \/>\n<meta property=\"og:type\" content=\"article\" \/>\n<meta property=\"og:title\" content=\"Panie, Ty wiesz, \u017ce Ci\u0119 kocham! - Gaudium Et Spes\" \/>\n<meta property=\"og:description\" content=\"Niech b\u0119dzie pochwalony Jezus Chrystus! Moi Drodzy, w dniu dzisiejszym urodziny obchodzi Weronika Kowalska, a imieniny obchodzi Micha\u0142 Pie\u0144kowski &#8211; oboje, w czasie mojej rezydentury w Parafii w Tr\u0105bkach, bardzo aktywnie zaanga\u017cowani w dzia\u0142alno\u015b\u0107 \u00f3wczesnych Wsp\u00f3lnot m\u0142odzie\u017cowych. Dzi\u0119kuj\u0105c Im za \u017cyczliwo\u015b\u0107 i sta\u0142y kontakt, \u017cycz\u0119 nieustannego zapa\u0142u i optymizmu, rado\u015bci i nadziei, w codziennym \u015bwiadczeniu [&hellip;]\" \/>\n<meta property=\"og:url\" content=\"https:\/\/gaudiumetspes-blog.pl\/index.php\/2016\/04\/10\/panie-ty-wiesz-ze-cie-kocha\/\" \/>\n<meta property=\"og:site_name\" content=\"Gaudium Et Spes\" \/>\n<meta property=\"article:published_time\" content=\"2016-04-10T01:34:00+00:00\" \/>\n<meta property=\"article:modified_time\" content=\"2019-07-31T10:56:11+00:00\" \/>\n<meta name=\"author\" content=\"Ks. Jacek\" \/>\n<meta name=\"twitter:card\" content=\"summary_large_image\" \/>\n<meta name=\"twitter:label1\" content=\"Napisane przez\" \/>\n\t<meta name=\"twitter:data1\" content=\"Ks. Jacek\" \/>\n\t<meta name=\"twitter:label2\" content=\"Szacowany czas czytania\" \/>\n\t<meta name=\"twitter:data2\" content=\"16 minut\" \/>\n<script type=\"application\/ld+json\" class=\"yoast-schema-graph\">{\"@context\":\"https:\/\/schema.org\",\"@graph\":[{\"@type\":\"WebPage\",\"@id\":\"https:\/\/gaudiumetspes-blog.pl\/index.php\/2016\/04\/10\/panie-ty-wiesz-ze-cie-kocha\/\",\"url\":\"https:\/\/gaudiumetspes-blog.pl\/index.php\/2016\/04\/10\/panie-ty-wiesz-ze-cie-kocha\/\",\"name\":\"Panie, Ty wiesz, \u017ce Ci\u0119 kocham! - Gaudium Et Spes\",\"isPartOf\":{\"@id\":\"https:\/\/gaudiumetspes-blog.pl\/#website\"},\"datePublished\":\"2016-04-10T01:34:00+00:00\",\"dateModified\":\"2019-07-31T10:56:11+00:00\",\"author\":{\"@id\":\"https:\/\/gaudiumetspes-blog.pl\/#\/schema\/person\/1661982992b752dea8dff0d4ed845a65\"},\"breadcrumb\":{\"@id\":\"https:\/\/gaudiumetspes-blog.pl\/index.php\/2016\/04\/10\/panie-ty-wiesz-ze-cie-kocha\/#breadcrumb\"},\"inLanguage\":\"pl-PL\",\"potentialAction\":[{\"@type\":\"ReadAction\",\"target\":[\"https:\/\/gaudiumetspes-blog.pl\/index.php\/2016\/04\/10\/panie-ty-wiesz-ze-cie-kocha\/\"]}]},{\"@type\":\"BreadcrumbList\",\"@id\":\"https:\/\/gaudiumetspes-blog.pl\/index.php\/2016\/04\/10\/panie-ty-wiesz-ze-cie-kocha\/#breadcrumb\",\"itemListElement\":[{\"@type\":\"ListItem\",\"position\":1,\"name\":\"Strona g\u0142\u00f3wna\",\"item\":\"https:\/\/gaudiumetspes-blog.pl\/\"},{\"@type\":\"ListItem\",\"position\":2,\"name\":\"Panie, Ty wiesz, \u017ce&nbsp;Ci\u0119 kocham!\"}]},{\"@type\":\"WebSite\",\"@id\":\"https:\/\/gaudiumetspes-blog.pl\/#website\",\"url\":\"https:\/\/gaudiumetspes-blog.pl\/\",\"name\":\"Gaudium Et Spes\",\"description\":\"Blog Ks. Jacka Ja\u015bkowskiego\",\"potentialAction\":[{\"@type\":\"SearchAction\",\"target\":{\"@type\":\"EntryPoint\",\"urlTemplate\":\"https:\/\/gaudiumetspes-blog.pl\/?s={search_term_string}\"},\"query-input\":{\"@type\":\"PropertyValueSpecification\",\"valueRequired\":true,\"valueName\":\"search_term_string\"}}],\"inLanguage\":\"pl-PL\"},{\"@type\":\"Person\",\"@id\":\"https:\/\/gaudiumetspes-blog.pl\/#\/schema\/person\/1661982992b752dea8dff0d4ed845a65\",\"name\":\"Ks. Jacek\",\"image\":{\"@type\":\"ImageObject\",\"inLanguage\":\"pl-PL\",\"@id\":\"https:\/\/gaudiumetspes-blog.pl\/#\/schema\/person\/image\/\",\"url\":\"https:\/\/gaudiumetspes-blog.pl\/wp-content\/uploads\/2019\/07\/avatar-JJ-150x150.jpg\",\"contentUrl\":\"https:\/\/gaudiumetspes-blog.pl\/wp-content\/uploads\/2019\/07\/avatar-JJ-150x150.jpg\",\"caption\":\"Ks. Jacek\"},\"description\":\"Witam serdecznie! K\u0142ania si\u0119 Ks. Jacek Ja\u015bkowski. Nie jestem ani kim\u015b wa\u017cnym, ani kim\u015b znanym. Jestem ksi\u0119dzem, kt\u00f3ry po prostu chce rozmawia\u0107. Codzienna kap\u0142a\u0144ska pos\u0142uga pokazuje mi, \u017ce temat\u00f3w do rozm\u00f3w z ksi\u0119dzem jest coraz wi\u0119cej i dzisiaj \u017caden ksi\u0105dz nie mo\u017ce od nich ucieka\u0107, ale - wprost przeciwnie - podejmowa\u0107 nowe wyzwania. To przekonanie sk\u0142oni\u0142o mnie do pr\u00f3by otwarcia tego\u017c bloga, chocia\u017c okazji do rozm\u00f3w na co dzie\u0144 - w konfesjonale i poza nim - na szcz\u0119\u015bcie nie brakuje. My\u015bl\u0119 jednak, \u017ce ten blog b\u0119dzie jeszcze jednym sposobem i przestrzeni\u0105 nawi\u0105zania kontaktu z lud\u017ami dobrej woli, otwartymi na dialog.\",\"url\":\"https:\/\/gaudiumetspes-blog.pl\/index.php\/author\/ks-jacek\/\"}]}<\/script>\n<!-- \/ Yoast SEO plugin. -->","yoast_head_json":{"title":"Panie, Ty wiesz, \u017ce Ci\u0119 kocham! - Gaudium Et Spes","robots":{"index":"index","follow":"follow","max-snippet":"max-snippet:-1","max-image-preview":"max-image-preview:large","max-video-preview":"max-video-preview:-1"},"canonical":"https:\/\/gaudiumetspes-blog.pl\/index.php\/2016\/04\/10\/panie-ty-wiesz-ze-cie-kocha\/","og_locale":"pl_PL","og_type":"article","og_title":"Panie, Ty wiesz, \u017ce Ci\u0119 kocham! - Gaudium Et Spes","og_description":"Niech b\u0119dzie pochwalony Jezus Chrystus! Moi Drodzy, w dniu dzisiejszym urodziny obchodzi Weronika Kowalska, a imieniny obchodzi Micha\u0142 Pie\u0144kowski &#8211; oboje, w czasie mojej rezydentury w Parafii w Tr\u0105bkach, bardzo aktywnie zaanga\u017cowani w dzia\u0142alno\u015b\u0107 \u00f3wczesnych Wsp\u00f3lnot m\u0142odzie\u017cowych. Dzi\u0119kuj\u0105c Im za \u017cyczliwo\u015b\u0107 i sta\u0142y kontakt, \u017cycz\u0119 nieustannego zapa\u0142u i optymizmu, rado\u015bci i nadziei, w codziennym \u015bwiadczeniu [&hellip;]","og_url":"https:\/\/gaudiumetspes-blog.pl\/index.php\/2016\/04\/10\/panie-ty-wiesz-ze-cie-kocha\/","og_site_name":"Gaudium Et Spes","article_published_time":"2016-04-10T01:34:00+00:00","article_modified_time":"2019-07-31T10:56:11+00:00","author":"Ks. Jacek","twitter_card":"summary_large_image","twitter_misc":{"Napisane przez":"Ks. Jacek","Szacowany czas czytania":"16 minut"},"schema":{"@context":"https:\/\/schema.org","@graph":[{"@type":"WebPage","@id":"https:\/\/gaudiumetspes-blog.pl\/index.php\/2016\/04\/10\/panie-ty-wiesz-ze-cie-kocha\/","url":"https:\/\/gaudiumetspes-blog.pl\/index.php\/2016\/04\/10\/panie-ty-wiesz-ze-cie-kocha\/","name":"Panie, Ty wiesz, \u017ce Ci\u0119 kocham! - Gaudium Et Spes","isPartOf":{"@id":"https:\/\/gaudiumetspes-blog.pl\/#website"},"datePublished":"2016-04-10T01:34:00+00:00","dateModified":"2019-07-31T10:56:11+00:00","author":{"@id":"https:\/\/gaudiumetspes-blog.pl\/#\/schema\/person\/1661982992b752dea8dff0d4ed845a65"},"breadcrumb":{"@id":"https:\/\/gaudiumetspes-blog.pl\/index.php\/2016\/04\/10\/panie-ty-wiesz-ze-cie-kocha\/#breadcrumb"},"inLanguage":"pl-PL","potentialAction":[{"@type":"ReadAction","target":["https:\/\/gaudiumetspes-blog.pl\/index.php\/2016\/04\/10\/panie-ty-wiesz-ze-cie-kocha\/"]}]},{"@type":"BreadcrumbList","@id":"https:\/\/gaudiumetspes-blog.pl\/index.php\/2016\/04\/10\/panie-ty-wiesz-ze-cie-kocha\/#breadcrumb","itemListElement":[{"@type":"ListItem","position":1,"name":"Strona g\u0142\u00f3wna","item":"https:\/\/gaudiumetspes-blog.pl\/"},{"@type":"ListItem","position":2,"name":"Panie, Ty wiesz, \u017ce&nbsp;Ci\u0119 kocham!"}]},{"@type":"WebSite","@id":"https:\/\/gaudiumetspes-blog.pl\/#website","url":"https:\/\/gaudiumetspes-blog.pl\/","name":"Gaudium Et Spes","description":"Blog Ks. Jacka Ja\u015bkowskiego","potentialAction":[{"@type":"SearchAction","target":{"@type":"EntryPoint","urlTemplate":"https:\/\/gaudiumetspes-blog.pl\/?s={search_term_string}"},"query-input":{"@type":"PropertyValueSpecification","valueRequired":true,"valueName":"search_term_string"}}],"inLanguage":"pl-PL"},{"@type":"Person","@id":"https:\/\/gaudiumetspes-blog.pl\/#\/schema\/person\/1661982992b752dea8dff0d4ed845a65","name":"Ks. Jacek","image":{"@type":"ImageObject","inLanguage":"pl-PL","@id":"https:\/\/gaudiumetspes-blog.pl\/#\/schema\/person\/image\/","url":"https:\/\/gaudiumetspes-blog.pl\/wp-content\/uploads\/2019\/07\/avatar-JJ-150x150.jpg","contentUrl":"https:\/\/gaudiumetspes-blog.pl\/wp-content\/uploads\/2019\/07\/avatar-JJ-150x150.jpg","caption":"Ks. Jacek"},"description":"Witam serdecznie! K\u0142ania si\u0119 Ks. Jacek Ja\u015bkowski. Nie jestem ani kim\u015b wa\u017cnym, ani kim\u015b znanym. Jestem ksi\u0119dzem, kt\u00f3ry po prostu chce rozmawia\u0107. Codzienna kap\u0142a\u0144ska pos\u0142uga pokazuje mi, \u017ce temat\u00f3w do rozm\u00f3w z ksi\u0119dzem jest coraz wi\u0119cej i dzisiaj \u017caden ksi\u0105dz nie mo\u017ce od nich ucieka\u0107, ale - wprost przeciwnie - podejmowa\u0107 nowe wyzwania. To przekonanie sk\u0142oni\u0142o mnie do pr\u00f3by otwarcia tego\u017c bloga, chocia\u017c okazji do rozm\u00f3w na co dzie\u0144 - w konfesjonale i poza nim - na szcz\u0119\u015bcie nie brakuje. My\u015bl\u0119 jednak, \u017ce ten blog b\u0119dzie jeszcze jednym sposobem i przestrzeni\u0105 nawi\u0105zania kontaktu z lud\u017ami dobrej woli, otwartymi na dialog.","url":"https:\/\/gaudiumetspes-blog.pl\/index.php\/author\/ks-jacek\/"}]}},"jetpack_featured_media_url":"","jetpack_sharing_enabled":true,"_links":{"self":[{"href":"https:\/\/gaudiumetspes-blog.pl\/index.php\/wp-json\/wp\/v2\/posts\/8061","targetHints":{"allow":["GET"]}}],"collection":[{"href":"https:\/\/gaudiumetspes-blog.pl\/index.php\/wp-json\/wp\/v2\/posts"}],"about":[{"href":"https:\/\/gaudiumetspes-blog.pl\/index.php\/wp-json\/wp\/v2\/types\/post"}],"author":[{"embeddable":true,"href":"https:\/\/gaudiumetspes-blog.pl\/index.php\/wp-json\/wp\/v2\/users\/1"}],"replies":[{"embeddable":true,"href":"https:\/\/gaudiumetspes-blog.pl\/index.php\/wp-json\/wp\/v2\/comments?post=8061"}],"version-history":[{"count":1,"href":"https:\/\/gaudiumetspes-blog.pl\/index.php\/wp-json\/wp\/v2\/posts\/8061\/revisions"}],"predecessor-version":[{"id":12580,"href":"https:\/\/gaudiumetspes-blog.pl\/index.php\/wp-json\/wp\/v2\/posts\/8061\/revisions\/12580"}],"wp:attachment":[{"href":"https:\/\/gaudiumetspes-blog.pl\/index.php\/wp-json\/wp\/v2\/media?parent=8061"}],"wp:term":[{"taxonomy":"category","embeddable":true,"href":"https:\/\/gaudiumetspes-blog.pl\/index.php\/wp-json\/wp\/v2\/categories?post=8061"},{"taxonomy":"post_tag","embeddable":true,"href":"https:\/\/gaudiumetspes-blog.pl\/index.php\/wp-json\/wp\/v2\/tags?post=8061"}],"curies":[{"name":"wp","href":"https:\/\/api.w.org\/{rel}","templated":true}]}}