{"id":8063,"date":"2016-04-08T05:06:00","date_gmt":"2016-04-08T03:06:00","guid":{"rendered":"https:\/\/gaudiumetspes-blog.pl\/index.php\/2016\/04\/08\/ten-prawdziwie-jest-prorokiem-ktory-mia\/"},"modified":"2019-07-31T12:56:10","modified_gmt":"2019-07-31T10:56:10","slug":"ten-prawdziwie-jest-prorokiem-ktory-mia","status":"publish","type":"post","link":"https:\/\/gaudiumetspes-blog.pl\/index.php\/2016\/04\/08\/ten-prawdziwie-jest-prorokiem-ktory-mia\/","title":{"rendered":"Ten prawdziwie jest Prorokiem, kt\u00f3ry mia\u0142 przyj\u015b\u0107 na \u015bwiat!"},"content":{"rendered":"<div align=\"justify\" style=\"line-height: 150%; margin-bottom: 0cm;\">\nPozdrawiam serdecznie i \u017cycz\u0119 b\u0142ogos\u0142awionego dnia! Dzi\u0119kuj\u0119 Ksi\u0119dzu Markowi za wczorajsze s\u0142\u00f3wko i raz jeszcze zach\u0119cam do g\u0142\u0119bokiego pochylenia si\u0119 nad nim.<\/div>\n<div align=\"justify\" style=\"line-height: 150%; margin-bottom: 0cm;\">\n&nbsp; &nbsp; &nbsp; &nbsp; &nbsp; &nbsp; &nbsp; &nbsp; &nbsp; &nbsp; &nbsp; &nbsp; &nbsp; &nbsp; &nbsp; &nbsp; &nbsp; &nbsp; &nbsp; &nbsp; &nbsp; &nbsp;Gaudium et spes! &nbsp;Ks. Jacek<\/div>\n<div align=\"justify\" style=\"line-height: 150%; margin-bottom: 0cm;\">\n<\/div>\n<div align=\"justify\" style=\"line-height: 150%; margin-bottom: 0cm;\">\n<b>Pi\u0105tek<br \/>\n2 Tygodnia wielkanocnego,<\/b><\/div>\n<div align=\"justify\" style=\"line-height: 150%; margin-bottom: 0cm;\">\n<b>do<br \/>\nczyta\u0144:  Dz 5,34\u201342;  J 6,1\u201315<\/b><\/div>\n<div align=\"justify\" style=\"line-height: 150%; margin-bottom: 0cm;\">\n<\/p>\n<\/div>\n<div align=\"justify\" style=\"line-height: 150%; margin-bottom: 0cm;\">\n<b>CZYTANIE<br \/>\nZ DZIEJ\u00d3W APOSTOLSKICH: <\/b>\n<\/div>\n<div align=\"justify\" style=\"line-height: 150%; margin-bottom: 0cm; text-indent: 1.24cm;\">\n<b>Pewien<br \/>\nfaryzeusz, imieniem Gamaliel, uczony w Prawie i powa\u017cany przez ca\u0142y<br \/>\nlud, kaza\u0142 na chwil\u0119 usun\u0105\u0107 aposto\u0142\u00f3w i zabra\u0142 g\u0142os w Radzie.<br \/>\nPrzem\u00f3wi\u0142 do nich: \u201eM\u0119\u017cowie izraelscy! Zastan\u00f3wcie si\u0119<br \/>\ndobrze, co macie uczyni\u0107 z tymi lud\u017ami. Bo niedawno temu wyst\u0105pi\u0142<br \/>\nTeodas, podaj\u0105c si\u0119 za kogo\u015b niezwyk\u0142ego. Przy\u0142\u0105czy\u0142o si\u0119 do<br \/>\nniego oko\u0142o czterystu ludzi; zosta\u0142 on zabity, a wszyscy jego<br \/>\nzwolennicy zostali rozproszeni i \u015blad po nich zagin\u0105\u0142. Potem<br \/>\npodczas spisu ludno\u015bci wyst\u0105pi\u0142 Judasz Galilejczyk i poci\u0105gn\u0105\u0142<br \/>\nlud za sob\u0105. Zgin\u0105\u0142 sam i wszyscy jego zwolennicy zostali<br \/>\nrozproszeni. <\/b>\n<\/div>\n<div align=\"justify\" style=\"line-height: 150%; margin-bottom: 0cm; text-indent: 1.24cm;\">\n<b>Zatem<br \/>\ni teraz wam m\u00f3wi\u0119: Odst\u0105pcie od tych ludzi i pu\u015b\u0107cie ich. Je\u017celi<br \/>\nbowiem od ludzi pochodzi ta my\u015bl czy sprawa, rozpadnie si\u0119, a<br \/>\nje\u017celi rzeczywi\u015bcie od Boga pochodzi, nie potraficie ich zniszczy\u0107<br \/>\ni mo\u017ce si\u0119 czasem okaza\u0107, \u017ce walczycie z Bogiem\u201d. Us\u0142uchali<br \/>\ngo. <\/b>\n<\/div>\n<div align=\"justify\" style=\"line-height: 150%; margin-bottom: 0cm; text-indent: 1.24cm;\">\n<b>A<br \/>\nprzywo\u0142awszy aposto\u0142\u00f3w kazali ich ubiczowa\u0107 i zabronili im<br \/>\nprzemawia\u0107 w imi\u0119 Jezusa, a potem zwolnili. A oni odchodzili sprzed<br \/>\nSanhedrynu i cieszyli si\u0119, \u017ce stali si\u0119 godni cierpie\u0107 dla<br \/>\nimienia Jezusa. <\/b>\n<\/div>\n<div align=\"justify\" style=\"line-height: 150%; margin-bottom: 0cm; text-indent: 1.24cm;\">\n<b>Nie<br \/>\nprzestawali te\u017c co dzie\u0144 naucza\u0107 w \u015bwi\u0105tyni i po domach i g\u0142osi\u0107<br \/>\nDobr\u0105 Nowin\u0119 o Jezusie Chrystusie.<\/b><\/div>\n<div align=\"justify\" style=\"line-height: 150%; margin-bottom: 0cm;\">\n<\/p>\n<\/div>\n<div align=\"justify\" style=\"line-height: 150%; margin-bottom: 0cm;\">\n<b>S\u0141OWA<br \/>\nEWANGELII WED\u0141UG \u015aWI\u0118TEGO JANA: <\/b>\n<\/div>\n<div align=\"justify\" style=\"line-height: 150%; margin-bottom: 0cm; text-indent: 1.24cm;\">\n<b>Jezus<br \/>\nuda\u0142 si\u0119 za Jezioro Galilejskie, czyli Tyberiadzkie. Szed\u0142 za Nim<br \/>\nwielki t\u0142um, bo widziano znaki, jakie czyni\u0142 na tych, kt\u00f3rzy<br \/>\nchorowali. <\/b>\n<\/div>\n<div align=\"justify\" style=\"line-height: 150%; margin-bottom: 0cm; text-indent: 1.24cm;\">\n<b>Jezus<br \/>\nwszed\u0142 na wzg\u00f3rze i usiad\u0142 tam ze swoimi uczniami. A zbli\u017ca\u0142o<br \/>\nsi\u0119 \u015bwi\u0119to \u017cydowskie, Pascha. <\/b>\n<\/div>\n<div align=\"justify\" style=\"line-height: 150%; margin-bottom: 0cm; text-indent: 1.24cm;\">\n<b>Kiedy<br \/>\nwi\u0119c Jezus podni\u00f3s\u0142 oczy i ujrza\u0142, \u017ce liczne t\u0142umy schodz\u0105 si\u0119<br \/>\ndo Niego, rzek\u0142 do Filipa: \u201eSk\u0105d kupimy chleba, aby oni si\u0119<br \/>\nposilili?\u201d A m\u00f3wi\u0142 to wystawiaj\u0105c go na pr\u00f3b\u0119. Wiedzia\u0142<br \/>\nbowiem, co mia\u0142 czyni\u0107. <\/b>\n<\/div>\n<div align=\"justify\" style=\"line-height: 150%; margin-bottom: 0cm; text-indent: 1.24cm;\">\n<b>Odpowiedzia\u0142<br \/>\nMu Filip: \u201eZa dwie\u015bcie denar\u00f3w nie wystarczy chleba, aby ka\u017cdy z<br \/>\nnich m\u00f3g\u0142 cho\u0107 troch\u0119 otrzyma\u0107\u201d. <\/b>\n<\/div>\n<div align=\"justify\" style=\"line-height: 150%; margin-bottom: 0cm; text-indent: 1.24cm;\">\n<b>Jeden<br \/>\nz uczni\u00f3w Jego, Andrzej, brat Szymona Piotra, rzek\u0142 do Niego: \u201eJest<br \/>\ntu jeden ch\u0142opiec, kt\u00f3ry ma pi\u0119\u0107 chleb\u00f3w j\u0119czmiennych i dwie<br \/>\nryby, lecz c\u00f3\u017c to jest dla tak wielu?\u201d <\/b>\n<\/div>\n<div align=\"justify\" style=\"line-height: 150%; margin-bottom: 0cm; text-indent: 1.24cm;\">\n<b>Jezus<br \/>\nzatem rzek\u0142: \u201eKa\u017ccie ludziom usi\u0105\u015b\u0107\u201d. A w miejscu tym by\u0142o<br \/>\nwiele trawy. Usiedli wi\u0119c m\u0119\u017cczy\u017ani, a liczba ich dochodzi\u0142a do<br \/>\npi\u0119ciu tysi\u0119cy. <\/b>\n<\/div>\n<div align=\"justify\" style=\"line-height: 150%; margin-bottom: 0cm; text-indent: 1.24cm;\">\n<b>Jezus<br \/>\nwi\u0119c wzi\u0105\u0142 chleby i odm\u00f3wiwszy dzi\u0119kczynienie, rozda\u0142<br \/>\nsiedz\u0105cym; podobnie uczyni\u0142 i z rybami rozdaj\u0105c tyle, ile kto<br \/>\nchcia\u0142. A gdy si\u0119 nasycili, rzek\u0142 do uczni\u00f3w: \u201eZbierzcie<br \/>\npozosta\u0142e u\u0142omki, aby nic nie zgin\u0119\u0142o\u201d. Zebrali wi\u0119c i<br \/>\nu\u0142omkami z pi\u0119ciu chleb\u00f3w j\u0119czmiennych, kt\u00f3re zosta\u0142y po<br \/>\nspo\u017cywaj\u0105cych, nape\u0142nili dwana\u015bcie kosz\u00f3w. <\/b>\n<\/div>\n<div align=\"justify\" style=\"line-height: 150%; margin-bottom: 0cm; text-indent: 1.24cm;\">\n<b>A<br \/>\nkiedy ci ludzie spostrzegli, jaki cud uczyni\u0142 Jezus, m\u00f3wili: \u201eTen<br \/>\nprawdziwie jest prorokiem, kt\u00f3ry mia\u0142 przyj\u015b\u0107 na \u015bwiat\u201d. Gdy<br \/>\nwi\u0119c Jezus pozna\u0142, \u017ce mieli przyj\u015b\u0107 i porwa\u0107 Go, aby Go obwo\u0142a\u0107<br \/>\nkr\u00f3lem, sam usun\u0105\u0142 si\u0119 zn\u00f3w na g\u00f3r\u0119.<\/b><\/div>\n<div align=\"justify\" style=\"line-height: 150%; margin-bottom: 0cm;\">\n<\/p>\n<\/div>\n<div align=\"justify\" style=\"line-height: 150%; margin-bottom: 0cm; page-break-before: auto; text-indent: 1.24cm;\">\nS\u0142owa<br \/>\ndzisiejszego pierwszego czytania to wyra\u017ane pouczenie o <b>wy\u017cszo\u015bci<br \/>\nPrawa Bo\u017cego<\/b> nad prawami, stanowionymi przez instytucje<br \/>\npa\u0144stwowe, spo\u0142eczne, czy <b>jakiekolwiek inne instytucje ludzkie.<\/b><br \/>\nNawet, je\u017celi i one powo\u0142uj\u0105 si\u0119 na Prawo Bo\u017ce \u2013 jak by\u0142o  w<br \/>\nprzypadku faryzeusz\u00f3w i starszych ludu, uzasadniaj\u0105cych Prawem<br \/>\nBo\u017cym wszystkie swoje zarz\u0105dzenia.\n<\/div>\n<div align=\"justify\" style=\"line-height: 150%; margin-bottom: 0cm; text-indent: 1.24cm;\">\nDzisiaj<br \/>\nnatomiast \u2013 jak s\u0142yszeli\u015bmy \u2013 obrona Aposto\u0142\u00f3w przysz\u0142a ze<br \/>\nstrony, z kt\u00f3rej chyba si\u0119 jej nawet nie spodziewali, bo <b>w\u0142a\u015bnie<br \/>\nspo\u015br\u00f3d grona faryzeusz\u00f3w,<\/b> a konkretnie: ze strony m\u0105drego<br \/>\nGamaliela, kt\u00f3ry<b> logicznie uzasadniaj\u0105c swoje stanowisko<br \/>\n<\/b>argumentami historycznymi, wym\u00f3g\u0142 wr\u0119cz na pozosta\u0142ych<br \/>\nuwolnienie Aposto\u0142\u00f3w.\n<\/div>\n<div align=\"justify\" style=\"line-height: 150%; margin-bottom: 0cm; text-indent: 1.24cm;\">\nOkaza\u0142o<br \/>\nsi\u0119, \u017ce jego taktyka jest skuteczna, chocia\u017c faryzeusze<br \/>\n<b>przynajmniej tyle na swoim g\u0142upim uporze \u201eugrali\u201d,<\/b> \u017ce<br \/>\nkazali Aposto\u0142\u00f3w ubiczowa\u0107. Owszem, wypu\u015bcili ich ostatecznie,<br \/>\nzabraniaj\u0105c jednocze\u015bnie przemawiania w imi\u0119 Jezusa, ale <b>chocia\u017c<br \/>\ntyle mogli im \u201edopiec\u201d i pokaza\u0107 swoj\u0105 wy\u017cszo\u015b\u0107,<\/b> \u017ce<br \/>\nzadali im fizyczne cierpienie.\n<\/div>\n<div align=\"justify\" style=\"line-height: 150%; margin-bottom: 0cm; text-indent: 1.24cm;\">\nA<br \/>\nAposto\u0142owie \u2013 i na to w\u0142a\u015bnie warto dzi\u015b zwr\u00f3ci\u0107 uwag\u0119 \u2013<br \/>\nnie do\u015b\u0107, \u017ce <b>cieszyli si\u0119 z mo\u017cliwo\u015bci znoszenia cierpie\u0144<\/b><br \/>\ndla imienia Jezusa, to jeszcze wychodzili sprzed oblicza faryzeuszy z<br \/>\nca\u0142kowitym przekonaniem, \u017ce <b>nawet w najmniejszym stopniu nie<br \/>\nzamierzaj\u0105 respektowa\u0107 ich zakaz\u00f3w. <\/b>W najmniejszym stopniu \u2013<br \/>\ni ani przez chwil\u0119!\n<\/div>\n<div align=\"justify\" style=\"line-height: 150%; margin-bottom: 0cm; text-indent: 1.24cm;\">\nZwr\u00f3\u0107my<br \/>\nuwag\u0119 na ostatnie zdanie dzisiejszego czytania z Ksi\u0119gi Dziej\u00f3w<br \/>\nApostolskich. M\u00f3wi ono o tym, co robili Aposto\u0142owie zaraz po<br \/>\nuwolnieniu. Co robili? <i><b>Nie<\/b><\/i><b><br \/>\n<\/b><i><b>przestawali<\/b><\/i><b><br \/>\n[\u2026] <\/b><i><b>co<\/b><\/i><b><br \/>\n<\/b><i><b>dzie\u0144<br \/>\nnaucza\u0107 w \u015bwi\u0105tyni i po domach i g\u0142osi\u0107 Dobr\u0105 Nowin\u0119 o Jezusie<br \/>\nChrystusie<\/b><\/i><b>.<br \/>\n<\/b>\n<\/div>\n<div align=\"justify\" style=\"line-height: 150%; margin-bottom: 0cm; text-indent: 1.24cm;\">\nAle<br \/>\nczy\u017c mogli post\u0119powa\u0107<br \/>\ninaczej, je\u017celi <b>nakaz<br \/>\nich Mistrza,<\/b><br \/>\ndotycz\u0105cy nauczania wszystkich narod\u00f3w, <b>by\u0142<br \/>\ntak stanowczy,<\/b><br \/>\na duchowe wsparcie, jakie otrzymywali, <b>by\u0142o<br \/>\ntak mocne?<\/b><br \/>\nI je\u017celi zachowywali jeszcze w pami\u0119ci ten epizod, jaki opowiada<br \/>\nnam dzisiejsza Ewangelia, kiedy to <b>Jezus<br \/>\nnakarmi\u0142 pi\u0119\u0107 tysi\u0119cy m\u0119\u017cczyzn<\/b><br \/>\n\u2013 i zapewne tyle samo kobiet \u2013 maj\u0105c do dyspozycji jedynie<br \/>\n<b>pi\u0119\u0107<br \/>\nchleb\u00f3w i dwie ryby?! <\/b>\n<\/div>\n<div align=\"justify\" style=\"line-height: 150%; margin-bottom: 0cm; text-indent: 1.24cm;\">\nWydarzenie<br \/>\nto \u2013 podobnie, jak wiele innych \u2013 pokaza\u0142o im, \u017ce <b>Jezus<br \/>\njest absolutnym Panem<\/b><br \/>\nnie tylko w relacjach mi\u0119dzyludzkich i spo\u0142ecznych, ale jest <b>Panem<br \/>\nca\u0142ego stworzenia, <\/b>ca\u0142ego<br \/>\n\u015bwiata materialnego. <b>Jego<br \/>\nw\u0142adza jest ponad wszystkimi i wszystkim!<\/b><br \/>\nA ju\u017c na pewno \u2013 ponad w\u0142adz\u0105 faryzeusz\u00f3w, dlatego nie mog\u0142o<br \/>\nby\u0107 mowy, aby Aposto\u0142owie <b>chocia\u017c<br \/>\nprzez chwil\u0119 zastanawia<\/b><b>li<br \/>\nsi\u0119<\/b><b>,<br \/>\n<\/b>czy<br \/>\nrespektowa\u0107 zakaz, kt\u00f3ry otrzymali, czy<br \/>\nte\u017c go odrzuci\u0107.<br \/>\nOni wiedzieli, co<br \/>\nmaj\u0105 robi\u0107.<\/div>\n<div align=\"justify\" style=\"line-height: 150%; margin-bottom: 0cm; text-indent: 1.24cm;\">\nI<br \/>\nmy tak\u017ce, Kochani, musimy wykazywa\u0107 si\u0119 <b>tak\u0105<br \/>\nsam\u0105 stanowczo\u015bci\u0105,<\/b><br \/>\nje\u017celi jakakolwiek w\u0142adza, czy jakiekolwiek wzgl\u0119dy spo\u0142eczne,<br \/>\nczy konteksty kulturowe, b\u0119d\u0105 na nas <b>wymusza\u0107<br \/>\nl\u0119kliwe wycofanie si\u0119 ze \u015bwiadczenia o Chrystusie,<\/b><br \/>\nalbo sprzeniewierzenie si\u0119 Jego zasadom. W takich sytuacjach my te\u017c<br \/>\npowinni\u015bmy przyj\u0105\u0107 tak\u0105 postaw\u0119, jakiej przyk\u0142ad dali dzi\u015b<br \/>\nAposto\u0142owie, i <b>zdecydowanie<br \/>\npokaza\u0107, \u017ce takiej mo\u017cliwo\u015bci nawet nie bierzemy pod uwag\u0119.<\/b><\/div>\n<div align=\"justify\" style=\"line-height: 150%; margin-bottom: 0cm; text-indent: 1.24cm;\">\nBo<br \/>\n\u015bwiadectwo, dawane wierze, jest dla nas <b>kwesti\u0105,<br \/>\nkt\u00f3ra w og\u00f3le nie podlega dyskusji,<\/b><br \/>\na zasady wyznawanej przez nas wiary niesko\u0144czenie przewy\u017cszaj\u0105<br \/>\nwszystkie regulacje ziemskiej w\u0142adzy \u2013 jak by ona nie by\u0142a.<br \/>\nPrzeto je\u017celi owe regulacje stoj\u0105 <b>w<br \/>\njawnej sprzeczno\u015bci z Ewangeli\u0105, nas \u2013 katolik\u00f3w, <\/b><b>\u015bwiadk\u00f3w<br \/>\ni uczni\u00f3w Chrystusa<\/b><b><br \/>\n\u2013 nie mog\u0105 obowi\u0105zywa\u0107!<\/b><\/div>\n<div align=\"justify\" style=\"line-height: 150%; margin-bottom: 0cm; text-indent: 1.24cm;\">\nPomy\u015blmy:<\/div>\n<div align=\"justify\" style=\"line-height: 150%; margin-bottom: 0cm;\">\n\u2013<br \/>\nCzy<br \/>\nPrawo Ewangelii jest rzeczywi\u015bcie najwy\u017cszym prawem, kt\u00f3re<br \/>\nreguluje moj\u0105 codzienno\u015b\u0107?<\/div>\n<div align=\"justify\" style=\"line-height: 150%; margin-bottom: 0cm;\">\n\u2013<br \/>\nCzy<br \/>\ntch\u00f3rzliwie nie wycofuj\u0119 si\u0119, gdy \u015bwiadczenie o wierze zaczyna<br \/>\nmnie chocia\u017c nieco wi\u0119cej kosztowa\u0107?<\/div>\n<div align=\"justify\" style=\"line-height: 150%; margin-bottom: 0cm;\">\n\u2013<br \/>\nCzy<br \/>\nw kwestii mojej chrze\u015bcija\u0144skiej postawy pozby\u0142em si\u0119 ju\u017c<br \/>\njakichkolwiek kompleks\u00f3w, czyli \u2013 czy ta moja postawa jest pe\u0142na<br \/>\nentuzjazmu?<\/div>\n<p><\/p>\n<div align=\"justify\" style=\"line-height: 150%; margin-bottom: 0cm;\">\n<i><b>Ten<br \/>\nprawdziwie jest prorokiem, kt\u00f3ry mia\u0142 przyj\u015b\u0107 na \u015bwiat!<\/b><\/i><\/div>\n","protected":false},"excerpt":{"rendered":"<p>Pozdrawiam serdecznie i \u017cycz\u0119 b\u0142ogos\u0142awionego dnia! Dzi\u0119kuj\u0119 Ksi\u0119dzu Markowi za wczorajsze s\u0142\u00f3wko i raz jeszcze zach\u0119cam do g\u0142\u0119bokiego pochylenia si\u0119 nad nim. &nbsp; &nbsp; &nbsp; &nbsp; &nbsp; &nbsp; &nbsp; &nbsp; &nbsp; &nbsp; &nbsp; &nbsp; &nbsp; &nbsp; &nbsp; &nbsp; &nbsp; &nbsp; &nbsp; &nbsp; &nbsp; &nbsp;Gaudium et spes! &nbsp;Ks. Jacek Pi\u0105tek 2 Tygodnia wielkanocnego, do czyta\u0144: Dz [&hellip;]<\/p>\n","protected":false},"author":1,"featured_media":0,"comment_status":"open","ping_status":"open","sticky":false,"template":"","format":"standard","meta":{"jetpack_post_was_ever_published":false,"_jetpack_newsletter_access":"","_jetpack_dont_email_post_to_subs":false,"_jetpack_newsletter_tier_id":0,"_jetpack_memberships_contains_paywalled_content":false,"_jetpack_memberships_contains_paid_content":false,"footnotes":""},"categories":[1],"tags":[],"class_list":["post-8063","post","type-post","status-publish","format-standard","hentry","category-bez-kategorii"],"yoast_head":"<!-- This site is optimized with the Yoast SEO plugin v25.1 - https:\/\/yoast.com\/wordpress\/plugins\/seo\/ -->\n<title>Ten prawdziwie jest Prorokiem, kt\u00f3ry mia\u0142 przyj\u015b\u0107 na \u015bwiat! - Gaudium Et Spes<\/title>\n<meta name=\"robots\" content=\"index, follow, max-snippet:-1, max-image-preview:large, max-video-preview:-1\" \/>\n<link rel=\"canonical\" href=\"https:\/\/gaudiumetspes-blog.pl\/index.php\/2016\/04\/08\/ten-prawdziwie-jest-prorokiem-ktory-mia\/\" \/>\n<meta property=\"og:locale\" content=\"pl_PL\" \/>\n<meta property=\"og:type\" content=\"article\" \/>\n<meta property=\"og:title\" content=\"Ten prawdziwie jest Prorokiem, kt\u00f3ry mia\u0142 przyj\u015b\u0107 na \u015bwiat! - Gaudium Et Spes\" \/>\n<meta property=\"og:description\" content=\"Pozdrawiam serdecznie i \u017cycz\u0119 b\u0142ogos\u0142awionego dnia! Dzi\u0119kuj\u0119 Ksi\u0119dzu Markowi za wczorajsze s\u0142\u00f3wko i raz jeszcze zach\u0119cam do g\u0142\u0119bokiego pochylenia si\u0119 nad nim. &nbsp; &nbsp; &nbsp; &nbsp; &nbsp; &nbsp; &nbsp; &nbsp; &nbsp; &nbsp; &nbsp; &nbsp; &nbsp; &nbsp; &nbsp; &nbsp; &nbsp; &nbsp; &nbsp; &nbsp; &nbsp; &nbsp;Gaudium et spes! &nbsp;Ks. Jacek Pi\u0105tek 2 Tygodnia wielkanocnego, do czyta\u0144: Dz [&hellip;]\" \/>\n<meta property=\"og:url\" content=\"https:\/\/gaudiumetspes-blog.pl\/index.php\/2016\/04\/08\/ten-prawdziwie-jest-prorokiem-ktory-mia\/\" \/>\n<meta property=\"og:site_name\" content=\"Gaudium Et Spes\" \/>\n<meta property=\"article:published_time\" content=\"2016-04-08T03:06:00+00:00\" \/>\n<meta property=\"article:modified_time\" content=\"2019-07-31T10:56:10+00:00\" \/>\n<meta name=\"author\" content=\"Ks. Jacek\" \/>\n<meta name=\"twitter:card\" content=\"summary_large_image\" \/>\n<meta name=\"twitter:label1\" content=\"Napisane przez\" \/>\n\t<meta name=\"twitter:data1\" content=\"Ks. Jacek\" \/>\n\t<meta name=\"twitter:label2\" content=\"Szacowany czas czytania\" \/>\n\t<meta name=\"twitter:data2\" content=\"6 minut\" \/>\n<script type=\"application\/ld+json\" class=\"yoast-schema-graph\">{\"@context\":\"https:\/\/schema.org\",\"@graph\":[{\"@type\":\"WebPage\",\"@id\":\"https:\/\/gaudiumetspes-blog.pl\/index.php\/2016\/04\/08\/ten-prawdziwie-jest-prorokiem-ktory-mia\/\",\"url\":\"https:\/\/gaudiumetspes-blog.pl\/index.php\/2016\/04\/08\/ten-prawdziwie-jest-prorokiem-ktory-mia\/\",\"name\":\"Ten prawdziwie jest Prorokiem, kt\u00f3ry mia\u0142 przyj\u015b\u0107 na \u015bwiat! - Gaudium Et Spes\",\"isPartOf\":{\"@id\":\"https:\/\/gaudiumetspes-blog.pl\/#website\"},\"datePublished\":\"2016-04-08T03:06:00+00:00\",\"dateModified\":\"2019-07-31T10:56:10+00:00\",\"author\":{\"@id\":\"https:\/\/gaudiumetspes-blog.pl\/#\/schema\/person\/1661982992b752dea8dff0d4ed845a65\"},\"breadcrumb\":{\"@id\":\"https:\/\/gaudiumetspes-blog.pl\/index.php\/2016\/04\/08\/ten-prawdziwie-jest-prorokiem-ktory-mia\/#breadcrumb\"},\"inLanguage\":\"pl-PL\",\"potentialAction\":[{\"@type\":\"ReadAction\",\"target\":[\"https:\/\/gaudiumetspes-blog.pl\/index.php\/2016\/04\/08\/ten-prawdziwie-jest-prorokiem-ktory-mia\/\"]}]},{\"@type\":\"BreadcrumbList\",\"@id\":\"https:\/\/gaudiumetspes-blog.pl\/index.php\/2016\/04\/08\/ten-prawdziwie-jest-prorokiem-ktory-mia\/#breadcrumb\",\"itemListElement\":[{\"@type\":\"ListItem\",\"position\":1,\"name\":\"Strona g\u0142\u00f3wna\",\"item\":\"https:\/\/gaudiumetspes-blog.pl\/\"},{\"@type\":\"ListItem\",\"position\":2,\"name\":\"Ten prawdziwie jest Prorokiem, kt\u00f3ry&nbsp;mia\u0142 przyj\u015b\u0107 na&nbsp;\u015bwiat!\"}]},{\"@type\":\"WebSite\",\"@id\":\"https:\/\/gaudiumetspes-blog.pl\/#website\",\"url\":\"https:\/\/gaudiumetspes-blog.pl\/\",\"name\":\"Gaudium Et Spes\",\"description\":\"Blog Ks. Jacka Ja\u015bkowskiego\",\"potentialAction\":[{\"@type\":\"SearchAction\",\"target\":{\"@type\":\"EntryPoint\",\"urlTemplate\":\"https:\/\/gaudiumetspes-blog.pl\/?s={search_term_string}\"},\"query-input\":{\"@type\":\"PropertyValueSpecification\",\"valueRequired\":true,\"valueName\":\"search_term_string\"}}],\"inLanguage\":\"pl-PL\"},{\"@type\":\"Person\",\"@id\":\"https:\/\/gaudiumetspes-blog.pl\/#\/schema\/person\/1661982992b752dea8dff0d4ed845a65\",\"name\":\"Ks. Jacek\",\"image\":{\"@type\":\"ImageObject\",\"inLanguage\":\"pl-PL\",\"@id\":\"https:\/\/gaudiumetspes-blog.pl\/#\/schema\/person\/image\/\",\"url\":\"https:\/\/gaudiumetspes-blog.pl\/wp-content\/uploads\/2019\/07\/avatar-JJ-150x150.jpg\",\"contentUrl\":\"https:\/\/gaudiumetspes-blog.pl\/wp-content\/uploads\/2019\/07\/avatar-JJ-150x150.jpg\",\"caption\":\"Ks. Jacek\"},\"description\":\"Witam serdecznie! K\u0142ania si\u0119 Ks. Jacek Ja\u015bkowski. Nie jestem ani kim\u015b wa\u017cnym, ani kim\u015b znanym. Jestem ksi\u0119dzem, kt\u00f3ry po prostu chce rozmawia\u0107. Codzienna kap\u0142a\u0144ska pos\u0142uga pokazuje mi, \u017ce temat\u00f3w do rozm\u00f3w z ksi\u0119dzem jest coraz wi\u0119cej i dzisiaj \u017caden ksi\u0105dz nie mo\u017ce od nich ucieka\u0107, ale - wprost przeciwnie - podejmowa\u0107 nowe wyzwania. To przekonanie sk\u0142oni\u0142o mnie do pr\u00f3by otwarcia tego\u017c bloga, chocia\u017c okazji do rozm\u00f3w na co dzie\u0144 - w konfesjonale i poza nim - na szcz\u0119\u015bcie nie brakuje. My\u015bl\u0119 jednak, \u017ce ten blog b\u0119dzie jeszcze jednym sposobem i przestrzeni\u0105 nawi\u0105zania kontaktu z lud\u017ami dobrej woli, otwartymi na dialog.\",\"url\":\"https:\/\/gaudiumetspes-blog.pl\/index.php\/author\/ks-jacek\/\"}]}<\/script>\n<!-- \/ Yoast SEO plugin. -->","yoast_head_json":{"title":"Ten prawdziwie jest Prorokiem, kt\u00f3ry mia\u0142 przyj\u015b\u0107 na \u015bwiat! - Gaudium Et Spes","robots":{"index":"index","follow":"follow","max-snippet":"max-snippet:-1","max-image-preview":"max-image-preview:large","max-video-preview":"max-video-preview:-1"},"canonical":"https:\/\/gaudiumetspes-blog.pl\/index.php\/2016\/04\/08\/ten-prawdziwie-jest-prorokiem-ktory-mia\/","og_locale":"pl_PL","og_type":"article","og_title":"Ten prawdziwie jest Prorokiem, kt\u00f3ry mia\u0142 przyj\u015b\u0107 na \u015bwiat! - Gaudium Et Spes","og_description":"Pozdrawiam serdecznie i \u017cycz\u0119 b\u0142ogos\u0142awionego dnia! Dzi\u0119kuj\u0119 Ksi\u0119dzu Markowi za wczorajsze s\u0142\u00f3wko i raz jeszcze zach\u0119cam do g\u0142\u0119bokiego pochylenia si\u0119 nad nim. &nbsp; &nbsp; &nbsp; &nbsp; &nbsp; &nbsp; &nbsp; &nbsp; &nbsp; &nbsp; &nbsp; &nbsp; &nbsp; &nbsp; &nbsp; &nbsp; &nbsp; &nbsp; &nbsp; &nbsp; &nbsp; &nbsp;Gaudium et spes! &nbsp;Ks. Jacek Pi\u0105tek 2 Tygodnia wielkanocnego, do czyta\u0144: Dz [&hellip;]","og_url":"https:\/\/gaudiumetspes-blog.pl\/index.php\/2016\/04\/08\/ten-prawdziwie-jest-prorokiem-ktory-mia\/","og_site_name":"Gaudium Et Spes","article_published_time":"2016-04-08T03:06:00+00:00","article_modified_time":"2019-07-31T10:56:10+00:00","author":"Ks. Jacek","twitter_card":"summary_large_image","twitter_misc":{"Napisane przez":"Ks. Jacek","Szacowany czas czytania":"6 minut"},"schema":{"@context":"https:\/\/schema.org","@graph":[{"@type":"WebPage","@id":"https:\/\/gaudiumetspes-blog.pl\/index.php\/2016\/04\/08\/ten-prawdziwie-jest-prorokiem-ktory-mia\/","url":"https:\/\/gaudiumetspes-blog.pl\/index.php\/2016\/04\/08\/ten-prawdziwie-jest-prorokiem-ktory-mia\/","name":"Ten prawdziwie jest Prorokiem, kt\u00f3ry mia\u0142 przyj\u015b\u0107 na \u015bwiat! - Gaudium Et Spes","isPartOf":{"@id":"https:\/\/gaudiumetspes-blog.pl\/#website"},"datePublished":"2016-04-08T03:06:00+00:00","dateModified":"2019-07-31T10:56:10+00:00","author":{"@id":"https:\/\/gaudiumetspes-blog.pl\/#\/schema\/person\/1661982992b752dea8dff0d4ed845a65"},"breadcrumb":{"@id":"https:\/\/gaudiumetspes-blog.pl\/index.php\/2016\/04\/08\/ten-prawdziwie-jest-prorokiem-ktory-mia\/#breadcrumb"},"inLanguage":"pl-PL","potentialAction":[{"@type":"ReadAction","target":["https:\/\/gaudiumetspes-blog.pl\/index.php\/2016\/04\/08\/ten-prawdziwie-jest-prorokiem-ktory-mia\/"]}]},{"@type":"BreadcrumbList","@id":"https:\/\/gaudiumetspes-blog.pl\/index.php\/2016\/04\/08\/ten-prawdziwie-jest-prorokiem-ktory-mia\/#breadcrumb","itemListElement":[{"@type":"ListItem","position":1,"name":"Strona g\u0142\u00f3wna","item":"https:\/\/gaudiumetspes-blog.pl\/"},{"@type":"ListItem","position":2,"name":"Ten prawdziwie jest Prorokiem, kt\u00f3ry&nbsp;mia\u0142 przyj\u015b\u0107 na&nbsp;\u015bwiat!"}]},{"@type":"WebSite","@id":"https:\/\/gaudiumetspes-blog.pl\/#website","url":"https:\/\/gaudiumetspes-blog.pl\/","name":"Gaudium Et Spes","description":"Blog Ks. Jacka Ja\u015bkowskiego","potentialAction":[{"@type":"SearchAction","target":{"@type":"EntryPoint","urlTemplate":"https:\/\/gaudiumetspes-blog.pl\/?s={search_term_string}"},"query-input":{"@type":"PropertyValueSpecification","valueRequired":true,"valueName":"search_term_string"}}],"inLanguage":"pl-PL"},{"@type":"Person","@id":"https:\/\/gaudiumetspes-blog.pl\/#\/schema\/person\/1661982992b752dea8dff0d4ed845a65","name":"Ks. Jacek","image":{"@type":"ImageObject","inLanguage":"pl-PL","@id":"https:\/\/gaudiumetspes-blog.pl\/#\/schema\/person\/image\/","url":"https:\/\/gaudiumetspes-blog.pl\/wp-content\/uploads\/2019\/07\/avatar-JJ-150x150.jpg","contentUrl":"https:\/\/gaudiumetspes-blog.pl\/wp-content\/uploads\/2019\/07\/avatar-JJ-150x150.jpg","caption":"Ks. Jacek"},"description":"Witam serdecznie! K\u0142ania si\u0119 Ks. Jacek Ja\u015bkowski. Nie jestem ani kim\u015b wa\u017cnym, ani kim\u015b znanym. Jestem ksi\u0119dzem, kt\u00f3ry po prostu chce rozmawia\u0107. Codzienna kap\u0142a\u0144ska pos\u0142uga pokazuje mi, \u017ce temat\u00f3w do rozm\u00f3w z ksi\u0119dzem jest coraz wi\u0119cej i dzisiaj \u017caden ksi\u0105dz nie mo\u017ce od nich ucieka\u0107, ale - wprost przeciwnie - podejmowa\u0107 nowe wyzwania. To przekonanie sk\u0142oni\u0142o mnie do pr\u00f3by otwarcia tego\u017c bloga, chocia\u017c okazji do rozm\u00f3w na co dzie\u0144 - w konfesjonale i poza nim - na szcz\u0119\u015bcie nie brakuje. My\u015bl\u0119 jednak, \u017ce ten blog b\u0119dzie jeszcze jednym sposobem i przestrzeni\u0105 nawi\u0105zania kontaktu z lud\u017ami dobrej woli, otwartymi na dialog.","url":"https:\/\/gaudiumetspes-blog.pl\/index.php\/author\/ks-jacek\/"}]}},"jetpack_featured_media_url":"","jetpack_sharing_enabled":true,"_links":{"self":[{"href":"https:\/\/gaudiumetspes-blog.pl\/index.php\/wp-json\/wp\/v2\/posts\/8063","targetHints":{"allow":["GET"]}}],"collection":[{"href":"https:\/\/gaudiumetspes-blog.pl\/index.php\/wp-json\/wp\/v2\/posts"}],"about":[{"href":"https:\/\/gaudiumetspes-blog.pl\/index.php\/wp-json\/wp\/v2\/types\/post"}],"author":[{"embeddable":true,"href":"https:\/\/gaudiumetspes-blog.pl\/index.php\/wp-json\/wp\/v2\/users\/1"}],"replies":[{"embeddable":true,"href":"https:\/\/gaudiumetspes-blog.pl\/index.php\/wp-json\/wp\/v2\/comments?post=8063"}],"version-history":[{"count":1,"href":"https:\/\/gaudiumetspes-blog.pl\/index.php\/wp-json\/wp\/v2\/posts\/8063\/revisions"}],"predecessor-version":[{"id":12578,"href":"https:\/\/gaudiumetspes-blog.pl\/index.php\/wp-json\/wp\/v2\/posts\/8063\/revisions\/12578"}],"wp:attachment":[{"href":"https:\/\/gaudiumetspes-blog.pl\/index.php\/wp-json\/wp\/v2\/media?parent=8063"}],"wp:term":[{"taxonomy":"category","embeddable":true,"href":"https:\/\/gaudiumetspes-blog.pl\/index.php\/wp-json\/wp\/v2\/categories?post=8063"},{"taxonomy":"post_tag","embeddable":true,"href":"https:\/\/gaudiumetspes-blog.pl\/index.php\/wp-json\/wp\/v2\/tags?post=8063"}],"curies":[{"name":"wp","href":"https:\/\/api.w.org\/{rel}","templated":true}]}}