{"id":8069,"date":"2016-04-02T07:36:00","date_gmt":"2016-04-02T05:36:00","guid":{"rendered":"https:\/\/gaudiumetspes-blog.pl\/index.php\/2016\/04\/02\/2137-miosierdzie\/"},"modified":"2019-07-31T12:56:10","modified_gmt":"2019-07-31T10:56:10","slug":"2137-miosierdzie","status":"publish","type":"post","link":"https:\/\/gaudiumetspes-blog.pl\/index.php\/2016\/04\/02\/2137-miosierdzie\/","title":{"rendered":"21.37  Mi\u0142osierdzie!"},"content":{"rendered":"<div class=\"separator\" style=\"clear: both; text-align: center;\">\n<a href=\"https:\/\/1.bp.blogspot.com\/-lamv97MQtpg\/Vv950yx_dpI\/AAAAAAAABqs\/pwjOwvbDqOMpTEBQNBmAIfuvt3P5oEGJQ\/s1600\/12837605_1111271742229916_1071459942_o.jpg\" imageanchor=\"1\" style=\"clear: right; float: right; margin-bottom: 1em; margin-left: 1em;\"><img loading=\"lazy\" decoding=\"async\" border=\"0\" height=\"320\" src=\"https:\/\/gaudiumetspes-blog.pl\/wp-content\/uploads\/2016\/04\/12837605_1111271742229916_1071459942_o.jpg\" width=\"238\" \/><\/a><\/div>\n<p><b><i>(Dz 4,13-21)<br \/> Prze\u0142o\u017ceni i starsi, i uczeni widz\u0105c odwag\u0119 Piotra i Jana, a dowiedziawszy si\u0119, \u017ce s\u0105 oni lud\u017ami nieuczonymi i prostymi, dziwili si\u0119. Rozpoznawali w nich te\u017c towarzyszy Jezusa. A widz\u0105c nadto, \u017ce stoi z nimi uzdrowiony cz\u0142owiek, nie znajdowali odpowiedzi. Kazali wi\u0119c im wyj\u015b\u0107 z sali Rady i naradzili si\u0119: Co mamy zrobi\u0107 z tymi lud\u017ami? &#8211; m\u00f3wili jeden do drugiego &#8211; bo dokonali jawnego znaku, oczywistego dla wszystkich mieszka\u0144c\u00f3w Jerozolimy. Przecie\u017c temu nie mo\u017cemy zaprzeczy\u0107. Aby jednak nie rozpowszechnia\u0142o si\u0119 to w\u015br\u00f3d ludu, zabro\u0144my im surowo przemawia\u0107 do kogokolwiek w to imi\u0119. Przywo\u0142ali ich potem i zakazali im w og\u00f3le przemawia\u0107, i naucza\u0107 w imi\u0119 Jezusa. Lecz Piotr i Jan odpowiedzieli: Rozs\u0105d\u017acie, czy s\u0142uszne jest w oczach Bo\u017cych bardziej s\u0142ucha\u0107 was ni\u017c Boga? Bo my nie mo\u017cemy nie m\u00f3wi\u0107 tego, co\u015bmy widzieli i s\u0142yszeli. Oni za\u015b ponowili gro\u017aby, a nie znajduj\u0105c \u017cadnej podstawy do wymierzenia im kary, wypu\u015bcili ich ze wzgl\u0119du na lud, bo wszyscy wielbili Boga z powodu tego, co si\u0119 sta\u0142o.<\/p>\n<p>(Mk 16,9-15)<br \/> Po swym zmartwychwstaniu, wczesnym rankiem w pierwszy dzie\u0144 tygodnia, Jezus ukaza\u0142 si\u0119 najpierw Marii Magdalenie, z kt\u00f3rej wyrzuci\u0142 siedem z\u0142ych duch\u00f3w. Ona posz\u0142a i oznajmi\u0142a to tym, kt\u00f3rzy byli z Nim, pogr\u0105\u017conym w smutku i p\u0142acz\u0105cym. Ci jednak s\u0142ysz\u0105c, \u017ce \u017cyje i \u017ce ona Go widzia\u0142a, nie chcieli wierzy\u0107. Potem ukaza\u0142 si\u0119 w innej postaci dwom z nich na drodze, gdy szli do wsi. Oni powr\u00f3cili i oznajmili pozosta\u0142ym. Lecz im te\u017c nie uwierzyli. W ko\u0144cu ukaza\u0142 si\u0119 samym Jedenastu, gdy siedzieli za sto\u0142em, i wyrzuca\u0142 im brak wiary i up\u00f3r, \u017ce nie wierzyli tym, kt\u00f3rzy widzieli Go zmartwychwsta\u0142ego. I rzek\u0142 do nich: Id\u017acie na ca\u0142y \u015bwiat i g\u0142o\u015bcie Ewangeli\u0119 wszelkiemu stworzeniu!<\/i><\/b><\/p>\n<p><b>Chrystus Zmartwychwsta\u0142!<\/b><\/p>\n<p>Witam i pozdrawiam z Syberii, z Surgutu.<\/p>\n<p>W oktawie Wielkanocy sk\u0142adam wszystkim najserdeczniejsze \u017cyczenia. Niech Jezus \u017cyje w Waszych sercach i Wam b\u0142ogos\u0142awi. \u017bycz\u0119 ka\u017cdemu z Was i sobie, takiego spotkania z Nim, jak o tym czytamy w Ewangeliach oktawy, takiego zachwytu faktem Zmartwychwstania jak zachwyca\u0142y si\u0119 kobiety u grobu czy uczniowie. <\/p>\n<p>Dzi\u015b dzie\u0144 doprawdy niesamowity. <\/p>\n<p>Oktawa Wielkanocy,<\/p>\n<p>Wigilia \u015awi\u0119ta Bo\u017cego Mi\u0142osierdzia,<\/p>\n<p>11 rocznica \u015bmierci \u015bw. Jana Paw\u0142a II,<\/p>\n<p>Po\u015bwi\u0119cenie figury Matki Bo\u017cej w Fatimie.<\/p>\n<p>Tak jak 11 lat temu 2 kwietnia by\u0142a sobota przed \u015bwi\u0119tem Bo\u017cego Mi\u0142osierdzia&#8230;<\/p>\n<p>Tak wtedy prze\u017cywali\u015bmy&#8230;<\/p>\n<p>Dzi\u015b cieszymy si\u0119, \u017ce mamy \u015awi\u0119tego.<\/p>\n<p>Tyle si\u0119 przez te 11 lat wydarzy\u0142o&#8230; Prowad\u017a nas Janie Pawle! Pomagaj nam! Wstawiaj si\u0119 za nami. <\/p>\n<p>\u015aw. Jan Pawe\u0142 II jest po \u015bw. J\u00f3zefie Robotniku drugim patronem naszej surguckiej parafii.<\/p>\n<p>Ciesz\u0119 si\u0119, \u017ce w tym dniu dokonuje si\u0119 po\u015bwi\u0119cenie figury Matki Bo\u017cej Fatimskiej dla naszej parafii. Bardzo jestem wdzi\u0119czny Panu Sebastianowi Karczewskiemu, mojemu serdecznemu przyjacielowi, z kt\u00f3rym wielokrotnie wsp\u00f3lnie do\u015bwiadczali\u015bmy opieki Bo\u017cej opatrzno\u015bci, za t\u0119 inicjatyw\u0119. <\/p>\n<p>Mam wielkie nabo\u017ce\u0144stwo do Matki Bo\u017cej Fatimskiej, zw\u0142aszcza, \u017ce Ona m\u00f3wi\u0142a o nawr\u00f3ceniu Rosji. Trzymam J\u0105 za s\u0142owo. Wierz\u0119 mocno, \u017ce Ona \u2013 pot\u0119\u017cna Matka i Kr\u00f3lowa mo\u017ce swoim wstawiennictwem tego dokona\u0107. Prosz\u0119 o takie wstawiennictwo r\u00f3wnie\u017c \u015bw. Jana Paw\u0142a II, kt\u00f3ry tak kocha\u0142 Rosj\u0119 i tak chcia\u0142 tu przyjecha\u0107. Teraz On tu jest, czujemy to bardzo. <\/p>\n<p>Matko Fatimska, Janie Pawle \u2013 m\u00f3dlcie si\u0119 za nami, m\u00f3dlcie si\u0119 za Rosj\u0119, m\u00f3dlcie si\u0119 za parafi\u0119 w Surgucie, za ca\u0142\u0105 pot\u0119\u017cn\u0105, ogromn\u0105 moj\u0105 parafi\u0119 (moje parafie). <\/p>\n<p>Wszystkich Was prosz\u0119 o w\u0142\u0105czenie si\u0119 w t\u0119 modlitw\u0119, o pomoc nam swoj\u0105 modlitw\u0105.<\/p>\n<p>Pozdrawiam serdecznie wszystkich pielgrzym\u00f3w w Fatimie, dzi\u0119kuj\u0119, \u017ce jeste\u015bcie tam i modlicie si\u0119 za nas. Sercem jestem z Wami. Zawierzajcie, prosz\u0119, tam w Fatimie moj\u0105 parafi\u0119 \u2013 moje parafie \u2013 w Surgucie i Nojabrsku, opiece Matki Bo\u017cej Fatimskiej i Janowi Paw\u0142owi II. <\/p>\n<p>Zapraszam do Surgutu. <\/p>\n<p><a name='more'><\/a><\/p>\n<table cellpadding=\"0\" cellspacing=\"0\" class=\"tr-caption-container\" style=\"float: left; margin-right: 1em; text-align: left;\">\n<tbody>\n<tr>\n<td style=\"text-align: center;\"><a href=\"https:\/\/2.bp.blogspot.com\/-h9H5UVT3D7Q\/Vv96kM_hgwI\/AAAAAAAABq0\/DiiMcUOWiO896rm_xwrRTtJNxOzqyeAAg\/s1600\/1.jpg\" imageanchor=\"1\" style=\"clear: left; margin-bottom: 1em; margin-left: auto; margin-right: auto;\"><img loading=\"lazy\" decoding=\"async\" border=\"0\" height=\"320\" src=\"https:\/\/gaudiumetspes-blog.pl\/wp-content\/uploads\/2016\/04\/1.jpg\" width=\"180\" \/><\/a><\/td>\n<\/tr>\n<tr>\n<td class=\"tr-caption\" style=\"text-align: center;\">Radosna Oktawa Paschy <br \/>\nw naszej parafii<\/td>\n<\/tr>\n<\/tbody>\n<\/table>\n<p>A co do naszej surguckiej parafii, wiecie czemu Ko\u015bci\u00f3\u0142 ustanowi\u0142 oktaw\u0119 Wielkanocy?<\/p>\n<p>Ja wiem. \u017beby\u015bmy tu na Syberii zd\u0105\u017cyli dotrze\u0107 do wszystkich naszych miast, do wszystkich ludzi. <\/p>\n<p>Wigilia Paschalna w Surgucie. Tyle ludzi w tym ko\u015bciele widzia\u0142em pierwszy raz. Opr\u00f3cz naszych Surgutian przyjechali nasi parafianie z jakich\u015b 10 miast na terenie mojej parafii. Niekt\u00f3rzy \u017ceby tu dotrze\u0107 jechali 200, 300 km. Najdalsza rodzina jak\u0105 widzia\u0142em mia\u0142a ok. 400 km. Specjalnie przyjechali, \u017ceby uczestniczy\u0107 w liturgii Wigilii Paschalnej. <\/p>\n<p>W niedziel\u0119 Msza o 10.00 w Surgucie, potem modlitwa z grekokatolikami (czasowo nie maj\u0105 swojego ksi\u0119dza) tu wr\u00f3cili\u015bmy do 2 niedzieli Wielkiego Postu (u nich Wielkanoc 1 maja). I w drog\u0119. <\/p>\n<p>Wieczorem o 19.00 Msza \u015bw. w drugiej mojej parafii, w Nojabrsku \u2013 320 km. na p\u00f3\u0142noc od Surgutu. Wieczorem po\u015bwi\u0119towali\u015bmy z Ormianami, kt\u00f3rzy nas przyj\u0119li, przenocowali\u015bmy i powr\u00f3t do Surgutu. Poniedzia\u0142ek wieczorem Msza w Surgucie i we wtorek rano wyjazd w drug\u0105 stron\u0119 \u2013 po\u0142udniowy zach\u00f3d. <\/p>\n<p>Wtorek wieczorem Msza w Niagani (600 km. od Surgutu), potem jeszcze przejazd do Uraju (kolejne 350 km.). O 3 w nocy jeste\u015bmy na miejscu. Tam w \u015brod\u0119 wieczorem Msza \u015bw. i w czwartek rano. W obiad ruszamy w drog\u0119 powrotn\u0105. W po\u0142owie drogi (po przejechaniu 420 km.) Chanty-Mansijsk. Tam wieczorem Msza \u015bw., kolacja i ostatnia prosta \u2013 ostatnie 300 km. O 2 w nocy jeste\u015bmy w domu. <\/p>\n<table cellpadding=\"0\" cellspacing=\"0\" class=\"tr-caption-container\" style=\"float: right; margin-left: 1em; text-align: right;\">\n<tbody>\n<tr>\n<td style=\"text-align: center;\"><a href=\"https:\/\/2.bp.blogspot.com\/-b4zoYH3CIuk\/Vv97FDfuysI\/AAAAAAAABq4\/FyDhkG0CJEYNt9qcFcLmDAhyFBZG-v-OA\/s1600\/DSC_0402.JPG\" imageanchor=\"1\" style=\"clear: right; margin-bottom: 1em; margin-left: auto; margin-right: auto;\"><img loading=\"lazy\" decoding=\"async\" border=\"0\" height=\"212\" src=\"https:\/\/gaudiumetspes-blog.pl\/wp-content\/uploads\/2016\/04\/DSC_0402.jpg\" width=\"320\" \/><\/a><\/td>\n<\/tr>\n<tr>\n<td class=\"tr-caption\" style=\"text-align: center;\">Gr\u00f3b Pa\u0144ski jaki zrobili parafianie w swoim domu w Uraju<\/td>\n<\/tr>\n<\/tbody>\n<\/table>\n<p>Zosta\u0142o jeszcze w niedziel\u0119 pojecha\u0107 do Koga\u0142ymu, ale to ju\u017c bajki \u2013 185 km. Razem ok 2700 km.<\/p>\n<p>Wiecie ju\u017c po co Ko\u015bci\u00f3\u0142 ustanowi\u0142 oktaw\u0119? \u017beby wsz\u0119dzie zd\u0105\u017cy\u0107.<\/p>\n<p>Pilnie potrzeba tu wi\u0119cej ksi\u0119\u017cy. Czy w Wielki Czwartek zapytali\u015bcie jakiego\u015b ksiedza, czy nie zechcia\u0142by przyjecha\u0107?<\/p>\n<p>Popytajcie jeszcze. Cho\u0107by jeden, bardzo du\u017co by pom\u00f3g\u0142&#8230;<\/p>\n<p>Wot, taka nasza Wielkanoc. <\/p>\n<p>Bogu dzi\u0119ki ca\u0142\u0105 oktaw\u0119 \u015bwieci s\u0142o\u0144ce, jest wspania\u0142a pogoda. W dzie\u0144 na plusie, w nocy na minusie. Wprawdzie mn\u00f3stwo wody i b\u0142ota, \u015bnieg powoli si\u0119 topi, ale s\u0142o\u0144ce daje rado\u015b\u0107. S\u0142o\u0144ce te\u017c jest takim u\u015bmiechem Pana Boga w oktawie Wielkiej Nocy. <\/p>\n<p>To takie d\u0142ugie wprowadzenie, przepraszam, \u017ce si\u0119 troch\u0119 rozpisa\u0142em o Syberii, a przecie\u017c najwa\u017cniejsze dzi\u015b \u2013 jak zawsze \u2013 jest Bo\u017ce s\u0142owo.<\/p>\n<p>Dzi\u015b widzimy, jak Jezus \u201ewyrzuca\u0142 im (uczniom) brak wiary i up\u00f3r, \u017ce nie wierzyli tym, kt\u00f3rzy widzieli Go zmartwychwsta\u0142ego\u201d.<\/p>\n<p>Przysz\u0142y kobiety, m\u00f3wi\u0105 im o spotkaniu \u2013 nie uwierzyli&#8230;<\/p>\n<p>Przyszli wsp\u00f3\u0142bracia z Emaus \u2013 te\u017c nie uwierzyli&#8230;<\/p>\n<p>Jezus wyrzuca im brak wiary, a zaraz potem posy\u0142a ich: \u201eI rzek\u0142 do nich: Id\u017acie na ca\u0142y \u015bwiat i g\u0142o\u015bcie Ewangeli\u0119 wszelkiemu stworzeniu!\u201d<\/p>\n<p>Ciekawe, \u017ce Jezusa nie przera\u017ca brak wiary, s\u0142abo\u015b\u0107 wiary uczni\u00f3w, On ich posy\u0142a&#8230;<\/p>\n<p>U pocz\u0105tku g\u0142oszenia Ewangelii, u pocz\u0105tku g\u0142oszenia Zmartwychwstania stoi brak wiary, s\u0142abo\u015b\u0107 uczni\u00f3w, jaka\u015b pora\u017cka&#8230; <\/p>\n<p>A Jezus posy\u0142a, nie przestaje wierzy\u0107 w nich, w swoich uczni\u00f3w, a raczej \u2013 On wie, \u017ce si\u0142a Ewangelii nie w ich doskona\u0142o\u015bci, ale w mocy Bo\u017cej. <\/p>\n<p>To jest znak wielkiego mi\u0142osierdzia Boga. Jezus cho\u0107 widzi s\u0142abo\u015b\u0107 naszej wiary, nie przestaje w nas inwestowa\u0107, daje nam szans\u0119, wierzy w nas do ko\u0144ca, szuka nas&#8230;<\/p>\n<p>U pocz\u0105tku stoi brak wiary, s\u0142abo\u015b\u0107 uczni\u00f3w&#8230; A jednak oni roznie\u015bli t\u0119 wiar\u0119 po ca\u0142ej ziemi. <\/p>\n<p>W pierwszym czytaniu, kt\u00f3re chronologicznie powinno by\u0107 po Ewangelii, widzimy ich ju\u017c mocniejszymi, odwa\u017cnymi \u2013 \u201eRozs\u0105d\u017acie, czy s\u0142uszne jest w oczach Bo\u017cych bardziej s\u0142ucha\u0107 was ni\u017c Boga? Bo my nie mo\u017cemy nie m\u00f3wi\u0107 tego, co\u015bmy widzieli i s\u0142yszeli\u201d.<\/p>\n<p>Kiedy widz\u0119 to, jak Jezus sam pracuje nad swoim Koscio\u0142em, jak nie przera\u017ca Go s\u0142abo\u015b\u0107 wiary uczni\u00f3w, nie przera\u017ca Go s\u0142abo\u015b\u0107 Ska\u0142y, to napawa to wielk\u0105 nadziej\u0105. <\/p>\n<p>Czasem patrz\u0119 na swoj\u0105 pos\u0142ug\u0119 i widz\u0119 \u2013 tu co\u015b nie wysz\u0142o, tam nie wysz\u0142o&#8230; Tu kto\u015b zawi\u00f3d\u0142, tu znikn\u0105\u0142, tam nie uda\u0142o si\u0119 zebra\u0107 ludzi&#8230; Czasem si\u0119 zdaje \u2013 same pora\u017cki&#8230;<\/p>\n<p>A potem patrzysz na ca\u0142o\u015b\u0107, z jakiej\u015b perspektywy i&#8230; niedowierzasz. Cuda.<\/p>\n<p>Tak dzia\u0142a Pan. On \u017cyje! On jest i dzia\u0142a z moc\u0105!<\/p>\n<p>Nam trzeba uwierzy\u0107&#8230;<\/p>\n<p>I mu nie przeszkadza\u0107.<\/p>\n<p>I zadziwia\u0107 si\u0119 Jego moc\u0105 i dzia\u0142aniem.<\/p>\n<p>I uwielbia\u0107!<\/p>\n<p>A jutro \u015bwi\u0119to Bo\u017cego Mi\u0142osierdzia &#8211;&nbsp;w Roku Mi\u0142osierdzia.<\/p>\n<table cellpadding=\"0\" cellspacing=\"0\" class=\"tr-caption-container\" style=\"float: left; margin-right: 1em; text-align: left;\">\n<tbody>\n<tr>\n<td style=\"text-align: center;\"><a href=\"https:\/\/4.bp.blogspot.com\/-Vqrwo5ziIOc\/Vv97ZFbDJ_I\/AAAAAAAABrA\/cZD6-tx73HgI9Njp_QxFZqaFa7ucfjYWw\/s1600\/2.jpg\" imageanchor=\"1\" style=\"clear: left; margin-bottom: 1em; margin-left: auto; margin-right: auto;\"><img loading=\"lazy\" decoding=\"async\" border=\"0\" height=\"320\" src=\"https:\/\/gaudiumetspes-blog.pl\/wp-content\/uploads\/2016\/04\/2.jpg\" width=\"240\" \/><\/a><\/td>\n<\/tr>\n<tr>\n<td class=\"tr-caption\" style=\"text-align: center;\">Przymiarka nowego obrazu do naszego ko\u015bcio\u0142a<\/td>\n<\/tr>\n<\/tbody>\n<\/table>\n<p><b><i>\u201ePowiedzia\u0142 mi Pan: c\u00f3rko Moja, nie ustawaj w g\u0142oszeniu mi\u0142osierdzia Mojego, och\u0142odzisz<\/i><\/b><br \/>\n<b><i><br \/>przez to Serce Moje, Kt\u00f3re pa\u0142a p\u0142omieniem lito\u015bci dla grzesznik\u00f3w. Powiedz moim kap\u0142anom, \u017ce zatwardziali grzesznicy kruszy\u0107 si\u0119 b\u0119d\u0105 pod ich s\u0142owami, kiedy b\u0119d\u0105 m\u00f3wi\u0107 o niezg\u0142\u0119bionym mi\u0142osierdziu Moim, o lito\u015bci, jak\u0105 mam dla nich w Sercu Swoim. Kap\u0142anom, kt\u00f3rzy g\u0142osi\u0107 b\u0119d\u0105 i wys\u0142awia\u0107 mi\u0142osierdzie Moje, dam im moc przedziwn\u0105 i namaszcz\u0119 ich s\u0142owa i porusz\u0119 serca, do kt\u00f3rych przemawia\u0107 b\u0119d\u0105\u201d.(Dz 1521)<\/i><\/b><\/p>\n<p>Tak wi\u0119c g\u0142osz\u0119 i wys\u0142awiam Mi\u0142osierdzie Boga. Ono jest wielkie, ono jest niezg\u0142\u0119bione. Niech B\u00f3g b\u0119dzie uwielbiony w swoim Mi\u0142osierdziu!<\/p>\n<p>Je\u015bli chcecie zobaczy\u0107 nasz\u0105 Wigili\u0119 Paschaln\u0105 zapraszam na nasz\u0105 stron\u0119 internetow\u0105, tam od g\u00f3ry, ostatnie linki. Zapraszam. <\/p>\n<p><a href=\"http:\/\/www.catholicsurgut.ru\/\">http:\/\/www.catholicsurgut.ru\/<\/a><\/p>\n","protected":false},"excerpt":{"rendered":"<p>(Dz 4,13-21) Prze\u0142o\u017ceni i starsi, i uczeni widz\u0105c odwag\u0119 Piotra i Jana, a dowiedziawszy si\u0119, \u017ce s\u0105 oni lud\u017ami nieuczonymi i prostymi, dziwili si\u0119. Rozpoznawali w nich te\u017c towarzyszy Jezusa. A widz\u0105c nadto, \u017ce stoi z nimi uzdrowiony cz\u0142owiek, nie znajdowali odpowiedzi. Kazali wi\u0119c im wyj\u015b\u0107 z sali Rady i naradzili si\u0119: Co mamy zrobi\u0107 [&hellip;]<\/p>\n","protected":false},"author":1,"featured_media":0,"comment_status":"open","ping_status":"open","sticky":false,"template":"","format":"standard","meta":{"jetpack_post_was_ever_published":false,"_jetpack_newsletter_access":"","_jetpack_dont_email_post_to_subs":false,"_jetpack_newsletter_tier_id":0,"_jetpack_memberships_contains_paywalled_content":false,"_jetpack_memberships_contains_paid_content":false,"footnotes":""},"categories":[1],"tags":[],"class_list":["post-8069","post","type-post","status-publish","format-standard","hentry","category-bez-kategorii"],"yoast_head":"<!-- This site is optimized with the Yoast SEO plugin v25.1 - https:\/\/yoast.com\/wordpress\/plugins\/seo\/ -->\n<title>21.37 Mi\u0142osierdzie! - Gaudium Et Spes<\/title>\n<meta name=\"robots\" content=\"index, follow, max-snippet:-1, max-image-preview:large, max-video-preview:-1\" \/>\n<link rel=\"canonical\" href=\"https:\/\/gaudiumetspes-blog.pl\/index.php\/2016\/04\/02\/2137-miosierdzie\/\" \/>\n<meta property=\"og:locale\" content=\"pl_PL\" \/>\n<meta property=\"og:type\" content=\"article\" \/>\n<meta property=\"og:title\" content=\"21.37 Mi\u0142osierdzie! - Gaudium Et Spes\" \/>\n<meta property=\"og:description\" content=\"(Dz 4,13-21) Prze\u0142o\u017ceni i starsi, i uczeni widz\u0105c odwag\u0119 Piotra i Jana, a dowiedziawszy si\u0119, \u017ce s\u0105 oni lud\u017ami nieuczonymi i prostymi, dziwili si\u0119. Rozpoznawali w nich te\u017c towarzyszy Jezusa. A widz\u0105c nadto, \u017ce stoi z nimi uzdrowiony cz\u0142owiek, nie znajdowali odpowiedzi. Kazali wi\u0119c im wyj\u015b\u0107 z sali Rady i naradzili si\u0119: Co mamy zrobi\u0107 [&hellip;]\" \/>\n<meta property=\"og:url\" content=\"https:\/\/gaudiumetspes-blog.pl\/index.php\/2016\/04\/02\/2137-miosierdzie\/\" \/>\n<meta property=\"og:site_name\" content=\"Gaudium Et Spes\" \/>\n<meta property=\"article:published_time\" content=\"2016-04-02T05:36:00+00:00\" \/>\n<meta property=\"article:modified_time\" content=\"2019-07-31T10:56:10+00:00\" \/>\n<meta property=\"og:image\" content=\"https:\/\/gaudiumetspes-blog.pl\/wp-content\/uploads\/2016\/04\/12837605_1111271742229916_1071459942_o.jpg\" \/>\n<meta name=\"author\" content=\"Ks. Jacek\" \/>\n<meta name=\"twitter:card\" content=\"summary_large_image\" \/>\n<meta name=\"twitter:label1\" content=\"Napisane przez\" \/>\n\t<meta name=\"twitter:data1\" content=\"Ks. Jacek\" \/>\n\t<meta name=\"twitter:label2\" content=\"Szacowany czas czytania\" \/>\n\t<meta name=\"twitter:data2\" content=\"8 minut\" \/>\n<script type=\"application\/ld+json\" class=\"yoast-schema-graph\">{\"@context\":\"https:\/\/schema.org\",\"@graph\":[{\"@type\":\"WebPage\",\"@id\":\"https:\/\/gaudiumetspes-blog.pl\/index.php\/2016\/04\/02\/2137-miosierdzie\/\",\"url\":\"https:\/\/gaudiumetspes-blog.pl\/index.php\/2016\/04\/02\/2137-miosierdzie\/\",\"name\":\"21.37 Mi\u0142osierdzie! - Gaudium Et Spes\",\"isPartOf\":{\"@id\":\"https:\/\/gaudiumetspes-blog.pl\/#website\"},\"primaryImageOfPage\":{\"@id\":\"https:\/\/gaudiumetspes-blog.pl\/index.php\/2016\/04\/02\/2137-miosierdzie\/#primaryimage\"},\"image\":{\"@id\":\"https:\/\/gaudiumetspes-blog.pl\/index.php\/2016\/04\/02\/2137-miosierdzie\/#primaryimage\"},\"thumbnailUrl\":\"https:\/\/gaudiumetspes-blog.pl\/wp-content\/uploads\/2016\/04\/12837605_1111271742229916_1071459942_o.jpg\",\"datePublished\":\"2016-04-02T05:36:00+00:00\",\"dateModified\":\"2019-07-31T10:56:10+00:00\",\"author\":{\"@id\":\"https:\/\/gaudiumetspes-blog.pl\/#\/schema\/person\/1661982992b752dea8dff0d4ed845a65\"},\"breadcrumb\":{\"@id\":\"https:\/\/gaudiumetspes-blog.pl\/index.php\/2016\/04\/02\/2137-miosierdzie\/#breadcrumb\"},\"inLanguage\":\"pl-PL\",\"potentialAction\":[{\"@type\":\"ReadAction\",\"target\":[\"https:\/\/gaudiumetspes-blog.pl\/index.php\/2016\/04\/02\/2137-miosierdzie\/\"]}]},{\"@type\":\"ImageObject\",\"inLanguage\":\"pl-PL\",\"@id\":\"https:\/\/gaudiumetspes-blog.pl\/index.php\/2016\/04\/02\/2137-miosierdzie\/#primaryimage\",\"url\":\"https:\/\/gaudiumetspes-blog.pl\/wp-content\/uploads\/2016\/04\/12837605_1111271742229916_1071459942_o.jpg\",\"contentUrl\":\"https:\/\/gaudiumetspes-blog.pl\/wp-content\/uploads\/2016\/04\/12837605_1111271742229916_1071459942_o.jpg\",\"width\":239,\"height\":320},{\"@type\":\"BreadcrumbList\",\"@id\":\"https:\/\/gaudiumetspes-blog.pl\/index.php\/2016\/04\/02\/2137-miosierdzie\/#breadcrumb\",\"itemListElement\":[{\"@type\":\"ListItem\",\"position\":1,\"name\":\"Strona g\u0142\u00f3wna\",\"item\":\"https:\/\/gaudiumetspes-blog.pl\/\"},{\"@type\":\"ListItem\",\"position\":2,\"name\":\"21.37 Mi\u0142osierdzie!\"}]},{\"@type\":\"WebSite\",\"@id\":\"https:\/\/gaudiumetspes-blog.pl\/#website\",\"url\":\"https:\/\/gaudiumetspes-blog.pl\/\",\"name\":\"Gaudium Et Spes\",\"description\":\"Blog Ks. Jacka Ja\u015bkowskiego\",\"potentialAction\":[{\"@type\":\"SearchAction\",\"target\":{\"@type\":\"EntryPoint\",\"urlTemplate\":\"https:\/\/gaudiumetspes-blog.pl\/?s={search_term_string}\"},\"query-input\":{\"@type\":\"PropertyValueSpecification\",\"valueRequired\":true,\"valueName\":\"search_term_string\"}}],\"inLanguage\":\"pl-PL\"},{\"@type\":\"Person\",\"@id\":\"https:\/\/gaudiumetspes-blog.pl\/#\/schema\/person\/1661982992b752dea8dff0d4ed845a65\",\"name\":\"Ks. Jacek\",\"image\":{\"@type\":\"ImageObject\",\"inLanguage\":\"pl-PL\",\"@id\":\"https:\/\/gaudiumetspes-blog.pl\/#\/schema\/person\/image\/\",\"url\":\"https:\/\/gaudiumetspes-blog.pl\/wp-content\/uploads\/2019\/07\/avatar-JJ-150x150.jpg\",\"contentUrl\":\"https:\/\/gaudiumetspes-blog.pl\/wp-content\/uploads\/2019\/07\/avatar-JJ-150x150.jpg\",\"caption\":\"Ks. Jacek\"},\"description\":\"Witam serdecznie! K\u0142ania si\u0119 Ks. Jacek Ja\u015bkowski. Nie jestem ani kim\u015b wa\u017cnym, ani kim\u015b znanym. Jestem ksi\u0119dzem, kt\u00f3ry po prostu chce rozmawia\u0107. Codzienna kap\u0142a\u0144ska pos\u0142uga pokazuje mi, \u017ce temat\u00f3w do rozm\u00f3w z ksi\u0119dzem jest coraz wi\u0119cej i dzisiaj \u017caden ksi\u0105dz nie mo\u017ce od nich ucieka\u0107, ale - wprost przeciwnie - podejmowa\u0107 nowe wyzwania. To przekonanie sk\u0142oni\u0142o mnie do pr\u00f3by otwarcia tego\u017c bloga, chocia\u017c okazji do rozm\u00f3w na co dzie\u0144 - w konfesjonale i poza nim - na szcz\u0119\u015bcie nie brakuje. My\u015bl\u0119 jednak, \u017ce ten blog b\u0119dzie jeszcze jednym sposobem i przestrzeni\u0105 nawi\u0105zania kontaktu z lud\u017ami dobrej woli, otwartymi na dialog.\",\"url\":\"https:\/\/gaudiumetspes-blog.pl\/index.php\/author\/ks-jacek\/\"}]}<\/script>\n<!-- \/ Yoast SEO plugin. -->","yoast_head_json":{"title":"21.37 Mi\u0142osierdzie! - Gaudium Et Spes","robots":{"index":"index","follow":"follow","max-snippet":"max-snippet:-1","max-image-preview":"max-image-preview:large","max-video-preview":"max-video-preview:-1"},"canonical":"https:\/\/gaudiumetspes-blog.pl\/index.php\/2016\/04\/02\/2137-miosierdzie\/","og_locale":"pl_PL","og_type":"article","og_title":"21.37 Mi\u0142osierdzie! - Gaudium Et Spes","og_description":"(Dz 4,13-21) Prze\u0142o\u017ceni i starsi, i uczeni widz\u0105c odwag\u0119 Piotra i Jana, a dowiedziawszy si\u0119, \u017ce s\u0105 oni lud\u017ami nieuczonymi i prostymi, dziwili si\u0119. Rozpoznawali w nich te\u017c towarzyszy Jezusa. A widz\u0105c nadto, \u017ce stoi z nimi uzdrowiony cz\u0142owiek, nie znajdowali odpowiedzi. Kazali wi\u0119c im wyj\u015b\u0107 z sali Rady i naradzili si\u0119: Co mamy zrobi\u0107 [&hellip;]","og_url":"https:\/\/gaudiumetspes-blog.pl\/index.php\/2016\/04\/02\/2137-miosierdzie\/","og_site_name":"Gaudium Et Spes","article_published_time":"2016-04-02T05:36:00+00:00","article_modified_time":"2019-07-31T10:56:10+00:00","og_image":[{"url":"https:\/\/gaudiumetspes-blog.pl\/wp-content\/uploads\/2016\/04\/12837605_1111271742229916_1071459942_o.jpg","type":"","width":"","height":""}],"author":"Ks. Jacek","twitter_card":"summary_large_image","twitter_misc":{"Napisane przez":"Ks. Jacek","Szacowany czas czytania":"8 minut"},"schema":{"@context":"https:\/\/schema.org","@graph":[{"@type":"WebPage","@id":"https:\/\/gaudiumetspes-blog.pl\/index.php\/2016\/04\/02\/2137-miosierdzie\/","url":"https:\/\/gaudiumetspes-blog.pl\/index.php\/2016\/04\/02\/2137-miosierdzie\/","name":"21.37 Mi\u0142osierdzie! - Gaudium Et Spes","isPartOf":{"@id":"https:\/\/gaudiumetspes-blog.pl\/#website"},"primaryImageOfPage":{"@id":"https:\/\/gaudiumetspes-blog.pl\/index.php\/2016\/04\/02\/2137-miosierdzie\/#primaryimage"},"image":{"@id":"https:\/\/gaudiumetspes-blog.pl\/index.php\/2016\/04\/02\/2137-miosierdzie\/#primaryimage"},"thumbnailUrl":"https:\/\/gaudiumetspes-blog.pl\/wp-content\/uploads\/2016\/04\/12837605_1111271742229916_1071459942_o.jpg","datePublished":"2016-04-02T05:36:00+00:00","dateModified":"2019-07-31T10:56:10+00:00","author":{"@id":"https:\/\/gaudiumetspes-blog.pl\/#\/schema\/person\/1661982992b752dea8dff0d4ed845a65"},"breadcrumb":{"@id":"https:\/\/gaudiumetspes-blog.pl\/index.php\/2016\/04\/02\/2137-miosierdzie\/#breadcrumb"},"inLanguage":"pl-PL","potentialAction":[{"@type":"ReadAction","target":["https:\/\/gaudiumetspes-blog.pl\/index.php\/2016\/04\/02\/2137-miosierdzie\/"]}]},{"@type":"ImageObject","inLanguage":"pl-PL","@id":"https:\/\/gaudiumetspes-blog.pl\/index.php\/2016\/04\/02\/2137-miosierdzie\/#primaryimage","url":"https:\/\/gaudiumetspes-blog.pl\/wp-content\/uploads\/2016\/04\/12837605_1111271742229916_1071459942_o.jpg","contentUrl":"https:\/\/gaudiumetspes-blog.pl\/wp-content\/uploads\/2016\/04\/12837605_1111271742229916_1071459942_o.jpg","width":239,"height":320},{"@type":"BreadcrumbList","@id":"https:\/\/gaudiumetspes-blog.pl\/index.php\/2016\/04\/02\/2137-miosierdzie\/#breadcrumb","itemListElement":[{"@type":"ListItem","position":1,"name":"Strona g\u0142\u00f3wna","item":"https:\/\/gaudiumetspes-blog.pl\/"},{"@type":"ListItem","position":2,"name":"21.37 Mi\u0142osierdzie!"}]},{"@type":"WebSite","@id":"https:\/\/gaudiumetspes-blog.pl\/#website","url":"https:\/\/gaudiumetspes-blog.pl\/","name":"Gaudium Et Spes","description":"Blog Ks. Jacka Ja\u015bkowskiego","potentialAction":[{"@type":"SearchAction","target":{"@type":"EntryPoint","urlTemplate":"https:\/\/gaudiumetspes-blog.pl\/?s={search_term_string}"},"query-input":{"@type":"PropertyValueSpecification","valueRequired":true,"valueName":"search_term_string"}}],"inLanguage":"pl-PL"},{"@type":"Person","@id":"https:\/\/gaudiumetspes-blog.pl\/#\/schema\/person\/1661982992b752dea8dff0d4ed845a65","name":"Ks. Jacek","image":{"@type":"ImageObject","inLanguage":"pl-PL","@id":"https:\/\/gaudiumetspes-blog.pl\/#\/schema\/person\/image\/","url":"https:\/\/gaudiumetspes-blog.pl\/wp-content\/uploads\/2019\/07\/avatar-JJ-150x150.jpg","contentUrl":"https:\/\/gaudiumetspes-blog.pl\/wp-content\/uploads\/2019\/07\/avatar-JJ-150x150.jpg","caption":"Ks. Jacek"},"description":"Witam serdecznie! K\u0142ania si\u0119 Ks. Jacek Ja\u015bkowski. Nie jestem ani kim\u015b wa\u017cnym, ani kim\u015b znanym. Jestem ksi\u0119dzem, kt\u00f3ry po prostu chce rozmawia\u0107. Codzienna kap\u0142a\u0144ska pos\u0142uga pokazuje mi, \u017ce temat\u00f3w do rozm\u00f3w z ksi\u0119dzem jest coraz wi\u0119cej i dzisiaj \u017caden ksi\u0105dz nie mo\u017ce od nich ucieka\u0107, ale - wprost przeciwnie - podejmowa\u0107 nowe wyzwania. To przekonanie sk\u0142oni\u0142o mnie do pr\u00f3by otwarcia tego\u017c bloga, chocia\u017c okazji do rozm\u00f3w na co dzie\u0144 - w konfesjonale i poza nim - na szcz\u0119\u015bcie nie brakuje. My\u015bl\u0119 jednak, \u017ce ten blog b\u0119dzie jeszcze jednym sposobem i przestrzeni\u0105 nawi\u0105zania kontaktu z lud\u017ami dobrej woli, otwartymi na dialog.","url":"https:\/\/gaudiumetspes-blog.pl\/index.php\/author\/ks-jacek\/"}]}},"jetpack_featured_media_url":"","jetpack_sharing_enabled":true,"_links":{"self":[{"href":"https:\/\/gaudiumetspes-blog.pl\/index.php\/wp-json\/wp\/v2\/posts\/8069","targetHints":{"allow":["GET"]}}],"collection":[{"href":"https:\/\/gaudiumetspes-blog.pl\/index.php\/wp-json\/wp\/v2\/posts"}],"about":[{"href":"https:\/\/gaudiumetspes-blog.pl\/index.php\/wp-json\/wp\/v2\/types\/post"}],"author":[{"embeddable":true,"href":"https:\/\/gaudiumetspes-blog.pl\/index.php\/wp-json\/wp\/v2\/users\/1"}],"replies":[{"embeddable":true,"href":"https:\/\/gaudiumetspes-blog.pl\/index.php\/wp-json\/wp\/v2\/comments?post=8069"}],"version-history":[{"count":1,"href":"https:\/\/gaudiumetspes-blog.pl\/index.php\/wp-json\/wp\/v2\/posts\/8069\/revisions"}],"predecessor-version":[{"id":12569,"href":"https:\/\/gaudiumetspes-blog.pl\/index.php\/wp-json\/wp\/v2\/posts\/8069\/revisions\/12569"}],"wp:attachment":[{"href":"https:\/\/gaudiumetspes-blog.pl\/index.php\/wp-json\/wp\/v2\/media?parent=8069"}],"wp:term":[{"taxonomy":"category","embeddable":true,"href":"https:\/\/gaudiumetspes-blog.pl\/index.php\/wp-json\/wp\/v2\/categories?post=8069"},{"taxonomy":"post_tag","embeddable":true,"href":"https:\/\/gaudiumetspes-blog.pl\/index.php\/wp-json\/wp\/v2\/tags?post=8069"}],"curies":[{"name":"wp","href":"https:\/\/api.w.org\/{rel}","templated":true}]}}