{"id":8072,"date":"2016-03-30T06:24:00","date_gmt":"2016-03-30T04:24:00","guid":{"rendered":"https:\/\/gaudiumetspes-blog.pl\/index.php\/2016\/03\/30\/pan-rzeczywiscie-zmartwychwsta-i-ukaza\/"},"modified":"2019-07-31T12:56:09","modified_gmt":"2019-07-31T10:56:09","slug":"pan-rzeczywiscie-zmartwychwsta-i-ukaza","status":"publish","type":"post","link":"https:\/\/gaudiumetspes-blog.pl\/index.php\/2016\/03\/30\/pan-rzeczywiscie-zmartwychwsta-i-ukaza\/","title":{"rendered":"Pan rzeczywi\u015bcie zmartwychwsta\u0142 i ukaza\u0142 si\u0119!"},"content":{"rendered":"<div align=\"justify\" style=\"line-height: 150%; margin-bottom: 0cm;\">\nSzcz\u0119\u015b\u0107 Bo\u017ce! Bardzo serdecznie pozdrawiam i \u017cycz\u0119 b\u0142ogos\u0142awionego dnia!<\/div>\n<div align=\"justify\" style=\"line-height: 150%; margin-bottom: 0cm;\">\nGaudium et spes! &nbsp;Ks. Jacek<\/div>\n<div align=\"justify\" style=\"line-height: 150%; margin-bottom: 0cm;\">\n<b><br \/><\/b><\/div>\n<div align=\"justify\" style=\"line-height: 150%; margin-bottom: 0cm;\">\n<b>\u015aroda<br \/>\nw Oktawie Wielkanocy,<\/b><\/div>\n<div align=\"justify\" style=\"line-height: 150%; margin-bottom: 0cm;\">\n<b>do<br \/>\nczyta\u0144:  Dz 3,1\u201310;  \u0141k 24,13\u201335<\/b><\/div>\n<div align=\"justify\" style=\"line-height: 150%; margin-bottom: 0cm;\">\n<\/p>\n<\/div>\n<div align=\"justify\" style=\"line-height: 150%; margin-bottom: 0cm;\">\n<b>CZYTANIE<br \/>\nZ DZIEJ\u00d3W APOSTOLSKICH: <\/b>\n<\/div>\n<div align=\"justify\" style=\"line-height: 150%; margin-bottom: 0cm; text-indent: 1.24cm;\">\n<b>Gdy<br \/>\nPiotr i Jan wchodzili do \u015bwi\u0105tyni na modlitw\u0119 o godzinie<br \/>\ndziewi\u0105tej, wnoszono w\u0142a\u015bnie pewnego cz\u0142owieka, chromego od<br \/>\nurodzenia. K\u0142adziono go codziennie przy bramie \u015bwi\u0105tyni, zwanej<br \/>\nPi\u0119kn\u0105, aby wst\u0119puj\u0105cych do \u015bwi\u0105tyni prosi\u0142 o ja\u0142mu\u017cn\u0119.<br \/>\nTen, zobaczywszy Piotra i Jana, gdy mieli wej\u015b\u0107 do \u015bwi\u0105tyni,<br \/>\nprosi\u0142 ich o ja\u0142mu\u017cn\u0119. <\/b>\n<\/div>\n<div align=\"justify\" style=\"line-height: 150%; margin-bottom: 0cm; text-indent: 1.24cm;\">\n<b>Lecz<br \/>\nPiotr wraz z Janem przypatrzywszy mu si\u0119 powiedzieli: \u201eSp\u00f3jrz na<br \/>\nnas\u201d. A on patrzy\u0142 na nich, oczekuj\u0105c od nich ja\u0142mu\u017cny. Piotr<br \/>\npowiedzia\u0142: \u201eNie mam srebra ani z\u0142ota, ale co mam, to ci daj\u0119: W<br \/>\nimi\u0119 Jezusa Chrystusa Nazarejczyka, chod\u017a!\u201d I uj\u0105wszy go za<br \/>\npraw\u0105 r\u0119k\u0119, podni\u00f3s\u0142 go. Natychmiast te\u017c odzyska\u0142 w\u0142adz\u0119 w<br \/>\nnogach i stopach. Zerwa\u0142 si\u0119 i stan\u0105\u0142 na nogach, skacz\u0105c i<br \/>\nwielbi\u0105c Boga. <\/b>\n<\/div>\n<div align=\"justify\" style=\"line-height: 150%; margin-bottom: 0cm; text-indent: 1.24cm;\">\n<b>A<br \/>\nca\u0142y lud zobaczy\u0142 go chodz\u0105cego i chwal\u0105cego Boga. I rozpoznawali<br \/>\nw nim tego cz\u0142owieka, kt\u00f3ry siada\u0142 przy Pi\u0119knej Bramie \u015bwi\u0105tyni,<br \/>\naby \u017cebra\u0107, i ogarn\u0119\u0142o ich zdumienie i zachwyt z powodu tego, co<br \/>\ngo spotka\u0142o.<\/b><\/div>\n<div align=\"justify\" style=\"line-height: 150%; margin-bottom: 0cm;\">\n<\/p>\n<\/div>\n<div align=\"justify\" style=\"line-height: 150%; margin-bottom: 0cm;\">\n<b>S\u0141OWA<br \/>\nEWANGELII WED\u0141UG \u015aWI\u0118TEGO \u0141UKASZA: <\/b>\n<\/div>\n<div align=\"justify\" style=\"line-height: 150%; margin-bottom: 0cm; text-indent: 1.27cm;\">\n<b>W<br \/>\npierwszy dzie\u0144 tygodnia dwaj uczniowie Jezusa byli w drodze do wsi,<br \/>\nzwanej Emaus, oddalonej sze\u015b\u0107dziesi\u0105t stadi\u00f3w od Jerozolimy.<br \/>\nRozmawiali oni ze sob\u0105 o tym wszystkim, co si\u0119 wydarzy\u0142o. Gdy tak<br \/>\nrozmawiali i rozprawiali ze sob\u0105, sam Jezus przybli\u017cy\u0142 si\u0119 i<br \/>\nszed\u0142 z nimi. Lecz oczy ich by\u0142y niejako na uwi\u0119zi, tak \u017ce Go nie<br \/>\npoznali. <\/b>\n<\/div>\n<div align=\"justify\" style=\"line-height: 150%; margin-bottom: 0cm; text-indent: 1.27cm;\">\n<b>On<br \/>\nza\u015b ich zapyta\u0142: \u201eC\u00f3\u017c to za rozmowy prowadzicie ze sob\u0105 w<br \/>\ndrodze?\u201d Zatrzymali si\u0119 smutni. A jeden z nich, imieniem Kleofas,<br \/>\nodpowiedzia\u0142 Mu: \u201eTy jeste\u015b chyba jedynym z przebywaj\u0105cych w<br \/>\nJerozolimie, kt\u00f3ry nie wie, co si\u0119 tam w tych dniach sta\u0142o\u201d.<\/b><\/div>\n<div align=\"justify\" style=\"line-height: 150%; margin-bottom: 0cm; text-indent: 1.27cm;\">\n<b>Zapyta\u0142<br \/>\nich: \u201eC\u00f3\u017c takiego?\u201d <\/b>\n<\/div>\n<div align=\"justify\" style=\"line-height: 150%; margin-bottom: 0cm; text-indent: 1.27cm;\">\n<b>Odpowiedzieli<br \/>\nMu: \u201eTo, co si\u0119 sta\u0142o z Jezusem z Nazaretu, kt\u00f3ry by\u0142 prorokiem<br \/>\npot\u0119\u017cnym w czynie i s\u0142owie wobec Boga i ca\u0142ego ludu; jak<br \/>\narcykap\u0142ani i nasi przyw\u00f3dcy wydali Go na \u015bmier\u0107 i ukrzy\u017cowali.<br \/>\nA my\u015bmy si\u0119 spodziewali, \u017ce w\u0142a\u015bnie On mia\u0142 wyzwoli\u0107 Izraela.<br \/>\nTeraz za\u015b po tym wszystkim dzi\u015b ju\u017c trzeci dzie\u0144, jak si\u0119 to<br \/>\nsta\u0142o. Co wi\u0119cej, niekt\u00f3re z naszych kobiet przerazi\u0142y nas: By\u0142y<br \/>\nrano u grobu, a nie znalaz\u0142szy Jego cia\u0142a, wr\u00f3ci\u0142y i<br \/>\nopowiedzia\u0142y, \u017ce mia\u0142y widzenie anio\u0142\u00f3w, kt\u00f3rzy zapewniaj\u0105, i\u017c<br \/>\nOn \u017cyje. Poszli niekt\u00f3rzy z naszych do grobu i zastali wszystko<br \/>\ntak, jak kobiety opowiada\u0142y, ale Jego nie widzieli\u201d. <\/b>\n<\/div>\n<div align=\"justify\" style=\"line-height: 150%; margin-bottom: 0cm; text-indent: 1.27cm;\">\n<b>Na<br \/>\nto On rzek\u0142 do nich: \u201eO nierozumni, jak nieskore s\u0105 wasze serca<br \/>\ndo wierzenia we wszystko, co powiedzieli prorocy! Czy\u017c Mesjasz nie<br \/>\nmia\u0142 tego cierpie\u0107, aby wej\u015b\u0107 do swej chwa\u0142y?\u201d I zaczynaj\u0105c<br \/>\nod Moj\u017cesza poprzez wszystkich prorok\u00f3w wyk\u0142ada\u0142 im, co we<br \/>\nwszystkich Pismach odnosi\u0142o si\u0119 do Niego. <\/b>\n<\/div>\n<div align=\"justify\" style=\"line-height: 150%; margin-bottom: 0cm; text-indent: 1.27cm;\">\n<b>Tak<br \/>\nprzybli\u017cyli si\u0119 do wsi, do kt\u00f3rej zd\u0105\u017cali, a On okazywa\u0142,<br \/>\njakoby mia\u0142 i\u015b\u0107 dalej. Lecz przymusili Go, m\u00f3wi\u0105c: \u201eZosta\u0144 z<br \/>\nnami, gdy\u017c ma si\u0119 ku wieczorowi i dzie\u0144 si\u0119 ju\u017c nachyli\u0142\u201d.<br \/>\nWszed\u0142 wi\u0119c, aby zosta\u0107 z nimi. Gdy zaj\u0105\u0142 z nimi miejsce u<br \/>\nsto\u0142u, wzi\u0105\u0142 chleb, odm\u00f3wi\u0142 b\u0142ogos\u0142awie\u0144stwo, po\u0142ama\u0142 go i<br \/>\ndawa\u0142 im. Wtedy otworzy\u0142y si\u0119 im oczy i poznali Go, lecz On<br \/>\nznikn\u0105\u0142 im z oczu. I m\u00f3wili nawzajem do siebie: \u201eCzy serce nie<br \/>\npa\u0142a\u0142o w nas, kiedy rozmawia\u0142 z nami w drodze i Pisma nam<br \/>\nwyja\u015bnia\u0142?\u201d <\/b>\n<\/div>\n<div align=\"justify\" style=\"line-height: 150%; margin-bottom: 0cm; text-indent: 1.27cm;\">\n<b>W<br \/>\ntej samej godzinie wybrali si\u0119 i wr\u00f3cili do Jerozolimy. Tam zastali<br \/>\nzebranych Jedenastu i innych z nimi, kt\u00f3rzy im oznajmili: \u201ePan<br \/>\nrzeczywi\u015bcie zmartwychwsta\u0142 i ukaza\u0142 si\u0119 Szymonowi\u201d. Oni<br \/>\nr\u00f3wnie\u017c opowiadali, co ich spotka\u0142o w drodze i jak Go poznali przy<br \/>\n\u0142amaniu chleba.<\/b><\/div>\n<div align=\"justify\" style=\"line-height: 150%; margin-bottom: 0cm;\">\n<\/p>\n<\/div>\n<div align=\"justify\" style=\"line-height: 150%; margin-bottom: 0cm; text-indent: 1.24cm;\">\nDwa<br \/>\ndu\u017ce zaskoczenia zosta\u0142y opisane w dzisiejszych czytaniach.<br \/>\nPierwsze to te, kt\u00f3rego dozna\u0142 <b>chromy, \u017cebrz\u0105cy przed<br \/>\n\u015bwi\u0105tyni\u0105. <\/b>On sam \u017cebra\u0142 o jakiekolwiek wsparcie \u2013<br \/>\notrzyma\u0142 <b>pe\u0142ni\u0119 zdrowia.<\/b> Z kolei dwaj uczniowie, zd\u0105\u017caj\u0105cy<br \/>\ndo Emaus, chcieli poskar\u017cy\u0107 si\u0119 napotkanemu cz\u0142owiekowi na<br \/>\nprze\u017cycia i do\u015bwiadczenia ostatnich dni, kiedy to tak brutalnie<br \/>\npotraktowano ich Mistrza, z kt\u00f3rym oni wi\u0105zali takie nadzieje.<br \/>\nOkaza\u0142o si\u0119 natomiast, \u017ce to <b>w\u0142a\u015bnie z Nim samym \u2013 ze swoim<br \/>\nMistrzem \u2013 <\/b><b>akurat<\/b><b> rozmawiali. <\/b>\n<\/div>\n<div align=\"justify\" style=\"line-height: 150%; margin-bottom: 0cm; text-indent: 1.24cm;\">\n\u0179r\u00f3d\u0142em<br \/>\njednego i drugiego zaskoczenia okaza\u0142 si\u0119 sam Pan, a dok\u0142adniej:<br \/>\n<b>fakt obdarowania przez Niego cz\u0142owieka<\/b> takimi dobrami, jakich<br \/>\nten nawet si\u0119 nie spodziewa\u0142.\n<\/div>\n<div align=\"justify\" style=\"line-height: 150%; margin-bottom: 0cm; text-indent: 1.24cm;\">\nW<br \/>\nEmaus wszystko dokona\u0142o si\u0119 przy stole, w czasie \u0142amania chleba \u2013<br \/>\nczyli w czasie Mszy \u015awi\u0119tej. Kiedy tajemniczy Cz\u0142owiek <i><b>zaj\u0105\u0142<br \/>\nz nimi miejsce u sto\u0142u, wzi\u0105\u0142 chleb, odm\u00f3wi\u0142 b\u0142ogos\u0142awie\u0144stwo,<br \/>\npo\u0142ama\u0142 go i dawa\u0142 im. Wtedy otworzy\u0142y si\u0119 im oczy i poznali Go,<br \/>\nlecz On znikn\u0105\u0142 im z oczu. I m\u00f3wili nawzajem do siebie: \u201eCzy<br \/>\nserce nie pa\u0142a\u0142o w nas, kiedy rozmawia\u0142 z nami w drodze i Pisma<br \/>\nnam wyja\u015bnia\u0142?\u201d<\/b><\/i><b><br \/>\n<\/b>\n<\/div>\n<div align=\"justify\" style=\"line-height: 150%; margin-bottom: 0cm; text-indent: 1.24cm;\">\nRzeczywi\u015bcie,<br \/>\nrozmawiali z Nim, On Pisma im wyja\u015bnia\u0142, a oni Go nie poznali. A<br \/>\nkiedy Go poznali, nie mogli wr\u0119cz uwierzy\u0107\u2026 Ale to chyba <b>w\u0142a\u015bnie<br \/>\nwtedy tak naprawd\u0119 uwierzyli,<\/b><br \/>\n\u017ce ich Mistrz zmartwychwsta\u0142 i jeszcze tego samego wieczoru ruszyli<br \/>\nw drog\u0119 powrotn\u0105 do Jerozolimy, chocia\u017c niewiele wcze\u015bniej \u2013<br \/>\nzwr\u00f3\u0107my na to uwag\u0119 \u2013 sami prosili swego<br \/>\ntajemniczego<br \/>\nRozm\u00f3wc\u0119,<br \/>\nby nie szed\u0142 dalej, <i><b>gdy\u017c<br \/>\nma si\u0119 ku wieczorowi i dzie\u0144 si\u0119 ju\u017c nachyli\u0142. <\/b><\/i>W<br \/>\ntej chwili to ju\u017c nie by\u0142o \u017cadn\u0105 przeszkod\u0105, aby biec co si\u0142 w<br \/>\nnogach do swoich, by podzieli\u0107 si\u0119 z nimi t\u0105 niezwyk\u0142\u0105 wie\u015bci\u0105.<\/p>\n<\/div>\n<div align=\"justify\" style=\"line-height: 150%; margin-bottom: 0cm; text-indent: 1.24cm;\">\nChromy,<br \/>\nuzdrowiony przez Aposto\u0142\u00f3w moc\u0105 Jezusa, tak\u017ce <i><b>zerwa\u0142<br \/>\nsi\u0119 i stan\u0105\u0142 na nogach, skacz\u0105c i wielbi\u0105c Boga.<\/b><\/i><b><br \/>\n<\/b>I<br \/>\nto<br \/>\nspowodowa\u0142o tak\u017ce<br \/>\nzaskoczenie, zdumienie i<br \/>\nwynikaj\u0105ce z<br \/>\ntego uwielbienie<br \/>\nBoga przez <b>tych,<br \/>\nkt\u00f3rzy byli \u015bwiadkami ca\u0142ego wydarzenia.<\/b><\/p>\n<\/div>\n<div align=\"justify\" style=\"line-height: 150%; margin-bottom: 0cm; text-indent: 1.24cm;\">\nMoi<br \/>\nDrodzy, uczniowie w Emaus rozpoznali Jezusa \u2013 je\u015bli tak mo\u017cna<br \/>\npowiedzie\u0107 \u2013 na Mszy \u015awi\u0119tej. Na marginesie mo\u017cna doda\u0107, \u017ce<br \/>\nta <b>Msza<br \/>\n\u015awi\u0119ta rozpocz\u0119\u0142a si\u0119 ju\u017c w drodze, <\/b>bo<br \/>\nto w\u0142a\u015bnie tam mia\u0142a miejsce swoista<b><br \/>\nliturgia S\u0142owa,<\/b><br \/>\nw trakcie kt\u00f3rej Jezus, <b>z<\/b><i><b>aczynaj\u0105c<br \/>\nod Moj\u017cesza poprzez wszystkich prorok\u00f3w wyk\u0142ada\u0142 im, co we<br \/>\nwszystkich Pismach odnosi\u0142o si\u0119 do Niego<\/b><\/i><b>.<br \/>\n<\/b>A<br \/>\nprzy stole dokona\u0142a si\u0119 swoista <b>liturgia<br \/>\neucharystyczna.<\/b><br \/>\nWtedy to uczniowie rozpoznali Jezusa.\n<\/div>\n<div align=\"justify\" style=\"line-height: 150%; margin-bottom: 0cm; text-indent: 1.24cm;\">\nZ<br \/>\nkolei chromy do\u015bwiadczy\u0142 blisko\u015bci Jezusa <b>w<br \/>\nkonkretnym dzia\u0142aniu,<\/b><br \/>\npodj\u0119tym przez Aposto\u0142\u00f3w \u2013 w\u0142a\u015bnie <b>w<br \/>\nimi\u0119 Jezusa i moc\u0105 Jezusa.<\/b><\/p>\n<\/div>\n<div align=\"justify\" style=\"line-height: 150%; margin-bottom: 0cm; text-indent: 1.24cm;\">\nJak\u017ce<br \/>\nwa\u017cnym i potrzebnym jest, Kochani, aby\u015bmy po prze\u017cyciach wielkich<br \/>\n\u015awi\u0105t Paschalnych tak\u017ce <b>bardziej<br \/>\nrozpoznawali<\/b><br \/>\n<b>Jezusa<\/b><br \/>\n<b>w<br \/>\nczasie Mszy \u015awi\u0119tej<\/b><br \/>\n\u2013 aby\u015bmy te\u017c ch\u0119tniej i pobo\u017cniej w niej uczestniczyli \u2013 a<br \/>\ntak\u017ce aby\u015bmy<br \/>\n<b>rozpoznawali<\/b><br \/>\n<b>Jezusa,<br \/>\ndzia\u0142aj\u0105cego w codzienno\u015bci.<\/b><br \/>\nA tak\u017ce: aby\u015bmy tak prze\u017cywali Msz\u0119 \u015awi\u0119t\u0105 \u2013 lub j\u0105<br \/>\nsprawowali, je\u017celi jeste\u015bmy kap\u0142anami \u2013 by inni dzi\u0119ki temu<br \/>\n<b>\u0142atwiej<br \/>\n<\/b><b>Go<br \/>\nw niej <\/b><b>rozpoznali,<br \/>\n<\/b>gdy<br \/>\n\u0142amie chleb i Pisma wyja\u015bnia\u2026\n<\/div>\n<div align=\"justify\" style=\"line-height: 150%; margin-bottom: 0cm; text-indent: 1.24cm;\">\nI<br \/>\naby\u015bmy tak kszta\u0142towali swoj\u0105 codzienno\u015b\u0107, by inni \u2013 patrz\u0105c<br \/>\nna nasze codzienne post\u0119powanie \u2013 mogli do\u015bwiadczy\u0107 dzia\u0142ania<br \/>\ntego\u017c<br \/>\nJezusa, kt\u00f3ry <b>przez<br \/>\nnas<\/b><br \/>\npociesza ich, podtrzymuje nadziej\u0119, a<br \/>\nmo\u017ce nawet \u2013 uzdrawia\u2026<\/div>\n<div align=\"justify\" style=\"line-height: 150%; margin-bottom: 0cm; text-indent: 1.24cm;\">\nPomy\u015blmy<br \/>\nw tym kontek\u015bcie:<\/div>\n<div align=\"justify\" style=\"line-height: 150%; margin-bottom: 0cm;\">\n\u2013<br \/>\nCzy<br \/>\nmoje prze\u017cywanie (sprawowanie) Mszy \u015awi\u0119tej jest dla innych<br \/>\nbuduj\u0105cym \u015bwiadectwem?<\/div>\n<div align=\"justify\" style=\"line-height: 150%; margin-bottom: 0cm;\">\n\u2013<br \/>\nCzy<br \/>\nmoje codzienne post\u0119powanie to znak obecno\u015bci i dzia\u0142ania Jezusa w<br \/>\n\u015bwiecie, czy jego zaprzeczenie?<\/div>\n<div align=\"justify\" style=\"line-height: 150%; margin-bottom: 0cm;\">\n\u2013<br \/>\nPo<br \/>\nczym ja sam rozpoznaj\u0119 obecno\u015b\u0107 Jezusa w moim \u017cyciu?<\/div>\n<p><\/p>\n<div align=\"justify\" style=\"line-height: 150%; margin-bottom: 0cm;\">\n<i><b>Oni<br \/>\nr\u00f3wnie\u017c opowiadali, co ich spotka\u0142o w drodze i jak Go poznali przy<br \/>\n\u0142amaniu chleba.<\/b><\/i><\/div>\n","protected":false},"excerpt":{"rendered":"<p>Szcz\u0119\u015b\u0107 Bo\u017ce! Bardzo serdecznie pozdrawiam i \u017cycz\u0119 b\u0142ogos\u0142awionego dnia! Gaudium et spes! &nbsp;Ks. Jacek \u015aroda w Oktawie Wielkanocy, do czyta\u0144: Dz 3,1\u201310; \u0141k 24,13\u201335 CZYTANIE Z DZIEJ\u00d3W APOSTOLSKICH: Gdy Piotr i Jan wchodzili do \u015bwi\u0105tyni na modlitw\u0119 o godzinie dziewi\u0105tej, wnoszono w\u0142a\u015bnie pewnego cz\u0142owieka, chromego od urodzenia. K\u0142adziono go codziennie przy bramie \u015bwi\u0105tyni, zwanej Pi\u0119kn\u0105, [&hellip;]<\/p>\n","protected":false},"author":1,"featured_media":0,"comment_status":"open","ping_status":"open","sticky":false,"template":"","format":"standard","meta":{"jetpack_post_was_ever_published":false,"_jetpack_newsletter_access":"","_jetpack_dont_email_post_to_subs":false,"_jetpack_newsletter_tier_id":0,"_jetpack_memberships_contains_paywalled_content":false,"_jetpack_memberships_contains_paid_content":false,"footnotes":""},"categories":[1],"tags":[],"class_list":["post-8072","post","type-post","status-publish","format-standard","hentry","category-bez-kategorii"],"yoast_head":"<!-- This site is optimized with the Yoast SEO plugin v25.1 - https:\/\/yoast.com\/wordpress\/plugins\/seo\/ -->\n<title>Pan rzeczywi\u015bcie zmartwychwsta\u0142 i ukaza\u0142 si\u0119! - Gaudium Et Spes<\/title>\n<meta name=\"robots\" content=\"index, follow, max-snippet:-1, max-image-preview:large, max-video-preview:-1\" \/>\n<link rel=\"canonical\" href=\"https:\/\/gaudiumetspes-blog.pl\/index.php\/2016\/03\/30\/pan-rzeczywiscie-zmartwychwsta-i-ukaza\/\" \/>\n<meta property=\"og:locale\" content=\"pl_PL\" \/>\n<meta property=\"og:type\" content=\"article\" \/>\n<meta property=\"og:title\" content=\"Pan rzeczywi\u015bcie zmartwychwsta\u0142 i ukaza\u0142 si\u0119! - Gaudium Et Spes\" \/>\n<meta property=\"og:description\" content=\"Szcz\u0119\u015b\u0107 Bo\u017ce! Bardzo serdecznie pozdrawiam i \u017cycz\u0119 b\u0142ogos\u0142awionego dnia! Gaudium et spes! &nbsp;Ks. Jacek \u015aroda w Oktawie Wielkanocy, do czyta\u0144: Dz 3,1\u201310; \u0141k 24,13\u201335 CZYTANIE Z DZIEJ\u00d3W APOSTOLSKICH: Gdy Piotr i Jan wchodzili do \u015bwi\u0105tyni na modlitw\u0119 o godzinie dziewi\u0105tej, wnoszono w\u0142a\u015bnie pewnego cz\u0142owieka, chromego od urodzenia. K\u0142adziono go codziennie przy bramie \u015bwi\u0105tyni, zwanej Pi\u0119kn\u0105, [&hellip;]\" \/>\n<meta property=\"og:url\" content=\"https:\/\/gaudiumetspes-blog.pl\/index.php\/2016\/03\/30\/pan-rzeczywiscie-zmartwychwsta-i-ukaza\/\" \/>\n<meta property=\"og:site_name\" content=\"Gaudium Et Spes\" \/>\n<meta property=\"article:published_time\" content=\"2016-03-30T04:24:00+00:00\" \/>\n<meta property=\"article:modified_time\" content=\"2019-07-31T10:56:09+00:00\" \/>\n<meta name=\"author\" content=\"Ks. Jacek\" \/>\n<meta name=\"twitter:card\" content=\"summary_large_image\" \/>\n<meta name=\"twitter:label1\" content=\"Napisane przez\" \/>\n\t<meta name=\"twitter:data1\" content=\"Ks. Jacek\" \/>\n\t<meta name=\"twitter:label2\" content=\"Szacowany czas czytania\" \/>\n\t<meta name=\"twitter:data2\" content=\"7 minut\" \/>\n<script type=\"application\/ld+json\" class=\"yoast-schema-graph\">{\"@context\":\"https:\/\/schema.org\",\"@graph\":[{\"@type\":\"WebPage\",\"@id\":\"https:\/\/gaudiumetspes-blog.pl\/index.php\/2016\/03\/30\/pan-rzeczywiscie-zmartwychwsta-i-ukaza\/\",\"url\":\"https:\/\/gaudiumetspes-blog.pl\/index.php\/2016\/03\/30\/pan-rzeczywiscie-zmartwychwsta-i-ukaza\/\",\"name\":\"Pan rzeczywi\u015bcie zmartwychwsta\u0142 i ukaza\u0142 si\u0119! - Gaudium Et Spes\",\"isPartOf\":{\"@id\":\"https:\/\/gaudiumetspes-blog.pl\/#website\"},\"datePublished\":\"2016-03-30T04:24:00+00:00\",\"dateModified\":\"2019-07-31T10:56:09+00:00\",\"author\":{\"@id\":\"https:\/\/gaudiumetspes-blog.pl\/#\/schema\/person\/1661982992b752dea8dff0d4ed845a65\"},\"breadcrumb\":{\"@id\":\"https:\/\/gaudiumetspes-blog.pl\/index.php\/2016\/03\/30\/pan-rzeczywiscie-zmartwychwsta-i-ukaza\/#breadcrumb\"},\"inLanguage\":\"pl-PL\",\"potentialAction\":[{\"@type\":\"ReadAction\",\"target\":[\"https:\/\/gaudiumetspes-blog.pl\/index.php\/2016\/03\/30\/pan-rzeczywiscie-zmartwychwsta-i-ukaza\/\"]}]},{\"@type\":\"BreadcrumbList\",\"@id\":\"https:\/\/gaudiumetspes-blog.pl\/index.php\/2016\/03\/30\/pan-rzeczywiscie-zmartwychwsta-i-ukaza\/#breadcrumb\",\"itemListElement\":[{\"@type\":\"ListItem\",\"position\":1,\"name\":\"Strona g\u0142\u00f3wna\",\"item\":\"https:\/\/gaudiumetspes-blog.pl\/\"},{\"@type\":\"ListItem\",\"position\":2,\"name\":\"Pan rzeczywi\u015bcie zmartwychwsta\u0142 i&nbsp;ukaza\u0142 si\u0119!\"}]},{\"@type\":\"WebSite\",\"@id\":\"https:\/\/gaudiumetspes-blog.pl\/#website\",\"url\":\"https:\/\/gaudiumetspes-blog.pl\/\",\"name\":\"Gaudium Et Spes\",\"description\":\"Blog Ks. Jacka Ja\u015bkowskiego\",\"potentialAction\":[{\"@type\":\"SearchAction\",\"target\":{\"@type\":\"EntryPoint\",\"urlTemplate\":\"https:\/\/gaudiumetspes-blog.pl\/?s={search_term_string}\"},\"query-input\":{\"@type\":\"PropertyValueSpecification\",\"valueRequired\":true,\"valueName\":\"search_term_string\"}}],\"inLanguage\":\"pl-PL\"},{\"@type\":\"Person\",\"@id\":\"https:\/\/gaudiumetspes-blog.pl\/#\/schema\/person\/1661982992b752dea8dff0d4ed845a65\",\"name\":\"Ks. Jacek\",\"image\":{\"@type\":\"ImageObject\",\"inLanguage\":\"pl-PL\",\"@id\":\"https:\/\/gaudiumetspes-blog.pl\/#\/schema\/person\/image\/\",\"url\":\"https:\/\/gaudiumetspes-blog.pl\/wp-content\/uploads\/2019\/07\/avatar-JJ-150x150.jpg\",\"contentUrl\":\"https:\/\/gaudiumetspes-blog.pl\/wp-content\/uploads\/2019\/07\/avatar-JJ-150x150.jpg\",\"caption\":\"Ks. Jacek\"},\"description\":\"Witam serdecznie! K\u0142ania si\u0119 Ks. Jacek Ja\u015bkowski. Nie jestem ani kim\u015b wa\u017cnym, ani kim\u015b znanym. Jestem ksi\u0119dzem, kt\u00f3ry po prostu chce rozmawia\u0107. Codzienna kap\u0142a\u0144ska pos\u0142uga pokazuje mi, \u017ce temat\u00f3w do rozm\u00f3w z ksi\u0119dzem jest coraz wi\u0119cej i dzisiaj \u017caden ksi\u0105dz nie mo\u017ce od nich ucieka\u0107, ale - wprost przeciwnie - podejmowa\u0107 nowe wyzwania. To przekonanie sk\u0142oni\u0142o mnie do pr\u00f3by otwarcia tego\u017c bloga, chocia\u017c okazji do rozm\u00f3w na co dzie\u0144 - w konfesjonale i poza nim - na szcz\u0119\u015bcie nie brakuje. My\u015bl\u0119 jednak, \u017ce ten blog b\u0119dzie jeszcze jednym sposobem i przestrzeni\u0105 nawi\u0105zania kontaktu z lud\u017ami dobrej woli, otwartymi na dialog.\",\"url\":\"https:\/\/gaudiumetspes-blog.pl\/index.php\/author\/ks-jacek\/\"}]}<\/script>\n<!-- \/ Yoast SEO plugin. -->","yoast_head_json":{"title":"Pan rzeczywi\u015bcie zmartwychwsta\u0142 i ukaza\u0142 si\u0119! - Gaudium Et Spes","robots":{"index":"index","follow":"follow","max-snippet":"max-snippet:-1","max-image-preview":"max-image-preview:large","max-video-preview":"max-video-preview:-1"},"canonical":"https:\/\/gaudiumetspes-blog.pl\/index.php\/2016\/03\/30\/pan-rzeczywiscie-zmartwychwsta-i-ukaza\/","og_locale":"pl_PL","og_type":"article","og_title":"Pan rzeczywi\u015bcie zmartwychwsta\u0142 i ukaza\u0142 si\u0119! - Gaudium Et Spes","og_description":"Szcz\u0119\u015b\u0107 Bo\u017ce! Bardzo serdecznie pozdrawiam i \u017cycz\u0119 b\u0142ogos\u0142awionego dnia! Gaudium et spes! &nbsp;Ks. Jacek \u015aroda w Oktawie Wielkanocy, do czyta\u0144: Dz 3,1\u201310; \u0141k 24,13\u201335 CZYTANIE Z DZIEJ\u00d3W APOSTOLSKICH: Gdy Piotr i Jan wchodzili do \u015bwi\u0105tyni na modlitw\u0119 o godzinie dziewi\u0105tej, wnoszono w\u0142a\u015bnie pewnego cz\u0142owieka, chromego od urodzenia. K\u0142adziono go codziennie przy bramie \u015bwi\u0105tyni, zwanej Pi\u0119kn\u0105, [&hellip;]","og_url":"https:\/\/gaudiumetspes-blog.pl\/index.php\/2016\/03\/30\/pan-rzeczywiscie-zmartwychwsta-i-ukaza\/","og_site_name":"Gaudium Et Spes","article_published_time":"2016-03-30T04:24:00+00:00","article_modified_time":"2019-07-31T10:56:09+00:00","author":"Ks. Jacek","twitter_card":"summary_large_image","twitter_misc":{"Napisane przez":"Ks. Jacek","Szacowany czas czytania":"7 minut"},"schema":{"@context":"https:\/\/schema.org","@graph":[{"@type":"WebPage","@id":"https:\/\/gaudiumetspes-blog.pl\/index.php\/2016\/03\/30\/pan-rzeczywiscie-zmartwychwsta-i-ukaza\/","url":"https:\/\/gaudiumetspes-blog.pl\/index.php\/2016\/03\/30\/pan-rzeczywiscie-zmartwychwsta-i-ukaza\/","name":"Pan rzeczywi\u015bcie zmartwychwsta\u0142 i ukaza\u0142 si\u0119! - Gaudium Et Spes","isPartOf":{"@id":"https:\/\/gaudiumetspes-blog.pl\/#website"},"datePublished":"2016-03-30T04:24:00+00:00","dateModified":"2019-07-31T10:56:09+00:00","author":{"@id":"https:\/\/gaudiumetspes-blog.pl\/#\/schema\/person\/1661982992b752dea8dff0d4ed845a65"},"breadcrumb":{"@id":"https:\/\/gaudiumetspes-blog.pl\/index.php\/2016\/03\/30\/pan-rzeczywiscie-zmartwychwsta-i-ukaza\/#breadcrumb"},"inLanguage":"pl-PL","potentialAction":[{"@type":"ReadAction","target":["https:\/\/gaudiumetspes-blog.pl\/index.php\/2016\/03\/30\/pan-rzeczywiscie-zmartwychwsta-i-ukaza\/"]}]},{"@type":"BreadcrumbList","@id":"https:\/\/gaudiumetspes-blog.pl\/index.php\/2016\/03\/30\/pan-rzeczywiscie-zmartwychwsta-i-ukaza\/#breadcrumb","itemListElement":[{"@type":"ListItem","position":1,"name":"Strona g\u0142\u00f3wna","item":"https:\/\/gaudiumetspes-blog.pl\/"},{"@type":"ListItem","position":2,"name":"Pan rzeczywi\u015bcie zmartwychwsta\u0142 i&nbsp;ukaza\u0142 si\u0119!"}]},{"@type":"WebSite","@id":"https:\/\/gaudiumetspes-blog.pl\/#website","url":"https:\/\/gaudiumetspes-blog.pl\/","name":"Gaudium Et Spes","description":"Blog Ks. Jacka Ja\u015bkowskiego","potentialAction":[{"@type":"SearchAction","target":{"@type":"EntryPoint","urlTemplate":"https:\/\/gaudiumetspes-blog.pl\/?s={search_term_string}"},"query-input":{"@type":"PropertyValueSpecification","valueRequired":true,"valueName":"search_term_string"}}],"inLanguage":"pl-PL"},{"@type":"Person","@id":"https:\/\/gaudiumetspes-blog.pl\/#\/schema\/person\/1661982992b752dea8dff0d4ed845a65","name":"Ks. Jacek","image":{"@type":"ImageObject","inLanguage":"pl-PL","@id":"https:\/\/gaudiumetspes-blog.pl\/#\/schema\/person\/image\/","url":"https:\/\/gaudiumetspes-blog.pl\/wp-content\/uploads\/2019\/07\/avatar-JJ-150x150.jpg","contentUrl":"https:\/\/gaudiumetspes-blog.pl\/wp-content\/uploads\/2019\/07\/avatar-JJ-150x150.jpg","caption":"Ks. Jacek"},"description":"Witam serdecznie! K\u0142ania si\u0119 Ks. Jacek Ja\u015bkowski. Nie jestem ani kim\u015b wa\u017cnym, ani kim\u015b znanym. Jestem ksi\u0119dzem, kt\u00f3ry po prostu chce rozmawia\u0107. Codzienna kap\u0142a\u0144ska pos\u0142uga pokazuje mi, \u017ce temat\u00f3w do rozm\u00f3w z ksi\u0119dzem jest coraz wi\u0119cej i dzisiaj \u017caden ksi\u0105dz nie mo\u017ce od nich ucieka\u0107, ale - wprost przeciwnie - podejmowa\u0107 nowe wyzwania. To przekonanie sk\u0142oni\u0142o mnie do pr\u00f3by otwarcia tego\u017c bloga, chocia\u017c okazji do rozm\u00f3w na co dzie\u0144 - w konfesjonale i poza nim - na szcz\u0119\u015bcie nie brakuje. My\u015bl\u0119 jednak, \u017ce ten blog b\u0119dzie jeszcze jednym sposobem i przestrzeni\u0105 nawi\u0105zania kontaktu z lud\u017ami dobrej woli, otwartymi na dialog.","url":"https:\/\/gaudiumetspes-blog.pl\/index.php\/author\/ks-jacek\/"}]}},"jetpack_featured_media_url":"","jetpack_sharing_enabled":true,"_links":{"self":[{"href":"https:\/\/gaudiumetspes-blog.pl\/index.php\/wp-json\/wp\/v2\/posts\/8072","targetHints":{"allow":["GET"]}}],"collection":[{"href":"https:\/\/gaudiumetspes-blog.pl\/index.php\/wp-json\/wp\/v2\/posts"}],"about":[{"href":"https:\/\/gaudiumetspes-blog.pl\/index.php\/wp-json\/wp\/v2\/types\/post"}],"author":[{"embeddable":true,"href":"https:\/\/gaudiumetspes-blog.pl\/index.php\/wp-json\/wp\/v2\/users\/1"}],"replies":[{"embeddable":true,"href":"https:\/\/gaudiumetspes-blog.pl\/index.php\/wp-json\/wp\/v2\/comments?post=8072"}],"version-history":[{"count":1,"href":"https:\/\/gaudiumetspes-blog.pl\/index.php\/wp-json\/wp\/v2\/posts\/8072\/revisions"}],"predecessor-version":[{"id":12562,"href":"https:\/\/gaudiumetspes-blog.pl\/index.php\/wp-json\/wp\/v2\/posts\/8072\/revisions\/12562"}],"wp:attachment":[{"href":"https:\/\/gaudiumetspes-blog.pl\/index.php\/wp-json\/wp\/v2\/media?parent=8072"}],"wp:term":[{"taxonomy":"category","embeddable":true,"href":"https:\/\/gaudiumetspes-blog.pl\/index.php\/wp-json\/wp\/v2\/categories?post=8072"},{"taxonomy":"post_tag","embeddable":true,"href":"https:\/\/gaudiumetspes-blog.pl\/index.php\/wp-json\/wp\/v2\/tags?post=8072"}],"curies":[{"name":"wp","href":"https:\/\/api.w.org\/{rel}","templated":true}]}}