{"id":8075,"date":"2016-03-27T03:34:00","date_gmt":"2016-03-27T01:34:00","guid":{"rendered":"https:\/\/gaudiumetspes-blog.pl\/index.php\/2016\/03\/27\/ujrzeli-i-uwierzyli\/"},"modified":"2019-07-31T12:56:09","modified_gmt":"2019-07-31T10:56:09","slug":"ujrzeli-i-uwierzyli","status":"publish","type":"post","link":"https:\/\/gaudiumetspes-blog.pl\/index.php\/2016\/03\/27\/ujrzeli-i-uwierzyli\/","title":{"rendered":"Ujrzeli &#8211; i uwierzyli!"},"content":{"rendered":"<div align=\"justify\" style=\"line-height: 150%; margin-bottom: 0cm;\">\n<b>Chrystus zmartwychwsta\u0142! Prawdziwie zmartwychwsta\u0142! Zmartwychwsta\u0142 &#8211; i jest z nami!<\/b><\/div>\n<div align=\"justify\" style=\"line-height: 150%; margin-bottom: 0cm;\">\n&nbsp; &nbsp; &nbsp; &nbsp;Dziel\u0119 si\u0119 z Wami, Kochani, t\u0105 radosn\u0105 wie\u015bci\u0105, kt\u00f3ra z tak\u0105 moc\u0105 wybrzmia\u0142a ju\u017c dzisiejszej nocy. Za chwil\u0119 id\u0119 do ko\u015bcio\u0142a, aby sprawowa\u0107 Msz\u0119 \u015awi\u0119t\u0105 Rezurekcyjn\u0105, dlatego ju\u017c teraz dziel\u0119 si\u0119 z Wami s\u0142owem, kt\u00f3re w czasie tej Mszy \u015awi\u0119tej wyg\u0142osz\u0119. I w kontek\u015bcie tego s\u0142owa &#8211; a nade wszystko w kontek\u015bcie Bo\u017cego s\u0142owa &#8211; \u017cycz\u0119 Wszystkim, aby\u015bmy widz\u0105c pusty Gr\u00f3b, tak jak Piotr i Jan &#8211; ujrzeli i uwierzyli.<\/div>\n<div align=\"justify\" style=\"line-height: 150%; margin-bottom: 0cm;\">\n&nbsp; &nbsp; &nbsp; &nbsp; I w\u0142a\u015bnie na takie prze\u017cywanie dzisiejszego dnia<b> &#8211; niech Was b\u0142ogos\u0142awi B\u00f3g Wszechmog\u0105cy: Ojciec + i Syn, i Duch \u015awi\u0119ty. Amen<\/b><\/div>\n<div align=\"justify\" style=\"line-height: 150%; margin-bottom: 0cm;\">\n&nbsp; &nbsp; &nbsp; &nbsp; &nbsp; &nbsp; &nbsp; &nbsp; &nbsp; &nbsp; &nbsp; &nbsp; &nbsp; &nbsp; &nbsp; &nbsp; &nbsp;Gaudium et spes! Alleluja! &nbsp;Ks. Jacek<\/div>\n<div align=\"justify\" style=\"line-height: 150%; margin-bottom: 0cm;\">\n<\/div>\n<div align=\"justify\" style=\"line-height: 150%; margin-bottom: 0cm;\">\n<b>\u015awi\u0119te<br \/>\nTriduum Paschalne \u2013 Niedziela Zmartwychwstania,<\/b><\/div>\n<div align=\"justify\" style=\"line-height: 150%; margin-bottom: 0cm;\">\n<b>do<br \/>\nczyta\u0144:  Dz 10,34a.37\u201343;  Kol 3,1\u20134;  J 20,1\u20139<\/b><\/div>\n<div align=\"justify\" style=\"line-height: 150%; margin-bottom: 0cm; page-break-before: auto;\">\n<\/div>\n<div align=\"justify\" style=\"line-height: 150%; margin-bottom: 0cm;\">\n<b>CZYTANIE<br \/>\nZ DZIEJ\u00d3W APOSTOLSKICH:<\/b><\/div>\n<div align=\"justify\" style=\"line-height: 150%; margin-bottom: 0cm; text-indent: 1.24cm;\">\n<b>Gdy<br \/>\nPiotr przyby\u0142 do domu centuriona w Cezarei, przem\u00f3wi\u0142: \u201eWiecie,<br \/>\nco si\u0119 dzia\u0142o w ca\u0142ej Judei, pocz\u0105wszy od Galilei, po chrzcie,<br \/>\nkt\u00f3ry g\u0142osi\u0142 Jan. Znacie spraw\u0119 Jezusa z Nazaretu, kt\u00f3rego B\u00f3g<br \/>\nnama\u015bci\u0142 Duchem \u015awi\u0119tym i moc\u0105. Dlatego \u017ce B\u00f3g by\u0142 z Nim,<br \/>\nprzeszed\u0142 On dobrze czyni\u0105c i uzdrawiaj\u0105c wszystkich, kt\u00f3rzy byli<br \/>\npod w\u0142adz\u0105 diab\u0142a. <\/b>\n<\/div>\n<div align=\"justify\" style=\"line-height: 150%; margin-bottom: 0cm; text-indent: 1.24cm;\">\n<b>A<br \/>\nmy jeste\u015bmy \u015bwiadkami wszystkiego, co zdzia\u0142a\u0142 w ziemi \u017cydowskiej<br \/>\ni w Jerozolimie. Jego to zabili, zawiesiwszy na drzewie. B\u00f3g<br \/>\nwskrzesi\u0142 Go trzeciego dnia i pozwoli\u0142 Mu ukaza\u0107 si\u0119 nie ca\u0142emu<br \/>\nludowi, ale nam, wybranym uprzednio przez Boga na \u015bwiadk\u00f3w,<br \/>\nkt\u00f3rzy\u015bmy z Nim jedli i pili po Jego zmartwychwstaniu. <\/b>\n<\/div>\n<div align=\"justify\" style=\"line-height: 150%; margin-bottom: 0cm; text-indent: 1.24cm;\">\n<b>On<br \/>\nnam rozkaza\u0142 og\u0142osi\u0107 ludowi i da\u0107 \u015bwiadectwo, \u017ce B\u00f3g ustanowi\u0142<br \/>\nGo s\u0119dzi\u0105 \u017cywych i umar\u0142ych. Wszyscy prorocy \u015bwiadcz\u0105 o tym, \u017ce<br \/>\nka\u017cdy, kto w Niego wierzy, w Jego imi\u0119 otrzymuje odpuszczenie<br \/>\ngrzech\u00f3w\u201d.<\/b><\/div>\n<div align=\"justify\" style=\"line-height: 150%; margin-bottom: 0cm;\">\n<\/div>\n<div align=\"justify\" style=\"line-height: 150%; margin-bottom: 0cm;\">\n<b>CZYTANIE<br \/>\nZ LISTU \u015aWI\u0118TEGO PAW\u0141A APOSTO\u0141A DO KOLOSAN: <\/b>\n<\/div>\n<div align=\"justify\" style=\"line-height: 150%; margin-bottom: 0cm; text-indent: 1.24cm;\">\n<b>Bracia:<br \/>\nJe\u015bli\u015bcie razem z Chrystusem powstali z martwych, szukajcie tego,<br \/>\nco w g\u00f3rze, gdzie przebywa Chrystus zasiadaj\u0105c po prawicy Boga.<br \/>\nD\u0105\u017ccie do tego, co w g\u00f3rze, nie do tego, co na ziemi. <\/b>\n<\/div>\n<div align=\"justify\" style=\"line-height: 150%; margin-bottom: 0cm; text-indent: 1.24cm;\">\n<b>Umarli\u015bcie<br \/>\nbowiem i wasze \u017cycie ukryte jest z Chrystusem w Bogu. Gdy si\u0119 uka\u017ce<br \/>\nChrystus, nasze \u017cycie, wtedy i wy razem z Nim uka\u017cecie si\u0119 w<br \/>\nchwale. <\/b>\n<\/div>\n<div align=\"justify\" style=\"line-height: 150%; margin-bottom: 0cm;\">\n<\/div>\n<div align=\"justify\" style=\"line-height: 150%; margin-bottom: 0cm;\">\n<b>SEKWENCJA<\/b><\/div>\n<div align=\"justify\" style=\"line-height: 150%; margin-bottom: 0cm; text-indent: 1.24cm;\">\n<b>Niech<br \/>\nw \u015bwi\u0119to radosne Pachalnej Ofiary<\/b><\/div>\n<div align=\"justify\" style=\"line-height: 150%; margin-bottom: 0cm; text-indent: 1.24cm;\">\n<b>Sk\u0142adaj\u0105<br \/>\njej wierni uwielbie\u0144 swych dary.<\/b><\/div>\n<div align=\"justify\" style=\"line-height: 150%; margin-bottom: 0cm;\">\n<b>Odkupi\u0142<br \/>\nswe owce Baranek bez skazy,<\/b><\/div>\n<div align=\"justify\" style=\"line-height: 150%; margin-bottom: 0cm;\">\n<b>Pojedna\u0142<br \/>\nnas z Ojcem i zmy\u0142 grzech\u00f3w zmazy.<\/b><\/div>\n<div align=\"justify\" style=\"line-height: 150%; margin-bottom: 0cm; text-indent: 1.24cm;\">\n<b>\u015amier\u0107<br \/>\nzwar\u0142a si\u0119 z \u017cyciem i w boju, o dziwy, <\/b>\n<\/div>\n<div align=\"justify\" style=\"line-height: 150%; margin-bottom: 0cm; text-indent: 1.24cm;\">\n<b>Cho\u0107<br \/>\npoleg\u0142 W\u00f3dz \u017cycia, kr\u00f3luje dzi\u015b \u017cywy.<\/b><\/div>\n<div align=\"justify\" style=\"line-height: 150%; margin-bottom: 0cm;\">\n<b>Mario,<br \/>\nty powiedz, co\u015b w drodze widzia\u0142a?<\/b><\/div>\n<div align=\"justify\" style=\"line-height: 150%; margin-bottom: 0cm;\">\n<b>Jam<br \/>\nZmartwychwsta\u0142ego blask chwa\u0142y ujrza\u0142a.<\/b><\/div>\n<div align=\"justify\" style=\"line-height: 150%; margin-bottom: 0cm; text-indent: 1.24cm;\">\n<b>\u017bywego<br \/>\nju\u017c Pana widzia\u0142am, gr\u00f3b pusty,<\/b><\/div>\n<div align=\"justify\" style=\"line-height: 150%; margin-bottom: 0cm; text-indent: 1.24cm;\">\n<b>I<br \/>\n\u015bwiadk\u00f3w anielskich, i odzie\u017c, i chusty.<\/b><\/div>\n<div align=\"justify\" style=\"line-height: 150%; margin-bottom: 0cm;\">\n<b>Zmartwychwsta\u0142<br \/>\nju\u017c Chrystus, Pan m\u00f3j i nadzieja,<\/b><\/div>\n<div align=\"justify\" style=\"line-height: 150%; margin-bottom: 0cm;\">\n<b>A<br \/>\nmiejscem spotkania b\u0119dzie Galileja. <\/b>\n<\/div>\n<div align=\"justify\" style=\"line-height: 150%; margin-bottom: 0cm; text-indent: 1.24cm;\">\n<b>Wiemy,<br \/>\n\u017ce\u015b zmartwychwsta\u0142, \u017ce ten cud prawdziwy,<\/b><\/div>\n<div align=\"justify\" style=\"line-height: 150%; margin-bottom: 0cm; text-indent: 1.24cm;\">\n<b>O<br \/>\nKr\u00f3lu Zwyci\u0119zco, b\u0105d\u017a nam mi\u0142o\u015bciwy. <\/b>\n<\/div>\n<div align=\"justify\" style=\"line-height: 150%; margin-bottom: 0cm;\">\n<\/div>\n<div align=\"justify\" style=\"line-height: 150%; margin-bottom: 0cm;\">\n<b>S\u0141OWA<br \/>\nEWANGELII WED\u0141UG \u015aWI\u0118TEGO JANA: <\/b>\n<\/div>\n<div align=\"justify\" style=\"line-height: 150%; margin-bottom: 0cm; text-indent: 1.24cm;\">\n<b>Pierwszego<br \/>\ndnia po szabacie, wczesnym rankiem, gdy jeszcze by\u0142o ciemno, Maria<br \/>\nMagdalena uda\u0142a si\u0119 do grobu i zobaczy\u0142a kamie\u0144 odsuni\u0119ty od<br \/>\ngrobu. Pobieg\u0142a wi\u0119c i przyby\u0142a do Szymona Piotra i do drugiego<br \/>\nucznia, kt\u00f3rego Jezus mi\u0142owa\u0142, i rzek\u0142a do nich: \u201eZabrano Pana<br \/>\nz grobu i nie wiemy, gdzie Go po\u0142o\u017cono\u201d. <\/b>\n<\/div>\n<div align=\"justify\" style=\"line-height: 150%; margin-bottom: 0cm; text-indent: 1.24cm;\">\n<b>Wyszed\u0142<br \/>\nwi\u0119c Piotr i \u00f3w drugi ucze\u0144 i szli do grobu. Biegli oni obydwaj<br \/>\nrazem, lecz \u00f3w drugi ucze\u0144 wyprzedzi\u0142 Piotra i przyby\u0142 pierwszy<br \/>\ndo grobu. A kiedy si\u0119 nachyli\u0142, zobaczy\u0142 le\u017c\u0105ce p\u0142\u00f3tna,<br \/>\njednak\u017ce nie wszed\u0142 do \u015brodka. <\/b>\n<\/div>\n<div align=\"justify\" style=\"line-height: 150%; margin-bottom: 0cm; text-indent: 1.24cm;\">\n<b>Nadszed\u0142<br \/>\npotem tak\u017ce Szymon Piotr, id\u0105cy za nim. Wszed\u0142 on do wn\u0119trza<br \/>\ngrobu i ujrza\u0142 le\u017c\u0105ce p\u0142\u00f3tna oraz chust\u0119, kt\u00f3ra by\u0142a na Jego<br \/>\ng\u0142owie, le\u017c\u0105c\u0105 nie razem z p\u0142\u00f3tnami, ale oddzielnie zwini\u0119t\u0105<br \/>\nna jednym miejscu. Wtedy wszed\u0142 do wn\u0119trza tak\u017ce i \u00f3w drugi<br \/>\nucze\u0144, kt\u00f3ry przyby\u0142 do grobu. Ujrza\u0142 i uwierzy\u0142. Dot\u0105d bowiem<br \/>\nnie rozumieli jeszcze Pisma, kt\u00f3re m\u00f3wi, \u017ce On ma powsta\u0107 z<br \/>\nmartwych.<\/b><\/div>\n<div align=\"justify\" style=\"line-height: 150%; margin-bottom: 0cm; text-indent: 1.25cm;\">\n<\/div>\n<div align=\"justify\" style=\"line-height: 150%; margin-bottom: 0cm;\">\n\u201e<b>Weselcie<br \/>\nsi\u0119 ju\u017c zast\u0119py Anio\u0142\u00f3w w Niebie! <\/b>\n<\/div>\n<div align=\"justify\" style=\"line-height: 150%; margin-bottom: 0cm;\">\n<b>Weselcie<br \/>\nsi\u0119 s\u0142udzy Boga! <\/b>\n<\/div>\n<div align=\"justify\" style=\"line-height: 150%; margin-bottom: 0cm;\">\n<b>Niechaj<br \/>\nzabrzmi\u0105 dzwony g\u0142osz\u0105ce zbawienie, <\/b>\n<\/div>\n<div align=\"justify\" style=\"line-height: 150%; margin-bottom: 0cm;\">\n<b>gdy<br \/>\nKr\u00f3l tak wielki odnosi zwyci\u0119stwo! <\/b>\n<\/div>\n<div align=\"justify\" style=\"line-height: 150%; margin-bottom: 0cm;\">\n<b>Raduj<br \/>\nsi\u0119, ziemio, opromieniona tak niezmiernym blaskiem, <\/b>\n<\/div>\n<div align=\"justify\" style=\"line-height: 150%; margin-bottom: 0cm;\">\n<b>a<br \/>\no\u015bwiecona jasno\u015bci\u0105 Kr\u00f3la wiek\u00f3w, <\/b>\n<\/div>\n<div align=\"justify\" style=\"line-height: 150%; margin-bottom: 0cm;\">\n<b>poczuj,<br \/>\n\u017ce wolna jeste\u015b od mroku, co \u015bwiat okrywa! <\/b>\n<\/div>\n<div align=\"justify\" style=\"line-height: 150%; margin-bottom: 0cm;\">\n<b>Zdobny<br \/>\nblaskiem takiej \u015bwiat\u0142o\u015bci, <\/b>\n<\/div>\n<div align=\"justify\" style=\"line-height: 150%; margin-bottom: 0cm;\">\n<b>raduj<br \/>\nsi\u0119, Ko\u015bciele \u015bwi\u0119ty, Matko nasza! <\/b>\n<\/div>\n<div align=\"justify\" style=\"line-height: 150%; margin-bottom: 0cm;\">\n<b>Ta<br \/>\nza\u015b \u015bwi\u0105tynia niechaj zabrzmi <\/b>\n<\/div>\n<div align=\"justify\" style=\"line-height: 150%; margin-bottom: 0cm;\">\n<b>pot\u0119\u017cnym<br \/>\n\u015bpiewem ca\u0142ego ludu!\u201d<\/b><\/div>\n<div align=\"justify\" style=\"line-height: 150%; margin-bottom: 0cm;\">\n<\/div>\n<div align=\"center\" style=\"line-height: 150%; margin-bottom: 0cm;\">\n<b>Najczcigodniejszy<br \/>\nKsi\u0119\u017ce Proboszczu!<\/b><\/div>\n<div align=\"center\" style=\"line-height: 150%; margin-bottom: 0cm;\">\n<b>Ksi\u0119\u017ce<br \/>\nPrefekcie! Czcigodne Siostry! <\/b>\n<\/div>\n<div align=\"center\" style=\"line-height: 150%; margin-bottom: 0cm;\">\n<b>Drodzy<br \/>\nCz\u0142onkowie wszystkich Wsp\u00f3lnot Parafialnych!<\/b><\/div>\n<div align=\"center\" style=\"line-height: 150%; margin-bottom: 0cm;\">\n<b>Szanowny<br \/>\nPanie W\u00f3jcie i Dostojne W\u0142adze Samorz\u0105dowe!<\/b><\/div>\n<div align=\"center\" style=\"line-height: 150%; margin-bottom: 0cm;\">\n<b>Kochani<br \/>\nCz\u0142onkowie naszej Parafialnej Rodziny! <\/b>\n<\/div>\n<div align=\"center\" style=\"line-height: 150%; margin-bottom: 0cm;\">\n<b>Wielce<br \/>\nSzanowni Go\u015bcie!        <\/b>\n<\/div>\n<div align=\"center\" style=\"line-height: 150%; margin-bottom: 0cm;\">\n<b>Bracia<br \/>\ni Siostry!<\/b><\/div>\n<div align=\"justify\" style=\"line-height: 150%; margin-bottom: 0cm;\">\n<\/div>\n<div align=\"justify\" style=\"line-height: 150%; margin-bottom: 0cm; page-break-before: auto; text-indent: 1.3cm;\">\nJeszcze<br \/>\nbrzmi\u0105 nam w uszach i w sercach te s\u0142owa, kt\u00f3re dzisiejszej nocy,<br \/>\n<b>we wszystkich ko\u015bcio\u0142ach \u015bwiata,<\/b> na r\u00f3\u017cnych d\u0142ugo\u015bciach<br \/>\ni szeroko\u015bciach geograficznych, we wszystkich mo\u017cliwych j\u0119zykach \u2013<br \/>\nobwieszcza\u0142y wie\u015b\u0107 tyle\u017c wielk\u0105 i niezwyk\u0142\u0105, co wprost<br \/>\nniewiarygodn\u0105: <b>Jezus Chrystus, B\u00f3g \u2013 Cz\u0142owiek, powsta\u0142 z<br \/>\nmartwych! <\/b>Sam, swoj\u0105 w\u0142asn\u0105, Bosk\u0105 moc\u0105.\n<\/div>\n<div align=\"justify\" style=\"line-height: 150%; margin-bottom: 0cm; text-indent: 1.3cm;\">\nJak<br \/>\nsi\u0119 to dokona\u0142o \u2013 to dowiadujemy si\u0119 z opisu ewangelicznego.<br \/>\nChocia\u017c mo\u017ce nawet nie do ko\u0144ca tak jest, bo \u2013 m\u00f3wi\u0105c<br \/>\nprecyzyjnie \u2013 dowiadujemy si\u0119, co dzia\u0142o si\u0119 w\u00f3wczas, kiedy<br \/>\n<b>okaza\u0142o si\u0119, \u017ce kamie\u0144 jest odsuni\u0119ty, a gr\u00f3b jest pusty.<\/b><br \/>\nCa\u0142e to poruszenie, niedowierzanie, przekazywanie sobie owej dziwnej<br \/>\ni pocz\u0105tkowo niezrozumia\u0142ej wiadomo\u015bci z ust do ust, a potem ju\u017c<br \/>\n\u2013 o ile to mo\u017cna tak nazwa\u0107 \u2013 <b>\u201ewizja lokalna\u201d i<br \/>\n\u201ekomisyjne\u201d <\/b><b>po<\/b><b>twierdzenie<\/b> przez Aposto\u0142\u00f3w,<br \/>\n\u017ce\u2026 <b>faktycznie: gr\u00f3b jest pusty!<\/b>\n<\/div>\n<div align=\"justify\" style=\"line-height: 150%; margin-bottom: 0cm; text-indent: 1.3cm;\">\nTo<br \/>\nw\u0142a\u015bnie o tym dowiadujemy si\u0119 dzisiaj, bo nie wiemy, jak dok\u0142adnie<br \/>\nwygl\u0105da\u0142 <b>sam moment Zmartwychwstania\u2026<\/b> Tego nikt nie<br \/>\nwidzia\u0142, tego nikt nie do\u015bwiadczy\u0142 osobi\u015bcie, jedynie z Ca\u0142unu<br \/>\nTury\u0144skiego mo\u017cemy wnioskowa\u0107, jak \u2013 <b>od strony naukowej<br \/>\npatrz\u0105c<\/b> \u2013 mog\u0142o to wydarzenie przebiega\u0107.\n<\/div>\n<div align=\"justify\" style=\"line-height: 150%; margin-bottom: 0cm; text-indent: 1.3cm;\">\nJednak<br \/>\nWydarzenie to nade wszystko ma <b>wymiar zbawczy,<\/b> dlatego<br \/>\newidentnie wymyka si\u0119 i naukowym analizom, i dziennikarskim<br \/>\nprzekazom, i w og\u00f3le <b>wszelkiemu ludzkiemu sposobowi my\u015blenia,<br \/>\npostrzegania, rozumienia\u2026<\/b> Tego si\u0119 po ludzku nie da ogarn\u0105\u0107,<br \/>\nzrozumie\u0107, przeanalizowa\u0107\u2026 Jedyn\u0105 w\u0142a\u015bciw\u0105 reakcj\u0105 jest ta,<br \/>\nkt\u00f3r\u0105 Jan Ewangelista zawar\u0142 dzisiaj w <b>najkr\u00f3tszym chyba<br \/>\nzdaniu ca\u0142ej swojej Ewangelii, <\/b>a na pewno \u2013 najkr\u00f3tszym<br \/>\nzdaniu dzisiejszej liturgii.\n<\/div>\n<div align=\"justify\" style=\"line-height: 150%; margin-bottom: 0cm; text-indent: 1.3cm;\">\nOpisuj\u0105c<br \/>\nbowiem swoj\u0105 w\u0142asn\u0105 reakcj\u0119 na to, co prze\u017cy\u0142, kiedy wraz z<br \/>\nPiotrem dobieg\u0142 do grobu, stwierdzi\u0142, \u017ce w tym w\u0142a\u015bnie momencie<br \/>\n\u2013<i><b> ujrza\u0142 i uwierzy\u0142.<\/b><\/i> Tak, tylko tyle \u2013 i a\u017c<br \/>\ntyle. Bo to zdanie jest w\u0142a\u015bciwie <b>sednem tego wszystkiego,<\/b><br \/>\nco prze\u017cywamy przez ca\u0142e Triduum Paschalne, ale te\u017c jest chyba w<br \/>\nog\u00f3le <b>istot\u0105 ca\u0142ego \u017cycia chrze\u015bcija\u0144skiego: ujrze\u0107 i<br \/>\nuwierzy\u0107!<\/b> Kr\u00f3tkie zdanie \u2013 a tak znacz\u0105ca i bogata tre\u015b\u0107.\n<\/div>\n<div align=\"justify\" style=\"line-height: 150%; margin-bottom: 0cm; text-indent: 1.3cm;\">\nI<br \/>\ndlatego \u2013 skoro si\u0119 to dokona\u0142o \u2013 to oczywistym by\u0142o, \u017ce<br \/>\nAposto\u0142owie <b>nie mogli milcze\u0107,<\/b> nie mogli tej radosnej i<br \/>\nwspania\u0142ej wie\u015bci zachowa\u0107 dla siebie. Id\u0105 zatem do ludzi.<br \/>\nDzisiaj s\u0142yszymy, \u017ce Piotr stan\u0105\u0142 z t\u0105 nowin\u0105 w domu rzymskiego<br \/>\ncenturiona! I to w\u0142a\u015bnie tam \u015bwiadczy\u0142 o swoim Zmartwychwsta\u0142ym<br \/>\nMistrzu. M\u00f3wi\u0142: <i><b>B\u00f3g<br \/>\nwskrzesi\u0142 Go trzeciego dnia i pozwoli\u0142 Mu ukaza\u0107 si\u0119 nie ca\u0142emu<br \/>\nludowi, ale nam, wybranym uprzednio przez Boga na \u015bwiadk\u00f3w,<br \/>\nkt\u00f3rzy\u015bmy z Nim jedli i pili po Jego zmartwychwstaniu<\/b><\/i><b>.<br \/>\n<\/b>\n<\/div>\n<div align=\"justify\" style=\"line-height: 150%; margin-bottom: 0cm; text-indent: 1.3cm;\">\nI<br \/>\ndalej, jakby uzasadniaj\u0105c, dlaczego \u015bwiadczy o tym niezwyk\u0142ym<br \/>\nWydarzeniu, Piotr m\u00f3wi\u0142:<br \/>\n<i><b>On<\/b><\/i><b><br \/>\n<\/b><b>[Jezus]<br \/>\n<\/b><i><b>nam<br \/>\nrozkaza\u0142 og\u0142osi\u0107 ludowi i da\u0107 \u015bwiadectwo, \u017ce B\u00f3g ustanowi\u0142 Go<br \/>\ns\u0119dzi\u0105 \u017cywych i umar\u0142ych. Wszyscy prorocy \u015bwiadcz\u0105 o tym, \u017ce<br \/>\nka\u017cdy, kto w Niego wierzy, w Jego imi\u0119 otrzymuje odpuszczenie<br \/>\ngrzech\u00f3w.<\/b><\/i><b><br \/>\n<\/b>\n<\/div>\n<div align=\"justify\" style=\"line-height: 150%; margin-bottom: 0cm; text-indent: 1.3cm;\">\nWiemy<br \/>\ndoskonale, \u017ce <b>zar\u00f3wno<br \/>\nPiotr,<\/b><br \/>\njak i <b>pozostali<br \/>\nAposto\u0142owie, <\/b>kt\u00f3rzy<br \/>\nz Jezusem prze\u017cyli trzy najwspanialsze lata swego \u017cycia; jak<br \/>\nwreszcie tak\u017ce <b>\u015awi\u0119ty<br \/>\nPawe\u0142,<\/b><br \/>\nkt\u00f3ry Jezusa osobi\u015bcie nie widzia\u0142, ale kt\u00f3ry spotka\u0142 Go<br \/>\nna drodze do Damaszku \u2013 <b>wszyscy<br \/>\noni oddali \u017cycie Jezusowi i za Jezusa. <\/b>Poza<br \/>\nJanem \u2013 wszyscy na spos\u00f3b m\u0119cze\u0144ski. Jan<br \/>\nodda\u0142 swoje \u017cycie Jezusowi <b>w<br \/>\nwieloletniej pos\u0142udze dla dobra m\u0142odego Ko\u015bcio\u0142a. <\/b>W<br \/>\nka\u017cdym razie, wszyscy oni czuli si\u0119 osobi\u015bcie zobowi\u0105zani, aby<br \/>\nbez wytchnienia \u015bwiadczy\u0107 o Zmartwychwstaniu.\n<\/div>\n<div align=\"justify\" style=\"line-height: 150%; margin-bottom: 0cm; text-indent: 1.3cm;\">\nTo<br \/>\nWydarzenie \u2013 i zarazem wielka tajemnica wiary \u2013 <b>przemieni\u0142o<br \/>\nzupe\u0142nie ich \u017cycie, ca\u0142kowicie je przeorientowa\u0142o.<\/b><br \/>\nJednak mo\u017cna chyba zaryzykowa\u0107 stwierdzenie, \u017ce sta\u0142o si\u0119 to<br \/>\nnawet <b>nie<br \/>\nw tym momencie, kiedy Jezus faktycznie zmartwychwsta\u0142,<\/b><br \/>\nale wtedy, kiedy ka\u017cdy z nich \u2013 tak, jak Jan \u2013 <i><b>ujrza\u0142<br \/>\ni uwierzy\u0142! <\/b><\/i>Ka\u017cdy<br \/>\nz nich <b>indywidualnie,<br \/>\nosobi\u015bcie, g\u0142\u0119boko w sercu!<\/b><br \/>\nNie wszyscy razem, nie ca\u0142e Grono Dwunastu, ale ka\u017cdy z nich \u2013<br \/>\n<b>indywidualnie,<br \/>\nosobi\u015bcie, w swoim w\u0142asnym sercu.<\/b><br \/>\nBo ta prawda \u2013 zreszt\u0105, jak ka\u017cda prawda wiary \u2013 wymaga<br \/>\n<b>osobistego,<br \/>\n\u015bwiadomego i wolnego<\/b><br \/>\nzaakceptowania! Przyj\u0119cia!<br \/>\nGruntownego przemy\u015blenia! I wprowadzenia w \u017cycie.\n<\/div>\n<div align=\"justify\" style=\"line-height: 150%; margin-bottom: 0cm; text-indent: 1.3cm;\">\nTen<br \/>\nproces musi si\u0119 dokona\u0107 <b>w<br \/>\nsercu konkretnego cz\u0142owieka.<\/b><br \/>\nNie da si\u0119 \u201espo\u0142ecznie\u201d uwierzy\u0107! I nie da si\u0119 gromadnie<br \/>\nniczego zaakceptowa\u0107. To musi si\u0119 dokona\u0107 <b>w<br \/>\nka\u017cdym sercu w spos\u00f3b indywidualny.<\/b><br \/>\nJezus swoje Zmartwychwstanie \u2013 o ile tak mo\u017cna powiedzie\u0107 \u2013<br \/>\n<b>ofiaruje<br \/>\ni dedykuje konkretnemu cz\u0142owiekowi,<\/b><br \/>\nnie jakim\u015b t\u0142umom.\n<\/div>\n<div align=\"justify\" style=\"line-height: 150%; margin-bottom: 0cm; text-indent: 1.3cm;\">\nI<br \/>\nnawet nie Ko\u015bcio\u0142owi jako ca\u0142o\u015bci, ale <b>konkretnemu<br \/>\ncz\u0142owiekowi w tym\u017ce Ko\u015bciele.<\/b><br \/>\nOwszem, Ko\u015bci\u00f3\u0142 jest wsp\u00f3lnot\u0105, i za Jezusem pod\u0105\u017ca\u0142y przez<br \/>\nwieki i dzi\u015b pod\u0105\u017caj\u0105 prawdziwe rzesze ludzi, ale dokonuje si\u0119<br \/>\nto na tej zasadzie, \u017ce <b>ka\u017cdy<br \/>\nz tych ludzi,<\/b><br \/>\nna kt\u00f3rym\u015b etapie swojego \u017cycia, <i><b>ujrza\u0142<br \/>\ni uwierzy\u0142.<\/b><\/i><br \/>\nG\u0142\u0119boko w sercu zaakceptowa\u0142 t\u0119 prawd\u0119 i postanowi\u0142 wed\u0142ug<br \/>\nniej kszta\u0142towa\u0107 swoje \u017cycie.\n<\/div>\n<div align=\"justify\" style=\"line-height: 150%; margin-bottom: 0cm; text-indent: 1.3cm;\">\nNie<br \/>\nzawsze dokonywa\u0142o si\u0119 to u zarania \u017cycia, bo<br \/>\nnie<br \/>\nzawsze wiar\u0119 przyjmuje si\u0119 niejako \u201ez mlekiem matki\u201d.<br \/>\nNiejednokrotnie proces tego\u017c <b>ujrzenia,<\/b><br \/>\na jeszcze bardziej <b>uwierzenia<\/b><br \/>\n\u2013 dokonuje si\u0119 <b>du\u017co<br \/>\np\u00f3\u017aniej: ju\u017c w dojrza\u0142ym \u017cyciu, <\/b>a<br \/>\nnieraz nawet u jego schy\u0142ku\u2026\n<\/div>\n<div align=\"justify\" style=\"line-height: 150%; margin-bottom: 0cm; text-indent: 1.3cm;\">\nM\u00f3g\u0142by<br \/>\nco\u015b na ten temat powiedzie\u0107 \u015awi\u0119ty Pawe\u0142, kt\u00f3ry \u2013 jak wiemy \u2013<br \/>\nujrza\u0142 po tym, jak na kilka dni <b>straci\u0142<br \/>\n<\/b><b>w<br \/>\nog\u00f3le <\/b><b>wzrok,<\/b><br \/>\ni uwierzy\u0142 po tym, jak <b>spad\u0142<br \/>\nz konia.<\/b><br \/>\nA by\u0142o to ju\u017c po wielu latach jego prze\u015bladowczej dzia\u0142alno\u015bci,<br \/>\nskierowanej<br \/>\nna niszczenie m\u0142odego Ko\u015bcio\u0142a. A jednak sta\u0142o si\u0119! Pawe\u0142<br \/>\n<i><b>ujrza\u0142<br \/>\ni uwierzy\u0142<\/b><\/i><br \/>\n\u2013 tak, jak wcze\u015bniej Piotr, jak Jan, jak pozostali Aposto\u0142owie,<br \/>\njak niewiasty, i jak tylu r\u00f3\u017cnych ludzi na przestrzeni dw\u00f3ch<br \/>\ntysi\u0119cy lat \u017cycia Ko\u015bcio\u0142a.\n<\/div>\n<div align=\"justify\" style=\"line-height: 150%; margin-bottom: 0cm; text-indent: 1.3cm;\">\nI<br \/>\nw\u0142a\u015bnie \u015awi\u0119ty Pawe\u0142 \u2013 by\u0107 mo\u017ce, korzystaj\u0105c z bogactwa<br \/>\nswoich w\u0142asnych do\u015bwiadcze\u0144 \u2013 zach\u0119ca nas w drugim czytaniu:<br \/>\n<i><b>Je\u015bli\u015bcie<br \/>\nrazem z Chrystusem powstali z martwych, szukajcie tego, co w g\u00f3rze,<br \/>\ngdzie przebywa Chrystus zasiadaj\u0105c po prawicy Boga. D\u0105\u017ccie do<br \/>\ntego, co w g\u00f3rze, nie do tego, co na ziemi.<\/b><\/i><b><br \/>\n<\/b>Ot\u00f3\u017c,<br \/>\nw\u0142a\u015bnie!<\/div>\n<div align=\"justify\" style=\"line-height: 150%; margin-bottom: 0cm; text-indent: 1.3cm;\">\nKochani,<br \/>\nto jest tak\u017ce do nas! Do Ciebie \u2013 i do mnie! Do ka\u017cdej i ka\u017cdego<br \/>\nz nas: <b>indywidualnie,<br \/>\npo imieniu, konkretnie!<\/b><br \/>\nNie ogl\u0105daj si\u0119 na prawo i lewo \u2013 to do Ciebie i do mnie m\u00f3wi<br \/>\ndzisiaj Aposto\u0142, a przez niego sam Jezus Zmartwychwsta\u0142y: <b>Szuka<\/b><b>j<\/b><b><br \/>\ntego, co w g\u00f3rze! D\u0105\u017c do tego, co w g\u00f3rze! Oderwij wzrok od<br \/>\nziemi! Podnie\u015b g\u0142ow\u0119! Odetchnij pe\u0142n\u0105 piersi\u0105! Otw\u00f3rz oczy<br \/>\nszeroko i u\u015bmiechnij si\u0119 szczerze!<\/b><br \/>\nTak, Kochani, w\u0142a\u015bnie z takim przes\u0142aniem przychodzi dzisiaj do<br \/>\nnas Jezus \u2013 i po to my\u015bmy tu dzisiaj przyszli! W\u0142a\u015bnie po to,<br \/>\naby <b>ujrze\u0107<br \/>\ni uwierzy\u0107!<\/b><br \/>\nNa<br \/>\nnowo uwierzy\u0107!\n<\/div>\n<div align=\"justify\" style=\"line-height: 150%; margin-bottom: 0cm; text-indent: 1.3cm;\">\nA<br \/>\npo<br \/>\nco mamy<br \/>\nwierzy\u0107 na nowo?<br \/>\nA po to, aby Zmartwychwstanie Jezusa<b><br \/>\nmog\u0142o si\u0119 dokona\u0107 w nas i dla nas! <\/b>Aby<br \/>\nca\u0142y ten trud i po\u015bwi\u0119cenie, jakie Jezus dla nas podj\u0105\u0142 i zni\u00f3s\u0142<br \/>\n\u2013 <b>nie<br \/>\nokaza\u0142y si\u0119 daremne. <\/b>Aby<br \/>\nkrew Jezusa, sp\u0142ywaj\u0105ca z krzy\u017ca, <b>nie<br \/>\nwsi\u0105ka\u0142a w ziemi\u0119 bezowocnie!<\/b><\/p>\n<\/div>\n<div align=\"justify\" style=\"line-height: 150%; margin-bottom: 0cm; text-indent: 1.3cm;\">\nKochani,<br \/>\nmy musimy naprawd\u0119 \u2013 na nowo, raz jeszcze, tak bardzo szczerze i<br \/>\ntak totalnie \u2013 <b>ujrze\u0107<br \/>\ni uwierzy\u0107,<\/b><br \/>\n\u017ce Jezus <b>rzeczywi\u015bcie<\/b><b><br \/>\nzmartwychwsta\u0142! <\/b>To<br \/>\nmy pierwsi musimy uwierzy\u0107 \u2013 tak\u017ce po to, aby naszym \u015bwiadectwem<br \/>\numocnieni, <b>inni<br \/>\nte\u017c uwierzyli.<\/b><br \/>\nBo dzisiaj \u015bwiat, a Europa to ju\u017c w og\u00f3le \u2013 odczuwa <b>totalny<br \/>\ndeficyt nadziei. <\/b>\n<\/div>\n<div align=\"justify\" style=\"line-height: 150%; margin-bottom: 0cm; text-indent: 1.3cm;\">\nWidzimy<br \/>\ni s\u0142yszymy, co si\u0119 dzieje: terroryzm, ataki, \u015bmier\u0107, krew i \u0142zy.<br \/>\nDlaczego tak si\u0119 dzieje? I jak temu zaradzi\u0107? Kochani, powiedzmy<br \/>\nsobie szczerze: <b>wszyscy<br \/>\nto dobrze wiedz\u0105!<\/b><br \/>\nMy to wiemy na pewno, a jestem przekonany, \u017ce wiedz\u0105 to tak\u017ce ci,<br \/>\nkt\u00f3rym \u2013 p\u00f3ki co \u2013 <b>poprawno\u015b\u0107<br \/>\npolityczna nie pozwala nazwa\u0107 rzeczy po imieniu.<\/b><br \/>\nPowiedzmy to sobie zatem tu i teraz, w tym miejscu \u015bwi\u0119tym i w tej<br \/>\nchwili tak szczeg\u00f3lnej: Europie i \u015bwiatu, a coraz bardziej tak\u017ce<br \/>\nnaszej Ojczy\u017anie \u2013 <b>nie<br \/>\npotrzeba rezolucji i dyrektyw unijnych,<\/b><br \/>\nczy te\u017c<br \/>\nopinii<br \/>\ntakich lub innych komisji.\n<\/div>\n<div align=\"justify\" style=\"line-height: 150%; margin-bottom: 0cm; text-indent: 1.3cm;\">\nI<br \/>\nnie potrzeba <b>doprowadzanych<br \/>\nju\u017c do absurdu kontroli<\/b><br \/>\nna granicach i lotniskach, nie trzeba mur\u00f3w i zasiek\u00f3w, nie trzeba<br \/>\nbrygad antyterrorystycznych i setek <b>policjant\u00f3w<br \/>\ni \u017co\u0142nierzy, uzbrojonych po z\u0119by<\/b><br \/>\n\u2013 jak by to czemukolwiek mog\u0142o zapobiec. A ju\u017c tym bardziej \u2013<br \/>\nnie trzeba ca\u0142ej tej obrzydliwej, unijnej nowomowy o <b>\u201edeterminacji<br \/>\ni solidarno\u015bci\u201d w zwalczaniu terroryzmu,<\/b><br \/>\nani te\u017c owych <b>groteskowych<br \/>\n\u201emarsz\u00f3w solidarno\u015bci\u201d,<\/b><br \/>\nw<br \/>\ntrakcie kt\u00f3rych<br \/>\nbezsilni i bezideowi politycy trzymaj\u0105 si\u0119 za r\u0119ce i id\u0105 ulic\u0105,<br \/>\njakby od tego mog\u0142o zwi\u0119kszy\u0107 si\u0119 bezpiecze\u0144stwo, albo w og\u00f3le<br \/>\ncokolwiek mia\u0142o<br \/>\nzmieni\u0107<br \/>\nsi\u0119 na lepsze.\n<\/div>\n<div align=\"justify\" style=\"line-height: 150%; margin-bottom: 0cm; text-indent: 1.3cm;\">\nKochani,<br \/>\nwszyscy dobrze wiemy, \u017ce to <b>nie<br \/>\ntu jest istota problemu.<\/b><br \/>\nI nie tego potrzeba \u2013 ca\u0142ej tej \u017cenuj\u0105cej i groteskowej<br \/>\nmaskarady. Czego potrzeba?\n<\/div>\n<div align=\"justify\" style=\"line-height: 150%; margin-bottom: 0cm; text-indent: 1.3cm;\">\n<b>Boga<br \/>\npotrzeba!<\/b><\/p>\n<\/div>\n<div align=\"justify\" style=\"line-height: 150%; margin-bottom: 0cm; text-indent: 1.3cm;\">\nTak,<br \/>\nBoga potrzeba! Bo dzisiejszy \u015bwiat, a Europa to ju\u017c w zupe\u0142no\u015bci<br \/>\n\u2013<br \/>\ni<br \/>\nPolska te\u017c, niestety, w coraz wi\u0119kszym stopniu \u2013 <b>odwraca<br \/>\nsi\u0119 od Boga. <\/b><b>Rezygnuje<br \/>\nz Boga. A wr\u0119cz \u2013 walczy z Bogiem!<\/b><br \/>\n<b>Albo<\/b><br \/>\n<b>\u017cyje<br \/>\ntak, jakby Boga nie by\u0142o!<\/b><br \/>\nI<br \/>\nst\u0105d mamy to, co mamy. I nie oszukujmy si\u0119, nie wmawiajmy sobie<br \/>\nsami,<br \/>\ni nie dajmy innym,<br \/>\naby nam<br \/>\nwmawiali<br \/>\nr\u00f3\u017cne<br \/>\nba\u0142amutne<br \/>\nteorie<br \/>\ni<br \/>\nnajr\u00f3\u017cniejsze<br \/>\nbrednie!<\/p>\n<\/div>\n<div align=\"justify\" style=\"line-height: 150%; margin-bottom: 0cm; text-indent: 1.3cm;\">\nJe\u017celi<br \/>\ncz\u0142owiek <b>jak<br \/>\nnajszybciej nie powr\u00f3ci do Boga,<\/b><br \/>\nto ani na \u015bwiecie, ani w Europie, ani w naszej Ojczy\u017anie na pewno<br \/>\nnie b\u0119dzie lepiej, <b>a<br \/>\nb\u0119dzie <\/b><b>tylko<br \/>\ngorzej! <\/b><b>Du\u017co<br \/>\ngorzej!<\/b><br \/>\nI straszniej! I coraz bardziej beznadziejnie! A kolejne sposoby<br \/>\nratowania sytuacji, podejmowane przez biurokrat\u00f3w z t\u0105 ich<br \/>\n\u201edeterminacj\u0105 i<br \/>\nsolidarno\u015bci\u0105\u201d,<br \/>\nb\u0119d\u0105 tylko ich samych kompromitowa\u0142y, ale <b>w<br \/>\nniczym nie pomog\u0105 i niczego nie uratuj\u0105.<\/b><\/p>\n<\/div>\n<div align=\"justify\" style=\"line-height: 150%; margin-bottom: 0cm; text-indent: 1.3cm;\">\nBo<br \/>\ndzisiaj cz\u0142owiekowi \u2013 jak zawsze zreszt\u0105, ale dzisiaj szczeg\u00f3lnie<br \/>\n\u2013 <b>potrzeba<br \/>\nJezusa!<\/b><br \/>\nDzisiaj cz\u0142owiekowi \u2013 <b>potrzeba<br \/>\nZmartwychwstania! <\/b>Tak,<br \/>\nKochani, dzisiejszy cz\u0142owiek jest tego Zmartwychwstania <b>g\u0142odny<br \/>\ni spragniony jednocze\u015bnie!<\/b><br \/>\nI je\u017celi dzisiejszy cz\u0142owiek na co\u015b tak naprawd\u0119<br \/>\ni szczeg\u00f3lnie<br \/>\ncierpi, to w\u0142a\u015bnie <b>na<br \/>\nwielki deficyt Zmartwychwstania! I wielki g\u0142<\/b><b>\u00f3d<br \/>\nBoga! <\/b>A<br \/>\nza tym idzie wielki <b>deficyt<br \/>\nnadziei,<\/b><br \/>\na za tym \u2013 to ju\u017c tylko rozpacz, \u0142zy i bezsilno\u015b\u0107, b\u00f3l<br \/>\ni \u015bmier\u0107\u2026<br \/>\nDzisiejszy cz\u0142owiek ma to wszystko <b>\u201ew<br \/>\npakiecie\u201d \u2013 na w\u0142asne \u017cyczenie.<\/b><\/p>\n<\/div>\n<div align=\"justify\" style=\"line-height: 150%; margin-bottom: 0cm; text-indent: 1.3cm;\">\nDlatego<br \/>\nnaszym zadaniem, moi Drodzy, jest t\u0119 sytuacj\u0119 zmieni\u0107. Ja wierz\u0119<br \/>\ng\u0142\u0119boko, \u017ce ka\u017cdy z nas, jak tu jeste\u015bmy, przyszed\u0142 tu dzisiaj<br \/>\npo to, aby <b>prze\u017cy\u0107<br \/>\ng\u0142\u0119boko tajemnic\u0119 Zmartwychwstania Pa\u0144skiego.<\/b><br \/>\nNie przyszed\u0142<br \/>\ntu dla<br \/>\ntradycji, ani<br \/>\ndla \u015bwi\u0105tecznej okaza\u0142o\u015bci, ani<br \/>\ndla przyzwoito\u015bci, albo \u017ceby si\u0119 w domu nie \u201eczepiali\u201d \u2013 ale<br \/>\npo to, i tylko po to, aby <b>ujrze\u0107<br \/>\ni uwierzy\u0107! <\/b>Ka\u017cda<br \/>\ni ka\u017cdy z nas \u2013 <b>po<br \/>\nimieniu, indywidualnie, osobi\u015bcie\u2026<\/b><\/p>\n<\/div>\n<div align=\"justify\" style=\"line-height: 150%; margin-bottom: 0cm; text-indent: 1.3cm;\">\nRzeczywi\u015bcie,<br \/>\npo<br \/>\nto tu dzisiaj przysz\u0142a\u015b, Droga Siostro? Po to tu dzisiaj jeste\u015b,<br \/>\nDrogi Bracie? Je\u017celi nie po to, to tylko marnujesz czas. Naprawd\u0119,<br \/>\n<b>szkoda<br \/>\nTwojego czasu, Twojej fatygi i tych setek, a mo\u017ce i tysi\u0119cy<br \/>\nz\u0142otych,<\/b><br \/>\nwyrzuconych w przygotowanie si\u0119 do \u015awi\u0105t. Zmarnowane pieni\u0105dze i<br \/>\nczas zmarnowany \u2013 szkoda gada\u0107!\n<\/div>\n<div align=\"justify\" style=\"line-height: 150%; margin-bottom: 0cm; text-indent: 1.3cm;\">\nAle<br \/>\nje\u017celi po to tu dzisiaj jeste\u015b, aby <b>ujrze\u0107<br \/>\ni uwierzy\u0107<\/b><br \/>\n\u2013 od dzisiaj ju\u017c tak naprawd\u0119 i na sto procent \u2013 to znaczy, \u017ce<br \/>\njeszcze wszystko mo\u017cna uratowa\u0107, <b>i<br \/>\nnadzieja nie zg<\/b><b>as<\/b><b>\u0142a\u2026<\/b><br \/>\nNadzieja<br \/>\ndla \u015bwiata, nadzieja dla Europy, nadzieja dla naszej Ojczyzny,<br \/>\nnadzieja dla ka\u017cdej i ka\u017cdego z nas \u2013 dla Ciebie i dla mnie\u2026\n<\/div>\n<div align=\"justify\" style=\"line-height: 150%; margin-bottom: 0cm; text-indent: 1.3cm;\">\nPrzepraszam<br \/>\nCi\u0119 zatem,<br \/>\nDroga Siostro i Ciebie, Drogi Bracie, za tak <b>nieefektowne<br \/>\ni s\u0142abe pod wzgl\u0119dem oratorskim<\/b><br \/>\nzako\u0144czenie tej homilii, ale chc\u0119 j\u0105 zako\u0144czy\u0107 pytaniem, na<br \/>\nkt\u00f3re zechciej szczerze odpowiedzie\u0107:\n<\/div>\n<p><\/p>\n<div align=\"justify\" style=\"line-height: 150%; margin-bottom: 0cm; text-indent: 1.3cm;\">\n<b>Po<br \/>\nco tu dzisiaj jeste\u015b?\u2026<\/b><\/div>\n","protected":false},"excerpt":{"rendered":"<p>Chrystus zmartwychwsta\u0142! Prawdziwie zmartwychwsta\u0142! Zmartwychwsta\u0142 &#8211; i jest z nami! &nbsp; &nbsp; &nbsp; &nbsp;Dziel\u0119 si\u0119 z Wami, Kochani, t\u0105 radosn\u0105 wie\u015bci\u0105, kt\u00f3ra z tak\u0105 moc\u0105 wybrzmia\u0142a ju\u017c dzisiejszej nocy. Za chwil\u0119 id\u0119 do ko\u015bcio\u0142a, aby sprawowa\u0107 Msz\u0119 \u015awi\u0119t\u0105 Rezurekcyjn\u0105, dlatego ju\u017c teraz dziel\u0119 si\u0119 z Wami s\u0142owem, kt\u00f3re w czasie tej Mszy \u015awi\u0119tej wyg\u0142osz\u0119. I [&hellip;]<\/p>\n","protected":false},"author":1,"featured_media":0,"comment_status":"open","ping_status":"open","sticky":false,"template":"","format":"standard","meta":{"jetpack_post_was_ever_published":false,"_jetpack_newsletter_access":"","_jetpack_dont_email_post_to_subs":false,"_jetpack_newsletter_tier_id":0,"_jetpack_memberships_contains_paywalled_content":false,"_jetpack_memberships_contains_paid_content":false,"footnotes":""},"categories":[1],"tags":[],"class_list":["post-8075","post","type-post","status-publish","format-standard","hentry","category-bez-kategorii"],"yoast_head":"<!-- This site is optimized with the Yoast SEO plugin v25.1 - https:\/\/yoast.com\/wordpress\/plugins\/seo\/ -->\n<title>Ujrzeli - i uwierzyli! - Gaudium Et Spes<\/title>\n<meta name=\"robots\" content=\"index, follow, max-snippet:-1, max-image-preview:large, max-video-preview:-1\" \/>\n<link rel=\"canonical\" href=\"https:\/\/gaudiumetspes-blog.pl\/index.php\/2016\/03\/27\/ujrzeli-i-uwierzyli\/\" \/>\n<meta property=\"og:locale\" content=\"pl_PL\" \/>\n<meta property=\"og:type\" content=\"article\" \/>\n<meta property=\"og:title\" content=\"Ujrzeli - i uwierzyli! - Gaudium Et Spes\" \/>\n<meta property=\"og:description\" content=\"Chrystus zmartwychwsta\u0142! Prawdziwie zmartwychwsta\u0142! Zmartwychwsta\u0142 &#8211; i jest z nami! &nbsp; &nbsp; &nbsp; &nbsp;Dziel\u0119 si\u0119 z Wami, Kochani, t\u0105 radosn\u0105 wie\u015bci\u0105, kt\u00f3ra z tak\u0105 moc\u0105 wybrzmia\u0142a ju\u017c dzisiejszej nocy. Za chwil\u0119 id\u0119 do ko\u015bcio\u0142a, aby sprawowa\u0107 Msz\u0119 \u015awi\u0119t\u0105 Rezurekcyjn\u0105, dlatego ju\u017c teraz dziel\u0119 si\u0119 z Wami s\u0142owem, kt\u00f3re w czasie tej Mszy \u015awi\u0119tej wyg\u0142osz\u0119. I [&hellip;]\" \/>\n<meta property=\"og:url\" content=\"https:\/\/gaudiumetspes-blog.pl\/index.php\/2016\/03\/27\/ujrzeli-i-uwierzyli\/\" \/>\n<meta property=\"og:site_name\" content=\"Gaudium Et Spes\" \/>\n<meta property=\"article:published_time\" content=\"2016-03-27T01:34:00+00:00\" \/>\n<meta property=\"article:modified_time\" content=\"2019-07-31T10:56:09+00:00\" \/>\n<meta name=\"author\" content=\"Ks. Jacek\" \/>\n<meta name=\"twitter:card\" content=\"summary_large_image\" \/>\n<meta name=\"twitter:label1\" content=\"Napisane przez\" \/>\n\t<meta name=\"twitter:data1\" content=\"Ks. Jacek\" \/>\n\t<meta name=\"twitter:label2\" content=\"Szacowany czas czytania\" \/>\n\t<meta name=\"twitter:data2\" content=\"14 minut\" \/>\n<script type=\"application\/ld+json\" class=\"yoast-schema-graph\">{\"@context\":\"https:\/\/schema.org\",\"@graph\":[{\"@type\":\"WebPage\",\"@id\":\"https:\/\/gaudiumetspes-blog.pl\/index.php\/2016\/03\/27\/ujrzeli-i-uwierzyli\/\",\"url\":\"https:\/\/gaudiumetspes-blog.pl\/index.php\/2016\/03\/27\/ujrzeli-i-uwierzyli\/\",\"name\":\"Ujrzeli - i uwierzyli! - Gaudium Et Spes\",\"isPartOf\":{\"@id\":\"https:\/\/gaudiumetspes-blog.pl\/#website\"},\"datePublished\":\"2016-03-27T01:34:00+00:00\",\"dateModified\":\"2019-07-31T10:56:09+00:00\",\"author\":{\"@id\":\"https:\/\/gaudiumetspes-blog.pl\/#\/schema\/person\/1661982992b752dea8dff0d4ed845a65\"},\"breadcrumb\":{\"@id\":\"https:\/\/gaudiumetspes-blog.pl\/index.php\/2016\/03\/27\/ujrzeli-i-uwierzyli\/#breadcrumb\"},\"inLanguage\":\"pl-PL\",\"potentialAction\":[{\"@type\":\"ReadAction\",\"target\":[\"https:\/\/gaudiumetspes-blog.pl\/index.php\/2016\/03\/27\/ujrzeli-i-uwierzyli\/\"]}]},{\"@type\":\"BreadcrumbList\",\"@id\":\"https:\/\/gaudiumetspes-blog.pl\/index.php\/2016\/03\/27\/ujrzeli-i-uwierzyli\/#breadcrumb\",\"itemListElement\":[{\"@type\":\"ListItem\",\"position\":1,\"name\":\"Strona g\u0142\u00f3wna\",\"item\":\"https:\/\/gaudiumetspes-blog.pl\/\"},{\"@type\":\"ListItem\",\"position\":2,\"name\":\"Ujrzeli &#8211; i&nbsp;uwierzyli!\"}]},{\"@type\":\"WebSite\",\"@id\":\"https:\/\/gaudiumetspes-blog.pl\/#website\",\"url\":\"https:\/\/gaudiumetspes-blog.pl\/\",\"name\":\"Gaudium Et Spes\",\"description\":\"Blog Ks. Jacka Ja\u015bkowskiego\",\"potentialAction\":[{\"@type\":\"SearchAction\",\"target\":{\"@type\":\"EntryPoint\",\"urlTemplate\":\"https:\/\/gaudiumetspes-blog.pl\/?s={search_term_string}\"},\"query-input\":{\"@type\":\"PropertyValueSpecification\",\"valueRequired\":true,\"valueName\":\"search_term_string\"}}],\"inLanguage\":\"pl-PL\"},{\"@type\":\"Person\",\"@id\":\"https:\/\/gaudiumetspes-blog.pl\/#\/schema\/person\/1661982992b752dea8dff0d4ed845a65\",\"name\":\"Ks. Jacek\",\"image\":{\"@type\":\"ImageObject\",\"inLanguage\":\"pl-PL\",\"@id\":\"https:\/\/gaudiumetspes-blog.pl\/#\/schema\/person\/image\/\",\"url\":\"https:\/\/gaudiumetspes-blog.pl\/wp-content\/uploads\/2019\/07\/avatar-JJ-150x150.jpg\",\"contentUrl\":\"https:\/\/gaudiumetspes-blog.pl\/wp-content\/uploads\/2019\/07\/avatar-JJ-150x150.jpg\",\"caption\":\"Ks. Jacek\"},\"description\":\"Witam serdecznie! K\u0142ania si\u0119 Ks. Jacek Ja\u015bkowski. Nie jestem ani kim\u015b wa\u017cnym, ani kim\u015b znanym. Jestem ksi\u0119dzem, kt\u00f3ry po prostu chce rozmawia\u0107. Codzienna kap\u0142a\u0144ska pos\u0142uga pokazuje mi, \u017ce temat\u00f3w do rozm\u00f3w z ksi\u0119dzem jest coraz wi\u0119cej i dzisiaj \u017caden ksi\u0105dz nie mo\u017ce od nich ucieka\u0107, ale - wprost przeciwnie - podejmowa\u0107 nowe wyzwania. To przekonanie sk\u0142oni\u0142o mnie do pr\u00f3by otwarcia tego\u017c bloga, chocia\u017c okazji do rozm\u00f3w na co dzie\u0144 - w konfesjonale i poza nim - na szcz\u0119\u015bcie nie brakuje. My\u015bl\u0119 jednak, \u017ce ten blog b\u0119dzie jeszcze jednym sposobem i przestrzeni\u0105 nawi\u0105zania kontaktu z lud\u017ami dobrej woli, otwartymi na dialog.\",\"url\":\"https:\/\/gaudiumetspes-blog.pl\/index.php\/author\/ks-jacek\/\"}]}<\/script>\n<!-- \/ Yoast SEO plugin. -->","yoast_head_json":{"title":"Ujrzeli - i uwierzyli! - Gaudium Et Spes","robots":{"index":"index","follow":"follow","max-snippet":"max-snippet:-1","max-image-preview":"max-image-preview:large","max-video-preview":"max-video-preview:-1"},"canonical":"https:\/\/gaudiumetspes-blog.pl\/index.php\/2016\/03\/27\/ujrzeli-i-uwierzyli\/","og_locale":"pl_PL","og_type":"article","og_title":"Ujrzeli - i uwierzyli! - Gaudium Et Spes","og_description":"Chrystus zmartwychwsta\u0142! Prawdziwie zmartwychwsta\u0142! Zmartwychwsta\u0142 &#8211; i jest z nami! &nbsp; &nbsp; &nbsp; &nbsp;Dziel\u0119 si\u0119 z Wami, Kochani, t\u0105 radosn\u0105 wie\u015bci\u0105, kt\u00f3ra z tak\u0105 moc\u0105 wybrzmia\u0142a ju\u017c dzisiejszej nocy. Za chwil\u0119 id\u0119 do ko\u015bcio\u0142a, aby sprawowa\u0107 Msz\u0119 \u015awi\u0119t\u0105 Rezurekcyjn\u0105, dlatego ju\u017c teraz dziel\u0119 si\u0119 z Wami s\u0142owem, kt\u00f3re w czasie tej Mszy \u015awi\u0119tej wyg\u0142osz\u0119. I [&hellip;]","og_url":"https:\/\/gaudiumetspes-blog.pl\/index.php\/2016\/03\/27\/ujrzeli-i-uwierzyli\/","og_site_name":"Gaudium Et Spes","article_published_time":"2016-03-27T01:34:00+00:00","article_modified_time":"2019-07-31T10:56:09+00:00","author":"Ks. Jacek","twitter_card":"summary_large_image","twitter_misc":{"Napisane przez":"Ks. Jacek","Szacowany czas czytania":"14 minut"},"schema":{"@context":"https:\/\/schema.org","@graph":[{"@type":"WebPage","@id":"https:\/\/gaudiumetspes-blog.pl\/index.php\/2016\/03\/27\/ujrzeli-i-uwierzyli\/","url":"https:\/\/gaudiumetspes-blog.pl\/index.php\/2016\/03\/27\/ujrzeli-i-uwierzyli\/","name":"Ujrzeli - i uwierzyli! - Gaudium Et Spes","isPartOf":{"@id":"https:\/\/gaudiumetspes-blog.pl\/#website"},"datePublished":"2016-03-27T01:34:00+00:00","dateModified":"2019-07-31T10:56:09+00:00","author":{"@id":"https:\/\/gaudiumetspes-blog.pl\/#\/schema\/person\/1661982992b752dea8dff0d4ed845a65"},"breadcrumb":{"@id":"https:\/\/gaudiumetspes-blog.pl\/index.php\/2016\/03\/27\/ujrzeli-i-uwierzyli\/#breadcrumb"},"inLanguage":"pl-PL","potentialAction":[{"@type":"ReadAction","target":["https:\/\/gaudiumetspes-blog.pl\/index.php\/2016\/03\/27\/ujrzeli-i-uwierzyli\/"]}]},{"@type":"BreadcrumbList","@id":"https:\/\/gaudiumetspes-blog.pl\/index.php\/2016\/03\/27\/ujrzeli-i-uwierzyli\/#breadcrumb","itemListElement":[{"@type":"ListItem","position":1,"name":"Strona g\u0142\u00f3wna","item":"https:\/\/gaudiumetspes-blog.pl\/"},{"@type":"ListItem","position":2,"name":"Ujrzeli &#8211; i&nbsp;uwierzyli!"}]},{"@type":"WebSite","@id":"https:\/\/gaudiumetspes-blog.pl\/#website","url":"https:\/\/gaudiumetspes-blog.pl\/","name":"Gaudium Et Spes","description":"Blog Ks. Jacka Ja\u015bkowskiego","potentialAction":[{"@type":"SearchAction","target":{"@type":"EntryPoint","urlTemplate":"https:\/\/gaudiumetspes-blog.pl\/?s={search_term_string}"},"query-input":{"@type":"PropertyValueSpecification","valueRequired":true,"valueName":"search_term_string"}}],"inLanguage":"pl-PL"},{"@type":"Person","@id":"https:\/\/gaudiumetspes-blog.pl\/#\/schema\/person\/1661982992b752dea8dff0d4ed845a65","name":"Ks. Jacek","image":{"@type":"ImageObject","inLanguage":"pl-PL","@id":"https:\/\/gaudiumetspes-blog.pl\/#\/schema\/person\/image\/","url":"https:\/\/gaudiumetspes-blog.pl\/wp-content\/uploads\/2019\/07\/avatar-JJ-150x150.jpg","contentUrl":"https:\/\/gaudiumetspes-blog.pl\/wp-content\/uploads\/2019\/07\/avatar-JJ-150x150.jpg","caption":"Ks. Jacek"},"description":"Witam serdecznie! K\u0142ania si\u0119 Ks. Jacek Ja\u015bkowski. Nie jestem ani kim\u015b wa\u017cnym, ani kim\u015b znanym. Jestem ksi\u0119dzem, kt\u00f3ry po prostu chce rozmawia\u0107. Codzienna kap\u0142a\u0144ska pos\u0142uga pokazuje mi, \u017ce temat\u00f3w do rozm\u00f3w z ksi\u0119dzem jest coraz wi\u0119cej i dzisiaj \u017caden ksi\u0105dz nie mo\u017ce od nich ucieka\u0107, ale - wprost przeciwnie - podejmowa\u0107 nowe wyzwania. To przekonanie sk\u0142oni\u0142o mnie do pr\u00f3by otwarcia tego\u017c bloga, chocia\u017c okazji do rozm\u00f3w na co dzie\u0144 - w konfesjonale i poza nim - na szcz\u0119\u015bcie nie brakuje. My\u015bl\u0119 jednak, \u017ce ten blog b\u0119dzie jeszcze jednym sposobem i przestrzeni\u0105 nawi\u0105zania kontaktu z lud\u017ami dobrej woli, otwartymi na dialog.","url":"https:\/\/gaudiumetspes-blog.pl\/index.php\/author\/ks-jacek\/"}]}},"jetpack_featured_media_url":"","jetpack_sharing_enabled":true,"_links":{"self":[{"href":"https:\/\/gaudiumetspes-blog.pl\/index.php\/wp-json\/wp\/v2\/posts\/8075","targetHints":{"allow":["GET"]}}],"collection":[{"href":"https:\/\/gaudiumetspes-blog.pl\/index.php\/wp-json\/wp\/v2\/posts"}],"about":[{"href":"https:\/\/gaudiumetspes-blog.pl\/index.php\/wp-json\/wp\/v2\/types\/post"}],"author":[{"embeddable":true,"href":"https:\/\/gaudiumetspes-blog.pl\/index.php\/wp-json\/wp\/v2\/users\/1"}],"replies":[{"embeddable":true,"href":"https:\/\/gaudiumetspes-blog.pl\/index.php\/wp-json\/wp\/v2\/comments?post=8075"}],"version-history":[{"count":1,"href":"https:\/\/gaudiumetspes-blog.pl\/index.php\/wp-json\/wp\/v2\/posts\/8075\/revisions"}],"predecessor-version":[{"id":12559,"href":"https:\/\/gaudiumetspes-blog.pl\/index.php\/wp-json\/wp\/v2\/posts\/8075\/revisions\/12559"}],"wp:attachment":[{"href":"https:\/\/gaudiumetspes-blog.pl\/index.php\/wp-json\/wp\/v2\/media?parent=8075"}],"wp:term":[{"taxonomy":"category","embeddable":true,"href":"https:\/\/gaudiumetspes-blog.pl\/index.php\/wp-json\/wp\/v2\/categories?post=8075"},{"taxonomy":"post_tag","embeddable":true,"href":"https:\/\/gaudiumetspes-blog.pl\/index.php\/wp-json\/wp\/v2\/tags?post=8075"}],"curies":[{"name":"wp","href":"https:\/\/api.w.org\/{rel}","templated":true}]}}