{"id":8128,"date":"2016-02-04T04:56:00","date_gmt":"2016-02-04T03:56:00","guid":{"rendered":"https:\/\/gaudiumetspes-blog.pl\/index.php\/2016\/02\/04\/ty-zas-badz-mocny\/"},"modified":"2019-07-31T12:56:03","modified_gmt":"2019-07-31T10:56:03","slug":"ty-zas-badz-mocny","status":"publish","type":"post","link":"https:\/\/gaudiumetspes-blog.pl\/index.php\/2016\/02\/04\/ty-zas-badz-mocny\/","title":{"rendered":"Ty za\u015b b\u0105d\u017a mocny!"},"content":{"rendered":"<div align=\"justify\" style=\"line-height: 150%; margin-bottom: 0cm;\">\nSzcz\u0119\u015b\u0107 Bo\u017ce! Moi Drodzy, w dniu dzisiejszym<b> imieniny obchodzi moja Siostrzenica, Weronika Nied\u017awiedzka. Bardzo serdecznie \u017cycz\u0119 naszej Solenizantce, aby tak, jak Jej Patronka, nosi\u0142a oblicze Jezusa w swoim sercu i \u015bwiadczy\u0142a o Nim swoim \u017cyciem. A ze swego rodzinnego Domu czerpa\u0142a pe\u0142nymi gar\u015bciami to wszystko, co jest tam dobre i pi\u0119kne &#8211; a ma co czerpa\u0107. Obiecuj\u0119 gor\u0105c\u0105 modlitw\u0119 w tych intencjach!&nbsp;<\/b><\/div>\n<div align=\"justify\" style=\"line-height: 150%; margin-bottom: 0cm;\">\n<b>&nbsp; &nbsp; &nbsp; &nbsp; &nbsp;Do\u0142\u0105czam tak\u017ce serdeczne \u017cyczenia imieninowe Ksi\u0119dzu Andrzejowi Biernatowi, Proboszczowi Parafii Wniebowzi\u0119cia Naj\u015bwi\u0119tszej Maryi Panny w Bia\u0142ej Podlaskiej i Dziekanowi mojego rodzinnego Dekanatu, a przez wiele lat &#8211; Ojcu Duchownemu Pieszej Pielgrzymki Podlaskiej. \u017bycz\u0119 Ksi\u0119dzu Kanonikowi nieustaj\u0105cej gorliwo\u015bci kap\u0142a\u0144skiej i ludzkiej \u017cyczliwo\u015bci. I tak\u017ce wspieram modlitw\u0105!<\/b><\/div>\n<div align=\"justify\" style=\"line-height: 150%; margin-bottom: 0cm;\">\n&nbsp; &nbsp; &nbsp; &nbsp;Moi Drodzy, niezmiernie cieszy mnie wzmo\u017cona ostatnio Wasza aktywno\u015b\u0107 na blogu. Forum po prostu \u017cyje! I chocia\u017c nie zawsze i nie we wszystkim si\u0119 zgadzamy &#8211; co jest chyba do\u015b\u0107 normalne &#8211; to jednak fakt tw\u00f3rczej wymiany tylu r\u00f3\u017cnych i r\u00f3\u017cnorodnych pogl\u0105d\u00f3w musi cieszy\u0107. C\u00f3\u017c powiedzie\u0107? Dzi\u0119kuj\u0119 za &#8222;ju\u017c&#8221; i prosz\u0119 o &#8222;jeszcze&#8221;!<br \/>\n&nbsp; &nbsp; &nbsp; &nbsp; &nbsp; &nbsp; A z okazji pierwszego czwartku miesi\u0105ca prosz\u0119 o modlitw\u0119 w intencji nowych, licznych i &#8211; co najwa\u017cniejsze &#8211; dobrych powo\u0142a\u0144 kap\u0142a\u0144skich i zakonnych.<br \/>\n&nbsp; &nbsp; &nbsp; &nbsp; &nbsp; &nbsp; Ksi\u0119dzu Markowi za\u015b dzi\u0119kujemy za wczorajsze s\u0142\u00f3wko z Syberii!<\/div>\n<div align=\"justify\" style=\"line-height: 150%; margin-bottom: 0cm;\">\n&nbsp; &nbsp; &nbsp; &nbsp; &nbsp; &nbsp; &nbsp; &nbsp; &nbsp; &nbsp; &nbsp; &nbsp; &nbsp; &nbsp; &nbsp; &nbsp;Gaudium et spes! &nbsp;Ks. Jacek<\/div>\n<div align=\"justify\" style=\"line-height: 150%; margin-bottom: 0cm;\">\n<b><br \/><\/b><\/div>\n<div align=\"justify\" style=\"line-height: 150%; margin-bottom: 0cm;\">\n<b>Czwartek<br \/>\n4 Tygodnia zwyk\u0142ego, rok II,<\/b><\/div>\n<div align=\"justify\" style=\"line-height: 150%; margin-bottom: 0cm;\">\n<b>do<br \/>\nczyta\u0144:  1 Krl 2,1\u20134.10\u201312;  Mk 6,7\u201313<\/b><\/div>\n<div align=\"justify\" style=\"line-height: 150%; margin-bottom: 0cm;\">\n<\/div>\n<div align=\"justify\" style=\"line-height: 150%; margin-bottom: 0cm;\">\n<b>CZYTANIE<br \/>\nZ PIERWSZEJ KSI\u0118GI KR\u00d3LEWSKIEJ: <\/b>\n<\/div>\n<div align=\"justify\" style=\"line-height: 150%; margin-bottom: 0cm; text-indent: 1.24cm;\">\n<b>Kiedy<br \/>\nzbli\u017cy\u0142 si\u0119 czas \u015bmierci Dawida, wtedy rozkaza\u0142 swemu synowi,<br \/>\nSalomonowi, m\u00f3wi\u0105c: \u201eJa wyruszam w drog\u0119 przeznaczon\u0105 ludziom<br \/>\nna ca\u0142ej ziemi. Ty za\u015b b\u0105d\u017a mocny i oka\u017c si\u0119 m\u0119\u017cem. B\u0119dziesz<br \/>\nstrzeg\u0142 zarz\u0105dze\u0144 twego Pana Boga, aby i\u015b\u0107 za Jego wskazaniami,<br \/>\nprzestrzega\u0107 Jego praw, polece\u0144 i nakaz\u00f3w, jak napisano w Prawie<br \/>\nMoj\u017cesza, aby ci si\u0119 powiod\u0142o wszystko, co zamierzysz, i wszystko,<br \/>\nczym si\u0119 zajmiesz, a\u017ceby te\u017c Pan spe\u0142ni\u0142 sw\u0105 obietnic\u0119, kt\u00f3r\u0105<br \/>\nmi da\u0142 m\u00f3wi\u0105c: \u00abJe\u015bli twoi synowie b\u0119d\u0105 strzec swej drogi<br \/>\npost\u0119puj\u0105c wobec Mnie szczerze z ca\u0142ego serca i z ca\u0142ej duszy, to<br \/>\nwtedy nie b\u0119dzie ci odj\u0119ty potomek na tronie Izraela\u00bb\u201d. <\/b>\n<\/div>\n<div align=\"justify\" style=\"line-height: 150%; margin-bottom: 0cm; text-indent: 1.24cm;\">\n<b>Potem<br \/>\nDawid spocz\u0105\u0142 ze swymi przodkami i zosta\u0142 pochowany w Mie\u015bcie<br \/>\nDawidowym. A czas panowania Dawida nad Izraelem wynosi\u0142 czterdzie\u015bci<br \/>\nlat. W Hebronie panowa\u0142 siedem lat, a w Jerozolimie panowa\u0142<br \/>\ntrzydzie\u015bci trzy lata. <\/b>\n<\/div>\n<div align=\"justify\" style=\"line-height: 150%; margin-bottom: 0cm; text-indent: 1.24cm;\">\n<b>Zasiad\u0142<br \/>\nwi\u0119c Salomon na tronie Dawida, swego ojca, a jego w\u0142adza kr\u00f3lewska<br \/>\nzosta\u0142a utwierdzona.<\/b><\/div>\n<div align=\"justify\" style=\"line-height: 150%; margin-bottom: 0cm;\">\n<\/div>\n<div align=\"justify\" style=\"line-height: 150%; margin-bottom: 0cm;\">\n<b>S\u0141OWA<br \/>\nEWANGELII WED\u0141UG \u015aWI\u0118TEGO<br \/>\nMARKA: <\/b>\n<\/div>\n<div align=\"justify\" style=\"line-height: 150%; margin-bottom: 0cm; text-indent: 1.24cm;\">\n<b>Jezus<br \/>\nprzywo\u0142a\u0142 do siebie Dwunastu i zacz\u0105\u0142 rozsy\u0142a\u0107 ich po dw\u00f3ch.<br \/>\nDa\u0142 im te\u017c w\u0142adz\u0119 nad duchami nieczystymi. <\/b>\n<\/div>\n<div align=\"justify\" style=\"line-height: 150%; margin-bottom: 0cm; text-indent: 1.24cm;\">\n<b>I<br \/>\nprzykaza\u0142 im, \u017ceby nic z sob\u0105 nie brali na drog\u0119 pr\u00f3cz laski:<br \/>\nani chleba, ani torby, ani pieni\u0119dzy w trzosie. \u201eAle id\u017acie obuci<br \/>\nw sanda\u0142y i nie wdziewajcie dw\u00f3ch sukien\u201d. <\/b>\n<\/div>\n<div align=\"justify\" style=\"line-height: 150%; margin-bottom: 0cm; text-indent: 1.24cm;\">\n<b>I<br \/>\nm\u00f3wi\u0142 do nich: \u201eGdy do jakiego domu wejdziecie, zosta\u0144cie tam,<br \/>\na\u017c stamt\u0105d wyjdziecie. Je\u015bli w jakim miejscu was nie przyjm\u0105 i<br \/>\nnie b\u0119d\u0105 was s\u0142ucha\u0107, wychodz\u0105c stamt\u0105d strz\u0105\u015bnijcie proch z<br \/>\nn\u00f3g waszych na \u015bwiadectwo dla nich\u201d. <\/b>\n<\/div>\n<div align=\"justify\" style=\"line-height: 150%; margin-bottom: 0cm; text-indent: 1.24cm;\">\n<b>Oni<br \/>\nwi\u0119c wyszli i wzywali do nawr\u00f3cenia. Wyrzucali te\u017c wiele z\u0142ych<br \/>\nduch\u00f3w oraz wielu chorych namaszczali olejem i uzdrawiali.<\/b><\/div>\n<div align=\"justify\" style=\"line-height: 150%; margin-bottom: 0cm;\">\n<\/div>\n<div align=\"justify\" style=\"line-height: 150%; margin-bottom: 0cm; page-break-before: auto; text-indent: 1.3cm;\">\nKa\u017cdy,<br \/>\nkto podejmuje si\u0119 realizacji jakiego\u015b znacz\u0105cego i wa\u017cnego dzie\u0142a<br \/>\n\u2013 a w\u0142a\u015bciwie: jakiegokolwiek dzie\u0142a \u2013 musi mie\u0107 \u015bwiadomo\u015b\u0107,<br \/>\n\u017ce przyjdzie taki czas, kiedy <b>b\u0119dzie musia\u0142 to dzie\u0142o<br \/>\nzostawi\u0107, odda\u0107 nast\u0119pcy,<\/b> albo w jaki\u015b spos\u00f3b zako\u0144czy\u0107. I<br \/>\nchyba jest to do\u015b\u0107 du\u017cym zmartwieniem wielu os\u00f3b, podejmuj\u0105cych<br \/>\nsi\u0119 tworzenia r\u00f3\u017cnego rodzaju dzie\u0142, i\u017c cz\u0119sto <b>nie maj\u0105 ich<br \/>\npotem komu przekaza\u0107.<\/b>\n<\/div>\n<div align=\"justify\" style=\"line-height: 150%; margin-bottom: 0cm; text-indent: 1.3cm;\">\nIle\u017c<br \/>\nrazy <b>przed takim dylematem stoj\u0105 rolnicy,<\/b> rozbudowuj\u0105cy i<br \/>\nrozwijaj\u0105cy swoje gospodarstwa, uprawiaj\u0105cy ziemi\u0119, zbieraj\u0105cy z<br \/>\nniej co roku cierpliwie i z niema\u0142ym trudem plony, kiedy u\u015bwiadomi\u0105<br \/>\nsobie, \u017ce <b>nie b\u0119d\u0105 mieli komu owoc\u00f3w swego trudu przekaza\u0107,<\/b><br \/>\nbo dzieci \u2013 wykszta\u0142cone i \u201eg\u0142odne\u201d wielkiego \u015bwiata \u2013<br \/>\nopu\u015bci\u0142y dom rodzinny.\n<\/div>\n<div align=\"justify\" style=\"line-height: 150%; margin-bottom: 0cm; text-indent: 1.3cm;\">\nPrzed<br \/>\ntakim samym dylematem staj\u0105 tak\u017ce inni, kt\u00f3rzy b\u0105d\u017a to swych<br \/>\n<b>nast\u0119pc\u00f3w si\u0119 nie doczekali, b\u0105d\u017a ich sobie nie wychowali,<\/b><br \/>\nbo b\u0119d\u0105c szefami, dyrektorami czy w\u0142a\u015bcicielami przedsi\u0119biorstw,<br \/>\nfirm lub r\u00f3\u017cnych innych instytucji, <b>zazdro\u015bnie strzegli swego w<br \/>\nnich przyw\u00f3dztwa,<\/b> nie dopuszczaj\u0105c nawet my\u015bli, \u017ce mogliby<br \/>\nkiedy\u015b swojej funkcji nie sprawowa\u0107. W takim przypadku moment<br \/>\nrozstania si\u0119 z pe\u0142nion\u0105 funkcj\u0105 wi\u0105\u017ce si\u0119 nierzadko z<br \/>\nwyrzutami sumienia, \u017ce si\u0119 <b>jednak nie pomy\u015bla\u0142o, aby kogo\u015b na<br \/>\nswoje miejsce przygotowa\u0107.<\/b>\n<\/div>\n<div align=\"justify\" style=\"line-height: 150%; margin-bottom: 0cm; text-indent: 1.3cm;\">\nTego<br \/>\ntypu bolesne prze\u017cycia nieraz towarzysz\u0105 tak\u017ce duszpasterzom w<br \/>\nkrajach misyjnych \u2013 i coraz cz\u0119\u015bciej w krajach laicyzuj\u0105cego si\u0119<br \/>\nZachodu \u2013 kiedy to <b>nie z w\u0142asnej winy, ale po prostu z braku<br \/>\nnowych powo\u0142a\u0144<\/b> nie maj\u0105 komu przekaza\u0107 prowadzonych przez<br \/>\nsiebie parafii.\n<\/div>\n<div align=\"justify\" style=\"line-height: 150%; margin-bottom: 0cm; text-indent: 1.3cm;\">\nM\u00f3wimy<br \/>\ntu wi\u0119c og\u00f3lnie o takich sytuacjach, w kt\u00f3rych odej\u015bcie osoby<br \/>\nodpowiedzialnej za jakie\u015b dzie\u0142o wi\u0105\u017ce si\u0119 z jej \u2013 i innych \u2013<br \/>\n<b>obawami o to, co b\u0119dzie dalej.<\/b> I tylko pozostaje wyrazi\u0107<br \/>\n\u017cyczenie, aby zawsze takie osoby mia\u0142y na wzgl\u0119dzie moment<br \/>\nzako\u0144czenia swojej pos\u0142ugi \u2013 <b>moment, kt\u00f3ry mo\u017ce nast\u0105pi\u0107<br \/>\nbardzo szybko i niespodziewanie!<\/b> \u2013 i w jaki\u015b spos\u00f3b<br \/>\nprzygotowywa\u0142y innych do p\u0142ynnego przej\u0119cia pe\u0142nionych przez<br \/>\nsiebie zada\u0144. W taki spos\u00f3b, w jaki <b>Salomon przej\u0105\u0142 misj\u0119<br \/>\nswego ojca Dawida. <\/b>\n<\/div>\n<div align=\"justify\" style=\"line-height: 150%; margin-bottom: 0cm; text-indent: 1.3cm;\">\nDzisiaj,<br \/>\ns\u0142uchaj\u0105c w pierwszym czytaniu fragmentu Pierwszej Ksi\u0119gi<br \/>\nKr\u00f3lewskiej, towarzyszymy Dawidowi w jego <b>przej\u015bciu z tego<br \/>\n\u015bwiata do Domu Ojca<\/b> \u2013 jak zwykli\u015bmy od jakiego\u015b czasu mawia\u0107<br \/>\n\u2013 i przekazaniu tronu w\u0142a\u015bnie synowi Salomonowi. Wszystko odby\u0142o<br \/>\nsi\u0119 w spos\u00f3b pi\u0119kny i godny \u2013 Salomon <i><b>z<\/b><\/i><i><b>asiad\u0142<\/b><\/i><b><br \/>\n<\/b><b>[\u2026]<\/b><b><br \/>\n<\/b><i><b>na<br \/>\ntronie Dawida, swego ojca, a jego w\u0142adza kr\u00f3lewska zosta\u0142a<br \/>\nutwierdzona.<\/b><\/i><b><br \/>\n<\/b>\n<\/div>\n<div align=\"justify\" style=\"line-height: 150%; margin-bottom: 0cm; text-indent: 1.3cm;\">\nWiemy<br \/>\njednak, \u017ce by\u0142 do tego momentu i do tego wydarzenia <b>przygotowywany<br \/>\nprzez swego ojca, kt\u00f3ry uczy\u0142 go<\/b><br \/>\nrz\u0105dzenia<br \/>\nswym kr\u00f3lestwem, uczy\u0142 go rozstrzygania spor\u00f3w, jakie wybucha\u0142y<br \/>\npomi\u0119dzy lud\u017ami; uczy\u0142 go obrony kr\u00f3lestwa przed wrogami, a<br \/>\nwreszcie tak\u017ce \u2013 <b>przygotowa\u0142<br \/>\ngo do budowy \u015bwi\u0105tyni,<\/b><br \/>\nbo tak w\u0142a\u015bnie postanowi\u0142 B\u00f3g, i\u017c<br \/>\nto nie Dawid zbuduje \u015bwi\u0105tyni\u0119, ale jego syn. Dlatego Dawid <b>nawet<br \/>\nmateria\u0142y budowlane przygotowa\u0142<\/b><br \/>\ni zgromadzi\u0142 du\u017cy maj\u0105tek na ten cel, ale samo zadanie wybudowania<br \/>\n\u015bwi\u0105tyni mia\u0142o spocz\u0105\u0107 ju\u017c na Salomonie.\n<\/div>\n<div align=\"justify\" style=\"line-height: 150%; margin-bottom: 0cm; text-indent: 1.3cm;\">\nWidzimy<br \/>\nzatem, Kochani, p\u0142ynny proces przejmowania w\u0142adzy, dokonuj\u0105cy si\u0119<br \/>\ntak naprawd\u0119 <b>nie<br \/>\nw ci\u0105gu tego jednego dnia,<\/b><br \/>\no kt\u00f3rym dzisiaj s\u0142yszymy, ale przez pewien d\u0142u\u017cszy czas, kiedy<br \/>\nto <b>Dawid<br \/>\nwprowadza\u0142 Salomona <\/b>w<br \/>\nczekaj\u0105ce go panowanie.\n<\/div>\n<div align=\"justify\" style=\"line-height: 150%; margin-bottom: 0cm; text-indent: 1.3cm;\">\nA<br \/>\nczy\u017c takim <b>wprowadzaniem<br \/>\nAposto\u0142\u00f3w <\/b>w<br \/>\ndzie\u0142o g\u0142oszenia Dobrej Nowiny nie by\u0142o rozes\u0142anie ich po dw\u00f3ch,<br \/>\naby szli i wzywali do nawr\u00f3cenia? Jak s\u0142yszymy w<br \/>\ndzisiejszej Ewangelii,<br \/>\nmieli w tym dziele nawet<br \/>\npierwsze<br \/>\n\u2013 je\u015bli tak mo\u017cna to nazwa\u0107 \u2013 <b>sukcesy!<br \/>\n<\/b>Ewangelista<br \/>\nrelacjonuje: <i><b>Oni<br \/>\nwi\u0119c wyszli i wzywali do nawr\u00f3cenia. Wyrzucali te\u017c wiele z\u0142ych<br \/>\nduch\u00f3w oraz wielu chorych namaszczali olejem i uzdrawiali.<\/b><\/i><\/div>\n<div align=\"justify\" style=\"line-height: 150%; margin-bottom: 0cm; text-indent: 1.3cm;\">\nI<br \/>\nchocia\u017c wiemy \u2013 z innych przekaz\u00f3w \u2013 \u017ce nie zawsze by\u0142o tak<br \/>\npomy\u015blnie i nie zawsze ich pos\u0142uga by\u0142a tak owocna, bo nie brak\u0142o<br \/>\ntak\u017ce niema\u0142ych trudno\u015bci, to jednak z ca\u0142\u0105 pewno\u015bci\u0105 by\u0142o to<br \/>\n<b>bardzo<br \/>\npotrzebne \u201eprzyuczenie\u201d do misji,<\/b><br \/>\nkt\u00f3r\u0105 ju\u017c samodzielnie mieli podj\u0105\u0107 po Wniebowst\u0105pieniu Jezusa.<\/p>\n<\/div>\n<div align=\"justify\" style=\"line-height: 150%; margin-bottom: 0cm; text-indent: 1.3cm;\">\nZauwa\u017cmy<br \/>\n\u2013 Jezusowi nie wystarczy\u0142o, \u017ce Aposto\u0142owie<br \/>\nprzez trzy lata Go<br \/>\ns\u0142uchali, \u017ce z Nim chodzili i podpatrywali, co robi. On chcia\u0142<br \/>\njeszcze <b>wys\u0142a\u0107<br \/>\nich na te swoiste \u201epraktyki\u201d,<\/b><br \/>\naby sami spr\u00f3bowali \u2013 p\u00f3ki<br \/>\nco,<b><br \/>\npod Jego okiem<\/b><br \/>\n\u2013 dokonywa\u0107 dzie\u0142, kt\u00f3re ju\u017c nied\u0142ugo mia\u0142y si\u0119 sta\u0107 jedyn\u0105<br \/>\ntre\u015bci\u0105 i ca\u0142ym sensem ich \u017cycia.\n<\/div>\n<div align=\"justify\" style=\"line-height: 150%; margin-bottom: 0cm; text-indent: 1.3cm;\">\nMo\u017ce<br \/>\nwi\u0119c warto, moi Drodzy, w kontek\u015bcie tego wszystkiego, o czym tu<br \/>\nsobie dzi\u015b m\u00f3wimy, zastanowi\u0107 si\u0119, <b>kogo<br \/>\ni czego my uczymy swoim \u017cyciem,<\/b><br \/>\nswoim przyk\u0142adem, swoim zaanga\u017cowaniem?\u2026 Czy dzielimy si\u0119 z<br \/>\ninnymi swymi do\u015bwiadczeniami, swymi przemy\u015bleniami, tak\u017ce \u2013 w<br \/>\nspos\u00f3b w\u0142a\u015bciwy \u2013 swoimi niepowodzeniami?\u2026\n<\/div>\n<div align=\"justify\" style=\"line-height: 150%; margin-bottom: 0cm; text-indent: 1.3cm;\">\nPrzy<br \/>\nczym \u2013 podkre\u015blmy! \u2013<br \/>\ntutaj <b>nie<br \/>\nma znaczenia wiek, w jakim jeste\u015bmy,<\/b><br \/>\nani nasze og\u00f3lnie dobre samopoczucie, kt\u00f3re sprawia, \u017ce <b>jeszcze<br \/>\n\u201enie zamierzamy umiera\u0107\u201d\u2026<\/b><br \/>\nOby nam wszystkim sprzyja\u0142o jak najlepsze zdrowie i oby\u015bmy \u017cyli<br \/>\nd\u0142u\u017cej, ni\u017c tylko wy\u015bpiewywane w \u017cyczeniach \u201esto lat\u201d! Ale<br \/>\nprzecie\u017c owo przekazywanie do\u015bwiadczenia nie musi by\u0107 opatrzone<br \/>\njakim\u015b <b>\u201epatriarchalnym\u201d<br \/>\nprzekonaniem,<\/b><br \/>\n\u017ce oto przekazujemy<br \/>\njakie\u015b wielkie dzie\u0142o i teraz musimy<br \/>\ninnych \u201enauczy\u0107, jak si\u0119 maj\u0105 sprawowa\u0107\u201d. <b>Nie<br \/>\ntrzeba a\u017c takiego zad\u0119cia! <\/b>\n<\/div>\n<div align=\"justify\" style=\"line-height: 150%; margin-bottom: 0cm; text-indent: 1.3cm;\">\nBardziej<br \/>\nchodzi\u0142oby o takie <b>zwyczajne,<br \/>\n<\/b><b>szczere,<\/b><br \/>\nmotywowane zwyk\u0142\u0105, ludzk\u0105 \u017cyczliwo\u015bci\u0105 \u2013 <b>dzielenie<br \/>\nsi\u0119 z innymi<\/b><br \/>\nswoimi do\u015bwiadczeniami, przemy\u015bleniami, osi\u0105gni\u0119ciami, ale tak\u017ce<br \/>\nobawami, pytaniami, w\u0105tpliwo\u015bciami\u2026 Na pewno, chodzi\u0142oby te\u017c <b>o<br \/>\ntak\u0105 w\u0142asn\u0105 postaw\u0119, w kt\u00f3r\u0105 inni wpatruj\u0105c si\u0119 \u2013 mogliby<br \/>\nsi\u0119 czego\u015b nauczy\u0107. <\/b>\n<\/div>\n<div align=\"justify\" style=\"line-height: 150%; margin-bottom: 0cm; text-indent: 1.3cm;\">\nWszak<br \/>\nna<br \/>\npodstawie<br \/>\nw\u0142asnego, \u017cyciowego do\u015bwiadczenia mo\u017cemy<br \/>\nstwierdzi\u0107,<br \/>\n\u017ce kiedy <b>wspominamy<br \/>\nz rozrzewnieniem swoim rodzic\u00f3w, nauczycieli,<\/b><br \/>\nczy w og\u00f3le tych, kt\u00f3rzy byli dla nas autorytetami \u2013 i wyra\u017camy<br \/>\nim wdzi\u0119czno\u015b\u0107 za to, \u017ce tak wiele nas nauczyli \u2013 to<br \/>\nnajcz\u0119\u015bciej dzi\u0119kujemy<br \/>\nim za to, \u017ce dokonywali<br \/>\ntego<br \/>\nnie poprzez jakie\u015b odg\u00f3rne pouczanie, ale przez<br \/>\n<b>dobry<br \/>\nprzyk\u0142ad, dawany w warunkach zwyk\u0142ej codzienno\u015bci.<\/b><\/p>\n<\/div>\n<div align=\"justify\" style=\"line-height: 150%; margin-bottom: 0cm; text-indent: 1.3cm;\">\nI<br \/>\nto jest<br \/>\nw\u0142a\u015bnie<br \/>\nnajlepszy spos\u00f3b<br \/>\nna to, aby tak\u017ce<br \/>\nka\u017cdy z nas \u2013 bez wzgl\u0119du na to, kim<br \/>\njest, co<br \/>\nrobi i jak\u0105 misj\u0119 spe\u0142nia \u2013 <b>wychowa\u0142<br \/>\nsobie godnych nast\u0119pc\u00f3w.<\/b><\/div>\n<div align=\"justify\" style=\"line-height: 150%; margin-bottom: 0cm; text-indent: 1.3cm;\">\nPomy\u015blmy<br \/>\nzatem:<\/div>\n<div align=\"justify\" style=\"line-height: 150%; margin-bottom: 0cm;\">\n\u2013<br \/>\nJakim<br \/>\nprzyk\u0142adem dla innych jest moje \u017cycie i codzienne moje<br \/>\npost\u0119powanie?<\/div>\n<div align=\"justify\" style=\"line-height: 150%; margin-bottom: 0cm;\">\n\u2013<br \/>\nJakie<br \/>\nwarto\u015bci tak najbardziej chcia\u0142bym innym przekaza\u0107?<\/div>\n<div align=\"justify\" style=\"line-height: 150%; margin-bottom: 0cm;\">\n\u2013<br \/>\nCzy<br \/>\nnie ma we mnie zazdrosnej obawy, \u017ce inni mog\u0105 by\u0107 ode mnie pod<br \/>\njakimi\u015b wzgl\u0119dami lepsi?<\/div>\n<p><\/p>\n<div align=\"justify\" style=\"line-height: 150%; margin-bottom: 0cm;\">\n<i><b>B\u0119dziesz<br \/>\nstrzeg\u0142 zarz\u0105dze\u0144 twego Pana Boga, aby i\u015b\u0107 za Jego wskazaniami,<br \/>\nprzestrzega\u0107 Jego praw, polece\u0144 i nakaz\u00f3w, jak napisano w Prawie<br \/>\nMoj\u017cesza, aby ci si\u0119 powiod\u0142o wszystko, co zamierzysz, i wszystko,<br \/>\nczym si\u0119 zajmiesz\u2026<\/b><\/i><\/div>\n","protected":false},"excerpt":{"rendered":"<p>Szcz\u0119\u015b\u0107 Bo\u017ce! Moi Drodzy, w dniu dzisiejszym imieniny obchodzi moja Siostrzenica, Weronika Nied\u017awiedzka. Bardzo serdecznie \u017cycz\u0119 naszej Solenizantce, aby tak, jak Jej Patronka, nosi\u0142a oblicze Jezusa w swoim sercu i \u015bwiadczy\u0142a o Nim swoim \u017cyciem. A ze swego rodzinnego Domu czerpa\u0142a pe\u0142nymi gar\u015bciami to wszystko, co jest tam dobre i pi\u0119kne &#8211; a ma co [&hellip;]<\/p>\n","protected":false},"author":1,"featured_media":0,"comment_status":"open","ping_status":"open","sticky":false,"template":"","format":"standard","meta":{"jetpack_post_was_ever_published":false,"_jetpack_newsletter_access":"","_jetpack_dont_email_post_to_subs":false,"_jetpack_newsletter_tier_id":0,"_jetpack_memberships_contains_paywalled_content":false,"_jetpack_memberships_contains_paid_content":false,"footnotes":""},"categories":[1],"tags":[],"class_list":["post-8128","post","type-post","status-publish","format-standard","hentry","category-bez-kategorii"],"yoast_head":"<!-- This site is optimized with the Yoast SEO plugin v25.1 - https:\/\/yoast.com\/wordpress\/plugins\/seo\/ -->\n<title>Ty za\u015b b\u0105d\u017a mocny! - Gaudium Et Spes<\/title>\n<meta name=\"robots\" content=\"index, follow, max-snippet:-1, max-image-preview:large, max-video-preview:-1\" \/>\n<link rel=\"canonical\" href=\"https:\/\/gaudiumetspes-blog.pl\/index.php\/2016\/02\/04\/ty-zas-badz-mocny\/\" \/>\n<meta property=\"og:locale\" content=\"pl_PL\" \/>\n<meta property=\"og:type\" content=\"article\" \/>\n<meta property=\"og:title\" content=\"Ty za\u015b b\u0105d\u017a mocny! - Gaudium Et Spes\" \/>\n<meta property=\"og:description\" content=\"Szcz\u0119\u015b\u0107 Bo\u017ce! Moi Drodzy, w dniu dzisiejszym imieniny obchodzi moja Siostrzenica, Weronika Nied\u017awiedzka. Bardzo serdecznie \u017cycz\u0119 naszej Solenizantce, aby tak, jak Jej Patronka, nosi\u0142a oblicze Jezusa w swoim sercu i \u015bwiadczy\u0142a o Nim swoim \u017cyciem. A ze swego rodzinnego Domu czerpa\u0142a pe\u0142nymi gar\u015bciami to wszystko, co jest tam dobre i pi\u0119kne &#8211; a ma co [&hellip;]\" \/>\n<meta property=\"og:url\" content=\"https:\/\/gaudiumetspes-blog.pl\/index.php\/2016\/02\/04\/ty-zas-badz-mocny\/\" \/>\n<meta property=\"og:site_name\" content=\"Gaudium Et Spes\" \/>\n<meta property=\"article:published_time\" content=\"2016-02-04T03:56:00+00:00\" \/>\n<meta property=\"article:modified_time\" content=\"2019-07-31T10:56:03+00:00\" \/>\n<meta name=\"author\" content=\"Ks. Jacek\" \/>\n<meta name=\"twitter:card\" content=\"summary_large_image\" \/>\n<meta name=\"twitter:label1\" content=\"Napisane przez\" \/>\n\t<meta name=\"twitter:data1\" content=\"Ks. Jacek\" \/>\n\t<meta name=\"twitter:label2\" content=\"Szacowany czas czytania\" \/>\n\t<meta name=\"twitter:data2\" content=\"9 minut\" \/>\n<script type=\"application\/ld+json\" class=\"yoast-schema-graph\">{\"@context\":\"https:\/\/schema.org\",\"@graph\":[{\"@type\":\"WebPage\",\"@id\":\"https:\/\/gaudiumetspes-blog.pl\/index.php\/2016\/02\/04\/ty-zas-badz-mocny\/\",\"url\":\"https:\/\/gaudiumetspes-blog.pl\/index.php\/2016\/02\/04\/ty-zas-badz-mocny\/\",\"name\":\"Ty za\u015b b\u0105d\u017a mocny! - Gaudium Et Spes\",\"isPartOf\":{\"@id\":\"https:\/\/gaudiumetspes-blog.pl\/#website\"},\"datePublished\":\"2016-02-04T03:56:00+00:00\",\"dateModified\":\"2019-07-31T10:56:03+00:00\",\"author\":{\"@id\":\"https:\/\/gaudiumetspes-blog.pl\/#\/schema\/person\/1661982992b752dea8dff0d4ed845a65\"},\"breadcrumb\":{\"@id\":\"https:\/\/gaudiumetspes-blog.pl\/index.php\/2016\/02\/04\/ty-zas-badz-mocny\/#breadcrumb\"},\"inLanguage\":\"pl-PL\",\"potentialAction\":[{\"@type\":\"ReadAction\",\"target\":[\"https:\/\/gaudiumetspes-blog.pl\/index.php\/2016\/02\/04\/ty-zas-badz-mocny\/\"]}]},{\"@type\":\"BreadcrumbList\",\"@id\":\"https:\/\/gaudiumetspes-blog.pl\/index.php\/2016\/02\/04\/ty-zas-badz-mocny\/#breadcrumb\",\"itemListElement\":[{\"@type\":\"ListItem\",\"position\":1,\"name\":\"Strona g\u0142\u00f3wna\",\"item\":\"https:\/\/gaudiumetspes-blog.pl\/\"},{\"@type\":\"ListItem\",\"position\":2,\"name\":\"Ty za\u015b b\u0105d\u017a mocny!\"}]},{\"@type\":\"WebSite\",\"@id\":\"https:\/\/gaudiumetspes-blog.pl\/#website\",\"url\":\"https:\/\/gaudiumetspes-blog.pl\/\",\"name\":\"Gaudium Et Spes\",\"description\":\"Blog Ks. Jacka Ja\u015bkowskiego\",\"potentialAction\":[{\"@type\":\"SearchAction\",\"target\":{\"@type\":\"EntryPoint\",\"urlTemplate\":\"https:\/\/gaudiumetspes-blog.pl\/?s={search_term_string}\"},\"query-input\":{\"@type\":\"PropertyValueSpecification\",\"valueRequired\":true,\"valueName\":\"search_term_string\"}}],\"inLanguage\":\"pl-PL\"},{\"@type\":\"Person\",\"@id\":\"https:\/\/gaudiumetspes-blog.pl\/#\/schema\/person\/1661982992b752dea8dff0d4ed845a65\",\"name\":\"Ks. Jacek\",\"image\":{\"@type\":\"ImageObject\",\"inLanguage\":\"pl-PL\",\"@id\":\"https:\/\/gaudiumetspes-blog.pl\/#\/schema\/person\/image\/\",\"url\":\"https:\/\/gaudiumetspes-blog.pl\/wp-content\/uploads\/2019\/07\/avatar-JJ-150x150.jpg\",\"contentUrl\":\"https:\/\/gaudiumetspes-blog.pl\/wp-content\/uploads\/2019\/07\/avatar-JJ-150x150.jpg\",\"caption\":\"Ks. Jacek\"},\"description\":\"Witam serdecznie! K\u0142ania si\u0119 Ks. Jacek Ja\u015bkowski. Nie jestem ani kim\u015b wa\u017cnym, ani kim\u015b znanym. Jestem ksi\u0119dzem, kt\u00f3ry po prostu chce rozmawia\u0107. Codzienna kap\u0142a\u0144ska pos\u0142uga pokazuje mi, \u017ce temat\u00f3w do rozm\u00f3w z ksi\u0119dzem jest coraz wi\u0119cej i dzisiaj \u017caden ksi\u0105dz nie mo\u017ce od nich ucieka\u0107, ale - wprost przeciwnie - podejmowa\u0107 nowe wyzwania. To przekonanie sk\u0142oni\u0142o mnie do pr\u00f3by otwarcia tego\u017c bloga, chocia\u017c okazji do rozm\u00f3w na co dzie\u0144 - w konfesjonale i poza nim - na szcz\u0119\u015bcie nie brakuje. My\u015bl\u0119 jednak, \u017ce ten blog b\u0119dzie jeszcze jednym sposobem i przestrzeni\u0105 nawi\u0105zania kontaktu z lud\u017ami dobrej woli, otwartymi na dialog.\",\"url\":\"https:\/\/gaudiumetspes-blog.pl\/index.php\/author\/ks-jacek\/\"}]}<\/script>\n<!-- \/ Yoast SEO plugin. -->","yoast_head_json":{"title":"Ty za\u015b b\u0105d\u017a mocny! - Gaudium Et Spes","robots":{"index":"index","follow":"follow","max-snippet":"max-snippet:-1","max-image-preview":"max-image-preview:large","max-video-preview":"max-video-preview:-1"},"canonical":"https:\/\/gaudiumetspes-blog.pl\/index.php\/2016\/02\/04\/ty-zas-badz-mocny\/","og_locale":"pl_PL","og_type":"article","og_title":"Ty za\u015b b\u0105d\u017a mocny! - Gaudium Et Spes","og_description":"Szcz\u0119\u015b\u0107 Bo\u017ce! Moi Drodzy, w dniu dzisiejszym imieniny obchodzi moja Siostrzenica, Weronika Nied\u017awiedzka. Bardzo serdecznie \u017cycz\u0119 naszej Solenizantce, aby tak, jak Jej Patronka, nosi\u0142a oblicze Jezusa w swoim sercu i \u015bwiadczy\u0142a o Nim swoim \u017cyciem. A ze swego rodzinnego Domu czerpa\u0142a pe\u0142nymi gar\u015bciami to wszystko, co jest tam dobre i pi\u0119kne &#8211; a ma co [&hellip;]","og_url":"https:\/\/gaudiumetspes-blog.pl\/index.php\/2016\/02\/04\/ty-zas-badz-mocny\/","og_site_name":"Gaudium Et Spes","article_published_time":"2016-02-04T03:56:00+00:00","article_modified_time":"2019-07-31T10:56:03+00:00","author":"Ks. Jacek","twitter_card":"summary_large_image","twitter_misc":{"Napisane przez":"Ks. Jacek","Szacowany czas czytania":"9 minut"},"schema":{"@context":"https:\/\/schema.org","@graph":[{"@type":"WebPage","@id":"https:\/\/gaudiumetspes-blog.pl\/index.php\/2016\/02\/04\/ty-zas-badz-mocny\/","url":"https:\/\/gaudiumetspes-blog.pl\/index.php\/2016\/02\/04\/ty-zas-badz-mocny\/","name":"Ty za\u015b b\u0105d\u017a mocny! - Gaudium Et Spes","isPartOf":{"@id":"https:\/\/gaudiumetspes-blog.pl\/#website"},"datePublished":"2016-02-04T03:56:00+00:00","dateModified":"2019-07-31T10:56:03+00:00","author":{"@id":"https:\/\/gaudiumetspes-blog.pl\/#\/schema\/person\/1661982992b752dea8dff0d4ed845a65"},"breadcrumb":{"@id":"https:\/\/gaudiumetspes-blog.pl\/index.php\/2016\/02\/04\/ty-zas-badz-mocny\/#breadcrumb"},"inLanguage":"pl-PL","potentialAction":[{"@type":"ReadAction","target":["https:\/\/gaudiumetspes-blog.pl\/index.php\/2016\/02\/04\/ty-zas-badz-mocny\/"]}]},{"@type":"BreadcrumbList","@id":"https:\/\/gaudiumetspes-blog.pl\/index.php\/2016\/02\/04\/ty-zas-badz-mocny\/#breadcrumb","itemListElement":[{"@type":"ListItem","position":1,"name":"Strona g\u0142\u00f3wna","item":"https:\/\/gaudiumetspes-blog.pl\/"},{"@type":"ListItem","position":2,"name":"Ty za\u015b b\u0105d\u017a mocny!"}]},{"@type":"WebSite","@id":"https:\/\/gaudiumetspes-blog.pl\/#website","url":"https:\/\/gaudiumetspes-blog.pl\/","name":"Gaudium Et Spes","description":"Blog Ks. Jacka Ja\u015bkowskiego","potentialAction":[{"@type":"SearchAction","target":{"@type":"EntryPoint","urlTemplate":"https:\/\/gaudiumetspes-blog.pl\/?s={search_term_string}"},"query-input":{"@type":"PropertyValueSpecification","valueRequired":true,"valueName":"search_term_string"}}],"inLanguage":"pl-PL"},{"@type":"Person","@id":"https:\/\/gaudiumetspes-blog.pl\/#\/schema\/person\/1661982992b752dea8dff0d4ed845a65","name":"Ks. Jacek","image":{"@type":"ImageObject","inLanguage":"pl-PL","@id":"https:\/\/gaudiumetspes-blog.pl\/#\/schema\/person\/image\/","url":"https:\/\/gaudiumetspes-blog.pl\/wp-content\/uploads\/2019\/07\/avatar-JJ-150x150.jpg","contentUrl":"https:\/\/gaudiumetspes-blog.pl\/wp-content\/uploads\/2019\/07\/avatar-JJ-150x150.jpg","caption":"Ks. Jacek"},"description":"Witam serdecznie! K\u0142ania si\u0119 Ks. Jacek Ja\u015bkowski. Nie jestem ani kim\u015b wa\u017cnym, ani kim\u015b znanym. Jestem ksi\u0119dzem, kt\u00f3ry po prostu chce rozmawia\u0107. Codzienna kap\u0142a\u0144ska pos\u0142uga pokazuje mi, \u017ce temat\u00f3w do rozm\u00f3w z ksi\u0119dzem jest coraz wi\u0119cej i dzisiaj \u017caden ksi\u0105dz nie mo\u017ce od nich ucieka\u0107, ale - wprost przeciwnie - podejmowa\u0107 nowe wyzwania. To przekonanie sk\u0142oni\u0142o mnie do pr\u00f3by otwarcia tego\u017c bloga, chocia\u017c okazji do rozm\u00f3w na co dzie\u0144 - w konfesjonale i poza nim - na szcz\u0119\u015bcie nie brakuje. My\u015bl\u0119 jednak, \u017ce ten blog b\u0119dzie jeszcze jednym sposobem i przestrzeni\u0105 nawi\u0105zania kontaktu z lud\u017ami dobrej woli, otwartymi na dialog.","url":"https:\/\/gaudiumetspes-blog.pl\/index.php\/author\/ks-jacek\/"}]}},"jetpack_featured_media_url":"","jetpack_sharing_enabled":true,"_links":{"self":[{"href":"https:\/\/gaudiumetspes-blog.pl\/index.php\/wp-json\/wp\/v2\/posts\/8128","targetHints":{"allow":["GET"]}}],"collection":[{"href":"https:\/\/gaudiumetspes-blog.pl\/index.php\/wp-json\/wp\/v2\/posts"}],"about":[{"href":"https:\/\/gaudiumetspes-blog.pl\/index.php\/wp-json\/wp\/v2\/types\/post"}],"author":[{"embeddable":true,"href":"https:\/\/gaudiumetspes-blog.pl\/index.php\/wp-json\/wp\/v2\/users\/1"}],"replies":[{"embeddable":true,"href":"https:\/\/gaudiumetspes-blog.pl\/index.php\/wp-json\/wp\/v2\/comments?post=8128"}],"version-history":[{"count":1,"href":"https:\/\/gaudiumetspes-blog.pl\/index.php\/wp-json\/wp\/v2\/posts\/8128\/revisions"}],"predecessor-version":[{"id":12478,"href":"https:\/\/gaudiumetspes-blog.pl\/index.php\/wp-json\/wp\/v2\/posts\/8128\/revisions\/12478"}],"wp:attachment":[{"href":"https:\/\/gaudiumetspes-blog.pl\/index.php\/wp-json\/wp\/v2\/media?parent=8128"}],"wp:term":[{"taxonomy":"category","embeddable":true,"href":"https:\/\/gaudiumetspes-blog.pl\/index.php\/wp-json\/wp\/v2\/categories?post=8128"},{"taxonomy":"post_tag","embeddable":true,"href":"https:\/\/gaudiumetspes-blog.pl\/index.php\/wp-json\/wp\/v2\/tags?post=8128"}],"curies":[{"name":"wp","href":"https:\/\/api.w.org\/{rel}","templated":true}]}}