{"id":8137,"date":"2016-01-26T05:04:00","date_gmt":"2016-01-26T04:04:00","guid":{"rendered":"https:\/\/gaudiumetspes-blog.pl\/index.php\/2016\/01\/26\/miosc-apostolska\/"},"modified":"2019-07-31T12:56:02","modified_gmt":"2019-07-31T10:56:02","slug":"miosc-apostolska","status":"publish","type":"post","link":"https:\/\/gaudiumetspes-blog.pl\/index.php\/2016\/01\/26\/miosc-apostolska\/","title":{"rendered":"Mi\u0142o\u015b\u0107 apostolska"},"content":{"rendered":"<div align=\"justify\" style=\"line-height: 150%; margin-bottom: 0cm;\">\nSzcz\u0119\u015b\u0107 Bo\u017ce! Moi Drodzy, w dniu dzisiejszym<b> urodziny obchodzi Lidka \u015awider, z jednej z moich Wsp\u00f3lnot m\u0142odzie\u017cowych, istniej\u0105cych w swoim czasie. \u017bycz\u0119 Jubilatce Bo\u017cych natchnie\u0144 i mocy na ka\u017cdy dzie\u0144. I o to b\u0119d\u0119 si\u0119 modli\u0142.<\/b><\/div>\n<div align=\"justify\" style=\"line-height: 150%; margin-bottom: 0cm;\">\n&nbsp; &nbsp; &nbsp; Moi Drodzy, du\u017co w tych dniach m\u00f3wili\u015bmy o jedno\u015bci &#8211; jedno\u015bci chrze\u015bcijan, jedno\u015bci pomi\u0119dzy lud\u017ami. M\u00f3dlmy si\u0119 o jedno\u015b\u0107 tak\u017ce w naszej Ojczy\u017anie, bo pieniacze bardzo si\u0119 ostatnio uaktywniaj\u0105 i radzi byliby wszystko wywraca\u0107 i rozbija\u0107. Dlatego m\u00f3dlmy si\u0119 o jedno\u015b\u0107 pomi\u0119dzy Polakami &#8211; ale jedno\u015b\u0107 opart\u0105 na prawdzie!<\/div>\n<div align=\"justify\" style=\"line-height: 150%; margin-bottom: 0cm;\">\n&nbsp; &nbsp; &nbsp; &nbsp; &nbsp; &nbsp; &nbsp; &nbsp; &nbsp; &nbsp; &nbsp; &nbsp; &nbsp; &nbsp; &nbsp; &nbsp; &nbsp; &nbsp; &nbsp; &nbsp; Gaudium et spes! &nbsp;Ks. Jacek<\/div>\n<div align=\"justify\" style=\"line-height: 150%; margin-bottom: 0cm;\">\n<b><br \/><\/b><\/div>\n<div align=\"justify\" style=\"line-height: 150%; margin-bottom: 0cm;\">\n<b>Wspomnienie<br \/>\n\u015aw. Tymoteusza i Tytusa, Biskup\u00f3w,<\/b><\/div>\n<div align=\"justify\" style=\"line-height: 150%; margin-bottom: 0cm;\">\n<b>do<br \/>\nczyta\u0144 z t. VI Lekcjonarza:  2<br \/>\nTm 1,1\u20138  albo<br \/>\n Tt 1,1\u20135;  \u0141k<br \/>\n10,1\u20139 <\/b>\n<\/div>\n<div align=\"justify\" style=\"line-height: 150%; margin-bottom: 0cm;\">\n<\/p>\n<\/div>\n<div align=\"justify\" style=\"line-height: 150%; margin-bottom: 0cm;\">\n<b>CZYTANIE<br \/>\nZ DRUGIEGO LISTU \u015aWI\u0118TEGO<br \/>\nPAW\u0141A APOSTO\u0141A DO TYMOTEUSZA:<\/b><\/div>\n<div align=\"justify\" style=\"line-height: 150%; margin-bottom: 0cm; page-break-before: auto; text-indent: 1.3cm;\">\n<b>Pawe\u0142,<br \/>\nz woli Boga aposto\u0142 Chrystusa Jezusa, pos\u0142any dla g\u0142oszenia \u017cycia<br \/>\nobiecanego w Chrystusie Jezusie, do Tymoteusza, swego umi\u0142owanego<br \/>\ndziecka. \u0141aska, mi\u0142osierdzie, pok\u00f3j od Boga Ojca i Chrystusa<br \/>\nJezusa, naszego Pana.<\/b><\/div>\n<div align=\"justify\" style=\"line-height: 150%; margin-bottom: 0cm; text-indent: 1.3cm;\">\n<b>Dzi\u0119kuj\u0119<br \/>\nBogu, kt\u00f3remu s\u0142u\u017c\u0119 jak moi przodkowie z czystym sumieniem, gdy<br \/>\nzachowuj\u0119 nieprzerwan\u0105 pami\u0119\u0107 o tobie w moich modlitwach. W nocy<br \/>\ni we dnie pragn\u0119 ci\u0119 zobaczy\u0107, pomny na twoje \u0142zy, by nape\u0142ni\u0142a<br \/>\nmnie rado\u015b\u0107 na wspomnienie wiary bez ob\u0142udy, jaka jest w tobie;<br \/>\nona to zamieszka\u0142a pierwej w twej babce Lois i w twej matce Eunice,<br \/>\na pewien jestem, \u017ce mieszka i w tobie.<\/b><\/div>\n<div align=\"justify\" style=\"line-height: 150%; margin-bottom: 0cm; text-indent: 1.3cm;\">\n<b>Z<br \/>\ntej w\u0142a\u015bnie przyczyny przypominam ci, aby\u015b rozpali\u0142 na nowo<br \/>\ncharyzmat Bo\u017cy, kt\u00f3ry jest w tobie przez w\u0142o\u017cenie moich r\u0105k.<br \/>\nAlbowiem nie da\u0142 nam B\u00f3g ducha boja\u017ani, ale mocy i mi\u0142o\u015bci, i<br \/>\ntrze\u017awego my\u015blenia. Nie wstyd\u017a si\u0119 zatem \u015bwiadectwa naszego Pana<br \/>\nani mnie, Jego wi\u0119\u017ania, lecz we\u017a udzia\u0142 w trudach i<br \/>\nprzeciwno\u015bciach znoszonych dla Ewangelii wed\u0142ug danej mocy Boga.<\/b><\/div>\n<div align=\"justify\" style=\"line-height: 150%; margin-bottom: 0cm;\">\n<\/p>\n<\/div>\n<div align=\"center\" style=\"line-height: 150%; margin-bottom: 0cm;\">\n<b>ALBO:<\/b><\/div>\n<div align=\"justify\" style=\"line-height: 150%; margin-bottom: 0cm;\">\n<\/p>\n<\/div>\n<div align=\"justify\" style=\"line-height: 150%; margin-bottom: 0cm; page-break-before: auto;\">\n<b>CZYTANIE<br \/>\nZ LISTU \u015aWI\u0118TEGO PAW\u0141A APOSTO\u0141A DO TYTUSA:<\/b><\/div>\n<div align=\"justify\" style=\"line-height: 150%; margin-bottom: 0cm; page-break-before: auto; text-indent: 1.3cm;\">\n<b>Pawe\u0142,<br \/>\ns\u0142uga Boga i aposto\u0142 Jezusa Chrystusa, pos\u0142any do szerzenia w\u015br\u00f3d<br \/>\nwybranych Bo\u017cych wiary i poznania prawdy wiod\u0105cej do \u017cycia w<br \/>\npobo\u017cno\u015bci, w nadziei \u017cycia wiecznego, jakie przyobieca\u0142 przed<br \/>\nwiekami prawdom\u00f3wny B\u00f3g, a we w\u0142a\u015bciwym czasie objawi\u0142 swe s\u0142owo<br \/>\nprzez nauczanie powierzone mi z rozkazu Boga, Zbawiciela naszego, do<br \/>\nTytusa, dziecka mego prawdziwego we wsp\u00f3lnej nam wierze. \u0141aska i<br \/>\npok\u00f3j od Boga Ojca i Chrystusa Jezusa, Zbawiciela naszego. <\/b>\n<\/div>\n<div align=\"justify\" style=\"line-height: 150%; margin-bottom: 0cm; text-indent: 1.3cm;\">\n<b>W<br \/>\ntym celu zostawi\u0142em ci\u0119 na Krecie, by\u015b nale\u017cycie za\u0142atwia\u0142<br \/>\nzaleg\u0142e sprawy i ustanowi\u0142 w ka\u017cdym mie\u015bcie prezbiter\u00f3w, jak ci<br \/>\npoleci\u0142em. <\/b>\n<\/div>\n<div align=\"justify\" style=\"line-height: 150%; margin-bottom: 0cm;\">\n<\/p>\n<\/div>\n<div align=\"justify\" style=\"line-height: 150%; margin-bottom: 0cm;\">\n<b>S\u0141OWA<br \/>\nEWANGELII WED\u0141UG \u015aWI\u0118TEGO<br \/>\n\u0141UKASZA:<\/b><\/div>\n<div align=\"justify\" style=\"line-height: 150%; margin-bottom: 0cm; page-break-before: auto; text-indent: 1.3cm;\">\n<b>Spo\u015br\u00f3d<br \/>\nswoich uczni\u00f3w wyznaczy\u0142 Pan jeszcze innych, siedemdziesi\u0119ciu<br \/>\ndw\u00f3ch, i wys\u0142a\u0142 ich po dw\u00f3ch przed sob\u0105 do ka\u017cdego miasta i<br \/>\nmiejscowo\u015bci, dok\u0105d sam przyj\u015b\u0107 zamierza\u0142. <\/b>\n<\/div>\n<div align=\"justify\" style=\"line-height: 150%; margin-bottom: 0cm; text-indent: 1.3cm;\">\n<b>Powiedzia\u0142<br \/>\nte\u017c do nich: \u201e\u017bniwo wprawdzie wielkie, ale robotnik\u00f3w ma\u0142o;<br \/>\npro\u015bcie wi\u0119c Pana \u017cniwa, \u017ceby wyprawi\u0142 robotnik\u00f3w na swoje<br \/>\n\u017cniwo. Id\u017acie, oto was posy\u0142am jak owce mi\u0119dzy wilki. Nie no\u015bcie<br \/>\nze sob\u0105 trzosa ani torby, ani sanda\u0142\u00f3w; i nikogo w drodze nie<br \/>\npozdrawiajcie. <\/b>\n<\/div>\n<div align=\"justify\" style=\"line-height: 150%; margin-bottom: 0cm; text-indent: 1.3cm;\">\n<b>Gdy<br \/>\ndo jakiego domu wejdziecie, najpierw m\u00f3wcie: \u00abPok\u00f3j temu domowi!\u00bb<br \/>\nJe\u015bli tam mieszka cz\u0142owiek godny pokoju, wasz pok\u00f3j spocznie na<br \/>\nnim; je\u015bli nie, powr\u00f3ci do was. <\/b>\n<\/div>\n<div align=\"justify\" style=\"line-height: 150%; margin-bottom: 0cm; text-indent: 1.3cm;\">\n<b>W<br \/>\ntym samym domu zosta\u0144cie, jedz\u0105c i pij\u0105c, co maj\u0105: bo zas\u0142uguje<br \/>\nrobotnik na sw\u0105 zap\u0142at\u0119.<\/b><\/div>\n<div align=\"justify\" style=\"line-height: 150%; margin-bottom: 0cm; text-indent: 1.3cm;\">\n<b>Nie<br \/>\nprzechod\u017acie z domu do domu. Je\u015bli do jakiego miasta wejdziecie i<br \/>\nprzyjm\u0105 was, jedzcie, co wam podadz\u0105; uzdrawiajcie chorych, kt\u00f3rzy<br \/>\ntam s\u0105, i m\u00f3wcie im: \u00abPrzybli\u017cy\u0142o si\u0119 do was kr\u00f3lestwo Bo\u017ce\u00bb\u201d.<\/b><\/div>\n<div align=\"justify\" style=\"line-height: 150%; margin-bottom: 0cm;\">\n<\/p>\n<\/div>\n<div align=\"justify\" style=\"line-height: 150%; margin-bottom: 0cm; page-break-before: auto; text-indent: 1.25cm;\">\nPierwszy<br \/>\nspo\u015br\u00f3d dzisiejszych Patron\u00f3w,<b> Tymoteusz<\/b> by\u0142 wiernym i<br \/>\noddanym uczniem oraz wsp\u00f3\u0142pracownikiem \u015awi\u0119tego Paw\u0142a. \u015awi\u0119ty<br \/>\nPawe\u0142 nazywa go <b>\u201enajdro\u017cszym synem\u201d, \u201ebratem\u201d,<br \/>\n\u201epomocnikiem\u201d,<\/b> kt\u00f3rego wspomina ze \u0142zami. Kiedy Aposto\u0142<br \/>\nNarod\u00f3w zatrzyma\u0142 si\u0119 w czasie swojej drugiej podr\u00f3\u017cy w<br \/>\nmiasteczku Listra, nawr\u00f3ci\u0142 dwie \u017byd\u00f3wki: kobiet\u0119 imieniem Lois<br \/>\ni jej c\u00f3rk\u0119, Eunik\u0119. <b>Synem tej\u017ce Euniki, a wnukiem Lois, by\u0142<br \/>\n\u015awi\u0119ty Tymoteusz.<\/b> Jego ojcem by\u0142 zamo\u017cny Grek, poganin, kt\u00f3ry<br \/>\njednak pozwoli\u0142 babce i matce wychowa\u0107 Tymoteusza w wierze<br \/>\nmoj\u017ceszowej.\n<\/div>\n<div align=\"justify\" style=\"line-height: 150%; margin-bottom: 0cm; text-indent: 1.25cm;\">\nTymoteusz<br \/>\nby\u0142 cz\u0142owiekiem wykszta\u0142conym. <b>Zna\u0142 Pismo <\/b><b>\u015a<\/b><b>wi\u0119te<br \/>\ni cz\u0119sto si\u0119 w nim rozczytywa\u0142. Wyr\u00f3\u017cnia\u0142 si\u0119 dobrymi<br \/>\nobyczajami.<\/b> Chrzest przyj\u0105\u0142 z r\u0105k \u015awi\u0119tego Paw\u0142a. Dlatego<br \/>\ns\u0142usznie Aposto\u0142 nazywa\u0142 go swoim synem. Dla u\u0142atwienia<br \/>\nTymoteuszowi pracy w\u015br\u00f3d rodak\u00f3w, podda\u0142 go Pawe\u0142 obrzezaniu.<br \/>\nCz\u0119sto Aposto\u0142 <b>zleca\u0142 Tymoteuszowi trudne i poufne sprawy w<br \/>\nposzczeg\u00f3lnych gminach, kt\u00f3re za\u0142o\u017cy\u0142.<\/b> Jego te\u017c wyznaczy\u0142<br \/>\nbiskupem Efezu, \u00f3wczesnej metropolii Ma\u0142ej Azji i stolicy rzymskiej<br \/>\nprowincji.\n<\/div>\n<div align=\"justify\" style=\"line-height: 150%; margin-bottom: 0cm; text-indent: 1.25cm;\">\nW<br \/>\nczasie swoich podr\u00f3\u017cy po Ma\u0142ej Azji, Grecji i do Jerozolimy,<br \/>\n\u015awi\u0119ty Pawe\u0142 zabiera\u0142 ze sob\u0105 Tymoteusza do pomocy w pos\u0142udze<br \/>\napostolskiej. <b>Tymoteusz dzieli\u0142 tak\u017ce ze swoim mistrzem<br \/>\nwi\u0119zienie w Rzymie.<\/b> Dwa Paw\u0142owe Listy, do niego skierowane,<br \/>\nznajdujemy w\u015br\u00f3d ksi\u0105g Nowego Testamentu. Pawe\u0142 wydaje mu<br \/>\nnajpi\u0119kniejsze \u015bwiadectwo i daje pouczenia, jak ma rz\u0105dzi\u0107<br \/>\nKo\u015bcio\u0142em w Efezie.<\/div>\n<div align=\"justify\" style=\"line-height: 150%; margin-bottom: 0cm; text-indent: 1.25cm;\">\nZ<br \/>\nkolei drugi dzisiejszy Patron, <b>Tytus,<\/b> znany jest wy\u0142\u0105cznie z<br \/>\nList\u00f3w \u015awi\u0119tego Paw\u0142a. Pochodzi\u0142 z rodziny grecko\u2013rzymskiej,<br \/>\nzamieszka\u0142ej w okolicy Antiochii Syryjskiej. Stamt\u0105d bowiem zabra\u0142<br \/>\ngo Aposto\u0142 do Jerozolimy. <b>Zosta\u0142 ochrzczony przez \u015awi\u0119tego<br \/>\nPaw\u0142a przed <\/b><b>S<\/b><b>oborem apostolskim w 49 roku.<\/b> Obok<br \/>\nTymoteusza i \u0141ukasza Ewangelisty, <b>Tytus nale\u017ca\u0142 do najbli\u017cszych<br \/>\ni najbardziej zaufanych uczni\u00f3w \u015awi\u0119tego Paw\u0142a Aposto\u0142a.<\/b><br \/>\nTowarzyszy\u0142 mu w podr\u00f3\u017cach i na Soborze Jerozolimskim.\n<\/div>\n<div align=\"justify\" style=\"line-height: 150%; margin-bottom: 0cm; text-indent: 1.25cm;\">\nDowodem<br \/>\nwyj\u0105tkowego zaufania, jakim tak w ko\u0144cu m\u0142odego cz\u0142owieka darzy\u0142<br \/>\n\u015awi\u0119ty Pawe\u0142, by\u0142y <b>delikatne misje, jakie mu powierza\u0142.<\/b><br \/>\nJego to w\u0142a\u015bnie wys\u0142a\u0142 do Koryntu. Nie pozwoli\u0142 go te\u017c obrzeza\u0107<br \/>\nw przekonaniu, \u017ce jego praca apostolska b\u0119dzie rozwija\u0107 si\u0119 nie<br \/>\nw\u015br\u00f3d \u017byd\u00f3w, ale w\u015br\u00f3d pogan. <b>W swoich Listach Aposto\u0142<br \/>\nNarod\u00f3w oddaje Tytusowi najwy\u017csze pochwa\u0142y.<\/b> Jeden za\u015b List<br \/>\nskierowa\u0142 wy\u0142\u0105cznie do niego \u2013 i ten List znalaz\u0142 si\u0119 w<br \/>\nkanonie Nowego Testamentu. Oko\u0142o roku 63 Pawe\u0142 ustanowi\u0142 go<br \/>\nbiskupem gminy chrze\u015bcija\u0144skiej na Krecie.<\/div>\n<div align=\"justify\" style=\"line-height: 150%; margin-bottom: 0cm; text-indent: 1.25cm;\">\nS\u0142uchaj\u0105c<br \/>\nobu dzisiejszych czyta\u0144, z kt\u00f3rych nale\u017cy dokona\u0107 wyboru<br \/>\npierwszego czytania, a tak\u017ce s\u0142uchaj\u0105c z uwag\u0105 Ewangelii, mo\u017cemy<br \/>\ndok\u0142adniej u\u015bwiadomi\u0107 sobie, na czym polega\u0142a mi\u0142o\u015b\u0107, kt\u00f3r\u0105<br \/>\nmogliby\u015bmy nazwa\u0107<b> mi\u0142o\u015bci\u0105 apostolsk\u0105.<\/b> A poniewa\u017c tak<br \/>\nsi\u0119 sk\u0142ada, \u017ce <b>obaj <\/b><b>dzisiejsi \u015awi\u0119ci <\/b><b>s\u0105<br \/>\npostaciami biblijnymi,<\/b> przeto w liturgii odchodzimy od czyta\u0144,<br \/>\nprzewidzianych na wtorek trzeciego Tygodnia zwyk\u0142ego, a wczytujemy<br \/>\nsi\u0119<b> w teksty wprost odnosz\u0105ce si\u0119 do wspominanych dzi\u015b<br \/>\n\u015awi\u0119tych,<\/b> a dok\u0142adnie: w teksty List\u00f3w, konkretnie do nich<br \/>\nskierowanych.\n<\/div>\n<div align=\"justify\" style=\"line-height: 150%; margin-bottom: 0cm; text-indent: 1.25cm;\">\nI<br \/>\nw\u0142a\u015bnie dzi\u0119ki temu mo\u017cemy stwierdzi\u0107, \u017ce byli oni naprawd\u0119<br \/>\nbliscy Paw\u0142owi i <b>Aposto\u0142 rzeczywi\u015bcie otacza\u0142 ich bezgraniczn\u0105<br \/>\nmi\u0142o\u015bci\u0105.<\/b> Ale \u2013 co jako\u015b tak mocno przebija z tre\u015bci obu<br \/>\nczyta\u0144, pozostawionych nam do wyboru \u2013 ta <b>mi\u0142o\u015b\u0107 nie by\u0142a<br \/>\njakim\u015b czu\u0142ostkowym wzdychaniem, jakim\u015b \u015blepym zapatrzeniem<\/b> w<br \/>\nkonkretne osoby. Mi\u0142o\u015b\u0107 Aposto\u0142a Paw\u0142a do nich by\u0142a mi\u0142o\u015bci\u0105<br \/>\n\u2013 je\u015bli tak mo\u017cna powiedzie\u0107 \u2013 <b>prze\u017cywan\u0105<\/b><b> \u201ew<br \/>\nkontek\u015bcie Ko\u015bcio\u0142a\u201d. <\/b>Pawe\u0142 Aposto\u0142, okazuj\u0105c sw\u0105 wielk\u0105<br \/>\nmi\u0142o\u015b\u0107 owym m\u0142odym Biskupom, <b>okazywa\u0142 t\u0119 mi\u0142o\u015b\u0107 ca\u0142emu<br \/>\nKo\u015bcio\u0142owi. <\/b>\n<\/div>\n<div align=\"justify\" style=\"line-height: 150%; margin-bottom: 0cm; text-indent: 1.25cm;\">\nDlatego<br \/>\nchocia\u017c nie brak\u0142o okazji, aby m\u00f3g\u0142 przebywa\u0107 w ich<br \/>\ntowarzystwie, Pawe\u0142 <b>nie waha\u0142 si\u0119 jednak rozsta\u0107 z jednym czy<br \/>\ndrugim, aby wys<\/b><b>y<\/b><b>\u0142a\u0107 ich do pos\u0142ugi Ko\u015bcio\u0142owi.<br \/>\n<\/b>St\u0105d te\u017c mo\u017cna powiedzie\u0107, \u017ce owa mi\u0142o\u015b\u0107 Aposto\u0142a <b>nie<br \/>\nby\u0142a zaborcza,<\/b> ale wyra\u017ca\u0142a si\u0119 w\u0142a\u015bnie <b>rozszerzeniem<br \/>\nserca<\/b> na wielu ludzi, do kt\u00f3rych nasi dzisiejsi Patronowie mieli<br \/>\np\u00f3j\u015b\u0107 z biskupi\u0105 pos\u0142ug\u0105. M\u00f3wi\u0105c jeszcze inaczej: Pawe\u0142 nie<br \/>\nchcia\u0142 <b>w \u017caden spos\u00f3b \u201ezaw\u0142aszczy\u0107\u201d kt\u00f3rego\u015b z nich,<\/b><br \/>\nale poprzez m\u0105dr\u0105 mi\u0142o\u015b\u0107 do nich okazywa\u0142 mi\u0142o\u015b\u0107 Ko\u015bcio\u0142owi!<\/div>\n<div align=\"justify\" style=\"line-height: 150%; margin-bottom: 0cm; text-indent: 1.25cm;\">\nTroch\u0119<br \/>\nnam si\u0119 taki obraz mi\u0142o\u015bci nie zgadza z tym, co my powszechnie z<br \/>\nmi\u0142o\u015bci\u0105 kojarzymy. Bo w naszym jej rozumieniu \u2013 zreszt\u0105,<br \/>\nbardzo w\u0142a\u015bciwym \u2013 mi\u0142o\u015b\u0107 polega <b>tak\u017ce na tym, \u017ce si\u0119<br \/>\njest blisko osoby kochanej.<\/b> A tu widzimy, \u017ce Pawe\u0142 nieraz<br \/>\n\u015bwiadomie odsy\u0142a\u0142 swych duchowych Syn\u00f3w od siebie, maj\u0105c na<br \/>\nsercu dobro duchowe chrze\u015bcijan, do kt\u00f3rych mieli si\u0119 oni uda\u0107.\n<\/div>\n<div align=\"justify\" style=\"line-height: 150%; margin-bottom: 0cm; text-indent: 1.25cm;\">\n<b>Bo<br \/>\nna tym polega mi\u0142o\u015b\u0107 apostolska!<\/b> Podkre\u015blmy to jeszcze raz:<br \/>\nona nie skupia si\u0119 egoistycznie na jednej osobie, z wy\u0142\u0105czeniem<br \/>\nwszystkich wok\u00f3\u0142. Ona \u2013 owszem \u2013 <b>konce<\/b><b>n<\/b><b>truje<br \/>\nsi\u0119 na konkretnych osobach,<\/b> bo inaczej nie by\u0142aby \u017cadn\u0105<br \/>\nmi\u0142o\u015bci\u0105. Nieraz bowiem przekonujemy si\u0119, \u017ce <b>dobroczy\u0144cy<br \/>\nca\u0142ej ludzko\u015bci <\/b>s\u0105 zwykle <b>zapiek\u0142ymi wrogami konkretnego<br \/>\ncz\u0142owieka<\/b> i ci, kt\u00f3rzy <b>ca\u0142y \u015bwiat kochaj\u0105,<\/b> zwykle<br \/>\n<b>pojedynczego cz\u0142owieka potrafi\u0105 podepta\u0107. <\/b>\n<\/div>\n<div align=\"justify\" style=\"line-height: 150%; margin-bottom: 0cm; text-indent: 1.25cm;\">\nDlatego<br \/>\nmi\u0142o\u015b\u0107 apostolska koncentruje si\u0119 na konkretnych osobach, ale w<br \/>\ntaki spos\u00f3b, aby poprzez te osoby <b>m\u00f3c wychodzi\u0107 do innych \u2013 i<br \/>\nwielu innym tak\u017ce t\u0119 mi\u0142o\u015b\u0107 okazywa\u0107.<\/b> Przeto mi\u0142o\u015b\u0107<br \/>\napostolska tak naprawd\u0119 niczego (i nikogo!) nie chce dla siebie, ale<br \/>\nwszystko oddaje dla dobra Ko\u015bcio\u0142a. A w ten spos\u00f3b \u2013 tak wiele<br \/>\nzyskuje.<\/div>\n<div align=\"justify\" style=\"line-height: 150%; margin-bottom: 0cm; text-indent: 1.25cm;\">\nPrzyk\u0142ad<br \/>\ntakiej mi\u0142o\u015bci daje sam Jezus \u2013 tak\u017ce dzisiaj, kiedy rozsy\u0142a<br \/>\nswoich uczni\u00f3w <i><b>do ka\u017cdego miasta i miejscowo\u015bci, dok\u0105d sam<br \/>\nprzyj\u015b\u0107 zamierza\u0142.<\/b><\/i><b> <\/b>Zauwa\u017cmy, \u017ce Jezus my\u015bla\u0142 w<br \/>\ntym momencie o tych, do kt\u00f3rych wysy\u0142a\u0142 swoich uczni\u00f3w, ale tak\u017ce<br \/>\ni o samych uczniach. S\u0142yszymy bowiem takie s\u0142owa: <i><b>Gdy do<br \/>\njakiego domu wejdziecie, najpierw m\u00f3wcie: \u00abPok\u00f3j temu domowi!\u00bb<br \/>\nJe\u015bli tam mieszka cz\u0142owiek godny pokoju, wasz pok\u00f3j spocznie na<br \/>\nnim; je\u015bli nie, powr\u00f3ci do was. <\/b><\/i><i><b>W tym samym domu<br \/>\nzosta\u0144cie, jedz\u0105c i pij\u0105c, co maj\u0105: bo zas\u0142uguje robotnik na sw\u0105<br \/>\nzap\u0142at\u0119. <\/b><\/i><i><b>Nie przechod\u017acie z domu do domu. Je\u015bli do<br \/>\njakiego miasta wejdziecie i przyjm\u0105 was, jedzcie, co wam podadz\u0105;<br \/>\nuzdrawiajcie chorych, kt\u00f3rzy tam s\u0105, i m\u00f3wcie im: \u00abPrzybli\u017cy\u0142o<br \/>\nsi\u0119 do was kr\u00f3lestwo Bo\u017ce\u00bb <\/b><\/i>\n<\/div>\n<div align=\"justify\" style=\"line-height: 150%; margin-bottom: 0cm; text-indent: 1.25cm;\">\nNiech<br \/>\nnam dzisiejsi Patronowie wymodl\u0105 u Pana coraz wi\u0119ksze <b>dojrzewanie<br \/>\n<\/b><b>i takie kszta\u0142towanie <\/b><b>mi\u0142o\u015bci,<\/b> aby\u015bmy okazuj\u0105c<br \/>\nj\u0105 konkretnym ludziom, nie wykluczali z niej innych! Aby\u015bmy nie<br \/>\nwykluczali z niej nikogo\u2026\n<\/div>\n<div align=\"justify\" style=\"line-height: 150%; margin-bottom: 0cm; text-indent: 1.25cm;\">\nPomy\u015blmy:<\/div>\n<div align=\"justify\" style=\"line-height: 150%; margin-bottom: 0cm;\">\n\u2013 Czy<br \/>\nmoja mi\u0142o\u015b\u0107 koncentruje si\u0119 na konkretnych ludziach, czy nale\u017c\u0119<br \/>\ndo tych, kt\u00f3rzy kochaj\u0105 ca\u0142y \u015bwiat, ale nikogo tak naprawd\u0119?<\/div>\n<div align=\"justify\" style=\"line-height: 150%; margin-bottom: 0cm;\">\n\u2013 Czy<br \/>\nokazuj\u0105c mi\u0142o\u015b\u0107 konkretnym ludziom, staram si\u0119 rozszerza\u0107 serce<br \/>\nna innych \u2013 a na pewno na nikogo go nie zamyka\u0107?<\/div>\n<div align=\"justify\" style=\"line-height: 150%; margin-bottom: 0cm;\">\n\u2013 W<br \/>\nczym tak konkretnie moja mi\u0142o\u015b\u0107 si\u0119 wyra\u017ca?<\/div>\n<p><\/p>\n<div align=\"justify\" style=\"line-height: 150%; margin-bottom: 0cm;\">\n<i><b>Id\u017acie,<br \/>\noto was posy\u0142am jak owce mi\u0119dzy wilki\u2026<\/b><\/i><\/div>\n","protected":false},"excerpt":{"rendered":"<p>Szcz\u0119\u015b\u0107 Bo\u017ce! Moi Drodzy, w dniu dzisiejszym urodziny obchodzi Lidka \u015awider, z jednej z moich Wsp\u00f3lnot m\u0142odzie\u017cowych, istniej\u0105cych w swoim czasie. \u017bycz\u0119 Jubilatce Bo\u017cych natchnie\u0144 i mocy na ka\u017cdy dzie\u0144. I o to b\u0119d\u0119 si\u0119 modli\u0142. &nbsp; &nbsp; &nbsp; Moi Drodzy, du\u017co w tych dniach m\u00f3wili\u015bmy o jedno\u015bci &#8211; jedno\u015bci chrze\u015bcijan, jedno\u015bci pomi\u0119dzy lud\u017ami. M\u00f3dlmy [&hellip;]<\/p>\n","protected":false},"author":1,"featured_media":0,"comment_status":"open","ping_status":"open","sticky":false,"template":"","format":"standard","meta":{"jetpack_post_was_ever_published":false,"_jetpack_newsletter_access":"","_jetpack_dont_email_post_to_subs":false,"_jetpack_newsletter_tier_id":0,"_jetpack_memberships_contains_paywalled_content":false,"_jetpack_memberships_contains_paid_content":false,"footnotes":""},"categories":[1],"tags":[],"class_list":["post-8137","post","type-post","status-publish","format-standard","hentry","category-bez-kategorii"],"yoast_head":"<!-- This site is optimized with the Yoast SEO plugin v25.1 - https:\/\/yoast.com\/wordpress\/plugins\/seo\/ -->\n<title>Mi\u0142o\u015b\u0107 apostolska - Gaudium Et Spes<\/title>\n<meta name=\"robots\" content=\"index, follow, max-snippet:-1, max-image-preview:large, max-video-preview:-1\" \/>\n<link rel=\"canonical\" href=\"https:\/\/gaudiumetspes-blog.pl\/index.php\/2016\/01\/26\/miosc-apostolska\/\" \/>\n<meta property=\"og:locale\" content=\"pl_PL\" \/>\n<meta property=\"og:type\" content=\"article\" \/>\n<meta property=\"og:title\" content=\"Mi\u0142o\u015b\u0107 apostolska - Gaudium Et Spes\" \/>\n<meta property=\"og:description\" content=\"Szcz\u0119\u015b\u0107 Bo\u017ce! Moi Drodzy, w dniu dzisiejszym urodziny obchodzi Lidka \u015awider, z jednej z moich Wsp\u00f3lnot m\u0142odzie\u017cowych, istniej\u0105cych w swoim czasie. \u017bycz\u0119 Jubilatce Bo\u017cych natchnie\u0144 i mocy na ka\u017cdy dzie\u0144. I o to b\u0119d\u0119 si\u0119 modli\u0142. &nbsp; &nbsp; &nbsp; Moi Drodzy, du\u017co w tych dniach m\u00f3wili\u015bmy o jedno\u015bci &#8211; jedno\u015bci chrze\u015bcijan, jedno\u015bci pomi\u0119dzy lud\u017ami. M\u00f3dlmy [&hellip;]\" \/>\n<meta property=\"og:url\" content=\"https:\/\/gaudiumetspes-blog.pl\/index.php\/2016\/01\/26\/miosc-apostolska\/\" \/>\n<meta property=\"og:site_name\" content=\"Gaudium Et Spes\" \/>\n<meta property=\"article:published_time\" content=\"2016-01-26T04:04:00+00:00\" \/>\n<meta property=\"article:modified_time\" content=\"2019-07-31T10:56:02+00:00\" \/>\n<meta name=\"author\" content=\"Ks. Jacek\" \/>\n<meta name=\"twitter:card\" content=\"summary_large_image\" \/>\n<meta name=\"twitter:label1\" content=\"Napisane przez\" \/>\n\t<meta name=\"twitter:data1\" content=\"Ks. Jacek\" \/>\n\t<meta name=\"twitter:label2\" content=\"Szacowany czas czytania\" \/>\n\t<meta name=\"twitter:data2\" content=\"9 minut\" \/>\n<script type=\"application\/ld+json\" class=\"yoast-schema-graph\">{\"@context\":\"https:\/\/schema.org\",\"@graph\":[{\"@type\":\"WebPage\",\"@id\":\"https:\/\/gaudiumetspes-blog.pl\/index.php\/2016\/01\/26\/miosc-apostolska\/\",\"url\":\"https:\/\/gaudiumetspes-blog.pl\/index.php\/2016\/01\/26\/miosc-apostolska\/\",\"name\":\"Mi\u0142o\u015b\u0107 apostolska - Gaudium Et Spes\",\"isPartOf\":{\"@id\":\"https:\/\/gaudiumetspes-blog.pl\/#website\"},\"datePublished\":\"2016-01-26T04:04:00+00:00\",\"dateModified\":\"2019-07-31T10:56:02+00:00\",\"author\":{\"@id\":\"https:\/\/gaudiumetspes-blog.pl\/#\/schema\/person\/1661982992b752dea8dff0d4ed845a65\"},\"breadcrumb\":{\"@id\":\"https:\/\/gaudiumetspes-blog.pl\/index.php\/2016\/01\/26\/miosc-apostolska\/#breadcrumb\"},\"inLanguage\":\"pl-PL\",\"potentialAction\":[{\"@type\":\"ReadAction\",\"target\":[\"https:\/\/gaudiumetspes-blog.pl\/index.php\/2016\/01\/26\/miosc-apostolska\/\"]}]},{\"@type\":\"BreadcrumbList\",\"@id\":\"https:\/\/gaudiumetspes-blog.pl\/index.php\/2016\/01\/26\/miosc-apostolska\/#breadcrumb\",\"itemListElement\":[{\"@type\":\"ListItem\",\"position\":1,\"name\":\"Strona g\u0142\u00f3wna\",\"item\":\"https:\/\/gaudiumetspes-blog.pl\/\"},{\"@type\":\"ListItem\",\"position\":2,\"name\":\"Mi\u0142o\u015b\u0107 apostolska\"}]},{\"@type\":\"WebSite\",\"@id\":\"https:\/\/gaudiumetspes-blog.pl\/#website\",\"url\":\"https:\/\/gaudiumetspes-blog.pl\/\",\"name\":\"Gaudium Et Spes\",\"description\":\"Blog Ks. Jacka Ja\u015bkowskiego\",\"potentialAction\":[{\"@type\":\"SearchAction\",\"target\":{\"@type\":\"EntryPoint\",\"urlTemplate\":\"https:\/\/gaudiumetspes-blog.pl\/?s={search_term_string}\"},\"query-input\":{\"@type\":\"PropertyValueSpecification\",\"valueRequired\":true,\"valueName\":\"search_term_string\"}}],\"inLanguage\":\"pl-PL\"},{\"@type\":\"Person\",\"@id\":\"https:\/\/gaudiumetspes-blog.pl\/#\/schema\/person\/1661982992b752dea8dff0d4ed845a65\",\"name\":\"Ks. Jacek\",\"image\":{\"@type\":\"ImageObject\",\"inLanguage\":\"pl-PL\",\"@id\":\"https:\/\/gaudiumetspes-blog.pl\/#\/schema\/person\/image\/\",\"url\":\"https:\/\/gaudiumetspes-blog.pl\/wp-content\/uploads\/2019\/07\/avatar-JJ-150x150.jpg\",\"contentUrl\":\"https:\/\/gaudiumetspes-blog.pl\/wp-content\/uploads\/2019\/07\/avatar-JJ-150x150.jpg\",\"caption\":\"Ks. Jacek\"},\"description\":\"Witam serdecznie! K\u0142ania si\u0119 Ks. Jacek Ja\u015bkowski. Nie jestem ani kim\u015b wa\u017cnym, ani kim\u015b znanym. Jestem ksi\u0119dzem, kt\u00f3ry po prostu chce rozmawia\u0107. Codzienna kap\u0142a\u0144ska pos\u0142uga pokazuje mi, \u017ce temat\u00f3w do rozm\u00f3w z ksi\u0119dzem jest coraz wi\u0119cej i dzisiaj \u017caden ksi\u0105dz nie mo\u017ce od nich ucieka\u0107, ale - wprost przeciwnie - podejmowa\u0107 nowe wyzwania. To przekonanie sk\u0142oni\u0142o mnie do pr\u00f3by otwarcia tego\u017c bloga, chocia\u017c okazji do rozm\u00f3w na co dzie\u0144 - w konfesjonale i poza nim - na szcz\u0119\u015bcie nie brakuje. My\u015bl\u0119 jednak, \u017ce ten blog b\u0119dzie jeszcze jednym sposobem i przestrzeni\u0105 nawi\u0105zania kontaktu z lud\u017ami dobrej woli, otwartymi na dialog.\",\"url\":\"https:\/\/gaudiumetspes-blog.pl\/index.php\/author\/ks-jacek\/\"}]}<\/script>\n<!-- \/ Yoast SEO plugin. -->","yoast_head_json":{"title":"Mi\u0142o\u015b\u0107 apostolska - Gaudium Et Spes","robots":{"index":"index","follow":"follow","max-snippet":"max-snippet:-1","max-image-preview":"max-image-preview:large","max-video-preview":"max-video-preview:-1"},"canonical":"https:\/\/gaudiumetspes-blog.pl\/index.php\/2016\/01\/26\/miosc-apostolska\/","og_locale":"pl_PL","og_type":"article","og_title":"Mi\u0142o\u015b\u0107 apostolska - Gaudium Et Spes","og_description":"Szcz\u0119\u015b\u0107 Bo\u017ce! Moi Drodzy, w dniu dzisiejszym urodziny obchodzi Lidka \u015awider, z jednej z moich Wsp\u00f3lnot m\u0142odzie\u017cowych, istniej\u0105cych w swoim czasie. \u017bycz\u0119 Jubilatce Bo\u017cych natchnie\u0144 i mocy na ka\u017cdy dzie\u0144. I o to b\u0119d\u0119 si\u0119 modli\u0142. &nbsp; &nbsp; &nbsp; Moi Drodzy, du\u017co w tych dniach m\u00f3wili\u015bmy o jedno\u015bci &#8211; jedno\u015bci chrze\u015bcijan, jedno\u015bci pomi\u0119dzy lud\u017ami. M\u00f3dlmy [&hellip;]","og_url":"https:\/\/gaudiumetspes-blog.pl\/index.php\/2016\/01\/26\/miosc-apostolska\/","og_site_name":"Gaudium Et Spes","article_published_time":"2016-01-26T04:04:00+00:00","article_modified_time":"2019-07-31T10:56:02+00:00","author":"Ks. Jacek","twitter_card":"summary_large_image","twitter_misc":{"Napisane przez":"Ks. Jacek","Szacowany czas czytania":"9 minut"},"schema":{"@context":"https:\/\/schema.org","@graph":[{"@type":"WebPage","@id":"https:\/\/gaudiumetspes-blog.pl\/index.php\/2016\/01\/26\/miosc-apostolska\/","url":"https:\/\/gaudiumetspes-blog.pl\/index.php\/2016\/01\/26\/miosc-apostolska\/","name":"Mi\u0142o\u015b\u0107 apostolska - Gaudium Et Spes","isPartOf":{"@id":"https:\/\/gaudiumetspes-blog.pl\/#website"},"datePublished":"2016-01-26T04:04:00+00:00","dateModified":"2019-07-31T10:56:02+00:00","author":{"@id":"https:\/\/gaudiumetspes-blog.pl\/#\/schema\/person\/1661982992b752dea8dff0d4ed845a65"},"breadcrumb":{"@id":"https:\/\/gaudiumetspes-blog.pl\/index.php\/2016\/01\/26\/miosc-apostolska\/#breadcrumb"},"inLanguage":"pl-PL","potentialAction":[{"@type":"ReadAction","target":["https:\/\/gaudiumetspes-blog.pl\/index.php\/2016\/01\/26\/miosc-apostolska\/"]}]},{"@type":"BreadcrumbList","@id":"https:\/\/gaudiumetspes-blog.pl\/index.php\/2016\/01\/26\/miosc-apostolska\/#breadcrumb","itemListElement":[{"@type":"ListItem","position":1,"name":"Strona g\u0142\u00f3wna","item":"https:\/\/gaudiumetspes-blog.pl\/"},{"@type":"ListItem","position":2,"name":"Mi\u0142o\u015b\u0107 apostolska"}]},{"@type":"WebSite","@id":"https:\/\/gaudiumetspes-blog.pl\/#website","url":"https:\/\/gaudiumetspes-blog.pl\/","name":"Gaudium Et Spes","description":"Blog Ks. Jacka Ja\u015bkowskiego","potentialAction":[{"@type":"SearchAction","target":{"@type":"EntryPoint","urlTemplate":"https:\/\/gaudiumetspes-blog.pl\/?s={search_term_string}"},"query-input":{"@type":"PropertyValueSpecification","valueRequired":true,"valueName":"search_term_string"}}],"inLanguage":"pl-PL"},{"@type":"Person","@id":"https:\/\/gaudiumetspes-blog.pl\/#\/schema\/person\/1661982992b752dea8dff0d4ed845a65","name":"Ks. Jacek","image":{"@type":"ImageObject","inLanguage":"pl-PL","@id":"https:\/\/gaudiumetspes-blog.pl\/#\/schema\/person\/image\/","url":"https:\/\/gaudiumetspes-blog.pl\/wp-content\/uploads\/2019\/07\/avatar-JJ-150x150.jpg","contentUrl":"https:\/\/gaudiumetspes-blog.pl\/wp-content\/uploads\/2019\/07\/avatar-JJ-150x150.jpg","caption":"Ks. Jacek"},"description":"Witam serdecznie! K\u0142ania si\u0119 Ks. Jacek Ja\u015bkowski. Nie jestem ani kim\u015b wa\u017cnym, ani kim\u015b znanym. Jestem ksi\u0119dzem, kt\u00f3ry po prostu chce rozmawia\u0107. Codzienna kap\u0142a\u0144ska pos\u0142uga pokazuje mi, \u017ce temat\u00f3w do rozm\u00f3w z ksi\u0119dzem jest coraz wi\u0119cej i dzisiaj \u017caden ksi\u0105dz nie mo\u017ce od nich ucieka\u0107, ale - wprost przeciwnie - podejmowa\u0107 nowe wyzwania. To przekonanie sk\u0142oni\u0142o mnie do pr\u00f3by otwarcia tego\u017c bloga, chocia\u017c okazji do rozm\u00f3w na co dzie\u0144 - w konfesjonale i poza nim - na szcz\u0119\u015bcie nie brakuje. My\u015bl\u0119 jednak, \u017ce ten blog b\u0119dzie jeszcze jednym sposobem i przestrzeni\u0105 nawi\u0105zania kontaktu z lud\u017ami dobrej woli, otwartymi na dialog.","url":"https:\/\/gaudiumetspes-blog.pl\/index.php\/author\/ks-jacek\/"}]}},"jetpack_featured_media_url":"","jetpack_sharing_enabled":true,"_links":{"self":[{"href":"https:\/\/gaudiumetspes-blog.pl\/index.php\/wp-json\/wp\/v2\/posts\/8137","targetHints":{"allow":["GET"]}}],"collection":[{"href":"https:\/\/gaudiumetspes-blog.pl\/index.php\/wp-json\/wp\/v2\/posts"}],"about":[{"href":"https:\/\/gaudiumetspes-blog.pl\/index.php\/wp-json\/wp\/v2\/types\/post"}],"author":[{"embeddable":true,"href":"https:\/\/gaudiumetspes-blog.pl\/index.php\/wp-json\/wp\/v2\/users\/1"}],"replies":[{"embeddable":true,"href":"https:\/\/gaudiumetspes-blog.pl\/index.php\/wp-json\/wp\/v2\/comments?post=8137"}],"version-history":[{"count":1,"href":"https:\/\/gaudiumetspes-blog.pl\/index.php\/wp-json\/wp\/v2\/posts\/8137\/revisions"}],"predecessor-version":[{"id":12463,"href":"https:\/\/gaudiumetspes-blog.pl\/index.php\/wp-json\/wp\/v2\/posts\/8137\/revisions\/12463"}],"wp:attachment":[{"href":"https:\/\/gaudiumetspes-blog.pl\/index.php\/wp-json\/wp\/v2\/media?parent=8137"}],"wp:term":[{"taxonomy":"category","embeddable":true,"href":"https:\/\/gaudiumetspes-blog.pl\/index.php\/wp-json\/wp\/v2\/categories?post=8137"},{"taxonomy":"post_tag","embeddable":true,"href":"https:\/\/gaudiumetspes-blog.pl\/index.php\/wp-json\/wp\/v2\/tags?post=8137"}],"curies":[{"name":"wp","href":"https:\/\/api.w.org\/{rel}","templated":true}]}}