{"id":8143,"date":"2016-01-20T06:56:00","date_gmt":"2016-01-20T05:56:00","guid":{"rendered":"https:\/\/gaudiumetspes-blog.pl\/index.php\/2016\/01\/20\/swiat-boga-swiat-czowieka\/"},"modified":"2019-07-31T12:56:00","modified_gmt":"2019-07-31T10:56:00","slug":"swiat-boga-swiat-czowieka","status":"publish","type":"post","link":"https:\/\/gaudiumetspes-blog.pl\/index.php\/2016\/01\/20\/swiat-boga-swiat-czowieka\/","title":{"rendered":"\u015awiat Boga &#8211; \u015bwiat cz\u0142owieka&#8230;"},"content":{"rendered":"<div align=\"justify\" style=\"line-height: 150%; margin-bottom: 0cm;\">\nSzcz\u0119\u015b\u0107 Bo\u017ce! Moi Drodzy, w dniu dzisiejszym<b> imieniny obchodzi Sebastian Karczewski, m\u00f3j znajomy Redaktor &#8222;Naszego Dziennika&#8221;. Z tej okazji dzi\u0119kuj\u0119 Solenizantowi za Jego nieugi\u0119t\u0105 postaw\u0119, gdy idzie o g\u0142oszenie prawdy i obron\u0119 ludzi pokrzywdzonych przez niesprawiedliwe dzia\u0142ania ludzi przebieg\u0142ych i fa\u0142szywych (przypominam chocia\u017cby \u015bwietn\u0105 ksi\u0105\u017ck\u0119 Pana Redaktora &#8222;Zamach na Arcybiskupa&#8221; i wiele innych) &#8211; i \u017cycz\u0119, aby zawsze z tak wielkim przekonaniem, z tak mocn\u0105 odwag\u0105 i z tak\u0105 jasno\u015bci\u0105 przekazu podejmowa\u0142 konsekwentnie swoj\u0105 dzia\u0142alno\u015b\u0107, a \u0142aska Bo\u017ca niech Mu w tym towarzyszy! I oczywi\u015bcie w \u017cyciu osobistym tak\u017ce! O to b\u0119d\u0119 si\u0119 modli\u0142.<\/b><\/div>\n<div align=\"justify\" style=\"line-height: 150%; margin-bottom: 0cm;\">\n<b>&nbsp; &nbsp; &nbsp; &nbsp; Modlitw\u0105 ogarniam tak\u017ce Sebastiana Kucharskiego, za moich czas\u00f3w &#8211; Lektora w Celestynowie, kt\u00f3remu \u017cycz\u0119, aby w swoim \u017cyciu zrealizowa\u0142 w stu procentach Bo\u017c\u0105 wol\u0119 wzgl\u0119dem siebie.&nbsp;<\/b><\/div>\n<div align=\"justify\" style=\"line-height: 150%; margin-bottom: 0cm;\">\n<b>&nbsp; &nbsp; &nbsp; &nbsp; O wszelkie dobro modl\u0119 si\u0119 tak\u017ce dla Dariusza Majka w dniu urodzin, dzi\u0119kuj\u0105c Mu za obecno\u015b\u0107 i aktywno\u015b\u0107 na naszym blogu i \u017cycz\u0105c Bo\u017cego b\u0142ogos\u0142awie\u0144stwa w \u017cyciu rodzinnym, w pracy i we wszelkiej Jego dobrej dzia\u0142alno\u015bci.<\/b><\/div>\n<div align=\"justify\" style=\"line-height: 150%; margin-bottom: 0cm;\">\n&nbsp; &nbsp; &nbsp; &nbsp;A na naszym polskim &#8211; a w\u0142a\u015bciwie europejskim &#8211; podw\u00f3rku mieli\u015bmy wczoraj debat\u0119 w Parlamencie Europejskim. Chc\u0119 podkre\u015bli\u0107 z ca\u0142\u0105 moc\u0105, \u017ce jestem ogromnie dumny z naszej Pani Premier i niezwykle wdzi\u0119czny za za podj\u0119t\u0105 przez ni\u0105 obron\u0119 Polski i naszej narodowej dumy i wolno\u015bci. Przyznaj\u0119, \u017ce by\u0142em pozytywnie zaskoczony tak\u017ce ow\u0105 znacz\u0105c\u0105 liczb\u0105 wypowiedzi bardzo krytycznych wobec ca\u0142ego tego unijnego ba\u0142aganu, o kt\u00f3rym sam niedawno pisa\u0142em. Mo\u017cna zatem powiedzie\u0107, \u017ce dokona\u0142o si\u0119 wczoraj co\u015b naprawd\u0119 dobrego. To z ca\u0142\u0105 pewno\u015bci\u0105 owoc naszych modlitw &#8211; przede wszystkim! Bogu niech b\u0119d\u0105 dzi\u0119ki! Musimy si\u0119 modli\u0107 nadal&#8230;<\/div>\n<div align=\"justify\" style=\"line-height: 150%; margin-bottom: 0cm;\">\n&nbsp; &nbsp; &nbsp; &nbsp; &nbsp; &nbsp; &nbsp; &nbsp; &nbsp; &nbsp; &nbsp; &nbsp; &nbsp; &nbsp; &nbsp; &nbsp; &nbsp; Gaudium et spes! &nbsp;Ks. Jacek<\/div>\n<div align=\"justify\" style=\"line-height: 150%; margin-bottom: 0cm;\">\n<b><br \/><\/b><\/div>\n<div align=\"justify\" style=\"line-height: 150%; margin-bottom: 0cm;\">\n<b>\u015aroda<br \/>\n2 Tygodnia zwyk\u0142ego, rok II,<\/b><\/div>\n<div align=\"justify\" style=\"line-height: 150%; margin-bottom: 0cm;\">\n<b>do<br \/>\nczyta\u0144:  1 Sm 17,32\u201333.37.40\u201351;  Mk 3,1\u20136<\/b><\/div>\n<div align=\"justify\" style=\"line-height: 150%; margin-bottom: 0cm;\">\n<\/div>\n<div align=\"justify\" style=\"line-height: 150%; margin-bottom: 0cm; page-break-before: auto;\">\n<b>CZYTANIE<br \/>\nZ PIERWSZEJ KSI\u0118GI SAMUELA: <\/b>\n<\/div>\n<div align=\"justify\" style=\"line-height: 150%; margin-bottom: 0cm; text-indent: 1.24cm;\">\n<b>Dawid<br \/>\nrzek\u0142 do Saula: \u201eNiech pan m\u00f3j si\u0119 nie trapi. Tw\u00f3j s\u0142uga<br \/>\np\u00f3jdzie stoczy\u0107 walk\u0119 z tym Filistynem\u201d. Saul odpowiedzia\u0142<br \/>\nDawidowi: \u201eTo niemo\u017cliwe, by\u015b stawi\u0142 czo\u0142o temu Filistynowi i<br \/>\nwalczy\u0142 z nim. Ty jeste\u015b jeszcze ch\u0142opcem, a on wojownikiem od<br \/>\nm\u0142odo\u015bci\u201d. <\/b>\n<\/div>\n<div align=\"justify\" style=\"line-height: 150%; margin-bottom: 0cm; text-indent: 1.24cm;\">\n<b>Powiedzia\u0142<br \/>\nDawid: \u201ePan, kt\u00f3ry wyrwa\u0142 mnie z \u0142ap lw\u00f3w i nied\u017awiedzi, ocali<br \/>\nmnie r\u00f3wnie\u017c z r\u0119ki tego Filistyna\u201d. Rzek\u0142 wi\u0119c Saul do<br \/>\nDawida: \u201eId\u017a, niech Pan b\u0119dzie z tob\u0105\u201d. <\/b>\n<\/div>\n<div align=\"justify\" style=\"line-height: 150%; margin-bottom: 0cm; text-indent: 1.24cm;\">\n<b>Wzi\u0105\u0142<br \/>\nw r\u0119k\u0119 sw\u00f3j kij, wybra\u0142 sobie pi\u0119\u0107 g\u0142adkich kamieni ze<br \/>\nstrumienia, w\u0142o\u017cy\u0142 je do torby pasterskiej, kt\u00f3r\u0105 mia\u0142 zamiast<br \/>\nkieszeni, i z proc\u0105 w r\u0119ce skierowa\u0142 si\u0119 ku Filistynowi. <\/b>\n<\/div>\n<div align=\"justify\" style=\"line-height: 150%; margin-bottom: 0cm; text-indent: 1.24cm;\">\n<b>Filistyn<br \/>\nprzybli\u017ca\u0142 si\u0119 coraz bardziej do Dawida, a giermek jego szed\u0142<br \/>\nprzed nim. Gdy Filistyn spostrzeg\u0142 Dawida i mu si\u0119 przyjrza\u0142,<br \/>\nwzgardzi\u0142 nim dlatego, \u017ce by\u0142 m\u0142odzie\u0144cem, i to rudym, o pi\u0119knym<br \/>\nwygl\u0105dzie. I rzek\u0142 Filistyn do Dawida: \u201eCzy\u017c jestem psem, \u017ce<br \/>\nprzychodzisz do mnie z kijem?\u201d Z\u0142orzeczy Filistyn Dawidowi przez<br \/>\nswoich bog\u00f3w. Filistyn zawo\u0142a\u0142 do Dawida: \u201eZbli\u017c si\u0119 tylko do<br \/>\nmnie, a cia\u0142o twoje oddam ptakom powietrznym i dzikim zwierz\u0119tom\u201d.<br \/>\n<\/b>\n<\/div>\n<div align=\"justify\" style=\"line-height: 150%; margin-bottom: 0cm; text-indent: 1.24cm;\">\n<b>Dawid<br \/>\nodrzek\u0142 Filistynowi: \u201eTy idziesz na mnie z mieczem, dzid\u0105 i<br \/>\noszczepem, ja za\u015b id\u0119 na ciebie w imi\u0119 Pana Zast\u0119p\u00f3w, Boga wojsk<br \/>\nizraelskich, kt\u00f3rym ur\u0105ga\u0142e\u015b. Dzi\u015b w\u0142a\u015bnie odda ci\u0119 Pan w<br \/>\nmoj\u0105 r\u0119k\u0119, pokonam ci\u0119 i utn\u0119 ci g\u0142ow\u0119. Dzi\u015b oddam trupy<br \/>\nwojsk filisty\u0144skich na \u017cer ptactwu powietrznemu i dzikim<br \/>\nzwierz\u0119tom; niech si\u0119 przekona ca\u0142y \u015bwiat, \u017ce B\u00f3g jest z<br \/>\nIzraelitami. Niech wiedz\u0105 wszyscy zebrani, \u017ce nie mieczem ani<br \/>\noszczepem Pan ocala. Poniewa\u017c jest to wojna Pana, On wi\u0119c odda was<br \/>\nw nasze r\u0119ce\u201d. <\/b>\n<\/div>\n<div align=\"justify\" style=\"line-height: 150%; margin-bottom: 0cm; text-indent: 1.24cm;\">\n<b>I<br \/>\noto gdy wsta\u0142 Filistyn i zbli\u017ca\u0142 si\u0119 coraz bardziej ku Dawidowi,<br \/>\nten r\u00f3wnie\u017c pobieg\u0142 szybko na pole walki naprzeciw Filistyna. <\/b>\n<\/div>\n<div align=\"justify\" style=\"line-height: 150%; margin-bottom: 0cm; text-indent: 1.24cm;\">\n<b>Si\u0119gn\u0105\u0142<br \/>\ndo torby pasterskiej i wyj\u0105wszy z niej kamie\u0144, wypu\u015bci\u0142 go z<br \/>\nprocy, trafiaj\u0105c Filistyna w czo\u0142o, tak \u017ce kamie\u0144 utkwi\u0142 w czole<br \/>\ni Filistyn upad\u0142 twarz\u0105 na ziemi\u0119. <\/b>\n<\/div>\n<div align=\"justify\" style=\"line-height: 150%; margin-bottom: 0cm; text-indent: 1.24cm;\">\n<b>Tak<br \/>\nto Dawid odni\u00f3s\u0142 zwyci\u0119stwo nad Filistynem: kamieniem z procy<br \/>\ntrafi\u0142 Filistyna i zabi\u0142 go, chocia\u017c nie u\u017cy\u0142 miecza. <\/b>\n<\/div>\n<div align=\"justify\" style=\"line-height: 150%; margin-bottom: 0cm; text-indent: 1.24cm;\">\n<b>Dawid<br \/>\npodbieg\u0142 i stan\u0105\u0142 nad Filistynem; chwyci\u0142 jego miecz, a dobywszy<br \/>\nz pochwy, dobi\u0142 go i odci\u0105\u0142 mu g\u0142ow\u0119. Gdy spostrzegli Filistyni,<br \/>\n\u017ce ich wojownik zgin\u0105\u0142, rzucili si\u0119 do ucieczki.<\/b><\/div>\n<div align=\"justify\" style=\"line-height: 150%; margin-bottom: 0cm;\">\n<\/div>\n<div align=\"justify\" style=\"line-height: 150%; margin-bottom: 0cm;\">\n<b>S\u0141OWA<br \/>\nEWANGELII WED\u0141UG \u015aWI\u0118TEGO MARKA: <\/b>\n<\/div>\n<div align=\"justify\" style=\"line-height: 150%; margin-bottom: 0cm; text-indent: 1.24cm;\">\n<b>W<br \/>\ndzie\u0144 szabatu Jezus wszed\u0142 do synagogi. By\u0142 tam cz\u0142owiek, kt\u00f3ry<br \/>\nmia\u0142 usch\u0142\u0105 r\u0119k\u0119. A \u015bledzili Go, czy uzdrowi go w szabat, \u017ceby<br \/>\nGo oskar\u017cy\u0107. <\/b>\n<\/div>\n<div align=\"justify\" style=\"line-height: 150%; margin-bottom: 0cm; text-indent: 1.24cm;\">\n<b>On<br \/>\nza\u015b rzek\u0142 do cz\u0142owieka, kt\u00f3ry mia\u0142 usch\u0142\u0105 r\u0119k\u0119: \u201eSta\u0144 tu<br \/>\nna \u015brodku\u201d. A do nich powiedzia\u0142: \u201eCo wolno w szabat: uczyni\u0107<br \/>\nco\u015b dobrego, czy co\u015b z\u0142ego? \u017bycie ocali\u0107 czy zabi\u0107?\u201d Lecz oni<br \/>\nmilczeli. Wtedy spojrzawszy wko\u0142o po wszystkich z gniewem, zasmucony<br \/>\nz powodu zatwardzia\u0142o\u015bci ich serca, rzek\u0142 do cz\u0142owieka:<br \/>\n\u201eWyci\u0105gnij r\u0119k\u0119\u201d. Wyci\u0105gn\u0105\u0142 i r\u0119ka jego sta\u0142a si\u0119 zn\u00f3w<br \/>\nzdrowa. <\/b>\n<\/div>\n<div align=\"justify\" style=\"line-height: 150%; margin-bottom: 0cm; text-indent: 1.24cm;\">\n<b>A<br \/>\nfaryzeusze wyszli i ze zwolennikami Heroda zaraz odbyli narad\u0119<br \/>\nprzeciwko Niemu, w jaki spos\u00f3b Go zg\u0142adzi\u0107.<\/b><\/div>\n<div align=\"justify\" style=\"line-height: 150%; margin-bottom: 0cm;\">\n<\/div>\n<div align=\"justify\" style=\"line-height: 150%; margin-bottom: 0cm; page-break-before: auto; text-indent: 1.24cm;\">\nPropozycja,<br \/>\nz jak\u0105 wyszed\u0142 dzi\u015b m\u0142ody Dawid, na pierwszy rzut oka <b>zakrawa\u0142a<br \/>\nwr\u0119cz na absurd!<\/b> Oto ca\u0142e wojsko izraelskie stoi przera\u017cone<br \/>\nwobec ogromnego Filistyna, kt\u00f3ry ju\u017c <b>samym swoim wygl\u0105dem<\/b><br \/>\nodbiera ostatnie odrobiny odwagi i jak\u0105kolwiek ch\u0119\u0107 walki \u2013 o<br \/>\njego sile nawet nie wspominaj\u0105c \u2013 a tymczasem m\u0142ody pasterz,<br \/>\ndopiero co odci\u0105gni\u0119ty od owiec, m\u00f3wi: <i><b>Niech<br \/>\npan m\u00f3j si\u0119 nie trapi. Tw\u00f3j s\u0142uga p\u00f3jdzie stoczy\u0107 walk\u0119 z tym<br \/>\nFilistynem.<\/b><\/i><b><br \/>\n<\/b>A<br \/>\nkiedy spotka\u0142o si\u0119 to ze zrozumia\u0142em niedowierzaniem kr\u00f3la i<br \/>\nca\u0142ej<br \/>\njego \u015bwity, Dawid wyja\u015bni\u0142: <i><b>Pan,<br \/>\nkt\u00f3ry wyrwa\u0142 mnie z \u0142ap lw\u00f3w i nied\u017awiedzi, ocali mnie r\u00f3wnie\u017c<br \/>\nz r\u0119ki tego Filistyna<\/b><\/i><b>.<br \/>\n<\/b>\n<\/div>\n<div align=\"justify\" style=\"line-height: 150%; margin-bottom: 0cm; text-indent: 1.24cm;\">\nDawid<b><br \/>\nod pocz\u0105tku <\/b><b>wiedzia\u0142,<\/b><br \/>\njak ten problem rozwi\u0105\u017ce i wychodz\u0105c ze swoj\u0105 propozycj\u0105, <b>od<br \/>\nrazu nastawia\u0142 si\u0119<\/b><br \/>\nna pomoc Bo\u017c\u0105, okazuj\u0105c Bogu totalne zaufanie w tej kwestii. Saul<br \/>\njednak \u2013 podobnie, jak ca\u0142e jego otoczenie \u2013 nic z tego nie m\u00f3g\u0142<br \/>\nzrozumie\u0107. Dlatego \u2013 chocia\u017c o tym nie s\u0142yszymy, bo ten fragment<br \/>\nnie zosta\u0142 tu przytoczony \u2013 <b>pr\u00f3bowa\u0142<br \/>\nna\u0142o\u017cy\u0107 na Dawida swoj\u0105 zbroj\u0119<\/b><br \/>\ni da\u0107 mu sw\u00f3j miecz, jednak ten zrezygnowa\u0142 z ca\u0142ego owego<br \/>\noprzyrz\u0105dowania, a uzbroi\u0142 si\u0119 jedynie w taki oto spos\u00f3b: <i><b>Wzi\u0105\u0142<br \/>\nw r\u0119k\u0119 sw\u00f3j kij, wybra\u0142 sobie pi\u0119\u0107 g\u0142adkich kamieni ze<br \/>\nstrumienia, w\u0142o\u017cy\u0142 je do torby pasterskiej, kt\u00f3r\u0105 mia\u0142 zamiast<br \/>\nkieszeni, i z proc\u0105 w r\u0119ce skierowa\u0142 si\u0119 ku Filistynowi.<\/b><\/i><b><br \/>\n<\/b>\n<\/div>\n<div align=\"justify\" style=\"line-height: 150%; margin-bottom: 0cm; text-indent: 1.24cm;\">\nI<br \/>\n\u2013 jak s\u0142yszymy \u2013 <b>zwyci\u0119\u017cy\u0142!<br \/>\nZwyci\u0119\u017cy\u0142 totalnie, ostatecznie, bezapelacyjnie!<\/b><br \/>\nNie maj\u0105c na sobie zbroi, nie maj\u0105c praktycznie \u017cadnego wojennego<br \/>\ndo\u015bwiadczenia, nie znaj\u0105c \u017cadnej wojennej taktyki \u2013 <b>wygra\u0142<br \/>\nz cz\u0142owiekiem, kt\u00f3ry unieruchomi\u0142 w strachu ca\u0142\u0105 armi\u0119<br \/>\nizraelsk\u0105!<\/b><br \/>\nA dlaczego tak si\u0119 sta\u0142o? Co sprawi\u0142o, \u017ce m\u00f3g\u0142 tego dokona\u0107?\n<\/div>\n<div align=\"justify\" style=\"line-height: 150%; margin-bottom: 0cm; text-indent: 1.24cm;\">\n<b>Zaufanie<br \/>\ndo Boga! <\/b>Ca\u0142kowite<br \/>\npoleganie jedynie na Bogu, nie na w\u0142asnych si\u0142ach! Dokonuj\u0105c<br \/>\nswego niezwyk\u0142ego czynu, Dawid pokaza\u0142 nam wszystkim, \u017ce <b>z<br \/>\nBo\u017c\u0105 pomoc\u0105 i w atmosferze ca\u0142kowitego zaufania Bogu cz\u0142owiek<br \/>\nmo\u017ce dokona\u0107 rzeczy zaprawd\u0119 niezwyk\u0142ych! <\/b>Cz\u0142owiek<br \/>\nwr\u0119cz <b>sam<br \/>\nsobie nie u\u015bwiadamia, jak wiele mo\u017ce zdzia\u0142a\u0107,<\/b><br \/>\njak wiele wypracowa\u0107, jak wiele osi\u0105gn\u0105\u0107 i jak wiele zwyci\u0119\u017cy\u0107<br \/>\n\u2013 je\u017celi po\u0142\u0105czy swoje ludzkie zabiegi, swoje zaanga\u017cowanie,<br \/>\nswoje zapracowanie i swoj\u0105 aktywno\u015b\u0107 <b>ze<br \/>\nszczer\u0105 modlitw\u0105 i intensywnym \u017cyciem sakramentalnym;<\/b><br \/>\nje\u017celi Bogu odda si\u0119 do dyspozycji; je\u017celi wesprze swoje wysi\u0142ki<br \/>\n\u0142ask\u0105 Bo\u017c\u0105!\n<\/div>\n<div align=\"justify\" style=\"line-height: 150%; margin-bottom: 0cm; text-indent: 1.24cm;\">\nCz\u0142owiek<br \/>\nnieraz sam zadziwi si\u0119 i zdumieje, <b>jak<br \/>\nwiele dobrego m<\/b><b>o\u017ce<\/b><b><br \/>\nzrobi\u0107 w czasie bardzo kr\u00f3tkim<\/b><br \/>\ni jak du\u017co osi\u0105ga, o ile tylko po\u0142\u0105czy swoj\u0105 prac\u0119 z modlitw\u0105,<br \/>\ni <b>wszystko<br \/>\nb\u0119dzie czyni\u0142 z Bogiem i dla Boga!<\/b><\/p>\n<\/div>\n<div align=\"justify\" style=\"line-height: 150%; margin-bottom: 0cm; text-indent: 1.24cm;\">\nTo<br \/>\nst\u0105d w\u0142a\u015bnie wyp\u0142ywa postulat \u0142\u0105czenia naszej codziennej<br \/>\naktywno\u015bci z modlitw\u0105, ze Msz\u0105 \u015awi\u0119t\u0105, z systematyczn\u0105<br \/>\nSpowiedzi\u0105, z Komuni\u0105 \u015awi\u0119t\u0105. Cz\u0142owiek natomiast <b>nieraz<br \/>\ntego czasu \u017ca\u0142uje,<\/b><br \/>\nbo oto ma tyle do zrobienia, tyle spraw do za\u0142atwienia, tyle<br \/>\nproblem\u00f3w do rozwi\u0105zania. <b>A<br \/>\ntu mu kto\u015b jeszcze przypomina o pacierzu, kto\u015b mu ka\u017ce i\u015b\u0107 do<br \/>\nSpowiedzi, na Msz\u0119 \u015awi\u0119t\u0105\u2026<\/b><br \/>\nA kiedy on wykona wszystkie swoje prace, kiedy swoje sprawy<br \/>\nporozwi\u0105zuje, kiedy si\u0119 do egzaminu nauczy?\u2026<\/div>\n<div align=\"justify\" style=\"line-height: 150%; margin-bottom: 0cm; text-indent: 1.24cm;\">\nCzy<br \/>\njednak nie jest tak, Kochani, i czy tego nie do\u015bwiadczyli\u015bmy nigdy,<br \/>\n\u017ce <b>kiedy<br \/>\npo\u015bwi\u0119ci si\u0119 jaki\u015b czas na modlitw\u0119<\/b><br \/>\n\u2013 kiedy ten czas ma si\u0119 stale, codziennie \u2013 i kiedy si\u0119<br \/>\nutrzymuje sta\u0142y kontakt z Bogiem, to i <b>robota<br \/>\nlepiej idzie, i cz\u0142owiek nie traci g\u0142owy<\/b><br \/>\nw obliczu tego ca\u0142ego nadmiaru obowi\u0105zk\u00f3w, i nauka idzie<br \/>\nsprawniej,<br \/>\nbo umys\u0142 jakby \u015bwie\u017cszy\u2026\n<\/div>\n<div align=\"justify\" style=\"line-height: 150%; margin-bottom: 0cm; text-indent: 1.24cm;\">\nTak,<br \/>\nmoi Drodzy, to jest prawd\u0105 nie od dzi\u015b stwierdzon\u0105 i przez wielu<br \/>\npotwierdzon\u0105, \u017ce <b>B\u00f3g<br \/>\nnaprawd\u0119 \u201eoddaje\u201d cz\u0142owiekowi ten czas, kt\u00f3ry cz\u0142owiek Jemu<br \/>\npo\u015bwi\u0119ci\u0142. <\/b>A<br \/>\nprzecie\u017c<br \/>\ntrzeba te\u017c jasno zaznaczy\u0107, \u017ce<br \/>\nczas po\u015bwi\u0119cony Bogu w rzeczywisto\u015bci <b>nie<br \/>\njest czasem po\u015bwi\u0119conym Jemu, ale nam samym!<\/b><br \/>\nBo to nie B\u00f3g zyskuje na naszym po\u015bwi\u0119ceniu. Jemu nie jest<br \/>\npotrzebny ani nasz czas, ani nasza modlitwa. <b>To<br \/>\nnam jest to wszystko potrzebne!<\/b><\/p>\n<\/div>\n<div align=\"justify\" style=\"line-height: 150%; margin-bottom: 0cm; text-indent: 1.24cm;\">\nBogu<br \/>\npotrzebna jest <b>tylko<br \/>\nnasza szczera mi\u0142o\u015b\u0107 i oddanie<\/b><br \/>\n\u2013 tego rzeczywi\u015bcie od nas oczekuje, tego pragnie i na to czeka.<br \/>\nNa<br \/>\ntakim oddaniu <b>najwi\u0119cej<br \/>\nza\u015b zyskuje cz\u0142owiek <\/b>\u2013<br \/>\nmoc\u0105 Bo\u017c\u0105 wsparty, mo\u017ce dokonywa\u0107 on rzeczy niezwyk\u0142ych.\n<\/div>\n<div align=\"justify\" style=\"line-height: 150%; margin-bottom: 0cm; text-indent: 1.24cm;\">\nA<br \/>\ndzieje si\u0119 tak dlatego, \u017ce wchodz\u0105c w bliskie relacje z Bogiem,<br \/>\nwchodzi te\u017c \u2013 jak by to niezwykle nie brzmia\u0142o \u2013 <b>w<br \/>\n\u015bwiat Boga: w zakres Bo\u017cych mo\u017cliwo\u015bci, w Bo\u017cy spos\u00f3b<br \/>\ndzia\u0142ania, w Bo\u017cy spos\u00f3b my\u015blenia\u2026<\/b><br \/>\nPr\u00f3bk\u0119 tego Bo\u017cego sposobu my\u015blenia i dzia\u0142ania mieli\u015bmy w<br \/>\ndzisiejszej Ewangelii: Jezus uzdrowi\u0142 cz\u0142owieka z usch\u0142\u0105 r\u0119k\u0105 \u2013<br \/>\ni to uzdrowi\u0142 w szabat. Pokaza\u0142<br \/>\nwi\u0119c <b>sw\u00f3j<br \/>\nspos\u00f3b dzia\u0142ania \u2013 i sw\u00f3j spos\u00f3b my\u015blenia.<\/b><br \/>\nZar\u00f3wno jedno, jak i drugie, nie mog\u0142o si\u0119 pomie\u015bci\u0107 w g\u0142owach<br \/>\nzapiek\u0142ych faryzeuszy. Ale \u2013 c\u00f3\u017c\u2026<\/div>\n<div align=\"justify\" style=\"line-height: 150%; margin-bottom: 0cm; text-indent: 1.24cm;\">\nMy<br \/>\nte\u017c musimy zdecydowa\u0107 si\u0119, kt\u00f3r\u0105 opcj\u0119 w swoim \u017cyciu<br \/>\nwybieramy: t\u0119, kt\u00f3r\u0105 prezentuje Jezus i Dawid, czy t\u0119, kt\u00f3rej<br \/>\nprzedstawicielami s\u0105 faryzeusze i wojsko izraelskie?\u2026 A zatem \u2013<br \/>\nczy pozostajemy<b><br \/>\nw swoim ma\u0142ym i ciasnym \u015bwiatku,<\/b><br \/>\nczy wchodzimy <b>w<br \/>\nniezmierzony \u015bwiat Boga?\u2026<\/b><\/div>\n","protected":false},"excerpt":{"rendered":"<p>Szcz\u0119\u015b\u0107 Bo\u017ce! Moi Drodzy, w dniu dzisiejszym imieniny obchodzi Sebastian Karczewski, m\u00f3j znajomy Redaktor &#8222;Naszego Dziennika&#8221;. Z tej okazji dzi\u0119kuj\u0119 Solenizantowi za Jego nieugi\u0119t\u0105 postaw\u0119, gdy idzie o g\u0142oszenie prawdy i obron\u0119 ludzi pokrzywdzonych przez niesprawiedliwe dzia\u0142ania ludzi przebieg\u0142ych i fa\u0142szywych (przypominam chocia\u017cby \u015bwietn\u0105 ksi\u0105\u017ck\u0119 Pana Redaktora &#8222;Zamach na Arcybiskupa&#8221; i wiele innych) &#8211; i [&hellip;]<\/p>\n","protected":false},"author":1,"featured_media":0,"comment_status":"open","ping_status":"open","sticky":false,"template":"","format":"standard","meta":{"jetpack_post_was_ever_published":false,"_jetpack_newsletter_access":"","_jetpack_dont_email_post_to_subs":false,"_jetpack_newsletter_tier_id":0,"_jetpack_memberships_contains_paywalled_content":false,"_jetpack_memberships_contains_paid_content":false,"footnotes":""},"categories":[1],"tags":[],"class_list":["post-8143","post","type-post","status-publish","format-standard","hentry","category-bez-kategorii"],"yoast_head":"<!-- This site is optimized with the Yoast SEO plugin v25.1 - https:\/\/yoast.com\/wordpress\/plugins\/seo\/ -->\n<title>\u015awiat Boga - \u015bwiat cz\u0142owieka... - Gaudium Et Spes<\/title>\n<meta name=\"robots\" content=\"index, follow, max-snippet:-1, max-image-preview:large, max-video-preview:-1\" \/>\n<link rel=\"canonical\" href=\"https:\/\/gaudiumetspes-blog.pl\/index.php\/2016\/01\/20\/swiat-boga-swiat-czowieka\/\" \/>\n<meta property=\"og:locale\" content=\"pl_PL\" \/>\n<meta property=\"og:type\" content=\"article\" \/>\n<meta property=\"og:title\" content=\"\u015awiat Boga - \u015bwiat cz\u0142owieka... - Gaudium Et Spes\" \/>\n<meta property=\"og:description\" content=\"Szcz\u0119\u015b\u0107 Bo\u017ce! Moi Drodzy, w dniu dzisiejszym imieniny obchodzi Sebastian Karczewski, m\u00f3j znajomy Redaktor &#8222;Naszego Dziennika&#8221;. Z tej okazji dzi\u0119kuj\u0119 Solenizantowi za Jego nieugi\u0119t\u0105 postaw\u0119, gdy idzie o g\u0142oszenie prawdy i obron\u0119 ludzi pokrzywdzonych przez niesprawiedliwe dzia\u0142ania ludzi przebieg\u0142ych i fa\u0142szywych (przypominam chocia\u017cby \u015bwietn\u0105 ksi\u0105\u017ck\u0119 Pana Redaktora &#8222;Zamach na Arcybiskupa&#8221; i wiele innych) &#8211; i [&hellip;]\" \/>\n<meta property=\"og:url\" content=\"https:\/\/gaudiumetspes-blog.pl\/index.php\/2016\/01\/20\/swiat-boga-swiat-czowieka\/\" \/>\n<meta property=\"og:site_name\" content=\"Gaudium Et Spes\" \/>\n<meta property=\"article:published_time\" content=\"2016-01-20T05:56:00+00:00\" \/>\n<meta property=\"article:modified_time\" content=\"2019-07-31T10:56:00+00:00\" \/>\n<meta name=\"author\" content=\"Ks. Jacek\" \/>\n<meta name=\"twitter:card\" content=\"summary_large_image\" \/>\n<meta name=\"twitter:label1\" content=\"Napisane przez\" \/>\n\t<meta name=\"twitter:data1\" content=\"Ks. Jacek\" \/>\n\t<meta name=\"twitter:label2\" content=\"Szacowany czas czytania\" \/>\n\t<meta name=\"twitter:data2\" content=\"9 minut\" \/>\n<script type=\"application\/ld+json\" class=\"yoast-schema-graph\">{\"@context\":\"https:\/\/schema.org\",\"@graph\":[{\"@type\":\"WebPage\",\"@id\":\"https:\/\/gaudiumetspes-blog.pl\/index.php\/2016\/01\/20\/swiat-boga-swiat-czowieka\/\",\"url\":\"https:\/\/gaudiumetspes-blog.pl\/index.php\/2016\/01\/20\/swiat-boga-swiat-czowieka\/\",\"name\":\"\u015awiat Boga - \u015bwiat cz\u0142owieka... - Gaudium Et Spes\",\"isPartOf\":{\"@id\":\"https:\/\/gaudiumetspes-blog.pl\/#website\"},\"datePublished\":\"2016-01-20T05:56:00+00:00\",\"dateModified\":\"2019-07-31T10:56:00+00:00\",\"author\":{\"@id\":\"https:\/\/gaudiumetspes-blog.pl\/#\/schema\/person\/1661982992b752dea8dff0d4ed845a65\"},\"breadcrumb\":{\"@id\":\"https:\/\/gaudiumetspes-blog.pl\/index.php\/2016\/01\/20\/swiat-boga-swiat-czowieka\/#breadcrumb\"},\"inLanguage\":\"pl-PL\",\"potentialAction\":[{\"@type\":\"ReadAction\",\"target\":[\"https:\/\/gaudiumetspes-blog.pl\/index.php\/2016\/01\/20\/swiat-boga-swiat-czowieka\/\"]}]},{\"@type\":\"BreadcrumbList\",\"@id\":\"https:\/\/gaudiumetspes-blog.pl\/index.php\/2016\/01\/20\/swiat-boga-swiat-czowieka\/#breadcrumb\",\"itemListElement\":[{\"@type\":\"ListItem\",\"position\":1,\"name\":\"Strona g\u0142\u00f3wna\",\"item\":\"https:\/\/gaudiumetspes-blog.pl\/\"},{\"@type\":\"ListItem\",\"position\":2,\"name\":\"\u015awiat Boga &#8211; \u015bwiat cz\u0142owieka&#8230;\"}]},{\"@type\":\"WebSite\",\"@id\":\"https:\/\/gaudiumetspes-blog.pl\/#website\",\"url\":\"https:\/\/gaudiumetspes-blog.pl\/\",\"name\":\"Gaudium Et Spes\",\"description\":\"Blog Ks. Jacka Ja\u015bkowskiego\",\"potentialAction\":[{\"@type\":\"SearchAction\",\"target\":{\"@type\":\"EntryPoint\",\"urlTemplate\":\"https:\/\/gaudiumetspes-blog.pl\/?s={search_term_string}\"},\"query-input\":{\"@type\":\"PropertyValueSpecification\",\"valueRequired\":true,\"valueName\":\"search_term_string\"}}],\"inLanguage\":\"pl-PL\"},{\"@type\":\"Person\",\"@id\":\"https:\/\/gaudiumetspes-blog.pl\/#\/schema\/person\/1661982992b752dea8dff0d4ed845a65\",\"name\":\"Ks. Jacek\",\"image\":{\"@type\":\"ImageObject\",\"inLanguage\":\"pl-PL\",\"@id\":\"https:\/\/gaudiumetspes-blog.pl\/#\/schema\/person\/image\/\",\"url\":\"https:\/\/gaudiumetspes-blog.pl\/wp-content\/uploads\/2019\/07\/avatar-JJ-150x150.jpg\",\"contentUrl\":\"https:\/\/gaudiumetspes-blog.pl\/wp-content\/uploads\/2019\/07\/avatar-JJ-150x150.jpg\",\"caption\":\"Ks. Jacek\"},\"description\":\"Witam serdecznie! K\u0142ania si\u0119 Ks. Jacek Ja\u015bkowski. Nie jestem ani kim\u015b wa\u017cnym, ani kim\u015b znanym. Jestem ksi\u0119dzem, kt\u00f3ry po prostu chce rozmawia\u0107. Codzienna kap\u0142a\u0144ska pos\u0142uga pokazuje mi, \u017ce temat\u00f3w do rozm\u00f3w z ksi\u0119dzem jest coraz wi\u0119cej i dzisiaj \u017caden ksi\u0105dz nie mo\u017ce od nich ucieka\u0107, ale - wprost przeciwnie - podejmowa\u0107 nowe wyzwania. To przekonanie sk\u0142oni\u0142o mnie do pr\u00f3by otwarcia tego\u017c bloga, chocia\u017c okazji do rozm\u00f3w na co dzie\u0144 - w konfesjonale i poza nim - na szcz\u0119\u015bcie nie brakuje. My\u015bl\u0119 jednak, \u017ce ten blog b\u0119dzie jeszcze jednym sposobem i przestrzeni\u0105 nawi\u0105zania kontaktu z lud\u017ami dobrej woli, otwartymi na dialog.\",\"url\":\"https:\/\/gaudiumetspes-blog.pl\/index.php\/author\/ks-jacek\/\"}]}<\/script>\n<!-- \/ Yoast SEO plugin. -->","yoast_head_json":{"title":"\u015awiat Boga - \u015bwiat cz\u0142owieka... - Gaudium Et Spes","robots":{"index":"index","follow":"follow","max-snippet":"max-snippet:-1","max-image-preview":"max-image-preview:large","max-video-preview":"max-video-preview:-1"},"canonical":"https:\/\/gaudiumetspes-blog.pl\/index.php\/2016\/01\/20\/swiat-boga-swiat-czowieka\/","og_locale":"pl_PL","og_type":"article","og_title":"\u015awiat Boga - \u015bwiat cz\u0142owieka... - Gaudium Et Spes","og_description":"Szcz\u0119\u015b\u0107 Bo\u017ce! Moi Drodzy, w dniu dzisiejszym imieniny obchodzi Sebastian Karczewski, m\u00f3j znajomy Redaktor &#8222;Naszego Dziennika&#8221;. Z tej okazji dzi\u0119kuj\u0119 Solenizantowi za Jego nieugi\u0119t\u0105 postaw\u0119, gdy idzie o g\u0142oszenie prawdy i obron\u0119 ludzi pokrzywdzonych przez niesprawiedliwe dzia\u0142ania ludzi przebieg\u0142ych i fa\u0142szywych (przypominam chocia\u017cby \u015bwietn\u0105 ksi\u0105\u017ck\u0119 Pana Redaktora &#8222;Zamach na Arcybiskupa&#8221; i wiele innych) &#8211; i [&hellip;]","og_url":"https:\/\/gaudiumetspes-blog.pl\/index.php\/2016\/01\/20\/swiat-boga-swiat-czowieka\/","og_site_name":"Gaudium Et Spes","article_published_time":"2016-01-20T05:56:00+00:00","article_modified_time":"2019-07-31T10:56:00+00:00","author":"Ks. Jacek","twitter_card":"summary_large_image","twitter_misc":{"Napisane przez":"Ks. Jacek","Szacowany czas czytania":"9 minut"},"schema":{"@context":"https:\/\/schema.org","@graph":[{"@type":"WebPage","@id":"https:\/\/gaudiumetspes-blog.pl\/index.php\/2016\/01\/20\/swiat-boga-swiat-czowieka\/","url":"https:\/\/gaudiumetspes-blog.pl\/index.php\/2016\/01\/20\/swiat-boga-swiat-czowieka\/","name":"\u015awiat Boga - \u015bwiat cz\u0142owieka... - Gaudium Et Spes","isPartOf":{"@id":"https:\/\/gaudiumetspes-blog.pl\/#website"},"datePublished":"2016-01-20T05:56:00+00:00","dateModified":"2019-07-31T10:56:00+00:00","author":{"@id":"https:\/\/gaudiumetspes-blog.pl\/#\/schema\/person\/1661982992b752dea8dff0d4ed845a65"},"breadcrumb":{"@id":"https:\/\/gaudiumetspes-blog.pl\/index.php\/2016\/01\/20\/swiat-boga-swiat-czowieka\/#breadcrumb"},"inLanguage":"pl-PL","potentialAction":[{"@type":"ReadAction","target":["https:\/\/gaudiumetspes-blog.pl\/index.php\/2016\/01\/20\/swiat-boga-swiat-czowieka\/"]}]},{"@type":"BreadcrumbList","@id":"https:\/\/gaudiumetspes-blog.pl\/index.php\/2016\/01\/20\/swiat-boga-swiat-czowieka\/#breadcrumb","itemListElement":[{"@type":"ListItem","position":1,"name":"Strona g\u0142\u00f3wna","item":"https:\/\/gaudiumetspes-blog.pl\/"},{"@type":"ListItem","position":2,"name":"\u015awiat Boga &#8211; \u015bwiat cz\u0142owieka&#8230;"}]},{"@type":"WebSite","@id":"https:\/\/gaudiumetspes-blog.pl\/#website","url":"https:\/\/gaudiumetspes-blog.pl\/","name":"Gaudium Et Spes","description":"Blog Ks. Jacka Ja\u015bkowskiego","potentialAction":[{"@type":"SearchAction","target":{"@type":"EntryPoint","urlTemplate":"https:\/\/gaudiumetspes-blog.pl\/?s={search_term_string}"},"query-input":{"@type":"PropertyValueSpecification","valueRequired":true,"valueName":"search_term_string"}}],"inLanguage":"pl-PL"},{"@type":"Person","@id":"https:\/\/gaudiumetspes-blog.pl\/#\/schema\/person\/1661982992b752dea8dff0d4ed845a65","name":"Ks. Jacek","image":{"@type":"ImageObject","inLanguage":"pl-PL","@id":"https:\/\/gaudiumetspes-blog.pl\/#\/schema\/person\/image\/","url":"https:\/\/gaudiumetspes-blog.pl\/wp-content\/uploads\/2019\/07\/avatar-JJ-150x150.jpg","contentUrl":"https:\/\/gaudiumetspes-blog.pl\/wp-content\/uploads\/2019\/07\/avatar-JJ-150x150.jpg","caption":"Ks. Jacek"},"description":"Witam serdecznie! K\u0142ania si\u0119 Ks. Jacek Ja\u015bkowski. Nie jestem ani kim\u015b wa\u017cnym, ani kim\u015b znanym. Jestem ksi\u0119dzem, kt\u00f3ry po prostu chce rozmawia\u0107. Codzienna kap\u0142a\u0144ska pos\u0142uga pokazuje mi, \u017ce temat\u00f3w do rozm\u00f3w z ksi\u0119dzem jest coraz wi\u0119cej i dzisiaj \u017caden ksi\u0105dz nie mo\u017ce od nich ucieka\u0107, ale - wprost przeciwnie - podejmowa\u0107 nowe wyzwania. To przekonanie sk\u0142oni\u0142o mnie do pr\u00f3by otwarcia tego\u017c bloga, chocia\u017c okazji do rozm\u00f3w na co dzie\u0144 - w konfesjonale i poza nim - na szcz\u0119\u015bcie nie brakuje. My\u015bl\u0119 jednak, \u017ce ten blog b\u0119dzie jeszcze jednym sposobem i przestrzeni\u0105 nawi\u0105zania kontaktu z lud\u017ami dobrej woli, otwartymi na dialog.","url":"https:\/\/gaudiumetspes-blog.pl\/index.php\/author\/ks-jacek\/"}]}},"jetpack_featured_media_url":"","jetpack_sharing_enabled":true,"_links":{"self":[{"href":"https:\/\/gaudiumetspes-blog.pl\/index.php\/wp-json\/wp\/v2\/posts\/8143","targetHints":{"allow":["GET"]}}],"collection":[{"href":"https:\/\/gaudiumetspes-blog.pl\/index.php\/wp-json\/wp\/v2\/posts"}],"about":[{"href":"https:\/\/gaudiumetspes-blog.pl\/index.php\/wp-json\/wp\/v2\/types\/post"}],"author":[{"embeddable":true,"href":"https:\/\/gaudiumetspes-blog.pl\/index.php\/wp-json\/wp\/v2\/users\/1"}],"replies":[{"embeddable":true,"href":"https:\/\/gaudiumetspes-blog.pl\/index.php\/wp-json\/wp\/v2\/comments?post=8143"}],"version-history":[{"count":1,"href":"https:\/\/gaudiumetspes-blog.pl\/index.php\/wp-json\/wp\/v2\/posts\/8143\/revisions"}],"predecessor-version":[{"id":12457,"href":"https:\/\/gaudiumetspes-blog.pl\/index.php\/wp-json\/wp\/v2\/posts\/8143\/revisions\/12457"}],"wp:attachment":[{"href":"https:\/\/gaudiumetspes-blog.pl\/index.php\/wp-json\/wp\/v2\/media?parent=8143"}],"wp:term":[{"taxonomy":"category","embeddable":true,"href":"https:\/\/gaudiumetspes-blog.pl\/index.php\/wp-json\/wp\/v2\/categories?post=8143"},{"taxonomy":"post_tag","embeddable":true,"href":"https:\/\/gaudiumetspes-blog.pl\/index.php\/wp-json\/wp\/v2\/tags?post=8143"}],"curies":[{"name":"wp","href":"https:\/\/api.w.org\/{rel}","templated":true}]}}