{"id":8163,"date":"2015-12-31T05:04:00","date_gmt":"2015-12-31T04:04:00","guid":{"rendered":"https:\/\/gaudiumetspes-blog.pl\/index.php\/2015\/12\/31\/i-bogiem-byo-sowo\/"},"modified":"2019-07-31T12:55:58","modified_gmt":"2019-07-31T10:55:58","slug":"i-bogiem-byo-sowo","status":"publish","type":"post","link":"https:\/\/gaudiumetspes-blog.pl\/index.php\/2015\/12\/31\/i-bogiem-byo-sowo\/","title":{"rendered":"I Bogiem by\u0142o S\u0142owo&#8230;"},"content":{"rendered":"<div align=\"justify\" style=\"line-height: 150%; margin-bottom: 0cm;\">\nSzcz\u0119\u015b\u0107 Bo\u017ce! Moi Drodzy, w dniu dzisiejszym<b> swoje imieniny obchodz\u0105: Ksi\u0105dz Sylwester Fr\u0105c, Proboszcz Parafii w Wojcieszkowie, gdzie przez pewien czas, w czasie studi\u00f3w, mieszka\u0142em i pomaga\u0142em duszpastersko; Ksi\u0105dz Sylwester Ga\u0142ach, w Parafii kt\u00f3rego prowadzi\u0142em kiedy\u015b Rekolekcje; Sylwester Biernacki z \u017belechowa, kt\u00f3ry wozi\u0142 nas swoim autokarem na wyjazdy do Szklarskiej Por\u0119by &#8211; i nie tylko. \u017bycz\u0119 Dostojnym Solenizantom wszelkich Bo\u017cych \u015bwiate\u0142 i pomocy w realizacji Jego woli w Ich \u017cyciu.&nbsp;<\/b><\/div>\n<div align=\"justify\" style=\"line-height: 150%; margin-bottom: 0cm;\">\n&nbsp; &nbsp; &nbsp; W dniu dzisiejszym, za od\u015bpiewanie hymnu &#8222;Ciebie Boga wys\u0142awiamy&#8221;, mo\u017cna uzyska\u0107 odpust zupe\u0142ny. Zach\u0119cam do tego! By\u0107 mo\u017ce, b\u0119dzie to \u0142atwiej osi\u0105gn\u0105\u0107, je\u015bli si\u0119 we\u017amie udzia\u0142 we Mszy \u015awi\u0119tej ko\u0144cz\u0105cej rok, kt\u00f3ra na pewno w ka\u017cdej naszej Parafii jest dzi\u015b odprawiana. Warto! I ze wzgl\u0119du na odpust, i ze wzgl\u0119du na potrzeb\u0119 podzi\u0119kowania Bogu za ten czas, kt\u00f3ry nam podarowa\u0142.<\/div>\n<div align=\"justify\" style=\"line-height: 150%; margin-bottom: 0cm;\">\n&nbsp; &nbsp; &nbsp; &nbsp;A jutro &#8211; rozpoczniemy nowy rok. Na naszym forum dokona si\u0119 to &#8222;na ch\u0142odno&#8221;&#8230; I nie tylko dlatego, \u017ce zapowiadane s\u0105 nieco ni\u017csze temperatury, ale dlatego,<b> <\/b>\u017ce nowy rok rozpocznie si\u0119 s\u0142\u00f3wkiem z Syberii!<\/div>\n<div align=\"justify\" style=\"line-height: 150%; margin-bottom: 0cm;\">\n&nbsp; &nbsp; &nbsp; &nbsp; &nbsp;\u017bycz\u0119 g\u0142\u0119bokiego prze\u017cycia dzisiejszego dnia!<\/div>\n<div align=\"justify\" style=\"line-height: 150%; margin-bottom: 0cm;\">\n&nbsp; &nbsp; &nbsp; &nbsp; &nbsp; &nbsp; &nbsp; &nbsp; &nbsp; &nbsp; &nbsp; &nbsp; &nbsp; &nbsp; &nbsp; &nbsp; &nbsp; &nbsp; &nbsp; Gaudium et spes! &nbsp;Ks. Jacek<\/div>\n<div align=\"justify\" style=\"line-height: 150%; margin-bottom: 0cm;\">\n<b><br \/><\/b><\/div>\n<div align=\"justify\" style=\"line-height: 150%; margin-bottom: 0cm;\">\n<b>7<br \/>\ndzie\u0144 w Oktawie Narodzenia Pa\u0144skiego,<\/b><\/div>\n<div align=\"justify\" style=\"line-height: 150%; margin-bottom: 0cm;\">\n<b>do<br \/>\nczyta\u0144:  1 J 2,18\u201321;  J 1,1\u201318<\/b><\/div>\n<div align=\"justify\" style=\"line-height: 150%; margin-bottom: 0cm;\">\n<\/p>\n<\/div>\n<div align=\"justify\" style=\"line-height: 150%; margin-bottom: 0cm; page-break-before: auto;\">\n<b>CZYTANIE<br \/>\nZ PIERWSZEGO LISTU \u015aWI\u0118TEGO<br \/>\nJANA APOSTO\u0141A:<\/b><\/div>\n<div align=\"justify\" style=\"line-height: 150%; margin-bottom: 0cm;\">\n<b>Dzieci,<br \/>\njest ju\u017c ostatnia godzina, <\/b>\n<\/div>\n<div align=\"justify\" style=\"line-height: 150%; margin-bottom: 0cm;\">\n<b>i<br \/>\ntak, jak s\u0142yszeli\u015bcie, Antychryst nadchodzi, <\/b>\n<\/div>\n<div align=\"justify\" style=\"line-height: 150%; margin-bottom: 0cm;\">\n<b>bo<br \/>\noto teraz w\u0142a\u015bnie <\/b>\n<\/div>\n<div align=\"justify\" style=\"line-height: 150%; margin-bottom: 0cm;\">\n<b>pojawi\u0142o<br \/>\nsi\u0119 wielu antychryst\u00f3w; <\/b>\n<\/div>\n<div align=\"justify\" style=\"line-height: 150%; margin-bottom: 0cm;\">\n<b>st\u0105d<br \/>\npoznajemy, \u017ce ju\u017c jest ostatnia godzina. <\/b>\n<\/div>\n<div align=\"justify\" style=\"line-height: 150%; margin-bottom: 0cm;\">\n<b>Wyszli<br \/>\noni z nas, lecz nie byli z nas; <\/b>\n<\/div>\n<div align=\"justify\" style=\"line-height: 150%; margin-bottom: 0cm;\">\n<b>bo<br \/>\ngdyby byli naszego ducha, <\/b>\n<\/div>\n<div align=\"justify\" style=\"line-height: 150%; margin-bottom: 0cm;\">\n<b>pozostaliby<br \/>\nz nami; <\/b>\n<\/div>\n<div align=\"justify\" style=\"line-height: 150%; margin-bottom: 0cm;\">\n<b>a<br \/>\nto sta\u0142o si\u0119 po to, aby wysz\u0142o na jaw, <\/b>\n<\/div>\n<div align=\"justify\" style=\"line-height: 150%; margin-bottom: 0cm;\">\n<b>\u017ce<br \/>\nnie wszyscy s\u0105 naszego ducha. <\/b>\n<\/div>\n<div align=\"justify\" style=\"line-height: 150%; margin-bottom: 0cm;\">\n<b>Wy<br \/>\nnatomiast macie namaszczenie od \u015awi\u0119tego <\/b>\n<\/div>\n<div align=\"justify\" style=\"line-height: 150%; margin-bottom: 0cm;\">\n<b>i<br \/>\nwszyscy jeste\u015bcie nape\u0142nieni wiedz\u0105. <\/b>\n<\/div>\n<div align=\"justify\" style=\"line-height: 150%; margin-bottom: 0cm;\">\n<b>Ja<br \/>\nwam nie pisa\u0142em, <\/b>\n<\/div>\n<div align=\"justify\" style=\"line-height: 150%; margin-bottom: 0cm;\">\n<b>jakoby\u015bcie<br \/>\nnie znali prawdy, <\/b>\n<\/div>\n<div align=\"justify\" style=\"line-height: 150%; margin-bottom: 0cm;\">\n<b>lecz<br \/>\n\u017ce j\u0105 znacie <\/b>\n<\/div>\n<div align=\"justify\" style=\"line-height: 150%; margin-bottom: 0cm;\">\n<b>i<br \/>\n\u017ce \u017cadna fa\u0142szywa nauka z prawdy nie pochodzi.<\/b><\/div>\n<div align=\"justify\" style=\"line-height: 150%; margin-bottom: 0cm;\">\n<\/p>\n<\/div>\n<div align=\"justify\" style=\"line-height: 150%; margin-bottom: 0cm;\">\n<b>S\u0141OWA<br \/>\nEWANGELII WED\u0141UG \u015aWI\u0118TEGO<br \/>\nJANA:<\/b><\/div>\n<div align=\"justify\" style=\"line-height: 150%; margin-bottom: 0cm;\">\n<b>Na<br \/>\npocz\u0105tku by\u0142o S\u0142owo, <\/b>\n<\/div>\n<div align=\"justify\" style=\"line-height: 150%; margin-bottom: 0cm;\">\n<b>a<br \/>\nS\u0142owo by\u0142o u Boga, <\/b>\n<\/div>\n<div align=\"justify\" style=\"line-height: 150%; margin-bottom: 0cm;\">\n<b>i<br \/>\nBogiem by\u0142o S\u0142owo. <\/b>\n<\/div>\n<div align=\"justify\" style=\"line-height: 150%; margin-bottom: 0cm;\">\n<b>Ono<br \/>\nby\u0142o na pocz\u0105tku u Boga. <\/b>\n<\/div>\n<div align=\"justify\" style=\"line-height: 150%; margin-bottom: 0cm;\">\n<b>Wszystko<br \/>\nprzez Nie si\u0119 sta\u0142o, <\/b>\n<\/div>\n<div align=\"justify\" style=\"line-height: 150%; margin-bottom: 0cm;\">\n<b>a<br \/>\nbez Niego nic si\u0119 nie sta\u0142o, <\/b>\n<\/div>\n<div align=\"justify\" style=\"line-height: 150%; margin-bottom: 0cm;\">\n<b>co<br \/>\nsi\u0119 sta\u0142o. <\/b>\n<\/div>\n<div align=\"justify\" style=\"line-height: 150%; margin-bottom: 0cm;\">\n<b>W<br \/>\nNim by\u0142o \u017cycie, <\/b>\n<\/div>\n<div align=\"justify\" style=\"line-height: 150%; margin-bottom: 0cm;\">\n<b>a<br \/>\n\u017cycie by\u0142o \u015bwiat\u0142o\u015bci\u0105 ludzi, <\/b>\n<\/div>\n<div align=\"justify\" style=\"line-height: 150%; margin-bottom: 0cm;\">\n<b>a<br \/>\n\u015bwiat\u0142o\u015b\u0107 w ciemno\u015bci \u015bwieci <\/b>\n<\/div>\n<div align=\"justify\" style=\"line-height: 150%; margin-bottom: 0cm;\">\n<b>i<br \/>\nciemno\u015b\u0107 jej nie ogarn\u0119\u0142a. <\/b>\n<\/div>\n<div align=\"justify\" style=\"line-height: 150%; margin-bottom: 0cm;\">\n<b>Pojawi\u0142<br \/>\nsi\u0119 cz\u0142owiek pos\u0142any przez Boga, <\/b>\n<\/div>\n<div align=\"justify\" style=\"line-height: 150%; margin-bottom: 0cm;\">\n<b>Jan<br \/>\nmu by\u0142o na imi\u0119. <\/b>\n<\/div>\n<div align=\"justify\" style=\"line-height: 150%; margin-bottom: 0cm;\">\n<b>Przyszed\u0142<br \/>\non na \u015bwiadectwo, <\/b>\n<\/div>\n<div align=\"justify\" style=\"line-height: 150%; margin-bottom: 0cm;\">\n<b>aby<br \/>\nza\u015bwiadczy\u0107 o \u015bwiat\u0142o\u015bci, <\/b>\n<\/div>\n<div align=\"justify\" style=\"line-height: 150%; margin-bottom: 0cm;\">\n<b>by<br \/>\nwszyscy uwierzyli przez niego. <\/b>\n<\/div>\n<div align=\"justify\" style=\"line-height: 150%; margin-bottom: 0cm;\">\n<b>Nie<br \/>\nby\u0142 on \u015bwiat\u0142o\u015bci\u0105, <\/b>\n<\/div>\n<div align=\"justify\" style=\"line-height: 150%; margin-bottom: 0cm;\">\n<b>lecz<br \/>\npos\u0142anym, aby za\u015bwiadczy\u0107 o \u015bwiat\u0142o\u015bci. <\/b>\n<\/div>\n<div align=\"justify\" style=\"line-height: 150%; margin-bottom: 0cm;\">\n<b>By\u0142a<br \/>\n\u015bwiat\u0142o\u015b\u0107 prawdziwa, <\/b>\n<\/div>\n<div align=\"justify\" style=\"line-height: 150%; margin-bottom: 0cm;\">\n<b>kt\u00f3ra<br \/>\no\u015bwieca ka\u017cdego cz\u0142owieka, <\/b>\n<\/div>\n<div align=\"justify\" style=\"line-height: 150%; margin-bottom: 0cm;\">\n<b>gdy<br \/>\nna \u015bwiat przychodzi. <\/b>\n<\/div>\n<div align=\"justify\" style=\"line-height: 150%; margin-bottom: 0cm;\">\n<b>Na<br \/>\n\u015bwiecie by\u0142o S\u0142owo, <\/b>\n<\/div>\n<div align=\"justify\" style=\"line-height: 150%; margin-bottom: 0cm;\">\n<b>a<br \/>\n\u015bwiat sta\u0142 si\u0119 przez Nie, <\/b>\n<\/div>\n<div align=\"justify\" style=\"line-height: 150%; margin-bottom: 0cm;\">\n<b>lecz<br \/>\n\u015bwiat Go nie pozna\u0142. <\/b>\n<\/div>\n<div align=\"justify\" style=\"line-height: 150%; margin-bottom: 0cm;\">\n<b>Przysz\u0142o<br \/>\ndo swojej w\u0142asno\u015bci, <\/b>\n<\/div>\n<div align=\"justify\" style=\"line-height: 150%; margin-bottom: 0cm;\">\n<b>a<br \/>\nswoi Go nie przyj\u0119li. <\/b>\n<\/div>\n<div align=\"justify\" style=\"line-height: 150%; margin-bottom: 0cm;\">\n<b>Wszystkim<br \/>\ntym jednak, kt\u00f3rzy Je przyj\u0119li, <\/b>\n<\/div>\n<div align=\"justify\" style=\"line-height: 150%; margin-bottom: 0cm;\">\n<b>da\u0142o<br \/>\nmoc, aby si\u0119 stali dzie\u0107mi Bo\u017cymi, <\/b>\n<\/div>\n<div align=\"justify\" style=\"line-height: 150%; margin-bottom: 0cm;\">\n<b>tym,<br \/>\nkt\u00f3rzy wierz\u0105 w imi\u0119 Jego, <\/b>\n<\/div>\n<div align=\"justify\" style=\"line-height: 150%; margin-bottom: 0cm;\">\n<b>kt\u00f3rzy<br \/>\nani z krwi, <\/b>\n<\/div>\n<div align=\"justify\" style=\"line-height: 150%; margin-bottom: 0cm;\">\n<b>ani<br \/>\nz \u017c\u0105dzy cia\u0142a, <\/b>\n<\/div>\n<div align=\"justify\" style=\"line-height: 150%; margin-bottom: 0cm;\">\n<b>ani<br \/>\nz woli m\u0119\u017ca, <\/b>\n<\/div>\n<div align=\"justify\" style=\"line-height: 150%; margin-bottom: 0cm;\">\n<b>ale<br \/>\nz Boga si\u0119 narodzili. <\/b>\n<\/div>\n<div align=\"justify\" style=\"line-height: 150%; margin-bottom: 0cm;\">\n<b>S\u0142owo<br \/>\nsta\u0142o si\u0119 cia\u0142em <\/b>\n<\/div>\n<div align=\"justify\" style=\"line-height: 150%; margin-bottom: 0cm;\">\n<b>i<br \/>\nzamieszka\u0142o w\u015br\u00f3d nas. <\/b>\n<\/div>\n<div align=\"justify\" style=\"line-height: 150%; margin-bottom: 0cm;\">\n<b>I<br \/>\nogl\u0105dali\u015bmy Jego chwa\u0142\u0119, <\/b>\n<\/div>\n<div align=\"justify\" style=\"line-height: 150%; margin-bottom: 0cm;\">\n<b>chwa\u0142\u0119,<br \/>\njak\u0105 Jednorodzony otrzymuje od Ojca, <\/b>\n<\/div>\n<div align=\"justify\" style=\"line-height: 150%; margin-bottom: 0cm;\">\n<b>pe\u0142en<br \/>\n\u0142aski i prawdy. <\/b>\n<\/div>\n<div align=\"justify\" style=\"line-height: 150%; margin-bottom: 0cm; page-break-before: auto; text-indent: 1.3cm;\">\n<b>Jan<br \/>\ndaje o Nim \u015bwiadectwo i g\u0142o\u015bno wo\u0142a w s\u0142owach: \u201eTen by\u0142, o<br \/>\nkt\u00f3rym powiedzia\u0142em: Ten, kt\u00f3ry po mnie idzie, przewy\u017cszy\u0142 mnie<br \/>\ngodno\u015bci\u0105, gdy\u017c by\u0142 wcze\u015bniej ode mnie\u201d. Z Jego pe\u0142no\u015bci<br \/>\nwszyscy\u015bmy otrzymali \u0142ask\u0119 po \u0142asce. Podczas gdy Prawo zosta\u0142o<br \/>\nnadane przez Moj\u017cesza, \u0142aska i prawda przysz\u0142y przez Jezusa<br \/>\nChrystusa. Boga nikt nigdy nie widzia\u0142. Jednorodzony B\u00f3g, kt\u00f3ry<br \/>\njest w \u0142onie Ojca, o Nim pouczy\u0142.<\/b><\/div>\n<div align=\"justify\" style=\"line-height: 150%; margin-bottom: 0cm;\">\n<\/p>\n<\/div>\n<div align=\"justify\" style=\"line-height: 150%; margin-bottom: 0cm; page-break-before: auto; text-indent: 1.22cm;\">\nPoj\u0119ciem<br \/>\n<b>\u201eAntychryst\u201d<\/b> okre\u015bla\u0142 Jan Aposto\u0142 wsp\u00f3\u0142czesnych sobie<br \/>\n<b>g\u0142osicieli b\u0142\u0119dnych teorii,<\/b> dotycz\u0105cych Boga, wiary,<br \/>\nzbawienia\u2026 Mowa tu o tych, kt\u00f3rzy siali ludziom zam\u0119t w g\u0142owach;<br \/>\nkt\u00f3rzy wypowiadali s\u0142owa k\u0142amliwe, m\u0119tne, puste i nic nie<br \/>\nznacz\u0105ce. Z pewnym roz\u017caleniem, Aposto\u0142 pisze o nich: <i><b>Wyszli<br \/>\noni z nas, lecz nie byli z nas; <\/b><\/i><i><b>bo<br \/>\ngdyby byli naszego ducha, pozostaliby z nami; a to sta\u0142o si\u0119 po to,<br \/>\naby wysz\u0142o na jaw, <\/b><\/i><i><b>\u017ce<br \/>\nnie wszyscy s\u0105 naszego ducha. <\/b><\/i>\n<\/div>\n<div align=\"justify\" style=\"line-height: 150%; margin-bottom: 0cm; text-indent: 1.22cm;\">\nI<br \/>\nustawia swoich uczni\u00f3w w<br \/>\nswoistej opozycji do nich, zwracaj\u0105c<br \/>\nsi\u0119 do nich w s\u0142owach:<br \/>\n<i><b>Wy<br \/>\nnatomiast macie namaszczenie od \u015awi\u0119tego <\/b><\/i><i><b>i<br \/>\nwszyscy jeste\u015bcie nape\u0142nieni wiedz\u0105. Ja wam nie pisa\u0142em,<br \/>\njakoby\u015bcie nie znali prawdy, lecz \u017ce j\u0105 znacie <\/b><\/i><i><b>i<br \/>\n\u017ce \u017cadna fa\u0142szywa nauka z prawdy nie pochodzi.<\/b><\/i><b><br \/>\n<\/b>\n<\/div>\n<div align=\"justify\" style=\"line-height: 150%; margin-bottom: 0cm; text-indent: 1.22cm;\">\nA<br \/>\nchocia\u017c ci pierwsi tak\u017ce \u201ewyszli z nas\u201d, czyli w jaki\u015b spos\u00f3b<br \/>\nbyli bliscy i Janowi, i jego uczniom, <b>to<br \/>\njednak pob\u0142\u0105dzili. <\/b>\u017beby<br \/>\ntego unikn\u0105\u0107, <b>nale\u017cy<br \/>\nsi\u0119 trzyma\u0107 prawdy,<\/b><br \/>\nprawowiernej nauki \u2013 i tylko tak\u0105 g\u0142osi\u0107, i tylko o takiej<br \/>\n\u015bwiadczy\u0107. Jak si\u0119 dzisiaj dowiadujemy z wypowiedzi<br \/>\nAposto\u0142a Jana, nie jest to takie proste. Mo\u017cna po prostu pob\u0142\u0105dzi\u0107!<\/p>\n<\/div>\n<div align=\"justify\" style=\"line-height: 150%; margin-bottom: 0cm; text-indent: 1.22cm;\">\n<b>I<br \/>\nn<\/b><b>iekt\u00f3rzy<br \/>\npob\u0142\u0105dzili.<\/b><br \/>\nMo\u017ce<br \/>\nbardziej powinni zag\u0142\u0119bi\u0107 si\u0119 w Bo\u017ce s\u0142owo? A mo\u017ce wi\u0119cej<br \/>\npowinni okaza\u0107 <b>pokory<br \/>\ni pos\u0142usze\u0144stwa<\/b><br \/>\nwobec niego? A mo\u017ce sta\u0142o si\u0119 i tak, i\u017c to Bo\u017ce s\u0142owo po prostu<br \/>\n<b>zosta\u0142o<\/b><br \/>\n<b>zag\u0142uszone<\/b><br \/>\nprzez ca\u0142e mn\u00f3stwo innych s\u0142\u00f3w \u2013 w tym tak\u017ce ich w\u0142asnych<br \/>\ns\u0142\u00f3w, kt\u00f3rymi \u201ezagadali\u201d to jedyne, Bo\u017ce s\u0142owo?\u2026\n<\/div>\n<div align=\"justify\" style=\"line-height: 150%; margin-bottom: 0cm; text-indent: 1.22cm;\">\nNie<br \/>\nwiemy, co si\u0119 sta\u0142o, faktem jest jednak, \u017ce \u2013 jak zauwa\u017ca Jan \u2013<br \/>\nwyszli oni z spo\u015br\u00f3d uczni\u00f3w, ale nie pozostali z nimi. Bo byli<br \/>\n<b>\u201einnego<br \/>\nducha\u201d.<\/b><br \/>\nJakie to wa\u017cne, Kochani, aby by\u0107 <b>\u201ejednego<br \/>\nducha\u201d z Bogiem, z Jego Ko\u015bcio\u0142em, z Bo\u017cym s\u0142owem\u2026<\/b><br \/>\nAby stara\u0107 si\u0119 zrozumie\u0107 \u201educha\u201d tego s\u0142owa, czyli jego<br \/>\nprzes\u0142anie, jego nauk\u0119, zawart\u0105 w nim my\u015bl\u2026\n<\/div>\n<div align=\"justify\" style=\"line-height: 150%; margin-bottom: 0cm; text-indent: 1.22cm;\">\nJakie<br \/>\nto wa\u017cne, aby <b>doceni\u0107<br \/>\nwag\u0119 s\u0142owa!<\/b><br \/>\nKa\u017cdego s\u0142owa! Skoro Bo\u017cy Syn \u2013 to wcielone s\u0142owo<br \/>\nBo\u017ce, to <b>jak\u0105\u017c<br \/>\nwielk\u0105 wag\u0119 mo\u017ce mie\u0107 jedno s\u0142owo! <\/b>Owszem,<br \/>\nnigdy nasze ludzkie s\u0142owa nie b\u0119d\u0105 mia\u0142y takiego \u201erozmiaru\u201d,<br \/>\njak Bo\u017ce s\u0142owa, ale z ca\u0142\u0105 pewno\u015bci\u0105 musimy zwr\u00f3ci\u0107 o wiele<br \/>\n<b>wi\u0119ksz\u0105,<br \/>\nni\u017c dotychczas, uwag\u0119 \u2013 na wag\u0119 i znaczenie s\u0142owa!<\/b><br \/>\nWszyscy musimy \u2013 nie tylko politycy! Wszyscy! Bo du\u017co s\u0142\u00f3w<br \/>\ncodziennie wypowiadamy. Bardzo du\u017co \u2013 i bardzo r\u00f3\u017cnych.\n<\/div>\n<div align=\"justify\" style=\"line-height: 150%; margin-bottom: 0cm; text-indent: 1.22cm;\">\nKochani,<br \/>\ngdyby zrobi\u0107 sobie solidny<br \/>\ni uczciwy <b>rachunek<br \/>\nsumienia z samych tylko s\u0142\u00f3w,<\/b><br \/>\nto na Spowiedzi mieliby\u015bmy bardzo du\u017co do powiedzenia i do<br \/>\nwyznawania. Tak, z samych tylko wypowiedzianych s\u0142\u00f3w \u2013 gdyby tak<br \/>\nuczciwie je podsumowa\u0107 \u2013 mogliby\u015bmy si\u0119 <b>bardzo<br \/>\nd\u0142ugo rozlicza\u0107.<\/b><br \/>\nI pomy\u015ble\u0107, \u017ce nieraz przy Spowiedzi stwierdzamy, \u017ce nie wiemy, z<br \/>\nczego si\u0119 spowiada\u0107, bo po up\u0142ywie kilku miesi\u0119cy od ostatniej<br \/>\nSpowiedzi, my w\u0142a\u015bciwie\u2026 to nie mamy grzech\u00f3w! A tymczasem \u2013<br \/>\n\u017ceby to jeszcze raz powt\u00f3rzy\u0107 i podkre\u015bli\u0107 \u2013 <b>z<br \/>\nsamych tylko s\u0142\u00f3w mogliby\u015bmy si\u0119 d\u0142ugo rozlicza\u0107.<\/b><\/div>\n<div align=\"justify\" style=\"line-height: 150%; margin-bottom: 0cm; text-indent: 1.22cm;\">\nBo<br \/>\nmy naprawd\u0119 wypowiadamy ich bardzo du\u017co. I naprawd\u0119 cz\u0119sto <b>w<br \/>\nog\u00f3le si\u0119 nad nimi nie zastanawiamy.<\/b><br \/>\nA<br \/>\nchocia\u017c to wypowiadane s\u0142owa decyduj\u0105 najcz\u0119\u015bciej o naszej<br \/>\nrelacji z lud\u017ami, i to one tworz\u0105 tak\u0105, a nie inn\u0105, atmosfer\u0119 w<br \/>\nnaszych rodzinach, to jednak <b>my<br \/>\nnie przywi\u0105zujemy do nich za du\u017cej wagi\u2026<\/b><br \/>\nA szkoda\u2026 Mo\u017ce warto zacz\u0105\u0107 przywi\u0105zywa\u0107?\u2026\n<\/div>\n<div align=\"justify\" style=\"line-height: 150%; margin-bottom: 0cm; text-indent: 1.22cm;\">\nW\u0142a\u015bnie<br \/>\ndzisiaj, kiedy stajemy na granicy czasu, kiedy dzi\u0119kujemy i jako\u015b<br \/>\npodsumowujemy ko\u0144cz\u0105cy si\u0119 rok i z nadziej\u0105 patrzymy w rok nowy \u2013<br \/>\nmo\u017ce w\u0142a\u015bnie dzisiaj warto poczyni\u0107 jakie\u015b <b>konkretne<br \/>\npostanowienie wi\u0119kszego dowarto\u015bciowania wypowiadanych s\u0142\u00f3w,<br \/>\n<\/b>wi\u0119kszego<br \/>\ndocenienia ka\u017cdego s\u0142owa, aby\u015bmy wypowiadaj\u0105c ka\u017cde z nich z<br \/>\nrozwag\u0105, pokazywali, \u017ce jeste\u015bmy <b>\u201ejednego<br \/>\nducha\u201d z Bogiem i z Ko\u015bcio\u0142em; <\/b>\u201ejednego<br \/>\nducha\u201d z<br \/>\nBo\u017cym s\u0142owem; \u201ejednego<br \/>\nducha\u201d z prawd\u0105,<br \/>\nuczciwo\u015bci\u0105, przyzwoito\u015bci\u0105\u2026<\/div>\n<div align=\"justify\" style=\"line-height: 150%; margin-bottom: 0cm; text-indent: 1.22cm;\">\nPomy\u015blmy:<\/div>\n<div align=\"justify\" style=\"line-height: 150%; margin-bottom: 0cm;\">\n\u2013<br \/>\nCo<br \/>\nkoniecznie nale\u017ca\u0142oby zmieni\u0107 w moim codziennym s\u0142ownictwie w<br \/>\nnowym roku?<\/div>\n<div align=\"justify\" style=\"line-height: 150%; margin-bottom: 0cm;\">\n\u2013<br \/>\nCo<br \/>\nkonkretnie m\u00f3g\u0142bym zmieni\u0107 w moim codziennym s\u0142ownictwie w nowym<br \/>\nroku?<\/div>\n<div align=\"justify\" style=\"line-height: 150%; margin-bottom: 0cm;\">\n\u2013<br \/>\nCo<br \/>\nkonkretnie zmieni\u0119<br \/>\nw moim codziennym s\u0142ownictwie w nowym roku?<\/div>\n<p><\/p>\n<div align=\"justify\" style=\"line-height: 150%; margin-bottom: 0cm;\">\n<i><b>S\u0142owo<br \/>\nby\u0142o u Boga, i Bogiem by\u0142o S\u0142owo\u2026&nbsp;<\/b><\/i>\n<\/div>\n","protected":false},"excerpt":{"rendered":"<p>Szcz\u0119\u015b\u0107 Bo\u017ce! Moi Drodzy, w dniu dzisiejszym swoje imieniny obchodz\u0105: Ksi\u0105dz Sylwester Fr\u0105c, Proboszcz Parafii w Wojcieszkowie, gdzie przez pewien czas, w czasie studi\u00f3w, mieszka\u0142em i pomaga\u0142em duszpastersko; Ksi\u0105dz Sylwester Ga\u0142ach, w Parafii kt\u00f3rego prowadzi\u0142em kiedy\u015b Rekolekcje; Sylwester Biernacki z \u017belechowa, kt\u00f3ry wozi\u0142 nas swoim autokarem na wyjazdy do Szklarskiej Por\u0119by &#8211; i nie tylko. [&hellip;]<\/p>\n","protected":false},"author":1,"featured_media":0,"comment_status":"open","ping_status":"open","sticky":false,"template":"","format":"standard","meta":{"jetpack_post_was_ever_published":false,"_jetpack_newsletter_access":"","_jetpack_dont_email_post_to_subs":false,"_jetpack_newsletter_tier_id":0,"_jetpack_memberships_contains_paywalled_content":false,"_jetpack_memberships_contains_paid_content":false,"footnotes":""},"categories":[1],"tags":[],"class_list":["post-8163","post","type-post","status-publish","format-standard","hentry","category-bez-kategorii"],"yoast_head":"<!-- This site is optimized with the Yoast SEO plugin v25.1 - https:\/\/yoast.com\/wordpress\/plugins\/seo\/ -->\n<title>I Bogiem by\u0142o S\u0142owo... - Gaudium Et Spes<\/title>\n<meta name=\"robots\" content=\"index, follow, max-snippet:-1, max-image-preview:large, max-video-preview:-1\" \/>\n<link rel=\"canonical\" href=\"https:\/\/gaudiumetspes-blog.pl\/index.php\/2015\/12\/31\/i-bogiem-byo-sowo\/\" \/>\n<meta property=\"og:locale\" content=\"pl_PL\" \/>\n<meta property=\"og:type\" content=\"article\" \/>\n<meta property=\"og:title\" content=\"I Bogiem by\u0142o S\u0142owo... - Gaudium Et Spes\" \/>\n<meta property=\"og:description\" content=\"Szcz\u0119\u015b\u0107 Bo\u017ce! Moi Drodzy, w dniu dzisiejszym swoje imieniny obchodz\u0105: Ksi\u0105dz Sylwester Fr\u0105c, Proboszcz Parafii w Wojcieszkowie, gdzie przez pewien czas, w czasie studi\u00f3w, mieszka\u0142em i pomaga\u0142em duszpastersko; Ksi\u0105dz Sylwester Ga\u0142ach, w Parafii kt\u00f3rego prowadzi\u0142em kiedy\u015b Rekolekcje; Sylwester Biernacki z \u017belechowa, kt\u00f3ry wozi\u0142 nas swoim autokarem na wyjazdy do Szklarskiej Por\u0119by &#8211; i nie tylko. [&hellip;]\" \/>\n<meta property=\"og:url\" content=\"https:\/\/gaudiumetspes-blog.pl\/index.php\/2015\/12\/31\/i-bogiem-byo-sowo\/\" \/>\n<meta property=\"og:site_name\" content=\"Gaudium Et Spes\" \/>\n<meta property=\"article:published_time\" content=\"2015-12-31T04:04:00+00:00\" \/>\n<meta property=\"article:modified_time\" content=\"2019-07-31T10:55:58+00:00\" \/>\n<meta name=\"author\" content=\"Ks. Jacek\" \/>\n<meta name=\"twitter:card\" content=\"summary_large_image\" \/>\n<meta name=\"twitter:label1\" content=\"Napisane przez\" \/>\n\t<meta name=\"twitter:data1\" content=\"Ks. Jacek\" \/>\n\t<meta name=\"twitter:label2\" content=\"Szacowany czas czytania\" \/>\n\t<meta name=\"twitter:data2\" content=\"7 minut\" \/>\n<script type=\"application\/ld+json\" class=\"yoast-schema-graph\">{\"@context\":\"https:\/\/schema.org\",\"@graph\":[{\"@type\":\"WebPage\",\"@id\":\"https:\/\/gaudiumetspes-blog.pl\/index.php\/2015\/12\/31\/i-bogiem-byo-sowo\/\",\"url\":\"https:\/\/gaudiumetspes-blog.pl\/index.php\/2015\/12\/31\/i-bogiem-byo-sowo\/\",\"name\":\"I Bogiem by\u0142o S\u0142owo... - Gaudium Et Spes\",\"isPartOf\":{\"@id\":\"https:\/\/gaudiumetspes-blog.pl\/#website\"},\"datePublished\":\"2015-12-31T04:04:00+00:00\",\"dateModified\":\"2019-07-31T10:55:58+00:00\",\"author\":{\"@id\":\"https:\/\/gaudiumetspes-blog.pl\/#\/schema\/person\/1661982992b752dea8dff0d4ed845a65\"},\"breadcrumb\":{\"@id\":\"https:\/\/gaudiumetspes-blog.pl\/index.php\/2015\/12\/31\/i-bogiem-byo-sowo\/#breadcrumb\"},\"inLanguage\":\"pl-PL\",\"potentialAction\":[{\"@type\":\"ReadAction\",\"target\":[\"https:\/\/gaudiumetspes-blog.pl\/index.php\/2015\/12\/31\/i-bogiem-byo-sowo\/\"]}]},{\"@type\":\"BreadcrumbList\",\"@id\":\"https:\/\/gaudiumetspes-blog.pl\/index.php\/2015\/12\/31\/i-bogiem-byo-sowo\/#breadcrumb\",\"itemListElement\":[{\"@type\":\"ListItem\",\"position\":1,\"name\":\"Strona g\u0142\u00f3wna\",\"item\":\"https:\/\/gaudiumetspes-blog.pl\/\"},{\"@type\":\"ListItem\",\"position\":2,\"name\":\"I&nbsp;Bogiem by\u0142o S\u0142owo&#8230;\"}]},{\"@type\":\"WebSite\",\"@id\":\"https:\/\/gaudiumetspes-blog.pl\/#website\",\"url\":\"https:\/\/gaudiumetspes-blog.pl\/\",\"name\":\"Gaudium Et Spes\",\"description\":\"Blog Ks. Jacka Ja\u015bkowskiego\",\"potentialAction\":[{\"@type\":\"SearchAction\",\"target\":{\"@type\":\"EntryPoint\",\"urlTemplate\":\"https:\/\/gaudiumetspes-blog.pl\/?s={search_term_string}\"},\"query-input\":{\"@type\":\"PropertyValueSpecification\",\"valueRequired\":true,\"valueName\":\"search_term_string\"}}],\"inLanguage\":\"pl-PL\"},{\"@type\":\"Person\",\"@id\":\"https:\/\/gaudiumetspes-blog.pl\/#\/schema\/person\/1661982992b752dea8dff0d4ed845a65\",\"name\":\"Ks. Jacek\",\"image\":{\"@type\":\"ImageObject\",\"inLanguage\":\"pl-PL\",\"@id\":\"https:\/\/gaudiumetspes-blog.pl\/#\/schema\/person\/image\/\",\"url\":\"https:\/\/gaudiumetspes-blog.pl\/wp-content\/uploads\/2019\/07\/avatar-JJ-150x150.jpg\",\"contentUrl\":\"https:\/\/gaudiumetspes-blog.pl\/wp-content\/uploads\/2019\/07\/avatar-JJ-150x150.jpg\",\"caption\":\"Ks. Jacek\"},\"description\":\"Witam serdecznie! K\u0142ania si\u0119 Ks. Jacek Ja\u015bkowski. Nie jestem ani kim\u015b wa\u017cnym, ani kim\u015b znanym. Jestem ksi\u0119dzem, kt\u00f3ry po prostu chce rozmawia\u0107. Codzienna kap\u0142a\u0144ska pos\u0142uga pokazuje mi, \u017ce temat\u00f3w do rozm\u00f3w z ksi\u0119dzem jest coraz wi\u0119cej i dzisiaj \u017caden ksi\u0105dz nie mo\u017ce od nich ucieka\u0107, ale - wprost przeciwnie - podejmowa\u0107 nowe wyzwania. To przekonanie sk\u0142oni\u0142o mnie do pr\u00f3by otwarcia tego\u017c bloga, chocia\u017c okazji do rozm\u00f3w na co dzie\u0144 - w konfesjonale i poza nim - na szcz\u0119\u015bcie nie brakuje. My\u015bl\u0119 jednak, \u017ce ten blog b\u0119dzie jeszcze jednym sposobem i przestrzeni\u0105 nawi\u0105zania kontaktu z lud\u017ami dobrej woli, otwartymi na dialog.\",\"url\":\"https:\/\/gaudiumetspes-blog.pl\/index.php\/author\/ks-jacek\/\"}]}<\/script>\n<!-- \/ Yoast SEO plugin. -->","yoast_head_json":{"title":"I Bogiem by\u0142o S\u0142owo... - Gaudium Et Spes","robots":{"index":"index","follow":"follow","max-snippet":"max-snippet:-1","max-image-preview":"max-image-preview:large","max-video-preview":"max-video-preview:-1"},"canonical":"https:\/\/gaudiumetspes-blog.pl\/index.php\/2015\/12\/31\/i-bogiem-byo-sowo\/","og_locale":"pl_PL","og_type":"article","og_title":"I Bogiem by\u0142o S\u0142owo... - Gaudium Et Spes","og_description":"Szcz\u0119\u015b\u0107 Bo\u017ce! Moi Drodzy, w dniu dzisiejszym swoje imieniny obchodz\u0105: Ksi\u0105dz Sylwester Fr\u0105c, Proboszcz Parafii w Wojcieszkowie, gdzie przez pewien czas, w czasie studi\u00f3w, mieszka\u0142em i pomaga\u0142em duszpastersko; Ksi\u0105dz Sylwester Ga\u0142ach, w Parafii kt\u00f3rego prowadzi\u0142em kiedy\u015b Rekolekcje; Sylwester Biernacki z \u017belechowa, kt\u00f3ry wozi\u0142 nas swoim autokarem na wyjazdy do Szklarskiej Por\u0119by &#8211; i nie tylko. [&hellip;]","og_url":"https:\/\/gaudiumetspes-blog.pl\/index.php\/2015\/12\/31\/i-bogiem-byo-sowo\/","og_site_name":"Gaudium Et Spes","article_published_time":"2015-12-31T04:04:00+00:00","article_modified_time":"2019-07-31T10:55:58+00:00","author":"Ks. Jacek","twitter_card":"summary_large_image","twitter_misc":{"Napisane przez":"Ks. Jacek","Szacowany czas czytania":"7 minut"},"schema":{"@context":"https:\/\/schema.org","@graph":[{"@type":"WebPage","@id":"https:\/\/gaudiumetspes-blog.pl\/index.php\/2015\/12\/31\/i-bogiem-byo-sowo\/","url":"https:\/\/gaudiumetspes-blog.pl\/index.php\/2015\/12\/31\/i-bogiem-byo-sowo\/","name":"I Bogiem by\u0142o S\u0142owo... - Gaudium Et Spes","isPartOf":{"@id":"https:\/\/gaudiumetspes-blog.pl\/#website"},"datePublished":"2015-12-31T04:04:00+00:00","dateModified":"2019-07-31T10:55:58+00:00","author":{"@id":"https:\/\/gaudiumetspes-blog.pl\/#\/schema\/person\/1661982992b752dea8dff0d4ed845a65"},"breadcrumb":{"@id":"https:\/\/gaudiumetspes-blog.pl\/index.php\/2015\/12\/31\/i-bogiem-byo-sowo\/#breadcrumb"},"inLanguage":"pl-PL","potentialAction":[{"@type":"ReadAction","target":["https:\/\/gaudiumetspes-blog.pl\/index.php\/2015\/12\/31\/i-bogiem-byo-sowo\/"]}]},{"@type":"BreadcrumbList","@id":"https:\/\/gaudiumetspes-blog.pl\/index.php\/2015\/12\/31\/i-bogiem-byo-sowo\/#breadcrumb","itemListElement":[{"@type":"ListItem","position":1,"name":"Strona g\u0142\u00f3wna","item":"https:\/\/gaudiumetspes-blog.pl\/"},{"@type":"ListItem","position":2,"name":"I&nbsp;Bogiem by\u0142o S\u0142owo&#8230;"}]},{"@type":"WebSite","@id":"https:\/\/gaudiumetspes-blog.pl\/#website","url":"https:\/\/gaudiumetspes-blog.pl\/","name":"Gaudium Et Spes","description":"Blog Ks. Jacka Ja\u015bkowskiego","potentialAction":[{"@type":"SearchAction","target":{"@type":"EntryPoint","urlTemplate":"https:\/\/gaudiumetspes-blog.pl\/?s={search_term_string}"},"query-input":{"@type":"PropertyValueSpecification","valueRequired":true,"valueName":"search_term_string"}}],"inLanguage":"pl-PL"},{"@type":"Person","@id":"https:\/\/gaudiumetspes-blog.pl\/#\/schema\/person\/1661982992b752dea8dff0d4ed845a65","name":"Ks. Jacek","image":{"@type":"ImageObject","inLanguage":"pl-PL","@id":"https:\/\/gaudiumetspes-blog.pl\/#\/schema\/person\/image\/","url":"https:\/\/gaudiumetspes-blog.pl\/wp-content\/uploads\/2019\/07\/avatar-JJ-150x150.jpg","contentUrl":"https:\/\/gaudiumetspes-blog.pl\/wp-content\/uploads\/2019\/07\/avatar-JJ-150x150.jpg","caption":"Ks. Jacek"},"description":"Witam serdecznie! K\u0142ania si\u0119 Ks. Jacek Ja\u015bkowski. Nie jestem ani kim\u015b wa\u017cnym, ani kim\u015b znanym. Jestem ksi\u0119dzem, kt\u00f3ry po prostu chce rozmawia\u0107. Codzienna kap\u0142a\u0144ska pos\u0142uga pokazuje mi, \u017ce temat\u00f3w do rozm\u00f3w z ksi\u0119dzem jest coraz wi\u0119cej i dzisiaj \u017caden ksi\u0105dz nie mo\u017ce od nich ucieka\u0107, ale - wprost przeciwnie - podejmowa\u0107 nowe wyzwania. To przekonanie sk\u0142oni\u0142o mnie do pr\u00f3by otwarcia tego\u017c bloga, chocia\u017c okazji do rozm\u00f3w na co dzie\u0144 - w konfesjonale i poza nim - na szcz\u0119\u015bcie nie brakuje. My\u015bl\u0119 jednak, \u017ce ten blog b\u0119dzie jeszcze jednym sposobem i przestrzeni\u0105 nawi\u0105zania kontaktu z lud\u017ami dobrej woli, otwartymi na dialog.","url":"https:\/\/gaudiumetspes-blog.pl\/index.php\/author\/ks-jacek\/"}]}},"jetpack_featured_media_url":"","jetpack_sharing_enabled":true,"_links":{"self":[{"href":"https:\/\/gaudiumetspes-blog.pl\/index.php\/wp-json\/wp\/v2\/posts\/8163","targetHints":{"allow":["GET"]}}],"collection":[{"href":"https:\/\/gaudiumetspes-blog.pl\/index.php\/wp-json\/wp\/v2\/posts"}],"about":[{"href":"https:\/\/gaudiumetspes-blog.pl\/index.php\/wp-json\/wp\/v2\/types\/post"}],"author":[{"embeddable":true,"href":"https:\/\/gaudiumetspes-blog.pl\/index.php\/wp-json\/wp\/v2\/users\/1"}],"replies":[{"embeddable":true,"href":"https:\/\/gaudiumetspes-blog.pl\/index.php\/wp-json\/wp\/v2\/comments?post=8163"}],"version-history":[{"count":1,"href":"https:\/\/gaudiumetspes-blog.pl\/index.php\/wp-json\/wp\/v2\/posts\/8163\/revisions"}],"predecessor-version":[{"id":12425,"href":"https:\/\/gaudiumetspes-blog.pl\/index.php\/wp-json\/wp\/v2\/posts\/8163\/revisions\/12425"}],"wp:attachment":[{"href":"https:\/\/gaudiumetspes-blog.pl\/index.php\/wp-json\/wp\/v2\/media?parent=8163"}],"wp:term":[{"taxonomy":"category","embeddable":true,"href":"https:\/\/gaudiumetspes-blog.pl\/index.php\/wp-json\/wp\/v2\/categories?post=8163"},{"taxonomy":"post_tag","embeddable":true,"href":"https:\/\/gaudiumetspes-blog.pl\/index.php\/wp-json\/wp\/v2\/tags?post=8163"}],"curies":[{"name":"wp","href":"https:\/\/api.w.org\/{rel}","templated":true}]}}