{"id":8164,"date":"2015-12-30T04:57:00","date_gmt":"2015-12-30T03:57:00","guid":{"rendered":"https:\/\/gaudiumetspes-blog.pl\/index.php\/2015\/12\/30\/pisze-do-was-dzieci\/"},"modified":"2019-07-31T12:55:58","modified_gmt":"2019-07-31T10:55:58","slug":"pisze-do-was-dzieci","status":"publish","type":"post","link":"https:\/\/gaudiumetspes-blog.pl\/index.php\/2015\/12\/30\/pisze-do-was-dzieci\/","title":{"rendered":"Pisz\u0119 do was, dzieci&#8230;"},"content":{"rendered":"<div align=\"justify\" style=\"line-height: 150%; margin-bottom: 0cm;\">\nSzcz\u0119\u015b\u0107<br \/>\nBo\u017ce! Moi Drodzy, oba wczorajsze spotkania op\u0142atkowe przebieg\u0142y w<br \/>\npi\u0119knej, \u015bwi\u0105tecznej atmosferze! Niech Pan b\u0119dzie uwielbiony za<br \/>\nserdeczn\u0105 blisko\u015b\u0107 ludzi, wychodz\u0105cych do siebie z bia\u0142ym<br \/>\nop\u0142atkiem w r\u0119ku i z otwartym sercem, z kt\u00f3rego to serca p\u0142yn\u0105<br \/>\n\u017cyczliwe s\u0142owa. Niech Pan sam wys\u0142ucha wszystkich \u017cycze\u0144, jakie<br \/>\nsobie nawzajem w tych dniach sk\u0142adamy i zechce potraktowa\u0107 je jako<br \/>\nmodlitw\u0119 \u2013 w tych wszystkich intencjach, kt\u00f3re wypowiadamy<br \/>\nw\u0142a\u015bnie jako \u017cyczenia.<\/div>\n<div align=\"justify\" style=\"line-height: 150%; margin-bottom: 0cm; page-break-before: auto; text-indent: 1.3cm;\">\nA<br \/>\noto dzisiaj, moi Drodzy, mamy te\u017c smutn\u0105 \u2013 po ludzku \u2013<br \/>\nuroczysto\u015b\u0107: pogrzeb Ojca Jana G\u00f3ry. W modlitwie dzi\u0119kujmy za<br \/>\nJego \u017cycie i dzie\u0142o, a jednocze\u015bnie pro\u015bmy Pana, aby sam wskaza\u0142<br \/>\nJego nast\u0119pc\u0119 (nast\u0119pc\u00f3w), aby to dobre dzie\u0142o mog\u0142o by\u0107 z<br \/>\ntakim rozmachem i duchem nadal rozwijane.<\/div>\n<div align=\"justify\" style=\"line-height: 150%; margin-bottom: 0cm; text-indent: 1.3cm;\">\nTransmisja<br \/>\nuroczysto\u015bci pogrzebowych dzisiaj od godziny 10.25 w programie 1<br \/>\nTelewizji Polskiej.<\/div>\n<div align=\"justify\" style=\"line-height: 150%; margin-bottom: 0cm; page-break-before: auto; text-indent: 1.3cm;\">\n\u017bycz\u0119<br \/>\nWszystkim b\u0142ogos\u0142awionego dnia!<\/div>\n<div align=\"center\" style=\"line-height: 150%; margin-bottom: 0cm;\">\nGaudium<br \/>\net spes! Ks. Jacek<\/div>\n<div align=\"justify\" style=\"line-height: 150%; margin-bottom: 0cm;\">\n<\/p>\n<\/div>\n<div align=\"justify\" style=\"line-height: 150%; margin-bottom: 0cm;\">\n<b>6<br \/>\ndzie\u0144 w Oktawie Narodzenia Pa\u0144skiego,<\/b><\/div>\n<div align=\"justify\" style=\"line-height: 150%; margin-bottom: 0cm;\">\n<b>do<br \/>\nczyta\u0144:  1 J 2,12\u201317;  \u0141k 2,36\u201340<\/b><\/div>\n<div align=\"justify\" style=\"line-height: 150%; margin-bottom: 0cm;\">\n<\/p>\n<\/div>\n<div align=\"justify\" style=\"line-height: 150%; margin-bottom: 0cm; page-break-before: auto;\">\n<b>CZYTANIE<br \/>\nZ PIERWSZEGO LISTU \u015aWI\u0118TEGO JANA APOSTO\u0141A: <\/b>\n<\/div>\n<div align=\"justify\" style=\"line-height: 150%; margin-bottom: 0cm;\">\n<b>Pisz\u0119<br \/>\ndo was, dzieci, <\/b>\n<\/div>\n<div align=\"justify\" style=\"line-height: 150%; margin-bottom: 0cm;\">\n<b>\u017ce<br \/>\ndost\u0119pujecie odpuszczenia grzech\u00f3w <\/b>\n<\/div>\n<div align=\"justify\" style=\"line-height: 150%; margin-bottom: 0cm;\">\n<b>ze<br \/>\nwzgl\u0119du na Jego imi\u0119. <\/b>\n<\/div>\n<div align=\"justify\" style=\"line-height: 150%; margin-bottom: 0cm;\">\n<b>Pisz\u0119<br \/>\ndo was, ojcowie, <\/b>\n<\/div>\n<div align=\"justify\" style=\"line-height: 150%; margin-bottom: 0cm;\">\n<b>\u017ce<br \/>\npoznali\u015bcie Tego, kt\u00f3ry jest od pocz\u0105tku. <\/b>\n<\/div>\n<div align=\"justify\" style=\"line-height: 150%; margin-bottom: 0cm;\">\n<b>Pisz\u0119<br \/>\ndo was, m\u0142odzi, <\/b>\n<\/div>\n<div align=\"justify\" style=\"line-height: 150%; margin-bottom: 0cm;\">\n<b>\u017ce<br \/>\nzwyci\u0119\u017cyli\u015bcie Z\u0142ego. <\/b>\n<\/div>\n<div align=\"justify\" style=\"line-height: 150%; margin-bottom: 0cm;\">\n<b>Napisa\u0142em<br \/>\ndo was, dzieci, <\/b>\n<\/div>\n<div align=\"justify\" style=\"line-height: 150%; margin-bottom: 0cm;\">\n<b>\u017ce<br \/>\nznacie Ojca, <\/b>\n<\/div>\n<div align=\"justify\" style=\"line-height: 150%; margin-bottom: 0cm;\">\n<b>napisa\u0142em<br \/>\ndo was, ojcowie, <\/b>\n<\/div>\n<div align=\"justify\" style=\"line-height: 150%; margin-bottom: 0cm;\">\n<b>\u017ce<br \/>\npoznali\u015bcie Tego, kt\u00f3ry jest od pocz\u0105tku, <\/b>\n<\/div>\n<div align=\"justify\" style=\"line-height: 150%; margin-bottom: 0cm;\">\n<b>napisa\u0142em<br \/>\ndo was, m\u0142odzi, <\/b>\n<\/div>\n<div align=\"justify\" style=\"line-height: 150%; margin-bottom: 0cm;\">\n<b>\u017ce<br \/>\njeste\u015bcie mocni <\/b>\n<\/div>\n<div align=\"justify\" style=\"line-height: 150%; margin-bottom: 0cm;\">\n<b>i<br \/>\n\u017ce nauka Bo\u017ca trwa w was, <\/b>\n<\/div>\n<div align=\"justify\" style=\"line-height: 150%; margin-bottom: 0cm;\">\n<b>i<br \/>\nzwyci\u0119\u017cyli\u015bcie Z\u0142ego. <\/b>\n<\/div>\n<div align=\"justify\" style=\"line-height: 150%; margin-bottom: 0cm;\">\n<b>Nie<br \/>\nmi\u0142ujcie \u015bwiata <\/b>\n<\/div>\n<div align=\"justify\" style=\"line-height: 150%; margin-bottom: 0cm;\">\n<b>ani<br \/>\ntego, co jest na \u015bwiecie. <\/b>\n<\/div>\n<div align=\"justify\" style=\"line-height: 150%; margin-bottom: 0cm;\">\n<b>Je\u015bli<br \/>\nkto mi\u0142uje \u015bwiat, <\/b>\n<\/div>\n<div align=\"justify\" style=\"line-height: 150%; margin-bottom: 0cm;\">\n<b>nie<br \/>\nma w nim mi\u0142o\u015bci Ojca. <\/b>\n<\/div>\n<div align=\"justify\" style=\"line-height: 150%; margin-bottom: 0cm;\">\n<b>Wszystko<br \/>\nbowiem, co jest na \u015bwiecie, a wi\u0119c: <\/b>\n<\/div>\n<div align=\"justify\" style=\"line-height: 150%; margin-bottom: 0cm;\">\n<b>po\u017c\u0105dliwo\u015b\u0107<br \/>\ncia\u0142a, po\u017c\u0105dliwo\u015b\u0107 oczu <\/b>\n<\/div>\n<div align=\"justify\" style=\"line-height: 150%; margin-bottom: 0cm;\">\n<b>i<br \/>\npycha tego \u017cycia<\/b><\/div>\n<div align=\"justify\" style=\"line-height: 150%; margin-bottom: 0cm;\">\n<b>nie<br \/>\npochodzi od Ojca, lecz od \u015bwiata. <\/b>\n<\/div>\n<div align=\"justify\" style=\"line-height: 150%; margin-bottom: 0cm;\">\n<b>\u015awiat<br \/>\nza\u015b przemija, <\/b>\n<\/div>\n<div align=\"justify\" style=\"line-height: 150%; margin-bottom: 0cm;\">\n<b>a<br \/>\nz nim jego po\u017c\u0105dliwo\u015b\u0107; <\/b>\n<\/div>\n<div align=\"justify\" style=\"line-height: 150%; margin-bottom: 0cm;\">\n<b>kto<br \/>\nza\u015b wype\u0142nia wol\u0119 Bo\u017c\u0105, ten trwa na wieki.<\/b><\/div>\n<div align=\"justify\" style=\"line-height: 150%; margin-bottom: 0cm;\">\n<\/p>\n<\/div>\n<div align=\"justify\" style=\"line-height: 150%; margin-bottom: 0cm;\">\n<b>S\u0141OWA<br \/>\nEWANGELII WED\u0141UG \u015aWI\u0118TEGO \u0141UKASZA: <\/b>\n<\/div>\n<div align=\"justify\" style=\"line-height: 150%; margin-bottom: 0cm; text-indent: 1.24cm;\">\n<b>Gdy<br \/>\nRodzice przynie\u015bli Dzieci\u0105tko Jezus do \u015bwi\u0105tyni, by\u0142a tam<br \/>\nprorokini Anna, c\u00f3rka Fanuela z pokolenia Asera, bardzo podesz\u0142a w<br \/>\nlatach. Od swego panie\u0144stwa siedem lat \u017cy\u0142a z m\u0119\u017cem i pozosta\u0142a<br \/>\nwdow\u0105. Liczy\u0142a ju\u017c osiemdziesi\u0105ty czwarty rok \u017cycia. Nie<br \/>\nrozstawa\u0142a si\u0119 ze \u015bwi\u0105tyni\u0105, s\u0142u\u017c\u0105c Bogu w postach i<br \/>\nmodlitwach dniem i noc\u0105. <\/b>\n<\/div>\n<div align=\"justify\" style=\"line-height: 150%; margin-bottom: 0cm; text-indent: 1.24cm;\">\n<b>Przyszed\u0142szy<br \/>\nw tej w\u0142a\u015bnie chwili, s\u0142awi\u0142a Boga i m\u00f3wi\u0142a o Nim wszystkim,<br \/>\nkt\u00f3rzy oczekiwali wyzwolenia Jerozolimy.<\/b><\/div>\n<div align=\"justify\" style=\"line-height: 150%; margin-bottom: 0cm; text-indent: 1.24cm;\">\n<b>A<br \/>\ngdy wype\u0142nili wszystko wed\u0142ug Prawa Pa\u0144skiego, wr\u00f3cili do<br \/>\nGalilei, do swego miasta Nazaret. <\/b>\n<\/div>\n<div align=\"justify\" style=\"line-height: 150%; margin-bottom: 0cm; text-indent: 1.24cm;\">\n<b>Dzieci\u0119<br \/>\nza\u015b ros\u0142o i nabiera\u0142o mocy, nape\u0142niaj\u0105c si\u0119 m\u0105dro\u015bci\u0105, a<br \/>\n\u0142aska Bo\u017ca spoczywa\u0142a na Nim.<\/b><\/div>\n<div align=\"justify\" style=\"line-height: 150%; margin-bottom: 0cm;\">\n<\/p>\n<\/div>\n<div align=\"justify\" style=\"line-height: 150%; margin-bottom: 0cm; page-break-before: auto; text-indent: 1.24cm;\">\nW<br \/>\nswoim bardzo serdecznym, ciep\u0142ym, ale te\u017c zdecydowanym i konkretnym<br \/>\nLi\u015bcie, Jan Aposto\u0142 zwraca si\u0119 do trzech grup ludzi, zaczynaj\u0105c<br \/>\nposzczeg\u00f3lne zdania od stwierdzenia: <i><b>Pisz\u0119 do was,<\/b><\/i> po<br \/>\nczym znowu zwraca si\u0119 do tych samych trzech grup, u\u017cywaj\u0105c tym<br \/>\nrazem stwierdzenia: <i><b>Napisa\u0142em do was. <\/b><\/i>Czy jest to<br \/>\nzamierzony zabieg i czy niesie on jakie\u015b okre\u015blone przes\u0142anie?<br \/>\nTrudno powiedzie\u0107. Zapewne tak\u2026<\/div>\n<div align=\"justify\" style=\"line-height: 150%; margin-bottom: 0cm; text-indent: 1.24cm;\">\nZwa\u017cywszy<br \/>\nna to, \u017ce ka\u017cde ze wspomnianych zda\u0144 zawiera jakie\u015b <b>wa\u017cne<br \/>\nstwierdzenie,<\/b> dotycz\u0105ce Boga lub relacji ludzi do Boga, to taki<br \/>\nzabieg stylistyczny, zastosowany przez Jana, mo\u017cemy uzna\u0107 za<br \/>\n<b>podkre\u015blenie rangi<\/b> przekazywanych stwierdze\u0144. Owo: <i><b>Pisz\u0119<br \/>\ndo was,<\/b><\/i> lub: <i><b>Napisa\u0142em do was,<\/b><\/i> jako\u015b<br \/>\nprzypomina Jezusowe: <i><b>Zaprawd\u0119, powiadam wam\u2026<\/b><\/i>\n<\/div>\n<div align=\"justify\" style=\"line-height: 150%; margin-bottom: 0cm; text-indent: 1.24cm;\">\nGdyby<br \/>\nbowiem te tre\u015bci, kt\u00f3re Jan chcia\u0142 przekaza\u0107 swoim uczniom, nie<br \/>\nby\u0142y a\u017c tak wa\u017cne, to by je <b>po prostu przekaza\u0142, napisa\u0142,<br \/>\npowiedzia\u0142 o nich <\/b>\u2013 nie informuj\u0105c specjalnie, \u017ce w\u0142a\u015bnie<br \/>\no tym pisze, lub napisa\u0142. Skoro jednak tak mocno zosta\u0142a<br \/>\npodkre\u015blona <b>sama czynno\u015b\u0107 obwieszczania nowiny, <\/b>to<b><br \/>\n<\/b>mo\u017cemy uzna\u0107, \u017ce nowina ta naprawd\u0119 jest istotna.\n<\/div>\n<div align=\"justify\" style=\"line-height: 150%; margin-bottom: 0cm; text-indent: 1.24cm;\">\nPoza<br \/>\ntym, stwierdzenie: <i><b>Napisa\u0142em do was<\/b><\/i> \u2013 oznacza<br \/>\nczynno\u015b\u0107 dokonan\u0105, zamkni\u0119t\u0105, a kiedy mowa o napisaniu czego\u015b<br \/>\nwa\u017cnego, to niemal samo nasuwa si\u0119 <b>skojarzenie z piecz\u0119ci\u0105 i<br \/>\npodpisem, <\/b>kt\u00f3rymi zatwierdza si\u0119 samo pismo i jego tre\u015b\u0107.\n<\/div>\n<div align=\"justify\" style=\"line-height: 150%; margin-bottom: 0cm; text-indent: 1.24cm;\">\nWszystko<br \/>\nzatem, co tu sobie m\u00f3wimy, prowadzi nas do wniosku, \u017ce Jan chce<br \/>\nswoim bliskim i umi\u0142owanym przekaza\u0107 co\u015b, co <b>sam uwa\u017ca za<br \/>\nwa\u017cne i chce, aby oni za takie wie\u015bci te uznali.<\/b> S\u0105 to \u2013 jak<br \/>\nczytamy \u2013 g\u0142\u0119bokie <b>duchowe prawdy<\/b> i wynikaj\u0105ce z nich<br \/>\n<b>konkretne konsekwencje <\/b>dla \u017cycia chrze\u015bcijanina.\n<\/div>\n<div align=\"justify\" style=\"line-height: 150%; margin-bottom: 0cm; text-indent: 1.24cm;\">\nMowa<br \/>\njest o odpuszczeniu grzech\u00f3w, o poznaniu Boga, oznaczaj\u0105cym pe\u0142ne<br \/>\nz Nim zjednoczenie; o trwaniu w nauce Bo\u017cej i pokonywaniu zakus\u00f3w<br \/>\nz\u0142ego ducha. Z tego za\u015b wynika konkretny postulat, kt\u00f3ry Jan uj\u0105\u0142<br \/>\nw takich oto s\u0142owach: <i><b>Nie<br \/>\nmi\u0142ujcie \u015bwiata <\/b><\/i><i><b>ani<br \/>\ntego, co jest na \u015bwiecie.<\/b><\/i><b><br \/>\n<\/b>Wyja\u015bniaj\u0105c<br \/>\ngo,<br \/>\nAposto\u0142 stwierdza: <i><b>Je\u015bli<br \/>\nkto mi\u0142uje \u015bwiat, <\/b><\/i><i><b>nie<br \/>\nma w nim mi\u0142o\u015bci Ojca. Wszystko bowiem, co jest na \u015bwiecie, a<br \/>\nwi\u0119c: <\/b><\/i><i><b>po\u017c\u0105dliwo\u015b\u0107<br \/>\ncia\u0142a, po\u017c\u0105dliwo\u015b\u0107 oczu i pycha tego \u017cycia nie pochodzi od<br \/>\nOjca, lecz od \u015bwiata. \u015awiat za\u015b przemija, a z nim jego<br \/>\npo\u017c\u0105dliwo\u015b\u0107; <\/b><\/i><i><b>kto<br \/>\nza\u015b wype\u0142nia wol\u0119 Bo\u017c\u0105, ten trwa na wieki. <\/b><\/i>\n<\/div>\n<div align=\"justify\" style=\"line-height: 150%; margin-bottom: 0cm; text-indent: 1.24cm;\">\nBardzo<br \/>\nwa\u017cne przes\u0142anie, kt\u00f3rym <b>warto<br \/>\nsi\u0119 przej\u0105\u0107.<\/b><br \/>\nWarto wzi\u0105\u0107 sobie <b>g\u0142\u0119boko<br \/>\ndo serca nauk\u0119 Aposto\u0142a<\/b><br \/>\n\u2013 nauk\u0119, kt\u00f3r\u0105 on sam przekazuje z tak\u0105 pieczo\u0142owito\u015bci\u0105 i w<br \/>\nspos\u00f3b tak uroczysty. Nie jest to bowiem jaka\u015b ma\u0142o wa\u017cna<br \/>\nzach\u0119ta, ale<br \/>\n<b>nauka,<br \/>\np\u0142yn\u0105ca od samego Boga! <\/b>Tyle,<br \/>\n\u017ce przekazana przez Aposto\u0142a. Tak<br \/>\nj\u0105 powinni przyj\u0105\u0107 zar\u00f3wno <b>ojcowie<\/b><b>,<br \/>\n<\/b>jak<br \/>\ni <b>dzieci<\/b><b>,<\/b><br \/>\njak te\u017c i <b>m\u0142odzi<\/b><br \/>\n\u2013 a wi\u0119c ci, kt\u00f3rych wymienia Aposto\u0142.\n<\/div>\n<div align=\"justify\" style=\"line-height: 150%; margin-bottom: 0cm; text-indent: 1.24cm;\">\nI<br \/>\nmy wszyscy tak\u017ce, s\u0142uchaj\u0105c s\u0142\u00f3w Aposto\u0142a i bior\u0105c sobie do<br \/>\nserca jego wskazania, mamy w nich odnale\u017a\u0107 <b>Bo\u017ce<br \/>\nwskazania, do nas skierowane. <\/b>Przyda<br \/>\nsi\u0119 w tym celu chocia\u017c troch\u0119 <b>delikatno\u015bci<br \/>\ni wyczulenia na g\u0142os Bo\u017cy,<\/b><br \/>\njakich<br \/>\nprzyk\u0142ad daje nam swoj\u0105 postaw\u0105 Prorokini Anna.\n<\/div>\n<div align=\"justify\" style=\"line-height: 150%; margin-bottom: 0cm; text-indent: 1.24cm;\">\nTa<br \/>\nstarsza kobieta <b>tak<br \/>\n<\/b><b>d\u0142ugo<\/b><b><br \/>\nuczy\u0142a si\u0119 ws\u0142uchiwania w Boga,<\/b><br \/>\ntrwaj\u0105c w ciszy \u015bwi\u0105tyni, \u017ce kiedy zobaczy\u0142a przed sob\u0105<br \/>\nDzieci\u0105tko, przyniesione przez Maryj\u0119 i J\u00f3zefa, <b>od<br \/>\nrazu rozpozna\u0142a w Nim Syna Bo\u017cego<\/b><br \/>\ni odda\u0142a Mu ho\u0142d. Jej<br \/>\nczujno\u015b\u0107 i delikatno\u015b\u0107 najlepiej chyba wyra\u017caj\u0105 s\u0142owa<br \/>\nEwangelisty: <i><b>Przyszed\u0142szy<br \/>\nw tej w\u0142a\u015bnie chwili, s\u0142awi\u0142a Boga i m\u00f3wi\u0142a o Nim wszystkim,<br \/>\nkt\u00f3rzy oczekiwali wyzwolenia Jerozolimy;<\/b><\/i><b><br \/>\n<\/b>szczeg\u00f3lnie<br \/>\nza\u015b s\u0142owo: <b>\u201ew\u0142a\u015bnie\u201d<\/b><br \/>\n\u2013 <i><b>w<br \/>\ntej w\u0142a\u015bnie chwili\u2026 <\/b><\/i>\n<\/div>\n<div align=\"justify\" style=\"line-height: 150%; margin-bottom: 0cm; text-indent: 1.24cm;\">\nSk\u0105d<br \/>\nAnna wiedzia\u0142a, \u017ce ma si\u0119 pojawi\u0107 <b>w<br \/>\ntym w\u0142a\u015bnie miejscu<\/b><br \/>\n\u015bwi\u0105tyni, gdzie byli Rodzice z Dzieci\u0105tkiem \u2013 <i><b>w<br \/>\ntej w\u0142a\u015bnie chwili?<\/b><\/i><b>\u2026<br \/>\n<\/b>Sk\u0105d<br \/>\nwiedzia\u0142a?\u2026 Nie wiemy. A raczej dobrze wiemy \u2013 i nie dziwimy<br \/>\nsi\u0119, bo przekonujemy si\u0119 ju\u017c<br \/>\npo<br \/>\nraz kt\u00f3ry\u015b w naszym \u017cyciowym do\u015bwiadczeniu, \u017ce B\u00f3g tych, kt\u00f3rzy<br \/>\nz Nim blisko przebywaj\u0105, uczy owej<br \/>\n<b>niezwyk\u0142ej<br \/>\nsztuki zauwa\u017cania swojej obecno\u015bci i ws\u0142uchiwania si\u0119 w to, co On<br \/>\nsam chce im powiedzie\u0107. <\/b>\n<\/div>\n<div align=\"justify\" style=\"line-height: 150%; margin-bottom: 0cm; text-indent: 1.24cm;\">\nTacy<br \/>\nludzie nie przegapi\u0105 nigdy Bo\u017cej blisko\u015bci, nie puszcz\u0105 \u201emimo<br \/>\nuszu\u201d \u017cadnego Bo\u017cego s\u0142owa, wezm\u0105 sobie do serca ka\u017cde Bo\u017ce<br \/>\nwezwanie, <b>przejm\u0105<br \/>\nsi\u0119 dog\u0142\u0119bnie Bo\u017c\u0105 nauk\u0105. <\/b>\n<\/div>\n<div align=\"justify\" style=\"line-height: 150%; margin-bottom: 0cm; text-indent: 1.24cm;\">\nW\u0142a\u015bnie<br \/>\ntakiej postawy pragn\u0105\u0142 dla swoich uczni\u00f3w Jan Aposto\u0142. Takie<br \/>\npostawy <b>pragnie<br \/>\ndla nas, swoich uczni\u00f3w, Jezus Chrystus,<\/b><br \/>\nprzychodz\u0105cy do nas w czasie tych \u015awi\u0105t\u2026<\/div>\n<div align=\"justify\" style=\"line-height: 150%; margin-bottom: 0cm; text-indent: 1.24cm;\">\nPomy\u015blmy<br \/>\nzatem:<\/div>\n<div align=\"justify\" style=\"line-height: 150%; margin-bottom: 0cm;\">\n\u2013 Jakie<br \/>\ntre\u015bci poruszy\u0142y moje serce i pozosta\u0142y w nim \u2013 z tego Bo\u017cego<br \/>\ns\u0142owa, kt\u00f3re by\u0142o odczytywane w liturgii kolejnych \u015bwi\u0105tecznych<br \/>\ndni?<\/div>\n<div align=\"justify\" style=\"line-height: 150%; margin-bottom: 0cm;\">\n\u2013 Do<br \/>\njakich konkretnych wniosk\u00f3w doszed\u0142em, zamy\u015blaj\u0105c si\u0119 g\u0142\u0119boko<br \/>\nnad tajemnic\u0105 Bo\u017cego Narodzenia?<\/div>\n<div align=\"justify\" style=\"line-height: 150%; margin-bottom: 0cm;\">\n\u2013 Co<br \/>\nkonkretnie robi\u0119, aby zauwa\u017ca\u0107 przychodzenie Jezusa do mnie?<\/div>\n<p><\/p>\n<div align=\"justify\" style=\"line-height: 150%; margin-bottom: 0cm;\">\n<i><b>Dzieci\u0119<br \/>\nza\u015b ros\u0142o i nabiera\u0142o mocy, nape\u0142niaj\u0105c si\u0119 m\u0105dro\u015bci\u0105, a<br \/>\n\u0142aska Bo\u017ca spoczywa\u0142a na Nim\u2026<\/b><\/i><\/div>\n","protected":false},"excerpt":{"rendered":"<p>Szcz\u0119\u015b\u0107 Bo\u017ce! Moi Drodzy, oba wczorajsze spotkania op\u0142atkowe przebieg\u0142y w pi\u0119knej, \u015bwi\u0105tecznej atmosferze! Niech Pan b\u0119dzie uwielbiony za serdeczn\u0105 blisko\u015b\u0107 ludzi, wychodz\u0105cych do siebie z bia\u0142ym op\u0142atkiem w r\u0119ku i z otwartym sercem, z kt\u00f3rego to serca p\u0142yn\u0105 \u017cyczliwe s\u0142owa. Niech Pan sam wys\u0142ucha wszystkich \u017cycze\u0144, jakie sobie nawzajem w tych dniach sk\u0142adamy i zechce [&hellip;]<\/p>\n","protected":false},"author":1,"featured_media":0,"comment_status":"open","ping_status":"open","sticky":false,"template":"","format":"standard","meta":{"jetpack_post_was_ever_published":false,"_jetpack_newsletter_access":"","_jetpack_dont_email_post_to_subs":false,"_jetpack_newsletter_tier_id":0,"_jetpack_memberships_contains_paywalled_content":false,"_jetpack_memberships_contains_paid_content":false,"footnotes":""},"categories":[1],"tags":[],"class_list":["post-8164","post","type-post","status-publish","format-standard","hentry","category-bez-kategorii"],"yoast_head":"<!-- This site is optimized with the Yoast SEO plugin v25.1 - https:\/\/yoast.com\/wordpress\/plugins\/seo\/ -->\n<title>Pisz\u0119 do was, dzieci... - Gaudium Et Spes<\/title>\n<meta name=\"robots\" content=\"index, follow, max-snippet:-1, max-image-preview:large, max-video-preview:-1\" \/>\n<link rel=\"canonical\" href=\"https:\/\/gaudiumetspes-blog.pl\/index.php\/2015\/12\/30\/pisze-do-was-dzieci\/\" \/>\n<meta property=\"og:locale\" content=\"pl_PL\" \/>\n<meta property=\"og:type\" content=\"article\" \/>\n<meta property=\"og:title\" content=\"Pisz\u0119 do was, dzieci... - Gaudium Et Spes\" \/>\n<meta property=\"og:description\" content=\"Szcz\u0119\u015b\u0107 Bo\u017ce! Moi Drodzy, oba wczorajsze spotkania op\u0142atkowe przebieg\u0142y w pi\u0119knej, \u015bwi\u0105tecznej atmosferze! Niech Pan b\u0119dzie uwielbiony za serdeczn\u0105 blisko\u015b\u0107 ludzi, wychodz\u0105cych do siebie z bia\u0142ym op\u0142atkiem w r\u0119ku i z otwartym sercem, z kt\u00f3rego to serca p\u0142yn\u0105 \u017cyczliwe s\u0142owa. Niech Pan sam wys\u0142ucha wszystkich \u017cycze\u0144, jakie sobie nawzajem w tych dniach sk\u0142adamy i zechce [&hellip;]\" \/>\n<meta property=\"og:url\" content=\"https:\/\/gaudiumetspes-blog.pl\/index.php\/2015\/12\/30\/pisze-do-was-dzieci\/\" \/>\n<meta property=\"og:site_name\" content=\"Gaudium Et Spes\" \/>\n<meta property=\"article:published_time\" content=\"2015-12-30T03:57:00+00:00\" \/>\n<meta property=\"article:modified_time\" content=\"2019-07-31T10:55:58+00:00\" \/>\n<meta name=\"author\" content=\"Ks. Jacek\" \/>\n<meta name=\"twitter:card\" content=\"summary_large_image\" \/>\n<meta name=\"twitter:label1\" content=\"Napisane przez\" \/>\n\t<meta name=\"twitter:data1\" content=\"Ks. Jacek\" \/>\n\t<meta name=\"twitter:label2\" content=\"Szacowany czas czytania\" \/>\n\t<meta name=\"twitter:data2\" content=\"7 minut\" \/>\n<script type=\"application\/ld+json\" class=\"yoast-schema-graph\">{\"@context\":\"https:\/\/schema.org\",\"@graph\":[{\"@type\":\"WebPage\",\"@id\":\"https:\/\/gaudiumetspes-blog.pl\/index.php\/2015\/12\/30\/pisze-do-was-dzieci\/\",\"url\":\"https:\/\/gaudiumetspes-blog.pl\/index.php\/2015\/12\/30\/pisze-do-was-dzieci\/\",\"name\":\"Pisz\u0119 do was, dzieci... - Gaudium Et Spes\",\"isPartOf\":{\"@id\":\"https:\/\/gaudiumetspes-blog.pl\/#website\"},\"datePublished\":\"2015-12-30T03:57:00+00:00\",\"dateModified\":\"2019-07-31T10:55:58+00:00\",\"author\":{\"@id\":\"https:\/\/gaudiumetspes-blog.pl\/#\/schema\/person\/1661982992b752dea8dff0d4ed845a65\"},\"breadcrumb\":{\"@id\":\"https:\/\/gaudiumetspes-blog.pl\/index.php\/2015\/12\/30\/pisze-do-was-dzieci\/#breadcrumb\"},\"inLanguage\":\"pl-PL\",\"potentialAction\":[{\"@type\":\"ReadAction\",\"target\":[\"https:\/\/gaudiumetspes-blog.pl\/index.php\/2015\/12\/30\/pisze-do-was-dzieci\/\"]}]},{\"@type\":\"BreadcrumbList\",\"@id\":\"https:\/\/gaudiumetspes-blog.pl\/index.php\/2015\/12\/30\/pisze-do-was-dzieci\/#breadcrumb\",\"itemListElement\":[{\"@type\":\"ListItem\",\"position\":1,\"name\":\"Strona g\u0142\u00f3wna\",\"item\":\"https:\/\/gaudiumetspes-blog.pl\/\"},{\"@type\":\"ListItem\",\"position\":2,\"name\":\"Pisz\u0119 do&nbsp;was, dzieci&#8230;\"}]},{\"@type\":\"WebSite\",\"@id\":\"https:\/\/gaudiumetspes-blog.pl\/#website\",\"url\":\"https:\/\/gaudiumetspes-blog.pl\/\",\"name\":\"Gaudium Et Spes\",\"description\":\"Blog Ks. Jacka Ja\u015bkowskiego\",\"potentialAction\":[{\"@type\":\"SearchAction\",\"target\":{\"@type\":\"EntryPoint\",\"urlTemplate\":\"https:\/\/gaudiumetspes-blog.pl\/?s={search_term_string}\"},\"query-input\":{\"@type\":\"PropertyValueSpecification\",\"valueRequired\":true,\"valueName\":\"search_term_string\"}}],\"inLanguage\":\"pl-PL\"},{\"@type\":\"Person\",\"@id\":\"https:\/\/gaudiumetspes-blog.pl\/#\/schema\/person\/1661982992b752dea8dff0d4ed845a65\",\"name\":\"Ks. Jacek\",\"image\":{\"@type\":\"ImageObject\",\"inLanguage\":\"pl-PL\",\"@id\":\"https:\/\/gaudiumetspes-blog.pl\/#\/schema\/person\/image\/\",\"url\":\"https:\/\/gaudiumetspes-blog.pl\/wp-content\/uploads\/2019\/07\/avatar-JJ-150x150.jpg\",\"contentUrl\":\"https:\/\/gaudiumetspes-blog.pl\/wp-content\/uploads\/2019\/07\/avatar-JJ-150x150.jpg\",\"caption\":\"Ks. Jacek\"},\"description\":\"Witam serdecznie! K\u0142ania si\u0119 Ks. Jacek Ja\u015bkowski. Nie jestem ani kim\u015b wa\u017cnym, ani kim\u015b znanym. Jestem ksi\u0119dzem, kt\u00f3ry po prostu chce rozmawia\u0107. Codzienna kap\u0142a\u0144ska pos\u0142uga pokazuje mi, \u017ce temat\u00f3w do rozm\u00f3w z ksi\u0119dzem jest coraz wi\u0119cej i dzisiaj \u017caden ksi\u0105dz nie mo\u017ce od nich ucieka\u0107, ale - wprost przeciwnie - podejmowa\u0107 nowe wyzwania. To przekonanie sk\u0142oni\u0142o mnie do pr\u00f3by otwarcia tego\u017c bloga, chocia\u017c okazji do rozm\u00f3w na co dzie\u0144 - w konfesjonale i poza nim - na szcz\u0119\u015bcie nie brakuje. My\u015bl\u0119 jednak, \u017ce ten blog b\u0119dzie jeszcze jednym sposobem i przestrzeni\u0105 nawi\u0105zania kontaktu z lud\u017ami dobrej woli, otwartymi na dialog.\",\"url\":\"https:\/\/gaudiumetspes-blog.pl\/index.php\/author\/ks-jacek\/\"}]}<\/script>\n<!-- \/ Yoast SEO plugin. -->","yoast_head_json":{"title":"Pisz\u0119 do was, dzieci... - Gaudium Et Spes","robots":{"index":"index","follow":"follow","max-snippet":"max-snippet:-1","max-image-preview":"max-image-preview:large","max-video-preview":"max-video-preview:-1"},"canonical":"https:\/\/gaudiumetspes-blog.pl\/index.php\/2015\/12\/30\/pisze-do-was-dzieci\/","og_locale":"pl_PL","og_type":"article","og_title":"Pisz\u0119 do was, dzieci... - Gaudium Et Spes","og_description":"Szcz\u0119\u015b\u0107 Bo\u017ce! Moi Drodzy, oba wczorajsze spotkania op\u0142atkowe przebieg\u0142y w pi\u0119knej, \u015bwi\u0105tecznej atmosferze! Niech Pan b\u0119dzie uwielbiony za serdeczn\u0105 blisko\u015b\u0107 ludzi, wychodz\u0105cych do siebie z bia\u0142ym op\u0142atkiem w r\u0119ku i z otwartym sercem, z kt\u00f3rego to serca p\u0142yn\u0105 \u017cyczliwe s\u0142owa. Niech Pan sam wys\u0142ucha wszystkich \u017cycze\u0144, jakie sobie nawzajem w tych dniach sk\u0142adamy i zechce [&hellip;]","og_url":"https:\/\/gaudiumetspes-blog.pl\/index.php\/2015\/12\/30\/pisze-do-was-dzieci\/","og_site_name":"Gaudium Et Spes","article_published_time":"2015-12-30T03:57:00+00:00","article_modified_time":"2019-07-31T10:55:58+00:00","author":"Ks. Jacek","twitter_card":"summary_large_image","twitter_misc":{"Napisane przez":"Ks. Jacek","Szacowany czas czytania":"7 minut"},"schema":{"@context":"https:\/\/schema.org","@graph":[{"@type":"WebPage","@id":"https:\/\/gaudiumetspes-blog.pl\/index.php\/2015\/12\/30\/pisze-do-was-dzieci\/","url":"https:\/\/gaudiumetspes-blog.pl\/index.php\/2015\/12\/30\/pisze-do-was-dzieci\/","name":"Pisz\u0119 do was, dzieci... - Gaudium Et Spes","isPartOf":{"@id":"https:\/\/gaudiumetspes-blog.pl\/#website"},"datePublished":"2015-12-30T03:57:00+00:00","dateModified":"2019-07-31T10:55:58+00:00","author":{"@id":"https:\/\/gaudiumetspes-blog.pl\/#\/schema\/person\/1661982992b752dea8dff0d4ed845a65"},"breadcrumb":{"@id":"https:\/\/gaudiumetspes-blog.pl\/index.php\/2015\/12\/30\/pisze-do-was-dzieci\/#breadcrumb"},"inLanguage":"pl-PL","potentialAction":[{"@type":"ReadAction","target":["https:\/\/gaudiumetspes-blog.pl\/index.php\/2015\/12\/30\/pisze-do-was-dzieci\/"]}]},{"@type":"BreadcrumbList","@id":"https:\/\/gaudiumetspes-blog.pl\/index.php\/2015\/12\/30\/pisze-do-was-dzieci\/#breadcrumb","itemListElement":[{"@type":"ListItem","position":1,"name":"Strona g\u0142\u00f3wna","item":"https:\/\/gaudiumetspes-blog.pl\/"},{"@type":"ListItem","position":2,"name":"Pisz\u0119 do&nbsp;was, dzieci&#8230;"}]},{"@type":"WebSite","@id":"https:\/\/gaudiumetspes-blog.pl\/#website","url":"https:\/\/gaudiumetspes-blog.pl\/","name":"Gaudium Et Spes","description":"Blog Ks. Jacka Ja\u015bkowskiego","potentialAction":[{"@type":"SearchAction","target":{"@type":"EntryPoint","urlTemplate":"https:\/\/gaudiumetspes-blog.pl\/?s={search_term_string}"},"query-input":{"@type":"PropertyValueSpecification","valueRequired":true,"valueName":"search_term_string"}}],"inLanguage":"pl-PL"},{"@type":"Person","@id":"https:\/\/gaudiumetspes-blog.pl\/#\/schema\/person\/1661982992b752dea8dff0d4ed845a65","name":"Ks. Jacek","image":{"@type":"ImageObject","inLanguage":"pl-PL","@id":"https:\/\/gaudiumetspes-blog.pl\/#\/schema\/person\/image\/","url":"https:\/\/gaudiumetspes-blog.pl\/wp-content\/uploads\/2019\/07\/avatar-JJ-150x150.jpg","contentUrl":"https:\/\/gaudiumetspes-blog.pl\/wp-content\/uploads\/2019\/07\/avatar-JJ-150x150.jpg","caption":"Ks. Jacek"},"description":"Witam serdecznie! K\u0142ania si\u0119 Ks. Jacek Ja\u015bkowski. Nie jestem ani kim\u015b wa\u017cnym, ani kim\u015b znanym. Jestem ksi\u0119dzem, kt\u00f3ry po prostu chce rozmawia\u0107. Codzienna kap\u0142a\u0144ska pos\u0142uga pokazuje mi, \u017ce temat\u00f3w do rozm\u00f3w z ksi\u0119dzem jest coraz wi\u0119cej i dzisiaj \u017caden ksi\u0105dz nie mo\u017ce od nich ucieka\u0107, ale - wprost przeciwnie - podejmowa\u0107 nowe wyzwania. To przekonanie sk\u0142oni\u0142o mnie do pr\u00f3by otwarcia tego\u017c bloga, chocia\u017c okazji do rozm\u00f3w na co dzie\u0144 - w konfesjonale i poza nim - na szcz\u0119\u015bcie nie brakuje. My\u015bl\u0119 jednak, \u017ce ten blog b\u0119dzie jeszcze jednym sposobem i przestrzeni\u0105 nawi\u0105zania kontaktu z lud\u017ami dobrej woli, otwartymi na dialog.","url":"https:\/\/gaudiumetspes-blog.pl\/index.php\/author\/ks-jacek\/"}]}},"jetpack_featured_media_url":"","jetpack_sharing_enabled":true,"_links":{"self":[{"href":"https:\/\/gaudiumetspes-blog.pl\/index.php\/wp-json\/wp\/v2\/posts\/8164","targetHints":{"allow":["GET"]}}],"collection":[{"href":"https:\/\/gaudiumetspes-blog.pl\/index.php\/wp-json\/wp\/v2\/posts"}],"about":[{"href":"https:\/\/gaudiumetspes-blog.pl\/index.php\/wp-json\/wp\/v2\/types\/post"}],"author":[{"embeddable":true,"href":"https:\/\/gaudiumetspes-blog.pl\/index.php\/wp-json\/wp\/v2\/users\/1"}],"replies":[{"embeddable":true,"href":"https:\/\/gaudiumetspes-blog.pl\/index.php\/wp-json\/wp\/v2\/comments?post=8164"}],"version-history":[{"count":1,"href":"https:\/\/gaudiumetspes-blog.pl\/index.php\/wp-json\/wp\/v2\/posts\/8164\/revisions"}],"predecessor-version":[{"id":12424,"href":"https:\/\/gaudiumetspes-blog.pl\/index.php\/wp-json\/wp\/v2\/posts\/8164\/revisions\/12424"}],"wp:attachment":[{"href":"https:\/\/gaudiumetspes-blog.pl\/index.php\/wp-json\/wp\/v2\/media?parent=8164"}],"wp:term":[{"taxonomy":"category","embeddable":true,"href":"https:\/\/gaudiumetspes-blog.pl\/index.php\/wp-json\/wp\/v2\/categories?post=8164"},{"taxonomy":"post_tag","embeddable":true,"href":"https:\/\/gaudiumetspes-blog.pl\/index.php\/wp-json\/wp\/v2\/tags?post=8164"}],"curies":[{"name":"wp","href":"https:\/\/api.w.org\/{rel}","templated":true}]}}