{"id":8165,"date":"2015-12-29T05:01:00","date_gmt":"2015-12-29T04:01:00","guid":{"rendered":"https:\/\/gaudiumetspes-blog.pl\/index.php\/2015\/12\/29\/jak-poznac-i-rozpoznac-jezusa\/"},"modified":"2019-07-31T12:55:58","modified_gmt":"2019-07-31T10:55:58","slug":"jak-poznac-i-rozpoznac-jezusa","status":"publish","type":"post","link":"https:\/\/gaudiumetspes-blog.pl\/index.php\/2015\/12\/29\/jak-poznac-i-rozpoznac-jezusa\/","title":{"rendered":"Jak pozna\u0107 i rozpozna\u0107 Jezusa?&#8230;"},"content":{"rendered":"<div align=\"justify\" style=\"line-height: 150%; margin-bottom: 0cm;\">\nSzcz\u0119\u015b\u0107 Bo\u017ce! Moi Drodzy, w dniu dzisiejszym<b> swoje imieniny obchodzi Dawid B\u0142aszczak, wypowiadaj\u0105cy si\u0119 do\u015b\u0107 cz\u0119sto na naszym blogu. Serdecznie dzi\u0119kuj\u0105c Solenizantowi za ten tw\u00f3rczy wk\u0142ad w nasze dyskusje, jednocze\u015bnie \u017cycz\u0119 Bo\u017cych natchnie\u0144 i wszelkich \u0142ask w kszta\u0142towaniu \u017cycia rodzinnego i w pracy naukowej. Wspieram modlitw\u0105!<\/b><\/div>\n<div align=\"justify\" style=\"line-height: 150%; margin-bottom: 0cm;\">\n&nbsp; &nbsp; &nbsp; &nbsp; A ja dzisiaj planuj\u0119 udzia\u0142 w dw\u00f3ch spotkaniach op\u0142atkowych: w Urz\u0119dzie Gminy w Miastkowie i w Warszawie, w gronie dawnego KSM z Radory\u017ca Ko\u015bcielnego, z mojego pierwszego Wikariatu. B\u0119dzie okazja wsp\u00f3lnie si\u0119 pomodli\u0107, po\u017cyczy\u0107 sobie, powspomina\u0107&#8230;<\/div>\n<div align=\"justify\" style=\"line-height: 150%; margin-bottom: 0cm;\">\n&nbsp; &nbsp; &nbsp; &nbsp; &nbsp; &nbsp; &nbsp; Dobrego dnia!<\/div>\n<div align=\"justify\" style=\"line-height: 150%; margin-bottom: 0cm;\">\n&nbsp; &nbsp; &nbsp; &nbsp; &nbsp; &nbsp; &nbsp; &nbsp; &nbsp; &nbsp; &nbsp; &nbsp; &nbsp; &nbsp; &nbsp; &nbsp; Gaudium et spes! &nbsp;Ks. Jacek<\/div>\n<div align=\"justify\" style=\"line-height: 150%; margin-bottom: 0cm;\">\n<b><br \/><\/b><\/div>\n<div align=\"justify\" style=\"line-height: 150%; margin-bottom: 0cm;\">\n<b>Pi\u0105ty<br \/>\ndzie\u0144 Oktawy Narodzenia Pa\u0144skiego,<\/b><\/div>\n<div align=\"justify\" style=\"line-height: 150%; margin-bottom: 0cm;\">\n<b>do<br \/>\nczyta\u0144:  1 J 2,3\u201311;  \u0141k 2,22\u201335<\/b><\/div>\n<div align=\"justify\" style=\"line-height: 150%; margin-bottom: 0cm;\">\n<\/div>\n<div align=\"justify\" style=\"line-height: 150%; margin-bottom: 0cm; page-break-before: auto;\">\n<b>CZYTANIE<br \/>\nZ PIERWSZEGO LISTU \u015aWI\u0118TEGO JANA APOSTO\u0141A:<\/b><\/div>\n<div align=\"justify\" style=\"line-height: 150%; margin-bottom: 0cm; page-break-before: auto;\">\n<b>Najmilsi:<br \/>\n<\/b>\n<\/div>\n<div align=\"justify\" style=\"line-height: 150%; margin-bottom: 0cm;\">\n<b>Po<br \/>\ntym poznajemy, \u017ce znamy Jezusa, <\/b>\n<\/div>\n<div align=\"justify\" style=\"line-height: 150%; margin-bottom: 0cm;\">\n<b>je\u017celi<br \/>\nzachowujemy Jego przykazania. <\/b>\n<\/div>\n<div align=\"justify\" style=\"line-height: 150%; margin-bottom: 0cm;\">\n<b>Kto<br \/>\nm\u00f3wi: \u201eZnam Go\u201d, <\/b>\n<\/div>\n<div align=\"justify\" style=\"line-height: 150%; margin-bottom: 0cm;\">\n<b>a<br \/>\nnie zachowuje Jego przykaza\u0144, <\/b>\n<\/div>\n<div align=\"justify\" style=\"line-height: 150%; margin-bottom: 0cm;\">\n<b>ten<br \/>\njest k\u0142amc\u0105 <\/b>\n<\/div>\n<div align=\"justify\" style=\"line-height: 150%; margin-bottom: 0cm;\">\n<b>i<br \/>\nnie ma w nim prawdy. <\/b>\n<\/div>\n<div align=\"justify\" style=\"line-height: 150%; margin-bottom: 0cm;\">\n<b>Kto<br \/>\nza\u015b zachowuje Jego nauk\u0119, <\/b>\n<\/div>\n<div align=\"justify\" style=\"line-height: 150%; margin-bottom: 0cm;\">\n<b>w<br \/>\ntym naprawd\u0119 mi\u0142o\u015b\u0107 Bo\u017ca jest doskona\u0142a. <\/b>\n<\/div>\n<div align=\"justify\" style=\"line-height: 150%; margin-bottom: 0cm;\">\n<b>Po<br \/>\ntym w\u0142a\u015bnie poznajemy, <\/b>\n<\/div>\n<div align=\"justify\" style=\"line-height: 150%; margin-bottom: 0cm;\">\n<b>\u017ce<br \/>\njeste\u015bmy w Nim. <\/b>\n<\/div>\n<div align=\"justify\" style=\"line-height: 150%; margin-bottom: 0cm;\">\n<b>Kto<br \/>\ntwierdzi, \u017ce w Nim trwa, <\/b>\n<\/div>\n<div align=\"justify\" style=\"line-height: 150%; margin-bottom: 0cm;\">\n<b>powinien<br \/>\nr\u00f3wnie\u017c sam post\u0119powa\u0107 tak, <\/b>\n<\/div>\n<div align=\"justify\" style=\"line-height: 150%; margin-bottom: 0cm;\">\n<b>jak<br \/>\nOn post\u0119powa\u0142. <\/b>\n<\/div>\n<div align=\"justify\" style=\"line-height: 150%; margin-bottom: 0cm;\">\n<b>Umi\u0142owani,<br \/>\n<\/b>\n<\/div>\n<div align=\"justify\" style=\"line-height: 150%; margin-bottom: 0cm;\">\n<b>nie<br \/>\npisz\u0119 do was o nowym przykazaniu, <\/b>\n<\/div>\n<div align=\"justify\" style=\"line-height: 150%; margin-bottom: 0cm;\">\n<b>ale<br \/>\no przykazaniu istniej\u0105cym od dawna, <\/b>\n<\/div>\n<div align=\"justify\" style=\"line-height: 150%; margin-bottom: 0cm;\">\n<b>kt\u00f3re<br \/>\nmieli\u015bcie od samego pocz\u0105tku; <\/b>\n<\/div>\n<div align=\"justify\" style=\"line-height: 150%; margin-bottom: 0cm;\">\n<b>tym<br \/>\ndawnym przykazaniem <\/b>\n<\/div>\n<div align=\"justify\" style=\"line-height: 150%; margin-bottom: 0cm;\">\n<b>jest<br \/>\nnauka, kt\u00f3r\u0105\u015bcie s\u0142yszeli. <\/b>\n<\/div>\n<div align=\"justify\" style=\"line-height: 150%; margin-bottom: 0cm;\">\n<b>A<br \/>\njednak pisz\u0119 wam <\/b>\n<\/div>\n<div align=\"justify\" style=\"line-height: 150%; margin-bottom: 0cm;\">\n<b>o<br \/>\nnowym przykazaniu, <\/b>\n<\/div>\n<div align=\"justify\" style=\"line-height: 150%; margin-bottom: 0cm;\">\n<b>kt\u00f3re<br \/>\nprawdziwe jest w Nim i w was, <\/b>\n<\/div>\n<div align=\"justify\" style=\"line-height: 150%; margin-bottom: 0cm;\">\n<b>poniewa\u017c<br \/>\nciemno\u015bci ust\u0119puj\u0105, <\/b>\n<\/div>\n<div align=\"justify\" style=\"line-height: 150%; margin-bottom: 0cm;\">\n<b>a<br \/>\n\u015bwieci ju\u017c prawdziwa \u015bwiat\u0142o\u015b\u0107. <\/b>\n<\/div>\n<div align=\"justify\" style=\"line-height: 150%; margin-bottom: 0cm;\">\n<b>Kto<br \/>\ntwierdzi, \u017ce \u017cyje w \u015bwiat\u0142o\u015bci, <\/b>\n<\/div>\n<div align=\"justify\" style=\"line-height: 150%; margin-bottom: 0cm;\">\n<b>a<br \/>\nnienawidzi brata swego, <\/b>\n<\/div>\n<div align=\"justify\" style=\"line-height: 150%; margin-bottom: 0cm;\">\n<b>dot\u0105d<br \/>\njeszcze jest w ciemno\u015bci. <\/b>\n<\/div>\n<div align=\"justify\" style=\"line-height: 150%; margin-bottom: 0cm;\">\n<b>Kto<br \/>\nmi\u0142uje swego brata, <\/b>\n<\/div>\n<div align=\"justify\" style=\"line-height: 150%; margin-bottom: 0cm;\">\n<b>ten<br \/>\ntrwa w \u015bwiat\u0142o\u015bci <\/b>\n<\/div>\n<div align=\"justify\" style=\"line-height: 150%; margin-bottom: 0cm;\">\n<b>i<br \/>\nnie mo\u017ce si\u0119 potkn\u0105\u0107. <\/b>\n<\/div>\n<div align=\"justify\" style=\"line-height: 150%; margin-bottom: 0cm;\">\n<b>Kto<br \/>\nza\u015b swojego brata nienawidzi, <\/b>\n<\/div>\n<div align=\"justify\" style=\"line-height: 150%; margin-bottom: 0cm;\">\n<b>\u017cyje<br \/>\nw ciemno\u015bci <\/b>\n<\/div>\n<div align=\"justify\" style=\"line-height: 150%; margin-bottom: 0cm;\">\n<b>i<br \/>\ndzia\u0142a w ciemno\u015bci <\/b>\n<\/div>\n<div align=\"justify\" style=\"line-height: 150%; margin-bottom: 0cm;\">\n<b>i<br \/>\nnie wie, dok\u0105d d\u0105\u017cy, <\/b>\n<\/div>\n<div align=\"justify\" style=\"line-height: 150%; margin-bottom: 0cm;\">\n<b>poniewa\u017c<br \/>\nciemno\u015bci dotkn\u0119\u0142y \u015blepot\u0105 jego oczy.<\/b><\/div>\n<div align=\"justify\" style=\"line-height: 150%; margin-bottom: 0cm;\">\n<\/div>\n<div align=\"justify\" style=\"line-height: 150%; margin-bottom: 0cm;\">\n<b>S\u0141OWA<br \/>\nEWANGELII WED\u0141UG \u015aWI\u0118TEGO<br \/>\n\u0141UKASZA: <\/b>\n<\/div>\n<div align=\"justify\" style=\"line-height: 150%; margin-bottom: 0cm; page-break-before: auto; text-indent: 1.3cm;\">\n<b>Gdy<br \/>\nup\u0142yn\u0119\u0142y dni Ich oczyszczenia wed\u0142ug Prawa Moj\u017ceszowego, Rodzice<br \/>\nprzynie\u015bli Jezusa do Jerozolimy, aby Go przedstawi\u0107 Panu. Tak<br \/>\nbowiem jest napisane w Prawie Pa\u0144skim: \u201eKa\u017cde pierworodne dziecko<br \/>\np\u0142ci m\u0119skiej b\u0119dzie po\u015bwi\u0119cone Panu\u201d. Mieli r\u00f3wnie\u017c z\u0142o\u017cy\u0107<br \/>\nw ofierze par\u0119 synogarlic albo dwa m\u0142ode go\u0142\u0119bie, zgodnie z<br \/>\nprzepisem Prawa Pa\u0144skiego.<\/b><\/div>\n<div align=\"justify\" style=\"line-height: 150%; margin-bottom: 0cm; text-indent: 1.3cm;\">\n<b>A<br \/>\n\u017cy\u0142 w Jerozolimie cz\u0142owiek, imieniem Symeon. By\u0142 to cz\u0142owiek<br \/>\nprawy i pobo\u017cny, wyczekiwa\u0142 pociechy Izraela, a Duch \u015awi\u0119ty<br \/>\nspoczywa\u0142 na nim. Jemu Duch \u015awi\u0119ty objawi\u0142, \u017ce nie ujrzy<br \/>\n\u015bmierci, a\u017c zobaczy Mesjasza Pa\u0144skiego. Za natchnieniem wi\u0119c<br \/>\nDucha przyszed\u0142 do \u015bwi\u0105tyni. A gdy Rodzice wnosili Dzieci\u0105tko<br \/>\nJezus, aby post\u0105pi\u0107 z Nim wed\u0142ug zwyczaju Prawa, on wzi\u0105\u0142 Je w<br \/>\nobj\u0119cia, b\u0142ogos\u0142awi\u0142 Boga i m\u00f3wi\u0142: <\/b>\n<\/div>\n<div align=\"justify\" style=\"line-height: 150%; margin-bottom: 0cm; text-indent: 1.3cm;\">\n\u201e<b>Teraz,<br \/>\no W\u0142adco, pozw\u00f3l odej\u015b\u0107 s\u0142udze Twemu <\/b>\n<\/div>\n<div align=\"justify\" style=\"line-height: 150%; margin-bottom: 0cm;\">\n<b>w<br \/>\npokoju, wed\u0142ug Twojego s\u0142owa. <\/b>\n<\/div>\n<div align=\"justify\" style=\"line-height: 150%; margin-bottom: 0cm;\">\n<b>Bo<br \/>\nmoje oczy ujrza\u0142y Twoje zbawienie, <\/b>\n<\/div>\n<div align=\"justify\" style=\"line-height: 150%; margin-bottom: 0cm;\">\n<b>kt\u00f3re\u015b<br \/>\nprzygotowa\u0142 wobec wszystkich narod\u00f3w: <\/b>\n<\/div>\n<div align=\"justify\" style=\"line-height: 150%; margin-bottom: 0cm;\">\n<b>\u015bwiat\u0142o<br \/>\nna o\u015bwiecenie pogan <\/b>\n<\/div>\n<div align=\"justify\" style=\"line-height: 150%; margin-bottom: 0cm;\">\n<b>i<br \/>\nchwa\u0142\u0119 ludu Twego, Izraela\u201d. <\/b>\n<\/div>\n<div align=\"justify\" style=\"line-height: 150%; margin-bottom: 0cm; text-indent: 1.3cm;\">\n<b>A<br \/>\nJego ojciec i Matka dziwili si\u0119 temu, co o Nim m\u00f3wiono. Symeon za\u015b<br \/>\nb\u0142ogos\u0142awi\u0142 Ich i rzek\u0142 do Maryi, Matki Jego: \u201eOto Ten<br \/>\nprzeznaczony jest na upadek i na powstanie wielu w Izraelu i na znak,<br \/>\nkt\u00f3remu sprzeciwia\u0107 si\u0119 b\u0119d\u0105. A Twoj\u0105 dusz\u0119 miecz przeniknie,<br \/>\naby na jaw wysz\u0142y zamys\u0142y serc wielu\u201d.<\/b><\/div>\n<div align=\"justify\" style=\"line-height: 150%; margin-bottom: 0cm;\">\n<\/div>\n<div align=\"justify\" style=\"line-height: 150%; margin-bottom: 0cm; page-break-before: auto; text-indent: 1.3cm;\">\nTrwamy<br \/>\nw rado\u015bci \u015bwi\u0105tecznej \u2013 <b>rado\u015bci z Narodzenia Pana.<\/b><br \/>\nMin\u0119\u0142y ju\u017c \u015awi\u0119ta, ale przed nami jeszcze kilka dni Oktawy i jej<br \/>\nzako\u0144czenie w <b>Uroczysto\u015b\u0107 \u015awi\u0119tej Bo\u017cej Rodzicielki, <\/b>kt\u00f3ra<br \/>\nto uroczysto\u015b\u0107 jest te\u017c pierwszym dniem nowego roku, a potem<br \/>\njeszcze \u2013 <b>Uroczysto\u015b\u0107 Objawienia Pa\u0144skiego,<\/b> zwana<br \/>\nuroczysto\u015bci\u0105 Trzech Kr\u00f3li, a zako\u0144czeniem Okresu Bo\u017cego<br \/>\nNarodzenia jest <b>Niedziela Chrztu Pa\u0144skiego.<\/b>\n<\/div>\n<div align=\"justify\" style=\"line-height: 150%; margin-bottom: 0cm; text-indent: 1.3cm;\">\nTak<br \/>\nwi\u0119c, jeste\u015bmy w trakcie tych pi\u0119knych prze\u017cy\u0107, mamy natomiast<br \/>\nju\u017c za sob\u0105 prze\u017cycie samego centralnego wydarzenia Narodzenia<br \/>\nPana. Mo\u017cna wi\u0119c na tym etapie \u2013 w kontek\u015bcie dzisiejszego<br \/>\nBo\u017cego s\u0142owa \u2013 postawi\u0107 sobie dwa pytania:<b> Czy pozna\u0142em ju\u017c<br \/>\nJezusa? I czy ju\u017c Go rozpozna\u0142em?<\/b>\n<\/div>\n<div align=\"justify\" style=\"line-height: 150%; margin-bottom: 0cm; text-indent: 1.3cm;\">\nNaturalnie,<br \/>\nmamy tu na my\u015bli <b>biblijne rozumienie s\u0142\u00f3w: \u201ezna\u0107\u201d i<br \/>\n\u201epozna\u0107\u201d,<\/b> kt\u00f3re to rozumienie \u2013 jak wiemy \u2013 jest<br \/>\nszersze, od tego tradycyjnego, bo oznacza nie tylko: \u201ewiedzie\u0107,<br \/>\nkto to jest\u201d, ale te\u017c <b>\u201eby\u0107 z nim blisko\u201d,<\/b> a w\u0142a\u015bciwie:<br \/>\n<b>\u201eby\u0107 z nim jedno\u201d\u2026 <\/b>\n<\/div>\n<div align=\"justify\" style=\"line-height: 150%; margin-bottom: 0cm; text-indent: 1.3cm;\">\nZreszt\u0105,<br \/>\njasno i prosto wyra\u017ca to pierwsze czytanie, w s\u0142owach: <i><b>Po<br \/>\ntym poznajemy, \u017ce znamy Jezusa, <\/b><\/i><i><b>je\u017celi<br \/>\nzachowujemy Jego przykazania. Kto m\u00f3wi: \u201eZnam Go\u201d, a nie<br \/>\nzachowuje Jego przykaza\u0144, ten jest k\u0142amc\u0105 <\/b><\/i><i><b>i<br \/>\nnie ma w nim prawdy.<\/b><\/i><b><br \/>\n<\/b>\n<\/div>\n<div align=\"justify\" style=\"line-height: 150%; margin-bottom: 0cm; text-indent: 1.3cm;\">\nA<br \/>\nznowu, znaczenie s\u0142owa <b>\u201erozpozna\u0107\u201d<\/b><br \/>\ndobitnie wyja\u015bnia nam starzec Symeon, kt\u00f3ry rozpoznawszy w Jezusie<br \/>\nobiecanego i oczekiwanego Mesjasza, jednocze\u015bnie <b>bezb\u0142\u0119dnie<br \/>\nodczyta\u0142 Bo\u017c\u0105 interwencj\u0119 w dziejach \u015bwiata i cz\u0142owieka. <\/b>A<br \/>\nnajpierw \u2013 <b>w<br \/>\nswoich w\u0142asnych dziejach, <\/b>kt\u00f3re<br \/>\nju\u017c teraz mog\u0142y si\u0119 spokojnie<br \/>\nzako\u0144czy\u0107,<br \/>\nbo spe\u0142ni\u0142a si\u0119 obietnica Bo\u017ca, wed\u0142ug kt\u00f3rej Symeon przed<br \/>\n\u015bmierci\u0105 mia\u0142 ujrze\u0107 <i><b>Mesjasza<br \/>\nPa\u0144skiego.<\/b><\/i><br \/>\nRozpoznaj\u0105c Go zatem w tym ma\u0142ym Dzieci\u0105tku, kt\u00f3re mu<br \/>\nprzyniesiono, Symeon<b><br \/>\nrozpozna\u0142 samego Boga<\/b><br \/>\ni do\u015bwiadczy\u0142 na sobie \u2013 tak bardzo wprost i tak bardzo osobi\u015bcie<br \/>\n\u2013 <b>Jego<br \/>\nmi\u0142o\u015bci.<\/b><\/p>\n<\/div>\n<div align=\"justify\" style=\"line-height: 150%; margin-bottom: 0cm; text-indent: 1.3cm;\">\nKochani,<br \/>\no takim w\u0142a\u015bnie \u201epoznaniu\u201d i \u201erozpoznaniu\u201d dzisiaj m\u00f3wimy.<br \/>\nCzy mo\u017cemy z przekonaniem stwierdzi\u0107, \u017ce po prze\u017cytych \u015awi\u0119tach<br \/>\n<b>my<br \/>\ntak\u017ce w\u0142a\u015bnie tak \u201epoznali\u015bmy\u201d i \u201erozpoznali\u015bmy\u201d Jezusa?<\/b><br \/>\nTo znaczy: czy jest On nam bardzo bliski? A przynajmniej: <b>troch\u0119<br \/>\nbli\u017cszy, ni\u017c by\u0142 przed \u015awi\u0119tami?<\/b><br \/>\nI czy poczuli\u015bmy si\u0119 dotkni\u0119ci mi\u0142o\u015bci\u0105 Bo\u017c\u0105? <b>Czy<br \/>\nchocia\u017c raz pomy\u015bleli\u015bmy <\/b><b>w<br \/>\nten spos\u00f3b o \u015awi\u0119tach,<\/b><br \/>\no Bo\u017cym Narodzeniu i o tym wszystkim, co w tych dniach prze\u017cywali\u015bmy<br \/>\n\u2013 czy mo\u017ce inne sprawy bardziej nas zaabsorbowa\u0142y?\u2026\n<\/div>\n<div align=\"justify\" style=\"line-height: 150%; margin-bottom: 0cm; text-indent: 1.3cm;\">\nWarto,<br \/>\nmoi<br \/>\nDrodzy, naprawd\u0119<br \/>\nwarto podejmowa\u0107 wysi\u0142ek duchowy, aby <b>Jezusa<br \/>\n\u201epoznawa\u0107\u201d i \u201erozpoznawa\u0107\u201d. <\/b>I<br \/>\nnie po to, by<br \/>\nby\u0142<br \/>\nOn tylko przelotnym \u201eznajomym\u201d, ale by by\u0142 <b>Bratem<br \/>\ni Przyjacielem!<\/b><br \/>\nBy by\u0142 prawdziwie \u2013 <b>Bogiem<br \/>\ni Panem! <\/b>\n<\/div>\n<div align=\"justify\" style=\"line-height: 150%; margin-bottom: 0cm; text-indent: 1.3cm;\">\nA<br \/>\njest to o tyle wa\u017cne i o tyle potrzebne, \u017ce w ten spos\u00f3b nie tylko<br \/>\nnasze \u017cycie nabierze ca\u0142kiem innego, nowego kszta\u0142tu, ale te\u017c<br \/>\nb\u0119dzie si\u0119 <b>stopniowo<br \/>\nzmienia\u0142o nasze odniesienie do innych ludzi.<\/b><br \/>\n\u201ePoznaj\u0105c\u201d bowiem \u2013 w ten g\u0142\u0119boki i duchowy spos\u00f3b \u2013<br \/>\nJezusa, b\u0119dzie nam \u0142atwiej w taki sam spos\u00f3b <b>\u201epoznawa\u0107\u201d<br \/>\ni \u201erozpoznawa\u0107\u201d innych ludzi.<\/b><br \/>\nNie tylko w znaczeniu wiedzy, kim s\u0105 i sk\u0105d s\u0105, ale w sensie<br \/>\n<b>budowania<br \/>\nz nimi duchowej jedno\u015bci.<\/b><\/p>\n<\/div>\n<div align=\"justify\" style=\"line-height: 150%; margin-bottom: 0cm; text-indent: 1.3cm;\">\nCzy<br \/>\ndzisiaj mo\u017cemy powiedzie\u0107, \u017ce tak naprawd\u0119 \u2013 w ten biblijny<br \/>\nspos\u00f3b, o kt\u00f3rym sobie tutaj<br \/>\nm\u00f3wimy \u2013 <b>\u201eznamy\u201d<br \/>\ninnych ludzi? Nawet naszych Najbli\u017cszych? <\/b>Czy<br \/>\nmy ich \u201eznamy\u201d na spos\u00f3b duchowy, g\u0142\u0119boki? Czy mo\u017ce jest tak,<br \/>\n\u017ce mieszkamy z nimi od wielu lat, a ka\u017cdy \u017cyje w swoim \u015bwiecie,<br \/>\n\u017cyjemy obok siebie i jeszcze nie stworzyli\u015bmy prawdziwej jedno\u015bci,<br \/>\nwsp\u00f3lnoty mi\u0142o\u015bci?\n<\/div>\n<div align=\"justify\" style=\"line-height: 150%; margin-bottom: 0cm; text-indent: 1.3cm;\">\nI<br \/>\nmo\u017ce patrzymy na naszych Najbli\u017cszych,<br \/>\nna ich twarze \u2013 <b>i<br \/>\nnic nam te twarze <\/b><b>tak<br \/>\nnaprawd\u0119 <\/b><b>nie<br \/>\nm\u00f3wi\u0105?\u2026<\/b><br \/>\nMo\u017ce ich w og\u00f3le nie \u201erozpoznajemy\u201d: nie \u201erozpoznajemy\u201d w<br \/>\nnich nikogo bliskiego, nikogo przyjaznego, nikogo danego nam przez<br \/>\nBoga?\u2026\n<\/div>\n<div align=\"justify\" style=\"line-height: 150%; margin-bottom: 0cm; text-indent: 1.3cm;\">\nNiech<br \/>\nBo\u017ce Narodzenie \u2013 ten \u015bwi\u0119ty czas \u2013 <b>zaowocuje<br \/>\nw nas umiej\u0119tno\u015bci\u0105 i pragnieniem \u201epoznania\u201d i \u201erozpoznania\u201d:<\/b><br \/>\nBoga i cz\u0142owieka\u2026 Boga w cz\u0142owieku\u2026 Cz\u0142owieka w Bogu\u2026<br \/>\nCz\u0142owieka w cz\u0142owieku\u2026<\/div>\n<div align=\"justify\" style=\"line-height: 150%; margin-bottom: 0cm; text-indent: 1.3cm;\">\nCzy<br \/>\njest to mo\u017cliwe?\u2026&nbsp;\n<\/div>\n","protected":false},"excerpt":{"rendered":"<p>Szcz\u0119\u015b\u0107 Bo\u017ce! Moi Drodzy, w dniu dzisiejszym swoje imieniny obchodzi Dawid B\u0142aszczak, wypowiadaj\u0105cy si\u0119 do\u015b\u0107 cz\u0119sto na naszym blogu. Serdecznie dzi\u0119kuj\u0105c Solenizantowi za ten tw\u00f3rczy wk\u0142ad w nasze dyskusje, jednocze\u015bnie \u017cycz\u0119 Bo\u017cych natchnie\u0144 i wszelkich \u0142ask w kszta\u0142towaniu \u017cycia rodzinnego i w pracy naukowej. Wspieram modlitw\u0105! &nbsp; &nbsp; &nbsp; &nbsp; A ja dzisiaj planuj\u0119 udzia\u0142 [&hellip;]<\/p>\n","protected":false},"author":1,"featured_media":0,"comment_status":"open","ping_status":"open","sticky":false,"template":"","format":"standard","meta":{"jetpack_post_was_ever_published":false,"_jetpack_newsletter_access":"","_jetpack_dont_email_post_to_subs":false,"_jetpack_newsletter_tier_id":0,"_jetpack_memberships_contains_paywalled_content":false,"_jetpack_memberships_contains_paid_content":false,"footnotes":""},"categories":[1],"tags":[],"class_list":["post-8165","post","type-post","status-publish","format-standard","hentry","category-bez-kategorii"],"yoast_head":"<!-- This site is optimized with the Yoast SEO plugin v25.1 - https:\/\/yoast.com\/wordpress\/plugins\/seo\/ -->\n<title>Jak pozna\u0107 i rozpozna\u0107 Jezusa?... - Gaudium Et Spes<\/title>\n<meta name=\"robots\" content=\"index, follow, max-snippet:-1, max-image-preview:large, max-video-preview:-1\" \/>\n<link rel=\"canonical\" href=\"https:\/\/gaudiumetspes-blog.pl\/index.php\/2015\/12\/29\/jak-poznac-i-rozpoznac-jezusa\/\" \/>\n<meta property=\"og:locale\" content=\"pl_PL\" \/>\n<meta property=\"og:type\" content=\"article\" \/>\n<meta property=\"og:title\" content=\"Jak pozna\u0107 i rozpozna\u0107 Jezusa?... - Gaudium Et Spes\" \/>\n<meta property=\"og:description\" content=\"Szcz\u0119\u015b\u0107 Bo\u017ce! Moi Drodzy, w dniu dzisiejszym swoje imieniny obchodzi Dawid B\u0142aszczak, wypowiadaj\u0105cy si\u0119 do\u015b\u0107 cz\u0119sto na naszym blogu. Serdecznie dzi\u0119kuj\u0105c Solenizantowi za ten tw\u00f3rczy wk\u0142ad w nasze dyskusje, jednocze\u015bnie \u017cycz\u0119 Bo\u017cych natchnie\u0144 i wszelkich \u0142ask w kszta\u0142towaniu \u017cycia rodzinnego i w pracy naukowej. Wspieram modlitw\u0105! &nbsp; &nbsp; &nbsp; &nbsp; A ja dzisiaj planuj\u0119 udzia\u0142 [&hellip;]\" \/>\n<meta property=\"og:url\" content=\"https:\/\/gaudiumetspes-blog.pl\/index.php\/2015\/12\/29\/jak-poznac-i-rozpoznac-jezusa\/\" \/>\n<meta property=\"og:site_name\" content=\"Gaudium Et Spes\" \/>\n<meta property=\"article:published_time\" content=\"2015-12-29T04:01:00+00:00\" \/>\n<meta property=\"article:modified_time\" content=\"2019-07-31T10:55:58+00:00\" \/>\n<meta name=\"author\" content=\"Ks. Jacek\" \/>\n<meta name=\"twitter:card\" content=\"summary_large_image\" \/>\n<meta name=\"twitter:label1\" content=\"Napisane przez\" \/>\n\t<meta name=\"twitter:data1\" content=\"Ks. Jacek\" \/>\n\t<meta name=\"twitter:label2\" content=\"Szacowany czas czytania\" \/>\n\t<meta name=\"twitter:data2\" content=\"7 minut\" \/>\n<script type=\"application\/ld+json\" class=\"yoast-schema-graph\">{\"@context\":\"https:\/\/schema.org\",\"@graph\":[{\"@type\":\"WebPage\",\"@id\":\"https:\/\/gaudiumetspes-blog.pl\/index.php\/2015\/12\/29\/jak-poznac-i-rozpoznac-jezusa\/\",\"url\":\"https:\/\/gaudiumetspes-blog.pl\/index.php\/2015\/12\/29\/jak-poznac-i-rozpoznac-jezusa\/\",\"name\":\"Jak pozna\u0107 i rozpozna\u0107 Jezusa?... - Gaudium Et Spes\",\"isPartOf\":{\"@id\":\"https:\/\/gaudiumetspes-blog.pl\/#website\"},\"datePublished\":\"2015-12-29T04:01:00+00:00\",\"dateModified\":\"2019-07-31T10:55:58+00:00\",\"author\":{\"@id\":\"https:\/\/gaudiumetspes-blog.pl\/#\/schema\/person\/1661982992b752dea8dff0d4ed845a65\"},\"breadcrumb\":{\"@id\":\"https:\/\/gaudiumetspes-blog.pl\/index.php\/2015\/12\/29\/jak-poznac-i-rozpoznac-jezusa\/#breadcrumb\"},\"inLanguage\":\"pl-PL\",\"potentialAction\":[{\"@type\":\"ReadAction\",\"target\":[\"https:\/\/gaudiumetspes-blog.pl\/index.php\/2015\/12\/29\/jak-poznac-i-rozpoznac-jezusa\/\"]}]},{\"@type\":\"BreadcrumbList\",\"@id\":\"https:\/\/gaudiumetspes-blog.pl\/index.php\/2015\/12\/29\/jak-poznac-i-rozpoznac-jezusa\/#breadcrumb\",\"itemListElement\":[{\"@type\":\"ListItem\",\"position\":1,\"name\":\"Strona g\u0142\u00f3wna\",\"item\":\"https:\/\/gaudiumetspes-blog.pl\/\"},{\"@type\":\"ListItem\",\"position\":2,\"name\":\"Jak pozna\u0107 i&nbsp;rozpozna\u0107 Jezusa?&#8230;\"}]},{\"@type\":\"WebSite\",\"@id\":\"https:\/\/gaudiumetspes-blog.pl\/#website\",\"url\":\"https:\/\/gaudiumetspes-blog.pl\/\",\"name\":\"Gaudium Et Spes\",\"description\":\"Blog Ks. Jacka Ja\u015bkowskiego\",\"potentialAction\":[{\"@type\":\"SearchAction\",\"target\":{\"@type\":\"EntryPoint\",\"urlTemplate\":\"https:\/\/gaudiumetspes-blog.pl\/?s={search_term_string}\"},\"query-input\":{\"@type\":\"PropertyValueSpecification\",\"valueRequired\":true,\"valueName\":\"search_term_string\"}}],\"inLanguage\":\"pl-PL\"},{\"@type\":\"Person\",\"@id\":\"https:\/\/gaudiumetspes-blog.pl\/#\/schema\/person\/1661982992b752dea8dff0d4ed845a65\",\"name\":\"Ks. Jacek\",\"image\":{\"@type\":\"ImageObject\",\"inLanguage\":\"pl-PL\",\"@id\":\"https:\/\/gaudiumetspes-blog.pl\/#\/schema\/person\/image\/\",\"url\":\"https:\/\/gaudiumetspes-blog.pl\/wp-content\/uploads\/2019\/07\/avatar-JJ-150x150.jpg\",\"contentUrl\":\"https:\/\/gaudiumetspes-blog.pl\/wp-content\/uploads\/2019\/07\/avatar-JJ-150x150.jpg\",\"caption\":\"Ks. Jacek\"},\"description\":\"Witam serdecznie! K\u0142ania si\u0119 Ks. Jacek Ja\u015bkowski. Nie jestem ani kim\u015b wa\u017cnym, ani kim\u015b znanym. Jestem ksi\u0119dzem, kt\u00f3ry po prostu chce rozmawia\u0107. Codzienna kap\u0142a\u0144ska pos\u0142uga pokazuje mi, \u017ce temat\u00f3w do rozm\u00f3w z ksi\u0119dzem jest coraz wi\u0119cej i dzisiaj \u017caden ksi\u0105dz nie mo\u017ce od nich ucieka\u0107, ale - wprost przeciwnie - podejmowa\u0107 nowe wyzwania. To przekonanie sk\u0142oni\u0142o mnie do pr\u00f3by otwarcia tego\u017c bloga, chocia\u017c okazji do rozm\u00f3w na co dzie\u0144 - w konfesjonale i poza nim - na szcz\u0119\u015bcie nie brakuje. My\u015bl\u0119 jednak, \u017ce ten blog b\u0119dzie jeszcze jednym sposobem i przestrzeni\u0105 nawi\u0105zania kontaktu z lud\u017ami dobrej woli, otwartymi na dialog.\",\"url\":\"https:\/\/gaudiumetspes-blog.pl\/index.php\/author\/ks-jacek\/\"}]}<\/script>\n<!-- \/ Yoast SEO plugin. -->","yoast_head_json":{"title":"Jak pozna\u0107 i rozpozna\u0107 Jezusa?... - Gaudium Et Spes","robots":{"index":"index","follow":"follow","max-snippet":"max-snippet:-1","max-image-preview":"max-image-preview:large","max-video-preview":"max-video-preview:-1"},"canonical":"https:\/\/gaudiumetspes-blog.pl\/index.php\/2015\/12\/29\/jak-poznac-i-rozpoznac-jezusa\/","og_locale":"pl_PL","og_type":"article","og_title":"Jak pozna\u0107 i rozpozna\u0107 Jezusa?... - Gaudium Et Spes","og_description":"Szcz\u0119\u015b\u0107 Bo\u017ce! Moi Drodzy, w dniu dzisiejszym swoje imieniny obchodzi Dawid B\u0142aszczak, wypowiadaj\u0105cy si\u0119 do\u015b\u0107 cz\u0119sto na naszym blogu. Serdecznie dzi\u0119kuj\u0105c Solenizantowi za ten tw\u00f3rczy wk\u0142ad w nasze dyskusje, jednocze\u015bnie \u017cycz\u0119 Bo\u017cych natchnie\u0144 i wszelkich \u0142ask w kszta\u0142towaniu \u017cycia rodzinnego i w pracy naukowej. Wspieram modlitw\u0105! &nbsp; &nbsp; &nbsp; &nbsp; A ja dzisiaj planuj\u0119 udzia\u0142 [&hellip;]","og_url":"https:\/\/gaudiumetspes-blog.pl\/index.php\/2015\/12\/29\/jak-poznac-i-rozpoznac-jezusa\/","og_site_name":"Gaudium Et Spes","article_published_time":"2015-12-29T04:01:00+00:00","article_modified_time":"2019-07-31T10:55:58+00:00","author":"Ks. Jacek","twitter_card":"summary_large_image","twitter_misc":{"Napisane przez":"Ks. Jacek","Szacowany czas czytania":"7 minut"},"schema":{"@context":"https:\/\/schema.org","@graph":[{"@type":"WebPage","@id":"https:\/\/gaudiumetspes-blog.pl\/index.php\/2015\/12\/29\/jak-poznac-i-rozpoznac-jezusa\/","url":"https:\/\/gaudiumetspes-blog.pl\/index.php\/2015\/12\/29\/jak-poznac-i-rozpoznac-jezusa\/","name":"Jak pozna\u0107 i rozpozna\u0107 Jezusa?... - Gaudium Et Spes","isPartOf":{"@id":"https:\/\/gaudiumetspes-blog.pl\/#website"},"datePublished":"2015-12-29T04:01:00+00:00","dateModified":"2019-07-31T10:55:58+00:00","author":{"@id":"https:\/\/gaudiumetspes-blog.pl\/#\/schema\/person\/1661982992b752dea8dff0d4ed845a65"},"breadcrumb":{"@id":"https:\/\/gaudiumetspes-blog.pl\/index.php\/2015\/12\/29\/jak-poznac-i-rozpoznac-jezusa\/#breadcrumb"},"inLanguage":"pl-PL","potentialAction":[{"@type":"ReadAction","target":["https:\/\/gaudiumetspes-blog.pl\/index.php\/2015\/12\/29\/jak-poznac-i-rozpoznac-jezusa\/"]}]},{"@type":"BreadcrumbList","@id":"https:\/\/gaudiumetspes-blog.pl\/index.php\/2015\/12\/29\/jak-poznac-i-rozpoznac-jezusa\/#breadcrumb","itemListElement":[{"@type":"ListItem","position":1,"name":"Strona g\u0142\u00f3wna","item":"https:\/\/gaudiumetspes-blog.pl\/"},{"@type":"ListItem","position":2,"name":"Jak pozna\u0107 i&nbsp;rozpozna\u0107 Jezusa?&#8230;"}]},{"@type":"WebSite","@id":"https:\/\/gaudiumetspes-blog.pl\/#website","url":"https:\/\/gaudiumetspes-blog.pl\/","name":"Gaudium Et Spes","description":"Blog Ks. Jacka Ja\u015bkowskiego","potentialAction":[{"@type":"SearchAction","target":{"@type":"EntryPoint","urlTemplate":"https:\/\/gaudiumetspes-blog.pl\/?s={search_term_string}"},"query-input":{"@type":"PropertyValueSpecification","valueRequired":true,"valueName":"search_term_string"}}],"inLanguage":"pl-PL"},{"@type":"Person","@id":"https:\/\/gaudiumetspes-blog.pl\/#\/schema\/person\/1661982992b752dea8dff0d4ed845a65","name":"Ks. Jacek","image":{"@type":"ImageObject","inLanguage":"pl-PL","@id":"https:\/\/gaudiumetspes-blog.pl\/#\/schema\/person\/image\/","url":"https:\/\/gaudiumetspes-blog.pl\/wp-content\/uploads\/2019\/07\/avatar-JJ-150x150.jpg","contentUrl":"https:\/\/gaudiumetspes-blog.pl\/wp-content\/uploads\/2019\/07\/avatar-JJ-150x150.jpg","caption":"Ks. Jacek"},"description":"Witam serdecznie! K\u0142ania si\u0119 Ks. Jacek Ja\u015bkowski. Nie jestem ani kim\u015b wa\u017cnym, ani kim\u015b znanym. Jestem ksi\u0119dzem, kt\u00f3ry po prostu chce rozmawia\u0107. Codzienna kap\u0142a\u0144ska pos\u0142uga pokazuje mi, \u017ce temat\u00f3w do rozm\u00f3w z ksi\u0119dzem jest coraz wi\u0119cej i dzisiaj \u017caden ksi\u0105dz nie mo\u017ce od nich ucieka\u0107, ale - wprost przeciwnie - podejmowa\u0107 nowe wyzwania. To przekonanie sk\u0142oni\u0142o mnie do pr\u00f3by otwarcia tego\u017c bloga, chocia\u017c okazji do rozm\u00f3w na co dzie\u0144 - w konfesjonale i poza nim - na szcz\u0119\u015bcie nie brakuje. My\u015bl\u0119 jednak, \u017ce ten blog b\u0119dzie jeszcze jednym sposobem i przestrzeni\u0105 nawi\u0105zania kontaktu z lud\u017ami dobrej woli, otwartymi na dialog.","url":"https:\/\/gaudiumetspes-blog.pl\/index.php\/author\/ks-jacek\/"}]}},"jetpack_featured_media_url":"","jetpack_sharing_enabled":true,"_links":{"self":[{"href":"https:\/\/gaudiumetspes-blog.pl\/index.php\/wp-json\/wp\/v2\/posts\/8165","targetHints":{"allow":["GET"]}}],"collection":[{"href":"https:\/\/gaudiumetspes-blog.pl\/index.php\/wp-json\/wp\/v2\/posts"}],"about":[{"href":"https:\/\/gaudiumetspes-blog.pl\/index.php\/wp-json\/wp\/v2\/types\/post"}],"author":[{"embeddable":true,"href":"https:\/\/gaudiumetspes-blog.pl\/index.php\/wp-json\/wp\/v2\/users\/1"}],"replies":[{"embeddable":true,"href":"https:\/\/gaudiumetspes-blog.pl\/index.php\/wp-json\/wp\/v2\/comments?post=8165"}],"version-history":[{"count":1,"href":"https:\/\/gaudiumetspes-blog.pl\/index.php\/wp-json\/wp\/v2\/posts\/8165\/revisions"}],"predecessor-version":[{"id":12423,"href":"https:\/\/gaudiumetspes-blog.pl\/index.php\/wp-json\/wp\/v2\/posts\/8165\/revisions\/12423"}],"wp:attachment":[{"href":"https:\/\/gaudiumetspes-blog.pl\/index.php\/wp-json\/wp\/v2\/media?parent=8165"}],"wp:term":[{"taxonomy":"category","embeddable":true,"href":"https:\/\/gaudiumetspes-blog.pl\/index.php\/wp-json\/wp\/v2\/categories?post=8165"},{"taxonomy":"post_tag","embeddable":true,"href":"https:\/\/gaudiumetspes-blog.pl\/index.php\/wp-json\/wp\/v2\/tags?post=8165"}],"curies":[{"name":"wp","href":"https:\/\/api.w.org\/{rel}","templated":true}]}}