{"id":8167,"date":"2015-12-27T05:17:00","date_gmt":"2015-12-27T04:17:00","guid":{"rendered":"https:\/\/gaudiumetspes-blog.pl\/index.php\/2015\/12\/27\/rodzina-czyli-byc-w-sprawach-bozyc\/"},"modified":"2019-07-31T12:55:58","modified_gmt":"2019-07-31T10:55:58","slug":"rodzina-czyli-byc-w-sprawach-bozyc","status":"publish","type":"post","link":"https:\/\/gaudiumetspes-blog.pl\/index.php\/2015\/12\/27\/rodzina-czyli-byc-w-sprawach-bozyc\/","title":{"rendered":"Rodzina &#8211; czyli &#8222;by\u0107 w sprawach Bo\u017cych&#8221;&#8230;"},"content":{"rendered":"<div align=\"justify\" style=\"line-height: 150%; margin-bottom: 0cm;\">\nNiech b\u0119dzie pochwalony Jezus Chrystus! Moi Drodzy, dzisiaj mamy Niedziel\u0119 \u015awi\u0119tej Rodziny. W zwi\u0105zku z tym, rozwa\u017canie jest o rodzinie &#8211; bo o tym jest te\u017c s\u0142owo Bo\u017ce. W naszych ko\u015bcio\u0142ach natomiast jest odczytywany list Episkopatu, tego tematu dotycz\u0105cy.&nbsp;<\/div>\n<div align=\"justify\" style=\"line-height: 150%; margin-bottom: 0cm;\">\n<b>&nbsp; &nbsp; &nbsp; &nbsp;&nbsp;<\/b>Gdyby to jednak nie by\u0142a niedziela, to prze\u017cywaliby\u015bmy \u015awi\u0119to \u015awi\u0119tego Jana Aposto\u0142a, a to oznacza,<b> \u017ce swoje imieniny obchodzi dzisiaj Ksi\u0105dz Kanonik Jan Grochowski, Proboszcz Parafii w Tr\u0105bkach &#8211; i m\u00f3j pierwszy Proboszcz. Korzystaj\u0105c z tej okazji, raz jeszcze dzi\u0119kuj\u0119 Ksi\u0119dzu Kanonikowi za wielorak\u0105 pomoc, jak\u0105 okazywa\u0142 mi na r\u00f3\u017cnych etapach mojego kap\u0142a\u0144stwa, szczeg\u00f3lnie w czasie studi\u00f3w. Dzi\u0119kuj\u0119 za tych kilka lat, przez kt\u00f3re mia\u0142em mo\u017cliwo\u015b\u0107 zamieszkania najpierw w Radory\u017cu, a potem w Tr\u0105bkach &#8211; zanim doczeka\u0142em si\u0119 tego &#8222;w\u0142asnego k\u0105ta&#8221;, kt\u00f3ry mam teraz. Dzi\u0119kuj\u0119 Solenizantowi za wz\u00f3r pi\u0119knie prze\u017cywanego kap\u0142a\u0144stwa i za autentyczn\u0105 trosk\u0119 o sprawy Bo\u017ce, kt\u00f3rej \u015bwiadectwo Ksi\u0105dz Proboszcz codziennie daje. \u017bycz\u0119 &#8211; i modl\u0119 si\u0119 o to &#8211; aby tego zapa\u0142u nigdy nie zabrak\u0142o! W tej intencji odprawiam dzisiaj w Tr\u0105bkach Msz\u0119 \u015awi\u0119t\u0105 o godzinie 9.00.<\/b><\/div>\n<div align=\"justify\" style=\"line-height: 150%; margin-bottom: 0cm;\">\n<b>&nbsp; &nbsp; &nbsp;A o godzinie 17.00, w Lublinie, inna przemi\u0142a uroczysto\u015b\u0107. Sakramentalne &#8222;tak&#8221; wypowiedz\u0105 do siebie \u0141ukasz Sulowski i \u017banna Nowakowska, dwoje bliskich mi Ludzi, w\u0142a\u015bnie z Lublina. Mam zaszczyt pob\u0142ogos\u0142awi\u0107 to Ma\u0142\u017ce\u0144stwo. Modl\u0119 si\u0119, aby nowi Ma\u0142\u017conkowie byli sobie zawsze wierni &#8211; i zawsze wierni Chrystusowi, kt\u00f3rego naprawd\u0119 chc\u0105 czyni\u0107 swoim Przewodnikiem i Przyjacielem.&nbsp;<\/b><\/div>\n<div align=\"justify\" style=\"line-height: 150%; margin-bottom: 0cm;\">\n&nbsp; &nbsp; &nbsp; &nbsp; A gdyby chcieli Wam Oni kiedy\u015b opowiedzie\u0107, w jakich okoliczno\u015bciach dosz\u0142o do podj\u0119cia decyzji o wsp\u00f3lnym byciu razem&#8230; Ja Wam tego nie opowiem, niech Oni sami to uczyni\u0105 &#8211; je\u015bli zechc\u0105. Ja tylko wspomn\u0119, \u017ce potrzeba by\u0142o do tego dw\u00f3ch ksi\u0105\u017cek o&#8230; kap\u0142a\u0144skim celibacie! I jak tu nie wierzy\u0107, \u017ce B\u00f3g ma pot\u0119\u017cne poczucie humoru!<\/div>\n<div align=\"justify\" style=\"line-height: 150%; margin-bottom: 0cm;\">\n&nbsp; &nbsp; &nbsp; &nbsp; &nbsp;Na g\u0142\u0119bokie i radosne prze\u017cywanie tego dnia<b> &#8211; niech Was b\u0142ogos\u0142awi B\u00f3g Wszechmog\u0105cy: Ojciec + i Syn, i Duch \u015awi\u0119ty. Amen<\/b><\/div>\n<div align=\"justify\" style=\"line-height: 150%; margin-bottom: 0cm;\">\n&nbsp; &nbsp; &nbsp; &nbsp; &nbsp; &nbsp; &nbsp; &nbsp; &nbsp; &nbsp; &nbsp; &nbsp; &nbsp; &nbsp; &nbsp; &nbsp; &nbsp; &nbsp; &nbsp;Gaudium et spes! &nbsp;Ks. Jacek<\/div>\n<div align=\"justify\" style=\"line-height: 150%; margin-bottom: 0cm;\">\n<b><br \/><\/b><\/div>\n<div align=\"justify\" style=\"line-height: 150%; margin-bottom: 0cm;\">\n<b>Niedziela<br \/>\n\u015awi\u0119tej Rodziny, C,<\/b><\/div>\n<div align=\"justify\" style=\"line-height: 150%; margin-bottom: 0cm;\">\n<b>do<br \/>\nczyta\u0144:  Syr 3,2\u20136.12\u201314;  Kol 3,12\u201321;  \u0141k 2,22\u201340<\/b><\/div>\n<div align=\"justify\" style=\"line-height: 150%; margin-bottom: 0cm;\">\n<\/p>\n<\/div>\n<div align=\"justify\" style=\"line-height: 150%; margin-bottom: 0cm;\">\n<b>CZYTANIE<br \/>\nZ KSI\u0118GI SYRACYDESA:<\/b><\/div>\n<div align=\"justify\" style=\"line-height: 150%; margin-bottom: 0cm;\">\n<b>Pan<br \/>\nuczci\u0142 ojca przez dzieci, <\/b>\n<\/div>\n<div align=\"justify\" style=\"line-height: 150%; margin-bottom: 0cm;\">\n<b>a<br \/>\nprawa matki nad synami utwierdzi\u0142. <\/b>\n<\/div>\n<div align=\"justify\" style=\"line-height: 150%; margin-bottom: 0cm;\">\n<b>Kto<br \/>\nczci ojca, zyskuje odpuszczenie grzech\u00f3w, <\/b>\n<\/div>\n<div align=\"justify\" style=\"line-height: 150%; margin-bottom: 0cm;\">\n<b>a<br \/>\nkto szanuje matk\u0119, jakby skarb gromadzi\u0142. <\/b>\n<\/div>\n<div align=\"justify\" style=\"line-height: 150%; margin-bottom: 0cm;\">\n<b>Kto<br \/>\nczci ojca, rado\u015b\u0107 mie\u0107 b\u0119dzie z dzieci, <\/b>\n<\/div>\n<div align=\"justify\" style=\"line-height: 150%; margin-bottom: 0cm;\">\n<b>a<br \/>\nw czasie modlitwy swej b\u0119dzie wys\u0142uchany. <\/b>\n<\/div>\n<div align=\"justify\" style=\"line-height: 150%; margin-bottom: 0cm;\">\n<b>Kto<br \/>\nszanuje ojca, d\u0142ugo \u017cy\u0107 b\u0119dzie, <\/b>\n<\/div>\n<div align=\"justify\" style=\"line-height: 150%; margin-bottom: 0cm;\">\n<b>a<br \/>\nkto pos\u0142uszny jest Panu, da wytchnienie swej matce. <\/b>\n<\/div>\n<div align=\"justify\" style=\"line-height: 150%; margin-bottom: 0cm;\">\n<b>Synu,<br \/>\nwspomagaj swego ojca w staro\u015bci, <\/b>\n<\/div>\n<div align=\"justify\" style=\"line-height: 150%; margin-bottom: 0cm;\">\n<b>nie<br \/>\nzasmucaj go w jego \u017cyciu. <\/b>\n<\/div>\n<div align=\"justify\" style=\"line-height: 150%; margin-bottom: 0cm;\">\n<b>A<br \/>\nje\u015bliby nawet rozum straci\u0142, miej wyrozumia\u0142o\u015b\u0107, <\/b>\n<\/div>\n<div align=\"justify\" style=\"line-height: 150%; margin-bottom: 0cm;\">\n<b>nie<br \/>\npogardzaj nim, cho\u0107 jeste\u015b w pe\u0142ni si\u0142. <\/b>\n<\/div>\n<div align=\"justify\" style=\"line-height: 150%; margin-bottom: 0cm;\">\n<b>Mi\u0142osierdzie<br \/>\nwzgl\u0119dem ojca nie p\u00f3jdzie w zapomnienie, <\/b>\n<\/div>\n<div align=\"justify\" style=\"line-height: 150%; margin-bottom: 0cm;\">\n<b>w<br \/>\nmiejsce grzech\u00f3w zamieszka u ciebie. <\/b>\n<\/div>\n<div align=\"justify\" style=\"line-height: 150%; margin-bottom: 0cm;\">\n<\/p>\n<\/div>\n<div align=\"justify\" style=\"line-height: 150%; margin-bottom: 0cm;\">\n<b>CZYTANIE<br \/>\nZ LISTU \u015aWI\u0118TEGO PAW\u0141A APOSTO\u0141A DO KOLOSAN:<\/b><\/div>\n<div align=\"justify\" style=\"line-height: 150%; margin-bottom: 0cm; page-break-before: auto; text-indent: 1.24cm;\">\n<b>Bracia:<br \/>\nJako wybra\u0144cy Bo\u017cy, \u015bwi\u0119ci i umi\u0142owani, obleczcie si\u0119 w<br \/>\nserdeczne mi\u0142osierdzie, dobro\u0107, pokor\u0119, cicho\u015b\u0107, cierpliwo\u015b\u0107,<br \/>\nznosz\u0105c jedni drugich i wybaczaj\u0105c sobie nawzajem, je\u015bliby mia\u0142<br \/>\nkto\u015b zarzut przeciw drugiemu: jak Pan wybaczy\u0142 wam, tak i wy. <\/b>\n<\/div>\n<div align=\"justify\" style=\"line-height: 150%; margin-bottom: 0cm; text-indent: 1.24cm;\">\n<b>Na<br \/>\nto za\u015b wszystko przyobleczcie mi\u0142o\u015b\u0107, kt\u00f3ra jest wi\u0119zi\u0105<br \/>\ndoskona\u0142o\u015bci. A sercami waszymi niech rz\u0105dzi pok\u00f3j Chrystusowy,<br \/>\ndo kt\u00f3rego te\u017c zostali\u015bcie wezwani, w jednym Ciele. I b\u0105d\u017acie<br \/>\nwdzi\u0119czni.<\/b><\/div>\n<div align=\"justify\" style=\"line-height: 150%; margin-bottom: 0cm; orphans: 2; text-indent: 1.24cm; widows: 2;\">\n<b>S\u0142owo<br \/>\nChrystusa niech w was przebywa z ca\u0142ym swym bogactwem: ze wszelk\u0105<br \/>\nm\u0105dro\u015bci\u0105 nauczajcie i napominajcie samych siebie przez psalmy,<br \/>\nhymny, pie\u015bni pe\u0142ne ducha, pod wp\u0142ywem \u0142aski \u015bpiewaj\u0105c Bogu w<br \/>\nwaszych sercach. I wszystko, cokolwiek dzia\u0142acie s\u0142owem lub czynem,<br \/>\nwszystko czy\u0144cie w imi\u0119 Pana Jezusa, dzi\u0119kuj\u0105c Bogu Ojcu przez<br \/>\nNiego.<\/b><\/div>\n<div align=\"justify\" style=\"line-height: 150%; margin-bottom: 0cm; orphans: 2; text-indent: 1.22cm; widows: 2;\">\n<b>\u017bony,<br \/>\nb\u0105d\u017acie poddane m\u0119\u017com, jak przysta\u0142o w Panu. M\u0119\u017cowie, mi\u0142ujcie<br \/>\n\u017cony i nie b\u0105d\u017acie dla nich przykrymi. Dzieci, b\u0105d\u017acie pos\u0142uszne<br \/>\nrodzicom we wszystkim, bo to jest mi\u0142e Panu. Ojcowie, nie<br \/>\nrozdra\u017cniajcie waszych dzieci, aby nie traci\u0142y ducha.<\/b><\/div>\n<div align=\"justify\" style=\"line-height: 150%; margin-bottom: 0cm;\">\n<\/p>\n<\/div>\n<div align=\"justify\" style=\"line-height: 150%; margin-bottom: 0cm;\">\n<b>S\u0141OWA<br \/>\nEWANGELII WED\u0141UG \u015aWI\u0118TEGO \u0141UKASZA:<\/b><\/div>\n<div align=\"justify\" style=\"line-height: 150%; margin-bottom: 0cm; text-indent: 1.22cm;\">\n<b>Rodzice<br \/>\nJezusa chodzili co roku do Jerozolimy na \u015awi\u0119to Paschy. Gdy mia\u0142<br \/>\nlat dwana\u015bcie, udali si\u0119 tam zwyczajem \u015bwi\u0105tecznym. Kiedy wracali<br \/>\npo sko\u0144czonych uroczysto\u015bciach, zosta\u0142 Jezus w Jerozolimie, a tego<br \/>\nnie zauwa\u017cyli Jego Rodzice. Przypuszczaj\u0105c, \u017ce jest w towarzystwie<br \/>\np\u0105tnik\u00f3w, uszli dzie\u0144 drogi i szukali Go w\u015br\u00f3d krewnych i<br \/>\nznajomych. Gdy<br \/>\nGo nie znale\u017ali, wr\u00f3cili do Jerozolimy, szukaj\u0105c Go. <\/b>\n<\/div>\n<div align=\"justify\" style=\"line-height: 150%; margin-bottom: 0cm; text-indent: 1.22cm;\">\n<b>Dopiero<br \/>\npo trzech dniach odnale\u017ali Go w \u015bwi\u0105tyni, gdzie siedzia\u0142 mi\u0119dzy<br \/>\nnauczycielami, przys\u0142uchiwa\u0142 si\u0119 im i zadawa\u0142 pytania. Wszyscy<br \/>\nza\u015b, kt\u00f3rzy Go s\u0142uchali, byli zdumieni bystro\u015bci\u0105 Jego umys\u0142u i<br \/>\nodpowiedziami. <\/b>\n<\/div>\n<div align=\"justify\" style=\"line-height: 150%; margin-bottom: 0cm; text-indent: 1.22cm;\">\n<b>Na<br \/>\nten widok zdziwili si\u0119 bardzo, a Jego Matka rzek\u0142a do Niego: \u201eSynu,<br \/>\nczemu\u015b nam to uczyni\u0142? Oto ojciec Tw\u00f3j i Ja z b\u00f3lem serca<br \/>\nszukali\u015bmy Ciebie\u201d. <\/b>\n<\/div>\n<div align=\"justify\" style=\"line-height: 150%; margin-bottom: 0cm; text-indent: 1.22cm;\">\n<b>Lecz<br \/>\nOn Im odpowiedzia\u0142: \u201eCzemu\u015bcie Mnie szukali? Czy nie<br \/>\nwiedzieli\u015bcie, \u017ce powinienem by\u0107 w tym, co nale\u017cy do mego Ojca?\u201d<br \/>\n<\/b>\n<\/div>\n<div align=\"justify\" style=\"line-height: 150%; margin-bottom: 0cm; text-indent: 1.22cm;\">\n<b>Oni<br \/>\njednak nie zrozumieli tego, co Im powiedzia\u0142. <\/b>\n<\/div>\n<div align=\"justify\" style=\"line-height: 150%; margin-bottom: 0cm; text-indent: 1.22cm;\">\n<b>Potem<br \/>\nposzed\u0142 z Nimi i wr\u00f3ci\u0142 do Nazaretu; i by\u0142 Im poddany. A Matka<br \/>\nJego chowa\u0142a wiernie wszystkie te wspomnienia w swym sercu. <\/b>\n<\/div>\n<div align=\"justify\" style=\"line-height: 150%; margin-bottom: 0cm; text-indent: 1.22cm;\">\n<b>Jezus<br \/>\nza\u015b czyni\u0142 post\u0119py w m\u0105dro\u015bci, w latach i w \u0142asce u Boga i u<br \/>\nludzi.<\/b><\/div>\n<div align=\"justify\" style=\"line-height: 150%; margin-bottom: 0cm; text-indent: 1.22cm;\">\n<\/p>\n<\/div>\n<div align=\"justify\" style=\"line-height: 150%; margin-bottom: 0cm; text-indent: 1.22cm;\">\nPierwsze<br \/>\ni drugie czytanie dzisiejszej liturgii \u015bmia\u0142o mo\u017cemy nazwa\u0107<br \/>\n<b>poradnikiem <\/b><b>\u017cycia<\/b><b>, <\/b>przy czym w przypadku<br \/>\nfragmentu Ksi\u0119gi Syracydesa, w pierwszym czytaniu, mamy do czynienia<br \/>\nz <b>poradnikiem \u017cycia rodzinnego, <\/b>a w przypadku fragmentu Listu<br \/>\nPaw\u0142a Aposto\u0142a do Kolosan jest to poradnik szeroko rozumianego<br \/>\n<b>\u017cycia chrze\u015bcija\u0144skiego,<\/b> jednak i ten tak\u017ce fragment<br \/>\nliturgia Ko\u015bcio\u0142a w\u0142\u0105czy\u0142a do tekst\u00f3w, spo\u015br\u00f3d kt\u00f3rych<br \/>\ndokonuje si\u0119 wyboru czytania <b>w liturgii Sakramentu Ma\u0142\u017ce\u0144stwa.<\/b><\/p>\n<\/div>\n<div align=\"justify\" style=\"line-height: 150%; margin-bottom: 0cm; text-indent: 1.22cm;\">\nI<br \/>\njest to bardzo w\u0142a\u015bciwe ustawienie sprawy, bowiem \u017cycie<br \/>\nchrze\u015bcija\u0144skie <b>najpe\u0142niej realizuje si\u0119<\/b> w\u0142a\u015bnie w<br \/>\nma\u0142\u017ce\u0144stwie, a potem w rodzinie \u2013 mo\u017cna by powiedzie\u0107, \u017ce <b>tam<br \/>\nsi\u0119 w\u0142a\u015bnie kszta\u0142tuje.<\/b> Dlatego takie skojarzenie z pewno\u015bci\u0105<br \/>\njest dobre.\n<\/div>\n<div align=\"justify\" style=\"line-height: 150%; margin-bottom: 0cm; text-indent: 1.22cm;\">\nEwangelia<br \/>\nza\u015b dzisiejsza \u0142\u0105czy przes\u0142ania obu wspomnianych czyta\u0144, bowiem<br \/>\nmamy w niej ukazany <b>epizod z \u017cycia rodzinnego,<\/b> jakim<br \/>\nniew\u0105tpliwie by\u0142o poszukiwanie zagubionego Syna przez stroskanych<br \/>\nRodzic\u00f3w (ile\u017c takich sytuacji ma miejsce w naszych rodzinach,<br \/>\nszczeg\u00f3lnie na p\u0142aszczy\u017anie duchowej), a jednocze\u015bnie z ust<br \/>\ndwunastoletniego Jezusa otrzymujemy <b>wskazanie natury bardziej<br \/>\nog\u00f3lnej<\/b> i dotycz\u0105cej w\u0142a\u015bciwie ka\u017cdej sfery \u017cycia<br \/>\nchrze\u015bcija\u0144skiego: <i><b>Czy nie wiedzieli\u015bcie, \u017ce powinienem by\u0107<br \/>\nw tym, co nale\u017cy do mego Ojca?<\/b><\/i><b> <\/b>\n<\/div>\n<div align=\"justify\" style=\"line-height: 150%; margin-bottom: 0cm; text-indent: 1.22cm;\">\nI<br \/>\nchocia\u017c rzeczywi\u015bcie wskazanie to mo\u017cna odnie\u015b\u0107 do ka\u017cdej sfery<br \/>\nnaszego \u017cycia, czy jednak jako\u015b szczeg\u00f3lnie nie odnosi si\u0119 ono do<br \/>\n\u017cycia rodzinnego? <b>\u201eBycie w sprawach Ojca\u201d<\/b> \u2013 w swojej<br \/>\nrodzinie \u2013 owocuje zawsze <b>dobr\u0105 atmosfer\u0105 tej\u017ce rodziny.<\/b><br \/>\nJe\u017celi wszyscy domownicy robi\u0105 wszystko, co w ich mocy, aby tym, co<br \/>\nmy\u015bl\u0105, co m\u00f3wi\u0105, co czyni\u0105 \u2013 wszystkimi wzajemnymi<br \/>\nodniesieniami i relacjami \u2013 pokaza\u0107, \u017ce s\u0105 w sprawach Ojca, to<br \/>\n<b>takie w\u0142a\u015bnie rodziny s\u0105 Bogiem silne!<\/b>\n<\/div>\n<div align=\"justify\" style=\"line-height: 150%; margin-bottom: 0cm; text-indent: 1.22cm;\">\nJe\u017celi<br \/>\nbowiem B\u00f3g jest w nich na pierwszym miejscu, a ich cz\u0142onkowie<br \/>\nstaraj\u0105 si\u0119 by\u0107 ci\u0105gle \u201ew Jego sprawach\u201d, w\u00f3wczas <b>B\u00f3g<br \/>\nsam kieruje ich losem <\/b>i pomaga zaprowadzi\u0107 atmosfer\u0119 zgody i<br \/>\njedno\u015bci. Jak jednak w codziennym \u017cyciu, w praktyce codzienno\u015bci \u2013<br \/>\n\u201eby\u0107 w sprawach Ojca\u201d? Jak to <b>konkretnie wyrazi\u0107,<\/b><br \/>\npokaza\u0107, potwierdzi\u0107?\u2026<\/div>\n<div align=\"justify\" style=\"line-height: 150%; margin-bottom: 0cm; text-indent: 1.22cm;\">\nZ<br \/>\nca\u0142\u0105 pewno\u015bci\u0105, realizuj\u0105c wskazania, zawarte zar\u00f3wno w<br \/>\npierwszym, jak i drugim dzisiejszym czytaniu. Wystarczy tylko oba<br \/>\nteksty <b>bardzo spokojnie przeczyta\u0107,<\/b> z namys\u0142em i w duchu<br \/>\nmodlitewnego skupienia, a wszystko b\u0119dzie jasne. Bo trudno nawet<br \/>\nkomentowa\u0107 tak czytelne i konkretne wskazania. Natomiast mo\u017cna<br \/>\nszuka\u0107 jeszcze sposob\u00f3w ich uszczeg\u00f3\u0142owienia, ich <b>jeszcze<br \/>\nwi\u0119kszego ukonkretnienia. <\/b>\n<\/div>\n<div align=\"justify\" style=\"line-height: 150%; margin-bottom: 0cm; text-indent: 1.22cm;\">\nA<br \/>\ntutaj propozycj\u0105 niech b\u0119dzie <b>zestaw porad, <\/b>kt\u00f3re<br \/>\nwypracowa\u0142em <b>w ramach kurs\u00f3w przedma\u0142\u017ce\u0144skich,<\/b> jakie<br \/>\nprowadzi\u0142em w kilku Parafiach, a dok\u0142adniej \u2013 w ramach rozm\u00f3w,<br \/>\njakie na zako\u0144czenie ka\u017cdego z nich prowadzi\u0142em <b>indywidualnie z<br \/>\nposzczeg\u00f3lnymi parami Narzeczonych.<\/b> To w\u0142a\u015bnie w tych<br \/>\nrozmowach wypowiadane by\u0142y bardzo ciekawe stwierdzenia, wy\u0142ania\u0142y<br \/>\nsi\u0119 <b>kapitalne refleksje i wnioski,<\/b> Rozm\u00f3wcy dzielili si\u0119<br \/>\nswoimi spostrze\u017ceniami i nieraz naprawd\u0119 bogatymi przemy\u015bleniami.\n<\/div>\n<div align=\"justify\" style=\"line-height: 150%; margin-bottom: 0cm; text-indent: 1.22cm;\">\nI<br \/>\nw\u0142a\u015bnie z tych rozm\u00f3w, z tego dzielenia si\u0119 przemy\u015bleniami, a<br \/>\ntak\u017ce z wniosk\u00f3w, jakie p\u0142yn\u0105 z mojej <b>pos\u0142ugi w S\u0105dzie<br \/>\nBiskupim,<\/b> oraz z kilkunastoletniej pos\u0142ugi duszpasterskiej, a<br \/>\nprzede wszystkim \u2013 z <b>do\u015bwiadcze\u0144 <\/b><b>moj<\/b><b>ego<br \/>\nrodzinnego Domu,<\/b> chcia\u0142bym wyprowadzi\u0107 takich oto kilka<br \/>\nszczerych porad, \u017cycia rodzinnego dotycz\u0105cych.<\/div>\n<div align=\"justify\" style=\"line-height: 150%; margin-bottom: 0cm; text-indent: 1.22cm;\">\nWszystkie<br \/>\none wynikaj\u0105 z tego stwierdzenia, kt\u00f3re dzi\u015b w Ewangelii<br \/>\nwypowiedzia\u0142 Jezus, a kt\u00f3re ksi\u0119\u017ca bardzo cz\u0119sto \u2013 chocia\u017c<br \/>\nw nieco innych s\u0142owach \u2013 wyg\u0142aszaj\u0105<br \/>\nw trakcie homilii \u015blubnych, a mianowicie: <b>tam,<br \/>\ngdzie B\u00f3g jest na pierwszym miejscu, wszystko jest na swoim<br \/>\nw\u0142a\u015bciwym miejscu. <\/b>Tak,<br \/>\nto prawda \u2013 z tego wszystko inne wynika. Bo<br \/>\nto w\u0142a\u015bnie B\u00f3g pomaga w zaprowadzeniu <b>pe\u0142nego<br \/>\ni trwa\u0142ego porz\u0105dku<\/b><br \/>\nw relacjach mi\u0119dzyludzkich.<\/div>\n<div align=\"justify\" style=\"line-height: 150%; margin-bottom: 0cm; text-indent: 1.22cm;\">\nTemu<br \/>\nsprzyja <b>s<\/b><b>ta\u0142y<br \/>\nstan \u0142aski u\u015bwi\u0119caj\u0105cej,<\/b> w jakim \u017cyj\u0105 wszyscy domownicy, a<br \/>\nten stan osi\u0105ga si\u0119 poprzez Spowied\u017a, odbywan\u0105 po pope\u0142nieniu<br \/>\n<b>ka\u017cdego grzechu ci\u0119\u017ckiego i nigdy nie rzadziej,<\/b><b> jak co<br \/>\nmiesi\u0105c. <\/b>Tak\u017ce w\u00f3wczas, gdy nie stwierdza si\u0119 pope\u0142nienia<br \/>\ngrzechu ci\u0119\u017ckiego \u2013 oby tak zawsze by\u0142o! \u2013 Spowied\u017a powinna<br \/>\nby\u0107 <b>nie rzadziej, jak co miesi\u0105c.<\/b>\n<\/div>\n<div align=\"justify\" style=\"line-height: 150%; margin-bottom: 0cm; text-indent: 1.22cm;\">\nPrzy<br \/>\nczym Spowied\u017a powinna by\u0107 traktowana jako <b>wydarzenie <\/b><b>we<br \/>\nw\u0142a\u015bciwym sensie <\/b><b>rodzinne:<\/b> dobrze by\u0142oby, aby na<br \/>\nprzyk\u0142ad w pierwszy pi\u0105tek miesi\u0105ca przyst\u0119powa\u0107 do niej <b>ca\u0142\u0105<br \/>\nrodzin\u0105, <\/b>a to z kolei by\u0142oby poprzedzone takim czasem w domu,<br \/>\nkiedy to ka\u017cdy \u2013 w ciszy w\u0142asnego serca \u2013 <b>robi sobie<br \/>\nrachunek sumienia i przygotowuje si\u0119 do Spowiedzi. <\/b>Jak\u017ce<br \/>\nw\u00f3wczas ten Sakrament jednoczy\u0142by rodzin\u0119.<\/div>\n<div align=\"justify\" style=\"line-height: 150%; margin-bottom: 0cm; text-indent: 1.22cm;\">\nPodobn\u0105<br \/>\nrol\u0119 mo\u017ce spe\u0142nia\u0107 w rodzinie tak serdecznie i w spos\u00f3b<br \/>\nzaanga\u017cowany prze\u017cywana <b>Msza \u015awi\u0119ta. <\/b>Dobrze by\u0142oby, aby<br \/>\nby\u0142a ona wydarzeniem prawdziwie rodzinnym. Dlatego znowu \u2013 jak\u017ce<br \/>\npi\u0119kn\u0105 jest taka sytuacja, w kt\u00f3rej <b>ca\u0142a rodzina udaje si\u0119 na<br \/>\nMsz\u0119 \u015awi\u0119t\u0105 wsp\u00f3lnie!<\/b> To wyj\u015bcie powinno poprzedzi\u0107<br \/>\nwsp\u00f3lne przygotowanie si\u0119 \u2013 tak\u017ce to zewn\u0119trzne, a wi\u0119c<br \/>\n<b>za\u0142o\u017cenie od\u015bwi\u0119tnego (!) stroju,<\/b> umycie si\u0119, uczesanie\u2026<\/p>\n<\/div>\n<div align=\"justify\" style=\"line-height: 150%; margin-bottom: 0cm; text-indent: 1.22cm;\">\nPowiedzmy<br \/>\nszczerze, \u017ce je\u017celi dzieci widz\u0105 rodzic\u00f3w, jak si\u0119 przygotowuj\u0105<br \/>\ndo wyj\u015bcia na Msz\u0119 \u015awi\u0119t\u0105, jak si\u0119 stroj\u0105; jak si\u0119 mama<br \/>\nmaluje, a tato zawi\u0105zuje krawat i wk\u0142ada od\u015bwi\u0119tny garnitur, a<br \/>\ntemu wszystkiemu <b>towarzyszy jaka\u015b atmosfera wydarzenia wa\u017cnego i<br \/>\nwyj\u0105tkowego,<\/b> to dzieci w spos\u00f3b naturalny wejd\u0105 w t\u0119<br \/>\natmosfer\u0119 i na pewno nie b\u0119dzie ich trzeba w przysz\u0142o\u015bci do<br \/>\nko\u015bcio\u0142a \u201enagania\u0107\u201d\u2026\n<\/div>\n<div align=\"justify\" style=\"line-height: 150%; margin-bottom: 0cm; text-indent: 1.22cm;\">\nZw\u0142aszcza,<br \/>\nje\u017celi potem ca\u0142a rodzina udaje si\u0119 na Msz\u0119 \u015awi\u0119t\u0105 \u2013 na<br \/>\nczas, bez sp\u00f3\u017aniania \u2013 i <b>wsp\u00f3lnie w niej uczestniczy.<\/b><br \/>\nJe\u017celi rodzice swoje dzieci do ko\u015bcio\u0142a <b>prowadz\u0105, a nie<br \/>\nwysy\u0142aj\u0105,<\/b> to w ten spos\u00f3b mog\u0105 unikn\u0105\u0107 wielu przykrych<br \/>\nrozczarowa\u0144. Oczywi\u015bcie, mam \u015bwiadomo\u015b\u0107, \u017ce przy obecnych<br \/>\nwarunkach pracy \u2013 lub jej braku, jej poszukiwania i chwytania si\u0119<br \/>\nr\u00f3\u017cnych prac dorywczych \u2013 mo\u017ce to by\u0107 obiektywnie niemo\u017cliwe.<br \/>\nAle nawet wtedy <b>warto wykorzysta\u0107 takie sytuacje, kiedy jest to<br \/>\nmo\u017cliwe.<\/b><\/div>\n<div align=\"justify\" style=\"line-height: 150%; margin-bottom: 0cm; text-indent: 1.22cm;\">\nAtmosfer\u0119<br \/>\nreligijn\u0105 rodziny z ca\u0142\u0105 pewno\u015bci\u0105 buduje tak\u017ce <b>wsp\u00f3lna<br \/>\nmodlitwa wszystkich jej cz\u0142onk\u00f3w. <\/b>Oczywi\u015bcie, trzeba tu<br \/>\nuwzgl\u0119dni\u0107 wszelkie uwarunkowania i trudno\u015bci, natomiast na pewno<br \/>\ntrzeba wykorzysta\u0107 te mo\u017cliwo\u015bci, jakie w tej kwestii si\u0119<br \/>\npojawiaj\u0105.\n<\/div>\n<div align=\"justify\" style=\"line-height: 150%; margin-bottom: 0cm; text-indent: 1.22cm;\">\nDlatego<br \/>\nmodlitwa taka mo\u017ce mie\u0107 miejsce \u2013 je\u015bli nie jest mo\u017cliwe<br \/>\ncodzienne jej praktykowanie \u2013 <b>cho\u0107by raz, lub kilka razy w<br \/>\ntygodniu. <\/b>Mo\u017ce mie\u0107 form\u0119 <b>wsp\u00f3lnego pacierza, wsp\u00f3lnego<br \/>\nR\u00f3\u017ca\u0144ca, lub wsp\u00f3lnej lektury Pisma \u015awi\u0119tego. <\/b>Tak, to te\u017c<br \/>\nforma modlitwy!<\/div>\n<div align=\"justify\" style=\"line-height: 150%; margin-bottom: 0cm; text-indent: 1.22cm;\">\nWsp\u00f3lna<br \/>\nmodlitwa to naprawd\u0119 <b>pi\u0119kna katecheza dla dzieci,<\/b> ale te\u017c<br \/>\nspos\u00f3b na Bo\u017ce rozwi\u0105zanie szczeg\u00f3lnie nabrzmia\u0142ych problem\u00f3w<br \/>\nrodzinnych.\n<\/div>\n<div align=\"justify\" style=\"line-height: 150%; margin-bottom: 0cm; text-indent: 1.22cm;\">\nW<br \/>\ntym kontek\u015bcie trzeba jeszcze wspomnie\u0107 o powa\u017cnym i religijnym<br \/>\n<b>prze\u017cywani<\/b><b>u<\/b><b> w rodzinie <\/b><b>poszczeg\u00f3lnych<br \/>\n<\/b><b>Sakrament\u00f3w,<\/b> przyjmowanych przez jej cz\u0142onk\u00f3w.<br \/>\nPrzygotowanie do ich przyj\u0119cia powinno absorbowa\u0107 nie tylko osoby<br \/>\nbezpo\u015brednio nimi zainteresowane, ale <b>wszystkich cz\u0142onk\u00f3w<br \/>\nrodziny,<\/b> jednocz\u0105c ich we wsp\u00f3lnej modlitwie; w wi\u0119kszym, ni\u017c<br \/>\nzazwyczaj, <b>zaanga\u017cowaniu w sprawy wiary. <\/b>Chodzi tu<br \/>\nszczeg\u00f3lnie o rodzic\u00f3w, kt\u00f3rzy powinni wykaza\u0107 szczere<br \/>\nzainteresowanie stopniem przygotowania ich dziecka chocia\u017cby do<br \/>\nPierwszej Komunii \u015awi\u0119tej, czy Bierzmowania. Dlatego powinni oni<br \/>\n<b>uczestniczy\u0107 w spotkaniach,<\/b> dla nich przeznaczonych, a nade<br \/>\nwszystko \u2013 <b>modlitw\u0105 wspiera\u0107 swoje dziecko.<\/b><\/div>\n<div align=\"justify\" style=\"line-height: 150%; margin-bottom: 0cm; text-indent: 1.22cm;\">\nW<br \/>\ntym miejscu nale\u017cy wspomnie\u0107 tak\u017ce o konieczno\u015bci udzia\u0142u <b>ca\u0142ej<br \/>\nrodziny w wizycie duszpasterskiej. <\/b>Naturalnie, mo\u017ce by\u0107 taka<br \/>\nsytuacja, \u017ce kto\u015b jest osob\u0105 niewierz\u0105c\u0105 i nie chce bra\u0107<br \/>\nudzia\u0142u w spotkaniu z duszpasterzem. Taka decyzja jest oczywi\u015bcie<br \/>\nindywidualnym prawem ka\u017cdego, natomiast powinno to si\u0119 odby\u0107 w<br \/>\nspos\u00f3b powa\u017cny, to znaczy \u2013 <b>duszpasterz powinien wiedzie\u0107, z<br \/>\nkim ma do czynienia, <\/b>aby m\u00f3c cho\u0107by uczyni\u0107 odpowiedni\u0105<br \/>\nadnotacj\u0119 w kartotece parafialnej, aby t\u0119 decyzj\u0119 danej osoby m\u00f3c<br \/>\nuwzgl\u0119dni\u0107 przy jej ewentualnym pogrzebie.\n<\/div>\n<div align=\"justify\" style=\"line-height: 150%; margin-bottom: 0cm; text-indent: 1.22cm;\">\nNatomiast<br \/>\nnie godzi si\u0119 \u2013 tak to najdelikatniej ujmijmy \u2013 <b>chowa\u0107 si\u0119<br \/>\nprzed ksi\u0119dzem w innym pokoju, w \u0142azience, w szafie lub stodole,<\/b><br \/>\nudaj\u0105c potem, przy r\u00f3\u017cnych okazjach, cz\u0142owieka bardzo wierz\u0105cego.<br \/>\nOsoby prawdziwie wierz\u0105ce w danej rodzinie uczestnicz\u0105 w spotkaniu<br \/>\nz duszpasterzem. <b>Nie jest to bowiem prywatne spotkanie przy kawie<\/b><br \/>\n\u2013 chocia\u017c kawa przy okazji mo\u017ce si\u0119 pojawi\u0107 \u2013 ale jest to<br \/>\nspotkanie duszpasterskie, przeto spos\u00f3b jego traktowania przez<br \/>\nkonkretnego cz\u0142owieka jest <b>deklaracj\u0105 wiary, lub jej<br \/>\nzaprzeczeniem.<\/b> Rang\u0119 tej wizyty powinien te\u017c podkre\u015bli\u0107<br \/>\nodpowiedni str\u00f3j domownik\u00f3w (i nie mamy tu na my\u015bli pi\u017camy) oraz<br \/>\nwysprz\u0105tane mieszkanie.<\/div>\n<div align=\"justify\" style=\"line-height: 150%; margin-bottom: 0cm; text-indent: 1.22cm;\">\nPonadto,<br \/>\n<b>wsp\u00f3lnot\u0119 rodzinn\u0105 na co dzie\u0144 buduje si\u0119 tak\u017ce przy stole.<\/b><br \/>\nNaprawd\u0119 pi\u0119kn\u0105 tradycj\u0105 \u2013 ostatnio jakby zaniedban\u0105 i<br \/>\nzapomnian\u0105 \u2013 s\u0105 <b>wsp\u00f3lne posi\u0142ki przy jednym stole.<\/b><br \/>\nOczywi\u015bcie, najlepiej, je\u017celi maj\u0105 one miejsce codziennie. Z wielu<br \/>\nwzgl\u0119d\u00f3w jednak bywa to trudne do zrealizowania. Natomiast<br \/>\n<b>niedziele i \u015bwi\u0119ta powinny jednoczy\u0107 rodzin\u0119 przy wsp\u00f3lnym<br \/>\nstole.<\/b>\n<\/div>\n<div align=\"justify\" style=\"line-height: 150%; margin-bottom: 0cm; text-indent: 1.22cm;\">\nI<br \/>\nnie chodzi tu o ob\u017carstwo i pija\u0144stwo, jakie nierzadko przy naszych<br \/>\nsto\u0142ach si\u0119 zdarza. Chodzi o <b>wsp\u00f3lny posi\u0142ek, jako znak<br \/>\njedno\u015bci rodziny. <\/b>Wszak Jezus uczyni\u0142 najwa\u017cniejszym \u015brodkiem<br \/>\ndo zbawienia swoich uczni\u00f3w \u2013 <b>w\u0142a\u015bnie uczt\u0119!<\/b> Ostatnia<br \/>\nWieczerza \u2013 to przecie\u017c wsp\u00f3lna kolacja. <b>Msza \u015awi\u0119ta \u2013 to<br \/>\nuczta przy stole Bo\u017cego s\u0142owa i stole eucharystycznym!<\/b> Dlatego<br \/>\nw\u0142a\u015bnie rodzina powinna do swojego sto\u0142u wsp\u00f3lnie zasiada\u0107, nie<br \/>\njest natomiast dobrze, je\u017celi ka\u017cdy ze swoim talerzem zamyka si\u0119 w<br \/>\nswoim pokoju. Wsp\u00f3lny posi\u0142ek powinno si\u0119 <b>rozpoczyna\u0107 i<br \/>\nko\u0144czy\u0107 modlitw\u0105. <\/b>\n<\/div>\n<div align=\"justify\" style=\"line-height: 150%; margin-bottom: 0cm; text-indent: 1.22cm;\">\nSzczeg\u00f3lnego<br \/>\nznaczenie maj\u0105 w tym kontek\u015bcie dwa posi\u0142ki: <b>wieczerza<br \/>\nwigilijna i \u015bniadanie rezurekcyjne.<\/b> S\u0105 one opatrzone wieloma<br \/>\npi\u0119knymi tradycjami. Szczeg\u00f3lnie wieczerza wigilijna winna si\u0119<br \/>\nodbywa\u0107 w atmosferze wr\u0119cz religijnej: <b>rozpocz\u0119ta modlitw\u0105,<br \/>\nlektur\u0105 Pisma \u015awi\u0119tego i \u015bpiewem kol\u0119dy,<\/b> powinna przebiega\u0107<br \/>\nw atmosferze uroczystej i bardzo rodzinnej. I bez alkoholu! <b>Nie<br \/>\nrezygnujmy z tych pi\u0119knych form <\/b><b>i zasad<\/b><b>!<\/b> Nie<br \/>\nzapominajmy o pi\u0119knych tradycjach, zwi\u0105zanych ze swoistym<br \/>\n\u201ecelebrowaniem\u201d takich w\u0142a\u015bnie spotka\u0144. Mo\u017cemy tu m\u00f3wi\u0107 o<br \/>\n<b>chrze\u015bcija\u0144skim wymiarze \u015bwi\u0119towania przy stole.<\/b><\/div>\n<div align=\"justify\" style=\"line-height: 150%; margin-bottom: 0cm; text-indent: 1.22cm;\">\nW<br \/>\nten spos\u00f3b mo\u017cna \u015bwi\u0119towa\u0107 chocia\u017cby imieniny i urodziny<br \/>\nposzczeg\u00f3lnych cz\u0142onk\u00f3w rodziny. Oczywi\u015bcie, <b>dzieci powinny<br \/>\nzna\u0107 daty zar\u00f3wno urodzin, jak i imienin swoich rodzic\u00f3w, podobnie<br \/>\njak rocznic\u0119 ich \u015blubu.<\/b> Szczeg\u00f3lnie ta ostatnia data powinna<br \/>\nby\u0107 <b>rodzinnym \u015bwi\u0119tem,<\/b> obchodzonym tak\u017ce przez wsp\u00f3lne<br \/>\nprze\u017cycie Mszy \u015awi\u0119tej w intencji jubilat\u00f3w.<\/div>\n<div align=\"justify\" style=\"line-height: 150%; margin-bottom: 0cm; text-indent: 1.22cm;\">\nWi\u0119\u017a<br \/>\npomi\u0119dzy rodzicami a dzie\u0107mi buduje si\u0119 r\u00f3wnie\u017c poprzez <b>z<\/b><b>nak<br \/>\n<\/b><b>K<\/b><b>rzy\u017ca, czyniony <\/b><b>przez rodzic\u00f3w swoim <\/b><b>dziec<\/b><b>iom<\/b><b><br \/>\nna czole<\/b> \u2013 przed swoim wyj\u015bciem do pracy, przed ich wyj\u015bciem<br \/>\ndo szko\u0142y\u2026<\/div>\n<div align=\"justify\" style=\"line-height: 150%; margin-bottom: 0cm; text-indent: 1.22cm;\">\nZewn\u0119trznym<br \/>\nznakiem religijnej atmosfery w rodzinie s\u0105 <b>emblematy religijne w<br \/>\ndomu. <\/b>Chodzi tu oczywi\u015bcie o religijne obrazki, krzy\u017ce na<br \/>\n\u015bcianach. Kiedy\u015b w naszych domach <b>ustawia\u0142o si\u0119 o\u0142tarzyki.<\/b><br \/>\nTaki o\u0142tarzyk mieli\u015bmy w naszym Domu rodzinnym. By\u0142a to p\u00f3\u0142eczka<br \/>\nna \u015bcianie. Sta\u0142 tam <b>krzy\u017cyk i dwie \u015bwieczki, kt\u00f3re<br \/>\nzapalali\u015bmy na czas wsp\u00f3lnego wieczornego pacierza.<\/b>\n<\/div>\n<div align=\"justify\" style=\"line-height: 150%; margin-bottom: 0cm; text-indent: 1.22cm;\">\nDzisiaj<br \/>\nnajcz\u0119\u015bciej takim <b>\u201eo\u0142tarzykiem\u201d jest telewizor <\/b><b>lub<br \/>\nkomputer<\/b> \u2013 tylko ustawi\u0107 obok \u015bwieczki! Czasami natomiast \u2013<br \/>\nzamiast krzy\u017ca lub obrazka \u2013 mo\u017cna w domach zobaczy\u0107 jakie\u015b<br \/>\n<b>amulety, <\/b><b>dziwaczne pos\u0105\u017cki,<\/b><b> nie wiadomo sk\u0105d<br \/>\n<\/b><b>pochodz\u0105ce.<\/b> Nierzadko powoduj\u0105 one przer\u00f3\u017cne <b>problemy<br \/>\nduchowe<\/b><b>,<\/b> na co a\u017c nadto cz\u0119sto zwracaj\u0105 uwag\u0119<br \/>\negzorcy\u015bci. Dobrze wi\u0119c mo\u017ce by\u0142oby zainteresowa\u0107 si\u0119, <b>czym<br \/>\ns\u0105 niekt\u00f3re \u201epami\u0105tki\u201d,<\/b> jakie przywozimy z zagranicznych<br \/>\nwyjazd\u00f3w. Czy zamiast tego nie lepiej by\u0142oby umie\u015bci\u0107 przy<br \/>\ndrzwiach wyj\u015bciowych <b>kropielniczk<\/b><b>\u0119<\/b><b> na wod\u0119<br \/>\n\u015bwi\u0119con\u0105,<\/b> aby wszyscy, wychodz\u0105 z domu, mogli uczyni\u0107 ni\u0105<br \/>\nna sobie znak krzy\u017ca?\u2026<\/div>\n<div align=\"justify\" style=\"line-height: 150%; margin-bottom: 0cm; text-indent: 1.22cm;\">\nI<br \/>\ntak ju\u017c zupe\u0142nie na koniec \u2013 uwaga natury og\u00f3lnej: niech<br \/>\ntemat wiary i praktyk religijnych <b>nie<br \/>\nb\u0119dzie aktualizowany <\/b><b>w<br \/>\nnaszych rodzinach<\/b><b><br \/>\njedynie przy <\/b><b>okazji<br \/>\n<\/b><b>Chrz<\/b><b>tu<\/b><b>,<br \/>\nPierwszej Komunii <\/b>\u2013<br \/>\ni to te\u017c tylko w wymiarze \u201eimprezowym\u201d. Powa\u017cne traktowanie<br \/>\nwiary jest gwarancj\u0105 szcz\u0119\u015bcia w ma\u0142\u017ce\u0144stwie i w rodzinie. A<br \/>\npomoc\u0105 w takim jej traktowaniu mo\u017ce by\u0107 <b>p<\/b><b>rzynale\u017cno\u015b\u0107<br \/>\ndo jakiej\u015b wsp\u00f3lnoty <\/b><b>rodzin<\/b><br \/>\n\u2013 na przyk\u0142ad: Domowego<br \/>\nKo\u015bcio\u0142a\u2026<\/p>\n<\/div>\n<div align=\"justify\" style=\"line-height: 150%; margin-bottom: 0cm; text-indent: 1.22cm;\">\nTo<br \/>\ntakich kilka bardzo prostych porad, wyprowadzonych z \u017cyciowego i<br \/>\nduszpasterskiego do\u015bwiadczenia. Z pewno\u015bci\u0105, jest to wyb\u00f3r bardzo<br \/>\nskr\u00f3cony i og\u00f3lny \u2013 mo\u017cna zauwa\u017cy\u0107 wiele innych jeszcze spraw<br \/>\ni odnie\u015b\u0107 si\u0119 od nich. Ale ju\u017c<br \/>\ntych kilka, drobnych kroczk\u00f3w, to jaki\u015b konkretny wk\u0142ad w<br \/>\nbudowanie rodziny mocnej, \u015bwi\u0119tej i Bogiem silnej.<\/div>\n<div align=\"justify\" style=\"line-height: 150%; margin-bottom: 0cm; text-indent: 1.22cm;\">\nPomy\u015blmy:<\/div>\n<div align=\"justify\" style=\"line-height: 150%; margin-bottom: 0cm;\">\n\u2013<br \/>\nCo<br \/>\nrobi\u0119, aby w mojej rodzinie panowa\u0142a prawdziwie dobra atmosfera?<\/div>\n<div align=\"justify\" style=\"line-height: 150%; margin-bottom: 0cm;\">\n\u2013<br \/>\nJakich<br \/>\nzachowa\u0144 i postaw w tym celu unikam?<\/div>\n<div align=\"justify\" style=\"line-height: 150%; margin-bottom: 0cm;\">\n\u2013<br \/>\nNa<br \/>\nile jednocz\u0119 we wsp\u00f3lne budowanie tego dobra wszystkich cz\u0142onk\u00f3w<br \/>\nswojej Rodziny?<\/div>\n<p><\/p>\n<div align=\"justify\" style=\"line-height: 150%; margin-bottom: 0cm;\">\n<i><b>Pan<br \/>\nuczci\u0142 ojca przez dzieci, a prawa matki nad synami utwierdzi\u0142.&nbsp;<\/b><\/i>\n<\/div>\n","protected":false},"excerpt":{"rendered":"<p>Niech b\u0119dzie pochwalony Jezus Chrystus! Moi Drodzy, dzisiaj mamy Niedziel\u0119 \u015awi\u0119tej Rodziny. W zwi\u0105zku z tym, rozwa\u017canie jest o rodzinie &#8211; bo o tym jest te\u017c s\u0142owo Bo\u017ce. W naszych ko\u015bcio\u0142ach natomiast jest odczytywany list Episkopatu, tego tematu dotycz\u0105cy.&nbsp; &nbsp; &nbsp; &nbsp; &nbsp;&nbsp;Gdyby to jednak nie by\u0142a niedziela, to prze\u017cywaliby\u015bmy \u015awi\u0119to \u015awi\u0119tego Jana Aposto\u0142a, a [&hellip;]<\/p>\n","protected":false},"author":1,"featured_media":0,"comment_status":"open","ping_status":"open","sticky":false,"template":"","format":"standard","meta":{"jetpack_post_was_ever_published":false,"_jetpack_newsletter_access":"","_jetpack_dont_email_post_to_subs":false,"_jetpack_newsletter_tier_id":0,"_jetpack_memberships_contains_paywalled_content":false,"_jetpack_memberships_contains_paid_content":false,"footnotes":""},"categories":[1],"tags":[],"class_list":["post-8167","post","type-post","status-publish","format-standard","hentry","category-bez-kategorii"],"yoast_head":"<!-- This site is optimized with the Yoast SEO plugin v25.1 - https:\/\/yoast.com\/wordpress\/plugins\/seo\/ -->\n<title>Rodzina - czyli &quot;by\u0107 w sprawach Bo\u017cych&quot;... - Gaudium Et Spes<\/title>\n<meta name=\"robots\" content=\"index, follow, max-snippet:-1, max-image-preview:large, max-video-preview:-1\" \/>\n<link rel=\"canonical\" href=\"https:\/\/gaudiumetspes-blog.pl\/index.php\/2015\/12\/27\/rodzina-czyli-byc-w-sprawach-bozyc\/\" \/>\n<meta property=\"og:locale\" content=\"pl_PL\" \/>\n<meta property=\"og:type\" content=\"article\" \/>\n<meta property=\"og:title\" content=\"Rodzina - czyli &quot;by\u0107 w sprawach Bo\u017cych&quot;... - Gaudium Et Spes\" \/>\n<meta property=\"og:description\" content=\"Niech b\u0119dzie pochwalony Jezus Chrystus! Moi Drodzy, dzisiaj mamy Niedziel\u0119 \u015awi\u0119tej Rodziny. W zwi\u0105zku z tym, rozwa\u017canie jest o rodzinie &#8211; bo o tym jest te\u017c s\u0142owo Bo\u017ce. W naszych ko\u015bcio\u0142ach natomiast jest odczytywany list Episkopatu, tego tematu dotycz\u0105cy.&nbsp; &nbsp; &nbsp; &nbsp; &nbsp;&nbsp;Gdyby to jednak nie by\u0142a niedziela, to prze\u017cywaliby\u015bmy \u015awi\u0119to \u015awi\u0119tego Jana Aposto\u0142a, a [&hellip;]\" \/>\n<meta property=\"og:url\" content=\"https:\/\/gaudiumetspes-blog.pl\/index.php\/2015\/12\/27\/rodzina-czyli-byc-w-sprawach-bozyc\/\" \/>\n<meta property=\"og:site_name\" content=\"Gaudium Et Spes\" \/>\n<meta property=\"article:published_time\" content=\"2015-12-27T04:17:00+00:00\" \/>\n<meta property=\"article:modified_time\" content=\"2019-07-31T10:55:58+00:00\" \/>\n<meta name=\"author\" content=\"Ks. Jacek\" \/>\n<meta name=\"twitter:card\" content=\"summary_large_image\" \/>\n<meta name=\"twitter:label1\" content=\"Napisane przez\" \/>\n\t<meta name=\"twitter:data1\" content=\"Ks. Jacek\" \/>\n\t<meta name=\"twitter:label2\" content=\"Szacowany czas czytania\" \/>\n\t<meta name=\"twitter:data2\" content=\"16 minut\" \/>\n<script type=\"application\/ld+json\" class=\"yoast-schema-graph\">{\"@context\":\"https:\/\/schema.org\",\"@graph\":[{\"@type\":\"WebPage\",\"@id\":\"https:\/\/gaudiumetspes-blog.pl\/index.php\/2015\/12\/27\/rodzina-czyli-byc-w-sprawach-bozyc\/\",\"url\":\"https:\/\/gaudiumetspes-blog.pl\/index.php\/2015\/12\/27\/rodzina-czyli-byc-w-sprawach-bozyc\/\",\"name\":\"Rodzina - czyli \\\"by\u0107 w sprawach Bo\u017cych\\\"... - Gaudium Et Spes\",\"isPartOf\":{\"@id\":\"https:\/\/gaudiumetspes-blog.pl\/#website\"},\"datePublished\":\"2015-12-27T04:17:00+00:00\",\"dateModified\":\"2019-07-31T10:55:58+00:00\",\"author\":{\"@id\":\"https:\/\/gaudiumetspes-blog.pl\/#\/schema\/person\/1661982992b752dea8dff0d4ed845a65\"},\"breadcrumb\":{\"@id\":\"https:\/\/gaudiumetspes-blog.pl\/index.php\/2015\/12\/27\/rodzina-czyli-byc-w-sprawach-bozyc\/#breadcrumb\"},\"inLanguage\":\"pl-PL\",\"potentialAction\":[{\"@type\":\"ReadAction\",\"target\":[\"https:\/\/gaudiumetspes-blog.pl\/index.php\/2015\/12\/27\/rodzina-czyli-byc-w-sprawach-bozyc\/\"]}]},{\"@type\":\"BreadcrumbList\",\"@id\":\"https:\/\/gaudiumetspes-blog.pl\/index.php\/2015\/12\/27\/rodzina-czyli-byc-w-sprawach-bozyc\/#breadcrumb\",\"itemListElement\":[{\"@type\":\"ListItem\",\"position\":1,\"name\":\"Strona g\u0142\u00f3wna\",\"item\":\"https:\/\/gaudiumetspes-blog.pl\/\"},{\"@type\":\"ListItem\",\"position\":2,\"name\":\"Rodzina &#8211; czyli &#8222;by\u0107 w&nbsp;sprawach Bo\u017cych&#8221;&#8230;\"}]},{\"@type\":\"WebSite\",\"@id\":\"https:\/\/gaudiumetspes-blog.pl\/#website\",\"url\":\"https:\/\/gaudiumetspes-blog.pl\/\",\"name\":\"Gaudium Et Spes\",\"description\":\"Blog Ks. Jacka Ja\u015bkowskiego\",\"potentialAction\":[{\"@type\":\"SearchAction\",\"target\":{\"@type\":\"EntryPoint\",\"urlTemplate\":\"https:\/\/gaudiumetspes-blog.pl\/?s={search_term_string}\"},\"query-input\":{\"@type\":\"PropertyValueSpecification\",\"valueRequired\":true,\"valueName\":\"search_term_string\"}}],\"inLanguage\":\"pl-PL\"},{\"@type\":\"Person\",\"@id\":\"https:\/\/gaudiumetspes-blog.pl\/#\/schema\/person\/1661982992b752dea8dff0d4ed845a65\",\"name\":\"Ks. Jacek\",\"image\":{\"@type\":\"ImageObject\",\"inLanguage\":\"pl-PL\",\"@id\":\"https:\/\/gaudiumetspes-blog.pl\/#\/schema\/person\/image\/\",\"url\":\"https:\/\/gaudiumetspes-blog.pl\/wp-content\/uploads\/2019\/07\/avatar-JJ-150x150.jpg\",\"contentUrl\":\"https:\/\/gaudiumetspes-blog.pl\/wp-content\/uploads\/2019\/07\/avatar-JJ-150x150.jpg\",\"caption\":\"Ks. Jacek\"},\"description\":\"Witam serdecznie! K\u0142ania si\u0119 Ks. Jacek Ja\u015bkowski. Nie jestem ani kim\u015b wa\u017cnym, ani kim\u015b znanym. Jestem ksi\u0119dzem, kt\u00f3ry po prostu chce rozmawia\u0107. Codzienna kap\u0142a\u0144ska pos\u0142uga pokazuje mi, \u017ce temat\u00f3w do rozm\u00f3w z ksi\u0119dzem jest coraz wi\u0119cej i dzisiaj \u017caden ksi\u0105dz nie mo\u017ce od nich ucieka\u0107, ale - wprost przeciwnie - podejmowa\u0107 nowe wyzwania. To przekonanie sk\u0142oni\u0142o mnie do pr\u00f3by otwarcia tego\u017c bloga, chocia\u017c okazji do rozm\u00f3w na co dzie\u0144 - w konfesjonale i poza nim - na szcz\u0119\u015bcie nie brakuje. My\u015bl\u0119 jednak, \u017ce ten blog b\u0119dzie jeszcze jednym sposobem i przestrzeni\u0105 nawi\u0105zania kontaktu z lud\u017ami dobrej woli, otwartymi na dialog.\",\"url\":\"https:\/\/gaudiumetspes-blog.pl\/index.php\/author\/ks-jacek\/\"}]}<\/script>\n<!-- \/ Yoast SEO plugin. -->","yoast_head_json":{"title":"Rodzina - czyli \"by\u0107 w sprawach Bo\u017cych\"... - Gaudium Et Spes","robots":{"index":"index","follow":"follow","max-snippet":"max-snippet:-1","max-image-preview":"max-image-preview:large","max-video-preview":"max-video-preview:-1"},"canonical":"https:\/\/gaudiumetspes-blog.pl\/index.php\/2015\/12\/27\/rodzina-czyli-byc-w-sprawach-bozyc\/","og_locale":"pl_PL","og_type":"article","og_title":"Rodzina - czyli \"by\u0107 w sprawach Bo\u017cych\"... - Gaudium Et Spes","og_description":"Niech b\u0119dzie pochwalony Jezus Chrystus! Moi Drodzy, dzisiaj mamy Niedziel\u0119 \u015awi\u0119tej Rodziny. W zwi\u0105zku z tym, rozwa\u017canie jest o rodzinie &#8211; bo o tym jest te\u017c s\u0142owo Bo\u017ce. W naszych ko\u015bcio\u0142ach natomiast jest odczytywany list Episkopatu, tego tematu dotycz\u0105cy.&nbsp; &nbsp; &nbsp; &nbsp; &nbsp;&nbsp;Gdyby to jednak nie by\u0142a niedziela, to prze\u017cywaliby\u015bmy \u015awi\u0119to \u015awi\u0119tego Jana Aposto\u0142a, a [&hellip;]","og_url":"https:\/\/gaudiumetspes-blog.pl\/index.php\/2015\/12\/27\/rodzina-czyli-byc-w-sprawach-bozyc\/","og_site_name":"Gaudium Et Spes","article_published_time":"2015-12-27T04:17:00+00:00","article_modified_time":"2019-07-31T10:55:58+00:00","author":"Ks. Jacek","twitter_card":"summary_large_image","twitter_misc":{"Napisane przez":"Ks. Jacek","Szacowany czas czytania":"16 minut"},"schema":{"@context":"https:\/\/schema.org","@graph":[{"@type":"WebPage","@id":"https:\/\/gaudiumetspes-blog.pl\/index.php\/2015\/12\/27\/rodzina-czyli-byc-w-sprawach-bozyc\/","url":"https:\/\/gaudiumetspes-blog.pl\/index.php\/2015\/12\/27\/rodzina-czyli-byc-w-sprawach-bozyc\/","name":"Rodzina - czyli \"by\u0107 w sprawach Bo\u017cych\"... - Gaudium Et Spes","isPartOf":{"@id":"https:\/\/gaudiumetspes-blog.pl\/#website"},"datePublished":"2015-12-27T04:17:00+00:00","dateModified":"2019-07-31T10:55:58+00:00","author":{"@id":"https:\/\/gaudiumetspes-blog.pl\/#\/schema\/person\/1661982992b752dea8dff0d4ed845a65"},"breadcrumb":{"@id":"https:\/\/gaudiumetspes-blog.pl\/index.php\/2015\/12\/27\/rodzina-czyli-byc-w-sprawach-bozyc\/#breadcrumb"},"inLanguage":"pl-PL","potentialAction":[{"@type":"ReadAction","target":["https:\/\/gaudiumetspes-blog.pl\/index.php\/2015\/12\/27\/rodzina-czyli-byc-w-sprawach-bozyc\/"]}]},{"@type":"BreadcrumbList","@id":"https:\/\/gaudiumetspes-blog.pl\/index.php\/2015\/12\/27\/rodzina-czyli-byc-w-sprawach-bozyc\/#breadcrumb","itemListElement":[{"@type":"ListItem","position":1,"name":"Strona g\u0142\u00f3wna","item":"https:\/\/gaudiumetspes-blog.pl\/"},{"@type":"ListItem","position":2,"name":"Rodzina &#8211; czyli &#8222;by\u0107 w&nbsp;sprawach Bo\u017cych&#8221;&#8230;"}]},{"@type":"WebSite","@id":"https:\/\/gaudiumetspes-blog.pl\/#website","url":"https:\/\/gaudiumetspes-blog.pl\/","name":"Gaudium Et Spes","description":"Blog Ks. Jacka Ja\u015bkowskiego","potentialAction":[{"@type":"SearchAction","target":{"@type":"EntryPoint","urlTemplate":"https:\/\/gaudiumetspes-blog.pl\/?s={search_term_string}"},"query-input":{"@type":"PropertyValueSpecification","valueRequired":true,"valueName":"search_term_string"}}],"inLanguage":"pl-PL"},{"@type":"Person","@id":"https:\/\/gaudiumetspes-blog.pl\/#\/schema\/person\/1661982992b752dea8dff0d4ed845a65","name":"Ks. Jacek","image":{"@type":"ImageObject","inLanguage":"pl-PL","@id":"https:\/\/gaudiumetspes-blog.pl\/#\/schema\/person\/image\/","url":"https:\/\/gaudiumetspes-blog.pl\/wp-content\/uploads\/2019\/07\/avatar-JJ-150x150.jpg","contentUrl":"https:\/\/gaudiumetspes-blog.pl\/wp-content\/uploads\/2019\/07\/avatar-JJ-150x150.jpg","caption":"Ks. Jacek"},"description":"Witam serdecznie! K\u0142ania si\u0119 Ks. Jacek Ja\u015bkowski. Nie jestem ani kim\u015b wa\u017cnym, ani kim\u015b znanym. Jestem ksi\u0119dzem, kt\u00f3ry po prostu chce rozmawia\u0107. Codzienna kap\u0142a\u0144ska pos\u0142uga pokazuje mi, \u017ce temat\u00f3w do rozm\u00f3w z ksi\u0119dzem jest coraz wi\u0119cej i dzisiaj \u017caden ksi\u0105dz nie mo\u017ce od nich ucieka\u0107, ale - wprost przeciwnie - podejmowa\u0107 nowe wyzwania. To przekonanie sk\u0142oni\u0142o mnie do pr\u00f3by otwarcia tego\u017c bloga, chocia\u017c okazji do rozm\u00f3w na co dzie\u0144 - w konfesjonale i poza nim - na szcz\u0119\u015bcie nie brakuje. My\u015bl\u0119 jednak, \u017ce ten blog b\u0119dzie jeszcze jednym sposobem i przestrzeni\u0105 nawi\u0105zania kontaktu z lud\u017ami dobrej woli, otwartymi na dialog.","url":"https:\/\/gaudiumetspes-blog.pl\/index.php\/author\/ks-jacek\/"}]}},"jetpack_featured_media_url":"","jetpack_sharing_enabled":true,"_links":{"self":[{"href":"https:\/\/gaudiumetspes-blog.pl\/index.php\/wp-json\/wp\/v2\/posts\/8167","targetHints":{"allow":["GET"]}}],"collection":[{"href":"https:\/\/gaudiumetspes-blog.pl\/index.php\/wp-json\/wp\/v2\/posts"}],"about":[{"href":"https:\/\/gaudiumetspes-blog.pl\/index.php\/wp-json\/wp\/v2\/types\/post"}],"author":[{"embeddable":true,"href":"https:\/\/gaudiumetspes-blog.pl\/index.php\/wp-json\/wp\/v2\/users\/1"}],"replies":[{"embeddable":true,"href":"https:\/\/gaudiumetspes-blog.pl\/index.php\/wp-json\/wp\/v2\/comments?post=8167"}],"version-history":[{"count":1,"href":"https:\/\/gaudiumetspes-blog.pl\/index.php\/wp-json\/wp\/v2\/posts\/8167\/revisions"}],"predecessor-version":[{"id":12421,"href":"https:\/\/gaudiumetspes-blog.pl\/index.php\/wp-json\/wp\/v2\/posts\/8167\/revisions\/12421"}],"wp:attachment":[{"href":"https:\/\/gaudiumetspes-blog.pl\/index.php\/wp-json\/wp\/v2\/media?parent=8167"}],"wp:term":[{"taxonomy":"category","embeddable":true,"href":"https:\/\/gaudiumetspes-blog.pl\/index.php\/wp-json\/wp\/v2\/categories?post=8167"},{"taxonomy":"post_tag","embeddable":true,"href":"https:\/\/gaudiumetspes-blog.pl\/index.php\/wp-json\/wp\/v2\/tags?post=8167"}],"curies":[{"name":"wp","href":"https:\/\/api.w.org\/{rel}","templated":true}]}}