{"id":8176,"date":"2015-12-18T08:10:00","date_gmt":"2015-12-18T07:10:00","guid":{"rendered":"https:\/\/gaudiumetspes-blog.pl\/index.php\/2015\/12\/18\/nie-spieszmy-sie-z-osadzanie\/"},"modified":"2019-07-31T12:55:57","modified_gmt":"2019-07-31T10:55:57","slug":"nie-spieszmy-sie-z-osadzanie","status":"publish","type":"post","link":"https:\/\/gaudiumetspes-blog.pl\/index.php\/2015\/12\/18\/nie-spieszmy-sie-z-osadzanie\/","title":{"rendered":"Nie spieszmy si\u0119 z os\u0105dzaniem"},"content":{"rendered":"<table cellpadding=\"0\" cellspacing=\"0\" class=\"tr-caption-container\" style=\"float: right; margin-left: 1em; text-align: right;\">\n<tbody>\n<tr>\n<td style=\"text-align: center;\"><a href=\"http:\/\/4.bp.blogspot.com\/-GZe2mQd7K_A\/VnO-yw1-eLI\/AAAAAAAABiQ\/T-0CK3GN6jk\/s1600\/DSC_0202.JPG\" imageanchor=\"1\" style=\"clear: right; float: right; margin-bottom: 1em; margin-left: 1em;\"><img loading=\"lazy\" decoding=\"async\" border=\"0\" height=\"320\" src=\"https:\/\/gaudiumetspes-blog.pl\/wp-content\/uploads\/2015\/12\/DSC_0202.jpg\" width=\"226\" \/><\/a><\/td>\n<\/tr>\n<tr>\n<td class=\"tr-caption\" style=\"text-align: center;\">Foto naszej ikony<\/td>\n<\/tr>\n<\/tbody>\n<\/table>\n<p><b><i>(Jr 23,5-8)<br \/> Oto nadejd\u0105 dni &#8211; wyrocznia Pana &#8211; kiedy wzbudz\u0119 Dawidowi Odro\u015bl sprawiedliw\u0105. B\u0119dzie panowa\u0142 jako kr\u00f3l, post\u0119puj\u0105c roztropnie, i b\u0119dzie wykonywa\u0142 prawo i sprawiedliwo\u015b\u0107 na ziemi. W jego dniach Juda dost\u0105pi zbawienia, a Izrael b\u0119dzie mieszka\u0142 bezpiecznie. To za\u015b b\u0119dzie imi\u0119, kt\u00f3rym go b\u0119d\u0105 nazywa\u0107: Pan nasz\u0105 sprawiedliwo\u015bci\u0105. Dlatego oto nadejd\u0105 dni &#8211; wyrocznia Pana &#8211; kiedy nie b\u0119d\u0105 ju\u017c m\u00f3wi\u0107: Na \u017cycie Pana, kt\u00f3ry wyprowadzi\u0142 syn\u00f3w Izraela z ziemi egipskiej, lecz raczej: Na \u017cycie Pana, kt\u00f3ry wyprowadzi\u0142 i przywr\u00f3ci\u0142 pokolenie domu Izraela z ziemi p\u00f3\u0142nocnej i ze wszystkich ziem, po kt\u00f3rych ich rozproszy\u0142, tak \u017ce b\u0119d\u0105 mogli mieszka\u0107 w swej ziemi.<\/p>\n<p>(Mt 1,18-24)<br \/> Z narodzeniem Jezusa Chrystusa by\u0142o tak. Po za\u015blubinach Matki Jego, Maryi, z J\u00f3zefem, wpierw nim zamieszkali razem, znalaz\u0142a si\u0119 brzemienn\u0105 za spraw\u0105 Ducha \u015awi\u0119tego. M\u0105\u017c Jej, J\u00f3zef, kt\u00f3ry by\u0142 cz\u0142owiekiem sprawiedliwym i nie chcia\u0142 narazi\u0107 Jej na znies\u0142awienie, zamierza\u0142 oddali\u0107 J\u0105 potajemnie. Gdy powzi\u0105\u0142 t\u0119 my\u015bl, oto anio\u0142 Pa\u0144ski ukaza\u0142 mu si\u0119 we \u015bnie i rzek\u0142: J\u00f3zefie, synu Dawida, nie b\u00f3j si\u0119 wzi\u0105\u0107 do siebie Maryi, twej Ma\u0142\u017conki; albowiem z Ducha \u015awi\u0119tego jest to, co si\u0119 w Niej pocz\u0119\u0142o. Porodzi Syna, kt\u00f3remu nadasz imi\u0119 Jezus, On bowiem zbawi sw\u00f3j lud od jego grzech\u00f3w . A sta\u0142o si\u0119 to wszystko, aby si\u0119 wype\u0142ni\u0142o s\u0142owo Pa\u0144skie powiedziane przez Proroka: Oto Dziewica pocznie i porodzi Syna, kt\u00f3remu nadadz\u0105 imi\u0119 Emmanuel, to znaczy: B\u00f3g z nami. Zbudziwszy si\u0119 ze snu, J\u00f3zef uczyni\u0142 tak, jak mu poleci\u0142 anio\u0142 Pa\u0144ski: wzi\u0105\u0142 swoj\u0105 Ma\u0142\u017conk\u0119 do siebie.<\/i><\/b><\/p>\n<p>Niech b\u0119dzie pochwalony Jezus Chrystus!<\/p>\n<p>Pozdrawiam serdecznie z Syberii, z Surgutu. U nas tutaj pi\u0119kna zima, du\u017co \u015bniegu (za du\u017co) i mr\u00f3z spokojny, w tej chwili \u2013 22. <\/p>\n<p>W naszej parafii w niedziel\u0119 zako\u0144czyli\u015bmy rekolekcje (zapomnia\u0142em Was poprosi\u0107 o modlitw\u0119 za rekolekcje, poprzednim razem, ale je\u015bli teraz si\u0119 pomodlicie za moj\u0105 parafi\u0119 to te\u017c b\u0119d\u0119 wdzi\u0119czny). Rekolekcje prowadzi\u0142 o. Pawe\u0142 Jurkowski, redemptorysta, kt\u00f3ry aktualnie pos\u0142uguje w Kiemierowo (te\u017c na Syberii). <\/p>\n<p>W czasie tych rekolekcji zosta\u0142a po\u015bwi\u0119cona ikona Matki Bo\u017cej Nieustaj\u0105cej Pomocy i wprowadzona nowenna. Bardzo si\u0119 zdziwi\u0142em, jak wiele os\u00f3b przysz\u0142o w \u015brod\u0119 na nowenn\u0119. Ikona teraz peregrynuje po rodzinach naszej parafii. Licz\u0119, \u017ce Matka Bo\u017ca nieustannie pomagaj\u0105ca, b\u0119dzie i naszej parafii nieustannie pomaga\u0107. Ja mam do Niej jedn\u0105 nie\u015bmia\u0142\u0105 pro\u015bb\u0119 \u2013 \u017ceby si\u0119 nape\u0142nia\u0142 nasz ko\u015bci\u00f3\u0142, \u017ceby wi\u0119cej i wi\u0119cej ludzi chodzi\u0142o do naszego ko\u015bcio\u0142a. Odpowied\u017a Maryi ju\u017c widz\u0119 \u2013 na nowenn\u0119 przysz\u0142o tyle os\u00f3b, ile bym si\u0119 nie spodziewa\u0142 \u2013 rzadko w tygodniu tyle przychodzi.<\/p>\n<p>A nasz ko\u015bci\u00f3\u0142 jest wyznaczony przez biskupa jako ko\u015bci\u00f3\u0142 jubileuszowy, Ko\u015bci\u00f3\u0142 Mi\u0142osierdzia. W najbli\u017csz\u0105 niedziel\u0119 otworzymy uroczy\u015bcie drzwi \u015bwi\u0119te. Zapraszam na pielgrzymk\u0119 do Surgutu, gdzie mo\u017cna b\u0119dzie otrzyma\u0107 odpust w naszym ko\u015bciele. <\/p>\n<p>Inn\u0105 rado\u015bci\u0105 naszej parafii jest to, \u017ce w tym tygodniu uda\u0142o si\u0119 nam kupi\u0107 pomieszczenie w Nojabrsku (320 km. st\u0105d) gdzie rejestrujemy now\u0105 parafi\u0119, parafi\u0119 \u015bw. Paw\u0142a Aposto\u0142a (najbardziej wysuni\u0119ta na p\u00f3\u0142noc parafia w naszej diecezji). W tym pomieszczeniu b\u0119dziemy robili kaplic\u0119 i b\u0119d\u0105 tam pokoiki gdzie mo\u017cna si\u0119 zatrzyma\u0107 i przenocowa\u0107. Odprawi\u0142em ju\u017c tam pierwsz\u0105 Msz\u0119 \u015aw. W Nojabrsku jest pi\u0119kna, dynamiczna i spora wsp\u00f3lnota. Widz\u0119 ju\u017c, \u017ce to pomieszczenie doda\u0142o skrzyde\u0142 parafianom. <\/p>\n<p>I oczywi\u015bcie jak wszyscy przygotowujemy si\u0119 do \u015bwi\u0105t Bo\u017cego Narodzenia.<\/p>\n<p>Na drodze tych przygotowa\u0144 dzi\u015b s\u0142owo Bo\u017ce a w nim J\u00f3zef, nasz \u015bwi\u0119ty patron parafii.<\/p>\n<p>W dzisiejszej Ewangelii widzimy pocz\u0105tki jego powo\u0142ania. Dzisiejszy fragment zwykle czytamy szybko i bez wi\u0119kszego zastanowienia, jako pi\u0119kny opis spotkania \u015awi\u0119tej Rodziny, prowadz\u0105cy do s\u0142odkiego, cukierkowatego Bo\u017cego Narodzenia \u2013 bo tak zwykle patrzymy na \u015bwi\u0119ta. <\/p>\n<p>Jednak spr\u00f3bujmy si\u0119 wczyta\u0107, zastanowi\u0107 nad takimi s\u0142owami:<\/p>\n<p>\u201ePo za\u015blubinach Matki Jego, Maryi, z J\u00f3zefem, wpierw nim zamieszkali razem, znalaz\u0142a si\u0119 brzemienn\u0105 za spraw\u0105 Ducha \u015awi\u0119tego. M\u0105\u017c Jej, J\u00f3zef, kt\u00f3ry by\u0142 cz\u0142owiekiem sprawiedliwym i nie chcia\u0142 narazi\u0107 Jej na znies\u0142awienie, zamierza\u0142 oddali\u0107 J\u0105 potajemnie\u201d.<\/p>\n<p>W tych pozornie spokojnych s\u0142owach, kt\u00f3re zwykle jednym tchem czytamy kryje si\u0119 olbrzymi dramat, do\u015bwiadczenie jakie spotka\u0142o J\u00f3zefa, a zapewne te\u017c i Maryj\u0119. Chwila napi\u0119cia. <\/p>\n<p><a name='more'><\/a><\/p>\n<table cellpadding=\"0\" cellspacing=\"0\" class=\"tr-caption-container\" style=\"float: left; margin-right: 1em; text-align: left;\">\n<tbody>\n<tr>\n<td style=\"text-align: center;\"><a href=\"http:\/\/2.bp.blogspot.com\/-B3xsRc-KU08\/VnPAnCI3OmI\/AAAAAAAABic\/SwepO6iQnVw\/s1600\/DSC_0299.JPG\" imageanchor=\"1\" style=\"clear: left; margin-bottom: 1em; margin-left: auto; margin-right: auto;\"><img loading=\"lazy\" decoding=\"async\" border=\"0\" height=\"212\" src=\"https:\/\/gaudiumetspes-blog.pl\/wp-content\/uploads\/2015\/12\/DSC_0299.jpg\" width=\"320\" \/><\/a><\/td>\n<\/tr>\n<tr>\n<td class=\"tr-caption\" style=\"text-align: center;\">Wprowadzenie ikony w czasie rekolekcji<\/td>\n<\/tr>\n<\/tbody>\n<\/table>\n<p>J\u00f3zef kocha\u0142 Maryj\u0119, ufa\u0142 jej, przygotowywa\u0142 si\u0119 do ma\u0142\u017ce\u0144stwa, ju\u017c to ma\u0142\u017ce\u0144stwo zaczyna\u0142o si\u0119 realizowa\u0107, i tu J\u00f3zef dowiaduje si\u0119, \u017ce Maryja oczekuje dziecka, a zatem, my\u015bl\u0105c po ludzku \u2013 zdradzi\u0142a go. Przy czym dopu\u015bci\u0142a si\u0119 grzechu, kt\u00f3ry wtedy by\u0142 traktowany zupe\u0142nie inaczej ni\u017c dzi\u015b. Dzi\u015b powszechno\u015b\u0107 cudzo\u0142\u00f3stwa jest tak wielka, \u017ce czasem niekt\u00f3rzy i za grzech tego nie przyjmuj\u0105. Wtedy za co\u015b takiego by\u0142a kara \u015bmierci, ukamienowania.<\/p>\n<p>J\u00f3zef postanowi\u0142 oddali\u0107 j\u0105 potajemnie\u2026 znaczy wzi\u0105\u0107 win\u0119 na siebie, a zatem i konsekwencj\u0119, wstyd, wzi\u0105\u0107 na siebie ale uratowa\u0107 \u017cycie Maryi. J\u00f3zef jej nie os\u0105dza, nie pot\u0119pia, nie m\u015bci si\u0119, ale pr\u00f3buje j\u0105 ratowa\u0107. I wtedy Pan B\u00f3g wkracza do akcji, wszystko wyja\u015bnia J\u00f3zefowi. J\u00f3zef wierzy, nie m\u00f3wi \u2013 a mo\u017ce mi si\u0119 tylko tak zdawa\u0142o, mo\u017ce to tylko zwyk\u0142y sen\u2026 Nie, J\u00f3zef wierzy i dzia\u0142a tak, jak mu to Pan objawi\u0142. <\/p>\n<p>Na t\u0119 spraw\u0119 mo\u017cna by\u0142o popatrze\u0107 czysto po ludzku, jak najpierw widzia\u0142 J\u00f3zef, ale mo\u017cna te\u017c by\u0142o spojrze\u0107 oczami wiary, jak to by\u0142o potem, po przyj\u0119ciu snu przez J\u00f3zefa. Jedna i ta sama sprawa, ale spojrzenie na ni\u0105 zupe\u0142nie inne. Mo\u017ce i na nasze problemy, rozczarowania, zawody, mo\u017cna spojrze\u0107 inaczej ni\u017c my zwykle patrzymy. My zwykle patrzymy po ludzku, a mo\u017ce trzeba by po Bo\u017cemu, z wiar\u0105. <\/p>\n<table cellpadding=\"0\" cellspacing=\"0\" class=\"tr-caption-container\" style=\"float: right; margin-left: 1em; text-align: right;\">\n<tbody>\n<tr>\n<td style=\"text-align: center;\"><a href=\"http:\/\/4.bp.blogspot.com\/-2bDrBGjYy20\/VnPCEmubClI\/AAAAAAAABio\/Am_T3Nzar44\/s1600\/DSC_0329.JPG\" imageanchor=\"1\" style=\"clear: right; margin-bottom: 1em; margin-left: auto; margin-right: auto;\"><img loading=\"lazy\" decoding=\"async\" border=\"0\" height=\"212\" src=\"https:\/\/gaudiumetspes-blog.pl\/wp-content\/uploads\/2015\/12\/DSC_0329.jpg\" width=\"320\" \/><\/a><\/td>\n<\/tr>\n<tr>\n<td class=\"tr-caption\" style=\"text-align: center;\">Msza \u015bw. rekolekcyjna w Koga\u0142ymie<\/td>\n<\/tr>\n<\/tbody>\n<\/table>\n<p>\nI jeszcze \u2013 J\u00f3zef nie spieszy\u0142 si\u0119 z os\u0105dzaniem Maryi, cho\u0107 mia\u0142 podstawy. Jak si\u0119 okaza\u0142o nie wszystko wiedzia\u0142, nie wszystko by\u0142o tak jak mu si\u0119 wydawa\u0142o\u2026<\/p>\n<p>Jak\u017ce cz\u0119sto i nasze os\u0105dzanie, obgadywanie, plotki s\u0105 czym\u015b podobnym \u2013 w emocjach mo\u017cemy nagada\u0107 du\u017co, a potem okazuje si\u0119, \u017ce nie wszystko by\u0142o i jest tak, jak my\u015bmy my\u015bleli, cho\u0107 nam si\u0119 zdawa\u0142o, \u017ce my wiemy wszystko i mamy racj\u0119. <\/p>\n<p>Nie spieszmy si\u0119 z os\u0105dzaniem. Raczej spr\u00f3bujmy na problem spojrze\u0107 z wiar\u0105, oczami Boga\u2026 Spr\u00f3bujmy zapyta\u0107 Pana Boga \u2013 co On chce nam powiedzie\u0107.<\/p>\n<p>Spr\u00f3bujmy dzi\u015b nikogo nie os\u0105dza\u0107 w naszych my\u015blach i s\u0142owach.<\/p>\n<p>Spr\u00f3bujmy jak J\u00f3zef raczej cz\u0142owieka usprawiedliwia\u0107 ni\u017c os\u0105dza\u0107.<\/p>\n<p>Pozdrawiam. <\/p>\n<table align=\"center\" cellpadding=\"0\" cellspacing=\"0\" class=\"tr-caption-container\" style=\"margin-left: auto; margin-right: auto; text-align: center;\">\n<tbody>\n<tr>\n<td style=\"text-align: center;\"><a href=\"http:\/\/3.bp.blogspot.com\/-JM_cKJ7l5eg\/VnPCXdqdxSI\/AAAAAAAABiw\/EjzVKJeu0PI\/s1600\/DSC_0347.JPG\" imageanchor=\"1\" style=\"margin-left: auto; margin-right: auto;\"><img loading=\"lazy\" decoding=\"async\" border=\"0\" height=\"212\" src=\"https:\/\/gaudiumetspes-blog.pl\/wp-content\/uploads\/2015\/12\/DSC_0347.jpg\" width=\"320\" \/><\/a><\/td>\n<\/tr>\n<tr>\n<td class=\"tr-caption\" style=\"text-align: center;\">Pierwsze wej\u015bcie do naszej przysz\u0142ej kaplicy w Nojabrsku<\/td>\n<\/tr>\n<\/tbody>\n<\/table>\n<table cellpadding=\"0\" cellspacing=\"0\" class=\"tr-caption-container\" style=\"float: right; margin-left: 1em; text-align: right;\">\n<tbody>\n<tr>\n<td style=\"text-align: center;\"><a href=\"http:\/\/3.bp.blogspot.com\/-_pvsy03yNIs\/VnPCeGU90dI\/AAAAAAAABi4\/ymHOVvRPjuk\/s1600\/DSC_0358.JPG\" imageanchor=\"1\" style=\"clear: right; margin-bottom: 1em; margin-left: auto; margin-right: auto;\"><img loading=\"lazy\" decoding=\"async\" border=\"0\" height=\"212\" src=\"https:\/\/gaudiumetspes-blog.pl\/wp-content\/uploads\/2015\/12\/DSC_0358.jpg\" width=\"320\" \/><\/a><\/td>\n<\/tr>\n<tr>\n<td class=\"tr-caption\" style=\"text-align: center;\">Pierwsza Msza \u015bw. w nowym pomieszczeniu<\/td>\n<\/tr>\n<\/tbody>\n<\/table>\n","protected":false},"excerpt":{"rendered":"<p>Foto naszej ikony (Jr 23,5-8) Oto nadejd\u0105 dni &#8211; wyrocznia Pana &#8211; kiedy wzbudz\u0119 Dawidowi Odro\u015bl sprawiedliw\u0105. B\u0119dzie panowa\u0142 jako kr\u00f3l, post\u0119puj\u0105c roztropnie, i b\u0119dzie wykonywa\u0142 prawo i sprawiedliwo\u015b\u0107 na ziemi. W jego dniach Juda dost\u0105pi zbawienia, a Izrael b\u0119dzie mieszka\u0142 bezpiecznie. To za\u015b b\u0119dzie imi\u0119, kt\u00f3rym go b\u0119d\u0105 nazywa\u0107: Pan nasz\u0105 sprawiedliwo\u015bci\u0105. Dlatego oto [&hellip;]<\/p>\n","protected":false},"author":1,"featured_media":0,"comment_status":"open","ping_status":"open","sticky":false,"template":"","format":"standard","meta":{"jetpack_post_was_ever_published":false,"_jetpack_newsletter_access":"","_jetpack_dont_email_post_to_subs":false,"_jetpack_newsletter_tier_id":0,"_jetpack_memberships_contains_paywalled_content":false,"_jetpack_memberships_contains_paid_content":false,"footnotes":""},"categories":[1],"tags":[],"class_list":["post-8176","post","type-post","status-publish","format-standard","hentry","category-bez-kategorii"],"yoast_head":"<!-- This site is optimized with the Yoast SEO plugin v25.1 - https:\/\/yoast.com\/wordpress\/plugins\/seo\/ -->\n<title>Nie spieszmy si\u0119 z os\u0105dzaniem - Gaudium Et Spes<\/title>\n<meta name=\"robots\" content=\"index, follow, max-snippet:-1, max-image-preview:large, max-video-preview:-1\" \/>\n<link rel=\"canonical\" href=\"https:\/\/gaudiumetspes-blog.pl\/index.php\/2015\/12\/18\/nie-spieszmy-sie-z-osadzanie\/\" \/>\n<meta property=\"og:locale\" content=\"pl_PL\" \/>\n<meta property=\"og:type\" content=\"article\" \/>\n<meta property=\"og:title\" content=\"Nie spieszmy si\u0119 z os\u0105dzaniem - Gaudium Et Spes\" \/>\n<meta property=\"og:description\" content=\"Foto naszej ikony (Jr 23,5-8) Oto nadejd\u0105 dni &#8211; wyrocznia Pana &#8211; kiedy wzbudz\u0119 Dawidowi Odro\u015bl sprawiedliw\u0105. B\u0119dzie panowa\u0142 jako kr\u00f3l, post\u0119puj\u0105c roztropnie, i b\u0119dzie wykonywa\u0142 prawo i sprawiedliwo\u015b\u0107 na ziemi. W jego dniach Juda dost\u0105pi zbawienia, a Izrael b\u0119dzie mieszka\u0142 bezpiecznie. To za\u015b b\u0119dzie imi\u0119, kt\u00f3rym go b\u0119d\u0105 nazywa\u0107: Pan nasz\u0105 sprawiedliwo\u015bci\u0105. Dlatego oto [&hellip;]\" \/>\n<meta property=\"og:url\" content=\"https:\/\/gaudiumetspes-blog.pl\/index.php\/2015\/12\/18\/nie-spieszmy-sie-z-osadzanie\/\" \/>\n<meta property=\"og:site_name\" content=\"Gaudium Et Spes\" \/>\n<meta property=\"article:published_time\" content=\"2015-12-18T07:10:00+00:00\" \/>\n<meta property=\"article:modified_time\" content=\"2019-07-31T10:55:57+00:00\" \/>\n<meta property=\"og:image\" content=\"https:\/\/gaudiumetspes-blog.pl\/wp-content\/uploads\/2015\/12\/DSC_0202.jpg\" \/>\n<meta name=\"author\" content=\"Ks. Jacek\" \/>\n<meta name=\"twitter:card\" content=\"summary_large_image\" \/>\n<meta name=\"twitter:label1\" content=\"Napisane przez\" \/>\n\t<meta name=\"twitter:data1\" content=\"Ks. Jacek\" \/>\n\t<meta name=\"twitter:label2\" content=\"Szacowany czas czytania\" \/>\n\t<meta name=\"twitter:data2\" content=\"6 minut\" \/>\n<script type=\"application\/ld+json\" class=\"yoast-schema-graph\">{\"@context\":\"https:\/\/schema.org\",\"@graph\":[{\"@type\":\"WebPage\",\"@id\":\"https:\/\/gaudiumetspes-blog.pl\/index.php\/2015\/12\/18\/nie-spieszmy-sie-z-osadzanie\/\",\"url\":\"https:\/\/gaudiumetspes-blog.pl\/index.php\/2015\/12\/18\/nie-spieszmy-sie-z-osadzanie\/\",\"name\":\"Nie spieszmy si\u0119 z os\u0105dzaniem - Gaudium Et Spes\",\"isPartOf\":{\"@id\":\"https:\/\/gaudiumetspes-blog.pl\/#website\"},\"primaryImageOfPage\":{\"@id\":\"https:\/\/gaudiumetspes-blog.pl\/index.php\/2015\/12\/18\/nie-spieszmy-sie-z-osadzanie\/#primaryimage\"},\"image\":{\"@id\":\"https:\/\/gaudiumetspes-blog.pl\/index.php\/2015\/12\/18\/nie-spieszmy-sie-z-osadzanie\/#primaryimage\"},\"thumbnailUrl\":\"https:\/\/gaudiumetspes-blog.pl\/wp-content\/uploads\/2015\/12\/DSC_0202.jpg\",\"datePublished\":\"2015-12-18T07:10:00+00:00\",\"dateModified\":\"2019-07-31T10:55:57+00:00\",\"author\":{\"@id\":\"https:\/\/gaudiumetspes-blog.pl\/#\/schema\/person\/1661982992b752dea8dff0d4ed845a65\"},\"breadcrumb\":{\"@id\":\"https:\/\/gaudiumetspes-blog.pl\/index.php\/2015\/12\/18\/nie-spieszmy-sie-z-osadzanie\/#breadcrumb\"},\"inLanguage\":\"pl-PL\",\"potentialAction\":[{\"@type\":\"ReadAction\",\"target\":[\"https:\/\/gaudiumetspes-blog.pl\/index.php\/2015\/12\/18\/nie-spieszmy-sie-z-osadzanie\/\"]}]},{\"@type\":\"ImageObject\",\"inLanguage\":\"pl-PL\",\"@id\":\"https:\/\/gaudiumetspes-blog.pl\/index.php\/2015\/12\/18\/nie-spieszmy-sie-z-osadzanie\/#primaryimage\",\"url\":\"https:\/\/gaudiumetspes-blog.pl\/wp-content\/uploads\/2015\/12\/DSC_0202.jpg\",\"contentUrl\":\"https:\/\/gaudiumetspes-blog.pl\/wp-content\/uploads\/2015\/12\/DSC_0202.jpg\",\"width\":226,\"height\":320},{\"@type\":\"BreadcrumbList\",\"@id\":\"https:\/\/gaudiumetspes-blog.pl\/index.php\/2015\/12\/18\/nie-spieszmy-sie-z-osadzanie\/#breadcrumb\",\"itemListElement\":[{\"@type\":\"ListItem\",\"position\":1,\"name\":\"Strona g\u0142\u00f3wna\",\"item\":\"https:\/\/gaudiumetspes-blog.pl\/\"},{\"@type\":\"ListItem\",\"position\":2,\"name\":\"Nie&nbsp;spieszmy si\u0119 z&nbsp;os\u0105dzaniem\"}]},{\"@type\":\"WebSite\",\"@id\":\"https:\/\/gaudiumetspes-blog.pl\/#website\",\"url\":\"https:\/\/gaudiumetspes-blog.pl\/\",\"name\":\"Gaudium Et Spes\",\"description\":\"Blog Ks. Jacka Ja\u015bkowskiego\",\"potentialAction\":[{\"@type\":\"SearchAction\",\"target\":{\"@type\":\"EntryPoint\",\"urlTemplate\":\"https:\/\/gaudiumetspes-blog.pl\/?s={search_term_string}\"},\"query-input\":{\"@type\":\"PropertyValueSpecification\",\"valueRequired\":true,\"valueName\":\"search_term_string\"}}],\"inLanguage\":\"pl-PL\"},{\"@type\":\"Person\",\"@id\":\"https:\/\/gaudiumetspes-blog.pl\/#\/schema\/person\/1661982992b752dea8dff0d4ed845a65\",\"name\":\"Ks. Jacek\",\"image\":{\"@type\":\"ImageObject\",\"inLanguage\":\"pl-PL\",\"@id\":\"https:\/\/gaudiumetspes-blog.pl\/#\/schema\/person\/image\/\",\"url\":\"https:\/\/gaudiumetspes-blog.pl\/wp-content\/uploads\/2019\/07\/avatar-JJ-150x150.jpg\",\"contentUrl\":\"https:\/\/gaudiumetspes-blog.pl\/wp-content\/uploads\/2019\/07\/avatar-JJ-150x150.jpg\",\"caption\":\"Ks. Jacek\"},\"description\":\"Witam serdecznie! K\u0142ania si\u0119 Ks. Jacek Ja\u015bkowski. Nie jestem ani kim\u015b wa\u017cnym, ani kim\u015b znanym. Jestem ksi\u0119dzem, kt\u00f3ry po prostu chce rozmawia\u0107. Codzienna kap\u0142a\u0144ska pos\u0142uga pokazuje mi, \u017ce temat\u00f3w do rozm\u00f3w z ksi\u0119dzem jest coraz wi\u0119cej i dzisiaj \u017caden ksi\u0105dz nie mo\u017ce od nich ucieka\u0107, ale - wprost przeciwnie - podejmowa\u0107 nowe wyzwania. To przekonanie sk\u0142oni\u0142o mnie do pr\u00f3by otwarcia tego\u017c bloga, chocia\u017c okazji do rozm\u00f3w na co dzie\u0144 - w konfesjonale i poza nim - na szcz\u0119\u015bcie nie brakuje. My\u015bl\u0119 jednak, \u017ce ten blog b\u0119dzie jeszcze jednym sposobem i przestrzeni\u0105 nawi\u0105zania kontaktu z lud\u017ami dobrej woli, otwartymi na dialog.\",\"url\":\"https:\/\/gaudiumetspes-blog.pl\/index.php\/author\/ks-jacek\/\"}]}<\/script>\n<!-- \/ Yoast SEO plugin. -->","yoast_head_json":{"title":"Nie spieszmy si\u0119 z os\u0105dzaniem - Gaudium Et Spes","robots":{"index":"index","follow":"follow","max-snippet":"max-snippet:-1","max-image-preview":"max-image-preview:large","max-video-preview":"max-video-preview:-1"},"canonical":"https:\/\/gaudiumetspes-blog.pl\/index.php\/2015\/12\/18\/nie-spieszmy-sie-z-osadzanie\/","og_locale":"pl_PL","og_type":"article","og_title":"Nie spieszmy si\u0119 z os\u0105dzaniem - Gaudium Et Spes","og_description":"Foto naszej ikony (Jr 23,5-8) Oto nadejd\u0105 dni &#8211; wyrocznia Pana &#8211; kiedy wzbudz\u0119 Dawidowi Odro\u015bl sprawiedliw\u0105. B\u0119dzie panowa\u0142 jako kr\u00f3l, post\u0119puj\u0105c roztropnie, i b\u0119dzie wykonywa\u0142 prawo i sprawiedliwo\u015b\u0107 na ziemi. W jego dniach Juda dost\u0105pi zbawienia, a Izrael b\u0119dzie mieszka\u0142 bezpiecznie. To za\u015b b\u0119dzie imi\u0119, kt\u00f3rym go b\u0119d\u0105 nazywa\u0107: Pan nasz\u0105 sprawiedliwo\u015bci\u0105. Dlatego oto [&hellip;]","og_url":"https:\/\/gaudiumetspes-blog.pl\/index.php\/2015\/12\/18\/nie-spieszmy-sie-z-osadzanie\/","og_site_name":"Gaudium Et Spes","article_published_time":"2015-12-18T07:10:00+00:00","article_modified_time":"2019-07-31T10:55:57+00:00","og_image":[{"url":"https:\/\/gaudiumetspes-blog.pl\/wp-content\/uploads\/2015\/12\/DSC_0202.jpg","type":"","width":"","height":""}],"author":"Ks. Jacek","twitter_card":"summary_large_image","twitter_misc":{"Napisane przez":"Ks. Jacek","Szacowany czas czytania":"6 minut"},"schema":{"@context":"https:\/\/schema.org","@graph":[{"@type":"WebPage","@id":"https:\/\/gaudiumetspes-blog.pl\/index.php\/2015\/12\/18\/nie-spieszmy-sie-z-osadzanie\/","url":"https:\/\/gaudiumetspes-blog.pl\/index.php\/2015\/12\/18\/nie-spieszmy-sie-z-osadzanie\/","name":"Nie spieszmy si\u0119 z os\u0105dzaniem - Gaudium Et Spes","isPartOf":{"@id":"https:\/\/gaudiumetspes-blog.pl\/#website"},"primaryImageOfPage":{"@id":"https:\/\/gaudiumetspes-blog.pl\/index.php\/2015\/12\/18\/nie-spieszmy-sie-z-osadzanie\/#primaryimage"},"image":{"@id":"https:\/\/gaudiumetspes-blog.pl\/index.php\/2015\/12\/18\/nie-spieszmy-sie-z-osadzanie\/#primaryimage"},"thumbnailUrl":"https:\/\/gaudiumetspes-blog.pl\/wp-content\/uploads\/2015\/12\/DSC_0202.jpg","datePublished":"2015-12-18T07:10:00+00:00","dateModified":"2019-07-31T10:55:57+00:00","author":{"@id":"https:\/\/gaudiumetspes-blog.pl\/#\/schema\/person\/1661982992b752dea8dff0d4ed845a65"},"breadcrumb":{"@id":"https:\/\/gaudiumetspes-blog.pl\/index.php\/2015\/12\/18\/nie-spieszmy-sie-z-osadzanie\/#breadcrumb"},"inLanguage":"pl-PL","potentialAction":[{"@type":"ReadAction","target":["https:\/\/gaudiumetspes-blog.pl\/index.php\/2015\/12\/18\/nie-spieszmy-sie-z-osadzanie\/"]}]},{"@type":"ImageObject","inLanguage":"pl-PL","@id":"https:\/\/gaudiumetspes-blog.pl\/index.php\/2015\/12\/18\/nie-spieszmy-sie-z-osadzanie\/#primaryimage","url":"https:\/\/gaudiumetspes-blog.pl\/wp-content\/uploads\/2015\/12\/DSC_0202.jpg","contentUrl":"https:\/\/gaudiumetspes-blog.pl\/wp-content\/uploads\/2015\/12\/DSC_0202.jpg","width":226,"height":320},{"@type":"BreadcrumbList","@id":"https:\/\/gaudiumetspes-blog.pl\/index.php\/2015\/12\/18\/nie-spieszmy-sie-z-osadzanie\/#breadcrumb","itemListElement":[{"@type":"ListItem","position":1,"name":"Strona g\u0142\u00f3wna","item":"https:\/\/gaudiumetspes-blog.pl\/"},{"@type":"ListItem","position":2,"name":"Nie&nbsp;spieszmy si\u0119 z&nbsp;os\u0105dzaniem"}]},{"@type":"WebSite","@id":"https:\/\/gaudiumetspes-blog.pl\/#website","url":"https:\/\/gaudiumetspes-blog.pl\/","name":"Gaudium Et Spes","description":"Blog Ks. Jacka Ja\u015bkowskiego","potentialAction":[{"@type":"SearchAction","target":{"@type":"EntryPoint","urlTemplate":"https:\/\/gaudiumetspes-blog.pl\/?s={search_term_string}"},"query-input":{"@type":"PropertyValueSpecification","valueRequired":true,"valueName":"search_term_string"}}],"inLanguage":"pl-PL"},{"@type":"Person","@id":"https:\/\/gaudiumetspes-blog.pl\/#\/schema\/person\/1661982992b752dea8dff0d4ed845a65","name":"Ks. Jacek","image":{"@type":"ImageObject","inLanguage":"pl-PL","@id":"https:\/\/gaudiumetspes-blog.pl\/#\/schema\/person\/image\/","url":"https:\/\/gaudiumetspes-blog.pl\/wp-content\/uploads\/2019\/07\/avatar-JJ-150x150.jpg","contentUrl":"https:\/\/gaudiumetspes-blog.pl\/wp-content\/uploads\/2019\/07\/avatar-JJ-150x150.jpg","caption":"Ks. Jacek"},"description":"Witam serdecznie! K\u0142ania si\u0119 Ks. Jacek Ja\u015bkowski. Nie jestem ani kim\u015b wa\u017cnym, ani kim\u015b znanym. Jestem ksi\u0119dzem, kt\u00f3ry po prostu chce rozmawia\u0107. Codzienna kap\u0142a\u0144ska pos\u0142uga pokazuje mi, \u017ce temat\u00f3w do rozm\u00f3w z ksi\u0119dzem jest coraz wi\u0119cej i dzisiaj \u017caden ksi\u0105dz nie mo\u017ce od nich ucieka\u0107, ale - wprost przeciwnie - podejmowa\u0107 nowe wyzwania. To przekonanie sk\u0142oni\u0142o mnie do pr\u00f3by otwarcia tego\u017c bloga, chocia\u017c okazji do rozm\u00f3w na co dzie\u0144 - w konfesjonale i poza nim - na szcz\u0119\u015bcie nie brakuje. My\u015bl\u0119 jednak, \u017ce ten blog b\u0119dzie jeszcze jednym sposobem i przestrzeni\u0105 nawi\u0105zania kontaktu z lud\u017ami dobrej woli, otwartymi na dialog.","url":"https:\/\/gaudiumetspes-blog.pl\/index.php\/author\/ks-jacek\/"}]}},"jetpack_featured_media_url":"","jetpack_sharing_enabled":true,"_links":{"self":[{"href":"https:\/\/gaudiumetspes-blog.pl\/index.php\/wp-json\/wp\/v2\/posts\/8176","targetHints":{"allow":["GET"]}}],"collection":[{"href":"https:\/\/gaudiumetspes-blog.pl\/index.php\/wp-json\/wp\/v2\/posts"}],"about":[{"href":"https:\/\/gaudiumetspes-blog.pl\/index.php\/wp-json\/wp\/v2\/types\/post"}],"author":[{"embeddable":true,"href":"https:\/\/gaudiumetspes-blog.pl\/index.php\/wp-json\/wp\/v2\/users\/1"}],"replies":[{"embeddable":true,"href":"https:\/\/gaudiumetspes-blog.pl\/index.php\/wp-json\/wp\/v2\/comments?post=8176"}],"version-history":[{"count":1,"href":"https:\/\/gaudiumetspes-blog.pl\/index.php\/wp-json\/wp\/v2\/posts\/8176\/revisions"}],"predecessor-version":[{"id":12409,"href":"https:\/\/gaudiumetspes-blog.pl\/index.php\/wp-json\/wp\/v2\/posts\/8176\/revisions\/12409"}],"wp:attachment":[{"href":"https:\/\/gaudiumetspes-blog.pl\/index.php\/wp-json\/wp\/v2\/media?parent=8176"}],"wp:term":[{"taxonomy":"category","embeddable":true,"href":"https:\/\/gaudiumetspes-blog.pl\/index.php\/wp-json\/wp\/v2\/categories?post=8176"},{"taxonomy":"post_tag","embeddable":true,"href":"https:\/\/gaudiumetspes-blog.pl\/index.php\/wp-json\/wp\/v2\/tags?post=8176"}],"curies":[{"name":"wp","href":"https:\/\/api.w.org\/{rel}","templated":true}]}}