{"id":8179,"date":"2015-12-15T06:01:00","date_gmt":"2015-12-15T05:01:00","guid":{"rendered":"https:\/\/gaudiumetspes-blog.pl\/index.php\/2015\/12\/15\/lud-pokorny-i-biedny-2\/"},"modified":"2019-07-31T12:55:57","modified_gmt":"2019-07-31T10:55:57","slug":"lud-pokorny-i-biedny-2","status":"publish","type":"post","link":"https:\/\/gaudiumetspes-blog.pl\/index.php\/2015\/12\/15\/lud-pokorny-i-biedny-2\/","title":{"rendered":"Lud pokorny i biedny&#8230;"},"content":{"rendered":"<div align=\"justify\" style=\"line-height: 150%; margin-bottom: 0cm;\">\nSzcz\u0119\u015b\u0107 Bo\u017ce! Moi Drodzy, w dniu dzisiejszym przesy\u0142am<b> szczere i gor\u0105ce \u017cyczenia urodzinowe Tomkowi Szel\u0105gowi, Lektorowi z Celestynowa. Modl\u0119 si\u0119 o to, aby pe\u0142nymi gar\u015bciami czerpa\u0142 z tego ogromnego dobra, jakim jest dla Niego atmosfera Jego Rodziny i to dobro przenosi\u0142 na wszystkie swoje relacje z lud\u017ami. Niech Mu Pan b\u0142ogos\u0142awi!<\/b><\/div>\n<div align=\"justify\" style=\"line-height: 150%; margin-bottom: 0cm;\">\n&nbsp; &nbsp; &nbsp; Moi Drodzy, ilo\u015b\u0107 \u015bwiec\u0105cych choinek &#8211; na sklepowych wystawach i w innych miejscach publicznych &#8211; wyra\u017anie wskazuje na zbli\u017canie si\u0119 \u015awi\u0105t. Przygotowania zewn\u0119trzne id\u0105 pe\u0142n\u0105 par\u0105. Czy i duchowe tak\u017ce?&#8230; Mamy jeszcze Adwent &#8211; nie zmarnujmy tej szansy, jak\u0105 daje nam Pan!<\/div>\n<div align=\"justify\" style=\"line-height: 150%; margin-bottom: 0cm;\">\n&nbsp; &nbsp; &nbsp; &nbsp; &nbsp; &nbsp; &nbsp; &nbsp; &nbsp; &nbsp; &nbsp; &nbsp; &nbsp; &nbsp; &nbsp; &nbsp; Gaudium et spes! &nbsp;Ks. Jacek<\/div>\n<div align=\"justify\" style=\"line-height: 150%; margin-bottom: 0cm;\">\n<b><br \/><\/b><\/div>\n<div align=\"justify\" style=\"line-height: 150%; margin-bottom: 0cm;\">\n<b>Wtorek<br \/>\n3 Tygodnia Adwentu,<\/b><\/div>\n<div align=\"justify\" style=\"line-height: 150%; margin-bottom: 0cm;\">\n<b>do<br \/>\nczyta\u0144:  So 3,1\u20132.9\u201313;  Mt 21,28\u201332<\/b><\/div>\n<div align=\"justify\" style=\"line-height: 150%; margin-bottom: 0cm;\">\n<\/p>\n<\/div>\n<div align=\"justify\" style=\"line-height: 150%; margin-bottom: 0cm;\">\n<b>CZYTANIE<br \/>\nZ KSI\u0118GI PROROKA SOFONIASZA: <\/b>\n<\/div>\n<div align=\"justify\" style=\"line-height: 150%; margin-bottom: 0cm; page-break-before: auto;\">\n<b>Biada<br \/>\nbuntowniczemu i splugawionemu miastu, <\/b>\n<\/div>\n<div align=\"justify\" style=\"line-height: 150%; margin-bottom: 0cm;\">\n<b>co<br \/>\nstosuje ucisk! <\/b>\n<\/div>\n<div align=\"justify\" style=\"line-height: 150%; margin-bottom: 0cm;\">\n<b>Nie<br \/>\ns\u0142ucha g\u0142osu i nie przyjmuje ostrze\u017cenia, <\/b>\n<\/div>\n<div align=\"justify\" style=\"line-height: 150%; margin-bottom: 0cm;\">\n<b>nie<br \/>\nufa Panu <\/b>\n<\/div>\n<div align=\"justify\" style=\"line-height: 150%; margin-bottom: 0cm;\">\n<b>i<br \/>\nnie przybli\u017ca si\u0119 do swego Boga. <\/b>\n<\/div>\n<div align=\"justify\" style=\"line-height: 150%; margin-bottom: 0cm;\">\n<b>Wtedy<br \/>\nprzywr\u00f3c\u0119 narodom wargi czyste, <\/b>\n<\/div>\n<div align=\"justify\" style=\"line-height: 150%; margin-bottom: 0cm;\">\n<b>aby<br \/>\nwszyscy wzywali imienia Pana <\/b>\n<\/div>\n<div align=\"justify\" style=\"line-height: 150%; margin-bottom: 0cm;\">\n<b>i<br \/>\ns\u0142u\u017cyli Mu jednomy\u015blnie. <\/b>\n<\/div>\n<div align=\"justify\" style=\"line-height: 150%; margin-bottom: 0cm;\">\n<b>Z<br \/>\ntamtej strony rzek Etiopii <\/b>\n<\/div>\n<div align=\"justify\" style=\"line-height: 150%; margin-bottom: 0cm;\">\n<b>wielbiciele<br \/>\nmoi, C\u00f3ra z moimi rozproszonymi, przynios\u0105 Mi dar.<\/b><\/div>\n<div align=\"justify\" style=\"line-height: 150%; margin-bottom: 0cm;\">\n<b>W<br \/>\ntym dniu <\/b>\n<\/div>\n<div align=\"justify\" style=\"line-height: 150%; margin-bottom: 0cm;\">\n<b>nie<br \/>\nb\u0119dziesz si\u0119 wstydzi\u0107 wszystkich twoich uczynk\u00f3w, <\/b>\n<\/div>\n<div align=\"justify\" style=\"line-height: 150%; margin-bottom: 0cm;\">\n<b>przez<br \/>\nkt\u00f3re dopu\u015bci\u0142a\u015b si\u0119 wzgl\u0119dem Mnie niewierno\u015bci; <\/b>\n<\/div>\n<div align=\"justify\" style=\"line-height: 150%; margin-bottom: 0cm;\">\n<b>usun\u0119<br \/>\nbowiem wtedy spo\u015br\u00f3d ciebie <\/b>\n<\/div>\n<div align=\"justify\" style=\"line-height: 150%; margin-bottom: 0cm;\">\n<b>pysznych<br \/>\nsamochwalc\u00f3w twoich <\/b>\n<\/div>\n<div align=\"justify\" style=\"line-height: 150%; margin-bottom: 0cm;\">\n<b>i<br \/>\nnie b\u0119dziesz si\u0119 wi\u0119cej wywy\u017csza\u0107 <\/b>\n<\/div>\n<div align=\"justify\" style=\"line-height: 150%; margin-bottom: 0cm;\">\n<b>na<br \/>\n\u015bwi\u0119tej mej g\u00f3rze. <\/b>\n<\/div>\n<div align=\"justify\" style=\"line-height: 150%; margin-bottom: 0cm;\">\n<b>I<br \/>\nzostawi\u0119 po\u015br\u00f3d ciebie lud pokorny i biedny, <\/b>\n<\/div>\n<div align=\"justify\" style=\"line-height: 150%; margin-bottom: 0cm;\">\n<b>a<br \/>\nszuka\u0107 b\u0119d\u0105 schronienia w imieniu Pana.<\/b><\/div>\n<div align=\"justify\" style=\"line-height: 150%; margin-bottom: 0cm;\">\n<b>Reszta<br \/>\nIzraela nie b\u0119dzie czyni\u0107 nieprawo\u015bci <\/b>\n<\/div>\n<div align=\"justify\" style=\"line-height: 150%; margin-bottom: 0cm;\">\n<b>ani<br \/>\nm\u00f3wi\u0107 k\u0142amstwa. <\/b>\n<\/div>\n<div align=\"justify\" style=\"line-height: 150%; margin-bottom: 0cm;\">\n<b>I<br \/>\nnie znajdzie si\u0119 w ich ustach zwodniczy j\u0119zyk, <\/b>\n<\/div>\n<div align=\"justify\" style=\"line-height: 150%; margin-bottom: 0cm;\">\n<b>gdy<br \/>\npa\u015b\u0107 si\u0119 b\u0119d\u0105 i wylegiwa\u0107, <\/b>\n<\/div>\n<div align=\"justify\" style=\"line-height: 150%; margin-bottom: 0cm;\">\n<b>a<br \/>\nnie b\u0119dzie nikogo, kto by ich przestraszy\u0142.<\/b><\/div>\n<div align=\"justify\" style=\"line-height: 150%; margin-bottom: 0cm;\">\n<\/p>\n<\/div>\n<div align=\"justify\" style=\"line-height: 150%; margin-bottom: 0cm;\">\n<b>S\u0141OWA<br \/>\nEWANGELII WED\u0141UG \u015aWI\u0118TEGO<br \/>\nMATEUSZA:<\/b><\/div>\n<div align=\"justify\" style=\"line-height: 150%; margin-bottom: 0cm; page-break-before: auto; text-indent: 1.3cm;\">\n<b>Jezus<br \/>\npowiedzia\u0142 do arcykap\u0142an\u00f3w i starszych ludu: \u201eCo<br \/>\nmy\u015blicie? Pewien cz\u0142owiek mia\u0142 dw\u00f3ch syn\u00f3w. Zwr\u00f3ci\u0142 si\u0119 do<br \/>\npierwszego i rzek\u0142: \u00abDziecko, id\u017a dzisiaj i pracuj w winnicy\u00bb.<br \/>\nTen odpowiedzia\u0142: \u00abId\u0119, panie\u00bb, lecz nie poszed\u0142. Zwr\u00f3ci\u0142 si\u0119<br \/>\ndo drugiego i to samo powiedzia\u0142. Ten odpar\u0142: \u00abNie chc\u0119\u00bb.<br \/>\nP\u00f3\u017aniej jednak opami\u0119ta\u0142 si\u0119 i poszed\u0142. Kt\u00f3ry\u017c z tych dw\u00f3ch<br \/>\nspe\u0142ni\u0142 wol\u0119 ojca?\u201d M\u00f3wi\u0105 Mu: \u201eTen drugi\u201d.<\/b><\/div>\n<div align=\"justify\" style=\"line-height: 150%; margin-bottom: 0cm; text-indent: 1.3cm;\">\n<b>Wtedy<br \/>\nJezus rzek\u0142 do nich: \u201eZaprawd\u0119, powiadam wam: Celnicy i<br \/>\nnierz\u0105dnice wchodz\u0105 przed wami do kr\u00f3lestwa niebieskiego.<br \/>\nPrzyszed\u0142 bowiem do was Jan drog\u0105 sprawiedliwo\u015bci, a wy\u015bcie mu<br \/>\nnie uwierzyli. Celnicy za\u015b i nierz\u0105dnice uwierzyli mu. Wy<br \/>\npatrzyli\u015bcie na to, ale nawet p\u00f3\u017aniej nie opami\u0119tali\u015bcie si\u0119,<br \/>\n\u017ceby mu uwierzy\u0107\u201d.<\/b><\/div>\n<div align=\"justify\" style=\"line-height: 150%; margin-bottom: 0cm;\">\n<\/p>\n<\/div>\n<div align=\"justify\" style=\"line-height: 150%; margin-bottom: 0cm; page-break-before: auto; text-indent: 1.3cm;\">\nNiezbyt<br \/>\nzach\u0119caj\u0105cym \u2013 niezbyt modnym w obecnym czasie \u2013 wydaje si\u0119<br \/>\nby\u0107 stwierdzenie, jakie B\u00f3g wypowiada przez Proroka Sofoniasza w<br \/>\ndzisiejszym pierwszym czytaniu: <i><b>I<br \/>\nzostawi\u0119 po\u015br\u00f3d ciebie lud pokorny i biedny, a szuka\u0107 b\u0119d\u0105<br \/>\nschronienia w imieniu Pana.<\/b><\/i><b><br \/>\n<\/b>Czy\u017c<br \/>\nto nie nasuwa nam skojarzenia z jak\u0105\u015b <b>\u017cyciow\u0105<br \/>\nniezaradno\u015bci\u0105,<\/b><br \/>\nz takim stanem, kt\u00f3ry charakteryzuje si\u0119 okre\u015bleniem: \u201esierota<br \/>\n\u017cyciowa\u201d?\u2026\n<\/div>\n<div align=\"justify\" style=\"line-height: 150%; margin-bottom: 0cm; text-indent: 1.3cm;\">\nBo<br \/>\nna czym ma polega\u0107 dok\u0142adnie <b>postawa<br \/>\n\u201eludu pokornego i biedneg<\/b><b>o\u201d?<\/b><br \/>\nZreszt\u0105, okre\u015blenie \u201epokorny\u201d \u2013 to jeszcze jako\u015b mo\u017ce<br \/>\nda<br \/>\nsi\u0119 \u201eprze\u0142kn\u0105\u0107\u201d, ale czemu zaraz \u201ebiedny\u201d?\u2026<\/div>\n<div align=\"justify\" style=\"line-height: 150%; margin-bottom: 0cm; text-indent: 1.3cm;\">\nBy\u0107<br \/>\nmo\u017ce, kluczem do w\u0142a\u015bciwego zrozumienia zamys\u0142u Bo\u017cego s\u0105<br \/>\ndalsze s\u0142owa, tutaj zacytowane: <i><b>a<br \/>\nszuka\u0107 b\u0119d\u0105 schronienia w imieniu Pana.<\/b><\/i><b><br \/>\n<\/b>To<br \/>\nju\u017c troch\u0119 zmienia perspektyw\u0119, bo o ile cz\u0142owiek wobec innych<br \/>\nludzi nie chce uchodzi\u0107<br \/>\nza<br \/>\nkogo\u015b biednego i<br \/>\nbezradnego \u2013 bo niby dlaczego mia\u0142by tego chcie\u0107; bardzo s\u0142usznie<br \/>\nbroni si\u0119 przed tym \u2013 o tyle bycie <b>biednym<br \/>\ni bezradnym wobec Boga<\/b><br \/>\njest czym\u015b, co<br \/>\nwcale nie szokuje. Przynajmniej \u2013 nie powinno\u2026 <\/p>\n<\/div>\n<div align=\"justify\" style=\"line-height: 150%; margin-bottom: 0cm; text-indent: 1.3cm;\">\nBo<br \/>\nczym\u017ce my mo\u017cemy tak naprawd\u0119 <b>wobec<br \/>\nBoga \u201eb\u0142ysn\u0105\u0107\u201d?\u2026<\/b><br \/>\nCzym my mo\u017cemy Boga zaskoczy\u0107? W jakiej kwestii mo\u017cemy Boga<br \/>\npouczy\u0107, poinstruowa\u0107? <b>Co<br \/>\nmy mo\u017cemy Bogu da\u0107?<\/b><br \/>\nCzy gdyby\u015bmy chcieli wobec Boga przyjmowa\u0107 tak\u0105 pozycj\u0119, jak<br \/>\n\u201er\u00f3wny z r\u00f3wnym\u201d, a<br \/>\nwi\u0119c <b>postaw\u0119<br \/>\npartnera<\/b><br \/>\n\u2013 \u017ceby nie powiedzie\u0107: <b>kumpla<\/b><br \/>\n\u2013 czy w\u00f3wczas nie przypominaliby\u015bmy tych miast pysznych, co do<br \/>\nkt\u00f3rych B\u00f3g w Proroctwie Sofoniasza zapowiada: <i><b>Biada<br \/>\nbuntowniczemu i splugawionemu miastu <\/b><\/i><i><b>co<br \/>\nstosuje ucisk!<\/b><\/i><i><b>;<br \/>\n<\/b><\/i>oraz:<b><br \/>\n<\/b><i><b>U<\/b><\/i><i><b>sun\u0119<br \/>\nbowiem wtedy spo\u015br\u00f3d ciebie <\/b><\/i><i><b>pysznych<br \/>\nsamochwalc\u00f3w<\/b><\/i><b><br \/>\n<\/b><i><b>twoich<br \/>\ni nie b\u0119dziesz si\u0119 wi\u0119cej wywy\u017csza\u0107 <\/b><\/i><i><b>na<br \/>\n\u015bwi\u0119tej mej g\u00f3rze?\u2026<\/b><\/i><b><br \/>\n<\/b>Czy\u017c<br \/>\nto nie by\u0142oby w\u00f3wczas o nas?\n<\/div>\n<div align=\"justify\" style=\"line-height: 150%; margin-bottom: 0cm; text-indent: 1.3cm;\">\nOczywi\u015bcie,<br \/>\nnasze postawy zwykle nie s\u0105 \u201eczarno \u2013 bia\u0142e\u201d, bo ci, kt\u00f3rzy<br \/>\ns\u0105 pokorni i zasadniczo<br \/>\nzdani<br \/>\nna Boga, czasami maj\u0105 \u2013 <b>cho\u0107by<br \/>\nma\u0142e, ale jednak \u2013 \u201eskoki w bok\u201d.<\/b><br \/>\nA<br \/>\nznowu<br \/>\nci, kt\u00f3rzy pora\u017caj\u0105<br \/>\ninnych swoj\u0105 pych\u0105 i poczuciem samowystarczalno\u015bci, w chwilach<br \/>\n\u201eprzebudzenia\u201d u\u015bwiadamiaj\u0105 sobie \u2013 cho\u0107by na chwil\u0119 \u2013<br \/>\n<b>swoj\u0105<br \/>\ns\u0142abo\u015b\u0107 i potrafi\u0105 nieraz poprosi\u0107 o pomoc.<\/b><br \/>\nBoga, albo drugiego cz\u0142owieka.\n<\/div>\n<div align=\"justify\" style=\"line-height: 150%; margin-bottom: 0cm; text-indent: 1.3cm;\">\nPoza<br \/>\ntym, jest jeszcze mo\u017cliwo\u015b\u0107 <b>pracy<br \/>\nnad sob\u0105 i stopniowej zmiany swego nastawienia.<\/b><br \/>\nM\u00f3wi o tym Jezus w dzisiejszej Ewangelii, przedstawiaj\u0105c<br \/>\nprzyk\u0142adowe postawy dw\u00f3ch syn\u00f3w, kt\u00f3rych ojciec poprosi\u0142 o<br \/>\nwykonanie pracy w winnicy i z kt\u00f3rych jeden obieca\u0142 p\u00f3j\u015b\u0107, ale<br \/>\nostatecznie<br \/>\nnie poszed\u0142, za to drugi pocz\u0105tkowo odm\u00f3wi\u0142, jednak w<br \/>\nko\u0144cu prze\u0142ama\u0142 si\u0119,<br \/>\nposzed\u0142 i pracowa\u0142. I to w\u0142a\u015bnie <b>ten<br \/>\ndrugi spe\u0142ni\u0142 wol\u0119 ojca <\/b>\u2013<br \/>\npomimo swego pierwotnego oporu i odmowy. Pierwszy<br \/>\nza\u015b, <b>jedynie<br \/>\ndeklaruj\u0105c ch\u0119\u0107 pomocy,<\/b><br \/>\nniczego w ten spos\u00f3b nie dokona\u0142. To zreszt\u0105 oczywiste \u2013 trudno<br \/>\ninaczej oceni\u0107 obie postawy.\n<\/div>\n<div align=\"justify\" style=\"line-height: 150%; margin-bottom: 0cm; text-indent: 1.3cm;\">\nTak<br \/>\nwi\u0119c, <b>ci\u0105gle<br \/>\ntrzeba nam pracowa\u0107<\/b><br \/>\nnad ukszta\u0142towaniem w\u0142a\u015bciwego<br \/>\nodniesienia<br \/>\ndo<br \/>\nBoga. Z pewno\u015bci\u0105, najlepszym<br \/>\nodniesieniem<br \/>\njest takie,<br \/>\nkt\u00f3re<br \/>\nopiera si\u0119 na <b>totalnym<br \/>\nzaufaniu wobec Boga. <\/b>I<br \/>\nnie chodzi o to, aby zrezygnowa\u0107 przy tym z jakiejkolwiek aktywno\u015bci<br \/>\ni wmawiaj\u0105c sobie, \u017ce si\u0119 nic nie potrafi i nie ma si\u0119 na<br \/>\nnic si\u0142<br \/>\n\u2013 <b>czeka\u0107,<br \/>\na\u017c B\u00f3g wszystko zrobi i wszystko da \u201ena tacy\u201d.<\/b><br \/>\nNie, tu nie o to chodzi.\n<\/div>\n<div align=\"justify\" style=\"line-height: 150%; margin-bottom: 0cm; text-indent: 1.3cm;\">\nWprost<br \/>\nprzeciwnie \u2013 trzeba mie\u0107 \u201eg\u0142ow\u0119 na karku\u201d, trzeba <b>twardo<br \/>\nst\u0105pa\u0107 po ziemi <\/b>(bo<br \/>\nziemia zasadniczo jest twarda\u2026 ), trzeba trze\u017awo my\u015ble\u0107,<br \/>\nuczciwie i wytrwale pracowa\u0107, rozwija\u0107 talenty, rozwi\u0105zywa\u0107<br \/>\nproblemy\u2026 Natomiast w tym wszystkim \u2013 <b>nie<br \/>\npolega\u0107 na sobie, ale na Bogu. <\/b>W\u0142a\u015bnie<br \/>\nz ca\u0142\u0105 t\u0105 swoj\u0105 aktywno\u015bci\u0105 i\u015b\u0107 do Boga i Jego prosi\u0107 o<br \/>\nnatchnienie, o si\u0142y, o wci\u0105\u017c now\u0105 motywacj\u0119, o zapa\u0142\u2026 <b>I<br \/>\no \u015bwiat\u0142o do rozwi\u0105zywania problem\u00f3w<\/b><br \/>\n\u2013 szczeg\u00f3lnie tych, kt\u00f3re jako\u015b tak szczeg\u00f3lnie dolegaj\u0105 i<br \/>\nkt\u00f3re najtrudniej rozwi\u0105za\u0107. To<br \/>\nw\u0142a\u015bnie z takimi \u201ebiedami\u201d do Boga idziemy.\n<\/div>\n<div align=\"justify\" style=\"line-height: 150%; margin-bottom: 0cm; text-indent: 1.3cm;\">\nNie<br \/>\nzawsze jest \u0142atwo \u2013 jako rzekli\u015bmy \u2013 bo cz\u0142owiek <b>lubi<br \/>\nby\u0107<\/b><br \/>\n<b>samowystarczalny.<\/b><br \/>\nAle niekiedy te wszystkie<br \/>\n\u201ebiedy\u201d tak przyt\u0142ocz\u0105,<br \/>\n\u017ce cz\u0142owiek ju\u017c przestaje \u201em\u0119drkowa\u0107\u201d i wr\u0119cz rozpaczliwie<br \/>\nszuka pomocy\u2026<\/div>\n<div align=\"justify\" style=\"line-height: 150%; margin-bottom: 0cm; text-indent: 1.3cm;\">\nOczywi\u015bcie,<br \/>\nnajlepiej by\u0142oby, gdyby <b>do<br \/>\ntakich sytuacji nie dochodzi\u0142o<\/b><br \/>\n\u2013 \u017ceby sam cz\u0142owiek do takich sytuacji nie doprowadza\u0142. Dlatego<br \/>\nzamiast m\u00f3wi\u0107 o wierze i zaufaniu do Boga \u2013 a potem, jak \u00f3w<br \/>\npierwszy syn, robi\u0107 wszystko po swojemu \u2013 najlepiej <b>po<br \/>\nprostu Bogu zaufa\u0107, potwierdzaj\u0105c to konkretnymi swymi codziennymi<br \/>\nwyborami i postawami.<\/b><br \/>\nAdwent jest dobrym czasem na to, aby si\u0119 troch\u0119 tego pouczy\u0107\u2026<\/div>\n<div align=\"justify\" style=\"line-height: 150%; margin-bottom: 0cm; text-indent: 1.3cm;\">\nA<br \/>\nw tym kontek\u015bcie, pomy\u015blmy:<\/div>\n<div align=\"justify\" style=\"line-height: 150%; margin-bottom: 0cm;\">\n\u2013 Czy<br \/>\nnaprawd\u0119 wszystkie swoje decyzje, sprawy i w\u0105tpliwo\u015bci omawiam z<br \/>\nBogiem, czy s\u0105 takie, do kt\u00f3rych Go z zasady nie dopuszczam?<\/div>\n<div align=\"justify\" style=\"line-height: 150%; margin-bottom: 0cm;\">\n\u2013 Jak<br \/>\nbroni\u0119 si\u0119 przed pokus\u0105 samowystarczalno\u015bci?<\/div>\n<div align=\"justify\" style=\"line-height: 150%; margin-bottom: 0cm;\">\n\u2013 Czy<br \/>\n\u0142atwiej mi przychodzi pomoc okaza\u0107 \u2013 czy o ni\u0105 poprosi\u0107?<\/div>\n<p><\/p>\n<div align=\"justify\" style=\"line-height: 150%; margin-bottom: 0cm;\">\n<i><b>Wy<br \/>\npatrzyli\u015bcie na to, ale nawet p\u00f3\u017aniej nie opami\u0119tali\u015bcie si\u0119,<br \/>\n\u017ceby mu uwierzy\u0107\u2026&nbsp;<\/b><\/i>\n<\/div>\n","protected":false},"excerpt":{"rendered":"<p>Szcz\u0119\u015b\u0107 Bo\u017ce! Moi Drodzy, w dniu dzisiejszym przesy\u0142am szczere i gor\u0105ce \u017cyczenia urodzinowe Tomkowi Szel\u0105gowi, Lektorowi z Celestynowa. Modl\u0119 si\u0119 o to, aby pe\u0142nymi gar\u015bciami czerpa\u0142 z tego ogromnego dobra, jakim jest dla Niego atmosfera Jego Rodziny i to dobro przenosi\u0142 na wszystkie swoje relacje z lud\u017ami. Niech Mu Pan b\u0142ogos\u0142awi! &nbsp; &nbsp; &nbsp; Moi [&hellip;]<\/p>\n","protected":false},"author":1,"featured_media":0,"comment_status":"open","ping_status":"open","sticky":false,"template":"","format":"standard","meta":{"jetpack_post_was_ever_published":false,"_jetpack_newsletter_access":"","_jetpack_dont_email_post_to_subs":false,"_jetpack_newsletter_tier_id":0,"_jetpack_memberships_contains_paywalled_content":false,"_jetpack_memberships_contains_paid_content":false,"footnotes":""},"categories":[1],"tags":[],"class_list":["post-8179","post","type-post","status-publish","format-standard","hentry","category-bez-kategorii"],"yoast_head":"<!-- This site is optimized with the Yoast SEO plugin v25.1 - https:\/\/yoast.com\/wordpress\/plugins\/seo\/ -->\n<title>Lud pokorny i biedny... - Gaudium Et Spes<\/title>\n<meta name=\"robots\" content=\"index, follow, max-snippet:-1, max-image-preview:large, max-video-preview:-1\" \/>\n<link rel=\"canonical\" href=\"https:\/\/gaudiumetspes-blog.pl\/index.php\/2015\/12\/15\/lud-pokorny-i-biedny-2\/\" \/>\n<meta property=\"og:locale\" content=\"pl_PL\" \/>\n<meta property=\"og:type\" content=\"article\" \/>\n<meta property=\"og:title\" content=\"Lud pokorny i biedny... - Gaudium Et Spes\" \/>\n<meta property=\"og:description\" content=\"Szcz\u0119\u015b\u0107 Bo\u017ce! Moi Drodzy, w dniu dzisiejszym przesy\u0142am szczere i gor\u0105ce \u017cyczenia urodzinowe Tomkowi Szel\u0105gowi, Lektorowi z Celestynowa. Modl\u0119 si\u0119 o to, aby pe\u0142nymi gar\u015bciami czerpa\u0142 z tego ogromnego dobra, jakim jest dla Niego atmosfera Jego Rodziny i to dobro przenosi\u0142 na wszystkie swoje relacje z lud\u017ami. Niech Mu Pan b\u0142ogos\u0142awi! &nbsp; &nbsp; &nbsp; Moi [&hellip;]\" \/>\n<meta property=\"og:url\" content=\"https:\/\/gaudiumetspes-blog.pl\/index.php\/2015\/12\/15\/lud-pokorny-i-biedny-2\/\" \/>\n<meta property=\"og:site_name\" content=\"Gaudium Et Spes\" \/>\n<meta property=\"article:published_time\" content=\"2015-12-15T05:01:00+00:00\" \/>\n<meta property=\"article:modified_time\" content=\"2019-07-31T10:55:57+00:00\" \/>\n<meta name=\"author\" content=\"Ks. Jacek\" \/>\n<meta name=\"twitter:card\" content=\"summary_large_image\" \/>\n<meta name=\"twitter:label1\" content=\"Napisane przez\" \/>\n\t<meta name=\"twitter:data1\" content=\"Ks. Jacek\" \/>\n\t<meta name=\"twitter:label2\" content=\"Szacowany czas czytania\" \/>\n\t<meta name=\"twitter:data2\" content=\"6 minut\" \/>\n<script type=\"application\/ld+json\" class=\"yoast-schema-graph\">{\"@context\":\"https:\/\/schema.org\",\"@graph\":[{\"@type\":\"WebPage\",\"@id\":\"https:\/\/gaudiumetspes-blog.pl\/index.php\/2015\/12\/15\/lud-pokorny-i-biedny-2\/\",\"url\":\"https:\/\/gaudiumetspes-blog.pl\/index.php\/2015\/12\/15\/lud-pokorny-i-biedny-2\/\",\"name\":\"Lud pokorny i biedny... - Gaudium Et Spes\",\"isPartOf\":{\"@id\":\"https:\/\/gaudiumetspes-blog.pl\/#website\"},\"datePublished\":\"2015-12-15T05:01:00+00:00\",\"dateModified\":\"2019-07-31T10:55:57+00:00\",\"author\":{\"@id\":\"https:\/\/gaudiumetspes-blog.pl\/#\/schema\/person\/1661982992b752dea8dff0d4ed845a65\"},\"breadcrumb\":{\"@id\":\"https:\/\/gaudiumetspes-blog.pl\/index.php\/2015\/12\/15\/lud-pokorny-i-biedny-2\/#breadcrumb\"},\"inLanguage\":\"pl-PL\",\"potentialAction\":[{\"@type\":\"ReadAction\",\"target\":[\"https:\/\/gaudiumetspes-blog.pl\/index.php\/2015\/12\/15\/lud-pokorny-i-biedny-2\/\"]}]},{\"@type\":\"BreadcrumbList\",\"@id\":\"https:\/\/gaudiumetspes-blog.pl\/index.php\/2015\/12\/15\/lud-pokorny-i-biedny-2\/#breadcrumb\",\"itemListElement\":[{\"@type\":\"ListItem\",\"position\":1,\"name\":\"Strona g\u0142\u00f3wna\",\"item\":\"https:\/\/gaudiumetspes-blog.pl\/\"},{\"@type\":\"ListItem\",\"position\":2,\"name\":\"Lud pokorny i&nbsp;biedny&#8230;\"}]},{\"@type\":\"WebSite\",\"@id\":\"https:\/\/gaudiumetspes-blog.pl\/#website\",\"url\":\"https:\/\/gaudiumetspes-blog.pl\/\",\"name\":\"Gaudium Et Spes\",\"description\":\"Blog Ks. Jacka Ja\u015bkowskiego\",\"potentialAction\":[{\"@type\":\"SearchAction\",\"target\":{\"@type\":\"EntryPoint\",\"urlTemplate\":\"https:\/\/gaudiumetspes-blog.pl\/?s={search_term_string}\"},\"query-input\":{\"@type\":\"PropertyValueSpecification\",\"valueRequired\":true,\"valueName\":\"search_term_string\"}}],\"inLanguage\":\"pl-PL\"},{\"@type\":\"Person\",\"@id\":\"https:\/\/gaudiumetspes-blog.pl\/#\/schema\/person\/1661982992b752dea8dff0d4ed845a65\",\"name\":\"Ks. Jacek\",\"image\":{\"@type\":\"ImageObject\",\"inLanguage\":\"pl-PL\",\"@id\":\"https:\/\/gaudiumetspes-blog.pl\/#\/schema\/person\/image\/\",\"url\":\"https:\/\/gaudiumetspes-blog.pl\/wp-content\/uploads\/2019\/07\/avatar-JJ-150x150.jpg\",\"contentUrl\":\"https:\/\/gaudiumetspes-blog.pl\/wp-content\/uploads\/2019\/07\/avatar-JJ-150x150.jpg\",\"caption\":\"Ks. Jacek\"},\"description\":\"Witam serdecznie! K\u0142ania si\u0119 Ks. Jacek Ja\u015bkowski. Nie jestem ani kim\u015b wa\u017cnym, ani kim\u015b znanym. Jestem ksi\u0119dzem, kt\u00f3ry po prostu chce rozmawia\u0107. Codzienna kap\u0142a\u0144ska pos\u0142uga pokazuje mi, \u017ce temat\u00f3w do rozm\u00f3w z ksi\u0119dzem jest coraz wi\u0119cej i dzisiaj \u017caden ksi\u0105dz nie mo\u017ce od nich ucieka\u0107, ale - wprost przeciwnie - podejmowa\u0107 nowe wyzwania. To przekonanie sk\u0142oni\u0142o mnie do pr\u00f3by otwarcia tego\u017c bloga, chocia\u017c okazji do rozm\u00f3w na co dzie\u0144 - w konfesjonale i poza nim - na szcz\u0119\u015bcie nie brakuje. My\u015bl\u0119 jednak, \u017ce ten blog b\u0119dzie jeszcze jednym sposobem i przestrzeni\u0105 nawi\u0105zania kontaktu z lud\u017ami dobrej woli, otwartymi na dialog.\",\"url\":\"https:\/\/gaudiumetspes-blog.pl\/index.php\/author\/ks-jacek\/\"}]}<\/script>\n<!-- \/ Yoast SEO plugin. -->","yoast_head_json":{"title":"Lud pokorny i biedny... - Gaudium Et Spes","robots":{"index":"index","follow":"follow","max-snippet":"max-snippet:-1","max-image-preview":"max-image-preview:large","max-video-preview":"max-video-preview:-1"},"canonical":"https:\/\/gaudiumetspes-blog.pl\/index.php\/2015\/12\/15\/lud-pokorny-i-biedny-2\/","og_locale":"pl_PL","og_type":"article","og_title":"Lud pokorny i biedny... - Gaudium Et Spes","og_description":"Szcz\u0119\u015b\u0107 Bo\u017ce! Moi Drodzy, w dniu dzisiejszym przesy\u0142am szczere i gor\u0105ce \u017cyczenia urodzinowe Tomkowi Szel\u0105gowi, Lektorowi z Celestynowa. Modl\u0119 si\u0119 o to, aby pe\u0142nymi gar\u015bciami czerpa\u0142 z tego ogromnego dobra, jakim jest dla Niego atmosfera Jego Rodziny i to dobro przenosi\u0142 na wszystkie swoje relacje z lud\u017ami. Niech Mu Pan b\u0142ogos\u0142awi! &nbsp; &nbsp; &nbsp; Moi [&hellip;]","og_url":"https:\/\/gaudiumetspes-blog.pl\/index.php\/2015\/12\/15\/lud-pokorny-i-biedny-2\/","og_site_name":"Gaudium Et Spes","article_published_time":"2015-12-15T05:01:00+00:00","article_modified_time":"2019-07-31T10:55:57+00:00","author":"Ks. Jacek","twitter_card":"summary_large_image","twitter_misc":{"Napisane przez":"Ks. Jacek","Szacowany czas czytania":"6 minut"},"schema":{"@context":"https:\/\/schema.org","@graph":[{"@type":"WebPage","@id":"https:\/\/gaudiumetspes-blog.pl\/index.php\/2015\/12\/15\/lud-pokorny-i-biedny-2\/","url":"https:\/\/gaudiumetspes-blog.pl\/index.php\/2015\/12\/15\/lud-pokorny-i-biedny-2\/","name":"Lud pokorny i biedny... - Gaudium Et Spes","isPartOf":{"@id":"https:\/\/gaudiumetspes-blog.pl\/#website"},"datePublished":"2015-12-15T05:01:00+00:00","dateModified":"2019-07-31T10:55:57+00:00","author":{"@id":"https:\/\/gaudiumetspes-blog.pl\/#\/schema\/person\/1661982992b752dea8dff0d4ed845a65"},"breadcrumb":{"@id":"https:\/\/gaudiumetspes-blog.pl\/index.php\/2015\/12\/15\/lud-pokorny-i-biedny-2\/#breadcrumb"},"inLanguage":"pl-PL","potentialAction":[{"@type":"ReadAction","target":["https:\/\/gaudiumetspes-blog.pl\/index.php\/2015\/12\/15\/lud-pokorny-i-biedny-2\/"]}]},{"@type":"BreadcrumbList","@id":"https:\/\/gaudiumetspes-blog.pl\/index.php\/2015\/12\/15\/lud-pokorny-i-biedny-2\/#breadcrumb","itemListElement":[{"@type":"ListItem","position":1,"name":"Strona g\u0142\u00f3wna","item":"https:\/\/gaudiumetspes-blog.pl\/"},{"@type":"ListItem","position":2,"name":"Lud pokorny i&nbsp;biedny&#8230;"}]},{"@type":"WebSite","@id":"https:\/\/gaudiumetspes-blog.pl\/#website","url":"https:\/\/gaudiumetspes-blog.pl\/","name":"Gaudium Et Spes","description":"Blog Ks. Jacka Ja\u015bkowskiego","potentialAction":[{"@type":"SearchAction","target":{"@type":"EntryPoint","urlTemplate":"https:\/\/gaudiumetspes-blog.pl\/?s={search_term_string}"},"query-input":{"@type":"PropertyValueSpecification","valueRequired":true,"valueName":"search_term_string"}}],"inLanguage":"pl-PL"},{"@type":"Person","@id":"https:\/\/gaudiumetspes-blog.pl\/#\/schema\/person\/1661982992b752dea8dff0d4ed845a65","name":"Ks. Jacek","image":{"@type":"ImageObject","inLanguage":"pl-PL","@id":"https:\/\/gaudiumetspes-blog.pl\/#\/schema\/person\/image\/","url":"https:\/\/gaudiumetspes-blog.pl\/wp-content\/uploads\/2019\/07\/avatar-JJ-150x150.jpg","contentUrl":"https:\/\/gaudiumetspes-blog.pl\/wp-content\/uploads\/2019\/07\/avatar-JJ-150x150.jpg","caption":"Ks. Jacek"},"description":"Witam serdecznie! K\u0142ania si\u0119 Ks. Jacek Ja\u015bkowski. Nie jestem ani kim\u015b wa\u017cnym, ani kim\u015b znanym. Jestem ksi\u0119dzem, kt\u00f3ry po prostu chce rozmawia\u0107. Codzienna kap\u0142a\u0144ska pos\u0142uga pokazuje mi, \u017ce temat\u00f3w do rozm\u00f3w z ksi\u0119dzem jest coraz wi\u0119cej i dzisiaj \u017caden ksi\u0105dz nie mo\u017ce od nich ucieka\u0107, ale - wprost przeciwnie - podejmowa\u0107 nowe wyzwania. To przekonanie sk\u0142oni\u0142o mnie do pr\u00f3by otwarcia tego\u017c bloga, chocia\u017c okazji do rozm\u00f3w na co dzie\u0144 - w konfesjonale i poza nim - na szcz\u0119\u015bcie nie brakuje. My\u015bl\u0119 jednak, \u017ce ten blog b\u0119dzie jeszcze jednym sposobem i przestrzeni\u0105 nawi\u0105zania kontaktu z lud\u017ami dobrej woli, otwartymi na dialog.","url":"https:\/\/gaudiumetspes-blog.pl\/index.php\/author\/ks-jacek\/"}]}},"jetpack_featured_media_url":"","jetpack_sharing_enabled":true,"_links":{"self":[{"href":"https:\/\/gaudiumetspes-blog.pl\/index.php\/wp-json\/wp\/v2\/posts\/8179","targetHints":{"allow":["GET"]}}],"collection":[{"href":"https:\/\/gaudiumetspes-blog.pl\/index.php\/wp-json\/wp\/v2\/posts"}],"about":[{"href":"https:\/\/gaudiumetspes-blog.pl\/index.php\/wp-json\/wp\/v2\/types\/post"}],"author":[{"embeddable":true,"href":"https:\/\/gaudiumetspes-blog.pl\/index.php\/wp-json\/wp\/v2\/users\/1"}],"replies":[{"embeddable":true,"href":"https:\/\/gaudiumetspes-blog.pl\/index.php\/wp-json\/wp\/v2\/comments?post=8179"}],"version-history":[{"count":1,"href":"https:\/\/gaudiumetspes-blog.pl\/index.php\/wp-json\/wp\/v2\/posts\/8179\/revisions"}],"predecessor-version":[{"id":12401,"href":"https:\/\/gaudiumetspes-blog.pl\/index.php\/wp-json\/wp\/v2\/posts\/8179\/revisions\/12401"}],"wp:attachment":[{"href":"https:\/\/gaudiumetspes-blog.pl\/index.php\/wp-json\/wp\/v2\/media?parent=8179"}],"wp:term":[{"taxonomy":"category","embeddable":true,"href":"https:\/\/gaudiumetspes-blog.pl\/index.php\/wp-json\/wp\/v2\/categories?post=8179"},{"taxonomy":"post_tag","embeddable":true,"href":"https:\/\/gaudiumetspes-blog.pl\/index.php\/wp-json\/wp\/v2\/tags?post=8179"}],"curies":[{"name":"wp","href":"https:\/\/api.w.org\/{rel}","templated":true}]}}