{"id":8181,"date":"2015-12-13T04:32:00","date_gmt":"2015-12-13T03:32:00","guid":{"rendered":"https:\/\/gaudiumetspes-blog.pl\/index.php\/2015\/12\/13\/coz-mamy-czynic\/"},"modified":"2019-07-31T12:55:57","modified_gmt":"2019-07-31T10:55:57","slug":"coz-mamy-czynic","status":"publish","type":"post","link":"https:\/\/gaudiumetspes-blog.pl\/index.php\/2015\/12\/13\/coz-mamy-czynic\/","title":{"rendered":"C\u00f3\u017c mamy czyni\u0107?&#8230;"},"content":{"rendered":"<div align=\"justify\" style=\"line-height: 150%; margin-bottom: 0cm;\">\nNiech b\u0119dzie pochwalony Jezus Chrystus! Moi Drodzy, dzisiejsz\u0105 niedziel\u0119 zwyk\u0142o si\u0119 w liturgii nazywa\u0107 Niedziel\u0105 &#8222;Gaudete&#8221; (&#8222;Radujcie si\u0119&#8221;), a to od pierwszych s\u0142\u00f3w antyfony na wej\u015bcie z dzisiejszej Mszy \u015awi\u0119tej. Ko\u015bci\u00f3\u0142 wyra\u017ca tymi s\u0142owami rado\u015b\u0107 z tego, \u017ce Pan jest blisko. T\u0119 rado\u015b\u0107, wi\u0105\u017c\u0105c\u0105 si\u0119 z pewnym &#8211; nale\u017cycie oczywi\u015bcie rozumianym &#8211; &#8222;z\u0142agodzeniem&#8221; owej adwentowej atmosfery oczekiwania, liturgia wyra\u017ca poprzez kolor r\u00f3\u017cowy ornatu, kt\u00f3rego dzisiaj mo\u017cna u\u017cy\u0107. Taka mo\u017cliwo\u015b\u0107 istnieje w liturgii jedynie dwa razy w roku: dzisiaj i w czwart\u0105 Niedziel\u0119 Wielkiego Postu.&nbsp;<\/div>\n<div align=\"justify\" style=\"line-height: 150%; margin-bottom: 0cm;\">\n&nbsp; &nbsp; &nbsp; &nbsp; &nbsp; &nbsp; Moi Drodzy, dzisiejsza niedziela &#8211; to r\u00f3wnie\u017c 13 grudnia. A ta akurat data ma dla nas, Polak\u00f3w, znaczenie szczeg\u00f3lne. Wtedy to bowiem komunistyczna w\u0142adza wyruszy\u0142a na wojn\u0119 z Narodem. Trudno\u015bci, jakie wci\u0105\u017c mamy z wprowadzaniem wolno\u015bci w naszym Kraju pokazuj\u0105, \u017ce jest jeszcze wiele do zrobienia i do wymodlenia. Obecnie widzimy, jak by\u0142a w\u0142adza, broni\u0105c w\u015bciekle swoich uprzywilejowanych pozycji i korzy\u015bci finansowych, posuwa si\u0119 do wszystkich mo\u017cliwych niegodziwo\u015bci, aby blokowa\u0107 reformowanie Kraju. Prawdziwy to seans nienawi\u015bci i pod\u0142o\u015bci. Trzeba nam si\u0119 modli\u0107 o ostateczne zwyci\u0119stwo prawdy i wolno\u015bci, sprawiedliwo\u015bci, mi\u0142o\u015bci i pokoju. Ja w ka\u017cdym razie modl\u0119 si\u0119 o to codziennie.<\/div>\n<div align=\"justify\" style=\"line-height: 150%; margin-bottom: 0cm;\">\n&nbsp; &nbsp; &nbsp; &nbsp; Na g\u0142\u0119bokie i religijne prze\u017cywanie Dnia Pa\u0144skiego<b> &#8211; niech Was b\u0142ogos\u0142awi B\u00f3g Wszechmog\u0105cy: Ojciec + i Syn, i Duch \u015awi\u0119ty. Amen<\/b><\/div>\n<div align=\"justify\" style=\"line-height: 150%; margin-bottom: 0cm;\">\n<b>&nbsp; &nbsp; &nbsp; &nbsp; &nbsp; &nbsp; &nbsp; &nbsp; &nbsp; &nbsp; &nbsp; &nbsp; &nbsp; &nbsp; &nbsp; &nbsp; &nbsp; &nbsp;<\/b>Gaudium et spes! &nbsp;Ks. Jacek<\/div>\n<div align=\"justify\" style=\"line-height: 150%; margin-bottom: 0cm;\">\n<b><br \/><\/b><\/div>\n<div align=\"justify\" style=\"line-height: 150%; margin-bottom: 0cm;\">\n<b>3<br \/>\nNiedziela Adwentu, C,<\/b><\/div>\n<div align=\"justify\" style=\"line-height: 150%; margin-bottom: 0cm;\">\n<b>do<br \/>\nczyta\u0144:  So 3,14\u201318a;  Flp 4,4\u20137;  \u0141k 3,10\u201318<\/b><\/div>\n<div align=\"justify\" style=\"line-height: 150%; margin-bottom: 0cm;\">\n<\/div>\n<div align=\"justify\" style=\"line-height: 150%; margin-bottom: 0cm;\">\n<b>CZYTANIE<br \/>\nZ KSI\u0118GI PROROKA SOFONIASZA:<\/b><\/div>\n<div align=\"justify\" style=\"line-height: 150%; margin-bottom: 0cm; orphans: 1; page-break-before: auto;\">\n<b>Wy\u015bpiewuj,<br \/>\nC\u00f3ro Syjo\u0144ska, <\/b>\n<\/div>\n<div align=\"justify\" style=\"line-height: 150%; margin-bottom: 0cm; orphans: 1;\">\n<b>podnie\u015b<br \/>\nradosny okrzyk, Izraelu! <\/b>\n<\/div>\n<div align=\"justify\" style=\"line-height: 150%; margin-bottom: 0cm; orphans: 1;\">\n<b>Ciesz<br \/>\nsi\u0119 i wesel z ca\u0142ego serca, <\/b>\n<\/div>\n<div align=\"justify\" style=\"line-height: 150%; margin-bottom: 0cm; orphans: 1;\">\n<b>C\u00f3ro<br \/>\nJeruzalem! <\/b>\n<\/div>\n<div align=\"justify\" style=\"line-height: 150%; margin-bottom: 0cm; orphans: 1;\">\n<b>Pan<br \/>\noddali\u0142 wyroki na ciebie, <\/b>\n<\/div>\n<div align=\"justify\" style=\"line-height: 150%; margin-bottom: 0cm; orphans: 1;\">\n<b>usun\u0105\u0142<br \/>\ntwego nieprzyjaciela: <\/b>\n<\/div>\n<div align=\"justify\" style=\"line-height: 150%; margin-bottom: 0cm; orphans: 1;\">\n<b>kr\u00f3l<br \/>\nIzraela, Pan, jest po\u015br\u00f3d ciebie, <\/b>\n<\/div>\n<div align=\"justify\" style=\"line-height: 150%; margin-bottom: 0cm; orphans: 1;\">\n<b>ju\u017c<br \/>\nnie b\u0119dziesz ba\u0142a si\u0119 z\u0142ego.<\/b><\/div>\n<div align=\"justify\" style=\"line-height: 150%; margin-bottom: 0cm; orphans: 1;\">\n<b>Owego<br \/>\ndnia powiedz\u0105 Jerozolimie: <\/b>\n<\/div>\n<div align=\"justify\" style=\"line-height: 150%; margin-bottom: 0cm; orphans: 1;\">\n<b>\u00abNie<br \/>\nb\u00f3j si\u0119, Syjonie! <\/b>\n<\/div>\n<div align=\"justify\" style=\"line-height: 150%; margin-bottom: 0cm; orphans: 1;\">\n<b>Niech<br \/>\nnie s\u0142abn\u0105 twe r\u0119ce!\u00bb <\/b>\n<\/div>\n<div align=\"justify\" style=\"line-height: 150%; margin-bottom: 0cm; orphans: 1;\">\n<b>Pan,<br \/>\ntw\u00f3j B\u00f3g, jest po\u015br\u00f3d ciebie, <\/b>\n<\/div>\n<div align=\"justify\" style=\"line-height: 150%; margin-bottom: 0cm; orphans: 1;\">\n<b>Mocarz,<br \/>\nkt\u00f3ry daje zbawienie. <\/b>\n<\/div>\n<div align=\"justify\" style=\"line-height: 150%; margin-bottom: 0cm; orphans: 1;\">\n<b>On<br \/>\nuniesie si\u0119 weselem nad tob\u0105, <\/b>\n<\/div>\n<div align=\"justify\" style=\"line-height: 150%; margin-bottom: 0cm; orphans: 1;\">\n<b>odnowi<br \/>\nsw\u0105 mi\u0142o\u015b\u0107, <\/b>\n<\/div>\n<div align=\"justify\" style=\"line-height: 150%; margin-bottom: 0cm; orphans: 1;\">\n<b>wzniesie<br \/>\nokrzyk rado\u015bci, <\/b>\n<\/div>\n<div align=\"justify\" style=\"line-height: 150%; margin-bottom: 0cm; orphans: 1;\">\n<b>jak<br \/>\nw dniu uroczystego \u015bwi\u0119ta.<\/b><\/div>\n<div align=\"justify\" style=\"line-height: 150%; margin-bottom: 0cm;\">\n<\/div>\n<div align=\"justify\" style=\"line-height: 150%; margin-bottom: 0cm;\">\n<b>CZYTANIE<br \/>\nZ LISTU \u015aWI\u0118TEGO PAW\u0141A APOSTO\u0141A DO FILIPIAN:<\/b><\/div>\n<div align=\"justify\" style=\"line-height: 150%; margin-bottom: 0cm; page-break-before: auto; text-indent: 1.3cm;\">\n<b>Bracia:<br \/>\nRadujcie<br \/>\nsi\u0119 zawsze w Panu; jeszcze raz powtarzam: radujcie si\u0119! Niech wasza<br \/>\n\u0142agodno\u015b\u0107 b\u0119dzie znana wszystkim ludziom: Pan jest blisko! O nic<br \/>\nsi\u0119 ju\u017c zbytnio nie troskajcie, ale w ka\u017cdej sprawie wasze pro\u015bby<br \/>\nprzedstawiajcie Bogu w modlitwie i b\u0142aganiu z dzi\u0119kczynieniem.<\/b><\/div>\n<div align=\"justify\" style=\"line-height: 150%; margin-bottom: 0cm; text-indent: 1.3cm;\">\n<b>A<br \/>\npok\u00f3j Bo\u017cy, kt\u00f3ry przewy\u017csza wszelki umys\u0142, b\u0119dzie strzeg\u0142<br \/>\nwaszych serc i my\u015bli w Chrystusie Jezusie.<\/b><\/div>\n<div align=\"justify\" style=\"line-height: 150%; margin-bottom: 0cm;\">\n<\/div>\n<div align=\"justify\" style=\"line-height: 150%; margin-bottom: 0cm;\">\n<b>S\u0141OWA<br \/>\nEWANGELII WED\u0141UG \u015aWI\u0118TEGO \u0141UKASZA:<\/b><\/div>\n<div align=\"justify\" style=\"line-height: 150%; margin-bottom: 0cm; orphans: 1; page-break-before: auto; text-indent: 1.3cm;\">\n<b>Gdy<br \/>\nJan naucza\u0142 nad Jordanem, pyta\u0142y go t\u0142umy: \u201eC\u00f3\u017c mamy czyni\u0107?\u201d<\/b><\/div>\n<div align=\"justify\" style=\"line-height: 150%; margin-bottom: 0cm; orphans: 1; text-indent: 1.3cm;\">\n<b>On<br \/>\nim odpowiada\u0142: \u201eKto ma dwie suknie, niech jedn\u0105 da temu, kt\u00f3ry<br \/>\nnie ma; a kto ma \u017cywno\u015b\u0107, niech tak samo czyni\u201d.<\/b><\/div>\n<div align=\"justify\" style=\"line-height: 150%; margin-bottom: 0cm; orphans: 1; text-indent: 1.3cm;\">\n<b>Przychodzili<br \/>\ntak\u017ce celnicy, \u017ceby przyj\u0105\u0107 chrzest, i pytali go: \u201eNauczycielu,<br \/>\nco mamy czyni\u0107?\u201d<\/b><\/div>\n<div align=\"justify\" style=\"line-height: 150%; margin-bottom: 0cm; orphans: 1; text-indent: 1.3cm;\">\n<b>On<br \/>\nim odpowiada\u0142: \u201eNie pobierajcie nic wi\u0119cej ponad to, ile wam<br \/>\nwyznaczono\u201d.<\/b><\/div>\n<div align=\"justify\" style=\"line-height: 150%; margin-bottom: 0cm; orphans: 1; text-indent: 1.3cm;\">\n<b>Pytali<br \/>\ngo te\u017c i \u017co\u0142nierze: \u201eA my, co mamy czyni\u0107?\u201d<\/b><\/div>\n<div align=\"justify\" style=\"line-height: 150%; margin-bottom: 0cm; orphans: 1; text-indent: 1.3cm;\">\n<b>On<br \/>\nim odpowiedzia\u0142: \u201eNad nikim si\u0119 nie zn\u0119cajcie i nikogo nie<br \/>\nuciskajcie, lecz poprzestawajcie na swoim \u017co\u0142dzie\u201d.<\/b><\/div>\n<div align=\"justify\" style=\"line-height: 150%; margin-bottom: 0cm; orphans: 1; text-indent: 1.3cm;\">\n<b>Gdy<br \/>\nwi\u0119c lud oczekiwa\u0142 z napi\u0119ciem i wszyscy snuli domys\u0142y w swych<br \/>\nsercach co do Jana, czy nie jest on Mesjaszem, on tak przem\u00f3wi\u0142 do<br \/>\nwszystkich: \u201eJa was chrzcz\u0119 wod\u0105; lecz idzie mocniejszy ode mnie,<br \/>\nkt\u00f3remu nie jestem godzien rozwi\u0105za\u0107 rzemyka u sanda\u0142\u00f3w. On<br \/>\nchrzci\u0107 was b\u0119dzie Duchem \u015awi\u0119tym i ogniem. Ma On wiejad\u0142o w<br \/>\nr\u0119ku dla oczyszczenia swego om\u0142otu: pszenic\u0119 zbierze do spichrza,<br \/>\na plewy spali w ogniu nieugaszonym\u201d.<\/b><\/div>\n<div align=\"justify\" style=\"line-height: 150%; margin-bottom: 0cm; orphans: 1; text-indent: 1.3cm;\">\n<b>Wiele<br \/>\nte\u017c innych napomnie\u0144 dawa\u0142 ludowi i g\u0142osi\u0142 dobr\u0105 nowin\u0119.<\/b><\/div>\n<div style=\"line-height: 150%; margin-bottom: 0cm; page-break-before: auto;\">\n<\/div>\n<div align=\"justify\" style=\"line-height: 150%; margin-bottom: 0cm; page-break-before: auto; text-indent: 1.25cm;\">\nBardzo<br \/>\nr\u00f3\u017cni ludzie, o kt\u00f3rych s\u0142yszymy w dzisiejszej Ewangelii \u2013 cho\u0107<br \/>\ns\u0105 przedstawicielami rozlicznych stan\u00f3w, zawod\u00f3w, kultur i grup<br \/>\nspo\u0142ecznych \u2013 to jednak wszyscy oni przyszli do Jana Chrzciciela<br \/>\nw\u0142a\u015bciwie z tym samym pytaniem: <i><b>C\u00f3\u017c mamy czyni\u0107?<\/b><\/i><\/div>\n<div align=\"justify\" style=\"line-height: 150%; margin-bottom: 0cm; text-indent: 1.25cm;\">\nC\u00f3\u017c<br \/>\nma czyni\u0107 ca\u0142y ten t\u0142um ludzi, kt\u00f3ry otacza\u0142 Jana nad Jordanem?<br \/>\n<b>Dzieli\u0107 si\u0119 tym, co kto ma<\/b><b>. <\/b>C\u00f3\u017c maj\u0105 czyni\u0107<br \/>\ncelnicy, owi poborcy podatkowi, tak cz\u0119sto wr\u0119cz znienawidzeni w<br \/>\nswoim otoczeniu i w \u015brodowisku, w kt\u00f3rym \u017cyj\u0105? C\u00f3\u017c maj\u0105<br \/>\nczyni\u0107? <b>Przesta\u0107 pobiera\u0107 podatki? Nie! Ale pobiera\u0107 tyle, ile<br \/>\nim wyznaczono.<\/b> A c\u00f3\u017c maj\u0105 czyni\u0107 \u017co\u0142nierze? <b>Nie zn\u0119ca\u0107<br \/>\nsi\u0119 nad nikim i nikogo nie uciska\u0107, ale pozosta\u0107 na swym \u017co\u0142dzie<\/b><b>.<br \/>\n<\/b>I dalej mo\u017cna by to pytanie stawia\u0107 Janowi, mo\u017cna je tak\u017ce<br \/>\nstawia\u0107 Jezusowi, i wielu ludzi to pytanie stawia przez wieki,<br \/>\nprosz\u0105c o wskazania na drogi \u017cycia.\n<\/div>\n<div align=\"justify\" style=\"line-height: 150%; margin-bottom: 0cm; text-indent: 1.25cm;\">\nSzczeg\u00f3lnie<br \/>\nmocno i wyrazi\u015bcie to pytanie rozbrzmiewa teraz, w Adwencie: <b>C\u00f3\u017c<br \/>\nmamy czyni\u0107? C\u00f3\u017c mam czyni\u0107 ja, kap\u0142an, w tym \u015bwi\u0119tym czasie?<\/b><br \/>\nMam z najwi\u0119ksz\u0105 gorliwo\u015bci\u0105 g\u0142osi\u0107 Ci, Siostro i Bracie, Bo\u017ce<br \/>\ns\u0142owo; z najwi\u0119ksz\u0105 cierpliwo\u015bci\u0105 spowiada\u0107 Ci\u0119 w<br \/>\nkonfesjonale, a tak\u017ce \u2013 z najwi\u0119ksz\u0105 pieczo\u0142owito\u015bci\u0105 <b>swoim<br \/>\n\u017cyciem i swoim <\/b><b>w\u0142asnym <\/b><b>nawracaniem<\/b> <b>si\u0119<\/b> \u2013<br \/>\ndawa\u0107 Ci dobry przyk\u0142ad. <b>A c\u00f3\u017c masz czyni\u0107 Ty, Droga Siostro;<br \/>\nTy, Drogi Bracie, w tym niezwyk\u0142ym i \u015bwi\u0119tym czasie? <\/b>C\u00f3\u017c<br \/>\nmasz czyni\u0107?\u2026<\/div>\n<div align=\"justify\" style=\"line-height: 150%; margin-bottom: 0cm; text-indent: 1.25cm;\">\nNiech<br \/>\nCi podpowie Twoje sumienie\u2026 C\u00f3\u017c masz czyni\u0107? Co ju\u017c uczyni\u0142e\u015b<br \/>\n\u2013 i co jeszcze mo\u017cesz uczyni\u0107? Co uczyni\u0142e\u015b w czasie<br \/>\nRekolekcji, jak je prze\u017cy\u0142e\u015b, a co uczynisz po Rekolekcjach? <b>Co<br \/>\npostanowi\u0142e\u015b?<\/b> C\u00f3\u017c masz czyni\u0107, Siostro i Bracie? <b>I czego<br \/>\nnie uczyni\u0142e\u015b, a powiniene\u015b uczyni\u0107? <\/b>\n<\/div>\n<div align=\"justify\" style=\"line-height: 150%; margin-bottom: 0cm; text-indent: 1.25cm;\">\nTo<br \/>\nbardzo konkretne pytania, domagaj\u0105ce si\u0119 bardzo konkretnej<br \/>\nodpowiedzi. Bo od tego, na ile konkretnie odpowiesz na te pytania<br \/>\nzale\u017cy, <b>na ile konkretnie i rzetelnie<\/b> b\u0119dzie si\u0119 udawa\u0142o<br \/>\nodpowiada\u0107 na podobne pytania w\u00f3wczas, gdy b\u0119d\u0105 si\u0119 one<br \/>\npojawia\u0142y na co dzie\u0144. A przecie\u017c dobrze wiemy, \u017ce praktycznie<br \/>\ncodziennie, a nawet <b>kilka razy dziennie takie pytania stawiamy \u2013<\/b><br \/>\nsobie i innym\u2026\n<\/div>\n<div align=\"justify\" style=\"line-height: 150%; margin-bottom: 0cm; text-indent: 1.25cm;\">\nC\u00f3\u017c<br \/>\nmamy czyni\u0107 teraz, w tym czasie, ale tak\u017ce \u2013 <b>c\u00f3\u017c mamy czyni\u0107<br \/>\nw czasie \u015awi\u0105t<\/b><b>,<\/b> jak je prze\u017cy\u0107 g\u0142\u0119boko, dobrze i<br \/>\nm\u0105drze? A c\u00f3\u017c mamy czyni\u0107 po \u015awi\u0119tach, kiedy wr\u00f3ci \u2013 jak j\u0105<br \/>\nnazywamy \u2013 \u201eszarzyzna\u201d codzienno\u015bci i kiedy tak\u017ce pojawi\u0105<br \/>\nsi\u0119 w naszym \u017cyciu problemy, albo us\u0142yszymy o sprawach, kt\u00f3re \u201ez<br \/>\nn\u00f3g nas zetn\u0105\u201d?\u2026  <b>I c\u00f3\u017c wtedy czyni\u0107?<\/b>\n<\/div>\n<div align=\"justify\" style=\"line-height: 150%; margin-bottom: 0cm; text-indent: 1.25cm;\">\nKiedy<br \/>\ndzisiaj s\u0142yszymy odpowiedzi Jana, musimy przyzna\u0107, \u017ce nie stawia<br \/>\non swoim rozm\u00f3wcom wymaga\u0144 ponad si\u0142y. <b>Nie domaga si\u0119 od nich<br \/>\nrzeczy niemo\u017cliwych.<\/b> Po prostu \u2013 od tych, kt\u00f3rzy pe\u0142nili<br \/>\njakie\u015b funkcje w spo\u0142ecze\u0144stwie domaga si\u0119, aby <b>sumiennie<\/b><br \/>\nwykonywali swoje obowi\u0105zki. A od wszystkich domaga si\u0119, aby byli<br \/>\ndla siebie <b>nawzajem pomocni i mi\u0142osierni,<\/b> dziel\u0105c si\u0119 tym,<br \/>\nczym mog\u0105. Czy\u017c s\u0105 to wymagania ponad si\u0142y?\n<\/div>\n<div align=\"justify\" style=\"line-height: 150%; margin-bottom: 0cm; text-indent: 1.25cm;\">\nOkazuje<br \/>\nsi\u0119 \u2013 nawet z naszej praktyki \u017cycia \u2013 \u017ce nieraz nie jest to<br \/>\n\u0142atwe. Czasami nawet to, co takie oczywiste i bardzo podstawowe,<br \/>\nokazuje si\u0119 wcale nie\u0142atwe. A dzisiejsza liturgia s\u0142owa w\u0142a\u015bnie<br \/>\nna to zwraca nasz\u0105 uwag\u0119, <b>aby drog\u0119 do zbawienia odnale\u017a\u0107 w<br \/>\nwiernym wype\u0142nieniu swoich zada\u0144 i w takich najprostszych znakach<br \/>\ndobroci<\/b>.\n<\/div>\n<div align=\"justify\" style=\"line-height: 150%; margin-bottom: 0cm; text-indent: 1.25cm;\">\n\u015awi\u0119ty<br \/>\nPawe\u0142, w drugim dzisiejszym czytaniu, kieruje do Filipian, ale i do<br \/>\nnas wszystkich, niezwyk\u0142\u0105 zach\u0119t\u0119: <i><b>Radujcie si\u0119 zawsze w<br \/>\nPanu; jeszcze raz powtarzam: radujcie si\u0119! Niech wasza \u0142agodno\u015b\u0107<br \/>\nb\u0119dzie znana wszystkim ludziom: Pan jest blisko! O nic si\u0119 ju\u017c<br \/>\nzbytnio nie troskajcie, ale w ka\u017cdej sprawie wasze pro\u015bby<br \/>\nprzedstawiajcie Bogu w modlitwie i b\u0142aganiu z dzi\u0119kczynieniem. A<br \/>\npok\u00f3j Bo\u017cy, kt\u00f3ry przewy\u017csza wszelki umys\u0142, b\u0119dzie strzeg\u0142<br \/>\nwaszych serc i my\u015bli w Chrystusie Jezusie.<\/b><\/i><b> <\/b>\n<\/div>\n<div align=\"justify\" style=\"line-height: 150%; margin-bottom: 0cm; text-indent: 1.25cm;\">\nPaw\u0142owa<br \/>\nzach\u0119ta mo\u017ce si\u0119 nawet wydawa\u0107 do\u015b\u0107 dziwn\u0105: <i><b>Radujcie<\/b><\/i><b><br \/>\n<\/b><i><b>si\u0119! <\/b><\/i>Z czego tu<br \/>\nsi\u0119 radowa\u0107? <b>Z biedy? Z bezrobocia?<\/b> Z problem\u00f3w w<br \/>\nrodzinie? Z alkoholizmu m\u0119\u017ca czy syna, z tej nieustannej<br \/>\n\u201egderliwo\u015bci\u201d \u017cony? <b>Z tego si\u0119 radowa\u0107?<\/b>\n<\/div>\n<div align=\"justify\" style=\"line-height: 150%; margin-bottom: 0cm; text-indent: 1.25cm;\">\nZ<br \/>\ntego raczej trudno by by\u0142o, ale z tego, \u017ce <i><b>Pan jest blisko<\/b><\/i><br \/>\n\u2013 jak to m\u00f3wi Pawe\u0142 \u2013 to ju\u017c mo\u017cna i nawet nale\u017cy si\u0119<br \/>\ncieszy\u0107. <b>Ale \u017ceby z tego si\u0119 cieszy\u0107, trzeba to dostrzec<\/b>.<br \/>\nTrzeba dostrzec blisko\u015b\u0107 Jezusa, Jego przyj\u015bcie. Na to ma nas<br \/>\nw\u0142a\u015bnie uwra\u017cliwi\u0107 Adwent.\n<\/div>\n<div align=\"justify\" style=\"line-height: 150%; margin-bottom: 0cm; text-indent: 1.25cm;\">\nA<br \/>\ndzisiejsza liturgia s\u0142owa podpowie nam, \u017ce z naszej strony naprawd\u0119<br \/>\nniczego wielkiego nie potrzeba, jak tylko rzetelnego i uczciwego<br \/>\nwype\u0142nienia swoich najbardziej zwyczajnych \u2013 powiedzieliby\u015bmy \u2013<br \/>\n<b>prozaicznych obowi\u0105zk\u00f3w.<\/b> I je\u017celi ten Adwent pomo\u017ce nam w<br \/>\nodnowieniu naszego <b>spojrzenia na codzienno\u015b\u0107<\/b><b>,<\/b> je\u017celi<br \/>\npomo\u017ce nam w odkryciu na nowo sensu tego wszystkiego, co prze\u017cywamy<br \/>\nna co dzie\u0144; je\u017celi ten Adwent pomo\u017ce nam w odkryciu  jakich\u015b<br \/>\n<b>ja\u015bniejszych barw<\/b> tej naszej <b>\u201e<\/b><b>szarej\u201d \u2013 <\/b>jak<br \/>\nj\u0105 nazywamy \u2013 codzienno\u015bci, to ju\u017c ten czas nie b\u0119dzie<br \/>\nzmarnowany, a wr\u0119cz bardzo owocny.\n<\/div>\n<div align=\"justify\" style=\"line-height: 150%; margin-bottom: 0cm; text-indent: 1.25cm;\">\nB\u0119dzie<br \/>\nbardzo owocny, je\u017celi pomo\u017ce nam w odkryciu tego, \u017ce <b>codzienno\u015b\u0107<br \/>\nmo\u017ce by\u0107 te\u017c radosna<\/b><b>,<\/b> \u017ce zawiera w sobie bardzo du\u017co<br \/>\n<b>promyk\u00f3w u\u015bmiechu i nadziei;<\/b> \u017ce ta nasza codzienna praca,<br \/>\n<b>najzwyklejsze pokonywanie najzwyklejszych problem\u00f3w mo\u017ce by\u0107<br \/>\n\u017ar\u00f3d\u0142em satysfakcji.<\/b> Ale \u017ceby to si\u0119 mog\u0142o dokona\u0107, to<br \/>\nnaprawd\u0119 trzeba uwierzy\u0107, \u017ce <i><b>Pan jest blisko<\/b><\/i> i \u2013<br \/>\njak dalej m\u00f3wi Pawe\u0142 \u2013 <b>w ka\u017cdej<\/b><b>,<\/b> ale naprawd\u0119: <b>w<br \/>\nka\u017cdej<\/b> sprawie swoje pro\u015bby przedstawia\u0107 <i><b>Bogu w<br \/>\nmodlitwie i b\u0142aganiu z dzi\u0119kczynieniem. <\/b><\/i>\n<\/div>\n<div align=\"justify\" style=\"line-height: 150%; margin-bottom: 0cm; text-indent: 1.25cm;\">\nKr\u00f3tko<br \/>\nm\u00f3wi\u0105c \u2013 trzeba si\u0119 odwa\u017cy\u0107 na sta\u0142\u0105 blisko\u015b\u0107 Boga. <b>Tak!<br \/>\nW\u0142a\u015bnie \u2013 odwa\u017cy\u0107 si\u0119!<\/b> Okazuje si\u0119, \u017ce do tego potrzeba<br \/>\nodwagi. Chocia\u017c bowiem blisko\u015b\u0107 Boga jest wielk\u0105 \u0142ask\u0105 dla<br \/>\ncz\u0142owieka, to dla wielu jest ona r\u00f3wnie\u017c barier\u0105 nie do<br \/>\npokonania. <b>Boj\u0105 si\u0119 tego, co dla nich dobre, boj\u0105 si\u0119 podj\u0105\u0107<br \/>\ntrudu walki i zdobywania duchowej rado\u015bci.<\/b> <b>Boj\u0105 si\u0119<br \/>\nspojrze\u0107 szerzej i odetchn\u0105\u0107 g\u0142\u0119biej.<\/b> Stan, w jakim tkwi\u0105,<br \/>\nwcale nie jest taki dobry, ale ju\u017c si\u0119 do niego przyzwyczaili, wi\u0119c<br \/>\nlepiej niech ich nikt nie rusza, nie burzy ich dotychczasowego<br \/>\n\u201eciepe\u0142ka\u201d. A wystarczy, \u017ce zapytaliby Jezusa: <b>C\u00f3\u017c mamy<br \/>\nczyni\u0107?<\/b> I Jezus na pewno nie powiedzia\u0142by nic innego, jak tylko<br \/>\nto, aby czynili, co do tej pory czynili, ale aby w tym wszystkim<br \/>\npoznawali, \u017ce <b>On jest blisko, \u017ce Pan naprawd\u0119 jest blisko!<\/b>\n<\/div>\n<div align=\"justify\" style=\"line-height: 150%; margin-bottom: 0cm; text-indent: 1.25cm;\">\nRado\u015b\u0107<br \/>\nz faktu tej blisko\u015bci opiewa\u0142 ju\u017c Prorok Sofoniasz w pierwszym<br \/>\ndzisiejszym czytaniu: <i><b>Wy\u015bpiewuj<\/b><\/i><i><b>, C\u00f3ro Syjo\u0144ska,<br \/>\npodnie\u015b radosny okrzyk, Izraelu! Ciesz si\u0119 i wesel z ca\u0142ego serca,<br \/>\nC\u00f3ro Jeruzalem!<\/b><\/i><b> [\u2026] <\/b><i><b>Kr\u00f3l Izraela, Pan, jest<br \/>\npo\u015br\u00f3d Ciebie, ju\u017c nie b\u0119dziesz ba\u0142a si\u0119 z\u0142ego<\/b><\/i><b>. [\u2026]<br \/>\n<\/b><i><b>Nie b\u00f3j si\u0119 Syjonie! Niech nie s\u0142abn\u0105 twe r\u0119ce! Pan,<br \/>\ntw\u00f3j B\u00f3g, jest po\u015br\u00f3d ciebie, Mocarz, kt\u00f3ry daje zbawienie.<\/b><\/i><b><br \/>\n<\/b>\n<\/div>\n<div align=\"justify\" style=\"line-height: 150%; margin-bottom: 0cm; text-indent: 1.25cm;\">\n<b>Tak!<br \/>\nPan jest po\u015br\u00f3d swego ludu!<\/b> Tak by\u0142o w Starym Przymierzu, tak<br \/>\njest i w Nowym. B\u00f3g opiekowa\u0142 si\u0119 i opiekuje swym ludem. Jest<br \/>\nblisko niego, na wyci\u0105gni\u0119cie r\u0119ki. <b>Tak jest i dzisiaj \u2013<\/b><br \/>\nB\u00f3g jest blisko ka\u017cdego z nas, zar\u00f3wno wtedy, gdy dokonujemy<br \/>\nrzeczy wielkich i niezwyk\u0142ych, jak i wtedy, gdy wykonujemy to, co<br \/>\nzwyczajne, codzienne, powszednie. <b>Adwent ma nam pom\u00f3c w odkryciu<br \/>\ntej blisko\u015bci<\/b><b>. <\/b>\n<\/div>\n<div align=\"justify\" style=\"line-height: 150%; margin-bottom: 0cm; text-indent: 1.25cm;\">\nI<br \/>\ndlatego, chocia\u017c w \u015bwietle przepis\u00f3w prawa Ko\u015bcio\u0142a nie jest to<br \/>\nczas pokutny o tak surowym i jednoznacznym zabarwieniu, jak Wielki<br \/>\nPost, chocia\u017c jest to czas <b>radosnego<\/b> oczekiwania na przyj\u015bcie<br \/>\nZbawiciela, to jednak pozosta\u0142 on czasem <b>refleksji i wyciszenia<\/b><b>,<\/b><br \/>\nczasem g\u0142\u0119bokiego wejrzenia w siebie. Na taki charakter Adwentu<br \/>\n<b>wskazuje bardzo jasno i zdecydowanie liturgia Ko\u015bcio\u0142a. <\/b>I<br \/>\ndobrze, gdyby\u015bmy tak ten czas zechcieli potraktowa\u0107 i prze\u017cy\u0107 \u2013<br \/>\nw wi\u0119kszym, ni\u017c zwykle, wyciszeniu, skupieniu\u2026\n<\/div>\n<div align=\"justify\" style=\"line-height: 150%; margin-bottom: 0cm; text-indent: 1.25cm;\">\nRadosne<br \/>\noczekiwanie wcale nie musi si\u0119 dokonywa\u0107 w ha\u0142asie i w\u015br\u00f3d<br \/>\nzabaw, w Adwencie bowiem chodzi o<br \/>\nzaakcentowanie tej<b> rado\u015bci wewn\u0119trznej, tej rado\u015bci<br \/>\ng\u0142\u0119bszej, bardziej trwa\u0142ej \u2013 <\/b>a<br \/>\nnie tylko tej ha\u0142a\u015bliwej, zewn\u0119trznej, tymczasowej\u2026<\/div>\n<div align=\"justify\" style=\"line-height: 150%; margin-bottom: 0cm; text-indent: 1.25cm;\">\nDlatego<br \/>\nw\u0142a\u015bnie w Adwencie odbywaj\u0105 si\u0119 Rekolekcje, jest czas Spowiedzi,<br \/>\npodejmujemy intensywn\u0105 prac\u0119 nad sob\u0105, wyznaczamy kierunki tej<br \/>\npracy na ca\u0142y rok, pytaj\u0105c: <b>C\u00f3\u017c mamy czyni\u0107, Panie?<\/b> Co<br \/>\nczyni\u0107, aby si\u0119 Tobie podoba\u0107 i aby sensownie wykorzysta\u0107 ten<br \/>\nczas, kt\u00f3ry nam da\u0142e\u015b?\n<\/div>\n<div align=\"justify\" style=\"line-height: 150%; margin-bottom: 0cm; text-indent: 1.25cm;\">\nA<br \/>\nmo\u017ce trzeba si\u0119 b\u0119dzie odwa\u017cy\u0107 na <b>ca\u0142o\u015bciowe <\/b><b>odnowienie<\/b><br \/>\nswojego kontaktu z Bogiem \u2013 na <b>totaln\u0105 <\/b><b>zmian<\/b><b>\u0119<\/b><b><br \/>\nnastawienia<\/b> do spraw Bo\u017cych?<\/div>\n<div align=\"justify\" style=\"line-height: 150%; margin-bottom: 0cm; text-indent: 1.25cm;\">\n<b>C\u00f3\u017c<br \/>\nmamy czyni\u0107?<\/b> Wobec naszej bezradno\u015bci, wobec naszego<br \/>\nzagubienia, w obliczu r\u00f3\u017cnych sytuacji, kt\u00f3re niesie \u017cycie \u2013<br \/>\ntylko Jezus Chrystus mo\u017ce da\u0107 odpowied\u017a <b>pewn\u0105 i bezb\u0142\u0119dn\u0105.<\/b><br \/>\nSt\u0105d te\u017c warto to pytanie Jezusowi jak najcz\u0119\u015bciej stawia\u0107. <b>I<br \/>\ntylko Jezusowi!<\/b> Bo na co dzie\u0144 wielu <b>\u201e<\/b><b>m\u0105drych\u201d<br \/>\ntego \u015bwiata<\/b> bardzo hojnie obdarza nas swoimi radami i<br \/>\nwskazaniami, dotycz\u0105cymi r\u00f3\u017cnych sfer \u017cycia. Odnosi si\u0119 nieraz<br \/>\nwra\u017cenie, \u017ce wiedz\u0105 oni wszystko i na wszystkie pytania maj\u0105<br \/>\nodpowiedzi\u2026\n<\/div>\n<div align=\"justify\" style=\"line-height: 150%; margin-bottom: 0cm; text-indent: 1.25cm;\">\nNiestety,<br \/>\ndo\u015bwiadczenie pokazuje, \u017ce te odpowiedzi <b>nie<\/b> <b>wystarczaj\u0105,<\/b><br \/>\na bardzo cz\u0119sto <b>wskazuj\u0105 drog\u0119 na manowce. <\/b>Je\u017celi dzisiaj<br \/>\ncodzienno\u015b\u0107 dla wielu z nas jest krzy\u017cem, kt\u00f3ry wydaje si\u0119<br \/>\nci\u0119\u017carem niemal ponad si\u0142y, to jest to chyba tak\u017ce znakiem tego,<br \/>\n\u017ce nie pytamy, albo <b>niezbyt cz\u0119sto<\/b> pytamy Jezusa: <b>C\u00f3\u017c<br \/>\nmamy czyni\u0107?<\/b> Jak post\u0119powa\u0107? Jakie podj\u0105\u0107 czyny? Jakie<br \/>\nwypowiedzie\u0107 s\u0142owa? Co my\u015ble\u0107 o tym wszystkim?\n<\/div>\n<div align=\"justify\" style=\"line-height: 150%; margin-bottom: 0cm; text-indent: 1.25cm;\">\nPrzed<br \/>\nnami jeszcze <b>jedena\u015bcie<\/b><b> dni Adwentu<\/b><b>,<\/b> a wi\u0119c<br \/>\nmo\u017cna jeszcze du\u017co w tym czasie zrobi\u0107. I mo\u017cna du\u017co dobrego<br \/>\npostanowi\u0107, zaplanowa\u0107, ukierunkowa\u0107. <b>Nie zmarnujmy tych dni!<br \/>\nNie prze\u015bpijmy Adwentu! Prze\u017cyjmy go do ko\u0144ca \u2013 m\u0105drze i<br \/>\naktywnie!<\/b> Wspomnijmy tre\u015bci, kt\u00f3re zosta\u0142y do nas skierowane w<br \/>\nczasie Rekolekcji. Wr\u00f3\u0107my do niedawnych, rekolekcyjnych prze\u017cy\u0107.<br \/>\nWr\u00f3\u0107my do postanowie\u0144, kt\u00f3re uczynili\u015bmy. A mo\u017ce dopiero teraz<br \/>\nje uczynimy?\n<\/div>\n<div align=\"justify\" style=\"line-height: 150%; margin-bottom: 0cm; text-indent: 1.25cm;\">\nWarto,<br \/>\nnaprawd\u0119 warto! <b>Warto podj\u0105\u0107 odwag\u0119 pracy nad sob\u0105!<\/b> Ale<br \/>\n\u017ceby ta praca by\u0142a m\u0105drze ukierunkowana, a przez to owocna, warto<br \/>\ncz\u0119sto stawia\u0107 Jezusowi pytanie, kt\u00f3re Janowi Chrzcicielowi<br \/>\npostawili bohaterowie dzisiejszej Ewangelii. My chcemy pytanie to<br \/>\nskierowa\u0107 bezpo\u015brednio do Jezusa.<\/div>\n<div align=\"justify\" style=\"line-height: 150%; margin-bottom: 0cm; text-indent: 1.25cm;\">\nKierujemy<br \/>\nje zatem:\n<\/div>\n<div align=\"justify\" style=\"line-height: 150%; margin-bottom: 0cm; text-indent: 1.25cm;\">\nPanie<br \/>\nJezu,<\/div>\n<div align=\"justify\" style=\"line-height: 150%; margin-bottom: 0cm;\">\n\u2013<br \/>\nw<br \/>\nobliczu tylu <b>trudnych wybor\u00f3w<\/b><b>, <\/b>kt\u00f3rych mamy dokona\u0107;<\/div>\n<div align=\"justify\" style=\"line-height: 150%; margin-bottom: 0cm;\">\n\u2013<br \/>\nw<br \/>\nobliczu <b>tylu zada\u0144<\/b><b>,<\/b> kt\u00f3re nam trzeba podj\u0105\u0107;<\/div>\n<div align=\"justify\" style=\"line-height: 150%; margin-bottom: 0cm;\">\n\u2013<br \/>\nw<br \/>\nobliczu <b>tylu spraw<\/b><b>,<\/b> kt\u00f3re nas niepokoj\u0105;<\/div>\n<div align=\"justify\" style=\"line-height: 150%; margin-bottom: 0cm;\">\n\u2013<br \/>\nw<br \/>\nobliczu <b>tylu wiadomo\u015bci,<\/b> kt\u00f3re zewsz\u0105d do nas docieraj\u0105 i<br \/>\nnieraz nas nawet szokuj\u0105;<\/div>\n<div align=\"justify\" style=\"line-height: 150%; margin-bottom: 0cm;\">\n\u2013<br \/>\nw<br \/>\nobliczu <b>trudnej codzienno\u015bci,<\/b> z kt\u00f3r\u0105 musimy si\u0119 zmaga\u0107;<\/div>\n<div align=\"justify\" style=\"line-height: 150%; margin-bottom: 0cm;\">\n\u2013<br \/>\nw<br \/>\nobliczu <b>rozgoryczenia i braku nadziei;<\/b><\/div>\n<div align=\"justify\" style=\"line-height: 150%; margin-bottom: 0cm;\">\n\u2013<br \/>\nw<br \/>\nobliczu tylu <b>rozczarowa\u0144,<\/b> kt\u00f3re na nas spad\u0142y;<\/div>\n<div align=\"justify\" style=\"line-height: 150%; margin-bottom: 0cm;\">\n\u2013<br \/>\nw<br \/>\nobliczu <b>tego czasu,<\/b> kt\u00f3ry ju\u017c za nami; tego czasu, kt\u00f3ry<br \/>\nobecnie prze\u017cywamy i obliczu tego wszystkiego, <b>co jeszcze przed<br \/>\nnami,<\/b> co nas jeszcze czeka \u2013<\/div>\n<div align=\"center\" style=\"line-height: 150%; margin-bottom: 0cm;\">\n<p> Panie<br \/>\nJezu, w obliczu tego wszystkiego:<\/p><\/div>\n<p><\/p>\n<div align=\"center\" style=\"line-height: 150%; margin-bottom: 0cm;\">\n<b>C\u00d3\u017b<br \/>\nMAMY CZYNI\u0106?\u2026&nbsp;<\/b>\n<\/div>\n","protected":false},"excerpt":{"rendered":"<p>Niech b\u0119dzie pochwalony Jezus Chrystus! Moi Drodzy, dzisiejsz\u0105 niedziel\u0119 zwyk\u0142o si\u0119 w liturgii nazywa\u0107 Niedziel\u0105 &#8222;Gaudete&#8221; (&#8222;Radujcie si\u0119&#8221;), a to od pierwszych s\u0142\u00f3w antyfony na wej\u015bcie z dzisiejszej Mszy \u015awi\u0119tej. Ko\u015bci\u00f3\u0142 wyra\u017ca tymi s\u0142owami rado\u015b\u0107 z tego, \u017ce Pan jest blisko. T\u0119 rado\u015b\u0107, wi\u0105\u017c\u0105c\u0105 si\u0119 z pewnym &#8211; nale\u017cycie oczywi\u015bcie rozumianym &#8211; &#8222;z\u0142agodzeniem&#8221; owej adwentowej [&hellip;]<\/p>\n","protected":false},"author":1,"featured_media":0,"comment_status":"open","ping_status":"open","sticky":false,"template":"","format":"standard","meta":{"jetpack_post_was_ever_published":false,"_jetpack_newsletter_access":"","_jetpack_dont_email_post_to_subs":false,"_jetpack_newsletter_tier_id":0,"_jetpack_memberships_contains_paywalled_content":false,"_jetpack_memberships_contains_paid_content":false,"footnotes":""},"categories":[1],"tags":[],"class_list":["post-8181","post","type-post","status-publish","format-standard","hentry","category-bez-kategorii"],"yoast_head":"<!-- This site is optimized with the Yoast SEO plugin v25.1 - https:\/\/yoast.com\/wordpress\/plugins\/seo\/ -->\n<title>C\u00f3\u017c mamy czyni\u0107?... - Gaudium Et Spes<\/title>\n<meta name=\"robots\" content=\"index, follow, max-snippet:-1, max-image-preview:large, max-video-preview:-1\" \/>\n<link rel=\"canonical\" href=\"https:\/\/gaudiumetspes-blog.pl\/index.php\/2015\/12\/13\/coz-mamy-czynic\/\" \/>\n<meta property=\"og:locale\" content=\"pl_PL\" \/>\n<meta property=\"og:type\" content=\"article\" \/>\n<meta property=\"og:title\" content=\"C\u00f3\u017c mamy czyni\u0107?... - Gaudium Et Spes\" \/>\n<meta property=\"og:description\" content=\"Niech b\u0119dzie pochwalony Jezus Chrystus! Moi Drodzy, dzisiejsz\u0105 niedziel\u0119 zwyk\u0142o si\u0119 w liturgii nazywa\u0107 Niedziel\u0105 &#8222;Gaudete&#8221; (&#8222;Radujcie si\u0119&#8221;), a to od pierwszych s\u0142\u00f3w antyfony na wej\u015bcie z dzisiejszej Mszy \u015awi\u0119tej. Ko\u015bci\u00f3\u0142 wyra\u017ca tymi s\u0142owami rado\u015b\u0107 z tego, \u017ce Pan jest blisko. T\u0119 rado\u015b\u0107, wi\u0105\u017c\u0105c\u0105 si\u0119 z pewnym &#8211; nale\u017cycie oczywi\u015bcie rozumianym &#8211; &#8222;z\u0142agodzeniem&#8221; owej adwentowej [&hellip;]\" \/>\n<meta property=\"og:url\" content=\"https:\/\/gaudiumetspes-blog.pl\/index.php\/2015\/12\/13\/coz-mamy-czynic\/\" \/>\n<meta property=\"og:site_name\" content=\"Gaudium Et Spes\" \/>\n<meta property=\"article:published_time\" content=\"2015-12-13T03:32:00+00:00\" \/>\n<meta property=\"article:modified_time\" content=\"2019-07-31T10:55:57+00:00\" \/>\n<meta name=\"author\" content=\"Ks. Jacek\" \/>\n<meta name=\"twitter:card\" content=\"summary_large_image\" \/>\n<meta name=\"twitter:label1\" content=\"Napisane przez\" \/>\n\t<meta name=\"twitter:data1\" content=\"Ks. Jacek\" \/>\n\t<meta name=\"twitter:label2\" content=\"Szacowany czas czytania\" \/>\n\t<meta name=\"twitter:data2\" content=\"13 minut\" \/>\n<script type=\"application\/ld+json\" class=\"yoast-schema-graph\">{\"@context\":\"https:\/\/schema.org\",\"@graph\":[{\"@type\":\"WebPage\",\"@id\":\"https:\/\/gaudiumetspes-blog.pl\/index.php\/2015\/12\/13\/coz-mamy-czynic\/\",\"url\":\"https:\/\/gaudiumetspes-blog.pl\/index.php\/2015\/12\/13\/coz-mamy-czynic\/\",\"name\":\"C\u00f3\u017c mamy czyni\u0107?... - Gaudium Et Spes\",\"isPartOf\":{\"@id\":\"https:\/\/gaudiumetspes-blog.pl\/#website\"},\"datePublished\":\"2015-12-13T03:32:00+00:00\",\"dateModified\":\"2019-07-31T10:55:57+00:00\",\"author\":{\"@id\":\"https:\/\/gaudiumetspes-blog.pl\/#\/schema\/person\/1661982992b752dea8dff0d4ed845a65\"},\"breadcrumb\":{\"@id\":\"https:\/\/gaudiumetspes-blog.pl\/index.php\/2015\/12\/13\/coz-mamy-czynic\/#breadcrumb\"},\"inLanguage\":\"pl-PL\",\"potentialAction\":[{\"@type\":\"ReadAction\",\"target\":[\"https:\/\/gaudiumetspes-blog.pl\/index.php\/2015\/12\/13\/coz-mamy-czynic\/\"]}]},{\"@type\":\"BreadcrumbList\",\"@id\":\"https:\/\/gaudiumetspes-blog.pl\/index.php\/2015\/12\/13\/coz-mamy-czynic\/#breadcrumb\",\"itemListElement\":[{\"@type\":\"ListItem\",\"position\":1,\"name\":\"Strona g\u0142\u00f3wna\",\"item\":\"https:\/\/gaudiumetspes-blog.pl\/\"},{\"@type\":\"ListItem\",\"position\":2,\"name\":\"C\u00f3\u017c mamy czyni\u0107?&#8230;\"}]},{\"@type\":\"WebSite\",\"@id\":\"https:\/\/gaudiumetspes-blog.pl\/#website\",\"url\":\"https:\/\/gaudiumetspes-blog.pl\/\",\"name\":\"Gaudium Et Spes\",\"description\":\"Blog Ks. Jacka Ja\u015bkowskiego\",\"potentialAction\":[{\"@type\":\"SearchAction\",\"target\":{\"@type\":\"EntryPoint\",\"urlTemplate\":\"https:\/\/gaudiumetspes-blog.pl\/?s={search_term_string}\"},\"query-input\":{\"@type\":\"PropertyValueSpecification\",\"valueRequired\":true,\"valueName\":\"search_term_string\"}}],\"inLanguage\":\"pl-PL\"},{\"@type\":\"Person\",\"@id\":\"https:\/\/gaudiumetspes-blog.pl\/#\/schema\/person\/1661982992b752dea8dff0d4ed845a65\",\"name\":\"Ks. Jacek\",\"image\":{\"@type\":\"ImageObject\",\"inLanguage\":\"pl-PL\",\"@id\":\"https:\/\/gaudiumetspes-blog.pl\/#\/schema\/person\/image\/\",\"url\":\"https:\/\/gaudiumetspes-blog.pl\/wp-content\/uploads\/2019\/07\/avatar-JJ-150x150.jpg\",\"contentUrl\":\"https:\/\/gaudiumetspes-blog.pl\/wp-content\/uploads\/2019\/07\/avatar-JJ-150x150.jpg\",\"caption\":\"Ks. Jacek\"},\"description\":\"Witam serdecznie! K\u0142ania si\u0119 Ks. Jacek Ja\u015bkowski. Nie jestem ani kim\u015b wa\u017cnym, ani kim\u015b znanym. Jestem ksi\u0119dzem, kt\u00f3ry po prostu chce rozmawia\u0107. Codzienna kap\u0142a\u0144ska pos\u0142uga pokazuje mi, \u017ce temat\u00f3w do rozm\u00f3w z ksi\u0119dzem jest coraz wi\u0119cej i dzisiaj \u017caden ksi\u0105dz nie mo\u017ce od nich ucieka\u0107, ale - wprost przeciwnie - podejmowa\u0107 nowe wyzwania. To przekonanie sk\u0142oni\u0142o mnie do pr\u00f3by otwarcia tego\u017c bloga, chocia\u017c okazji do rozm\u00f3w na co dzie\u0144 - w konfesjonale i poza nim - na szcz\u0119\u015bcie nie brakuje. My\u015bl\u0119 jednak, \u017ce ten blog b\u0119dzie jeszcze jednym sposobem i przestrzeni\u0105 nawi\u0105zania kontaktu z lud\u017ami dobrej woli, otwartymi na dialog.\",\"url\":\"https:\/\/gaudiumetspes-blog.pl\/index.php\/author\/ks-jacek\/\"}]}<\/script>\n<!-- \/ Yoast SEO plugin. -->","yoast_head_json":{"title":"C\u00f3\u017c mamy czyni\u0107?... - Gaudium Et Spes","robots":{"index":"index","follow":"follow","max-snippet":"max-snippet:-1","max-image-preview":"max-image-preview:large","max-video-preview":"max-video-preview:-1"},"canonical":"https:\/\/gaudiumetspes-blog.pl\/index.php\/2015\/12\/13\/coz-mamy-czynic\/","og_locale":"pl_PL","og_type":"article","og_title":"C\u00f3\u017c mamy czyni\u0107?... - Gaudium Et Spes","og_description":"Niech b\u0119dzie pochwalony Jezus Chrystus! Moi Drodzy, dzisiejsz\u0105 niedziel\u0119 zwyk\u0142o si\u0119 w liturgii nazywa\u0107 Niedziel\u0105 &#8222;Gaudete&#8221; (&#8222;Radujcie si\u0119&#8221;), a to od pierwszych s\u0142\u00f3w antyfony na wej\u015bcie z dzisiejszej Mszy \u015awi\u0119tej. Ko\u015bci\u00f3\u0142 wyra\u017ca tymi s\u0142owami rado\u015b\u0107 z tego, \u017ce Pan jest blisko. T\u0119 rado\u015b\u0107, wi\u0105\u017c\u0105c\u0105 si\u0119 z pewnym &#8211; nale\u017cycie oczywi\u015bcie rozumianym &#8211; &#8222;z\u0142agodzeniem&#8221; owej adwentowej [&hellip;]","og_url":"https:\/\/gaudiumetspes-blog.pl\/index.php\/2015\/12\/13\/coz-mamy-czynic\/","og_site_name":"Gaudium Et Spes","article_published_time":"2015-12-13T03:32:00+00:00","article_modified_time":"2019-07-31T10:55:57+00:00","author":"Ks. Jacek","twitter_card":"summary_large_image","twitter_misc":{"Napisane przez":"Ks. Jacek","Szacowany czas czytania":"13 minut"},"schema":{"@context":"https:\/\/schema.org","@graph":[{"@type":"WebPage","@id":"https:\/\/gaudiumetspes-blog.pl\/index.php\/2015\/12\/13\/coz-mamy-czynic\/","url":"https:\/\/gaudiumetspes-blog.pl\/index.php\/2015\/12\/13\/coz-mamy-czynic\/","name":"C\u00f3\u017c mamy czyni\u0107?... - Gaudium Et Spes","isPartOf":{"@id":"https:\/\/gaudiumetspes-blog.pl\/#website"},"datePublished":"2015-12-13T03:32:00+00:00","dateModified":"2019-07-31T10:55:57+00:00","author":{"@id":"https:\/\/gaudiumetspes-blog.pl\/#\/schema\/person\/1661982992b752dea8dff0d4ed845a65"},"breadcrumb":{"@id":"https:\/\/gaudiumetspes-blog.pl\/index.php\/2015\/12\/13\/coz-mamy-czynic\/#breadcrumb"},"inLanguage":"pl-PL","potentialAction":[{"@type":"ReadAction","target":["https:\/\/gaudiumetspes-blog.pl\/index.php\/2015\/12\/13\/coz-mamy-czynic\/"]}]},{"@type":"BreadcrumbList","@id":"https:\/\/gaudiumetspes-blog.pl\/index.php\/2015\/12\/13\/coz-mamy-czynic\/#breadcrumb","itemListElement":[{"@type":"ListItem","position":1,"name":"Strona g\u0142\u00f3wna","item":"https:\/\/gaudiumetspes-blog.pl\/"},{"@type":"ListItem","position":2,"name":"C\u00f3\u017c mamy czyni\u0107?&#8230;"}]},{"@type":"WebSite","@id":"https:\/\/gaudiumetspes-blog.pl\/#website","url":"https:\/\/gaudiumetspes-blog.pl\/","name":"Gaudium Et Spes","description":"Blog Ks. Jacka Ja\u015bkowskiego","potentialAction":[{"@type":"SearchAction","target":{"@type":"EntryPoint","urlTemplate":"https:\/\/gaudiumetspes-blog.pl\/?s={search_term_string}"},"query-input":{"@type":"PropertyValueSpecification","valueRequired":true,"valueName":"search_term_string"}}],"inLanguage":"pl-PL"},{"@type":"Person","@id":"https:\/\/gaudiumetspes-blog.pl\/#\/schema\/person\/1661982992b752dea8dff0d4ed845a65","name":"Ks. Jacek","image":{"@type":"ImageObject","inLanguage":"pl-PL","@id":"https:\/\/gaudiumetspes-blog.pl\/#\/schema\/person\/image\/","url":"https:\/\/gaudiumetspes-blog.pl\/wp-content\/uploads\/2019\/07\/avatar-JJ-150x150.jpg","contentUrl":"https:\/\/gaudiumetspes-blog.pl\/wp-content\/uploads\/2019\/07\/avatar-JJ-150x150.jpg","caption":"Ks. Jacek"},"description":"Witam serdecznie! K\u0142ania si\u0119 Ks. Jacek Ja\u015bkowski. Nie jestem ani kim\u015b wa\u017cnym, ani kim\u015b znanym. Jestem ksi\u0119dzem, kt\u00f3ry po prostu chce rozmawia\u0107. Codzienna kap\u0142a\u0144ska pos\u0142uga pokazuje mi, \u017ce temat\u00f3w do rozm\u00f3w z ksi\u0119dzem jest coraz wi\u0119cej i dzisiaj \u017caden ksi\u0105dz nie mo\u017ce od nich ucieka\u0107, ale - wprost przeciwnie - podejmowa\u0107 nowe wyzwania. To przekonanie sk\u0142oni\u0142o mnie do pr\u00f3by otwarcia tego\u017c bloga, chocia\u017c okazji do rozm\u00f3w na co dzie\u0144 - w konfesjonale i poza nim - na szcz\u0119\u015bcie nie brakuje. My\u015bl\u0119 jednak, \u017ce ten blog b\u0119dzie jeszcze jednym sposobem i przestrzeni\u0105 nawi\u0105zania kontaktu z lud\u017ami dobrej woli, otwartymi na dialog.","url":"https:\/\/gaudiumetspes-blog.pl\/index.php\/author\/ks-jacek\/"}]}},"jetpack_featured_media_url":"","jetpack_sharing_enabled":true,"_links":{"self":[{"href":"https:\/\/gaudiumetspes-blog.pl\/index.php\/wp-json\/wp\/v2\/posts\/8181","targetHints":{"allow":["GET"]}}],"collection":[{"href":"https:\/\/gaudiumetspes-blog.pl\/index.php\/wp-json\/wp\/v2\/posts"}],"about":[{"href":"https:\/\/gaudiumetspes-blog.pl\/index.php\/wp-json\/wp\/v2\/types\/post"}],"author":[{"embeddable":true,"href":"https:\/\/gaudiumetspes-blog.pl\/index.php\/wp-json\/wp\/v2\/users\/1"}],"replies":[{"embeddable":true,"href":"https:\/\/gaudiumetspes-blog.pl\/index.php\/wp-json\/wp\/v2\/comments?post=8181"}],"version-history":[{"count":1,"href":"https:\/\/gaudiumetspes-blog.pl\/index.php\/wp-json\/wp\/v2\/posts\/8181\/revisions"}],"predecessor-version":[{"id":12399,"href":"https:\/\/gaudiumetspes-blog.pl\/index.php\/wp-json\/wp\/v2\/posts\/8181\/revisions\/12399"}],"wp:attachment":[{"href":"https:\/\/gaudiumetspes-blog.pl\/index.php\/wp-json\/wp\/v2\/media?parent=8181"}],"wp:term":[{"taxonomy":"category","embeddable":true,"href":"https:\/\/gaudiumetspes-blog.pl\/index.php\/wp-json\/wp\/v2\/categories?post=8181"},{"taxonomy":"post_tag","embeddable":true,"href":"https:\/\/gaudiumetspes-blog.pl\/index.php\/wp-json\/wp\/v2\/tags?post=8181"}],"curies":[{"name":"wp","href":"https:\/\/api.w.org\/{rel}","templated":true}]}}