{"id":8187,"date":"2015-12-07T05:44:00","date_gmt":"2015-12-07T04:44:00","guid":{"rendered":"https:\/\/gaudiumetspes-blog.pl\/index.php\/2015\/12\/07\/do-jezusa-chocby-przez-dac-2\/"},"modified":"2019-07-31T12:55:56","modified_gmt":"2019-07-31T10:55:56","slug":"do-jezusa-chocby-przez-dac-2","status":"publish","type":"post","link":"https:\/\/gaudiumetspes-blog.pl\/index.php\/2015\/12\/07\/do-jezusa-chocby-przez-dac-2\/","title":{"rendered":"Do Jezusa &#8211; cho\u0107by przez dach!"},"content":{"rendered":"<div align=\"justify\" style=\"line-height: 150%; margin-bottom: 0cm;\">\nSzcz\u0119\u015b\u0107 Bo\u017ce! Moi Drodzy, w dniu dzisiejszym<b> imieniny obchodzi m\u00f3j Kolega i by\u0142y Wsp\u00f3\u0142pracownik z Wydzia\u0142u Prawa KUL, Ojciec Profesor Ambro\u017cy Skorupa, salwatorianin. \u017bycz\u0119 Drogiemu Solenizantowi, aby by\u0142 zawsze tak odwa\u017cny i dynamiczny, jak Jego Patron. O to b\u0119d\u0119 prosi\u0142 w modlitwie.&nbsp;<\/b><\/div>\n<div align=\"justify\" style=\"line-height: 150%; margin-bottom: 0cm;\">\n<b>&nbsp; &nbsp; &nbsp; A przy okazji, dowiedzia\u0142em si\u0119 wczoraj, \u017ce w\u0142a\u015bnie wczoraj swoje urodziny obchodzi\u0142 Ksi\u0105dz Adam Potapczuk, Wikariusz w Miastkowie. \u017bycz\u0119 Mu przy tej okazji, aby zawsze odnajdowa\u0142 sw\u0105 najwi\u0119ksz\u0105 \u017cyciow\u0105 rado\u015b\u0107 w pe\u0142nieniu kap\u0142a\u0144skiej pos\u0142ugi, w tym tak\u017ce &#8211; w g\u0142oszeniu s\u0142owa Bo\u017cego. Wszystkiego dobrego!<\/b><\/div>\n<div align=\"justify\" style=\"line-height: 150%; margin-bottom: 0cm;\">\n&nbsp; &nbsp; &nbsp; &nbsp;Moi Drodzy, we wspomnianym Miastkowie trwaj\u0105 Rekolekcje adwentowe, b\u0119d\u0105ce renowacj\u0105 zesz\u0142orocznych Misji \u015awi\u0119tych. Rekolekcje trwaj\u0105 &#8211; lub b\u0119d\u0105 trwa\u0142y &#8211; tak\u017ce w wielu naszych Parafiach. A od czwartku &#8211; o czym zapewne wi\u0119cej dowiemy si\u0119 w \u015brod\u0119, w s\u0142\u00f3wku z Syberii &#8211; b\u0119d\u0105 te\u017c Rekolekcje w Surgucie. Niech zatem modlitwa za rekolekcjonist\u00f3w i spowiednik\u00f3w adwentowych, oraz za wszystkich uczestnicz\u0105cych w Rekolekcjach stale nam w tych dniach towarzyszy!<\/div>\n<div align=\"justify\" style=\"line-height: 150%; margin-bottom: 0cm;\">\n&nbsp; &nbsp; &nbsp; &nbsp; &nbsp; &nbsp; &nbsp; &nbsp; &nbsp; &nbsp; &nbsp; &nbsp; &nbsp; &nbsp; &nbsp; &nbsp; &nbsp; &nbsp; &nbsp; Gaudium et spes! &nbsp;Ks. Jacek<\/div>\n<div align=\"justify\" style=\"line-height: 150%; margin-bottom: 0cm;\">\n<b><br \/><\/b><\/div>\n<div align=\"justify\" style=\"line-height: 150%; margin-bottom: 0cm;\">\n<b>Poniedzia\u0142ek<br \/>\n2 Tygodnia Adwentu,<\/b><\/div>\n<div align=\"justify\" style=\"line-height: 150%; margin-bottom: 0cm;\">\n<b>Wspomnienie<br \/>\n\u015aw. Ambro\u017cego, Biskupa i Doktora Ko\u015bcio\u0142a,<\/b><\/div>\n<div align=\"justify\" style=\"line-height: 150%; margin-bottom: 0cm;\">\n<b>do<br \/>\nczyta\u0144:  Iz 35,1\u201310;  \u0141k 5,17\u201326<\/b><\/div>\n<div align=\"justify\" style=\"line-height: 150%; margin-bottom: 0cm;\">\n<\/p>\n<\/div>\n<div align=\"justify\" style=\"line-height: 150%; margin-bottom: 0cm; page-break-before: auto;\">\n<b>CZYTANIE<br \/>\nZ KSI\u0118GI PROROKA IZAJASZA: <\/b>\n<\/div>\n<div align=\"justify\" style=\"line-height: 150%; margin-bottom: 0cm; text-indent: 1.24cm;\">\n<b>Niech<br \/>\nsi\u0119 rozweseli pustynia i spieczona ziemia, niech si\u0119 raduje step i<br \/>\nniech rozkwitnie! Niech wyda kwiaty jak lilie polne, niech si\u0119<br \/>\nrozraduje tak\u017ce skacz\u0105c i wykrzykuj\u0105c z uciechy. Chwa\u0142\u0105 Libanu<br \/>\nj\u0105 obdarzono, ozdob\u0105 Karmelu i Saronu. Oni zobacz\u0105 chwa\u0142\u0119 Pana,<br \/>\nwspania\u0142o\u015b\u0107 naszego Boga. Pokrzepcie r\u0119ce os\u0142ab\u0142e, wzmocnijcie<br \/>\nkolana omdla\u0142e! <\/b>\n<\/div>\n<div align=\"justify\" style=\"line-height: 150%; margin-bottom: 0cm; text-indent: 1.24cm;\">\n<b>Powiedzcie<br \/>\nma\u0142odusznym: \u201eOdwagi! Nie b\u00f3jcie si\u0119! Oto wasz B\u00f3g, oto<br \/>\npomsta\u201d; przychodzi Bo\u017ca odp\u0142ata; On sam przychodzi, aby was<br \/>\nzbawi\u0107. Wtedy przejrz\u0105 oczy niewidomych i uszy g\u0142uchych si\u0119<br \/>\notworz\u0105. Wtedy chromy wyskoczy jak jele\u0144 i j\u0119zyk niemych weso\u0142o<br \/>\nkrzyknie. Bo trysn\u0105 zdroje w\u00f3d na pustyni i strumienie na stepie;<br \/>\nspieczona ziemia zmieni si\u0119 w staw, spragniony kraj w krynice w\u00f3d,<br \/>\nbadyle w kryj\u00f3wkach, gdzie lega\u0142y szakale, na trzcin\u0119 z sitowiem.<br \/>\nB\u0119dzie tam droga czysta, kt\u00f3r\u0105 nazw\u0105 Drog\u0105 \u015awi\u0119t\u0105. Nie<br \/>\nprzejdzie ni\u0105 nieczysty, gdy odbywa podr\u00f3\u017c, i g\u0142upi nie b\u0119d\u0105<br \/>\nsi\u0119 tam wa\u0142\u0119sa\u0107. <\/b>\n<\/div>\n<div align=\"justify\" style=\"line-height: 150%; margin-bottom: 0cm; text-indent: 1.24cm;\">\n<b>Nie<br \/>\nb\u0119dzie tam lwa, ni zwierz najdzikszy nie wst\u0105pi na ni\u0105 ani si\u0119<br \/>\nnie znajdzie, ale tamt\u0119dy p\u00f3jd\u0105 wyzwoleni i odkupieni przez Pana<br \/>\npowr\u00f3c\u0105. Przyb\u0119d\u0105 na Syjon z radosnym \u015bpiewem, ze szcz\u0119\u015bciem<br \/>\nwiecznym na twarzach. Osi\u0105gn\u0105 rado\u015b\u0107 i szcz\u0119\u015bcie, ust\u0105pi<br \/>\nsmutek i wzdychanie.<\/b><\/div>\n<div align=\"justify\" style=\"line-height: 150%; margin-bottom: 0cm;\">\n<\/p>\n<\/div>\n<div align=\"justify\" style=\"line-height: 150%; margin-bottom: 0cm;\">\n<b>S\u0141OWA<br \/>\nEWANGELII WED\u0141UG \u015aWI\u0118TEGO \u0141UKASZA: <\/b>\n<\/div>\n<div align=\"justify\" style=\"line-height: 150%; margin-bottom: 0cm; text-indent: 1.24cm;\">\n<b>Pewnego<br \/>\ndnia, gdy Jezus naucza\u0142, siedzieli przy tym faryzeusze i uczeni w<br \/>\nPrawie, kt\u00f3rzy przyszli ze wszystkich miejscowo\u015bci Galilei, Judei i<br \/>\nJerozolimy. A by\u0142a w Nim moc Pa\u0144ska, \u017ce m\u00f3g\u0142 uzdrawia\u0107. <\/b>\n<\/div>\n<div align=\"justify\" style=\"line-height: 150%; margin-bottom: 0cm; text-indent: 1.24cm;\">\n<b>Wtem<br \/>\njacy\u015b ludzie nios\u0105c na \u0142o\u017cu cz\u0142owieka, kt\u00f3ry by\u0142<br \/>\nsparali\u017cowany, starali si\u0119 go wnie\u015b\u0107 i po\u0142o\u017cy\u0107 przed Nim. Nie<br \/>\nmog\u0105c z powodu t\u0142umu w \u017caden spos\u00f3b przynie\u015b\u0107 go, wyszli na<br \/>\np\u0142aski dach i przez powa\u0142\u0119 spu\u015bcili go wraz z \u0142o\u017cem w sam<br \/>\n\u015brodek przed Jezusa. On widz\u0105c ich wiar\u0119, rzek\u0142: \u201eCz\u0142owieku,<br \/>\nodpuszczaj\u0105 ci si\u0119 twoje grzechy\u201d. <\/b>\n<\/div>\n<div align=\"justify\" style=\"line-height: 150%; margin-bottom: 0cm; text-indent: 1.24cm;\">\n<b>Na<br \/>\nto uczeni w Pi\u015bmie i faryzeusze pocz\u0119li si\u0119 zastanawia\u0107 i m\u00f3wi\u0107:<br \/>\n\u201eKt\u00f3\u017c On jest, \u017ce \u015bmie m\u00f3wi\u0107 blu\u017anierstwa? Kt\u00f3\u017c mo\u017ce<br \/>\nodpuszcza\u0107 grzechy pr\u00f3cz samego Boga?\u201d <\/b>\n<\/div>\n<div align=\"justify\" style=\"line-height: 150%; margin-bottom: 0cm; text-indent: 1.24cm;\">\n<b>Lecz<br \/>\nJezus przejrza\u0142 ich my\u015bli i rzek\u0142 do nich: \u201eCo za my\u015bli nurtuj\u0105<br \/>\nw sercach waszych? C\u00f3\u017c jest \u0142atwiej powiedzie\u0107: \u00abOdpuszczaj\u0105 ci<br \/>\nsi\u0119 twoje grzechy\u00bb, czy powiedzie\u0107: \u00abWsta\u0144 i chod\u017a?\u00bb Lecz<br \/>\naby\u015bcie wiedzieli, \u017ce Syn Cz\u0142owieczy ma na ziemi w\u0142adz\u0119<br \/>\nodpuszczania grzech\u00f3w\u201d \u2013 rzek\u0142 do sparali\u017cowanego: \u201eM\u00f3wi\u0119<br \/>\nci, wsta\u0144, we\u017a swoje \u0142o\u017ce i id\u017a do domu\u201d. I natychmiast wsta\u0142<br \/>\nwobec nich, wzi\u0105\u0142 \u0142o\u017ce, na kt\u00f3rym le\u017ca\u0142, i poszed\u0142 do domu,<br \/>\nwielbi\u0105c Boga. <\/b>\n<\/div>\n<div align=\"justify\" style=\"line-height: 150%; margin-bottom: 0cm; text-indent: 1.24cm;\">\n<b>Wtedy<br \/>\nzdumienie ogarn\u0119\u0142o wszystkich; wielbili Boga i pe\u0142ni boja\u017ani<br \/>\nm\u00f3wili: \u201ePrzedziwne rzeczy widzieli\u015bmy dzisiaj\u201d.<\/b><\/div>\n<div align=\"justify\" style=\"line-height: 150%; margin-bottom: 0cm;\">\n<\/p>\n<\/div>\n<div align=\"justify\" style=\"line-height: 150%; margin-bottom: 0cm; page-break-before: auto; text-indent: 1.24cm;\">\nW\u015br\u00f3d<br \/>\nwielu kolejnych zapowiedzi Proroka Izajasza, dotycz\u0105cych <b>powszechnej<br \/>\nszcz\u0119\u015bliwo\u015bci i rado\u015bci,<\/b> jaka zapanuje po przyj\u015bciu Pana,<br \/>\nwa\u017cne miejsce \u2013 jak si\u0119 wydaje \u2013 zajmuj\u0105 s\u0142owa zach\u0119ty,<br \/>\nskierowane dzi\u015b do ludzi, okre\u015blonych przez Proroka jako<br \/>\n<b>\u201ema\u0142oduszni\u201d.<\/b> A s\u0105 to nast\u0119puj\u0105ce s\u0142owa zach\u0119ty:<br \/>\n<i><b>Odwagi!<br \/>\nNie b\u00f3jcie si\u0119! Oto wasz B\u00f3g, oto pomsta\u201d; przychodzi Bo\u017ca<br \/>\nodp\u0142ata; On sam przychodzi, aby was zbawi\u0107.<\/b><\/i><b><br \/>\n<\/b>\n<\/div>\n<div align=\"justify\" style=\"line-height: 150%; margin-bottom: 0cm; text-indent: 1.24cm;\">\nI<br \/>\nzaraz po nich zostaj\u0105<br \/>\nwyliczone<br \/>\nwspomniane<br \/>\nju\u017c pozytywne<br \/>\nskutki<br \/>\npojawienia si\u0119 Pana, na<br \/>\ntle kt\u00f3rych wskazane s\u0142owa naprawd\u0119<br \/>\n<b>mocno<br \/>\n<\/b><b>si\u0119<br \/>\n<\/b><b>wybijaj\u0105.<br \/>\n<\/b>Ca\u0142o\u015b\u0107<br \/>\nza\u015b<br \/>\nsprawia<br \/>\ntakie wra\u017cenie, jakby wszystko, co po tych s\u0142owach Prorok wyliczy\u0142,<br \/>\n<b>by\u0142o<br \/>\nich potwierdzeniem; <\/b>jakby<br \/>\nby\u0142o <b>uzasadnieniem<br \/>\ndla owej odwagi, <\/b>kt\u00f3rej<br \/>\n\u201ema\u0142odusznym\u201d brakuje, a kt\u00f3r\u0105 powinni jednak w sobie mie\u0107.<br \/>\nDlaczego powinni?\n<\/div>\n<div align=\"justify\" style=\"line-height: 150%; margin-bottom: 0cm; text-indent: 1.24cm;\">\nBo<br \/>\nw\u0142a\u015bnie <b>B\u00f3g<br \/>\nsam przekonuje ich<\/b><br \/>\ndo tego swoim dzia\u0142aniem, \u015bwiadectwami swojej mocy. Co wi\u0119cej, B\u00f3g<br \/>\nzapewnia, \u017ce <b>b\u0119dzie<br \/>\nbra\u0142 w obron\u0119<\/b><br \/>\ntych, kt\u00f3rzy Mu zaufaj\u0105 i b\u0119dzie ich os\u0142ania\u0142 przed z\u0142ymi<br \/>\nmocami. W prorockiej wizji Izajasza zosta\u0142o to wyra\u017cone w<br \/>\nnast\u0119puj\u0105cych<br \/>\ns\u0142owach:<br \/>\n<i><b>Nie<br \/>\nb\u0119dzie tam lwa, ni zwierz najdzikszy nie wst\u0105pi na ni\u0105 ani si\u0119<br \/>\nnie znajdzie, ale tamt\u0119dy p\u00f3jd\u0105 wyzwoleni i odkupieni przez Pana<br \/>\npowr\u00f3c\u0105. Przyb\u0119d\u0105 na Syjon z radosnym<\/b><\/i><b><br \/>\n<\/b><i><b>\u015bpiewem,<br \/>\nze szcz\u0119\u015bciem wiecznym na twarzach. Osi\u0105gn\u0105 rado\u015b\u0107 i szcz\u0119\u015bcie,<br \/>\nust\u0105pi smutek i wzdychanie.<\/b><\/i><b><br \/>\n<\/b>\n<\/div>\n<div align=\"justify\" style=\"line-height: 150%; margin-bottom: 0cm; text-indent: 1.24cm;\">\nTo<br \/>\njest w\u0142a\u015bnie uzasadnieniem odwagi, jaka zawsze powinna go\u015bci\u0107 w<br \/>\nsercach ludzi, blisko zwi\u0105zanych z Bogiem. Dzi\u0119ki tej odwadze<br \/>\nprzestan\u0105 by\u0107 oni owymi \u201ema\u0142odusznymi\u201d, a stan\u0105 si\u0119 <b>lud\u017ami<br \/>\nprawdziwie wielkimi, wr\u0119cz niezwyk\u0142ymi, oryginalnymi.<\/b><br \/>\nA takich ludzi \u2013 niezwyk\u0142ych \u2013 sta\u0107 tak\u017ce na <b>niezwyk\u0142e<br \/>\npomys\u0142y i niezwyk\u0142e dzia\u0142ania. <\/b>\n<\/div>\n<div align=\"justify\" style=\"line-height: 150%; margin-bottom: 0cm; text-indent: 1.24cm;\">\nZ<br \/>\npewno\u015bci\u0105, takim niezwyk\u0142ym dzia\u0142aniem by\u0142o <b>\u201ewtarganie\u201d<br \/>\nna dach <\/b><b>domu<\/b><b><br \/>\n\u0142o\u017ca<\/b><br \/>\nz chorym cz\u0142owiekiem i nast\u0119pnie <b>spuszczenie<br \/>\ntego\u017c \u0142o\u017ca<\/b><br \/>\n\u2013 w\u0142a\u015bnie przez odkryty dach \u2013 przed samego Jezusa. Kochani,<br \/>\nczy czytaj\u0105c lub s\u0142uchaj\u0105c tej ewangelicznej historii,<br \/>\npr\u00f3bowali\u015bmy kiedykolwiek<br \/>\n<b>wyobrazi\u0107<br \/>\nj\u0105 sobie? <\/b>\n<\/div>\n<div align=\"justify\" style=\"line-height: 150%; margin-bottom: 0cm; text-indent: 1.24cm;\">\nOto<br \/>\nJezus w \u015brodku jakiego\u015b domu, naucza zebranych. Tych zebranych jest<br \/>\ntyle, \u017ce dom \u201ep\u0119ka w szwach\u201d. Ekipa nios\u0105ca \u0142o\u017ce na pewno<br \/>\n<b>pr\u00f3buje<br \/>\nsi\u0119 przez ten t\u0142um jako\u015b przedosta\u0107, <\/b>dlatego<br \/>\n\u2013 tak to sobie mo\u017cemy wyobrazi\u0107 \u2013 przeprasza zgromadzonych,<br \/>\npr\u00f3buj\u0105c utorowa\u0107 sobie przej\u015bcie. Jednak nie przynosi to \u017cadnego<br \/>\nefektu, <b>bo<br \/>\nnikt nie chce ust\u0105pi\u0107!<\/b><\/p>\n<\/div>\n<div align=\"justify\" style=\"line-height: 150%; margin-bottom: 0cm; text-indent: 1.24cm;\">\nPrzecie\u017c<br \/>\nka\u017cdy tu przyszed\u0142 dok\u0142adnie po to, aby by\u0107 jak najbli\u017cej<br \/>\nJezusa. I <b>ka\u017cdy<br \/>\nma swoje jakie\u015b problemy czy bol\u0105czki,<\/b><br \/>\ndlaczego wi\u0119c mia\u0142by przepuszcza\u0107 akurat tego cz\u0142owieka? Owszem,<br \/>\nwida\u0107, \u017ce jest chory, \u017ce le\u017cy na noszach. Ale \u2013 jako rzekli\u015bmy<br \/>\n\u2013 <b>ka\u017cdy<br \/>\nna co\u015b cierpi<\/b><br \/>\ni ka\u017cdy chcia\u0142by z tym swoim \u201eczym\u015b\u201d jako\u015b si\u0119 do Jezusa<br \/>\ndopcha\u0107, dlatego<br \/>\nnie ma co liczy\u0107 na to, \u017ce kto\u015b ust\u0105pi.<\/p>\n<\/div>\n<div align=\"justify\" style=\"line-height: 150%; margin-bottom: 0cm; text-indent: 1.24cm;\">\nEkipa<br \/>\nzatem jasno u\u015bwiadamia sobie, \u017ce jest problem. Odbywa si\u0119 zapewne<br \/>\nnarada, w trakcie<br \/>\nkt\u00f3rej<br \/>\n\u2013 by\u0107 mo\u017ce \u2013 pojawiaj\u0105ce si\u0119 propozycje zrezygnowania z<br \/>\nca\u0142ego przedsi\u0119wzi\u0119cia <b>zostaj\u0105<br \/>\nostatecznie \u201eprzeg\u0142osowane\u201d propozycj\u0105 inn\u0105\u2026<\/b><br \/>\nSpojrzenia ekipy kieruj\u0105<br \/>\nsi\u0119 ku<br \/>\ndachowi<br \/>\n\u2013 mo\u017ce to jest jakie\u015b wyj\u015bcie? A dok\u0142adniej: wej\u015bcie?\u2026<br \/>\nChwila narady \u2013 i ekipa rusza.\n<\/div>\n<div align=\"justify\" style=\"line-height: 150%; margin-bottom: 0cm; text-indent: 1.24cm;\">\nTrudno<br \/>\nzapewne opisa\u0107, jak docieraj\u0105 na dach i staj\u0105 dok\u0142adnie nad<br \/>\nmiejscem, gdzie jest Jezus, natomiast mo\u017cemy sobie z ca\u0142\u0105<br \/>\npewno\u015bci\u0105 <b>wyobrazi\u0107<br \/>\nminy ludzi, b\u0119d\u0105cych najbli\u017cej Jezusa,<\/b><br \/>\nkiedy stwierdzili, \u017ce dach nad ich g\u0142owami zaczyna si\u0119 odkrywa\u0107 i<br \/>\nprzez powi\u0119kszaj\u0105cy si\u0119 coraz bardziej otw\u00f3r wida\u0107 nie tylko<br \/>\nniebo, ale i <b>sylwetki<br \/>\npracowitych \u201eodkrywc\u00f3w\u201d.<\/b><br \/>\nSpore to musia\u0142o by\u0107 zdziwienie na twarzach wszystkich, ale z<br \/>\npewno\u015bci\u0105 by\u0142o ono jeszcze wi\u0119ksze, kiedy przez powsta\u0142y otw\u00f3r<br \/>\nnagle \u2013 centralnie, przed samym Jezusem \u2013 <b>zacz\u0119\u0142y<br \/>\nsi\u0119, na ich oczach, opuszcza\u0107 nosze, z le\u017c\u0105cym na\u0144 cz\u0142owiekiem.<br \/>\n<\/b>\n<\/div>\n<div align=\"justify\" style=\"line-height: 150%; margin-bottom: 0cm; text-indent: 1.24cm;\">\nPrzyznaj\u0119,<br \/>\n\u017ce twarze patrz\u0105cych na to s\u0142uchaczy Jezusa bardzo chcia\u0142bym<br \/>\nzobaczy\u0107. Bo musia\u0142y mie\u0107 one <b>niezwyk\u0142y<br \/>\nwyraz<\/b><br \/>\n\u2013 tak, jak niezwyk\u0142e by\u0142o to, co zobaczyli! Dlaczego za\u015b<br \/>\ntak<br \/>\nobszernie opisuj\u0119 tutaj swoje wyobra\u017cenie ca\u0142ej tej sceny?\n<\/div>\n<div align=\"justify\" style=\"line-height: 150%; margin-bottom: 0cm; text-indent: 1.24cm;\">\nBo<br \/>\nmy\u015bl\u0119, \u017ce doskonale pokazuje ona <b>dzia\u0142anie<br \/>\nludzi odwa\u017cnych! Bardzo odwa\u017cnych!<\/b><br \/>\nOdwa\u017cnych, pomys\u0142owych, oryginalnych!<br \/>\nA do tego \u2013 i to ju\u017c jest opinia samego Jezusa \u2013 <b>bardzo<br \/>\ng\u0142\u0119boko wierz\u0105cych!<\/b><br \/>\nIch postawa jest po prostu przyk\u0142adem konkretnie zrealizowanej<br \/>\nzach\u0119ty Izajasza: <i><b>Odwagi!<br \/>\nNie b\u00f3jcie si\u0119! Oto wasz B\u00f3g\u2026<\/b><\/i><b><br \/>\n<\/b>Tak<br \/>\nw\u0142a\u015bnie wygl\u0105da postawa ludzi odwa\u017cnych. I to <b>przez<br \/>\ntakich ludzi B\u00f3g mo\u017ce realizowa\u0107 zbawienie,<\/b><br \/>\nmo\u017ce przemienia\u0107 oblicze tego \u015bwiata.\n<\/div>\n<div align=\"justify\" style=\"line-height: 150%; margin-bottom: 0cm; text-indent: 1.24cm;\">\nJednak<br \/>\nna tle tej ich pi\u0119knej postawy jak\u017ce ostro wida\u0107 kontrastuj\u0105cy z<br \/>\nni\u0105 zupe\u0142nie \u2013 <b>cynizm<br \/>\nuczonych w Pi\u015bmie i faryzeuszy,<\/b><br \/>\nkt\u00f3rzy akurat tam byli. A swoj\u0105 drog\u0105, to te\u017c ciekawe zjawisko:<br \/>\nt\u0142um w domu ogromny; wielu tych, kt\u00f3rzy ze szczerego serca chcieli<br \/>\nspotka\u0107 si\u0119 z Jezusem i znale\u017a\u0107 si\u0119 przy Nim,<br \/>\nnie mog\u0142o tego uczyni\u0107, <b>ale<br \/>\nci jako\u015b si\u0119 dostali!<\/b><br \/>\n<b>I<br \/>\nmiejsce si\u0119 dla nich znalaz\u0142o!<\/b><br \/>\nCiekawe, prawda?\n<\/div>\n<div align=\"justify\" style=\"line-height: 150%; margin-bottom: 0cm; text-indent: 1.24cm;\">\nZw\u0142aszcza,<br \/>\nje\u015bli u\u015bwiadomimy sobie, \u017ce z tej blisko\u015bci Jezusa w \u017caden<br \/>\nspos\u00f3b nie skorzystali, bo <b>nie<br \/>\nprzyszli tam, aby si\u0119 czego\u015b nauczy\u0107, albo z czego\u015b wyleczy\u0107<\/b><br \/>\n\u2013 chocia\u017cby ze swojej pychy \u2013 ale po to, by z Jezusem walczy\u0107,<br \/>\nby Go na jakim\u015b s\u0142owie \u201eprzy\u0142apa\u0107\u201d. To <b>ludzie<br \/>\nmali, zakompleksieni, <\/b>a<br \/>\npewnie te\u017c bardzo <b>wewn\u0119trznie<br \/>\nzal\u0119knieni <\/b>\u2013<br \/>\nzal\u0119knieni o utrat\u0119 swojej pozycji spo\u0142ecznej i wydumanego<br \/>\nznaczenia u ludzi.\n<\/div>\n<div align=\"justify\" style=\"line-height: 150%; margin-bottom: 0cm; text-indent: 1.24cm;\">\nNa<br \/>\ntle ich ma\u0142o\u015bci i pod\u0142o\u015bci <b>tym<br \/>\nja\u015bniej wybija si\u0119 odwaga<\/b><br \/>\ntych, kt\u00f3rzy pokonali wszelkie przeszkody \u2013 zar\u00f3wno te<br \/>\nwewn\u0119trzne, w postaci r\u00f3\u017cnych obaw, jak i te zewn\u0119trzne,<br \/>\narchitektoniczne \u2013 aby chorego cz\u0142owieka przynie\u015b\u0107 jednak przed<br \/>\noblicze Jezusa. Fina\u0142 ca\u0142ej sprawy by\u0142 potwierdzeniem s\u0142uszno\u015bci<br \/>\npodj\u0119tego przez nich dzia\u0142ania.\n<\/div>\n<div align=\"justify\" style=\"line-height: 150%; margin-bottom: 0cm; text-indent: 1.24cm;\">\nJestem,<br \/>\nmoi Drodzy, g\u0142\u0119boko<br \/>\nprzekonany, \u017ce<br \/>\n<b>ich<br \/>\npostawa daje nam co\u015b do my\u015blenia,<\/b><br \/>\nje\u015bli idzie o nasze adwentowe \u2013 i nie tylko adwentowe \u2013 duchowe<br \/>\nzmagania\u2026<\/div>\n<div align=\"justify\" style=\"line-height: 150%; margin-bottom: 0cm; text-indent: 1.24cm;\">\nA<br \/>\nmy\u015bl\u0119, \u017ce wiele mo\u017ce nam da\u0107 tak\u017ce do my\u015blenia <b>postawa<br \/>\njeszcze jednego, odwa\u017cnego cz\u0142owieka<\/b><br \/>\n\u2013 odwa\u017cnego, gdy idzie o totalne zaufanie do Jezusa i pod\u0105\u017canie<br \/>\nza Nim po naprawd\u0119 ciekawych drogach \u017cycia. M\u00f3wimy tu o Patronie<br \/>\ndnia dzisiejszego, <b>\u015awi\u0119tym<br \/>\nAmbro\u017cym, Biskupie Mediolanu. <\/b>\n<\/div>\n<div align=\"justify\" style=\"line-height: 150%; margin-bottom: 0cm; text-indent: 1.25cm;\">\nUrodzi\u0142<br \/>\nsi\u0119 on<b> <\/b><b>w<br \/>\nTrewirze, oko\u0142o roku 340, <\/b>w rodzinie rzymskiej. Studiowa\u0142 w<br \/>\nRzymie, karier\u0119 pa\u0144stwow\u0105 rozpocz\u0105\u0142 w Srijem, w dzisiejszej<br \/>\nJugos\u0142awii. W roku 374, gdy przebywa\u0142 w Mediolanie, zosta\u0142<br \/>\n<b>nieoczekiwanie wybrany <\/b><b>B<\/b><b>iskupem tego miasta i<br \/>\nprzyj\u0105\u0142 sakr\u0119 biskupi\u0105 7 grudnia tego\u017c roku.<\/b> Od razu rozda\u0142<br \/>\nubogim ca\u0142y sw\u00f3j maj\u0105tek. I zaj\u0105\u0142 si\u0119 <b>g\u0142oszeniem przy<br \/>\nka\u017cdej okazji <\/b><b>s<\/b><b>\u0142owa Bo\u017cego,<\/b> uwa\u017caj\u0105c to za<br \/>\nsw\u00f3j podstawowy pasterski obowi\u0105zek. Sam r\u00f3wnie\u017c w ka\u017cdy Wielki<br \/>\nPost przygotowywa\u0142 osobi\u015bcie katechumen\u00f3w na przyj\u0119cie w Wigili\u0119<br \/>\nPaschaln\u0105 Chrztu \u015awi\u0119tego.\n<\/div>\n<div align=\"justify\" style=\"line-height: 150%; margin-bottom: 0cm; text-indent: 1.25cm;\">\nW<br \/>\nrz\u0105dach by\u0142 \u0142agodny, spokojny, rozwa\u017cny, sprawiedliwy, \u017cyczliwy.<br \/>\n<b>Kap\u0142ani mieli wi\u0119c w swoim <\/b><b>B<\/b><b>iskupie najpi\u0119kniejszy<br \/>\nwz\u00f3r dobrego pasterza!<\/b> Da\u0142 si\u0119 pozna\u0107 jako pasterz rozwa\u017cny,<br \/>\nwra\u017cliwy na krzywd\u0119 ludzk\u0105. Wyr\u00f3\u017cnia\u0142 si\u0119 siln\u0105 wol\u0105,<br \/>\npoczuciem \u0142adu, zmys\u0142em praktycznym. Idea\u0142em przy\u015bwiecaj\u0105cym<br \/>\ndzia\u0142alno\u015bci \u015awi\u0119tego Biskupa <b>by\u0142o pa\u0144stwo, w kt\u00f3rym<br \/>\nKo\u015bci\u00f3\u0142 i w\u0142adza \u015bwiecka wzajemnie udzielaj\u0105 sobie pomocy, a<br \/>\nwiara spaja cesarstwo.<\/b>\n<\/div>\n<div align=\"justify\" style=\"line-height: 150%; margin-bottom: 0cm; text-indent: 1.25cm;\">\nZ<br \/>\nkolei, dla odpowiedniego przygotowania duchowie\u0144stwa diecezjalnego,<br \/>\nza\u0142o\u017cy\u0142 seminarium \u2013 klasztor \u2013 tu\u017c za murami miasta. \u017byciu<br \/>\nprzebywaj\u0105cych tam kap\u0142an\u00f3w nada\u0142 regu\u0142\u0119. <b>Sam te\u017c cz\u0119sto<br \/>\nich nawiedza\u0142 i przebywa\u0142 z nimi.<\/b> Bra\u0142 ch\u0119tnie udzia\u0142 w<br \/>\nlicznych synodach, szczeg\u00f3lnie wtedy, gdy trzeba by\u0142o zwalcza\u0107<br \/>\nb\u0142\u0119dy arian.\n<\/div>\n<div align=\"justify\" style=\"line-height: 150%; margin-bottom: 0cm; text-indent: 1.25cm;\">\nCieszy\u0142<br \/>\nsi\u0119 ogromnym autorytetem. Potwierdzeniem tego jest fakt, \u017ce kiedy<br \/>\n<b>cesarz Teodozjusz Wielki w 390 roku krwawo st\u0142umi\u0142 zamieszki w<br \/>\nTesalonikach, <\/b>morduj\u0105c siedem tysi\u0119cy ludzi, Ambro\u017cy<br \/>\nwystosowa\u0142 do niego list pe\u0142en czci, ale i wyrzutu, prosz\u0105c<br \/>\nTeodozjusza, aby za t\u0119 publiczn\u0105, g\u0142o\u015bn\u0105 zbrodni\u0119 <b>p<\/b><b>od<\/b><b>j\u0105\u0142<br \/>\npubliczn\u0105 pokut\u0119. <\/b>I \u2013 o<br \/>\ndziwo! \u2013<b> cesarz pokut\u0119 wyznaczon\u0105 przyj\u0105\u0142 <\/b>i<br \/>\nprzez trzy miesi\u0105ce nie wst\u0119powa\u0142 do ko\u015bcio\u0142a (jako grzesznik).<br \/>\nPod wp\u0142ywem kaza\u0144 \u015awi\u0119tego Ambro\u017cego nawr\u00f3ci\u0142 si\u0119<br \/>\nprzecie\u017c tak\u017ce \u015awi\u0119ty Augustyn! Zmar\u0142<br \/>\nnasz dzisiejszy Patron <b>w Wielk\u0105 Sobot\u0119, dnia 4 kwietnia<br \/>\n397 roku.<\/b><\/div>\n<div align=\"justify\" style=\"line-height: 150%; margin-bottom: 0cm; text-indent: 1.25cm;\">\nO<br \/>\njego duchowo\u015bci, m\u0105dro\u015bci, g\u0142\u0119bokiej wierze \u2013 i w og\u00f3le, o<br \/>\nsposobie my\u015blenia \u2013 niech \u015bwiadczy fragment listu, jaki skierowa\u0142<br \/>\ndo biskupa Konstancjusza. W li\u015bcie tym czytamy:\n<\/div>\n<div align=\"justify\" style=\"line-height: 150%; margin-bottom: 0cm; text-indent: 1.25cm;\">\n\u201ePrzyj\u0105\u0142e\u015b<br \/>\nurz\u0105d kap\u0142a\u0144ski i siedz\u0105c przy sterze Ko\u015bcio\u0142a przeprowadzasz<br \/>\nten statek przez wiry morskie. <b>Trzymaj wi\u0119c mocno ster wiary,<br \/>\naby\u015b si\u0119 nie podda\u0142 pot\u0119\u017cnym falom nawa\u0142nic tego \u015bwiata!<\/b><br \/>\nWielkie to i rozleg\u0142e morze, ale si\u0119 go nie l\u0119kaj! [\u2026] Jest<br \/>\npewne, \u017ce w\u015br\u00f3d zmiennego \u015bwiata Ko\u015bci\u00f3\u0142 Pana, zbudowany na<br \/>\nfundamencie Aposto\u0142\u00f3w, <b>pozostaje na nim niewzruszony<\/b> \u2013<br \/>\nmimo i\u017c wko\u0142o niego burzy si\u0119 rozp\u0119tane morze. Uderzaj\u0105 we\u0144<br \/>\nfale, lecz nie mog\u0105 nim zachwia\u0107, a chocia\u017c cz\u0119sto pr\u0105dy \u015bwiata<br \/>\nz szumem rozbijaj\u0105 si\u0119 o niego, <b>pozostaje on dla wszystkich<br \/>\nzbawiennym i bezpiecznym portem.<\/b> [\u2026]\n<\/div>\n<div align=\"justify\" style=\"line-height: 150%; margin-bottom: 0cm; text-indent: 1.25cm;\">\nNiech<br \/>\nwi\u0119c Twoje s\u0142owa p\u0142yn\u0105 obficie, niech b\u0119d\u0105 <b>przejrzyste i<br \/>\njasne.<\/b> W ten spos\u00f3b dasz Twojemu ludowi pouczenie, kt\u00f3re go<br \/>\npoci\u0105gnie, a lud ten urzeczony tym, co m\u00f3wisz, <b>p\u00f3jdzie za Tob\u0105<br \/>\nz dobrej woli <\/b>tam, dok\u0105d go prowadzisz. Twoje s\u0142owa niech b\u0119d\u0105<br \/>\npe\u0142ne tre\u015bci. [\u2026] <b>Niech to, co m\u00f3wisz, b\u0119dzie oczywiste i<br \/>\nzrozumia\u0142e samo przez si\u0119,<\/b> a wtedy twoje wywody nie b\u0119d\u0105<br \/>\npotrzebowa\u0142y innego jeszcze uzasadnienia, lecz b\u0119d\u0105 same w sobie<br \/>\ndowodem. I niech nie wychodzi z twoich ust <b>\u017cadne s\u0142owo<br \/>\nzawieszone w pr\u00f3\u017cni i pozbawione znaczenia.\u201d<\/b> M\u0105dre, prawda?<\/div>\n<div align=\"justify\" style=\"line-height: 150%; margin-bottom: 0cm; text-indent: 1.25cm;\">\nMaj\u0105c<br \/>\nna uwadze te s\u0142owa Ambro\u017cego, jak i \u015bwiadectwo ca\u0142ego jego \u017cycia,<br \/>\njak wreszcie przes\u0142anie dzisiejszego Bo\u017cego s\u0142owa, pomy\u015blmy:<\/div>\n<div align=\"justify\" style=\"line-height: 150%; margin-bottom: 0cm;\">\n\u2013 Czy<br \/>\nmog\u0119 o sobie powiedzie\u0107, \u017ce jestem chrze\u015bcijaninem odwa\u017cnym \u2013<br \/>\ni co o tym \u015bwiadczy?<\/div>\n<div align=\"justify\" style=\"line-height: 150%; margin-bottom: 0cm;\">\n\u2013 Ile<br \/>\njest chrze\u015bcija\u0144skiego radykalizmu w moich postanowieniach i<br \/>\ndzia\u0142aniach?<\/div>\n<div align=\"justify\" style=\"line-height: 150%; margin-bottom: 0cm;\">\n\u2013 Jakie<br \/>\nobawy, kompleksy \u2013 czy inne, duchowe przeszkody \u2013 utrudniaj\u0105 mi<br \/>\nkontakt z Bogiem?<\/div>\n<p><\/p>\n<div align=\"justify\" style=\"line-height: 150%; margin-bottom: 0cm;\">\n<i><b>Wtedy<br \/>\nzdumienie ogarn\u0119\u0142o wszystkich; wielbili Boga i pe\u0142ni boja\u017ani<br \/>\nm\u00f3wili: \u201ePrzedziwne rzeczy widzieli\u015bmy dzisiaj!\u201d<\/b><\/i><\/div>\n","protected":false},"excerpt":{"rendered":"<p>Szcz\u0119\u015b\u0107 Bo\u017ce! Moi Drodzy, w dniu dzisiejszym imieniny obchodzi m\u00f3j Kolega i by\u0142y Wsp\u00f3\u0142pracownik z Wydzia\u0142u Prawa KUL, Ojciec Profesor Ambro\u017cy Skorupa, salwatorianin. \u017bycz\u0119 Drogiemu Solenizantowi, aby by\u0142 zawsze tak odwa\u017cny i dynamiczny, jak Jego Patron. O to b\u0119d\u0119 prosi\u0142 w modlitwie.&nbsp; &nbsp; &nbsp; &nbsp; A przy okazji, dowiedzia\u0142em si\u0119 wczoraj, \u017ce w\u0142a\u015bnie wczoraj swoje [&hellip;]<\/p>\n","protected":false},"author":1,"featured_media":0,"comment_status":"open","ping_status":"open","sticky":false,"template":"","format":"standard","meta":{"jetpack_post_was_ever_published":false,"_jetpack_newsletter_access":"","_jetpack_dont_email_post_to_subs":false,"_jetpack_newsletter_tier_id":0,"_jetpack_memberships_contains_paywalled_content":false,"_jetpack_memberships_contains_paid_content":false,"footnotes":""},"categories":[1],"tags":[],"class_list":["post-8187","post","type-post","status-publish","format-standard","hentry","category-bez-kategorii"],"yoast_head":"<!-- This site is optimized with the Yoast SEO plugin v25.1 - https:\/\/yoast.com\/wordpress\/plugins\/seo\/ -->\n<title>Do Jezusa - cho\u0107by przez dach! - Gaudium Et Spes<\/title>\n<meta name=\"robots\" content=\"index, follow, max-snippet:-1, max-image-preview:large, max-video-preview:-1\" \/>\n<link rel=\"canonical\" href=\"https:\/\/gaudiumetspes-blog.pl\/index.php\/2015\/12\/07\/do-jezusa-chocby-przez-dac-2\/\" \/>\n<meta property=\"og:locale\" content=\"pl_PL\" \/>\n<meta property=\"og:type\" content=\"article\" \/>\n<meta property=\"og:title\" content=\"Do Jezusa - cho\u0107by przez dach! - Gaudium Et Spes\" \/>\n<meta property=\"og:description\" content=\"Szcz\u0119\u015b\u0107 Bo\u017ce! Moi Drodzy, w dniu dzisiejszym imieniny obchodzi m\u00f3j Kolega i by\u0142y Wsp\u00f3\u0142pracownik z Wydzia\u0142u Prawa KUL, Ojciec Profesor Ambro\u017cy Skorupa, salwatorianin. \u017bycz\u0119 Drogiemu Solenizantowi, aby by\u0142 zawsze tak odwa\u017cny i dynamiczny, jak Jego Patron. O to b\u0119d\u0119 prosi\u0142 w modlitwie.&nbsp; &nbsp; &nbsp; &nbsp; A przy okazji, dowiedzia\u0142em si\u0119 wczoraj, \u017ce w\u0142a\u015bnie wczoraj swoje [&hellip;]\" \/>\n<meta property=\"og:url\" content=\"https:\/\/gaudiumetspes-blog.pl\/index.php\/2015\/12\/07\/do-jezusa-chocby-przez-dac-2\/\" \/>\n<meta property=\"og:site_name\" content=\"Gaudium Et Spes\" \/>\n<meta property=\"article:published_time\" content=\"2015-12-07T04:44:00+00:00\" \/>\n<meta property=\"article:modified_time\" content=\"2019-07-31T10:55:56+00:00\" \/>\n<meta name=\"author\" content=\"Ks. Jacek\" \/>\n<meta name=\"twitter:card\" content=\"summary_large_image\" \/>\n<meta name=\"twitter:label1\" content=\"Napisane przez\" \/>\n\t<meta name=\"twitter:data1\" content=\"Ks. Jacek\" \/>\n\t<meta name=\"twitter:label2\" content=\"Szacowany czas czytania\" \/>\n\t<meta name=\"twitter:data2\" content=\"12 minut\" \/>\n<script type=\"application\/ld+json\" class=\"yoast-schema-graph\">{\"@context\":\"https:\/\/schema.org\",\"@graph\":[{\"@type\":\"WebPage\",\"@id\":\"https:\/\/gaudiumetspes-blog.pl\/index.php\/2015\/12\/07\/do-jezusa-chocby-przez-dac-2\/\",\"url\":\"https:\/\/gaudiumetspes-blog.pl\/index.php\/2015\/12\/07\/do-jezusa-chocby-przez-dac-2\/\",\"name\":\"Do Jezusa - cho\u0107by przez dach! - Gaudium Et Spes\",\"isPartOf\":{\"@id\":\"https:\/\/gaudiumetspes-blog.pl\/#website\"},\"datePublished\":\"2015-12-07T04:44:00+00:00\",\"dateModified\":\"2019-07-31T10:55:56+00:00\",\"author\":{\"@id\":\"https:\/\/gaudiumetspes-blog.pl\/#\/schema\/person\/1661982992b752dea8dff0d4ed845a65\"},\"breadcrumb\":{\"@id\":\"https:\/\/gaudiumetspes-blog.pl\/index.php\/2015\/12\/07\/do-jezusa-chocby-przez-dac-2\/#breadcrumb\"},\"inLanguage\":\"pl-PL\",\"potentialAction\":[{\"@type\":\"ReadAction\",\"target\":[\"https:\/\/gaudiumetspes-blog.pl\/index.php\/2015\/12\/07\/do-jezusa-chocby-przez-dac-2\/\"]}]},{\"@type\":\"BreadcrumbList\",\"@id\":\"https:\/\/gaudiumetspes-blog.pl\/index.php\/2015\/12\/07\/do-jezusa-chocby-przez-dac-2\/#breadcrumb\",\"itemListElement\":[{\"@type\":\"ListItem\",\"position\":1,\"name\":\"Strona g\u0142\u00f3wna\",\"item\":\"https:\/\/gaudiumetspes-blog.pl\/\"},{\"@type\":\"ListItem\",\"position\":2,\"name\":\"Do&nbsp;Jezusa &#8211; cho\u0107by przez&nbsp;dach!\"}]},{\"@type\":\"WebSite\",\"@id\":\"https:\/\/gaudiumetspes-blog.pl\/#website\",\"url\":\"https:\/\/gaudiumetspes-blog.pl\/\",\"name\":\"Gaudium Et Spes\",\"description\":\"Blog Ks. Jacka Ja\u015bkowskiego\",\"potentialAction\":[{\"@type\":\"SearchAction\",\"target\":{\"@type\":\"EntryPoint\",\"urlTemplate\":\"https:\/\/gaudiumetspes-blog.pl\/?s={search_term_string}\"},\"query-input\":{\"@type\":\"PropertyValueSpecification\",\"valueRequired\":true,\"valueName\":\"search_term_string\"}}],\"inLanguage\":\"pl-PL\"},{\"@type\":\"Person\",\"@id\":\"https:\/\/gaudiumetspes-blog.pl\/#\/schema\/person\/1661982992b752dea8dff0d4ed845a65\",\"name\":\"Ks. Jacek\",\"image\":{\"@type\":\"ImageObject\",\"inLanguage\":\"pl-PL\",\"@id\":\"https:\/\/gaudiumetspes-blog.pl\/#\/schema\/person\/image\/\",\"url\":\"https:\/\/gaudiumetspes-blog.pl\/wp-content\/uploads\/2019\/07\/avatar-JJ-150x150.jpg\",\"contentUrl\":\"https:\/\/gaudiumetspes-blog.pl\/wp-content\/uploads\/2019\/07\/avatar-JJ-150x150.jpg\",\"caption\":\"Ks. Jacek\"},\"description\":\"Witam serdecznie! K\u0142ania si\u0119 Ks. Jacek Ja\u015bkowski. Nie jestem ani kim\u015b wa\u017cnym, ani kim\u015b znanym. Jestem ksi\u0119dzem, kt\u00f3ry po prostu chce rozmawia\u0107. Codzienna kap\u0142a\u0144ska pos\u0142uga pokazuje mi, \u017ce temat\u00f3w do rozm\u00f3w z ksi\u0119dzem jest coraz wi\u0119cej i dzisiaj \u017caden ksi\u0105dz nie mo\u017ce od nich ucieka\u0107, ale - wprost przeciwnie - podejmowa\u0107 nowe wyzwania. To przekonanie sk\u0142oni\u0142o mnie do pr\u00f3by otwarcia tego\u017c bloga, chocia\u017c okazji do rozm\u00f3w na co dzie\u0144 - w konfesjonale i poza nim - na szcz\u0119\u015bcie nie brakuje. My\u015bl\u0119 jednak, \u017ce ten blog b\u0119dzie jeszcze jednym sposobem i przestrzeni\u0105 nawi\u0105zania kontaktu z lud\u017ami dobrej woli, otwartymi na dialog.\",\"url\":\"https:\/\/gaudiumetspes-blog.pl\/index.php\/author\/ks-jacek\/\"}]}<\/script>\n<!-- \/ Yoast SEO plugin. -->","yoast_head_json":{"title":"Do Jezusa - cho\u0107by przez dach! - Gaudium Et Spes","robots":{"index":"index","follow":"follow","max-snippet":"max-snippet:-1","max-image-preview":"max-image-preview:large","max-video-preview":"max-video-preview:-1"},"canonical":"https:\/\/gaudiumetspes-blog.pl\/index.php\/2015\/12\/07\/do-jezusa-chocby-przez-dac-2\/","og_locale":"pl_PL","og_type":"article","og_title":"Do Jezusa - cho\u0107by przez dach! - Gaudium Et Spes","og_description":"Szcz\u0119\u015b\u0107 Bo\u017ce! Moi Drodzy, w dniu dzisiejszym imieniny obchodzi m\u00f3j Kolega i by\u0142y Wsp\u00f3\u0142pracownik z Wydzia\u0142u Prawa KUL, Ojciec Profesor Ambro\u017cy Skorupa, salwatorianin. \u017bycz\u0119 Drogiemu Solenizantowi, aby by\u0142 zawsze tak odwa\u017cny i dynamiczny, jak Jego Patron. O to b\u0119d\u0119 prosi\u0142 w modlitwie.&nbsp; &nbsp; &nbsp; &nbsp; A przy okazji, dowiedzia\u0142em si\u0119 wczoraj, \u017ce w\u0142a\u015bnie wczoraj swoje [&hellip;]","og_url":"https:\/\/gaudiumetspes-blog.pl\/index.php\/2015\/12\/07\/do-jezusa-chocby-przez-dac-2\/","og_site_name":"Gaudium Et Spes","article_published_time":"2015-12-07T04:44:00+00:00","article_modified_time":"2019-07-31T10:55:56+00:00","author":"Ks. Jacek","twitter_card":"summary_large_image","twitter_misc":{"Napisane przez":"Ks. Jacek","Szacowany czas czytania":"12 minut"},"schema":{"@context":"https:\/\/schema.org","@graph":[{"@type":"WebPage","@id":"https:\/\/gaudiumetspes-blog.pl\/index.php\/2015\/12\/07\/do-jezusa-chocby-przez-dac-2\/","url":"https:\/\/gaudiumetspes-blog.pl\/index.php\/2015\/12\/07\/do-jezusa-chocby-przez-dac-2\/","name":"Do Jezusa - cho\u0107by przez dach! - Gaudium Et Spes","isPartOf":{"@id":"https:\/\/gaudiumetspes-blog.pl\/#website"},"datePublished":"2015-12-07T04:44:00+00:00","dateModified":"2019-07-31T10:55:56+00:00","author":{"@id":"https:\/\/gaudiumetspes-blog.pl\/#\/schema\/person\/1661982992b752dea8dff0d4ed845a65"},"breadcrumb":{"@id":"https:\/\/gaudiumetspes-blog.pl\/index.php\/2015\/12\/07\/do-jezusa-chocby-przez-dac-2\/#breadcrumb"},"inLanguage":"pl-PL","potentialAction":[{"@type":"ReadAction","target":["https:\/\/gaudiumetspes-blog.pl\/index.php\/2015\/12\/07\/do-jezusa-chocby-przez-dac-2\/"]}]},{"@type":"BreadcrumbList","@id":"https:\/\/gaudiumetspes-blog.pl\/index.php\/2015\/12\/07\/do-jezusa-chocby-przez-dac-2\/#breadcrumb","itemListElement":[{"@type":"ListItem","position":1,"name":"Strona g\u0142\u00f3wna","item":"https:\/\/gaudiumetspes-blog.pl\/"},{"@type":"ListItem","position":2,"name":"Do&nbsp;Jezusa &#8211; cho\u0107by przez&nbsp;dach!"}]},{"@type":"WebSite","@id":"https:\/\/gaudiumetspes-blog.pl\/#website","url":"https:\/\/gaudiumetspes-blog.pl\/","name":"Gaudium Et Spes","description":"Blog Ks. Jacka Ja\u015bkowskiego","potentialAction":[{"@type":"SearchAction","target":{"@type":"EntryPoint","urlTemplate":"https:\/\/gaudiumetspes-blog.pl\/?s={search_term_string}"},"query-input":{"@type":"PropertyValueSpecification","valueRequired":true,"valueName":"search_term_string"}}],"inLanguage":"pl-PL"},{"@type":"Person","@id":"https:\/\/gaudiumetspes-blog.pl\/#\/schema\/person\/1661982992b752dea8dff0d4ed845a65","name":"Ks. Jacek","image":{"@type":"ImageObject","inLanguage":"pl-PL","@id":"https:\/\/gaudiumetspes-blog.pl\/#\/schema\/person\/image\/","url":"https:\/\/gaudiumetspes-blog.pl\/wp-content\/uploads\/2019\/07\/avatar-JJ-150x150.jpg","contentUrl":"https:\/\/gaudiumetspes-blog.pl\/wp-content\/uploads\/2019\/07\/avatar-JJ-150x150.jpg","caption":"Ks. Jacek"},"description":"Witam serdecznie! K\u0142ania si\u0119 Ks. Jacek Ja\u015bkowski. Nie jestem ani kim\u015b wa\u017cnym, ani kim\u015b znanym. Jestem ksi\u0119dzem, kt\u00f3ry po prostu chce rozmawia\u0107. Codzienna kap\u0142a\u0144ska pos\u0142uga pokazuje mi, \u017ce temat\u00f3w do rozm\u00f3w z ksi\u0119dzem jest coraz wi\u0119cej i dzisiaj \u017caden ksi\u0105dz nie mo\u017ce od nich ucieka\u0107, ale - wprost przeciwnie - podejmowa\u0107 nowe wyzwania. To przekonanie sk\u0142oni\u0142o mnie do pr\u00f3by otwarcia tego\u017c bloga, chocia\u017c okazji do rozm\u00f3w na co dzie\u0144 - w konfesjonale i poza nim - na szcz\u0119\u015bcie nie brakuje. My\u015bl\u0119 jednak, \u017ce ten blog b\u0119dzie jeszcze jednym sposobem i przestrzeni\u0105 nawi\u0105zania kontaktu z lud\u017ami dobrej woli, otwartymi na dialog.","url":"https:\/\/gaudiumetspes-blog.pl\/index.php\/author\/ks-jacek\/"}]}},"jetpack_featured_media_url":"","jetpack_sharing_enabled":true,"_links":{"self":[{"href":"https:\/\/gaudiumetspes-blog.pl\/index.php\/wp-json\/wp\/v2\/posts\/8187","targetHints":{"allow":["GET"]}}],"collection":[{"href":"https:\/\/gaudiumetspes-blog.pl\/index.php\/wp-json\/wp\/v2\/posts"}],"about":[{"href":"https:\/\/gaudiumetspes-blog.pl\/index.php\/wp-json\/wp\/v2\/types\/post"}],"author":[{"embeddable":true,"href":"https:\/\/gaudiumetspes-blog.pl\/index.php\/wp-json\/wp\/v2\/users\/1"}],"replies":[{"embeddable":true,"href":"https:\/\/gaudiumetspes-blog.pl\/index.php\/wp-json\/wp\/v2\/comments?post=8187"}],"version-history":[{"count":1,"href":"https:\/\/gaudiumetspes-blog.pl\/index.php\/wp-json\/wp\/v2\/posts\/8187\/revisions"}],"predecessor-version":[{"id":12389,"href":"https:\/\/gaudiumetspes-blog.pl\/index.php\/wp-json\/wp\/v2\/posts\/8187\/revisions\/12389"}],"wp:attachment":[{"href":"https:\/\/gaudiumetspes-blog.pl\/index.php\/wp-json\/wp\/v2\/media?parent=8187"}],"wp:term":[{"taxonomy":"category","embeddable":true,"href":"https:\/\/gaudiumetspes-blog.pl\/index.php\/wp-json\/wp\/v2\/categories?post=8187"},{"taxonomy":"post_tag","embeddable":true,"href":"https:\/\/gaudiumetspes-blog.pl\/index.php\/wp-json\/wp\/v2\/tags?post=8187"}],"curies":[{"name":"wp","href":"https:\/\/api.w.org\/{rel}","templated":true}]}}