{"id":8233,"date":"2015-10-22T04:04:00","date_gmt":"2015-10-22T02:04:00","guid":{"rendered":"https:\/\/gaudiumetspes-blog.pl\/index.php\/2015\/10\/22\/znakomity-syn-narodu-polskiego\/"},"modified":"2019-07-31T12:55:50","modified_gmt":"2019-07-31T10:55:50","slug":"znakomity-syn-narodu-polskiego","status":"publish","type":"post","link":"https:\/\/gaudiumetspes-blog.pl\/index.php\/2015\/10\/22\/znakomity-syn-narodu-polskiego\/","title":{"rendered":"Znakomity Syn narodu polskiego!"},"content":{"rendered":"<div align=\"justify\" style=\"line-height: 150%; margin-bottom: 0cm;\">\nSzcz\u0119\u015b\u0107 Bo\u017ce! Moi Drodzy, w dniu dzisiejszym<b> Ksi\u0105dz Andrzej Kuflikowski, Proboszcz Parafii \u015awi\u0119tego Ojca Pio w Warszawie &#8211; i m\u00f3j by\u0142y Proboszcz &#8211; prze\u017cywa pi\u0119\u0107dziesi\u0105te urodziny. Z tej okazji \u017cycz\u0119 &#8211; i modl\u0119 si\u0119 o to &#8211; aby ka\u017cdy dzie\u0144 jego \u017cycia by\u0142 nowym i pi\u0119knym \u015bwiadectwem g\u0142\u0119bokiej wiary i kap\u0142a\u0144skiej gorliwo\u015bci.<\/b><\/div>\n<div align=\"justify\" style=\"line-height: 150%; margin-bottom: 0cm;\">\n<b>&nbsp; &nbsp; &nbsp; &nbsp;Z serdecznymi \u017cyczeniami, tak\u017ce urodzinowymi, spiesz\u0119 r\u00f3wnie\u017c do Bartka Przybysza z Parafii w Tr\u0105bkach, Cz\u0142onka jednej z moich Wsp\u00f3lnot M\u0142odzie\u017cowych. Modl\u0119 si\u0119 dla Niego o to, by wszystko w Jego \u017cyciu zawsze uk\u0142ada\u0142o si\u0119 po my\u015bli Bo\u017cej.<\/b><\/div>\n<div align=\"justify\" style=\"line-height: 150%; margin-bottom: 0cm;\">\n<b>&nbsp; &nbsp; &nbsp;Wzywam nad Drogimi Jubilatami wstawiennictwa Patrona dnia dzisiejszego, \u015awi\u0119tego Jana Paw\u0142a II.&nbsp;<\/b><\/div>\n<div align=\"justify\" style=\"line-height: 150%; margin-bottom: 0cm;\">\n<b>&nbsp; &nbsp; &nbsp; &nbsp;<\/b>A jednocze\u015bnie powierzam Jego wstawiennictwu Synod Biskup\u00f3w w jego fazie finalnej. Prosz\u0119 o Jego wstawiennictwo tak\u017ce dla Ksi\u0119dza Marka i Kap\u0142an\u00f3w, prze\u017cywaj\u0105cych w Nowosybirsku dni rekolekcyjnej pracy nad sob\u0105.&nbsp;<\/div>\n<div align=\"justify\" style=\"line-height: 150%; margin-bottom: 0cm;\">\n<b>&nbsp; &nbsp; &nbsp; &nbsp;<\/b>A w taki spos\u00f3b bardzo szczeg\u00f3lny powierzam Ksi\u0119dza Krzysztofa Charams\u0119, kt\u00f3ry wczoraj zosta\u0142 suspendowany, aby ratowa\u0142 swoj\u0105 dusz\u0119 i naprawi\u0142 zgorszenie, kt\u00f3re spowodowa\u0142.<\/div>\n<div align=\"justify\" style=\"line-height: 150%; margin-bottom: 0cm;\">\n&nbsp; &nbsp; &nbsp; &nbsp; &nbsp; &nbsp;Wszystkim \u017cycz\u0119 pi\u0119knego dnia &#8211; w blaskach \u015bwi\u0119to\u015bci Jana Paw\u0142a II.<\/div>\n<div align=\"justify\" style=\"line-height: 150%; margin-bottom: 0cm;\">\n&nbsp; &nbsp; &nbsp; &nbsp; &nbsp; &nbsp; &nbsp; &nbsp; &nbsp; &nbsp; &nbsp; &nbsp; &nbsp; &nbsp; &nbsp; &nbsp; &nbsp; &nbsp; &nbsp;Gaudium et spes! &nbsp;Ks. Jacek<\/div>\n<div align=\"justify\" style=\"line-height: 150%; margin-bottom: 0cm;\">\n<b><br \/><\/b><\/div>\n<div align=\"justify\" style=\"line-height: 150%; margin-bottom: 0cm;\">\n<b>Czwartek<br \/>\n29 Tygodnia zwyk\u0142ego, rok I,<\/b><\/div>\n<div align=\"justify\" style=\"line-height: 150%; margin-bottom: 0cm;\">\n<b>Wspomnienie<br \/>\n\u015aw. Jana Paw\u0142a II, Papie\u017ca,<\/b><\/div>\n<div align=\"justify\" style=\"line-height: 150%; margin-bottom: 0cm;\">\n<b>do<br \/>\nczyta\u0144:  Rz 6,19\u201323;  \u0141k 12,49\u201353<\/b><\/div>\n<div align=\"justify\" style=\"line-height: 150%; margin-bottom: 0cm;\">\n<\/div>\n<div align=\"justify\" style=\"line-height: 150%; margin-bottom: 0cm;\">\n<b>CZYTANIE<br \/>\nZ LISTU \u015aWI\u0118TEGO PAW\u0141A APOSTO\u0141A DO RZYMIAN:<\/b><\/div>\n<div align=\"justify\" style=\"line-height: 150%; margin-bottom: 0cm; page-break-before: auto; text-indent: 1.3cm;\">\n<b>Bracia:<br \/>\nZe wzgl\u0119du na przyrodzon\u0105 wasz\u0105 s\u0142abo\u015b\u0107 pos\u0142uguj\u0119 si\u0119<br \/>\npor\u00f3wnaniem wzi\u0119tym z ludzkich stosunk\u00f3w: jak oddawali\u015bcie<br \/>\ncz\u0142onki wasze na s\u0142u\u017cb\u0119 nieczysto\u015bci i nieprawo\u015bci, pogr\u0105\u017caj\u0105c<br \/>\nsi\u0119 w nieprawo\u015b\u0107, tak teraz wydajcie cz\u0142onki wasze na s\u0142u\u017cb\u0119<br \/>\nsprawiedliwo\u015bci, dla u\u015bwi\u0119cenia.<\/b><\/div>\n<div align=\"justify\" style=\"line-height: 150%; margin-bottom: 0cm; text-indent: 1.3cm;\">\n<b>Kiedy<br \/>\nbowiem byli\u015bcie niewolnikami grzechu, byli\u015bcie wolni od s\u0142u\u017cby<br \/>\nsprawiedliwo\u015bci. Jaki\u017c jednak po\u017cytek mieli\u015bcie w\u00f3wczas z tych<br \/>\nczyn\u00f3w, kt\u00f3rych si\u0119 teraz wstydzicie? Przecie\u017c ko\u0144cem ich jest<br \/>\n\u015bmier\u0107.<\/b><\/div>\n<div align=\"justify\" style=\"line-height: 150%; margin-bottom: 0cm; text-indent: 1.3cm;\">\n<b>Teraz<br \/>\nza\u015b, po wyzwoleniu z grzechu i oddaniu si\u0119 na s\u0142u\u017cb\u0119 Bogu jako<br \/>\nowoc zbieracie u\u015bwi\u0119cenie. A ko\u0144cem tego jest \u017cycie wieczne.<br \/>\nAlbowiem zap\u0142at\u0105 za grzech jest \u015bmier\u0107, a \u0142aska przez Boga dana<br \/>\nto \u017cycie wieczne w Chrystusie Jezusie, Panu naszym.<\/b><\/div>\n<div align=\"justify\" style=\"line-height: 150%; margin-bottom: 0cm;\">\n<\/div>\n<div align=\"justify\" style=\"line-height: 150%; margin-bottom: 0cm;\">\n<b>S\u0141OWA<br \/>\nEWANGELII WED\u0141UG \u015aWI\u0118TEGO<br \/>\n\u0141UKASZA:<\/b><\/div>\n<div align=\"justify\" style=\"line-height: 150%; margin-bottom: 0cm; page-break-before: auto; text-indent: 1.3cm;\">\n<b>Jezus<br \/>\npowiedzia\u0142 do swoich uczni\u00f3w: \u201ePrzyszed\u0142em ogie\u0144 rzuci\u0107 na<br \/>\nziemi\u0119 i jak\u017ce bardzo pragn\u0119, \u017ceby on ju\u017c zap\u0142on\u0105\u0142. Chrzest<br \/>\nmam przyj\u0105\u0107 i jakiej doznaj\u0119 udr\u0119ki, a\u017c si\u0119 to stanie.<\/b><\/div>\n<div align=\"justify\" style=\"line-height: 150%; margin-bottom: 0cm; text-indent: 1.3cm;\">\n<b>Czy<br \/>\nmy\u015blicie, \u017ce przyszed\u0142em da\u0107 ziemi pok\u00f3j? Nie, powiadam wam,<br \/>\nlecz roz\u0142am. Odt\u0105d bowiem pi\u0119cioro b\u0119dzie rozdwojonych w jednym<br \/>\ndomu: troje stanie przeciw dwojgu, a dwoje przeciw trojgu; ojciec<br \/>\nprzeciw synowi, a syn przeciw ojcu; matka przeciw c\u00f3rce, a c\u00f3rka<br \/>\nprzeciw matce; te\u015bciowa przeciw synowej, a synowa przeciw<br \/>\nte\u015bciowej\u201d.<\/b><\/div>\n<div align=\"justify\" style=\"line-height: 150%; margin-bottom: 0cm;\">\n<\/div>\n<div align=\"justify\" style=\"line-height: 150%; margin-bottom: 0cm; page-break-before: auto; text-indent: 1.3cm;\">\nGdyby<br \/>\ntak zrobi\u0107 co jaki\u015b czas ca\u0142o\u015bciowy bilans \u017cycia i prze\u015bwietli\u0107<br \/>\nswoje kolejne dokonania, s\u0142owa i czyny, a mo\u017ce nawet my\u015bli,<br \/>\nw\u00f3wczas pewnie znalaz\u0142yby si\u0119 i takie nasze dzia\u0142ania, kt\u00f3rych<br \/>\n<b>teraz szczerze si\u0119 wstydzimy.<\/b> O takiej w\u0142a\u015bnie sytuacji<br \/>\npisze dzisiaj Pawe\u0142 do Rzymian w s\u0142owach: <i><b>Kiedy<br \/>\nbowiem byli\u015bcie niewolnikami grzechu, byli\u015bcie wolni od s\u0142u\u017cby<br \/>\nsprawiedliwo\u015bci. Jaki\u017c jednak po\u017cytek mieli\u015bcie w\u00f3wczas z tych<br \/>\nczyn\u00f3w, kt\u00f3rych si\u0119 teraz wstydzicie? Przecie\u017c ko\u0144cem ich jest<br \/>\n\u015bmier\u0107.<\/b><\/i><b><br \/>\n<\/b>\n<\/div>\n<div align=\"justify\" style=\"line-height: 150%; margin-bottom: 0cm; text-indent: 1.3cm;\">\nTak<br \/>\nswoj\u0105 drog\u0105, to ciekawym sformu\u0142owaniem Pawe\u0142 si\u0119 tu pos\u0142u\u017cy\u0142,<br \/>\npisz\u0105c: <i><b>byli\u015bcie<br \/>\nwolni od s\u0142u\u017cby sprawiedliwo\u015bci<\/b><\/i><b><br \/>\n\u2013 <\/b>na<br \/>\nokre\u015blenie tego stanu, kiedy to jego<br \/>\nuczniowie trwali<br \/>\nw grzechach. Wtedy w\u0142a\u015bnie byli oni<br \/>\n<i><b>wolni<br \/>\nod s\u0142u\u017cby sprawiedliwo\u015bci\u2026<\/b><\/i><b><br \/>\n<\/b>C\u00f3\u017c<br \/>\nto za wolno\u015b\u0107!\n<\/div>\n<div align=\"justify\" style=\"line-height: 150%; margin-bottom: 0cm; text-indent: 1.3cm;\">\nWolno\u015b\u0107<br \/>\n<i><b>od<br \/>\ns\u0142u\u017cby sprawiedliwo\u015bci<\/b><\/i><br \/>\n\u2013 to przecie\u017c jednocze\u015bnie \u201ewolno\u015b\u0107\u201d od m\u0105dro\u015bci,<br \/>\n\u201ewolno\u015b\u0107\u201d od szczero\u015bci, \u201ewolno\u015b\u0107\u201d od prawdy, \u201ewolno\u015b\u0107\u201d<br \/>\nod dobra i uczciwo\u015bci, to ostatecznie <b>\u201ewolno\u015b\u0107\u201d<br \/>\nod\u2026 wolno\u015bci w\u0142a\u015bnie! Czyli totalne zniewolenie!<\/b><br \/>\nA owocem tak rozumianej \u201ewolno\u015bci\u201d s\u0105 te dok\u0142adnie<br \/>\nuczynki,<br \/>\nkt\u00f3rych po jakim\u015b czasie \u2013 kiedy cz\u0142owiek ju\u017c uwolni si\u0119 od<br \/>\ntakiej wolno\u015bci \u2013 <b>musi<br \/>\nsi\u0119 wstydzi\u0107! <\/b>\n<\/div>\n<div align=\"justify\" style=\"line-height: 150%; margin-bottom: 0cm; text-indent: 1.3cm;\">\nI<br \/>\ndobrze jeszcze, je\u015bli s\u0105 to jakie\u015b drobiazgi, kt\u00f3re jakkolwiek<br \/>\npowoduj\u0105 wstyd, to jednak nie stanowi\u0105<br \/>\n<b>ca\u0142kowit<\/b><b>ej<\/b><b><br \/>\nkompromitacj<\/b><b>i<\/b><b><br \/>\ncz\u0142owieka<\/b><br \/>\ni ca\u0142kowitej<br \/>\njego przegranej.<br \/>\nJednak dzisiaj Aposto\u0142 m\u00f3wi chyba o czym\u015b gorszym \u2013 o takich<br \/>\n<b>czynach,<br \/>\nkt\u00f3rych ko\u0144cem jest \u015bmier\u0107!<\/b><br \/>\nOczywi\u015bcie \u2013 \u015bmier\u0107 duchowa, \u015bmier\u0107 na wieki, a wi\u0119c wieczne<br \/>\npot\u0119pienie. Doprawdy, <b>wielki<br \/>\nto wstyd za takie czyny!<\/b><br \/>\nI<br \/>\n\u017cadnego z nich po\u017cytku\u2026\n<\/div>\n<div align=\"justify\" style=\"line-height: 150%; margin-bottom: 0cm; text-indent: 1.3cm;\">\nO<br \/>\ntakich czynach najlepiej w og\u00f3le nie wspomina\u0107, bo ka\u017cda wzmianka<br \/>\no nich powoduje, \u017ce cz\u0142owiek <b>wstydzi<br \/>\nsi\u0119 sam sobie spojrze\u0107 w oczy,<\/b><br \/>\nobawia si\u0119 spojrze\u0107 w lusterko\u2026 Czy mamy na swoim \u201educhowym<br \/>\nkoncie\u201d takie czyny? Czy cz\u0119sto zdarza nam si\u0119 <b>wstydzi\u0107<br \/>\nprzed samymi sob\u0105,<\/b><br \/>\nale tak\u017ce przed innymi lud\u017ami \u2013 za wypowiedziane<br \/>\ns\u0142owa, za<br \/>\npodj\u0119te decyzje, dokonane wybory?\u2026\n<\/div>\n<div align=\"justify\" style=\"line-height: 150%; margin-bottom: 0cm; text-indent: 1.3cm;\">\nNie<br \/>\nchodzi tu oczywi\u015bcie <b>o<br \/>\njaki\u015b wstyd mia\u017cd\u017c\u0105cy, <\/b>a<br \/>\nwi\u0119c taki, kt\u00f3ry cz\u0142owieka ca\u0142kowicie \u201edo\u0142uje\u201d i odbiera mu<br \/>\nch\u0119\u0107 dalszego dzia\u0142ania i<br \/>\npracy nad sob\u0105.<br \/>\nChodzi<br \/>\no taki \u2013 je\u015bli mo\u017cna go tak nazwa\u0107 \u2013 dobry wstyd, kt\u00f3ry jest<br \/>\n<b>czynnikiem<br \/>\nmobilizuj\u0105cym do dobrego i rozs\u0105dnego dzia\u0142ania,<\/b><br \/>\na powstrzymuj\u0105cym przed dzia\u0142aniami z\u0142ymi i g\u0142upimi.\n<\/div>\n<div align=\"justify\" style=\"line-height: 150%; margin-bottom: 0cm; text-indent: 1.3cm;\">\nTaki<br \/>\nw\u0142a\u015bnie<br \/>\nstan rzeczy Pawe\u0142 opisuje w s\u0142owach: <i><b>Teraz<br \/>\nza\u015b, po wyzwoleniu z grzechu i oddaniu si\u0119 na s\u0142u\u017cb\u0119 Bogu jako<br \/>\nowoc zbieracie u\u015bwi\u0119cenie. A ko\u0144cem tego jest \u017cycie wieczne.<br \/>\nAlbowiem zap\u0142at\u0105 za grzech jest \u015bmier\u0107, a \u0142aska przez Boga dana<br \/>\nto \u017cycie wieczne w Chrystusie Jezusie, Panu naszym.<\/b><\/i><b><br \/>\n<\/b>Taka<br \/>\npi\u0119kna<br \/>\nrzeczywisto\u015b\u0107<br \/>\nb\u0119dzie mia\u0142a<br \/>\nmiejsce w\u00f3wczas, kiedy cz\u0142owiek \u2013 nawet je\u015bli dozna owego<br \/>\ndobrego wstydu i w taki spos\u00f3b oceni swoje niekt\u00f3re dzia\u0142ania \u2013<br \/>\n<b>wyci\u0105gnie<br \/>\nz nich wnioski<\/b><br \/>\ni ju\u017c wi\u0119cej<br \/>\nnie b\u0119dzie ich pope\u0142nia\u0142.\n<\/div>\n<div align=\"justify\" style=\"line-height: 150%; margin-bottom: 0cm; text-indent: 1.3cm;\">\nA<br \/>\nco w\u00f3wczas, kiedy cz\u0142owiek <b>zatraci<br \/>\njak\u0105kolwiek zdolno\u015b\u0107 krytycznej oceny w\u0142asnego post\u0119powania? <\/b>Co<br \/>\nw\u00f3wczas, kiedy cz\u0142owiek widzi w sobie samo tylko dobro, a swoje<br \/>\ndzia\u0142ania <b>ocenia<br \/>\njako pasmo sukces\u00f3w<\/b><br \/>\n\u2013 i dziwi si\u0119 jeszcze,<br \/>\n\u017ce<br \/>\nludzie tego nie widz\u0105 i tak tego nie oceniaj\u0105?\u2026 To jest dopiero<br \/>\nnieszcz\u0119\u015bcie! Bo to znaczy,<br \/>\n\u017ce cz\u0142owiek jest <b>totalnym<br \/>\nniewolnikiem samego siebie!<\/b><\/p>\n<\/div>\n<div align=\"justify\" style=\"line-height: 150%; margin-bottom: 0cm; text-indent: 1.3cm;\">\nI<br \/>\ndlatego potrzebny jest taki<br \/>\n<b>b\u0142ogos\u0142awiony<br \/>\ni dobry wstyd,<\/b><br \/>\naby cz\u0142owieka wybudzi\u0107 z marazmu, ze<br \/>\nzgubnego zapatrzenia w siebie. Z<br \/>\npewno\u015bci\u0105, taki dobry i b\u0142ogos\u0142awiony wstyd zrodzi si\u0119 w sercu<br \/>\ncz\u0142owieka w\u00f3wczas, kiedy <b>spojrzy<br \/>\nw oczy Jezusowi.<\/b><\/p>\n<\/div>\n<div align=\"justify\" style=\"line-height: 150%; margin-bottom: 0cm; text-indent: 1.3cm;\">\nDzisiaj<br \/>\nw Ewangelii s\u0142yszymy dwa niesamowite stwierdzenia Jezusa. Pierwsze<br \/>\nto te, kt\u00f3re wyra\u017ca Jego <b>ogromne<br \/>\npragnienie zbawienia cz\u0142owieka<\/b><br \/>\nprzez ofiar\u0119 swego \u017cycia. Jezus doskonale wie, jak si\u0119 to dokona i<br \/>\nco Go czeka, ale <b>bardzo<br \/>\npragnie, aby to si\u0119 ju\u017c dokona\u0142o,<\/b><br \/>\nbo bardzo pragnie, aby <b>ju\u017c<br \/>\ndokona\u0142o si\u0119 zbawienie \u015bwiata.<\/b><\/p>\n<\/div>\n<div align=\"justify\" style=\"line-height: 150%; margin-bottom: 0cm; text-indent: 1.3cm;\">\nA<br \/>\ndrugie stwierdzenie to <b>zapowied\u017a<br \/>\nroz\u0142am\u00f3w,<\/b><br \/>\njakie pomi\u0119dzy lud\u017ami wprowadzi Jego nauka. Oczywi\u015bcie, my dobrze<br \/>\nwiemy, \u017ce to <b>nie<br \/>\nJezus \u2013 sam z siebie \u2013 b\u0119dzie przyczyn\u0105 tych roz\u0142am\u00f3w<\/b><br \/>\ni por\u00f3\u017cnienia pomi\u0119dzy cz\u0142onkami najbli\u017cszej nawet rodziny.<br \/>\nRoz\u0142amy te spowoduj\u0105 <b>sami<br \/>\nludzie,<\/b><br \/>\nkt\u00f3rzy b\u0119d\u0105<br \/>\nsi\u0119 musieli opowiedzie\u0107 <b>za<br \/>\nJezusem, lub przeciw Niemu<\/b><br \/>\n\u2013 i tak si\u0119 w\u0142a\u015bnie stanie: jedni opowiedz\u0105 si\u0119 za Jezusem, a<br \/>\ninni przeciw Niemu.\n<\/div>\n<div align=\"justify\" style=\"line-height: 150%; margin-bottom: 0cm; text-indent: 1.3cm;\">\nBo<br \/>\nwobec Jezusa <b>nie<br \/>\nda si\u0119 zaj\u0105\u0107 stanowiska po\u015bredniego,<\/b><br \/>\ntakiego na zasadzie: \u201ejestem za, a nawet przeciw\u201d. Albo: \u201ejestem<br \/>\ntroch\u0119 za, a troch\u0119 przeciw\u201d\u2026 Nie! Mo\u017cna by\u0107 <b>albo<br \/>\ntylko \u201eza\u201d, albo tylko \u201eprzeciw\u201d. <\/b>Je\u017celi<br \/>\nkto\u015b natomiast pr\u00f3buje by\u0107 troch\u0119 za, a troch\u0119 przeciw, to<br \/>\nznaczy, \u017ce <b>jednak<br \/>\njest przeciw.<\/b><br \/>\nA tak w og\u00f3le to znaczy, \u017ce <b>\u017cyje<br \/>\nw zak\u0142amaniu<\/b><br \/>\ni post\u0119puje w spos\u00f3b, kt\u00f3rego powinien si\u0119 wstydzi\u0107.\n<\/div>\n<div align=\"justify\" style=\"line-height: 150%; margin-bottom: 0cm; text-indent: 1.3cm;\">\nBo<br \/>\nJezus, kt\u00f3ry dzisiaj wypowiada to swoje wielkie pragnienie z\u0142o\u017cenia<br \/>\n\u017cycia w ofierze za zbawienie cz\u0142owieka, wyra\u017ca w ten spos\u00f3b <b>swoje<br \/>\nnastawienie na dobro cz\u0142owieka.<\/b><br \/>\nJezus jest jak najbardziej <b>\u201eza\u201d<br \/>\ncz\u0142owiekiem.<\/b><br \/>\nNatomiast cz\u0142owiek ma mo\u017cliwo\u015b\u0107 wyboru. I mo\u017ce by\u0107 \u201eza\u201d,<br \/>\nale mo\u017ce by\u0107 i \u201eprzeciw\u201d. Oby si\u0119 potem tylko <b>nie<br \/>\nmusia\u0142 swego wyboru wstydzi\u0107 <\/b>\u2013<br \/>\ni to na wieki\u2026\n<\/div>\n<div align=\"justify\" style=\"line-height: 150%; margin-bottom: 0cm; text-indent: 1.3cm;\">\nNiech<br \/>\nw dokonaniu najlepszego i najbardziej w\u0142a\u015bciwego wyboru pomo\u017ce nam<br \/>\nwstawiennictwo i przyk\u0142ad Patrona dnia dzisiejszego, Papie\u017ca<br \/>\nPolaka, naszego Rodaka i \u2013 jak zwykli\u015bmy m\u00f3wi\u0107 z dum\u0105 \u2013<br \/>\n<b>naszego<br \/>\nPapie\u017ca, \u015awi\u0119tego Jana Paw\u0142a II. <\/b>\n<\/div>\n<div align=\"justify\" style=\"line-height: 150%; margin-bottom: 0cm; text-indent: 1.3cm;\">\nZapewne<br \/>\nprzypominanie jego \u017cyciorysu \u2013 jak to czynimy w przypadku innych<br \/>\n\u015awi\u0119tych i B\u0142ogos\u0142awionych \u2013 nie b\u0119dzie tu konieczne. Niech<br \/>\nzamiast tego, wybrzmi bardzo kr\u00f3tki <b>fragment<\/b> <b>homilii Ojca<br \/>\n\u015awi\u0119tego Benedykta XVI, <\/b>wyg\u0142oszonej na Mszy \u015awi\u0119tej w dniu<br \/>\nBeatyfikacji Papie\u017ca Polaka. Co ciekawe, s\u0142owa te \u2013 i tylko te \u2013<br \/>\nwypowiedzia\u0142 w\u00f3wczas <b>po polsku. <\/b>Oto one:\n<\/div>\n<div align=\"justify\" style=\"line-height: 150%; margin-bottom: 0cm; text-indent: 1.25cm;\">\n\u201eSwoim<br \/>\n\u015bwiadectwem wiary, mi\u0142o\u015bci i odwagi apostolskiej, pe\u0142nym ludzkiej<br \/>\nwra\u017cliwo\u015bci, ten <b>znakomity<br \/>\nSyn narodu polskiego, pom\u00f3g\u0142 chrze\u015bcijanom na ca\u0142ym \u015bwiecie, by<br \/>\nnie l\u0119kali si\u0119 by\u0107 chrze\u015bcijanami, nale\u017ce\u0107 do Ko\u015bcio\u0142a,<br \/>\ng\u0142osi\u0107 Ewangeli\u0119.<\/b><br \/>\nJednym s\u0142owem: pom\u00f3g\u0142 nam nie l\u0119ka\u0107 si\u0119 prawdy, gdy\u017c prawda<br \/>\njest gwarancj\u0105 wolno\u015bci.\u201d\n<\/div>\n<div align=\"justify\" style=\"line-height: 150%; margin-bottom: 0cm; text-indent: 1.25cm;\">\nTe<br \/>\ndwa zdanie, jak\u017ce kr\u00f3tkie, ale jednocze\u015bnie tak bardzo zasobne<br \/>\nw tre\u015b\u0107, oddaj\u0105 w\u0142a\u015bciwie <b>ca\u0142e<br \/>\nbogactwo \u017cycia i \u015bwi\u0119to\u015bci Jana Paw\u0142a II. <\/b>Bo<br \/>\nw ca\u0142ym jego pi\u0119knym<br \/>\ni pe\u0142nym po\u015bwi\u0119cenia \u017cyciu o to g\u0142\u00f3wnie chodzi\u0142o, by<br \/>\n<b>chrze\u015bcijanie<br \/>\nnie l\u0119kali si\u0119 by\u0107 chrze\u015bcijanami,<\/b><br \/>\nby nie l\u0119kali si\u0119 <b>nale\u017ce\u0107<br \/>\ndo Ko\u015bcio\u0142a,<\/b><br \/>\nby nie l\u0119kali si\u0119 <b>g\u0142osi\u0107<br \/>\nEwangeli\u0119.<\/b><br \/>\nJednym s\u0142owem: by <b>nie<br \/>\nl\u0119kali si\u0119 prawdy\u2026<\/b><\/div>\n<div align=\"justify\" style=\"line-height: 150%; margin-bottom: 0cm; text-indent: 1.25cm;\">\nNie<br \/>\nma zatem lepszego sposobu, aby\u015bmy my \u2013 tak\u017ce synowie i c\u00f3rki<br \/>\nnarodu polskiego \u2013 lepiej uczcili dzisiaj pami\u0119\u0107 i \u015bwi\u0119to\u015b\u0107<br \/>\nnaszego Wielkiego Rodaka, jak poprzez to w\u0142a\u015bnie, \u017ce <b>zapragniemy<br \/>\n\u017cycia w pe\u0142nej prawdzie. <\/b>I to w\u0142a\u015bnie tej, dotycz\u0105cej \u2013<br \/>\nprzede wszystkim \u2013 nas samych.<\/div>\n<div align=\"justify\" style=\"line-height: 150%; margin-bottom: 0cm; text-indent: 1.25cm;\">\nI<br \/>\nw\u0142a\u015bnie w tym kontek\u015bcie zastan\u00f3wmy si\u0119:<\/div>\n<div align=\"justify\" style=\"line-height: 150%; margin-bottom: 0cm;\">\n\u2013 Kt\u00f3rych<br \/>\nswoich czyn\u00f3w najbardziej si\u0119 dzisiaj wstydz\u0119?<\/div>\n<div align=\"justify\" style=\"line-height: 150%; margin-bottom: 0cm;\">\n\u2013 Czy<br \/>\nprzed samym sob\u0105 nie kamufluj\u0119 trudnej prawdy o sobie?<\/div>\n<div align=\"justify\" style=\"line-height: 150%; margin-bottom: 0cm;\">\n\u2013<br \/>\nCo<br \/>\nkonkretnie robi\u0119, aby zawsze poznawa\u0107 pe\u0142n\u0105 prawd\u0119 o sobie?<\/div>\n<p><\/p>\n<div align=\"justify\" style=\"line-height: 150%; margin-bottom: 0cm;\">\n<i><b>Przyszed\u0142em<br \/>\nogie\u0144 rzuci\u0107 na ziemi\u0119 i jak\u017ce bardzo pragn\u0119, \u017ceby on ju\u017c<br \/>\nzap\u0142on\u0105\u0142. Chrzest mam przyj\u0105\u0107 i jakiej doznaj\u0119 udr\u0119ki, a\u017c si\u0119<br \/>\nto stanie\u2026&nbsp;<\/b><\/i>\n<\/div>\n","protected":false},"excerpt":{"rendered":"<p>Szcz\u0119\u015b\u0107 Bo\u017ce! Moi Drodzy, w dniu dzisiejszym Ksi\u0105dz Andrzej Kuflikowski, Proboszcz Parafii \u015awi\u0119tego Ojca Pio w Warszawie &#8211; i m\u00f3j by\u0142y Proboszcz &#8211; prze\u017cywa pi\u0119\u0107dziesi\u0105te urodziny. Z tej okazji \u017cycz\u0119 &#8211; i modl\u0119 si\u0119 o to &#8211; aby ka\u017cdy dzie\u0144 jego \u017cycia by\u0142 nowym i pi\u0119knym \u015bwiadectwem g\u0142\u0119bokiej wiary i kap\u0142a\u0144skiej gorliwo\u015bci. &nbsp; &nbsp; &nbsp; [&hellip;]<\/p>\n","protected":false},"author":1,"featured_media":0,"comment_status":"open","ping_status":"open","sticky":false,"template":"","format":"standard","meta":{"jetpack_post_was_ever_published":false,"_jetpack_newsletter_access":"","_jetpack_dont_email_post_to_subs":false,"_jetpack_newsletter_tier_id":0,"_jetpack_memberships_contains_paywalled_content":false,"_jetpack_memberships_contains_paid_content":false,"footnotes":""},"categories":[1],"tags":[],"class_list":["post-8233","post","type-post","status-publish","format-standard","hentry","category-bez-kategorii"],"yoast_head":"<!-- This site is optimized with the Yoast SEO plugin v25.1 - https:\/\/yoast.com\/wordpress\/plugins\/seo\/ -->\n<title>Znakomity Syn narodu polskiego! - Gaudium Et Spes<\/title>\n<meta name=\"robots\" content=\"index, follow, max-snippet:-1, max-image-preview:large, max-video-preview:-1\" \/>\n<link rel=\"canonical\" href=\"https:\/\/gaudiumetspes-blog.pl\/index.php\/2015\/10\/22\/znakomity-syn-narodu-polskiego\/\" \/>\n<meta property=\"og:locale\" content=\"pl_PL\" \/>\n<meta property=\"og:type\" content=\"article\" \/>\n<meta property=\"og:title\" content=\"Znakomity Syn narodu polskiego! - Gaudium Et Spes\" \/>\n<meta property=\"og:description\" content=\"Szcz\u0119\u015b\u0107 Bo\u017ce! Moi Drodzy, w dniu dzisiejszym Ksi\u0105dz Andrzej Kuflikowski, Proboszcz Parafii \u015awi\u0119tego Ojca Pio w Warszawie &#8211; i m\u00f3j by\u0142y Proboszcz &#8211; prze\u017cywa pi\u0119\u0107dziesi\u0105te urodziny. Z tej okazji \u017cycz\u0119 &#8211; i modl\u0119 si\u0119 o to &#8211; aby ka\u017cdy dzie\u0144 jego \u017cycia by\u0142 nowym i pi\u0119knym \u015bwiadectwem g\u0142\u0119bokiej wiary i kap\u0142a\u0144skiej gorliwo\u015bci. &nbsp; &nbsp; &nbsp; [&hellip;]\" \/>\n<meta property=\"og:url\" content=\"https:\/\/gaudiumetspes-blog.pl\/index.php\/2015\/10\/22\/znakomity-syn-narodu-polskiego\/\" \/>\n<meta property=\"og:site_name\" content=\"Gaudium Et Spes\" \/>\n<meta property=\"article:published_time\" content=\"2015-10-22T02:04:00+00:00\" \/>\n<meta property=\"article:modified_time\" content=\"2019-07-31T10:55:50+00:00\" \/>\n<meta name=\"author\" content=\"Ks. Jacek\" \/>\n<meta name=\"twitter:card\" content=\"summary_large_image\" \/>\n<meta name=\"twitter:label1\" content=\"Napisane przez\" \/>\n\t<meta name=\"twitter:data1\" content=\"Ks. Jacek\" \/>\n\t<meta name=\"twitter:label2\" content=\"Szacowany czas czytania\" \/>\n\t<meta name=\"twitter:data2\" content=\"9 minut\" \/>\n<script type=\"application\/ld+json\" class=\"yoast-schema-graph\">{\"@context\":\"https:\/\/schema.org\",\"@graph\":[{\"@type\":\"WebPage\",\"@id\":\"https:\/\/gaudiumetspes-blog.pl\/index.php\/2015\/10\/22\/znakomity-syn-narodu-polskiego\/\",\"url\":\"https:\/\/gaudiumetspes-blog.pl\/index.php\/2015\/10\/22\/znakomity-syn-narodu-polskiego\/\",\"name\":\"Znakomity Syn narodu polskiego! - Gaudium Et Spes\",\"isPartOf\":{\"@id\":\"https:\/\/gaudiumetspes-blog.pl\/#website\"},\"datePublished\":\"2015-10-22T02:04:00+00:00\",\"dateModified\":\"2019-07-31T10:55:50+00:00\",\"author\":{\"@id\":\"https:\/\/gaudiumetspes-blog.pl\/#\/schema\/person\/1661982992b752dea8dff0d4ed845a65\"},\"breadcrumb\":{\"@id\":\"https:\/\/gaudiumetspes-blog.pl\/index.php\/2015\/10\/22\/znakomity-syn-narodu-polskiego\/#breadcrumb\"},\"inLanguage\":\"pl-PL\",\"potentialAction\":[{\"@type\":\"ReadAction\",\"target\":[\"https:\/\/gaudiumetspes-blog.pl\/index.php\/2015\/10\/22\/znakomity-syn-narodu-polskiego\/\"]}]},{\"@type\":\"BreadcrumbList\",\"@id\":\"https:\/\/gaudiumetspes-blog.pl\/index.php\/2015\/10\/22\/znakomity-syn-narodu-polskiego\/#breadcrumb\",\"itemListElement\":[{\"@type\":\"ListItem\",\"position\":1,\"name\":\"Strona g\u0142\u00f3wna\",\"item\":\"https:\/\/gaudiumetspes-blog.pl\/\"},{\"@type\":\"ListItem\",\"position\":2,\"name\":\"Znakomity Syn narodu polskiego!\"}]},{\"@type\":\"WebSite\",\"@id\":\"https:\/\/gaudiumetspes-blog.pl\/#website\",\"url\":\"https:\/\/gaudiumetspes-blog.pl\/\",\"name\":\"Gaudium Et Spes\",\"description\":\"Blog Ks. Jacka Ja\u015bkowskiego\",\"potentialAction\":[{\"@type\":\"SearchAction\",\"target\":{\"@type\":\"EntryPoint\",\"urlTemplate\":\"https:\/\/gaudiumetspes-blog.pl\/?s={search_term_string}\"},\"query-input\":{\"@type\":\"PropertyValueSpecification\",\"valueRequired\":true,\"valueName\":\"search_term_string\"}}],\"inLanguage\":\"pl-PL\"},{\"@type\":\"Person\",\"@id\":\"https:\/\/gaudiumetspes-blog.pl\/#\/schema\/person\/1661982992b752dea8dff0d4ed845a65\",\"name\":\"Ks. Jacek\",\"image\":{\"@type\":\"ImageObject\",\"inLanguage\":\"pl-PL\",\"@id\":\"https:\/\/gaudiumetspes-blog.pl\/#\/schema\/person\/image\/\",\"url\":\"https:\/\/gaudiumetspes-blog.pl\/wp-content\/uploads\/2019\/07\/avatar-JJ-150x150.jpg\",\"contentUrl\":\"https:\/\/gaudiumetspes-blog.pl\/wp-content\/uploads\/2019\/07\/avatar-JJ-150x150.jpg\",\"caption\":\"Ks. Jacek\"},\"description\":\"Witam serdecznie! K\u0142ania si\u0119 Ks. Jacek Ja\u015bkowski. Nie jestem ani kim\u015b wa\u017cnym, ani kim\u015b znanym. Jestem ksi\u0119dzem, kt\u00f3ry po prostu chce rozmawia\u0107. Codzienna kap\u0142a\u0144ska pos\u0142uga pokazuje mi, \u017ce temat\u00f3w do rozm\u00f3w z ksi\u0119dzem jest coraz wi\u0119cej i dzisiaj \u017caden ksi\u0105dz nie mo\u017ce od nich ucieka\u0107, ale - wprost przeciwnie - podejmowa\u0107 nowe wyzwania. To przekonanie sk\u0142oni\u0142o mnie do pr\u00f3by otwarcia tego\u017c bloga, chocia\u017c okazji do rozm\u00f3w na co dzie\u0144 - w konfesjonale i poza nim - na szcz\u0119\u015bcie nie brakuje. My\u015bl\u0119 jednak, \u017ce ten blog b\u0119dzie jeszcze jednym sposobem i przestrzeni\u0105 nawi\u0105zania kontaktu z lud\u017ami dobrej woli, otwartymi na dialog.\",\"url\":\"https:\/\/gaudiumetspes-blog.pl\/index.php\/author\/ks-jacek\/\"}]}<\/script>\n<!-- \/ Yoast SEO plugin. -->","yoast_head_json":{"title":"Znakomity Syn narodu polskiego! - Gaudium Et Spes","robots":{"index":"index","follow":"follow","max-snippet":"max-snippet:-1","max-image-preview":"max-image-preview:large","max-video-preview":"max-video-preview:-1"},"canonical":"https:\/\/gaudiumetspes-blog.pl\/index.php\/2015\/10\/22\/znakomity-syn-narodu-polskiego\/","og_locale":"pl_PL","og_type":"article","og_title":"Znakomity Syn narodu polskiego! - Gaudium Et Spes","og_description":"Szcz\u0119\u015b\u0107 Bo\u017ce! Moi Drodzy, w dniu dzisiejszym Ksi\u0105dz Andrzej Kuflikowski, Proboszcz Parafii \u015awi\u0119tego Ojca Pio w Warszawie &#8211; i m\u00f3j by\u0142y Proboszcz &#8211; prze\u017cywa pi\u0119\u0107dziesi\u0105te urodziny. Z tej okazji \u017cycz\u0119 &#8211; i modl\u0119 si\u0119 o to &#8211; aby ka\u017cdy dzie\u0144 jego \u017cycia by\u0142 nowym i pi\u0119knym \u015bwiadectwem g\u0142\u0119bokiej wiary i kap\u0142a\u0144skiej gorliwo\u015bci. &nbsp; &nbsp; &nbsp; [&hellip;]","og_url":"https:\/\/gaudiumetspes-blog.pl\/index.php\/2015\/10\/22\/znakomity-syn-narodu-polskiego\/","og_site_name":"Gaudium Et Spes","article_published_time":"2015-10-22T02:04:00+00:00","article_modified_time":"2019-07-31T10:55:50+00:00","author":"Ks. Jacek","twitter_card":"summary_large_image","twitter_misc":{"Napisane przez":"Ks. Jacek","Szacowany czas czytania":"9 minut"},"schema":{"@context":"https:\/\/schema.org","@graph":[{"@type":"WebPage","@id":"https:\/\/gaudiumetspes-blog.pl\/index.php\/2015\/10\/22\/znakomity-syn-narodu-polskiego\/","url":"https:\/\/gaudiumetspes-blog.pl\/index.php\/2015\/10\/22\/znakomity-syn-narodu-polskiego\/","name":"Znakomity Syn narodu polskiego! - Gaudium Et Spes","isPartOf":{"@id":"https:\/\/gaudiumetspes-blog.pl\/#website"},"datePublished":"2015-10-22T02:04:00+00:00","dateModified":"2019-07-31T10:55:50+00:00","author":{"@id":"https:\/\/gaudiumetspes-blog.pl\/#\/schema\/person\/1661982992b752dea8dff0d4ed845a65"},"breadcrumb":{"@id":"https:\/\/gaudiumetspes-blog.pl\/index.php\/2015\/10\/22\/znakomity-syn-narodu-polskiego\/#breadcrumb"},"inLanguage":"pl-PL","potentialAction":[{"@type":"ReadAction","target":["https:\/\/gaudiumetspes-blog.pl\/index.php\/2015\/10\/22\/znakomity-syn-narodu-polskiego\/"]}]},{"@type":"BreadcrumbList","@id":"https:\/\/gaudiumetspes-blog.pl\/index.php\/2015\/10\/22\/znakomity-syn-narodu-polskiego\/#breadcrumb","itemListElement":[{"@type":"ListItem","position":1,"name":"Strona g\u0142\u00f3wna","item":"https:\/\/gaudiumetspes-blog.pl\/"},{"@type":"ListItem","position":2,"name":"Znakomity Syn narodu polskiego!"}]},{"@type":"WebSite","@id":"https:\/\/gaudiumetspes-blog.pl\/#website","url":"https:\/\/gaudiumetspes-blog.pl\/","name":"Gaudium Et Spes","description":"Blog Ks. Jacka Ja\u015bkowskiego","potentialAction":[{"@type":"SearchAction","target":{"@type":"EntryPoint","urlTemplate":"https:\/\/gaudiumetspes-blog.pl\/?s={search_term_string}"},"query-input":{"@type":"PropertyValueSpecification","valueRequired":true,"valueName":"search_term_string"}}],"inLanguage":"pl-PL"},{"@type":"Person","@id":"https:\/\/gaudiumetspes-blog.pl\/#\/schema\/person\/1661982992b752dea8dff0d4ed845a65","name":"Ks. Jacek","image":{"@type":"ImageObject","inLanguage":"pl-PL","@id":"https:\/\/gaudiumetspes-blog.pl\/#\/schema\/person\/image\/","url":"https:\/\/gaudiumetspes-blog.pl\/wp-content\/uploads\/2019\/07\/avatar-JJ-150x150.jpg","contentUrl":"https:\/\/gaudiumetspes-blog.pl\/wp-content\/uploads\/2019\/07\/avatar-JJ-150x150.jpg","caption":"Ks. Jacek"},"description":"Witam serdecznie! K\u0142ania si\u0119 Ks. Jacek Ja\u015bkowski. Nie jestem ani kim\u015b wa\u017cnym, ani kim\u015b znanym. Jestem ksi\u0119dzem, kt\u00f3ry po prostu chce rozmawia\u0107. Codzienna kap\u0142a\u0144ska pos\u0142uga pokazuje mi, \u017ce temat\u00f3w do rozm\u00f3w z ksi\u0119dzem jest coraz wi\u0119cej i dzisiaj \u017caden ksi\u0105dz nie mo\u017ce od nich ucieka\u0107, ale - wprost przeciwnie - podejmowa\u0107 nowe wyzwania. To przekonanie sk\u0142oni\u0142o mnie do pr\u00f3by otwarcia tego\u017c bloga, chocia\u017c okazji do rozm\u00f3w na co dzie\u0144 - w konfesjonale i poza nim - na szcz\u0119\u015bcie nie brakuje. My\u015bl\u0119 jednak, \u017ce ten blog b\u0119dzie jeszcze jednym sposobem i przestrzeni\u0105 nawi\u0105zania kontaktu z lud\u017ami dobrej woli, otwartymi na dialog.","url":"https:\/\/gaudiumetspes-blog.pl\/index.php\/author\/ks-jacek\/"}]}},"jetpack_featured_media_url":"","jetpack_sharing_enabled":true,"_links":{"self":[{"href":"https:\/\/gaudiumetspes-blog.pl\/index.php\/wp-json\/wp\/v2\/posts\/8233","targetHints":{"allow":["GET"]}}],"collection":[{"href":"https:\/\/gaudiumetspes-blog.pl\/index.php\/wp-json\/wp\/v2\/posts"}],"about":[{"href":"https:\/\/gaudiumetspes-blog.pl\/index.php\/wp-json\/wp\/v2\/types\/post"}],"author":[{"embeddable":true,"href":"https:\/\/gaudiumetspes-blog.pl\/index.php\/wp-json\/wp\/v2\/users\/1"}],"replies":[{"embeddable":true,"href":"https:\/\/gaudiumetspes-blog.pl\/index.php\/wp-json\/wp\/v2\/comments?post=8233"}],"version-history":[{"count":1,"href":"https:\/\/gaudiumetspes-blog.pl\/index.php\/wp-json\/wp\/v2\/posts\/8233\/revisions"}],"predecessor-version":[{"id":12310,"href":"https:\/\/gaudiumetspes-blog.pl\/index.php\/wp-json\/wp\/v2\/posts\/8233\/revisions\/12310"}],"wp:attachment":[{"href":"https:\/\/gaudiumetspes-blog.pl\/index.php\/wp-json\/wp\/v2\/media?parent=8233"}],"wp:term":[{"taxonomy":"category","embeddable":true,"href":"https:\/\/gaudiumetspes-blog.pl\/index.php\/wp-json\/wp\/v2\/categories?post=8233"},{"taxonomy":"post_tag","embeddable":true,"href":"https:\/\/gaudiumetspes-blog.pl\/index.php\/wp-json\/wp\/v2\/tags?post=8233"}],"curies":[{"name":"wp","href":"https:\/\/api.w.org\/{rel}","templated":true}]}}