{"id":8238,"date":"2015-10-17T04:09:00","date_gmt":"2015-10-17T02:09:00","guid":{"rendered":"https:\/\/gaudiumetspes-blog.pl\/index.php\/2015\/10\/17\/on-to-wbrew-nadziei-uwierzy-nadziei\/"},"modified":"2019-07-31T12:55:50","modified_gmt":"2019-07-31T10:55:50","slug":"on-to-wbrew-nadziei-uwierzy-nadziei","status":"publish","type":"post","link":"https:\/\/gaudiumetspes-blog.pl\/index.php\/2015\/10\/17\/on-to-wbrew-nadziei-uwierzy-nadziei\/","title":{"rendered":"On to wbrew nadziei uwierzy\u0142 nadziei&#8230;"},"content":{"rendered":"<div align=\"justify\" style=\"line-height: 150%; margin-bottom: 0cm;\">\nSzcz\u0119\u015b\u0107 Bo\u017ce! Moi Drodzy, przypominam, \u017ce trwa Synod i potrzebna jest nasza modlitwa. Bardzo Was o ni\u0105 prosz\u0119. Podobnie, jak prosz\u0119 o modlitw\u0119 we wszystkich intencjach, zapisanych w naszej Wielkiej Ksi\u0119dze. A czy pami\u0119tacie o naszej duchowej \u0142\u0105czno\u015bci o 20.00?<\/div>\n<div align=\"justify\" style=\"line-height: 150%; margin-bottom: 0cm;\">\n&nbsp; &nbsp; &nbsp; &nbsp; &nbsp; &nbsp; Pozdrawiam i \u017cycz\u0119 b\u0142ogos\u0142awionego dnia!<\/div>\n<div align=\"justify\" style=\"line-height: 150%; margin-bottom: 0cm;\">\n&nbsp; &nbsp; &nbsp; &nbsp; &nbsp; &nbsp; &nbsp; &nbsp; &nbsp; &nbsp; &nbsp; &nbsp; &nbsp; &nbsp; &nbsp; &nbsp;Gaudium et spes! &nbsp;Ks. Jacek<\/div>\n<div align=\"justify\" style=\"line-height: 150%; margin-bottom: 0cm;\">\n<b><br \/><\/b><\/div>\n<div align=\"justify\" style=\"line-height: 150%; margin-bottom: 0cm;\">\n<b>Sobota<br \/>\n28 Tygodnia zwyk\u0142ego, rok I,<\/b><\/div>\n<div align=\"justify\" style=\"line-height: 150%; margin-bottom: 0cm;\">\n<b>Wspomnienie<br \/>\n\u015aw. Ignacego Antioche\u0144skiego, <\/b>\n<\/div>\n<div align=\"justify\" style=\"line-height: 150%; margin-bottom: 0cm;\">\n<b>Biskupa<br \/>\ni M\u0119czennika,<\/b><\/div>\n<div align=\"justify\" style=\"line-height: 150%; margin-bottom: 0cm;\">\n<b>do<br \/>\nczyta\u0144:  Rz 4,13.16\u201318;  \u0141k 12,8\u201312<\/b><\/div>\n<div align=\"justify\" style=\"line-height: 150%; margin-bottom: 0cm;\">\n<\/div>\n<div align=\"justify\" style=\"line-height: 150%; margin-bottom: 0cm;\">\n<b>CZYTANIE<br \/>\nZ LISTU \u015aWI\u0118TEGO PAW\u0141A APOSTO\u0141A DO RZYMIAN:<\/b><\/div>\n<div align=\"justify\" style=\"line-height: 150%; margin-bottom: 0cm; page-break-before: auto; text-indent: 1.3cm;\">\n<b>Bracia:<br \/>\nNie od wype\u0142nienia Prawa zosta\u0142a uzale\u017cniona obietnica dana<br \/>\nAbrahamowi i jego potomstwu, \u017ce b\u0119dzie dziedzicem \u015bwiata, ale od<br \/>\nusprawiedliwienia z wiary. I st\u0105d to dziedzictwo zale\u017cy od wiary,<br \/>\nby by\u0142o z \u0142aski i aby w ten spos\u00f3b obietnica pozosta\u0142a<br \/>\nniewzruszona dla ca\u0142ego potomstwa, nie tylko dla potomstwa<br \/>\nopieraj\u0105cego si\u0119 na Prawie, ale i dla tego, kt\u00f3re ma wiar\u0119<br \/>\nAbrahama. On to jest ojcem nas wszystkich, jak jest napisane:<br \/>\n\u201eUczyni\u0142em ci\u0119 ojcem wielu narod\u00f3w\u201d przed obliczem Boga. Jemu<br \/>\non uwierzy\u0142 jako Temu, kt\u00f3ry o\u017cywia umar\u0142ych, i to, co nie<br \/>\nistnieje, powo\u0142uje do istnienia.<\/b><\/div>\n<div align=\"justify\" style=\"line-height: 150%; margin-bottom: 0cm; text-indent: 1.3cm;\">\n<b>On<br \/>\nto wbrew nadziei uwierzy\u0142 nadziei, \u017ce stanie si\u0119 ojcem wielu<br \/>\nnarod\u00f3w zgodnie z tym, co by\u0142o powiedziane: \u201eTakie b\u0119dzie twoje<br \/>\npotomstwo\u201d.<\/b><\/div>\n<div align=\"justify\" style=\"line-height: 150%; margin-bottom: 0cm;\">\n<\/div>\n<div align=\"justify\" style=\"line-height: 150%; margin-bottom: 0cm;\">\n<b>S\u0141OWA<br \/>\nEWANGELII WED\u0141UG \u015aWI\u0118TEGO<br \/>\n\u0141UKASZA:<\/b><\/div>\n<div align=\"justify\" style=\"line-height: 150%; margin-bottom: 0cm; page-break-before: auto; text-indent: 1.3cm;\">\n<b>Jezus<br \/>\npowiedzia\u0142 do swoich uczni\u00f3w: \u201eKto si\u0119 przyzna do Mnie wobec<br \/>\nludzi, przyzna si\u0119 i Syn Cz\u0142owieczy do niego wobec anio\u0142\u00f3w<br \/>\nBo\u017cych; a kto si\u0119 Mnie wyprze wobec ludzi, tego wypr\u0119 si\u0119 i Ja<br \/>\nwobec anio\u0142\u00f3w Bo\u017cych.<\/b><\/div>\n<div align=\"justify\" style=\"line-height: 150%; margin-bottom: 0cm; text-indent: 1.3cm;\">\n<b>Ka\u017cdemu,<br \/>\nkto m\u00f3wi jakie\u015b s\u0142owo przeciw Synowi Cz\u0142owieczemu, b\u0119dzie<br \/>\nprzebaczone, lecz temu, kto blu\u017ani przeciw Duchowi \u015awi\u0119temu, nie<br \/>\nb\u0119dzie przebaczone. Kiedy was ci\u0105gn\u0105\u0107 b\u0119d\u0105 do synagog, urz\u0119d\u00f3w<br \/>\ni w\u0142adz, nie martwcie si\u0119, w jaki spos\u00f3b albo czym macie si\u0119<br \/>\nbroni\u0107 lub co m\u00f3wi\u0107, bo Duch \u015awi\u0119ty nauczy was w tej w\u0142a\u015bnie<br \/>\ngodzinie, co m\u00f3wi\u0107 nale\u017cy\u201d.<\/b><\/div>\n<div align=\"justify\" style=\"line-height: 150%; margin-bottom: 0cm;\">\n<\/div>\n<div align=\"justify\" style=\"line-height: 150%; margin-bottom: 0cm; page-break-before: auto; text-indent: 1.3cm;\">\nS\u0142uchaj\u0105c<br \/>\nkolejnych fragment\u00f3w Listu Paw\u0142a do Rzymian, mo\u017cna pomy\u015ble\u0107, \u017ce<br \/>\nPrawo, o kt\u00f3rym pisze, to jest \u201ejakie\u015b tam\u201d prawo, stworzone<br \/>\nprzez kogo\u015b przypadkowego, z jakiej\u015b niewiadomej okazji. Mo\u017cna<br \/>\nbowiem odnie\u015b\u0107 wra\u017cenie, \u017ce Aposto\u0142 <b>przeciwstawia je wierze<br \/>\nAbrahama. <\/b>W rzeczywisto\u015bci jednak, nie mo\u017cemy zapomnie\u0107, \u017ce<br \/>\nm\u00f3wimy tu <b>o prawie Bo\u017cym! <\/b>To B\u00f3g je ustanowi\u0142 w Starym<br \/>\nPrzymierzu i przez wielkich Patriarch\u00f3w oraz Prorok\u00f3w przekaza\u0142<br \/>\nswemu ludowi.\n<\/div>\n<div align=\"justify\" style=\"line-height: 150%; margin-bottom: 0cm; text-indent: 1.3cm;\">\nJest<br \/>\nto zatem <b>P<\/b><b>rawo \u015bwi\u0119te i bardzo wa\u017cne,<\/b> je\u017celi<br \/>\nnatomiast s\u0142yszymy, \u017ce Pawe\u0142 stawia je w niejakiej opozycji do<br \/>\nwiary, to w takim sensie, \u017ce <b>nie jest wol\u0105 Bo\u017c\u0105, aby to litera<br \/>\nprawa<\/b> \u2013 cho\u0107by naj\u015bwi\u0119tszego \u2013 prowadzi\u0142a cz\u0142owieka do<br \/>\nzbawienia. Jak bowiem pisze Aposto\u0142 Pawe\u0142: <i><b>Nie<br \/>\nod wype\u0142nienia Prawa zosta\u0142a uzale\u017cniona obietnica dana Abrahamowi<br \/>\ni jego potomstwu, \u017ce b\u0119dzie dziedzicem \u015bwiata, ale od<br \/>\nusprawiedliwienia z wiary. I st\u0105d to dziedzictwo zale\u017cy od wiary,<br \/>\nby by\u0142o z \u0142aski\u2026<\/b><\/i><b><br \/>\n<\/b>\n<\/div>\n<div align=\"justify\" style=\"line-height: 150%; margin-bottom: 0cm; text-indent: 1.3cm;\">\nNie<br \/>\nlitera zatem \u2013 <b>a<br \/>\nwiara!<\/b><br \/>\nPrawo Bo\u017ce \u2013 owszem,<br \/>\nale prze\u017cyte<br \/>\nprzez cz\u0142owieka i<br \/>\nniejako<br \/>\nprzekszta\u0142cone, <b>\u201e<\/b><b>przetworzone\u201d<\/b><b><br \/>\nna <\/b><b>konkretn\u0105<br \/>\n<\/b><b>postaw\u0119<br \/>\nwiary.<\/b><br \/>\nBo<br \/>\nsama litera <b>nie<br \/>\nwystarczy!<\/b><br \/>\nI literalne przestrzeganie Prawa <b>nie<br \/>\nwystarczy!<\/b><\/p>\n<\/div>\n<div align=\"justify\" style=\"line-height: 150%; margin-bottom: 0cm; text-indent: 1.3cm;\">\nPrzecie\u017c<br \/>\ntak w\u0142a\u015bnie post\u0119powali faryzeusze i uczeni w Pi\u015bmie, kt\u00f3rzy<br \/>\n<b>Prawo<br \/>\nbardzo dobrze znali<\/b><br \/>\ni wielu z nich bardzo go skrupulatnie przestrzega\u0142o. Co wi\u0119cej,<br \/>\ndopracowano si\u0119 <b>sze\u015bciuset<br \/>\ntrzynastu wi\u0119kszych i mniejszych przepis\u00f3w,<\/b><br \/>\nw kt\u00f3rych cz\u0142owiek nie posiadaj\u0105cy wykszta\u0142cenia nie m\u00f3g\u0142 si\u0119<br \/>\npo\u0142apa\u0107 ani tego ogarn\u0105\u0107. Wspomniani za\u015b<br \/>\nfaryzeusze<br \/>\norientowali si\u0119 w<br \/>\nnich,<br \/>\nale to te\u017c sprawia\u0142o, \u017ce cz\u0119sto <b>naginali<br \/>\n<\/b><b>j<\/b><b>e do swoich potrzeb<\/b><br \/>\ni trzymali prostych ludzi w strachu i niepewno\u015bci, \u017ce<br \/>\noto<br \/>\ntego lub tego przepisu nie przestrzegaj\u0105, a znowu tu lub tamto<br \/>\nprzeoczyli\u2026\n<\/div>\n<div align=\"justify\" style=\"line-height: 150%; margin-bottom: 0cm; text-indent: 1.3cm;\">\nI<br \/>\nto w\u0142a\u015bnie na nich \u2013 na duchowej elicie narodu \u2013 najlepiej<br \/>\nwida\u0107 by\u0142o <b>postaw\u0119<br \/>\nprzeciwn\u0105<\/b><br \/>\ndo tej, jak\u0105 prezentowa\u0142 Abraham, a jak\u0105 za wz\u00f3r daje \u015awi\u0119ty<br \/>\nPawe\u0142. Owi wysoko w hierarchii postawieni i znaj\u0105cy Prawo ludzie<br \/>\npokazali, jak mo\u017cna przestrzega\u0107 prawa Bo\u017cego \u2013 <b>praktycznie<br \/>\nnie wierz\u0105c w Boga! <\/b>Jak<br \/>\nmo\u017cna pilnowa\u0107 ka\u017cdej \u201eliterki\u201d i ka\u017cdego \u201eprzecinka\u201d, a<br \/>\ntotalnie odwr\u00f3ci\u0107 si\u0119 <b>plecami<br \/>\ndo Boga! <\/b>\n<\/div>\n<div align=\"justify\" style=\"line-height: 150%; margin-bottom: 0cm; text-indent: 1.3cm;\">\nI<b><br \/>\n<\/b>c\u00f3\u017c<br \/>\nz tego, \u017ce \u015bwietnie znali Prawo \u2013 je\u017celi <b>nie<br \/>\nznali<\/b><br \/>\n<b>Boga!<br \/>\n<\/b>Nie<br \/>\npoznali Go, nie zbli\u017cyli si\u0119 do Niego, nie uwierzyli w Niego, nie<br \/>\npokochali Go\u2026 Czy\u017c <b>sama<br \/>\nznajomo\u015b\u0107 Prawa<\/b><br \/>\nmog\u0142a w takiej sytuacji wystarczy\u0107?\n<\/div>\n<div align=\"justify\" style=\"line-height: 150%; margin-bottom: 0cm; text-indent: 1.3cm;\">\nW<br \/>\ntym kontek\u015bcie bardzo mocnym \u015bwiat\u0142em ja\u015bnieje przyk\u0142ad<br \/>\nAbrahama, kt\u00f3ry najpierw \u2013 jak pisze Pawe\u0142 \u2013 <i><b>wbrew<br \/>\nnadziei uwierzy\u0142 nadziei, \u017ce stanie si\u0119 ojcem wielu narod\u00f3w<br \/>\nzgodnie z tym, co by\u0142o powiedziane: \u201eTakie b\u0119dzie twoje<br \/>\npotomstwo\u201d;<\/b><\/i><b><br \/>\n<\/b>potem<br \/>\nza\u015b uwierzy\u0142 w Bo\u017ce plany i zamiary, kiedy us\u0142ysza\u0142 polecenie<br \/>\n<b>z\u0142o\u017ceni<\/b><b>a<\/b><b><br \/>\nw ofierze swego jedynego syna.<\/b><\/p>\n<\/div>\n<div align=\"justify\" style=\"line-height: 150%; margin-bottom: 0cm; text-indent: 1.3cm;\">\nW<br \/>\njednym<br \/>\ni drugim przypadku zosta\u0142 postawiony w sytuacji \u2013 po ludzku rzecz<br \/>\nujmuj\u0105c \u2013 <b>wr\u0119cz<br \/>\nabsurdalnej! <\/b>Bo<br \/>\nw<br \/>\njaki spos\u00f3b<br \/>\nmia\u0142 sta\u0107 si\u0119 ojcem mn\u00f3stwa narod\u00f3w <b>tak<br \/>\nstary m\u0119\u017cczyzna, <\/b>m\u0105\u017c<br \/>\n<b>r\u00f3wnie<br \/>\nstarej \u017cony? <\/b>A<br \/>\npotem, kiedy jednak ta niewiarygodna zapowied\u017a zacz\u0119\u0142a si\u0119<br \/>\nwype\u0142nia\u0107 i B\u00f3g da\u0142 im syna, to oto <b>niespodziewanie<br \/>\nza\u017c\u0105da\u0142 z\u0142o\u017cenia go w ofierze! Totalny absurd! <\/b>\n<\/div>\n<div align=\"justify\" style=\"line-height: 150%; margin-bottom: 0cm; text-indent: 1.3cm;\">\nPo<br \/>\nco wi\u0119c<br \/>\nby\u0142a<br \/>\nta ca\u0142a historia z narodzinami Izaaka, je\u017celi teraz <b>sam<br \/>\nojciec<\/b><br \/>\nmia\u0142<br \/>\ngo Bogu odda\u0107 \u2013 i<br \/>\nto jeszcze<br \/>\nsk\u0142adaj\u0105c w ofierze ca\u0142opalnej?<br \/>\nA przecie\u017c mia\u0142 by\u0107 ojcem mn\u00f3stwa narod\u00f3w \u2013 <b>o<br \/>\nco wi\u0119c Bogu chodzi? <\/b>\n<\/div>\n<div align=\"justify\" style=\"line-height: 150%; margin-bottom: 0cm; text-indent: 1.3cm;\">\nZapewne<br \/>\nz takimi w\u0105tpliwo\u015bciami Abraham mocowa\u0142 si\u0119 w tamtych pami\u0119tnych<br \/>\ndniach. Ale by\u0142o to <b>mocowanie<br \/>\n<\/b><b>si\u0119<\/b><b><br \/>\nwewn\u0119trzne,<\/b><br \/>\nbo nie wypowiedzia\u0142 ani jednego s\u0142owa skargi, tylko natychmiast<br \/>\npodj\u0105\u0142 realizacj\u0119 Bo\u017cego polecenia. Jak si\u0119 mia\u0142o szybko<br \/>\nokaza\u0107,<b><br \/>\nby\u0142a <\/b><b>to<br \/>\n<\/b><b>tylko<br \/>\npr\u00f3ba,<\/b><br \/>\nkt\u00f3ra nie tyle Boga przekona\u0142a do Abrahama, ale <b>samego<br \/>\nAbrahama przekona\u0142a,<\/b><br \/>\n\u017ce B\u00f3g jest dla niego naprawd\u0119 wa\u017cny \u2013 najwa\u017cniejszy! \u2013 i \u017ce<br \/>\njego wiara w Boga jest naprawd\u0119 silna i autentyczna.\n<\/div>\n<div align=\"justify\" style=\"line-height: 150%; margin-bottom: 0cm; text-indent: 1.3cm;\">\nI<br \/>\nto w\u0142a\u015bnie <b>taka<br \/>\nwiara prowadzi do zbawienia: <\/b>wiara,<br \/>\nkt\u00f3ra ka\u017ce cz\u0142owiekowi ca\u0142kowicie, absolutnie, bezgranicznie<br \/>\n<b>zaufa\u0107<br \/>\nBogu,<\/b><br \/>\na nie w\u0142asnym zdolno\u015bciom, dokonaniom czy wp\u0142ywom. Tylko taka<br \/>\nwiara daje cz\u0142owiekowi odwag\u0119 do tego, by \u2013 jak m\u00f3wi dzi\u015b Jezus<br \/>\n\u2013<b><br \/>\nprzyzna\u0107 si\u0119 do Niego przed lud\u017ami,<\/b><br \/>\nnie wstydzi\u0107 si\u0119 swego Boga, i<br \/>\nnawet<br \/>\nw obliczu prze\u015bladowa\u0144 nie obawia\u0107 si\u0119 przegranej.<\/div>\n<div align=\"justify\" style=\"line-height: 150%; margin-bottom: 0cm; text-indent: 1.3cm;\">\nZatem,<br \/>\ntylko<br \/>\nwiara \u2013 <b>taka<br \/>\nw\u0142a\u015bnie wiara! <\/b>Je\u017celi<br \/>\njej zabraknie, to i przestrzeganie sze\u015bciuset, czy nawet sze\u015bciu<br \/>\ntysi\u0119cy przepis\u00f3w \u2013 nic nie da. Je\u017celi prawo \u2013 nawet to<br \/>\nnaj\u015bwi\u0119tsze \u2013 stanie si\u0119 <b>automatem<\/b>,<br \/>\n<b>mechanizmem,<\/b><br \/>\na jego przestrzeganie stanie si\u0119 <b>sztuk\u0105<br \/>\ndla sztuki, <\/b>w\u00f3wczas<br \/>\nnie tylko nie doprowadzi to nikogo<br \/>\ndo<br \/>\nzbawienia, ale jeszcze stanie si\u0119 czym\u015b powszechnie<b><br \/>\n<\/b><b>gorsz\u0105cym!<br \/>\n<\/b>A<br \/>\nw najlepszym razie \u2013 \u015bmiesznym\u2026 Przestrzeganie<br \/>\nwi\u0119c Prawa<br \/>\n \u2013 tak! Ale <b>w<br \/>\nduchu najg\u0142\u0119bszej i najszczerszej wiary!<\/b><\/div>\n<div align=\"justify\" style=\"line-height: 150%; margin-bottom: 0cm; text-indent: 1.3cm;\">\nDobrze<br \/>\nto zrozumia\u0142 i w swoim niezwykle bogatym \u017cyciu zrealizowa\u0142, a<br \/>\nm\u0119cze\u0144sk\u0105 \u015bmierci\u0105 potwierdzi\u0142 \u2013 Patron dnia dzisiejszego,<b><br \/>\n\u015awi\u0119ty Ignacy Antioche\u0144ski.<\/b><br \/>\nNa<br \/>\njego temat<br \/>\nistnieje pi\u0119kna legenda, g\u0142osz\u0105ca, i\u017c <b>to<br \/>\nw\u0142a\u015bnie on by\u0142 tym szcz\u0119\u015bliwym dzieckiem,<\/b><br \/>\nkt\u00f3re kiedy\u015b Chrystus postawi\u0142 przed uczniami, m\u00f3wi\u0105c, \u017ce je\u015bli<br \/>\nsi\u0119 nie odmieni\u0105 i nie stan\u0105 jak dzieci, nie wejd\u0105 do Kr\u00f3lestwa<br \/>\nniebieskiego.<\/p>\n<\/div>\n<div align=\"justify\" style=\"line-height: 150%; margin-bottom: 0cm; text-indent: 1.25cm;\">\nW<br \/>\nrzeczywisto\u015bci, nie wiemy nic o latach dzieci\u0119cych i m\u0142odzie\u0144czych<br \/>\nIgnacego. <b>Spotykamy go<br \/>\ndopiero jako trzeciego z kolei biskupa Antiochii<\/b><br \/>\n\u2013 po \u015awi\u0119tym Piotrze Apostole i \u015awi\u0119tym Ewodiuszu. <b>W<br \/>\nczasie prze\u015bladowania za cesarza Trajana zosta\u0142 uwi\u0119ziony i<br \/>\nskazany na \u015bmier\u0107.<\/b><br \/>\nWys\u0142ano go pod eskort\u0105 \u017co\u0142nierzy do Rzymu, aby <b>tam<br \/>\nrzuci\u0107 na po\u017carcie dzikim zwierz\u0119tom<\/b><br \/>\nw czasie organizowanych w\u0142a\u015bnie igrzysk. W czasie podr\u00f3\u017cy do<br \/>\nRzymu Ignacy zatrzyma\u0142 si\u0119 w Smyrnie, gdzie czeka\u0142 na okr\u0119t.<br \/>\nKorzystaj\u0105c z chwilowej przerwy, <b>napisa\u0142<br \/>\ncztery listy do gmin chrze\u015bcija\u0144skich:<\/b><br \/>\nw Efezie, Magnezji, w Trallach i w Rzymie.\n<\/div>\n<div align=\"justify\" style=\"line-height: 150%; margin-bottom: 0cm; text-indent: 1.25cm;\">\nI<br \/>\nw\u0142a\u015bnie w Smyrnie wyszed\u0142 mu na spotkanie <b>\u015awi\u0119ty<br \/>\nPolikarp z liczn\u0105 delegacj\u0105, by uczci\u0107 w ten spos\u00f3b bohatera.<\/b><br \/>\nDostarczy\u0142 on Ignacemu materia\u0142u do pisania i zobowi\u0105za\u0142 si\u0119<br \/>\nodes\u0142a\u0107 jego listy do adresat\u00f3w. <b>W<br \/>\nTroadzie<\/b> Ignacy musia\u0142<br \/>\nponownie przesi\u0105\u015b\u0107 si\u0119 na inny okr\u0119t. Skorzysta\u0142<br \/>\nz okazji, by<b><br \/>\nnapisa\u0107 listy do Filadelfii, Smyrny i do \u015awi\u0119tego Polikarpa.<\/b><br \/>\nZ Troady dojechano do Neapolu, miasta w Macedonii, a st\u0105d Ignacy<br \/>\n<b>musia\u0142 pod\u0105\u017ca\u0107 pieszo<\/b><br \/>\n\u2013 pod eskort\u0105 \u2013 do Filippi, Salonik i Dyrrachium. Tam dopiero<br \/>\nwszyscy wsiedli na statek i dojechali nim do portu w\u0142oskiego,<br \/>\nBrindisi. St\u0105d znowu <b>pieszo<br \/>\nszli drog\u0105 l\u0105dow\u0105 \u2013 a\u017c do Rzymu.<\/b><br \/>\nDla osiemdziesi\u0119cioletniego starca <b>ca\u0142a<br \/>\nta podr\u00f3\u017c by\u0142a prawdziw\u0105 katorg\u0105.<\/b><\/p>\n<\/div>\n<div align=\"justify\" style=\"line-height: 150%; margin-bottom: 0cm; text-indent: 1.25cm;\">\nW<br \/>\nswoich listach Ignacy <b>wyrazi\u0142 \u017carliwo\u015b\u0107 wiary oraz g\u0142\u0119boki,<br \/>\nwr\u0119cz zaskakuj\u0105cy pok\u00f3j serca wobec czekaj\u0105cego go m\u0119cze\u0144stwa.<\/b><br \/>\nListy te s\u0105 wa\u017cnym dokumentem wiary pierwotnego Ko\u015bcio\u0142a. \u015awi\u0119ty<br \/>\nIgnacy <b>zgin\u0105\u0142 \u015bmierci\u0105 m\u0119cze\u0144sk\u0105<\/b> na arenie w Rzymie.<br \/>\nDzieje jego bohaterskiej \u015bmierci opisa\u0142o kilku Ojc\u00f3w Ko\u015bcio\u0142a.<br \/>\nPowszechnie przyjmuje si\u0119, \u017ce <b>mia\u0142a<\/b> <b>ona miejsce oko\u0142o<br \/>\nroku 107.<\/b> Chrze\u015bcijanie zebrali ze czci\u0105 pozosta\u0142e na arenie<br \/>\nko\u015bci M\u0119czennika, a potem przewie\u017ali je do Antiochii, by po kilku<br \/>\njeszcze przeniesieniach z miejsca na miejsce <b>relikwie \u015awi\u0119tego<br \/>\nM\u0119czennika mog\u0142y dotrze\u0107 do Rzymu.<\/b><\/div>\n<div align=\"justify\" style=\"line-height: 150%; margin-bottom: 0cm; text-indent: 1.25cm;\">\nUbogaceni<br \/>\nbohaterskim \u015bwiadectwem jego wiary, ale te\u017c ubogaceni m\u0105dro\u015bci\u0105<br \/>\nBo\u017cego s\u0142owa, zapytajmy samych siebie:<\/div>\n<div align=\"justify\" style=\"line-height: 150%; margin-bottom: 0cm;\">\n\u2013 Czy<br \/>\nwype\u0142niaj\u0105c przykazania, albo podejmuj\u0105c posty i wyrzeczenia \u2013<br \/>\nmy\u015bl\u0119 o Bogu i czyni\u0119 to naprawd\u0119 ze wzgl\u0119du na Niego?<\/div>\n<div align=\"justify\" style=\"line-height: 150%; margin-bottom: 0cm;\">\n\u2013 Czy<br \/>\nnie wstydz\u0119 si\u0119 przyzna\u0107 do Jezusa przed lud\u017ami?<\/div>\n<div align=\"justify\" style=\"line-height: 150%; margin-bottom: 0cm;\">\n\u2013 Czy<br \/>\nnie poddaj\u0119 si\u0119 rezygnacji lub zniech\u0119ceniu, gdy widz\u0119 b\u0142\u0119dy<br \/>\nlub nawet zgorszenia ze strony ludzi Ko\u015bcio\u0142a?<\/div>\n<p><\/p>\n<div align=\"justify\" style=\"line-height: 150%; margin-bottom: 0cm;\">\n<b><i>Kiedy<br \/>\nwas ci\u0105gn\u0105\u0107 b\u0119d\u0105 do synagog, urz\u0119d\u00f3w i w\u0142adz, nie martwcie<br \/>\nsi\u0119, w jaki spos\u00f3b albo czym macie si\u0119 broni\u0107 lub co m\u00f3wi\u0107, bo<br \/>\nDuch \u015awi\u0119ty nauczy was w tej w\u0142a\u015bnie godzinie, co m\u00f3wi\u0107 nale\u017cy\u2026<\/i><br \/>\n<\/b>\n<\/div>\n","protected":false},"excerpt":{"rendered":"<p>Szcz\u0119\u015b\u0107 Bo\u017ce! Moi Drodzy, przypominam, \u017ce trwa Synod i potrzebna jest nasza modlitwa. Bardzo Was o ni\u0105 prosz\u0119. Podobnie, jak prosz\u0119 o modlitw\u0119 we wszystkich intencjach, zapisanych w naszej Wielkiej Ksi\u0119dze. A czy pami\u0119tacie o naszej duchowej \u0142\u0105czno\u015bci o 20.00? &nbsp; &nbsp; &nbsp; &nbsp; &nbsp; &nbsp; Pozdrawiam i \u017cycz\u0119 b\u0142ogos\u0142awionego dnia! &nbsp; &nbsp; &nbsp; &nbsp; [&hellip;]<\/p>\n","protected":false},"author":1,"featured_media":0,"comment_status":"open","ping_status":"open","sticky":false,"template":"","format":"standard","meta":{"jetpack_post_was_ever_published":false,"_jetpack_newsletter_access":"","_jetpack_dont_email_post_to_subs":false,"_jetpack_newsletter_tier_id":0,"_jetpack_memberships_contains_paywalled_content":false,"_jetpack_memberships_contains_paid_content":false,"footnotes":""},"categories":[1],"tags":[],"class_list":["post-8238","post","type-post","status-publish","format-standard","hentry","category-bez-kategorii"],"yoast_head":"<!-- This site is optimized with the Yoast SEO plugin v25.1 - https:\/\/yoast.com\/wordpress\/plugins\/seo\/ -->\n<title>On to wbrew nadziei uwierzy\u0142 nadziei... - Gaudium Et Spes<\/title>\n<meta name=\"robots\" content=\"index, follow, max-snippet:-1, max-image-preview:large, max-video-preview:-1\" \/>\n<link rel=\"canonical\" href=\"https:\/\/gaudiumetspes-blog.pl\/index.php\/2015\/10\/17\/on-to-wbrew-nadziei-uwierzy-nadziei\/\" \/>\n<meta property=\"og:locale\" content=\"pl_PL\" \/>\n<meta property=\"og:type\" content=\"article\" \/>\n<meta property=\"og:title\" content=\"On to wbrew nadziei uwierzy\u0142 nadziei... - Gaudium Et Spes\" \/>\n<meta property=\"og:description\" content=\"Szcz\u0119\u015b\u0107 Bo\u017ce! Moi Drodzy, przypominam, \u017ce trwa Synod i potrzebna jest nasza modlitwa. Bardzo Was o ni\u0105 prosz\u0119. Podobnie, jak prosz\u0119 o modlitw\u0119 we wszystkich intencjach, zapisanych w naszej Wielkiej Ksi\u0119dze. A czy pami\u0119tacie o naszej duchowej \u0142\u0105czno\u015bci o 20.00? &nbsp; &nbsp; &nbsp; &nbsp; &nbsp; &nbsp; Pozdrawiam i \u017cycz\u0119 b\u0142ogos\u0142awionego dnia! &nbsp; &nbsp; &nbsp; &nbsp; [&hellip;]\" \/>\n<meta property=\"og:url\" content=\"https:\/\/gaudiumetspes-blog.pl\/index.php\/2015\/10\/17\/on-to-wbrew-nadziei-uwierzy-nadziei\/\" \/>\n<meta property=\"og:site_name\" content=\"Gaudium Et Spes\" \/>\n<meta property=\"article:published_time\" content=\"2015-10-17T02:09:00+00:00\" \/>\n<meta property=\"article:modified_time\" content=\"2019-07-31T10:55:50+00:00\" \/>\n<meta name=\"author\" content=\"Ks. Jacek\" \/>\n<meta name=\"twitter:card\" content=\"summary_large_image\" \/>\n<meta name=\"twitter:label1\" content=\"Napisane przez\" \/>\n\t<meta name=\"twitter:data1\" content=\"Ks. Jacek\" \/>\n\t<meta name=\"twitter:label2\" content=\"Szacowany czas czytania\" \/>\n\t<meta name=\"twitter:data2\" content=\"9 minut\" \/>\n<script type=\"application\/ld+json\" class=\"yoast-schema-graph\">{\"@context\":\"https:\/\/schema.org\",\"@graph\":[{\"@type\":\"WebPage\",\"@id\":\"https:\/\/gaudiumetspes-blog.pl\/index.php\/2015\/10\/17\/on-to-wbrew-nadziei-uwierzy-nadziei\/\",\"url\":\"https:\/\/gaudiumetspes-blog.pl\/index.php\/2015\/10\/17\/on-to-wbrew-nadziei-uwierzy-nadziei\/\",\"name\":\"On to wbrew nadziei uwierzy\u0142 nadziei... - Gaudium Et Spes\",\"isPartOf\":{\"@id\":\"https:\/\/gaudiumetspes-blog.pl\/#website\"},\"datePublished\":\"2015-10-17T02:09:00+00:00\",\"dateModified\":\"2019-07-31T10:55:50+00:00\",\"author\":{\"@id\":\"https:\/\/gaudiumetspes-blog.pl\/#\/schema\/person\/1661982992b752dea8dff0d4ed845a65\"},\"breadcrumb\":{\"@id\":\"https:\/\/gaudiumetspes-blog.pl\/index.php\/2015\/10\/17\/on-to-wbrew-nadziei-uwierzy-nadziei\/#breadcrumb\"},\"inLanguage\":\"pl-PL\",\"potentialAction\":[{\"@type\":\"ReadAction\",\"target\":[\"https:\/\/gaudiumetspes-blog.pl\/index.php\/2015\/10\/17\/on-to-wbrew-nadziei-uwierzy-nadziei\/\"]}]},{\"@type\":\"BreadcrumbList\",\"@id\":\"https:\/\/gaudiumetspes-blog.pl\/index.php\/2015\/10\/17\/on-to-wbrew-nadziei-uwierzy-nadziei\/#breadcrumb\",\"itemListElement\":[{\"@type\":\"ListItem\",\"position\":1,\"name\":\"Strona g\u0142\u00f3wna\",\"item\":\"https:\/\/gaudiumetspes-blog.pl\/\"},{\"@type\":\"ListItem\",\"position\":2,\"name\":\"On to&nbsp;wbrew nadziei uwierzy\u0142 nadziei&#8230;\"}]},{\"@type\":\"WebSite\",\"@id\":\"https:\/\/gaudiumetspes-blog.pl\/#website\",\"url\":\"https:\/\/gaudiumetspes-blog.pl\/\",\"name\":\"Gaudium Et Spes\",\"description\":\"Blog Ks. Jacka Ja\u015bkowskiego\",\"potentialAction\":[{\"@type\":\"SearchAction\",\"target\":{\"@type\":\"EntryPoint\",\"urlTemplate\":\"https:\/\/gaudiumetspes-blog.pl\/?s={search_term_string}\"},\"query-input\":{\"@type\":\"PropertyValueSpecification\",\"valueRequired\":true,\"valueName\":\"search_term_string\"}}],\"inLanguage\":\"pl-PL\"},{\"@type\":\"Person\",\"@id\":\"https:\/\/gaudiumetspes-blog.pl\/#\/schema\/person\/1661982992b752dea8dff0d4ed845a65\",\"name\":\"Ks. Jacek\",\"image\":{\"@type\":\"ImageObject\",\"inLanguage\":\"pl-PL\",\"@id\":\"https:\/\/gaudiumetspes-blog.pl\/#\/schema\/person\/image\/\",\"url\":\"https:\/\/gaudiumetspes-blog.pl\/wp-content\/uploads\/2019\/07\/avatar-JJ-150x150.jpg\",\"contentUrl\":\"https:\/\/gaudiumetspes-blog.pl\/wp-content\/uploads\/2019\/07\/avatar-JJ-150x150.jpg\",\"caption\":\"Ks. Jacek\"},\"description\":\"Witam serdecznie! K\u0142ania si\u0119 Ks. Jacek Ja\u015bkowski. Nie jestem ani kim\u015b wa\u017cnym, ani kim\u015b znanym. Jestem ksi\u0119dzem, kt\u00f3ry po prostu chce rozmawia\u0107. Codzienna kap\u0142a\u0144ska pos\u0142uga pokazuje mi, \u017ce temat\u00f3w do rozm\u00f3w z ksi\u0119dzem jest coraz wi\u0119cej i dzisiaj \u017caden ksi\u0105dz nie mo\u017ce od nich ucieka\u0107, ale - wprost przeciwnie - podejmowa\u0107 nowe wyzwania. To przekonanie sk\u0142oni\u0142o mnie do pr\u00f3by otwarcia tego\u017c bloga, chocia\u017c okazji do rozm\u00f3w na co dzie\u0144 - w konfesjonale i poza nim - na szcz\u0119\u015bcie nie brakuje. My\u015bl\u0119 jednak, \u017ce ten blog b\u0119dzie jeszcze jednym sposobem i przestrzeni\u0105 nawi\u0105zania kontaktu z lud\u017ami dobrej woli, otwartymi na dialog.\",\"url\":\"https:\/\/gaudiumetspes-blog.pl\/index.php\/author\/ks-jacek\/\"}]}<\/script>\n<!-- \/ Yoast SEO plugin. -->","yoast_head_json":{"title":"On to wbrew nadziei uwierzy\u0142 nadziei... - Gaudium Et Spes","robots":{"index":"index","follow":"follow","max-snippet":"max-snippet:-1","max-image-preview":"max-image-preview:large","max-video-preview":"max-video-preview:-1"},"canonical":"https:\/\/gaudiumetspes-blog.pl\/index.php\/2015\/10\/17\/on-to-wbrew-nadziei-uwierzy-nadziei\/","og_locale":"pl_PL","og_type":"article","og_title":"On to wbrew nadziei uwierzy\u0142 nadziei... - Gaudium Et Spes","og_description":"Szcz\u0119\u015b\u0107 Bo\u017ce! Moi Drodzy, przypominam, \u017ce trwa Synod i potrzebna jest nasza modlitwa. Bardzo Was o ni\u0105 prosz\u0119. Podobnie, jak prosz\u0119 o modlitw\u0119 we wszystkich intencjach, zapisanych w naszej Wielkiej Ksi\u0119dze. A czy pami\u0119tacie o naszej duchowej \u0142\u0105czno\u015bci o 20.00? &nbsp; &nbsp; &nbsp; &nbsp; &nbsp; &nbsp; Pozdrawiam i \u017cycz\u0119 b\u0142ogos\u0142awionego dnia! &nbsp; &nbsp; &nbsp; &nbsp; [&hellip;]","og_url":"https:\/\/gaudiumetspes-blog.pl\/index.php\/2015\/10\/17\/on-to-wbrew-nadziei-uwierzy-nadziei\/","og_site_name":"Gaudium Et Spes","article_published_time":"2015-10-17T02:09:00+00:00","article_modified_time":"2019-07-31T10:55:50+00:00","author":"Ks. Jacek","twitter_card":"summary_large_image","twitter_misc":{"Napisane przez":"Ks. Jacek","Szacowany czas czytania":"9 minut"},"schema":{"@context":"https:\/\/schema.org","@graph":[{"@type":"WebPage","@id":"https:\/\/gaudiumetspes-blog.pl\/index.php\/2015\/10\/17\/on-to-wbrew-nadziei-uwierzy-nadziei\/","url":"https:\/\/gaudiumetspes-blog.pl\/index.php\/2015\/10\/17\/on-to-wbrew-nadziei-uwierzy-nadziei\/","name":"On to wbrew nadziei uwierzy\u0142 nadziei... - Gaudium Et Spes","isPartOf":{"@id":"https:\/\/gaudiumetspes-blog.pl\/#website"},"datePublished":"2015-10-17T02:09:00+00:00","dateModified":"2019-07-31T10:55:50+00:00","author":{"@id":"https:\/\/gaudiumetspes-blog.pl\/#\/schema\/person\/1661982992b752dea8dff0d4ed845a65"},"breadcrumb":{"@id":"https:\/\/gaudiumetspes-blog.pl\/index.php\/2015\/10\/17\/on-to-wbrew-nadziei-uwierzy-nadziei\/#breadcrumb"},"inLanguage":"pl-PL","potentialAction":[{"@type":"ReadAction","target":["https:\/\/gaudiumetspes-blog.pl\/index.php\/2015\/10\/17\/on-to-wbrew-nadziei-uwierzy-nadziei\/"]}]},{"@type":"BreadcrumbList","@id":"https:\/\/gaudiumetspes-blog.pl\/index.php\/2015\/10\/17\/on-to-wbrew-nadziei-uwierzy-nadziei\/#breadcrumb","itemListElement":[{"@type":"ListItem","position":1,"name":"Strona g\u0142\u00f3wna","item":"https:\/\/gaudiumetspes-blog.pl\/"},{"@type":"ListItem","position":2,"name":"On to&nbsp;wbrew nadziei uwierzy\u0142 nadziei&#8230;"}]},{"@type":"WebSite","@id":"https:\/\/gaudiumetspes-blog.pl\/#website","url":"https:\/\/gaudiumetspes-blog.pl\/","name":"Gaudium Et Spes","description":"Blog Ks. Jacka Ja\u015bkowskiego","potentialAction":[{"@type":"SearchAction","target":{"@type":"EntryPoint","urlTemplate":"https:\/\/gaudiumetspes-blog.pl\/?s={search_term_string}"},"query-input":{"@type":"PropertyValueSpecification","valueRequired":true,"valueName":"search_term_string"}}],"inLanguage":"pl-PL"},{"@type":"Person","@id":"https:\/\/gaudiumetspes-blog.pl\/#\/schema\/person\/1661982992b752dea8dff0d4ed845a65","name":"Ks. Jacek","image":{"@type":"ImageObject","inLanguage":"pl-PL","@id":"https:\/\/gaudiumetspes-blog.pl\/#\/schema\/person\/image\/","url":"https:\/\/gaudiumetspes-blog.pl\/wp-content\/uploads\/2019\/07\/avatar-JJ-150x150.jpg","contentUrl":"https:\/\/gaudiumetspes-blog.pl\/wp-content\/uploads\/2019\/07\/avatar-JJ-150x150.jpg","caption":"Ks. Jacek"},"description":"Witam serdecznie! K\u0142ania si\u0119 Ks. Jacek Ja\u015bkowski. Nie jestem ani kim\u015b wa\u017cnym, ani kim\u015b znanym. Jestem ksi\u0119dzem, kt\u00f3ry po prostu chce rozmawia\u0107. Codzienna kap\u0142a\u0144ska pos\u0142uga pokazuje mi, \u017ce temat\u00f3w do rozm\u00f3w z ksi\u0119dzem jest coraz wi\u0119cej i dzisiaj \u017caden ksi\u0105dz nie mo\u017ce od nich ucieka\u0107, ale - wprost przeciwnie - podejmowa\u0107 nowe wyzwania. To przekonanie sk\u0142oni\u0142o mnie do pr\u00f3by otwarcia tego\u017c bloga, chocia\u017c okazji do rozm\u00f3w na co dzie\u0144 - w konfesjonale i poza nim - na szcz\u0119\u015bcie nie brakuje. My\u015bl\u0119 jednak, \u017ce ten blog b\u0119dzie jeszcze jednym sposobem i przestrzeni\u0105 nawi\u0105zania kontaktu z lud\u017ami dobrej woli, otwartymi na dialog.","url":"https:\/\/gaudiumetspes-blog.pl\/index.php\/author\/ks-jacek\/"}]}},"jetpack_featured_media_url":"","jetpack_sharing_enabled":true,"_links":{"self":[{"href":"https:\/\/gaudiumetspes-blog.pl\/index.php\/wp-json\/wp\/v2\/posts\/8238","targetHints":{"allow":["GET"]}}],"collection":[{"href":"https:\/\/gaudiumetspes-blog.pl\/index.php\/wp-json\/wp\/v2\/posts"}],"about":[{"href":"https:\/\/gaudiumetspes-blog.pl\/index.php\/wp-json\/wp\/v2\/types\/post"}],"author":[{"embeddable":true,"href":"https:\/\/gaudiumetspes-blog.pl\/index.php\/wp-json\/wp\/v2\/users\/1"}],"replies":[{"embeddable":true,"href":"https:\/\/gaudiumetspes-blog.pl\/index.php\/wp-json\/wp\/v2\/comments?post=8238"}],"version-history":[{"count":1,"href":"https:\/\/gaudiumetspes-blog.pl\/index.php\/wp-json\/wp\/v2\/posts\/8238\/revisions"}],"predecessor-version":[{"id":12305,"href":"https:\/\/gaudiumetspes-blog.pl\/index.php\/wp-json\/wp\/v2\/posts\/8238\/revisions\/12305"}],"wp:attachment":[{"href":"https:\/\/gaudiumetspes-blog.pl\/index.php\/wp-json\/wp\/v2\/media?parent=8238"}],"wp:term":[{"taxonomy":"category","embeddable":true,"href":"https:\/\/gaudiumetspes-blog.pl\/index.php\/wp-json\/wp\/v2\/categories?post=8238"},{"taxonomy":"post_tag","embeddable":true,"href":"https:\/\/gaudiumetspes-blog.pl\/index.php\/wp-json\/wp\/v2\/tags?post=8238"}],"curies":[{"name":"wp","href":"https:\/\/api.w.org\/{rel}","templated":true}]}}