{"id":8259,"date":"2015-09-26T04:02:00","date_gmt":"2015-09-26T02:02:00","guid":{"rendered":"https:\/\/gaudiumetspes-blog.pl\/index.php\/2015\/09\/26\/wowczas-liczne-narody-przyznaja-sie-do\/"},"modified":"2019-07-31T12:55:47","modified_gmt":"2019-07-31T10:55:47","slug":"wowczas-liczne-narody-przyznaja-sie-do","status":"publish","type":"post","link":"https:\/\/gaudiumetspes-blog.pl\/index.php\/2015\/09\/26\/wowczas-liczne-narody-przyznaja-sie-do\/","title":{"rendered":"W\u00f3wczas liczne narody przyznaj\u0105 si\u0119 do Pana!"},"content":{"rendered":"<div align=\"justify\" style=\"line-height: 150%; margin-bottom: 0cm;\">\nSzcz\u0119\u015b\u0107 Bo\u017ce! Moi Drodzy, dzisiaj w Diecezji Siedleckiej prze\u017cywamy liturgiczne Wspomnienie Matki Bo\u017cej Le\u015bnia\u0144skiej, ale czytania bierzemy z soboty 25 Tygodnia zwyk\u0142ego. Zapraszam Was, Kochani, na duchow\u0105 pielgrzymk\u0119 do tego Sanktuarium, znajduj\u0105cego si\u0119 tak blisko mojego rodzinnego miasta.&nbsp;<\/div>\n<div align=\"justify\" style=\"line-height: 150%; margin-bottom: 0cm;\">\n&nbsp; &nbsp; &nbsp; &nbsp; &nbsp; B\u0119dziemy si\u0119 tam razem modli\u0107 za Ojca \u015awi\u0119tego &#8211; jak nas o to prosi &#8211; aby Pan sam pomno\u017cy\u0142 b\u0142ogos\u0142awione owoce jego Pielgrzymki. A jednym z tych wymiar\u00f3w naszej modlitwy na pewno b\u0119dzie wielkie dzi\u0119kczynienie Bogu za wczorajsze fenomenalne przem\u00f3wienie Ojca \u015awi\u0119tego w Organizacji Narod\u00f3w Zjednoczonych. Oby dotar\u0142o do serc ludzi, rz\u0105dz\u0105cych dzisiaj \u015bwiatem!<\/div>\n<div align=\"justify\" style=\"line-height: 150%; margin-bottom: 0cm;\">\n&nbsp; &nbsp; &nbsp; &nbsp; &nbsp;\u017bycz\u0119 Wszystkim b\u0142ogos\u0142awionego dnia &#8211; pod opieku\u0144czym p\u0142aszczem Matki Bo\u017cej Le\u015bnia\u0144skiej!<br \/>&nbsp; &nbsp; &nbsp; &nbsp; &nbsp; &nbsp; &nbsp; &nbsp; &nbsp; &nbsp; &nbsp; &nbsp; &nbsp; &nbsp; &nbsp; &nbsp; &nbsp; &nbsp; &nbsp; &nbsp; Gaudium et spes! &nbsp;Ks. Jacek<\/div>\n<div align=\"justify\" style=\"line-height: 150%; margin-bottom: 0cm;\">\n<b><br \/><\/b><\/div>\n<div align=\"justify\" style=\"line-height: 150%; margin-bottom: 0cm;\">\n<b>Sobota<br \/>\n25 Tygodnia zwyk\u0142ego, rok I,<\/b><\/div>\n<div align=\"justify\" style=\"line-height: 150%; margin-bottom: 0cm;\">\n<b>Wspomnienie<br \/>\nNaj\u015bwi\u0119tszej Maryi Panny Le\u015bnia\u0144skiej,<\/b><\/div>\n<div align=\"justify\" style=\"line-height: 150%; margin-bottom: 0cm;\">\n<b>do<br \/>\nczyta\u0144:  Za 2,5\u20139.14\u201315a;  \u0141k 9,43b\u201345<\/b><\/div>\n<div align=\"justify\" style=\"line-height: 150%; margin-bottom: 0cm;\">\n<\/div>\n<div align=\"justify\" style=\"line-height: 150%; margin-bottom: 0cm;\">\n<b>CZYTANIE<br \/>\nZ KSI\u0118GI PROROKA ZACHARIASZA:<\/b><\/div>\n<div align=\"justify\" style=\"line-height: 150%; margin-bottom: 0cm; page-break-before: auto; text-indent: 1.3cm;\">\n<b>Podni\u00f3s\u0142szy<br \/>\noczy patrzy\u0142em. I oto zobaczy\u0142em cz\u0142owieka ze sznurem mierniczym w<br \/>\nr\u0119ku. Zapyta\u0142em go: \u201eDok\u0105d idziesz?\u201d A on rzek\u0142: \u201eChc\u0119<br \/>\nprzemierzy\u0107 Jerozolim\u0119, aby pozna\u0107 jej d\u0142ugo\u015b\u0107 i szeroko\u015b\u0107\u201d.<\/b><\/div>\n<div align=\"justify\" style=\"line-height: 150%; margin-bottom: 0cm; text-indent: 1.3cm;\">\n<b>I<br \/>\nwyst\u0105pi\u0142 anio\u0142, kt\u00f3ry do mnie m\u00f3wi\u0142, a przed nim stan\u0105\u0142 inny<br \/>\nanio\u0142, kt\u00f3remu on nakaza\u0142: \u201e\u015apiesz i powiedz temu m\u0142odzie\u0144cowi:<br \/>\n\u00abJerozolima pozostanie bez mur\u00f3w, gdy\u017c tak wiele ludzi i zwierz\u0105t<br \/>\nw niej b\u0119dzie\u00bb\u201d. <\/b>\n<\/div>\n<div align=\"justify\" style=\"line-height: 150%; margin-bottom: 0cm; text-indent: 1.3cm;\">\n\u201e<b>Ja<br \/>\nb\u0119d\u0119 doko\u0142a niej murem ognistym, m\u00f3wi Pan, a chwa\u0142a moja<br \/>\nzamieszka po\u015br\u00f3d niej\u201d. <\/b>\n<\/div>\n<div align=\"justify\" style=\"line-height: 150%; margin-bottom: 0cm; text-indent: 1.3cm;\">\n\u201e<b>Ciesz<br \/>\nsi\u0119 i raduj, C\u00f3ro Syjonu, bo ju\u017c id\u0119 i zamieszkam po\u015br\u00f3d<br \/>\nciebie, m\u00f3wi Pan. W\u00f3wczas liczne narody przyznaj\u0105 si\u0119 do Pana i<br \/>\nb\u0119d\u0105 ludem Jego, i zamieszkaj\u0105 po\u015br\u00f3d ciebie\u201d.<\/b><\/div>\n<div align=\"justify\" style=\"line-height: 150%; margin-bottom: 0cm;\">\n<\/div>\n<div align=\"justify\" style=\"line-height: 150%; margin-bottom: 0cm;\">\n<b>S\u0141OWA<br \/>\nEWANGELII WED\u0141UG \u015aWI\u0118TEGO \u0141UKASZA:<\/b><\/div>\n<div align=\"justify\" style=\"line-height: 150%; margin-bottom: 0cm; page-break-before: auto; text-indent: 1.3cm;\">\n<b>Gdy<br \/>\nwszyscy pe\u0142ni byli podziwu dla wszystkich czyn\u00f3w Jezusa, On<br \/>\npowiedzia\u0142 do swoich uczni\u00f3w: \u201eWe\u017acie wy sobie dobrze do serca<br \/>\nte w\u0142a\u015bnie s\u0142owa: Syn Cz\u0142owieczy b\u0119dzie wydany w r\u0119ce ludzi\u201d.<\/b><\/div>\n<div align=\"justify\" style=\"line-height: 150%; margin-bottom: 0cm; text-indent: 1.3cm;\">\n<b>Lecz<br \/>\noni nie rozumieli tego powiedzenia; by\u0142o ono zakryte przed nimi, tak<br \/>\n\u017ce go nie poj\u0119li, a bali si\u0119 zapyta\u0107 Go o nie.<\/b><\/div>\n<div align=\"justify\" style=\"line-height: 150%; margin-bottom: 0cm;\">\n<\/div>\n<div align=\"justify\" style=\"line-height: 150%; margin-bottom: 0cm; page-break-before: auto; text-indent: 1.3cm;\">\nDzisiejsze<br \/>\npierwsze czytanie, b\u0119d\u0105ce fragmentem Ksi\u0119gi Zachariasza, <b>przenosi<br \/>\nnas w spos\u00f3b niezwykle subtelny, <\/b>wr\u0119cz \u201ep\u0142ynny\u201d, z<br \/>\nrzeczywisto\u015bci doczesnej, dotykalnej i wymiernej, do<br \/>\nrzeczywisto\u015bci niebieskiej.\n<\/div>\n<div align=\"justify\" style=\"line-height: 150%; margin-bottom: 0cm; text-indent: 1.3cm;\">\nNa<br \/>\npocz\u0105tku bowiem czytania us\u0142yszeli\u015bmy: <i><b>Podni\u00f3s\u0142szy<br \/>\noczy patrzy\u0142em. I oto zobaczy\u0142em cz\u0142owieka ze sznurem mierniczym w<br \/>\nr\u0119ku. Zapyta\u0142em go: \u201eDok\u0105d idziesz?\u201d A on rzek\u0142: \u201eChc\u0119<br \/>\nprzemierzy\u0107 Jerozolim\u0119, aby pozna\u0107 jej d\u0142ugo\u015b\u0107 i szeroko\u015b\u0107\u201d.<\/b><\/i><b><br \/>\n<\/b>Jakkolwiek<br \/>\njest to wizja prorocka, to jednak przywodzi nam ona na my\u015bl ziemsk\u0105<br \/>\nrzeczywisto\u015b\u0107, kt\u00f3r\u0105 <b>wyznaczaj\u0105<br \/>\n<\/b><b>i<br \/>\nokre\u015blaj\u0105 <\/b><b>r\u00f3\u017cne<br \/>\nmiary.<\/b><\/div>\n<div align=\"justify\" style=\"line-height: 150%; margin-bottom: 0cm; text-indent: 1.3cm;\">\nAle<br \/>\nw<br \/>\ndalszej cz\u0119\u015bci wizji<br \/>\nokazuje<br \/>\nsi\u0119, \u017ce \u00f3w zaplanowany pomiar nie b\u0119dzie potrzebny, bo \u2013 jak<br \/>\ns\u0142yszeli\u015bmy \u2013 <i><b>Jerozolima<br \/>\npozostanie bez mur\u00f3w, gdy\u017c tak wiele ludzi i zwierz\u0105t w niej<br \/>\nb\u0119dzie.<\/b><\/i><b><br \/>\n<\/b>I<br \/>\nzaraz s\u0142yszymy nast\u0119puj\u0105ce<br \/>\nzapewnienie ze strony Boga: <i><b>Ja<br \/>\nb\u0119d\u0119 doko\u0142a niej murem ognistym, m\u00f3wi Pan, a chwa\u0142a moja<br \/>\nzamieszka po\u015br\u00f3d niej;<\/b><\/i><b><br \/>\n<\/b>oraz:<br \/>\n<i><b>Ciesz<br \/>\nsi\u0119 i raduj, C\u00f3ro Syjonu, bo ju\u017c id\u0119 i zamieszkam po\u015br\u00f3d<br \/>\nciebie, m\u00f3wi Pan. W\u00f3wczas liczne narody przyznaj\u0105 si\u0119 do Pana i<br \/>\nb\u0119d\u0105 ludem Jego, i zamieszkaj\u0105 po\u015br\u00f3d ciebie.<\/b><\/i><b><br \/>\n<\/b>\n<\/div>\n<div align=\"justify\" style=\"line-height: 150%; margin-bottom: 0cm; text-indent: 1.3cm;\">\nJerozolima,<br \/>\nto <b>niez<\/b><b>w<\/b><b>yk\u0142e<br \/>\nmiasto \u2013 Miasto Pokoju<\/b><br \/>\n\u2013 jest w Biblii szczeg\u00f3lnym znakiem Nieba, owego Jeruzalem<br \/>\nNiebieskiego. Prorok Zachariasz prowadzi nas dzisiaj do takiego<br \/>\nw\u0142a\u015bnie, <b>bardzo<br \/>\nszerokiego i g\u0142\u0119bokiego <\/b><b>jej<br \/>\npostrzegania<\/b>.<br \/>\nA jednocze\u015bnie uczy nas w ten spos\u00f3b, \u017ce tak<br \/>\npowinni\u015bmy tu, na ziemi, odbiera\u0107 <b>wszelkie<br \/>\nznaki Bo\u017cej obecno\u015bci<\/b><br \/>\ni Bo\u017cego dzia\u0142ania.\n<\/div>\n<div align=\"justify\" style=\"line-height: 150%; margin-bottom: 0cm; text-indent: 1.3cm;\">\nDlatego<br \/>\nte\u017c my,<br \/>\nwierz\u0105cy w Chrystusa i cz\u0142onkowie Jego Ko\u015bcio\u0142a, w taki w\u0142a\u015bnie<br \/>\nszeroki i wieloaspektowy spos\u00f3b pojmujemy<br \/>\nchocia\u017cby <b>samo<br \/>\npoj\u0119cie ko\u015bcio\u0142a i poj\u0119cie \u015bwi\u0105tyni.<\/b><br \/>\nOba te poj\u0119cia, pisane ma\u0142\u0105 liter\u0105,<br \/>\noznaczaj\u0105<br \/>\n<b>budynki,<br \/>\nobiekty sakralne.<\/b><br \/>\nJe\u017celi je jednak napisa\u0107 wielkimi literami, w\u00f3wczas b\u0119d\u0105<br \/>\noznacza\u0142y rzeczywisto\u015b\u0107 znacznie wi\u0119ksz\u0105: <b>wsp\u00f3lnot\u0119<br \/>\nwierz\u0105cych, <\/b>ale<br \/>\nte\u017c <b>Niebo<\/b><br \/>\njako duchow\u0105<br \/>\n\u015awi\u0105tyni\u0119 \u2013 miejsce<br \/>\nwiecznego przebywania zbawionych. Bardzo<br \/>\ncz\u0119sto te znaczenia niejako \u201ezlewaj\u0105 si\u0119\u201d w dniach rocznic<br \/>\npo\u015bwi\u0119cenia r\u00f3\u017cnych<br \/>\nnaszych \u015bwi\u0105ty\u0144.<\/p>\n<\/div>\n<div align=\"justify\" style=\"line-height: 150%; margin-bottom: 0cm; text-indent: 1.3cm;\">\nJednak<br \/>\nw ten sam spos\u00f3b powinni\u015bmy postrzega\u0107 <b>wszystkie<br \/>\n<\/b><b>inne<br \/>\n<\/b><b>znaki<br \/>\ni gesty, <\/b>obecne<br \/>\ni dokonywane w praktyce Ko\u015bcio\u0142a. M\u00f3wimy tu \u2013 poza wspomnianym<br \/>\nju\u017c budynkiem \u015bwi\u0105tyni \u2013 o takich przedmiotach, jak<b><br \/>\nkrzy\u017c, obraz, medalik, ksi\u0119ga Pisma \u015awi\u0119tego, r\u00f3\u017caniec\u2026<\/b><br \/>\nAle m\u00f3wimy te\u017c o takich znakach, jak <b>siedem<br \/>\nSakrament\u00f3w Ko\u015bcio\u0142a,<\/b><br \/>\nczy te\u017c <b>b\u0142ogos\u0142awie\u0144stwa,<br \/>\npo\u015bwi\u0119cenia, pokropienia\u2026<\/b><br \/>\nMo\u017cna tu zreszt\u0105 wymieni\u0107 znacznie wi\u0119cej r\u00f3\u017cnych znak\u00f3w i<br \/>\ngest\u00f3w.\n<\/div>\n<div align=\"justify\" style=\"line-height: 150%; margin-bottom: 0cm; text-indent: 1.3cm;\">\nWszystkie<br \/>\none, je\u017celi nie b\u0119d\u0105 kojarzone i \u0142\u0105czone z rzeczywisto\u015bci\u0105<br \/>\nniebiesk\u0105, je\u017celi nie b\u0119d\u0105 do niej bezpo\u015brednio prowadzi\u0107,<br \/>\noka\u017c\u0105 si\u0119 <b>magi\u0105,<br \/>\n<\/b><b>folklorem,<br \/>\nsuch\u0105 praktyk\u0105, pustym zwyczajem,<\/b><br \/>\na czasami \u2013 <b>uci\u0105\u017cliwym<br \/>\n<\/b><b>balastem<\/b><b>.<\/b><\/p>\n<\/div>\n<div align=\"justify\" style=\"line-height: 150%; margin-bottom: 0cm; text-indent: 1.3cm;\">\nDobrze<br \/>\nby\u0142oby zatem zawsze pami\u0119ta\u0107, \u017ce kiedy <b>wchodzimy<br \/>\ndo \u015bwi\u0105tyni<\/b><br \/>\njako budynku, wchodzimy naprawd\u0119 <b>do<br \/>\ndomu Bo\u017cego <\/b>i<br \/>\n\u017ce kiedy\u015b tak w\u0142a\u015bnie wejdziemy do Nieba, czyli wiecznej<br \/>\n\u015awi\u0105tyni.<br \/>\nI dobrze by\u0142oby pami\u0119ta\u0107,<br \/>\n\u017ce kiedy <b>wpat<\/b><b>r<\/b><b>ujemy<br \/>\nsi\u0119 w obraz, <\/b>przedstawiaj\u0105cy<br \/>\nJezusa, Maryj\u0119 lub innych \u015awi\u0119tych, w\u00f3wczas naprawd\u0119 powinni\u015bmy<br \/>\n<b>kierowa\u0107<br \/>\nnasze serca do tej w\u0142a\u015bnie \u015awi\u0119te<\/b><b>j<br \/>\nPostaci<\/b><b>,<\/b><br \/>\nby nawi\u0105za\u0107 z ni\u0105<br \/>\nduchow\u0105 \u0142\u0105czno\u015b\u0107, a nie zatrzymywa\u0107 ca\u0142ej uwagi na obrazie<br \/>\njako takim.\n<\/div>\n<div align=\"justify\" style=\"line-height: 150%; margin-bottom: 0cm; text-indent: 1.3cm;\">\nI<br \/>\ndobrze by\u0142oby tak\u017ce pami\u0119ta\u0107, \u017ce kiedy <b>s\u0142uchamy<br \/>\nczyta\u0144 mszalnych<\/b><br \/>\nlub sami<br \/>\nbierzemy do r\u0119ki Pismo \u015awi\u0119te i czytamy \u2013 coraz wi\u0119ksza to<br \/>\nrzadko\u015b\u0107! \u2013 w\u00f3wczas <b>sam<br \/>\nB\u00f3g do nas m\u00f3wi.<\/b><br \/>\nI dobrze by\u0142oby mie\u0107 w \u015bwiadomo\u015bci, \u017ce kiedy <b>przyjmujemy<br \/>\nb\u0142ogos\u0142awie\u0144stwo<\/b><br \/>\nz r\u0119ki Ojca \u015awi\u0119tego lub jakiegokolwiek biskupa, kap\u0142ana czy<br \/>\ndiakona \u2013 to naprawd\u0119 <b>sam<br \/>\nB\u00f3g nam b\u0142ogos\u0142awi.<\/b><\/p>\n<\/div>\n<div align=\"justify\" style=\"line-height: 150%; margin-bottom: 0cm; text-indent: 1.3cm;\">\nBo<br \/>\nPan naprawd\u0119 daje nam bardzo, bardzo wiele<b><br \/>\nznak\u00f3w<\/b><br \/>\n<b>swojej<br \/>\nblisko\u015bci<\/b><br \/>\ni swego dzia\u0142ania. Naszym zadaniem jest t\u0119 obecno\u015b\u0107 i to<br \/>\ndzia\u0142anie <b>dostrzec,<\/b><br \/>\nnie<br \/>\nzatrzymuj\u0105c<br \/>\nuwagi na samych tylko<br \/>\nznakach<br \/>\nczy gestach.\n<\/div>\n<div align=\"justify\" style=\"line-height: 150%; margin-bottom: 0cm; text-indent: 1.3cm;\">\nZreszt\u0105,<br \/>\ndo takiego g\u0142\u0119bszego spojrzenia zach\u0119ca nas tak\u017ce dzisiaj w<br \/>\nswojej Ewangelii sam<br \/>\nJezus,<br \/>\nnie<br \/>\npozwalaj\u0105c uczniom na skoncentrowanie <b>ca\u0142ej<br \/>\nuwagi na cudownych czynach,<\/b><br \/>\nkt\u00f3rych dokona\u0142. Je\u015bli tak mo\u017cna powiedzie\u0107, <b>studzi<br \/>\nrozgor\u0105czkowane g\u0142owy swoich uczni\u00f3w<\/b><br \/>\ndo\u015b\u0107 szokuj\u0105cym stwierdzeniem, \u017ce b\u0119dzie wydany w r\u0119ce ludzi. I<br \/>\ncho\u0107 dzisiaj na tym ko\u0144czy si\u0119 to stwierdzenie, to jednak my<br \/>\nwiemy, \u017ce w rzeczywisto\u015bci chodzi <b>o<br \/>\n<\/b><b>Jego<br \/>\nM\u0119k\u0119 i \u015amier\u0107.<\/b><br \/>\nDoprawdy,<br \/>\ntrudno si\u0119 dziwi\u0107, \u017ce uczniowie tego nie zrozumieli i \u017ce bali si\u0119<br \/>\no to dopytywa\u0107\u2026<\/div>\n<div align=\"justify\" style=\"line-height: 150%; margin-bottom: 0cm; text-indent: 1.3cm;\">\nNatomiast<br \/>\nna pewno przynajmniej tyle powinni zrozumie\u0107, \u017ce wszystko, co w<br \/>\nnauczaniu swego Mistrza s\u0142yszeli i w Jego dzia\u0142aniu<br \/>\nwidzieli \u2013 <b>ma<br \/>\nkierowa\u0107 ich uwag\u0119 ku sprawom <\/b><b>wiecznym<\/b><b>,<\/b><br \/>\nku sprawom g\u0142\u0119bszym<br \/>\ni doprowadzi\u0107 do zbawienia. Nie wolno im zatrzyma\u0107 uwagi tylko na<br \/>\ntym, co zewn\u0119trzne.\n<\/div>\n<div align=\"justify\" style=\"line-height: 150%; margin-bottom: 0cm; text-indent: 1.3cm;\">\nTakie<br \/>\nsamo<br \/>\nzadanie<br \/>\n\u2013 kierowania<br \/>\nuwagi i serc ludzkich ku sprawom niebieskim, sprawom wiecznym \u2013<br \/>\n<b>spe\u0142niaj\u0105<br \/>\nnasze<\/b><br \/>\n<b>sanktuaria.<\/b><br \/>\nA w\u015br\u00f3d nich \u2013 <b>Sanktuarium<br \/>\nMatki Bo\u017cej w Le\u015bnej Podlaskiej,<\/b><br \/>\ngdzie<br \/>\ncze\u015b\u0107 wiernych odbiera Matka<br \/>\nBo\u017ca w ma\u0142ym,<br \/>\nkamiennym wizerunku.<br \/>\nDzisiaj<br \/>\nw\u0142a\u015bnie<br \/>\nliturgiczne wspomnienie Matki Bo\u017cej Le\u015bnia\u0144skiej prze\u017cywa<br \/>\nDiecezja siedlecka. Dlaczego akurat<br \/>\nw Le\u015bnej Podlaskiej powsta\u0142o to Sanktuarium?<\/div>\n<div align=\"justify\" style=\"line-height: 150%; margin-bottom: 0cm; text-indent: 1.3cm;\">\nOt\u00f3\u017c,<br \/>\n<b>w<br \/>\ndniu <\/b><b>26<br \/>\nwrze\u015bnia 1683 r<\/b><b>oku,<\/b><br \/>\ndwaj ch\u0142opcy, pas\u0105cy byd\u0142o w<br \/>\npobli\u017cu tej miejscowo\u015bci,<br \/>\nznale\u017ali <b>na<br \/>\ndrzewie dzikiej gruszy ja\u015bniej\u0105cy obraz.<\/b><br \/>\nWizerunek zosta\u0142<br \/>\numieszczony w zbudowanym wkr\u00f3tce<br \/>\nko\u015bciele<br \/>\ni<br \/>\ntam<br \/>\nzacz\u0105\u0142 gromadzi\u0107 rzesze ludzi, a<br \/>\nw<br \/>\nmiejscu, gdzie \u2013 wed\u0142ug tradycji \u2013 ukaza\u0142 si\u0119 cudowny<br \/>\nwizerunek, zosta\u0142a zbudowana kaplica. Komisja biskupia dwukrotnie \u2013<br \/>\n<b>w<br \/>\n<\/b><b>roku<br \/>\n<\/b><b>1684<br \/>\ni 1700 \u2013 wyda\u0142a dekret<\/b><b>y<\/b><b><br \/>\no niezwyk\u0142o\u015bci \u0142ask.<\/b><\/p>\n<\/div>\n<div align=\"justify\" style=\"line-height: 150%; margin-bottom: 0cm; text-indent: 1.3cm;\">\nDo\u015bwiadczyli<br \/>\nich ju\u017c <b>w<br \/>\nczasie wyprawy pod Wiedniem Jan Micha\u0142owski i Grzegorz Kulczycki,<\/b><br \/>\nwys\u0142ani przez kr\u00f3la Jana III Sobieskiego do ksi\u0119cia Lotaryngii.<br \/>\nMusieli si\u0119 oni w przebraniu przedziera\u0107 przez ob\u00f3z turecki.<br \/>\n<b>Uratowali<br \/>\nsi\u0119, bo polecili si\u0119 opiece Mat<\/b><b>ki<\/b><b><br \/>\nBo\u017cej Le\u015bnia\u0144skiej<\/b><br \/>\ni kiedy wr\u00f3cili szcz\u0119\u015bliwie z wojny do kraju, z\u0142o\u017cyli Jej swoje<br \/>\nwota oraz zabrane Turkom pa\u0142asze.\n<\/div>\n<div align=\"justify\" style=\"line-height: 150%; margin-bottom: 0cm; text-indent: 1.3cm;\">\nSam\u0105<br \/>\nza\u015b Parafi\u0119<br \/>\nw Le\u015bnej Podlaskiej<br \/>\nerygowano w 1695 roku.<br \/>\nNa miejscu dawnego ko\u015bcio\u0142a z XVIII wieku,<br \/>\n<b>stoi<br \/>\nobecnie barokowy, murowany, <\/b><b>pi\u0119kny<\/b><b><br \/>\nko\u015bci\u00f3\u0142.<\/b><br \/>\nW jego<br \/>\no\u0142tarzu<br \/>\ng\u0142\u00f3wnym znajduje si\u0119 wyryta na kamieniu <b>p\u0142askorze\u017aba<br \/>\nMatki Bo\u017cej z Dzieci\u0105tkiem, pochodz\u0105ca z XVII w<\/b><b>ieku<\/b><b>.<\/b><br \/>\nOpiek\u0119 nad Wizerunkiem<br \/>\ni Parafi\u0105<br \/>\npowierzono zakonowi paulin\u00f3w. W okresie zabor\u00f3w klasztor zamkni\u0119to<br \/>\njednak za sprzyjanie Powstaniu<br \/>\nStyczniowemu,<br \/>\nale <b>g<\/b><b>or\u0105cy<br \/>\nkult Maryi Le\u015bnia\u0144skiej trwa\u0142 nieprzerwanie, <\/b>mimo<br \/>\nukrycia Obrazu<br \/>\n\u2013 w<br \/>\nniewiadomym miejscu \u2013 w<br \/>\nobawie przed zabraniem.\n<\/div>\n<div align=\"justify\" style=\"line-height: 150%; margin-bottom: 0cm; text-indent: 1.3cm;\">\nObraz<br \/>\nodnaleziono i w 1927 roku<br \/>\nuroczy\u015bcie wprowadzono do Le\u015bnej. Wizerunek <b>koronowa\u0142<br \/>\n\u2013 <\/b><b>w<br \/>\ndniu 18 sierpnia 1963 roku \u2013 K<\/b><b>ard<\/b><b>yna\u0142<\/b><b><br \/>\nStefan Wyszy\u0144ski, <\/b>Prymas<br \/>\nPolski. Natomiast <b>\u015awi\u0119ty<br \/>\nJan Pawe\u0142 II, w <\/b><b>roku<\/b><b><br \/>\n1984, podni\u00f3s\u0142 ko\u015bci\u00f3\u0142<\/b><b><br \/>\nle\u015bnia\u0144ski do godno\u015bci bazyliki mniejszej.<\/b><\/p>\n<\/div>\n<div align=\"justify\" style=\"line-height: 150%; margin-bottom: 0cm; text-indent: 1.3cm;\">\nWstawiennictwu<br \/>\nMatki Bo\u017cej Le\u015bnia\u0144skiej powierzamy dzi\u015b nasze <b>p<\/b><b>ragnienie<\/b><b><br \/>\ng<\/b><b>\u0142\u0119bokiego<br \/>\nzjednoczenia z Bogiem<\/b><br \/>\n<b>i<br \/>\n<\/b><b>poszukiwanie<\/b><b><br \/>\nw\u0142a\u015bciwego sensu<\/b><br \/>\nznak\u00f3w, jakie Pan nam daje.<\/div>\n<div align=\"justify\" style=\"line-height: 150%; margin-bottom: 0cm; text-indent: 1.3cm;\">\nI<br \/>\nw tym w\u0142a\u015bnie kontek\u015bcie zastan\u00f3wmy si\u0119:<\/div>\n<div align=\"justify\" style=\"line-height: 150%; margin-bottom: 0cm;\">\n\u2013<br \/>\nCzy<br \/>\nb\u0119d\u0105c na Mszy \u015awi\u0119tej \u2013 naprawd\u0119 uczestnicz\u0119 w Uczcie<br \/>\nChrystusa?<\/div>\n<div align=\"justify\" style=\"line-height: 150%; margin-bottom: 0cm;\">\n\u2013<br \/>\nCzy<br \/>\ns\u0142uchaj\u0105c tekst\u00f3w biblijnych \u2013 naprawd\u0119 s\u0142ucham samego Boga?<\/div>\n<div align=\"justify\" style=\"line-height: 150%; margin-bottom: 0cm;\">\n\u2013<br \/>\nCzy<br \/>\npielgrzymuj\u0105c do r\u00f3\u017cnych sanktuari\u00f3w \u2013 pragn\u0119 spotka\u0107 si\u0119 z<br \/>\nsamym Chrystusem, Maryj\u0105 i<br \/>\n\u015awi\u0119tymi?<\/div>\n<p><\/p>\n<div align=\"justify\" style=\"line-height: 150%; margin-bottom: 0cm;\">\n<i><b>Ja<br \/>\nb\u0119d\u0119 doko\u0142a niej murem ognistym, m\u00f3wi Pan, a chwa\u0142a moja<br \/>\nzamieszka po\u015br\u00f3d niej!<\/b><\/i><\/div>\n","protected":false},"excerpt":{"rendered":"<p>Szcz\u0119\u015b\u0107 Bo\u017ce! Moi Drodzy, dzisiaj w Diecezji Siedleckiej prze\u017cywamy liturgiczne Wspomnienie Matki Bo\u017cej Le\u015bnia\u0144skiej, ale czytania bierzemy z soboty 25 Tygodnia zwyk\u0142ego. Zapraszam Was, Kochani, na duchow\u0105 pielgrzymk\u0119 do tego Sanktuarium, znajduj\u0105cego si\u0119 tak blisko mojego rodzinnego miasta.&nbsp; &nbsp; &nbsp; &nbsp; &nbsp; &nbsp; B\u0119dziemy si\u0119 tam razem modli\u0107 za Ojca \u015awi\u0119tego &#8211; jak nas o [&hellip;]<\/p>\n","protected":false},"author":1,"featured_media":0,"comment_status":"open","ping_status":"open","sticky":false,"template":"","format":"standard","meta":{"jetpack_post_was_ever_published":false,"_jetpack_newsletter_access":"","_jetpack_dont_email_post_to_subs":false,"_jetpack_newsletter_tier_id":0,"_jetpack_memberships_contains_paywalled_content":false,"_jetpack_memberships_contains_paid_content":false,"footnotes":""},"categories":[1],"tags":[],"class_list":["post-8259","post","type-post","status-publish","format-standard","hentry","category-bez-kategorii"],"yoast_head":"<!-- This site is optimized with the Yoast SEO plugin v25.1 - https:\/\/yoast.com\/wordpress\/plugins\/seo\/ -->\n<title>W\u00f3wczas liczne narody przyznaj\u0105 si\u0119 do Pana! - Gaudium Et Spes<\/title>\n<meta name=\"robots\" content=\"index, follow, max-snippet:-1, max-image-preview:large, max-video-preview:-1\" \/>\n<link rel=\"canonical\" href=\"https:\/\/gaudiumetspes-blog.pl\/index.php\/2015\/09\/26\/wowczas-liczne-narody-przyznaja-sie-do\/\" \/>\n<meta property=\"og:locale\" content=\"pl_PL\" \/>\n<meta property=\"og:type\" content=\"article\" \/>\n<meta property=\"og:title\" content=\"W\u00f3wczas liczne narody przyznaj\u0105 si\u0119 do Pana! - Gaudium Et Spes\" \/>\n<meta property=\"og:description\" content=\"Szcz\u0119\u015b\u0107 Bo\u017ce! Moi Drodzy, dzisiaj w Diecezji Siedleckiej prze\u017cywamy liturgiczne Wspomnienie Matki Bo\u017cej Le\u015bnia\u0144skiej, ale czytania bierzemy z soboty 25 Tygodnia zwyk\u0142ego. Zapraszam Was, Kochani, na duchow\u0105 pielgrzymk\u0119 do tego Sanktuarium, znajduj\u0105cego si\u0119 tak blisko mojego rodzinnego miasta.&nbsp; &nbsp; &nbsp; &nbsp; &nbsp; &nbsp; B\u0119dziemy si\u0119 tam razem modli\u0107 za Ojca \u015awi\u0119tego &#8211; jak nas o [&hellip;]\" \/>\n<meta property=\"og:url\" content=\"https:\/\/gaudiumetspes-blog.pl\/index.php\/2015\/09\/26\/wowczas-liczne-narody-przyznaja-sie-do\/\" \/>\n<meta property=\"og:site_name\" content=\"Gaudium Et Spes\" \/>\n<meta property=\"article:published_time\" content=\"2015-09-26T02:02:00+00:00\" \/>\n<meta property=\"article:modified_time\" content=\"2019-07-31T10:55:47+00:00\" \/>\n<meta name=\"author\" content=\"Ks. Jacek\" \/>\n<meta name=\"twitter:card\" content=\"summary_large_image\" \/>\n<meta name=\"twitter:label1\" content=\"Napisane przez\" \/>\n\t<meta name=\"twitter:data1\" content=\"Ks. Jacek\" \/>\n\t<meta name=\"twitter:label2\" content=\"Szacowany czas czytania\" \/>\n\t<meta name=\"twitter:data2\" content=\"8 minut\" \/>\n<script type=\"application\/ld+json\" class=\"yoast-schema-graph\">{\"@context\":\"https:\/\/schema.org\",\"@graph\":[{\"@type\":\"WebPage\",\"@id\":\"https:\/\/gaudiumetspes-blog.pl\/index.php\/2015\/09\/26\/wowczas-liczne-narody-przyznaja-sie-do\/\",\"url\":\"https:\/\/gaudiumetspes-blog.pl\/index.php\/2015\/09\/26\/wowczas-liczne-narody-przyznaja-sie-do\/\",\"name\":\"W\u00f3wczas liczne narody przyznaj\u0105 si\u0119 do Pana! - Gaudium Et Spes\",\"isPartOf\":{\"@id\":\"https:\/\/gaudiumetspes-blog.pl\/#website\"},\"datePublished\":\"2015-09-26T02:02:00+00:00\",\"dateModified\":\"2019-07-31T10:55:47+00:00\",\"author\":{\"@id\":\"https:\/\/gaudiumetspes-blog.pl\/#\/schema\/person\/1661982992b752dea8dff0d4ed845a65\"},\"breadcrumb\":{\"@id\":\"https:\/\/gaudiumetspes-blog.pl\/index.php\/2015\/09\/26\/wowczas-liczne-narody-przyznaja-sie-do\/#breadcrumb\"},\"inLanguage\":\"pl-PL\",\"potentialAction\":[{\"@type\":\"ReadAction\",\"target\":[\"https:\/\/gaudiumetspes-blog.pl\/index.php\/2015\/09\/26\/wowczas-liczne-narody-przyznaja-sie-do\/\"]}]},{\"@type\":\"BreadcrumbList\",\"@id\":\"https:\/\/gaudiumetspes-blog.pl\/index.php\/2015\/09\/26\/wowczas-liczne-narody-przyznaja-sie-do\/#breadcrumb\",\"itemListElement\":[{\"@type\":\"ListItem\",\"position\":1,\"name\":\"Strona g\u0142\u00f3wna\",\"item\":\"https:\/\/gaudiumetspes-blog.pl\/\"},{\"@type\":\"ListItem\",\"position\":2,\"name\":\"W\u00f3wczas liczne narody przyznaj\u0105 si\u0119 do&nbsp;Pana!\"}]},{\"@type\":\"WebSite\",\"@id\":\"https:\/\/gaudiumetspes-blog.pl\/#website\",\"url\":\"https:\/\/gaudiumetspes-blog.pl\/\",\"name\":\"Gaudium Et Spes\",\"description\":\"Blog Ks. Jacka Ja\u015bkowskiego\",\"potentialAction\":[{\"@type\":\"SearchAction\",\"target\":{\"@type\":\"EntryPoint\",\"urlTemplate\":\"https:\/\/gaudiumetspes-blog.pl\/?s={search_term_string}\"},\"query-input\":{\"@type\":\"PropertyValueSpecification\",\"valueRequired\":true,\"valueName\":\"search_term_string\"}}],\"inLanguage\":\"pl-PL\"},{\"@type\":\"Person\",\"@id\":\"https:\/\/gaudiumetspes-blog.pl\/#\/schema\/person\/1661982992b752dea8dff0d4ed845a65\",\"name\":\"Ks. Jacek\",\"image\":{\"@type\":\"ImageObject\",\"inLanguage\":\"pl-PL\",\"@id\":\"https:\/\/gaudiumetspes-blog.pl\/#\/schema\/person\/image\/\",\"url\":\"https:\/\/gaudiumetspes-blog.pl\/wp-content\/uploads\/2019\/07\/avatar-JJ-150x150.jpg\",\"contentUrl\":\"https:\/\/gaudiumetspes-blog.pl\/wp-content\/uploads\/2019\/07\/avatar-JJ-150x150.jpg\",\"caption\":\"Ks. Jacek\"},\"description\":\"Witam serdecznie! K\u0142ania si\u0119 Ks. Jacek Ja\u015bkowski. Nie jestem ani kim\u015b wa\u017cnym, ani kim\u015b znanym. Jestem ksi\u0119dzem, kt\u00f3ry po prostu chce rozmawia\u0107. Codzienna kap\u0142a\u0144ska pos\u0142uga pokazuje mi, \u017ce temat\u00f3w do rozm\u00f3w z ksi\u0119dzem jest coraz wi\u0119cej i dzisiaj \u017caden ksi\u0105dz nie mo\u017ce od nich ucieka\u0107, ale - wprost przeciwnie - podejmowa\u0107 nowe wyzwania. To przekonanie sk\u0142oni\u0142o mnie do pr\u00f3by otwarcia tego\u017c bloga, chocia\u017c okazji do rozm\u00f3w na co dzie\u0144 - w konfesjonale i poza nim - na szcz\u0119\u015bcie nie brakuje. My\u015bl\u0119 jednak, \u017ce ten blog b\u0119dzie jeszcze jednym sposobem i przestrzeni\u0105 nawi\u0105zania kontaktu z lud\u017ami dobrej woli, otwartymi na dialog.\",\"url\":\"https:\/\/gaudiumetspes-blog.pl\/index.php\/author\/ks-jacek\/\"}]}<\/script>\n<!-- \/ Yoast SEO plugin. -->","yoast_head_json":{"title":"W\u00f3wczas liczne narody przyznaj\u0105 si\u0119 do Pana! - Gaudium Et Spes","robots":{"index":"index","follow":"follow","max-snippet":"max-snippet:-1","max-image-preview":"max-image-preview:large","max-video-preview":"max-video-preview:-1"},"canonical":"https:\/\/gaudiumetspes-blog.pl\/index.php\/2015\/09\/26\/wowczas-liczne-narody-przyznaja-sie-do\/","og_locale":"pl_PL","og_type":"article","og_title":"W\u00f3wczas liczne narody przyznaj\u0105 si\u0119 do Pana! - Gaudium Et Spes","og_description":"Szcz\u0119\u015b\u0107 Bo\u017ce! Moi Drodzy, dzisiaj w Diecezji Siedleckiej prze\u017cywamy liturgiczne Wspomnienie Matki Bo\u017cej Le\u015bnia\u0144skiej, ale czytania bierzemy z soboty 25 Tygodnia zwyk\u0142ego. Zapraszam Was, Kochani, na duchow\u0105 pielgrzymk\u0119 do tego Sanktuarium, znajduj\u0105cego si\u0119 tak blisko mojego rodzinnego miasta.&nbsp; &nbsp; &nbsp; &nbsp; &nbsp; &nbsp; B\u0119dziemy si\u0119 tam razem modli\u0107 za Ojca \u015awi\u0119tego &#8211; jak nas o [&hellip;]","og_url":"https:\/\/gaudiumetspes-blog.pl\/index.php\/2015\/09\/26\/wowczas-liczne-narody-przyznaja-sie-do\/","og_site_name":"Gaudium Et Spes","article_published_time":"2015-09-26T02:02:00+00:00","article_modified_time":"2019-07-31T10:55:47+00:00","author":"Ks. Jacek","twitter_card":"summary_large_image","twitter_misc":{"Napisane przez":"Ks. Jacek","Szacowany czas czytania":"8 minut"},"schema":{"@context":"https:\/\/schema.org","@graph":[{"@type":"WebPage","@id":"https:\/\/gaudiumetspes-blog.pl\/index.php\/2015\/09\/26\/wowczas-liczne-narody-przyznaja-sie-do\/","url":"https:\/\/gaudiumetspes-blog.pl\/index.php\/2015\/09\/26\/wowczas-liczne-narody-przyznaja-sie-do\/","name":"W\u00f3wczas liczne narody przyznaj\u0105 si\u0119 do Pana! - Gaudium Et Spes","isPartOf":{"@id":"https:\/\/gaudiumetspes-blog.pl\/#website"},"datePublished":"2015-09-26T02:02:00+00:00","dateModified":"2019-07-31T10:55:47+00:00","author":{"@id":"https:\/\/gaudiumetspes-blog.pl\/#\/schema\/person\/1661982992b752dea8dff0d4ed845a65"},"breadcrumb":{"@id":"https:\/\/gaudiumetspes-blog.pl\/index.php\/2015\/09\/26\/wowczas-liczne-narody-przyznaja-sie-do\/#breadcrumb"},"inLanguage":"pl-PL","potentialAction":[{"@type":"ReadAction","target":["https:\/\/gaudiumetspes-blog.pl\/index.php\/2015\/09\/26\/wowczas-liczne-narody-przyznaja-sie-do\/"]}]},{"@type":"BreadcrumbList","@id":"https:\/\/gaudiumetspes-blog.pl\/index.php\/2015\/09\/26\/wowczas-liczne-narody-przyznaja-sie-do\/#breadcrumb","itemListElement":[{"@type":"ListItem","position":1,"name":"Strona g\u0142\u00f3wna","item":"https:\/\/gaudiumetspes-blog.pl\/"},{"@type":"ListItem","position":2,"name":"W\u00f3wczas liczne narody przyznaj\u0105 si\u0119 do&nbsp;Pana!"}]},{"@type":"WebSite","@id":"https:\/\/gaudiumetspes-blog.pl\/#website","url":"https:\/\/gaudiumetspes-blog.pl\/","name":"Gaudium Et Spes","description":"Blog Ks. Jacka Ja\u015bkowskiego","potentialAction":[{"@type":"SearchAction","target":{"@type":"EntryPoint","urlTemplate":"https:\/\/gaudiumetspes-blog.pl\/?s={search_term_string}"},"query-input":{"@type":"PropertyValueSpecification","valueRequired":true,"valueName":"search_term_string"}}],"inLanguage":"pl-PL"},{"@type":"Person","@id":"https:\/\/gaudiumetspes-blog.pl\/#\/schema\/person\/1661982992b752dea8dff0d4ed845a65","name":"Ks. Jacek","image":{"@type":"ImageObject","inLanguage":"pl-PL","@id":"https:\/\/gaudiumetspes-blog.pl\/#\/schema\/person\/image\/","url":"https:\/\/gaudiumetspes-blog.pl\/wp-content\/uploads\/2019\/07\/avatar-JJ-150x150.jpg","contentUrl":"https:\/\/gaudiumetspes-blog.pl\/wp-content\/uploads\/2019\/07\/avatar-JJ-150x150.jpg","caption":"Ks. Jacek"},"description":"Witam serdecznie! K\u0142ania si\u0119 Ks. Jacek Ja\u015bkowski. Nie jestem ani kim\u015b wa\u017cnym, ani kim\u015b znanym. Jestem ksi\u0119dzem, kt\u00f3ry po prostu chce rozmawia\u0107. Codzienna kap\u0142a\u0144ska pos\u0142uga pokazuje mi, \u017ce temat\u00f3w do rozm\u00f3w z ksi\u0119dzem jest coraz wi\u0119cej i dzisiaj \u017caden ksi\u0105dz nie mo\u017ce od nich ucieka\u0107, ale - wprost przeciwnie - podejmowa\u0107 nowe wyzwania. To przekonanie sk\u0142oni\u0142o mnie do pr\u00f3by otwarcia tego\u017c bloga, chocia\u017c okazji do rozm\u00f3w na co dzie\u0144 - w konfesjonale i poza nim - na szcz\u0119\u015bcie nie brakuje. My\u015bl\u0119 jednak, \u017ce ten blog b\u0119dzie jeszcze jednym sposobem i przestrzeni\u0105 nawi\u0105zania kontaktu z lud\u017ami dobrej woli, otwartymi na dialog.","url":"https:\/\/gaudiumetspes-blog.pl\/index.php\/author\/ks-jacek\/"}]}},"jetpack_featured_media_url":"","jetpack_sharing_enabled":true,"_links":{"self":[{"href":"https:\/\/gaudiumetspes-blog.pl\/index.php\/wp-json\/wp\/v2\/posts\/8259","targetHints":{"allow":["GET"]}}],"collection":[{"href":"https:\/\/gaudiumetspes-blog.pl\/index.php\/wp-json\/wp\/v2\/posts"}],"about":[{"href":"https:\/\/gaudiumetspes-blog.pl\/index.php\/wp-json\/wp\/v2\/types\/post"}],"author":[{"embeddable":true,"href":"https:\/\/gaudiumetspes-blog.pl\/index.php\/wp-json\/wp\/v2\/users\/1"}],"replies":[{"embeddable":true,"href":"https:\/\/gaudiumetspes-blog.pl\/index.php\/wp-json\/wp\/v2\/comments?post=8259"}],"version-history":[{"count":1,"href":"https:\/\/gaudiumetspes-blog.pl\/index.php\/wp-json\/wp\/v2\/posts\/8259\/revisions"}],"predecessor-version":[{"id":12278,"href":"https:\/\/gaudiumetspes-blog.pl\/index.php\/wp-json\/wp\/v2\/posts\/8259\/revisions\/12278"}],"wp:attachment":[{"href":"https:\/\/gaudiumetspes-blog.pl\/index.php\/wp-json\/wp\/v2\/media?parent=8259"}],"wp:term":[{"taxonomy":"category","embeddable":true,"href":"https:\/\/gaudiumetspes-blog.pl\/index.php\/wp-json\/wp\/v2\/categories?post=8259"},{"taxonomy":"post_tag","embeddable":true,"href":"https:\/\/gaudiumetspes-blog.pl\/index.php\/wp-json\/wp\/v2\/tags?post=8259"}],"curies":[{"name":"wp","href":"https:\/\/api.w.org\/{rel}","templated":true}]}}