{"id":8292,"date":"2015-08-24T04:10:00","date_gmt":"2015-08-24T02:10:00","guid":{"rendered":"https:\/\/gaudiumetspes-blog.pl\/index.php\/2015\/08\/24\/znalezlismy-jezusa-z-nazaretu\/"},"modified":"2019-07-31T12:55:42","modified_gmt":"2019-07-31T10:55:42","slug":"znalezlismy-jezusa-z-nazaretu","status":"publish","type":"post","link":"https:\/\/gaudiumetspes-blog.pl\/index.php\/2015\/08\/24\/znalezlismy-jezusa-z-nazaretu\/","title":{"rendered":"Znale\u017ali\u015bmy Jezusa z Nazaretu!"},"content":{"rendered":"<div align=\"justify\" style=\"line-height: 150%; margin-bottom: 0cm;\">\nSzcz\u0119\u015b\u0107 Bo\u017ce! Moi Drodzy, w dniu liturgicznego \u015awi\u0119ta Aposto\u0142a Bart\u0142omieja,<b> z ca\u0142ego serca sk\u0142adam szczere \u017cyczenia imieninowe Bart\u0142omiejowi Przybyszowi, z by\u0142ej Wsp\u00f3lnoty m\u0142odzie\u017cowej w Tr\u0105bkach, aby tak, jak dot\u0105d, trwa\u0142 w jedno\u015bci z Chrystusem i Jego wol\u0119 realizowa\u0142 w swoim \u017cyciu. Obiecuj\u0119 wsparcie w modlitwie!<\/b><\/div>\n<div align=\"justify\" style=\"line-height: 150%; margin-bottom: 0cm;\">\n&nbsp; &nbsp; &nbsp; &nbsp; &nbsp; &nbsp; \u017bycz\u0119 Wszystkim b\u0142ogos\u0142awionego dnia!<\/div>\n<div align=\"justify\" style=\"line-height: 150%; margin-bottom: 0cm;\">\n&nbsp; &nbsp; &nbsp; &nbsp; &nbsp; &nbsp; &nbsp; &nbsp; &nbsp; &nbsp; &nbsp; &nbsp; &nbsp; &nbsp; &nbsp; &nbsp; &nbsp; &nbsp; &nbsp;Gaudium et spes! &nbsp;Ks. Jacek<\/div>\n<div align=\"justify\" style=\"line-height: 150%; margin-bottom: 0cm;\">\n<b><br \/><\/b><\/div>\n<div align=\"justify\" style=\"line-height: 150%; margin-bottom: 0cm;\">\n<b>\u015awi\u0119to<br \/>\n\u015aw. Bart\u0142omieja Aposto\u0142a,<\/b><\/div>\n<div align=\"justify\" style=\"line-height: 150%; margin-bottom: 0cm;\">\n<b>do<br \/>\nczyta\u0144 z t. VI Lekcjonarza:  Ap 21,9b\u201314;  J 1,45\u201351<\/b><\/div>\n<div align=\"justify\" style=\"line-height: 150%; margin-bottom: 0cm;\">\n<\/div>\n<div align=\"justify\" style=\"line-height: 150%; margin-bottom: 0cm;\">\n<b>CZYTANIE<br \/>\nZ KSI\u0118GI APOKALIPSY \u015aWI\u0118TEGO JANA APOSTO\u0141A:<\/b><\/div>\n<div align=\"justify\" style=\"line-height: 150%; margin-bottom: 0cm; text-indent: 1.25cm;\">\n<b>Anio\u0142<br \/>\ntak si\u0119 do mnie odezwa\u0142: \u201eChod\u017a, uka\u017c\u0119 ci Oblubienic\u0119,<br \/>\nMa\u0142\u017conk\u0119 Baranka\u201d. <\/b>\n<\/div>\n<div align=\"justify\" style=\"line-height: 150%; margin-bottom: 0cm; text-indent: 1.25cm;\">\n<b>I<br \/>\nuni\u00f3s\u0142 mnie w zachwyceniu na g\u00f3r\u0119 wielk\u0105 i wynios\u0142\u0105, i ukaza\u0142<br \/>\nmi Miasto \u015bwi\u0119te, Jeruzalem, zst\u0119puj\u0105ce z nieba od Boga, maj\u0105ce<br \/>\nchwa\u0142\u0119 Boga. \u0179r\u00f3d\u0142o jego \u015bwiat\u0142a podobne do kamienia<br \/>\ndrogocennego, jakby do jaspisu o przejrzysto\u015bci kryszta\u0142u.<\/b><\/div>\n<div align=\"justify\" style=\"line-height: 150%; margin-bottom: 0cm; text-indent: 1.25cm;\">\n<b>Mia\u0142o<br \/>\nono mur wielki a wysoki, mia\u0142o dwana\u015bcie bram, a na bramach<br \/>\ndwunastu anio\u0142\u00f3w i wypisane imiona, kt\u00f3re s\u0105 imionami dwunastu<br \/>\npokole\u0144 syn\u00f3w Izraela.<\/b><\/div>\n<div align=\"justify\" style=\"line-height: 150%; margin-bottom: 0cm; text-indent: 1.25cm;\">\n<b>Od<br \/>\nwschodu trzy bramy i od p\u00f3\u0142nocy trzy bramy, i od po\u0142udnia trzy<br \/>\nbramy, i od zachodu trzy bramy. A mur Miasta ma dwana\u015bcie warstw<br \/>\nfundamentu, a na nich dwana\u015bcie imion dwunastu aposto\u0142\u00f3w Baranka.<\/b><\/div>\n<div align=\"justify\" style=\"line-height: 150%; margin-bottom: 0cm;\">\n<\/div>\n<div align=\"justify\" style=\"line-height: 150%; margin-bottom: 0cm;\">\n<b>S\u0141OWA<br \/>\nEWANGELII WED\u0141UG \u015aWI\u0118TEGO JANA:<\/b><\/div>\n<div align=\"justify\" style=\"line-height: 150%; margin-bottom: 0cm; text-indent: 1.25cm;\">\n<b>Filip<br \/>\nspotka\u0142 Natanaela i powiedzia\u0142 do niego: \u201eZnale\u017ali\u015bmy Tego, o<br \/>\nkt\u00f3rym pisa\u0142 Moj\u017cesz w Prawie i Prorocy, Jezusa, syna J\u00f3zefa, z<br \/>\nNazaretu\u201d. <\/b>\n<\/div>\n<div align=\"justify\" style=\"line-height: 150%; margin-bottom: 0cm; text-indent: 1.25cm;\">\n<b>Rzek\u0142<br \/>\ndo niego Natanael: \u201eCzy\u017c mo\u017ce by\u0107 co dobrego z Nazaretu?\u201d <\/b>\n<\/div>\n<div align=\"justify\" style=\"line-height: 150%; margin-bottom: 0cm; text-indent: 1.25cm;\">\n<b>Odpowiedzia\u0142<br \/>\nmu Filip: \u201eChod\u017a i zobacz\u201d.<\/b><\/div>\n<div align=\"justify\" style=\"line-height: 150%; margin-bottom: 0cm; text-indent: 1.25cm;\">\n<b>Jezus<br \/>\nujrza\u0142, jak Natanael zbli\u017ca\u0142 si\u0119 do Niego, i powiedzia\u0142 o nim:<br \/>\n\u201ePatrz, to prawdziwy Izraelita, w kt\u00f3rym nie ma podst\u0119pu\u201d. <\/b>\n<\/div>\n<div align=\"justify\" style=\"line-height: 150%; margin-bottom: 0cm; text-indent: 1.25cm;\">\n<b>Powiedzia\u0142<br \/>\ndo Niego Natanael: \u201eSk\u0105d mnie znasz?\u201d <\/b>\n<\/div>\n<div align=\"justify\" style=\"line-height: 150%; margin-bottom: 0cm; text-indent: 1.25cm;\">\n<b>Odrzek\u0142<br \/>\nmu Jezus: \u201eWidzia\u0142em ci\u0119, zanim ci\u0119 zawo\u0142a\u0142 Filip, gdy by\u0142e\u015b<br \/>\npod drzewem figowym\u201d.<\/b><\/div>\n<div align=\"justify\" style=\"line-height: 150%; margin-bottom: 0cm; text-indent: 1.25cm;\">\n<b>Odpowiedzia\u0142<br \/>\nMu Natanael: \u201eRabbi, Ty jeste\u015b Synem Bo\u017cym, Ty jeste\u015b kr\u00f3lem<br \/>\nIzraela!\u201d <\/b>\n<\/div>\n<div align=\"justify\" style=\"line-height: 150%; margin-bottom: 0cm; text-indent: 1.25cm;\">\n<b>Odpar\u0142<br \/>\nmu Jezus: \u201eCzy dlatego wierzysz, \u017ce powiedzia\u0142em ci: \u201eWidzia\u0142em<br \/>\nci\u0119 pod drzewem figowym\u201d? Zobaczysz jeszcze wi\u0119cej ni\u017c to\u201d. <\/b>\n<\/div>\n<div align=\"justify\" style=\"line-height: 150%; margin-bottom: 0cm; text-indent: 1.25cm;\">\n<b>Potem<br \/>\npowiedzia\u0142 do niego: \u201eZaprawd\u0119, zaprawd\u0119, powiadam wam: Ujrzycie<br \/>\nniebiosa otwarte i anio\u0142\u00f3w Bo\u017cych wst\u0119puj\u0105cych i zst\u0119puj\u0105cych<br \/>\nna Syna Cz\u0142owieczego\u201d.<\/b><\/div>\n<div align=\"justify\" style=\"line-height: 150%; margin-bottom: 0cm;\">\n<\/div>\n<div align=\"justify\" style=\"line-height: 150%; margin-bottom: 0cm; page-break-before: auto; text-indent: 1.24cm;\">\nNa<br \/>\ntemat dzisiejszego Patrona tak m\u00f3wi\u0142<b> Papie\u017c Benedykt XVI,<\/b><br \/>\nna Audiencji generalnej, w Watykanie, w dniu <b>4 pa\u017adziernika 2006<br \/>\nroku: <\/b>\n<\/div>\n<div align=\"justify\" style=\"line-height: 150%; margin-bottom: 0cm; text-indent: 1.24cm;\">\n\u201eW<br \/>\nserii po\u015bwi\u0119conej <b>Aposto\u0142om,<\/b> powo\u0142anym przez Jezusa<br \/>\npodczas Jego ziemskiego \u017cycia, dzi\u015b nasz\u0105 uwag\u0119 po\u015bwi\u0119cimy<br \/>\n<b>A<\/b><b>posto\u0142owi<\/b> <b>Bart\u0142omiejowi. <\/b>W staro\u017cytnych<br \/>\nspisach Dwunastu jest on wymieniany zawsze <b>przed Mateuszem,<\/b><br \/>\njednak w Ewangeliach r\u00f3\u017cne s\u0105 imiona tych, kt\u00f3rzy s\u0105 przed nim \u2013<br \/>\nraz jest to Filip, innym razem Tomasz.\n<\/div>\n<div align=\"justify\" style=\"line-height: 150%; margin-bottom: 0cm; text-indent: 1.24cm;\">\nJego<br \/>\nimi\u0119 jest <b>odojcowskie,<\/b> gdy\u017c ma wyra\u017ane odniesienie do ojca.<br \/>\nChodzi prawdopodobnie o imi\u0119 pochodzenia aramejskiego \u2013 <b>\u201ebar<br \/>\nTalmaj\u201d, <\/b>co oznacza w\u0142a\u015bnie <b>\u201esyn Talmaja\u201d.<\/b>\n<\/div>\n<div align=\"justify\" style=\"line-height: 150%; margin-bottom: 0cm; text-indent: 1.24cm;\">\nO<br \/>\nBart\u0142omieju nie mamy wielu wiadomo\u015bci. Cho\u0107 jego imi\u0119 pojawia si\u0119<br \/>\nzawsze na li\u015bcie Dwunastu, <b>nie jest w centrum<\/b> \u017cadnego<br \/>\nopowiadania. Tradycyjnie jednak jest identyfikowany z <b>Natanaelem,<\/b><br \/>\nz imieniem oznaczaj\u0105cym: <b>\u201eB\u00f3g da\u0142\u201d.<\/b>\n<\/div>\n<div align=\"justify\" style=\"line-height: 150%; margin-bottom: 0cm; text-indent: 1.24cm;\">\nTen<br \/>\nNatanael <b>pochodzi\u0142 z Kany<\/b> i jest mo\u017cliwe, \u017ce by\u0142 \u015bwiadkiem<br \/>\nwielkiego znaku, jakiego Jezus dokona\u0142 w tym miejscu. Uto\u017csamianie<br \/>\ntych dw\u00f3ch os\u00f3b jest prawdopodobnie uzasadnione faktem, \u017ce<br \/>\nNatanael <b>w scenie powo\u0142ania, <\/b>przekazanej przez Ewangeli\u0119<br \/>\n\u015awi\u0119tego Jana, umieszczony jest obok Filipa, to znaczy <b>w<br \/>\nmiejscu, jakie Bart\u0142omiej ma<\/b> na li\u015bcie Aposto\u0142\u00f3w,<br \/>\nprzytoczonej przez inne Ewangelie.\n<\/div>\n<div align=\"justify\" style=\"line-height: 150%; margin-bottom: 0cm; text-indent: 1.24cm;\">\nTo<br \/>\ntemu Natanaelowi Filip zakomunikowa\u0142, \u017ce znalaz\u0142 <i><b>Tego, o<br \/>\nkt\u00f3rym pisa\u0142 Moj\u017cesz w <\/b><\/i><i><b>P<\/b><\/i><i><b>rawie i<br \/>\n<\/b><\/i><i><b>P<\/b><\/i><i><b>rorocy \u2013 Jezusa, syna J\u00f3zefa, z<br \/>\nNazaretu.<\/b><\/i> Jak wiemy, Natanael odpowiedzia\u0142, przedstawiaj\u0105c<br \/>\nmu do\u015b\u0107 powa\u017cne uprzedzenie: <i><b>Czy mo\u017ce by\u0107 co dobrego z<br \/>\nNazaretu?<\/b><\/i> Tego rodzaju w\u0105tpliwo\u015b\u0107 jest dla nas bardzo<br \/>\nwa\u017cna. Pozwala zobaczy\u0107, \u017ce \u2013 wed\u0142ug oczekiwa\u0144 \u017cydowskich \u2013<br \/>\nMesjasz <b>nie m\u00f3g\u0142 pochodzi\u0107 z miasteczka tak zacofanego,<\/b><br \/>\njakim by\u0142 Nazaret. R\u00f3wnocze\u015bnie pokazuje to wolno\u015b\u0107 Boga, kt\u00f3ry<br \/>\n<b>przewy\u017csza<\/b> <b>nasze<\/b> <b>oczekiwania,<\/b> sprawiaj\u0105c, \u017ce<br \/>\nznajdujemy Go w\u0142a\u015bnie tam, gdzie si\u0119 nie spodziewamy.\n<\/div>\n<div align=\"justify\" style=\"line-height: 150%; margin-bottom: 0cm; text-indent: 1.24cm;\">\nZ<br \/>\ndrugiej strony wiemy, \u017ce Jezus w rzeczywisto\u015bci nie by\u0142 wy\u0142\u0105cznie<br \/>\n<b>\u201ez Nazaretu\u201d,<\/b> ale <b>urodzi\u0142 si\u0119 w Betlejem,<\/b> za\u015b<br \/>\nostatecznie przyszed\u0142 od Ojca, kt\u00f3ry jest w Niebie. Wydarzenie z<br \/>\nNatanaelem sugeruje nam refleksj\u0119, \u017ce w naszej relacji z Jezusem<br \/>\nnie powinni\u015bmy <b>zadowala\u0107 si\u0119 tylko s\u0142owami.<\/b> Filip w swojej<br \/>\nodpowiedzi kieruje do Natanaela bardzo znacz\u0105ce zaproszenie: <i><b>Chod\u017a<br \/>\ni zobacz.<\/b><\/i>\n<\/div>\n<div align=\"justify\" style=\"line-height: 150%; margin-bottom: 0cm; text-indent: 1.24cm;\">\nNasze<br \/>\npoznanie Jezusa potrzebuje przede wszystkim <b>\u017cywego do\u015bwiadczenia:<br \/>\n<\/b>\u015bwiadectwo innych jest bardzo wa\u017cne, gdy\u017c z regu\u0142y ca\u0142e<br \/>\nnasze \u017cycie chrze\u015bcija\u0144skie <b>rozpoczyna si\u0119 od zwiastowania,<\/b><br \/>\nkt\u00f3re dociera do nas za po\u015brednictwem jednego lub wi\u0119kszej liczby<br \/>\n\u015bwiadk\u00f3w. Jednak\u017ce musimy <b>przekona\u0107 si\u0119 osobi\u015bcie,<\/b> w<br \/>\nostatecznym i g\u0142\u0119bokim spotkaniu z Jezusem, w spos\u00f3b analogiczny<br \/>\ndo Samarytan, kt\u00f3rzy po us\u0142yszeniu \u015bwiadectwa ich wsp\u00f3\u0142mieszkanki,<br \/>\nkt\u00f3r\u0105 Jezus spotka\u0142 przy studni Jakuba, chcieli bezpo\u015brednio z<br \/>\nNim rozmawia\u0107. Po tej rozmowie powiedzieli do kobiety: <i><b>Wierzymy<br \/>\nju\u017c nie dzi\u0119ki twemu opowiadaniu, us\u0142yszeli\u015bmy bowiem na w\u0142asne<br \/>\nuszy i wiemy, \u017ce On prawdziwie jest Zbawicielem \u015bwiata.<\/b><\/i>\n<\/div>\n<div align=\"justify\" style=\"line-height: 150%; margin-bottom: 0cm; text-indent: 1.24cm;\">\nPowracaj\u0105c<br \/>\ndo sceny powo\u0142ania, Ewangelista przekazuje nam, i\u017c Jezus, gdy<br \/>\nzobaczy\u0142 Natanaela zbli\u017caj\u0105cego si\u0119 do Niego, zawo\u0142a\u0142: <i><b>Oto<br \/>\nprawdziwy Izraelita, w kt\u00f3rym nie ma podst\u0119pu. <\/b><\/i>Chodzi tutaj<br \/>\no pochwa\u0142\u0119, kt\u00f3ra przywo\u0142uje tekst Psalmu: <i><b>Szcz\u0119\u015bliwy<br \/>\ncz\u0142owiek, w kt\u00f3rego duszy nie kryje si\u0119 podst\u0119p,<\/b><\/i> a kt\u00f3ra<br \/>\njednak wywo\u0142uje ciekawo\u015b\u0107 u Natanaela, bo odpowie on ze<br \/>\nzdziwieniem: <i><b>Sk\u0105d mnie znasz?<\/b><\/i>\n<\/div>\n<div align=\"justify\" style=\"line-height: 150%; margin-bottom: 0cm; text-indent: 1.24cm;\">\nOdpowied\u017a<br \/>\nJezusa jest w pierwszej chwili niezrozumia\u0142a. M\u00f3wi On: <i><b>Widzia\u0142em<br \/>\nci\u0119, zanim ci\u0119 zawo\u0142a\u0142 Filip, gdy by\u0142e\u015b pod drzewem figowym.<\/b><\/i><br \/>\nNie wiemy, co wydarzy\u0142o si\u0119 pod t\u0105 fig\u0105. Jest oczywiste, \u017ce<br \/>\nchodzi o <b>decyduj\u0105cy moment<\/b> w \u017cyciu Natanaela. Poczu\u0142 si\u0119<br \/>\ndotkni\u0119ty w g\u0142\u0119bi serca przez te s\u0142owa Jezusa i zrozumia\u0142: <b>ten<br \/>\nCz\u0142owiek wie o mnie wszystko.<\/b> On wie i zna drogi mojego \u017cycia,<br \/>\ntemu Cz\u0142owiekowi mog\u0119 rzeczywi\u015bcie zaufa\u0107. I odpowiada jasnym i<br \/>\npi\u0119knym wyznaniem wiary, m\u00f3wi\u0105c: <i><b>Rabbi, Ty jeste\u015b Synem<br \/>\nBo\u017cym, Ty jeste\u015b Kr\u00f3lem Izraela! <\/b><\/i>\n<\/div>\n<div align=\"justify\" style=\"line-height: 150%; margin-bottom: 0cm; text-indent: 1.24cm;\">\nW<br \/>\ntym wyznaniu znajdujemy pierwszy, bardzo wa\u017cny krok drogi<br \/>\nprzylgni\u0119cia do Jezusa. S\u0142owa Natanaela pokazuj\u0105 <b>podw\u00f3jny<\/b><br \/>\n<b>aspekt<\/b> to\u017csamo\u015bci Jezusa: jest On rozpoznawany zar\u00f3wno w<br \/>\nswojej <b>specjalnej relacji z Bogiem Ojcem,<\/b> kt\u00f3rego jest<br \/>\njedynym Synem, jak i <b>w relacji z ludem Izraela, <\/b>kt\u00f3rego jest<br \/>\nKr\u00f3lem, co jest przymiotem oczekiwanego Mesjasza. Nie mo\u017cemy nigdy<br \/>\ntraci\u0107 z oczu ani jednej, ani drugiej rzeczywisto\u015bci, gdy\u017c uznaj\u0105c<br \/>\nw Jezusie <b>tylko wymiar niebia\u0144ski, <\/b>ryzykujemy, i\u017c widzimy w<br \/>\nNim tylko byt odwieczny; albo uznajemy w Nim <b>tylko konkretne<br \/>\numiejscowienie w historii<\/b> i pomijamy Jego Boski wymiar, kt\u00f3ry Go<br \/>\nokre\u015bla.\n<\/div>\n<div align=\"justify\" style=\"line-height: 150%; margin-bottom: 0cm; text-indent: 1.24cm;\">\nNie<br \/>\nmamy precyzyjnych informacji na temat dzia\u0142alno\u015bci apostolskiej<br \/>\nBart\u0142omieja \u2013 Natanaela. Wed\u0142ug informacji przekazanej przez<br \/>\nhistoryka Euzebiusza w IV wieku, niejaki Panten mia\u0142 znale\u017a\u0107 <b>w<br \/>\nIndiach znaki obecno\u015bci Bart\u0142omieja. <\/b>W p\u00f3\u017aniejszej tradycji,<br \/>\npocz\u0105wszy od \u015aredniowiecza, przekazana zosta\u0142a opowie\u015b\u0107 o jego<br \/>\n\u015bmierci przez obdarcie ze sk\u00f3ry, kt\u00f3ra sta\u0142a si\u0119 potem<br \/>\npopularna.\n<\/div>\n<div align=\"justify\" style=\"line-height: 150%; margin-bottom: 0cm; text-indent: 1.24cm;\">\nMy\u015blimy<br \/>\no bardzo znanej scenie S\u0105du Ostatecznego w Kaplicy Syksty\u0144skiej, w<br \/>\nkt\u00f3rej Micha\u0142 Anio\u0142 namalowa\u0142 \u015awi\u0119tego Bart\u0142omieja<br \/>\n<b>trzymaj\u0105cego w lewej r\u0119ce w\u0142asn\u0105 sk\u00f3r\u0119,<\/b> na kt\u00f3rej<br \/>\nartysta pozostawi\u0142 sw\u00f3j portret. Relikwie \u015awi\u0119tego Bart\u0142omieja<br \/>\nczczone s\u0105 w Rzymie, w ko\u015bciele jemu po\u015bwi\u0119conym, na Wyspie<br \/>\nTyberty\u0144skiej, gdzie zosta\u0142y przywiezione przez cesarza<br \/>\nniemieckiego <b>Ottona III w 983 r<\/b><b>oku<\/b><b>. <\/b>\n<\/div>\n<div align=\"justify\" style=\"line-height: 150%; margin-bottom: 0cm; text-indent: 1.24cm;\">\nKo\u0144cz\u0105c,<br \/>\nmo\u017cemy powiedzie\u0107, \u017ce posta\u0107 \u015awi\u0119tego Bart\u0142omieja, pomimo<br \/>\nnielicznych informacji, jest dla nas wzorem ukazuj\u0105cym, i\u017c<br \/>\nprzylgni\u0119cie do Jezusa mo\u017ce by\u0107 prze\u017cywane i \u015bwiadczone r\u00f3wnie\u017c<br \/>\n<b>bez dokonania rzeczy nadzwyczajnych. <\/b>Nadzwyczajny jest i<br \/>\npozostaje <b>sam Jezus,<\/b> dla kt\u00f3rego ka\u017cdy z nas jest powo\u0142any,<br \/>\naby po\u015bwi\u0119ci\u0107 Mu w\u0142asne \u017cycie oraz w\u0142asn\u0105 \u015bmier\u0107.\u201d Tyle z<br \/>\nrozwa\u017cania Benedykta XVI.<\/div>\n<div align=\"justify\" style=\"line-height: 150%; margin-bottom: 0cm; text-indent: 1.24cm;\">\nMy<br \/>\nza\u015b, s\u0142uchaj\u0105c tej katechezy, a wcze\u015bniej tak\u017ce Bo\u017cego s\u0142owa,<br \/>\nprzeznaczonego na dzisiejsze \u015bwi\u0105teczne wspomnienie Aposto\u0142a<br \/>\nBart\u0142omieja, prosimy Pana, aby zechcia\u0142 <b>zawsze nas \u201eznajdowa\u0107\u201d<\/b><br \/>\ni do siebie zaprasza\u0107 \u2013 zw\u0142aszcza, kiedy nasze drogi b\u0119d\u0105 coraz<br \/>\nbardziej od Niego si\u0119 oddala\u0142y \u2013 ale tak\u017ce aby <b>sam pozwala\u0142<br \/>\nsi\u0119 nam \u201eznajdowa\u0107\u201d.<\/b> Aby\u015bmy i my mogli cz\u0119sto m\u00f3wi\u0107 z<br \/>\ng\u0142\u0119bokim przekonaniem i z wielk\u0105 rado\u015bci\u0105: <i><b>Znale\u017ali\u015bmy<\/b><\/i><b><br \/>\n[\u2026] <\/b><i><b>Jezusa!<\/b><\/i><\/div>\n<div align=\"justify\" style=\"line-height: 150%; margin-bottom: 0cm; text-indent: 1.24cm;\">\nW<br \/>\ntym kontek\u015bcie pomy\u015blmy:<\/div>\n<div align=\"justify\" style=\"line-height: 150%; margin-bottom: 0cm;\">\n\u2013 Czy<br \/>\ndostrzegam dzia\u0142anie Jezusa w najbardziej zwyczajnych<br \/>\nokoliczno\u015bciach mojego \u017cycia?<\/div>\n<div align=\"justify\" style=\"line-height: 150%; margin-bottom: 0cm;\">\n\u2013 Czy<br \/>\ndaj\u0119 si\u0119 Jezusowi \u201eznale\u017a\u0107\u201d, kiedy szuka mnie we Mszy<br \/>\n\u015awi\u0119tej, w Sakramentach i na modlitwie?<\/div>\n<div align=\"justify\" style=\"line-height: 150%; margin-bottom: 0cm;\">\n\u2013 Czy<br \/>\npotrafi\u0119 dostrzega\u0107 i docenia\u0107 dobro w innych?<\/div>\n<p><\/p>\n<div align=\"justify\" style=\"line-height: 150%; margin-bottom: 0cm;\">\n<i><b>I<br \/>\nukaza\u0142 mi Miasto \u015bwi\u0119te, Jeruzalem, zst\u0119puj\u0105ce z nieba od Boga,<br \/>\nmaj\u0105ce chwa\u0142\u0119 Boga!<\/b><\/i><\/div>\n","protected":false},"excerpt":{"rendered":"<p>Szcz\u0119\u015b\u0107 Bo\u017ce! Moi Drodzy, w dniu liturgicznego \u015awi\u0119ta Aposto\u0142a Bart\u0142omieja, z ca\u0142ego serca sk\u0142adam szczere \u017cyczenia imieninowe Bart\u0142omiejowi Przybyszowi, z by\u0142ej Wsp\u00f3lnoty m\u0142odzie\u017cowej w Tr\u0105bkach, aby tak, jak dot\u0105d, trwa\u0142 w jedno\u015bci z Chrystusem i Jego wol\u0119 realizowa\u0142 w swoim \u017cyciu. Obiecuj\u0119 wsparcie w modlitwie! &nbsp; &nbsp; &nbsp; &nbsp; &nbsp; &nbsp; \u017bycz\u0119 Wszystkim b\u0142ogos\u0142awionego dnia! [&hellip;]<\/p>\n","protected":false},"author":1,"featured_media":0,"comment_status":"open","ping_status":"open","sticky":false,"template":"","format":"standard","meta":{"jetpack_post_was_ever_published":false,"_jetpack_newsletter_access":"","_jetpack_dont_email_post_to_subs":false,"_jetpack_newsletter_tier_id":0,"_jetpack_memberships_contains_paywalled_content":false,"_jetpack_memberships_contains_paid_content":false,"footnotes":""},"categories":[1],"tags":[],"class_list":["post-8292","post","type-post","status-publish","format-standard","hentry","category-bez-kategorii"],"yoast_head":"<!-- This site is optimized with the Yoast SEO plugin v25.1 - https:\/\/yoast.com\/wordpress\/plugins\/seo\/ -->\n<title>Znale\u017ali\u015bmy Jezusa z Nazaretu! - Gaudium Et Spes<\/title>\n<meta name=\"robots\" content=\"index, follow, max-snippet:-1, max-image-preview:large, max-video-preview:-1\" \/>\n<link rel=\"canonical\" href=\"https:\/\/gaudiumetspes-blog.pl\/index.php\/2015\/08\/24\/znalezlismy-jezusa-z-nazaretu\/\" \/>\n<meta property=\"og:locale\" content=\"pl_PL\" \/>\n<meta property=\"og:type\" content=\"article\" \/>\n<meta property=\"og:title\" content=\"Znale\u017ali\u015bmy Jezusa z Nazaretu! - Gaudium Et Spes\" \/>\n<meta property=\"og:description\" content=\"Szcz\u0119\u015b\u0107 Bo\u017ce! Moi Drodzy, w dniu liturgicznego \u015awi\u0119ta Aposto\u0142a Bart\u0142omieja, z ca\u0142ego serca sk\u0142adam szczere \u017cyczenia imieninowe Bart\u0142omiejowi Przybyszowi, z by\u0142ej Wsp\u00f3lnoty m\u0142odzie\u017cowej w Tr\u0105bkach, aby tak, jak dot\u0105d, trwa\u0142 w jedno\u015bci z Chrystusem i Jego wol\u0119 realizowa\u0142 w swoim \u017cyciu. Obiecuj\u0119 wsparcie w modlitwie! &nbsp; &nbsp; &nbsp; &nbsp; &nbsp; &nbsp; \u017bycz\u0119 Wszystkim b\u0142ogos\u0142awionego dnia! [&hellip;]\" \/>\n<meta property=\"og:url\" content=\"https:\/\/gaudiumetspes-blog.pl\/index.php\/2015\/08\/24\/znalezlismy-jezusa-z-nazaretu\/\" \/>\n<meta property=\"og:site_name\" content=\"Gaudium Et Spes\" \/>\n<meta property=\"article:published_time\" content=\"2015-08-24T02:10:00+00:00\" \/>\n<meta property=\"article:modified_time\" content=\"2019-07-31T10:55:42+00:00\" \/>\n<meta name=\"author\" content=\"Ks. Jacek\" \/>\n<meta name=\"twitter:card\" content=\"summary_large_image\" \/>\n<meta name=\"twitter:label1\" content=\"Napisane przez\" \/>\n\t<meta name=\"twitter:data1\" content=\"Ks. Jacek\" \/>\n\t<meta name=\"twitter:label2\" content=\"Szacowany czas czytania\" \/>\n\t<meta name=\"twitter:data2\" content=\"8 minut\" \/>\n<script type=\"application\/ld+json\" class=\"yoast-schema-graph\">{\"@context\":\"https:\/\/schema.org\",\"@graph\":[{\"@type\":\"WebPage\",\"@id\":\"https:\/\/gaudiumetspes-blog.pl\/index.php\/2015\/08\/24\/znalezlismy-jezusa-z-nazaretu\/\",\"url\":\"https:\/\/gaudiumetspes-blog.pl\/index.php\/2015\/08\/24\/znalezlismy-jezusa-z-nazaretu\/\",\"name\":\"Znale\u017ali\u015bmy Jezusa z Nazaretu! - Gaudium Et Spes\",\"isPartOf\":{\"@id\":\"https:\/\/gaudiumetspes-blog.pl\/#website\"},\"datePublished\":\"2015-08-24T02:10:00+00:00\",\"dateModified\":\"2019-07-31T10:55:42+00:00\",\"author\":{\"@id\":\"https:\/\/gaudiumetspes-blog.pl\/#\/schema\/person\/1661982992b752dea8dff0d4ed845a65\"},\"breadcrumb\":{\"@id\":\"https:\/\/gaudiumetspes-blog.pl\/index.php\/2015\/08\/24\/znalezlismy-jezusa-z-nazaretu\/#breadcrumb\"},\"inLanguage\":\"pl-PL\",\"potentialAction\":[{\"@type\":\"ReadAction\",\"target\":[\"https:\/\/gaudiumetspes-blog.pl\/index.php\/2015\/08\/24\/znalezlismy-jezusa-z-nazaretu\/\"]}]},{\"@type\":\"BreadcrumbList\",\"@id\":\"https:\/\/gaudiumetspes-blog.pl\/index.php\/2015\/08\/24\/znalezlismy-jezusa-z-nazaretu\/#breadcrumb\",\"itemListElement\":[{\"@type\":\"ListItem\",\"position\":1,\"name\":\"Strona g\u0142\u00f3wna\",\"item\":\"https:\/\/gaudiumetspes-blog.pl\/\"},{\"@type\":\"ListItem\",\"position\":2,\"name\":\"Znale\u017ali\u015bmy Jezusa z&nbsp;Nazaretu!\"}]},{\"@type\":\"WebSite\",\"@id\":\"https:\/\/gaudiumetspes-blog.pl\/#website\",\"url\":\"https:\/\/gaudiumetspes-blog.pl\/\",\"name\":\"Gaudium Et Spes\",\"description\":\"Blog Ks. Jacka Ja\u015bkowskiego\",\"potentialAction\":[{\"@type\":\"SearchAction\",\"target\":{\"@type\":\"EntryPoint\",\"urlTemplate\":\"https:\/\/gaudiumetspes-blog.pl\/?s={search_term_string}\"},\"query-input\":{\"@type\":\"PropertyValueSpecification\",\"valueRequired\":true,\"valueName\":\"search_term_string\"}}],\"inLanguage\":\"pl-PL\"},{\"@type\":\"Person\",\"@id\":\"https:\/\/gaudiumetspes-blog.pl\/#\/schema\/person\/1661982992b752dea8dff0d4ed845a65\",\"name\":\"Ks. Jacek\",\"image\":{\"@type\":\"ImageObject\",\"inLanguage\":\"pl-PL\",\"@id\":\"https:\/\/gaudiumetspes-blog.pl\/#\/schema\/person\/image\/\",\"url\":\"https:\/\/gaudiumetspes-blog.pl\/wp-content\/uploads\/2019\/07\/avatar-JJ-150x150.jpg\",\"contentUrl\":\"https:\/\/gaudiumetspes-blog.pl\/wp-content\/uploads\/2019\/07\/avatar-JJ-150x150.jpg\",\"caption\":\"Ks. Jacek\"},\"description\":\"Witam serdecznie! K\u0142ania si\u0119 Ks. Jacek Ja\u015bkowski. Nie jestem ani kim\u015b wa\u017cnym, ani kim\u015b znanym. Jestem ksi\u0119dzem, kt\u00f3ry po prostu chce rozmawia\u0107. Codzienna kap\u0142a\u0144ska pos\u0142uga pokazuje mi, \u017ce temat\u00f3w do rozm\u00f3w z ksi\u0119dzem jest coraz wi\u0119cej i dzisiaj \u017caden ksi\u0105dz nie mo\u017ce od nich ucieka\u0107, ale - wprost przeciwnie - podejmowa\u0107 nowe wyzwania. To przekonanie sk\u0142oni\u0142o mnie do pr\u00f3by otwarcia tego\u017c bloga, chocia\u017c okazji do rozm\u00f3w na co dzie\u0144 - w konfesjonale i poza nim - na szcz\u0119\u015bcie nie brakuje. My\u015bl\u0119 jednak, \u017ce ten blog b\u0119dzie jeszcze jednym sposobem i przestrzeni\u0105 nawi\u0105zania kontaktu z lud\u017ami dobrej woli, otwartymi na dialog.\",\"url\":\"https:\/\/gaudiumetspes-blog.pl\/index.php\/author\/ks-jacek\/\"}]}<\/script>\n<!-- \/ Yoast SEO plugin. -->","yoast_head_json":{"title":"Znale\u017ali\u015bmy Jezusa z Nazaretu! - Gaudium Et Spes","robots":{"index":"index","follow":"follow","max-snippet":"max-snippet:-1","max-image-preview":"max-image-preview:large","max-video-preview":"max-video-preview:-1"},"canonical":"https:\/\/gaudiumetspes-blog.pl\/index.php\/2015\/08\/24\/znalezlismy-jezusa-z-nazaretu\/","og_locale":"pl_PL","og_type":"article","og_title":"Znale\u017ali\u015bmy Jezusa z Nazaretu! - Gaudium Et Spes","og_description":"Szcz\u0119\u015b\u0107 Bo\u017ce! Moi Drodzy, w dniu liturgicznego \u015awi\u0119ta Aposto\u0142a Bart\u0142omieja, z ca\u0142ego serca sk\u0142adam szczere \u017cyczenia imieninowe Bart\u0142omiejowi Przybyszowi, z by\u0142ej Wsp\u00f3lnoty m\u0142odzie\u017cowej w Tr\u0105bkach, aby tak, jak dot\u0105d, trwa\u0142 w jedno\u015bci z Chrystusem i Jego wol\u0119 realizowa\u0142 w swoim \u017cyciu. Obiecuj\u0119 wsparcie w modlitwie! &nbsp; &nbsp; &nbsp; &nbsp; &nbsp; &nbsp; \u017bycz\u0119 Wszystkim b\u0142ogos\u0142awionego dnia! [&hellip;]","og_url":"https:\/\/gaudiumetspes-blog.pl\/index.php\/2015\/08\/24\/znalezlismy-jezusa-z-nazaretu\/","og_site_name":"Gaudium Et Spes","article_published_time":"2015-08-24T02:10:00+00:00","article_modified_time":"2019-07-31T10:55:42+00:00","author":"Ks. Jacek","twitter_card":"summary_large_image","twitter_misc":{"Napisane przez":"Ks. Jacek","Szacowany czas czytania":"8 minut"},"schema":{"@context":"https:\/\/schema.org","@graph":[{"@type":"WebPage","@id":"https:\/\/gaudiumetspes-blog.pl\/index.php\/2015\/08\/24\/znalezlismy-jezusa-z-nazaretu\/","url":"https:\/\/gaudiumetspes-blog.pl\/index.php\/2015\/08\/24\/znalezlismy-jezusa-z-nazaretu\/","name":"Znale\u017ali\u015bmy Jezusa z Nazaretu! - Gaudium Et Spes","isPartOf":{"@id":"https:\/\/gaudiumetspes-blog.pl\/#website"},"datePublished":"2015-08-24T02:10:00+00:00","dateModified":"2019-07-31T10:55:42+00:00","author":{"@id":"https:\/\/gaudiumetspes-blog.pl\/#\/schema\/person\/1661982992b752dea8dff0d4ed845a65"},"breadcrumb":{"@id":"https:\/\/gaudiumetspes-blog.pl\/index.php\/2015\/08\/24\/znalezlismy-jezusa-z-nazaretu\/#breadcrumb"},"inLanguage":"pl-PL","potentialAction":[{"@type":"ReadAction","target":["https:\/\/gaudiumetspes-blog.pl\/index.php\/2015\/08\/24\/znalezlismy-jezusa-z-nazaretu\/"]}]},{"@type":"BreadcrumbList","@id":"https:\/\/gaudiumetspes-blog.pl\/index.php\/2015\/08\/24\/znalezlismy-jezusa-z-nazaretu\/#breadcrumb","itemListElement":[{"@type":"ListItem","position":1,"name":"Strona g\u0142\u00f3wna","item":"https:\/\/gaudiumetspes-blog.pl\/"},{"@type":"ListItem","position":2,"name":"Znale\u017ali\u015bmy Jezusa z&nbsp;Nazaretu!"}]},{"@type":"WebSite","@id":"https:\/\/gaudiumetspes-blog.pl\/#website","url":"https:\/\/gaudiumetspes-blog.pl\/","name":"Gaudium Et Spes","description":"Blog Ks. Jacka Ja\u015bkowskiego","potentialAction":[{"@type":"SearchAction","target":{"@type":"EntryPoint","urlTemplate":"https:\/\/gaudiumetspes-blog.pl\/?s={search_term_string}"},"query-input":{"@type":"PropertyValueSpecification","valueRequired":true,"valueName":"search_term_string"}}],"inLanguage":"pl-PL"},{"@type":"Person","@id":"https:\/\/gaudiumetspes-blog.pl\/#\/schema\/person\/1661982992b752dea8dff0d4ed845a65","name":"Ks. Jacek","image":{"@type":"ImageObject","inLanguage":"pl-PL","@id":"https:\/\/gaudiumetspes-blog.pl\/#\/schema\/person\/image\/","url":"https:\/\/gaudiumetspes-blog.pl\/wp-content\/uploads\/2019\/07\/avatar-JJ-150x150.jpg","contentUrl":"https:\/\/gaudiumetspes-blog.pl\/wp-content\/uploads\/2019\/07\/avatar-JJ-150x150.jpg","caption":"Ks. Jacek"},"description":"Witam serdecznie! K\u0142ania si\u0119 Ks. Jacek Ja\u015bkowski. Nie jestem ani kim\u015b wa\u017cnym, ani kim\u015b znanym. Jestem ksi\u0119dzem, kt\u00f3ry po prostu chce rozmawia\u0107. Codzienna kap\u0142a\u0144ska pos\u0142uga pokazuje mi, \u017ce temat\u00f3w do rozm\u00f3w z ksi\u0119dzem jest coraz wi\u0119cej i dzisiaj \u017caden ksi\u0105dz nie mo\u017ce od nich ucieka\u0107, ale - wprost przeciwnie - podejmowa\u0107 nowe wyzwania. To przekonanie sk\u0142oni\u0142o mnie do pr\u00f3by otwarcia tego\u017c bloga, chocia\u017c okazji do rozm\u00f3w na co dzie\u0144 - w konfesjonale i poza nim - na szcz\u0119\u015bcie nie brakuje. My\u015bl\u0119 jednak, \u017ce ten blog b\u0119dzie jeszcze jednym sposobem i przestrzeni\u0105 nawi\u0105zania kontaktu z lud\u017ami dobrej woli, otwartymi na dialog.","url":"https:\/\/gaudiumetspes-blog.pl\/index.php\/author\/ks-jacek\/"}]}},"jetpack_featured_media_url":"","jetpack_sharing_enabled":true,"_links":{"self":[{"href":"https:\/\/gaudiumetspes-blog.pl\/index.php\/wp-json\/wp\/v2\/posts\/8292","targetHints":{"allow":["GET"]}}],"collection":[{"href":"https:\/\/gaudiumetspes-blog.pl\/index.php\/wp-json\/wp\/v2\/posts"}],"about":[{"href":"https:\/\/gaudiumetspes-blog.pl\/index.php\/wp-json\/wp\/v2\/types\/post"}],"author":[{"embeddable":true,"href":"https:\/\/gaudiumetspes-blog.pl\/index.php\/wp-json\/wp\/v2\/users\/1"}],"replies":[{"embeddable":true,"href":"https:\/\/gaudiumetspes-blog.pl\/index.php\/wp-json\/wp\/v2\/comments?post=8292"}],"version-history":[{"count":1,"href":"https:\/\/gaudiumetspes-blog.pl\/index.php\/wp-json\/wp\/v2\/posts\/8292\/revisions"}],"predecessor-version":[{"id":12233,"href":"https:\/\/gaudiumetspes-blog.pl\/index.php\/wp-json\/wp\/v2\/posts\/8292\/revisions\/12233"}],"wp:attachment":[{"href":"https:\/\/gaudiumetspes-blog.pl\/index.php\/wp-json\/wp\/v2\/media?parent=8292"}],"wp:term":[{"taxonomy":"category","embeddable":true,"href":"https:\/\/gaudiumetspes-blog.pl\/index.php\/wp-json\/wp\/v2\/categories?post=8292"},{"taxonomy":"post_tag","embeddable":true,"href":"https:\/\/gaudiumetspes-blog.pl\/index.php\/wp-json\/wp\/v2\/tags?post=8292"}],"curies":[{"name":"wp","href":"https:\/\/api.w.org\/{rel}","templated":true}]}}