{"id":8327,"date":"2015-07-20T04:42:00","date_gmt":"2015-07-20T02:42:00","guid":{"rendered":"https:\/\/gaudiumetspes-blog.pl\/index.php\/2015\/07\/20\/plemie-przewrotne-zada-znaku\/"},"modified":"2019-07-31T12:55:38","modified_gmt":"2019-07-31T10:55:38","slug":"plemie-przewrotne-zada-znaku","status":"publish","type":"post","link":"https:\/\/gaudiumetspes-blog.pl\/index.php\/2015\/07\/20\/plemie-przewrotne-zada-znaku\/","title":{"rendered":"Plemi\u0119 przewrotne \u017c\u0105da znaku&#8230;"},"content":{"rendered":"<div align=\"justify\" style=\"line-height: 150%; margin-bottom: 0cm;\">\nSzcz\u0119\u015b\u0107 Bo\u017ce! Moi Drodzy, wczoraj u nas by\u0142o bardzo ciep\u0142o, jednak w ci\u0105gu dnia i wieczorem mia\u0142y miejsce ulewy. Nie by\u0142y one d\u0142ugie, ale do\u015b\u0107 intensywne. Natomiast docieraj\u0105 do nas wiadomo\u015bci o strasznych burzach, grasuj\u0105cych po Polsce. Jak sytuacja przedstawia si\u0119 u Was?<\/div>\n<div align=\"justify\" style=\"line-height: 150%; margin-bottom: 0cm;\">\n&nbsp; &nbsp; &nbsp;My\u015blimy dzisiaj o grupowym zdobywaniu \u015anie\u017cki, ale &#8211; p\u00f3ki co &#8211; szczyty g\u00f3r zasnute s\u0105 mg\u0142\u0105 i og\u00f3lnie jest spore zachmurzenie. W razie czego, s\u0105 te\u017c inne pomys\u0142y na dzisiejszy dzie\u0144.<\/div>\n<div align=\"justify\" style=\"line-height: 150%; margin-bottom: 0cm;\">\n&nbsp; &nbsp; &nbsp; A wczoraj &#8211; w Dniu Pa\u0144skim &#8211; mia\u0142em mo\u017cliwo\u015b\u0107 nieco zaanga\u017cowa\u0107 si\u0119 pomoc duszpastersk\u0105 w miejscowej Parafii i cz\u0119\u015bciowo zast\u0105pi\u0107 Ksi\u0119dza Proboszcza Bogus\u0142awa Sawaryna. Jest to bardzo \u017cyczliwy i otwarty na ludzi Kap\u0142an, niezwykle ceniony przez swoich Parafian. Ale i przez turyst\u00f3w, kt\u00f3rych co niedziel\u0119 pozdrawia osobi\u015bcie i w og\u0142oszeniach. Mog\u0142em to nawet na wczorajszych Mszach \u015awi\u0119tych wyra\u017anie podkre\u015bla\u0107, \u017ce przyje\u017cd\u017caj\u0105c od siedemnastu lat do Szklarskiej Por\u0119by, zawsze &#8211; jako ostatnie og\u0142oszenie &#8211; s\u0142ysz\u0119 serdeczne pozdrowienia, skierowane do turyst\u00f3w i go\u015bci, po\u0142\u0105czone z \u017cyczeniami udanego odpoczynku. To naprawd\u0119 bardzo cenne.&nbsp;<\/div>\n<div align=\"justify\" style=\"line-height: 150%; margin-bottom: 0cm;\">\n&nbsp; &nbsp; &nbsp; Dzi\u0119kuj\u0119 przy tej okazji Ksi\u0119dzu Proboszczowi za wielokrotn\u0105 pomoc, okazywan\u0105 przez te lata, kiedy z wi\u0119kszymi lub mniejszym Grupami przyje\u017cd\u017ca\u0142em. Dzi\u0119kuj\u0119 tak\u017ce za wczorajsz\u0105 niezwykle dobr\u0105 rozmow\u0119. Wielk\u0105 wdzi\u0119czno\u015b\u0107 za wczorajsz\u0105 wsp\u00f3\u0142prac\u0119 wyra\u017cam tak\u017ce wobec Alumna Paw\u0142a, przebywaj\u0105cego w tej Parafii na praktyce.<\/div>\n<div align=\"justify\" style=\"line-height: 150%; margin-bottom: 0cm;\">\n&nbsp; &nbsp; &nbsp; &nbsp; Pozdrawiamy ca\u0142\u0105 Ekip\u0105 i \u017cyczymy dobrego dnia!&nbsp;<\/div>\n<div align=\"justify\" style=\"line-height: 150%; margin-bottom: 0cm;\">\n&nbsp; &nbsp; &nbsp; &nbsp; &nbsp; &nbsp; &nbsp; &nbsp; &nbsp; &nbsp; &nbsp; &nbsp; &nbsp; &nbsp; &nbsp; &nbsp; &nbsp; &nbsp; &nbsp; &nbsp; &nbsp; Gaudium et spes! &nbsp;Ks. Jacek<\/div>\n<div align=\"justify\" style=\"line-height: 150%; margin-bottom: 0cm;\">\n<b><br \/><\/b><\/div>\n<div align=\"justify\" style=\"line-height: 150%; margin-bottom: 0cm;\">\n<b>Poniedzia\u0142ek<br \/>\n16 Tygodnia zwyk\u0142ego, rok I,<\/b><\/div>\n<div align=\"justify\" style=\"line-height: 150%; margin-bottom: 0cm;\">\n<b>Wspomnienie<br \/>\nB\u0142. Czes\u0142awa, Kap\u0142ana,<\/b><\/div>\n<div align=\"justify\" style=\"line-height: 150%; margin-bottom: 0cm;\">\n<b>do<br \/>\nczyta\u0144:  Wj 14,5\u20139a.10\u201318;  Mt 12,38\u201342<\/b><\/div>\n<div align=\"justify\" style=\"line-height: 150%; margin-bottom: 0cm;\">\n<\/p>\n<\/div>\n<div align=\"justify\" style=\"line-height: 150%; margin-bottom: 0cm;\">\n<b>CZYTANIE<br \/>\nZ KSI\u0118GI WYJ\u015aCIA:<\/b><\/div>\n<div align=\"justify\" style=\"line-height: 150%; margin-bottom: 0cm; page-break-before: auto; text-indent: 1.3cm;\">\n<b>Gdy<br \/>\ndoniesiono kr\u00f3lowi egipskiemu o ucieczce ludu, zmieni\u0142o si\u0119<br \/>\nusposobienie faraona i jego s\u0142ug wzgl\u0119dem niego i rzekli: \u201eC\u00f3\u017ce\u015bmy<br \/>\nuczynili pozwalaj\u0105c Izraelowi opu\u015bci\u0107 nasz\u0105 s\u0142u\u017cb\u0119?\u201d<br \/>\nRozkaza\u0142 w\u00f3wczas faraon zaprz\u0119ga\u0107 swoje rydwany i zabra\u0142 ludzi<br \/>\nswoich z sob\u0105. Wzi\u0105\u0142 sze\u015b\u0107set rydwan\u00f3w wyborowych oraz<br \/>\nwszystkie inne rydwany egipskie, a na ka\u017cdym z nich byli dzielni<br \/>\nwojownicy.<\/b><\/div>\n<div align=\"justify\" style=\"line-height: 150%; margin-bottom: 0cm; text-indent: 1.3cm;\">\n<b>Pan<br \/>\nuczyni\u0142 upartym serce faraona, kr\u00f3la egipskiego, kt\u00f3ry ruszy\u0142 w<br \/>\npo\u015bcig za synami Izraela. Ci jednak wyszli z podniesion\u0105 r\u0119k\u0105.<br \/>\nEgipcjanie wi\u0119c \u015bcigali ich i dop\u0119dzili obozuj\u0105cych nad morzem.<\/b><\/div>\n<div align=\"justify\" style=\"line-height: 150%; margin-bottom: 0cm; text-indent: 1.3cm;\">\n<b>A<br \/>\ngdy si\u0119 zbli\u017cy\u0142 faraon, synowie Izraela podnie\u015bli oczy, a<br \/>\nujrzawszy, \u017ce Egipcjanie ci\u0105gn\u0105 za nimi, ogromnie si\u0119 przerazili.<br \/>\nSynowie Izraela podnie\u015bli g\u0142o\u015bne wo\u0142anie do Pana. Rzekli do<br \/>\nMoj\u017cesza: \u201eCzy\u017c brakowa\u0142o grob\u00f3w w Egipcie, \u017ce nas tu<br \/>\nprzyprowadzi\u0142e\u015b, aby\u015bmy pomarli na pustyni? C\u00f3\u017c za us\u0142ug\u0119<br \/>\nwy\u015bwiadczy\u0142e\u015b nam przez to, \u017ce wyprowadzi\u0142e\u015b nas z Egiptu? Czy\u017c<br \/>\nnie m\u00f3wili\u015bmy ci wyra\u017anie w Egipcie: \u00abZostaw nas w spokoju,<br \/>\nchcemy s\u0142u\u017cy\u0107 Egipcjanom\u00bb?. Lepiej bowiem nam by\u0142o s\u0142u\u017cy\u0107 im,<br \/>\nni\u017c umiera\u0107 na tej pustyni\u201d.<\/b><\/div>\n<div align=\"justify\" style=\"line-height: 150%; margin-bottom: 0cm; text-indent: 1.3cm;\">\n<b>Moj\u017cesz<br \/>\nodpowiedzia\u0142 ludowi: \u201eNie b\u00f3jcie si\u0119! Pozosta\u0144cie na swoim<br \/>\nmiejscu, a zobaczycie zbawienie Pana, kt\u00f3re zgotuje nam dzisiaj.<br \/>\nEgipcjan, kt\u00f3rych widzicie teraz, nie b\u0119dziecie ju\u017c nigdy ogl\u0105da\u0107.<br \/>\nPan b\u0119dzie walczy\u0142 za was, a wy b\u0119dziecie spokojni\u201d.<\/b><\/div>\n<div align=\"justify\" style=\"line-height: 150%; margin-bottom: 0cm; text-indent: 1.3cm;\">\n<b>Pan<br \/>\nrzek\u0142 do Moj\u017cesza: \u201eCzemu g\u0142o\u015bno wo\u0142asz do Mnie? Powiedz synom<br \/>\nIzraela, niech ruszaj\u0105 w drog\u0119. Ty za\u015b podnie\u015b sw\u0105 lask\u0119 i<br \/>\nwyci\u0105gnij r\u0119k\u0119 nad morze i rozdziel je na dwoje, a wejd\u0105 synowie<br \/>\nIzraela w \u015brodek na such\u0105 ziemi\u0119. Ja natomiast uczyni\u0119 upartymi<br \/>\nserca Egipcjan, \u017ce p\u00f3jd\u0105 za nimi. Wtedy oka\u017c\u0119 moj\u0105 pot\u0119g\u0119<br \/>\nwobec faraona, ca\u0142ego wojska jego, rydwan\u00f3w i je\u017ad\u017ac\u00f3w, wtedy<br \/>\npoznaj\u0105 Egipcjanie, \u017ce Ja jestem Panem\u201d.<\/b><\/div>\n<div align=\"justify\" style=\"line-height: 150%; margin-bottom: 0cm;\">\n<\/p>\n<\/div>\n<div align=\"justify\" style=\"line-height: 150%; margin-bottom: 0cm;\">\n<b>S\u0141OWA<br \/>\nEWANGELII WED\u0141UG \u015aWI\u0118TEGO<br \/>\nMATEUSZA:<\/b><\/div>\n<div align=\"justify\" style=\"line-height: 150%; margin-bottom: 0cm; page-break-before: auto; text-indent: 1.3cm;\">\n<b>Niekt\u00f3rzy<br \/>\nz uczonych w Pi\u015bmie i faryzeusz\u00f3w rzekli do Jezusa: \u201eNauczycielu,<br \/>\nchcieli\u015bmy jaki\u015b znak widzie\u0107 od Ciebie\u201d. Lecz On im<br \/>\nodpowiedzia\u0142:<\/b><\/div>\n<div align=\"justify\" style=\"line-height: 150%; margin-bottom: 0cm; text-indent: 1.3cm;\">\n\u201e<b>Plemi\u0119<br \/>\nprzewrotne i wiaro\u0142omne \u017c\u0105da znaku, ale \u017caden znak nie b\u0119dzie mu<br \/>\ndany, pr\u00f3cz znaku proroka Jonasza. Albowiem jak Jonasz by\u0142 trzy dni<br \/>\ni trzy noce we wn\u0119trzno\u015bciach wielkiej ryby, tak Syn Cz\u0142owieczy<br \/>\nb\u0119dzie trzy dni i trzy noce w \u0142onie ziemi.<\/b><\/div>\n<div align=\"justify\" style=\"line-height: 150%; margin-bottom: 0cm; text-indent: 1.3cm;\">\n<b>Ludzie<br \/>\nz Niniwy powstan\u0105 na s\u0105dzie przeciw temu plemieniu i pot\u0119pi\u0105 je;<br \/>\nponiewa\u017c oni wskutek nawo\u0142ywania Jonasza si\u0119 nawr\u00f3cili, a oto tu<br \/>\njest co\u015b wi\u0119cej ni\u017c Jonasz.<\/b><\/div>\n<div align=\"justify\" style=\"line-height: 150%; margin-bottom: 0cm; text-indent: 1.3cm;\">\n<b>Kr\u00f3lowa<br \/>\nz Po\u0142udnia powstanie na s\u0105dzie przeciw temu plemieniu i pot\u0119pi je;<br \/>\nponiewa\u017c ona z kra\u0144c\u00f3w ziemi przyby\u0142a s\u0142ucha\u0107 m\u0105dro\u015bci<br \/>\nSalomona, a oto tu jest co\u015b wi\u0119cej ni\u017c Salomon\u201d.<\/b><\/div>\n<div align=\"justify\" style=\"line-height: 150%; margin-bottom: 0cm;\">\n<\/p>\n<\/div>\n<div align=\"justify\" style=\"line-height: 150%; margin-bottom: 0cm; page-break-before: auto; text-indent: 1.3cm;\">\nCo<br \/>\njest <b>najwi\u0119ksz\u0105 przeszkod\u0105<\/b> na drodze rozwoju jakiego\u015b<br \/>\nokre\u015blonego dobra: <b>zewn\u0119trzne uwarunkowania<\/b> i trudno\u015bci,<br \/>\nczy jednak <b>op\u00f3r w sercu cz\u0142owieka?<\/b> Mo\u017ce to pytanie nazbyt<br \/>\nog\u00f3lne, bo nie dotyka \u017cadnej konkretnej sytuacji, ale w\u0142a\u015bnie<br \/>\ntakie mo\u017cna postawi\u0107 po przeczytaniu dzisiejszych tekst\u00f3w<br \/>\nbiblijnych. A one ju\u017c opisuj\u0105 konkretne sytuacje.\n<\/div>\n<div align=\"justify\" style=\"line-height: 150%; margin-bottom: 0cm; text-indent: 1.3cm;\">\nOto<br \/>\nnar\u00f3d wybrany, umi\u0142owany przez Boga, doznaje z Jego strony <b>bardzo<br \/>\nkonkretnej pomocy:<\/b> zostaje wyprowadzony w cudowny spos\u00f3b z<br \/>\nniewoli egipskiej, znaki Bo\u017cej opieki nad nim trudno po prostu<br \/>\nzliczy\u0107, a tu nagle w chwili pierwszego zagro\u017cenia, pierwszej<br \/>\ntrudno\u015bci, s\u0142ycha\u0107 s\u0142owa pretensji do Moj\u017cesza: <i><b>Czy\u017c<br \/>\nbrakowa\u0142o grob\u00f3w w Egipcie, \u017ce nas tu przyprowadzi\u0142e\u015b, aby\u015bmy<br \/>\npomarli na pustyni? C\u00f3\u017c za us\u0142ug\u0119 wy\u015bwiadczy\u0142e\u015b nam przez to,<br \/>\n\u017ce wyprowadzi\u0142e\u015b nas z Egiptu? Czy\u017c nie m\u00f3wili\u015bmy ci wyra\u017anie<br \/>\nw Egipcie: \u00abZostaw nas w spokoju, chcemy s\u0142u\u017cy\u0107 Egipcjanom\u00bb?.<br \/>\nLepiej bowiem nam by\u0142o s\u0142u\u017cy\u0107 im, ni\u017c umiera\u0107 na tej pustyni.<\/b><\/i><b><br \/>\n<\/b>\n<\/div>\n<div align=\"justify\" style=\"line-height: 150%; margin-bottom: 0cm; text-indent: 1.3cm;\">\nJu\u017c<br \/>\npo tych s\u0142owach \u2013 z ludzkiej perspektywy patrz\u0105c \u2013 nale\u017ca\u0142oby<br \/>\nca\u0142e towarzystwo <b>po<br \/>\nprostu <\/b><b>roz<\/b><b>p\u0119dzi\u0107<br \/>\n<\/b>na<br \/>\ncztery strony \u015bwiata,<br \/>\nalbo spe\u0142ni\u0107 jego pragnienie i rzeczywi\u015bcie <b>zawr\u00f3ci\u0107<br \/>\ndo Egiptu.<\/b><br \/>\nTak by nakazywa\u0142 ludzki spos\u00f3b patrzenia na spraw\u0119.\n<\/div>\n<div align=\"justify\" style=\"line-height: 150%; margin-bottom: 0cm; text-indent: 1.3cm;\">\nJednak<br \/>\nB\u00f3g mia\u0142 inne zapatrywania i dlatego ju\u017c w tym momencie<br \/>\n<b>zapowiedzia\u0142<br \/>\nkolejny znak,<\/b><br \/>\njakim by\u0142o \u2013 jak wiemy \u2013 przej\u015bcie przez Morze Czerwone. Ale i<br \/>\nto nie mia\u0142o <b>uspokoi\u0107<br \/>\n<\/b><b>wielu<\/b><b><br \/>\nrozgor\u0105czkowanych g\u0142\u00f3w,<\/b><br \/>\ndlatego s\u0142owa narzekania Izraelit\u00f3w na trudne warunki wolno\u015bci<br \/>\njeszcze nieraz mia\u0142 s\u0142ysze\u0144 Moj\u017cesz \u2013 i sam B\u00f3g.\n<\/div>\n<div align=\"justify\" style=\"line-height: 150%; margin-bottom: 0cm; text-indent: 1.3cm;\">\nZobaczmy<br \/>\nzatem: trudno\u015bci zewn\u0119trzne, jakkolwiek powa\u017cne, by\u0142y z pomoc\u0105<br \/>\nBo\u017c\u0105 pokonywane i ostatecznie <b>nie<br \/>\nstanowi\u0142y wielkiej przeszkody<\/b><br \/>\nw realizacji Bo\u017cych plan\u00f3w. Jednak <b>zatwardzia\u0142e<\/b><br \/>\n<b>serce<br \/>\ncz\u0142owieka<\/b><br \/>\n\u2013 okazywa\u0142o si\u0119 przeszkod\u0105 o wiele wi\u0119ksz\u0105.\n<\/div>\n<div align=\"justify\" style=\"line-height: 150%; margin-bottom: 0cm; text-indent: 1.3cm;\">\nPodobny<br \/>\nproblem podejmuje dzi\u015b w Ewangelii Jezus. Kiedy <i><b>n<\/b><\/i><i><b>iekt\u00f3rzy<br \/>\nz uczonych w Pi\u015bmie i faryzeusz\u00f3w rzekli do<\/b><\/i><b><br \/>\n<\/b><b>[Niego]<\/b><b>:<br \/>\n<\/b><i><b>\u201eNauczycielu,<br \/>\nchcieli\u015bmy jaki\u015b znak widzie\u0107 od Ciebie\u201d <\/b><\/i><b>[\u2026],<\/b><b><br \/>\n<\/b><i><b>On<br \/>\nim odpowiedzia\u0142: <\/b><\/i><i><b>\u201ePlemi\u0119<br \/>\nprzewrotne i wiaro\u0142omne \u017c\u0105da znaku, ale \u017caden znak nie b\u0119dzie mu<br \/>\ndany, pr\u00f3cz znaku proroka Jonasza.<\/b><\/i><b><br \/>\n<\/b>I<br \/>\ndoda\u0142 bardzo zdecydowanie i surowo: <i><b>Ludzie<br \/>\nz Niniwy powstan\u0105 na s\u0105dzie przeciw temu plemieniu i pot\u0119pi\u0105 je;<br \/>\nponiewa\u017c oni wskutek nawo\u0142ywania Jonasza si\u0119 nawr\u00f3cili, a oto tu<br \/>\njest co\u015b wi\u0119cej ni\u017c Jonasz. <\/b><\/i><i><b>Kr\u00f3lowa<br \/>\nz Po\u0142udnia powstanie na s\u0105dzie przeciw temu plemieniu i pot\u0119pi je;<br \/>\nponiewa\u017c ona z kra\u0144c\u00f3w ziemi przyby\u0142a s\u0142ucha\u0107 m\u0105dro\u015bci<br \/>\nSalomona, a oto tu jest co\u015b wi\u0119cej ni\u017c Salomon<\/b><\/i><b>.<br \/>\n<\/b>\n<\/div>\n<div align=\"justify\" style=\"line-height: 150%; margin-bottom: 0cm; text-indent: 1.3cm;\">\nOt\u00f3\u017c<br \/>\nw\u0142a\u015bnie \u2013 problem zamkni\u0119tego szczelnie serca, problem<br \/>\nzawzi\u0119tego serca, <b>serca<br \/>\npysznego, zarozumia\u0142ego, <\/b>serca<br \/>\nleniwego\u2026 To w\u0142a\u015bnie takie serce cz\u0142owieka stanowi najwi\u0119ksz\u0105<br \/>\ntrudno\u015b\u0107 w realizacji przez Boga jakiegokolwiek<br \/>\ndobra.<\/p>\n<\/div>\n<div align=\"justify\" style=\"line-height: 150%; margin-bottom: 0cm; text-indent: 1.3cm;\">\nAle<br \/>\ni w naszych mi\u0119dzyludzkich relacjach nieraz zapewne przekonywali\u015bmy<br \/>\nsi\u0119, \u017ce \u017cadne zewn\u0119trzne okoliczno\u015bci i trudno\u015bci tak nie<br \/>\nuderzaj\u0105 czy to w sytuacj\u0119 rodzin\u0105 \u2013 czy s\u0105siedzk\u0105, czy<br \/>\njak\u0105kolwiek inn\u0105 \u2013 tak<br \/>\nbardzo,<br \/>\njak <b>czyje\u015b<br \/>\nzimne serce.<\/b><br \/>\nNawet bowiem najwi\u0119ksze zewn\u0119trzne trudno\u015bci i nieszcz\u0119\u015bcia<br \/>\nudaje si\u0119 pokona\u0107 \u2013 i nawet <b>mog\u0105<br \/>\none jednoczy\u0107 ludzi mi\u0119dzy sob\u0105,<\/b><br \/>\nje\u017celi serca ludzkie<br \/>\ns\u0105<br \/>\ngor\u0105ce, \u017cyczliwe, otwarte\u2026 Wtedy \u017cadne zewn\u0119trzne kataklizmy i<br \/>\ndo\u015bwiadczenia nie s\u0105 w stanie nikomu w niczym zaszkodzi\u0107, ani<br \/>\n<b>\u017cadnej<br \/>\nduchowej szkody spowodowa\u0107. <\/b>\n<\/div>\n<div align=\"justify\" style=\"line-height: 150%; margin-bottom: 0cm; text-indent: 1.3cm;\">\n<p>Je\u017celi<br \/>\njednak<br \/>\n<b>w<br \/>\nsercu cz\u0142owieka jest ch\u0142\u00f3d,<\/b><br \/>\nop\u00f3r, zawzi\u0119to\u015b\u0107, to cho\u0107by zewn\u0119trzne okoliczno\u015bci nie<br \/>\nwiadomo jak sprzyja\u0142y, to i tak nie uda si\u0119 niczego osi\u0105gn\u0105\u0107 i<br \/>\n\u017cadnego dobra zbudowa\u0107, bo takie w\u0142a\u015bnie zimne serce oka\u017ce<br \/>\nsi\u0119<br \/>\n<b>bardzo<br \/>\nskuteczn\u0105 przeszkod\u0105\u2026<\/b><\/div>\n<div align=\"justify\" style=\"line-height: 150%; margin-bottom: 0cm; text-indent: 1.3cm;\">\nDlatego<br \/>\nkiedy b\u0119dziemy \u2013 przy jakiej\u015b okazji \u2013 <b>analizowali<br \/>\nswoje \u017cycie<\/b><br \/>\ni to, co si\u0119 w nim dzieje, i kiedy b\u0119dziemy zastanawiali si\u0119, co<br \/>\nnam si\u0119 uda\u0142o osi\u0105gn\u0105\u0107, a co si\u0119 nie uda\u0142o i dlaczego, to mo\u017ce<br \/>\nwarto od razu <b>skierowa\u0107<br \/>\nwzrok na swoje serce<\/b><br \/>\ni zastanowi\u0107 si\u0119, czy to tam nie tkwi\u0105 jakie\u015b przeszkody i opory,<br \/>\nkt\u00f3re skutecznie niwecz\u0105 wszelkie dobro. Bo mo\u017ce my nieraz szukamy<br \/>\nrozwi\u0105zania r\u00f3\u017cnych naszych \u017cyciowych i wsp\u00f3lnotowych problem\u00f3w<br \/>\nbardzo daleko, a to rozwi\u0105zanie le\u017cy <b>w<br \/>\nzasi\u0119gu r\u0119ki\u2026<\/b><br \/>\nA dok\u0142adniej \u2013 <b>w<br \/>\nzasi\u0119gu serca\u2026 <\/b>\n<\/div>\n<div align=\"justify\" style=\"line-height: 150%; margin-bottom: 0cm; text-indent: 1.3cm;\">\nO<br \/>\ntym za\u015b, ile mo\u017ce osi\u0105gn\u0105\u0107 dobrego cz\u0142owiek o sercu otwartym na<br \/>\nBoga i przyjaznym wobec ludzi, \u015bwiadczy z pewno\u015bci\u0105 przyk\u0142ad<br \/>\ndzisiejszego Patrona. Jest nim<br \/>\n<b>B\u0142ogos\u0142awiony<\/b><br \/>\n<b>Czes\u0142aw.<br \/>\n<\/b>\n<\/div>\n<div align=\"justify\" style=\"line-height: 150%; margin-bottom: 0cm; text-indent: 1.3cm;\">\n<b>Urodzi\u0142<br \/>\nsi\u0119 <\/b><b>on<br \/>\n<\/b><b>oko\u0142o<br \/>\nroku 1180.<\/b><br \/>\nJu\u017c<br \/>\njako<br \/>\nkap\u0142an diecezjalny,<br \/>\nwst\u0105pi\u0142 do Zakonu Kaznodziejskiego i otrzyma\u0142 habit z r\u0105k<br \/>\n\u015awi\u0119tego<br \/>\nDominika. <b>G\u0142osi\u0142<br \/>\n<\/b><b>S<\/b><b>\u0142owo<br \/>\nBo\u017ce w Czechach i w Polsce.<\/b><br \/>\nZa\u0142o\u017cy\u0142 klasztory w Pradze i we Wroc\u0142awiu. By\u0142<br \/>\ncz\u0142owiekiem wielkiej wiary i \u017carliwej modlitwy. Jako taki \u2013 jak<br \/>\npodaje legenda \u2013 <b>przewodzi\u0142<br \/>\nobronie Wroc\u0142awia przed najazdem Tatar\u00f3w w roku 1241 roku.<\/b><br \/>\nJakkolwiek miasto w\u00f3wczas bardzo ucierpia\u0142o, to jednak jego<br \/>\nocalenie przypisuje si\u0119 w\u0142a\u015bnie modlitwom i m\u0119\u017cnej postawie<br \/>\nB\u0142ogos\u0142awionego Czes\u0142awa.<\/p>\n<\/div>\n<div align=\"justify\" style=\"line-height: 150%; margin-bottom: 0cm; text-indent: 1.3cm;\">\n<b>Zmar\u0142<br \/>\n15 lipca 1242 roku we Wroc\u0142awiu.<\/b><br \/>\nOd<br \/>\ntego dnia zacz\u0105\u0142 odbiera\u0107 cze\u015b\u0107 jako \u015awi\u0119ty. Nad jego grobem \u2013<br \/>\nw ko\u015bciele dominikan\u00f3w we Wroc\u0142awiu \u2013 wystawiono niebawem<br \/>\no\u0142tarz. Oddawan\u0105 mu powszechnie cze\u015b\u0107 <b>uroczy\u015bcie<br \/>\nzatwierdzi\u0142 Papie\u017c Klemens XI w dniu 18 pa\u017adziernika 1713 roku.<\/b><\/p>\n<\/div>\n<div align=\"justify\" style=\"line-height: 150%; margin-bottom: 0cm; text-indent: 1.25cm;\">\nA<br \/>\noto \u015bwiadectwo o \u017cyciu i \u015bwi\u0119to\u015bci naszego dzisiejszego Patrona,<br \/>\nzapisane w dziele \u201eTutelaris<br \/>\nSilesiae\u201d: \u201ePodobnie jak<br \/>\nz oceanu, jak powiadaj\u0105, wychodzi s\u0142o\u0144ce, tak <b>Czes\u0142aw<br \/>\nna kszta\u0142t ja\u015bniej\u0105cej gwiazdy przyszed\u0142 z Polski,<\/b><br \/>\naby zaja\u015bnie\u0107 nie tylko nad Wroc\u0142awiem, ale nad ca\u0142ym \u015al\u0105skiem.<br \/>\n<b>Swoim nieskalanym i<br \/>\nniebia\u0144skim \u017cyciem poci\u0105gn\u0105\u0142 zagubionych ludzi<\/b><br \/>\ndo godziwych i dobrych obyczaj\u00f3w, uczciwych za\u015b i zacnych zagrzewa\u0142<br \/>\nkazaniami. Swoimi modlitwami wy\u015bwiadczy\u0142 Wroc\u0142awiowi wiele dobra.\n<\/div>\n<div align=\"justify\" style=\"line-height: 150%; margin-bottom: 0cm; text-indent: 1.25cm;\">\nJest<br \/>\non przyk\u0142adem wszelkich cn\u00f3t. <b>Zacno\u015bci\u0105<br \/>\nswego \u017cycia i g\u0142oszeniem Ewangelii<\/b><br \/>\nodwr\u00f3ci\u0142 od nieprawo\u015bci i zbrodni niema\u0142o ludzi wyst\u0119pnych i<br \/>\nniegodziwych, <b>a sk\u0142oni\u0142<br \/>\nich ku mi\u0142owaniu Chrystusa i gorliwo\u015bci w pobo\u017cnym \u017cyciu.<\/b><br \/>\nWielu r\u00f3wnie\u017c poci\u0105gn\u0105\u0142 do \u017cycia zakonnego. Kiedy napomina\u0142,<br \/>\njego s\u0142owa tchn\u0119\u0142y \u0142agodno\u015bci\u0105. A kiedy s\u0142awi\u0142 cnoty, <b>z<br \/>\njego ust promieniowa\u0142a wielka m\u0105dro\u015b\u0107 i dar wymowy.<\/b><br \/>\nSt\u0105d te\u017c nie tylko pracowa\u0142 skutecznie dla w\u0142asnego zbawienia,<br \/>\nale r\u00f3wnie\u017c \u2013 dzi\u0119ki swoim s\u0142owom i przyk\u0142adom \u2013 dla<br \/>\nzbawienia niema\u0142ej liczby innych ludzi. <b>On<br \/>\njest heroldem zbawienia i \u015bwiadkiem Chrystusa!<\/b><\/p>\n<\/div>\n<div align=\"justify\" style=\"line-height: 150%; margin-bottom: 0cm; text-indent: 1.25cm;\">\nJe\u017celi<br \/>\nprzysta\u0142o zakonnikowi odznacza\u0107 si\u0119 cnot\u0105, dojrza\u0142ymi uczynkami<br \/>\ni \u0142ask\u0105 z niebios, <b>to<br \/>\nwszystko znale\u017a\u0107 mo\u017cna u <\/b><b>B<\/b><b>\u0142ogos\u0142awionego<br \/>\nCzes\u0142awa,<\/b><br \/>\nkt\u00f3ry w samej rzeczy jest godny wielkiej s\u0142awy. Wszechpot\u0119\u017cny B\u00f3g<br \/>\nnie przestaje go przyozdabia\u0107 wielkimi cudami, kt\u00f3rych z dnia na<br \/>\ndzie\u0144 przybywa coraz to wi\u0119cej.\u201d Tyle ze \u015bwiadectwa,<br \/>\nuwiecznionego we wspomnianym dziele.<\/div>\n<div align=\"justify\" style=\"line-height: 150%; margin-bottom: 0cm; text-indent: 1.25cm;\">\nA<br \/>\nmy,<br \/>\nw tym kontek\u015bcie, zastan\u00f3wmy si\u0119:<\/div>\n<div align=\"justify\" style=\"line-height: 150%; margin-bottom: 0cm;\">\n\u2013<br \/>\nCzy<br \/>\nszczerym sercem anga\u017cuj\u0119 si\u0119 w ka\u017cd\u0105 dobr\u0105 inicjatyw\u0119, czy na<br \/>\nsi\u0142\u0119 wynajduje problemy?<\/div>\n<div align=\"justify\" style=\"line-height: 150%; margin-bottom: 0cm;\">\n\u2013<br \/>\nCzy<br \/>\nnie w\u0142\u0105czam si\u0119 w owe dobre inicjatywy tylko w\u00f3wczas, kiedy s\u0105<br \/>\nrealizowane \u201epo mojemu\u201d?<\/div>\n<div align=\"justify\" style=\"line-height: 150%; margin-bottom: 0cm;\">\n\u2013<br \/>\nCzy<br \/>\nw swoim sercu nie zazdroszcz\u0119<br \/>\ninnym dobra i powodzenia?<\/div>\n<p><\/p>\n<div align=\"justify\" style=\"line-height: 150%; margin-bottom: 0cm;\">\n<i><b>Pan<br \/>\nuczyni\u0142 upartym serce faraona, kr\u00f3la egipskiego, kt\u00f3ry ruszy\u0142 w<br \/>\npo\u015bcig za synami Izraela. Ci jednak wyszli z podniesion\u0105 r\u0119k\u0105.<\/b><\/i><\/div>\n","protected":false},"excerpt":{"rendered":"<p>Szcz\u0119\u015b\u0107 Bo\u017ce! Moi Drodzy, wczoraj u nas by\u0142o bardzo ciep\u0142o, jednak w ci\u0105gu dnia i wieczorem mia\u0142y miejsce ulewy. Nie by\u0142y one d\u0142ugie, ale do\u015b\u0107 intensywne. Natomiast docieraj\u0105 do nas wiadomo\u015bci o strasznych burzach, grasuj\u0105cych po Polsce. Jak sytuacja przedstawia si\u0119 u Was? &nbsp; &nbsp; &nbsp;My\u015blimy dzisiaj o grupowym zdobywaniu \u015anie\u017cki, ale &#8211; p\u00f3ki co [&hellip;]<\/p>\n","protected":false},"author":1,"featured_media":0,"comment_status":"open","ping_status":"open","sticky":false,"template":"","format":"standard","meta":{"jetpack_post_was_ever_published":false,"_jetpack_newsletter_access":"","_jetpack_dont_email_post_to_subs":false,"_jetpack_newsletter_tier_id":0,"_jetpack_memberships_contains_paywalled_content":false,"_jetpack_memberships_contains_paid_content":false,"footnotes":""},"categories":[1],"tags":[],"class_list":["post-8327","post","type-post","status-publish","format-standard","hentry","category-bez-kategorii"],"yoast_head":"<!-- This site is optimized with the Yoast SEO plugin v25.1 - https:\/\/yoast.com\/wordpress\/plugins\/seo\/ -->\n<title>Plemi\u0119 przewrotne \u017c\u0105da znaku... - Gaudium Et Spes<\/title>\n<meta name=\"robots\" content=\"index, follow, max-snippet:-1, max-image-preview:large, max-video-preview:-1\" \/>\n<link rel=\"canonical\" href=\"https:\/\/gaudiumetspes-blog.pl\/index.php\/2015\/07\/20\/plemie-przewrotne-zada-znaku\/\" \/>\n<meta property=\"og:locale\" content=\"pl_PL\" \/>\n<meta property=\"og:type\" content=\"article\" \/>\n<meta property=\"og:title\" content=\"Plemi\u0119 przewrotne \u017c\u0105da znaku... - Gaudium Et Spes\" \/>\n<meta property=\"og:description\" content=\"Szcz\u0119\u015b\u0107 Bo\u017ce! Moi Drodzy, wczoraj u nas by\u0142o bardzo ciep\u0142o, jednak w ci\u0105gu dnia i wieczorem mia\u0142y miejsce ulewy. Nie by\u0142y one d\u0142ugie, ale do\u015b\u0107 intensywne. Natomiast docieraj\u0105 do nas wiadomo\u015bci o strasznych burzach, grasuj\u0105cych po Polsce. Jak sytuacja przedstawia si\u0119 u Was? &nbsp; &nbsp; &nbsp;My\u015blimy dzisiaj o grupowym zdobywaniu \u015anie\u017cki, ale &#8211; p\u00f3ki co [&hellip;]\" \/>\n<meta property=\"og:url\" content=\"https:\/\/gaudiumetspes-blog.pl\/index.php\/2015\/07\/20\/plemie-przewrotne-zada-znaku\/\" \/>\n<meta property=\"og:site_name\" content=\"Gaudium Et Spes\" \/>\n<meta property=\"article:published_time\" content=\"2015-07-20T02:42:00+00:00\" \/>\n<meta property=\"article:modified_time\" content=\"2019-07-31T10:55:38+00:00\" \/>\n<meta name=\"author\" content=\"Ks. Jacek\" \/>\n<meta name=\"twitter:card\" content=\"summary_large_image\" \/>\n<meta name=\"twitter:label1\" content=\"Napisane przez\" \/>\n\t<meta name=\"twitter:data1\" content=\"Ks. Jacek\" \/>\n\t<meta name=\"twitter:label2\" content=\"Szacowany czas czytania\" \/>\n\t<meta name=\"twitter:data2\" content=\"10 minut\" \/>\n<script type=\"application\/ld+json\" class=\"yoast-schema-graph\">{\"@context\":\"https:\/\/schema.org\",\"@graph\":[{\"@type\":\"WebPage\",\"@id\":\"https:\/\/gaudiumetspes-blog.pl\/index.php\/2015\/07\/20\/plemie-przewrotne-zada-znaku\/\",\"url\":\"https:\/\/gaudiumetspes-blog.pl\/index.php\/2015\/07\/20\/plemie-przewrotne-zada-znaku\/\",\"name\":\"Plemi\u0119 przewrotne \u017c\u0105da znaku... - Gaudium Et Spes\",\"isPartOf\":{\"@id\":\"https:\/\/gaudiumetspes-blog.pl\/#website\"},\"datePublished\":\"2015-07-20T02:42:00+00:00\",\"dateModified\":\"2019-07-31T10:55:38+00:00\",\"author\":{\"@id\":\"https:\/\/gaudiumetspes-blog.pl\/#\/schema\/person\/1661982992b752dea8dff0d4ed845a65\"},\"breadcrumb\":{\"@id\":\"https:\/\/gaudiumetspes-blog.pl\/index.php\/2015\/07\/20\/plemie-przewrotne-zada-znaku\/#breadcrumb\"},\"inLanguage\":\"pl-PL\",\"potentialAction\":[{\"@type\":\"ReadAction\",\"target\":[\"https:\/\/gaudiumetspes-blog.pl\/index.php\/2015\/07\/20\/plemie-przewrotne-zada-znaku\/\"]}]},{\"@type\":\"BreadcrumbList\",\"@id\":\"https:\/\/gaudiumetspes-blog.pl\/index.php\/2015\/07\/20\/plemie-przewrotne-zada-znaku\/#breadcrumb\",\"itemListElement\":[{\"@type\":\"ListItem\",\"position\":1,\"name\":\"Strona g\u0142\u00f3wna\",\"item\":\"https:\/\/gaudiumetspes-blog.pl\/\"},{\"@type\":\"ListItem\",\"position\":2,\"name\":\"Plemi\u0119 przewrotne \u017c\u0105da znaku&#8230;\"}]},{\"@type\":\"WebSite\",\"@id\":\"https:\/\/gaudiumetspes-blog.pl\/#website\",\"url\":\"https:\/\/gaudiumetspes-blog.pl\/\",\"name\":\"Gaudium Et Spes\",\"description\":\"Blog Ks. Jacka Ja\u015bkowskiego\",\"potentialAction\":[{\"@type\":\"SearchAction\",\"target\":{\"@type\":\"EntryPoint\",\"urlTemplate\":\"https:\/\/gaudiumetspes-blog.pl\/?s={search_term_string}\"},\"query-input\":{\"@type\":\"PropertyValueSpecification\",\"valueRequired\":true,\"valueName\":\"search_term_string\"}}],\"inLanguage\":\"pl-PL\"},{\"@type\":\"Person\",\"@id\":\"https:\/\/gaudiumetspes-blog.pl\/#\/schema\/person\/1661982992b752dea8dff0d4ed845a65\",\"name\":\"Ks. Jacek\",\"image\":{\"@type\":\"ImageObject\",\"inLanguage\":\"pl-PL\",\"@id\":\"https:\/\/gaudiumetspes-blog.pl\/#\/schema\/person\/image\/\",\"url\":\"https:\/\/gaudiumetspes-blog.pl\/wp-content\/uploads\/2019\/07\/avatar-JJ-150x150.jpg\",\"contentUrl\":\"https:\/\/gaudiumetspes-blog.pl\/wp-content\/uploads\/2019\/07\/avatar-JJ-150x150.jpg\",\"caption\":\"Ks. Jacek\"},\"description\":\"Witam serdecznie! K\u0142ania si\u0119 Ks. Jacek Ja\u015bkowski. Nie jestem ani kim\u015b wa\u017cnym, ani kim\u015b znanym. Jestem ksi\u0119dzem, kt\u00f3ry po prostu chce rozmawia\u0107. Codzienna kap\u0142a\u0144ska pos\u0142uga pokazuje mi, \u017ce temat\u00f3w do rozm\u00f3w z ksi\u0119dzem jest coraz wi\u0119cej i dzisiaj \u017caden ksi\u0105dz nie mo\u017ce od nich ucieka\u0107, ale - wprost przeciwnie - podejmowa\u0107 nowe wyzwania. To przekonanie sk\u0142oni\u0142o mnie do pr\u00f3by otwarcia tego\u017c bloga, chocia\u017c okazji do rozm\u00f3w na co dzie\u0144 - w konfesjonale i poza nim - na szcz\u0119\u015bcie nie brakuje. My\u015bl\u0119 jednak, \u017ce ten blog b\u0119dzie jeszcze jednym sposobem i przestrzeni\u0105 nawi\u0105zania kontaktu z lud\u017ami dobrej woli, otwartymi na dialog.\",\"url\":\"https:\/\/gaudiumetspes-blog.pl\/index.php\/author\/ks-jacek\/\"}]}<\/script>\n<!-- \/ Yoast SEO plugin. -->","yoast_head_json":{"title":"Plemi\u0119 przewrotne \u017c\u0105da znaku... - Gaudium Et Spes","robots":{"index":"index","follow":"follow","max-snippet":"max-snippet:-1","max-image-preview":"max-image-preview:large","max-video-preview":"max-video-preview:-1"},"canonical":"https:\/\/gaudiumetspes-blog.pl\/index.php\/2015\/07\/20\/plemie-przewrotne-zada-znaku\/","og_locale":"pl_PL","og_type":"article","og_title":"Plemi\u0119 przewrotne \u017c\u0105da znaku... - Gaudium Et Spes","og_description":"Szcz\u0119\u015b\u0107 Bo\u017ce! Moi Drodzy, wczoraj u nas by\u0142o bardzo ciep\u0142o, jednak w ci\u0105gu dnia i wieczorem mia\u0142y miejsce ulewy. Nie by\u0142y one d\u0142ugie, ale do\u015b\u0107 intensywne. Natomiast docieraj\u0105 do nas wiadomo\u015bci o strasznych burzach, grasuj\u0105cych po Polsce. Jak sytuacja przedstawia si\u0119 u Was? &nbsp; &nbsp; &nbsp;My\u015blimy dzisiaj o grupowym zdobywaniu \u015anie\u017cki, ale &#8211; p\u00f3ki co [&hellip;]","og_url":"https:\/\/gaudiumetspes-blog.pl\/index.php\/2015\/07\/20\/plemie-przewrotne-zada-znaku\/","og_site_name":"Gaudium Et Spes","article_published_time":"2015-07-20T02:42:00+00:00","article_modified_time":"2019-07-31T10:55:38+00:00","author":"Ks. Jacek","twitter_card":"summary_large_image","twitter_misc":{"Napisane przez":"Ks. Jacek","Szacowany czas czytania":"10 minut"},"schema":{"@context":"https:\/\/schema.org","@graph":[{"@type":"WebPage","@id":"https:\/\/gaudiumetspes-blog.pl\/index.php\/2015\/07\/20\/plemie-przewrotne-zada-znaku\/","url":"https:\/\/gaudiumetspes-blog.pl\/index.php\/2015\/07\/20\/plemie-przewrotne-zada-znaku\/","name":"Plemi\u0119 przewrotne \u017c\u0105da znaku... - Gaudium Et Spes","isPartOf":{"@id":"https:\/\/gaudiumetspes-blog.pl\/#website"},"datePublished":"2015-07-20T02:42:00+00:00","dateModified":"2019-07-31T10:55:38+00:00","author":{"@id":"https:\/\/gaudiumetspes-blog.pl\/#\/schema\/person\/1661982992b752dea8dff0d4ed845a65"},"breadcrumb":{"@id":"https:\/\/gaudiumetspes-blog.pl\/index.php\/2015\/07\/20\/plemie-przewrotne-zada-znaku\/#breadcrumb"},"inLanguage":"pl-PL","potentialAction":[{"@type":"ReadAction","target":["https:\/\/gaudiumetspes-blog.pl\/index.php\/2015\/07\/20\/plemie-przewrotne-zada-znaku\/"]}]},{"@type":"BreadcrumbList","@id":"https:\/\/gaudiumetspes-blog.pl\/index.php\/2015\/07\/20\/plemie-przewrotne-zada-znaku\/#breadcrumb","itemListElement":[{"@type":"ListItem","position":1,"name":"Strona g\u0142\u00f3wna","item":"https:\/\/gaudiumetspes-blog.pl\/"},{"@type":"ListItem","position":2,"name":"Plemi\u0119 przewrotne \u017c\u0105da znaku&#8230;"}]},{"@type":"WebSite","@id":"https:\/\/gaudiumetspes-blog.pl\/#website","url":"https:\/\/gaudiumetspes-blog.pl\/","name":"Gaudium Et Spes","description":"Blog Ks. Jacka Ja\u015bkowskiego","potentialAction":[{"@type":"SearchAction","target":{"@type":"EntryPoint","urlTemplate":"https:\/\/gaudiumetspes-blog.pl\/?s={search_term_string}"},"query-input":{"@type":"PropertyValueSpecification","valueRequired":true,"valueName":"search_term_string"}}],"inLanguage":"pl-PL"},{"@type":"Person","@id":"https:\/\/gaudiumetspes-blog.pl\/#\/schema\/person\/1661982992b752dea8dff0d4ed845a65","name":"Ks. Jacek","image":{"@type":"ImageObject","inLanguage":"pl-PL","@id":"https:\/\/gaudiumetspes-blog.pl\/#\/schema\/person\/image\/","url":"https:\/\/gaudiumetspes-blog.pl\/wp-content\/uploads\/2019\/07\/avatar-JJ-150x150.jpg","contentUrl":"https:\/\/gaudiumetspes-blog.pl\/wp-content\/uploads\/2019\/07\/avatar-JJ-150x150.jpg","caption":"Ks. Jacek"},"description":"Witam serdecznie! K\u0142ania si\u0119 Ks. Jacek Ja\u015bkowski. Nie jestem ani kim\u015b wa\u017cnym, ani kim\u015b znanym. Jestem ksi\u0119dzem, kt\u00f3ry po prostu chce rozmawia\u0107. Codzienna kap\u0142a\u0144ska pos\u0142uga pokazuje mi, \u017ce temat\u00f3w do rozm\u00f3w z ksi\u0119dzem jest coraz wi\u0119cej i dzisiaj \u017caden ksi\u0105dz nie mo\u017ce od nich ucieka\u0107, ale - wprost przeciwnie - podejmowa\u0107 nowe wyzwania. To przekonanie sk\u0142oni\u0142o mnie do pr\u00f3by otwarcia tego\u017c bloga, chocia\u017c okazji do rozm\u00f3w na co dzie\u0144 - w konfesjonale i poza nim - na szcz\u0119\u015bcie nie brakuje. My\u015bl\u0119 jednak, \u017ce ten blog b\u0119dzie jeszcze jednym sposobem i przestrzeni\u0105 nawi\u0105zania kontaktu z lud\u017ami dobrej woli, otwartymi na dialog.","url":"https:\/\/gaudiumetspes-blog.pl\/index.php\/author\/ks-jacek\/"}]}},"jetpack_featured_media_url":"","jetpack_sharing_enabled":true,"_links":{"self":[{"href":"https:\/\/gaudiumetspes-blog.pl\/index.php\/wp-json\/wp\/v2\/posts\/8327","targetHints":{"allow":["GET"]}}],"collection":[{"href":"https:\/\/gaudiumetspes-blog.pl\/index.php\/wp-json\/wp\/v2\/posts"}],"about":[{"href":"https:\/\/gaudiumetspes-blog.pl\/index.php\/wp-json\/wp\/v2\/types\/post"}],"author":[{"embeddable":true,"href":"https:\/\/gaudiumetspes-blog.pl\/index.php\/wp-json\/wp\/v2\/users\/1"}],"replies":[{"embeddable":true,"href":"https:\/\/gaudiumetspes-blog.pl\/index.php\/wp-json\/wp\/v2\/comments?post=8327"}],"version-history":[{"count":1,"href":"https:\/\/gaudiumetspes-blog.pl\/index.php\/wp-json\/wp\/v2\/posts\/8327\/revisions"}],"predecessor-version":[{"id":12198,"href":"https:\/\/gaudiumetspes-blog.pl\/index.php\/wp-json\/wp\/v2\/posts\/8327\/revisions\/12198"}],"wp:attachment":[{"href":"https:\/\/gaudiumetspes-blog.pl\/index.php\/wp-json\/wp\/v2\/media?parent=8327"}],"wp:term":[{"taxonomy":"category","embeddable":true,"href":"https:\/\/gaudiumetspes-blog.pl\/index.php\/wp-json\/wp\/v2\/categories?post=8327"},{"taxonomy":"post_tag","embeddable":true,"href":"https:\/\/gaudiumetspes-blog.pl\/index.php\/wp-json\/wp\/v2\/tags?post=8327"}],"curies":[{"name":"wp","href":"https:\/\/api.w.org\/{rel}","templated":true}]}}