{"id":8328,"date":"2015-07-19T05:12:00","date_gmt":"2015-07-19T03:12:00","guid":{"rendered":"https:\/\/gaudiumetspes-blog.pl\/index.php\/2015\/07\/19\/panie-wez-nasze-sprawy-w-swoje-rece\/"},"modified":"2019-07-31T12:55:38","modified_gmt":"2019-07-31T10:55:38","slug":"panie-wez-nasze-sprawy-w-swoje-rece","status":"publish","type":"post","link":"https:\/\/gaudiumetspes-blog.pl\/index.php\/2015\/07\/19\/panie-wez-nasze-sprawy-w-swoje-rece\/","title":{"rendered":"Panie, we\u017a nasze sprawy w swoje r\u0119ce!"},"content":{"rendered":"<div align=\"justify\" class=\"western\" style=\"line-height: 150%; margin-bottom: 0cm;\">\nNiech b\u0119dzie pochwalony Jezus Chrystus! Bardzo serdecznie pozdrawiam &#8211; wraz z moj\u0105 Ekip\u0105 &#8211; ze Szklarskiej Por\u0119by! Pogoda u nas &#8222;urlopowa&#8221;, wczoraj troch\u0119 pogrzmia\u0142o, ale przesz\u0142o&#8230; Dzisiaj znowu zapowiada si\u0119 gor\u0105cy dzie\u0144 &#8211; oby niezbyt gor\u0105cy&#8230;&nbsp;<\/div>\n<div align=\"justify\" class=\"western\" style=\"line-height: 150%; margin-bottom: 0cm;\">\n&nbsp; &nbsp; &nbsp;\u017bycz\u0119 Wszystkim pi\u0119knego dnia i na jego religijne prze\u017cywanie, b\u0142ogos\u0142awi\u0119 z serca:<b> Niech Was b\u0142ogos\u0142awi B\u00f3g Wszechmog\u0105cy: Ojciec + i Syn, i Duch \u015awi\u0119ty. Amen<\/b><\/div>\n<div align=\"justify\" class=\"western\" style=\"line-height: 150%; margin-bottom: 0cm;\">\n&nbsp; &nbsp; &nbsp; &nbsp; &nbsp; &nbsp; &nbsp; &nbsp; &nbsp; &nbsp; &nbsp; &nbsp; &nbsp; &nbsp; &nbsp; &nbsp; Gaudium et spes! &nbsp;Ks. Jacek<\/div>\n<div align=\"justify\" class=\"western\" style=\"line-height: 150%; margin-bottom: 0cm;\">\n<b><br \/><\/b><\/div>\n<div align=\"justify\" class=\"western\" style=\"line-height: 150%; margin-bottom: 0cm;\">\n<b>16<br \/>\nNiedziela zwyk\u0142a, B,<\/b><\/div>\n<div align=\"justify\" class=\"western\" style=\"line-height: 150%; margin-bottom: 0cm;\">\n<b>do<br \/>\nczyta\u0144:  Jr 23,1\u20136;  Ef 2,13\u201318;  Mk 6,30\u201334<\/b><\/div>\n<div align=\"justify\" class=\"western\" style=\"line-height: 150%; margin-bottom: 0cm;\">\n<\/div>\n<div align=\"justify\" class=\"western\" style=\"line-height: 150%; margin-bottom: 0cm;\">\n<b>CZYTANIE<br \/>\nZ KSI\u0118GI PROROKA JEREMIASZA:<\/b><\/div>\n<div align=\"justify\" class=\"western\" style=\"line-height: 150%; margin-bottom: 0cm; text-indent: 1.25cm;\">\n<b>Pan<br \/>\nm\u00f3wi: Biada pasterzom, kt\u00f3rzy prowadz\u0105 do zguby i rozpraszaj\u0105<br \/>\nowce mojego pastwiska. <\/b>\n<\/div>\n<div align=\"justify\" class=\"western\" style=\"line-height: 150%; margin-bottom: 0cm; text-indent: 1.25cm;\">\n<b>Dlatego<br \/>\nto m\u00f3wi B\u00f3g Izraela, o pasterzach, kt\u00f3rzy maj\u0105 pa\u015b\u0107 m\u00f3j nar\u00f3d:<br \/>\nWy rozproszyli\u015bcie moj\u0105 trzod\u0119, rozp\u0119dzili\u015bcie i nie<br \/>\nzatroszczyli\u015bcie si\u0119 o ni\u0105; oto Ja si\u0119 zatroszcz\u0119 o nieprawo\u015b\u0107<br \/>\nwaszych uczynk\u00f3w. <\/b>\n<\/div>\n<div align=\"justify\" class=\"western\" style=\"line-height: 150%; margin-bottom: 0cm; text-indent: 1.25cm;\">\n<b>Ja<br \/>\nsam zbior\u0119 reszt\u0119 swego stada ze wszystkich kraj\u00f3w, do kt\u00f3rych je<br \/>\nwyp\u0119dzi\u0142em. Sprowadz\u0119 je na ich pastwisko, by mia\u0142y coraz<br \/>\nliczniejsze potomstwo. Ustanowi\u0119 za\u015b nad nimi pasterzy, by je<br \/>\npa\u015bli; i nie b\u0119d\u0105 si\u0119 ju\u017c wi\u0119cej l\u0119ka\u0107 ani trwo\u017cy\u0107, ani<br \/>\ntrzeba b\u0119dzie szuka\u0107 kt\u00f3rejkolwiek. <\/b>\n<\/div>\n<div align=\"justify\" class=\"western\" style=\"line-height: 150%; margin-bottom: 0cm; text-indent: 1.25cm;\">\n<b>Oto<br \/>\nnadejd\u0105 dni, kiedy wzbudz\u0119 Dawidowi Odro\u015bl sprawiedliw\u0105. B\u0119dzie<br \/>\npanowa\u0142 jako kr\u00f3l, post\u0119puj\u0105c roztropnie, i b\u0119dzie wykonywa\u0142<br \/>\nprawo i sprawiedliwo\u015b\u0107 na ziemi. W jego dniach Juda dost\u0105pi<br \/>\nzbawienia, a Izrael b\u0119dzie mieszka\u0142 bezpiecznie. To za\u015b b\u0119dzie<br \/>\nimi\u0119, kt\u00f3rym go b\u0119d\u0105 nazywa\u0107: \u201ePan nasz\u0105 sprawiedliwo\u015bci\u0105\u201d.<\/b><\/div>\n<div align=\"justify\" class=\"western\" style=\"line-height: 150%; margin-bottom: 0cm;\">\n<\/div>\n<div align=\"justify\" class=\"western\" style=\"line-height: 150%; margin-bottom: 0cm;\">\n<b>CZYTANIE<br \/>\nZ LISTU \u015aWI\u0118TEGO PAW\u0141A APOSTO\u0141A DO EFEZJAN:<\/b><\/div>\n<div align=\"justify\" class=\"western\" style=\"line-height: 150%; margin-bottom: 0cm; text-indent: 1.25cm;\">\n<b>Bracia:<br \/>\nTeraz w Chrystusie Jezusie wy, kt\u00f3rzy niegdy\u015b byli\u015bcie daleko,<br \/>\nstali\u015bcie si\u0119 bliscy przez krew Chrystusa. <\/b>\n<\/div>\n<div align=\"justify\" class=\"western\" style=\"line-height: 150%; margin-bottom: 0cm; text-indent: 1.25cm;\">\n<b>On<br \/>\nbowiem jest naszym pokojem; On, kt\u00f3ry obie cz\u0119\u015bci ludzko\u015bci<br \/>\nuczyni\u0142 jedno\u015bci\u0105, bo zburzy\u0142 rozdzielaj\u0105cy je mur &#8211; wrogo\u015b\u0107.<br \/>\nW swym ciele pozbawi\u0142 On mocy Prawo przykaza\u0144 wyra\u017cone w<br \/>\nzarz\u0105dzeniach, aby z dw\u00f3ch rodzaj\u00f3w ludzi stworzy\u0107 w sobie<br \/>\njednego, nowego cz\u0142owieka, wprowadzaj\u0105c pok\u00f3j, i aby tak jednych,<br \/>\njak drugich zn\u00f3w pojedna\u0107 z Bogiem w jednym ciele przez krzy\u017c, w<br \/>\nsobie zadawszy \u015bmier\u0107 wrogo\u015bci. <\/b>\n<\/div>\n<div align=\"justify\" class=\"western\" style=\"line-height: 150%; margin-bottom: 0cm; text-indent: 1.25cm;\">\n<b>A<br \/>\nprzyszed\u0142szy, zwiastowa\u0142 pok\u00f3j wam, kt\u00f3rzy\u015bcie daleko, i pok\u00f3j<br \/>\ntym, kt\u00f3rzy s\u0105 blisko, bo przez Niego jedni i drudzy w jednym Duchu<br \/>\nmamy przyst\u0119p do Ojca.<\/b><\/div>\n<div align=\"justify\" class=\"western\" style=\"line-height: 150%; margin-bottom: 0cm;\">\n<\/div>\n<div align=\"justify\" class=\"western\" style=\"line-height: 150%; margin-bottom: 0cm;\">\n<b>S\u0141OWA<br \/>\nEWANGELII WED\u0141UG \u015aWI\u0118TEGO MARKA:<\/b><\/div>\n<div align=\"justify\" class=\"western\" style=\"line-height: 150%; margin-bottom: 0cm; text-indent: 1.25cm;\">\n<b>Aposto\u0142owie<br \/>\nzebrali si\u0119 u Jezusa i opowiedzieli Mu wszystko, co zdzia\u0142ali i<br \/>\nczego nauczali. A On rzek\u0142 do nich: \u201eP\u00f3jd\u017acie wy sami osobno na<br \/>\nmiejsce pustynne i wypocznijcie nieco\u201d. Tak wielu bowiem<br \/>\nprzychodzi\u0142o i odchodzi\u0142o, \u017ce nawet na posi\u0142ek nie mieli czasu. <\/b>\n<\/div>\n<div align=\"justify\" class=\"western\" style=\"line-height: 150%; margin-bottom: 0cm; text-indent: 1.25cm;\">\n<b>Odp\u0142yn\u0119li<br \/>\nwi\u0119c \u0142odzi\u0105 na miejsce pustynne osobno. Lecz widziano ich<br \/>\nodp\u0142ywaj\u0105cych. Wielu zauwa\u017cy\u0142o to i zbiegli si\u0119 tam pieszo ze<br \/>\nwszystkich miast, a nawet ich uprzedzili. <\/b>\n<\/div>\n<div align=\"justify\" class=\"western\" style=\"line-height: 150%; margin-bottom: 0cm; text-indent: 1.25cm;\">\n<b>Gdy<br \/>\nJezus wysiad\u0142, ujrza\u0142 wielki t\u0142um i zdj\u0119\u0142a Go lito\u015b\u0107 nad nimi;<br \/>\nbyli bowiem jak owce nie maj\u0105ce pasterza. I zacz\u0105\u0142 ich naucza\u0107.<\/b><\/div>\n<div align=\"justify\" class=\"western\" style=\"line-height: 150%; margin-bottom: 0cm;\">\n<\/div>\n<div align=\"justify\" class=\"western\" style=\"line-height: 150%; margin-bottom: 0cm; text-indent: 1.25cm;\">\nKiedy<br \/>\npasterze, pos\u0142ani przez Boga, by opiekowali si\u0119 Jego ludem, nie<br \/>\nwywi\u0105zuj\u0105 si\u0119 nale\u017cycie ze swoich zada\u0144, B\u00f3g postanawia sam<br \/>\n<b>wzi\u0105\u0107 sprawy w swoje r\u0119ce\u2026<\/b> S\u0142yszymy dzisiaj w pierwszym<br \/>\nczytaniu: <i><b>Dlatego to m\u00f3wi B\u00f3g Izraela, o pasterzach, kt\u00f3rzy<br \/>\nmaj\u0105 pa\u015b\u0107 m\u00f3j nar\u00f3d: Wy rozproszyli\u015bcie moj\u0105 trzod\u0119,<br \/>\nrozp\u0119dzili\u015bcie i nie zatroszczyli\u015bcie si\u0119 o ni\u0105; oto Ja si\u0119<br \/>\nzatroszcz\u0119 o nieprawo\u015b\u0107 waszych uczynk\u00f3w. <\/b><\/i>\n<\/div>\n<div align=\"justify\" class=\"western\" style=\"line-height: 150%; margin-bottom: 0cm; text-indent: 1.25cm;\">\nI<br \/>\nzaraz potem nast\u0119pna zapowied\u017a: <i><b>Ja sam zbior\u0119 reszt\u0119<br \/>\nswego stada ze wszystkich kraj\u00f3w, do kt\u00f3rych je wyp\u0119dzi\u0142em.<br \/>\nSprowadz\u0119 je na ich pastwisko, by mia\u0142y coraz liczniejsze<br \/>\npotomstwo. Ustanowi\u0119 za\u015b nad nimi pasterzy, by je pa\u015bli; i nie<br \/>\nb\u0119d\u0105 si\u0119 ju\u017c wi\u0119cej l\u0119ka\u0107 ani trwo\u017cy\u0107, ani trzeba b\u0119dzie<br \/>\nszuka\u0107 kt\u00f3rejkolwiek<\/b><\/i><b>. <\/b>\n<\/div>\n<div align=\"justify\" class=\"western\" style=\"line-height: 150%; margin-bottom: 0cm; text-indent: 1.25cm;\">\nA<br \/>\nspo\u015br\u00f3d tych nowych pasterzy, kt\u00f3rych B\u00f3g po\u015ble, na pierwszy<br \/>\nplan wyra\u017anie wybija si\u0119 ten jeden, <b>wyj\u0105tkowy Pasterz,<\/b><br \/>\no kt\u00f3rym s\u0142yszymy takie s\u0142owa: <i><b>Oto nadejd\u0105 dni,<br \/>\nkiedy wzbudz\u0119 Dawidowi Odro\u015bl sprawiedliw\u0105. B\u0119dzie panowa\u0142 jako<br \/>\nkr\u00f3l, post\u0119puj\u0105c roztropnie, i b\u0119dzie wykonywa\u0142 prawo i<br \/>\nsprawiedliwo\u015b\u0107 na ziemi.<\/b><\/i><b> <\/b>I<br \/>\ndopiero ten Pasterz i W\u0142adca rozci\u0105gnie prawdziw\u0105 i skuteczn\u0105<br \/>\nopiek\u0119 nad swoim ludem, On<br \/>\nsam zatroszczy si\u0119 o jego dobro \u2013 <b>ju\u017c<\/b><br \/>\n<b>tak naprawd\u0119. <\/b>\n<\/div>\n<div align=\"justify\" class=\"western\" style=\"line-height: 150%; margin-bottom: 0cm; text-indent: 1.25cm;\">\nA<br \/>\nzatem, kiedy ludzie danej<br \/>\nsprawy nie ud\u017awign\u0105, B\u00f3g na pewno ud\u017awignie, <b>B\u00f3g da<br \/>\nrad\u0119,<\/b> B\u00f3g znajdzie spos\u00f3b\u2026<br \/>\nOn we\u017amie sprawy w swoje r\u0119ce. Potwierdza<br \/>\nto r\u00f3wnie\u017c dzisiejsza rozmowa Jezusa z Aposto\u0142ami. Jak<br \/>\ns\u0142yszeli\u015bmy w Ewangelii, kiedy <i><b>Aposto\u0142owie zebrali<br \/>\nsi\u0119 u Jezusa i opowiedzieli Mu wszystko, co zdzia\u0142ali i czego<br \/>\nnauczali,<\/b><\/i><b> [\u2026] <\/b><i><b>On rzek\u0142 do nich: \u201eP\u00f3jd\u017acie<br \/>\nwy sami osobno na miejsce pustynne i wypocznijcie nieco\u201d. Tak wielu<br \/>\nbowiem przychodzi\u0142o i odchodzi\u0142o, \u017ce nawet na posi\u0142ek nie mieli<br \/>\nczasu. <\/b><\/i>\n<\/div>\n<div align=\"justify\" class=\"western\" style=\"line-height: 150%; margin-bottom: 0cm; text-indent: 1.25cm;\">\nI<br \/>\nkiedy ci rzeczywi\u015bcie <i><b>o<\/b><\/i><i><b>dp\u0142yn\u0119li<\/b><\/i><b><br \/>\n[\u2026] <\/b><i><b>\u0142odzi\u0105 na miejsce pustynne osobno, <\/b><\/i><i>l<\/i>udzie<br \/>\nwidzieli<i><b> ich odp\u0142ywaj\u0105cych. Wielu zauwa\u017cy\u0142o<br \/>\nto i zbiegli si\u0119 tam pieszo ze wszystkich miast, a nawet ich<br \/>\nuprzedzili. <\/b><\/i><b> <\/b>Widz\u0105c<br \/>\nto, <b>Jezus<\/b> wyszed\u0142 im<br \/>\nna spotkanie, gdy\u017c <i><b>zdj\u0119\u0142a Go lito\u015b\u0107 nad nimi; byli<br \/>\nbowiem jak owce nie maj\u0105ce pasterza. I zacz\u0105\u0142 ich naucza\u0107. <\/b><\/i>\n<\/div>\n<div align=\"justify\" class=\"western\" style=\"line-height: 150%; margin-bottom: 0cm; text-indent: 1.25cm;\">\nZauwa\u017cmy,<br \/>\nJezus <b>w\u0142\u0105cza\u0142<br \/>\n<\/b><b>Aposto\u0142\u00f3w<\/b> coraz<br \/>\nbardziej intensywnie do<br \/>\nswego<br \/>\ndzie\u0142a, prowadza\u0142 ich ze sob\u0105, kaza\u0142 im <b>przygl\u0105da\u0107<br \/>\nsi\u0119 <\/b><b>temu, co robi,<\/b> a w<br \/>\nwielu sytuacjach mogli ju\u017c<br \/>\noni asystowa\u0107<br \/>\nMu i pomaga\u0107<br \/>\n\u2013 jak chocia\u017cby przy rozmno\u017ceniu chleba, kiedy <b>rozdawali<br \/>\nludziom chleb i ryby,<\/b> a potem<br \/>\nzbierali u\u0142omki\u2026<br \/>\nDzisiaj za\u015b s\u0142yszymy,<br \/>\n\u017ce zebrali si\u0119 u swego Mistrza, \u017ceby opowiedzie\u0107 Mu <b>o<br \/>\npierwszej swojej samodzielnej misji,<\/b><br \/>\nkt\u00f3r\u0105 spe\u0142niali w miejscach, do kt\u00f3rych ich rozes\u0142a\u0142.\n<\/div>\n<div align=\"justify\" class=\"western\" style=\"line-height: 150%; margin-bottom: 0cm; text-indent: 1.25cm;\">\nI<br \/>\noto przyszed\u0142 taki moment,<br \/>\n\u017ce byli wszyscy po<br \/>\nprostu <b>totalnie zm\u0119czeni i musieli odpocz\u0105\u0107.<\/b><br \/>\nChocia\u017c na troch\u0119 musieli zwolni\u0107 tempa. A Jezus \u2013 jak s\u0142yszymy<br \/>\n\u2013 <b>nie zwolni\u0142, nie odpoczywa\u0142.<\/b><br \/>\nIm kaza\u0142 odpocz\u0105\u0107 \u2013 <b>sam nie odpoczywa\u0142. <\/b>Sam<br \/>\nbra\u0142 sprawy w swoje r\u0119ce, kiedy ju\u017c ludzkie r\u0119ce nie dawa\u0142y<br \/>\nrady. I kiedy Aposto\u0142owie odpoczywali \u2013 <b>On naucza\u0142, On<br \/>\npracowa\u0142\u2026 <\/b>Bo B\u00f3g nigdy<br \/>\n<b>nie m\u0119czy <\/b><b>si\u0119<\/b><b> cz\u0142owiekiem,<\/b><br \/>\nBoga nie nu\u017cy pomaganie cz\u0142owiekowi\u2026 Kiedy<br \/>\ncz\u0142owiek nie daje rady, albo ju\u017c nie ma pomys\u0142u na to, jak dalej<br \/>\nrealizowa\u0107 dobro, B\u00f3g <b>sam bierze sprawy w swoje r\u0119ce. <\/b>\n<\/div>\n<div align=\"justify\" class=\"western\" style=\"line-height: 150%; margin-bottom: 0cm; text-indent: 1.25cm;\">\nW<br \/>\nskali \u2013 powiedzieliby\u015bmy \u2013 globalnej tym wzi\u0119ciem przez Boga<br \/>\nspraw w swoje r\u0119ce by\u0142o <b>dzie\u0142o zbawienia,<\/b><br \/>\ndokonane przez Jezusa, o kt\u00f3rym to dziele \u015awi\u0119ty Pawe\u0142, do<br \/>\nwiernych Efezu, tak<br \/>\npisa\u0142: <i><b>Teraz w Chrystusie Jezusie wy, kt\u00f3rzy niegdy\u015b<br \/>\nbyli\u015bcie daleko, stali\u015bcie si\u0119 bliscy przez krew Chrystusa. On<br \/>\nbowiem jest naszym pokojem; On, kt\u00f3ry obie cz\u0119\u015bci ludzko\u015bci<br \/>\nuczyni\u0142 jedno\u015bci\u0105, bo zburzy\u0142 rozdzielaj\u0105cy je mur \u2013 wrogo\u015b\u0107.<\/b><\/i><i><br \/>\n<\/i>\n<\/div>\n<div align=\"justify\" class=\"western\" style=\"line-height: 150%; margin-bottom: 0cm; text-indent: 1.25cm;\">\nI<b><br \/>\nc<\/b>a\u0142e dzisiejsze drugie<br \/>\nczytanie jest pi\u0119kn\u0105<br \/>\nwypowiedzi\u0105 Aposto\u0142a na temat tego, jak B\u00f3g Wcielony, Syn Bo\u017cy,<br \/>\nJezus Chrystus, przyszed\u0142 z pomoc\u0105 cz\u0142owiekowi i jak <b>wzi\u0105\u0142<br \/>\nludzkie losy i ludzkie sprawy w swoje r\u0119ce.<\/b><br \/>\nTo w wymiarze globalnym.\n<\/div>\n<div align=\"justify\" class=\"western\" style=\"line-height: 150%; margin-bottom: 0cm; text-indent: 1.25cm;\">\nI<br \/>\nw wymiarze ca\u0142ego Ko\u015bcio\u0142a mamy tak\u017ce zapewnienie Jezusa, \u017ce<br \/>\n<b>Ko\u015bci\u00f3\u0142 nie jest w \u017caden spos\u00f3b zagro\u017cony. <\/b>Cho\u0107by<br \/>\natak na niego by\u0142 coraz bardziej zmasowany, czy<br \/>\nnawet w samym jego wn\u0119trzu dochodzi\u0142o do zgorsze\u0144 i skandali, to<br \/>\njednak B\u00f3g w jaki\u015b wyj\u0105tkowy spos\u00f3b <b>trzyma w swoich<br \/>\nr\u0119kach sprawy Ko\u015bcio\u0142a<\/b> i nie<br \/>\npozwoli mu upa\u015b\u0107, zniszczy\u0107<br \/>\ngo, albo zniweczy\u0107 jego<br \/>\nmisji.<br \/>\n<b>Ko\u015bci\u00f3\u0142 nigdy nie upadnie \u2013 bramy piekielne go nie<br \/>\nprzemog\u0105! <\/b>Bo B\u00f3g \u2013 \u017ceby to<br \/>\njeszcze raz powt\u00f3rzy\u0107 \u2013 mocno trzyma go <b>w swoich<br \/>\nr\u0119kach.<\/b><\/div>\n<div align=\"justify\" class=\"western\" style=\"line-height: 150%; margin-bottom: 0cm; text-indent: 1.25cm;\">\nJednak<br \/>\nnie tylko w tych wymiarach<br \/>\npowszechnych i wielkich B\u00f3g<br \/>\nczuwa nad cz\u0142owiekiem i okazuje<br \/>\nmu pomoc. On <b>jest<br \/>\nr\u00f3wnie\u017c got\u00f3w poratowa\u0107 nas<\/b><br \/>\nw wymiarach naszej polskiej<br \/>\nrzeczywisto\u015bci, lub w wielu pomniejszych, pojedynczych i drobnych<br \/>\nsytuacjach rodzinnych, s\u0105siedzkich, zawodowych\u2026 Ile\u017c to razy my<br \/>\nsami <b>nie radzimy sobie z przer\u00f3\u017cnymi problemami! <\/b>\n<\/div>\n<div align=\"justify\" class=\"western\" style=\"line-height: 150%; margin-bottom: 0cm; text-indent: 1.25cm;\">\nIle\u017c<br \/>\nrazy mamy wra\u017cenie, \u017ce totalnie nie panujemy nad sytuacj\u0105, \u017ce<br \/>\n<b>sytuacja wymyka nam si\u0119 z r\u0105k!<\/b><br \/>\nNie wiemy, co robi\u0107,<br \/>\ndlatego chaotycznie, niejako na o\u015blep, pr\u00f3bujemy r\u00f3\u017cnych sposob\u00f3w<br \/>\ndzia\u0142ania, r\u00f3\u017cnych \u201ecudownych\u201d rozwi\u0105za\u0144, kt\u00f3re <b>nic<br \/>\nnie daj\u0105, niczego nie zmieniaj\u0105 na lepsze.<\/b><br \/>\nS\u0105 dora\u017ane, s\u0105 nieuporz\u0105dkowane i nieskoordynowane, wynik\u0142e z<br \/>\npotrzeby chwili i obliczone jedynie<br \/>\nna medialny szum. Ale <b>nie<br \/>\nrozwi\u0105zuj\u0105 dog\u0142\u0119bnie problemu.<\/b><br \/>\nS\u0105 \u2013 tak obrazowo m\u00f3wi\u0105c \u2013 <b>leczeniem objaw\u00f3w, a nie<br \/>\nprzyczyny<\/b> r\u00f3\u017cnych duchowych<br \/>\nschorze\u0144.\n<\/div>\n<div align=\"justify\" class=\"western\" style=\"line-height: 150%; margin-bottom: 0cm; text-indent: 1.25cm;\">\nNajlepsz\u0105<br \/>\nilustracj\u0105 tego, o czym tu sobie m\u00f3wimy, jest ju\u017c kolejna ods\u0142ona<br \/>\n<b>walki rz\u0105du z tak zwanymi dopalaczami.<\/b><br \/>\nIle\u017c to ju\u017c zatrzyma\u0144, ile\u017c to ju\u017c zarekwirowanego towaru,<br \/>\na ile huku<br \/>\nmedialnego przy ca\u0142ej sprawie. Mo\u017cna<br \/>\nnawet powiedzie\u0107, \u017ce walka z dopalaczami <b>sta\u0142a si\u0119<br \/>\nobecnie polsk\u0105 racj\u0105 stanu!<\/b><br \/>\nWszyscy jeste\u015bmy na froncie, wszyscy mamy obowi\u0105zek walczy\u0107!\n<\/div>\n<div align=\"justify\" class=\"western\" style=\"line-height: 150%; margin-bottom: 0cm; text-indent: 1.25cm;\">\nI<br \/>\n\u2013 \u017ceby by\u0142o jasne \u2013 osobi\u015bcie uwa\u017cam, \u017ce <b>zjawisko<br \/>\njest bardzo gro\u017ane i trzeba mu zaradzi\u0107. <\/b>Ale<br \/>\nnie poprzez leczenie objaw\u00f3w, <b>tylko<\/b><b> przyczyn.<\/b><br \/>\nTrzeba spojrze\u0107 g\u0142\u0119biej i zapyta\u0107, dlaczego m\u0142odzie\u017c po te<br \/>\nwszystkie \u015bwi\u0144stwa wyci\u0105ga r\u0119k\u0119 i si\u0119 nimi faszeruje? Dlaczego?<br \/>\nA mo\u017ce dlatego, \u017ce <b>nie ma przed sob\u0105 \u017cadnych perspektyw<br \/>\n\u017cyciowych, nie ma poczucia sensu i celu w \u017cyciu, <\/b>ma<br \/>\nw sercu jak\u0105\u015b <b>straszn\u0105 pustk\u0119<\/b><br \/>\n\u2013 i musi t\u0119 pustk\u0119 czym\u015b wype\u0142ni\u0107, a b\u00f3l serca i poczucie<br \/>\nbezsensu \u017cycia czym\u015b zag\u0142uszy\u0107? Mo\u017ce to tu w\u0142a\u015bnie le\u017cy<br \/>\nprzyczyna?\n<\/div>\n<div align=\"justify\" class=\"western\" style=\"line-height: 150%; margin-bottom: 0cm; text-indent: 1.25cm;\">\nA<br \/>\nsi\u0119gaj\u0105c jeszcze g\u0142\u0119biej, to mo\u017ce trzeba b\u0119dzie wprost<br \/>\npowiedzie\u0107, \u017ce jest to <b>efekt<\/b><br \/>\n<b>wyeliminowani<\/b><b>a<\/b><b> Boga<\/b><br \/>\nz \u017cycia tych m\u0142odych ludzi? Mo\u017ce trzeba zapyta\u0107,<b> jakie<br \/>\nwarto\u015bci przekazano im<\/b> w<br \/>\nrodzinach i czego ucz\u0105 ich media? Jakie perspektywy pracy i rozwoju<br \/>\ndaje im rz\u0105d i politycy, kt\u00f3rzy teraz tak bohatersko walcz\u0105 z<br \/>\ndopalaczami?\n<\/div>\n<div align=\"justify\" class=\"western\" style=\"line-height: 150%; margin-bottom: 0cm; text-indent: 1.25cm;\">\nKochani,<br \/>\nsamo si\u0119 wr\u0119cz z serca wyrywa wo\u0142anie do Boga: <b>Panie,<br \/>\nwe\u017a nasze sprawy w swoje r\u0119ce! <\/b>I<br \/>\nTy sam nimi pokieruj! Bo my\u015bmy ju\u017c pr\u00f3bowali. I nadal pr\u00f3bujemy.<br \/>\nI wychodzi, co wychodzi\u2026 Czasami to nawet <b>by\u0142oby to<br \/>\n\u015bmieszne, gdyby nie by\u0142o gro\u017ane.<\/b><br \/>\nBo je\u017celi zatrzymuje si\u0119 i<br \/>\nzamyka ludzi dot\u0105d niekaranych i maj\u0105cych nieposzlakowan\u0105 opini\u0119,<br \/>\ntylko za to, \u017ce<br \/>\nposiadaj\u0105 \u015brodki i preparaty \u2013 zupe\u0142nie do czego innego s\u0142u\u017c\u0105ce,<br \/>\nale zawieraj\u0105ce cho\u0107by ma\u0142e ilo\u015bci tych \u201eposzukiwanych\u201d<br \/>\nsubstancji \u2013 to jest to ju\u017c <b>absurdalne i doprawdy<br \/>\ngro\u017ane. <\/b>\n<\/div>\n<div align=\"justify\" class=\"western\" style=\"line-height: 150%; margin-bottom: 0cm; text-indent: 1.25cm;\">\nTak<br \/>\nsamo, jak absurdalne i doprawdy gro\u017ane jest <b>zabieranie<br \/>\ndzieci ubogim rodzicom. <\/b>Kolejny<br \/>\nprzyk\u0142ad tego, jak to<br \/>\nludzie sobie \u201eradz\u0105\u201d,<br \/>\nkiedy bior\u0105 swoje sprawy <b>tylko w swoje r\u0119ce,<\/b><br \/>\nodsuwaj\u0105c od nich Boga. Gdyby bowiem <b>cz\u0119\u015b\u0107 tych<br \/>\npieni\u0119dzy,<\/b> kt\u00f3re przeznaczy<br \/>\nsi\u0119 p\u00f3\u017aniej na utrzymanie tych dzieci w plac\u00f3wce opieku\u0144czej,<br \/>\n<b>da\u0107 owej rodzinie,<\/b><br \/>\nto nie by\u0142oby potrzeby wydziera\u0107 ich rodzicom.\n<\/div>\n<div align=\"justify\" class=\"western\" style=\"line-height: 150%; margin-bottom: 0cm; text-indent: 1.25cm;\">\nI<br \/>\ngdyby dzielni politycy i medialni gwiazdorzy zacz\u0119li <b>ochrania\u0107<br \/>\ni promowa\u0107 tradycyjn\u0105 rodzin\u0119,<\/b><br \/>\na nie uderza\u0107 w ni\u0105 z ca\u0142ych<br \/>\nsi\u0142, promuj\u0105c jakie\u015b <b>dewiacyjne i chore zwi\u0105zki, <\/b>to<br \/>\nby\u0142oby o wiele mniej dramat\u00f3w.<br \/>\nAle pa\u0144stwo <b>musi si\u0119 wykaza\u0107<\/b><br \/>\ni udowodni\u0107, \u017ce co\u015b robi! Kiedy<br \/>\nwi\u0119c \u2013 w efekcie takich z\u0142ych dzia\u0142a\u0144 \u2013 rodzina sobie nie<br \/>\nradzi, to wtedy najlepiej zabra\u0107 dzieci i problem \u201ez<br \/>\ng\u0142owy\u201d.\n<\/div>\n<div align=\"justify\" class=\"western\" style=\"line-height: 150%; margin-bottom: 0cm; text-indent: 1.25cm;\">\n<b>Panie,<br \/>\nwe\u017a nasze sprawy w swoje r\u0119ce,<\/b><br \/>\nbo my jak my sami si\u0119 za to bierzemy, to wychodz\u0105 takie w\u0142a\u015bnie<br \/>\n\u201ekwiatki\u201d. I wiele innych sytuacji mogliby\u015bmy tu przywo\u0142a\u0107:<br \/>\n<b>dramaty w rodzinach,<\/b><br \/>\n<b>pija\u0144stwo<\/b> <b>i<br \/>\nprzemoc, <\/b><b>tak zwana aborcja i in vitro;<\/b><br \/>\nod strony spo\u0142ecznej za\u015b \u2013 <b>krzycz\u0105ca i skandaliczna<br \/>\nbieda<\/b> w tylu domach, wspomniane<br \/>\nju\u017c poczucie braku sensu i celu w \u017cyciu, konieczno\u015b\u0107<br \/>\nwyjazdu za granic\u0119 za jak\u0105kolwiek prac\u0105\u2026<\/p>\n<\/div>\n<div align=\"justify\" class=\"western\" style=\"line-height: 150%; margin-bottom: 0cm; text-indent: 1.25cm;\">\nTo<br \/>\ns\u0105 w\u0142a\u015bnie efekty tego, jak sobie ludzie radz\u0105 sami, kiedy<br \/>\n<b>pr\u00f3buj\u0105 udowodni\u0107<\/b><br \/>\nBogu i sobie samym, \u017ce <b>jednak sobie poradz\u0105.<\/b><br \/>\nNie poradz\u0105 sobie \u2013 nie oszukujmy si\u0119! <b>Ludzie sobie bez<br \/>\nBoga nie poradz\u0105!<\/b> Bo nigdy<br \/>\nsobie nie radzili! Uczy tego historia biblijna i historia naszej<br \/>\nOjczyzny, a gdyby si\u0119 chcie\u0107 tak dok\u0142adniej i uczciwiej przyjrze\u0107,<br \/>\nto uczy tego historia naszych rodzin <b>i nasze osobiste<br \/>\nhistorie. <\/b>\n<\/div>\n<div align=\"justify\" class=\"western\" style=\"line-height: 150%; margin-bottom: 0cm; text-indent: 1.25cm;\">\nKiedy<br \/>\nludzie sami o w\u0142asnych si\u0142ach pr\u00f3buj\u0105 sobie radzi\u0107 i bior\u0105<br \/>\nswoje sprawy <b>tylko w swoje r\u0119ce,<\/b><br \/>\nuporczywie odsuwaj\u0105c od nich r\u0119k\u0119 Boga, a wi\u0119c <b>lekcewa\u017c\u0105c<br \/>\nJego zasady, Jego prawa i Jego wol\u0119<\/b><br \/>\n\u2013 zawsze wtedy otrzymuj\u0105 \u201ew pakiecie\u201d \u0142zy, rozczarowania i<br \/>\ndramaty, duchow\u0105 ruin\u0119 i zgliszcza, g\u0142upot\u0119 i absurd!\n<\/div>\n<div align=\"justify\" class=\"western\" style=\"line-height: 150%; margin-bottom: 0cm; text-indent: 1.25cm;\">\nI<br \/>\ntak b\u0119dzie dalej \u2013 <b>i b\u0119dzie tylko gorzej, <\/b>a\u017c<br \/>\ndo zupe\u0142nego wyniszczenia<br \/>\nduchowego i fizycznego \u2013 dop\u00f3ki ludzie nie p\u00f3jd\u0105 po rozum do<br \/>\ng\u0142owy i z ca\u0142\u0105 \u015bwiadomo\u015bci\u0105, i z najg\u0142\u0119bszym przekonaniem,<br \/>\nnie powiedz\u0105: <b>Panie, Ty sam we\u017a nasze sprawy w swoje<br \/>\nr\u0119ce!<\/b> Bo my\u015bmy ju\u017c<br \/>\npr\u00f3bowali. I widzimy, co wysz\u0142o. Nie chcemy ju\u017c tak d\u0142u\u017cej!<\/div>\n<div align=\"justify\" class=\"western\" style=\"line-height: 150%; margin-bottom: 0cm; text-indent: 1.25cm;\">\nDlatego<br \/>\nprosimy, Panie \u2013 <b>we\u017a nasze sprawy w swoje r\u0119ce!<\/b><br \/>\nI dalej ju\u017c Ty sam je poprowad\u017a\u2026&nbsp;\n<\/div>\n","protected":false},"excerpt":{"rendered":"<p>Niech b\u0119dzie pochwalony Jezus Chrystus! Bardzo serdecznie pozdrawiam &#8211; wraz z moj\u0105 Ekip\u0105 &#8211; ze Szklarskiej Por\u0119by! Pogoda u nas &#8222;urlopowa&#8221;, wczoraj troch\u0119 pogrzmia\u0142o, ale przesz\u0142o&#8230; Dzisiaj znowu zapowiada si\u0119 gor\u0105cy dzie\u0144 &#8211; oby niezbyt gor\u0105cy&#8230;&nbsp; &nbsp; &nbsp; &nbsp;\u017bycz\u0119 Wszystkim pi\u0119knego dnia i na jego religijne prze\u017cywanie, b\u0142ogos\u0142awi\u0119 z serca: Niech Was b\u0142ogos\u0142awi B\u00f3g Wszechmog\u0105cy: [&hellip;]<\/p>\n","protected":false},"author":1,"featured_media":0,"comment_status":"open","ping_status":"open","sticky":false,"template":"","format":"standard","meta":{"jetpack_post_was_ever_published":false,"_jetpack_newsletter_access":"","_jetpack_dont_email_post_to_subs":false,"_jetpack_newsletter_tier_id":0,"_jetpack_memberships_contains_paywalled_content":false,"_jetpack_memberships_contains_paid_content":false,"footnotes":""},"categories":[1],"tags":[],"class_list":["post-8328","post","type-post","status-publish","format-standard","hentry","category-bez-kategorii"],"yoast_head":"<!-- This site is optimized with the Yoast SEO plugin v25.1 - https:\/\/yoast.com\/wordpress\/plugins\/seo\/ -->\n<title>Panie, we\u017a nasze sprawy w swoje r\u0119ce! - Gaudium Et Spes<\/title>\n<meta name=\"robots\" content=\"index, follow, max-snippet:-1, max-image-preview:large, max-video-preview:-1\" \/>\n<link rel=\"canonical\" href=\"https:\/\/gaudiumetspes-blog.pl\/index.php\/2015\/07\/19\/panie-wez-nasze-sprawy-w-swoje-rece\/\" \/>\n<meta property=\"og:locale\" content=\"pl_PL\" \/>\n<meta property=\"og:type\" content=\"article\" \/>\n<meta property=\"og:title\" content=\"Panie, we\u017a nasze sprawy w swoje r\u0119ce! - Gaudium Et Spes\" \/>\n<meta property=\"og:description\" content=\"Niech b\u0119dzie pochwalony Jezus Chrystus! Bardzo serdecznie pozdrawiam &#8211; wraz z moj\u0105 Ekip\u0105 &#8211; ze Szklarskiej Por\u0119by! Pogoda u nas &#8222;urlopowa&#8221;, wczoraj troch\u0119 pogrzmia\u0142o, ale przesz\u0142o&#8230; Dzisiaj znowu zapowiada si\u0119 gor\u0105cy dzie\u0144 &#8211; oby niezbyt gor\u0105cy&#8230;&nbsp; &nbsp; &nbsp; &nbsp;\u017bycz\u0119 Wszystkim pi\u0119knego dnia i na jego religijne prze\u017cywanie, b\u0142ogos\u0142awi\u0119 z serca: Niech Was b\u0142ogos\u0142awi B\u00f3g Wszechmog\u0105cy: [&hellip;]\" \/>\n<meta property=\"og:url\" content=\"https:\/\/gaudiumetspes-blog.pl\/index.php\/2015\/07\/19\/panie-wez-nasze-sprawy-w-swoje-rece\/\" \/>\n<meta property=\"og:site_name\" content=\"Gaudium Et Spes\" \/>\n<meta property=\"article:published_time\" content=\"2015-07-19T03:12:00+00:00\" \/>\n<meta property=\"article:modified_time\" content=\"2019-07-31T10:55:38+00:00\" \/>\n<meta name=\"author\" content=\"Ks. Jacek\" \/>\n<meta name=\"twitter:card\" content=\"summary_large_image\" \/>\n<meta name=\"twitter:label1\" content=\"Napisane przez\" \/>\n\t<meta name=\"twitter:data1\" content=\"Ks. Jacek\" \/>\n\t<meta name=\"twitter:label2\" content=\"Szacowany czas czytania\" \/>\n\t<meta name=\"twitter:data2\" content=\"11 minut\" \/>\n<script type=\"application\/ld+json\" class=\"yoast-schema-graph\">{\"@context\":\"https:\/\/schema.org\",\"@graph\":[{\"@type\":\"WebPage\",\"@id\":\"https:\/\/gaudiumetspes-blog.pl\/index.php\/2015\/07\/19\/panie-wez-nasze-sprawy-w-swoje-rece\/\",\"url\":\"https:\/\/gaudiumetspes-blog.pl\/index.php\/2015\/07\/19\/panie-wez-nasze-sprawy-w-swoje-rece\/\",\"name\":\"Panie, we\u017a nasze sprawy w swoje r\u0119ce! - Gaudium Et Spes\",\"isPartOf\":{\"@id\":\"https:\/\/gaudiumetspes-blog.pl\/#website\"},\"datePublished\":\"2015-07-19T03:12:00+00:00\",\"dateModified\":\"2019-07-31T10:55:38+00:00\",\"author\":{\"@id\":\"https:\/\/gaudiumetspes-blog.pl\/#\/schema\/person\/1661982992b752dea8dff0d4ed845a65\"},\"breadcrumb\":{\"@id\":\"https:\/\/gaudiumetspes-blog.pl\/index.php\/2015\/07\/19\/panie-wez-nasze-sprawy-w-swoje-rece\/#breadcrumb\"},\"inLanguage\":\"pl-PL\",\"potentialAction\":[{\"@type\":\"ReadAction\",\"target\":[\"https:\/\/gaudiumetspes-blog.pl\/index.php\/2015\/07\/19\/panie-wez-nasze-sprawy-w-swoje-rece\/\"]}]},{\"@type\":\"BreadcrumbList\",\"@id\":\"https:\/\/gaudiumetspes-blog.pl\/index.php\/2015\/07\/19\/panie-wez-nasze-sprawy-w-swoje-rece\/#breadcrumb\",\"itemListElement\":[{\"@type\":\"ListItem\",\"position\":1,\"name\":\"Strona g\u0142\u00f3wna\",\"item\":\"https:\/\/gaudiumetspes-blog.pl\/\"},{\"@type\":\"ListItem\",\"position\":2,\"name\":\"Panie, we\u017a nasze sprawy w&nbsp;swoje r\u0119ce!\"}]},{\"@type\":\"WebSite\",\"@id\":\"https:\/\/gaudiumetspes-blog.pl\/#website\",\"url\":\"https:\/\/gaudiumetspes-blog.pl\/\",\"name\":\"Gaudium Et Spes\",\"description\":\"Blog Ks. Jacka Ja\u015bkowskiego\",\"potentialAction\":[{\"@type\":\"SearchAction\",\"target\":{\"@type\":\"EntryPoint\",\"urlTemplate\":\"https:\/\/gaudiumetspes-blog.pl\/?s={search_term_string}\"},\"query-input\":{\"@type\":\"PropertyValueSpecification\",\"valueRequired\":true,\"valueName\":\"search_term_string\"}}],\"inLanguage\":\"pl-PL\"},{\"@type\":\"Person\",\"@id\":\"https:\/\/gaudiumetspes-blog.pl\/#\/schema\/person\/1661982992b752dea8dff0d4ed845a65\",\"name\":\"Ks. Jacek\",\"image\":{\"@type\":\"ImageObject\",\"inLanguage\":\"pl-PL\",\"@id\":\"https:\/\/gaudiumetspes-blog.pl\/#\/schema\/person\/image\/\",\"url\":\"https:\/\/gaudiumetspes-blog.pl\/wp-content\/uploads\/2019\/07\/avatar-JJ-150x150.jpg\",\"contentUrl\":\"https:\/\/gaudiumetspes-blog.pl\/wp-content\/uploads\/2019\/07\/avatar-JJ-150x150.jpg\",\"caption\":\"Ks. Jacek\"},\"description\":\"Witam serdecznie! K\u0142ania si\u0119 Ks. Jacek Ja\u015bkowski. Nie jestem ani kim\u015b wa\u017cnym, ani kim\u015b znanym. Jestem ksi\u0119dzem, kt\u00f3ry po prostu chce rozmawia\u0107. Codzienna kap\u0142a\u0144ska pos\u0142uga pokazuje mi, \u017ce temat\u00f3w do rozm\u00f3w z ksi\u0119dzem jest coraz wi\u0119cej i dzisiaj \u017caden ksi\u0105dz nie mo\u017ce od nich ucieka\u0107, ale - wprost przeciwnie - podejmowa\u0107 nowe wyzwania. To przekonanie sk\u0142oni\u0142o mnie do pr\u00f3by otwarcia tego\u017c bloga, chocia\u017c okazji do rozm\u00f3w na co dzie\u0144 - w konfesjonale i poza nim - na szcz\u0119\u015bcie nie brakuje. My\u015bl\u0119 jednak, \u017ce ten blog b\u0119dzie jeszcze jednym sposobem i przestrzeni\u0105 nawi\u0105zania kontaktu z lud\u017ami dobrej woli, otwartymi na dialog.\",\"url\":\"https:\/\/gaudiumetspes-blog.pl\/index.php\/author\/ks-jacek\/\"}]}<\/script>\n<!-- \/ Yoast SEO plugin. -->","yoast_head_json":{"title":"Panie, we\u017a nasze sprawy w swoje r\u0119ce! - Gaudium Et Spes","robots":{"index":"index","follow":"follow","max-snippet":"max-snippet:-1","max-image-preview":"max-image-preview:large","max-video-preview":"max-video-preview:-1"},"canonical":"https:\/\/gaudiumetspes-blog.pl\/index.php\/2015\/07\/19\/panie-wez-nasze-sprawy-w-swoje-rece\/","og_locale":"pl_PL","og_type":"article","og_title":"Panie, we\u017a nasze sprawy w swoje r\u0119ce! - Gaudium Et Spes","og_description":"Niech b\u0119dzie pochwalony Jezus Chrystus! Bardzo serdecznie pozdrawiam &#8211; wraz z moj\u0105 Ekip\u0105 &#8211; ze Szklarskiej Por\u0119by! Pogoda u nas &#8222;urlopowa&#8221;, wczoraj troch\u0119 pogrzmia\u0142o, ale przesz\u0142o&#8230; Dzisiaj znowu zapowiada si\u0119 gor\u0105cy dzie\u0144 &#8211; oby niezbyt gor\u0105cy&#8230;&nbsp; &nbsp; &nbsp; &nbsp;\u017bycz\u0119 Wszystkim pi\u0119knego dnia i na jego religijne prze\u017cywanie, b\u0142ogos\u0142awi\u0119 z serca: Niech Was b\u0142ogos\u0142awi B\u00f3g Wszechmog\u0105cy: [&hellip;]","og_url":"https:\/\/gaudiumetspes-blog.pl\/index.php\/2015\/07\/19\/panie-wez-nasze-sprawy-w-swoje-rece\/","og_site_name":"Gaudium Et Spes","article_published_time":"2015-07-19T03:12:00+00:00","article_modified_time":"2019-07-31T10:55:38+00:00","author":"Ks. Jacek","twitter_card":"summary_large_image","twitter_misc":{"Napisane przez":"Ks. Jacek","Szacowany czas czytania":"11 minut"},"schema":{"@context":"https:\/\/schema.org","@graph":[{"@type":"WebPage","@id":"https:\/\/gaudiumetspes-blog.pl\/index.php\/2015\/07\/19\/panie-wez-nasze-sprawy-w-swoje-rece\/","url":"https:\/\/gaudiumetspes-blog.pl\/index.php\/2015\/07\/19\/panie-wez-nasze-sprawy-w-swoje-rece\/","name":"Panie, we\u017a nasze sprawy w swoje r\u0119ce! - Gaudium Et Spes","isPartOf":{"@id":"https:\/\/gaudiumetspes-blog.pl\/#website"},"datePublished":"2015-07-19T03:12:00+00:00","dateModified":"2019-07-31T10:55:38+00:00","author":{"@id":"https:\/\/gaudiumetspes-blog.pl\/#\/schema\/person\/1661982992b752dea8dff0d4ed845a65"},"breadcrumb":{"@id":"https:\/\/gaudiumetspes-blog.pl\/index.php\/2015\/07\/19\/panie-wez-nasze-sprawy-w-swoje-rece\/#breadcrumb"},"inLanguage":"pl-PL","potentialAction":[{"@type":"ReadAction","target":["https:\/\/gaudiumetspes-blog.pl\/index.php\/2015\/07\/19\/panie-wez-nasze-sprawy-w-swoje-rece\/"]}]},{"@type":"BreadcrumbList","@id":"https:\/\/gaudiumetspes-blog.pl\/index.php\/2015\/07\/19\/panie-wez-nasze-sprawy-w-swoje-rece\/#breadcrumb","itemListElement":[{"@type":"ListItem","position":1,"name":"Strona g\u0142\u00f3wna","item":"https:\/\/gaudiumetspes-blog.pl\/"},{"@type":"ListItem","position":2,"name":"Panie, we\u017a nasze sprawy w&nbsp;swoje r\u0119ce!"}]},{"@type":"WebSite","@id":"https:\/\/gaudiumetspes-blog.pl\/#website","url":"https:\/\/gaudiumetspes-blog.pl\/","name":"Gaudium Et Spes","description":"Blog Ks. Jacka Ja\u015bkowskiego","potentialAction":[{"@type":"SearchAction","target":{"@type":"EntryPoint","urlTemplate":"https:\/\/gaudiumetspes-blog.pl\/?s={search_term_string}"},"query-input":{"@type":"PropertyValueSpecification","valueRequired":true,"valueName":"search_term_string"}}],"inLanguage":"pl-PL"},{"@type":"Person","@id":"https:\/\/gaudiumetspes-blog.pl\/#\/schema\/person\/1661982992b752dea8dff0d4ed845a65","name":"Ks. Jacek","image":{"@type":"ImageObject","inLanguage":"pl-PL","@id":"https:\/\/gaudiumetspes-blog.pl\/#\/schema\/person\/image\/","url":"https:\/\/gaudiumetspes-blog.pl\/wp-content\/uploads\/2019\/07\/avatar-JJ-150x150.jpg","contentUrl":"https:\/\/gaudiumetspes-blog.pl\/wp-content\/uploads\/2019\/07\/avatar-JJ-150x150.jpg","caption":"Ks. Jacek"},"description":"Witam serdecznie! K\u0142ania si\u0119 Ks. Jacek Ja\u015bkowski. Nie jestem ani kim\u015b wa\u017cnym, ani kim\u015b znanym. Jestem ksi\u0119dzem, kt\u00f3ry po prostu chce rozmawia\u0107. Codzienna kap\u0142a\u0144ska pos\u0142uga pokazuje mi, \u017ce temat\u00f3w do rozm\u00f3w z ksi\u0119dzem jest coraz wi\u0119cej i dzisiaj \u017caden ksi\u0105dz nie mo\u017ce od nich ucieka\u0107, ale - wprost przeciwnie - podejmowa\u0107 nowe wyzwania. To przekonanie sk\u0142oni\u0142o mnie do pr\u00f3by otwarcia tego\u017c bloga, chocia\u017c okazji do rozm\u00f3w na co dzie\u0144 - w konfesjonale i poza nim - na szcz\u0119\u015bcie nie brakuje. My\u015bl\u0119 jednak, \u017ce ten blog b\u0119dzie jeszcze jednym sposobem i przestrzeni\u0105 nawi\u0105zania kontaktu z lud\u017ami dobrej woli, otwartymi na dialog.","url":"https:\/\/gaudiumetspes-blog.pl\/index.php\/author\/ks-jacek\/"}]}},"jetpack_featured_media_url":"","jetpack_sharing_enabled":true,"_links":{"self":[{"href":"https:\/\/gaudiumetspes-blog.pl\/index.php\/wp-json\/wp\/v2\/posts\/8328","targetHints":{"allow":["GET"]}}],"collection":[{"href":"https:\/\/gaudiumetspes-blog.pl\/index.php\/wp-json\/wp\/v2\/posts"}],"about":[{"href":"https:\/\/gaudiumetspes-blog.pl\/index.php\/wp-json\/wp\/v2\/types\/post"}],"author":[{"embeddable":true,"href":"https:\/\/gaudiumetspes-blog.pl\/index.php\/wp-json\/wp\/v2\/users\/1"}],"replies":[{"embeddable":true,"href":"https:\/\/gaudiumetspes-blog.pl\/index.php\/wp-json\/wp\/v2\/comments?post=8328"}],"version-history":[{"count":1,"href":"https:\/\/gaudiumetspes-blog.pl\/index.php\/wp-json\/wp\/v2\/posts\/8328\/revisions"}],"predecessor-version":[{"id":12197,"href":"https:\/\/gaudiumetspes-blog.pl\/index.php\/wp-json\/wp\/v2\/posts\/8328\/revisions\/12197"}],"wp:attachment":[{"href":"https:\/\/gaudiumetspes-blog.pl\/index.php\/wp-json\/wp\/v2\/media?parent=8328"}],"wp:term":[{"taxonomy":"category","embeddable":true,"href":"https:\/\/gaudiumetspes-blog.pl\/index.php\/wp-json\/wp\/v2\/categories?post=8328"},{"taxonomy":"post_tag","embeddable":true,"href":"https:\/\/gaudiumetspes-blog.pl\/index.php\/wp-json\/wp\/v2\/tags?post=8328"}],"curies":[{"name":"wp","href":"https:\/\/api.w.org\/{rel}","templated":true}]}}