{"id":8329,"date":"2015-07-18T05:16:00","date_gmt":"2015-07-18T03:16:00","guid":{"rendered":"https:\/\/gaudiumetspes-blog.pl\/index.php\/2015\/07\/18\/dni-wielkie-dni-szare\/"},"modified":"2019-07-31T12:55:38","modified_gmt":"2019-07-31T10:55:38","slug":"dni-wielkie-dni-szare","status":"publish","type":"post","link":"https:\/\/gaudiumetspes-blog.pl\/index.php\/2015\/07\/18\/dni-wielkie-dni-szare\/","title":{"rendered":"Dni wielkie &#8211; dni &#8222;szare&#8221;&#8230;"},"content":{"rendered":"<div align=\"justify\" style=\"line-height: 150%; margin-bottom: 0cm;\">\nSzcz\u0119\u015b\u0107 Bo\u017ce! Moi Drodzy, pozdrawiam ze Szklarskiej Por\u0119by! Od wczoraj zaczyna si\u0119 kompletowa\u0107 moja Ekipa: wczoraj dojechali Ola i Piotr, dzisiaj Szymon z Rodzicami, a jutro Krzy\u015b z Magd\u0105. I w tym sk\u0142adzie planujemy by\u0107 do pi\u0105tku. Ja za\u015b w ci\u0105gu pierwszych dni stara\u0142em si\u0119 odnowi\u0107 moj\u0105 za\u017cy\u0142o\u015b\u0107 z g\u00f3rami, dlatego w czwartek bohatersko wdrapa\u0142em si\u0119 (czytaj: wjecha\u0142em) na Szrenic\u0119, a wczoraj &#8211; na \u015anie\u017ck\u0119. Dzisiaj nie planujemy w\u0119dr\u00f3wek po g\u0142\u00f3wnych szlakach, bo b\u0119dzie tam zapewne du\u017co ludzi. Zwykle tak jest w sobot\u0119 i niedziel\u0119. Pogoda natomiast jest bardzo letnia, widoczno\u015b\u0107 z g\u00f3r i na g\u00f3ry &#8211; wyj\u0105tkowa.<\/div>\n<div align=\"justify\" style=\"line-height: 150%; margin-bottom: 0cm;\">\n&nbsp; &nbsp; &nbsp;Po tej kolejnej &#8222;kartce z dziennika podr\u00f3\u017cy&#8221; chcia\u0142bym z\u0142o\u017cy\u0107 <b>najserdeczniejsze \u017cyczenia imieninowe mojemu Szwagrowi, Kamilowi Nied\u017awiedzkiemu, kt\u00f3remu \u017cycz\u0119 Bo\u017cych \u015bwiate\u0142, natchnie\u0144 i m\u0105dro\u015bci do codziennego realizowania powo\u0142ania ma\u0142\u017ce\u0144skiego i ojcowskiego. Aby Mu nigdy nie zabrak\u0142o pomys\u0142u, jak najlepiej i najpe\u0142niej opiekowa\u0107 si\u0119 trzema Kobietami, kt\u00f3rymi Pan Go obdarzy\u0142!<\/b><\/div>\n<div align=\"justify\" style=\"line-height: 150%; margin-bottom: 0cm;\">\n<b>&nbsp; &nbsp; &nbsp; A Szymonowi Olendrowi, Lektorowi z Celestynowa, drugiemu dzisiejszemu Solenizantowi, \u017cycz\u0119, aby swoje doros\u0142e \u017cycie, w kt\u00f3re wkracza, u\u0142o\u017cy\u0142 po my\u015bli Bo\u017cej i by\u0142 naprawd\u0119 szcz\u0119\u015bliwy nie tylko w dniach wielkich i uroczystych, ale tak\u017ce w codzienno\u015bci.<\/b><\/div>\n<div align=\"justify\" style=\"line-height: 150%; margin-bottom: 0cm;\">\n<b>&nbsp; &nbsp; &nbsp; &nbsp; &nbsp; &nbsp;Wspieram obu Solenizant\u00f3w modlitw\u0105!<\/b><\/div>\n<div align=\"justify\" style=\"line-height: 150%; margin-bottom: 0cm;\">\nA Wszystkim \u017cycz\u0119 b\u0142ogos\u0142awionego i obfituj\u0105cego w dobro dnia!<\/div>\n<div align=\"justify\" style=\"line-height: 150%; margin-bottom: 0cm;\">\n&nbsp; &nbsp; &nbsp; &nbsp; &nbsp; &nbsp; &nbsp; &nbsp; &nbsp; &nbsp; &nbsp; &nbsp; &nbsp; &nbsp; &nbsp; &nbsp; Gaudium et spes! &nbsp;Ks. Jacek<\/div>\n<div align=\"justify\" style=\"line-height: 150%; margin-bottom: 0cm;\">\n<\/div>\n<div align=\"justify\" style=\"line-height: 150%; margin-bottom: 0cm;\">\n<b style=\"font-family: 'Book Antiqua', serif; font-size: 14pt; line-height: 150%;\">Sobota<br \/>\n15 Tygodnia zwyk\u0142ego, rok I,<\/b><\/div>\n<div align=\"justify\" style=\"line-height: 150%; margin-bottom: 0cm;\">\n<b>do<br \/>\nczyta\u0144:  Wj 12,37 \u2013 42;  Mt 12,14 \u2013 21<\/b><\/div>\n<div align=\"justify\" style=\"line-height: 150%; margin-bottom: 0cm;\">\n<\/p>\n<\/div>\n<div align=\"justify\" style=\"line-height: 150%; margin-bottom: 0cm;\">\n<b>CZYTANIE<br \/>\nZ KSI\u0118GI WYJ\u015aCIA:<\/b><\/div>\n<div align=\"justify\" style=\"line-height: 150%; margin-bottom: 0cm; page-break-before: auto; text-indent: 1.3cm;\">\n<b>Synowie<br \/>\nIzraela wyruszyli z Ramses ku Sukkot w liczbie oko\u0142o sze\u015bciuset<br \/>\ntysi\u0119cy m\u0119\u017c\u00f3w pieszych, pr\u00f3cz dzieci. Tak\u017ce wielkie mn\u00f3stwo<br \/>\ncudzoziemc\u00f3w wyruszy\u0142o z nimi, nadto owce i wo\u0142y, i olbrzymi<br \/>\ndobytek. Z ciasta, kt\u00f3re wynie\u015bli z Egiptu, wypiekli niekwaszone<br \/>\nplacki, poniewa\u017c si\u0119 nie zakwasi\u0142o. Wyp\u0119dzeni z Egiptu bez<br \/>\nnajmniejszej zw\u0142oki, nie zdo\u0142ali przygotowa\u0107 nawet zapas\u00f3w na<br \/>\ndrog\u0119.<\/b><\/div>\n<div align=\"justify\" style=\"line-height: 150%; margin-bottom: 0cm; text-indent: 1.3cm;\">\n<b>A<br \/>\nczas pobytu syn\u00f3w Izraela w Egipcie trwa\u0142 czterysta trzydzie\u015bci<br \/>\nlat. I oto tego samego dnia, po up\u0142ywie czterystu trzydziestu lat,<br \/>\nwysz\u0142y wszystkie zast\u0119py Pana z ziemi egipskiej. Tej nocy czuwa\u0142<br \/>\nPan nad wyj\u015bciem syn\u00f3w Izraela z ziemi egipskiej. Dlatego noc ta<br \/>\nwinna by\u0107 czuwaniem na cze\u015b\u0107 Pana dla wszystkich syn\u00f3w Izraela po<br \/>\nwszystkie pokolenia.<\/b><\/div>\n<div align=\"justify\" style=\"line-height: 150%; margin-bottom: 0cm;\">\n<\/p>\n<\/div>\n<div align=\"justify\" style=\"line-height: 150%; margin-bottom: 0cm;\">\n<b>S\u0141OWA<br \/>\nEWANGELII WED\u0141UG \u015aWI\u0118TEGO MATEUSZA:<\/b><\/div>\n<div align=\"justify\" style=\"line-height: 150%; margin-bottom: 0cm; page-break-before: auto; text-indent: 1.3cm;\">\n<b>Faryzeusze<br \/>\nwyszli i odbyli narad\u0119 przeciw Jezusowi, w jaki spos\u00f3b Go zg\u0142adzi\u0107.<br \/>\n<\/b>\n<\/div>\n<div align=\"justify\" style=\"line-height: 150%; margin-bottom: 0cm; text-indent: 1.3cm;\">\n<b>Gdy<br \/>\nJezus dowiedzia\u0142 si\u0119 o tym, oddali\u0142 si\u0119 stamt\u0105d. A wielu posz\u0142o<br \/>\nza Nim i uzdrowi\u0142 ich wszystkich. Lecz im surowo zabroni\u0142, \u017ceby Go<br \/>\nnie ujawniali. Tak mia\u0142o si\u0119 spe\u0142ni\u0107 s\u0142owo proroka Izajasza: <\/b>\n<\/div>\n<div align=\"justify\" style=\"line-height: 150%; margin-bottom: 0cm; text-indent: 1.3cm;\">\n\u201e<b>Oto<br \/>\nm\u00f3j S\u0142uga, kt\u00f3rego wybra\u0142em, umi\u0142owany m\u00f3j, w kt\u00f3rym moje<br \/>\nserce ma upodobanie. Po\u0142o\u017c\u0119 ducha mojego na Nim, a On zapowie<br \/>\nprawo narodom. Nie b\u0119dzie si\u0119 spiera\u0142 ani krzycza\u0142, i nikt nie<br \/>\nus\u0142yszy na ulicach Jego g\u0142osu. Trzciny zgniecionej nie z\u0142amie ani<br \/>\nknota tlej\u0105cego nie dogasi, a\u017c zwyci\u0119sko s\u0105d przeprowadzi. W Jego<br \/>\nimieniu narody nadziej\u0119 pok\u0142ada\u0107 b\u0119d\u0105\u201d.<\/b><\/div>\n<div align=\"justify\" style=\"line-height: 150%; margin-bottom: 0cm;\">\n<\/p>\n<\/div>\n<div align=\"justify\" style=\"line-height: 150%; margin-bottom: 0cm; page-break-before: auto; text-indent: 1.3cm;\">\nI<br \/>\noto dzisiaj s\u0142yszymy opis tego jednego z <b>najwa\u017cniejszych i<br \/>\nkulminacyjnych wydarze\u0144<\/b> w historii zbawienia \u2013 wyj\u015bcia z<br \/>\nniewoli egipskiej. Po czterystu trzydziestu latach, z kt\u00f3rych<br \/>\nwi\u0119kszo\u015b\u0107 to by\u0142 czas wielkiego <b>utrapienia i obci\u0105\u017cenia,<br \/>\n<\/b>Izraelici wychodz\u0105 na wolno\u015b\u0107.\n<\/div>\n<div align=\"justify\" style=\"line-height: 150%; margin-bottom: 0cm; text-indent: 1.3cm;\">\nWiemy<br \/>\n\u2013 z lektury Starego Testamentu \u2013 \u017ce ten moment nie<br \/>\nby\u0142 jako\u015b <b>wyrwany z kontekstu<\/b> i ca\u0142e to wydarzenie nie by\u0142o<br \/>\ndzie\u0142em przypadku. Wiemy, \u017ce poprzedzi\u0142y je <b>wielokrotne<br \/>\nwezwania<\/b> Moj\u017cesza, skierowane do faraona, aby wypu\u015bci\u0142 lud.<br \/>\nKiedy faraon si\u0119 opiera\u0142 i albo wprost odrzuca\u0142 owe wezwania, albo<br \/>\nzwodzi\u0142 Moj\u017cesza, w\u00f3wczas nawiedzi\u0142y Egipt <b>dotkliwe plagi, <\/b>po<br \/>\nwype\u0142nieniu si\u0119 kt\u00f3rych Izraelici zostali faktycznie wypuszczeni.\n<\/div>\n<div align=\"justify\" style=\"line-height: 150%; margin-bottom: 0cm; text-indent: 1.3cm;\">\nNied\u0142ugo<br \/>\njednak cieszyli si\u0119 spokojem, bo faraon \u2013 jakby otrz\u0105sn\u0105wszy si\u0119<br \/>\nz letargu \u2013 rozpocz\u0105\u0142 za nimi po\u015bcig. Kolejna <b>interwencja<br \/>\nBo\u017ca<\/b> zniweczy\u0142a jego zamiary. I wydawa\u0142o si\u0119, \u017ce ju\u017c<br \/>\nwszystko b\u0119dzie dobrze, gdy tymczasem okaza\u0142o si\u0119, \u017ce <b>samym<br \/>\nIzraelitom przesta<\/b><b>\u0142a<\/b><b> si\u0119 podoba\u0107 ta trudna wolno\u015b\u0107<\/b><br \/>\ni radzi byliby powr\u00f3ci\u0107 do Egiptu!\n<\/div>\n<div align=\"justify\" style=\"line-height: 150%; margin-bottom: 0cm; text-indent: 1.3cm;\">\nWiele<br \/>\ntakich w\u0142a\u015bnie okoliczno\u015bci tworzy\u0142o kontekst tego wydarzenia,<br \/>\nkt\u00f3rego opis dzisiaj s\u0142yszymy. Samo w sobie mia\u0142o ono naprawd\u0119<br \/>\nrang\u0119 szczeg\u00f3ln\u0105! Autor natchniony tak o tym m\u00f3wi: <i><b>I<br \/>\noto tego samego dnia, po up\u0142ywie czterystu trzydziestu lat, wysz\u0142y<br \/>\nwszystkie zast\u0119py Pana z ziemi egipskiej. Tej nocy czuwa\u0142 Pan nad<br \/>\nwyj\u015bciem syn\u00f3w Izraela z ziemi egipskiej. Dlatego noc ta winna by\u0107<br \/>\nczuwaniem na cze\u015b\u0107 Pana dla wszystkich syn\u00f3w Izraela po wszystkie<br \/>\npokolenia.<\/b><\/i>\n<\/div>\n<div align=\"justify\" style=\"line-height: 150%; margin-bottom: 0cm; text-indent: 1.3cm;\">\nWielkie<br \/>\nwydarzenie \u2013 wyj\u0105tkowa noc. <b>Punkt kulminacyjny<br \/>\nstarotestamentalnej historii zbawienia!<\/b><br \/>\nJest to<br \/>\nzapowied\u017a<br \/>\ntej nocy \u2013 <b>Wielkiej Nocy<\/b><br \/>\n\u2013 kiedy Chrystus, pokonuj\u0105c \u015bmier\u0107 i szatana swoim<br \/>\nZmartwychwstaniem, <b>wyprowadzi\u0142 sw\u00f3j lud z niewoli grzechu<\/b><br \/>\nku pe\u0142nej wolno\u015bci dzieci Bo\u017cych!\n<\/div>\n<div align=\"justify\" style=\"line-height: 150%; margin-bottom: 0cm; text-indent: 1.3cm;\">\nS\u0105,<br \/>\nKochani, takie wielkie dni \u2013 i niezwyk\u0142e noce \u2013 w \u017cyciu ka\u017cdej<br \/>\ni ka\u017cdego z nas. Codzienno\u015b\u0107 bowiem nasz\u0105 tworz\u0105 w<br \/>\nwi\u0119kszo\u015bci <b>zwyczajne<br \/>\nprace i obowi\u0105zki, <\/b>rado\u015bci i<br \/>\nnadzieje, ale te\u017c rozczarowania i smutki. Taka \u201eszara\u201d \u2013 jak<br \/>\nzwykli\u015bmy m\u00f3wi\u0107 \u2013 codzienno\u015b\u0107.\n<\/div>\n<div align=\"justify\" style=\"line-height: 150%; margin-bottom: 0cm; text-indent: 1.3cm;\">\nJednak<br \/>\nprzychodz\u0105 i takie dni, kt\u00f3re <b>rzutuj\u0105 na inne<\/b><br \/>\n\u2013 dni, kt\u00f3re si\u0119 przez ca\u0142e \u017cycie wspomina, wraca si\u0119 do nich\u2026<br \/>\nDla wielu takim dniem jest dzie\u0144 <b>zawarcia ma\u0142\u017ce\u0144stwa,<br \/>\n<\/b>dla ksi\u0119\u017cy \u2013 <b>dzie\u0144<br \/>\nich \u015bwi\u0119ce\u0144.<\/b> Nierzadko<br \/>\nus\u0142ysze\u0107 mo\u017cna stwierdzenia, \u017ce takim szczeg\u00f3lnym czasem by\u0142<br \/>\ndzie\u0144 \u015bmierci kogo\u015b bliskiego\u2026 Bo te dni kulminacyjne nie tylko<br \/>\ns\u0105 w swej tre\u015bci radosne. Czasami nios\u0105 ze sob\u0105 smutek i b\u00f3l. A<br \/>\njednak, zar\u00f3wno te radosne, jak i te trudne, rzutuj\u0105 na ca\u0142e<br \/>\n\u017cycie, w jaki\u015b spos\u00f3b <b>wyznaczaj\u0105 kierunek naszej<br \/>\ncodzienno\u015bci. <\/b>\n<\/div>\n<div align=\"justify\" style=\"line-height: 150%; margin-bottom: 0cm; text-indent: 1.3cm;\">\nNieraz<br \/>\ncech\u0105 szczeg\u00f3ln\u0105 i charakterystyczn\u0105 tych dni jest <b>bardzo<br \/>\nwyra\u017ana interwencja Bo\u017ca,<\/b><br \/>\npolegaj\u0105ca chocia\u017cby na<br \/>\nrozwi\u0105zaniu jakiej\u015b zawi\u0142ej sprawy lub na powrocie do zdrowia<br \/>\nkogo\u015b, kto nie rokowa\u0142 nadziei na wyleczenie\u2026 Cz\u0119sto<br \/>\njest to dzie\u0144 <b>porz\u0105dnej, generalnej, porz\u0105dkuj\u0105cej ca\u0142e<br \/>\ndotychczasowe \u017cycie Spowiedzi, <\/b>od<br \/>\nkt\u00f3rej zaczyna si\u0119 jego nowy etap\u2026 I jeszcze mo\u017cna by wymienia\u0107<br \/>\nr\u00f3\u017cne mo\u017cliwo\u015bci zaznaczania si\u0119 takich dni w naszej<br \/>\ncodzienno\u015bci, natomiast ich cech\u0105 wsp\u00f3ln\u0105 jest to w\u0142a\u015bnie, \u017ce<br \/>\n<b>wyra\u017anie odznaczaj\u0105 si\u0119 one w naszej osobistej historii<\/b><br \/>\ni konkretnie<br \/>\nna ni\u0105 rzutuj\u0105. Codzienno\u015b\u0107<br \/>\nza\u015b <b>tworzy dla nich kontekst,<\/b><br \/>\nna tle kt\u00f3rego jeszcze bardziej wida\u0107 ich wyj\u0105tkowo\u015b\u0107.\n<\/div>\n<div align=\"justify\" style=\"line-height: 150%; margin-bottom: 0cm; text-indent: 1.3cm;\">\nOto<br \/>\ndzisiaj w Ewangelii nie s\u0142yszymy o jakim\u015b pojedynczym, znacz\u0105cym<br \/>\nwydarzeniu z \u017cycia Jezusa, ale \u2013 w\u0142a\u015bnie \u2013 odnajdujemy <b>relacj\u0119<br \/>\nz Jego codzienno\u015bci. <\/b>Zaznaczmy<br \/>\nod razu: <b>nie\u0142atwej<\/b><br \/>\ncodzienno\u015bci\u2026 Ju\u017c bowiem pierwsze zdanie informuje nas, i\u017c<br \/>\n<i><b>f<\/b><\/i><i><b>aryzeusze<br \/>\nwyszli i odbyli narad\u0119 przeciw Jezusowi, w jaki spos\u00f3b Go zg\u0142adzi\u0107.<\/b><\/i><b><br \/>\n<\/b>Tak<br \/>\nnajcz\u0119\u015bciej wygl\u0105da\u0142a<br \/>\ncodzienno\u015b\u0107 Jezusa!\n<\/div>\n<div align=\"justify\" style=\"line-height: 150%; margin-bottom: 0cm; text-indent: 1.3cm;\">\nMamy<br \/>\nwi\u0119c w dzisiejszej liturgii s\u0142owa <b>zestawienie<\/b><br \/>\n<b>dw\u00f3ch<\/b><br \/>\n<b>rzeczywisto\u015bci,<br \/>\n<\/b>kt\u00f3re<br \/>\ni w naszym \u017cyciu si\u0119 przeplataj\u0105: wyj\u0105tkowo\u015b\u0107 pojedynczych dni<br \/>\ni zwyczajno\u015b\u0107 tych tak zwanych \u201eszarych\u201d. A umiej\u0119tno\u015b\u0107 ich<br \/>\npo\u0142\u0105czenia b\u0119dzie polega\u0142a na tym, \u017ce ka\u017cdy z owych dni<br \/>\n\u201eszarych\u201d b\u0119dziemy si\u0119 starali uczyni\u0107 <b>w<br \/>\njaki\u015b spos\u00f3b wyj\u0105tkowym i niepowtarzalnym,<\/b><br \/>\na znowu ka\u017cdy z tych dni szczeg\u00f3lnych b\u0119dzie naprawd\u0119 rzutowa\u0142<br \/>\nna codzienno\u015b\u0107.<\/p>\n<\/div>\n<div align=\"justify\" style=\"line-height: 150%; margin-bottom: 0cm; text-indent: 1.3cm;\">\nBo<br \/>\nw \u017cyciu <b>nie<br \/>\nmo\u017cna tylko \u015bwi\u0119towa\u0107<\/b><br \/>\ni nie da si\u0119 prze\u017cywa\u0107 tylko podnios\u0142ych chwil. Chyba by cz\u0142owiek<br \/>\n<b>nie<br \/>\nby\u0142 w stanie \u201eud\u017awign\u0105\u0107\u201d<\/b><br \/>\ntej<br \/>\nwyj\u0105tkowo\u015bci<br \/>\ni podnios\u0142o\u015bci, gdyby<br \/>\nsi\u0119 mia\u0142a ona dokonywa\u0107 codziennie. Natomiast warto jest dzia\u0142a\u0107<br \/>\nw tym kierunku, aby odnajdywa\u0107 \u2013 albo nadawa\u0107 \u2013 <b>sens<br \/>\ni znaczenie poszczeg\u00f3lnym dniom<\/b><br \/>\ni codziennym swoim zaj\u0119ciom\u2026 Dzi\u0119ki temu ta nasza codzienno\u015b\u0107<br \/>\nnie b\u0119dzie \u201eszara\u201d\u2026\n<\/div>\n<div align=\"justify\" style=\"line-height: 150%; margin-bottom: 0cm; text-indent: 1.3cm;\">\nW<br \/>\ntym kontek\u015bcie pomy\u015blmy:<\/div>\n<div align=\"justify\" style=\"line-height: 150%; margin-bottom: 0cm;\">\n\u2013<br \/>\nJakie<br \/>\nwydarzenia w moim \u017cyciu zaliczy\u0142bym do tych szczeg\u00f3lnych,<br \/>\nkulminacyjnych?<\/div>\n<div align=\"justify\" style=\"line-height: 150%; margin-bottom: 0cm;\">\n\u2013<br \/>\nJaki<br \/>\nwp\u0142yw te wydarzenia mia\u0142y na moj\u0105 codzienno\u015b\u0107?<\/div>\n<div align=\"justify\" style=\"line-height: 150%; margin-bottom: 0cm;\">\n\u2013<br \/>\nCo<br \/>\nrobi\u0119 w tym kierunku, aby moja codzienno\u015b\u0107 nie by\u0142a monotonna?<\/div>\n<p><\/p>\n<div align=\"justify\" style=\"line-height: 150%; margin-bottom: 0cm;\">\n<i><b>W<br \/>\nJego imieniu narody nadziej\u0119 pok\u0142ada\u0107 b\u0119d\u0105!<\/b><\/i><\/div>\n","protected":false},"excerpt":{"rendered":"<p>Szcz\u0119\u015b\u0107 Bo\u017ce! Moi Drodzy, pozdrawiam ze Szklarskiej Por\u0119by! Od wczoraj zaczyna si\u0119 kompletowa\u0107 moja Ekipa: wczoraj dojechali Ola i Piotr, dzisiaj Szymon z Rodzicami, a jutro Krzy\u015b z Magd\u0105. I w tym sk\u0142adzie planujemy by\u0107 do pi\u0105tku. Ja za\u015b w ci\u0105gu pierwszych dni stara\u0142em si\u0119 odnowi\u0107 moj\u0105 za\u017cy\u0142o\u015b\u0107 z g\u00f3rami, dlatego w czwartek bohatersko wdrapa\u0142em [&hellip;]<\/p>\n","protected":false},"author":1,"featured_media":0,"comment_status":"open","ping_status":"open","sticky":false,"template":"","format":"standard","meta":{"jetpack_post_was_ever_published":false,"_jetpack_newsletter_access":"","_jetpack_dont_email_post_to_subs":false,"_jetpack_newsletter_tier_id":0,"_jetpack_memberships_contains_paywalled_content":false,"_jetpack_memberships_contains_paid_content":false,"footnotes":""},"categories":[1],"tags":[],"class_list":["post-8329","post","type-post","status-publish","format-standard","hentry","category-bez-kategorii"],"yoast_head":"<!-- This site is optimized with the Yoast SEO plugin v25.1 - https:\/\/yoast.com\/wordpress\/plugins\/seo\/ -->\n<title>Dni wielkie - dni &quot;szare&quot;... - Gaudium Et Spes<\/title>\n<meta name=\"robots\" content=\"index, follow, max-snippet:-1, max-image-preview:large, max-video-preview:-1\" \/>\n<link rel=\"canonical\" href=\"https:\/\/gaudiumetspes-blog.pl\/index.php\/2015\/07\/18\/dni-wielkie-dni-szare\/\" \/>\n<meta property=\"og:locale\" content=\"pl_PL\" \/>\n<meta property=\"og:type\" content=\"article\" \/>\n<meta property=\"og:title\" content=\"Dni wielkie - dni &quot;szare&quot;... - Gaudium Et Spes\" \/>\n<meta property=\"og:description\" content=\"Szcz\u0119\u015b\u0107 Bo\u017ce! Moi Drodzy, pozdrawiam ze Szklarskiej Por\u0119by! Od wczoraj zaczyna si\u0119 kompletowa\u0107 moja Ekipa: wczoraj dojechali Ola i Piotr, dzisiaj Szymon z Rodzicami, a jutro Krzy\u015b z Magd\u0105. I w tym sk\u0142adzie planujemy by\u0107 do pi\u0105tku. Ja za\u015b w ci\u0105gu pierwszych dni stara\u0142em si\u0119 odnowi\u0107 moj\u0105 za\u017cy\u0142o\u015b\u0107 z g\u00f3rami, dlatego w czwartek bohatersko wdrapa\u0142em [&hellip;]\" \/>\n<meta property=\"og:url\" content=\"https:\/\/gaudiumetspes-blog.pl\/index.php\/2015\/07\/18\/dni-wielkie-dni-szare\/\" \/>\n<meta property=\"og:site_name\" content=\"Gaudium Et Spes\" \/>\n<meta property=\"article:published_time\" content=\"2015-07-18T03:16:00+00:00\" \/>\n<meta property=\"article:modified_time\" content=\"2019-07-31T10:55:38+00:00\" \/>\n<meta name=\"author\" content=\"Ks. Jacek\" \/>\n<meta name=\"twitter:card\" content=\"summary_large_image\" \/>\n<meta name=\"twitter:label1\" content=\"Napisane przez\" \/>\n\t<meta name=\"twitter:data1\" content=\"Ks. Jacek\" \/>\n\t<meta name=\"twitter:label2\" content=\"Szacowany czas czytania\" \/>\n\t<meta name=\"twitter:data2\" content=\"7 minut\" \/>\n<script type=\"application\/ld+json\" class=\"yoast-schema-graph\">{\"@context\":\"https:\/\/schema.org\",\"@graph\":[{\"@type\":\"WebPage\",\"@id\":\"https:\/\/gaudiumetspes-blog.pl\/index.php\/2015\/07\/18\/dni-wielkie-dni-szare\/\",\"url\":\"https:\/\/gaudiumetspes-blog.pl\/index.php\/2015\/07\/18\/dni-wielkie-dni-szare\/\",\"name\":\"Dni wielkie - dni \\\"szare\\\"... - Gaudium Et Spes\",\"isPartOf\":{\"@id\":\"https:\/\/gaudiumetspes-blog.pl\/#website\"},\"datePublished\":\"2015-07-18T03:16:00+00:00\",\"dateModified\":\"2019-07-31T10:55:38+00:00\",\"author\":{\"@id\":\"https:\/\/gaudiumetspes-blog.pl\/#\/schema\/person\/1661982992b752dea8dff0d4ed845a65\"},\"breadcrumb\":{\"@id\":\"https:\/\/gaudiumetspes-blog.pl\/index.php\/2015\/07\/18\/dni-wielkie-dni-szare\/#breadcrumb\"},\"inLanguage\":\"pl-PL\",\"potentialAction\":[{\"@type\":\"ReadAction\",\"target\":[\"https:\/\/gaudiumetspes-blog.pl\/index.php\/2015\/07\/18\/dni-wielkie-dni-szare\/\"]}]},{\"@type\":\"BreadcrumbList\",\"@id\":\"https:\/\/gaudiumetspes-blog.pl\/index.php\/2015\/07\/18\/dni-wielkie-dni-szare\/#breadcrumb\",\"itemListElement\":[{\"@type\":\"ListItem\",\"position\":1,\"name\":\"Strona g\u0142\u00f3wna\",\"item\":\"https:\/\/gaudiumetspes-blog.pl\/\"},{\"@type\":\"ListItem\",\"position\":2,\"name\":\"Dni wielkie &#8211; dni &#8222;szare&#8221;&#8230;\"}]},{\"@type\":\"WebSite\",\"@id\":\"https:\/\/gaudiumetspes-blog.pl\/#website\",\"url\":\"https:\/\/gaudiumetspes-blog.pl\/\",\"name\":\"Gaudium Et Spes\",\"description\":\"Blog Ks. Jacka Ja\u015bkowskiego\",\"potentialAction\":[{\"@type\":\"SearchAction\",\"target\":{\"@type\":\"EntryPoint\",\"urlTemplate\":\"https:\/\/gaudiumetspes-blog.pl\/?s={search_term_string}\"},\"query-input\":{\"@type\":\"PropertyValueSpecification\",\"valueRequired\":true,\"valueName\":\"search_term_string\"}}],\"inLanguage\":\"pl-PL\"},{\"@type\":\"Person\",\"@id\":\"https:\/\/gaudiumetspes-blog.pl\/#\/schema\/person\/1661982992b752dea8dff0d4ed845a65\",\"name\":\"Ks. Jacek\",\"image\":{\"@type\":\"ImageObject\",\"inLanguage\":\"pl-PL\",\"@id\":\"https:\/\/gaudiumetspes-blog.pl\/#\/schema\/person\/image\/\",\"url\":\"https:\/\/gaudiumetspes-blog.pl\/wp-content\/uploads\/2019\/07\/avatar-JJ-150x150.jpg\",\"contentUrl\":\"https:\/\/gaudiumetspes-blog.pl\/wp-content\/uploads\/2019\/07\/avatar-JJ-150x150.jpg\",\"caption\":\"Ks. Jacek\"},\"description\":\"Witam serdecznie! K\u0142ania si\u0119 Ks. Jacek Ja\u015bkowski. Nie jestem ani kim\u015b wa\u017cnym, ani kim\u015b znanym. Jestem ksi\u0119dzem, kt\u00f3ry po prostu chce rozmawia\u0107. Codzienna kap\u0142a\u0144ska pos\u0142uga pokazuje mi, \u017ce temat\u00f3w do rozm\u00f3w z ksi\u0119dzem jest coraz wi\u0119cej i dzisiaj \u017caden ksi\u0105dz nie mo\u017ce od nich ucieka\u0107, ale - wprost przeciwnie - podejmowa\u0107 nowe wyzwania. To przekonanie sk\u0142oni\u0142o mnie do pr\u00f3by otwarcia tego\u017c bloga, chocia\u017c okazji do rozm\u00f3w na co dzie\u0144 - w konfesjonale i poza nim - na szcz\u0119\u015bcie nie brakuje. My\u015bl\u0119 jednak, \u017ce ten blog b\u0119dzie jeszcze jednym sposobem i przestrzeni\u0105 nawi\u0105zania kontaktu z lud\u017ami dobrej woli, otwartymi na dialog.\",\"url\":\"https:\/\/gaudiumetspes-blog.pl\/index.php\/author\/ks-jacek\/\"}]}<\/script>\n<!-- \/ Yoast SEO plugin. -->","yoast_head_json":{"title":"Dni wielkie - dni \"szare\"... - Gaudium Et Spes","robots":{"index":"index","follow":"follow","max-snippet":"max-snippet:-1","max-image-preview":"max-image-preview:large","max-video-preview":"max-video-preview:-1"},"canonical":"https:\/\/gaudiumetspes-blog.pl\/index.php\/2015\/07\/18\/dni-wielkie-dni-szare\/","og_locale":"pl_PL","og_type":"article","og_title":"Dni wielkie - dni \"szare\"... - Gaudium Et Spes","og_description":"Szcz\u0119\u015b\u0107 Bo\u017ce! Moi Drodzy, pozdrawiam ze Szklarskiej Por\u0119by! Od wczoraj zaczyna si\u0119 kompletowa\u0107 moja Ekipa: wczoraj dojechali Ola i Piotr, dzisiaj Szymon z Rodzicami, a jutro Krzy\u015b z Magd\u0105. I w tym sk\u0142adzie planujemy by\u0107 do pi\u0105tku. Ja za\u015b w ci\u0105gu pierwszych dni stara\u0142em si\u0119 odnowi\u0107 moj\u0105 za\u017cy\u0142o\u015b\u0107 z g\u00f3rami, dlatego w czwartek bohatersko wdrapa\u0142em [&hellip;]","og_url":"https:\/\/gaudiumetspes-blog.pl\/index.php\/2015\/07\/18\/dni-wielkie-dni-szare\/","og_site_name":"Gaudium Et Spes","article_published_time":"2015-07-18T03:16:00+00:00","article_modified_time":"2019-07-31T10:55:38+00:00","author":"Ks. Jacek","twitter_card":"summary_large_image","twitter_misc":{"Napisane przez":"Ks. Jacek","Szacowany czas czytania":"7 minut"},"schema":{"@context":"https:\/\/schema.org","@graph":[{"@type":"WebPage","@id":"https:\/\/gaudiumetspes-blog.pl\/index.php\/2015\/07\/18\/dni-wielkie-dni-szare\/","url":"https:\/\/gaudiumetspes-blog.pl\/index.php\/2015\/07\/18\/dni-wielkie-dni-szare\/","name":"Dni wielkie - dni \"szare\"... - Gaudium Et Spes","isPartOf":{"@id":"https:\/\/gaudiumetspes-blog.pl\/#website"},"datePublished":"2015-07-18T03:16:00+00:00","dateModified":"2019-07-31T10:55:38+00:00","author":{"@id":"https:\/\/gaudiumetspes-blog.pl\/#\/schema\/person\/1661982992b752dea8dff0d4ed845a65"},"breadcrumb":{"@id":"https:\/\/gaudiumetspes-blog.pl\/index.php\/2015\/07\/18\/dni-wielkie-dni-szare\/#breadcrumb"},"inLanguage":"pl-PL","potentialAction":[{"@type":"ReadAction","target":["https:\/\/gaudiumetspes-blog.pl\/index.php\/2015\/07\/18\/dni-wielkie-dni-szare\/"]}]},{"@type":"BreadcrumbList","@id":"https:\/\/gaudiumetspes-blog.pl\/index.php\/2015\/07\/18\/dni-wielkie-dni-szare\/#breadcrumb","itemListElement":[{"@type":"ListItem","position":1,"name":"Strona g\u0142\u00f3wna","item":"https:\/\/gaudiumetspes-blog.pl\/"},{"@type":"ListItem","position":2,"name":"Dni wielkie &#8211; dni &#8222;szare&#8221;&#8230;"}]},{"@type":"WebSite","@id":"https:\/\/gaudiumetspes-blog.pl\/#website","url":"https:\/\/gaudiumetspes-blog.pl\/","name":"Gaudium Et Spes","description":"Blog Ks. Jacka Ja\u015bkowskiego","potentialAction":[{"@type":"SearchAction","target":{"@type":"EntryPoint","urlTemplate":"https:\/\/gaudiumetspes-blog.pl\/?s={search_term_string}"},"query-input":{"@type":"PropertyValueSpecification","valueRequired":true,"valueName":"search_term_string"}}],"inLanguage":"pl-PL"},{"@type":"Person","@id":"https:\/\/gaudiumetspes-blog.pl\/#\/schema\/person\/1661982992b752dea8dff0d4ed845a65","name":"Ks. Jacek","image":{"@type":"ImageObject","inLanguage":"pl-PL","@id":"https:\/\/gaudiumetspes-blog.pl\/#\/schema\/person\/image\/","url":"https:\/\/gaudiumetspes-blog.pl\/wp-content\/uploads\/2019\/07\/avatar-JJ-150x150.jpg","contentUrl":"https:\/\/gaudiumetspes-blog.pl\/wp-content\/uploads\/2019\/07\/avatar-JJ-150x150.jpg","caption":"Ks. Jacek"},"description":"Witam serdecznie! K\u0142ania si\u0119 Ks. Jacek Ja\u015bkowski. Nie jestem ani kim\u015b wa\u017cnym, ani kim\u015b znanym. Jestem ksi\u0119dzem, kt\u00f3ry po prostu chce rozmawia\u0107. Codzienna kap\u0142a\u0144ska pos\u0142uga pokazuje mi, \u017ce temat\u00f3w do rozm\u00f3w z ksi\u0119dzem jest coraz wi\u0119cej i dzisiaj \u017caden ksi\u0105dz nie mo\u017ce od nich ucieka\u0107, ale - wprost przeciwnie - podejmowa\u0107 nowe wyzwania. To przekonanie sk\u0142oni\u0142o mnie do pr\u00f3by otwarcia tego\u017c bloga, chocia\u017c okazji do rozm\u00f3w na co dzie\u0144 - w konfesjonale i poza nim - na szcz\u0119\u015bcie nie brakuje. My\u015bl\u0119 jednak, \u017ce ten blog b\u0119dzie jeszcze jednym sposobem i przestrzeni\u0105 nawi\u0105zania kontaktu z lud\u017ami dobrej woli, otwartymi na dialog.","url":"https:\/\/gaudiumetspes-blog.pl\/index.php\/author\/ks-jacek\/"}]}},"jetpack_featured_media_url":"","jetpack_sharing_enabled":true,"_links":{"self":[{"href":"https:\/\/gaudiumetspes-blog.pl\/index.php\/wp-json\/wp\/v2\/posts\/8329","targetHints":{"allow":["GET"]}}],"collection":[{"href":"https:\/\/gaudiumetspes-blog.pl\/index.php\/wp-json\/wp\/v2\/posts"}],"about":[{"href":"https:\/\/gaudiumetspes-blog.pl\/index.php\/wp-json\/wp\/v2\/types\/post"}],"author":[{"embeddable":true,"href":"https:\/\/gaudiumetspes-blog.pl\/index.php\/wp-json\/wp\/v2\/users\/1"}],"replies":[{"embeddable":true,"href":"https:\/\/gaudiumetspes-blog.pl\/index.php\/wp-json\/wp\/v2\/comments?post=8329"}],"version-history":[{"count":1,"href":"https:\/\/gaudiumetspes-blog.pl\/index.php\/wp-json\/wp\/v2\/posts\/8329\/revisions"}],"predecessor-version":[{"id":12196,"href":"https:\/\/gaudiumetspes-blog.pl\/index.php\/wp-json\/wp\/v2\/posts\/8329\/revisions\/12196"}],"wp:attachment":[{"href":"https:\/\/gaudiumetspes-blog.pl\/index.php\/wp-json\/wp\/v2\/media?parent=8329"}],"wp:term":[{"taxonomy":"category","embeddable":true,"href":"https:\/\/gaudiumetspes-blog.pl\/index.php\/wp-json\/wp\/v2\/categories?post=8329"},{"taxonomy":"post_tag","embeddable":true,"href":"https:\/\/gaudiumetspes-blog.pl\/index.php\/wp-json\/wp\/v2\/tags?post=8329"}],"curies":[{"name":"wp","href":"https:\/\/api.w.org\/{rel}","templated":true}]}}