{"id":8350,"date":"2015-06-27T04:03:00","date_gmt":"2015-06-27T02:03:00","guid":{"rendered":"https:\/\/gaudiumetspes-blog.pl\/index.php\/2015\/06\/27\/kiedy-bog-przychodzi-w-goscine\/"},"modified":"2019-07-31T12:55:35","modified_gmt":"2019-07-31T10:55:35","slug":"kiedy-bog-przychodzi-w-goscine","status":"publish","type":"post","link":"https:\/\/gaudiumetspes-blog.pl\/index.php\/2015\/06\/27\/kiedy-bog-przychodzi-w-goscine\/","title":{"rendered":"Kiedy B\u00f3g przychodzi w go\u015bcin\u0119&#8230;"},"content":{"rendered":"<div align=\"justify\" style=\"line-height: 150%; margin-bottom: 0cm;\">\nSzcz\u0119\u015b\u0107 Bo\u017ce! Moi Drodzy, w dniu dzisiejszym<b> spiesz\u0119 z serdecznymi \u017cyczeniami do mojego Wujka, Miros\u0142awa Oleszczuka, z okazji Jego urodzin. \u017bycz\u0119 Jubilatowi dobrych natchnie\u0144 i \u015bwiat\u0142a Ducha \u015awi\u0119tego w wytrwa\u0142ym poszukiwaniu Prawdy i wg\u0142\u0119bianiu si\u0119 w najg\u0142\u0119bsz\u0105 istot\u0119 ka\u017cdej rzeczy. Obiecuj\u0119 wsparcie modlitewne i wyra\u017cam wdzi\u0119czno\u015b\u0107 za \u017cyczliwo\u015b\u0107, na ka\u017cdym kroku okazywan\u0105!<\/b><\/div>\n<div align=\"justify\" style=\"line-height: 150%; margin-bottom: 0cm;\">\n&nbsp; &nbsp; &nbsp; &nbsp; &nbsp;W dniu dzisiejszym liturgia dopuszcza wspomnienie dowolne Matki Bo\u017cej Nieustaj\u0105cej Pomocy. Chyba w wi\u0119kszo\u015bci naszych Parafii sprawowane jest co tydzie\u0144 nabo\u017ce\u0144stwo w\u0142a\u015bnie do Matki Bo\u017cej nieustannie gotowej pomaga\u0107 cz\u0142owiekowi&#8230; Mo\u017ce zatem warto dzisiaj szczeg\u00f3lnie serdecznie odda\u0107 Matce Bo\u017cej wszystkie nasze sprawy&#8230;<\/div>\n<div align=\"justify\" style=\"line-height: 150%; margin-bottom: 0cm;\">\n&nbsp; &nbsp; &nbsp; &nbsp; &nbsp; &nbsp; \u017bycz\u0119 Wszystkim b\u0142ogos\u0142awionego i owocnego dnia!<\/div>\n<div align=\"justify\" style=\"line-height: 150%; margin-bottom: 0cm;\">\n&nbsp; &nbsp; &nbsp; &nbsp; &nbsp; &nbsp; &nbsp; &nbsp; &nbsp; &nbsp; &nbsp; &nbsp; &nbsp; &nbsp; &nbsp; &nbsp; &nbsp; &nbsp; Gaudium et spes! &nbsp;Ks. Jacek<\/div>\n<div align=\"justify\" style=\"line-height: 150%; margin-bottom: 0cm;\">\n<b><br \/><\/b><\/div>\n<div align=\"justify\" style=\"line-height: 150%; margin-bottom: 0cm;\">\n<b>Sobota<br \/>\n12 Tygodnia zwyk\u0142ego, rok I,<\/b><\/div>\n<div align=\"justify\" style=\"line-height: 150%; margin-bottom: 0cm;\">\n<b>do<br \/>\nczyta\u0144:  Rdz 18,1\u201315;  Mt 8,5\u201317<\/b><\/div>\n<div align=\"justify\" style=\"line-height: 150%; margin-bottom: 0cm;\">\n<\/p>\n<\/div>\n<div align=\"justify\" style=\"line-height: 150%; margin-bottom: 0cm;\">\n<b>CZYTANIE<br \/>\nZ KSI\u0118GI RODZAJU:<\/b><\/div>\n<div align=\"justify\" style=\"line-height: 150%; margin-bottom: 0cm; page-break-before: auto; text-indent: 1.3cm;\">\n<b>Pan<br \/>\nukaza\u0142 si\u0119 Abrahamowi pod d\u0119bami Mamre, gdy ten siedzia\u0142 u<br \/>\nwej\u015bcia do namiotu w najgor\u0119tszej porze dnia. Abraham spojrzawszy<br \/>\ndostrzeg\u0142 trzech ludzi naprzeciw siebie. Ujrzawszy ich pod\u0105\u017cy\u0142 od<br \/>\nwej\u015bcia do namiotu na ich spotkanie.<\/b><\/div>\n<div align=\"justify\" style=\"line-height: 150%; margin-bottom: 0cm; text-indent: 1.3cm;\">\n<b>A<br \/>\noddawszy im pok\u0142on do ziemi, rzek\u0142: \u201eO Panie, je\u015bli jestem tego<br \/>\ngodzien, racz nie omija\u0107 twego s\u0142ugi. Przynios\u0119 troch\u0119 wody, wy<br \/>\nza\u015b raczcie obmy\u0107 sobie nogi, a potem odpocznijcie pod drzewami. Ja<br \/>\nza\u015b p\u00f3jd\u0119 wzi\u0105\u0107 nieco chleba, aby\u015bcie si\u0119 pokrzepili, zanim<br \/>\np\u00f3jdziecie dalej, skoro przechodzicie ko\u0142o s\u0142ugi waszego\u201d. A oni<br \/>\nmu rzekli: \u201eUczy\u0144 tak, jak powiedzia\u0142e\u015b\u201d.<\/b><\/div>\n<div align=\"justify\" style=\"line-height: 150%; margin-bottom: 0cm; text-indent: 1.3cm;\">\n<b>Abraham<br \/>\nposzed\u0142 wi\u0119c spiesznie do namiotu Sary i rzek\u0142: \u201ePr\u0119dko zaczy\u0144<br \/>\nciasto z trzech miar najczystszej m\u0105ki i zr\u00f3b podp\u0142omyki\u201d. Potem<br \/>\nAbraham pod\u0105\u017cy\u0142 do trzody i wybrawszy t\u0142uste i pi\u0119kne ciel\u0119 da\u0142<br \/>\nje s\u0142udze, aby ten szybko je przyrz\u0105dzi\u0142. Po czym, wzi\u0105wszy<br \/>\ntwar\u00f3g, mleko i przyrz\u0105dzone ciel\u0119, postawi\u0142 przed nimi, a gdy<br \/>\noni jedli, sta\u0142 przed nimi pod drzewem. <\/b>\n<\/div>\n<div align=\"justify\" style=\"line-height: 150%; margin-bottom: 0cm; text-indent: 1.3cm;\">\n<b>Zapytali<br \/>\ngo: \u201eGdzie jest twoja \u017cona, Sara?\u201d Odpowiedzia\u0142 im: \u201eW tym<br \/>\noto namiocie\u201d. <\/b>\n<\/div>\n<div align=\"justify\" style=\"line-height: 150%; margin-bottom: 0cm; text-indent: 1.3cm;\">\n<b>Rzek\u0142<br \/>\nmu jeden z nich: \u201eO tej porze za rok zn\u00f3w wr\u00f3c\u0119 do ciebie, twoja<br \/>\nza\u015b \u017cona Sara b\u0119dzie mia\u0142a wtedy syna\u201d.<\/b><\/div>\n<div align=\"justify\" style=\"line-height: 150%; margin-bottom: 0cm; text-indent: 1.3cm;\">\n<b>Sara<br \/>\nprzys\u0142uchiwa\u0142a si\u0119 u wej\u015bcia do namiotu, kt\u00f3re by\u0142o tu\u017c za<br \/>\nAbrahamem. Abraham i Sara byli w bardzo podesz\u0142ym wieku. U\u015bmiechn\u0119\u0142a<br \/>\nsi\u0119 wi\u0119c do siebie i pomy\u015bla\u0142a: \u201eTeraz, gdy przekwit\u0142am i m\u00f3j<br \/>\nm\u0105\u017c starzec, mam doznawa\u0107 rozkoszy?\u201d <\/b>\n<\/div>\n<div align=\"justify\" style=\"line-height: 150%; margin-bottom: 0cm; text-indent: 1.3cm;\">\n<b>Pan<br \/>\nrzek\u0142 do Abrahama: \u201eDlaczego to Sara \u015bmieje si\u0119 i my\u015bli: \u00abCzy<br \/>\nnaprawd\u0119 b\u0119d\u0119 mog\u0142a rodzi\u0107, gdy ju\u017c si\u0119 zestarza\u0142am?\u00bb Czy<br \/>\njest co\u015b, co by\u0142oby niemo\u017cliwe dla Pana? Za rok o tej porze wr\u00f3c\u0119<br \/>\ndo ciebie, i Sara b\u0119dzie mia\u0142a syna\u201d.<\/b><\/div>\n<div align=\"justify\" style=\"line-height: 150%; margin-bottom: 0cm; text-indent: 1.3cm;\">\n<b>Wtedy<br \/>\nSara zapar\u0142a si\u0119 m\u00f3wi\u0105c: \u201eWcale si\u0119 nie \u015bmia\u0142am\u201d, bo<br \/>\nogarn\u0119\u0142o j\u0105 przera\u017cenie. Ale Pan powiedzia\u0142: \u201eNie, \u015bmia\u0142a\u015b<br \/>\nsi\u0119!\u201d<\/b><\/div>\n<div align=\"justify\" style=\"line-height: 150%; margin-bottom: 0cm;\">\n<\/p>\n<\/div>\n<div align=\"justify\" style=\"line-height: 150%; margin-bottom: 0cm;\">\n<b>S\u0141OWA<br \/>\nEWANGELII WED\u0141UG \u015aWI\u0118TEGO MATEUSZA:<\/b><\/div>\n<div align=\"justify\" style=\"line-height: 150%; margin-bottom: 0cm; page-break-before: auto; text-indent: 1.3cm;\">\n<b>Gdy<br \/>\nJezus wszed\u0142 do Kafarnaum, zwr\u00f3ci\u0142 si\u0119 do Niego setnik i prosi\u0142<br \/>\nGo, m\u00f3wi\u0105c: \u201ePanie, s\u0142uga m\u00f3j le\u017cy w domu sparali\u017cowany i<br \/>\nbardzo cierpi\u201d. Rzek\u0142 mu Jezus: \u201ePrzyjd\u0119 i uzdrowi\u0119 go\u201d.<\/b><\/div>\n<div align=\"justify\" style=\"line-height: 150%; margin-bottom: 0cm; text-indent: 1.3cm;\">\n<b>Lecz<br \/>\nsetnik odpowiedzia\u0142: \u201ePanie, nie jestem godzien, aby\u015b wszed\u0142 pod<br \/>\ndach m\u00f3j, ale powiedz tylko s\u0142owo, a m\u00f3j s\u0142uga odzyska zdrowie.<br \/>\nBo i ja, cho\u0107 podlegam w\u0142adzy, mam pod sob\u0105 \u017co\u0142nierzy. M\u00f3wi\u0119<br \/>\ntemu: \u00abId\u017a\u00bb, a idzie; drugiemu: \u00abChod\u017a tu\u00bb, a przychodzi; a<br \/>\ns\u0142udze: \u00abZr\u00f3b to\u00bb, a robi\u201d.<\/b><\/div>\n<div align=\"justify\" style=\"line-height: 150%; margin-bottom: 0cm; text-indent: 1.3cm;\">\n<b>Gdy<br \/>\nJezus to us\u0142ysza\u0142, zdziwi\u0142 si\u0119 i rzek\u0142 do tych, kt\u00f3rzy szli za<br \/>\nNim: \u201eZaprawd\u0119 powiadam wam: U nikogo w Izraelu nie znalaz\u0142em tak<br \/>\nwielkiej wiary. Lecz powiadam wam: Wielu przyjdzie ze wschodu i<br \/>\nzachodu, i zasi\u0105d\u0105 do sto\u0142u z Abrahamem, Izaakiem i Jakubem w<br \/>\nkr\u00f3lestwie niebieskim. A synowie kr\u00f3lestwa zostan\u0105 wyrzuceni na<br \/>\nzewn\u0105trz w ciemno\u015b\u0107; tam b\u0119dzie p\u0142acz i zgrzytanie z\u0119b\u00f3w\u201d.<br \/>\nDo setnika za\u015b Jezus rzek\u0142: \u201eId\u017a, niech ci si\u0119 stanie, jak<br \/>\nuwierzy\u0142e\u015b\u201d. I o tej godzinie jego s\u0142uga odzyska\u0142 zdrowie.<\/b><\/div>\n<div align=\"justify\" style=\"line-height: 150%; margin-bottom: 0cm; text-indent: 1.3cm;\">\n<b>Gdy<br \/>\nJezus przyszed\u0142 do domu Piotra, ujrza\u0142 jego te\u015bciow\u0105, le\u017c\u0105c\u0105 w<br \/>\ngor\u0105czce. Uj\u0105\u0142 j\u0105 za r\u0119k\u0119, a gor\u0105czka opu\u015bci\u0142a j\u0105. Wsta\u0142a<br \/>\ni us\u0142ugiwa\u0142a Mu.<\/b><\/div>\n<div align=\"justify\" style=\"line-height: 150%; margin-bottom: 0cm; text-indent: 1.3cm;\">\n<b>Z<br \/>\nnastaniem wieczora przyprowadzono Mu wielu op\u0119tanych. On s\u0142owem<br \/>\nwyp\u0119dzi\u0142 z\u0142e duchy i wszystkich chorych uzdrowi\u0142. Tak oto<br \/>\nspe\u0142ni\u0142o si\u0119 s\u0142owo proroka Izajasza: \u201eOn wzi\u0105\u0142 na siebie<br \/>\nnasze s\u0142abo\u015bci i nosi\u0142 nasze choroby\u201d.<\/b><\/div>\n<div align=\"justify\" style=\"line-height: 150%; margin-bottom: 0cm;\">\n<\/p>\n<\/div>\n<div align=\"justify\" style=\"line-height: 150%; margin-bottom: 0cm; page-break-before: auto; text-indent: 1.3cm;\">\nKiedy<br \/>\nAbraham zobaczy\u0142 trzech tajemniczych w\u0119drowc\u00f3w, zmierzaj\u0105cych ku<br \/>\nniemu, <b>sam wyszed\u0142 im na spotkanie.<\/b> Mimo, \u017ce by\u0142 ju\u017c<br \/>\ncz\u0142owiekiem leciwym, a przez to z pewno\u015bci\u0105 nieco os\u0142abionym,<b><br \/>\njednak podni\u00f3s\u0142 si\u0119 z miejsca,<\/b> w kt\u00f3rym siedzia\u0142 w cieniu i<br \/>\npowita\u0142 przybysz\u00f3w, po czym bardzo skwapliwie pocz\u0105\u0142 krz\u0105ta\u0107<br \/>\nsi\u0119 ko\u0142o <b>nale\u017cytego ich ugoszczenia.<\/b>\n<\/div>\n<div align=\"justify\" style=\"line-height: 150%; margin-bottom: 0cm; text-indent: 1.3cm;\">\nOczywi\u015bcie,<br \/>\nbierzemy pod uwag\u0119 ca\u0142y kulturowy kontekst, charakteryzuj\u0105cy si\u0119<br \/>\n<b>ogromn\u0105 go\u015bcinno\u015bci\u0105 <\/b>ludzi Bliskiego Wschodu, ale zapewne<br \/>\ni tak zastanawia nas \u2013 a mo\u017ce wr\u0119cz <b>zadziwia<\/b> \u2013<br \/>\nzaanga\u017cowanie, z jakim Abraham podejmowa\u0142 tych przecie\u017c <b>zupe\u0142nie<br \/>\nsobie nieznanych ludzi. <\/b>\n<\/div>\n<div align=\"justify\" style=\"line-height: 150%; margin-bottom: 0cm; text-indent: 1.3cm;\">\nW<br \/>\nkomentarzach do tego opisu mo\u017cna znale\u017a\u0107 sugesti\u0119, i\u017c Abraham,<br \/>\njako cz\u0142owiek bardzo z\u017cyty z Bogiem, bardzo pokorny i pos\u0142uszny<br \/>\nBogu, <b>wyczu\u0142 sercem,<\/b> \u017ce ci trzej w\u0119drowcy to jakie\u015b \u2013<br \/>\nm\u00f3wi\u0105c naszym j\u0119zykiem \u2013<b> \u201eprzedstawicielstwo\u201d Boga.<\/b> I<br \/>\nnie pomyli\u0142 si\u0119, bo szybko okaza\u0142o si\u0119, \u017ce go\u015bcie maj\u0105 mu do<br \/>\nprzekazania nowin\u0119 niezwyk\u0142\u0105.\n<\/div>\n<div align=\"justify\" style=\"line-height: 150%; margin-bottom: 0cm; text-indent: 1.3cm;\">\nJu\u017c<br \/>\nsamo pytanie jednego z nich, skierowane do Abrahama, gdzie jest jego<br \/>\n\u017cona, zdradza\u0142o, \u017ce ludzie ci <b>maj\u0105 du\u017c\u0105 wiedz\u0119<\/b> o tym,<br \/>\ndo kogo dotarli. Zw\u0142aszcza, \u017ce <b>znali te\u017c imi\u0119<\/b> kobiety, o<br \/>\nkt\u00f3r\u0105 pytali. Kiedy jednak jeden z nich zapowiedzia\u0142 narodzenie<br \/>\nsi\u0119 syna, a potem \u2013 jakby na potwierdzenie prawdziwo\u015bci swej<br \/>\nprzepowiedni \u2013 <b>zdemaskowa\u0142 Sar\u0119, u\u015bmiechaj\u0105c\u0105 si\u0119 w<br \/>\n<\/b><b>ukryciu<\/b><b>,<\/b> Abraham nie m\u00f3g\u0142 mie\u0107 w\u0105tpliwo\u015bci, z<br \/>\nkim rozmawia\u2026 Przekona\u0142 si\u0119, \u017ce to <b>sam<\/b> <b>B\u00f3g<\/b> wszed\u0142<br \/>\ndo jego tymczasowego obej\u015bcia \u2013 do jego tymczasowego domu, do jego<br \/>\nprywatno\u015bci, <b>do jego \u017cycia <\/b>\u2013 aby to \u017cycie znacz\u0105co<br \/>\nubogaci\u0107.<\/div>\n<div align=\"justify\" style=\"line-height: 150%; margin-bottom: 0cm; text-indent: 1.3cm;\">\nDobrze<br \/>\nwi\u0119c post\u0105pi\u0142 Abraham, id\u0105c za g\u0142osem serca i <b>podejmuj\u0105c<\/b><br \/>\n<b>tak go\u015bcinnie<\/b> tajemniczych przybysz\u00f3w. W ten spos\u00f3b bowiem<br \/>\nsamemu Bogu udzieli\u0142 go\u015bciny.\n<\/div>\n<div align=\"justify\" style=\"line-height: 150%; margin-bottom: 0cm; text-indent: 1.3cm;\">\nDzisiejsza<br \/>\nliturgia s\u0142owa pokazuje nam jeszcze inne momenty <b>wej\u015bcia Boga w<br \/>\ncodzienno\u015b\u0107 cz\u0142owieka<\/b> i w takie zwyczajne realia ludzkich<br \/>\nlos\u00f3w \u2013 ludzkich domostw. Chocia\u017c w jednym przypadku nie dosz\u0142o<br \/>\ndo fizycznego, spektakularnego przekroczenia przez Jezusa progu domu,<br \/>\nto jednak i wtedy owo <b>wej\u015bcie dokona\u0142o si\u0119<\/b> \u2013 je\u015bli tak<br \/>\nmo\u017cna powiedzie\u0107 \u2013 <b>na odleg\u0142o\u015b\u0107. <\/b>\n<\/div>\n<div align=\"justify\" style=\"line-height: 150%; margin-bottom: 0cm; text-indent: 1.3cm;\">\nM\u00f3wimy<br \/>\no rzymskim setniku, kt\u00f3ry z pewno\u015bci\u0105 ucieszy\u0142by si\u0119, gdyby<br \/>\nJezus pofatygowa\u0142 si\u0119 do niego i wszed\u0142 pod jego dach, jednak<br \/>\ng\u0142\u0119boko w sercu prze\u017cywana <b>pokora,<\/b> poczucie <b>\u017co\u0142nierskiej<br \/>\nprzyzwoito\u015bci i prawo\u015bci, <\/b>a do tego jeszcze \u2013 co sam Jezus<br \/>\nzauwa\u017cy\u0142 \u2013 <b>g\u0142\u0119boka wiara<\/b> nie pozwoli\u0142y mu prosi\u0107<br \/>\nMistrza o taki zaszczyt. Dlatego sw\u0105 pro\u015bb\u0119 skierowa\u0142 w tym<br \/>\nmiejscu i w ten spos\u00f3b, jak to zosta\u0142o nam przedstawione przez<br \/>\nEwangelist\u0119 Mateusza, <b>a i tak zyska\u0142 to, o co prosi\u0142, <\/b>za\u015b<br \/>\njego duchowe nastawienie sprawi\u0142o, \u017ce nawet pomimo tego, i\u017c Jezus<br \/>\nprogu jego domu nie przekroczy\u0142, to na pewno obdarzy\u0142 go wieloma<br \/>\ndarami swojej obecno\u015bci. Bo <b>na p\u0142aszczy\u017anie serca<\/b> spotkanie<br \/>\nto si\u0119 dokona\u0142o!<\/div>\n<div align=\"justify\" style=\"line-height: 150%; margin-bottom: 0cm; text-indent: 1.3cm;\">\nDo<br \/>\ndomu Piotra ju\u017c Jezus wszed\u0142, zw\u0142aszcza, \u017ce \u2013 jak przekonuj\u0105<br \/>\nbibli\u015bci i przewodnicy, oprowadzaj\u0105cy dzi\u015b po ruinach tamtego<br \/>\nKafarnaum \u2013 Jezus <b>pomieszkiwa\u0142 u Piotra,<\/b> wi\u0119c ten dom by\u0142<br \/>\nw jakim\u015b sensie tak\u017ce <b>Jego domem.<\/b> Wiemy przecie\u017c, \u017ce Jezus<br \/>\nnie mia\u0142 \u017cadnego w\u0142asnego \u201ek\u0105ta\u201d na tej ziemi, o czym sam<br \/>\nm\u00f3wi\u0142\u2026\n<\/div>\n<div align=\"justify\" style=\"line-height: 150%; margin-bottom: 0cm; text-indent: 1.3cm;\">\nI<br \/>\nto w\u0142a\u015bnie <b>w tym\u017ce domu <\/b>najpierw dokona\u0142 <b>uzdrowienia<\/b><br \/>\n<b>te\u015bciowej Piotra,<\/b> a potem wiele <b>innych uzdrowie\u0144. <\/b>Mo\u017cemy<br \/>\npowiedzie\u0107, \u017ce to wej\u015bcie Boga do domu cz\u0142owieka <b>zaowocowa\u0142o<\/b><br \/>\njakim\u015b ogromnym i trudnym do przecenienia dobrem!\n<\/div>\n<div align=\"justify\" style=\"line-height: 150%; margin-bottom: 0cm; text-indent: 1.3cm;\">\nA<br \/>\nmy, Kochani, mo\u017cemy sobie z ca\u0142ego tego rozwa\u017cania wyprowadzi\u0107<br \/>\n<b>kilka praktycznych wniosk\u00f3w.<\/b>\n<\/div>\n<div align=\"justify\" style=\"line-height: 150%; margin-bottom: 0cm; text-indent: 1.3cm;\">\nPierwszy<br \/>\nto taki, \u017ce przyjmuj\u0105c w swoim domu kogokolwiek, zawsze nale\u017cy<br \/>\nprzypomnie\u0107 sobie stare polskie przys\u0142owie: <b>\u201eGo\u015b\u0107 w dom \u2013<br \/>\nB\u00f3g w dom\u201d\u2026 <\/b>Oczywi\u015bcie, r\u00f3\u017cnej \u201ema\u015bci\u201d prze\u015bmiewcy<br \/>\nzd\u0105\u017cyli ju\u017c to przys\u0142owie przekszta\u0142ci\u0107 na wersj\u0119: \u201eGo\u015b\u0107 w<br \/>\ndomu \u2013 B\u00f3g wie, po co?\u2026\u201d, ale my pozosta\u0144my przy wersji<br \/>\noryginalnej. I starajmy si\u0119 zawsze o tym pami\u0119ta\u0107, \u017ce ka\u017cde<br \/>\nodwiedziny, to naprawd\u0119 jaki\u015b <b>u\u015bmiech Boga do nas.<\/b>\n<\/div>\n<div align=\"justify\" style=\"line-height: 150%; margin-bottom: 0cm; text-indent: 1.3cm;\">\nZ<br \/>\ntym za\u015b wi\u0105\u017ce si\u0119 drugi wniosek \u2013 ten mianowicie, \u017ce kiedy to<br \/>\nmy udajemy si\u0119 z wizyt\u0105, tak\u017ce powinni\u015bmy zadba\u0107 o to, aby<br \/>\n<b>wnie\u015b\u0107<\/b> do odwiedzanego domu chocia\u017c <b>odrobin\u0119 rado\u015bci i<br \/>\nnadziei,<\/b> a wi\u0119c \u2013 m\u00f3wi\u0105c najkr\u00f3cej \u2013 <b>wnie\u015b\u0107 tam<br \/>\nBoga.<\/b> Chocia\u017cby przez dobre, pocieszaj\u0105ce s\u0142owo\u2026\n<\/div>\n<div align=\"justify\" style=\"line-height: 150%; margin-bottom: 0cm; text-indent: 1.3cm;\">\nI<br \/>\npo trzecie wreszcie \u2013 nigdy nie mo\u017cemy zapomnie\u0107, \u017ce <b>B\u00f3g<\/b><br \/>\n<b>naprawd\u0119 jest w naszym \u017cyciu obecny<\/b> i poprzez r\u00f3\u017cnych<br \/>\nludzi oraz r\u00f3\u017cne sytuacje realnie wchodzi w nasz\u0105 codzienno\u015b\u0107,<br \/>\nnaprawd\u0119 nam pomaga, pociesza nas\u2026 Mo\u017ce trzeba <b>troch\u0119<br \/>\nwi\u0119kszej uwagi,<\/b> \u017ceby to dostrzec?\u2026 A mo\u017ce potrzeba chocia\u017c<br \/>\n<b>odrobin\u0119 go\u015bcinno\u015bci i uprzejmo\u015bci <\/b>Abrahama, aby Boga do<br \/>\nswego domu zaprosi\u0107, aby nie musia\u0142 On naszego domu omija\u0107, ale<br \/>\naby Go przyj\u0105\u0107 godnie i <b>pos\u0142ucha\u0107, co ma do powiedzenia?\u2026 <\/b>\n<\/div>\n<div align=\"justify\" style=\"line-height: 150%; margin-bottom: 0cm; text-indent: 1.3cm;\">\nA<br \/>\nB\u00f3g \u2013 z ca\u0142\u0105 pewno\u015bci\u0105 \u2013 z go\u015bciny naszej skorzysta\u2026\n<\/div>\n<div align=\"justify\" style=\"line-height: 150%; margin-bottom: 0cm; text-indent: 1.3cm;\">\nW<br \/>\ntym kontek\u015bcie pomy\u015blmy:<\/div>\n<div align=\"justify\" style=\"line-height: 150%; margin-bottom: 0cm;\">\n\u2013<br \/>\nCzy<br \/>\nw ka\u017cdym odwiedzaj\u0105cym mnie cz\u0142owieku widz\u0119 przychodz\u0105cego do<br \/>\nmnie Boga?<\/div>\n<div align=\"justify\" style=\"line-height: 150%; margin-bottom: 0cm;\">\n\u2013<br \/>\nCo<br \/>\nja wnosz\u0119 do dom\u00f3w innych?<\/div>\n<div align=\"justify\" style=\"line-height: 150%; margin-bottom: 0cm;\">\n\u2013<br \/>\nPo<br \/>\nczym rozpoznaj\u0119 dzia\u0142anie Boga w mojej codzienno\u015bci?<\/div>\n<p><\/p>\n<div align=\"justify\" style=\"line-height: 150%; margin-bottom: 0cm;\">\n<i><b>Panie,<br \/>\nnie jestem godzien, aby\u015b wszed\u0142 pod dach m\u00f3j, ale powiedz tylko<br \/>\ns\u0142owo\u2026&nbsp;<\/b><\/i>\n<\/div>\n","protected":false},"excerpt":{"rendered":"<p>Szcz\u0119\u015b\u0107 Bo\u017ce! Moi Drodzy, w dniu dzisiejszym spiesz\u0119 z serdecznymi \u017cyczeniami do mojego Wujka, Miros\u0142awa Oleszczuka, z okazji Jego urodzin. \u017bycz\u0119 Jubilatowi dobrych natchnie\u0144 i \u015bwiat\u0142a Ducha \u015awi\u0119tego w wytrwa\u0142ym poszukiwaniu Prawdy i wg\u0142\u0119bianiu si\u0119 w najg\u0142\u0119bsz\u0105 istot\u0119 ka\u017cdej rzeczy. Obiecuj\u0119 wsparcie modlitewne i wyra\u017cam wdzi\u0119czno\u015b\u0107 za \u017cyczliwo\u015b\u0107, na ka\u017cdym kroku okazywan\u0105! &nbsp; &nbsp; &nbsp; [&hellip;]<\/p>\n","protected":false},"author":1,"featured_media":0,"comment_status":"open","ping_status":"open","sticky":false,"template":"","format":"standard","meta":{"jetpack_post_was_ever_published":false,"_jetpack_newsletter_access":"","_jetpack_dont_email_post_to_subs":false,"_jetpack_newsletter_tier_id":0,"_jetpack_memberships_contains_paywalled_content":false,"_jetpack_memberships_contains_paid_content":false,"footnotes":""},"categories":[1],"tags":[],"class_list":["post-8350","post","type-post","status-publish","format-standard","hentry","category-bez-kategorii"],"yoast_head":"<!-- This site is optimized with the Yoast SEO plugin v25.1 - https:\/\/yoast.com\/wordpress\/plugins\/seo\/ -->\n<title>Kiedy B\u00f3g przychodzi w go\u015bcin\u0119... - Gaudium Et Spes<\/title>\n<meta name=\"robots\" content=\"index, follow, max-snippet:-1, max-image-preview:large, max-video-preview:-1\" \/>\n<link rel=\"canonical\" href=\"https:\/\/gaudiumetspes-blog.pl\/index.php\/2015\/06\/27\/kiedy-bog-przychodzi-w-goscine\/\" \/>\n<meta property=\"og:locale\" content=\"pl_PL\" \/>\n<meta property=\"og:type\" content=\"article\" \/>\n<meta property=\"og:title\" content=\"Kiedy B\u00f3g przychodzi w go\u015bcin\u0119... - Gaudium Et Spes\" \/>\n<meta property=\"og:description\" content=\"Szcz\u0119\u015b\u0107 Bo\u017ce! Moi Drodzy, w dniu dzisiejszym spiesz\u0119 z serdecznymi \u017cyczeniami do mojego Wujka, Miros\u0142awa Oleszczuka, z okazji Jego urodzin. \u017bycz\u0119 Jubilatowi dobrych natchnie\u0144 i \u015bwiat\u0142a Ducha \u015awi\u0119tego w wytrwa\u0142ym poszukiwaniu Prawdy i wg\u0142\u0119bianiu si\u0119 w najg\u0142\u0119bsz\u0105 istot\u0119 ka\u017cdej rzeczy. Obiecuj\u0119 wsparcie modlitewne i wyra\u017cam wdzi\u0119czno\u015b\u0107 za \u017cyczliwo\u015b\u0107, na ka\u017cdym kroku okazywan\u0105! &nbsp; &nbsp; &nbsp; [&hellip;]\" \/>\n<meta property=\"og:url\" content=\"https:\/\/gaudiumetspes-blog.pl\/index.php\/2015\/06\/27\/kiedy-bog-przychodzi-w-goscine\/\" \/>\n<meta property=\"og:site_name\" content=\"Gaudium Et Spes\" \/>\n<meta property=\"article:published_time\" content=\"2015-06-27T02:03:00+00:00\" \/>\n<meta property=\"article:modified_time\" content=\"2019-07-31T10:55:35+00:00\" \/>\n<meta name=\"author\" content=\"Ks. Jacek\" \/>\n<meta name=\"twitter:card\" content=\"summary_large_image\" \/>\n<meta name=\"twitter:label1\" content=\"Napisane przez\" \/>\n\t<meta name=\"twitter:data1\" content=\"Ks. Jacek\" \/>\n\t<meta name=\"twitter:label2\" content=\"Szacowany czas czytania\" \/>\n\t<meta name=\"twitter:data2\" content=\"8 minut\" \/>\n<script type=\"application\/ld+json\" class=\"yoast-schema-graph\">{\"@context\":\"https:\/\/schema.org\",\"@graph\":[{\"@type\":\"WebPage\",\"@id\":\"https:\/\/gaudiumetspes-blog.pl\/index.php\/2015\/06\/27\/kiedy-bog-przychodzi-w-goscine\/\",\"url\":\"https:\/\/gaudiumetspes-blog.pl\/index.php\/2015\/06\/27\/kiedy-bog-przychodzi-w-goscine\/\",\"name\":\"Kiedy B\u00f3g przychodzi w go\u015bcin\u0119... - Gaudium Et Spes\",\"isPartOf\":{\"@id\":\"https:\/\/gaudiumetspes-blog.pl\/#website\"},\"datePublished\":\"2015-06-27T02:03:00+00:00\",\"dateModified\":\"2019-07-31T10:55:35+00:00\",\"author\":{\"@id\":\"https:\/\/gaudiumetspes-blog.pl\/#\/schema\/person\/1661982992b752dea8dff0d4ed845a65\"},\"breadcrumb\":{\"@id\":\"https:\/\/gaudiumetspes-blog.pl\/index.php\/2015\/06\/27\/kiedy-bog-przychodzi-w-goscine\/#breadcrumb\"},\"inLanguage\":\"pl-PL\",\"potentialAction\":[{\"@type\":\"ReadAction\",\"target\":[\"https:\/\/gaudiumetspes-blog.pl\/index.php\/2015\/06\/27\/kiedy-bog-przychodzi-w-goscine\/\"]}]},{\"@type\":\"BreadcrumbList\",\"@id\":\"https:\/\/gaudiumetspes-blog.pl\/index.php\/2015\/06\/27\/kiedy-bog-przychodzi-w-goscine\/#breadcrumb\",\"itemListElement\":[{\"@type\":\"ListItem\",\"position\":1,\"name\":\"Strona g\u0142\u00f3wna\",\"item\":\"https:\/\/gaudiumetspes-blog.pl\/\"},{\"@type\":\"ListItem\",\"position\":2,\"name\":\"Kiedy B\u00f3g przychodzi w&nbsp;go\u015bcin\u0119&#8230;\"}]},{\"@type\":\"WebSite\",\"@id\":\"https:\/\/gaudiumetspes-blog.pl\/#website\",\"url\":\"https:\/\/gaudiumetspes-blog.pl\/\",\"name\":\"Gaudium Et Spes\",\"description\":\"Blog Ks. Jacka Ja\u015bkowskiego\",\"potentialAction\":[{\"@type\":\"SearchAction\",\"target\":{\"@type\":\"EntryPoint\",\"urlTemplate\":\"https:\/\/gaudiumetspes-blog.pl\/?s={search_term_string}\"},\"query-input\":{\"@type\":\"PropertyValueSpecification\",\"valueRequired\":true,\"valueName\":\"search_term_string\"}}],\"inLanguage\":\"pl-PL\"},{\"@type\":\"Person\",\"@id\":\"https:\/\/gaudiumetspes-blog.pl\/#\/schema\/person\/1661982992b752dea8dff0d4ed845a65\",\"name\":\"Ks. Jacek\",\"image\":{\"@type\":\"ImageObject\",\"inLanguage\":\"pl-PL\",\"@id\":\"https:\/\/gaudiumetspes-blog.pl\/#\/schema\/person\/image\/\",\"url\":\"https:\/\/gaudiumetspes-blog.pl\/wp-content\/uploads\/2019\/07\/avatar-JJ-150x150.jpg\",\"contentUrl\":\"https:\/\/gaudiumetspes-blog.pl\/wp-content\/uploads\/2019\/07\/avatar-JJ-150x150.jpg\",\"caption\":\"Ks. Jacek\"},\"description\":\"Witam serdecznie! K\u0142ania si\u0119 Ks. Jacek Ja\u015bkowski. Nie jestem ani kim\u015b wa\u017cnym, ani kim\u015b znanym. Jestem ksi\u0119dzem, kt\u00f3ry po prostu chce rozmawia\u0107. Codzienna kap\u0142a\u0144ska pos\u0142uga pokazuje mi, \u017ce temat\u00f3w do rozm\u00f3w z ksi\u0119dzem jest coraz wi\u0119cej i dzisiaj \u017caden ksi\u0105dz nie mo\u017ce od nich ucieka\u0107, ale - wprost przeciwnie - podejmowa\u0107 nowe wyzwania. To przekonanie sk\u0142oni\u0142o mnie do pr\u00f3by otwarcia tego\u017c bloga, chocia\u017c okazji do rozm\u00f3w na co dzie\u0144 - w konfesjonale i poza nim - na szcz\u0119\u015bcie nie brakuje. My\u015bl\u0119 jednak, \u017ce ten blog b\u0119dzie jeszcze jednym sposobem i przestrzeni\u0105 nawi\u0105zania kontaktu z lud\u017ami dobrej woli, otwartymi na dialog.\",\"url\":\"https:\/\/gaudiumetspes-blog.pl\/index.php\/author\/ks-jacek\/\"}]}<\/script>\n<!-- \/ Yoast SEO plugin. -->","yoast_head_json":{"title":"Kiedy B\u00f3g przychodzi w go\u015bcin\u0119... - Gaudium Et Spes","robots":{"index":"index","follow":"follow","max-snippet":"max-snippet:-1","max-image-preview":"max-image-preview:large","max-video-preview":"max-video-preview:-1"},"canonical":"https:\/\/gaudiumetspes-blog.pl\/index.php\/2015\/06\/27\/kiedy-bog-przychodzi-w-goscine\/","og_locale":"pl_PL","og_type":"article","og_title":"Kiedy B\u00f3g przychodzi w go\u015bcin\u0119... - Gaudium Et Spes","og_description":"Szcz\u0119\u015b\u0107 Bo\u017ce! Moi Drodzy, w dniu dzisiejszym spiesz\u0119 z serdecznymi \u017cyczeniami do mojego Wujka, Miros\u0142awa Oleszczuka, z okazji Jego urodzin. \u017bycz\u0119 Jubilatowi dobrych natchnie\u0144 i \u015bwiat\u0142a Ducha \u015awi\u0119tego w wytrwa\u0142ym poszukiwaniu Prawdy i wg\u0142\u0119bianiu si\u0119 w najg\u0142\u0119bsz\u0105 istot\u0119 ka\u017cdej rzeczy. Obiecuj\u0119 wsparcie modlitewne i wyra\u017cam wdzi\u0119czno\u015b\u0107 za \u017cyczliwo\u015b\u0107, na ka\u017cdym kroku okazywan\u0105! &nbsp; &nbsp; &nbsp; [&hellip;]","og_url":"https:\/\/gaudiumetspes-blog.pl\/index.php\/2015\/06\/27\/kiedy-bog-przychodzi-w-goscine\/","og_site_name":"Gaudium Et Spes","article_published_time":"2015-06-27T02:03:00+00:00","article_modified_time":"2019-07-31T10:55:35+00:00","author":"Ks. Jacek","twitter_card":"summary_large_image","twitter_misc":{"Napisane przez":"Ks. Jacek","Szacowany czas czytania":"8 minut"},"schema":{"@context":"https:\/\/schema.org","@graph":[{"@type":"WebPage","@id":"https:\/\/gaudiumetspes-blog.pl\/index.php\/2015\/06\/27\/kiedy-bog-przychodzi-w-goscine\/","url":"https:\/\/gaudiumetspes-blog.pl\/index.php\/2015\/06\/27\/kiedy-bog-przychodzi-w-goscine\/","name":"Kiedy B\u00f3g przychodzi w go\u015bcin\u0119... - Gaudium Et Spes","isPartOf":{"@id":"https:\/\/gaudiumetspes-blog.pl\/#website"},"datePublished":"2015-06-27T02:03:00+00:00","dateModified":"2019-07-31T10:55:35+00:00","author":{"@id":"https:\/\/gaudiumetspes-blog.pl\/#\/schema\/person\/1661982992b752dea8dff0d4ed845a65"},"breadcrumb":{"@id":"https:\/\/gaudiumetspes-blog.pl\/index.php\/2015\/06\/27\/kiedy-bog-przychodzi-w-goscine\/#breadcrumb"},"inLanguage":"pl-PL","potentialAction":[{"@type":"ReadAction","target":["https:\/\/gaudiumetspes-blog.pl\/index.php\/2015\/06\/27\/kiedy-bog-przychodzi-w-goscine\/"]}]},{"@type":"BreadcrumbList","@id":"https:\/\/gaudiumetspes-blog.pl\/index.php\/2015\/06\/27\/kiedy-bog-przychodzi-w-goscine\/#breadcrumb","itemListElement":[{"@type":"ListItem","position":1,"name":"Strona g\u0142\u00f3wna","item":"https:\/\/gaudiumetspes-blog.pl\/"},{"@type":"ListItem","position":2,"name":"Kiedy B\u00f3g przychodzi w&nbsp;go\u015bcin\u0119&#8230;"}]},{"@type":"WebSite","@id":"https:\/\/gaudiumetspes-blog.pl\/#website","url":"https:\/\/gaudiumetspes-blog.pl\/","name":"Gaudium Et Spes","description":"Blog Ks. Jacka Ja\u015bkowskiego","potentialAction":[{"@type":"SearchAction","target":{"@type":"EntryPoint","urlTemplate":"https:\/\/gaudiumetspes-blog.pl\/?s={search_term_string}"},"query-input":{"@type":"PropertyValueSpecification","valueRequired":true,"valueName":"search_term_string"}}],"inLanguage":"pl-PL"},{"@type":"Person","@id":"https:\/\/gaudiumetspes-blog.pl\/#\/schema\/person\/1661982992b752dea8dff0d4ed845a65","name":"Ks. Jacek","image":{"@type":"ImageObject","inLanguage":"pl-PL","@id":"https:\/\/gaudiumetspes-blog.pl\/#\/schema\/person\/image\/","url":"https:\/\/gaudiumetspes-blog.pl\/wp-content\/uploads\/2019\/07\/avatar-JJ-150x150.jpg","contentUrl":"https:\/\/gaudiumetspes-blog.pl\/wp-content\/uploads\/2019\/07\/avatar-JJ-150x150.jpg","caption":"Ks. Jacek"},"description":"Witam serdecznie! K\u0142ania si\u0119 Ks. Jacek Ja\u015bkowski. Nie jestem ani kim\u015b wa\u017cnym, ani kim\u015b znanym. Jestem ksi\u0119dzem, kt\u00f3ry po prostu chce rozmawia\u0107. Codzienna kap\u0142a\u0144ska pos\u0142uga pokazuje mi, \u017ce temat\u00f3w do rozm\u00f3w z ksi\u0119dzem jest coraz wi\u0119cej i dzisiaj \u017caden ksi\u0105dz nie mo\u017ce od nich ucieka\u0107, ale - wprost przeciwnie - podejmowa\u0107 nowe wyzwania. To przekonanie sk\u0142oni\u0142o mnie do pr\u00f3by otwarcia tego\u017c bloga, chocia\u017c okazji do rozm\u00f3w na co dzie\u0144 - w konfesjonale i poza nim - na szcz\u0119\u015bcie nie brakuje. My\u015bl\u0119 jednak, \u017ce ten blog b\u0119dzie jeszcze jednym sposobem i przestrzeni\u0105 nawi\u0105zania kontaktu z lud\u017ami dobrej woli, otwartymi na dialog.","url":"https:\/\/gaudiumetspes-blog.pl\/index.php\/author\/ks-jacek\/"}]}},"jetpack_featured_media_url":"","jetpack_sharing_enabled":true,"_links":{"self":[{"href":"https:\/\/gaudiumetspes-blog.pl\/index.php\/wp-json\/wp\/v2\/posts\/8350","targetHints":{"allow":["GET"]}}],"collection":[{"href":"https:\/\/gaudiumetspes-blog.pl\/index.php\/wp-json\/wp\/v2\/posts"}],"about":[{"href":"https:\/\/gaudiumetspes-blog.pl\/index.php\/wp-json\/wp\/v2\/types\/post"}],"author":[{"embeddable":true,"href":"https:\/\/gaudiumetspes-blog.pl\/index.php\/wp-json\/wp\/v2\/users\/1"}],"replies":[{"embeddable":true,"href":"https:\/\/gaudiumetspes-blog.pl\/index.php\/wp-json\/wp\/v2\/comments?post=8350"}],"version-history":[{"count":1,"href":"https:\/\/gaudiumetspes-blog.pl\/index.php\/wp-json\/wp\/v2\/posts\/8350\/revisions"}],"predecessor-version":[{"id":12166,"href":"https:\/\/gaudiumetspes-blog.pl\/index.php\/wp-json\/wp\/v2\/posts\/8350\/revisions\/12166"}],"wp:attachment":[{"href":"https:\/\/gaudiumetspes-blog.pl\/index.php\/wp-json\/wp\/v2\/media?parent=8350"}],"wp:term":[{"taxonomy":"category","embeddable":true,"href":"https:\/\/gaudiumetspes-blog.pl\/index.php\/wp-json\/wp\/v2\/categories?post=8350"},{"taxonomy":"post_tag","embeddable":true,"href":"https:\/\/gaudiumetspes-blog.pl\/index.php\/wp-json\/wp\/v2\/tags?post=8350"}],"curies":[{"name":"wp","href":"https:\/\/api.w.org\/{rel}","templated":true}]}}