{"id":8364,"date":"2015-06-13T04:07:00","date_gmt":"2015-06-13T02:07:00","guid":{"rendered":"https:\/\/gaudiumetspes-blog.pl\/index.php\/2015\/06\/13\/serce-maryi-zwyczajne-ludzkie-serce\/"},"modified":"2019-07-31T12:55:33","modified_gmt":"2019-07-31T10:55:33","slug":"serce-maryi-zwyczajne-ludzkie-serce","status":"publish","type":"post","link":"https:\/\/gaudiumetspes-blog.pl\/index.php\/2015\/06\/13\/serce-maryi-zwyczajne-ludzkie-serce\/","title":{"rendered":"Serce Maryi &#8211; zwyczajne, ludzkie serce&#8230;"},"content":{"rendered":"<div align=\"justify\" style=\"line-height: 150%; margin-bottom: 0cm;\">\nSzcz\u0119\u015b\u0107 Bo\u017ce! Moi Drodzy, prosz\u0119 Was dzisiaj o modlitw\u0119 w intencji dwunastu Diakon\u00f3w, kt\u00f3rzy w katedrze siedleckiej przyjm\u0105 \u015bwi\u0119cenia kap\u0142a\u0144skie. Dwunastu &#8211; jak Aposto\u0142\u00f3w. M\u00f3dlmy si\u0119, aby nie by\u0142o w\u015br\u00f3d nich Judasza&#8230; I aby nie zabrak\u0142o im nigdy apostolskiej gorliwo\u015bci.<\/div>\n<div align=\"justify\" style=\"line-height: 150%; margin-bottom: 0cm;\">\n&nbsp; &nbsp; &nbsp;\u017bycz\u0119 Wszystkim b\u0142ogos\u0142awionego dnia &#8211; prze\u017cywanego w blasku Niepokalanego Serca Naj\u015bwi\u0119tszej Maryi Panny! Przypominam tak\u017ce o nabo\u017ce\u0144stwach fatimskich, jakie dzi\u015b odb\u0119d\u0105 si\u0119 w naszych Parafiach&#8230;<\/div>\n<div align=\"justify\" style=\"line-height: 150%; margin-bottom: 0cm;\">\n&nbsp; &nbsp; &nbsp; &nbsp; &nbsp; &nbsp; &nbsp; &nbsp; &nbsp; &nbsp; &nbsp; &nbsp; &nbsp; &nbsp; &nbsp; &nbsp; &nbsp; &nbsp; &nbsp;Gaudium et spes! &nbsp;Ks. Jacek<\/div>\n<div align=\"justify\" style=\"line-height: 150%; margin-bottom: 0cm;\">\n<b><br \/><\/b><\/div>\n<div align=\"justify\" style=\"line-height: 150%; margin-bottom: 0cm;\">\n<b>Wspomnienie<br \/>\nNiepokalanego Serca Naj\u015bwi\u0119tszej Maryi Panny,<\/b><\/div>\n<div align=\"justify\" style=\"line-height: 150%; margin-bottom: 0cm;\">\n<b>do<br \/>\nczyta\u0144 z t. VI Lekcjonarza:  Iz 61,9\u201311;  \u0141k 2,41\u201351<\/b><\/div>\n<div align=\"justify\" style=\"line-height: 150%; margin-bottom: 0cm;\">\n<\/p>\n<\/div>\n<div align=\"justify\" style=\"line-height: 150%; margin-bottom: 0cm; page-break-before: auto;\">\n<b>CZYTANIE<br \/>\nZ KSI\u0118GI PROROKA IZAJASZA: <\/b>\n<\/div>\n<div align=\"justify\" style=\"line-height: 150%; margin-bottom: 0cm; text-indent: 1.24cm;\">\n<b>Plemi\u0119<br \/>\nnarodu mego b\u0119dzie znane w\u015br\u00f3d narod\u00f3w i mi\u0119dzy ludami ich<br \/>\npotomstwo. Wszyscy, co ich zobacz\u0105, uznaj\u0105, \u017ce oni s\u0105 szczepem<br \/>\nb\u0142ogos\u0142awionym Pana. <\/b>\n<\/div>\n<div align=\"justify\" style=\"line-height: 150%; margin-bottom: 0cm; text-indent: 1.24cm;\">\n<b>Ogromnie<br \/>\nsi\u0119 wesel\u0119 w Panu, dusza moja raduje si\u0119 w Bogu moim, bo mnie<br \/>\nprzyodzia\u0142 w szaty zbawienia, okry\u0142 mnie p\u0142aszczem<br \/>\nsprawiedliwo\u015bci, jak oblubie\u0144ca, kt\u00f3ry wk\u0142ada zaw\u00f3j, jak<br \/>\noblubienic\u0119 strojn\u0105 w swe klejnoty. Zaiste, jak ziemia wydaje swe<br \/>\nplony, jak ogr\u00f3d rozplenia swe zasiewy, tak Pan B\u00f3g sprawi, \u017ce si\u0119<br \/>\nrozpleni sprawiedliwo\u015b\u0107 i chwa\u0142a wobec wszystkich narod\u00f3w.<\/b><\/div>\n<div align=\"justify\" style=\"line-height: 150%; margin-bottom: 0cm;\">\n<\/p>\n<\/div>\n<div align=\"justify\" style=\"line-height: 150%; margin-bottom: 0cm;\">\n<b>S\u0141OWA<br \/>\nEWANGELII WED\u0141UG \u015aWI\u0118TEGO<br \/>\n\u0141UKASZA: <\/b>\n<\/div>\n<div align=\"justify\" style=\"line-height: 150%; margin-bottom: 0cm; page-break-before: auto; text-indent: 1.3cm;\">\n<b>Rodzice<br \/>\nJezusa chodzili co roku do Jerozolimy na \u015awi\u0119to Paschy. Gdy mia\u0142<br \/>\nOn lat dwana\u015bcie, udali si\u0119 tam zwyczajem \u015bwi\u0105tecznym. Kiedy<br \/>\nwracali po sko\u0144czonych uroczysto\u015bciach, zosta\u0142 Jezus w<br \/>\nJerozolimie, a tego nie zauwa\u017cyli Jego rodzice. Przypuszczaj\u0105c, \u017ce<br \/>\njest w towarzystwie p\u0105tnik\u00f3w, uszli dzie\u0144 drogi i szukali Go w\u015br\u00f3d<br \/>\nkrewnych i znajomych. Gdy Go nie znale\u017ali, wr\u00f3cili do Jerozolimy<br \/>\nszukaj\u0105c Go. <\/b>\n<\/div>\n<div align=\"justify\" style=\"line-height: 150%; margin-bottom: 0cm; text-indent: 1.3cm;\">\n<b>Dopiero<br \/>\npo trzech dniach odnale\u017ali Go w \u015bwi\u0105tyni, gdzie siedzia\u0142 mi\u0119dzy<br \/>\nnauczycielami, przys\u0142uchiwa\u0142 si\u0119 im i zadawa\u0142 pytania. Wszyscy<br \/>\nza\u015b, kt\u00f3rzy Go s\u0142uchali, byli zdumieni bystro\u015bci\u0105 Jego umys\u0142u i<br \/>\nodpowiedziami. <\/b>\n<\/div>\n<div align=\"justify\" style=\"line-height: 150%; margin-bottom: 0cm; text-indent: 1.3cm;\">\n<b>Na<br \/>\nten widok zdziwili si\u0119 bardzo, a Jego Matka rzek\u0142a do Niego: \u201eSynu,<br \/>\nczemu\u015b nam to uczyni\u0142? Oto ojciec Tw\u00f3j i ja z b\u00f3lem serca<br \/>\nszukali\u015bmy Ciebie\u201d. <\/b>\n<\/div>\n<div align=\"justify\" style=\"line-height: 150%; margin-bottom: 0cm; text-indent: 1.3cm;\">\n<b>Lecz<br \/>\nOn im odpowiedzia\u0142: \u201eCzemu\u015bcie Mnie szukali? Czy nie<br \/>\nwiedzieli\u015bcie, \u017ce powinienem by\u0107 w tym, co nale\u017cy do mego Ojca?\u201d<br \/>\nOni jednak nie zrozumieli tego, co im powiedzia\u0142. <\/b>\n<\/div>\n<div align=\"justify\" style=\"line-height: 150%; margin-bottom: 0cm; text-indent: 1.3cm;\">\n<b>Potem<br \/>\nposzed\u0142 z nimi i wr\u00f3ci\u0142 do Nazaretu; i by\u0142 im poddany. <\/b>\n<\/div>\n<div align=\"justify\" style=\"line-height: 150%; margin-bottom: 0cm; text-indent: 1.22cm;\">\n<b>A<br \/>\nMatka Jego chowa\u0142a wiernie te wspomnienia w swym sercu.<\/b><\/div>\n<div align=\"justify\" style=\"line-height: 150%; margin-bottom: 0cm;\">\n<\/p>\n<\/div>\n<div align=\"justify\" style=\"line-height: 150%; margin-bottom: 0cm; page-break-before: auto; text-indent: 1.24cm;\">\nI<br \/>\nznowu \u2013 podobnie, jak wczoraj \u2013 o samym sercu Maryi, kt\u00f3remu<br \/>\ndzisiaj oddajemy cze\u015b\u0107, <b>mowa<br \/>\njest raz jeden<\/b> w ca\u0142ej<br \/>\nliturgii s\u0142owa. Co ciekawe, s\u0142owo: <b>\u201eserce\u201d<\/b><br \/>\njest w og\u00f3le <b>ostatnim<br \/>\ns\u0142owem<\/b> dzisiejszej<br \/>\nEwangelii, a co za tym idzie \u2013 wszystkich czyta\u0144. Jest jakby<br \/>\nklamr\u0105 zamykaj\u0105c\u0105 dzisiejszy przekaz.\n<\/div>\n<div align=\"justify\" style=\"line-height: 150%; margin-bottom: 0cm; text-indent: 1.24cm;\">\nA<br \/>\njest ni\u0105 nie tylko samo s\u0142owo, ale i zdanie, w kt\u00f3rym si\u0119 ono<br \/>\nzawiera, a kt\u00f3re to zdanie informuje nas, \u017ce Maryja <i><b>chowa\u0142a<br \/>\nwiernie te wspomnienia w swym sercu.<\/b><\/i><b><br \/>\n<\/b>Wi\u0119cej<br \/>\nwzmianki o sercu Maryi nie ma, ale w pierwszym czytaniu Ko\u015bci\u00f3\u0142<br \/>\nodnosi do dzisiejszego wspomnienia przepi\u0119kne s\u0142owa Proroka<br \/>\nIzajasza, wy\u015bpiewuj\u0105cego w taki oto spos\u00f3b swoje uwielbienie Boga:<br \/>\n<i><b>Ogromnie<br \/>\nsi\u0119 wesel\u0119 w Panu, dusza moja raduje si\u0119 w Bogu moim, bo mnie<br \/>\nprzyodzia\u0142 w szaty zbawienia, okry\u0142 mnie p\u0142aszczem<br \/>\nsprawiedliwo\u015bci, jak oblubie\u0144ca, kt\u00f3ry wk\u0142ada zaw\u00f3j, jak<br \/>\noblubienic\u0119 strojn\u0105 w swe klejnoty. Zaiste, jak ziemia wydaje swe<br \/>\nplony, jak ogr\u00f3d rozplenia swe zasiewy, tak Pan B\u00f3g sprawi, \u017ce si\u0119<br \/>\nrozpleni sprawiedliwo\u015b\u0107 i chwa\u0142a wobec wszystkich narod\u00f3w.<\/b><\/i><b><br \/>\n<\/b>\n<\/div>\n<div align=\"justify\" style=\"line-height: 150%; margin-bottom: 0cm; text-indent: 1.24cm;\">\nBez<br \/>\nwi\u0119kszej obawy b\u0142\u0119du, mo\u017cna te s\u0142owa w\u0142o\u017cy\u0107 tak\u017ce w usta<br \/>\nNaj\u015bwi\u0119tszej Maryi Panny, bowiem to J\u0105 w\u0142a\u015bnie Pan <i><b>przyodzia\u0142<\/b><\/i><b><br \/>\n<\/b><i><b>w<br \/>\nszaty zbawienia, okry\u0142 <\/b><\/i><b>[\u2026]<br \/>\n<\/b><i><b>p\u0142aszczem<\/b><\/i><b><br \/>\n<\/b><i><b>sprawiedliwo\u015bci,<\/b><\/i><b><br \/>\n<\/b>a<br \/>\nwreszcie tak\u017ce przez Jej pos\u0142usze\u0144stwo i po\u015bwi\u0119cenie Pan sam to<br \/>\nsprawi\u0142, \u017ce na \u015bwiat <b>przysz\u0142a<br \/>\nsprawiedliwo\u015b\u0107<\/b><br \/>\ni zaja\u015bnia\u0142a wobec wszystkich narod\u00f3w chwa\u0142a Bo\u017ca.\n<\/div>\n<div align=\"justify\" style=\"line-height: 150%; margin-bottom: 0cm; text-indent: 1.24cm;\">\nOdczytujemy<br \/>\nzatem w dzisiejszych tekstach biblijnych niejako dwa r\u00f3\u017cne<br \/>\nkonteksty, w jakich sw\u0105 \u017cyciow\u0105 misj\u0119 realizowa\u0142a Maryja: \u00f3w<br \/>\nkontekst <b>podnios\u0142y<br \/>\ni radosny,<\/b><br \/>\nzasugerowany nam przez pierwsze czytanie, jak te\u017c \u00f3w kontekst<br \/>\n<b>bolesny<br \/>\ni smutny,<\/b><br \/>\ntak bardzo naznaczony cierpieniem, obaw\u0105, <b>g\u0142\u0119bok\u0105<br \/>\ntrosk\u0105\u2026<\/b><br \/>\nBo takie w\u0142a\u015bnie odczucia towarzyszy\u0142y Maryi, kiedy poszukiwa\u0142a<br \/>\ndwunastoletniego Syna.\n<\/div>\n<div align=\"justify\" style=\"line-height: 150%; margin-bottom: 0cm; text-indent: 1.24cm;\">\nWidzimy<br \/>\nzatem, jak <b>bardzo<br \/>\nzwyczajne<\/b><br \/>\ni jak<br \/>\n<b>dobrze<br \/>\nnam znane<\/b><br \/>\ns\u0105 prze\u017cycia Maryi i<br \/>\nprzekonujemy<br \/>\nsi\u0119, \u017ce<br \/>\ntre\u015b\u0107 tych prze\u017cy\u0107, kt\u00f3re przepe\u0142niaj\u0105 serce Maryi, nie r\u00f3\u017cni<br \/>\nsi\u0119 od tego, co <b>prze\u017cywaj\u0105<br \/>\nna co dzie\u0144 nasze serca.<\/b><br \/>\nPoza grzechem, poza z\u0142ymi my\u015blami i odczuciami, kt\u00f3rych na pewno<br \/>\nnie zna serce Maryi, wszystko inne jest takie samo, jak w naszych<br \/>\nsercach\u2026 <b>Rado\u015bci<\/b><br \/>\n\u2013 i smutki. <b>Nadzieje<\/b><br \/>\n\u2013 i obawy. <b>Pot\u0119\u017cny<br \/>\nentuzjazm<\/b><br \/>\n\u2013 i przygniataj\u0105ce przygn\u0119bienie. <b>Pe\u0142na<br \/>\n\u015bwiadomo\u015b\u0107 dobra<\/b><br \/>\n\u2013 i w\u0105tpliwo\u015bci oraz pytania o przysz\u0142o\u015b\u0107\u2026 To s\u0105 nasze<br \/>\nludzkie prze\u017cycia, nape\u0142niaj\u0105ce nasze serca \u2013 i to s\u0105 <b>ludzkie<br \/>\nprze\u017cycia Maryi,<\/b><br \/>\nnape\u0142niaj\u0105ce Jej serce\u2026\n<\/div>\n<div align=\"justify\" style=\"line-height: 150%; margin-bottom: 0cm; text-indent: 1.24cm;\">\nZ<br \/>\njednej strony \u2013 mo\u017cna powiedzie\u0107 \u2013 <b>to<br \/>\ntakie <\/b><b>normalne<\/b><b>,<\/b><br \/>\nnic dziwnego. Przecie\u017c Maryja jest \u2013 jak ka\u017cdy z nas \u2013<br \/>\ncz\u0142owiekiem. A z drugiej strony, to jednak jest <b>jakie\u015b<br \/>\npocieszenie<\/b><br \/>\ni podtrzymanie na duchu. <b>I<br \/>\n\u017ar\u00f3d\u0142o nadziei.<\/b><br \/>\nBo<br \/>\nto znaczy, \u017ce nawet Osobom naj\u015bwi\u0119tszym i <b>najwy\u017cej<br \/>\npostawionym w \u201ehierarchii niebieskiej\u201d<\/b><br \/>\nnie jest obce to, co my, zwykli ludzie, prze\u017cywamy tu, na ziemi.\n<\/div>\n<div align=\"justify\" style=\"line-height: 150%; margin-bottom: 0cm; text-indent: 1.24cm;\">\nDlatego<br \/>\nmo\u017cemy i powinni\u015bmy bez obawy zwraca\u0107 si\u0119 do naszej<br \/>\nnajlepszej Matki i <b>ko\u0142ata\u0107<br \/>\ndo Jej niepo<\/b><b>kalanego<br \/>\nserca,<\/b><br \/>\nw nadziei, \u017ce we wszystkim, co nam le\u017cy na sercu i co stanowi tre\u015b\u0107<br \/>\nnaszych prze\u017cy\u0107, zostaniemy dobrze zrozumiani. I \u017ce doczekamy si\u0119<br \/>\nskutecznej, a do tego<b><br \/>\npe\u0142nej mi\u0142o\u015bci, matczynej pomocy\u2026 <\/b>\n<\/div>\n<div align=\"justify\" style=\"line-height: 150%; margin-bottom: 0cm; text-indent: 1.24cm;\">\nW<br \/>\ntym kontek\u015bcie pomy\u015blmy:<\/div>\n<div align=\"justify\" style=\"line-height: 150%; margin-bottom: 0cm;\">\n\u2013<br \/>\nCzy<br \/>\npraktykuj\u0119 nabo\u017ce\u0144stwo pierwszych sob\u00f3t miesi\u0105ca?<\/div>\n<div align=\"justify\" style=\"line-height: 150%; margin-bottom: 0cm;\">\n\u2013<br \/>\nCzy<br \/>\nm\u00f3j R\u00f3\u017caniec i inne modlitwy, zanoszone do Maryi, to pe\u0142ne<br \/>\nufno\u015bci rozmowy z kochaj\u0105c\u0105 Matk\u0105, czy bezrefleksyjne spe\u0142nianie<br \/>\nformalno\u015bci?<\/div>\n<div align=\"justify\" style=\"line-height: 150%; margin-bottom: 0cm;\">\n\u2013<br \/>\nCzy<br \/>\n\u2013 podobnie jak Maryja \u2013 staram si\u0119 g\u0142\u0119boko w sercu rozwa\u017ca\u0107,<br \/>\nco Jezus do mnie m\u00f3wi przez konkretne \u017cyciowe sytuacje?<\/div>\n<p><\/p>\n<div align=\"justify\" style=\"line-height: 150%; margin-bottom: 0cm;\">\n<i><b>Zdziwili<br \/>\nsi\u0119 bardzo, a Jego Matka rzek\u0142a do Niego: \u201eSynu, czemu\u015b nam to<br \/>\nuczyni\u0142? Oto ojciec Tw\u00f3j i ja z b\u00f3lem serca szukali\u015bmy Ciebie\u201d.&nbsp;<\/b><\/i>\n<\/div>\n","protected":false},"excerpt":{"rendered":"<p>Szcz\u0119\u015b\u0107 Bo\u017ce! Moi Drodzy, prosz\u0119 Was dzisiaj o modlitw\u0119 w intencji dwunastu Diakon\u00f3w, kt\u00f3rzy w katedrze siedleckiej przyjm\u0105 \u015bwi\u0119cenia kap\u0142a\u0144skie. Dwunastu &#8211; jak Aposto\u0142\u00f3w. M\u00f3dlmy si\u0119, aby nie by\u0142o w\u015br\u00f3d nich Judasza&#8230; I aby nie zabrak\u0142o im nigdy apostolskiej gorliwo\u015bci. &nbsp; &nbsp; &nbsp;\u017bycz\u0119 Wszystkim b\u0142ogos\u0142awionego dnia &#8211; prze\u017cywanego w blasku Niepokalanego Serca Naj\u015bwi\u0119tszej Maryi Panny! [&hellip;]<\/p>\n","protected":false},"author":1,"featured_media":0,"comment_status":"open","ping_status":"open","sticky":false,"template":"","format":"standard","meta":{"jetpack_post_was_ever_published":false,"_jetpack_newsletter_access":"","_jetpack_dont_email_post_to_subs":false,"_jetpack_newsletter_tier_id":0,"_jetpack_memberships_contains_paywalled_content":false,"_jetpack_memberships_contains_paid_content":false,"footnotes":""},"categories":[1],"tags":[],"class_list":["post-8364","post","type-post","status-publish","format-standard","hentry","category-bez-kategorii"],"yoast_head":"<!-- This site is optimized with the Yoast SEO plugin v25.1 - https:\/\/yoast.com\/wordpress\/plugins\/seo\/ -->\n<title>Serce Maryi - zwyczajne, ludzkie serce... - Gaudium Et Spes<\/title>\n<meta name=\"robots\" content=\"index, follow, max-snippet:-1, max-image-preview:large, max-video-preview:-1\" \/>\n<link rel=\"canonical\" href=\"https:\/\/gaudiumetspes-blog.pl\/index.php\/2015\/06\/13\/serce-maryi-zwyczajne-ludzkie-serce\/\" \/>\n<meta property=\"og:locale\" content=\"pl_PL\" \/>\n<meta property=\"og:type\" content=\"article\" \/>\n<meta property=\"og:title\" content=\"Serce Maryi - zwyczajne, ludzkie serce... - Gaudium Et Spes\" \/>\n<meta property=\"og:description\" content=\"Szcz\u0119\u015b\u0107 Bo\u017ce! Moi Drodzy, prosz\u0119 Was dzisiaj o modlitw\u0119 w intencji dwunastu Diakon\u00f3w, kt\u00f3rzy w katedrze siedleckiej przyjm\u0105 \u015bwi\u0119cenia kap\u0142a\u0144skie. Dwunastu &#8211; jak Aposto\u0142\u00f3w. M\u00f3dlmy si\u0119, aby nie by\u0142o w\u015br\u00f3d nich Judasza&#8230; I aby nie zabrak\u0142o im nigdy apostolskiej gorliwo\u015bci. &nbsp; &nbsp; &nbsp;\u017bycz\u0119 Wszystkim b\u0142ogos\u0142awionego dnia &#8211; prze\u017cywanego w blasku Niepokalanego Serca Naj\u015bwi\u0119tszej Maryi Panny! [&hellip;]\" \/>\n<meta property=\"og:url\" content=\"https:\/\/gaudiumetspes-blog.pl\/index.php\/2015\/06\/13\/serce-maryi-zwyczajne-ludzkie-serce\/\" \/>\n<meta property=\"og:site_name\" content=\"Gaudium Et Spes\" \/>\n<meta property=\"article:published_time\" content=\"2015-06-13T02:07:00+00:00\" \/>\n<meta property=\"article:modified_time\" content=\"2019-07-31T10:55:33+00:00\" \/>\n<meta name=\"author\" content=\"Ks. Jacek\" \/>\n<meta name=\"twitter:card\" content=\"summary_large_image\" \/>\n<meta name=\"twitter:label1\" content=\"Napisane przez\" \/>\n\t<meta name=\"twitter:data1\" content=\"Ks. Jacek\" \/>\n\t<meta name=\"twitter:label2\" content=\"Szacowany czas czytania\" \/>\n\t<meta name=\"twitter:data2\" content=\"5 minut\" \/>\n<script type=\"application\/ld+json\" class=\"yoast-schema-graph\">{\"@context\":\"https:\/\/schema.org\",\"@graph\":[{\"@type\":\"WebPage\",\"@id\":\"https:\/\/gaudiumetspes-blog.pl\/index.php\/2015\/06\/13\/serce-maryi-zwyczajne-ludzkie-serce\/\",\"url\":\"https:\/\/gaudiumetspes-blog.pl\/index.php\/2015\/06\/13\/serce-maryi-zwyczajne-ludzkie-serce\/\",\"name\":\"Serce Maryi - zwyczajne, ludzkie serce... - Gaudium Et Spes\",\"isPartOf\":{\"@id\":\"https:\/\/gaudiumetspes-blog.pl\/#website\"},\"datePublished\":\"2015-06-13T02:07:00+00:00\",\"dateModified\":\"2019-07-31T10:55:33+00:00\",\"author\":{\"@id\":\"https:\/\/gaudiumetspes-blog.pl\/#\/schema\/person\/1661982992b752dea8dff0d4ed845a65\"},\"breadcrumb\":{\"@id\":\"https:\/\/gaudiumetspes-blog.pl\/index.php\/2015\/06\/13\/serce-maryi-zwyczajne-ludzkie-serce\/#breadcrumb\"},\"inLanguage\":\"pl-PL\",\"potentialAction\":[{\"@type\":\"ReadAction\",\"target\":[\"https:\/\/gaudiumetspes-blog.pl\/index.php\/2015\/06\/13\/serce-maryi-zwyczajne-ludzkie-serce\/\"]}]},{\"@type\":\"BreadcrumbList\",\"@id\":\"https:\/\/gaudiumetspes-blog.pl\/index.php\/2015\/06\/13\/serce-maryi-zwyczajne-ludzkie-serce\/#breadcrumb\",\"itemListElement\":[{\"@type\":\"ListItem\",\"position\":1,\"name\":\"Strona g\u0142\u00f3wna\",\"item\":\"https:\/\/gaudiumetspes-blog.pl\/\"},{\"@type\":\"ListItem\",\"position\":2,\"name\":\"Serce Maryi &#8211; zwyczajne, ludzkie serce&#8230;\"}]},{\"@type\":\"WebSite\",\"@id\":\"https:\/\/gaudiumetspes-blog.pl\/#website\",\"url\":\"https:\/\/gaudiumetspes-blog.pl\/\",\"name\":\"Gaudium Et Spes\",\"description\":\"Blog Ks. Jacka Ja\u015bkowskiego\",\"potentialAction\":[{\"@type\":\"SearchAction\",\"target\":{\"@type\":\"EntryPoint\",\"urlTemplate\":\"https:\/\/gaudiumetspes-blog.pl\/?s={search_term_string}\"},\"query-input\":{\"@type\":\"PropertyValueSpecification\",\"valueRequired\":true,\"valueName\":\"search_term_string\"}}],\"inLanguage\":\"pl-PL\"},{\"@type\":\"Person\",\"@id\":\"https:\/\/gaudiumetspes-blog.pl\/#\/schema\/person\/1661982992b752dea8dff0d4ed845a65\",\"name\":\"Ks. Jacek\",\"image\":{\"@type\":\"ImageObject\",\"inLanguage\":\"pl-PL\",\"@id\":\"https:\/\/gaudiumetspes-blog.pl\/#\/schema\/person\/image\/\",\"url\":\"https:\/\/gaudiumetspes-blog.pl\/wp-content\/uploads\/2019\/07\/avatar-JJ-150x150.jpg\",\"contentUrl\":\"https:\/\/gaudiumetspes-blog.pl\/wp-content\/uploads\/2019\/07\/avatar-JJ-150x150.jpg\",\"caption\":\"Ks. Jacek\"},\"description\":\"Witam serdecznie! K\u0142ania si\u0119 Ks. Jacek Ja\u015bkowski. Nie jestem ani kim\u015b wa\u017cnym, ani kim\u015b znanym. Jestem ksi\u0119dzem, kt\u00f3ry po prostu chce rozmawia\u0107. Codzienna kap\u0142a\u0144ska pos\u0142uga pokazuje mi, \u017ce temat\u00f3w do rozm\u00f3w z ksi\u0119dzem jest coraz wi\u0119cej i dzisiaj \u017caden ksi\u0105dz nie mo\u017ce od nich ucieka\u0107, ale - wprost przeciwnie - podejmowa\u0107 nowe wyzwania. To przekonanie sk\u0142oni\u0142o mnie do pr\u00f3by otwarcia tego\u017c bloga, chocia\u017c okazji do rozm\u00f3w na co dzie\u0144 - w konfesjonale i poza nim - na szcz\u0119\u015bcie nie brakuje. My\u015bl\u0119 jednak, \u017ce ten blog b\u0119dzie jeszcze jednym sposobem i przestrzeni\u0105 nawi\u0105zania kontaktu z lud\u017ami dobrej woli, otwartymi na dialog.\",\"url\":\"https:\/\/gaudiumetspes-blog.pl\/index.php\/author\/ks-jacek\/\"}]}<\/script>\n<!-- \/ Yoast SEO plugin. -->","yoast_head_json":{"title":"Serce Maryi - zwyczajne, ludzkie serce... - Gaudium Et Spes","robots":{"index":"index","follow":"follow","max-snippet":"max-snippet:-1","max-image-preview":"max-image-preview:large","max-video-preview":"max-video-preview:-1"},"canonical":"https:\/\/gaudiumetspes-blog.pl\/index.php\/2015\/06\/13\/serce-maryi-zwyczajne-ludzkie-serce\/","og_locale":"pl_PL","og_type":"article","og_title":"Serce Maryi - zwyczajne, ludzkie serce... - Gaudium Et Spes","og_description":"Szcz\u0119\u015b\u0107 Bo\u017ce! Moi Drodzy, prosz\u0119 Was dzisiaj o modlitw\u0119 w intencji dwunastu Diakon\u00f3w, kt\u00f3rzy w katedrze siedleckiej przyjm\u0105 \u015bwi\u0119cenia kap\u0142a\u0144skie. Dwunastu &#8211; jak Aposto\u0142\u00f3w. M\u00f3dlmy si\u0119, aby nie by\u0142o w\u015br\u00f3d nich Judasza&#8230; I aby nie zabrak\u0142o im nigdy apostolskiej gorliwo\u015bci. &nbsp; &nbsp; &nbsp;\u017bycz\u0119 Wszystkim b\u0142ogos\u0142awionego dnia &#8211; prze\u017cywanego w blasku Niepokalanego Serca Naj\u015bwi\u0119tszej Maryi Panny! [&hellip;]","og_url":"https:\/\/gaudiumetspes-blog.pl\/index.php\/2015\/06\/13\/serce-maryi-zwyczajne-ludzkie-serce\/","og_site_name":"Gaudium Et Spes","article_published_time":"2015-06-13T02:07:00+00:00","article_modified_time":"2019-07-31T10:55:33+00:00","author":"Ks. Jacek","twitter_card":"summary_large_image","twitter_misc":{"Napisane przez":"Ks. Jacek","Szacowany czas czytania":"5 minut"},"schema":{"@context":"https:\/\/schema.org","@graph":[{"@type":"WebPage","@id":"https:\/\/gaudiumetspes-blog.pl\/index.php\/2015\/06\/13\/serce-maryi-zwyczajne-ludzkie-serce\/","url":"https:\/\/gaudiumetspes-blog.pl\/index.php\/2015\/06\/13\/serce-maryi-zwyczajne-ludzkie-serce\/","name":"Serce Maryi - zwyczajne, ludzkie serce... - Gaudium Et Spes","isPartOf":{"@id":"https:\/\/gaudiumetspes-blog.pl\/#website"},"datePublished":"2015-06-13T02:07:00+00:00","dateModified":"2019-07-31T10:55:33+00:00","author":{"@id":"https:\/\/gaudiumetspes-blog.pl\/#\/schema\/person\/1661982992b752dea8dff0d4ed845a65"},"breadcrumb":{"@id":"https:\/\/gaudiumetspes-blog.pl\/index.php\/2015\/06\/13\/serce-maryi-zwyczajne-ludzkie-serce\/#breadcrumb"},"inLanguage":"pl-PL","potentialAction":[{"@type":"ReadAction","target":["https:\/\/gaudiumetspes-blog.pl\/index.php\/2015\/06\/13\/serce-maryi-zwyczajne-ludzkie-serce\/"]}]},{"@type":"BreadcrumbList","@id":"https:\/\/gaudiumetspes-blog.pl\/index.php\/2015\/06\/13\/serce-maryi-zwyczajne-ludzkie-serce\/#breadcrumb","itemListElement":[{"@type":"ListItem","position":1,"name":"Strona g\u0142\u00f3wna","item":"https:\/\/gaudiumetspes-blog.pl\/"},{"@type":"ListItem","position":2,"name":"Serce Maryi &#8211; zwyczajne, ludzkie serce&#8230;"}]},{"@type":"WebSite","@id":"https:\/\/gaudiumetspes-blog.pl\/#website","url":"https:\/\/gaudiumetspes-blog.pl\/","name":"Gaudium Et Spes","description":"Blog Ks. Jacka Ja\u015bkowskiego","potentialAction":[{"@type":"SearchAction","target":{"@type":"EntryPoint","urlTemplate":"https:\/\/gaudiumetspes-blog.pl\/?s={search_term_string}"},"query-input":{"@type":"PropertyValueSpecification","valueRequired":true,"valueName":"search_term_string"}}],"inLanguage":"pl-PL"},{"@type":"Person","@id":"https:\/\/gaudiumetspes-blog.pl\/#\/schema\/person\/1661982992b752dea8dff0d4ed845a65","name":"Ks. Jacek","image":{"@type":"ImageObject","inLanguage":"pl-PL","@id":"https:\/\/gaudiumetspes-blog.pl\/#\/schema\/person\/image\/","url":"https:\/\/gaudiumetspes-blog.pl\/wp-content\/uploads\/2019\/07\/avatar-JJ-150x150.jpg","contentUrl":"https:\/\/gaudiumetspes-blog.pl\/wp-content\/uploads\/2019\/07\/avatar-JJ-150x150.jpg","caption":"Ks. Jacek"},"description":"Witam serdecznie! K\u0142ania si\u0119 Ks. Jacek Ja\u015bkowski. Nie jestem ani kim\u015b wa\u017cnym, ani kim\u015b znanym. Jestem ksi\u0119dzem, kt\u00f3ry po prostu chce rozmawia\u0107. Codzienna kap\u0142a\u0144ska pos\u0142uga pokazuje mi, \u017ce temat\u00f3w do rozm\u00f3w z ksi\u0119dzem jest coraz wi\u0119cej i dzisiaj \u017caden ksi\u0105dz nie mo\u017ce od nich ucieka\u0107, ale - wprost przeciwnie - podejmowa\u0107 nowe wyzwania. To przekonanie sk\u0142oni\u0142o mnie do pr\u00f3by otwarcia tego\u017c bloga, chocia\u017c okazji do rozm\u00f3w na co dzie\u0144 - w konfesjonale i poza nim - na szcz\u0119\u015bcie nie brakuje. My\u015bl\u0119 jednak, \u017ce ten blog b\u0119dzie jeszcze jednym sposobem i przestrzeni\u0105 nawi\u0105zania kontaktu z lud\u017ami dobrej woli, otwartymi na dialog.","url":"https:\/\/gaudiumetspes-blog.pl\/index.php\/author\/ks-jacek\/"}]}},"jetpack_featured_media_url":"","jetpack_sharing_enabled":true,"_links":{"self":[{"href":"https:\/\/gaudiumetspes-blog.pl\/index.php\/wp-json\/wp\/v2\/posts\/8364","targetHints":{"allow":["GET"]}}],"collection":[{"href":"https:\/\/gaudiumetspes-blog.pl\/index.php\/wp-json\/wp\/v2\/posts"}],"about":[{"href":"https:\/\/gaudiumetspes-blog.pl\/index.php\/wp-json\/wp\/v2\/types\/post"}],"author":[{"embeddable":true,"href":"https:\/\/gaudiumetspes-blog.pl\/index.php\/wp-json\/wp\/v2\/users\/1"}],"replies":[{"embeddable":true,"href":"https:\/\/gaudiumetspes-blog.pl\/index.php\/wp-json\/wp\/v2\/comments?post=8364"}],"version-history":[{"count":1,"href":"https:\/\/gaudiumetspes-blog.pl\/index.php\/wp-json\/wp\/v2\/posts\/8364\/revisions"}],"predecessor-version":[{"id":12146,"href":"https:\/\/gaudiumetspes-blog.pl\/index.php\/wp-json\/wp\/v2\/posts\/8364\/revisions\/12146"}],"wp:attachment":[{"href":"https:\/\/gaudiumetspes-blog.pl\/index.php\/wp-json\/wp\/v2\/media?parent=8364"}],"wp:term":[{"taxonomy":"category","embeddable":true,"href":"https:\/\/gaudiumetspes-blog.pl\/index.php\/wp-json\/wp\/v2\/categories?post=8364"},{"taxonomy":"post_tag","embeddable":true,"href":"https:\/\/gaudiumetspes-blog.pl\/index.php\/wp-json\/wp\/v2\/tags?post=8364"}],"curies":[{"name":"wp","href":"https:\/\/api.w.org\/{rel}","templated":true}]}}