{"id":8376,"date":"2015-06-01T05:50:00","date_gmt":"2015-06-01T03:50:00","guid":{"rendered":"https:\/\/gaudiumetspes-blog.pl\/index.php\/2015\/06\/01\/nie-bojmy-sie-krytyki\/"},"modified":"2019-07-31T12:55:32","modified_gmt":"2019-07-31T10:55:32","slug":"nie-bojmy-sie-krytyki","status":"publish","type":"post","link":"https:\/\/gaudiumetspes-blog.pl\/index.php\/2015\/06\/01\/nie-bojmy-sie-krytyki\/","title":{"rendered":"Nie b\u00f3jmy si\u0119 krytyki!"},"content":{"rendered":"<table cellpadding=\"0\" cellspacing=\"0\" class=\"tr-caption-container\" style=\"float: right; margin-left: 1em; text-align: right;\">\n<tbody>\n<tr>\n<td style=\"text-align: center;\"><a href=\"http:\/\/2.bp.blogspot.com\/-HZe5HynMVGI\/VWv0pxFlH0I\/AAAAAAAABVA\/LLvz2tiIOfc\/s1600\/IMG_0510.JPG\" imageanchor=\"1\" style=\"clear: right; margin-bottom: 1em; margin-left: auto; margin-right: auto;\"><img loading=\"lazy\" decoding=\"async\" border=\"0\" height=\"239\" src=\"https:\/\/gaudiumetspes-blog.pl\/wp-content\/uploads\/2015\/06\/IMG_0510.jpg\" width=\"320\" \/><\/a><\/td>\n<\/tr>\n<tr>\n<td class=\"tr-caption\" style=\"text-align: center;\">Jeszcze z Jerozolimy &#8211; zdj\u0119cie na Dzie\u0144 Dziecka)<\/td>\n<\/tr>\n<\/tbody>\n<\/table>\n<p>\n<b><i>Wspomnienie \u015bw. Justyna, m\u0119czennika.&nbsp;<\/i><\/b><\/p>\n<div>\n<b><i><br \/>(Tb 1,1a.2;2,1-9)<br \/> Ksi\u0119ga historii Tobiasza, syna Tobiela, syna Ananiela, syna Aduela, syna Gabaela z rodu Asjela, z pokolenia Neftalego, kt\u00f3rego uprowadzi\u0142 do niewoli Salmanassar, kr\u00f3l asyryjski, z Tisbe, z miasta le\u017c\u0105cego na prawo od Kadesz-Neftali, w G\u00f3rnej Galilei, poni\u017cej Chasor poza drog\u0105 na zach\u00f3d z lewej strony Fogor. Tak wi\u0119c za panowania Asarhaddona wr\u00f3ci\u0142em do swego domu i \u017cona moja Anna, i syn m\u00f3j Tobiasz zostali mi przywr\u00f3ceni. Na nasz\u0105 Pi\u0119\u0107dziesi\u0105tnic\u0119, to jest na \u015awi\u0119to Tygodni, przygotowano mi wspania\u0142\u0105 uczt\u0119, a ja zaj\u0105\u0142em miejsce przy stole. Zastawiono mi st\u00f3\u0142 i przyniesiono liczne potrawy. Wtedy powiedzia\u0142em do mojego syna Tobiasza: Dziecko, id\u017a, a gdy znajdziesz kogo biednego z braci moich uprowadzonych do Niniwy, kt\u00f3ry zachowuje wierno\u015b\u0107 ca\u0142ym sercem, przyprowad\u017a go tu, aby jad\u0142 razem ze mn\u0105. Ja czekam, dziecko, na tw\u00f3j powr\u00f3t. Wyszed\u0142 wi\u0119c Tobiasz, aby poszuka\u0107 jakiego\u015b biednego mi\u0119dzy naszymi bra\u0107mi, ale wr\u00f3ci\u0142 i rzek\u0142: Ojcze!, a ja odpowiedzia\u0142em: Oto jestem dziecko. A on odezwa\u0142 si\u0119: Ojcze, oto jeden nasz rodak zosta\u0142 zamordowany i porzucony na rynku. I dopiero co go uduszono. Wtedy wyskoczy\u0142em, pozostawi\u0142em uczt\u0119 nietkni\u0119t\u0105, \u015bci\u0105gn\u0105\u0142em cz\u0142owieka z placu i z\u0142o\u017cy\u0142em go w jednym z moich pomieszcze\u0144, czekaj\u0105c a\u017c do zachodu, aby go pogrzeba\u0107. Powr\u00f3ci\u0142em, umy\u0142em si\u0119 i jad\u0142em chleb w smutku. Wspomina\u0142em sobie przy tym na s\u0142owa proroka Amosa, kt\u00f3re wypowiedzia\u0142 o Betel: Wasze \u015bwi\u0119ta zamieni\u0105 si\u0119 na smutki, a wasze pie\u015bni na \u017ca\u0142obne lamentacje. I wybuchn\u0105\u0142em p\u0142aczem. Potem, gdy s\u0142o\u0144ce zasz\u0142o, wyszed\u0142em, wykopa\u0142em gr\u00f3b i pogrzeba\u0142em tamtego. Moi s\u0105siedzi m\u00f3wili drwi\u0105c ze mnie: Jeszcze si\u0119 nie boi. Ju\u017c bowiem z powodu takiego samego czynu poszukiwano go, aby go zabi\u0107, tak \u017ce musia\u0142 ucieka\u0107, i oto znowu grzebie umar\u0142ych.<\/p>\n<p>(Mk 12,1-12)<br \/> I zacz\u0105\u0142 im m\u00f3wi\u0107 w przypowie\u015bciach: Pewien cz\u0142owiek za\u0142o\u017cy\u0142 winnic\u0119. Otoczy\u0142 j\u0105 murem, wykopa\u0142 t\u0142oczni\u0119 i zbudowa\u0142 wie\u017c\u0119. W ko\u0144cu odda\u0142 j\u0105 w dzier\u017caw\u0119 rolnikom i wyjecha\u0142. W odpowiedniej porze pos\u0142a\u0142 do rolnik\u00f3w s\u0142ug\u0119, by odebra\u0142 od nich cz\u0119\u015b\u0107 nale\u017cn\u0105 z plon\u00f3w winnicy. Ci chwycili go, obili i odes\u0142ali z niczym. Wtedy pos\u0142a\u0142 do nich drugiego s\u0142ug\u0119; lecz i tego zranili w g\u0142ow\u0119 i zniewa\u017cyli. Pos\u0142a\u0142 jeszcze jednego, tego zabili. I pos\u0142a\u0142 wielu innych, z kt\u00f3rych jednych obili, drugich pozabijali. Mia\u0142 jeszcze jednego, ukochanego syna. Pos\u0142a\u0142 go jako ostatniego do nich, bo sobie m\u00f3wi\u0142: Uszanuj\u0105 mojego syna. Lecz owi rolnicy m\u00f3wili nawzajem do siebie: to jest dziedzic. Chod\u017acie, zabijmy go, a dziedzictwo b\u0119dzie nasze. I chwyciwszy, zabili go i wyrzucili z winnicy. C\u00f3\u017c uczyni w\u0142a\u015bciciel winnicy? Przyjdzie i wytraci rolnik\u00f3w, a winnic\u0119 odda innym. Nie czytali\u015bcie tych s\u0142\u00f3w w Pi\u015bmie: W\u0142a\u015bnie ten kamie\u0144, kt\u00f3ry odrzucili buduj\u0105cy, sta\u0142 si\u0119 g\u0142owic\u0105 w\u0119g\u0142a. Pan to sprawi\u0142 i jest cudem w oczach naszych. I starali si\u0119 Go uj\u0105\u0107, lecz bali si\u0119 t\u0142umu. Zrozumieli bowiem, \u017ce przeciw nim powiedzia\u0142 t\u0119 przypowie\u015b\u0107. Zostawili wi\u0119c Go i odeszli.<\/i><\/b><\/p>\n<p>\nNiech b\u0119dzie pochwalony Jezus Chrystus!<\/p>\n<p>Pozdrawiam serdecznie z Syberii.<\/p>\n<p>Dzi\u015b u nas nie jak na Syberii, bo na Syberii zwykle jest zimno, a dzi\u015b u nas jest ciep\u0142o, 21 stopni i to na plusie. Wa\u017cne, \u017ceby doda\u0107 \u017ce na plusie, bo wczoraj m\u00f3wili mi parafianie, \u017ce w maju, jak pami\u0119taj\u0105 by\u0142o i \u2013 30 i +30, a bywa, \u017ce i w lipcu pada \u015bnieg. Ale teraz o \u015bniegu nikt nie my\u015bli, cieszymy si\u0119 ciep\u0142em, s\u0142o\u0144cem, jest pi\u0119knie.&nbsp;<\/p><\/div>\n<div>\n<\/div>\n<div>\nDzi\u015b Dzie\u0144 Dziecka. Pozdrawiam wszystkie dzieci i warto zauwa\u017cy\u0107, \u017ce wszyscy jeste\u015bmy dzie\u0107mi &#8211; mamy jednego Ojca w niebie. Jeste\u015bmy Bo\u017cymi dzie\u0107mi i to jest pi\u0119kne.<\/p>\n<p>W naszej diecezji, od pi\u0105tku do niedzieli, w Nowosybirsku odbywa\u0107 si\u0119 b\u0119dzie Kongres Eucharystyczny. To mo\u017ce po polsku szumnie brzmi, ale jak na nasze warunki to b\u0119dzie wydarzenie znacz\u0105ce. Z ca\u0142ej Rosji, przyje\u017cd\u017caj\u0105 biskupi (ca\u0142ych 4, z nuncjuszem 5), ksi\u0119\u017ca, siostry i \u015bwieccy, \u017ceby rozmy\u015bla\u0107 nad tematem Eucharystii. R\u00f3wnie\u017c si\u0119 tam wybieram w czwartek rano, ale ju\u017c w sobot\u0119 wieczorem przylec\u0119 z powrotem, poniewa\u017c w niedziel\u0119 Uroczysto\u015b\u0107 Bo\u017cego Cia\u0142a w parafii \u2013 tak u nas w niedziel\u0119. <\/p>\n<p>A co dzi\u015b w s\u0142owie.<\/p>\n<p>I czytanie \u2013 pobo\u017cny Tobiasz, kt\u00f3ry decyduje si\u0119 by\u0107 niepos\u0142usznym. Jego niepos\u0142usze\u0144stwo polega na tym, \u017ce chowa zmar\u0142ych \u2013 jakie wielkie przest\u0119pstwo\u2026<\/p>\n<p>W Ewangelii widzimy pracownik\u00f3w winnicy, kt\u00f3rzy zamiast odda\u0107 nale\u017cne plony, zabijaj\u0105 s\u0142ugi, a potem i samego dziedzica, kt\u00f3rzy zwyczajnie domagaj\u0105 si\u0119 sprawiedliwo\u015bci. <\/p>\n<p>Owi s\u0142udzy i dziedzic, zostaj\u0105 zabici tylko za to, \u017ce domagali si\u0119 sprawiedliwo\u015bci. Oczywi\u015bcie mowa tu o prorokach, s\u0142ugach Boga i samym Jezusie, kt\u00f3rzy cierpieli prze\u015bladowanie dla sprawiedliwo\u015bci. <\/p>\n<p>Tak wi\u0119c i Tobiasz \u2013 posta\u0107 Starego Testamentu, i Jezus na prze\u0142omie Starego i Nowego Testamentu byli prze\u015bladowani, os\u0105dzani, zabijani, za sprawiedliwo\u015b\u0107, za to, \u017ce byli dobrzy. A dzi\u015b? Czy dzi\u015b jest inaczej?<\/p>\n<p>Oczywi\u015bcie, \u017ce nie. <\/p>\n<p>Jako\u015b tak dziwnie jest na tym \u015bwiecie, ska\u017conym pierworodnym grzechem, \u017ce dobro, zamiast by\u0107 nagradzanym, jest t\u0119pione. Cz\u0142owiek dobry, cz\u0142owiek sprawiedliwy, zamiast by\u0107 chwalonym i nagradzanym jest prze\u015bladowany. <br \/>\n<a name='more'><\/a><\/p>\n<div class=\"separator\" style=\"clear: both; text-align: center;\">\n<a href=\"http:\/\/4.bp.blogspot.com\/-0QzWZeabAHM\/VWv1KpYpUhI\/AAAAAAAABVI\/L_Xj0Ppz7yg\/s1600\/IMG_0541.JPG\" imageanchor=\"1\" style=\"clear: left; float: left; margin-bottom: 1em; margin-right: 1em;\"><img loading=\"lazy\" decoding=\"async\" border=\"0\" height=\"320\" src=\"https:\/\/gaudiumetspes-blog.pl\/wp-content\/uploads\/2015\/06\/IMG_0541.jpg\" width=\"320\" \/><\/a><\/div>\n<p>Wczoraj po Mszy, poniewa\u017c akurat nie mia\u0142em \u017cadnych wyjazd\u00f3w ani spotka\u0144, a by\u0142a pi\u0119kna pogoda, parafianie zaprosili mnie na dacz\u0119. Zaledwie jakie\u015b 10 km. od miasta, a tam cisza i spok\u00f3j, jak na wsi, \u015bwie\u017ce powietrze, pi\u0119kna przyroda dosy\u0107 dynamicznie budz\u0105ca si\u0119 do \u017cycia. Owi parafianie, kt\u00f3rzy s\u0105 w tej parafii od pocz\u0105tk\u00f3w istnienia, s\u0105 aktywni, opowiadali mi, jakie przechodzili nagonki kiedy starali si\u0119 o pozwolenie na budow\u0119 ko\u015bcio\u0142a. Nagonki by\u0142y niestety ze strony naszych braci prawos\u0142awnych, a w obronie nas stawali\u2026 muzu\u0142manie. Obrywali tylko za to, \u017ce s\u0105 katolikami. Teraz ju\u017c si\u0119 to uspokoi\u0142o.<\/p>\n<p>To mo\u017ce jeszcze nie m\u0119cze\u0144stwo za wiar\u0119, ale jaka\u015b forma nieprzyjemno\u015bci \u2013 za wiar\u0119. I to od chrze\u015bcijan\u2026  <\/p>\n<p>My\u015bl\u0119, \u017ce mo\u017cna tu doj\u015b\u0107 do wniosku, \u017ce prze\u015bladowania za wiar\u0119, za dobro, za sprawiedliwo\u015b\u0107, s\u0105 czym\u015b naturalnym, i w tym \u015bwiecie niestety \u2013 normalnym. S\u0105 jakby potwierdzeniem warto\u015bci i dobra. A zatem nie trzeba si\u0119 tego ba\u0107, nie trzeba prze\u017cywa\u0107, je\u015bli si\u0119 z nas \u015bmiej\u0105, je\u015bli nas os\u0105dzaj\u0105, kpi\u0105, krytykuj\u0105. A nawet cieszy\u0107 si\u0119 z tego trzeba, bo znaczy, \u017ce to co m\u00f3wimy i robimy jest dobre i ma warto\u015b\u0107. <\/p>\n<p>Czy\u017c nie m\u00f3wi o tym Jezus?<\/p>\n<p>\u201eB\u0142ogos\u0142awieni jeste\u015bcie, gdy ludzie wam ur\u0105gaj\u0105 i prze\u015bladuj\u0105 was, i gdy z mego powodu m\u00f3wi\u0105 k\u0142amliwie wszystko z\u0142e na was. Cieszcie si\u0119 i radujcie, albowiem wasza nagroda wielka jest w niebie. Tak bowiem prze\u015bladowali prorok\u00f3w, kt\u00f3rzy byli przed wami.\u201d Mt 5, 11-12<\/p>\n<p>A jednak my chcemy si\u0119 podoba\u0107 \u015bwiatu\u2026<\/p>\n<p>Niedawno kilka razy spotka\u0142em si\u0119 z sytuacj\u0105, gdy kto\u015b pokazuj\u0105c co zrobi\u0142, albo opowiadaj\u0105c o swoich dzie\u0142ach, a ja spokojnie s\u0142ucha\u0142em, i w swojej powolno\u015bci nie spieszy\u0142em si\u0119 z wyra\u017ceniem opinii, owi ludzie m\u00f3wi\u0105 \u2013 no niech\u017ce mnie ksi\u0105dz pochwali, niech ksi\u0105dz powie, \u017ce dobrze to zrobi\u0142em\u2026 Jak bardzo nam zale\u017cy na tej opinii\u2026<\/p>\n<p>Albo w drug\u0105 stron\u0119 \u2013 kto\u015b opowiada \u2013 w pi\u0105tek by\u0142o jakie\u015b spotkanie, ma\u0142e przyj\u0119cie i nie mog\u0142em zachowa\u0107 postu, \u017ceby nie zwraca\u0107 na siebie uwagi\u2026 Odpowiedzia\u0142em \u2013 a mo\u017ce, grzecznie m\u00f3wi\u0105c \u2013 przepraszam, ja b\u0119d\u0119 jad\u0142 tylko bezmi\u0119sne potrawy, poniewa\u017c my w pi\u0105tek po\u015bcimy \u2013 mo\u017ce by\u0142o by to zwr\u00f3cenie uwagi na Jezusa a nie na siebie?<\/p>\n<p>Wczoraj og\u0142osi\u0142em, \u017ce musimy przygotowa\u0107 procesj\u0119 na Bo\u017ce Cia\u0142o. Pierwsza taka procesja by\u0142a w zesz\u0142ym roku. Dla wielu, to by\u0142a pierwsza procesja eucharystyczna w jakiej uczestniczyli w \u017cyciu. Prosta procesja wok\u00f3\u0142 ko\u015bcio\u0142a, przy wej\u015bciach \u2013 g\u0142\u00f3wnym i bocznych ma\u0142e o\u0142tarze. Jedna pani zorganizowa\u0142a kwiatki i dziewczyny, kt\u00f3re te kwiatki sypa\u0142y. Zwr\u00f3ci\u0142em si\u0119 do niej, aby przygotowa\u0142a to i w tym roku. Ona stwierdzi\u0142a, \u017ce pewnie nie b\u0119dzie nic robi\u0107, poniewa\u017c w zesz\u0142ym roku kto\u015b powiedzia\u0142 \u2013 \u201ea po co te \u015bmieci\u201d. Jedna opinia, jednego cz\u0142owieka, kt\u00f3ry jest do\u015b\u0107 emocjonalny i sam nigdy procesji nie widzia\u0142, tak wp\u0142yn\u0119\u0142a na ni\u0105, \u017ce po roku ona nie mo\u017ce si\u0119 z tym pozbiera\u0107, i cho\u0107 proboszcz j\u0105 prosi, jej trudno to zrobi\u0107, bo kto\u015b co\u015b burkn\u0105\u0142 pod nosem w niezadowoleniu (cz\u0142owiek, kt\u00f3ry to powiedzia\u0142, zazwyczaj jest niezadowolony, niemal ze wszystkiego).<\/p>\n<p>Opowiadam to, aby pokaza\u0107, jak bardzo jeste\u015bmy uzale\u017cnieni od opinii innych, jak to jest dla nas wa\u017cne. Tymczasem dzi\u015b s\u0142yszymy w Bo\u017cym s\u0142owie inny przekaz \u2013 potwierdzeniem dobrego dzie\u0142a, jego niemal warto\u015bci\u0105, cen\u0105 jest krytyka, prze\u015bladowanie. <\/p>\n<p>Nie b\u00f3jmy si\u0119 krytyki. Opinia innych to nie najwy\u017csza warto\u015b\u0107 jakiej si\u0119 mamy podporz\u0105dkowywa\u0107. Owszem, trzeba pos\u0142ucha\u0107 i pomy\u015ble\u0107, bo czasem krytyka jest m\u0105dra i konstruktywna, a cz\u0142owiek kt\u00f3ry j\u0105 m\u00f3wi ma racje i chce nam pom\u00f3c. <\/p>\n<p>Jednak, je\u015bli w sumieniu stwierdzamy, \u017ce to nie tak, \u017ce to jest po prostu niezadowolenie, zazdro\u015b\u0107, niezrozumienie \u2013 cieszmy si\u0119, \u017ce nasze dobro ma warto\u015b\u0107, napotyka na sprzeciw. <\/p>\n<p>Pozdrawiam. <\/p>\n<table align=\"center\" cellpadding=\"0\" cellspacing=\"0\" class=\"tr-caption-container\" style=\"margin-left: auto; margin-right: auto; text-align: center;\">\n<tbody>\n<tr>\n<td style=\"text-align: center;\"><a href=\"http:\/\/3.bp.blogspot.com\/-iJDECSJr4zg\/VWv1T2ijQxI\/AAAAAAAABVQ\/ckqSE6xrbEE\/s1600\/IMG_0440.JPG\" imageanchor=\"1\" style=\"margin-left: auto; margin-right: auto;\"><img loading=\"lazy\" decoding=\"async\" border=\"0\" height=\"320\" src=\"https:\/\/gaudiumetspes-blog.pl\/wp-content\/uploads\/2015\/06\/IMG_0440.jpg\" width=\"320\" \/><\/a><\/td>\n<\/tr>\n<tr>\n<td class=\"tr-caption\" style=\"text-align: center;\">Jordan &#8211; odnowienie przyrzecze\u0144 chrzcielnych<\/td>\n<\/tr>\n<\/tbody>\n<\/table>\n<p><\/div>\n","protected":false},"excerpt":{"rendered":"<p>Jeszcze z Jerozolimy &#8211; zdj\u0119cie na Dzie\u0144 Dziecka) Wspomnienie \u015bw. Justyna, m\u0119czennika.&nbsp; (Tb 1,1a.2;2,1-9) Ksi\u0119ga historii Tobiasza, syna Tobiela, syna Ananiela, syna Aduela, syna Gabaela z rodu Asjela, z pokolenia Neftalego, kt\u00f3rego uprowadzi\u0142 do niewoli Salmanassar, kr\u00f3l asyryjski, z Tisbe, z miasta le\u017c\u0105cego na prawo od Kadesz-Neftali, w G\u00f3rnej Galilei, poni\u017cej Chasor poza drog\u0105 na [&hellip;]<\/p>\n","protected":false},"author":1,"featured_media":0,"comment_status":"open","ping_status":"open","sticky":false,"template":"","format":"standard","meta":{"jetpack_post_was_ever_published":false,"_jetpack_newsletter_access":"","_jetpack_dont_email_post_to_subs":false,"_jetpack_newsletter_tier_id":0,"_jetpack_memberships_contains_paywalled_content":false,"_jetpack_memberships_contains_paid_content":false,"footnotes":""},"categories":[1],"tags":[],"class_list":["post-8376","post","type-post","status-publish","format-standard","hentry","category-bez-kategorii"],"yoast_head":"<!-- This site is optimized with the Yoast SEO plugin v25.1 - https:\/\/yoast.com\/wordpress\/plugins\/seo\/ -->\n<title>Nie b\u00f3jmy si\u0119 krytyki! - Gaudium Et Spes<\/title>\n<meta name=\"robots\" content=\"index, follow, max-snippet:-1, max-image-preview:large, max-video-preview:-1\" \/>\n<link rel=\"canonical\" href=\"https:\/\/gaudiumetspes-blog.pl\/index.php\/2015\/06\/01\/nie-bojmy-sie-krytyki\/\" \/>\n<meta property=\"og:locale\" content=\"pl_PL\" \/>\n<meta property=\"og:type\" content=\"article\" \/>\n<meta property=\"og:title\" content=\"Nie b\u00f3jmy si\u0119 krytyki! - Gaudium Et Spes\" \/>\n<meta property=\"og:description\" content=\"Jeszcze z Jerozolimy &#8211; zdj\u0119cie na Dzie\u0144 Dziecka) Wspomnienie \u015bw. Justyna, m\u0119czennika.&nbsp; (Tb 1,1a.2;2,1-9) Ksi\u0119ga historii Tobiasza, syna Tobiela, syna Ananiela, syna Aduela, syna Gabaela z rodu Asjela, z pokolenia Neftalego, kt\u00f3rego uprowadzi\u0142 do niewoli Salmanassar, kr\u00f3l asyryjski, z Tisbe, z miasta le\u017c\u0105cego na prawo od Kadesz-Neftali, w G\u00f3rnej Galilei, poni\u017cej Chasor poza drog\u0105 na [&hellip;]\" \/>\n<meta property=\"og:url\" content=\"https:\/\/gaudiumetspes-blog.pl\/index.php\/2015\/06\/01\/nie-bojmy-sie-krytyki\/\" \/>\n<meta property=\"og:site_name\" content=\"Gaudium Et Spes\" \/>\n<meta property=\"article:published_time\" content=\"2015-06-01T03:50:00+00:00\" \/>\n<meta property=\"article:modified_time\" content=\"2019-07-31T10:55:32+00:00\" \/>\n<meta property=\"og:image\" content=\"https:\/\/gaudiumetspes-blog.pl\/wp-content\/uploads\/2015\/06\/IMG_0510.jpg\" \/>\n<meta name=\"author\" content=\"Ks. Jacek\" \/>\n<meta name=\"twitter:card\" content=\"summary_large_image\" \/>\n<meta name=\"twitter:label1\" content=\"Napisane przez\" \/>\n\t<meta name=\"twitter:data1\" content=\"Ks. Jacek\" \/>\n\t<meta name=\"twitter:label2\" content=\"Szacowany czas czytania\" \/>\n\t<meta name=\"twitter:data2\" content=\"8 minut\" \/>\n<script type=\"application\/ld+json\" class=\"yoast-schema-graph\">{\"@context\":\"https:\/\/schema.org\",\"@graph\":[{\"@type\":\"WebPage\",\"@id\":\"https:\/\/gaudiumetspes-blog.pl\/index.php\/2015\/06\/01\/nie-bojmy-sie-krytyki\/\",\"url\":\"https:\/\/gaudiumetspes-blog.pl\/index.php\/2015\/06\/01\/nie-bojmy-sie-krytyki\/\",\"name\":\"Nie b\u00f3jmy si\u0119 krytyki! - Gaudium Et Spes\",\"isPartOf\":{\"@id\":\"https:\/\/gaudiumetspes-blog.pl\/#website\"},\"primaryImageOfPage\":{\"@id\":\"https:\/\/gaudiumetspes-blog.pl\/index.php\/2015\/06\/01\/nie-bojmy-sie-krytyki\/#primaryimage\"},\"image\":{\"@id\":\"https:\/\/gaudiumetspes-blog.pl\/index.php\/2015\/06\/01\/nie-bojmy-sie-krytyki\/#primaryimage\"},\"thumbnailUrl\":\"https:\/\/gaudiumetspes-blog.pl\/wp-content\/uploads\/2015\/06\/IMG_0510.jpg\",\"datePublished\":\"2015-06-01T03:50:00+00:00\",\"dateModified\":\"2019-07-31T10:55:32+00:00\",\"author\":{\"@id\":\"https:\/\/gaudiumetspes-blog.pl\/#\/schema\/person\/1661982992b752dea8dff0d4ed845a65\"},\"breadcrumb\":{\"@id\":\"https:\/\/gaudiumetspes-blog.pl\/index.php\/2015\/06\/01\/nie-bojmy-sie-krytyki\/#breadcrumb\"},\"inLanguage\":\"pl-PL\",\"potentialAction\":[{\"@type\":\"ReadAction\",\"target\":[\"https:\/\/gaudiumetspes-blog.pl\/index.php\/2015\/06\/01\/nie-bojmy-sie-krytyki\/\"]}]},{\"@type\":\"ImageObject\",\"inLanguage\":\"pl-PL\",\"@id\":\"https:\/\/gaudiumetspes-blog.pl\/index.php\/2015\/06\/01\/nie-bojmy-sie-krytyki\/#primaryimage\",\"url\":\"https:\/\/gaudiumetspes-blog.pl\/wp-content\/uploads\/2015\/06\/IMG_0510.jpg\",\"contentUrl\":\"https:\/\/gaudiumetspes-blog.pl\/wp-content\/uploads\/2015\/06\/IMG_0510.jpg\",\"width\":320,\"height\":239},{\"@type\":\"BreadcrumbList\",\"@id\":\"https:\/\/gaudiumetspes-blog.pl\/index.php\/2015\/06\/01\/nie-bojmy-sie-krytyki\/#breadcrumb\",\"itemListElement\":[{\"@type\":\"ListItem\",\"position\":1,\"name\":\"Strona g\u0142\u00f3wna\",\"item\":\"https:\/\/gaudiumetspes-blog.pl\/\"},{\"@type\":\"ListItem\",\"position\":2,\"name\":\"Nie&nbsp;b\u00f3jmy si\u0119 krytyki!\"}]},{\"@type\":\"WebSite\",\"@id\":\"https:\/\/gaudiumetspes-blog.pl\/#website\",\"url\":\"https:\/\/gaudiumetspes-blog.pl\/\",\"name\":\"Gaudium Et Spes\",\"description\":\"Blog Ks. Jacka Ja\u015bkowskiego\",\"potentialAction\":[{\"@type\":\"SearchAction\",\"target\":{\"@type\":\"EntryPoint\",\"urlTemplate\":\"https:\/\/gaudiumetspes-blog.pl\/?s={search_term_string}\"},\"query-input\":{\"@type\":\"PropertyValueSpecification\",\"valueRequired\":true,\"valueName\":\"search_term_string\"}}],\"inLanguage\":\"pl-PL\"},{\"@type\":\"Person\",\"@id\":\"https:\/\/gaudiumetspes-blog.pl\/#\/schema\/person\/1661982992b752dea8dff0d4ed845a65\",\"name\":\"Ks. Jacek\",\"image\":{\"@type\":\"ImageObject\",\"inLanguage\":\"pl-PL\",\"@id\":\"https:\/\/gaudiumetspes-blog.pl\/#\/schema\/person\/image\/\",\"url\":\"https:\/\/gaudiumetspes-blog.pl\/wp-content\/uploads\/2019\/07\/avatar-JJ-150x150.jpg\",\"contentUrl\":\"https:\/\/gaudiumetspes-blog.pl\/wp-content\/uploads\/2019\/07\/avatar-JJ-150x150.jpg\",\"caption\":\"Ks. Jacek\"},\"description\":\"Witam serdecznie! K\u0142ania si\u0119 Ks. Jacek Ja\u015bkowski. Nie jestem ani kim\u015b wa\u017cnym, ani kim\u015b znanym. Jestem ksi\u0119dzem, kt\u00f3ry po prostu chce rozmawia\u0107. Codzienna kap\u0142a\u0144ska pos\u0142uga pokazuje mi, \u017ce temat\u00f3w do rozm\u00f3w z ksi\u0119dzem jest coraz wi\u0119cej i dzisiaj \u017caden ksi\u0105dz nie mo\u017ce od nich ucieka\u0107, ale - wprost przeciwnie - podejmowa\u0107 nowe wyzwania. To przekonanie sk\u0142oni\u0142o mnie do pr\u00f3by otwarcia tego\u017c bloga, chocia\u017c okazji do rozm\u00f3w na co dzie\u0144 - w konfesjonale i poza nim - na szcz\u0119\u015bcie nie brakuje. My\u015bl\u0119 jednak, \u017ce ten blog b\u0119dzie jeszcze jednym sposobem i przestrzeni\u0105 nawi\u0105zania kontaktu z lud\u017ami dobrej woli, otwartymi na dialog.\",\"url\":\"https:\/\/gaudiumetspes-blog.pl\/index.php\/author\/ks-jacek\/\"}]}<\/script>\n<!-- \/ Yoast SEO plugin. -->","yoast_head_json":{"title":"Nie b\u00f3jmy si\u0119 krytyki! - Gaudium Et Spes","robots":{"index":"index","follow":"follow","max-snippet":"max-snippet:-1","max-image-preview":"max-image-preview:large","max-video-preview":"max-video-preview:-1"},"canonical":"https:\/\/gaudiumetspes-blog.pl\/index.php\/2015\/06\/01\/nie-bojmy-sie-krytyki\/","og_locale":"pl_PL","og_type":"article","og_title":"Nie b\u00f3jmy si\u0119 krytyki! - Gaudium Et Spes","og_description":"Jeszcze z Jerozolimy &#8211; zdj\u0119cie na Dzie\u0144 Dziecka) Wspomnienie \u015bw. Justyna, m\u0119czennika.&nbsp; (Tb 1,1a.2;2,1-9) Ksi\u0119ga historii Tobiasza, syna Tobiela, syna Ananiela, syna Aduela, syna Gabaela z rodu Asjela, z pokolenia Neftalego, kt\u00f3rego uprowadzi\u0142 do niewoli Salmanassar, kr\u00f3l asyryjski, z Tisbe, z miasta le\u017c\u0105cego na prawo od Kadesz-Neftali, w G\u00f3rnej Galilei, poni\u017cej Chasor poza drog\u0105 na [&hellip;]","og_url":"https:\/\/gaudiumetspes-blog.pl\/index.php\/2015\/06\/01\/nie-bojmy-sie-krytyki\/","og_site_name":"Gaudium Et Spes","article_published_time":"2015-06-01T03:50:00+00:00","article_modified_time":"2019-07-31T10:55:32+00:00","og_image":[{"url":"https:\/\/gaudiumetspes-blog.pl\/wp-content\/uploads\/2015\/06\/IMG_0510.jpg","type":"","width":"","height":""}],"author":"Ks. Jacek","twitter_card":"summary_large_image","twitter_misc":{"Napisane przez":"Ks. Jacek","Szacowany czas czytania":"8 minut"},"schema":{"@context":"https:\/\/schema.org","@graph":[{"@type":"WebPage","@id":"https:\/\/gaudiumetspes-blog.pl\/index.php\/2015\/06\/01\/nie-bojmy-sie-krytyki\/","url":"https:\/\/gaudiumetspes-blog.pl\/index.php\/2015\/06\/01\/nie-bojmy-sie-krytyki\/","name":"Nie b\u00f3jmy si\u0119 krytyki! - Gaudium Et Spes","isPartOf":{"@id":"https:\/\/gaudiumetspes-blog.pl\/#website"},"primaryImageOfPage":{"@id":"https:\/\/gaudiumetspes-blog.pl\/index.php\/2015\/06\/01\/nie-bojmy-sie-krytyki\/#primaryimage"},"image":{"@id":"https:\/\/gaudiumetspes-blog.pl\/index.php\/2015\/06\/01\/nie-bojmy-sie-krytyki\/#primaryimage"},"thumbnailUrl":"https:\/\/gaudiumetspes-blog.pl\/wp-content\/uploads\/2015\/06\/IMG_0510.jpg","datePublished":"2015-06-01T03:50:00+00:00","dateModified":"2019-07-31T10:55:32+00:00","author":{"@id":"https:\/\/gaudiumetspes-blog.pl\/#\/schema\/person\/1661982992b752dea8dff0d4ed845a65"},"breadcrumb":{"@id":"https:\/\/gaudiumetspes-blog.pl\/index.php\/2015\/06\/01\/nie-bojmy-sie-krytyki\/#breadcrumb"},"inLanguage":"pl-PL","potentialAction":[{"@type":"ReadAction","target":["https:\/\/gaudiumetspes-blog.pl\/index.php\/2015\/06\/01\/nie-bojmy-sie-krytyki\/"]}]},{"@type":"ImageObject","inLanguage":"pl-PL","@id":"https:\/\/gaudiumetspes-blog.pl\/index.php\/2015\/06\/01\/nie-bojmy-sie-krytyki\/#primaryimage","url":"https:\/\/gaudiumetspes-blog.pl\/wp-content\/uploads\/2015\/06\/IMG_0510.jpg","contentUrl":"https:\/\/gaudiumetspes-blog.pl\/wp-content\/uploads\/2015\/06\/IMG_0510.jpg","width":320,"height":239},{"@type":"BreadcrumbList","@id":"https:\/\/gaudiumetspes-blog.pl\/index.php\/2015\/06\/01\/nie-bojmy-sie-krytyki\/#breadcrumb","itemListElement":[{"@type":"ListItem","position":1,"name":"Strona g\u0142\u00f3wna","item":"https:\/\/gaudiumetspes-blog.pl\/"},{"@type":"ListItem","position":2,"name":"Nie&nbsp;b\u00f3jmy si\u0119 krytyki!"}]},{"@type":"WebSite","@id":"https:\/\/gaudiumetspes-blog.pl\/#website","url":"https:\/\/gaudiumetspes-blog.pl\/","name":"Gaudium Et Spes","description":"Blog Ks. Jacka Ja\u015bkowskiego","potentialAction":[{"@type":"SearchAction","target":{"@type":"EntryPoint","urlTemplate":"https:\/\/gaudiumetspes-blog.pl\/?s={search_term_string}"},"query-input":{"@type":"PropertyValueSpecification","valueRequired":true,"valueName":"search_term_string"}}],"inLanguage":"pl-PL"},{"@type":"Person","@id":"https:\/\/gaudiumetspes-blog.pl\/#\/schema\/person\/1661982992b752dea8dff0d4ed845a65","name":"Ks. Jacek","image":{"@type":"ImageObject","inLanguage":"pl-PL","@id":"https:\/\/gaudiumetspes-blog.pl\/#\/schema\/person\/image\/","url":"https:\/\/gaudiumetspes-blog.pl\/wp-content\/uploads\/2019\/07\/avatar-JJ-150x150.jpg","contentUrl":"https:\/\/gaudiumetspes-blog.pl\/wp-content\/uploads\/2019\/07\/avatar-JJ-150x150.jpg","caption":"Ks. Jacek"},"description":"Witam serdecznie! K\u0142ania si\u0119 Ks. Jacek Ja\u015bkowski. Nie jestem ani kim\u015b wa\u017cnym, ani kim\u015b znanym. Jestem ksi\u0119dzem, kt\u00f3ry po prostu chce rozmawia\u0107. Codzienna kap\u0142a\u0144ska pos\u0142uga pokazuje mi, \u017ce temat\u00f3w do rozm\u00f3w z ksi\u0119dzem jest coraz wi\u0119cej i dzisiaj \u017caden ksi\u0105dz nie mo\u017ce od nich ucieka\u0107, ale - wprost przeciwnie - podejmowa\u0107 nowe wyzwania. To przekonanie sk\u0142oni\u0142o mnie do pr\u00f3by otwarcia tego\u017c bloga, chocia\u017c okazji do rozm\u00f3w na co dzie\u0144 - w konfesjonale i poza nim - na szcz\u0119\u015bcie nie brakuje. My\u015bl\u0119 jednak, \u017ce ten blog b\u0119dzie jeszcze jednym sposobem i przestrzeni\u0105 nawi\u0105zania kontaktu z lud\u017ami dobrej woli, otwartymi na dialog.","url":"https:\/\/gaudiumetspes-blog.pl\/index.php\/author\/ks-jacek\/"}]}},"jetpack_featured_media_url":"","jetpack_sharing_enabled":true,"_links":{"self":[{"href":"https:\/\/gaudiumetspes-blog.pl\/index.php\/wp-json\/wp\/v2\/posts\/8376","targetHints":{"allow":["GET"]}}],"collection":[{"href":"https:\/\/gaudiumetspes-blog.pl\/index.php\/wp-json\/wp\/v2\/posts"}],"about":[{"href":"https:\/\/gaudiumetspes-blog.pl\/index.php\/wp-json\/wp\/v2\/types\/post"}],"author":[{"embeddable":true,"href":"https:\/\/gaudiumetspes-blog.pl\/index.php\/wp-json\/wp\/v2\/users\/1"}],"replies":[{"embeddable":true,"href":"https:\/\/gaudiumetspes-blog.pl\/index.php\/wp-json\/wp\/v2\/comments?post=8376"}],"version-history":[{"count":1,"href":"https:\/\/gaudiumetspes-blog.pl\/index.php\/wp-json\/wp\/v2\/posts\/8376\/revisions"}],"predecessor-version":[{"id":12130,"href":"https:\/\/gaudiumetspes-blog.pl\/index.php\/wp-json\/wp\/v2\/posts\/8376\/revisions\/12130"}],"wp:attachment":[{"href":"https:\/\/gaudiumetspes-blog.pl\/index.php\/wp-json\/wp\/v2\/media?parent=8376"}],"wp:term":[{"taxonomy":"category","embeddable":true,"href":"https:\/\/gaudiumetspes-blog.pl\/index.php\/wp-json\/wp\/v2\/categories?post=8376"},{"taxonomy":"post_tag","embeddable":true,"href":"https:\/\/gaudiumetspes-blog.pl\/index.php\/wp-json\/wp\/v2\/tags?post=8376"}],"curies":[{"name":"wp","href":"https:\/\/api.w.org\/{rel}","templated":true}]}}