{"id":8567,"date":"2014-11-23T04:30:00","date_gmt":"2014-11-23T03:30:00","guid":{"rendered":"https:\/\/gaudiumetspes-blog.pl\/index.php\/2014\/11\/23\/wezcie-w-posiadanie-krolestwo\/"},"modified":"2019-07-31T12:55:04","modified_gmt":"2019-07-31T10:55:04","slug":"wezcie-w-posiadanie-krolestwo","status":"publish","type":"post","link":"https:\/\/gaudiumetspes-blog.pl\/index.php\/2014\/11\/23\/wezcie-w-posiadanie-krolestwo\/","title":{"rendered":"We\u017acie w posiadanie Kr\u00f3lestwo!"},"content":{"rendered":"<div align=\"justify\" style=\"line-height: 150%; margin-bottom: 0cm;\">\nNiech b\u0119dzie pochwalony Jezus Chrystus! Kochani, ju\u017c jestem! Wczoraj wr\u00f3ci\u0142em z rekolekcji kap\u0142a\u0144skich, jakie prze\u017cywa\u0142em w Kodniu, u Tronu Matki Bo\u017cej. Szczerze dzi\u0119kuj\u0119 Bogu za ten niezwyk\u0142y czas, w kt\u00f3rym uda\u0142o mi si\u0119 wyciszy\u0107, ale te\u017c podj\u0105\u0107 sporo refleksji, to i owo zapisa\u0107 i z nowym zapa\u0142em &#8211; i jednym, bardzo konkretnym postanowieniem &#8211; powr\u00f3ci\u0107 do pracy. Za przeprowadzenie tych\u017ce rekolekcji osobi\u015bcie bardzo dzi\u0119kuj\u0119 O. Piotrowi W\u00f3jcikowi, Oblatowi Maryi Niepokalanej, kt\u00f3ry w spos\u00f3b niezwykle precyzyjny wyczula\u0142 nas na problemy \u017cycia kap\u0142a\u0144skiego, opieraj\u0105c swoje rozwa\u017cania w znacznej mierze na &#8222;Dzienniczku&#8221; Siostry Faustyny. Naprawd\u0119, rozwa\u017cania te bardzo pomog\u0142y mi w podj\u0119ciu wa\u017cnych refleksji.<\/div>\n<div align=\"justify\" style=\"line-height: 150%; margin-bottom: 0cm;\">\n&nbsp; &nbsp; &nbsp; &nbsp;A za prowadzenie w tym czasie naszego Gospodarstwa bardzo, ale to bardzo serdecznie dzi\u0119kuj\u0119 Ksi\u0119dzu Markowi! Przyznaj\u0119, \u017ce stara\u0142em si\u0119 codziennie zajrze\u0107 i przeczyta\u0107 s\u0142\u00f3wko na dany dzie\u0144, co niejednokrotnie by\u0142o dla mnie du\u017c\u0105 pomoc\u0105 w prze\u017cywaniu rekolekcji. Szkoda tylko, \u017ce na tak cenne i g\u0142\u0119bokie my\u015bli &#8211; jak to zawsze u Ksi\u0119dza Marka &#8211; by\u0142 tak ma\u0142y odzew w komentarzach! Ja wiem, Kochani, \u017ce czytacie i \u015bledzicie uwa\u017cnie wszystko, co si\u0119 na blogu dzieje, ale naprawd\u0119 byliby\u015bmy z Markiem wdzi\u0119czni, gdyby\u015bcie do naszych my\u015bli i spraw przez nas poruszanych w wi\u0119kszej mierze zechcieli si\u0119 odnosi\u0107! Bo to jest nasze wsp\u00f3lne dobro, nasze duchowe bogactwo, kt\u00f3re razem tworzymy. A na tak ciekawe refleksje, jak te, kt\u00f3re nam podarowa\u0142 Ksi\u0105dz Marek, a\u017c si\u0119 prosi &#8211; m\u00f3wi\u0105c kolokwialnie &#8211; aby odpowiedzie\u0107 jakim\u015b komentarzem. St\u0105d moja pro\u015bba, Kochani &#8211; nie dajcie si\u0119 prosi\u0107! Podzielcie si\u0119 swoimi spostrze\u017ceniami!<\/div>\n<div align=\"justify\" style=\"line-height: 150%; margin-bottom: 0cm;\">\n&nbsp; &nbsp; &nbsp; I jeszcze jedna sprawa: w korespondencji prywatnej znalaz\u0142em kolejn\u0105 pro\u015bb\u0119 o dopisanie intencji do naszej Wielkiej Ksi\u0119gi. Przyznaj\u0119, \u017ce w czasie rekolekcji bardziej intensywnie modli\u0142em si\u0119 we wszystkich, zapisanych tam sprawach. Chocia\u017c generalnie staram si\u0119 to czyni\u0107 codziennie. Dlatego te\u017c o\u015bmielam si\u0119 Was prosi\u0107, aby\u015bcie nie zapominali, \u017ce mamy na blogu tak\u0105 Ksi\u0119g\u0119, aby\u015bcie tam zagl\u0105dali i czytali zamieszczane tam pro\u015bby o modlitw\u0119 &#8211; i aby\u015bcie zechcieli si\u0119 w tych sprawach modli\u0107.<\/div>\n<div align=\"justify\" style=\"line-height: 150%; margin-bottom: 0cm;\">\n&nbsp; &nbsp; &nbsp; A ja dzi\u0119kuj\u0119 Ksi\u0119dzu Markowi i Wam wszystkim za wspieranie mnie modlitw\u0105 w czasie rekolekcji. Naprawd\u0119, by\u0142o to bardzo cenne wsparcie!<\/div>\n<div align=\"justify\" style=\"line-height: 150%; margin-bottom: 0cm;\">\n&nbsp; &nbsp; &nbsp; Na g\u0142\u0119bokie i pi\u0119kne prze\u017cywanie dzisiejszej ostatniej niedzieli w ci\u0105gu roku liturgicznego, b\u0119d\u0105cej jednocze\u015bnie uroczysto\u015bci\u0105 Chrystusa Kr\u00f3la Wszech\u015bwiata &#8211; <b>niech Was b\u0142ogos\u0142awi B\u00f3g Wszechmog\u0105cy: Ojciec + i Syn, i Duch \u015awi\u0119ty. Amen<\/b><\/div>\n<div align=\"justify\" style=\"line-height: 150%; margin-bottom: 0cm;\">\n<b>&nbsp; &nbsp; &nbsp; &nbsp; &nbsp; &nbsp; &nbsp; &nbsp; &nbsp; &nbsp; &nbsp; &nbsp; &nbsp; <\/b>&nbsp;Gaudium et spes! &nbsp;Ks. Jacek<\/div>\n<div align=\"justify\" style=\"line-height: 150%; margin-bottom: 0cm;\">\n<b><br \/><\/b><\/div>\n<div align=\"justify\" style=\"line-height: 150%; margin-bottom: 0cm;\">\n<b>Uroczysto\u015b\u0107<br \/>\nChrystusa, Kr\u00f3la Wszech\u015bwiata, A,<\/b><\/div>\n<div align=\"justify\" style=\"line-height: 150%; margin-bottom: 0cm;\">\n<b>do<br \/>\nczyta\u0144:  Ez<br \/>\n34,11\u201312.15\u201317;<br \/>\n 1<br \/>\nKor 15,20\u201326.28;<br \/>\n Mt<br \/>\n25,31\u201346 <\/b>\n<\/div>\n<div align=\"justify\" style=\"line-height: 150%; margin-bottom: 0cm;\">\n<\/div>\n<div align=\"justify\" style=\"line-height: 150%; margin-bottom: 0cm;\">\n<b>CZYTANIE<br \/>\nZ KSI\u0118GI PROROKA EZECHIELA: <\/b>\n<\/div>\n<div align=\"justify\" style=\"line-height: 150%; margin-bottom: 0cm; page-break-before: auto; text-indent: 1.3cm;\">\n<b>To<br \/>\nm\u00f3wi Pan B\u00f3g: \u201eOto ja sam b\u0119d\u0119 szuka\u0142 moich owiec i b\u0119d\u0119<br \/>\nmia\u0142 o nie piecz\u0119. Jak pasterz dokonuje przegl\u0105du swojej trzody,<br \/>\nwtedy gdy znajdzie si\u0119 w\u015br\u00f3d rozproszonych owiec, tak Ja dokonam<br \/>\nprzegl\u0105du moich owiec i uwolni\u0119 je ze wszystkich miejsc, dok\u0105d si\u0119<br \/>\nrozproszy\u0142y w dni ciemne i mroczne. <\/b>\n<\/div>\n<div align=\"justify\" style=\"line-height: 150%; margin-bottom: 0cm; text-indent: 1.3cm;\">\n<b>Ja<br \/>\nsam b\u0119d\u0119 pas\u0142 moje owce i Ja sam b\u0119d\u0119 je uk\u0142ada\u0142 na legowisko,<br \/>\nm\u00f3wi Pan B\u00f3g. Zagubion\u0105 odszukam, zab\u0142\u0105kan\u0105 sprowadz\u0119 z<br \/>\npowrotem, skaleczon\u0105 opatrz\u0119, chor\u0105 umocni\u0119, a t\u0142ust\u0105 i mocn\u0105<br \/>\nb\u0119d\u0119 ochrania\u0142. B\u0119d\u0119 pas\u0142 sprawiedliwie\u201d.<\/b><\/div>\n<div align=\"justify\" style=\"line-height: 150%; margin-bottom: 0cm; text-indent: 1.3cm;\">\n<b>Do<br \/>\nwas za\u015b, owce moje, to m\u00f3wi Pan B\u00f3g: \u201eOto Ja os\u0105dz\u0119<br \/>\nposzczeg\u00f3lne owce, barany i koz\u0142y\u201d.<\/b><\/div>\n<div align=\"justify\" style=\"line-height: 150%; margin-bottom: 0cm;\">\n<\/div>\n<div align=\"justify\" style=\"line-height: 150%; margin-bottom: 0cm;\">\n<b>CZYTANIE<br \/>\nZ PIERWSZEGO LISTU \u015aWI\u0118TEGO<br \/>\nPAW\u0141A APOSTO\u0141A DO KORYNTIAN:<\/b><\/div>\n<div align=\"justify\" style=\"line-height: 150%; margin-bottom: 0cm; page-break-before: auto; text-indent: 1.3cm;\">\n<b>Bracia:<br \/>\nChrystus zmartwychwsta\u0142 jako pierwszy spo\u015br\u00f3d tych, co pomarli.<br \/>\nPoniewa\u017c bowiem przez cz\u0142owieka przysz\u0142a \u015bmier\u0107, przez cz\u0142owieka<br \/>\nte\u017c dokona si\u0119 zmartwychwstanie. I jak w Adamie wszyscy umieraj\u0105,<br \/>\ntak te\u017c w Chrystusie wszyscy b\u0119d\u0105 o\u017cywieni, lecz ka\u017cdy wed\u0142ug<br \/>\nw\u0142asnej kolejno\u015bci. Chrystus jako pierwszy, potem ci, co nale\u017c\u0105<br \/>\ndo Chrystusa, w czasie Jego przyj\u015bcia. Wreszcie nast\u0105pi koniec, gdy<br \/>\nprzeka\u017ce kr\u00f3lowanie Bogu i Ojcu i gdy pokona wszelk\u0105 Zwierzchno\u015b\u0107,<br \/>\nW\u0142adz\u0119 i Moc. <\/b>\n<\/div>\n<div align=\"justify\" style=\"line-height: 150%; margin-bottom: 0cm; text-indent: 1.3cm;\">\n<b>Trzeba<br \/>\nbowiem, a\u017ceby kr\u00f3lowa\u0142, a\u017c po\u0142o\u017cy wszystkich nieprzyjaci\u00f3\u0142<br \/>\npod swoje stopy. Jako ostatni wr\u00f3g zostanie pokonana \u015bmier\u0107. A gdy<br \/>\nju\u017c wszystko zostanie Mu poddane, wtedy i sam Syn zostanie poddany<br \/>\nTemu, kt\u00f3ry Synowi podda\u0142 wszystko, aby B\u00f3g by\u0142 wszystkim we<br \/>\nwszystkich.<\/b><\/div>\n<div align=\"justify\" style=\"line-height: 150%; margin-bottom: 0cm;\">\n<\/div>\n<div align=\"justify\" style=\"line-height: 150%; margin-bottom: 0cm;\">\n<b>S\u0141OWA<br \/>\nEWANGELII WED\u0141UG \u015aWI\u0118TEGO<br \/>\nMATEUSZA: <\/b>\n<\/div>\n<div align=\"justify\" style=\"line-height: 150%; margin-bottom: 0cm; page-break-before: auto; text-indent: 1.3cm;\">\n<b>Jezus<br \/>\npowiedzia\u0142 do swoich uczni\u00f3w: \u201eGdy Syn Cz\u0142owieczy przyjdzie w<br \/>\nswej chwale i wszyscy anio\u0142owie z Nim, wtedy zasi\u0105dzie na swoim<br \/>\ntronie pe\u0142nym chwa\u0142y. I zgromadz\u0105 si\u0119 przed Nim wszystkie narody,<br \/>\na On oddzieli jednych od drugich, jak pasterz oddziela owce od<br \/>\nkoz\u0142\u00f3w. Owce postawi po prawej, a koz\u0142y po swojej lewej stronie.<\/b><\/div>\n<div align=\"justify\" style=\"line-height: 150%; margin-bottom: 0cm; text-indent: 1.3cm;\">\n<b>Wtedy<br \/>\nodezwie si\u0119 Kr\u00f3l do tych po prawej stronie: \u00abP\u00f3jd\u017acie,<br \/>\nb\u0142ogos\u0142awieni Ojca mojego, we\u017acie w posiadanie kr\u00f3lestwo<br \/>\nprzygotowane wam od za\u0142o\u017cenia \u015bwiata. Bo by\u0142em g\u0142odny, a<br \/>\ndali\u015bcie Mi je\u015b\u0107; by\u0142em spragniony, a dali\u015bcie Mi pi\u0107; by\u0142em<br \/>\nprzybyszem, a przyj\u0119li\u015bcie Mnie; by\u0142em nagi, a przyodziali\u015bcie<br \/>\nMnie; by\u0142em chory, a odwiedzili\u015bcie Mnie; by\u0142em w wi\u0119zieniu, a<br \/>\nprzyszli\u015bcie do Mnie\u00bb.<\/b><\/div>\n<div align=\"justify\" style=\"line-height: 150%; margin-bottom: 0cm; text-indent: 1.3cm;\">\n<b>W\u00f3wczas<br \/>\nzapytaj\u0105 sprawiedliwi: \u00abPanie, kiedy widzieli\u015bmy Ci\u0119 g\u0142odnym i<br \/>\nnakarmili\u015bmy Ciebie? spragnionym i dali\u015bmy Ci pi\u0107? Kiedy<br \/>\nwidzieli\u015bmy Ci\u0119 przybyszem i przyj\u0119li\u015bmy Ci\u0119? lub nagim i<br \/>\nprzyodziali\u015bmy Ci\u0119? Kiedy widzieli\u015bmy Ci\u0119 chorym lub w wi\u0119zieniu<br \/>\ni przyszli\u015bmy do Ciebie?\u00bb <\/b>\n<\/div>\n<div align=\"justify\" style=\"line-height: 150%; margin-bottom: 0cm; text-indent: 1.3cm;\">\n<b>Kr\u00f3l<br \/>\nim odpowie: \u00abZaprawd\u0119 powiadam wam: Wszystko, co uczynili\u015bcie<br \/>\njednemu z tych braci moich najmniejszych, Mnie\u015bcie uczynili\u00bb.<\/b><\/div>\n<div align=\"justify\" style=\"line-height: 150%; margin-bottom: 0cm; text-indent: 1.3cm;\">\n<b>Wtedy<br \/>\nodezwie si\u0119 i do tych po lewej stronie: \u00abId\u017acie precz ode Mnie,<br \/>\nprzekl\u0119ci, w ogie\u0144 wieczny, przygotowany diab\u0142u i jego anio\u0142om.<br \/>\nBo by\u0142em g\u0142odny, a nie dali\u015bcie Mi je\u015b\u0107; by\u0142em spragniony, a<br \/>\nnie dali\u015bcie Mi pi\u0107; by\u0142em przybyszem, a nie przyj\u0119li\u015bcie Mnie;<br \/>\nby\u0142em nagi, a nie przyodziali\u015bcie Mnie; by\u0142em chory i w wi\u0119zieniu,<br \/>\na nie odwiedzili\u015bcie Mnie\u00bb.<\/b><\/div>\n<div align=\"justify\" style=\"line-height: 150%; margin-bottom: 0cm; text-indent: 1.3cm;\">\n<b>W\u00f3wczas<br \/>\nzapytaj\u0105 i ci: \u00abPanie, kiedy widzieli\u015bmy Ci\u0119 g\u0142odnym albo<br \/>\nspragnionym, albo przybyszem, albo nagim, kiedy chorym albo w<br \/>\nwi\u0119zieniu, a nie us\u0142u\u017cyli\u015bmy Tobie?\u00bb <\/b>\n<\/div>\n<div align=\"justify\" style=\"line-height: 150%; margin-bottom: 0cm; text-indent: 1.3cm;\">\n<b>Wtedy<br \/>\nodpowie im: \u00abZaprawd\u0119 powiadam wam: Wszystko, czego nie<br \/>\nuczynili\u015bcie jednemu z tych najmniejszych, tego\u015bcie i Mnie nie<br \/>\nuczynili\u00bb. <\/b>\n<\/div>\n<div align=\"justify\" style=\"line-height: 150%; margin-bottom: 0cm; text-indent: 1.3cm;\">\n<b>I<br \/>\np\u00f3jd\u0105 ci na m\u0119k\u0119 wieczn\u0105, sprawiedliwi za\u015b do \u017cycia<br \/>\nwiecznego\u201d.<\/b><\/div>\n<div align=\"justify\" style=\"line-height: 150%; margin-bottom: 0cm;\">\n<\/div>\n<div align=\"justify\" style=\"line-height: 150%; margin-bottom: 0cm; page-break-before: auto; text-indent: 1.3cm;\">\nMajestatyczny<br \/>\nobraz Chrystusa \u2013 S\u0119dziego, ukazany w Ewangelii, jest imponuj\u0105cy.<br \/>\nOto <b>zasi\u0105dzie On na tronie pe\u0142nym chwa\u0142y,<\/b> a wszystkie ludy<br \/>\nzgromadz\u0105 si\u0119 przed Nim \u2013 <b>i dokona si\u0119 <\/b><b>S<\/b><b>\u0105d.<br \/>\nSprawiedliwy, pe\u0142ny, ostateczny <\/b><b>S<\/b><b>\u0105d.<\/b> Dokona go<br \/>\nKr\u00f3l nad kr\u00f3lami i Pan nad panami \u2013 jedyny, sprawiedliwy i<br \/>\npot\u0119\u017cny.\n<\/div>\n<div align=\"justify\" style=\"line-height: 150%; margin-bottom: 0cm; text-indent: 1.3cm;\">\nJak<br \/>\ns\u0142yszymy w przepi\u0119knej przypowie\u015bci, opowiedzianej przez samego<br \/>\nJezusa, a zapowiadaj\u0105cej owo ostateczne rozstrzygni\u0119cie, <b>od tego<br \/>\n<\/b><b>S<\/b><b>\u0105du ju\u017c nie b\u0119dzie odwo\u0142ania.<\/b> I \u017cadna<br \/>\n\u0142ap\u00f3wka, ani protekcja, ani zwolnienie lekarskie \u2013 nic tu nie<br \/>\npomo\u017ce. S\u0105d si\u0119 dokona \u2013 <b>przed majestatem Najwy\u017cszego Kr\u00f3la.<\/b><\/p>\n<\/div>\n<div align=\"justify\" style=\"line-height: 150%; margin-bottom: 0cm; text-indent: 1.3cm;\">\nZapowied\u017a<br \/>\ntego\u017c S\u0105du odnajdujemy tak\u017ce w pierwszym czytaniu, z Proroctwa<br \/>\nEzechiela, przy czym zanim j\u0105 tam us\u0142yszymy w ostatnim zdaniu,<br \/>\nwcze\u015bniej rysuje si\u0119 przed naszymi oczami <b>obraz pasterza,<br \/>\nzatroskanego o swoje owce, a w\u0142a\u015bciwie \u2013 o ka\u017cd\u0105 z nich<br \/>\nindywidualnie.<\/b> Szczeg\u00f3lnie o t\u0119 zagubion\u0105.\n<\/div>\n<div align=\"justify\" style=\"line-height: 150%; margin-bottom: 0cm; text-indent: 1.3cm;\">\nI<br \/>\nwreszcie drugie czytanie, z Pierwszego Listu Aposto\u0142a Paw\u0142a do<br \/>\nKoryntian, w kt\u00f3rym to ukazany jest obraz Chrystusa,<br \/>\n<b>wyprowadzaj\u0105cego wszystkich <\/b><b>Jemu<\/b><b> wiernych z<br \/>\nczelu\u015bci \u015bmierci do szcz\u0119\u015bcia wiecznego.<\/b> Je\u017celi tak uwa\u017cnie<br \/>\nws\u0142uchamy si\u0119 w tre\u015b\u0107 tego czytania, to zapewne \u0142atwo nam b\u0119dzie<br \/>\nwyobrazi\u0107 sobie \u00f3w <b>wielki poch\u00f3d, na czele kt\u00f3rego idzie<br \/>\nZwyci\u0119ski Chrystus, a za Nim \u2013 ca\u0142e ogromne rzesze<\/b> tych,<br \/>\nkt\u00f3rzy Jego moc\u0105 i dzi\u0119ki Jego \u0142asce tak\u017ce d\u017awign\u0119li si\u0119 ze<br \/>\n\u015bmierci i tak\u017ce id\u0105 do Nieba. A \u015bmier\u0107 \u2013 jako ten wr\u00f3g<br \/>\nostatni \u2013 zostanie ostatecznie pokonana.\n<\/div>\n<div align=\"justify\" style=\"line-height: 150%; margin-bottom: 0cm; text-indent: 1.3cm;\">\nKochani,<br \/>\ntakiego to w\u0142a\u015bnie Chrystusa Kr\u00f3la ukazuje nam dzisiejsza Liturgia<br \/>\nS\u0142owa. Czyli jakiego? <b>Surowego, gro\u017anego? Nie, raczej<br \/>\nsprawiedliwego.<\/b> Ale jeszcze bardziej \u2013 <b>zatroskanego i<br \/>\npracowitego.<\/b> Zauwa\u017cmy, to nie jest taki Kr\u00f3l i S\u0119dzia, kt\u00f3ry<br \/>\nwzywa przed swoje oblicze przestraszonych poddanych i \u2013 cho\u0107by<br \/>\nnawet sprawiedliwie \u2013 ale ch\u0142odno, a wr\u0119cz bezdusznie <b>wylicza<br \/>\nich dobre i z\u0142e post\u0119pki.<\/b> Nie!\n<\/div>\n<div align=\"justify\" style=\"line-height: 150%; margin-bottom: 0cm; text-indent: 1.3cm;\">\nZauwa\u017cmy,<br \/>\n\u017ce zanim nast\u0105pi S\u0105d \u2013 Ten, kt\u00f3ry ma go dokonywa\u0107, robi<br \/>\nwszystko, co mo\u017ce, aby dla wszystkich \u00f3w S\u0105d <b>m\u00f3g\u0142<\/b><b><br \/>\n<\/b><b>wypa\u015b\u0107 pomy\u015blnie! <\/b>Zastan\u00f3wmy si\u0119, czy to nie jest<br \/>\njaki\u015b paradoks? Kr\u00f3l, kt\u00f3ry ma dokona\u0107 s\u0105du, <b>najpierw robi<br \/>\nwszystko, aby uchroni\u0107 wszystkich przed niekorzystnym<br \/>\nrozstrzygni\u0119ciem.<\/b> Jakby chcia\u0142 uchroni\u0107 <b>przed sob\u0105 samym,<br \/>\nprzed swoim w\u0142asnym wyrokiem,<\/b> kt\u00f3ry b\u0119dzie musia\u0142 wyda\u0107,<br \/>\nje\u017celi stwierdzi czyje\u015b z\u0142e post\u0119powanie!<\/div>\n<div align=\"justify\" style=\"line-height: 150%; margin-bottom: 0cm; text-indent: 1.3cm;\">\nDlatego<br \/>\npo\u015bwi\u0119ca si\u0119, pracuje, naucza, troszczy si\u0119 o ka\u017cdego, a nawet \u2013<br \/>\ni to jest najbardziej niezwyk\u0142e, a wr\u0119cz szokuj\u0105ce \u2013 <b>oddaje<br \/>\n\u017cycie za swoich poddanych, <\/b>za swoich podopiecznych, za swoje<br \/>\nowce\u2026 Jest Pasterzem, jest Przyjacielem, Bratem \u2013 w\u0142a\u015bnie takie<br \/>\ntytu\u0142y i okre\u015blenia <b>sk\u0142adaj\u0105 si\u0119 na tytu\u0142 Kr\u00f3la.<\/b> W<br \/>\nprzypadku Jezusa oczywi\u015bcie, bo w przypadku ziemskich monarch\u00f3w to<br \/>\n\u2013 jak wiemy \u2013 r\u00f3\u017cnie bywa. Jezus jest takim <b>Kr\u00f3lem, kt\u00f3ry<br \/>\njest jednocze\u015bnie S\u0142ug\u0105. <\/b>I takim <b>S\u0119dzi\u0105, kt\u00f3ry jest<br \/>\njednocze\u015bnie Obro\u0144c\u0105. <\/b>\n<\/div>\n<div align=\"justify\" style=\"line-height: 150%; margin-bottom: 0cm; text-indent: 1.3cm;\">\nA<br \/>\njednak nawet pomimo tego niezwyk\u0142ego i tak mi\u0142osiernego kr\u00f3lowania<br \/>\nJezusa, <b>wieczne szcz\u0119\u015bcie i zbawienie nie jest wszystkim<br \/>\nbezwzgl\u0119dnie zagwarantowane. <\/b>Ono si\u0119 nie dostanie wszystkim z<br \/>\ntak zwanego \u201eautomatu\u201d. Zauwa\u017cmy, Kochani, i we\u017amy to sobie<br \/>\nmocno do serca, \u017ce dzisiejsza przypowie\u015b\u0107 Jezusa nie sko\u0144czy\u0142a<br \/>\nsi\u0119 na s\u0142owach: <i><b>P\u00f3jd\u017acie,<br \/>\nb\u0142ogos\u0142awieni Ojca mojego, we\u017acie w posiadanie kr\u00f3lestwo<br \/>\nprzygotowane wam od za\u0142o\u017cenia \u015bwiata.<\/b><\/i><b><br \/>\n<\/b>Jest<br \/>\njeszcze druga cz\u0119\u015b\u0107 przypowie\u015bci<br \/>\n\u2013 ta<br \/>\noscyluj\u0105ca wok\u00f3\u0142 s\u0142\u00f3w: <i><b>Id\u017acie<br \/>\nprecz ode Mnie, przekl\u0119ci, w ogie\u0144 wieczny, przygotowany diab\u0142u i<br \/>\njego anio\u0142om. <\/b><\/i>\n<\/div>\n<div align=\"justify\" style=\"line-height: 150%; margin-bottom: 0cm; text-indent: 1.3cm;\">\nA\u017c<br \/>\nciarki po plecach chodz\u0105, kiedy si\u0119 to s\u0142yszy \u2013 co\u015b strasznego!<br \/>\nA<br \/>\njednak <b>tak\u017ce<br \/>\nte s\u0142owa Jezus wypowiedzia\u0142.<\/b><br \/>\nWypowiedzia\u0142 w przypowie\u015bci, ale te\u017c b\u0119dzie musia\u0142 wypowiedzie\u0107<br \/>\nw rzeczywisto\u015bci \u2013 strasznej rzeczywisto\u015bci, jaka ods\u0142oni si\u0119<br \/>\nprzed tymi, kt\u00f3rzy <b>uparli<br \/>\nsi\u0119, <\/b>aby<br \/>\nna wszystkie propozycje dobra i zbawienia, kierowane do nich przez<br \/>\nJezusa, <b>odpowiedzie\u0107:<br \/>\nNIE! <\/b>A<br \/>\nna to ju\u017c nie ma rady \u2013 sam Jezus jest bezradny: On, wszechpot\u0119\u017cny<br \/>\nKr\u00f3l i W\u0142adca, przed kt\u00f3rym dr\u017cy \u015bwiat i wszech\u015bwiat, <b>jest<br \/>\nzupe\u0142nie bezradny wobec z\u0142ej woli cz\u0142owieka!<\/b><\/div>\n<div align=\"justify\" style=\"line-height: 150%; margin-bottom: 0cm; text-indent: 1.3cm;\">\nBo<br \/>\nOn, Jezus Chrystus, uczyni\u0142 wszystko, co m\u00f3g\u0142 uczyni\u0107 i da\u0142<br \/>\nnajwi\u0119cej, jak tylko m\u00f3g\u0142 da\u0107, oddaj\u0105c <b>samego<br \/>\nsiebie i ca\u0142ego siebie<\/b><br \/>\ndla dobra cz\u0142owieka! Jednak<br \/>\nnie mo\u017ce cz\u0142owieka <b>zmusi\u0107<br \/>\ndo tego, \u017ceby Go kocha\u0142,<\/b><br \/>\n\u017ceby si\u0119 zbawi\u0142, \u017ceby si\u0119 podda\u0142 Jego panowaniu. Ta wolno\u015b\u0107,<br \/>\njak\u0105 nam podarowa\u0142, te\u017c jest zreszt\u0105 wyrazem Jego mi\u0142o\u015bci \u2013<br \/>\nwyrazem tego, \u017ce <b>traktuje<br \/>\nnas tak bardzo powa\u017cnie, tak dojrzale, tak wyj\u0105tkowo. <\/b>\n<\/div>\n<div align=\"justify\" style=\"line-height: 150%; margin-bottom: 0cm; text-indent: 1.3cm;\">\nOn<br \/>\nnie chce panowa\u0107 nad jak\u0105\u015b bezkszta\u0142tn\u0105 ludzk\u0105 mas\u0105, jakim\u015b<br \/>\nbezwolnym t\u0142umem, nad \u2013 przepraszam za to wyra\u017cenie \u2013 ciemnym<br \/>\nstadem. On, Kr\u00f3l pe\u0142en mi\u0142o\u015bci, <b>chce<br \/>\npanowa\u0107 nad sercami wolnymi i tak\u017ce pe\u0142nymi mi\u0142o\u015bci \u2013<br \/>\nodpowiadaj\u0105cymi mi\u0142o\u015bci\u0105 na Jego mi\u0142o\u015b\u0107!<\/b><br \/>\nDlatego<br \/>\nw\u0142a\u015bnie tak bardzo anga\u017cuje<br \/>\nsi\u0119,<br \/>\ntak pracowicie zabiega<br \/>\no to,<br \/>\naby cz\u0142owieka do siebie zaprosi\u0107, przekona\u0107, zmotywowa\u0107. Ale<br \/>\nto wszystko mo\u017ce okaza\u0107 si\u0119 daremne, <b>je\u017celi<br \/>\ncz\u0142owiek zatnie si\u0119 w swoim uporze i g\u0142upocie. <\/b>Niestety,<br \/>\nnic si\u0119 na to w\u00f3wczas nie poradzi. I<br \/>\nto wtedy w\u0142a\u015bnie<br \/>\npadn\u0105 \u2013 niestety \u2013 te straszne<br \/>\ns\u0142owa:<br \/>\n<i><b>Id\u017acie<br \/>\nprecz ode Mnie, przekl\u0119ci, w ogie\u0144 wieczny, przygotowany diab\u0142u i<br \/>\njego anio\u0142om.<\/b><\/i><b><br \/>\n<\/b>\n<\/div>\n<div align=\"justify\" style=\"line-height: 150%; margin-bottom: 0cm; text-indent: 1.3cm;\">\nKochani,<br \/>\nmusimy sobie to dzisiaj bardzo jasno i bardzo jednoznacznie<br \/>\npowiedzie\u0107: <b>obraz<br \/>\nChrystusa Kr\u00f3la,<\/b><br \/>\njaki ukazuje nam Bo\u017ce S\u0142owo i w jakiego Ko\u015bci\u00f3\u0142 wierzy od samego<br \/>\npocz\u0105tku, <b>to<br \/>\nnie jest obraz \u201eksi\u0119cia z bajki\u201d,<\/b><br \/>\njakiej\u015b \u201ecukierkowatej figurki\u201d, jakiej\u015b rzeczywisto\u015bci tak<br \/>\ns\u0142odkiej, \u017ce a\u017c przes\u0142odzonej. To nie jest prawda o Chrystusowym<br \/>\nkr\u00f3lowaniu.\n<\/div>\n<div align=\"justify\" style=\"line-height: 150%; margin-bottom: 0cm; text-indent: 1.3cm;\">\nPe\u0142na<br \/>\nprawda o Chrystusie Kr\u00f3lu obejmuje \u2013 owszem \u2013 <b>ca\u0142\u0105<br \/>\nJego mi\u0142o\u015b\u0107 i dobro\u0107, <\/b>z<br \/>\njak\u0105 roztacza On swoje pe\u0142ne s\u0142odyczy panowanie nad ludzkimi<br \/>\nsercami. Ale obejmuje tak\u017ce <b>prawd\u0119<br \/>\no ogniu wiecznym, przygotowanym diab\u0142u i jego anio\u0142om! <\/b>Tak,<br \/>\nmoi Drodzy, przed t\u0105 prawd\u0105 tak\u017ce nie mo\u017cemy ucieka\u0107 i udawa\u0107,<br \/>\n\u017ce o niej nie wiemy. <b>O<br \/>\npiekle <\/b><b>bowiem<br \/>\n<\/b><b>ostatnio<br \/>\njakby rzadziej si\u0119 m\u00f3wi i o szatanie t<\/b><b>e\u017c<\/b><b><br \/>\nnie za wiele,<\/b><br \/>\nch\u0119tniej i \u0142atwiej m\u00f3wi si\u0119<br \/>\no<br \/>\ndobroci Chrystusa, o mi\u0142o\u015bci, mi\u0142osierdziu\u2026 I to dobrze, \u017ce o<br \/>\ntym m\u00f3wimy, bo nigdy do\u015b\u0107 wychwalania Chrystusa za Jego mi\u0142osiern\u0105<br \/>\nmi\u0142o\u015b\u0107 i dobro\u0107. I nigdy do\u015b\u0107 czerpania ze zdroj\u00f3w Jego<br \/>\nmi\u0142osierdzia.\n<\/div>\n<div align=\"justify\" style=\"line-height: 150%; margin-bottom: 0cm; text-indent: 1.3cm;\">\nAle<br \/>\nnie mo\u017cemy <b>udawa\u0107,<br \/>\n\u017ce nic nie wiemy o piekle, o pot\u0119pieniu, o szatanie. <\/b>To<br \/>\ntak\u017ce jest <b>prawd\u0105<br \/>\nnaszej wiary! I to tak\u017ce jest rzeczywisto\u015bci\u0105 <\/b>\u2013<br \/>\njakkolwiek by to przykro nie brzmia\u0142o i jakkolwiek nie psu\u0142oby to<br \/>\nmi\u0142ej atmosfery dzisiejszej uroczysto\u015bci!\n<\/div>\n<div align=\"justify\" style=\"line-height: 150%; margin-bottom: 0cm; text-indent: 1.3cm;\">\nDlatego<br \/>\nzadaniem<br \/>\nkap\u0142ana, g\u0142osz\u0105cego Bo\u017ce S\u0142owo, jest to <b>jasno<br \/>\nwypowiedzie\u0107, <\/b>a<br \/>\nzadaniem wszystkich wierz\u0105cych w Boga jest w to raz jeszcze uwierzy\u0107<br \/>\ni to sobie u\u015bwiadomi\u0107, \u017ce <b>ka\u017cdy,<br \/>\nkto z w\u0142asnej woli odrzuca Bo\u017ce panowanie, b\u0119dzie na wieki<br \/>\npot\u0119piony w piekle! <\/b><b>Zostanie<br \/>\nodrzucony \u2013 na zawsze! Bezpowrotnie! Bez najmniejszej nadziei na<br \/>\nratunek!<\/b><br \/>\nSam sobie taki los wybierze, sam siebie zaliczy <b>do<br \/>\ngrona przekl\u0119tych,<\/b><br \/>\nsam sobie \u201ezafunduje\u201d tak\u0105 wieczno\u015b\u0107!\n<\/div>\n<div align=\"justify\" style=\"line-height: 150%; margin-bottom: 0cm; text-indent: 1.3cm;\">\nOczywi\u015bcie,<br \/>\nnie m\u00f3wimy sobie tutaj tego po to, aby si\u0119 jako\u015b g\u0142upio straszy\u0107,<br \/>\nczy \u017ceby ca\u0142y czas mie\u0107 przed oczyma mroki, ciemno\u015bci i piek\u0142o.<br \/>\nNie! <b>My<br \/>\nmamy ca\u0142y czas wpatrywa\u0107 si\u0119 w Chrystusa,<\/b><br \/>\n<b>do<br \/>\nNiego d\u0105\u017cy\u0107, w Niego wierzy\u0107, <\/b>pragn\u0105\u0107<br \/>\nszcz\u0119\u015bcia i zmierza\u0107 do szcz\u0119\u015bcia. Musimy sobie jednak jasno i<br \/>\nrzeczowo u\u015bwiadamia\u0107, \u017ce <b>serce,<br \/>\nkt\u00f3re zamyka si\u0119 na Jezusa \u2013 otwiera si\u0119 na szatana. <\/b>I<br \/>\nten, kto nie poddaje si\u0119 kr\u00f3lewskiemu panowaniu Jezusa \u2013 <b>poddaje<br \/>\nsi\u0119 panowaniu <\/b><b>diab\u0142a!<\/b><br \/>\nI kto nie s\u0142u\u017cy Jezusowi \u2013 <b>s\u0142u\u017cy<br \/>\nszatanowi!<\/b><br \/>\nInnej<br \/>\nmo\u017cliwo\u015bci po prostu nie ma! Kr\u00f3tko<br \/>\ni i konkretnie. Taka<br \/>\njest prawda o zbawieniu i pot\u0119pieniu \u2013 <b>czy<br \/>\nto si\u0119 komu\u015b podoba, czy nie.<\/b><br \/>\nMusimy o tym wiedzie\u0107, musimy o tym ci\u0105gle pami\u0119ta\u0107, musimy w to<br \/>\nwierzy\u0107.\n<\/div>\n<div align=\"justify\" style=\"line-height: 150%; margin-bottom: 0cm; text-indent: 1.3cm;\">\nI<br \/>\ndlatego warto, naprawd\u0119 <b>warto<br \/>\npodda\u0107 si\u0119 panowaniu Chrystusa Kr\u00f3la. <\/b>Nie<br \/>\nze strachu, ale <b>z<br \/>\nmi\u0142o\u015bci!<\/b><br \/>\nI z takiej \u2013 je\u015bli tak mo\u017cna powiedzie\u0107 \u2013 czystej logiki. Bo \u2013<br \/>\nzaprawd\u0119 \u2013 trudno znale\u017a\u0107 jeden <b>sensowny<br \/>\nargument, kt\u00f3ry uzasadnia\u0142by \u015bwiadome i dobrowolne pozbawianie si\u0119<br \/>\nprzez cz\u0142owieka szcz\u0119\u015bcia i rado\u015bci,<\/b><br \/>\nkt\u00f3re chce mu da\u0107 Pan. Trudno to logicznie wyt\u0142umaczy\u0107.\n<\/div>\n<div align=\"justify\" style=\"line-height: 150%; margin-bottom: 0cm; text-indent: 1.3cm;\">\nDajmy<br \/>\nsi\u0119 zatem<br \/>\nJezusowi<br \/>\nzaprosi\u0107! Dajmy si\u0119 Jezusowi obdarzy\u0107 mi\u0142o\u015bci\u0105 i tyloma darami,<br \/>\nkt\u00f3rymi chce nas obdarzy\u0107. Poddajmy<br \/>\nsi\u0119 Jego panowaniu! <b>Uznajmy<br \/>\nw Nim naszego Kr\u00f3la!<\/b><br \/>\nWe\u017amy<br \/>\nsobie g\u0142\u0119boko do serca s\u0142owa, kt\u00f3re stanowi\u0105 swoist\u0105<br \/>\nkonstytucj\u0119 tego Chrystusowego Kr\u00f3lestwa: <i><b>Wszystko,<br \/>\nco uczynili\u015bcie jednemu z tych braci moich najmniejszych, Mnie\u015bcie<br \/>\nuczynili<\/b><\/i><b>.<\/b><\/div>\n<div align=\"justify\" style=\"line-height: 150%; margin-bottom: 0cm; text-indent: 1.3cm;\">\nPanie<br \/>\nJezu, Kr\u00f3lu nasz i Mistrzu, pozw\u00f3l nam dostrzega\u0107 Ci\u0119 w ka\u017cdym<br \/>\nbez wyj\u0105tku cz\u0142owieku. Nawet w tym najbardziej grzesznym i<br \/>\npogubionym, w kt\u00f3rym Twoje Oblicze jest tak bardzo sponiewierane i<br \/>\nzszargane brudem jego grzechu \u2013 <b>Ty<br \/>\n<\/b><b>jednak<br \/>\njeste\u015b <\/b><b>tak\u017ce<br \/>\n<\/b><b>obecny.<br \/>\nPom\u00f3\u017c nam t\u0119 Twoj\u0105 obecno\u015b\u0107 dostrzega\u0107!<\/b><br \/>\nNaucz<br \/>\nnas s\u0142u\u017cy\u0107 Ci w ka\u017cdym cz\u0142owieku\u2026\n<\/div>\n<div align=\"justify\" style=\"line-height: 150%; margin-bottom: 0cm; text-indent: 1.3cm;\">\nI<br \/>\nrozci\u0105gnij<br \/>\nswoje kr\u00f3lewskie panowanie nad naszymi domami, nad naszymi<br \/>\nobej\u015bciami i<br \/>\ns\u0105siedztwami,<br \/>\nnad nasz\u0105<br \/>\nmiejscowo\u015bci\u0105,<br \/>\nnad<br \/>\nnasz\u0105 gmin\u0105,<br \/>\nnad nasz\u0105 Ojczyzn\u0105. <b>Kr\u00f3luj<br \/>\nnam <\/b><b>wszystkim<\/b><br \/>\ni tak\u017ce \u2013 bardzo Ci\u0119 o to prosimy \u2013 kr\u00f3luj tym, kt\u00f3rych albo<br \/>\nb\u0142\u0119dne mniemania uwiod\u0142y, albo niezgoda oddziela. Przywied\u017a ich<br \/>\ndo przystani prawdy i jedno\u015bci wiary, <b>aby<br \/>\nrych\u0142o nasta\u0142a jedna Owczarnia i jeden Pasterz.<\/b><br \/>\nU\u017cycz Ko\u015bcio\u0142owi Twemu bezpiecznej wolno\u015bci. Udziel wszystkim<br \/>\nnarodom spokoju i \u0142adu.<\/div>\n<div align=\"justify\" style=\"line-height: 150%; margin-bottom: 0cm; text-indent: 1.3cm;\">\nO<br \/>\nto Ci\u0119, Panie, prosimy, o to si\u0119 modlimy, tego<br \/>\npragniemy: pomimo naszej s\u0142abo\u015bci, pomimo naszej grzeszno\u015bci,<br \/>\ntak\u017ce pomimo naszej niewdzi\u0119czno\u015bci, Ty sam \u2013 z ca\u0142\u0105 swoj\u0105<br \/>\nBosk\u0105 moc\u0105 i majestatem \u2013 <b>kr\u00f3luj<br \/>\nnam Chryste! Zawsze i wsz\u0119dzie! <\/b>Amen<\/div>\n","protected":false},"excerpt":{"rendered":"<p>Niech b\u0119dzie pochwalony Jezus Chrystus! Kochani, ju\u017c jestem! Wczoraj wr\u00f3ci\u0142em z rekolekcji kap\u0142a\u0144skich, jakie prze\u017cywa\u0142em w Kodniu, u Tronu Matki Bo\u017cej. Szczerze dzi\u0119kuj\u0119 Bogu za ten niezwyk\u0142y czas, w kt\u00f3rym uda\u0142o mi si\u0119 wyciszy\u0107, ale te\u017c podj\u0105\u0107 sporo refleksji, to i owo zapisa\u0107 i z nowym zapa\u0142em &#8211; i jednym, bardzo konkretnym postanowieniem &#8211; powr\u00f3ci\u0107 [&hellip;]<\/p>\n","protected":false},"author":1,"featured_media":0,"comment_status":"open","ping_status":"open","sticky":false,"template":"","format":"standard","meta":{"jetpack_post_was_ever_published":false,"_jetpack_newsletter_access":"","_jetpack_dont_email_post_to_subs":false,"_jetpack_newsletter_tier_id":0,"_jetpack_memberships_contains_paywalled_content":false,"_jetpack_memberships_contains_paid_content":false,"footnotes":""},"categories":[1],"tags":[],"class_list":["post-8567","post","type-post","status-publish","format-standard","hentry","category-bez-kategorii"],"yoast_head":"<!-- This site is optimized with the Yoast SEO plugin v25.1 - https:\/\/yoast.com\/wordpress\/plugins\/seo\/ -->\n<title>We\u017acie w posiadanie Kr\u00f3lestwo! - Gaudium Et Spes<\/title>\n<meta name=\"robots\" content=\"index, follow, max-snippet:-1, max-image-preview:large, max-video-preview:-1\" \/>\n<link rel=\"canonical\" href=\"https:\/\/gaudiumetspes-blog.pl\/index.php\/2014\/11\/23\/wezcie-w-posiadanie-krolestwo\/\" \/>\n<meta property=\"og:locale\" content=\"pl_PL\" \/>\n<meta property=\"og:type\" content=\"article\" \/>\n<meta property=\"og:title\" content=\"We\u017acie w posiadanie Kr\u00f3lestwo! - Gaudium Et Spes\" \/>\n<meta property=\"og:description\" content=\"Niech b\u0119dzie pochwalony Jezus Chrystus! Kochani, ju\u017c jestem! Wczoraj wr\u00f3ci\u0142em z rekolekcji kap\u0142a\u0144skich, jakie prze\u017cywa\u0142em w Kodniu, u Tronu Matki Bo\u017cej. Szczerze dzi\u0119kuj\u0119 Bogu za ten niezwyk\u0142y czas, w kt\u00f3rym uda\u0142o mi si\u0119 wyciszy\u0107, ale te\u017c podj\u0105\u0107 sporo refleksji, to i owo zapisa\u0107 i z nowym zapa\u0142em &#8211; i jednym, bardzo konkretnym postanowieniem &#8211; powr\u00f3ci\u0107 [&hellip;]\" \/>\n<meta property=\"og:url\" content=\"https:\/\/gaudiumetspes-blog.pl\/index.php\/2014\/11\/23\/wezcie-w-posiadanie-krolestwo\/\" \/>\n<meta property=\"og:site_name\" content=\"Gaudium Et Spes\" \/>\n<meta property=\"article:published_time\" content=\"2014-11-23T03:30:00+00:00\" \/>\n<meta property=\"article:modified_time\" content=\"2019-07-31T10:55:04+00:00\" \/>\n<meta name=\"author\" content=\"Ks. Jacek\" \/>\n<meta name=\"twitter:card\" content=\"summary_large_image\" \/>\n<meta name=\"twitter:label1\" content=\"Napisane przez\" \/>\n\t<meta name=\"twitter:data1\" content=\"Ks. Jacek\" \/>\n\t<meta name=\"twitter:label2\" content=\"Szacowany czas czytania\" \/>\n\t<meta name=\"twitter:data2\" content=\"14 minut\" \/>\n<script type=\"application\/ld+json\" class=\"yoast-schema-graph\">{\"@context\":\"https:\/\/schema.org\",\"@graph\":[{\"@type\":\"WebPage\",\"@id\":\"https:\/\/gaudiumetspes-blog.pl\/index.php\/2014\/11\/23\/wezcie-w-posiadanie-krolestwo\/\",\"url\":\"https:\/\/gaudiumetspes-blog.pl\/index.php\/2014\/11\/23\/wezcie-w-posiadanie-krolestwo\/\",\"name\":\"We\u017acie w posiadanie Kr\u00f3lestwo! - Gaudium Et Spes\",\"isPartOf\":{\"@id\":\"https:\/\/gaudiumetspes-blog.pl\/#website\"},\"datePublished\":\"2014-11-23T03:30:00+00:00\",\"dateModified\":\"2019-07-31T10:55:04+00:00\",\"author\":{\"@id\":\"https:\/\/gaudiumetspes-blog.pl\/#\/schema\/person\/1661982992b752dea8dff0d4ed845a65\"},\"breadcrumb\":{\"@id\":\"https:\/\/gaudiumetspes-blog.pl\/index.php\/2014\/11\/23\/wezcie-w-posiadanie-krolestwo\/#breadcrumb\"},\"inLanguage\":\"pl-PL\",\"potentialAction\":[{\"@type\":\"ReadAction\",\"target\":[\"https:\/\/gaudiumetspes-blog.pl\/index.php\/2014\/11\/23\/wezcie-w-posiadanie-krolestwo\/\"]}]},{\"@type\":\"BreadcrumbList\",\"@id\":\"https:\/\/gaudiumetspes-blog.pl\/index.php\/2014\/11\/23\/wezcie-w-posiadanie-krolestwo\/#breadcrumb\",\"itemListElement\":[{\"@type\":\"ListItem\",\"position\":1,\"name\":\"Strona g\u0142\u00f3wna\",\"item\":\"https:\/\/gaudiumetspes-blog.pl\/\"},{\"@type\":\"ListItem\",\"position\":2,\"name\":\"We\u017acie w&nbsp;posiadanie Kr\u00f3lestwo!\"}]},{\"@type\":\"WebSite\",\"@id\":\"https:\/\/gaudiumetspes-blog.pl\/#website\",\"url\":\"https:\/\/gaudiumetspes-blog.pl\/\",\"name\":\"Gaudium Et Spes\",\"description\":\"Blog Ks. Jacka Ja\u015bkowskiego\",\"potentialAction\":[{\"@type\":\"SearchAction\",\"target\":{\"@type\":\"EntryPoint\",\"urlTemplate\":\"https:\/\/gaudiumetspes-blog.pl\/?s={search_term_string}\"},\"query-input\":{\"@type\":\"PropertyValueSpecification\",\"valueRequired\":true,\"valueName\":\"search_term_string\"}}],\"inLanguage\":\"pl-PL\"},{\"@type\":\"Person\",\"@id\":\"https:\/\/gaudiumetspes-blog.pl\/#\/schema\/person\/1661982992b752dea8dff0d4ed845a65\",\"name\":\"Ks. Jacek\",\"image\":{\"@type\":\"ImageObject\",\"inLanguage\":\"pl-PL\",\"@id\":\"https:\/\/gaudiumetspes-blog.pl\/#\/schema\/person\/image\/\",\"url\":\"https:\/\/gaudiumetspes-blog.pl\/wp-content\/uploads\/2019\/07\/avatar-JJ-150x150.jpg\",\"contentUrl\":\"https:\/\/gaudiumetspes-blog.pl\/wp-content\/uploads\/2019\/07\/avatar-JJ-150x150.jpg\",\"caption\":\"Ks. Jacek\"},\"description\":\"Witam serdecznie! K\u0142ania si\u0119 Ks. Jacek Ja\u015bkowski. Nie jestem ani kim\u015b wa\u017cnym, ani kim\u015b znanym. Jestem ksi\u0119dzem, kt\u00f3ry po prostu chce rozmawia\u0107. Codzienna kap\u0142a\u0144ska pos\u0142uga pokazuje mi, \u017ce temat\u00f3w do rozm\u00f3w z ksi\u0119dzem jest coraz wi\u0119cej i dzisiaj \u017caden ksi\u0105dz nie mo\u017ce od nich ucieka\u0107, ale - wprost przeciwnie - podejmowa\u0107 nowe wyzwania. To przekonanie sk\u0142oni\u0142o mnie do pr\u00f3by otwarcia tego\u017c bloga, chocia\u017c okazji do rozm\u00f3w na co dzie\u0144 - w konfesjonale i poza nim - na szcz\u0119\u015bcie nie brakuje. My\u015bl\u0119 jednak, \u017ce ten blog b\u0119dzie jeszcze jednym sposobem i przestrzeni\u0105 nawi\u0105zania kontaktu z lud\u017ami dobrej woli, otwartymi na dialog.\",\"url\":\"https:\/\/gaudiumetspes-blog.pl\/index.php\/author\/ks-jacek\/\"}]}<\/script>\n<!-- \/ Yoast SEO plugin. -->","yoast_head_json":{"title":"We\u017acie w posiadanie Kr\u00f3lestwo! - Gaudium Et Spes","robots":{"index":"index","follow":"follow","max-snippet":"max-snippet:-1","max-image-preview":"max-image-preview:large","max-video-preview":"max-video-preview:-1"},"canonical":"https:\/\/gaudiumetspes-blog.pl\/index.php\/2014\/11\/23\/wezcie-w-posiadanie-krolestwo\/","og_locale":"pl_PL","og_type":"article","og_title":"We\u017acie w posiadanie Kr\u00f3lestwo! - Gaudium Et Spes","og_description":"Niech b\u0119dzie pochwalony Jezus Chrystus! Kochani, ju\u017c jestem! Wczoraj wr\u00f3ci\u0142em z rekolekcji kap\u0142a\u0144skich, jakie prze\u017cywa\u0142em w Kodniu, u Tronu Matki Bo\u017cej. Szczerze dzi\u0119kuj\u0119 Bogu za ten niezwyk\u0142y czas, w kt\u00f3rym uda\u0142o mi si\u0119 wyciszy\u0107, ale te\u017c podj\u0105\u0107 sporo refleksji, to i owo zapisa\u0107 i z nowym zapa\u0142em &#8211; i jednym, bardzo konkretnym postanowieniem &#8211; powr\u00f3ci\u0107 [&hellip;]","og_url":"https:\/\/gaudiumetspes-blog.pl\/index.php\/2014\/11\/23\/wezcie-w-posiadanie-krolestwo\/","og_site_name":"Gaudium Et Spes","article_published_time":"2014-11-23T03:30:00+00:00","article_modified_time":"2019-07-31T10:55:04+00:00","author":"Ks. Jacek","twitter_card":"summary_large_image","twitter_misc":{"Napisane przez":"Ks. Jacek","Szacowany czas czytania":"14 minut"},"schema":{"@context":"https:\/\/schema.org","@graph":[{"@type":"WebPage","@id":"https:\/\/gaudiumetspes-blog.pl\/index.php\/2014\/11\/23\/wezcie-w-posiadanie-krolestwo\/","url":"https:\/\/gaudiumetspes-blog.pl\/index.php\/2014\/11\/23\/wezcie-w-posiadanie-krolestwo\/","name":"We\u017acie w posiadanie Kr\u00f3lestwo! - Gaudium Et Spes","isPartOf":{"@id":"https:\/\/gaudiumetspes-blog.pl\/#website"},"datePublished":"2014-11-23T03:30:00+00:00","dateModified":"2019-07-31T10:55:04+00:00","author":{"@id":"https:\/\/gaudiumetspes-blog.pl\/#\/schema\/person\/1661982992b752dea8dff0d4ed845a65"},"breadcrumb":{"@id":"https:\/\/gaudiumetspes-blog.pl\/index.php\/2014\/11\/23\/wezcie-w-posiadanie-krolestwo\/#breadcrumb"},"inLanguage":"pl-PL","potentialAction":[{"@type":"ReadAction","target":["https:\/\/gaudiumetspes-blog.pl\/index.php\/2014\/11\/23\/wezcie-w-posiadanie-krolestwo\/"]}]},{"@type":"BreadcrumbList","@id":"https:\/\/gaudiumetspes-blog.pl\/index.php\/2014\/11\/23\/wezcie-w-posiadanie-krolestwo\/#breadcrumb","itemListElement":[{"@type":"ListItem","position":1,"name":"Strona g\u0142\u00f3wna","item":"https:\/\/gaudiumetspes-blog.pl\/"},{"@type":"ListItem","position":2,"name":"We\u017acie w&nbsp;posiadanie Kr\u00f3lestwo!"}]},{"@type":"WebSite","@id":"https:\/\/gaudiumetspes-blog.pl\/#website","url":"https:\/\/gaudiumetspes-blog.pl\/","name":"Gaudium Et Spes","description":"Blog Ks. Jacka Ja\u015bkowskiego","potentialAction":[{"@type":"SearchAction","target":{"@type":"EntryPoint","urlTemplate":"https:\/\/gaudiumetspes-blog.pl\/?s={search_term_string}"},"query-input":{"@type":"PropertyValueSpecification","valueRequired":true,"valueName":"search_term_string"}}],"inLanguage":"pl-PL"},{"@type":"Person","@id":"https:\/\/gaudiumetspes-blog.pl\/#\/schema\/person\/1661982992b752dea8dff0d4ed845a65","name":"Ks. Jacek","image":{"@type":"ImageObject","inLanguage":"pl-PL","@id":"https:\/\/gaudiumetspes-blog.pl\/#\/schema\/person\/image\/","url":"https:\/\/gaudiumetspes-blog.pl\/wp-content\/uploads\/2019\/07\/avatar-JJ-150x150.jpg","contentUrl":"https:\/\/gaudiumetspes-blog.pl\/wp-content\/uploads\/2019\/07\/avatar-JJ-150x150.jpg","caption":"Ks. Jacek"},"description":"Witam serdecznie! K\u0142ania si\u0119 Ks. Jacek Ja\u015bkowski. Nie jestem ani kim\u015b wa\u017cnym, ani kim\u015b znanym. Jestem ksi\u0119dzem, kt\u00f3ry po prostu chce rozmawia\u0107. Codzienna kap\u0142a\u0144ska pos\u0142uga pokazuje mi, \u017ce temat\u00f3w do rozm\u00f3w z ksi\u0119dzem jest coraz wi\u0119cej i dzisiaj \u017caden ksi\u0105dz nie mo\u017ce od nich ucieka\u0107, ale - wprost przeciwnie - podejmowa\u0107 nowe wyzwania. To przekonanie sk\u0142oni\u0142o mnie do pr\u00f3by otwarcia tego\u017c bloga, chocia\u017c okazji do rozm\u00f3w na co dzie\u0144 - w konfesjonale i poza nim - na szcz\u0119\u015bcie nie brakuje. My\u015bl\u0119 jednak, \u017ce ten blog b\u0119dzie jeszcze jednym sposobem i przestrzeni\u0105 nawi\u0105zania kontaktu z lud\u017ami dobrej woli, otwartymi na dialog.","url":"https:\/\/gaudiumetspes-blog.pl\/index.php\/author\/ks-jacek\/"}]}},"jetpack_featured_media_url":"","jetpack_sharing_enabled":true,"_links":{"self":[{"href":"https:\/\/gaudiumetspes-blog.pl\/index.php\/wp-json\/wp\/v2\/posts\/8567","targetHints":{"allow":["GET"]}}],"collection":[{"href":"https:\/\/gaudiumetspes-blog.pl\/index.php\/wp-json\/wp\/v2\/posts"}],"about":[{"href":"https:\/\/gaudiumetspes-blog.pl\/index.php\/wp-json\/wp\/v2\/types\/post"}],"author":[{"embeddable":true,"href":"https:\/\/gaudiumetspes-blog.pl\/index.php\/wp-json\/wp\/v2\/users\/1"}],"replies":[{"embeddable":true,"href":"https:\/\/gaudiumetspes-blog.pl\/index.php\/wp-json\/wp\/v2\/comments?post=8567"}],"version-history":[{"count":1,"href":"https:\/\/gaudiumetspes-blog.pl\/index.php\/wp-json\/wp\/v2\/posts\/8567\/revisions"}],"predecessor-version":[{"id":11853,"href":"https:\/\/gaudiumetspes-blog.pl\/index.php\/wp-json\/wp\/v2\/posts\/8567\/revisions\/11853"}],"wp:attachment":[{"href":"https:\/\/gaudiumetspes-blog.pl\/index.php\/wp-json\/wp\/v2\/media?parent=8567"}],"wp:term":[{"taxonomy":"category","embeddable":true,"href":"https:\/\/gaudiumetspes-blog.pl\/index.php\/wp-json\/wp\/v2\/categories?post=8567"},{"taxonomy":"post_tag","embeddable":true,"href":"https:\/\/gaudiumetspes-blog.pl\/index.php\/wp-json\/wp\/v2\/tags?post=8567"}],"curies":[{"name":"wp","href":"https:\/\/api.w.org\/{rel}","templated":true}]}}