{"id":8570,"date":"2014-11-20T08:36:00","date_gmt":"2014-11-20T07:36:00","guid":{"rendered":"https:\/\/gaudiumetspes-blog.pl\/index.php\/2014\/11\/20\/timeo-deum-transeunte\/"},"modified":"2019-07-31T12:55:04","modified_gmt":"2019-07-31T10:55:04","slug":"timeo-deum-transeunte","status":"publish","type":"post","link":"https:\/\/gaudiumetspes-blog.pl\/index.php\/2014\/11\/20\/timeo-deum-transeunte\/","title":{"rendered":"Timeo Deum transeuntem"},"content":{"rendered":"<div class=\"separator\" style=\"clear: both; text-align: center;\">\n<a href=\"https:\/\/gaudiumetspes-blog.pl\/wp-content\/uploads\/2014\/11\/Meczet-Al-Aksa-Jerozolima-1024x768.jpg\" imageanchor=\"1\" style=\"clear: right; float: right; margin-bottom: 1em; margin-left: 1em;\"><img loading=\"lazy\" decoding=\"async\" border=\"0\" src=\"https:\/\/gaudiumetspes-blog.pl\/wp-content\/uploads\/2014\/11\/Meczet-Al-Aksa-Jerozolima-1024x768.jpg\" height=\"240\" width=\"320\" \/><\/a><\/div>\n<p>\n<b><i>Wspomnienie \u015bw. Rafa\u0142a Kalinowskiego, kap\u0142ana<\/p>\n<p>(Ap 5,1-10)<br \/> Ja, Jan, ujrza\u0142em na prawej r\u0119ce Zasiadaj\u0105cego na tronie ksi\u0119g\u0119 zapisan\u0105 wewn\u0105trz i na odwrocie zapiecz\u0119towan\u0105 na siedem piecz\u0119ci. I ujrza\u0142em pot\u0119\u017cnego anio\u0142a, obwieszczaj\u0105cego g\u0142osem dono\u015bnym: Kto godzien jest otworzy\u0107 ksi\u0119g\u0119 i z\u0142ama\u0107 jej piecz\u0119cie? A nie m\u00f3g\u0142 nikt &#8211; na niebie ani na ziemi, ani pod ziemi\u0105 &#8211; otworzy\u0107 ksi\u0119gi ani na ni\u0105 patrze\u0107. A ja bardzo p\u0142aka\u0142em, \u017ce nikt nie znalaz\u0142 si\u0119 godzien, by ksi\u0119g\u0119 otworzy\u0107 ani na ni\u0105 patrze\u0107. I m\u00f3wi do mnie jeden ze Starc\u00f3w: Przesta\u0144 p\u0142aka\u0107: Oto zwyci\u0119\u017cy\u0142 Lew z pokolenia Judy, Odro\u015bl Dawida, tak \u017ce otworzy ksi\u0119g\u0119 i siedem jej piecz\u0119ci. I ujrza\u0142em mi\u0119dzy tronem z czworgiem Zwierz\u0105t a kr\u0119giem Starc\u00f3w stoj\u0105cego Baranka, jakby zabitego, a mia\u0142 siedem rog\u00f3w i siedmioro oczu, kt\u00f3rymi jest siedem Duch\u00f3w Boga wys\u0142anych na ca\u0142\u0105 ziemi\u0119. On poszed\u0142, i z prawicy Zasiadaj\u0105cego na tronie wzi\u0105\u0142 ksi\u0119g\u0119. A kiedy wzi\u0105\u0142 ksi\u0119g\u0119, czworo Zwierz\u0105t i dwudziestu czterech Starc\u00f3w upad\u0142o przed Barankiem, ka\u017cdy maj\u0105c harf\u0119 i z\u0142ote czasze pe\u0142ne kadzide\u0142, kt\u00f3rymi s\u0105 modlitwy \u015bwi\u0119tych. I tak\u0105 now\u0105 pie\u015b\u0144 \u015bpiewaj\u0105: Godzien jeste\u015b wzi\u0105\u0107 ksi\u0119g\u0119 i jej piecz\u0119cie otworzy\u0107, bo zosta\u0142e\u015b zabity i naby\u0142e\u015b Bogu krwi\u0105 twoj\u0105 [ludzi] z ka\u017cdego pokolenia, j\u0119zyka, ludu i narodu, i uczyni\u0142e\u015b ich Bogu naszemu kr\u00f3lestwem i kap\u0142anami, a b\u0119d\u0105 kr\u00f3lowa\u0107 na ziemi.<\/p>\n<p>(\u0141k 19,41-44)<br \/> Gdy Jezus by\u0142 ju\u017c blisko Jerozolimy, na widok miasta zap\u0142aka\u0142 nad nim i rzek\u0142: O gdyby\u015b i ty pozna\u0142o w ten dzie\u0144 to, co s\u0142u\u017cy pokojowi. Ale teraz zosta\u0142o to zakryte przed twoimi oczami. Bo przyjd\u0105 na ciebie dni, gdy twoi nieprzyjaciele otocz\u0105 ci\u0119 wa\u0142em, oblegn\u0105 ci\u0119 i \u015bcisn\u0105 zewsz\u0105d. Powal\u0105 na ziemi\u0119 ciebie i twoje dzieci z tob\u0105 i nie zostawi\u0105 w tobie kamienia na kamieniu za to, \u017ce\u015b nie rozpozna\u0142o czasu twojego nawiedzenia.<\/i><\/b><\/p>\n<p>\n<b>Niech b\u0119dzie pochwalony Jezus Chrystus!<\/b><\/p>\n<p>Pozdrawiam serdecznie z Syberii.<\/p>\n<p>Przypominam, \u017ce nasz Ojciec Dyrektor i Ojciec Za\u0142o\u017cyciel \u2013 Ks. Jacek prze\u017cywa swoje kap\u0142a\u0144skie rekolekcje, czas niezwykle wa\u017cny w \u017cyciu ka\u017cdego kap\u0142ana, a i nie tylko kap\u0142ana, dlatego usilnie modlimy si\u0119 za niego, \u017ceby mu w tym pom\u00f3c. <\/p>\n<p>A ja dzi\u015b pragn\u0119 pozdrowi\u0107 mojego przyjaciela Rafa\u0142a, nie wiem czy go znacie. Mieszkali\u015bmy z nim w jednym mie\u015bcie na Syberii, modlili\u015bmy si\u0119 w jednym ko\u015bciele, on na Syberii by\u0142 10 lat, ja dopiero 5 z kawa\u0142kiem. On jest ju\u017c \u015bwi\u0119tym, ja grzesznikiem chodz\u0105cym po tej ziemi. <\/p>\n<div class=\"separator\" style=\"clear: both; text-align: center;\">\n<a href=\"https:\/\/gaudiumetspes-blog.pl\/wp-content\/uploads\/2014\/11\/rafal3_Gotowe.jpg\" imageanchor=\"1\" style=\"clear: left; float: left; margin-bottom: 1em; margin-right: 1em;\"><img loading=\"lazy\" decoding=\"async\" border=\"0\" src=\"https:\/\/gaudiumetspes-blog.pl\/wp-content\/uploads\/2014\/11\/rafal3_Gotowe.jpg\" height=\"256\" width=\"320\" \/><\/a><\/div>\n<p>Tak, \u015bw. Rafa\u0142 Kalinowski, jak ju\u017c nie raz na tym blogu by\u0142o to m\u00f3wione \u2013 na drodze swojego zes\u0142ania mia\u0142 Tomsk, gdzie zatrzyma\u0142 si\u0119, \u017cy\u0142 2 miesi\u0105ce, ju\u017c wtedy by\u0142 ko\u015bci\u00f3\u0142, kt\u00f3ry jest do dzi\u015b, wi\u0119c nie ma innego wyj\u015bcia \u2013 Rafa\u0142 (wtedy jeszcze J\u00f3zef) tam si\u0119 modli\u0142. Wiec mam prawo uwa\u017ca\u0107 go za swojego patrona, patrona tego ko\u015bcio\u0142a na Syberii, a wi\u0119c i za swojego przyjaciela.<\/p>\n<p>Szkoda, \u017ce nie by\u0142 w Surgucie\u2026 Wtedy to i Surgutu jeszcze nie by\u0142o, tylko jaka\u015b wioska, osada\u2026 Wi\u0119cej o \u015bw. Rafale \u2013 <a href=\"http:\/\/brewiarz.pl\/czytelnia\/swieci\/11-20a.php3\">http:\/\/brewiarz.pl\/czytelnia\/swieci\/11-20a.php3<\/a><\/p>\n<p>A dzi\u015b s\u0142yszymy, czytamy, jak Jezus p\u0142acze patrz\u0105c na Jerozolim\u0119\u2026<\/p>\n<p>Spr\u00f3bujmy zamkn\u0105\u0107 oczy i wyobrazi\u0107 sobie Jezusa id\u0105cego do Jerozolimy\u2026 Tam s\u0105 r\u00f3\u017cne wzg\u00f3rza, r\u00f3\u017cne miejsca, z kt\u00f3rych pi\u0119knie wida\u0107 panoram\u0119 miasta\u2026 Jezus zatrzymuje si\u0119, patrzy na to miasto\u2026 refleksja\u2026 ogarnia go wzruszenie\u2026 On wie co b\u0119dzie\u2026 I nie na zasadzie jakiej\u015b magii \u2013 wie co b\u0119dzie z Nim, wie, jak Go nie chc\u0105 przyj\u0105\u0107\u2026 Wie jakie s\u0105 konsekwencje, nast\u0119pstwa takiej postawy, kiedy cz\u0142owiek zamyka si\u0119 na Boga, kiedy ludzie Boga nie przyjmuj\u0105\u2026 &#8211; nie zostanie kamie\u0144 na kamieniu. <\/p>\n<p>Jezus p\u0142acze, wzrusza si\u0119, \u017cal mu tego miasta.<\/p>\n<p>Jezus by\u0142 cz\u0142owiekiem, Bo\u017cy Syn sta\u0142 si\u0119 cz\u0142owiekiem i by\u0142 do nas podobny we wszystkim opr\u00f3cz grzechu\u2026 a zatem mia\u0142 normalne uczucia, by\u0142 \u2013 jest wra\u017cliwy. <\/p>\n<p><a name='more'><\/a><br \/>\nTo nie jest jaki\u015b ch\u0142odny, wyrachowany bohater film\u00f3w sensacyjnych \u2013 to cz\u0142owiek, wra\u017cliwy, kochaj\u0105cy ludzi, wzruszaj\u0105cy si\u0119, p\u0142acz\u0105cy\u2026 Takiego Jezusa spotykamy dzi\u015b w Ewangelii, w dzisiejszym fragmencie. Takiego Jezusa dzi\u015b kontemplujemy, z takim Jezusem si\u0119 dzi\u015b spotykamy\u2026<\/p>\n<p>I w\u0142a\u015bnie taki Jezus siada dzi\u015b na obrze\u017cu naszych miast, pa\u0144stw, naszych osiedli, dom\u00f3w i patrzy, i rozmy\u015bla\u2026<\/p>\n<p>O czym my\u015bli Jezus? Co czuje Jezus? Spr\u00f3bujmy si\u0105\u015b\u0107 obok Niego\u2026 ws\u0142ucha\u0107 si\u0119 w bicie Jego serca, poczu\u0107 to co on czuje\u2026 mo\u017ce i zobaczy\u0107 Jego \u0142zy? <\/p>\n<div class=\"separator\" style=\"clear: both; text-align: center;\">\n<a href=\"https:\/\/gaudiumetspes-blog.pl\/wp-content\/uploads\/2014\/11\/DSC_0740-1024x680.jpg\" imageanchor=\"1\" style=\"clear: left; float: left; margin-bottom: 1em; margin-right: 1em;\"><img loading=\"lazy\" decoding=\"async\" border=\"0\" src=\"https:\/\/gaudiumetspes-blog.pl\/wp-content\/uploads\/2014\/11\/DSC_0740-1024x680.jpg\" height=\"212\" width=\"320\" \/><\/a><\/div>\n<p>Mo\u017ce i dzi\u015b ludzko\u015b\u0107, a w niej ja \u2013 nie rozpoznaje czasu swojego nawiedzenia.<\/p>\n<p>B\u00f3g do nas przychodzi, nawiedza nas, chce co\u015b wnie\u015b\u0107 do naszego \u017cycia, chce nas poprowadzi\u0107, a my si\u0119 nie dajemy\u2026<\/p>\n<p>\u015aw. Augustyn napisa\u0142: \u201eTimeo Deum transeuntem\u201d \u2013 Boj\u0119 si\u0119 Boga przechodz\u0105cego obok \u2013 Boj\u0119 si\u0119 Boga przechodz\u0105cego. Boj\u0119 si\u0119, by nie przeszed\u0142 obok mnie niezauwa\u017cony, bym si\u0119 uchyli\u0142 od rozmowy, jak\u0105 chce ze mn\u0105 nawi\u0105za\u0107.<\/p>\n<p>Nie rozpozna\u0107 czasu swojego nawiedzenia\u2026 to wielkie niebezpiecze\u0144stwo\u2026<\/p>\n<p>B\u00f3g przychodzi do nas, daje si\u0119 spotka\u0107, zauwa\u017cy\u0107 us\u0142ysze\u0107. Sk\u0142ania nas do refleksji, modlitwy, adoracji\u2026 Tylko czy my chcemy si\u0119 spotka\u0107 z Nim?<\/p>\n<p>My mo\u017cemy si\u0119 schowa\u0107 za wyuczone formu\u0142y, m\u0105dre my\u015bli, pobo\u017cne praktyki, ko\u015bcieln\u0105 dzia\u0142alno\u015b\u0107, aktywno\u015b\u0107, a nigdy nie spotka\u0107 si\u0119 z Nim.<\/p>\n<p>Przecie\u017c teraz kiedy rozmy\u015blamy nad s\u0142owem Bo\u017cym to nie prowadzimy jakiej\u015b analizy i interpretacji tekstu, ale spotykamy si\u0119 z Nim, z \u017cywym Bogiem.<\/p>\n<p>Kiedy uczestniczymy we Mszy \u015aw. to nie uczestniczymy w liturgicznym obrz\u0119dzie, ale spotykamy si\u0119 z \u017cywym Bogiem. <\/p>\n<p>Czy mam t\u0119 \u015bwiadomo\u015b\u0107? Czy tak staram si\u0119 prze\u017cywa\u0107 \u2013 Msz\u0119 \u015aw., adoracje, rozmy\u015blanie, modlitw\u0119..?<\/p>\n<p>Spotka\u0107 si\u0119 z Bogiem \u2013 z kim\u015b, z kim\u015b realnie istniej\u0105cym, zainteresowanym moj\u0105 skromn\u0105 osob\u0105, kochaj\u0105cym mnie, lubi\u0105cym mnie, p\u0142acz\u0105cym, kiedy zaczynam b\u0142\u0105dzi\u0107 \u2013 odchodzi\u0107 od Niego, a jednocze\u015bnie daj\u0105cym wolno\u015b\u0107 \u2013 chcesz to id\u017a. <\/p>\n<p>Czas nawiedzenia mo\u017ce by\u0107 bardzo r\u00f3\u017cny\u2026 To nie zawsze wielkie wzruszenia i ciep\u0142o w sercu\u2026 Kiedy wczytujemy si\u0119 w \u017cyciorys \u015bw. Rafa\u0142a Kalinowskiego, kt\u00f3ry wiele lat \u017cy\u0142 w buncie, bez modlitwy, bez sakrament\u00f3w, dla niego, mo\u017cna powiedzie\u0107, czasem nawiedzenia by\u0142a troska najbli\u017cszych, ale potem \u2013 wyrok \u015bmierci, zamieniony na 10 lat zsy\u0142ki na Syberi\u0119. To by\u0142 dla niego czas nawiedzenia, czas nawr\u00f3cenia, czas u\u015bwi\u0119cenia. Co\u015b zdaje si\u0119 bardzo trudnego, do\u015bwiadczenie trudne do wyobra\u017cenia \u2013 a jednak\u2026<\/p>\n<p>I w naszym \u017cyciu trudne do\u015bwiadczenie, mo\u017ce okaza\u0107 si\u0119 b\u0142ogos\u0142awie\u0144stwem. <\/p>\n<p>Timeo Deum transeuntem \u2013 Boj\u0119 si\u0119 Boga przechodz\u0105cego obok \u2013 Boj\u0119 si\u0119, by B\u00f3g nie przeszed\u0142 obok mnie niezauwa\u017cony\u2026<\/p>\n<p>Jezu, kt\u00f3ry patrzysz na Jerozolim\u0119 i p\u0142aczesz\u2026 <\/p>\n<p>Jezu, a kiedy patrzysz na mnie, co czujesz? <\/p>\n<div class=\"separator\" style=\"clear: both; text-align: center;\">\n<a href=\"https:\/\/gaudiumetspes-blog.pl\/wp-content\/uploads\/2014\/11\/DSC_0716-1024x680.jpg\" imageanchor=\"1\" style=\"margin-left: 1em; margin-right: 1em;\"><img loading=\"lazy\" decoding=\"async\" border=\"0\" src=\"https:\/\/gaudiumetspes-blog.pl\/wp-content\/uploads\/2014\/11\/DSC_0716-1024x680.jpg\" height=\"212\" width=\"320\" \/><\/a><\/div>\n<p><\/p>\n","protected":false},"excerpt":{"rendered":"<p>Wspomnienie \u015bw. Rafa\u0142a Kalinowskiego, kap\u0142ana (Ap 5,1-10) Ja, Jan, ujrza\u0142em na prawej r\u0119ce Zasiadaj\u0105cego na tronie ksi\u0119g\u0119 zapisan\u0105 wewn\u0105trz i na odwrocie zapiecz\u0119towan\u0105 na siedem piecz\u0119ci. I ujrza\u0142em pot\u0119\u017cnego anio\u0142a, obwieszczaj\u0105cego g\u0142osem dono\u015bnym: Kto godzien jest otworzy\u0107 ksi\u0119g\u0119 i z\u0142ama\u0107 jej piecz\u0119cie? A nie m\u00f3g\u0142 nikt &#8211; na niebie ani na ziemi, ani pod ziemi\u0105 [&hellip;]<\/p>\n","protected":false},"author":1,"featured_media":0,"comment_status":"open","ping_status":"open","sticky":false,"template":"","format":"standard","meta":{"jetpack_post_was_ever_published":false,"_jetpack_newsletter_access":"","_jetpack_dont_email_post_to_subs":false,"_jetpack_newsletter_tier_id":0,"_jetpack_memberships_contains_paywalled_content":false,"_jetpack_memberships_contains_paid_content":false,"footnotes":""},"categories":[1],"tags":[],"class_list":["post-8570","post","type-post","status-publish","format-standard","hentry","category-bez-kategorii"],"yoast_head":"<!-- This site is optimized with the Yoast SEO plugin v25.1 - https:\/\/yoast.com\/wordpress\/plugins\/seo\/ -->\n<title>Timeo Deum transeuntem - Gaudium Et Spes<\/title>\n<meta name=\"robots\" content=\"index, follow, max-snippet:-1, max-image-preview:large, max-video-preview:-1\" \/>\n<link rel=\"canonical\" href=\"https:\/\/gaudiumetspes-blog.pl\/index.php\/2014\/11\/20\/timeo-deum-transeunte\/\" \/>\n<meta property=\"og:locale\" content=\"pl_PL\" \/>\n<meta property=\"og:type\" content=\"article\" \/>\n<meta property=\"og:title\" content=\"Timeo Deum transeuntem - Gaudium Et Spes\" \/>\n<meta property=\"og:description\" content=\"Wspomnienie \u015bw. Rafa\u0142a Kalinowskiego, kap\u0142ana (Ap 5,1-10) Ja, Jan, ujrza\u0142em na prawej r\u0119ce Zasiadaj\u0105cego na tronie ksi\u0119g\u0119 zapisan\u0105 wewn\u0105trz i na odwrocie zapiecz\u0119towan\u0105 na siedem piecz\u0119ci. I ujrza\u0142em pot\u0119\u017cnego anio\u0142a, obwieszczaj\u0105cego g\u0142osem dono\u015bnym: Kto godzien jest otworzy\u0107 ksi\u0119g\u0119 i z\u0142ama\u0107 jej piecz\u0119cie? A nie m\u00f3g\u0142 nikt &#8211; na niebie ani na ziemi, ani pod ziemi\u0105 [&hellip;]\" \/>\n<meta property=\"og:url\" content=\"https:\/\/gaudiumetspes-blog.pl\/index.php\/2014\/11\/20\/timeo-deum-transeunte\/\" \/>\n<meta property=\"og:site_name\" content=\"Gaudium Et Spes\" \/>\n<meta property=\"article:published_time\" content=\"2014-11-20T07:36:00+00:00\" \/>\n<meta property=\"article:modified_time\" content=\"2019-07-31T10:55:04+00:00\" \/>\n<meta property=\"og:image\" content=\"https:\/\/gaudiumetspes-blog.pl\/wp-content\/uploads\/2014\/11\/Meczet-Al-Aksa-Jerozolima-1024x768.jpg\" \/>\n<meta name=\"author\" content=\"Ks. Jacek\" \/>\n<meta name=\"twitter:card\" content=\"summary_large_image\" \/>\n<meta name=\"twitter:label1\" content=\"Napisane przez\" \/>\n\t<meta name=\"twitter:data1\" content=\"Ks. Jacek\" \/>\n\t<meta name=\"twitter:label2\" content=\"Szacowany czas czytania\" \/>\n\t<meta name=\"twitter:data2\" content=\"6 minut\" \/>\n<script type=\"application\/ld+json\" class=\"yoast-schema-graph\">{\"@context\":\"https:\/\/schema.org\",\"@graph\":[{\"@type\":\"WebPage\",\"@id\":\"https:\/\/gaudiumetspes-blog.pl\/index.php\/2014\/11\/20\/timeo-deum-transeunte\/\",\"url\":\"https:\/\/gaudiumetspes-blog.pl\/index.php\/2014\/11\/20\/timeo-deum-transeunte\/\",\"name\":\"Timeo Deum transeuntem - Gaudium Et Spes\",\"isPartOf\":{\"@id\":\"https:\/\/gaudiumetspes-blog.pl\/#website\"},\"primaryImageOfPage\":{\"@id\":\"https:\/\/gaudiumetspes-blog.pl\/index.php\/2014\/11\/20\/timeo-deum-transeunte\/#primaryimage\"},\"image\":{\"@id\":\"https:\/\/gaudiumetspes-blog.pl\/index.php\/2014\/11\/20\/timeo-deum-transeunte\/#primaryimage\"},\"thumbnailUrl\":\"https:\/\/gaudiumetspes-blog.pl\/wp-content\/uploads\/2014\/11\/Meczet-Al-Aksa-Jerozolima-1024x768.jpg\",\"datePublished\":\"2014-11-20T07:36:00+00:00\",\"dateModified\":\"2019-07-31T10:55:04+00:00\",\"author\":{\"@id\":\"https:\/\/gaudiumetspes-blog.pl\/#\/schema\/person\/1661982992b752dea8dff0d4ed845a65\"},\"breadcrumb\":{\"@id\":\"https:\/\/gaudiumetspes-blog.pl\/index.php\/2014\/11\/20\/timeo-deum-transeunte\/#breadcrumb\"},\"inLanguage\":\"pl-PL\",\"potentialAction\":[{\"@type\":\"ReadAction\",\"target\":[\"https:\/\/gaudiumetspes-blog.pl\/index.php\/2014\/11\/20\/timeo-deum-transeunte\/\"]}]},{\"@type\":\"ImageObject\",\"inLanguage\":\"pl-PL\",\"@id\":\"https:\/\/gaudiumetspes-blog.pl\/index.php\/2014\/11\/20\/timeo-deum-transeunte\/#primaryimage\",\"url\":\"https:\/\/gaudiumetspes-blog.pl\/wp-content\/uploads\/2014\/11\/Meczet-Al-Aksa-Jerozolima-1024x768.jpg\",\"contentUrl\":\"https:\/\/gaudiumetspes-blog.pl\/wp-content\/uploads\/2014\/11\/Meczet-Al-Aksa-Jerozolima-1024x768.jpg\"},{\"@type\":\"BreadcrumbList\",\"@id\":\"https:\/\/gaudiumetspes-blog.pl\/index.php\/2014\/11\/20\/timeo-deum-transeunte\/#breadcrumb\",\"itemListElement\":[{\"@type\":\"ListItem\",\"position\":1,\"name\":\"Strona g\u0142\u00f3wna\",\"item\":\"https:\/\/gaudiumetspes-blog.pl\/\"},{\"@type\":\"ListItem\",\"position\":2,\"name\":\"Timeo Deum transeuntem\"}]},{\"@type\":\"WebSite\",\"@id\":\"https:\/\/gaudiumetspes-blog.pl\/#website\",\"url\":\"https:\/\/gaudiumetspes-blog.pl\/\",\"name\":\"Gaudium Et Spes\",\"description\":\"Blog Ks. Jacka Ja\u015bkowskiego\",\"potentialAction\":[{\"@type\":\"SearchAction\",\"target\":{\"@type\":\"EntryPoint\",\"urlTemplate\":\"https:\/\/gaudiumetspes-blog.pl\/?s={search_term_string}\"},\"query-input\":{\"@type\":\"PropertyValueSpecification\",\"valueRequired\":true,\"valueName\":\"search_term_string\"}}],\"inLanguage\":\"pl-PL\"},{\"@type\":\"Person\",\"@id\":\"https:\/\/gaudiumetspes-blog.pl\/#\/schema\/person\/1661982992b752dea8dff0d4ed845a65\",\"name\":\"Ks. Jacek\",\"image\":{\"@type\":\"ImageObject\",\"inLanguage\":\"pl-PL\",\"@id\":\"https:\/\/gaudiumetspes-blog.pl\/#\/schema\/person\/image\/\",\"url\":\"https:\/\/gaudiumetspes-blog.pl\/wp-content\/uploads\/2019\/07\/avatar-JJ-150x150.jpg\",\"contentUrl\":\"https:\/\/gaudiumetspes-blog.pl\/wp-content\/uploads\/2019\/07\/avatar-JJ-150x150.jpg\",\"caption\":\"Ks. Jacek\"},\"description\":\"Witam serdecznie! K\u0142ania si\u0119 Ks. Jacek Ja\u015bkowski. Nie jestem ani kim\u015b wa\u017cnym, ani kim\u015b znanym. Jestem ksi\u0119dzem, kt\u00f3ry po prostu chce rozmawia\u0107. Codzienna kap\u0142a\u0144ska pos\u0142uga pokazuje mi, \u017ce temat\u00f3w do rozm\u00f3w z ksi\u0119dzem jest coraz wi\u0119cej i dzisiaj \u017caden ksi\u0105dz nie mo\u017ce od nich ucieka\u0107, ale - wprost przeciwnie - podejmowa\u0107 nowe wyzwania. To przekonanie sk\u0142oni\u0142o mnie do pr\u00f3by otwarcia tego\u017c bloga, chocia\u017c okazji do rozm\u00f3w na co dzie\u0144 - w konfesjonale i poza nim - na szcz\u0119\u015bcie nie brakuje. My\u015bl\u0119 jednak, \u017ce ten blog b\u0119dzie jeszcze jednym sposobem i przestrzeni\u0105 nawi\u0105zania kontaktu z lud\u017ami dobrej woli, otwartymi na dialog.\",\"url\":\"https:\/\/gaudiumetspes-blog.pl\/index.php\/author\/ks-jacek\/\"}]}<\/script>\n<!-- \/ Yoast SEO plugin. -->","yoast_head_json":{"title":"Timeo Deum transeuntem - Gaudium Et Spes","robots":{"index":"index","follow":"follow","max-snippet":"max-snippet:-1","max-image-preview":"max-image-preview:large","max-video-preview":"max-video-preview:-1"},"canonical":"https:\/\/gaudiumetspes-blog.pl\/index.php\/2014\/11\/20\/timeo-deum-transeunte\/","og_locale":"pl_PL","og_type":"article","og_title":"Timeo Deum transeuntem - Gaudium Et Spes","og_description":"Wspomnienie \u015bw. Rafa\u0142a Kalinowskiego, kap\u0142ana (Ap 5,1-10) Ja, Jan, ujrza\u0142em na prawej r\u0119ce Zasiadaj\u0105cego na tronie ksi\u0119g\u0119 zapisan\u0105 wewn\u0105trz i na odwrocie zapiecz\u0119towan\u0105 na siedem piecz\u0119ci. I ujrza\u0142em pot\u0119\u017cnego anio\u0142a, obwieszczaj\u0105cego g\u0142osem dono\u015bnym: Kto godzien jest otworzy\u0107 ksi\u0119g\u0119 i z\u0142ama\u0107 jej piecz\u0119cie? A nie m\u00f3g\u0142 nikt &#8211; na niebie ani na ziemi, ani pod ziemi\u0105 [&hellip;]","og_url":"https:\/\/gaudiumetspes-blog.pl\/index.php\/2014\/11\/20\/timeo-deum-transeunte\/","og_site_name":"Gaudium Et Spes","article_published_time":"2014-11-20T07:36:00+00:00","article_modified_time":"2019-07-31T10:55:04+00:00","og_image":[{"url":"https:\/\/gaudiumetspes-blog.pl\/wp-content\/uploads\/2014\/11\/Meczet-Al-Aksa-Jerozolima-1024x768.jpg","type":"","width":"","height":""}],"author":"Ks. Jacek","twitter_card":"summary_large_image","twitter_misc":{"Napisane przez":"Ks. Jacek","Szacowany czas czytania":"6 minut"},"schema":{"@context":"https:\/\/schema.org","@graph":[{"@type":"WebPage","@id":"https:\/\/gaudiumetspes-blog.pl\/index.php\/2014\/11\/20\/timeo-deum-transeunte\/","url":"https:\/\/gaudiumetspes-blog.pl\/index.php\/2014\/11\/20\/timeo-deum-transeunte\/","name":"Timeo Deum transeuntem - Gaudium Et Spes","isPartOf":{"@id":"https:\/\/gaudiumetspes-blog.pl\/#website"},"primaryImageOfPage":{"@id":"https:\/\/gaudiumetspes-blog.pl\/index.php\/2014\/11\/20\/timeo-deum-transeunte\/#primaryimage"},"image":{"@id":"https:\/\/gaudiumetspes-blog.pl\/index.php\/2014\/11\/20\/timeo-deum-transeunte\/#primaryimage"},"thumbnailUrl":"https:\/\/gaudiumetspes-blog.pl\/wp-content\/uploads\/2014\/11\/Meczet-Al-Aksa-Jerozolima-1024x768.jpg","datePublished":"2014-11-20T07:36:00+00:00","dateModified":"2019-07-31T10:55:04+00:00","author":{"@id":"https:\/\/gaudiumetspes-blog.pl\/#\/schema\/person\/1661982992b752dea8dff0d4ed845a65"},"breadcrumb":{"@id":"https:\/\/gaudiumetspes-blog.pl\/index.php\/2014\/11\/20\/timeo-deum-transeunte\/#breadcrumb"},"inLanguage":"pl-PL","potentialAction":[{"@type":"ReadAction","target":["https:\/\/gaudiumetspes-blog.pl\/index.php\/2014\/11\/20\/timeo-deum-transeunte\/"]}]},{"@type":"ImageObject","inLanguage":"pl-PL","@id":"https:\/\/gaudiumetspes-blog.pl\/index.php\/2014\/11\/20\/timeo-deum-transeunte\/#primaryimage","url":"https:\/\/gaudiumetspes-blog.pl\/wp-content\/uploads\/2014\/11\/Meczet-Al-Aksa-Jerozolima-1024x768.jpg","contentUrl":"https:\/\/gaudiumetspes-blog.pl\/wp-content\/uploads\/2014\/11\/Meczet-Al-Aksa-Jerozolima-1024x768.jpg"},{"@type":"BreadcrumbList","@id":"https:\/\/gaudiumetspes-blog.pl\/index.php\/2014\/11\/20\/timeo-deum-transeunte\/#breadcrumb","itemListElement":[{"@type":"ListItem","position":1,"name":"Strona g\u0142\u00f3wna","item":"https:\/\/gaudiumetspes-blog.pl\/"},{"@type":"ListItem","position":2,"name":"Timeo Deum transeuntem"}]},{"@type":"WebSite","@id":"https:\/\/gaudiumetspes-blog.pl\/#website","url":"https:\/\/gaudiumetspes-blog.pl\/","name":"Gaudium Et Spes","description":"Blog Ks. Jacka Ja\u015bkowskiego","potentialAction":[{"@type":"SearchAction","target":{"@type":"EntryPoint","urlTemplate":"https:\/\/gaudiumetspes-blog.pl\/?s={search_term_string}"},"query-input":{"@type":"PropertyValueSpecification","valueRequired":true,"valueName":"search_term_string"}}],"inLanguage":"pl-PL"},{"@type":"Person","@id":"https:\/\/gaudiumetspes-blog.pl\/#\/schema\/person\/1661982992b752dea8dff0d4ed845a65","name":"Ks. Jacek","image":{"@type":"ImageObject","inLanguage":"pl-PL","@id":"https:\/\/gaudiumetspes-blog.pl\/#\/schema\/person\/image\/","url":"https:\/\/gaudiumetspes-blog.pl\/wp-content\/uploads\/2019\/07\/avatar-JJ-150x150.jpg","contentUrl":"https:\/\/gaudiumetspes-blog.pl\/wp-content\/uploads\/2019\/07\/avatar-JJ-150x150.jpg","caption":"Ks. Jacek"},"description":"Witam serdecznie! K\u0142ania si\u0119 Ks. Jacek Ja\u015bkowski. Nie jestem ani kim\u015b wa\u017cnym, ani kim\u015b znanym. Jestem ksi\u0119dzem, kt\u00f3ry po prostu chce rozmawia\u0107. Codzienna kap\u0142a\u0144ska pos\u0142uga pokazuje mi, \u017ce temat\u00f3w do rozm\u00f3w z ksi\u0119dzem jest coraz wi\u0119cej i dzisiaj \u017caden ksi\u0105dz nie mo\u017ce od nich ucieka\u0107, ale - wprost przeciwnie - podejmowa\u0107 nowe wyzwania. To przekonanie sk\u0142oni\u0142o mnie do pr\u00f3by otwarcia tego\u017c bloga, chocia\u017c okazji do rozm\u00f3w na co dzie\u0144 - w konfesjonale i poza nim - na szcz\u0119\u015bcie nie brakuje. My\u015bl\u0119 jednak, \u017ce ten blog b\u0119dzie jeszcze jednym sposobem i przestrzeni\u0105 nawi\u0105zania kontaktu z lud\u017ami dobrej woli, otwartymi na dialog.","url":"https:\/\/gaudiumetspes-blog.pl\/index.php\/author\/ks-jacek\/"}]}},"jetpack_featured_media_url":"","jetpack_sharing_enabled":true,"_links":{"self":[{"href":"https:\/\/gaudiumetspes-blog.pl\/index.php\/wp-json\/wp\/v2\/posts\/8570","targetHints":{"allow":["GET"]}}],"collection":[{"href":"https:\/\/gaudiumetspes-blog.pl\/index.php\/wp-json\/wp\/v2\/posts"}],"about":[{"href":"https:\/\/gaudiumetspes-blog.pl\/index.php\/wp-json\/wp\/v2\/types\/post"}],"author":[{"embeddable":true,"href":"https:\/\/gaudiumetspes-blog.pl\/index.php\/wp-json\/wp\/v2\/users\/1"}],"replies":[{"embeddable":true,"href":"https:\/\/gaudiumetspes-blog.pl\/index.php\/wp-json\/wp\/v2\/comments?post=8570"}],"version-history":[{"count":1,"href":"https:\/\/gaudiumetspes-blog.pl\/index.php\/wp-json\/wp\/v2\/posts\/8570\/revisions"}],"predecessor-version":[{"id":11845,"href":"https:\/\/gaudiumetspes-blog.pl\/index.php\/wp-json\/wp\/v2\/posts\/8570\/revisions\/11845"}],"wp:attachment":[{"href":"https:\/\/gaudiumetspes-blog.pl\/index.php\/wp-json\/wp\/v2\/media?parent=8570"}],"wp:term":[{"taxonomy":"category","embeddable":true,"href":"https:\/\/gaudiumetspes-blog.pl\/index.php\/wp-json\/wp\/v2\/categories?post=8570"},{"taxonomy":"post_tag","embeddable":true,"href":"https:\/\/gaudiumetspes-blog.pl\/index.php\/wp-json\/wp\/v2\/tags?post=8570"}],"curies":[{"name":"wp","href":"https:\/\/api.w.org\/{rel}","templated":true}]}}