{"id":8581,"date":"2014-11-09T05:08:00","date_gmt":"2014-11-09T04:08:00","guid":{"rendered":"https:\/\/gaudiumetspes-blog.pl\/index.php\/2014\/11\/09\/w-kosciele-jestesmy-koscioe\/"},"modified":"2019-07-31T12:55:01","modified_gmt":"2019-07-31T10:55:01","slug":"w-kosciele-jestesmy-koscioe","status":"publish","type":"post","link":"https:\/\/gaudiumetspes-blog.pl\/index.php\/2014\/11\/09\/w-kosciele-jestesmy-koscioe\/","title":{"rendered":"W ko\u015bciele &#8211; jeste\u015bmy Ko\u015bcio\u0142em!"},"content":{"rendered":"<div align=\"justify\" class=\"western\" style=\"line-height: 150%; margin-bottom: 0cm;\">\nNiech b\u0119dzie pochwalony Jezus Chrystus! Moi Drodzy, w Miastkowie &#8211; sk\u0105d Wszystkich serdecznie pozdrawiam &#8211; dzisiaj zako\u0144czenie misji \u015bwi\u0119tych uroczyst\u0105 Msz\u0105 \u015awi\u0119t\u0105 jubileuszow\u0105 o godz. 17.00, sprawowan\u0105 pod przewodnictwem Ksi\u0119dza Biskupa Piotra Sawczuka, Biskupa Pomocniczego Diecezji Siedleckiej. W czasie tej\u017ce Mszy \u015awi\u0119tej b\u0119dzie udzielone Bierzmowanie grupie m\u0142odzie\u017cy.&nbsp;<\/div>\n<div align=\"justify\" class=\"western\" style=\"line-height: 150%; margin-bottom: 0cm;\">\n&nbsp; &nbsp; &nbsp; &nbsp; &nbsp;Wczoraj za\u015b odby\u0142a si\u0119 przepi\u0119kna uroczysto\u015b\u0107 odnowienia przyrzecze\u0144 &nbsp;ma\u0142\u017ce\u0144skich. Dzi\u0119ki wyj\u0105tkowej atmosferze, jaka panuje na misjach, oraz dzi\u0119ki wyj\u0105tkowemu sposobowi, w jaki Ksi\u0105dz Jacek Sereda przeprowadzi\u0142 ten obrz\u0119d na ka\u017cdej Mszy \u015awi\u0119tej, by\u0142o to naprawd\u0119 pi\u0119kne i wa\u017cne wydarzenie. Oby owocowa\u0142o w dalszym \u017cyciu wszystkich \u015blubuj\u0105cych ma\u0142\u017conk\u00f3w! I o to w\u0142a\u015bnie, oraz o wszelkie inne owoce misji \u015bwi\u0119tych dla Wsp\u00f3lnoty Parafialnej w Miastkowie chc\u0119 si\u0119 modli\u0107.&nbsp;<\/div>\n<div align=\"justify\" class=\"western\" style=\"line-height: 150%; margin-bottom: 0cm;\">\n<b>&nbsp; &nbsp; &nbsp;<\/b>A dzisiaj, w 32 Niedziel\u0119 zwyk\u0142\u0105, prze\u017cywamy \u015bwi\u0119to Rocznicy po\u015bwi\u0119cenia Bazyliki latera\u0144skiej. Teksty czyta\u0144 i formularz mszalny tego w\u0142a\u015bnie b\u0119dzie dotyczy\u0142. Pisz\u0119 o tym, \u017ceby si\u0119 nikt nie dziwi\u0142&#8230;&nbsp;<\/div>\n<div align=\"justify\" class=\"western\" style=\"line-height: 150%; margin-bottom: 0cm;\">\n<b>&nbsp; &nbsp; &nbsp;&nbsp;<\/b>Na radosne i g\u0142\u0119bokie prze\u017cywanie Dnia Pa\u0144skiego<b> &#8211; niech Was b\u0142ogos\u0142awi B\u00f3g Wszechmog\u0105cy: Ojciec + i Syn, i Duch \u015awi\u0119ty. Amen<\/b><\/div>\n<div align=\"justify\" class=\"western\" style=\"line-height: 150%; margin-bottom: 0cm;\">\n<b>&nbsp; &nbsp; &nbsp; &nbsp; &nbsp; &nbsp; &nbsp; &nbsp; &nbsp; &nbsp; &nbsp; &nbsp;Gaudium et spes! &nbsp;Ks. Jacek<\/b><\/div>\n<div align=\"justify\" class=\"western\" style=\"line-height: 150%; margin-bottom: 0cm;\">\n<b><br \/><\/b><\/div>\n<div align=\"justify\" class=\"western\" style=\"line-height: 150%; margin-bottom: 0cm;\">\n<b>\u015awi\u0119to<br \/>\nRocznicy po\u015bwi\u0119cenia Bazyliki latera\u0144skiej,<\/b><\/div>\n<div align=\"justify\" class=\"western\" style=\"line-height: 150%; margin-bottom: 0cm;\">\n<b>w<br \/>\n32 Niedziel\u0119 zwyk\u0142\u0105,<\/b><\/div>\n<div align=\"justify\" class=\"western\" style=\"line-height: 150%; margin-bottom: 0cm;\">\n<b>do<br \/>\nczyta\u0144 z t.VI Lekcjonarza:  <\/b>\n<\/div>\n<div align=\"justify\" class=\"western\" style=\"line-height: 150%; margin-bottom: 0cm;\">\n<b>Ez<br \/>\n47,1\u20132.8\u20139.12;  1 Kor 3,9b\u201311.16\u201317;  J 2,13\u201322<\/b><\/div>\n<div align=\"justify\" class=\"western\" style=\"line-height: 150%; margin-bottom: 0cm;\">\n<\/div>\n<div align=\"justify\" class=\"western\" style=\"line-height: 150%; margin-bottom: 0cm;\">\n<b>CZYTANIE<br \/>\nZ KSI\u0118GI PROROKA EZECHIELA:<\/b><\/div>\n<div align=\"justify\" class=\"western\" style=\"line-height: 150%; margin-bottom: 0cm; orphans: 2; page-break-before: auto; text-indent: 1.3cm; widows: 2;\">\n<b>Podczas<br \/>\nwidzenia otrzymanego od Pana zaprowadzi\u0142 mnie anio\u0142 z powrotem<br \/>\nprzed wej\u015bcie do \u015bwi\u0105tyni, a oto wyp\u0142ywa\u0142a woda spod progu<br \/>\n\u015bwi\u0105tyni w kierunku wschodnim, poniewa\u017c przednia strona \u015bwi\u0105tyni<br \/>\nby\u0142a skierowana ku wschodowi; a woda p\u0142yn\u0119\u0142a spod prawej strony<br \/>\n\u015bwi\u0105tyni na po\u0142udnie od o\u0142tarza. I wyprowadzi\u0142 mnie przez bram\u0119<br \/>\np\u00f3\u0142nocn\u0105 na zewn\u0105trz i poza murami powi\u00f3d\u0142 mnie do bramy<br \/>\nzewn\u0119trznej, skierowanej ku wschodowi. A oto woda wyp\u0142ywa\u0142a spod<br \/>\nprawej \u015bciany \u015bwi\u0105tyni, na po\u0142udnie od o\u0142tarza. <\/b>\n<\/div>\n<div align=\"justify\" class=\"western\" style=\"line-height: 150%; margin-bottom: 0cm; orphans: 2; text-indent: 1.3cm; widows: 2;\">\n<b>Anio\u0142<br \/>\nrzek\u0142 do<br \/>\nmnie:<br \/>\n\u201eWoda ta p\u0142ynie na obszar wschodni, wzd\u0142u\u017c step\u00f3w, i rozlewa<br \/>\nsi\u0119 w wodach s\u0142onych, i wtedy wody jego staj\u0105 si\u0119 zdrowe.<br \/>\nWszystkie te\u017c istoty \u017cyj\u0105ce, od kt\u00f3rych tam si\u0119 roi,<br \/>\ndok\u0105dkolwiek potok wp\u0142ynie, pozostan\u0105 przy \u017cyciu: b\u0119d\u0105 tam te\u017c<br \/>\nniezliczone ryby, bo dok\u0105dkolwiek dotr\u0105 te wody, wszystko b\u0119dzie<br \/>\nuzdrowione. <\/b>\n<\/div>\n<div align=\"justify\" class=\"western\" style=\"line-height: 150%; margin-bottom: 0cm; orphans: 2; text-indent: 1.3cm; widows: 2;\">\n<b>A<br \/>\nnad brzegami potoku maj\u0105 rosn\u0105\u0107 po obu stronach r\u00f3\u017cnego rodzaju<br \/>\ndrzewa owocowe, kt\u00f3rych li\u015bcie nie wi\u0119dn\u0105, kt\u00f3rych owoce si\u0119<br \/>\nnie wyczerpuj\u0105; ka\u017cdego miesi\u0105ca b\u0119d\u0105 rodzi\u0107 nowe, poniewa\u017c<br \/>\nich woda przychodzi z przybytku. Ich owoce b\u0119d\u0105 s\u0142u\u017cy\u0107 za<br \/>\npokarm, a ich li\u015bcie za lekarstwo\u201d.<\/b><\/div>\n<div align=\"justify\" class=\"western\" style=\"line-height: 150%; margin-bottom: 0cm;\">\n<\/div>\n<div align=\"justify\" class=\"western\" style=\"line-height: 150%; margin-bottom: 0cm;\">\n<b>CZYTANIE<br \/>\nZ PIERWSZEGO LISTU \u015aWI\u0118TEGO PAW\u0141A APOSTO\u0141A DO KORYNTIAN:<\/b><\/div>\n<div align=\"justify\" class=\"western\" style=\"line-height: 150%; margin-bottom: 0cm; text-indent: 1.25cm;\">\n<b>Bracia:<br \/>\nJeste\u015bcie uprawn\u0105 rol\u0105 Bo\u017c\u0105 i Bo\u017c\u0105 budowl\u0105. Wed\u0142ug danej mi<br \/>\n\u0142aski Bo\u017cej, jako roztropny budowniczy, po\u0142o\u017cy\u0142em fundament,<br \/>\nkto\u015b inny za\u015b wznosi budynek. Niech ka\u017cdy jednak baczy na to, jak<br \/>\nbuduje. Fundamentu bowiem nikt nie mo\u017ce po\u0142o\u017cy\u0107 innego ni\u017c ten,<br \/>\nkt\u00f3ry jest po\u0142o\u017cony, a kt\u00f3rym jest Jezus Chrystus. <\/b>\n<\/div>\n<div align=\"justify\" class=\"western\" style=\"line-height: 150%; margin-bottom: 0cm; text-indent: 1.25cm;\">\n<b>Czy\u017c<br \/>\nnie wiecie, \u017ce\u015bcie \u015bwi\u0105tyni\u0105 Boga i \u017ce Duch Bo\u017cy mieszka w<br \/>\nwas? Je\u017celi kto\u015b zniszczy \u015bwi\u0105tyni\u0119 Boga, tego zniszczy B\u00f3g.<br \/>\n\u015awi\u0105tynia Boga jest \u015bwi\u0119ta, a wy ni\u0105 jeste\u015bcie.<\/b><\/div>\n<div align=\"justify\" class=\"western\" style=\"line-height: 150%; margin-bottom: 0cm;\">\n<\/div>\n<div align=\"justify\" class=\"western\" style=\"line-height: 150%; margin-bottom: 0cm;\">\n<b>S\u0141OWA<br \/>\nEWANGELII WED\u0141UG \u015aWI\u0118TEGO JANA:<\/b><\/div>\n<div align=\"justify\" class=\"western\" style=\"line-height: 150%; margin-bottom: 0cm; text-indent: 1.25cm;\">\n<b>Zbli\u017ca\u0142a<br \/>\nsi\u0119 pora Paschy \u017cydowskiej i Jezus uda\u0142 si\u0119 do Jerozolimy. W<br \/>\n\u015bwi\u0105tyni napotka\u0142 tych, kt\u00f3rzy sprzedawali wo\u0142y, baranki i<br \/>\ngo\u0142\u0119bie, oraz siedz\u0105cych za sto\u0142ami bankier\u00f3w.<\/b><\/div>\n<div align=\"justify\" class=\"western\" style=\"line-height: 150%; margin-bottom: 0cm; text-indent: 1.25cm;\">\n<b>W\u00f3wczas<br \/>\nsporz\u0105dziwszy sobie bicz ze sznurk\u00f3w, powyp\u0119dza\u0142 wszystkich ze<br \/>\n\u015bwi\u0105tyni, tak\u017ce baranki i wo\u0142y, porozrzuca\u0142 monety bankier\u00f3w, a<br \/>\nsto\u0142y powywraca\u0142.<\/b><\/div>\n<div align=\"justify\" class=\"western\" style=\"line-height: 150%; margin-bottom: 0cm; text-indent: 1.25cm;\">\n<b>Do<br \/>\ntych za\u015b, kt\u00f3rzy sprzedawali go\u0142\u0119bie, rzek\u0142: \u201eWe\u017acie to st\u0105d,<br \/>\na nie r\u00f3bcie z domu mego Ojca targowiska\u201d. Uczniowie Jego<br \/>\nprzypomnieli sobie, \u017ce napisano: \u201eGorliwo\u015b\u0107 o dom Tw\u00f3j po\u017cera<br \/>\nMnie\u201d.<\/b><\/div>\n<div align=\"justify\" class=\"western\" style=\"line-height: 150%; margin-bottom: 0cm; text-indent: 1.25cm;\">\n<b>W<br \/>\nodpowiedzi za\u015b na to \u017bydzi rzekli do Niego: \u201eJakim znakiem<br \/>\nwyka\u017cesz si\u0119 wobec nas, skoro takie rzeczy czynisz?\u201d<\/b><\/div>\n<div align=\"justify\" class=\"western\" style=\"line-height: 150%; margin-bottom: 0cm; text-indent: 1.25cm;\">\n<b>Jezus<br \/>\nda\u0142 im tak\u0105 odpowied\u017a: \u201eZburzcie t\u0119 \u015bwi\u0105tyni\u0119, a Ja w trzech<br \/>\ndniach wznios\u0119 j\u0105 na nowo\u201d.<\/b><\/div>\n<div align=\"justify\" class=\"western\" style=\"line-height: 150%; margin-bottom: 0cm; text-indent: 1.25cm;\">\n<b>Powiedzieli<br \/>\ndo Niego \u017bydzi: \u201eCzterdzie\u015bci sze\u015b\u0107 lat budowano t\u0119 \u015bwi\u0105tyni\u0119,<br \/>\na Ty j\u0105 wzniesiesz w przeci\u0105gu trzech dni?\u201d On za\u015b m\u00f3wi\u0142 o<br \/>\n\u015bwi\u0105tyni swego Cia\u0142a.<\/b><\/div>\n<div align=\"justify\" class=\"western\" style=\"line-height: 150%; margin-bottom: 0cm; text-indent: 1.25cm;\">\n<b>Gdy<br \/>\nwi\u0119c zmartwychwsta\u0142, przypomnieli sobie uczniowie Jego, \u017ce to<br \/>\npowiedzia\u0142, i uwierzyli Pismu i s\u0142owu, kt\u00f3re wyrzek\u0142 Jezus.<\/b><\/div>\n<div align=\"justify\" class=\"western\" style=\"line-height: 150%; margin-bottom: 0cm;\">\n<\/div>\n<div align=\"justify\" class=\"western\" style=\"line-height: 150%; margin-bottom: 0cm; text-indent: 1.25cm;\">\nW<br \/>\ndniu <b>9 listopada <\/b><b>2008 <\/b><b>roku,<\/b> w rozwa\u017caniu<br \/>\npoprzedzaj\u0105cym modlitw\u0119 po\u0142udniow\u0105 \u201eAnio\u0142 Pa\u0144ski\u201d, <b>Ojciec<br \/>\n\u015awi\u0119ty Benedykt XVI tak m\u00f3wi\u0142 na temat dzisiejszego \u015bwi\u0119ta: <\/b>\n<\/div>\n<div align=\"justify\" class=\"western\" style=\"line-height: 150%; margin-bottom: 0cm; text-indent: 1.25cm;\">\n\u201eZgodnie<br \/>\nz liturgi\u0105 obchodzimy dzisiaj po\u015bwi\u0119cenie Bazyliki<br \/>\nlatera\u0144skiej, nazywanej <b>\u00ab<\/b><b>M<\/b><b>atk\u0105<br \/>\ni <\/b><b>G<\/b><b>\u0142ow\u0105<br \/>\nko\u015bcio\u0142\u00f3w Miasta i \u015awiata\u00bb. <\/b>Rzeczywi\u015bcie,<br \/>\nby\u0142a to <b>pierwsza<br \/>\nbazylika zbudowana po edykcie cesarza Konstantyna, kt\u00f3ry w 313 r<\/b><b>oku<\/b><br \/>\nzezwoli\u0142 chrze\u015bcijanom na swobodne praktykowanie swojej religii.<br \/>\nTen sam cesarz podarowa\u0142 Papie\u017cowi<br \/>\nMilcjadesowi dawne posiad\u0142o\u015bci rodziny Lateran\u00f3w i na nich <b>kaza\u0142<br \/>\nzbudowa\u0107 bazylik\u0119, baptysterium i \u00abpatriarchio\u00bb, <\/b>czyli<br \/>\nrezydencj\u0119 Biskupa Rzymu, gdzie papie\u017ce mieszkali a\u017c do czas\u00f3w<br \/>\nawinio\u0144skich.\n<\/div>\n<div align=\"justify\" class=\"western\" style=\"line-height: 150%; margin-bottom: 0cm; text-indent: 1.25cm;\">\n<b>Po\u015bwi\u0119cenia<br \/>\n<\/b><b>B<\/b><b>azyliki<br \/>\ndokona\u0142 <\/b><b>P<\/b><b>apie\u017c<br \/>\nSylwester oko\u0142o r<\/b><b>oku<\/b><b><br \/>\n324, <\/b>a<br \/>\n\u015bwi\u0105tyni\u0119 zadedykowano Naj\u015bwi\u0119tszemu Zbawicielowi. Dopiero <b>po<br \/>\nVI w<\/b><b>ieku<\/b><b><br \/>\ndodano wezwania <\/b><b>\u015a<\/b><b>wi\u0119tych<br \/>\nJana Chrzciciela i Jana Ewangelisty,<\/b><br \/>\nst\u0105d pochodzi wsp\u00f3lna nazwa.\n<\/div>\n<div align=\"justify\" class=\"western\" style=\"line-height: 150%; margin-bottom: 0cm; text-indent: 1.25cm;\">\nUroczysto\u015b\u0107<br \/>\nt\u0119 obchodzono pocz\u0105tkowo tylko w Rzymie. P\u00f3\u017aniej, poczynaj\u0105c <b>od<br \/>\nr<\/b><b>oku<br \/>\n<\/b><b>1565,<br \/>\nrozszerzy\u0142a si\u0119 na wszystkie Ko\u015bcio\u0142y obrz\u0105dku<br \/>\nrzymskokatolickiego.<\/b><br \/>\nW ten spos\u00f3b, oddaj\u0105c cze\u015b\u0107 sakralnej budowli, daje si\u0119 <b>wyraz<br \/>\nczci i mi\u0142o\u015bci do Ko\u015bcio\u0142a rzymskiego, <\/b>kt\u00f3ry<br \/>\n\u2013 jak wyrazi\u0142 si\u0119 \u015awi\u0119ty<br \/>\nIgnacy Antioche\u0144ski \u2013 \u00abprzewodniczy w mi\u0142o\u015bci\u00bb ca\u0142ej<br \/>\nwsp\u00f3lnocie katolickiej.<\/div>\n<div align=\"justify\" class=\"western\" style=\"line-height: 150%; margin-bottom: 0cm; text-indent: 1.25cm;\">\nS\u0142owo<br \/>\nBo\u017ce w t\u0119 uroczysto\u015b\u0107 przypomina zasadnicz\u0105 prawd\u0119: <b>\u015bwi\u0105tynia<br \/>\nz cegie\u0142 jest symbolem \u017cywego Ko\u015bcio\u0142a, wsp\u00f3lnoty<br \/>\nchrze\u015bcija\u0144skiej,<\/b><br \/>\nkt\u00f3r\u0105 ju\u017c Aposto\u0142owie<br \/>\nPiotr i Pawe\u0142 w swoich listach okre\u015blali jako <b>\u00abbudowl\u0119<br \/>\nduchow\u0105\u00bb,<\/b><br \/>\nwzniesion\u0105 przez Boga z <b>\u00ab\u017cywych<br \/>\nkamieni\u00bb,<\/b><br \/>\nkt\u00f3rymi s\u0105 chrze\u015bcijanie, na jedynym fundamencie, kt\u00f3rym jest<br \/>\nJezus Chrystus, por\u00f3wnywany do \u00abkamienia<br \/>\nw\u0119gielnego\u00bb.\n<\/div>\n<div align=\"justify\" class=\"western\" style=\"line-height: 150%; margin-bottom: 0cm; text-indent: 1.25cm;\">\n<i><b>Bracia,<br \/>\nwy za\u015b jeste\u015bcie<\/b><\/i><br \/>\n<b>[\u2026]<\/b><br \/>\n<i><b>Bo\u017c\u0105<br \/>\nbudowl\u0105 \u2013 <\/b><\/i>pisze<br \/>\n\u015awi\u0119ty<br \/>\nPawe\u0142, i dodaje: <i><b>\u015awi\u0105tynia<br \/>\nBoga jest \u015bwi\u0119ta, a wy ni\u0105 jeste\u015bcie.<\/b><\/i><b>.<\/b><br \/>\nPi\u0119kno i harmonia ko\u015bcio\u0142\u00f3w, przeznaczonych do tego, by wys\u0142awia\u0107<br \/>\nw nich Boga, <b>zach\u0119caj\u0105<br \/>\ni nas, ludzkie istoty, ograniczone i grzeszne, do nawr\u00f3cenia,<\/b><br \/>\nby\u015bmy tworzyli \u00abkosmos\u00bb, dobrze ukszta\u0142towan\u0105 budowl\u0119, <b>w<br \/>\n\u015bcis\u0142ej jedno\u015bci z Jezusem Chrystusem,<\/b><br \/>\nkt\u00f3ry jest prawdziwym \u015awi\u0119tym \u015awi\u0119tych. Realizuje si\u0119 to<br \/>\nnajpe\u0142niej w liturgii eucharystycznej, w kt\u00f3rej <b>ecclesia<\/b><b>,<br \/>\nczyli wsp\u00f3lnota ochrzczonych, jednoczy si\u0119, <\/b>by<br \/>\ns\u0142ucha\u0107 S\u0142owa Bo\u017cego oraz by karmi\u0107 si\u0119 Cia\u0142em i Krwi\u0105<br \/>\nChrystusa.\n<\/div>\n<div align=\"justify\" class=\"western\" style=\"line-height: 150%; margin-bottom: 0cm; text-indent: 1.25cm;\">\nWok\u00f3\u0142<br \/>\ntego dwojakiego sto\u0142u <b>Ko\u015bci\u00f3\u0142<br \/>\n\u017cywych kamieni buduje si\u0119 w prawdzie i mi\u0142o\u015bci, <\/b>i<br \/>\njest wewn\u0119trznie kszta\u0142towany przez Ducha \u015awi\u0119tego \u2014 przemienia<br \/>\nsi\u0119 w to, co otrzymuje, <b>upodabniaj\u0105c<br \/>\nsi\u0119 coraz bardziej do swego Pana Jezusa Chrystusa.<\/b><br \/>\nJe\u015bli \u017cyje on w szczerej i braterskiej jedno\u015bci, staje si\u0119<br \/>\nduchow\u0105 ofiar\u0105 mi\u0142\u0105 Bogu.<\/div>\n<div align=\"justify\" class=\"western\" style=\"line-height: 150%; margin-bottom: 0cm; text-indent: 1.25cm;\">\nDrodzy<br \/>\nPrzyjaciele,<br \/>\ndzisiejsza uroczysto\u015b\u0107 wys\u0142awia zawsze aktualn\u0105 tajemnic\u0119, a<br \/>\nmianowicie, <b>\u017ce<br \/>\nB\u00f3g chce zbudowa\u0107 sobie w<\/b><br \/>\n<b>\u015bwiecie<br \/>\nduchow\u0105 \u015bwi\u0105tyni\u0119, wsp\u00f3lnot\u0119, kt\u00f3ra b\u0119dzie Go czci\u0107 w Duchu<br \/>\ni prawdzie. <\/b>\n<\/div>\n<div align=\"justify\" class=\"western\" style=\"line-height: 150%; margin-bottom: 0cm; text-indent: 1.25cm;\">\nJednak\u017ce<br \/>\nuroczysto\u015b\u0107 ta przypomina nam r\u00f3wnie\u017c <b>o<br \/>\nznaczeniu budowli materialnych,<\/b><br \/>\nw kt\u00f3rych wsp\u00f3lnoty gromadz\u0105 si\u0119, by wys\u0142awia\u0107 Boga. Ka\u017cda<br \/>\nwsp\u00f3lnota <b>ma<br \/>\nzatem obowi\u0105zek dba\u0107 o swoje budynki sakralne,<\/b><br \/>\nkt\u00f3re stanowi\u0105 cenne dziedzictwo religijne i historyczne. Pro\u015bmy<br \/>\nwi\u0119c o wstawiennictwo Naj\u015bwi\u0119tsz\u0105 Maryj\u0119, aby pomog\u0142a nam <b>sta\u0107<br \/>\nsi\u0119, jak Ona, \u00abdomem Boga\u00bb, <\/b>\u017cyw\u0105<br \/>\n\u015bwi\u0105tyni\u0105 Jego mi\u0142o\u015bci.\u201d Tak<br \/>\nm\u00f3wi\u0142 Benedykt XVI do wszystkich obecnych na Placu \u015awi\u0119tego<br \/>\nPiotra.<\/div>\n<div align=\"justify\" class=\"western\" style=\"line-height: 150%; margin-bottom: 0cm; text-indent: 1.25cm;\">\nA<br \/>\ndo Polak\u00f3w powiedzia\u0142: \u201ePozdrawiam<br \/>\nserdecznie Polak\u00f3w. Dzisiaj przypada rocznica po\u015bwi\u0119cenia Bazyliki<br \/>\nlatera\u0144skiej, pierwszego co do godno\u015bci Ko\u015bcio\u0142a, kt\u00f3ry jest<br \/>\nkatedr\u0105 Biskupa Rzymu. <b>To<br \/>\n\u015bwi\u0119to przypomina nam, \u017ce my sami \u00abjeste\u015bmy \u015bwi\u0105tyni\u0105 Boga i<br \/>\n\u017ce Duch Bo\u017cy w nas mieszka\u00bb.<\/b><br \/>\nA skoro tak, niech nasze \u017cycie b\u0119dzie tego \u015bwiadectwem. Niech Duch<br \/>\n\u015awi\u0119ty was umacnia i prowadzi.\u201d Tyle<br \/>\nz papieskiej katechezy.<\/div>\n<div align=\"justify\" class=\"western\" style=\"line-height: 150%; margin-bottom: 0cm; text-indent: 1.25cm;\">\nA<br \/>\nmy, s\u0142uchaj\u0105c tego rozwa\u017cania, a wcze\u015bniej czyta\u0144 mszalnych<br \/>\ndzisiejszej liturgii, mamy okazj\u0119 raz jeszcze podzi\u0119kowa\u0107 Bogu <b>za<br \/>\nKo\u015bci\u00f3\u0142 \u2013 i za ko\u015bci\u00f3\u0142.<\/b><\/p>\n<\/div>\n<div align=\"justify\" class=\"western\" style=\"line-height: 150%; margin-bottom: 0cm; text-indent: 1.25cm;\">\nNajpierw<br \/>\nza to, \u017ce jeste\u015bmy <b>cz\u0142onkami<br \/>\ntak niezwyk\u0142ej Wsp\u00f3lnoty,<\/b><br \/>\nogarniaj\u0105cej swym zasi\u0119giem <b>ca\u0142y<br \/>\n\u015bwiat, <\/b>a<br \/>\nw sferze pozaziemskiej \u2013 tak\u017ce <b>rzeczywisto\u015b\u0107<br \/>\nNieba i Czy\u015b\u0107ca, <\/b>gdzie<br \/>\nnasi Bracia i nasze Siostry b\u0105d\u017a to ciesz\u0105 si\u0119 ogl\u0105daniem<br \/>\nOblicza Pana, b\u0105d\u017a si\u0119 jeszcze do tego przygotowuj\u0105. <b>My<br \/>\nza\u015b pielgrzymujemy przez ziemi\u0119, wsparci ich wstawiennictwem, pod<br \/>\nopiek\u0105 i duchowym przewodnictwem Biskupa Rzymu i dzia\u0142aj\u0105cych w<br \/>\npe\u0142nej z nim jedno\u015bci \u2013 naszych Pasterzy. <\/b>\n<\/div>\n<div align=\"justify\" class=\"western\" style=\"line-height: 150%; margin-bottom: 0cm; text-indent: 1.25cm;\">\nDzi\u0119kujemy<br \/>\nza to, \u017ce na drodze, wiod\u0105cej do szcz\u0119\u015bcia wiecznego \u2013 na<br \/>\ndrodze, na kt\u00f3rej nie braknie przeszk\u00f3d i trudno\u015bci \u2013 <b>nie<br \/>\njeste\u015bmy sami. Jeste\u015bmy wsp\u00f3lnot\u0105!<\/b><br \/>\nI nawet je\u017celi nie zawsze podoba nam si\u0119 post\u0119powanie tego czy<br \/>\ninnego cz\u0142owieka, a z innym znowu nie mo\u017cemy \u201ez\u0142apa\u0107\u201d<br \/>\nkontaktu, a nawet \u2013 <b>je\u017celi<br \/>\nnie bardzo odpowiada nam taki lub inny styl obecnego Papie\u017ca,<\/b><br \/>\njego spontaniczno\u015b\u0107 czy spos\u00f3b m\u00f3wienia, albo nie bardzo<br \/>\nrozumieli\u015bmy przekaz poprzedniego Papie\u017ca, czy swojego Biskupa, to<br \/>\njednak mo\u017cemy by\u0107 pewni, \u017ce \u2013 jak \u015bpiewali\u015bmy<br \/>\nw Psalmie responsoryjnym \u2013 <b>\u201eB\u00f3g<br \/>\njest we wn\u0119trzu swojego Ko\u015b<\/b><b>c<\/b><b>io\u0142a\u201d.<br \/>\n<\/b>\n<\/div>\n<div align=\"justify\" class=\"western\" style=\"line-height: 150%; margin-bottom: 0cm; text-indent: 1.25cm;\">\nPrzeto<br \/>\nlegalnie wybrany Papie\u017c <b>jest<br \/>\nna pewno namiestnikiem <\/b><b>Chrystusa<\/b><b>.<br \/>\n<\/b>A<br \/>\nz kolei wyznaczony i pos\u0142any przez Papie\u017ca Biskup <b>jest<br \/>\nna pewno nast\u0119pc\u0105 Aposto\u0142\u00f3w<\/b><br \/>\ni przewodnikiem lokalnego Ko\u015bcio\u0142a \u2013 bez wzgl\u0119du na osobiste<br \/>\nwalory, zdolno\u015bci, czy nawet wady. Bo Ko\u015bci\u00f3\u0142 jest tak\u0105<br \/>\n<b>wyj\u0105tkow\u0105<br \/>\n<\/b><b>w<\/b><b>sp\u00f3lnot\u0105,<br \/>\nkt\u00f3ra jednoczy ludzi s\u0142abych i grzesznych,<\/b><br \/>\nale wspieraj\u0105cych si\u0119 nawzajem w zdobywaniu Nieba. A Tym, kt\u00f3ry<br \/>\nnajpe\u0142niej obdarza \u0142ask\u0105, najskuteczniej jednoczy i najpewniej<br \/>\nprowadzi \u2013 <b>jest<br \/>\nJezus Chrystus.<\/b><\/div>\n<div align=\"justify\" class=\"western\" style=\"line-height: 150%; margin-bottom: 0cm; text-indent: 1.25cm;\">\nNaj\u0142atwiej<br \/>\nza\u015b spotka\u0107 si\u0119 z Nim <b>w<br \/>\nko\u015bciele \u2013 w \u015bwi\u0105tyni,<\/b><br \/>\nw kt\u00f3rej jest obecny pod postaciami Eucharystycznymi, ale te\u017c w<br \/>\nswoim S\u0142owie i Sakramentach. \u015awi\u0105tynia jerozolimska by\u0142a<br \/>\n<b>zapowi<\/b><b>edzi\u0105<\/b><b><br \/>\ndzisiejsz<\/b><b>ych<br \/>\nnaszych <\/b><b>\u015bwi\u0105ty<\/b><b>\u0144<\/b><b>,<\/b><br \/>\nale przecie\u017c i ona by\u0142a znakiem obecno\u015bci Boga w\u015br\u00f3d swego ludu,<br \/>\nprzeto \u2013 jak s\u0142yszeli\u015bmy w Ewangelii \u2013 <b>Jezus<br \/>\nupomnia\u0142 si\u0119 o cze\u015b\u0107 dla \u015bwi\u0105tyni.<\/b><br \/>\nI to upomnia\u0142 si\u0119 <b>w<br \/>\nspos\u00f3b bardzo radykalny! <\/b>Chcia\u0142<br \/>\nnam bowiem<br \/>\nw ten spos\u00f3b co\u015b bardzo wa\u017cnego powiedzie\u0107. Co takiego?<\/div>\n<div align=\"justify\" class=\"western\" style=\"line-height: 150%; margin-bottom: 0cm; text-indent: 1.25cm;\">\nZapewne<br \/>\nwiemy\u2026 Przecie\u017c \u2013 jak to wyra\u017anie sam B\u00f3g ukazuje Ezechielowi,<br \/>\no czym s\u0142yszeli\u015bmy w pierwszym czytaniu \u2013 ze \u015bwi\u0105tyni p\u0142ynie\u2026<br \/>\n<b>\u017cycie!<\/b><br \/>\nOczywi\u015bcie, nade wszystko to <b>\u017cycie<br \/>\nduchowe, kt\u00f3re jest darem samego Boga.<\/b><\/p>\n<\/div>\n<div align=\"justify\" class=\"western\" style=\"line-height: 150%; margin-bottom: 0cm; text-indent: 1.25cm;\">\nDlatego<br \/>\nprzychodzimy i my do naszych \u015bwi\u0105ty\u0144, <b>przychodzimy<br \/>\ndo ko\u015bcio\u0142a, aby jeszcze bardziej poczu\u0107 si\u0119 <\/b><b>i<br \/>\nby\u0107 <\/b><b>Ko\u015bcio\u0142em!<br \/>\n<\/b>A<br \/>\nprze\u017cywaj\u0105c \u015bwi\u0119to po\u015bwi\u0119cenia jednego z najwa\u017cniejszych<br \/>\nko\u015bcio\u0142\u00f3w na \u015bwiecie, dzi\u0119kujemy Bogu za<br \/>\nOjca \u015awi\u0119tego \u2013 obecnego i poprzednich \u2013 oraz wyra\u017camy nasz\u0105<br \/>\nwielk\u0105 wdzi\u0119czno\u015b\u0107 za to, \u017ce On<br \/>\nsam, B\u00f3g jedyny, uczyni\u0142<br \/>\nz nas <b>wsp\u00f3lnot\u0119,<br \/>\nrodzin\u0119 wierz\u0105cych!<\/b><\/div>\n<div align=\"justify\" class=\"western\" style=\"line-height: 150%; margin-bottom: 0cm; text-indent: 1.25cm;\">\nI<br \/>\n\u017ce Jego wol\u0105 by\u0142o, aby\u015bmy do zbawienia d\u0105\u017cyli <b>nie<br \/>\npojedynczo, ale w\u0142a\u015bnie we wsp\u00f3lnocie, w t<\/b><b>ak<br \/>\nwielkiej<\/b><b><br \/>\nrodzinie. <\/b>Oby<br \/>\nta nasza wdzi\u0119czno\u015b\u0107 Bogu przek\u0142ada\u0142a si\u0119 na <b>modlitw\u0119<br \/>\nw intencji i w intencjach Ojca \u015awi\u0119tego i Ko\u015bcio\u0142a,<\/b><br \/>\noraz na <b>postaw\u0119<br \/>\ngodn\u0105 chrze\u015bcijanina<\/b><br \/>\n\u2013 cz\u0142onka tak wspania\u0142ej Wsp\u00f3lnoty!<\/div>\n","protected":false},"excerpt":{"rendered":"<p>Niech b\u0119dzie pochwalony Jezus Chrystus! Moi Drodzy, w Miastkowie &#8211; sk\u0105d Wszystkich serdecznie pozdrawiam &#8211; dzisiaj zako\u0144czenie misji \u015bwi\u0119tych uroczyst\u0105 Msz\u0105 \u015awi\u0119t\u0105 jubileuszow\u0105 o godz. 17.00, sprawowan\u0105 pod przewodnictwem Ksi\u0119dza Biskupa Piotra Sawczuka, Biskupa Pomocniczego Diecezji Siedleckiej. W czasie tej\u017ce Mszy \u015awi\u0119tej b\u0119dzie udzielone Bierzmowanie grupie m\u0142odzie\u017cy.&nbsp; &nbsp; &nbsp; &nbsp; &nbsp; &nbsp;Wczoraj za\u015b odby\u0142a si\u0119 [&hellip;]<\/p>\n","protected":false},"author":1,"featured_media":0,"comment_status":"open","ping_status":"open","sticky":false,"template":"","format":"standard","meta":{"jetpack_post_was_ever_published":false,"_jetpack_newsletter_access":"","_jetpack_dont_email_post_to_subs":false,"_jetpack_newsletter_tier_id":0,"_jetpack_memberships_contains_paywalled_content":false,"_jetpack_memberships_contains_paid_content":false,"footnotes":""},"categories":[1],"tags":[],"class_list":["post-8581","post","type-post","status-publish","format-standard","hentry","category-bez-kategorii"],"yoast_head":"<!-- This site is optimized with the Yoast SEO plugin v25.1 - https:\/\/yoast.com\/wordpress\/plugins\/seo\/ -->\n<title>W ko\u015bciele - jeste\u015bmy Ko\u015bcio\u0142em! - Gaudium Et Spes<\/title>\n<meta name=\"robots\" content=\"index, follow, max-snippet:-1, max-image-preview:large, max-video-preview:-1\" \/>\n<link rel=\"canonical\" href=\"https:\/\/gaudiumetspes-blog.pl\/index.php\/2014\/11\/09\/w-kosciele-jestesmy-koscioe\/\" \/>\n<meta property=\"og:locale\" content=\"pl_PL\" \/>\n<meta property=\"og:type\" content=\"article\" \/>\n<meta property=\"og:title\" content=\"W ko\u015bciele - jeste\u015bmy Ko\u015bcio\u0142em! - Gaudium Et Spes\" \/>\n<meta property=\"og:description\" content=\"Niech b\u0119dzie pochwalony Jezus Chrystus! Moi Drodzy, w Miastkowie &#8211; sk\u0105d Wszystkich serdecznie pozdrawiam &#8211; dzisiaj zako\u0144czenie misji \u015bwi\u0119tych uroczyst\u0105 Msz\u0105 \u015awi\u0119t\u0105 jubileuszow\u0105 o godz. 17.00, sprawowan\u0105 pod przewodnictwem Ksi\u0119dza Biskupa Piotra Sawczuka, Biskupa Pomocniczego Diecezji Siedleckiej. W czasie tej\u017ce Mszy \u015awi\u0119tej b\u0119dzie udzielone Bierzmowanie grupie m\u0142odzie\u017cy.&nbsp; &nbsp; &nbsp; &nbsp; &nbsp; &nbsp;Wczoraj za\u015b odby\u0142a si\u0119 [&hellip;]\" \/>\n<meta property=\"og:url\" content=\"https:\/\/gaudiumetspes-blog.pl\/index.php\/2014\/11\/09\/w-kosciele-jestesmy-koscioe\/\" \/>\n<meta property=\"og:site_name\" content=\"Gaudium Et Spes\" \/>\n<meta property=\"article:published_time\" content=\"2014-11-09T04:08:00+00:00\" \/>\n<meta property=\"article:modified_time\" content=\"2019-07-31T10:55:01+00:00\" \/>\n<meta name=\"author\" content=\"Ks. Jacek\" \/>\n<meta name=\"twitter:card\" content=\"summary_large_image\" \/>\n<meta name=\"twitter:label1\" content=\"Napisane przez\" \/>\n\t<meta name=\"twitter:data1\" content=\"Ks. Jacek\" \/>\n\t<meta name=\"twitter:label2\" content=\"Szacowany czas czytania\" \/>\n\t<meta name=\"twitter:data2\" content=\"10 minut\" \/>\n<script type=\"application\/ld+json\" class=\"yoast-schema-graph\">{\"@context\":\"https:\/\/schema.org\",\"@graph\":[{\"@type\":\"WebPage\",\"@id\":\"https:\/\/gaudiumetspes-blog.pl\/index.php\/2014\/11\/09\/w-kosciele-jestesmy-koscioe\/\",\"url\":\"https:\/\/gaudiumetspes-blog.pl\/index.php\/2014\/11\/09\/w-kosciele-jestesmy-koscioe\/\",\"name\":\"W ko\u015bciele - jeste\u015bmy Ko\u015bcio\u0142em! - Gaudium Et Spes\",\"isPartOf\":{\"@id\":\"https:\/\/gaudiumetspes-blog.pl\/#website\"},\"datePublished\":\"2014-11-09T04:08:00+00:00\",\"dateModified\":\"2019-07-31T10:55:01+00:00\",\"author\":{\"@id\":\"https:\/\/gaudiumetspes-blog.pl\/#\/schema\/person\/1661982992b752dea8dff0d4ed845a65\"},\"breadcrumb\":{\"@id\":\"https:\/\/gaudiumetspes-blog.pl\/index.php\/2014\/11\/09\/w-kosciele-jestesmy-koscioe\/#breadcrumb\"},\"inLanguage\":\"pl-PL\",\"potentialAction\":[{\"@type\":\"ReadAction\",\"target\":[\"https:\/\/gaudiumetspes-blog.pl\/index.php\/2014\/11\/09\/w-kosciele-jestesmy-koscioe\/\"]}]},{\"@type\":\"BreadcrumbList\",\"@id\":\"https:\/\/gaudiumetspes-blog.pl\/index.php\/2014\/11\/09\/w-kosciele-jestesmy-koscioe\/#breadcrumb\",\"itemListElement\":[{\"@type\":\"ListItem\",\"position\":1,\"name\":\"Strona g\u0142\u00f3wna\",\"item\":\"https:\/\/gaudiumetspes-blog.pl\/\"},{\"@type\":\"ListItem\",\"position\":2,\"name\":\"W&nbsp;ko\u015bciele &#8211; jeste\u015bmy Ko\u015bcio\u0142em!\"}]},{\"@type\":\"WebSite\",\"@id\":\"https:\/\/gaudiumetspes-blog.pl\/#website\",\"url\":\"https:\/\/gaudiumetspes-blog.pl\/\",\"name\":\"Gaudium Et Spes\",\"description\":\"Blog Ks. Jacka Ja\u015bkowskiego\",\"potentialAction\":[{\"@type\":\"SearchAction\",\"target\":{\"@type\":\"EntryPoint\",\"urlTemplate\":\"https:\/\/gaudiumetspes-blog.pl\/?s={search_term_string}\"},\"query-input\":{\"@type\":\"PropertyValueSpecification\",\"valueRequired\":true,\"valueName\":\"search_term_string\"}}],\"inLanguage\":\"pl-PL\"},{\"@type\":\"Person\",\"@id\":\"https:\/\/gaudiumetspes-blog.pl\/#\/schema\/person\/1661982992b752dea8dff0d4ed845a65\",\"name\":\"Ks. Jacek\",\"image\":{\"@type\":\"ImageObject\",\"inLanguage\":\"pl-PL\",\"@id\":\"https:\/\/gaudiumetspes-blog.pl\/#\/schema\/person\/image\/\",\"url\":\"https:\/\/gaudiumetspes-blog.pl\/wp-content\/uploads\/2019\/07\/avatar-JJ-150x150.jpg\",\"contentUrl\":\"https:\/\/gaudiumetspes-blog.pl\/wp-content\/uploads\/2019\/07\/avatar-JJ-150x150.jpg\",\"caption\":\"Ks. Jacek\"},\"description\":\"Witam serdecznie! K\u0142ania si\u0119 Ks. Jacek Ja\u015bkowski. Nie jestem ani kim\u015b wa\u017cnym, ani kim\u015b znanym. Jestem ksi\u0119dzem, kt\u00f3ry po prostu chce rozmawia\u0107. Codzienna kap\u0142a\u0144ska pos\u0142uga pokazuje mi, \u017ce temat\u00f3w do rozm\u00f3w z ksi\u0119dzem jest coraz wi\u0119cej i dzisiaj \u017caden ksi\u0105dz nie mo\u017ce od nich ucieka\u0107, ale - wprost przeciwnie - podejmowa\u0107 nowe wyzwania. To przekonanie sk\u0142oni\u0142o mnie do pr\u00f3by otwarcia tego\u017c bloga, chocia\u017c okazji do rozm\u00f3w na co dzie\u0144 - w konfesjonale i poza nim - na szcz\u0119\u015bcie nie brakuje. My\u015bl\u0119 jednak, \u017ce ten blog b\u0119dzie jeszcze jednym sposobem i przestrzeni\u0105 nawi\u0105zania kontaktu z lud\u017ami dobrej woli, otwartymi na dialog.\",\"url\":\"https:\/\/gaudiumetspes-blog.pl\/index.php\/author\/ks-jacek\/\"}]}<\/script>\n<!-- \/ Yoast SEO plugin. -->","yoast_head_json":{"title":"W ko\u015bciele - jeste\u015bmy Ko\u015bcio\u0142em! - Gaudium Et Spes","robots":{"index":"index","follow":"follow","max-snippet":"max-snippet:-1","max-image-preview":"max-image-preview:large","max-video-preview":"max-video-preview:-1"},"canonical":"https:\/\/gaudiumetspes-blog.pl\/index.php\/2014\/11\/09\/w-kosciele-jestesmy-koscioe\/","og_locale":"pl_PL","og_type":"article","og_title":"W ko\u015bciele - jeste\u015bmy Ko\u015bcio\u0142em! - Gaudium Et Spes","og_description":"Niech b\u0119dzie pochwalony Jezus Chrystus! Moi Drodzy, w Miastkowie &#8211; sk\u0105d Wszystkich serdecznie pozdrawiam &#8211; dzisiaj zako\u0144czenie misji \u015bwi\u0119tych uroczyst\u0105 Msz\u0105 \u015awi\u0119t\u0105 jubileuszow\u0105 o godz. 17.00, sprawowan\u0105 pod przewodnictwem Ksi\u0119dza Biskupa Piotra Sawczuka, Biskupa Pomocniczego Diecezji Siedleckiej. W czasie tej\u017ce Mszy \u015awi\u0119tej b\u0119dzie udzielone Bierzmowanie grupie m\u0142odzie\u017cy.&nbsp; &nbsp; &nbsp; &nbsp; &nbsp; &nbsp;Wczoraj za\u015b odby\u0142a si\u0119 [&hellip;]","og_url":"https:\/\/gaudiumetspes-blog.pl\/index.php\/2014\/11\/09\/w-kosciele-jestesmy-koscioe\/","og_site_name":"Gaudium Et Spes","article_published_time":"2014-11-09T04:08:00+00:00","article_modified_time":"2019-07-31T10:55:01+00:00","author":"Ks. Jacek","twitter_card":"summary_large_image","twitter_misc":{"Napisane przez":"Ks. Jacek","Szacowany czas czytania":"10 minut"},"schema":{"@context":"https:\/\/schema.org","@graph":[{"@type":"WebPage","@id":"https:\/\/gaudiumetspes-blog.pl\/index.php\/2014\/11\/09\/w-kosciele-jestesmy-koscioe\/","url":"https:\/\/gaudiumetspes-blog.pl\/index.php\/2014\/11\/09\/w-kosciele-jestesmy-koscioe\/","name":"W ko\u015bciele - jeste\u015bmy Ko\u015bcio\u0142em! - Gaudium Et Spes","isPartOf":{"@id":"https:\/\/gaudiumetspes-blog.pl\/#website"},"datePublished":"2014-11-09T04:08:00+00:00","dateModified":"2019-07-31T10:55:01+00:00","author":{"@id":"https:\/\/gaudiumetspes-blog.pl\/#\/schema\/person\/1661982992b752dea8dff0d4ed845a65"},"breadcrumb":{"@id":"https:\/\/gaudiumetspes-blog.pl\/index.php\/2014\/11\/09\/w-kosciele-jestesmy-koscioe\/#breadcrumb"},"inLanguage":"pl-PL","potentialAction":[{"@type":"ReadAction","target":["https:\/\/gaudiumetspes-blog.pl\/index.php\/2014\/11\/09\/w-kosciele-jestesmy-koscioe\/"]}]},{"@type":"BreadcrumbList","@id":"https:\/\/gaudiumetspes-blog.pl\/index.php\/2014\/11\/09\/w-kosciele-jestesmy-koscioe\/#breadcrumb","itemListElement":[{"@type":"ListItem","position":1,"name":"Strona g\u0142\u00f3wna","item":"https:\/\/gaudiumetspes-blog.pl\/"},{"@type":"ListItem","position":2,"name":"W&nbsp;ko\u015bciele &#8211; jeste\u015bmy Ko\u015bcio\u0142em!"}]},{"@type":"WebSite","@id":"https:\/\/gaudiumetspes-blog.pl\/#website","url":"https:\/\/gaudiumetspes-blog.pl\/","name":"Gaudium Et Spes","description":"Blog Ks. Jacka Ja\u015bkowskiego","potentialAction":[{"@type":"SearchAction","target":{"@type":"EntryPoint","urlTemplate":"https:\/\/gaudiumetspes-blog.pl\/?s={search_term_string}"},"query-input":{"@type":"PropertyValueSpecification","valueRequired":true,"valueName":"search_term_string"}}],"inLanguage":"pl-PL"},{"@type":"Person","@id":"https:\/\/gaudiumetspes-blog.pl\/#\/schema\/person\/1661982992b752dea8dff0d4ed845a65","name":"Ks. Jacek","image":{"@type":"ImageObject","inLanguage":"pl-PL","@id":"https:\/\/gaudiumetspes-blog.pl\/#\/schema\/person\/image\/","url":"https:\/\/gaudiumetspes-blog.pl\/wp-content\/uploads\/2019\/07\/avatar-JJ-150x150.jpg","contentUrl":"https:\/\/gaudiumetspes-blog.pl\/wp-content\/uploads\/2019\/07\/avatar-JJ-150x150.jpg","caption":"Ks. Jacek"},"description":"Witam serdecznie! K\u0142ania si\u0119 Ks. Jacek Ja\u015bkowski. Nie jestem ani kim\u015b wa\u017cnym, ani kim\u015b znanym. Jestem ksi\u0119dzem, kt\u00f3ry po prostu chce rozmawia\u0107. Codzienna kap\u0142a\u0144ska pos\u0142uga pokazuje mi, \u017ce temat\u00f3w do rozm\u00f3w z ksi\u0119dzem jest coraz wi\u0119cej i dzisiaj \u017caden ksi\u0105dz nie mo\u017ce od nich ucieka\u0107, ale - wprost przeciwnie - podejmowa\u0107 nowe wyzwania. To przekonanie sk\u0142oni\u0142o mnie do pr\u00f3by otwarcia tego\u017c bloga, chocia\u017c okazji do rozm\u00f3w na co dzie\u0144 - w konfesjonale i poza nim - na szcz\u0119\u015bcie nie brakuje. My\u015bl\u0119 jednak, \u017ce ten blog b\u0119dzie jeszcze jednym sposobem i przestrzeni\u0105 nawi\u0105zania kontaktu z lud\u017ami dobrej woli, otwartymi na dialog.","url":"https:\/\/gaudiumetspes-blog.pl\/index.php\/author\/ks-jacek\/"}]}},"jetpack_featured_media_url":"","jetpack_sharing_enabled":true,"_links":{"self":[{"href":"https:\/\/gaudiumetspes-blog.pl\/index.php\/wp-json\/wp\/v2\/posts\/8581","targetHints":{"allow":["GET"]}}],"collection":[{"href":"https:\/\/gaudiumetspes-blog.pl\/index.php\/wp-json\/wp\/v2\/posts"}],"about":[{"href":"https:\/\/gaudiumetspes-blog.pl\/index.php\/wp-json\/wp\/v2\/types\/post"}],"author":[{"embeddable":true,"href":"https:\/\/gaudiumetspes-blog.pl\/index.php\/wp-json\/wp\/v2\/users\/1"}],"replies":[{"embeddable":true,"href":"https:\/\/gaudiumetspes-blog.pl\/index.php\/wp-json\/wp\/v2\/comments?post=8581"}],"version-history":[{"count":1,"href":"https:\/\/gaudiumetspes-blog.pl\/index.php\/wp-json\/wp\/v2\/posts\/8581\/revisions"}],"predecessor-version":[{"id":11818,"href":"https:\/\/gaudiumetspes-blog.pl\/index.php\/wp-json\/wp\/v2\/posts\/8581\/revisions\/11818"}],"wp:attachment":[{"href":"https:\/\/gaudiumetspes-blog.pl\/index.php\/wp-json\/wp\/v2\/media?parent=8581"}],"wp:term":[{"taxonomy":"category","embeddable":true,"href":"https:\/\/gaudiumetspes-blog.pl\/index.php\/wp-json\/wp\/v2\/categories?post=8581"},{"taxonomy":"post_tag","embeddable":true,"href":"https:\/\/gaudiumetspes-blog.pl\/index.php\/wp-json\/wp\/v2\/tags?post=8581"}],"curies":[{"name":"wp","href":"https:\/\/api.w.org\/{rel}","templated":true}]}}