{"id":8699,"date":"2014-07-13T22:51:00","date_gmt":"2014-07-13T20:51:00","guid":{"rendered":"https:\/\/gaudiumetspes-blog.pl\/index.php\/2014\/07\/13\/tylko-nie-kosztem-prawdy\/"},"modified":"2019-07-31T12:54:46","modified_gmt":"2019-07-31T10:54:46","slug":"tylko-nie-kosztem-prawdy","status":"publish","type":"post","link":"https:\/\/gaudiumetspes-blog.pl\/index.php\/2014\/07\/13\/tylko-nie-kosztem-prawdy\/","title":{"rendered":"Tylko nie kosztem prawdy&#8230;"},"content":{"rendered":"<div align=\"JUSTIFY\" style=\"margin-bottom: 0cm;\">\nSzcz\u0119\u015b\u0107 Bo\u017ce! Dzisiaj nieco wcze\u015bniej zamieszczam rozwa\u017canie, bo rano musz\u0119 do\u015b\u0107 sprawnie wyjecha\u0107.<\/div>\n<div align=\"JUSTIFY\" style=\"margin-bottom: 0cm;\">\n&nbsp; &nbsp; &nbsp;A tak przy okazji: jakie macie odczucia po finale pi\u0142karskich Mistrzostw \u015bwiata? Nie jestem wytrawnym kibicem, ale ten mecz mnie osobi\u015bcie &#8222;wci\u0105gn\u0105\u0142&#8221;&#8230; Was te\u017c?&nbsp;<\/div>\n<div align=\"JUSTIFY\" style=\"margin-bottom: 0cm;\">\n&nbsp; &nbsp; &nbsp;Polecam refleksji dzisiejsze Bo\u017ce S\u0142owo i wskazania, kt\u00f3rych nam udziela. I jeszcze raz &#8211; ju\u017c po raz kt\u00f3ry\u015b &#8211; prosz\u0119 o modlitw\u0119 za Ojczyzn\u0119, ale r\u00f3wnie\u017c o pok\u00f3j na \u015bwiecie. Polecam tak\u017ce Waszej modlitewnej pami\u0119ci Wielk\u0105 Ksi\u0119g\u0119 Intencji!<\/div>\n<div align=\"JUSTIFY\" style=\"margin-bottom: 0cm;\">\n&nbsp; &nbsp; &nbsp; &nbsp; &nbsp; &nbsp; Gaudium et spes! &nbsp;Ks. Jacek<\/div>\n<div align=\"JUSTIFY\" style=\"margin-bottom: 0cm;\">\n<b><br \/><\/b><\/div>\n<div align=\"JUSTIFY\" style=\"margin-bottom: 0cm;\">\n<b>Poniedzia\u0142ek<br \/>\n15 Tygodnia zwyk\u0142ego, rok II,<\/b><\/div>\n<div align=\"JUSTIFY\" style=\"margin-bottom: 0cm;\">\n<b>do<br \/>\nczyta\u0144:  Iz 1,11\u201317;  Mt 10,34\u201311,1<\/b><\/div>\n<div align=\"JUSTIFY\" style=\"margin-bottom: 0cm;\">\n<\/div>\n<div align=\"JUSTIFY\" style=\"margin-bottom: 0cm; page-break-before: auto;\">\n<b>CZYTANIE<br \/>\nZ KSI\u0118GI PROROKA IZAJASZA: <\/b>\n<\/div>\n<div align=\"JUSTIFY\" style=\"margin-bottom: 0cm; text-indent: 1.24cm;\">\n\u201e<b>Co<br \/>\nMi po mn\u00f3stwie waszych ofiar? \u2013 m\u00f3wi Pan. Syt jestem ca\u0142opalenia<br \/>\nkoz\u0142\u00f3w i \u0142oju t\u0142ustych cielc\u00f3w. Krew wo\u0142\u00f3w i baran\u00f3w, i<br \/>\nkoz\u0142\u00f3w Mi obrzyd\u0142a. Gdy przychodzicie, by stan\u0105\u0107 przede Mn\u0105,<br \/>\nkto tego \u017c\u0105da\u0142 od was, \u017ceby\u015bcie wydeptywali me dziedzi\u0144ce? <\/b>\n<\/div>\n<div align=\"JUSTIFY\" style=\"margin-bottom: 0cm; text-indent: 1.24cm;\">\n<b>Przesta\u0144cie<br \/>\nsk\u0142adania czczych ofiar! Obrzyd\u0142e Mi jest wznoszenie dymu; \u015bwi\u0119ta<br \/>\nnowiu, szabaty, zwo\u0142ywanie \u015bwi\u0119tych zebra\u0144; nie mog\u0119 \u015bcierpie\u0107<br \/>\n\u015bwi\u0105t i uroczysto\u015bci. Nienawidz\u0119 ca\u0142\u0105 dusz\u0105 waszych \u015bwi\u0105t<br \/>\nnowiu i obchod\u00f3w; sta\u0142y Mi si\u0119 ci\u0119\u017carem; sprzykrzy\u0142o Mi si\u0119 je<br \/>\nznosi\u0107. Gdy wyci\u0105gniecie r\u0119ce, odwr\u00f3c\u0119 od was me oczy.<br \/>\nCho\u0107by\u015bcie nawet mno\u017cyli modlitwy, Ja nie wys\u0142ucham. R\u0119ce wasze<br \/>\npe\u0142ne s\u0105 krwi. <\/b>\n<\/div>\n<div align=\"JUSTIFY\" style=\"margin-bottom: 0cm; text-indent: 1.24cm;\">\n<b>Obmyjcie<br \/>\nsi\u0119, czy\u015bci b\u0105d\u017acie! Usu\u0144cie z\u0142o uczynk\u00f3w waszych sprzed moich<br \/>\noczu! Przesta\u0144cie czyni\u0107 z\u0142o! Zaprawiajcie si\u0119 w dobrem!<br \/>\nTroszczcie si\u0119 o sprawiedliwo\u015b\u0107, wspomagajcie uci\u015bnionego,<br \/>\noddajcie s\u0142uszno\u015b\u0107 sierocie, w obronie wdowy stawajcie\u201d.<\/b><\/div>\n<div align=\"JUSTIFY\" style=\"margin-bottom: 0cm;\">\n<\/div>\n<div align=\"JUSTIFY\" style=\"margin-bottom: 0cm;\">\n<b>S\u0141OWA<br \/>\nEWANGELII WED\u0141UG \u015aWI\u0118TEGO MATEUSZA: <\/b>\n<\/div>\n<div align=\"JUSTIFY\" style=\"margin-bottom: 0cm; text-indent: 1.24cm;\">\n<b>Jezus<br \/>\npowiedzia\u0142 do swoich aposto\u0142\u00f3w: \u201eNie s\u0105d\u017acie, \u017ce przyszed\u0142em<br \/>\npok\u00f3j przynie\u015b\u0107 na ziemi\u0119. Nie przyszed\u0142em przynie\u015b\u0107 pokoju,<br \/>\nale miecz. Bo przyszed\u0142em por\u00f3\u017cni\u0107 syna z jego ojcem, c\u00f3rk\u0119 z<br \/>\nmatk\u0105, synow\u0105 z te\u015bciow\u0105; i b\u0119d\u0105 nieprzyjaci\u00f3\u0142mi cz\u0142owieka<br \/>\njego domownicy. <\/b>\n<\/div>\n<div align=\"JUSTIFY\" style=\"margin-bottom: 0cm; text-indent: 1.24cm;\">\n<b>Kto<br \/>\nmi\u0142uje ojca lub matk\u0119 bardziej ni\u017c Mnie, nie jest Mnie godzien. I<br \/>\nkto mi\u0142uje syna lub c\u00f3rk\u0119 bardziej ni\u017c Mnie, nie jest Mnie<br \/>\ngodzien. Kto nie bierze swego krzy\u017ca, a idzie za Mn\u0105, nie jest Mnie<br \/>\ngodzien. Kto chce znale\u017a\u0107 swe \u017cycie, straci je, a kto straci swe<br \/>\n\u017cycie z mego powodu, znajdzie je. <\/b>\n<\/div>\n<div align=\"JUSTIFY\" style=\"margin-bottom: 0cm; text-indent: 1.24cm;\">\n<b>Kto<br \/>\nwas przyjmuje, Mnie przyjmuje; a kto Mnie przyjmuje, przyjmuje Tego,<br \/>\nkt\u00f3ry Mnie pos\u0142a\u0142. <\/b>\n<\/div>\n<div align=\"JUSTIFY\" style=\"margin-bottom: 0cm; text-indent: 1.24cm;\">\n<b>Kto<br \/>\nprzyjmuje proroka jako proroka, nagrod\u0119 proroka otrzyma. Kto<br \/>\nprzyjmuje sprawiedliwego jako sprawiedliwego, nagrod\u0119 sprawiedliwego<br \/>\notrzyma. <\/b>\n<\/div>\n<div align=\"JUSTIFY\" style=\"margin-bottom: 0cm; text-indent: 1.24cm;\">\n<b>Kto<br \/>\npoda kubek \u015bwie\u017cej wody do picia jednemu z tych najmniejszych,<br \/>\ndlatego \u017ce jest uczniem, zaprawd\u0119 powiadam wam, nie utraci swojej<br \/>\nnagrody\u201d. <\/b>\n<\/div>\n<div align=\"JUSTIFY\" style=\"margin-bottom: 0cm; text-indent: 1.24cm;\">\n<b>Gdy<br \/>\nJezus sko\u0144czy\u0142 dawa\u0107 te wskazania dwunastu swoim uczniom, odszed\u0142<br \/>\nstamt\u0105d, aby naucza\u0107 i g\u0142osi\u0107 Ewangeli\u0119 w ich miastach.<\/b><\/div>\n<div align=\"JUSTIFY\" style=\"margin-bottom: 0cm;\">\n<\/div>\n<div align=\"JUSTIFY\" style=\"margin-bottom: 0cm; text-indent: 1.24cm;\">\nNiesamowicie<br \/>\nmocne, a wr\u0119cz twarde s\u0142owa padaj\u0105 w dzisiejszych czytaniach! W<br \/>\nEwangelii Jezus m\u00f3wi, \u017ce przyszed\u0142, aby na ziemi\u0119 przynie\u015b\u0107<br \/>\nroz\u0142am, miecz \u2013 zamiast pokoju. M\u00f3wi dok\u0142adnie tak: <i><b>Nie<br \/>\ns\u0105d\u017acie, \u017ce przyszed\u0142em pok\u00f3j przynie\u015b\u0107 na ziemi\u0119. Nie<br \/>\nprzyszed\u0142em przynie\u015b\u0107 pokoju, ale miecz. Bo przyszed\u0142em por\u00f3\u017cni\u0107<br \/>\nsyna z jego ojcem, c\u00f3rk\u0119 z matk\u0105, synow\u0105 z te\u015bciow\u0105; i b\u0119d\u0105<br \/>\nnieprzyjaci\u00f3\u0142mi cz\u0142owieka jego domownicy. <\/b><\/i>\n<\/div>\n<div align=\"JUSTIFY\" style=\"margin-bottom: 0cm; text-indent: 1.24cm;\">\nA<br \/>\npotem nast\u0119pne s\u0142owa, w niczym nie \u0142agodniejsze, ani nie l\u017cejsze<br \/>\nod poprzednich: <i><b>Kto<br \/>\nmi\u0142uje ojca lub matk\u0119 bardziej ni\u017c Mnie, nie jest Mnie godzien. I<br \/>\nkto mi\u0142uje syna lub c\u00f3rk\u0119 bardziej ni\u017c Mnie, nie jest Mnie<br \/>\ngodzien. Kto nie bierze swego krzy\u017ca, a idzie za Mn\u0105, nie jest Mnie<br \/>\ngodzien. Kto chce znale\u017a\u0107 swe \u017cycie, straci je, a kto straci swe<br \/>\n\u017cycie z mego powodu, znajdzie je. <\/b><\/i>Samo<br \/>\nsi\u0119 zapewne nasuwa pytanie \u2013<br \/>\ntak swoj\u0105 drog\u0105 \u2013 jak si\u0119 do tego ma czwarte przykazanie<br \/>\nDekalogu: <i><b>Czcij<br \/>\nojca swego i matk\u0119 swoj\u0105<\/b><\/i><b>?\u2026<br \/>\n<\/b>\n<\/div>\n<div align=\"JUSTIFY\" style=\"margin-bottom: 0cm; text-indent: 1.24cm;\">\nA<br \/>\nna domiar wszystkiego \u2013 pierwsze czytanie, a nim s\u0142owa wr\u0119cz<br \/>\nniewiarygodne, je\u017celi wzi\u0105\u0107 pod uwag\u0119, \u017ce wypowiada je B\u00f3g:<br \/>\n<i><b>Przesta\u0144cie<br \/>\nsk\u0142adania czczych ofiar! Obrzyd\u0142e Mi jest wznoszenie dymu; \u015bwi\u0119ta<br \/>\nnowiu, szabaty, zwo\u0142ywanie \u015bwi\u0119tych zebra\u0144; nie mog\u0119 \u015bcierpie\u0107<br \/>\n\u015bwi\u0105t i uroczysto\u015bci. Nienawidz\u0119 ca\u0142\u0105 dusz\u0105 waszych \u015bwi\u0105t<br \/>\nnowiu i obchod\u00f3w; sta\u0142y Mi si\u0119 ci\u0119\u017carem; sprzykrzy\u0142o Mi si\u0119 je<br \/>\nznosi\u0107. Gdy wyci\u0105gniecie r\u0119ce, odwr\u00f3c\u0119 od was me oczy.<br \/>\nCho\u0107by\u015bcie nawet mno\u017cyli modlitwy, Ja nie wys\u0142ucham. R\u0119ce wasze<br \/>\npe\u0142ne s\u0105 krwi.<\/b><\/i><b><br \/>\n<\/b>\n<\/div>\n<div align=\"JUSTIFY\" style=\"margin-bottom: 0cm; text-indent: 1.24cm;\">\nCo\u015b<br \/>\nniesamowitego: <b>Bogu<br \/>\nobrzyd\u0142y ofiary Jego ludu,<\/b><br \/>\n<b>ca\u0142ym<br \/>\nsercem nienawidzi \u2013 us\u0142yszmy dobrze: nienawidzi! \u2013 \u015bwi\u0105t i<br \/>\nobchod\u00f3w! <\/b>Kochani,<br \/>\nco mo\u017ce sk\u0142ania\u0107 Boga do wypowiadania a\u017c tak drastycznych s\u0142\u00f3w?<br \/>\nA mamy tu na my\u015bli wszystkie s\u0142owa, przed chwil\u0105 zacytowane:<br \/>\nzar\u00f3wno te ze Starego Testamentu, jak i s\u0142owa Jezusa z Ewangelii\u2026<br \/>\n<b>Co<br \/>\nmo\u017ce sk\u0142ania\u0107 Boga do wypowiadania s\u0142\u00f3w tak twardych, wr\u0119cz<br \/>\nszokuj\u0105cych?<\/b><br \/>\nCzy nie troska o cz\u0142owieka, o jego zbawienie?\n<\/div>\n<div align=\"JUSTIFY\" style=\"margin-bottom: 0cm; text-indent: 1.24cm;\">\nA<br \/>\nkiedy w gr\u0119 wchodzi w\u0142a\u015bnie zbawienie cz\u0142owieka, <b>B\u00f3g<br \/>\nnie bawi si\u0119 w \u017cadne konwenanse i nie dobiera s\u0142\u00f3w,<\/b><br \/>\nz t\u0105 my\u015bl\u0105, aby nikogo one nie urazi\u0142y i \u017ceby odpowiednio dobrze<br \/>\nbrzmia\u0142y. Naturalnie, dzisiejsze<br \/>\nprzes\u0142anie <b>trzeba<br \/>\ndobrze zrozumie\u0107, <\/b>bo<br \/>\nkiedy Jezus m\u00f3wi o mieczu, o roz\u0142amie zamiast pokoju, to w<br \/>\nrzeczywisto\u015bci <b>nie<br \/>\nchodzi Mu o to, \u017ceby si\u0119 ludzie nawzajem pozabijali.<\/b><\/p>\n<\/div>\n<div align=\"JUSTIFY\" style=\"margin-bottom: 0cm; text-indent: 1.24cm;\">\nNatomiast<br \/>\nna pewno m\u00f3wi w ten spos\u00f3b jasno, \u017ce opowiedzenie si\u0119 za Nim i<br \/>\nJego zasadami <b>nieraz<br \/>\n<\/b><b>poci\u0105gnie<br \/>\nza sob\u0105 konflikt w rodzinie, nawet pomi\u0119dzy najbli\u017cszymi.<\/b><br \/>\nI nie dlatego, \u017ce Jezus chce tego konfliktu i chce ludzi ze sob\u0105<br \/>\nsk\u0142\u00f3ci\u0107. Nie! Ale dlatego, \u017ce <b>wie,<br \/>\njaki jest cz\u0142owiek, jak post\u0119puje i jak reaguje w okre\u015blonych<br \/>\nokoliczno\u015bciach, <\/b>dlatego<br \/>\njest pewny, \u017ce takie w\u0142a\u015bnie skutki wywo\u0142a opowiedzenie si\u0119 za<br \/>\nNim<br \/>\ni Jego niezmiennymi zasadami.<\/p>\n<\/div>\n<div align=\"JUSTIFY\" style=\"margin-bottom: 0cm; text-indent: 1.24cm;\">\nI<br \/>\ntego przekazu,<br \/>\ntego przes\u0142ania, tej zapowiedzi Jezusa <b>ju\u017c<br \/>\nsi\u0119 z\u0142agodzi\u0107 ani inaczej wyt\u0142umaczy\u0107 nie da.<\/b><br \/>\nNie jest ona zbyt przyjemna \u2013 to trzeba przyzna\u0107. Ale taka jest<br \/>\nw\u0142a\u015bnie<br \/>\nrzeczywisto\u015b\u0107,<br \/>\n<b>a<br \/>\ntej nie da si\u0119 z\u0142agodzi\u0107,<\/b><br \/>\nnie da si\u0119 jej<br \/>\nwidzie\u0107<br \/>\ninaczej, ani\u017celi ona naprawd\u0119 wygl\u0105da. <b>Chyba,<br \/>\n\u017ce decydujemy si\u0119 na \u017cycie w k\u0142amstwie i fa\u0142szu\u2026 <\/b>Je\u017celi<br \/>\njednak chcemy \u017cy\u0107 w prawdzie, to musimy by\u0107 gotowi <b>przyj\u0105\u0107<br \/>\ntak\u017ce twarde \u2013 a nieraz wr\u0119cz bardzo twarde \u2013 s\u0142owa,<br \/>\nwypowiadane przez Jezusa.<\/b><\/p>\n<\/div>\n<div align=\"JUSTIFY\" style=\"margin-bottom: 0cm; text-indent: 1.24cm;\">\nI<br \/>\nsami tak\u017ce tej prawdy nie mo\u017cemy si\u0119 ba\u0107, wr\u0119cz przeciwnie \u2013<br \/>\npowinno nas by\u0107 <b>sta\u0107<br \/>\nna to, aby w sprawach najwy\u017cszej wagi zabiera\u0107 g\u0142os w spos\u00f3b<br \/>\njednoznaczny i bezkompromisowy.<\/b><br \/>\nTo nie znaczy, \u017ce wulgarny, ale na pewno <b>bardzo<br \/>\njasny i konkretny.<\/b><\/p>\n<\/div>\n<div align=\"JUSTIFY\" style=\"margin-bottom: 0cm; text-indent: 1.24cm;\">\nBo<br \/>\ndzisiaj <b>coraz<br \/>\nbardziej <\/b><b>promowana<br \/>\njest w Ko\u015bciele<\/b><b><br \/>\ntaka dziwna koncepcja nadzwyczajnej \u0142agodno\u015bci, a wr\u0119cz<br \/>\nspolegliwo\u015bci katolik\u00f3w<\/b><br \/>\n\u2013 koncepcja, kt\u00f3rej zaakceptowanie bez zastrze\u017ce\u0144 prowadzi<br \/>\nostatecznie <b>do<br \/>\nkompleksu ni\u017cszo\u015bci, <\/b>w<br \/>\njakim \u017cyje wielu katolik\u00f3w. I potem mamy to, co mamy, \u017ce<br \/>\nmianowicie ci, kt\u00f3rzy <b>g\u0142osz\u0105<br \/>\nprzer\u00f3\u017cne ba\u0142amutne, fa\u0142szywe has\u0142a jakiej\u015b prywatnej<br \/>\nmoralno\u015bci <\/b>\u2013<br \/>\ncz\u0119sto pod p\u0142aszczykiem katolicyzmu i pod pretekstem powo\u0142ywania<br \/>\nsi\u0119 na nauk\u0119 Jana Paw\u0142a II lub Papie\u017ca Franciszka \u2013 <b>robi\u0105<br \/>\nto g\u0142o\u015bno i bez \u017cenady, <\/b>a<br \/>\nci, kt\u00f3rzy mogliby i powinni zabra\u0107 g\u0142os w obronie jedynej Prawdy,<br \/>\n<b>trwo\u017cliwie<br \/>\nmilcz\u0105, albo unikaj\u0105 bezpo\u015bredniej konfrontacji, <\/b>albo<br \/>\ntak m\u00f3wi\u0105 \u2013 p\u00f3\u0142g\u0142osem i be\u0142kotliwie \u2013 \u017ceby nic wprost i<br \/>\nkonkretnie nie powiedzie\u0107.<\/div>\n<div align=\"JUSTIFY\" style=\"margin-bottom: 0cm; text-indent: 1.24cm;\">\nJeszcze<br \/>\nraz podkre\u015blmy mocno: <b>nie<br \/>\nchodzi o wywo\u0142ywanie konflikt\u00f3w na si\u0142\u0119 i rzucanie si\u0119 komu\u015b do<br \/>\ngard\u0142a, <\/b>ale<br \/>\no to, \u017ceby bez poczucia ni\u017cszo\u015bci, patrz\u0105c innym<br \/>\nprosto w oczy, <b>kulturalnie<br \/>\ni bardzo taktownie, ale jasno i z przekonaniem m\u00f3wi\u0107 to, co m\u00f3wi<br \/>\nJezus<\/b><br \/>\ni co zapisane jest na kartach Pisma \u015awi\u0119tego.\n<\/div>\n<div align=\"JUSTIFY\" style=\"margin-bottom: 0cm; text-indent: 1.24cm;\">\nW<br \/>\ndniu wczorajszym, w programie: \u201eMi\u0119dzy niebem a ziemi\u0105\u201d, w<br \/>\ntelewizyjnej \u201eJedynce\u201d<br \/>\npodj\u0119to dyskusj\u0119 <b>na<br \/>\ntemat wynik\u00f3w ostatnich bada\u0144 kondycji duchowej katolik\u00f3w w<br \/>\nPolsce.<\/b><br \/>\nOkaza\u0142o si\u0119 bowiem, \u017ce o jakie\u015b dwa miliony w ci\u0105gu ostatniego<br \/>\nroku <b>spad\u0142a<br \/>\nilo\u015b\u0107 os\u00f3b systematycznie uczestnicz\u0105cych we Mszy \u015awi\u0119tej.<br \/>\n<\/b>W\u015br\u00f3d<br \/>\nprzyczyn takiego stanu rzeczy znalaz\u0142y si\u0119 te, co zawsze i<br \/>\nnajcz\u0119\u015bciej wskazywane w mediach jako przyczyny wszelkich<br \/>\nnieszcz\u0119\u015b\u0107 w Ko\u015bciele, a wi\u0119c: <b>z\u0142e<\/b><br \/>\n<b>postaw<\/b><b>y<\/b><b><br \/>\nksi\u0119\u017cy! <\/b>Za<br \/>\nd\u0142ugie kazania, nie na temat, og\u0142oszenia trzy razy d\u0142u\u017csze od<br \/>\nkaza\u0144, bezduszno\u015b\u0107 w kancelarii, i takie tam r\u00f3\u017cne\u2026 A\u017c si\u0119<br \/>\nzdziwi\u0142em, \u017ce nie ruszono sprawy pedofilii!\n<\/div>\n<div align=\"JUSTIFY\" style=\"margin-bottom: 0cm; text-indent: 1.24cm;\">\nS\u0142uchaj\u0105c<br \/>\ntego ucieszy\u0142em si\u0119, kiedy bior\u0105ca udzia\u0142 w dyskusji Pani<br \/>\nRedaktor<br \/>\nz tygodnika \u201eNiedziela\u201d powiedzia\u0142a bardzo jasno, \u017ce <b>Ko\u015bci\u00f3\u0142<br \/>\nmusi w pewnych sprawach zabiera\u0107 g\u0142os bardzo odwa\u017cnie i od tego<br \/>\nnawet jest, aby ocenia\u0142 \u2013 od strony moralnej \u2013 postawy ludzkie i<br \/>\nmechanizmy, zachodz\u0105ce w spo\u0142ecze\u0144stwie.<\/b><br \/>\nPomy\u015bla\u0142em sobie: <b>Brawo,<br \/>\nPani Redaktor!<\/b><br \/>\nDobrze, \u017ce tego g\u0142osu nie zabrak\u0142o.\n<\/div>\n<div align=\"JUSTIFY\" style=\"margin-bottom: 0cm; text-indent: 1.24cm;\">\nBo<br \/>\nju\u017c widz\u0119, jak w imi\u0119 \u015bci\u0105gania ludzi z powrotem do ko\u015bcio\u0142\u00f3w<br \/>\nna Msze \u015awi\u0119te niedzielne niekt\u00f3rzy ksi\u0119\u017ca <b>ulegn\u0105<br \/>\npropagandowej pokusie wyg\u0142adzania kaza\u0144 i polerowania zbyt ostrego<br \/>\n\u2013 ich zdaniem \u2013 przekazu ewangelicznego.<\/b><br \/>\nA tymczasem, Jezus dzisiaj jasno pokazuje, \u017ce tak nie wolno!<\/div>\n<div align=\"JUSTIFY\" style=\"margin-bottom: 0cm; text-indent: 1.24cm;\">\nOwszem,<br \/>\nmy wszyscy, zar\u00f3wno duchowni, jak i \u015bwieccy, ci\u0105gle musimy<br \/>\n<b>pracowa\u0107<br \/>\nnad form\u0105, <\/b>nad<br \/>\nsposobem docierania do innych ze \u015bwiadectwem wiary. <b>Ale<br \/>\nna tym nie mo\u017ce ucierpie\u0107 prawda!<\/b><\/div>\n","protected":false},"excerpt":{"rendered":"<p>Szcz\u0119\u015b\u0107 Bo\u017ce! Dzisiaj nieco wcze\u015bniej zamieszczam rozwa\u017canie, bo rano musz\u0119 do\u015b\u0107 sprawnie wyjecha\u0107. &nbsp; &nbsp; &nbsp;A tak przy okazji: jakie macie odczucia po finale pi\u0142karskich Mistrzostw \u015bwiata? Nie jestem wytrawnym kibicem, ale ten mecz mnie osobi\u015bcie &#8222;wci\u0105gn\u0105\u0142&#8221;&#8230; Was te\u017c?&nbsp; &nbsp; &nbsp; &nbsp;Polecam refleksji dzisiejsze Bo\u017ce S\u0142owo i wskazania, kt\u00f3rych nam udziela. I jeszcze raz &#8211; [&hellip;]<\/p>\n","protected":false},"author":1,"featured_media":0,"comment_status":"open","ping_status":"open","sticky":false,"template":"","format":"standard","meta":{"jetpack_post_was_ever_published":false,"_jetpack_newsletter_access":"","_jetpack_dont_email_post_to_subs":false,"_jetpack_newsletter_tier_id":0,"_jetpack_memberships_contains_paywalled_content":false,"_jetpack_memberships_contains_paid_content":false,"footnotes":""},"categories":[1],"tags":[],"class_list":["post-8699","post","type-post","status-publish","format-standard","hentry","category-bez-kategorii"],"yoast_head":"<!-- This site is optimized with the Yoast SEO plugin v25.1 - https:\/\/yoast.com\/wordpress\/plugins\/seo\/ -->\n<title>Tylko nie kosztem prawdy... - Gaudium Et Spes<\/title>\n<meta name=\"robots\" content=\"index, follow, max-snippet:-1, max-image-preview:large, max-video-preview:-1\" \/>\n<link rel=\"canonical\" href=\"https:\/\/gaudiumetspes-blog.pl\/index.php\/2014\/07\/13\/tylko-nie-kosztem-prawdy\/\" \/>\n<meta property=\"og:locale\" content=\"pl_PL\" \/>\n<meta property=\"og:type\" content=\"article\" \/>\n<meta property=\"og:title\" content=\"Tylko nie kosztem prawdy... - Gaudium Et Spes\" \/>\n<meta property=\"og:description\" content=\"Szcz\u0119\u015b\u0107 Bo\u017ce! Dzisiaj nieco wcze\u015bniej zamieszczam rozwa\u017canie, bo rano musz\u0119 do\u015b\u0107 sprawnie wyjecha\u0107. &nbsp; &nbsp; &nbsp;A tak przy okazji: jakie macie odczucia po finale pi\u0142karskich Mistrzostw \u015bwiata? Nie jestem wytrawnym kibicem, ale ten mecz mnie osobi\u015bcie &#8222;wci\u0105gn\u0105\u0142&#8221;&#8230; Was te\u017c?&nbsp; &nbsp; &nbsp; &nbsp;Polecam refleksji dzisiejsze Bo\u017ce S\u0142owo i wskazania, kt\u00f3rych nam udziela. I jeszcze raz &#8211; [&hellip;]\" \/>\n<meta property=\"og:url\" content=\"https:\/\/gaudiumetspes-blog.pl\/index.php\/2014\/07\/13\/tylko-nie-kosztem-prawdy\/\" \/>\n<meta property=\"og:site_name\" content=\"Gaudium Et Spes\" \/>\n<meta property=\"article:published_time\" content=\"2014-07-13T20:51:00+00:00\" \/>\n<meta property=\"article:modified_time\" content=\"2019-07-31T10:54:46+00:00\" \/>\n<meta name=\"author\" content=\"Ks. Jacek\" \/>\n<meta name=\"twitter:card\" content=\"summary_large_image\" \/>\n<meta name=\"twitter:label1\" content=\"Napisane przez\" \/>\n\t<meta name=\"twitter:data1\" content=\"Ks. Jacek\" \/>\n\t<meta name=\"twitter:label2\" content=\"Szacowany czas czytania\" \/>\n\t<meta name=\"twitter:data2\" content=\"8 minut\" \/>\n<script type=\"application\/ld+json\" class=\"yoast-schema-graph\">{\"@context\":\"https:\/\/schema.org\",\"@graph\":[{\"@type\":\"WebPage\",\"@id\":\"https:\/\/gaudiumetspes-blog.pl\/index.php\/2014\/07\/13\/tylko-nie-kosztem-prawdy\/\",\"url\":\"https:\/\/gaudiumetspes-blog.pl\/index.php\/2014\/07\/13\/tylko-nie-kosztem-prawdy\/\",\"name\":\"Tylko nie kosztem prawdy... - Gaudium Et Spes\",\"isPartOf\":{\"@id\":\"https:\/\/gaudiumetspes-blog.pl\/#website\"},\"datePublished\":\"2014-07-13T20:51:00+00:00\",\"dateModified\":\"2019-07-31T10:54:46+00:00\",\"author\":{\"@id\":\"https:\/\/gaudiumetspes-blog.pl\/#\/schema\/person\/1661982992b752dea8dff0d4ed845a65\"},\"breadcrumb\":{\"@id\":\"https:\/\/gaudiumetspes-blog.pl\/index.php\/2014\/07\/13\/tylko-nie-kosztem-prawdy\/#breadcrumb\"},\"inLanguage\":\"pl-PL\",\"potentialAction\":[{\"@type\":\"ReadAction\",\"target\":[\"https:\/\/gaudiumetspes-blog.pl\/index.php\/2014\/07\/13\/tylko-nie-kosztem-prawdy\/\"]}]},{\"@type\":\"BreadcrumbList\",\"@id\":\"https:\/\/gaudiumetspes-blog.pl\/index.php\/2014\/07\/13\/tylko-nie-kosztem-prawdy\/#breadcrumb\",\"itemListElement\":[{\"@type\":\"ListItem\",\"position\":1,\"name\":\"Strona g\u0142\u00f3wna\",\"item\":\"https:\/\/gaudiumetspes-blog.pl\/\"},{\"@type\":\"ListItem\",\"position\":2,\"name\":\"Tylko&nbsp;nie&nbsp;kosztem prawdy&#8230;\"}]},{\"@type\":\"WebSite\",\"@id\":\"https:\/\/gaudiumetspes-blog.pl\/#website\",\"url\":\"https:\/\/gaudiumetspes-blog.pl\/\",\"name\":\"Gaudium Et Spes\",\"description\":\"Blog Ks. Jacka Ja\u015bkowskiego\",\"potentialAction\":[{\"@type\":\"SearchAction\",\"target\":{\"@type\":\"EntryPoint\",\"urlTemplate\":\"https:\/\/gaudiumetspes-blog.pl\/?s={search_term_string}\"},\"query-input\":{\"@type\":\"PropertyValueSpecification\",\"valueRequired\":true,\"valueName\":\"search_term_string\"}}],\"inLanguage\":\"pl-PL\"},{\"@type\":\"Person\",\"@id\":\"https:\/\/gaudiumetspes-blog.pl\/#\/schema\/person\/1661982992b752dea8dff0d4ed845a65\",\"name\":\"Ks. Jacek\",\"image\":{\"@type\":\"ImageObject\",\"inLanguage\":\"pl-PL\",\"@id\":\"https:\/\/gaudiumetspes-blog.pl\/#\/schema\/person\/image\/\",\"url\":\"https:\/\/gaudiumetspes-blog.pl\/wp-content\/uploads\/2019\/07\/avatar-JJ-150x150.jpg\",\"contentUrl\":\"https:\/\/gaudiumetspes-blog.pl\/wp-content\/uploads\/2019\/07\/avatar-JJ-150x150.jpg\",\"caption\":\"Ks. Jacek\"},\"description\":\"Witam serdecznie! K\u0142ania si\u0119 Ks. Jacek Ja\u015bkowski. Nie jestem ani kim\u015b wa\u017cnym, ani kim\u015b znanym. Jestem ksi\u0119dzem, kt\u00f3ry po prostu chce rozmawia\u0107. Codzienna kap\u0142a\u0144ska pos\u0142uga pokazuje mi, \u017ce temat\u00f3w do rozm\u00f3w z ksi\u0119dzem jest coraz wi\u0119cej i dzisiaj \u017caden ksi\u0105dz nie mo\u017ce od nich ucieka\u0107, ale - wprost przeciwnie - podejmowa\u0107 nowe wyzwania. To przekonanie sk\u0142oni\u0142o mnie do pr\u00f3by otwarcia tego\u017c bloga, chocia\u017c okazji do rozm\u00f3w na co dzie\u0144 - w konfesjonale i poza nim - na szcz\u0119\u015bcie nie brakuje. My\u015bl\u0119 jednak, \u017ce ten blog b\u0119dzie jeszcze jednym sposobem i przestrzeni\u0105 nawi\u0105zania kontaktu z lud\u017ami dobrej woli, otwartymi na dialog.\",\"url\":\"https:\/\/gaudiumetspes-blog.pl\/index.php\/author\/ks-jacek\/\"}]}<\/script>\n<!-- \/ Yoast SEO plugin. -->","yoast_head_json":{"title":"Tylko nie kosztem prawdy... - Gaudium Et Spes","robots":{"index":"index","follow":"follow","max-snippet":"max-snippet:-1","max-image-preview":"max-image-preview:large","max-video-preview":"max-video-preview:-1"},"canonical":"https:\/\/gaudiumetspes-blog.pl\/index.php\/2014\/07\/13\/tylko-nie-kosztem-prawdy\/","og_locale":"pl_PL","og_type":"article","og_title":"Tylko nie kosztem prawdy... - Gaudium Et Spes","og_description":"Szcz\u0119\u015b\u0107 Bo\u017ce! Dzisiaj nieco wcze\u015bniej zamieszczam rozwa\u017canie, bo rano musz\u0119 do\u015b\u0107 sprawnie wyjecha\u0107. &nbsp; &nbsp; &nbsp;A tak przy okazji: jakie macie odczucia po finale pi\u0142karskich Mistrzostw \u015bwiata? Nie jestem wytrawnym kibicem, ale ten mecz mnie osobi\u015bcie &#8222;wci\u0105gn\u0105\u0142&#8221;&#8230; Was te\u017c?&nbsp; &nbsp; &nbsp; &nbsp;Polecam refleksji dzisiejsze Bo\u017ce S\u0142owo i wskazania, kt\u00f3rych nam udziela. I jeszcze raz &#8211; [&hellip;]","og_url":"https:\/\/gaudiumetspes-blog.pl\/index.php\/2014\/07\/13\/tylko-nie-kosztem-prawdy\/","og_site_name":"Gaudium Et Spes","article_published_time":"2014-07-13T20:51:00+00:00","article_modified_time":"2019-07-31T10:54:46+00:00","author":"Ks. Jacek","twitter_card":"summary_large_image","twitter_misc":{"Napisane przez":"Ks. Jacek","Szacowany czas czytania":"8 minut"},"schema":{"@context":"https:\/\/schema.org","@graph":[{"@type":"WebPage","@id":"https:\/\/gaudiumetspes-blog.pl\/index.php\/2014\/07\/13\/tylko-nie-kosztem-prawdy\/","url":"https:\/\/gaudiumetspes-blog.pl\/index.php\/2014\/07\/13\/tylko-nie-kosztem-prawdy\/","name":"Tylko nie kosztem prawdy... - Gaudium Et Spes","isPartOf":{"@id":"https:\/\/gaudiumetspes-blog.pl\/#website"},"datePublished":"2014-07-13T20:51:00+00:00","dateModified":"2019-07-31T10:54:46+00:00","author":{"@id":"https:\/\/gaudiumetspes-blog.pl\/#\/schema\/person\/1661982992b752dea8dff0d4ed845a65"},"breadcrumb":{"@id":"https:\/\/gaudiumetspes-blog.pl\/index.php\/2014\/07\/13\/tylko-nie-kosztem-prawdy\/#breadcrumb"},"inLanguage":"pl-PL","potentialAction":[{"@type":"ReadAction","target":["https:\/\/gaudiumetspes-blog.pl\/index.php\/2014\/07\/13\/tylko-nie-kosztem-prawdy\/"]}]},{"@type":"BreadcrumbList","@id":"https:\/\/gaudiumetspes-blog.pl\/index.php\/2014\/07\/13\/tylko-nie-kosztem-prawdy\/#breadcrumb","itemListElement":[{"@type":"ListItem","position":1,"name":"Strona g\u0142\u00f3wna","item":"https:\/\/gaudiumetspes-blog.pl\/"},{"@type":"ListItem","position":2,"name":"Tylko&nbsp;nie&nbsp;kosztem prawdy&#8230;"}]},{"@type":"WebSite","@id":"https:\/\/gaudiumetspes-blog.pl\/#website","url":"https:\/\/gaudiumetspes-blog.pl\/","name":"Gaudium Et Spes","description":"Blog Ks. Jacka Ja\u015bkowskiego","potentialAction":[{"@type":"SearchAction","target":{"@type":"EntryPoint","urlTemplate":"https:\/\/gaudiumetspes-blog.pl\/?s={search_term_string}"},"query-input":{"@type":"PropertyValueSpecification","valueRequired":true,"valueName":"search_term_string"}}],"inLanguage":"pl-PL"},{"@type":"Person","@id":"https:\/\/gaudiumetspes-blog.pl\/#\/schema\/person\/1661982992b752dea8dff0d4ed845a65","name":"Ks. Jacek","image":{"@type":"ImageObject","inLanguage":"pl-PL","@id":"https:\/\/gaudiumetspes-blog.pl\/#\/schema\/person\/image\/","url":"https:\/\/gaudiumetspes-blog.pl\/wp-content\/uploads\/2019\/07\/avatar-JJ-150x150.jpg","contentUrl":"https:\/\/gaudiumetspes-blog.pl\/wp-content\/uploads\/2019\/07\/avatar-JJ-150x150.jpg","caption":"Ks. Jacek"},"description":"Witam serdecznie! K\u0142ania si\u0119 Ks. Jacek Ja\u015bkowski. Nie jestem ani kim\u015b wa\u017cnym, ani kim\u015b znanym. Jestem ksi\u0119dzem, kt\u00f3ry po prostu chce rozmawia\u0107. Codzienna kap\u0142a\u0144ska pos\u0142uga pokazuje mi, \u017ce temat\u00f3w do rozm\u00f3w z ksi\u0119dzem jest coraz wi\u0119cej i dzisiaj \u017caden ksi\u0105dz nie mo\u017ce od nich ucieka\u0107, ale - wprost przeciwnie - podejmowa\u0107 nowe wyzwania. To przekonanie sk\u0142oni\u0142o mnie do pr\u00f3by otwarcia tego\u017c bloga, chocia\u017c okazji do rozm\u00f3w na co dzie\u0144 - w konfesjonale i poza nim - na szcz\u0119\u015bcie nie brakuje. My\u015bl\u0119 jednak, \u017ce ten blog b\u0119dzie jeszcze jednym sposobem i przestrzeni\u0105 nawi\u0105zania kontaktu z lud\u017ami dobrej woli, otwartymi na dialog.","url":"https:\/\/gaudiumetspes-blog.pl\/index.php\/author\/ks-jacek\/"}]}},"jetpack_featured_media_url":"","jetpack_sharing_enabled":true,"_links":{"self":[{"href":"https:\/\/gaudiumetspes-blog.pl\/index.php\/wp-json\/wp\/v2\/posts\/8699","targetHints":{"allow":["GET"]}}],"collection":[{"href":"https:\/\/gaudiumetspes-blog.pl\/index.php\/wp-json\/wp\/v2\/posts"}],"about":[{"href":"https:\/\/gaudiumetspes-blog.pl\/index.php\/wp-json\/wp\/v2\/types\/post"}],"author":[{"embeddable":true,"href":"https:\/\/gaudiumetspes-blog.pl\/index.php\/wp-json\/wp\/v2\/users\/1"}],"replies":[{"embeddable":true,"href":"https:\/\/gaudiumetspes-blog.pl\/index.php\/wp-json\/wp\/v2\/comments?post=8699"}],"version-history":[{"count":1,"href":"https:\/\/gaudiumetspes-blog.pl\/index.php\/wp-json\/wp\/v2\/posts\/8699\/revisions"}],"predecessor-version":[{"id":11649,"href":"https:\/\/gaudiumetspes-blog.pl\/index.php\/wp-json\/wp\/v2\/posts\/8699\/revisions\/11649"}],"wp:attachment":[{"href":"https:\/\/gaudiumetspes-blog.pl\/index.php\/wp-json\/wp\/v2\/media?parent=8699"}],"wp:term":[{"taxonomy":"category","embeddable":true,"href":"https:\/\/gaudiumetspes-blog.pl\/index.php\/wp-json\/wp\/v2\/categories?post=8699"},{"taxonomy":"post_tag","embeddable":true,"href":"https:\/\/gaudiumetspes-blog.pl\/index.php\/wp-json\/wp\/v2\/tags?post=8699"}],"curies":[{"name":"wp","href":"https:\/\/api.w.org\/{rel}","templated":true}]}}