{"id":8701,"date":"2014-07-12T06:49:00","date_gmt":"2014-07-12T04:49:00","guid":{"rendered":"https:\/\/gaudiumetspes-blog.pl\/index.php\/2014\/07\/12\/odwazny-swiadek-o-wysokiej-kulturze\/"},"modified":"2019-07-31T12:54:46","modified_gmt":"2019-07-31T10:54:46","slug":"odwazny-swiadek-o-wysokiej-kulturze","status":"publish","type":"post","link":"https:\/\/gaudiumetspes-blog.pl\/index.php\/2014\/07\/12\/odwazny-swiadek-o-wysokiej-kulturze\/","title":{"rendered":"Odwa\u017cny \u015awiadek o wysokiej kulturze"},"content":{"rendered":"<div align=\"JUSTIFY\" style=\"margin-bottom: 0cm;\">\nSzcz\u0119\u015b\u0107 Bo\u017ce! Moi Drodzy, w dniu dzisiejszym<b> przesy\u0142am najserdeczniejsze \u017cyczenia naszemu Tacie, Janowi Ja\u015bkowskiemu, z okazji 65. urodzin. Wraz z ca\u0142\u0105 nasz\u0105 Rodzin\u0105 \u017cycz\u0119 Mu ci\u0105g\u0142ej m\u0142odo\u015bci ducha, nieustannego optymizmu i zapa\u0142u do czynienia dobra ludziom!<\/b><\/div>\n<div align=\"JUSTIFY\" style=\"margin-bottom: 0cm;\">\n<b>&nbsp; &nbsp;<\/b>Ca\u0142y czas prosz\u0119 o modlitw\u0119 w intencji naszej Ojczyzny! Dzie\u0144 po dniu przekonujemy si\u0119 coraz bardziej, jak tej modlitwy &#8211; i takiej zwyk\u0142ej ludzkiej m\u0105dro\u015bci Polak\u00f3w &#8211; potrzeba&#8230;<\/div>\n<div align=\"JUSTIFY\" style=\"margin-bottom: 0cm;\">\n&nbsp; &nbsp; &nbsp; &nbsp; &nbsp; &nbsp; Gaudium et spes! &nbsp;Ks. Jacek<\/div>\n<div align=\"JUSTIFY\" style=\"margin-bottom: 0cm;\">\n<b><br \/><\/b><\/div>\n<div align=\"JUSTIFY\" style=\"margin-bottom: 0cm;\">\n<b>Wspomnienie<br \/>\n\u015aw. Brunona Bonifacego z Kwerfurtu, <\/b>\n<\/div>\n<div align=\"JUSTIFY\" style=\"margin-bottom: 0cm;\">\n<b>Biskupa<br \/>\ni M\u0119czennika,<\/b><\/div>\n<div align=\"JUSTIFY\" style=\"margin-bottom: 0cm;\">\n<b>do<br \/>\nczyta\u0144:  Iz 6,1\u20138;  Mt 10,24\u201333<\/b><\/div>\n<div align=\"JUSTIFY\" style=\"margin-bottom: 0cm;\">\n<\/div>\n<div align=\"JUSTIFY\" style=\"margin-bottom: 0cm; page-break-before: auto;\">\n<b>CZYTANIE<br \/>\nZ KSI\u0118GI PROROKA IZAJASZA: <\/b>\n<\/div>\n<div align=\"JUSTIFY\" style=\"margin-bottom: 0cm; text-indent: 1.24cm;\">\n<b>W<br \/>\nroku \u015bmierci kr\u00f3la Ozjasza ujrza\u0142em Pana Boga, siedz\u0105cego na<br \/>\nwysokim i wynios\u0142ym tronie, a tren Jego szaty wype\u0142nia\u0142 \u015bwi\u0105tyni\u0119.<br \/>\nSerafiny sta\u0142y ponad Nim; ka\u017cdy z nich mia\u0142 po sze\u015b\u0107 skrzyde\u0142;<br \/>\ndwoma zakrywa\u0142 sw\u0105 twarz, dwoma okrywa\u0142 swoje nogi, a dwoma lata\u0142.<br \/>\n<\/b>\n<\/div>\n<div align=\"JUSTIFY\" style=\"margin-bottom: 0cm; text-indent: 1.24cm;\">\n<b>I<br \/>\nwo\u0142a\u0142 jeden do drugiego: \u201e\u015awi\u0119ty, \u015awi\u0119ty, \u015awi\u0119ty jest Pan<br \/>\nZast\u0119p\u00f3w. Ca\u0142a ziemia pe\u0142na jest Jego chwa\u0142y\u201d. Od g\u0142osu tego,<br \/>\nkt\u00f3ry wo\u0142a\u0142, zadrga\u0142y futryny drzwi, a \u015bwi\u0105tynia nape\u0142ni\u0142a<br \/>\nsi\u0119 dymem.<\/b><\/div>\n<div align=\"JUSTIFY\" style=\"margin-bottom: 0cm; text-indent: 1.24cm;\">\n<b>I<br \/>\npowiedzia\u0142em: \u201eBiada mi. Jestem zgubiony. Wszak jestem m\u0119\u017cem o<br \/>\nnieczystych wargach i mieszkam po\u015br\u00f3d ludu o nieczystych wargach, a<br \/>\noczy moje ogl\u0105da\u0142y Kr\u00f3la, Pana Zast\u0119p\u00f3w\u201d. <\/b>\n<\/div>\n<div align=\"JUSTIFY\" style=\"margin-bottom: 0cm; text-indent: 1.24cm;\">\n<b>W\u00f3wczas<br \/>\nprzylecia\u0142 do mnie jeden z serafin\u00f3w, trzymaj\u0105c w r\u0119ce w\u0119giel,<br \/>\nkt\u00f3ry kleszczami wzi\u0105\u0142 z o\u0142tarza. Dotkn\u0105\u0142 nim ust moich i<br \/>\nrzek\u0142: \u201eOto dotkn\u0119\u0142o to twoich warg: twoja wina jest zmazana,<br \/>\nzg\u0142adzony tw\u00f3j grzech\u201d. <\/b>\n<\/div>\n<div align=\"JUSTIFY\" style=\"margin-bottom: 0cm; text-indent: 1.24cm;\">\n<b>I<br \/>\nus\u0142ysza\u0142em g\u0142os Pana m\u00f3wi\u0105cego: \u201eKogo mam pos\u0142a\u0107? Kto by nam<br \/>\nposzed\u0142?\u201d Odpowiedzia\u0142em: \u201eOto ja, po\u015blij mnie\u201d.<\/b><\/div>\n<div align=\"JUSTIFY\" style=\"margin-bottom: 0cm;\">\n<\/div>\n<div align=\"JUSTIFY\" style=\"margin-bottom: 0cm;\">\n<b>S\u0141OWA<br \/>\nEWANGELII WED\u0141UG \u015aWI\u0118TEGO<br \/>\nMATEUSZA: <\/b>\n<\/div>\n<div align=\"JUSTIFY\" style=\"margin-bottom: 0cm; text-indent: 1.24cm;\">\n<b>Jezus<br \/>\npowiedzia\u0142 do swoich aposto\u0142\u00f3w: \u201eUcze\u0144 nie przewy\u017csza<br \/>\nnauczyciela ani s\u0142uga swego pana. Wystarczy uczniowi, je\u015bli b\u0119dzie<br \/>\njak jego nauczyciel, a s\u0142uga jak pan jego. Je\u015bli pana domu<br \/>\nprzezwali Belzebubem, o ile\u017c bardziej jego domownik\u00f3w tak nazw\u0105.<\/b><\/div>\n<div align=\"JUSTIFY\" style=\"margin-bottom: 0cm; text-indent: 1.24cm;\">\n<b>Wi\u0119c<br \/>\nsi\u0119 ich nie b\u00f3jcie. Nie ma bowiem nic zakrytego, co by nie mia\u0142o<br \/>\nby\u0107 wyjawione, ani nic tajemnego, o czym by si\u0119 nie miano<br \/>\ndowiedzie\u0107. Co m\u00f3wi\u0119 wam w ciemno\u015bci, powtarzajcie jawnie, a co<br \/>\ns\u0142yszycie na ucho, rozg\u0142aszajcie na dachach. <\/b>\n<\/div>\n<div align=\"JUSTIFY\" style=\"margin-bottom: 0cm; text-indent: 1.24cm;\">\n<b>Nie<br \/>\nb\u00f3jcie si\u0119 tych, kt\u00f3rzy zabijaj\u0105 cia\u0142o, lecz duszy zabi\u0107 nie<br \/>\nmog\u0105. B\u00f3jcie si\u0119 raczej Tego, kt\u00f3ry dusz\u0119 i cia\u0142o mo\u017ce<br \/>\nzatraci\u0107 w piekle. Czy\u017c nie sprzedaj\u0105 dw\u00f3ch wr\u00f3bli za asa? A<br \/>\nprzecie\u017c \u017caden z nich bez woli Ojca waszego nie spadnie na ziemi\u0119.<br \/>\nU was za\u015b nawet w\u0142osy na g\u0142owie wszystkie s\u0105 policzone. Dlatego<br \/>\nnie b\u00f3jcie si\u0119: jeste\u015bcie wa\u017cniejsi ni\u017c wiele wr\u00f3bli. <\/b>\n<\/div>\n<div align=\"JUSTIFY\" style=\"margin-bottom: 0cm; text-indent: 1.24cm;\">\n<b>Do<br \/>\nka\u017cdego wi\u0119c, kt\u00f3ry si\u0119 przyzna do Mnie przed lud\u017ami, przyznam<br \/>\nsi\u0119 i Ja przed moim Ojcem, kt\u00f3ry jest w niebie. Lecz kto si\u0119 Mnie<br \/>\nzaprze przed lud\u017ami, tego zapr\u0119 si\u0119 i Ja przed moim Ojcem, kt\u00f3ry<br \/>\njest w niebie\u201d.<\/b><\/div>\n<div align=\"JUSTIFY\" style=\"margin-bottom: 0cm;\">\n<\/div>\n<div align=\"JUSTIFY\" style=\"margin-bottom: 0cm; text-indent: 1.24cm;\">\nPatron<br \/>\ndnia dzisiejszego, <b>Bruno,<br \/>\nurodz<\/b><b>i\u0142<br \/>\nsi\u0119<\/b><b><br \/>\nw roku 974 w mo\u017cnej rodzinie niemieckiej <\/b>i<br \/>\nby\u0142 w m\u0142odo\u015bci kapelanem cesarza Ottona III. W roku 998 wst\u0105pi\u0142<br \/>\ndo benedyktyn\u00f3w w Rzymie i przyj\u0105\u0142 imi\u0119 Bonifacy. Nast\u0119pnie \u017cy\u0142<br \/>\nw pustelni \u015awi\u0119tego<br \/>\nRomualda w Pereum pod Rawenn\u0105. <b>Wys\u0142any<br \/>\nprzez <\/b><b>P<\/b><b>apie\u017ca<br \/>\nSylwestra II na czele misji do Prus, <\/b>otrzyma\u0142<br \/>\n\u2013<br \/>\nw roku 1004 \u2013 \u015bwi\u0119cenia<br \/>\nbiskupie w Magdeburgu. <b>W<br \/>\nroku 1008 dotar\u0142 do Prus, ale w nast\u0119pnym roku poni\u00f3s\u0142 \u015bmier\u0107<br \/>\nm\u0119cze\u0144sk\u0105<\/b><br \/>\nwraz z osiemnastoma<br \/>\ntowarzyszami w ziemi Jad\u017awing\u00f3w. Jest autorem <b>\u201e<\/b><b>\u017bywota<br \/>\n<\/b><b>\u015a<\/b><b>wi\u0119tego<br \/>\nWojciecha\u201d, \u201e\u017bywota pi\u0119ciu <\/b><b>B<\/b><b>raci<br \/>\n<\/b><b>M<\/b><b>\u0119czennik\u00f3w\u201d<br \/>\n<\/b><b>i<br \/>\n\u201e<\/b><b>Listu<br \/>\ndo cesarza Henryka II\u201d,<\/b><br \/>\nw<br \/>\nkt\u00f3rym energicznie wyst\u0119powa\u0142 w obronie Polski.<\/div>\n<div align=\"JUSTIFY\" style=\"margin-bottom: 0cm; text-indent: 1.24cm;\">\nJako\u015b<br \/>\ntak bardzo wyra\u017anie \u017cycie i \u015bmier\u0107 Brunona potwierdza tre\u015b\u0107<br \/>\ndzisiejszej Ewangelii, w kt\u00f3rej Jezus m\u00f3wi: <i><b>Nie<br \/>\nb\u00f3jcie si\u0119 tych, kt\u00f3rzy zabijaj\u0105 cia\u0142o, lecz duszy zabi\u0107 nie<br \/>\nmog\u0105. B\u00f3jcie si\u0119 raczej Tego, kt\u00f3ry dusz\u0119 i cia\u0142o mo\u017ce<br \/>\nzatraci\u0107 w piekle. Czy\u017c nie sprzedaj\u0105 dw\u00f3ch wr\u00f3bli za asa? A<br \/>\nprzecie\u017c \u017caden z nich bez woli Ojca waszego nie spadnie na ziemi\u0119.<br \/>\nU was za\u015b nawet w\u0142osy na g\u0142owie wszystkie s\u0105 policzone. Dlatego<br \/>\nnie b\u00f3jcie si\u0119: jeste\u015bcie wa\u017cniejsi ni\u017c wiele wr\u00f3bli. <\/b><\/i>\n<\/div>\n<div align=\"JUSTIFY\" style=\"margin-bottom: 0cm; text-indent: 1.24cm;\">\nZ<br \/>\nca\u0142\u0105 pewno\u015bci\u0105, pami\u0119ta\u0142 o tych s\u0142owach \u015awi\u0119ty Bruno <b>w<br \/>\nchwili szczeg\u00f3lnej pr\u00f3by,<\/b><br \/>\nkiedy mia\u0142 \u015bwiadomo\u015b\u0107, \u017ce za g\u0142oszone prawdy i nauki przyjdzie<br \/>\nmu odda\u0107 \u017cycie. Jednak nawet pomimo tego zagro\u017cenia <b>nie<br \/>\nwycofa\u0142 si\u0119, do ko\u0144ca g\u0142osz\u0105c Dobr\u0105 Nowin\u0119.<\/b><\/p>\n<\/div>\n<div align=\"JUSTIFY\" style=\"margin-bottom: 0cm; text-indent: 1.24cm;\">\nA<br \/>\nmaj\u0105c na uwadze dzisiejsze s\u0142owa Jezusa: <i><b>Do<br \/>\nka\u017cdego wi\u0119c, kt\u00f3ry si\u0119 przyzna do Mnie przed lud\u017ami, przyznam<br \/>\nsi\u0119 i Ja przed moim Ojcem, kt\u00f3ry jest w niebie. Lecz kto si\u0119 Mnie<br \/>\nzaprze przed lud\u017ami, tego zapr\u0119 si\u0119 i Ja przed moim Ojcem, kt\u00f3ry<br \/>\njest w niebie <\/b><\/i><b>\u2013<\/b><br \/>\nw\u0142a\u015bnie<br \/>\nte s\u0142owa maj\u0105c na uwadze, nie<br \/>\nwycofa\u0142 si\u0119 tak\u017ce, gdy trzeba by\u0142o <b>upomnie\u0107<br \/>\nniemieckiego cesarza za jego niew\u0142a\u015bciwe traktowanie polskiego<br \/>\nw\u0142adcy.<\/b><\/p>\n<\/div>\n<div align=\"JUSTIFY\" style=\"margin-bottom: 0cm; text-indent: 1.24cm;\">\nWe<br \/>\nwspomnianym ju\u017c Li\u015bcie do cesarza Henryka, \u015awi\u0119ty Bruno pisze<br \/>\nmi\u0119dzy innymi: <b>\u201eC<\/b><b>zy<br \/>\ngodzi si\u0119 prze\u015bladowa\u0107 lud chrze\u015bcija\u0144ski, a \u017cy\u0107 w przyja\u017ani<br \/>\nz poga\u0144skim?<\/b><br \/>\nCo za ugoda Chrystusa z Belialem? Jakie por\u00f3wnanie \u015bwiat\u0142a z<br \/>\nciemno\u015bci\u0105? Strze\u017c si\u0119, kr\u00f3lu, <b>je\u017celi<br \/>\nwszystko chcesz czyni\u0107 przemoc\u0105, a nigdy z lito\u015bci\u0105,<\/b><br \/>\nkt\u00f3r\u0105 lubi Chrobry, \u017ceby przypadkiem Jezus, kt\u00f3ry teraz wspiera<br \/>\nciebie, nie rozgniewa\u0142 si\u0119. Lecz w tym tkwi ca\u0142e z\u0142o, \u017ce <b>ani<br \/>\nkr\u00f3l nie ma zaufania do Boles\u0142awa, ani ten do zagniewanego kr\u00f3la.<\/b><\/p>\n<\/div>\n<div align=\"JUSTIFY\" style=\"margin-bottom: 0cm; text-indent: 1.24cm;\">\nO,<br \/>\njak wielkie dobra i korzy\u015bci wynik\u0142yby dla obrony chrze\u015bcija\u0144stwa<br \/>\ni nawracania pogan, je\u015bliby jak ojciec jego Mieszko ze zmar\u0142ym<br \/>\ncesarzem, <b>tak<br \/>\nsyn Boles\u0142aw \u017cy\u0142 z tob\u0105, naszym kr\u00f3lem.<\/b><br \/>\nI chocia\u017c nie umiem si\u0119 modli\u0107 przed obliczem Boga, przynajmniej<br \/>\ng\u0142o\u015bno wo\u0142a\u0107 nie przestan\u0119, aby B\u00f3g ci b\u0142ogos\u0142awi\u0142.\n<\/div>\n<div align=\"JUSTIFY\" style=\"margin-bottom: 0cm; text-indent: 1.24cm;\">\nTy<br \/>\nza\u015b nie chciej zwleka\u0107 z udzieleniem wszelkiej rady i pomocy w<br \/>\nnawracaniu Lucic\u00f3w i Prus\u00f3w, jak przystoi pobo\u017cnemu kr\u00f3lowi,<br \/>\nponiewa\u017c <b>teraz<br \/>\nza natchnieniem Ducha \u015awi\u0119tego powinni\u015bmy si\u0119 zabra\u0107 do pracy<br \/>\nnad nawracaniem twardych serc tych pogan,<\/b><br \/>\nniezmordowanie po\u015bwi\u0119ca\u0107 wszelki trud i wysi\u0142ek pod opiek\u0105<br \/>\nwalcz\u0105cego Piotra. B\u0105d\u017a zdr\u00f3w, kr\u00f3lu! <b>\u017byj<br \/>\nprawdziwie dla Boga, przypominaj\u0105c sobie dobre czyny.\u201d<\/b><\/div>\n<div align=\"JUSTIFY\" style=\"margin-bottom: 0cm; text-indent: 1.24cm;\">\nW<br \/>\npierwszym czytaniu, z Proroctwa Izajasza, s\u0142yszymy <b>przepi\u0119kny<br \/>\nopis powo\u0142ania Proroka.<\/b><br \/>\nW tajemniczej wizji, Izajasz staje<br \/>\nprzed<br \/>\nsamym<br \/>\nBogiem,<br \/>\nsiedz\u0105cym<br \/>\nna wysokim i wynios\u0142ym tronie. I dokonuje si\u0119 niezwyk\u0142y dialog, o<br \/>\nczym Prorok tak pisze: <i><b>I<br \/>\nus\u0142ysza\u0142em g\u0142os Pana m\u00f3wi\u0105cego: \u201eKogo mam pos\u0142a\u0107? Kto by nam<br \/>\nposzed\u0142?\u201d Odpowiedzia\u0142em: \u201eOto ja, po\u015blij mnie\u201d. <\/b><\/i>\n<\/div>\n<div align=\"JUSTIFY\" style=\"margin-bottom: 0cm; text-indent: 1.24cm;\">\nA<br \/>\nwcze\u015bniej, zanim zosta\u0142a wypowiedziana ta swoista deklaracja<br \/>\ngotowo\u015bci, nast\u0105pi\u0142o <b>niezwyk\u0142e<br \/>\noczyszczenie ust Proroka, <\/b>za<br \/>\npomoc\u0105 roz\u017carzonego w\u0119gla, wzi\u0119tego sprzed O\u0142tarza Pa\u0144skiego. W<br \/>\nten spos\u00f3b <b>zmazany<br \/>\nzosta\u0142 grzech, zosta\u0142o zmazane i do ko\u0144ca wypalone wszelkie z\u0142o,<\/b><br \/>\njakie kiedykolwiek pojawi\u0142o si\u0119 w sercu i na ustach Proroka. Tak<br \/>\n<b>wyposa\u017cony<br \/>\nduchowo,<\/b><br \/>\nm\u00f3g\u0142 On ju\u017c i\u015b\u0107 i g\u0142osi\u0107 Bo\u017ce S\u0142owo.\n<\/div>\n<div align=\"JUSTIFY\" style=\"margin-bottom: 0cm; text-indent: 1.24cm;\">\nGdzie\u015b<br \/>\nu zarania \u017cycia, ju\u017c w dzieci\u0144stwie, <b>podobne<\/b><br \/>\n<b>wezwanie<\/b><br \/>\n<b>us\u0142ysza\u0142<br \/>\ndzisiejszy nasz Patron, \u015awi\u0119ty Bruno z Kwerfurtu.<\/b><br \/>\nI mo\u017ce nie w tak niezwyk\u0142y i spektakularny spos\u00f3b, ale tak\u017ce<br \/>\ndokona\u0142o si\u0119 <b>oczyszczenie<br \/>\njego ust i serca <\/b>z<br \/>\nwszelkich \u2013 je\u015bli tak mo\u017cna powiedzie\u0107 \u2013 <b>nalecia\u0142o\u015bci<br \/>\n\u015bwiata.<\/b><\/p>\n<\/div>\n<div align=\"JUSTIFY\" style=\"margin-bottom: 0cm; text-indent: 1.24cm;\">\nA<br \/>\nby\u0142o to o tyle istotne, \u017ce przecie\u017c Bruno pochodzi\u0142 z mo\u017cnego<br \/>\nniemieckiego rodu i by\u0142 krewnym cesarza. Dlatego jemu bardziej, ni\u017c<br \/>\nkomukolwiek innemu, mog\u0142o si\u0119 zdarzy\u0107 <b>unikanie<br \/>\nprawdy, m\u00f3wienie p\u00f3\u0142s\u0142\u00f3wkami, m\u00f3wienie dyplomatyczne,<\/b><br \/>\nkt\u00f3re \u2013 jak wiemy \u2013 cz\u0119stokro\u0107 polega na tym, \u017ce <b>m\u00f3wi<br \/>\nsi\u0119 tak, aby nic konkretnego nie powiedzie\u0107.<\/b><br \/>\n\u015awi\u0119ty Arcybiskup Bruno tak nie post\u0119powa\u0142 \u2013 on by\u0142<br \/>\n<b>jednoznaczny,<br \/>\ntwardy, nieust\u0119pliwy,<\/b><br \/>\nchocia\u017c jednocze\u015bnie jego pisma znamionuj\u0105 <b>wysok\u0105<br \/>\nkultur\u0119 ludzk\u0105 i r\u00f3wnie wysoki poziom <\/b><b>duchowy<br \/>\ni <\/b><b>intelektualny.<br \/>\n<\/b>\n<\/div>\n<div align=\"JUSTIFY\" style=\"margin-bottom: 0cm; text-indent: 1.24cm;\">\nZa<br \/>\nka\u017cdym razem, kiedy jako Pasterz Ko\u015bcio\u0142a zabiera\u0142 g\u0142os, nie<br \/>\nzwa\u017ca\u0142 ani na swoj\u0105 narodowo\u015b\u0107, ani na wysokie urodzenie, ani na<br \/>\nswoje spokrewnienie z cesarzem czy r\u00f3\u017cne inne koneksje, tylko<br \/>\n<b>odwa\u017cnie<br \/>\ndawa\u0142 \u015bwiadectwo prawdzie.<\/b><\/div>\n<div align=\"JUSTIFY\" style=\"margin-bottom: 0cm; text-indent: 1.24cm;\">\nPro\u015bmy<br \/>\nPana, aby i nasze serca \u2013 i nasze usta \u2013 <b>oczy\u015bci\u0142<br \/>\nz wszelkiego brudu grzechu, z wszelkiej wulgarno\u015bci, z cynizmu i<br \/>\nk\u0142amstwa, z tch\u00f3rzostwa i duchowej miernoty, <\/b>a<br \/>\nuczyni\u0142 nas<br \/>\n<b>odwa\u017cnymi,<br \/>\njednoznacznymi i konkretnymi swoimi \u015bwiadkami. <\/b>W\u0142a\u015bnie<br \/>\nw tym naszym \u201etu i teraz\u201d, w jakim \u017cyjemy. Oczywi\u015bcie<br \/>\n\u2013 w duchu takiej <b>wysokiej<br \/>\nkultury ludzkiej, duchowej i intelektualnej,<\/b><br \/>\njaka znamionowa\u0142a \u015awi\u0119tego Brunona z Kwerfurtu\u2026&nbsp;\n<\/div>\n","protected":false},"excerpt":{"rendered":"<p>Szcz\u0119\u015b\u0107 Bo\u017ce! Moi Drodzy, w dniu dzisiejszym przesy\u0142am najserdeczniejsze \u017cyczenia naszemu Tacie, Janowi Ja\u015bkowskiemu, z okazji 65. urodzin. Wraz z ca\u0142\u0105 nasz\u0105 Rodzin\u0105 \u017cycz\u0119 Mu ci\u0105g\u0142ej m\u0142odo\u015bci ducha, nieustannego optymizmu i zapa\u0142u do czynienia dobra ludziom! &nbsp; &nbsp;Ca\u0142y czas prosz\u0119 o modlitw\u0119 w intencji naszej Ojczyzny! Dzie\u0144 po dniu przekonujemy si\u0119 coraz bardziej, jak tej [&hellip;]<\/p>\n","protected":false},"author":1,"featured_media":0,"comment_status":"open","ping_status":"open","sticky":false,"template":"","format":"standard","meta":{"jetpack_post_was_ever_published":false,"_jetpack_newsletter_access":"","_jetpack_dont_email_post_to_subs":false,"_jetpack_newsletter_tier_id":0,"_jetpack_memberships_contains_paywalled_content":false,"_jetpack_memberships_contains_paid_content":false,"footnotes":""},"categories":[1],"tags":[],"class_list":["post-8701","post","type-post","status-publish","format-standard","hentry","category-bez-kategorii"],"yoast_head":"<!-- This site is optimized with the Yoast SEO plugin v25.1 - https:\/\/yoast.com\/wordpress\/plugins\/seo\/ -->\n<title>Odwa\u017cny \u015awiadek o wysokiej kulturze - Gaudium Et Spes<\/title>\n<meta name=\"robots\" content=\"index, follow, max-snippet:-1, max-image-preview:large, max-video-preview:-1\" \/>\n<link rel=\"canonical\" href=\"https:\/\/gaudiumetspes-blog.pl\/index.php\/2014\/07\/12\/odwazny-swiadek-o-wysokiej-kulturze\/\" \/>\n<meta property=\"og:locale\" content=\"pl_PL\" \/>\n<meta property=\"og:type\" content=\"article\" \/>\n<meta property=\"og:title\" content=\"Odwa\u017cny \u015awiadek o wysokiej kulturze - Gaudium Et Spes\" \/>\n<meta property=\"og:description\" content=\"Szcz\u0119\u015b\u0107 Bo\u017ce! Moi Drodzy, w dniu dzisiejszym przesy\u0142am najserdeczniejsze \u017cyczenia naszemu Tacie, Janowi Ja\u015bkowskiemu, z okazji 65. urodzin. Wraz z ca\u0142\u0105 nasz\u0105 Rodzin\u0105 \u017cycz\u0119 Mu ci\u0105g\u0142ej m\u0142odo\u015bci ducha, nieustannego optymizmu i zapa\u0142u do czynienia dobra ludziom! &nbsp; &nbsp;Ca\u0142y czas prosz\u0119 o modlitw\u0119 w intencji naszej Ojczyzny! Dzie\u0144 po dniu przekonujemy si\u0119 coraz bardziej, jak tej [&hellip;]\" \/>\n<meta property=\"og:url\" content=\"https:\/\/gaudiumetspes-blog.pl\/index.php\/2014\/07\/12\/odwazny-swiadek-o-wysokiej-kulturze\/\" \/>\n<meta property=\"og:site_name\" content=\"Gaudium Et Spes\" \/>\n<meta property=\"article:published_time\" content=\"2014-07-12T04:49:00+00:00\" \/>\n<meta property=\"article:modified_time\" content=\"2019-07-31T10:54:46+00:00\" \/>\n<meta name=\"author\" content=\"Ks. Jacek\" \/>\n<meta name=\"twitter:card\" content=\"summary_large_image\" \/>\n<meta name=\"twitter:label1\" content=\"Napisane przez\" \/>\n\t<meta name=\"twitter:data1\" content=\"Ks. Jacek\" \/>\n\t<meta name=\"twitter:label2\" content=\"Szacowany czas czytania\" \/>\n\t<meta name=\"twitter:data2\" content=\"8 minut\" \/>\n<script type=\"application\/ld+json\" class=\"yoast-schema-graph\">{\"@context\":\"https:\/\/schema.org\",\"@graph\":[{\"@type\":\"WebPage\",\"@id\":\"https:\/\/gaudiumetspes-blog.pl\/index.php\/2014\/07\/12\/odwazny-swiadek-o-wysokiej-kulturze\/\",\"url\":\"https:\/\/gaudiumetspes-blog.pl\/index.php\/2014\/07\/12\/odwazny-swiadek-o-wysokiej-kulturze\/\",\"name\":\"Odwa\u017cny \u015awiadek o wysokiej kulturze - Gaudium Et Spes\",\"isPartOf\":{\"@id\":\"https:\/\/gaudiumetspes-blog.pl\/#website\"},\"datePublished\":\"2014-07-12T04:49:00+00:00\",\"dateModified\":\"2019-07-31T10:54:46+00:00\",\"author\":{\"@id\":\"https:\/\/gaudiumetspes-blog.pl\/#\/schema\/person\/1661982992b752dea8dff0d4ed845a65\"},\"breadcrumb\":{\"@id\":\"https:\/\/gaudiumetspes-blog.pl\/index.php\/2014\/07\/12\/odwazny-swiadek-o-wysokiej-kulturze\/#breadcrumb\"},\"inLanguage\":\"pl-PL\",\"potentialAction\":[{\"@type\":\"ReadAction\",\"target\":[\"https:\/\/gaudiumetspes-blog.pl\/index.php\/2014\/07\/12\/odwazny-swiadek-o-wysokiej-kulturze\/\"]}]},{\"@type\":\"BreadcrumbList\",\"@id\":\"https:\/\/gaudiumetspes-blog.pl\/index.php\/2014\/07\/12\/odwazny-swiadek-o-wysokiej-kulturze\/#breadcrumb\",\"itemListElement\":[{\"@type\":\"ListItem\",\"position\":1,\"name\":\"Strona g\u0142\u00f3wna\",\"item\":\"https:\/\/gaudiumetspes-blog.pl\/\"},{\"@type\":\"ListItem\",\"position\":2,\"name\":\"Odwa\u017cny \u015awiadek o&nbsp;wysokiej kulturze\"}]},{\"@type\":\"WebSite\",\"@id\":\"https:\/\/gaudiumetspes-blog.pl\/#website\",\"url\":\"https:\/\/gaudiumetspes-blog.pl\/\",\"name\":\"Gaudium Et Spes\",\"description\":\"Blog Ks. Jacka Ja\u015bkowskiego\",\"potentialAction\":[{\"@type\":\"SearchAction\",\"target\":{\"@type\":\"EntryPoint\",\"urlTemplate\":\"https:\/\/gaudiumetspes-blog.pl\/?s={search_term_string}\"},\"query-input\":{\"@type\":\"PropertyValueSpecification\",\"valueRequired\":true,\"valueName\":\"search_term_string\"}}],\"inLanguage\":\"pl-PL\"},{\"@type\":\"Person\",\"@id\":\"https:\/\/gaudiumetspes-blog.pl\/#\/schema\/person\/1661982992b752dea8dff0d4ed845a65\",\"name\":\"Ks. Jacek\",\"image\":{\"@type\":\"ImageObject\",\"inLanguage\":\"pl-PL\",\"@id\":\"https:\/\/gaudiumetspes-blog.pl\/#\/schema\/person\/image\/\",\"url\":\"https:\/\/gaudiumetspes-blog.pl\/wp-content\/uploads\/2019\/07\/avatar-JJ-150x150.jpg\",\"contentUrl\":\"https:\/\/gaudiumetspes-blog.pl\/wp-content\/uploads\/2019\/07\/avatar-JJ-150x150.jpg\",\"caption\":\"Ks. Jacek\"},\"description\":\"Witam serdecznie! K\u0142ania si\u0119 Ks. Jacek Ja\u015bkowski. Nie jestem ani kim\u015b wa\u017cnym, ani kim\u015b znanym. Jestem ksi\u0119dzem, kt\u00f3ry po prostu chce rozmawia\u0107. Codzienna kap\u0142a\u0144ska pos\u0142uga pokazuje mi, \u017ce temat\u00f3w do rozm\u00f3w z ksi\u0119dzem jest coraz wi\u0119cej i dzisiaj \u017caden ksi\u0105dz nie mo\u017ce od nich ucieka\u0107, ale - wprost przeciwnie - podejmowa\u0107 nowe wyzwania. To przekonanie sk\u0142oni\u0142o mnie do pr\u00f3by otwarcia tego\u017c bloga, chocia\u017c okazji do rozm\u00f3w na co dzie\u0144 - w konfesjonale i poza nim - na szcz\u0119\u015bcie nie brakuje. My\u015bl\u0119 jednak, \u017ce ten blog b\u0119dzie jeszcze jednym sposobem i przestrzeni\u0105 nawi\u0105zania kontaktu z lud\u017ami dobrej woli, otwartymi na dialog.\",\"url\":\"https:\/\/gaudiumetspes-blog.pl\/index.php\/author\/ks-jacek\/\"}]}<\/script>\n<!-- \/ Yoast SEO plugin. -->","yoast_head_json":{"title":"Odwa\u017cny \u015awiadek o wysokiej kulturze - Gaudium Et Spes","robots":{"index":"index","follow":"follow","max-snippet":"max-snippet:-1","max-image-preview":"max-image-preview:large","max-video-preview":"max-video-preview:-1"},"canonical":"https:\/\/gaudiumetspes-blog.pl\/index.php\/2014\/07\/12\/odwazny-swiadek-o-wysokiej-kulturze\/","og_locale":"pl_PL","og_type":"article","og_title":"Odwa\u017cny \u015awiadek o wysokiej kulturze - Gaudium Et Spes","og_description":"Szcz\u0119\u015b\u0107 Bo\u017ce! Moi Drodzy, w dniu dzisiejszym przesy\u0142am najserdeczniejsze \u017cyczenia naszemu Tacie, Janowi Ja\u015bkowskiemu, z okazji 65. urodzin. Wraz z ca\u0142\u0105 nasz\u0105 Rodzin\u0105 \u017cycz\u0119 Mu ci\u0105g\u0142ej m\u0142odo\u015bci ducha, nieustannego optymizmu i zapa\u0142u do czynienia dobra ludziom! &nbsp; &nbsp;Ca\u0142y czas prosz\u0119 o modlitw\u0119 w intencji naszej Ojczyzny! Dzie\u0144 po dniu przekonujemy si\u0119 coraz bardziej, jak tej [&hellip;]","og_url":"https:\/\/gaudiumetspes-blog.pl\/index.php\/2014\/07\/12\/odwazny-swiadek-o-wysokiej-kulturze\/","og_site_name":"Gaudium Et Spes","article_published_time":"2014-07-12T04:49:00+00:00","article_modified_time":"2019-07-31T10:54:46+00:00","author":"Ks. Jacek","twitter_card":"summary_large_image","twitter_misc":{"Napisane przez":"Ks. Jacek","Szacowany czas czytania":"8 minut"},"schema":{"@context":"https:\/\/schema.org","@graph":[{"@type":"WebPage","@id":"https:\/\/gaudiumetspes-blog.pl\/index.php\/2014\/07\/12\/odwazny-swiadek-o-wysokiej-kulturze\/","url":"https:\/\/gaudiumetspes-blog.pl\/index.php\/2014\/07\/12\/odwazny-swiadek-o-wysokiej-kulturze\/","name":"Odwa\u017cny \u015awiadek o wysokiej kulturze - Gaudium Et Spes","isPartOf":{"@id":"https:\/\/gaudiumetspes-blog.pl\/#website"},"datePublished":"2014-07-12T04:49:00+00:00","dateModified":"2019-07-31T10:54:46+00:00","author":{"@id":"https:\/\/gaudiumetspes-blog.pl\/#\/schema\/person\/1661982992b752dea8dff0d4ed845a65"},"breadcrumb":{"@id":"https:\/\/gaudiumetspes-blog.pl\/index.php\/2014\/07\/12\/odwazny-swiadek-o-wysokiej-kulturze\/#breadcrumb"},"inLanguage":"pl-PL","potentialAction":[{"@type":"ReadAction","target":["https:\/\/gaudiumetspes-blog.pl\/index.php\/2014\/07\/12\/odwazny-swiadek-o-wysokiej-kulturze\/"]}]},{"@type":"BreadcrumbList","@id":"https:\/\/gaudiumetspes-blog.pl\/index.php\/2014\/07\/12\/odwazny-swiadek-o-wysokiej-kulturze\/#breadcrumb","itemListElement":[{"@type":"ListItem","position":1,"name":"Strona g\u0142\u00f3wna","item":"https:\/\/gaudiumetspes-blog.pl\/"},{"@type":"ListItem","position":2,"name":"Odwa\u017cny \u015awiadek o&nbsp;wysokiej kulturze"}]},{"@type":"WebSite","@id":"https:\/\/gaudiumetspes-blog.pl\/#website","url":"https:\/\/gaudiumetspes-blog.pl\/","name":"Gaudium Et Spes","description":"Blog Ks. Jacka Ja\u015bkowskiego","potentialAction":[{"@type":"SearchAction","target":{"@type":"EntryPoint","urlTemplate":"https:\/\/gaudiumetspes-blog.pl\/?s={search_term_string}"},"query-input":{"@type":"PropertyValueSpecification","valueRequired":true,"valueName":"search_term_string"}}],"inLanguage":"pl-PL"},{"@type":"Person","@id":"https:\/\/gaudiumetspes-blog.pl\/#\/schema\/person\/1661982992b752dea8dff0d4ed845a65","name":"Ks. Jacek","image":{"@type":"ImageObject","inLanguage":"pl-PL","@id":"https:\/\/gaudiumetspes-blog.pl\/#\/schema\/person\/image\/","url":"https:\/\/gaudiumetspes-blog.pl\/wp-content\/uploads\/2019\/07\/avatar-JJ-150x150.jpg","contentUrl":"https:\/\/gaudiumetspes-blog.pl\/wp-content\/uploads\/2019\/07\/avatar-JJ-150x150.jpg","caption":"Ks. Jacek"},"description":"Witam serdecznie! K\u0142ania si\u0119 Ks. Jacek Ja\u015bkowski. Nie jestem ani kim\u015b wa\u017cnym, ani kim\u015b znanym. Jestem ksi\u0119dzem, kt\u00f3ry po prostu chce rozmawia\u0107. Codzienna kap\u0142a\u0144ska pos\u0142uga pokazuje mi, \u017ce temat\u00f3w do rozm\u00f3w z ksi\u0119dzem jest coraz wi\u0119cej i dzisiaj \u017caden ksi\u0105dz nie mo\u017ce od nich ucieka\u0107, ale - wprost przeciwnie - podejmowa\u0107 nowe wyzwania. To przekonanie sk\u0142oni\u0142o mnie do pr\u00f3by otwarcia tego\u017c bloga, chocia\u017c okazji do rozm\u00f3w na co dzie\u0144 - w konfesjonale i poza nim - na szcz\u0119\u015bcie nie brakuje. My\u015bl\u0119 jednak, \u017ce ten blog b\u0119dzie jeszcze jednym sposobem i przestrzeni\u0105 nawi\u0105zania kontaktu z lud\u017ami dobrej woli, otwartymi na dialog.","url":"https:\/\/gaudiumetspes-blog.pl\/index.php\/author\/ks-jacek\/"}]}},"jetpack_featured_media_url":"","jetpack_sharing_enabled":true,"_links":{"self":[{"href":"https:\/\/gaudiumetspes-blog.pl\/index.php\/wp-json\/wp\/v2\/posts\/8701","targetHints":{"allow":["GET"]}}],"collection":[{"href":"https:\/\/gaudiumetspes-blog.pl\/index.php\/wp-json\/wp\/v2\/posts"}],"about":[{"href":"https:\/\/gaudiumetspes-blog.pl\/index.php\/wp-json\/wp\/v2\/types\/post"}],"author":[{"embeddable":true,"href":"https:\/\/gaudiumetspes-blog.pl\/index.php\/wp-json\/wp\/v2\/users\/1"}],"replies":[{"embeddable":true,"href":"https:\/\/gaudiumetspes-blog.pl\/index.php\/wp-json\/wp\/v2\/comments?post=8701"}],"version-history":[{"count":1,"href":"https:\/\/gaudiumetspes-blog.pl\/index.php\/wp-json\/wp\/v2\/posts\/8701\/revisions"}],"predecessor-version":[{"id":11647,"href":"https:\/\/gaudiumetspes-blog.pl\/index.php\/wp-json\/wp\/v2\/posts\/8701\/revisions\/11647"}],"wp:attachment":[{"href":"https:\/\/gaudiumetspes-blog.pl\/index.php\/wp-json\/wp\/v2\/media?parent=8701"}],"wp:term":[{"taxonomy":"category","embeddable":true,"href":"https:\/\/gaudiumetspes-blog.pl\/index.php\/wp-json\/wp\/v2\/categories?post=8701"},{"taxonomy":"post_tag","embeddable":true,"href":"https:\/\/gaudiumetspes-blog.pl\/index.php\/wp-json\/wp\/v2\/tags?post=8701"}],"curies":[{"name":"wp","href":"https:\/\/api.w.org\/{rel}","templated":true}]}}