{"id":8774,"date":"2014-04-30T05:04:00","date_gmt":"2014-04-30T03:04:00","guid":{"rendered":"https:\/\/gaudiumetspes-blog.pl\/index.php\/2014\/04\/30\/w-drodze-z-rzymu-dzien-7\/"},"modified":"2019-07-31T12:54:37","modified_gmt":"2019-07-31T10:54:37","slug":"w-drodze-z-rzymu-dzien-7","status":"publish","type":"post","link":"https:\/\/gaudiumetspes-blog.pl\/index.php\/2014\/04\/30\/w-drodze-z-rzymu-dzien-7\/","title":{"rendered":"W drodze z Rzymu &#8211; dzie\u0144 7"},"content":{"rendered":"<div align=\"JUSTIFY\" style=\"margin-bottom: 0cm;\">\nSzcz\u0119\u015b\u0107 Bo\u017ce! Moi Drodzy, moja relacja z tej Pielgrzymki jest rwana i chaotyczna, ale pisz\u0119 tak, jak tylko pozwalaj\u0105 warunki. Dzisiaj &#8211; jak B\u00f3g pozwoli &#8211; dotr\u0119 do Parafii i jutro pouzupe\u0142niam te relacje, kt\u00f3rych nie zd\u0105\u017cy\u0142em zamie\u015bci\u0107 &#8211; szczeg\u00f3lnie z Asy\u017cu i Padwy&#8230; Tymczasem wszystkich serdecznie pozdrawiam w imieniu ca\u0142ej naszej Grupy. Atmosfera w Grupie dobra, chocia\u017c &#8211; nieco inna, ni\u017c na poprzednich wyjazdach. Ale o tym jutro&#8230;<\/div>\n<div align=\"JUSTIFY\" style=\"margin-bottom: 0cm;\">\n&nbsp; &nbsp; &nbsp; &nbsp; &nbsp; &nbsp; &nbsp; Gaudium et spes! &nbsp;Ks. Jacek<\/div>\n<div align=\"JUSTIFY\" style=\"margin-bottom: 0cm;\">\n<b><br \/><\/b><\/div>\n<div align=\"JUSTIFY\" style=\"margin-bottom: 0cm;\">\n<b>\u015aroda<br \/>\n2 tygodnia Wielkanocy,<\/b><\/div>\n<div align=\"JUSTIFY\" style=\"margin-bottom: 0cm;\">\n<b>do<br \/>\nczyta\u0144:<\/b>  <b>Dz<br \/>\n5,17\u201326;<\/b><b><br \/>\n <\/b><b>J<br \/>\n3,16\u201321<\/b>\n<\/div>\n<div align=\"JUSTIFY\" style=\"margin-bottom: 0cm;\">\n<\/div>\n<div align=\"JUSTIFY\" style=\"margin-bottom: 0cm; page-break-before: auto;\">\n<b>CZYTANIE<br \/>\nZ DZIEJ\u00d3W APOSTOLSKICH: <\/b>\n<\/div>\n<div align=\"JUSTIFY\" style=\"margin-bottom: 0cm; text-indent: 1.22cm;\">\n<b>Arcykap\u0142an<br \/>\ni wszyscy jego zwolennicy nale\u017c\u0105cy do stronnictwa saduceusz\u00f3w,<br \/>\npe\u0142ni zazdro\u015bci zatrzymali aposto\u0142\u00f3w i wtr\u0105cili ich do<br \/>\npublicznego wi\u0119zienia. Ale w nocy anio\u0142 Pa\u0144ski otworzy\u0142 bramy<br \/>\nwi\u0119zienia i wyprowadziwszy ich powiedzia\u0142: \u201eId\u017acie i g\u0142o\u015bcie w<br \/>\n\u015bwi\u0105tyni ludowi wszystkie s\u0142owa tego \u017cycia\u201d. Us\u0142yszawszy to<br \/>\nweszli o \u015bwicie do \u015bwi\u0105tyni i nauczali. <\/b>\n<\/div>\n<div align=\"JUSTIFY\" style=\"margin-bottom: 0cm; text-indent: 1.22cm;\">\n<b>Tymczasem<br \/>\narcykap\u0142an i jego stronnicy zwo\u0142ali Sanhedryn i ca\u0142\u0105 starszyzn\u0119<br \/>\nsyn\u00f3w Izraela. Pos\u0142ali do wi\u0119zienia, aby ich przyprowadzono. Lecz<br \/>\nkiedy s\u0142udzy przyszli, nie znale\u017ali ich w wi\u0119zieniu. Powr\u00f3cili<br \/>\nwi\u0119c i oznajmili: \u201eZnale\u017ali\u015bmy wi\u0119zienie bardzo starannie<br \/>\nzamkni\u0119te i stra\u017cnik\u00f3w stoj\u0105cych przed drzwiami. Po otwarciu<br \/>\njednak nie znale\u017ali\u015bmy wewn\u0105trz nikogo\u201d. <\/b>\n<\/div>\n<div align=\"JUSTIFY\" style=\"margin-bottom: 0cm; text-indent: 1.22cm;\">\n<b>Kiedy<br \/>\ndow\u00f3dca stra\u017cy \u015bwi\u0105tynnej i arcykap\u0142ani us\u0142yszeli te s\u0142owa,<br \/>\nnie mogli poj\u0105\u0107, co si\u0119 z nimi sta\u0142o. Wtem nadszed\u0142 kto\u015b i<br \/>\noznajmi\u0142 im: \u201eCi ludzie, kt\u00f3rych wtr\u0105cili\u015bcie do wi\u0119zienia,<br \/>\nznajduj\u0105 si\u0119 w \u015bwi\u0105tyni i nauczaj\u0105 lud\u201d. Wtedy dow\u00f3dca stra\u017cy<br \/>\nposzed\u0142 ze s\u0142ugami i przyprowadzi\u0142 ich, ale bez u\u017cycia si\u0142y, bo<br \/>\nobawiali si\u0119 ludu, by ich nie ukamienowa\u0142.<\/b><\/div>\n<div align=\"JUSTIFY\" style=\"margin-bottom: 0cm;\">\n<\/div>\n<div align=\"JUSTIFY\" style=\"margin-bottom: 0cm;\">\n<b>S\u0141OWA<br \/>\nEWANGELII WED\u0141UG \u015aWI\u0118TEGO JANA: <\/b>\n<\/div>\n<div align=\"JUSTIFY\" style=\"margin-bottom: 0cm; text-indent: 1.22cm;\">\n<b>Jezus<br \/>\npowiedzia\u0142 do Nikodema: \u201eTak B\u00f3g umi\u0142owa\u0142 \u015bwiat, \u017ce Syna<br \/>\nswego Jednorodzonego da\u0142, aby ka\u017cdy, kto w Niego wierzy, nie<br \/>\nzgin\u0105\u0142, ale mia\u0142 \u017cycie wieczne. Albowiem B\u00f3g nie pos\u0142a\u0142 swego<br \/>\nSyna na \u015bwiat po to, aby \u015bwiat pot\u0119pi\u0142, ale po to, by \u015bwiat<br \/>\nzosta\u0142 przez Niego zbawiony. Kto wierzy w Niego, nie podlega<br \/>\npot\u0119pieniu; a kto nie wierzy, ju\u017c zosta\u0142 pot\u0119piony, bo nie<br \/>\nuwierzy\u0142 w imi\u0119 Jednorodzonego Syna Bo\u017cego. <\/b>\n<\/div>\n<div align=\"JUSTIFY\" style=\"margin-bottom: 0cm; text-indent: 1.22cm;\">\n<b>A<br \/>\ns\u0105d polega na tym, \u017ce \u015bwiat\u0142o przysz\u0142o na \u015bwiat, lecz ludzie<br \/>\nbardziej umi\u0142owali ciemno\u015b\u0107 ani\u017celi \u015bwiat\u0142o: bo z\u0142e by\u0142y ich<br \/>\nuczynki. Ka\u017cdy bowiem, kto si\u0119 dopuszcza nieprawo\u015bci, nienawidzi<br \/>\n\u015bwiat\u0142a i nie zbli\u017ca si\u0119 do \u015bwiat\u0142a, aby nie pot\u0119piono jego<br \/>\nuczynk\u00f3w. Kto spe\u0142nia wymagania prawdy, zbli\u017ca si\u0119 do \u015bwiat\u0142a,<br \/>\naby si\u0119 okaza\u0142o, \u017ce jego uczynki s\u0105 dokonane w Bogu\u201d.<\/b><\/div>\n<div align=\"JUSTIFY\" style=\"margin-bottom: 0cm;\">\n<\/div>\n<div align=\"JUSTIFY\" style=\"margin-bottom: 0cm; page-break-before: auto; text-indent: 1.22cm;\">\nPozdrawiam<br \/>\nserdecznie z hotelu Grifone w Lido di Iesolo, niedaleko Wenecji. Za<br \/>\nchwil\u0119 Msza \u015awi\u0119ta, w czasie kt\u00f3rej podejmowa\u0107 b\u0119dziemy ko\u0144cowe<br \/>\npostanowienia oraz \u015bwi\u0119ci\u0107 pami\u0105tki z wyjazdu, a potem \u2013 ju\u017c<br \/>\nruszamy w drog\u0119 bezpo\u015brednio do Polski. Tysi\u0105c trzysta kilometr\u00f3w<br \/>\ndo przejechania. D\u0142uga droga, ale te\u017c zaplanowany jest do\u015b\u0107<br \/>\nbogaty program duchowy w czasie podr\u00f3\u017cowania: obok sta\u0142ych modlitw<br \/>\n\u2013 jeszcze \u015bwiadectwa Si\u00f3str zakonnych, pielgrzymuj\u0105cych wraz z<br \/>\nnami, a potem kilka jeszcze innych wyst\u0105pie\u0144, od dawna planowanych<br \/>\ni kilka film\u00f3w. Wierzymy, \u017ce ten ostatni dzie\u0144 przebiegnie<br \/>\nspokojnie i owocnie.\n<\/div>\n<div align=\"JUSTIFY\" style=\"margin-bottom: 0cm; text-indent: 1.22cm;\">\nWczoraj<br \/>\ndotarli\u015bmy do tego miejsca, w kt\u00f3rym jeste\u015bmy, oko\u0142o 2200,<br \/>\na to dlatego, \u017ce rano postanowili\u015bmy doda\u0107 do planowanego programu<br \/>\njeszcze jedne odwiedziny Rzymu \u2013 przyjechali\u015bmy do Bazyliki<br \/>\n\u015awi\u0119tego Piotra. Poprzedniego dnia bowiem zwiedzili\u015bmy do\u015b\u0107 du\u017co<br \/>\n\u2013 zaraz po Mszy \u015awi\u0119tej dzi\u0119kczynnej za Kanonizacj\u0119,<br \/>\nsprawowanej o godzinie 1000 \u2013 ale nie uda\u0142o si\u0119 nam<br \/>\nwej\u015b\u0107 do samej Bazyliki. Zwiedzanie zacz\u0119li\u015bmy co prawda z Placu<br \/>\n\u015awi\u0119tego Piotra, ale do samej Bazyliki sta\u0142a okalaj\u0105ca Plac kolejka i nie by\u0142o mowy o tym, \u017ceby cokolwiek innego zobaczy\u0107,<br \/>\nje\u015bliby si\u0119 mia\u0142o w niej sta\u0107.\n<\/div>\n<div align=\"JUSTIFY\" style=\"margin-bottom: 0cm; text-indent: 1.22cm;\">\nPrzeto<br \/>\nwyruszyli\u015bmy na Rzym, a naszym Przewodnikiem by\u0142 Pan Doktor<br \/>\nWojciech Sadowski, Polak od dwudziestu pi\u0119ciu lat mieszkaj\u0105cy w<br \/>\nRzymie, licencjonowany Przewodnik z wieloletnim sta\u017cem, a do tego \u2013<br \/>\ncz\u0142owiek zafascynowany Rzymem i m\u00f3wi\u0105cy o nim w spos\u00f3b elokwentny<br \/>\ni z du\u017c\u0105 doz\u0105 poczucia humoru. S\u0142ucha\u0142o si\u0119 go \u015bwietnie i<br \/>\nnawet nie odczuwa\u0142o si\u0119 zm\u0119czenia, kiedy si\u0119 w\u0119drowa\u0142o przez<br \/>\nPlac Navona, Schody i Plac Hiszpa\u0144ski, Fontann\u0119 fi Trevi, Koloseum<br \/>\n\u2013 a\u017c do Bazyliki \u015awi\u0119tego Jana na Lateranie.\n<\/div>\n<div align=\"JUSTIFY\" style=\"margin-bottom: 0cm; text-indent: 1.22cm;\">\nTo<br \/>\nw\u0142a\u015bnie Pan Wojciech sam zaproponowa\u0142 ponowne spotkanie, gdy\u017c<br \/>\nakurat tego dnia mia\u0142 czas przed po\u0142udniem. Zasadniczo bowiem<br \/>\nzg\u0142oszenia przyjmuje na dwa miesi\u0105ce przed planowanym spotkaniem!<br \/>\nTakie ma wzi\u0119cie! Czeka\u0142 ju\u017c na nas na Placu \u015awi\u0119tego Piotra i<br \/>\nju\u017c w trakcie stania w kolejce du\u017co nam opowiedzia\u0142, a w samej<br \/>\nBazylice oprowadzi\u0142 nas po wszystkich wa\u017cniejszych miejscach,<br \/>\npocz\u0105wszy od Grob\u00f3w \u015awi\u0119tych Papie\u017cy Jana XXIII i Jana Paw\u0142a<br \/>\nII, a\u017c po krypty zawieraj\u0105ce groby wielu innych.<\/div>\n<div align=\"JUSTIFY\" style=\"margin-bottom: 0cm; text-indent: 1.22cm;\">\nA<br \/>\ntrzeba tu nadmieni\u0107, \u017ce Pan Wojciech jest cz\u0142owiekiem bardzo<br \/>\nreligijnym, przeto w najwa\u017cniejszych miejscach sam inicjowa\u0142<br \/>\nmodlitw\u0119, kt\u00f3r\u0105 wszyscy wsp\u00f3lnie podejmowali\u015bmy.\n<\/div>\n<div align=\"JUSTIFY\" style=\"margin-bottom: 0cm; text-indent: 1.22cm;\">\nA<br \/>\ntak przy okazji, to warto nadmieni\u0107, \u017ce a\u017c dwukrotnie spotkali\u015bmy<br \/>\nSiostr\u0119 Tobian\u0119, pos\u0142uguj\u0105c\u0105 Janowi Paw\u0142owi II przez ca\u0142y<br \/>\nPontyfikat, a\u017c do ostatniego dnia! W poniedzia\u0142ek, po Mszy \u015awi\u0119tej<br \/>\ndzi\u0119kczynnej, spotkali\u015bmy j\u0105 na Placu \u015awi\u0119tego Piotra, a wtedy<br \/>\nto Pan Przewodnik skierowa\u0142 do niej \u2013 w imieniu nas wszystkich \u2013<br \/>\ns\u0142owa podzi\u0119kowania za opiek\u0119 nad Ojcem \u015awi\u0119tym, a wczoraj<br \/>\nwidzieli\u015bmy j\u0105 przy samym grobie Jana Paw\u0142a II w chwili, kiedy my<br \/>\nprzed nim byli\u015bmy. Wzruszaj\u0105cy by\u0142 widok tej starszej Siostry,<br \/>\nca\u0142uj\u0105cej z mi\u0142o\u015bci\u0105 niemal ka\u017cd\u0105 liter\u0119 napisu \u201eSanctus<br \/>\nJoannes Paulus II\u201d\u2026<\/div>\n<div align=\"JUSTIFY\" style=\"margin-bottom: 0cm; text-indent: 1.22cm;\">\nI<br \/>\nna tym musz\u0119 zako\u0144czy\u0107, bo ju\u017c za chwil\u0119 wyje\u017cd\u017camy\u2026&nbsp;\n<\/div>\n","protected":false},"excerpt":{"rendered":"<p>Szcz\u0119\u015b\u0107 Bo\u017ce! Moi Drodzy, moja relacja z tej Pielgrzymki jest rwana i chaotyczna, ale pisz\u0119 tak, jak tylko pozwalaj\u0105 warunki. Dzisiaj &#8211; jak B\u00f3g pozwoli &#8211; dotr\u0119 do Parafii i jutro pouzupe\u0142niam te relacje, kt\u00f3rych nie zd\u0105\u017cy\u0142em zamie\u015bci\u0107 &#8211; szczeg\u00f3lnie z Asy\u017cu i Padwy&#8230; Tymczasem wszystkich serdecznie pozdrawiam w imieniu ca\u0142ej naszej Grupy. Atmosfera w [&hellip;]<\/p>\n","protected":false},"author":1,"featured_media":0,"comment_status":"open","ping_status":"open","sticky":false,"template":"","format":"standard","meta":{"jetpack_post_was_ever_published":false,"_jetpack_newsletter_access":"","_jetpack_dont_email_post_to_subs":false,"_jetpack_newsletter_tier_id":0,"_jetpack_memberships_contains_paywalled_content":false,"_jetpack_memberships_contains_paid_content":false,"footnotes":""},"categories":[1],"tags":[],"class_list":["post-8774","post","type-post","status-publish","format-standard","hentry","category-bez-kategorii"],"yoast_head":"<!-- This site is optimized with the Yoast SEO plugin v25.1 - https:\/\/yoast.com\/wordpress\/plugins\/seo\/ -->\n<title>W drodze z Rzymu - dzie\u0144 7 - Gaudium Et Spes<\/title>\n<meta name=\"robots\" content=\"index, follow, max-snippet:-1, max-image-preview:large, max-video-preview:-1\" \/>\n<link rel=\"canonical\" href=\"https:\/\/gaudiumetspes-blog.pl\/index.php\/2014\/04\/30\/w-drodze-z-rzymu-dzien-7\/\" \/>\n<meta property=\"og:locale\" content=\"pl_PL\" \/>\n<meta property=\"og:type\" content=\"article\" \/>\n<meta property=\"og:title\" content=\"W drodze z Rzymu - dzie\u0144 7 - Gaudium Et Spes\" \/>\n<meta property=\"og:description\" content=\"Szcz\u0119\u015b\u0107 Bo\u017ce! Moi Drodzy, moja relacja z tej Pielgrzymki jest rwana i chaotyczna, ale pisz\u0119 tak, jak tylko pozwalaj\u0105 warunki. Dzisiaj &#8211; jak B\u00f3g pozwoli &#8211; dotr\u0119 do Parafii i jutro pouzupe\u0142niam te relacje, kt\u00f3rych nie zd\u0105\u017cy\u0142em zamie\u015bci\u0107 &#8211; szczeg\u00f3lnie z Asy\u017cu i Padwy&#8230; Tymczasem wszystkich serdecznie pozdrawiam w imieniu ca\u0142ej naszej Grupy. Atmosfera w [&hellip;]\" \/>\n<meta property=\"og:url\" content=\"https:\/\/gaudiumetspes-blog.pl\/index.php\/2014\/04\/30\/w-drodze-z-rzymu-dzien-7\/\" \/>\n<meta property=\"og:site_name\" content=\"Gaudium Et Spes\" \/>\n<meta property=\"article:published_time\" content=\"2014-04-30T03:04:00+00:00\" \/>\n<meta property=\"article:modified_time\" content=\"2019-07-31T10:54:37+00:00\" \/>\n<meta name=\"author\" content=\"Ks. Jacek\" \/>\n<meta name=\"twitter:card\" content=\"summary_large_image\" \/>\n<meta name=\"twitter:label1\" content=\"Napisane przez\" \/>\n\t<meta name=\"twitter:data1\" content=\"Ks. Jacek\" \/>\n\t<meta name=\"twitter:label2\" content=\"Szacowany czas czytania\" \/>\n\t<meta name=\"twitter:data2\" content=\"5 minut\" \/>\n<script type=\"application\/ld+json\" class=\"yoast-schema-graph\">{\"@context\":\"https:\/\/schema.org\",\"@graph\":[{\"@type\":\"WebPage\",\"@id\":\"https:\/\/gaudiumetspes-blog.pl\/index.php\/2014\/04\/30\/w-drodze-z-rzymu-dzien-7\/\",\"url\":\"https:\/\/gaudiumetspes-blog.pl\/index.php\/2014\/04\/30\/w-drodze-z-rzymu-dzien-7\/\",\"name\":\"W drodze z Rzymu - dzie\u0144 7 - Gaudium Et Spes\",\"isPartOf\":{\"@id\":\"https:\/\/gaudiumetspes-blog.pl\/#website\"},\"datePublished\":\"2014-04-30T03:04:00+00:00\",\"dateModified\":\"2019-07-31T10:54:37+00:00\",\"author\":{\"@id\":\"https:\/\/gaudiumetspes-blog.pl\/#\/schema\/person\/1661982992b752dea8dff0d4ed845a65\"},\"breadcrumb\":{\"@id\":\"https:\/\/gaudiumetspes-blog.pl\/index.php\/2014\/04\/30\/w-drodze-z-rzymu-dzien-7\/#breadcrumb\"},\"inLanguage\":\"pl-PL\",\"potentialAction\":[{\"@type\":\"ReadAction\",\"target\":[\"https:\/\/gaudiumetspes-blog.pl\/index.php\/2014\/04\/30\/w-drodze-z-rzymu-dzien-7\/\"]}]},{\"@type\":\"BreadcrumbList\",\"@id\":\"https:\/\/gaudiumetspes-blog.pl\/index.php\/2014\/04\/30\/w-drodze-z-rzymu-dzien-7\/#breadcrumb\",\"itemListElement\":[{\"@type\":\"ListItem\",\"position\":1,\"name\":\"Strona g\u0142\u00f3wna\",\"item\":\"https:\/\/gaudiumetspes-blog.pl\/\"},{\"@type\":\"ListItem\",\"position\":2,\"name\":\"W&nbsp;drodze z&nbsp;Rzymu &#8211; dzie\u0144 7\"}]},{\"@type\":\"WebSite\",\"@id\":\"https:\/\/gaudiumetspes-blog.pl\/#website\",\"url\":\"https:\/\/gaudiumetspes-blog.pl\/\",\"name\":\"Gaudium Et Spes\",\"description\":\"Blog Ks. Jacka Ja\u015bkowskiego\",\"potentialAction\":[{\"@type\":\"SearchAction\",\"target\":{\"@type\":\"EntryPoint\",\"urlTemplate\":\"https:\/\/gaudiumetspes-blog.pl\/?s={search_term_string}\"},\"query-input\":{\"@type\":\"PropertyValueSpecification\",\"valueRequired\":true,\"valueName\":\"search_term_string\"}}],\"inLanguage\":\"pl-PL\"},{\"@type\":\"Person\",\"@id\":\"https:\/\/gaudiumetspes-blog.pl\/#\/schema\/person\/1661982992b752dea8dff0d4ed845a65\",\"name\":\"Ks. Jacek\",\"image\":{\"@type\":\"ImageObject\",\"inLanguage\":\"pl-PL\",\"@id\":\"https:\/\/gaudiumetspes-blog.pl\/#\/schema\/person\/image\/\",\"url\":\"https:\/\/gaudiumetspes-blog.pl\/wp-content\/uploads\/2019\/07\/avatar-JJ-150x150.jpg\",\"contentUrl\":\"https:\/\/gaudiumetspes-blog.pl\/wp-content\/uploads\/2019\/07\/avatar-JJ-150x150.jpg\",\"caption\":\"Ks. Jacek\"},\"description\":\"Witam serdecznie! K\u0142ania si\u0119 Ks. Jacek Ja\u015bkowski. Nie jestem ani kim\u015b wa\u017cnym, ani kim\u015b znanym. Jestem ksi\u0119dzem, kt\u00f3ry po prostu chce rozmawia\u0107. Codzienna kap\u0142a\u0144ska pos\u0142uga pokazuje mi, \u017ce temat\u00f3w do rozm\u00f3w z ksi\u0119dzem jest coraz wi\u0119cej i dzisiaj \u017caden ksi\u0105dz nie mo\u017ce od nich ucieka\u0107, ale - wprost przeciwnie - podejmowa\u0107 nowe wyzwania. To przekonanie sk\u0142oni\u0142o mnie do pr\u00f3by otwarcia tego\u017c bloga, chocia\u017c okazji do rozm\u00f3w na co dzie\u0144 - w konfesjonale i poza nim - na szcz\u0119\u015bcie nie brakuje. My\u015bl\u0119 jednak, \u017ce ten blog b\u0119dzie jeszcze jednym sposobem i przestrzeni\u0105 nawi\u0105zania kontaktu z lud\u017ami dobrej woli, otwartymi na dialog.\",\"url\":\"https:\/\/gaudiumetspes-blog.pl\/index.php\/author\/ks-jacek\/\"}]}<\/script>\n<!-- \/ Yoast SEO plugin. -->","yoast_head_json":{"title":"W drodze z Rzymu - dzie\u0144 7 - Gaudium Et Spes","robots":{"index":"index","follow":"follow","max-snippet":"max-snippet:-1","max-image-preview":"max-image-preview:large","max-video-preview":"max-video-preview:-1"},"canonical":"https:\/\/gaudiumetspes-blog.pl\/index.php\/2014\/04\/30\/w-drodze-z-rzymu-dzien-7\/","og_locale":"pl_PL","og_type":"article","og_title":"W drodze z Rzymu - dzie\u0144 7 - Gaudium Et Spes","og_description":"Szcz\u0119\u015b\u0107 Bo\u017ce! Moi Drodzy, moja relacja z tej Pielgrzymki jest rwana i chaotyczna, ale pisz\u0119 tak, jak tylko pozwalaj\u0105 warunki. Dzisiaj &#8211; jak B\u00f3g pozwoli &#8211; dotr\u0119 do Parafii i jutro pouzupe\u0142niam te relacje, kt\u00f3rych nie zd\u0105\u017cy\u0142em zamie\u015bci\u0107 &#8211; szczeg\u00f3lnie z Asy\u017cu i Padwy&#8230; Tymczasem wszystkich serdecznie pozdrawiam w imieniu ca\u0142ej naszej Grupy. Atmosfera w [&hellip;]","og_url":"https:\/\/gaudiumetspes-blog.pl\/index.php\/2014\/04\/30\/w-drodze-z-rzymu-dzien-7\/","og_site_name":"Gaudium Et Spes","article_published_time":"2014-04-30T03:04:00+00:00","article_modified_time":"2019-07-31T10:54:37+00:00","author":"Ks. Jacek","twitter_card":"summary_large_image","twitter_misc":{"Napisane przez":"Ks. Jacek","Szacowany czas czytania":"5 minut"},"schema":{"@context":"https:\/\/schema.org","@graph":[{"@type":"WebPage","@id":"https:\/\/gaudiumetspes-blog.pl\/index.php\/2014\/04\/30\/w-drodze-z-rzymu-dzien-7\/","url":"https:\/\/gaudiumetspes-blog.pl\/index.php\/2014\/04\/30\/w-drodze-z-rzymu-dzien-7\/","name":"W drodze z Rzymu - dzie\u0144 7 - Gaudium Et Spes","isPartOf":{"@id":"https:\/\/gaudiumetspes-blog.pl\/#website"},"datePublished":"2014-04-30T03:04:00+00:00","dateModified":"2019-07-31T10:54:37+00:00","author":{"@id":"https:\/\/gaudiumetspes-blog.pl\/#\/schema\/person\/1661982992b752dea8dff0d4ed845a65"},"breadcrumb":{"@id":"https:\/\/gaudiumetspes-blog.pl\/index.php\/2014\/04\/30\/w-drodze-z-rzymu-dzien-7\/#breadcrumb"},"inLanguage":"pl-PL","potentialAction":[{"@type":"ReadAction","target":["https:\/\/gaudiumetspes-blog.pl\/index.php\/2014\/04\/30\/w-drodze-z-rzymu-dzien-7\/"]}]},{"@type":"BreadcrumbList","@id":"https:\/\/gaudiumetspes-blog.pl\/index.php\/2014\/04\/30\/w-drodze-z-rzymu-dzien-7\/#breadcrumb","itemListElement":[{"@type":"ListItem","position":1,"name":"Strona g\u0142\u00f3wna","item":"https:\/\/gaudiumetspes-blog.pl\/"},{"@type":"ListItem","position":2,"name":"W&nbsp;drodze z&nbsp;Rzymu &#8211; dzie\u0144 7"}]},{"@type":"WebSite","@id":"https:\/\/gaudiumetspes-blog.pl\/#website","url":"https:\/\/gaudiumetspes-blog.pl\/","name":"Gaudium Et Spes","description":"Blog Ks. Jacka Ja\u015bkowskiego","potentialAction":[{"@type":"SearchAction","target":{"@type":"EntryPoint","urlTemplate":"https:\/\/gaudiumetspes-blog.pl\/?s={search_term_string}"},"query-input":{"@type":"PropertyValueSpecification","valueRequired":true,"valueName":"search_term_string"}}],"inLanguage":"pl-PL"},{"@type":"Person","@id":"https:\/\/gaudiumetspes-blog.pl\/#\/schema\/person\/1661982992b752dea8dff0d4ed845a65","name":"Ks. Jacek","image":{"@type":"ImageObject","inLanguage":"pl-PL","@id":"https:\/\/gaudiumetspes-blog.pl\/#\/schema\/person\/image\/","url":"https:\/\/gaudiumetspes-blog.pl\/wp-content\/uploads\/2019\/07\/avatar-JJ-150x150.jpg","contentUrl":"https:\/\/gaudiumetspes-blog.pl\/wp-content\/uploads\/2019\/07\/avatar-JJ-150x150.jpg","caption":"Ks. Jacek"},"description":"Witam serdecznie! K\u0142ania si\u0119 Ks. Jacek Ja\u015bkowski. Nie jestem ani kim\u015b wa\u017cnym, ani kim\u015b znanym. Jestem ksi\u0119dzem, kt\u00f3ry po prostu chce rozmawia\u0107. Codzienna kap\u0142a\u0144ska pos\u0142uga pokazuje mi, \u017ce temat\u00f3w do rozm\u00f3w z ksi\u0119dzem jest coraz wi\u0119cej i dzisiaj \u017caden ksi\u0105dz nie mo\u017ce od nich ucieka\u0107, ale - wprost przeciwnie - podejmowa\u0107 nowe wyzwania. To przekonanie sk\u0142oni\u0142o mnie do pr\u00f3by otwarcia tego\u017c bloga, chocia\u017c okazji do rozm\u00f3w na co dzie\u0144 - w konfesjonale i poza nim - na szcz\u0119\u015bcie nie brakuje. My\u015bl\u0119 jednak, \u017ce ten blog b\u0119dzie jeszcze jednym sposobem i przestrzeni\u0105 nawi\u0105zania kontaktu z lud\u017ami dobrej woli, otwartymi na dialog.","url":"https:\/\/gaudiumetspes-blog.pl\/index.php\/author\/ks-jacek\/"}]}},"jetpack_featured_media_url":"","jetpack_sharing_enabled":true,"_links":{"self":[{"href":"https:\/\/gaudiumetspes-blog.pl\/index.php\/wp-json\/wp\/v2\/posts\/8774","targetHints":{"allow":["GET"]}}],"collection":[{"href":"https:\/\/gaudiumetspes-blog.pl\/index.php\/wp-json\/wp\/v2\/posts"}],"about":[{"href":"https:\/\/gaudiumetspes-blog.pl\/index.php\/wp-json\/wp\/v2\/types\/post"}],"author":[{"embeddable":true,"href":"https:\/\/gaudiumetspes-blog.pl\/index.php\/wp-json\/wp\/v2\/users\/1"}],"replies":[{"embeddable":true,"href":"https:\/\/gaudiumetspes-blog.pl\/index.php\/wp-json\/wp\/v2\/comments?post=8774"}],"version-history":[{"count":1,"href":"https:\/\/gaudiumetspes-blog.pl\/index.php\/wp-json\/wp\/v2\/posts\/8774\/revisions"}],"predecessor-version":[{"id":11554,"href":"https:\/\/gaudiumetspes-blog.pl\/index.php\/wp-json\/wp\/v2\/posts\/8774\/revisions\/11554"}],"wp:attachment":[{"href":"https:\/\/gaudiumetspes-blog.pl\/index.php\/wp-json\/wp\/v2\/media?parent=8774"}],"wp:term":[{"taxonomy":"category","embeddable":true,"href":"https:\/\/gaudiumetspes-blog.pl\/index.php\/wp-json\/wp\/v2\/categories?post=8774"},{"taxonomy":"post_tag","embeddable":true,"href":"https:\/\/gaudiumetspes-blog.pl\/index.php\/wp-json\/wp\/v2\/tags?post=8774"}],"curies":[{"name":"wp","href":"https:\/\/api.w.org\/{rel}","templated":true}]}}