{"id":8776,"date":"2014-04-28T10:49:00","date_gmt":"2014-04-28T08:49:00","guid":{"rendered":"https:\/\/gaudiumetspes-blog.pl\/index.php\/2014\/04\/28\/obumierac-i-suzyc\/"},"modified":"2019-07-31T12:54:37","modified_gmt":"2019-07-31T10:54:37","slug":"obumierac-i-suzyc","status":"publish","type":"post","link":"https:\/\/gaudiumetspes-blog.pl\/index.php\/2014\/04\/28\/obumierac-i-suzyc\/","title":{"rendered":"Obumiera\u0107 i s\u0142u\u017cy\u0107&#8230;"},"content":{"rendered":"<div class=\"separator\" style=\"clear: both; text-align: center;\">\n<a href=\"https:\/\/gaudiumetspes-blog.pl\/wp-content\/uploads\/2014\/04\/q8bCHh37ptU-741x1024.jpg\" imageanchor=\"1\" style=\"clear: right; float: right; margin-bottom: 1em; margin-left: 1em;\"><img loading=\"lazy\" decoding=\"async\" border=\"0\" src=\"https:\/\/gaudiumetspes-blog.pl\/wp-content\/uploads\/2014\/04\/q8bCHh37ptU-741x1024.jpg\" height=\"320\" width=\"231\" \/><\/a><\/div>\n<p><b><i><br \/>Uroczysto\u015b\u0107 \u015bw. Wojciecha, biskupa i m\u0119czennika, patrona Polski<\/p>\n<p>(Dz 1,3-8)<br \/> Po swojej m\u0119ce Jezus da\u0142 Aposto\u0142om wiele dowod\u00f3w, \u017ce \u017cyje: ukazywa\u0142 si\u0119 im przez czterdzie\u015bci dni i m\u00f3wi\u0142 o kr\u00f3lestwie Bo\u017cym. A podczas wsp\u00f3lnego posi\u0142ku kaza\u0142 im nie odchodzi\u0107 z Jerozolimy, ale oczekiwa\u0107 obietnicy Ojca: S\u0142yszeli\u015bcie o niej ode Mnie &#8211; \/m\u00f3wi\u0142\/ &#8211; Jan chrzci\u0142 wod\u0105, ale wy wkr\u00f3tce zostaniecie ochrzeczeni Duchem \u015awi\u0119tym. Zapytywali Go zebrani: Panie, czy w tym czasie przywr\u00f3cisz kr\u00f3lestwo Izraela? Odpowiedzia\u0142 im: Nie wasza to rzecz zna\u0107 czasy i chwile, kt\u00f3re Ojciec ustali\u0142 swoj\u0105 w\u0142adz\u0105, ale gdy Duch \u015awi\u0119ty zst\u0105pi na was, otrzymacie Jego moc i b\u0119dziecie moimi \u015bwiadkami w Jerozolimie i w ca\u0142ej Judei, i w Samarii, i a\u017c po kra\u0144ce ziemi.<\/p>\n<p>(Flp 1,20c-30)<br \/> Chrystus b\u0119dzie uwielbiony w moim ciele: czy to przez \u017cycie, czy przez \u015bmier\u0107. Dla mnie bowiem \u017cy\u0107 &#8211; to Chrystus, a umrze\u0107 &#8211; to zysk. Je\u015bli bowiem \u017cy\u0107 w ciele &#8211; to dla mnie owocna praca, co mam wybra\u0107? Nie umiem powiedzie\u0107. Z dw\u00f3ch stron doznaj\u0119 nalegania: pragn\u0119 odej\u015b\u0107, a by\u0107 z Chrystusem, bo to o wiele lepsze, pozostawa\u0107 za\u015b w ciele &#8211; to bardziej dla was konieczne. A ufny w to, wiem, \u017ce pozostan\u0119, i to pozostan\u0119 nadal dla was wszystkich, dla waszego post\u0119pu i rado\u015bci w wierze, aby ros\u0142a wasza duma w Chrystusie przez mnie, przez moj\u0105 ponown\u0105 obecno\u015b\u0107 u was. Tylko sprawujcie si\u0119 w spos\u00f3b godny Ewangelii Chrystusowej, abym ja &#8211; czy to gdy przyb\u0119d\u0119 i ujrz\u0119 was, czy te\u017c b\u0119d\u0105c z daleka &#8211; m\u00f3g\u0142 us\u0142ysze\u0107 o was, \u017ce trwacie mocno w jednym duchu, jednym sercem walcz\u0105c wsp\u00f3lnie o wiar\u0119 w Ewangeli\u0119, i w niczym nie dajecie si\u0119 zastraszy\u0107 przeciwnikom. To w\u0142a\u015bnie dla nich jest zapowiedzi\u0105 zag\u0142ady, a dla was zbawienia, i to przez Boga. Wam bowiem z \u0142aski dane jest to dla Chrystusa: nie tylko w Niego wierzy\u0107, ale i dla Niego cierpie\u0107, skoro toczycie t\u0119 sam\u0105 walk\u0119, jak\u0105 u mnie widzieli\u015bcie, a o jakiej u mnie teraz s\u0142yszycie.<\/p>\n<p>(J 12,24-26)<br \/> Zaprawd\u0119, zaprawd\u0119, powiadam wam: Je\u017celi ziarno pszenicy wpad\u0142szy w ziemi\u0119 nie obumrze, zostanie tylko samo, ale je\u017celi obumrze, przynosi plon obfity. Ten, kto kocha swoje \u017cycie, traci je, a kto nienawidzi swego \u017cycia na tym \u015bwiecie, zachowa je na \u017cycie wieczne. A kto by chcia\u0142 Mi s\u0142u\u017cy\u0107, niech idzie na Mn\u0105, a gdzie Ja jestem, tam b\u0119dzie i m\u00f3j s\u0142uga. A je\u015bli kto\u015b Mi s\u0142u\u017cy, uczci go m\u00f3j Ojciec.<\/i><\/b><br \/>\nNiech b\u0119dzie pochwalony Jezus Chrystus!<\/p>\n<p>Pozdrawiam z Syberii.<\/p>\n<p>Przed chwil\u0105 otrzyma\u0142em sms od ks. Jacka, \u017ce dzi\u015b nie mo\u017ce napisa\u0107 rozwa\u017cania, ja te\u017c nie mam zbyt wiele czasu\u2026 Ale kilka s\u0142\u00f3w\u2026<\/p>\n<p>Dzi\u015b wspomnienie \u015bw. Wojciecha, przeniesione na pierwszy dzie\u0144 po oktawie Wielkanocy.<\/p>\n<p>W dzisiejszej Ewangelii pragn\u0119 podkre\u015bli\u0107 dwa s\u0142owa \u2013 obumrze i s\u0142u\u017cy\u0107.<br \/>\n<a name='more'><\/a>S\u0142owa te pokazuj\u0105 nam, \u017ce chrze\u015bcijanin to cz\u0142owiek, kt\u00f3ry ma obumiera\u0107 \u2013 a zatem oddawa\u0107, traci\u0107, po\u015bwi\u0119ca\u0107 swoje \u017cycie dla Boga i dla drugiego cz\u0142owieka, ma traci\u0107 swoje \u017cycie, po\u015bwi\u0119ca\u0107 swoje \u017cycie w s\u0142u\u017cbie Bogu, w s\u0142u\u017cbie drugiemu cz\u0142owiekowi.<\/p>\n<div class=\"separator\" style=\"clear: both; text-align: center;\">\n<a href=\"https:\/\/gaudiumetspes-blog.pl\/wp-content\/uploads\/2014\/04\/ijWhbK1-_Q0.jpg\" imageanchor=\"1\" style=\"clear: left; float: left; margin-bottom: 1em; margin-right: 1em;\"><img loading=\"lazy\" decoding=\"async\" border=\"0\" src=\"https:\/\/gaudiumetspes-blog.pl\/wp-content\/uploads\/2014\/04\/ijWhbK1-_Q0.jpg\" height=\"211\" width=\"320\" \/><\/a><\/div>\n<p>Takim przyk\u0142adem obumierania i s\u0142u\u017cby jest \u015bw. Wojciech, takim przyk\u0142adem obumierania i s\u0142u\u017cby jest \u015bw. Jan Pawe\u0142 II i \u015bw. Jan XXIII.<\/p>\n<p>Wczoraj przez internet ogl\u0105da\u0142em transmisj\u0119 z Mszy kanonizacyjnej. Ogl\u0105da\u0142em to na stronie Radia Watyka\u0144skiego i TV Watyka\u0144skiej i tam transmisja by\u0142a d\u0142ugo, jeszcze po zako\u0144czeniu Mszy \u015bw. Dla mnie czym\u015b pi\u0119knym by\u0142o to, \u017ce ju\u017c d\u0142ugo po Mszy \u015aw., papie\u017c Franciszek, po d\u0142ugich powitaniach z g\u0142owami pa\u0144stw i innymi \u201ewa\u017cnymi\u201d lud\u017ami jeszcze je\u017adzi\u0142 po Placu i nie tylko \u2013 wyjecha\u0142 tak\u017ce poza plac, \u017ceby ludzie mogli, cho\u0107 w taki spos\u00f3b spotka\u0107 si\u0119 z papie\u017cem. Co\u015b prostego, aby da\u0107 ludziom odrobin\u0119 rado\u015bci, nie szcz\u0119dz\u0105c siebie, nie bacz\u0105c na w\u0142asne zm\u0119czenie\u2026<\/p>\n<p>Taki drobny przyk\u0142ad, a mo\u017ce i nie drobny \u2013 obumierania przez s\u0142u\u017cb\u0119\u2026<\/p>\n<p>Mo\u017ce i nam uda si\u0119 dzi\u015b troch\u0119 potrudzi\u0107, zaprze\u0107 si\u0119 siebie, \u017ceby pos\u0142u\u017cy\u0107 innym.<\/p>\n<p>Prosz\u0119 Was dzi\u015b o Wasze refleksje z wczorajszej kanonizacji i oczywi\u015bcie Wasze my\u015bli odno\u015bnie do Bo\u017cego s\u0142owa. <\/p>\n<p>Pozdrawiam. <\/p>\n<div class=\"separator\" style=\"clear: both; text-align: center;\">\n<a href=\"https:\/\/gaudiumetspes-blog.pl\/wp-content\/uploads\/2014\/04\/7Bmp-SgeCo.jpg\" imageanchor=\"1\" style=\"margin-left: 1em; margin-right: 1em;\"><img loading=\"lazy\" decoding=\"async\" border=\"0\" src=\"https:\/\/gaudiumetspes-blog.pl\/wp-content\/uploads\/2014\/04\/7Bmp-SgeCo.jpg\" height=\"236\" width=\"320\" \/><\/a><\/div>\n<div class=\"separator\" style=\"clear: both; text-align: center;\">\n<a href=\"https:\/\/gaudiumetspes-blog.pl\/wp-content\/uploads\/2014\/04\/4gNd3nlRAC8.jpg\" imageanchor=\"1\" style=\"clear: right; float: right; margin-bottom: 1em; margin-left: 1em;\"><img loading=\"lazy\" decoding=\"async\" border=\"0\" src=\"https:\/\/gaudiumetspes-blog.pl\/wp-content\/uploads\/2014\/04\/4gNd3nlRAC8.jpg\" height=\"234\" width=\"320\" \/><\/a><\/div>\n","protected":false},"excerpt":{"rendered":"<p>Uroczysto\u015b\u0107 \u015bw. Wojciecha, biskupa i m\u0119czennika, patrona Polski (Dz 1,3-8) Po swojej m\u0119ce Jezus da\u0142 Aposto\u0142om wiele dowod\u00f3w, \u017ce \u017cyje: ukazywa\u0142 si\u0119 im przez czterdzie\u015bci dni i m\u00f3wi\u0142 o kr\u00f3lestwie Bo\u017cym. A podczas wsp\u00f3lnego posi\u0142ku kaza\u0142 im nie odchodzi\u0107 z Jerozolimy, ale oczekiwa\u0107 obietnicy Ojca: S\u0142yszeli\u015bcie o niej ode Mnie &#8211; \/m\u00f3wi\u0142\/ &#8211; Jan chrzci\u0142 [&hellip;]<\/p>\n","protected":false},"author":1,"featured_media":0,"comment_status":"open","ping_status":"open","sticky":false,"template":"","format":"standard","meta":{"jetpack_post_was_ever_published":false,"_jetpack_newsletter_access":"","_jetpack_dont_email_post_to_subs":false,"_jetpack_newsletter_tier_id":0,"_jetpack_memberships_contains_paywalled_content":false,"_jetpack_memberships_contains_paid_content":false,"footnotes":""},"categories":[1],"tags":[],"class_list":["post-8776","post","type-post","status-publish","format-standard","hentry","category-bez-kategorii"],"yoast_head":"<!-- This site is optimized with the Yoast SEO plugin v25.1 - https:\/\/yoast.com\/wordpress\/plugins\/seo\/ -->\n<title>Obumiera\u0107 i s\u0142u\u017cy\u0107... - Gaudium Et Spes<\/title>\n<meta name=\"robots\" content=\"index, follow, max-snippet:-1, max-image-preview:large, max-video-preview:-1\" \/>\n<link rel=\"canonical\" href=\"https:\/\/gaudiumetspes-blog.pl\/index.php\/2014\/04\/28\/obumierac-i-suzyc\/\" \/>\n<meta property=\"og:locale\" content=\"pl_PL\" \/>\n<meta property=\"og:type\" content=\"article\" \/>\n<meta property=\"og:title\" content=\"Obumiera\u0107 i s\u0142u\u017cy\u0107... - Gaudium Et Spes\" \/>\n<meta property=\"og:description\" content=\"Uroczysto\u015b\u0107 \u015bw. Wojciecha, biskupa i m\u0119czennika, patrona Polski (Dz 1,3-8) Po swojej m\u0119ce Jezus da\u0142 Aposto\u0142om wiele dowod\u00f3w, \u017ce \u017cyje: ukazywa\u0142 si\u0119 im przez czterdzie\u015bci dni i m\u00f3wi\u0142 o kr\u00f3lestwie Bo\u017cym. A podczas wsp\u00f3lnego posi\u0142ku kaza\u0142 im nie odchodzi\u0107 z Jerozolimy, ale oczekiwa\u0107 obietnicy Ojca: S\u0142yszeli\u015bcie o niej ode Mnie &#8211; \/m\u00f3wi\u0142\/ &#8211; Jan chrzci\u0142 [&hellip;]\" \/>\n<meta property=\"og:url\" content=\"https:\/\/gaudiumetspes-blog.pl\/index.php\/2014\/04\/28\/obumierac-i-suzyc\/\" \/>\n<meta property=\"og:site_name\" content=\"Gaudium Et Spes\" \/>\n<meta property=\"article:published_time\" content=\"2014-04-28T08:49:00+00:00\" \/>\n<meta property=\"article:modified_time\" content=\"2019-07-31T10:54:37+00:00\" \/>\n<meta property=\"og:image\" content=\"https:\/\/gaudiumetspes-blog.pl\/wp-content\/uploads\/2014\/04\/q8bCHh37ptU-741x1024.jpg\" \/>\n<meta name=\"author\" content=\"Ks. Jacek\" \/>\n<meta name=\"twitter:card\" content=\"summary_large_image\" \/>\n<meta name=\"twitter:label1\" content=\"Napisane przez\" \/>\n\t<meta name=\"twitter:data1\" content=\"Ks. Jacek\" \/>\n\t<meta name=\"twitter:label2\" content=\"Szacowany czas czytania\" \/>\n\t<meta name=\"twitter:data2\" content=\"4 minuty\" \/>\n<script type=\"application\/ld+json\" class=\"yoast-schema-graph\">{\"@context\":\"https:\/\/schema.org\",\"@graph\":[{\"@type\":\"WebPage\",\"@id\":\"https:\/\/gaudiumetspes-blog.pl\/index.php\/2014\/04\/28\/obumierac-i-suzyc\/\",\"url\":\"https:\/\/gaudiumetspes-blog.pl\/index.php\/2014\/04\/28\/obumierac-i-suzyc\/\",\"name\":\"Obumiera\u0107 i s\u0142u\u017cy\u0107... - Gaudium Et Spes\",\"isPartOf\":{\"@id\":\"https:\/\/gaudiumetspes-blog.pl\/#website\"},\"primaryImageOfPage\":{\"@id\":\"https:\/\/gaudiumetspes-blog.pl\/index.php\/2014\/04\/28\/obumierac-i-suzyc\/#primaryimage\"},\"image\":{\"@id\":\"https:\/\/gaudiumetspes-blog.pl\/index.php\/2014\/04\/28\/obumierac-i-suzyc\/#primaryimage\"},\"thumbnailUrl\":\"https:\/\/gaudiumetspes-blog.pl\/wp-content\/uploads\/2014\/04\/q8bCHh37ptU-741x1024.jpg\",\"datePublished\":\"2014-04-28T08:49:00+00:00\",\"dateModified\":\"2019-07-31T10:54:37+00:00\",\"author\":{\"@id\":\"https:\/\/gaudiumetspes-blog.pl\/#\/schema\/person\/1661982992b752dea8dff0d4ed845a65\"},\"breadcrumb\":{\"@id\":\"https:\/\/gaudiumetspes-blog.pl\/index.php\/2014\/04\/28\/obumierac-i-suzyc\/#breadcrumb\"},\"inLanguage\":\"pl-PL\",\"potentialAction\":[{\"@type\":\"ReadAction\",\"target\":[\"https:\/\/gaudiumetspes-blog.pl\/index.php\/2014\/04\/28\/obumierac-i-suzyc\/\"]}]},{\"@type\":\"ImageObject\",\"inLanguage\":\"pl-PL\",\"@id\":\"https:\/\/gaudiumetspes-blog.pl\/index.php\/2014\/04\/28\/obumierac-i-suzyc\/#primaryimage\",\"url\":\"https:\/\/gaudiumetspes-blog.pl\/wp-content\/uploads\/2014\/04\/q8bCHh37ptU-741x1024.jpg\",\"contentUrl\":\"https:\/\/gaudiumetspes-blog.pl\/wp-content\/uploads\/2014\/04\/q8bCHh37ptU-741x1024.jpg\"},{\"@type\":\"BreadcrumbList\",\"@id\":\"https:\/\/gaudiumetspes-blog.pl\/index.php\/2014\/04\/28\/obumierac-i-suzyc\/#breadcrumb\",\"itemListElement\":[{\"@type\":\"ListItem\",\"position\":1,\"name\":\"Strona g\u0142\u00f3wna\",\"item\":\"https:\/\/gaudiumetspes-blog.pl\/\"},{\"@type\":\"ListItem\",\"position\":2,\"name\":\"Obumiera\u0107 i&nbsp;s\u0142u\u017cy\u0107&#8230;\"}]},{\"@type\":\"WebSite\",\"@id\":\"https:\/\/gaudiumetspes-blog.pl\/#website\",\"url\":\"https:\/\/gaudiumetspes-blog.pl\/\",\"name\":\"Gaudium Et Spes\",\"description\":\"Blog Ks. Jacka Ja\u015bkowskiego\",\"potentialAction\":[{\"@type\":\"SearchAction\",\"target\":{\"@type\":\"EntryPoint\",\"urlTemplate\":\"https:\/\/gaudiumetspes-blog.pl\/?s={search_term_string}\"},\"query-input\":{\"@type\":\"PropertyValueSpecification\",\"valueRequired\":true,\"valueName\":\"search_term_string\"}}],\"inLanguage\":\"pl-PL\"},{\"@type\":\"Person\",\"@id\":\"https:\/\/gaudiumetspes-blog.pl\/#\/schema\/person\/1661982992b752dea8dff0d4ed845a65\",\"name\":\"Ks. Jacek\",\"image\":{\"@type\":\"ImageObject\",\"inLanguage\":\"pl-PL\",\"@id\":\"https:\/\/gaudiumetspes-blog.pl\/#\/schema\/person\/image\/\",\"url\":\"https:\/\/gaudiumetspes-blog.pl\/wp-content\/uploads\/2019\/07\/avatar-JJ-150x150.jpg\",\"contentUrl\":\"https:\/\/gaudiumetspes-blog.pl\/wp-content\/uploads\/2019\/07\/avatar-JJ-150x150.jpg\",\"caption\":\"Ks. Jacek\"},\"description\":\"Witam serdecznie! K\u0142ania si\u0119 Ks. Jacek Ja\u015bkowski. Nie jestem ani kim\u015b wa\u017cnym, ani kim\u015b znanym. Jestem ksi\u0119dzem, kt\u00f3ry po prostu chce rozmawia\u0107. Codzienna kap\u0142a\u0144ska pos\u0142uga pokazuje mi, \u017ce temat\u00f3w do rozm\u00f3w z ksi\u0119dzem jest coraz wi\u0119cej i dzisiaj \u017caden ksi\u0105dz nie mo\u017ce od nich ucieka\u0107, ale - wprost przeciwnie - podejmowa\u0107 nowe wyzwania. To przekonanie sk\u0142oni\u0142o mnie do pr\u00f3by otwarcia tego\u017c bloga, chocia\u017c okazji do rozm\u00f3w na co dzie\u0144 - w konfesjonale i poza nim - na szcz\u0119\u015bcie nie brakuje. My\u015bl\u0119 jednak, \u017ce ten blog b\u0119dzie jeszcze jednym sposobem i przestrzeni\u0105 nawi\u0105zania kontaktu z lud\u017ami dobrej woli, otwartymi na dialog.\",\"url\":\"https:\/\/gaudiumetspes-blog.pl\/index.php\/author\/ks-jacek\/\"}]}<\/script>\n<!-- \/ Yoast SEO plugin. -->","yoast_head_json":{"title":"Obumiera\u0107 i s\u0142u\u017cy\u0107... - Gaudium Et Spes","robots":{"index":"index","follow":"follow","max-snippet":"max-snippet:-1","max-image-preview":"max-image-preview:large","max-video-preview":"max-video-preview:-1"},"canonical":"https:\/\/gaudiumetspes-blog.pl\/index.php\/2014\/04\/28\/obumierac-i-suzyc\/","og_locale":"pl_PL","og_type":"article","og_title":"Obumiera\u0107 i s\u0142u\u017cy\u0107... - Gaudium Et Spes","og_description":"Uroczysto\u015b\u0107 \u015bw. Wojciecha, biskupa i m\u0119czennika, patrona Polski (Dz 1,3-8) Po swojej m\u0119ce Jezus da\u0142 Aposto\u0142om wiele dowod\u00f3w, \u017ce \u017cyje: ukazywa\u0142 si\u0119 im przez czterdzie\u015bci dni i m\u00f3wi\u0142 o kr\u00f3lestwie Bo\u017cym. A podczas wsp\u00f3lnego posi\u0142ku kaza\u0142 im nie odchodzi\u0107 z Jerozolimy, ale oczekiwa\u0107 obietnicy Ojca: S\u0142yszeli\u015bcie o niej ode Mnie &#8211; \/m\u00f3wi\u0142\/ &#8211; Jan chrzci\u0142 [&hellip;]","og_url":"https:\/\/gaudiumetspes-blog.pl\/index.php\/2014\/04\/28\/obumierac-i-suzyc\/","og_site_name":"Gaudium Et Spes","article_published_time":"2014-04-28T08:49:00+00:00","article_modified_time":"2019-07-31T10:54:37+00:00","og_image":[{"url":"https:\/\/gaudiumetspes-blog.pl\/wp-content\/uploads\/2014\/04\/q8bCHh37ptU-741x1024.jpg","type":"","width":"","height":""}],"author":"Ks. Jacek","twitter_card":"summary_large_image","twitter_misc":{"Napisane przez":"Ks. Jacek","Szacowany czas czytania":"4 minuty"},"schema":{"@context":"https:\/\/schema.org","@graph":[{"@type":"WebPage","@id":"https:\/\/gaudiumetspes-blog.pl\/index.php\/2014\/04\/28\/obumierac-i-suzyc\/","url":"https:\/\/gaudiumetspes-blog.pl\/index.php\/2014\/04\/28\/obumierac-i-suzyc\/","name":"Obumiera\u0107 i s\u0142u\u017cy\u0107... - Gaudium Et Spes","isPartOf":{"@id":"https:\/\/gaudiumetspes-blog.pl\/#website"},"primaryImageOfPage":{"@id":"https:\/\/gaudiumetspes-blog.pl\/index.php\/2014\/04\/28\/obumierac-i-suzyc\/#primaryimage"},"image":{"@id":"https:\/\/gaudiumetspes-blog.pl\/index.php\/2014\/04\/28\/obumierac-i-suzyc\/#primaryimage"},"thumbnailUrl":"https:\/\/gaudiumetspes-blog.pl\/wp-content\/uploads\/2014\/04\/q8bCHh37ptU-741x1024.jpg","datePublished":"2014-04-28T08:49:00+00:00","dateModified":"2019-07-31T10:54:37+00:00","author":{"@id":"https:\/\/gaudiumetspes-blog.pl\/#\/schema\/person\/1661982992b752dea8dff0d4ed845a65"},"breadcrumb":{"@id":"https:\/\/gaudiumetspes-blog.pl\/index.php\/2014\/04\/28\/obumierac-i-suzyc\/#breadcrumb"},"inLanguage":"pl-PL","potentialAction":[{"@type":"ReadAction","target":["https:\/\/gaudiumetspes-blog.pl\/index.php\/2014\/04\/28\/obumierac-i-suzyc\/"]}]},{"@type":"ImageObject","inLanguage":"pl-PL","@id":"https:\/\/gaudiumetspes-blog.pl\/index.php\/2014\/04\/28\/obumierac-i-suzyc\/#primaryimage","url":"https:\/\/gaudiumetspes-blog.pl\/wp-content\/uploads\/2014\/04\/q8bCHh37ptU-741x1024.jpg","contentUrl":"https:\/\/gaudiumetspes-blog.pl\/wp-content\/uploads\/2014\/04\/q8bCHh37ptU-741x1024.jpg"},{"@type":"BreadcrumbList","@id":"https:\/\/gaudiumetspes-blog.pl\/index.php\/2014\/04\/28\/obumierac-i-suzyc\/#breadcrumb","itemListElement":[{"@type":"ListItem","position":1,"name":"Strona g\u0142\u00f3wna","item":"https:\/\/gaudiumetspes-blog.pl\/"},{"@type":"ListItem","position":2,"name":"Obumiera\u0107 i&nbsp;s\u0142u\u017cy\u0107&#8230;"}]},{"@type":"WebSite","@id":"https:\/\/gaudiumetspes-blog.pl\/#website","url":"https:\/\/gaudiumetspes-blog.pl\/","name":"Gaudium Et Spes","description":"Blog Ks. Jacka Ja\u015bkowskiego","potentialAction":[{"@type":"SearchAction","target":{"@type":"EntryPoint","urlTemplate":"https:\/\/gaudiumetspes-blog.pl\/?s={search_term_string}"},"query-input":{"@type":"PropertyValueSpecification","valueRequired":true,"valueName":"search_term_string"}}],"inLanguage":"pl-PL"},{"@type":"Person","@id":"https:\/\/gaudiumetspes-blog.pl\/#\/schema\/person\/1661982992b752dea8dff0d4ed845a65","name":"Ks. Jacek","image":{"@type":"ImageObject","inLanguage":"pl-PL","@id":"https:\/\/gaudiumetspes-blog.pl\/#\/schema\/person\/image\/","url":"https:\/\/gaudiumetspes-blog.pl\/wp-content\/uploads\/2019\/07\/avatar-JJ-150x150.jpg","contentUrl":"https:\/\/gaudiumetspes-blog.pl\/wp-content\/uploads\/2019\/07\/avatar-JJ-150x150.jpg","caption":"Ks. Jacek"},"description":"Witam serdecznie! K\u0142ania si\u0119 Ks. Jacek Ja\u015bkowski. Nie jestem ani kim\u015b wa\u017cnym, ani kim\u015b znanym. Jestem ksi\u0119dzem, kt\u00f3ry po prostu chce rozmawia\u0107. Codzienna kap\u0142a\u0144ska pos\u0142uga pokazuje mi, \u017ce temat\u00f3w do rozm\u00f3w z ksi\u0119dzem jest coraz wi\u0119cej i dzisiaj \u017caden ksi\u0105dz nie mo\u017ce od nich ucieka\u0107, ale - wprost przeciwnie - podejmowa\u0107 nowe wyzwania. To przekonanie sk\u0142oni\u0142o mnie do pr\u00f3by otwarcia tego\u017c bloga, chocia\u017c okazji do rozm\u00f3w na co dzie\u0144 - w konfesjonale i poza nim - na szcz\u0119\u015bcie nie brakuje. My\u015bl\u0119 jednak, \u017ce ten blog b\u0119dzie jeszcze jednym sposobem i przestrzeni\u0105 nawi\u0105zania kontaktu z lud\u017ami dobrej woli, otwartymi na dialog.","url":"https:\/\/gaudiumetspes-blog.pl\/index.php\/author\/ks-jacek\/"}]}},"jetpack_featured_media_url":"","jetpack_sharing_enabled":true,"_links":{"self":[{"href":"https:\/\/gaudiumetspes-blog.pl\/index.php\/wp-json\/wp\/v2\/posts\/8776","targetHints":{"allow":["GET"]}}],"collection":[{"href":"https:\/\/gaudiumetspes-blog.pl\/index.php\/wp-json\/wp\/v2\/posts"}],"about":[{"href":"https:\/\/gaudiumetspes-blog.pl\/index.php\/wp-json\/wp\/v2\/types\/post"}],"author":[{"embeddable":true,"href":"https:\/\/gaudiumetspes-blog.pl\/index.php\/wp-json\/wp\/v2\/users\/1"}],"replies":[{"embeddable":true,"href":"https:\/\/gaudiumetspes-blog.pl\/index.php\/wp-json\/wp\/v2\/comments?post=8776"}],"version-history":[{"count":1,"href":"https:\/\/gaudiumetspes-blog.pl\/index.php\/wp-json\/wp\/v2\/posts\/8776\/revisions"}],"predecessor-version":[{"id":11552,"href":"https:\/\/gaudiumetspes-blog.pl\/index.php\/wp-json\/wp\/v2\/posts\/8776\/revisions\/11552"}],"wp:attachment":[{"href":"https:\/\/gaudiumetspes-blog.pl\/index.php\/wp-json\/wp\/v2\/media?parent=8776"}],"wp:term":[{"taxonomy":"category","embeddable":true,"href":"https:\/\/gaudiumetspes-blog.pl\/index.php\/wp-json\/wp\/v2\/categories?post=8776"},{"taxonomy":"post_tag","embeddable":true,"href":"https:\/\/gaudiumetspes-blog.pl\/index.php\/wp-json\/wp\/v2\/tags?post=8776"}],"curies":[{"name":"wp","href":"https:\/\/api.w.org\/{rel}","templated":true}]}}