{"id":8778,"date":"2014-04-26T03:30:00","date_gmt":"2014-04-26T01:30:00","guid":{"rendered":"https:\/\/gaudiumetspes-blog.pl\/index.php\/2014\/04\/26\/w-drodze-do-rzymu-dzien-3\/"},"modified":"2019-07-31T12:54:37","modified_gmt":"2019-07-31T10:54:37","slug":"w-drodze-do-rzymu-dzien-3","status":"publish","type":"post","link":"https:\/\/gaudiumetspes-blog.pl\/index.php\/2014\/04\/26\/w-drodze-do-rzymu-dzien-3\/","title":{"rendered":"W drodze do Rzymu &#8211; dzie\u0144 3"},"content":{"rendered":"<div align=\"JUSTIFY\" style=\"margin-bottom: 0cm;\">\nSzcz\u0119\u015b\u0107 Bo\u017ce! Moi Drodzy, pami\u0119tam o Was w modlitwie na trasie naszego pielgrzymowania, a w\u0142a\u015bciwie to nie tylko ja pami\u0119tam, bo wszyscy codziennie serdecznie powierzamy Bogu swoich Bliskich i ich sprawy. Ja wtedy my\u015bl\u0119 tak\u017ce o Was!<\/div>\n<div align=\"JUSTIFY\" style=\"margin-bottom: 0cm;\">\n&nbsp; &nbsp; A oto poni\u017cej gar\u015b\u0107 refleksji z wczorajszego dnia. A poniewa\u017c dzisiaj z Asy\u017cu jedziemy prosto do Rzymu i ju\u017c tam b\u0119dziemy czuwa\u0107, nie planuj\u0105c noclegu, przeto nie b\u0119d\u0119 mia\u0142 mo\u017cliwo\u015bci niczego napisa\u0107 na niedziel\u0119. Przynajmniej &#8211; nie na rano. Dlatego przygotuj\u0119 wcze\u015bniej Bo\u017ce S\u0142owo &nbsp;na ten dzie\u0144 i kilka s\u0142\u00f3w pod nim, a relacja z tych dw\u00f3ch dni pojawi si\u0119 w poniedzia\u0142ek rano.&nbsp;<\/div>\n<div align=\"JUSTIFY\" style=\"margin-bottom: 0cm;\">\n&nbsp; &nbsp;Tymczasem zapraszam Wszystkich do jak najg\u0142\u0119bszego prze\u017cywania uroczysto\u015bci kanonizacyjnych &#8211; tak\u017ce dzi\u0119ki transmisji telewizyjnej.&nbsp;<\/div>\n<div align=\"JUSTIFY\" style=\"margin-bottom: 0cm;\">\n<b>&nbsp; &nbsp; &nbsp; &nbsp; &nbsp; &nbsp; &nbsp; &nbsp; &nbsp; <\/b>Gaudium et spes! &nbsp;Ks. Jacek<\/div>\n<div align=\"JUSTIFY\" style=\"margin-bottom: 0cm;\">\n<b><br \/><\/b><\/div>\n<div align=\"JUSTIFY\" style=\"margin-bottom: 0cm;\">\n<b>Sobota<br \/>\nw Oktawie Wielkanocy,<\/b><\/div>\n<div align=\"JUSTIFY\" style=\"margin-bottom: 0cm;\">\n<b>do<br \/>\nczyta\u0144:  Dz 4,13\u201321;  Mk 16,9\u201315<\/b><\/div>\n<div align=\"JUSTIFY\" style=\"margin-bottom: 0cm; text-indent: 1.24cm;\">\n<\/div>\n<div align=\"JUSTIFY\" style=\"margin-bottom: 0cm; page-break-before: auto;\">\n<b>CZYTANIE<br \/>\nZ DZIEJ\u00d3W APOSTOLSKICH:<\/b><\/div>\n<div align=\"JUSTIFY\" style=\"margin-bottom: 0cm; text-indent: 1.24cm;\">\n<b>Prze\u0142o\u017ceni<br \/>\ni starsi, i uczeni, widz\u0105c odwag\u0119 Piotra i Jana, a dowiedziawszy<br \/>\nsi\u0119, \u017ce s\u0105 oni lud\u017ami nieuczonymi i prostymi, dziwili si\u0119.<br \/>\nRozpoznawali w nich te\u017c towarzyszy Jezusa. A widz\u0105c nadto, \u017ce stoi<br \/>\nz nimi uzdrowiony cz\u0142owiek, nie znajdowali odpowiedzi. <\/b>\n<\/div>\n<div align=\"JUSTIFY\" style=\"margin-bottom: 0cm; text-indent: 1.24cm;\">\n<b>Kazali<br \/>\nwi\u0119c im wyj\u015b\u0107 z sali Rady i naradzali si\u0119. M\u00f3wili jeden do<br \/>\ndrugiego: \u201eCo mamy zrobi\u0107 z tymi lud\u017ami? Bo dokonali jawnego<br \/>\nznaku, oczywistego dla wszystkich mieszka\u0144c\u00f3w Jerozolimy. Przecie\u017c<br \/>\ntemu nie mo\u017cemy zaprzeczy\u0107. Aby jednak nie rozpowszechnia\u0142o si\u0119<br \/>\nto w\u015br\u00f3d ludu, zabro\u0144my im surowo przemawia\u0107 do kogokolwiek w to<br \/>\nimi\u0119\u201d. <\/b>\n<\/div>\n<div align=\"JUSTIFY\" style=\"margin-bottom: 0cm; text-indent: 1.24cm;\">\n<b>Przywo\u0142ali<br \/>\nich potem i zakazali w og\u00f3le przemawia\u0107 i naucza\u0107 w imi\u0119 Jezusa.<br \/>\nLecz Piotr i Jan odpowiedzieli: \u201eRozs\u0105d\u017acie, czy s\u0142uszne jest w<br \/>\noczach Bo\u017cych bardziej s\u0142ucha\u0107 was ni\u017c Boga? Bo my nie mo\u017cemy<br \/>\nnie m\u00f3wi\u0107 tego, co widzieli\u015bmy i co s\u0142yszeli\u015bmy\u201d. Oni za\u015b<br \/>\nponowili gro\u017aby, a nie znajduj\u0105c \u017cadnej podstawy do wymierzenia im<br \/>\nkary, wypu\u015bcili ich ze wzgl\u0119du na lud, bo wszyscy wielbili Boga z<br \/>\npowodu tego, co si\u0119 sta\u0142o.<\/b><\/div>\n<div align=\"JUSTIFY\" style=\"margin-bottom: 0cm;\">\n<\/div>\n<div align=\"JUSTIFY\" style=\"margin-bottom: 0cm;\">\n<b>S\u0141OWA<br \/>\nEWANGELII WED\u0141UG \u015aWI\u0118TEGO<br \/>\nMARKA: <\/b>\n<\/div>\n<div align=\"JUSTIFY\" style=\"margin-bottom: 0cm; text-indent: 1.24cm;\">\n<b>Po<br \/>\nswym zmartwychwstaniu, wczesnym rankiem w pierwszy dzie\u0144 tygodnia,<br \/>\nJezus ukaza\u0142 si\u0119 najpierw Marii Magdalenie, z kt\u00f3rej wyrzuci\u0142<br \/>\nsiedem z\u0142ych duch\u00f3w. Ona posz\u0142a i oznajmi\u0142a to tym, kt\u00f3rzy byli<br \/>\nz Nim, pogr\u0105\u017conym w smutku i p\u0142acz\u0105cym. Oni jednak s\u0142ysz\u0105c, \u017ce<br \/>\n\u017cyje i \u017ce ona Go widzia\u0142a, nie chcieli wierzy\u0107. <\/b>\n<\/div>\n<div align=\"JUSTIFY\" style=\"margin-bottom: 0cm; text-indent: 1.24cm;\">\n<b>Potem<br \/>\nukaza\u0142 si\u0119 w innej postaci dwom z nich na drodze, gdy szli na wie\u015b.<br \/>\nOni powr\u00f3cili i oznajmili pozosta\u0142ym. Lecz im te\u017c nie uwierzyli. <\/b>\n<\/div>\n<div align=\"JUSTIFY\" style=\"margin-bottom: 0cm; text-indent: 1.24cm;\">\n<b>W<br \/>\nko\u0144cu ukaza\u0142 si\u0119 samym Jedenastu, gdy siedzieli za sto\u0142em, i<br \/>\nwyrzuca\u0142 im brak wiary i up\u00f3r, \u017ce nie wierzyli tym, kt\u00f3rzy<br \/>\nwidzieli Go zmartwychwsta\u0142ego. I rzek\u0142 do nich: \u201eId\u017acie na ca\u0142y<br \/>\n\u015bwiat i g\u0142o\u015bcie Ewangeli\u0119 wszelkiemu stworzeniu\u201d.<\/b><\/div>\n<div align=\"JUSTIFY\" style=\"margin-bottom: 0cm;\">\n<\/div>\n<div align=\"JUSTIFY\" style=\"margin-bottom: 0cm; text-indent: 1.24cm;\">\nW<br \/>\nimi\u0119 Bo\u017ce, pod duchow\u0105 opiek\u0105 Maryi, naszej najlepszej Matki i<br \/>\ndw\u00f3ch \u015awi\u0119tych Papie\u017cy, kontynuujemy nasze pielgrzymowanie. Po<br \/>\nMszy \u015awi\u0119tej, sprawowanej o godzinie 600<br \/>\nw hotelu Parisi, w miejscowo\u015bci Montecatini Terme, we w\u0142oskiej<br \/>\nToskanii, oraz po \u015bniadaniu, wyruszamy w kierunku Asy\u017cu.\n<\/div>\n<div align=\"JUSTIFY\" style=\"margin-bottom: 0cm; text-indent: 1.24cm;\">\nNatomiast<br \/>\nwczoraj, do wspomnianego hotelu, dotarli\u015bmy po 2100,<br \/>\npo przejechaniu ponad tysi\u0105ca kilometr\u00f3w! Wyruszyli\u015bmy po 700<br \/>\nz hotelu w czeskim Brnie, po odprawieniu Mszy \u015awi\u0119tej na pi\u0119knym<br \/>\ntarasie widokowym, poniewa\u017c sala, w kt\u00f3rej mieli\u015bmy odprawia\u0107,<br \/>\nby\u0142a jeszcze przed 600<br \/>\nzamkni\u0119ta. Spontanicznie wi\u0119c postanowili\u015bmy sprawowa\u0107 Msz\u0119<br \/>\n\u015awi\u0119t\u0105 na dworze. Na szcz\u0119\u015bcie, nie pada\u0142o w tym czasie,<br \/>\nchocia\u017c chmury by\u0142y do\u015b\u0107 wyra\u017ane, dlatego roz\u0142o\u017cyli\u015bmy jeden<br \/>\nz du\u017cych, turystycznych parasoli, tam si\u0119 znajduj\u0105cych.\n<\/div>\n<div align=\"JUSTIFY\" style=\"margin-bottom: 0cm; text-indent: 1.24cm;\">\nPo<br \/>\nwyruszeniu z tak zwanym suchym prowiantem w r\u0119ku i po przejechaniu<br \/>\noko\u0142o siedemdziesi\u0119ciu kilometr\u00f3w, przekroczyli\u015bmy granic\u0119<br \/>\nczesko \u2013 austriack\u0105, a oko\u0142o godziny 1500<br \/>\n\u2013 granic\u0119 austriacko \u2013 w\u0142osk\u0105. W czasie drogi obejrzeli\u015bmy<br \/>\ndrug\u0105 cz\u0119\u015b\u0107 filmu biograficznego o Janie XXIII i jeszcze jeden,<br \/>\nkr\u00f3tki filmik na jego temat, a po ostatnim postoju, po odczytaniu<br \/>\n\u017cyciorysu Jana Paw\u0142a II, obejrzeli\u015bmy film: \u201eJan Pawe\u0142 II \u2013<br \/>\nSzuka\u0142em was\u201d. W ten spos\u00f3b podj\u0119li\u015bmy dzie\u0142o zg\u0142\u0119biania<br \/>\nduchowo\u015bci drugiego z kanonizowanych Papie\u017cy, z pewno\u015bci\u0105 lepiej<br \/>\nznanego od Jana XXIII. Dzie\u0142o to b\u0119dzie kontynuowane jutro i w<br \/>\ndniach nast\u0119pnych.\n<\/div>\n<div align=\"JUSTIFY\" style=\"margin-bottom: 0cm; text-indent: 1.24cm;\">\nNie<br \/>\nzabrak\u0142o te\u017c czasu na R\u00f3\u017caniec z intencjami Pielgrzym\u00f3w, Nowenn\u0119<br \/>\ni Koronk\u0119 do Bo\u017cego Mi\u0142osierdzia, a wreszcie \u2013 na wsp\u00f3lne<br \/>\n\u015bpiewanie.\n<\/div>\n<div align=\"JUSTIFY\" style=\"margin-bottom: 0cm; text-indent: 1.24cm;\">\nAtmosfera<br \/>\nw Grupie jest bardzo dobra i nie psuje jej nawet pewne zamieszanie,<br \/>\njakie wkrad\u0142o si\u0119 na jednym i drugim noclegu w zwi\u0105zku z<br \/>\nniew\u0142a\u015bciwym rozplanowaniem pokoj\u00f3w hotelowych. Ale by\u0142a ju\u017c w<br \/>\ntej sprawie rozmowa z Szefow\u0105 biura, organizuj\u0105cego wyjazd i sprawa<br \/>\nna nast\u0119pnych noclegach zostanie za\u0142atwiona.\n<\/div>\n<div align=\"JUSTIFY\" style=\"margin-bottom: 0cm; text-indent: 1.24cm;\">\nW<br \/>\ndzisiejszym Bo\u017cym S\u0142owie jako\u015b tak szczeg\u00f3lnie zwracaj\u0105 uwag\u0119<br \/>\ns\u0142owa Aposto\u0142\u00f3w: <i><b>Rozs\u0105d\u017acie,<br \/>\nczy s\u0142uszne jest w oczach Bo\u017cych bardziej s\u0142ucha\u0107 was ni\u017c Boga?<br \/>\nBo my nie mo\u017cemy nie m\u00f3wi\u0107 tego, co widzieli\u015bmy i co s\u0142yszeli\u015bmy;<\/b><\/i><b><br \/>\n<\/b>a<br \/>\ntak\u017ce wezwanie, wypowiedziane przez Zmartwychwsta\u0142ego Jezusa:<br \/>\n<i><b>Id\u017acie<br \/>\nna ca\u0142y \u015bwiat i g\u0142o\u015bcie Ewangeli\u0119 wszelkiemu stworzeniu.<\/b><\/i><b><br \/>\n<\/b>\n<\/div>\n<div align=\"JUSTIFY\" style=\"margin-bottom: 0cm; text-indent: 1.24cm;\">\nOby\u015bmy<br \/>\npo prze\u017cyciu tej Pielgrzymki i niedzielnych uroczysto\u015bci, poczuli<br \/>\nsi\u0119 nie tylko zaproszeni do \u015bwiadczenia o wierze, ale wr\u0119cz do<br \/>\ntego zobowi\u0105zani!<\/div>\n","protected":false},"excerpt":{"rendered":"<p>Szcz\u0119\u015b\u0107 Bo\u017ce! Moi Drodzy, pami\u0119tam o Was w modlitwie na trasie naszego pielgrzymowania, a w\u0142a\u015bciwie to nie tylko ja pami\u0119tam, bo wszyscy codziennie serdecznie powierzamy Bogu swoich Bliskich i ich sprawy. Ja wtedy my\u015bl\u0119 tak\u017ce o Was! &nbsp; &nbsp; A oto poni\u017cej gar\u015b\u0107 refleksji z wczorajszego dnia. A poniewa\u017c dzisiaj z Asy\u017cu jedziemy prosto do [&hellip;]<\/p>\n","protected":false},"author":1,"featured_media":0,"comment_status":"open","ping_status":"open","sticky":false,"template":"","format":"standard","meta":{"jetpack_post_was_ever_published":false,"_jetpack_newsletter_access":"","_jetpack_dont_email_post_to_subs":false,"_jetpack_newsletter_tier_id":0,"_jetpack_memberships_contains_paywalled_content":false,"_jetpack_memberships_contains_paid_content":false,"footnotes":""},"categories":[1],"tags":[],"class_list":["post-8778","post","type-post","status-publish","format-standard","hentry","category-bez-kategorii"],"yoast_head":"<!-- This site is optimized with the Yoast SEO plugin v25.1 - https:\/\/yoast.com\/wordpress\/plugins\/seo\/ -->\n<title>W drodze do Rzymu - dzie\u0144 3 - Gaudium Et Spes<\/title>\n<meta name=\"robots\" content=\"index, follow, max-snippet:-1, max-image-preview:large, max-video-preview:-1\" \/>\n<link rel=\"canonical\" href=\"https:\/\/gaudiumetspes-blog.pl\/index.php\/2014\/04\/26\/w-drodze-do-rzymu-dzien-3\/\" \/>\n<meta property=\"og:locale\" content=\"pl_PL\" \/>\n<meta property=\"og:type\" content=\"article\" \/>\n<meta property=\"og:title\" content=\"W drodze do Rzymu - dzie\u0144 3 - Gaudium Et Spes\" \/>\n<meta property=\"og:description\" content=\"Szcz\u0119\u015b\u0107 Bo\u017ce! Moi Drodzy, pami\u0119tam o Was w modlitwie na trasie naszego pielgrzymowania, a w\u0142a\u015bciwie to nie tylko ja pami\u0119tam, bo wszyscy codziennie serdecznie powierzamy Bogu swoich Bliskich i ich sprawy. Ja wtedy my\u015bl\u0119 tak\u017ce o Was! &nbsp; &nbsp; A oto poni\u017cej gar\u015b\u0107 refleksji z wczorajszego dnia. A poniewa\u017c dzisiaj z Asy\u017cu jedziemy prosto do [&hellip;]\" \/>\n<meta property=\"og:url\" content=\"https:\/\/gaudiumetspes-blog.pl\/index.php\/2014\/04\/26\/w-drodze-do-rzymu-dzien-3\/\" \/>\n<meta property=\"og:site_name\" content=\"Gaudium Et Spes\" \/>\n<meta property=\"article:published_time\" content=\"2014-04-26T01:30:00+00:00\" \/>\n<meta property=\"article:modified_time\" content=\"2019-07-31T10:54:37+00:00\" \/>\n<meta name=\"author\" content=\"Ks. Jacek\" \/>\n<meta name=\"twitter:card\" content=\"summary_large_image\" \/>\n<meta name=\"twitter:label1\" content=\"Napisane przez\" \/>\n\t<meta name=\"twitter:data1\" content=\"Ks. Jacek\" \/>\n\t<meta name=\"twitter:label2\" content=\"Szacowany czas czytania\" \/>\n\t<meta name=\"twitter:data2\" content=\"5 minut\" \/>\n<script type=\"application\/ld+json\" class=\"yoast-schema-graph\">{\"@context\":\"https:\/\/schema.org\",\"@graph\":[{\"@type\":\"WebPage\",\"@id\":\"https:\/\/gaudiumetspes-blog.pl\/index.php\/2014\/04\/26\/w-drodze-do-rzymu-dzien-3\/\",\"url\":\"https:\/\/gaudiumetspes-blog.pl\/index.php\/2014\/04\/26\/w-drodze-do-rzymu-dzien-3\/\",\"name\":\"W drodze do Rzymu - dzie\u0144 3 - Gaudium Et Spes\",\"isPartOf\":{\"@id\":\"https:\/\/gaudiumetspes-blog.pl\/#website\"},\"datePublished\":\"2014-04-26T01:30:00+00:00\",\"dateModified\":\"2019-07-31T10:54:37+00:00\",\"author\":{\"@id\":\"https:\/\/gaudiumetspes-blog.pl\/#\/schema\/person\/1661982992b752dea8dff0d4ed845a65\"},\"breadcrumb\":{\"@id\":\"https:\/\/gaudiumetspes-blog.pl\/index.php\/2014\/04\/26\/w-drodze-do-rzymu-dzien-3\/#breadcrumb\"},\"inLanguage\":\"pl-PL\",\"potentialAction\":[{\"@type\":\"ReadAction\",\"target\":[\"https:\/\/gaudiumetspes-blog.pl\/index.php\/2014\/04\/26\/w-drodze-do-rzymu-dzien-3\/\"]}]},{\"@type\":\"BreadcrumbList\",\"@id\":\"https:\/\/gaudiumetspes-blog.pl\/index.php\/2014\/04\/26\/w-drodze-do-rzymu-dzien-3\/#breadcrumb\",\"itemListElement\":[{\"@type\":\"ListItem\",\"position\":1,\"name\":\"Strona g\u0142\u00f3wna\",\"item\":\"https:\/\/gaudiumetspes-blog.pl\/\"},{\"@type\":\"ListItem\",\"position\":2,\"name\":\"W&nbsp;drodze do&nbsp;Rzymu &#8211; dzie\u0144 3\"}]},{\"@type\":\"WebSite\",\"@id\":\"https:\/\/gaudiumetspes-blog.pl\/#website\",\"url\":\"https:\/\/gaudiumetspes-blog.pl\/\",\"name\":\"Gaudium Et Spes\",\"description\":\"Blog Ks. Jacka Ja\u015bkowskiego\",\"potentialAction\":[{\"@type\":\"SearchAction\",\"target\":{\"@type\":\"EntryPoint\",\"urlTemplate\":\"https:\/\/gaudiumetspes-blog.pl\/?s={search_term_string}\"},\"query-input\":{\"@type\":\"PropertyValueSpecification\",\"valueRequired\":true,\"valueName\":\"search_term_string\"}}],\"inLanguage\":\"pl-PL\"},{\"@type\":\"Person\",\"@id\":\"https:\/\/gaudiumetspes-blog.pl\/#\/schema\/person\/1661982992b752dea8dff0d4ed845a65\",\"name\":\"Ks. Jacek\",\"image\":{\"@type\":\"ImageObject\",\"inLanguage\":\"pl-PL\",\"@id\":\"https:\/\/gaudiumetspes-blog.pl\/#\/schema\/person\/image\/\",\"url\":\"https:\/\/gaudiumetspes-blog.pl\/wp-content\/uploads\/2019\/07\/avatar-JJ-150x150.jpg\",\"contentUrl\":\"https:\/\/gaudiumetspes-blog.pl\/wp-content\/uploads\/2019\/07\/avatar-JJ-150x150.jpg\",\"caption\":\"Ks. Jacek\"},\"description\":\"Witam serdecznie! K\u0142ania si\u0119 Ks. Jacek Ja\u015bkowski. Nie jestem ani kim\u015b wa\u017cnym, ani kim\u015b znanym. Jestem ksi\u0119dzem, kt\u00f3ry po prostu chce rozmawia\u0107. Codzienna kap\u0142a\u0144ska pos\u0142uga pokazuje mi, \u017ce temat\u00f3w do rozm\u00f3w z ksi\u0119dzem jest coraz wi\u0119cej i dzisiaj \u017caden ksi\u0105dz nie mo\u017ce od nich ucieka\u0107, ale - wprost przeciwnie - podejmowa\u0107 nowe wyzwania. To przekonanie sk\u0142oni\u0142o mnie do pr\u00f3by otwarcia tego\u017c bloga, chocia\u017c okazji do rozm\u00f3w na co dzie\u0144 - w konfesjonale i poza nim - na szcz\u0119\u015bcie nie brakuje. My\u015bl\u0119 jednak, \u017ce ten blog b\u0119dzie jeszcze jednym sposobem i przestrzeni\u0105 nawi\u0105zania kontaktu z lud\u017ami dobrej woli, otwartymi na dialog.\",\"url\":\"https:\/\/gaudiumetspes-blog.pl\/index.php\/author\/ks-jacek\/\"}]}<\/script>\n<!-- \/ Yoast SEO plugin. -->","yoast_head_json":{"title":"W drodze do Rzymu - dzie\u0144 3 - Gaudium Et Spes","robots":{"index":"index","follow":"follow","max-snippet":"max-snippet:-1","max-image-preview":"max-image-preview:large","max-video-preview":"max-video-preview:-1"},"canonical":"https:\/\/gaudiumetspes-blog.pl\/index.php\/2014\/04\/26\/w-drodze-do-rzymu-dzien-3\/","og_locale":"pl_PL","og_type":"article","og_title":"W drodze do Rzymu - dzie\u0144 3 - Gaudium Et Spes","og_description":"Szcz\u0119\u015b\u0107 Bo\u017ce! Moi Drodzy, pami\u0119tam o Was w modlitwie na trasie naszego pielgrzymowania, a w\u0142a\u015bciwie to nie tylko ja pami\u0119tam, bo wszyscy codziennie serdecznie powierzamy Bogu swoich Bliskich i ich sprawy. Ja wtedy my\u015bl\u0119 tak\u017ce o Was! &nbsp; &nbsp; A oto poni\u017cej gar\u015b\u0107 refleksji z wczorajszego dnia. A poniewa\u017c dzisiaj z Asy\u017cu jedziemy prosto do [&hellip;]","og_url":"https:\/\/gaudiumetspes-blog.pl\/index.php\/2014\/04\/26\/w-drodze-do-rzymu-dzien-3\/","og_site_name":"Gaudium Et Spes","article_published_time":"2014-04-26T01:30:00+00:00","article_modified_time":"2019-07-31T10:54:37+00:00","author":"Ks. Jacek","twitter_card":"summary_large_image","twitter_misc":{"Napisane przez":"Ks. Jacek","Szacowany czas czytania":"5 minut"},"schema":{"@context":"https:\/\/schema.org","@graph":[{"@type":"WebPage","@id":"https:\/\/gaudiumetspes-blog.pl\/index.php\/2014\/04\/26\/w-drodze-do-rzymu-dzien-3\/","url":"https:\/\/gaudiumetspes-blog.pl\/index.php\/2014\/04\/26\/w-drodze-do-rzymu-dzien-3\/","name":"W drodze do Rzymu - dzie\u0144 3 - Gaudium Et Spes","isPartOf":{"@id":"https:\/\/gaudiumetspes-blog.pl\/#website"},"datePublished":"2014-04-26T01:30:00+00:00","dateModified":"2019-07-31T10:54:37+00:00","author":{"@id":"https:\/\/gaudiumetspes-blog.pl\/#\/schema\/person\/1661982992b752dea8dff0d4ed845a65"},"breadcrumb":{"@id":"https:\/\/gaudiumetspes-blog.pl\/index.php\/2014\/04\/26\/w-drodze-do-rzymu-dzien-3\/#breadcrumb"},"inLanguage":"pl-PL","potentialAction":[{"@type":"ReadAction","target":["https:\/\/gaudiumetspes-blog.pl\/index.php\/2014\/04\/26\/w-drodze-do-rzymu-dzien-3\/"]}]},{"@type":"BreadcrumbList","@id":"https:\/\/gaudiumetspes-blog.pl\/index.php\/2014\/04\/26\/w-drodze-do-rzymu-dzien-3\/#breadcrumb","itemListElement":[{"@type":"ListItem","position":1,"name":"Strona g\u0142\u00f3wna","item":"https:\/\/gaudiumetspes-blog.pl\/"},{"@type":"ListItem","position":2,"name":"W&nbsp;drodze do&nbsp;Rzymu &#8211; dzie\u0144 3"}]},{"@type":"WebSite","@id":"https:\/\/gaudiumetspes-blog.pl\/#website","url":"https:\/\/gaudiumetspes-blog.pl\/","name":"Gaudium Et Spes","description":"Blog Ks. Jacka Ja\u015bkowskiego","potentialAction":[{"@type":"SearchAction","target":{"@type":"EntryPoint","urlTemplate":"https:\/\/gaudiumetspes-blog.pl\/?s={search_term_string}"},"query-input":{"@type":"PropertyValueSpecification","valueRequired":true,"valueName":"search_term_string"}}],"inLanguage":"pl-PL"},{"@type":"Person","@id":"https:\/\/gaudiumetspes-blog.pl\/#\/schema\/person\/1661982992b752dea8dff0d4ed845a65","name":"Ks. Jacek","image":{"@type":"ImageObject","inLanguage":"pl-PL","@id":"https:\/\/gaudiumetspes-blog.pl\/#\/schema\/person\/image\/","url":"https:\/\/gaudiumetspes-blog.pl\/wp-content\/uploads\/2019\/07\/avatar-JJ-150x150.jpg","contentUrl":"https:\/\/gaudiumetspes-blog.pl\/wp-content\/uploads\/2019\/07\/avatar-JJ-150x150.jpg","caption":"Ks. Jacek"},"description":"Witam serdecznie! K\u0142ania si\u0119 Ks. Jacek Ja\u015bkowski. Nie jestem ani kim\u015b wa\u017cnym, ani kim\u015b znanym. Jestem ksi\u0119dzem, kt\u00f3ry po prostu chce rozmawia\u0107. Codzienna kap\u0142a\u0144ska pos\u0142uga pokazuje mi, \u017ce temat\u00f3w do rozm\u00f3w z ksi\u0119dzem jest coraz wi\u0119cej i dzisiaj \u017caden ksi\u0105dz nie mo\u017ce od nich ucieka\u0107, ale - wprost przeciwnie - podejmowa\u0107 nowe wyzwania. To przekonanie sk\u0142oni\u0142o mnie do pr\u00f3by otwarcia tego\u017c bloga, chocia\u017c okazji do rozm\u00f3w na co dzie\u0144 - w konfesjonale i poza nim - na szcz\u0119\u015bcie nie brakuje. My\u015bl\u0119 jednak, \u017ce ten blog b\u0119dzie jeszcze jednym sposobem i przestrzeni\u0105 nawi\u0105zania kontaktu z lud\u017ami dobrej woli, otwartymi na dialog.","url":"https:\/\/gaudiumetspes-blog.pl\/index.php\/author\/ks-jacek\/"}]}},"jetpack_featured_media_url":"","jetpack_sharing_enabled":true,"_links":{"self":[{"href":"https:\/\/gaudiumetspes-blog.pl\/index.php\/wp-json\/wp\/v2\/posts\/8778","targetHints":{"allow":["GET"]}}],"collection":[{"href":"https:\/\/gaudiumetspes-blog.pl\/index.php\/wp-json\/wp\/v2\/posts"}],"about":[{"href":"https:\/\/gaudiumetspes-blog.pl\/index.php\/wp-json\/wp\/v2\/types\/post"}],"author":[{"embeddable":true,"href":"https:\/\/gaudiumetspes-blog.pl\/index.php\/wp-json\/wp\/v2\/users\/1"}],"replies":[{"embeddable":true,"href":"https:\/\/gaudiumetspes-blog.pl\/index.php\/wp-json\/wp\/v2\/comments?post=8778"}],"version-history":[{"count":1,"href":"https:\/\/gaudiumetspes-blog.pl\/index.php\/wp-json\/wp\/v2\/posts\/8778\/revisions"}],"predecessor-version":[{"id":11546,"href":"https:\/\/gaudiumetspes-blog.pl\/index.php\/wp-json\/wp\/v2\/posts\/8778\/revisions\/11546"}],"wp:attachment":[{"href":"https:\/\/gaudiumetspes-blog.pl\/index.php\/wp-json\/wp\/v2\/media?parent=8778"}],"wp:term":[{"taxonomy":"category","embeddable":true,"href":"https:\/\/gaudiumetspes-blog.pl\/index.php\/wp-json\/wp\/v2\/categories?post=8778"},{"taxonomy":"post_tag","embeddable":true,"href":"https:\/\/gaudiumetspes-blog.pl\/index.php\/wp-json\/wp\/v2\/tags?post=8778"}],"curies":[{"name":"wp","href":"https:\/\/api.w.org\/{rel}","templated":true}]}}