{"id":8811,"date":"2014-03-24T07:56:00","date_gmt":"2014-03-24T06:56:00","guid":{"rendered":"https:\/\/gaudiumetspes-blog.pl\/index.php\/2014\/03\/24\/gdy-zycie-zaskoczy-i-kiedy-rozsmieszy\/"},"modified":"2019-07-31T12:54:34","modified_gmt":"2019-07-31T10:54:34","slug":"gdy-zycie-zaskoczy-i-kiedy-rozsmieszy","status":"publish","type":"post","link":"https:\/\/gaudiumetspes-blog.pl\/index.php\/2014\/03\/24\/gdy-zycie-zaskoczy-i-kiedy-rozsmieszy\/","title":{"rendered":"Gdy \u017cycie zaskoczy &#8211; i kiedy roz\u015bmieszy&#8230;"},"content":{"rendered":"<div align=\"JUSTIFY\" style=\"margin-bottom: 0cm;\">\nSzcz\u0119\u015b\u0107 Bo\u017ce! Witam i pozdrawiam u progu nowego tygodnia pracy i nauki. Zgodnie z zapowiedzi\u0105, wyra\u017can\u0105 ju\u017c kilka razy, sk\u0142adam relacj\u0119 z wczorajszego spotkania katechetyczno &#8211; dyskusyjnego w Parafii w T\u0142uszczu.&nbsp;<\/div>\n<div align=\"JUSTIFY\" style=\"margin-bottom: 0cm;\">\n&nbsp; &nbsp; &nbsp;Nie wiem, ile Os\u00f3b by\u0142o, bo nie policzy\u0142em. Nie by\u0142o jako\u015b sposobu, gdy\u017c ca\u0142y czas albo m\u00f3wi\u0142em, albo s\u0142ucha\u0142em, albo odpowiada\u0142em na pytania. W ka\u017cdym razie, spotkanie trwa\u0142o od 19.00 do 20.50, a uczestniczy\u0142o w nim wyra\u017anie wi\u0119cej Os\u00f3b, ni\u017c w pierwszym. Dwa tygodnie temu by\u0142o oko\u0142o czterdziestu Uczestnik\u00f3w, a wczoraj &#8211; na pewno sporo wi\u0119cej, bo trzeba by\u0142o na salk\u0119 donie\u015b\u0107 wi\u0119cej \u0142awek.&nbsp;<\/div>\n<div align=\"JUSTIFY\" style=\"margin-bottom: 0cm;\">\n&nbsp; &nbsp; &nbsp;Atmosfera spotkania &#8211; rewelacyjna! M\u00f3wili\u015bmy zasadniczo o problemach zwi\u0105zanych ze Spowiedzi\u0105, ale weszli\u015bmy r\u00f3wnie\u017c na problem zakup\u00f3w, czynionych w niedziel\u0119 przez ludzi wierz\u0105cych, i jeszcze na par\u0119 innych problem\u00f3w.&nbsp;<\/div>\n<div align=\"JUSTIFY\" style=\"margin-bottom: 0cm;\">\n&nbsp; &nbsp; &nbsp;Ze swej strony, jestem niezwykle wdzi\u0119czny Uczestnikom spotkania za to wsp\u00f3lnie tworzone, wielkie dobro. Nast\u0119pna katecheza dyskusyjna &#8211; za dwa tygodnie, a rozmawia\u0107 b\u0119dziemy o \u015awi\u0119tym Triduum Paschalnym.<\/div>\n<div align=\"JUSTIFY\" style=\"margin-bottom: 0cm;\">\n&nbsp; &nbsp; \u017bycz\u0119 wszystkim b\u0142ogos\u0142awionego dnia i zapraszam do refleksji nad Bo\u017cym S\u0142owem!<\/div>\n<div align=\"JUSTIFY\" style=\"margin-bottom: 0cm;\">\n&nbsp; &nbsp; &nbsp; &nbsp; &nbsp; &nbsp; &nbsp;Gaudium et spes! &nbsp;Ks. Jacek<\/div>\n<div align=\"JUSTIFY\" style=\"margin-bottom: 0cm;\">\n<b><br \/><\/b><\/div>\n<div align=\"JUSTIFY\" style=\"margin-bottom: 0cm;\">\n<b>Poniedzia\u0142ek<br \/>\n3 Tygodnia Wielkiego Postu,<\/b><\/div>\n<div align=\"JUSTIFY\" style=\"margin-bottom: 0cm;\">\n<b>do<br \/>\nczyta\u0144:  2 Krl 5,1\u201315a;  \u0141k 4,24\u201330<\/b><\/div>\n<div align=\"JUSTIFY\" style=\"margin-bottom: 0cm;\">\n<\/div>\n<div align=\"JUSTIFY\" style=\"margin-bottom: 0cm; page-break-before: auto;\">\n<b>CZYTANIE<br \/>\nZ DRUGIEJ KSI\u0118GI KR\u00d3LEWSKIEJ: <\/b>\n<\/div>\n<div align=\"JUSTIFY\" style=\"margin-bottom: 0cm; text-indent: 1.24cm;\">\n<b>Naaman,<br \/>\nw\u00f3dz wojska kr\u00f3la syryjskiego, mia\u0142 wielkie znaczenie u swego pana<br \/>\ni doznawa\u0142 wzgl\u0119d\u00f3w, poniewa\u017c przez niego Pan spowodowa\u0142<br \/>\nocalenie Syryjczyk\u00f3w. Lecz ten cz\u0142owiek, dzielny wojownik, by\u0142<br \/>\ntr\u0119dowaty. <\/b>\n<\/div>\n<div align=\"JUSTIFY\" style=\"margin-bottom: 0cm; text-indent: 1.24cm;\">\n<b>Kiedy\u015b<br \/>\npodczas napadu gromady Syryjczyk\u00f3w zabra\u0142y z ziemi Izraela m\u0142od\u0105<br \/>\ndziewczyn\u0119, kt\u00f3r\u0105 przeznaczono do us\u0142ug \u017conie Naamana. Ona<br \/>\nrzek\u0142a do swojej pani: \u201eO, gdyby pan m\u00f3j uda\u0142 si\u0119 do proroka,<br \/>\nkt\u00f3ry jest w Samarii! Ten by go wtedy uwolni\u0142 od tr\u0105du\u201d. <\/b>\n<\/div>\n<div align=\"JUSTIFY\" style=\"margin-bottom: 0cm; text-indent: 1.24cm;\">\n<b>Naaman<br \/>\nwi\u0119c poszed\u0142 oznajmi\u0107 to swojemu panu, powtarzaj\u0105c s\u0142owa<br \/>\ndziewczyny, kt\u00f3ra pochodzi\u0142a z kraju Izraela. <\/b>\n<\/div>\n<div align=\"JUSTIFY\" style=\"margin-bottom: 0cm; text-indent: 1.24cm;\">\n<b>A<br \/>\nkr\u00f3l syryjski odpowiedzia\u0142: \u201eWyruszaj! A ja po\u015bl\u0119 list do kr\u00f3la<br \/>\nizraelskiego\u201d. <\/b>\n<\/div>\n<div align=\"JUSTIFY\" style=\"margin-bottom: 0cm; text-indent: 1.24cm;\">\n<b>Wyruszy\u0142<br \/>\nwi\u0119c, zabieraj\u0105c ze sob\u0105 dziesi\u0119\u0107 tysi\u0119cy talent\u00f3w srebra,<br \/>\nsze\u015b\u0107 tysi\u0119cy sykl\u00f3w z\u0142ota i dziesi\u0119\u0107 ubra\u0144 zamiennych. I<br \/>\nprzed\u0142o\u017cy\u0142 kr\u00f3lowi izraelskiemu list o tre\u015bci nast\u0119puj\u0105cej: \u201eZ<br \/>\nchwil\u0105, gdy dojdzie do ciebie ten list, wiedz, i\u017c posy\u0142am do<br \/>\nciebie Naamana, s\u0142ug\u0119 mego, aby\u015b go uwolni\u0142 od tr\u0105du\u201d. <\/b>\n<\/div>\n<div align=\"JUSTIFY\" style=\"margin-bottom: 0cm; text-indent: 1.24cm;\">\n<b>Kiedy<br \/>\nprzeczytano list kr\u00f3lowi izraelskiemu, rozdar\u0142 swoje szaty i<br \/>\npowiedzia\u0142: \u201eCzy ja jestem Bogiem, \u017cebym m\u00f3g\u0142 u\u015bmierca\u0107 i<br \/>\no\u017cywia\u0107? Bo ten poleca mi uwolni\u0107 cz\u0142owieka od tr\u0105du! Tylko<br \/>\ndobrze zastan\u00f3wcie si\u0119 i rozwa\u017ccie, czy on nie szuka zaczepki ze<br \/>\nmn\u0105!\u201d <\/b>\n<\/div>\n<div align=\"JUSTIFY\" style=\"margin-bottom: 0cm; text-indent: 1.24cm;\">\n<b>Lecz<br \/>\nkiedy Elizeusz, m\u0105\u017c Bo\u017cy, dowiedzia\u0142 si\u0119, i\u017c kr\u00f3l izraelski<br \/>\nrozdar\u0142 swoje szaty, poleci\u0142 powiedzie\u0107 kr\u00f3lowi: \u201eCzemu<br \/>\nrozdar\u0142e\u015b szaty? Niech\u017ce on przyjdzie do mnie, a dowie si\u0119, \u017ce<br \/>\njest prorok w Izraelu\u201d. <\/b>\n<\/div>\n<div align=\"JUSTIFY\" style=\"margin-bottom: 0cm; text-indent: 1.24cm;\">\n<b>Przyjecha\u0142<br \/>\nwi\u0119c Naaman swymi ko\u0144mi, powozem, i stan\u0105\u0142 przed drzwiami domu<br \/>\nElizeusza. Elizeusz za\u015b kaza\u0142 mu przez pos\u0142a\u0144ca powiedzie\u0107:<br \/>\n\u201eId\u017a, obmyj si\u0119 siedem razy w Jordanie, a cia\u0142o twoje b\u0119dzie<br \/>\ntakie jak poprzednio i staniesz si\u0119 czysty!\u201d <\/b>\n<\/div>\n<div align=\"JUSTIFY\" style=\"margin-bottom: 0cm; text-indent: 1.24cm;\">\n<b>Rozgniewany<br \/>\nNaaman odszed\u0142, m\u00f3wi\u0105c: \u201ePrzecie\u017c my\u015bla\u0142em sobie: Na pewno<br \/>\nwyjdzie, stanie, nast\u0119pnie wezwie imienia Boga swego, Pana, poruszy<br \/>\nr\u0119k\u0105 nad miejscem chorym i odejmie tr\u0105d. Czy\u017c Abana i Parpar,<br \/>\nrzeki Damaszku, nie s\u0105 lepsze od wszystkich w\u00f3d Izraela? Czy\u017c nie<br \/>\nmog\u0142em si\u0119 w nich wyk\u0105pa\u0107 i by\u0107 oczyszczony?\u201d <\/b>\n<\/div>\n<div align=\"JUSTIFY\" style=\"margin-bottom: 0cm; text-indent: 1.24cm;\">\n<b>Pe\u0142en<br \/>\ngniewu zawr\u00f3ci\u0142, by odej\u015b\u0107. Lecz s\u0142udzy jego przybli\u017cyli si\u0119 i<br \/>\nprzem\u00f3wili do niego tymi s\u0142owami: \u201eM\u00f3j ojcze, gdyby prorok kaza\u0142<br \/>\nci spe\u0142ni\u0107 co\u015b trudnego, czy by\u015b nie wykona\u0142? O ile\u017c wi\u0119c<br \/>\nbardziej, je\u015bli ci powiedzia\u0142: \u00abObmyj si\u0119, a b\u0119dziesz czysty\u00bb\u201d.<br \/>\n<\/b>\n<\/div>\n<div align=\"JUSTIFY\" style=\"margin-bottom: 0cm; text-indent: 1.24cm;\">\n<b>Odszed\u0142<br \/>\nwi\u0119c Naaman i zanurzy\u0142 si\u0119 siedem razy w Jordanie wed\u0142ug s\u0142owa<br \/>\nm\u0119\u017ca Bo\u017cego, a cia\u0142o jego na powr\u00f3t sta\u0142o si\u0119 jak cia\u0142o<br \/>\nma\u0142ego dziecka i zosta\u0142 oczyszczony. <\/b>\n<\/div>\n<div align=\"JUSTIFY\" style=\"margin-bottom: 0cm; text-indent: 1.24cm;\">\n<b>Wtedy<br \/>\nwr\u00f3ci\u0142 do m\u0119\u017ca Bo\u017cego z ca\u0142ym orszakiem, wszed\u0142 i stan\u0105\u0142<br \/>\nprzed nim, m\u00f3wi\u0105c: \u201eOto przekona\u0142em si\u0119, \u017ce na ca\u0142ej ziemi<br \/>\nnie ma Boga poza Izraelem\u201d.<\/b><\/div>\n<div align=\"JUSTIFY\" style=\"margin-bottom: 0cm;\">\n<\/div>\n<div align=\"JUSTIFY\" style=\"margin-bottom: 0cm;\">\n<b>S\u0141OWA<br \/>\nEWANGELII WED\u0141UG \u015aWI\u0118TEGO \u0141UKASZA:<\/b><\/div>\n<div align=\"JUSTIFY\" style=\"margin-bottom: 0cm; text-indent: 1.24cm;\">\n<b>Kiedy<br \/>\nJezus przyszed\u0142 do Nazaretu, przem\u00f3wi\u0142 do ludu w synagodze:<br \/>\n\u201eZaprawd\u0119 powiadam wam: \u017baden prorok nie jest mile widziany w<br \/>\nswojej ojczy\u017anie. <\/b>\n<\/div>\n<div align=\"JUSTIFY\" style=\"margin-bottom: 0cm; text-indent: 1.24cm;\">\n<b>Naprawd\u0119<br \/>\nm\u00f3wi\u0119 wam: Wiele wd\u00f3w by\u0142o w Izraelu za czas\u00f3w Eliasza, kiedy<br \/>\nniebo pozostawa\u0142o zamkni\u0119te przez trzy lata i sze\u015b\u0107 miesi\u0119cy,<br \/>\ntak \u017ce wielki g\u0142\u00f3d panowa\u0142 w ca\u0142ym kraju; a Eliasz do \u017cadnej z<br \/>\nnich nie zosta\u0142 pos\u0142any, tylko do owej wdowy w Sarepcie Sydo\u0144skiej.<br \/>\n<\/b>\n<\/div>\n<div align=\"JUSTIFY\" style=\"margin-bottom: 0cm; text-indent: 1.24cm;\">\n<b>I<br \/>\nwielu tr\u0119dowatych by\u0142o w Izraelu za proroka Elizeusza, a \u017caden z<br \/>\nnich nie zosta\u0142 oczyszczony, tylko Syryjczyk Naaman\u201d. <\/b>\n<\/div>\n<div align=\"JUSTIFY\" style=\"margin-bottom: 0cm; text-indent: 1.24cm;\">\n<b>Na<br \/>\nte s\u0142owa wszyscy w synagodze unie\u015bli si\u0119 gniewem. Porwali Go z<br \/>\nmiejsca, wyrzucili Go z miasta i wyprowadzili a\u017c na stok g\u00f3ry, na<br \/>\nkt\u00f3rej ich miasto by\u0142o zbudowane, aby Go str\u0105ci\u0107. On jednak<br \/>\nprzeszed\u0142szy po\u015br\u00f3d nich oddali\u0142 si\u0119.<\/b><\/div>\n<div align=\"JUSTIFY\" style=\"margin-bottom: 0cm;\">\n<\/div>\n<div align=\"JUSTIFY\" style=\"margin-bottom: 0cm; page-break-before: auto; text-indent: 1.24cm;\">\nBardzo<br \/>\nciekawe nast\u0119pstwo wydarze\u0144 opisane zosta\u0142o w pierwszym<br \/>\ndzisiejszym czytaniu. Oto jeden z wa\u017cniejszych przedstawicieli armii<br \/>\nsyryjskiej <b>zmaga si\u0119 z tr\u0105dem.<\/b> Zapewne podejmuje w tej<br \/>\nsytuacji wiele dzia\u0142a\u0144 i wszystkie one raczej okazuj\u0105 si\u0119<br \/>\nnieskuteczne, skoro Naaman <b>chwyta si\u0119 ostatniej deski ratunku:<br \/>\nidzie za g\u0142osem m\u0142odej dziewczyny z Izr<\/b><b>a<\/b><b>ela,<\/b><br \/>\ns\u0142u\u017c\u0105cej swej \u017cony i na jej s\u0142owo wybiera si\u0119 na spotkanie<br \/>\nProroka. Nie wie, co go tam spotka i jak zostanie przyj\u0119ty, <b>ale w<br \/>\nobliczu post\u0119puj\u0105cego tr\u0105du raczej si\u0119 nie dyskutuje,<\/b> tylko<br \/>\ndzia\u0142a si\u0119 szybko i wykorzystuje si\u0119 ka\u017cd\u0105 mo\u017cliwo\u015b\u0107, jaka<br \/>\ntylko jawi si\u0119 na horyzoncie.\n<\/div>\n<div align=\"JUSTIFY\" style=\"margin-bottom: 0cm; text-indent: 1.24cm;\">\nI<br \/>\ntak w\u0142a\u015bnie post\u0119puje Naaman: prosi swego kr\u00f3la o pozwolenie na<br \/>\nwyjazd, a ten \u2013 zapewne tak\u017ce zatroskany o \u017cycie i zdrowie swego<br \/>\ndzielnego wodza i tak\u017ce nie maj\u0105cy pomys\u0142u, jak mu pom\u00f3c \u2013<b><br \/>\nod razu si\u0119 zgadza. <\/b>A przy okazji \u2013 w jak najlepszej wierze \u2013<br \/>\n<b>pisze list do kr\u00f3la izraelskiego, czym o ma\u0142o co nie wywo\u0142uje<br \/>\nkonfliktu.<\/b> Mo\u017ce nawet nieco zabawna wydaje nam si\u0119 ca\u0142a ta<br \/>\nsytuacja, zw\u0142aszcza, kiedy <b>wyobrazimy sobie min\u0119 kr\u00f3la<br \/>\nizraelskiego po odczytaniu listu,<\/b> w kt\u00f3rym proszony jest o<br \/>\nuwolnienie cz\u0142owieka z tr\u0105du! Trudno si\u0119 dziwi\u0107 jego reakcji, ale<br \/>\nna szcz\u0119\u015bcie szybka interwencja Proroka Elizeusza wycisza napi\u0119cie.<\/p>\n<\/div>\n<div align=\"JUSTIFY\" style=\"margin-bottom: 0cm; text-indent: 1.24cm;\">\nI<br \/>\ntak oto Naaman staje <b>przed drzwiami domu Proroka. <\/b>A tutaj<br \/>\npoddany zostaje <b>podw\u00f3jnej pr\u00f3bie pokory, a w jakim\u015b sensie<br \/>\ntak\u017ce wiary.<\/b> Bo po pierwsze: Prorok nawet nie wychodzi na jego<br \/>\nspotkanie, tylko <b>wydaje mu polecenie przez pos\u0142a\u0144ca, <\/b>a po<br \/>\ndrugie: polecenie, jakie wydaje Naamanowi \u2013 b\u0105d\u017a, co b\u0105d\u017a,<br \/>\npowa\u017cnemu wodzowi \u2013 <b>jest na tyle proste, a wr\u0119cz banalne, \u017ce<br \/>\nten czuje si\u0119 <\/b><b>ni<\/b><b>m wr\u0119cz ura\u017cony! <\/b>A jednak, po<br \/>\nnamowach swych s\u0142ug, spe\u0142nia prorockie polecenie i odzyskuje<br \/>\nzdrowie. A potem otwarcie i g\u0142o\u015bno wyznaje swoj\u0105 wiar\u0119 w Boga<br \/>\njedynego.\n<\/div>\n<div align=\"JUSTIFY\" style=\"margin-bottom: 0cm; text-indent: 1.24cm;\">\nI<br \/>\nw\u0142a\u015bnie <b>tak\u0105 jego postaw\u0119 dzisiaj Jezus pochwala w Ewangelii,<\/b><br \/>\npodobnie jak <b>wiar\u0119 wdowy z Sarepty Sydo\u0144skiej.<\/b> Oto bowiem<br \/>\nokazuje si\u0119, \u017ce cudzoziemcy <b>zawstydzaj\u0105 swoj\u0105 wiar\u0105 cz\u0142onk\u00f3w<br \/>\nNarodu Wybranego,<\/b> a wi\u0119c tego narodu, w kt\u00f3rym B\u00f3g najpe\u0142niej<br \/>\nzrealizowa\u0142 swoj\u0105 dzia\u0142alno\u015b\u0107! A fakt, \u017ce Jezus m\u00f3wi\u0142 o tym<br \/>\ntak\u017ce w swoim nauczaniu, dobitnie dowodzi, \u017ce <b>sytuacja tak\u017ce za<br \/>\nJego czas\u00f3w si\u0119 nie zmieni\u0142a. <\/b>\n<\/div>\n<div align=\"JUSTIFY\" style=\"margin-bottom: 0cm; text-indent: 1.24cm;\">\nZreszt\u0105,<br \/>\nnawet opisane we wczorajszej Ewangelii <b>Jego spotkanie z<br \/>\nSamarytank\u0105 <\/b><b>\u2013<\/b><b> jak i kilka jeszcze innych wydarze\u0144,<\/b><br \/>\nopisanych w innych miejscach \u2013 pokazuje, \u017ce cudzoziemcy nieraz o<br \/>\nwiele bardziej i o wiele szerzej <b>otwierali umys\u0142y i serca na Bo\u017c\u0105<br \/>\nnauk\u0119 i na dzia\u0142anie Bo\u017cej \u0142aski, <\/b>ani\u017celi ci, do kt\u00f3rych w<br \/>\npierwszej kolejno\u015bci skierowane by\u0142o Bo\u017ce S\u0142owo i misja zbawcza.\n<\/div>\n<div align=\"JUSTIFY\" style=\"margin-bottom: 0cm; text-indent: 1.24cm;\">\nBo<br \/>\nto <b>nie narodowo\u015b\u0107<\/b> decyduje o skuteczno\u015bci tej misji i o<br \/>\noddzia\u0142ywaniu Bo\u017cego S\u0142owa, ale \u2013 jako rzekli\u015bmy \u2013 <b>otwarte<br \/>\nserce, otwarty umys\u0142\u2026 <\/b>\n<\/div>\n<div align=\"JUSTIFY\" style=\"margin-bottom: 0cm; text-indent: 1.24cm;\">\nTak\u017ce<br \/>\nw naszym \u017cyciu, Kochani, prawid\u0142owo\u015b\u0107 ta ma miejsce. Bo i my<br \/>\ntak\u017ce mo\u017cemy <b>w swo<\/b><b>jej codzienno\u015bci<\/b><b> zaobserwowa\u0107<br \/>\nwiele takich zawirowa\u0144, <\/b>jakie dzia\u0142y si\u0119 w \u017cyciu Naamana. I<br \/>\nte\u017c czasami<b> mog\u0105 to by\u0107 sytuacje zabawne! A czasami \u2013 bardzo<br \/>\ntrudne.<\/b> Nieraz splot r\u00f3\u017cnych wydarze\u0144 <b>zaskoczy,<\/b> nieraz<br \/>\n<b>roz\u015bmieszy, <\/b>kiedy indziej jeszcze \u2013 <b>mocno da do<br \/>\nmy\u015blenia. <\/b>Wa\u017cne jest, aby w tym wszystkim <b>widzie\u0107 dzia\u0142anie<br \/>\nBoga, ale tak\u017ce \u2013 tworzy\u0107 mo\u017cliwo\u015b\u0107 takiego dzia\u0142ania. <\/b>\n<\/div>\n<div align=\"JUSTIFY\" style=\"margin-bottom: 0cm; text-indent: 1.24cm;\">\nNa<br \/>\ntym bowiem polega prawdziwa wiara, \u017ce <b>ja Boga wprowadzam we<br \/>\nwszystkie okoliczno\u015bci mojego \u017cycia,<\/b> \u017ce niczego przed Nim nie<br \/>\nukrywam, \u017ce prze\u017cywam z Nim zar\u00f3wno swoje rado\u015bci, jak i swoje<br \/>\nsmutki i obawy \u2013 i \u017ce jestem w stanie Mu zaufa\u0107, kiedy <b>za\u017c\u0105da<br \/>\node mnie rzeczy trudnej, lub mo\u017ce nie do ko\u0144ca w danym momencie<br \/>\nzrozumia\u0142ej\u2026<\/b><\/div>\n<div align=\"JUSTIFY\" style=\"margin-bottom: 0cm; text-indent: 1.24cm;\">\nZatem,<br \/>\nprawdziwa wiara polega na tym, \u017ce to <b>ja s\u0142ucham Boga i daj\u0119 si\u0119<br \/>\nMu prowadzi\u0107, <\/b>a nie pr\u00f3buj\u0119 na si\u0142\u0119 prowadzi\u0107 Boga swoimi<br \/>\ndrogami\u2026&nbsp;\n<\/div>\n","protected":false},"excerpt":{"rendered":"<p>Szcz\u0119\u015b\u0107 Bo\u017ce! Witam i pozdrawiam u progu nowego tygodnia pracy i nauki. Zgodnie z zapowiedzi\u0105, wyra\u017can\u0105 ju\u017c kilka razy, sk\u0142adam relacj\u0119 z wczorajszego spotkania katechetyczno &#8211; dyskusyjnego w Parafii w T\u0142uszczu.&nbsp; &nbsp; &nbsp; &nbsp;Nie wiem, ile Os\u00f3b by\u0142o, bo nie policzy\u0142em. Nie by\u0142o jako\u015b sposobu, gdy\u017c ca\u0142y czas albo m\u00f3wi\u0142em, albo s\u0142ucha\u0142em, albo odpowiada\u0142em na [&hellip;]<\/p>\n","protected":false},"author":1,"featured_media":0,"comment_status":"open","ping_status":"open","sticky":false,"template":"","format":"standard","meta":{"jetpack_post_was_ever_published":false,"_jetpack_newsletter_access":"","_jetpack_dont_email_post_to_subs":false,"_jetpack_newsletter_tier_id":0,"_jetpack_memberships_contains_paywalled_content":false,"_jetpack_memberships_contains_paid_content":false,"footnotes":""},"categories":[1],"tags":[],"class_list":["post-8811","post","type-post","status-publish","format-standard","hentry","category-bez-kategorii"],"yoast_head":"<!-- This site is optimized with the Yoast SEO plugin v25.1 - https:\/\/yoast.com\/wordpress\/plugins\/seo\/ -->\n<title>Gdy \u017cycie zaskoczy - i kiedy roz\u015bmieszy... - Gaudium Et Spes<\/title>\n<meta name=\"robots\" content=\"index, follow, max-snippet:-1, max-image-preview:large, max-video-preview:-1\" \/>\n<link rel=\"canonical\" href=\"https:\/\/gaudiumetspes-blog.pl\/index.php\/2014\/03\/24\/gdy-zycie-zaskoczy-i-kiedy-rozsmieszy\/\" \/>\n<meta property=\"og:locale\" content=\"pl_PL\" \/>\n<meta property=\"og:type\" content=\"article\" \/>\n<meta property=\"og:title\" content=\"Gdy \u017cycie zaskoczy - i kiedy roz\u015bmieszy... - Gaudium Et Spes\" \/>\n<meta property=\"og:description\" content=\"Szcz\u0119\u015b\u0107 Bo\u017ce! Witam i pozdrawiam u progu nowego tygodnia pracy i nauki. Zgodnie z zapowiedzi\u0105, wyra\u017can\u0105 ju\u017c kilka razy, sk\u0142adam relacj\u0119 z wczorajszego spotkania katechetyczno &#8211; dyskusyjnego w Parafii w T\u0142uszczu.&nbsp; &nbsp; &nbsp; &nbsp;Nie wiem, ile Os\u00f3b by\u0142o, bo nie policzy\u0142em. Nie by\u0142o jako\u015b sposobu, gdy\u017c ca\u0142y czas albo m\u00f3wi\u0142em, albo s\u0142ucha\u0142em, albo odpowiada\u0142em na [&hellip;]\" \/>\n<meta property=\"og:url\" content=\"https:\/\/gaudiumetspes-blog.pl\/index.php\/2014\/03\/24\/gdy-zycie-zaskoczy-i-kiedy-rozsmieszy\/\" \/>\n<meta property=\"og:site_name\" content=\"Gaudium Et Spes\" \/>\n<meta property=\"article:published_time\" content=\"2014-03-24T06:56:00+00:00\" \/>\n<meta property=\"article:modified_time\" content=\"2019-07-31T10:54:34+00:00\" \/>\n<meta name=\"author\" content=\"Ks. Jacek\" \/>\n<meta name=\"twitter:card\" content=\"summary_large_image\" \/>\n<meta name=\"twitter:label1\" content=\"Napisane przez\" \/>\n\t<meta name=\"twitter:data1\" content=\"Ks. Jacek\" \/>\n\t<meta name=\"twitter:label2\" content=\"Szacowany czas czytania\" \/>\n\t<meta name=\"twitter:data2\" content=\"8 minut\" \/>\n<script type=\"application\/ld+json\" class=\"yoast-schema-graph\">{\"@context\":\"https:\/\/schema.org\",\"@graph\":[{\"@type\":\"WebPage\",\"@id\":\"https:\/\/gaudiumetspes-blog.pl\/index.php\/2014\/03\/24\/gdy-zycie-zaskoczy-i-kiedy-rozsmieszy\/\",\"url\":\"https:\/\/gaudiumetspes-blog.pl\/index.php\/2014\/03\/24\/gdy-zycie-zaskoczy-i-kiedy-rozsmieszy\/\",\"name\":\"Gdy \u017cycie zaskoczy - i kiedy roz\u015bmieszy... - Gaudium Et Spes\",\"isPartOf\":{\"@id\":\"https:\/\/gaudiumetspes-blog.pl\/#website\"},\"datePublished\":\"2014-03-24T06:56:00+00:00\",\"dateModified\":\"2019-07-31T10:54:34+00:00\",\"author\":{\"@id\":\"https:\/\/gaudiumetspes-blog.pl\/#\/schema\/person\/1661982992b752dea8dff0d4ed845a65\"},\"breadcrumb\":{\"@id\":\"https:\/\/gaudiumetspes-blog.pl\/index.php\/2014\/03\/24\/gdy-zycie-zaskoczy-i-kiedy-rozsmieszy\/#breadcrumb\"},\"inLanguage\":\"pl-PL\",\"potentialAction\":[{\"@type\":\"ReadAction\",\"target\":[\"https:\/\/gaudiumetspes-blog.pl\/index.php\/2014\/03\/24\/gdy-zycie-zaskoczy-i-kiedy-rozsmieszy\/\"]}]},{\"@type\":\"BreadcrumbList\",\"@id\":\"https:\/\/gaudiumetspes-blog.pl\/index.php\/2014\/03\/24\/gdy-zycie-zaskoczy-i-kiedy-rozsmieszy\/#breadcrumb\",\"itemListElement\":[{\"@type\":\"ListItem\",\"position\":1,\"name\":\"Strona g\u0142\u00f3wna\",\"item\":\"https:\/\/gaudiumetspes-blog.pl\/\"},{\"@type\":\"ListItem\",\"position\":2,\"name\":\"Gdy&nbsp;\u017cycie zaskoczy &#8211; i&nbsp;kiedy roz\u015bmieszy&#8230;\"}]},{\"@type\":\"WebSite\",\"@id\":\"https:\/\/gaudiumetspes-blog.pl\/#website\",\"url\":\"https:\/\/gaudiumetspes-blog.pl\/\",\"name\":\"Gaudium Et Spes\",\"description\":\"Blog Ks. Jacka Ja\u015bkowskiego\",\"potentialAction\":[{\"@type\":\"SearchAction\",\"target\":{\"@type\":\"EntryPoint\",\"urlTemplate\":\"https:\/\/gaudiumetspes-blog.pl\/?s={search_term_string}\"},\"query-input\":{\"@type\":\"PropertyValueSpecification\",\"valueRequired\":true,\"valueName\":\"search_term_string\"}}],\"inLanguage\":\"pl-PL\"},{\"@type\":\"Person\",\"@id\":\"https:\/\/gaudiumetspes-blog.pl\/#\/schema\/person\/1661982992b752dea8dff0d4ed845a65\",\"name\":\"Ks. Jacek\",\"image\":{\"@type\":\"ImageObject\",\"inLanguage\":\"pl-PL\",\"@id\":\"https:\/\/gaudiumetspes-blog.pl\/#\/schema\/person\/image\/\",\"url\":\"https:\/\/gaudiumetspes-blog.pl\/wp-content\/uploads\/2019\/07\/avatar-JJ-150x150.jpg\",\"contentUrl\":\"https:\/\/gaudiumetspes-blog.pl\/wp-content\/uploads\/2019\/07\/avatar-JJ-150x150.jpg\",\"caption\":\"Ks. Jacek\"},\"description\":\"Witam serdecznie! K\u0142ania si\u0119 Ks. Jacek Ja\u015bkowski. Nie jestem ani kim\u015b wa\u017cnym, ani kim\u015b znanym. Jestem ksi\u0119dzem, kt\u00f3ry po prostu chce rozmawia\u0107. Codzienna kap\u0142a\u0144ska pos\u0142uga pokazuje mi, \u017ce temat\u00f3w do rozm\u00f3w z ksi\u0119dzem jest coraz wi\u0119cej i dzisiaj \u017caden ksi\u0105dz nie mo\u017ce od nich ucieka\u0107, ale - wprost przeciwnie - podejmowa\u0107 nowe wyzwania. To przekonanie sk\u0142oni\u0142o mnie do pr\u00f3by otwarcia tego\u017c bloga, chocia\u017c okazji do rozm\u00f3w na co dzie\u0144 - w konfesjonale i poza nim - na szcz\u0119\u015bcie nie brakuje. My\u015bl\u0119 jednak, \u017ce ten blog b\u0119dzie jeszcze jednym sposobem i przestrzeni\u0105 nawi\u0105zania kontaktu z lud\u017ami dobrej woli, otwartymi na dialog.\",\"url\":\"https:\/\/gaudiumetspes-blog.pl\/index.php\/author\/ks-jacek\/\"}]}<\/script>\n<!-- \/ Yoast SEO plugin. -->","yoast_head_json":{"title":"Gdy \u017cycie zaskoczy - i kiedy roz\u015bmieszy... - Gaudium Et Spes","robots":{"index":"index","follow":"follow","max-snippet":"max-snippet:-1","max-image-preview":"max-image-preview:large","max-video-preview":"max-video-preview:-1"},"canonical":"https:\/\/gaudiumetspes-blog.pl\/index.php\/2014\/03\/24\/gdy-zycie-zaskoczy-i-kiedy-rozsmieszy\/","og_locale":"pl_PL","og_type":"article","og_title":"Gdy \u017cycie zaskoczy - i kiedy roz\u015bmieszy... - Gaudium Et Spes","og_description":"Szcz\u0119\u015b\u0107 Bo\u017ce! Witam i pozdrawiam u progu nowego tygodnia pracy i nauki. Zgodnie z zapowiedzi\u0105, wyra\u017can\u0105 ju\u017c kilka razy, sk\u0142adam relacj\u0119 z wczorajszego spotkania katechetyczno &#8211; dyskusyjnego w Parafii w T\u0142uszczu.&nbsp; &nbsp; &nbsp; &nbsp;Nie wiem, ile Os\u00f3b by\u0142o, bo nie policzy\u0142em. Nie by\u0142o jako\u015b sposobu, gdy\u017c ca\u0142y czas albo m\u00f3wi\u0142em, albo s\u0142ucha\u0142em, albo odpowiada\u0142em na [&hellip;]","og_url":"https:\/\/gaudiumetspes-blog.pl\/index.php\/2014\/03\/24\/gdy-zycie-zaskoczy-i-kiedy-rozsmieszy\/","og_site_name":"Gaudium Et Spes","article_published_time":"2014-03-24T06:56:00+00:00","article_modified_time":"2019-07-31T10:54:34+00:00","author":"Ks. Jacek","twitter_card":"summary_large_image","twitter_misc":{"Napisane przez":"Ks. Jacek","Szacowany czas czytania":"8 minut"},"schema":{"@context":"https:\/\/schema.org","@graph":[{"@type":"WebPage","@id":"https:\/\/gaudiumetspes-blog.pl\/index.php\/2014\/03\/24\/gdy-zycie-zaskoczy-i-kiedy-rozsmieszy\/","url":"https:\/\/gaudiumetspes-blog.pl\/index.php\/2014\/03\/24\/gdy-zycie-zaskoczy-i-kiedy-rozsmieszy\/","name":"Gdy \u017cycie zaskoczy - i kiedy roz\u015bmieszy... - Gaudium Et Spes","isPartOf":{"@id":"https:\/\/gaudiumetspes-blog.pl\/#website"},"datePublished":"2014-03-24T06:56:00+00:00","dateModified":"2019-07-31T10:54:34+00:00","author":{"@id":"https:\/\/gaudiumetspes-blog.pl\/#\/schema\/person\/1661982992b752dea8dff0d4ed845a65"},"breadcrumb":{"@id":"https:\/\/gaudiumetspes-blog.pl\/index.php\/2014\/03\/24\/gdy-zycie-zaskoczy-i-kiedy-rozsmieszy\/#breadcrumb"},"inLanguage":"pl-PL","potentialAction":[{"@type":"ReadAction","target":["https:\/\/gaudiumetspes-blog.pl\/index.php\/2014\/03\/24\/gdy-zycie-zaskoczy-i-kiedy-rozsmieszy\/"]}]},{"@type":"BreadcrumbList","@id":"https:\/\/gaudiumetspes-blog.pl\/index.php\/2014\/03\/24\/gdy-zycie-zaskoczy-i-kiedy-rozsmieszy\/#breadcrumb","itemListElement":[{"@type":"ListItem","position":1,"name":"Strona g\u0142\u00f3wna","item":"https:\/\/gaudiumetspes-blog.pl\/"},{"@type":"ListItem","position":2,"name":"Gdy&nbsp;\u017cycie zaskoczy &#8211; i&nbsp;kiedy roz\u015bmieszy&#8230;"}]},{"@type":"WebSite","@id":"https:\/\/gaudiumetspes-blog.pl\/#website","url":"https:\/\/gaudiumetspes-blog.pl\/","name":"Gaudium Et Spes","description":"Blog Ks. Jacka Ja\u015bkowskiego","potentialAction":[{"@type":"SearchAction","target":{"@type":"EntryPoint","urlTemplate":"https:\/\/gaudiumetspes-blog.pl\/?s={search_term_string}"},"query-input":{"@type":"PropertyValueSpecification","valueRequired":true,"valueName":"search_term_string"}}],"inLanguage":"pl-PL"},{"@type":"Person","@id":"https:\/\/gaudiumetspes-blog.pl\/#\/schema\/person\/1661982992b752dea8dff0d4ed845a65","name":"Ks. Jacek","image":{"@type":"ImageObject","inLanguage":"pl-PL","@id":"https:\/\/gaudiumetspes-blog.pl\/#\/schema\/person\/image\/","url":"https:\/\/gaudiumetspes-blog.pl\/wp-content\/uploads\/2019\/07\/avatar-JJ-150x150.jpg","contentUrl":"https:\/\/gaudiumetspes-blog.pl\/wp-content\/uploads\/2019\/07\/avatar-JJ-150x150.jpg","caption":"Ks. Jacek"},"description":"Witam serdecznie! K\u0142ania si\u0119 Ks. Jacek Ja\u015bkowski. Nie jestem ani kim\u015b wa\u017cnym, ani kim\u015b znanym. Jestem ksi\u0119dzem, kt\u00f3ry po prostu chce rozmawia\u0107. Codzienna kap\u0142a\u0144ska pos\u0142uga pokazuje mi, \u017ce temat\u00f3w do rozm\u00f3w z ksi\u0119dzem jest coraz wi\u0119cej i dzisiaj \u017caden ksi\u0105dz nie mo\u017ce od nich ucieka\u0107, ale - wprost przeciwnie - podejmowa\u0107 nowe wyzwania. To przekonanie sk\u0142oni\u0142o mnie do pr\u00f3by otwarcia tego\u017c bloga, chocia\u017c okazji do rozm\u00f3w na co dzie\u0144 - w konfesjonale i poza nim - na szcz\u0119\u015bcie nie brakuje. My\u015bl\u0119 jednak, \u017ce ten blog b\u0119dzie jeszcze jednym sposobem i przestrzeni\u0105 nawi\u0105zania kontaktu z lud\u017ami dobrej woli, otwartymi na dialog.","url":"https:\/\/gaudiumetspes-blog.pl\/index.php\/author\/ks-jacek\/"}]}},"jetpack_featured_media_url":"","jetpack_sharing_enabled":true,"_links":{"self":[{"href":"https:\/\/gaudiumetspes-blog.pl\/index.php\/wp-json\/wp\/v2\/posts\/8811","targetHints":{"allow":["GET"]}}],"collection":[{"href":"https:\/\/gaudiumetspes-blog.pl\/index.php\/wp-json\/wp\/v2\/posts"}],"about":[{"href":"https:\/\/gaudiumetspes-blog.pl\/index.php\/wp-json\/wp\/v2\/types\/post"}],"author":[{"embeddable":true,"href":"https:\/\/gaudiumetspes-blog.pl\/index.php\/wp-json\/wp\/v2\/users\/1"}],"replies":[{"embeddable":true,"href":"https:\/\/gaudiumetspes-blog.pl\/index.php\/wp-json\/wp\/v2\/comments?post=8811"}],"version-history":[{"count":1,"href":"https:\/\/gaudiumetspes-blog.pl\/index.php\/wp-json\/wp\/v2\/posts\/8811\/revisions"}],"predecessor-version":[{"id":11497,"href":"https:\/\/gaudiumetspes-blog.pl\/index.php\/wp-json\/wp\/v2\/posts\/8811\/revisions\/11497"}],"wp:attachment":[{"href":"https:\/\/gaudiumetspes-blog.pl\/index.php\/wp-json\/wp\/v2\/media?parent=8811"}],"wp:term":[{"taxonomy":"category","embeddable":true,"href":"https:\/\/gaudiumetspes-blog.pl\/index.php\/wp-json\/wp\/v2\/categories?post=8811"},{"taxonomy":"post_tag","embeddable":true,"href":"https:\/\/gaudiumetspes-blog.pl\/index.php\/wp-json\/wp\/v2\/tags?post=8811"}],"curies":[{"name":"wp","href":"https:\/\/api.w.org\/{rel}","templated":true}]}}