{"id":8824,"date":"2014-03-11T05:42:00","date_gmt":"2014-03-11T04:42:00","guid":{"rendered":"https:\/\/gaudiumetspes-blog.pl\/index.php\/2014\/03\/11\/przywrocic-sowom-wartosc-sens-i-tresc\/"},"modified":"2019-07-31T12:54:32","modified_gmt":"2019-07-31T10:54:32","slug":"przywrocic-sowom-wartosc-sens-i-tresc","status":"publish","type":"post","link":"https:\/\/gaudiumetspes-blog.pl\/index.php\/2014\/03\/11\/przywrocic-sowom-wartosc-sens-i-tresc\/","title":{"rendered":"Przywr\u00f3ci\u0107 s\u0142owom &#8211; warto\u015b\u0107, sens i tre\u015b\u0107&#8230;"},"content":{"rendered":"<div align=\"JUSTIFY\" style=\"margin-bottom: 0cm;\">\nSzcz\u0119\u015b\u0107 Bo\u017ce! Moi Drodzy, we wczorajszych Waszych wpisach odczyta\u0142em zainteresowanie niedzielnym spotkaniem w ramach takiej nowej formu\u0142y, kt\u00f3r\u0105 nie bardzo wiem, jak nazwa\u0107. Mo\u017ce rzeczywi\u015bcie, nie tyle chodzi o katechezy dla doros\u0142ych, bo i m\u0142odzie\u017c w tym uczestniczy, ile o rozmowy o wierze i \u017cyciu chrze\u015bcija\u0144skim &#8211; w szerokiej formule.&nbsp;<\/div>\n<div align=\"JUSTIFY\" style=\"margin-bottom: 0cm;\">\n&nbsp; &nbsp; Oczywi\u015bcie, bardzo ch\u0119tnie b\u0119d\u0119 si\u0119 dzieli\u0142 tu, na forum, naszymi kolejnymi &#8222;dokonaniami&#8221;. Na pierwszym spotkaniu ustalili\u015bmy pewne sprawy organizacyjne, ale uda\u0142o nam si\u0119 podj\u0105\u0107 kilka zagadnie\u0144 wst\u0119pnych, dotycz\u0105cych przyjmowania Sakrament\u00f3w i ich nale\u017cytego prze\u017cywania. Nast\u0119pne spotkanie &#8211; jak B\u00f3g pozwoli &#8211; za dwa tygodnie.<\/div>\n<div align=\"JUSTIFY\" style=\"margin-bottom: 0cm;\">\n&nbsp; &nbsp;Zapraszam teraz do refleksji nad Bo\u017cym S\u0142owem. I tak w og\u00f3le &#8211; nad s\u0142owem&#8230;<\/div>\n<div align=\"JUSTIFY\" style=\"margin-bottom: 0cm;\">\n&nbsp; &nbsp; &nbsp; &nbsp; &nbsp; &nbsp; &nbsp; Gaudium et spes! &nbsp;Ks. Jacek<\/div>\n<div align=\"JUSTIFY\" style=\"margin-bottom: 0cm;\">\n<b><br \/><\/b><\/div>\n<div align=\"JUSTIFY\" style=\"margin-bottom: 0cm;\">\n<b>Wtorek<br \/>\n1 Tygodnia Wielkiego Postu,<\/b><\/div>\n<div align=\"JUSTIFY\" style=\"margin-bottom: 0cm;\">\n<b>do<br \/>\nczyta\u0144:  Iz 55,10\u201311;  Mt 6,7\u201315<\/b><\/div>\n<div align=\"JUSTIFY\" style=\"margin-bottom: 0cm;\">\n<\/div>\n<div align=\"JUSTIFY\" style=\"margin-bottom: 0cm; page-break-before: auto;\">\n<b>CZYTANIE<br \/>\nZ KSI\u0118GI PROROKA IZAJASZA: <\/b>\n<\/div>\n<div align=\"JUSTIFY\" style=\"margin-bottom: 0cm; text-indent: 1.22cm;\">\n<b>To<br \/>\nm\u00f3wi Pan B\u00f3g: \u201ePodobnie jak ulewa i \u015bnieg spadaj\u0105 z nieba i tam<br \/>\nnie powracaj\u0105, dop\u00f3ki nie nawodni\u0105 ziemi, nie u\u017cy\u017ani\u0105 jej i nie<br \/>\nzapewni\u0105 urodzaju, tak i\u017c wydaje nasienie dla siewcy i chleb dla<br \/>\njedz\u0105cego, tak s\u0142owo, kt\u00f3re wychodzi z ust moich: nie wraca do<br \/>\nMnie bezowocnie, zanim wpierw nie dokona tego, co chcia\u0142em, i nie<br \/>\nspe\u0142ni pomy\u015blnie swego pos\u0142annictwa\u201d. <\/b>\n<\/div>\n<div align=\"JUSTIFY\" style=\"margin-bottom: 0cm;\">\n<\/div>\n<div align=\"JUSTIFY\" style=\"margin-bottom: 0cm;\">\n<b>S\u0141OWA<br \/>\nEWANGELII WED\u0141UG \u015aWI\u0118TEGO MATEUSZA: <\/b>\n<\/div>\n<div align=\"JUSTIFY\" style=\"margin-bottom: 0cm; text-indent: 1.22cm;\">\n<b>Jezus<br \/>\npowiedzia\u0142 do swoich uczni\u00f3w: \u201eNa modlitwie nie b\u0105d\u017acie<br \/>\ngadatliwi jak poganie. Oni my\u015bl\u0105, \u017ce przez wzgl\u0105d na swe<br \/>\nwielom\u00f3wstwo b\u0119d\u0105 wys\u0142uchani. Nie b\u0105d\u017acie podobni do nich.<br \/>\nAlbowiem wie Ojciec wasz, czego wam potrzeba, wpierw zanim Go<br \/>\npoprosicie. <\/b>\n<\/div>\n<div align=\"JUSTIFY\" style=\"margin-bottom: 0cm; text-indent: 1.22cm;\">\n<b>Wy<br \/>\nzatem tak si\u0119 m\u00f3dlcie: Ojcze nasz, kt\u00f3ry\u015b jest w niebie: \u015bwi\u0119\u0107<br \/>\nsi\u0119 imi\u0119 Twoje, przyjd\u017a kr\u00f3lestwo Twoje, b\u0105d\u017a wola Twoja jako w<br \/>\nniebie, tak i na ziemi. Chleba naszego powszedniego daj nam dzisiaj;<br \/>\ni odpu\u015b\u0107 nam nasze winy, jako i my odpuszczamy naszym winowajcom; i<br \/>\nnie dopu\u015b\u0107, aby\u015bmy ulegli pokusie, ale nas zbaw ode z\u0142ego. <\/b>\n<\/div>\n<div align=\"JUSTIFY\" style=\"margin-bottom: 0cm; text-indent: 1.22cm;\">\n<b>Je\u015bli<br \/>\nbowiem przebaczycie ludziom ich przewinienia, i wam przebaczy Ojciec<br \/>\nwasz niebieski. Lecz je\u015bli nie przebaczycie ludziom, i Ojciec wasz<br \/>\nnie przebaczy wam waszych przewinie\u0144\u201d.<\/b><\/div>\n<div align=\"JUSTIFY\" style=\"margin-bottom: 0cm;\">\n<\/div>\n<div align=\"JUSTIFY\" style=\"margin-bottom: 0cm; text-indent: 1.24cm;\">\nOj,<br \/>\nzdarza nam si\u0119 takie modlitewne gadulstwo, zdarza si\u0119\u2026  Musimy to<br \/>\nszczerze przyzna\u0107. Albo jest to takie w\u0142a\u015bnie <b>gl\u0119dzenie wielu<br \/>\ns\u0142\u00f3w bez \u201e\u0142adu i sk\u0142adu\u201d,<\/b> tylko po to, \u017ceby co\u015b m\u00f3wi\u0107<br \/>\ni najlepiej du\u017co m\u00f3wi\u0107, ale bez chwili zastanowienia; albo te\u017c<br \/>\nwypowiadanie <b>znanych, wyuczonych formu\u0142 modlitewnych b<\/b><b>ez<br \/>\nrefleksji i skupienia,<\/b> tylko po to, \u017ceby zaliczy\u0107 ile\u015b tam<br \/>\n\u201eOjczenasz\u00f3w\u201d i \u201eZdrowasiek\u201d.\n<\/div>\n<div align=\"JUSTIFY\" style=\"margin-bottom: 0cm; text-indent: 1.24cm;\">\nA<br \/>\ntymczasem dzisiaj Jezus uczy nas, \u017ce <b>ka\u017cde nasze s\u0142owo<\/b><br \/>\n<b>powinno mie\u0107 warto\u015b\u0107,<\/b> powinno co\u015b znaczy\u0107, nie\u015b\u0107 w<br \/>\nsobie jak\u0105\u015b tre\u015b\u0107, mie\u0107 znaczenie! Podobnie, jak s\u0142owo,<br \/>\nwypowiedziane przez Boga, tak samo ka\u017cde s\u0142owo wypowiadane przez<br \/>\ncz\u0142owieka, <b>powinno owocowa\u0107. <\/b>\n<\/div>\n<div align=\"JUSTIFY\" style=\"margin-bottom: 0cm; text-indent: 1.24cm;\">\nOto<br \/>\nw pierwszym czytaniu s\u0142yszeli\u015bmy takie stwierdzenia samego Boga:<br \/>\n<i><b>P<\/b><\/i><i><b>odobnie jak<br \/>\nulewa i \u015bnieg spadaj\u0105 z nieba i tam nie powracaj\u0105, dop\u00f3ki nie<br \/>\nnawodni\u0105 ziemi, nie u\u017cy\u017ani\u0105 jej i nie zapewni\u0105 urodzaju, tak i\u017c<br \/>\nwydaje nasienie dla siewcy i chleb dla jedz\u0105cego, tak s\u0142owo, kt\u00f3re<br \/>\nwychodzi z ust moich: nie wraca do Mnie bezowocnie, zanim wpierw nie<br \/>\ndokona tego, co chcia\u0142em, i nie spe\u0142ni pomy\u015blnie swego<br \/>\npos\u0142annictwa. <\/b><\/i>Jak\u017ce<br \/>\nzatem mocne i tre\u015bciwe musi by\u0107 to s\u0142owo, jak\u0105 <b>ogromn\u0105<br \/>\nmoc musi w sobie zawiera\u0107!<\/b><br \/>\nA nasze s\u0142owa tak cz\u0119sto s\u0105 jak li\u015bcie, miotane wiatrem \u2013<br \/>\nzupe\u0142nie bez warto\u015bci, rzucane to tu, to tam\u2026\n<\/div>\n<div align=\"JUSTIFY\" style=\"margin-bottom: 0cm; text-indent: 1.24cm;\">\nDlatego<br \/>\nJezus m\u00f3wi do nas dzisiaj: <i><b>Na<br \/>\nmodlitwie nie b\u0105d\u017acie gadatliwi jak poganie. Oni my\u015bl\u0105, \u017ce przez<br \/>\nwzgl\u0105d na swe wielom\u00f3wstwo b\u0119d\u0105 wys\u0142uchani. Nie b\u0105d\u017acie<br \/>\npodobni do nich<\/b><\/i><b>.<br \/>\n<\/b>Oczywi\u015bcie,<br \/>\nto nie w tym jest problem, \u017ce kto\u015b d\u0142u\u017cej rozmawia z Bogiem i<br \/>\nwi\u0119cej s\u0142\u00f3w wypowiada. Jezus te\u017c nieraz stosowa\u0142 takie d\u0142u\u017csze<br \/>\nformy modlitwy. Ale problem zaczyna si\u0119 w\u00f3wczas, kiedy \u2013 jak ju\u017c<br \/>\nwspomnieli\u015bmy \u2013 <b>m\u00f3wimy<br \/>\nco\u015b, \u017ceby m\u00f3wi\u0107, albo w og\u00f3le nie staramy si\u0119 o skupienie przy<br \/>\nwypowiadaniu znanych form modlitewnych. <\/b>\n<\/div>\n<div align=\"JUSTIFY\" style=\"margin-bottom: 0cm; text-indent: 1.24cm;\">\nTak\u0105<br \/>\nnajbardziej znan\u0105 \u2013 w\u0142a\u015bciwie ju\u017c od wczesnego dzieci\u0144stwa \u2013<br \/>\nmodlitewn\u0105 form\u0105 jest <b>Modlitwa<br \/>\nPa\u0144ska.<\/b><br \/>\nW\u0142a\u015bnie ta, kt\u00f3rej dzisiaj Jezus uczy\u0142 swoich Aposto\u0142\u00f3w. Czy\u017c<br \/>\nw\u0142a\u015bnie ta modlitwa najcz\u0119\u015bciej nie staje si\u0119 tak\u0105 <b>form\u0105<br \/>\ndla formy, tak\u0105 klepan\u0105 bez zastanowienia formu\u0142\u0105, takim \u2013 jak<br \/>\nto okre\u015bli\u0142 kiedy\u015b poeta \u2013 \u201eOjczenaszem\u201d?\u2026<\/b><\/p>\n<\/div>\n<div align=\"JUSTIFY\" style=\"margin-bottom: 0cm; text-indent: 1.24cm;\">\nA<br \/>\nprzecie\u017c w tej modlitwie jest tyle tre\u015bci, tyle pi\u0119kna! <b>Tyle<br \/>\ndzieci\u0119cego zaufania i oddania si\u0119 w r\u0119ce Ojca!<\/b><br \/>\nMo\u017ce w\u0142a\u015bnie nale\u017ca\u0142oby na nowo odkry\u0107 sens tej modlitwy i si\u0119<br \/>\nni\u0105 raz jeszcze zachwyci\u0107? Mo\u017ce nale\u017ca\u0142oby <b>ju\u017c<br \/>\nod dzisiaj <\/b>zacz\u0105\u0107<br \/>\nodmawia\u0107 j\u0105 powoli, starannie, my\u015bl\u0105c nad ka\u017cdym s\u0142owem?<\/div>\n<div align=\"JUSTIFY\" style=\"margin-bottom: 0cm; text-indent: 1.24cm;\">\nKochani,<br \/>\ntrzeba <b>naszym<\/b><br \/>\n<b>s\u0142owom<br \/>\nprzywr\u00f3ci\u0107 warto\u015b\u0107, sens i tre\u015b\u0107.<\/b><br \/>\nNajpierw tym s\u0142owom, jakie wypowiadamy do Boga. Ich naprawd\u0119 <b>nie<br \/>\nmusi by\u0107 du\u017co.<\/b><br \/>\nMo\u017ce wi\u0119cej potrzeba chwili milczenia, wyciszenia, zas\u0142uchania w<br \/>\nBo\u017ce S\u0142owo?\u2026 A kiedy b\u0119dziemy chcieli wypowiada\u0107 jakie\u015b swoje<br \/>\ns\u0142owa, to zawsze dobrze by\u0142oby pomy\u015ble\u0107, <b>do<br \/>\n<\/b><b>K<\/b><b>ogo<br \/>\nchc\u0119 teraz m\u00f3wi\u0107 i co tak naprawd\u0119 chc\u0119 Mu powiedzie\u0107.<\/b><\/div>\n<div align=\"JUSTIFY\" style=\"margin-bottom: 0cm; text-indent: 1.24cm;\">\nKiedy<br \/>\nzaczniemy szanowa\u0107 Bo\u017ce S\u0142owo, do nas kierowane, a tak\u017ce swoje<br \/>\ns\u0142owo, kierowane do Boga, z ca\u0142\u0105 pewno\u015bci\u0105 <b>tak\u017ce<br \/>\nte s\u0142owa, jakie wypowiadamy do ludzi, zyskaj\u0105 na warto\u015bci.<\/b><br \/>\nA<br \/>\nto uzdrowi niejedn\u0105 mi\u0119dzyludzk\u0105 relacj\u0119\u2026&nbsp;\n<\/div>\n","protected":false},"excerpt":{"rendered":"<p>Szcz\u0119\u015b\u0107 Bo\u017ce! Moi Drodzy, we wczorajszych Waszych wpisach odczyta\u0142em zainteresowanie niedzielnym spotkaniem w ramach takiej nowej formu\u0142y, kt\u00f3r\u0105 nie bardzo wiem, jak nazwa\u0107. Mo\u017ce rzeczywi\u015bcie, nie tyle chodzi o katechezy dla doros\u0142ych, bo i m\u0142odzie\u017c w tym uczestniczy, ile o rozmowy o wierze i \u017cyciu chrze\u015bcija\u0144skim &#8211; w szerokiej formule.&nbsp; &nbsp; &nbsp; Oczywi\u015bcie, bardzo ch\u0119tnie [&hellip;]<\/p>\n","protected":false},"author":1,"featured_media":0,"comment_status":"open","ping_status":"open","sticky":false,"template":"","format":"standard","meta":{"jetpack_post_was_ever_published":false,"_jetpack_newsletter_access":"","_jetpack_dont_email_post_to_subs":false,"_jetpack_newsletter_tier_id":0,"_jetpack_memberships_contains_paywalled_content":false,"_jetpack_memberships_contains_paid_content":false,"footnotes":""},"categories":[1],"tags":[],"class_list":["post-8824","post","type-post","status-publish","format-standard","hentry","category-bez-kategorii"],"yoast_head":"<!-- This site is optimized with the Yoast SEO plugin v25.1 - https:\/\/yoast.com\/wordpress\/plugins\/seo\/ -->\n<title>Przywr\u00f3ci\u0107 s\u0142owom - warto\u015b\u0107, sens i tre\u015b\u0107... - Gaudium Et Spes<\/title>\n<meta name=\"robots\" content=\"index, follow, max-snippet:-1, max-image-preview:large, max-video-preview:-1\" \/>\n<link rel=\"canonical\" href=\"https:\/\/gaudiumetspes-blog.pl\/index.php\/2014\/03\/11\/przywrocic-sowom-wartosc-sens-i-tresc\/\" \/>\n<meta property=\"og:locale\" content=\"pl_PL\" \/>\n<meta property=\"og:type\" content=\"article\" \/>\n<meta property=\"og:title\" content=\"Przywr\u00f3ci\u0107 s\u0142owom - warto\u015b\u0107, sens i tre\u015b\u0107... - Gaudium Et Spes\" \/>\n<meta property=\"og:description\" content=\"Szcz\u0119\u015b\u0107 Bo\u017ce! Moi Drodzy, we wczorajszych Waszych wpisach odczyta\u0142em zainteresowanie niedzielnym spotkaniem w ramach takiej nowej formu\u0142y, kt\u00f3r\u0105 nie bardzo wiem, jak nazwa\u0107. Mo\u017ce rzeczywi\u015bcie, nie tyle chodzi o katechezy dla doros\u0142ych, bo i m\u0142odzie\u017c w tym uczestniczy, ile o rozmowy o wierze i \u017cyciu chrze\u015bcija\u0144skim &#8211; w szerokiej formule.&nbsp; &nbsp; &nbsp; Oczywi\u015bcie, bardzo ch\u0119tnie [&hellip;]\" \/>\n<meta property=\"og:url\" content=\"https:\/\/gaudiumetspes-blog.pl\/index.php\/2014\/03\/11\/przywrocic-sowom-wartosc-sens-i-tresc\/\" \/>\n<meta property=\"og:site_name\" content=\"Gaudium Et Spes\" \/>\n<meta property=\"article:published_time\" content=\"2014-03-11T04:42:00+00:00\" \/>\n<meta property=\"article:modified_time\" content=\"2019-07-31T10:54:32+00:00\" \/>\n<meta name=\"author\" content=\"Ks. Jacek\" \/>\n<meta name=\"twitter:card\" content=\"summary_large_image\" \/>\n<meta name=\"twitter:label1\" content=\"Napisane przez\" \/>\n\t<meta name=\"twitter:data1\" content=\"Ks. Jacek\" \/>\n\t<meta name=\"twitter:label2\" content=\"Szacowany czas czytania\" \/>\n\t<meta name=\"twitter:data2\" content=\"5 minut\" \/>\n<script type=\"application\/ld+json\" class=\"yoast-schema-graph\">{\"@context\":\"https:\/\/schema.org\",\"@graph\":[{\"@type\":\"WebPage\",\"@id\":\"https:\/\/gaudiumetspes-blog.pl\/index.php\/2014\/03\/11\/przywrocic-sowom-wartosc-sens-i-tresc\/\",\"url\":\"https:\/\/gaudiumetspes-blog.pl\/index.php\/2014\/03\/11\/przywrocic-sowom-wartosc-sens-i-tresc\/\",\"name\":\"Przywr\u00f3ci\u0107 s\u0142owom - warto\u015b\u0107, sens i tre\u015b\u0107... - Gaudium Et Spes\",\"isPartOf\":{\"@id\":\"https:\/\/gaudiumetspes-blog.pl\/#website\"},\"datePublished\":\"2014-03-11T04:42:00+00:00\",\"dateModified\":\"2019-07-31T10:54:32+00:00\",\"author\":{\"@id\":\"https:\/\/gaudiumetspes-blog.pl\/#\/schema\/person\/1661982992b752dea8dff0d4ed845a65\"},\"breadcrumb\":{\"@id\":\"https:\/\/gaudiumetspes-blog.pl\/index.php\/2014\/03\/11\/przywrocic-sowom-wartosc-sens-i-tresc\/#breadcrumb\"},\"inLanguage\":\"pl-PL\",\"potentialAction\":[{\"@type\":\"ReadAction\",\"target\":[\"https:\/\/gaudiumetspes-blog.pl\/index.php\/2014\/03\/11\/przywrocic-sowom-wartosc-sens-i-tresc\/\"]}]},{\"@type\":\"BreadcrumbList\",\"@id\":\"https:\/\/gaudiumetspes-blog.pl\/index.php\/2014\/03\/11\/przywrocic-sowom-wartosc-sens-i-tresc\/#breadcrumb\",\"itemListElement\":[{\"@type\":\"ListItem\",\"position\":1,\"name\":\"Strona g\u0142\u00f3wna\",\"item\":\"https:\/\/gaudiumetspes-blog.pl\/\"},{\"@type\":\"ListItem\",\"position\":2,\"name\":\"Przywr\u00f3ci\u0107 s\u0142owom &#8211; warto\u015b\u0107, sens i&nbsp;tre\u015b\u0107&#8230;\"}]},{\"@type\":\"WebSite\",\"@id\":\"https:\/\/gaudiumetspes-blog.pl\/#website\",\"url\":\"https:\/\/gaudiumetspes-blog.pl\/\",\"name\":\"Gaudium Et Spes\",\"description\":\"Blog Ks. Jacka Ja\u015bkowskiego\",\"potentialAction\":[{\"@type\":\"SearchAction\",\"target\":{\"@type\":\"EntryPoint\",\"urlTemplate\":\"https:\/\/gaudiumetspes-blog.pl\/?s={search_term_string}\"},\"query-input\":{\"@type\":\"PropertyValueSpecification\",\"valueRequired\":true,\"valueName\":\"search_term_string\"}}],\"inLanguage\":\"pl-PL\"},{\"@type\":\"Person\",\"@id\":\"https:\/\/gaudiumetspes-blog.pl\/#\/schema\/person\/1661982992b752dea8dff0d4ed845a65\",\"name\":\"Ks. Jacek\",\"image\":{\"@type\":\"ImageObject\",\"inLanguage\":\"pl-PL\",\"@id\":\"https:\/\/gaudiumetspes-blog.pl\/#\/schema\/person\/image\/\",\"url\":\"https:\/\/gaudiumetspes-blog.pl\/wp-content\/uploads\/2019\/07\/avatar-JJ-150x150.jpg\",\"contentUrl\":\"https:\/\/gaudiumetspes-blog.pl\/wp-content\/uploads\/2019\/07\/avatar-JJ-150x150.jpg\",\"caption\":\"Ks. Jacek\"},\"description\":\"Witam serdecznie! K\u0142ania si\u0119 Ks. Jacek Ja\u015bkowski. Nie jestem ani kim\u015b wa\u017cnym, ani kim\u015b znanym. Jestem ksi\u0119dzem, kt\u00f3ry po prostu chce rozmawia\u0107. Codzienna kap\u0142a\u0144ska pos\u0142uga pokazuje mi, \u017ce temat\u00f3w do rozm\u00f3w z ksi\u0119dzem jest coraz wi\u0119cej i dzisiaj \u017caden ksi\u0105dz nie mo\u017ce od nich ucieka\u0107, ale - wprost przeciwnie - podejmowa\u0107 nowe wyzwania. To przekonanie sk\u0142oni\u0142o mnie do pr\u00f3by otwarcia tego\u017c bloga, chocia\u017c okazji do rozm\u00f3w na co dzie\u0144 - w konfesjonale i poza nim - na szcz\u0119\u015bcie nie brakuje. My\u015bl\u0119 jednak, \u017ce ten blog b\u0119dzie jeszcze jednym sposobem i przestrzeni\u0105 nawi\u0105zania kontaktu z lud\u017ami dobrej woli, otwartymi na dialog.\",\"url\":\"https:\/\/gaudiumetspes-blog.pl\/index.php\/author\/ks-jacek\/\"}]}<\/script>\n<!-- \/ Yoast SEO plugin. -->","yoast_head_json":{"title":"Przywr\u00f3ci\u0107 s\u0142owom - warto\u015b\u0107, sens i tre\u015b\u0107... - Gaudium Et Spes","robots":{"index":"index","follow":"follow","max-snippet":"max-snippet:-1","max-image-preview":"max-image-preview:large","max-video-preview":"max-video-preview:-1"},"canonical":"https:\/\/gaudiumetspes-blog.pl\/index.php\/2014\/03\/11\/przywrocic-sowom-wartosc-sens-i-tresc\/","og_locale":"pl_PL","og_type":"article","og_title":"Przywr\u00f3ci\u0107 s\u0142owom - warto\u015b\u0107, sens i tre\u015b\u0107... - Gaudium Et Spes","og_description":"Szcz\u0119\u015b\u0107 Bo\u017ce! Moi Drodzy, we wczorajszych Waszych wpisach odczyta\u0142em zainteresowanie niedzielnym spotkaniem w ramach takiej nowej formu\u0142y, kt\u00f3r\u0105 nie bardzo wiem, jak nazwa\u0107. Mo\u017ce rzeczywi\u015bcie, nie tyle chodzi o katechezy dla doros\u0142ych, bo i m\u0142odzie\u017c w tym uczestniczy, ile o rozmowy o wierze i \u017cyciu chrze\u015bcija\u0144skim &#8211; w szerokiej formule.&nbsp; &nbsp; &nbsp; Oczywi\u015bcie, bardzo ch\u0119tnie [&hellip;]","og_url":"https:\/\/gaudiumetspes-blog.pl\/index.php\/2014\/03\/11\/przywrocic-sowom-wartosc-sens-i-tresc\/","og_site_name":"Gaudium Et Spes","article_published_time":"2014-03-11T04:42:00+00:00","article_modified_time":"2019-07-31T10:54:32+00:00","author":"Ks. Jacek","twitter_card":"summary_large_image","twitter_misc":{"Napisane przez":"Ks. Jacek","Szacowany czas czytania":"5 minut"},"schema":{"@context":"https:\/\/schema.org","@graph":[{"@type":"WebPage","@id":"https:\/\/gaudiumetspes-blog.pl\/index.php\/2014\/03\/11\/przywrocic-sowom-wartosc-sens-i-tresc\/","url":"https:\/\/gaudiumetspes-blog.pl\/index.php\/2014\/03\/11\/przywrocic-sowom-wartosc-sens-i-tresc\/","name":"Przywr\u00f3ci\u0107 s\u0142owom - warto\u015b\u0107, sens i tre\u015b\u0107... - Gaudium Et Spes","isPartOf":{"@id":"https:\/\/gaudiumetspes-blog.pl\/#website"},"datePublished":"2014-03-11T04:42:00+00:00","dateModified":"2019-07-31T10:54:32+00:00","author":{"@id":"https:\/\/gaudiumetspes-blog.pl\/#\/schema\/person\/1661982992b752dea8dff0d4ed845a65"},"breadcrumb":{"@id":"https:\/\/gaudiumetspes-blog.pl\/index.php\/2014\/03\/11\/przywrocic-sowom-wartosc-sens-i-tresc\/#breadcrumb"},"inLanguage":"pl-PL","potentialAction":[{"@type":"ReadAction","target":["https:\/\/gaudiumetspes-blog.pl\/index.php\/2014\/03\/11\/przywrocic-sowom-wartosc-sens-i-tresc\/"]}]},{"@type":"BreadcrumbList","@id":"https:\/\/gaudiumetspes-blog.pl\/index.php\/2014\/03\/11\/przywrocic-sowom-wartosc-sens-i-tresc\/#breadcrumb","itemListElement":[{"@type":"ListItem","position":1,"name":"Strona g\u0142\u00f3wna","item":"https:\/\/gaudiumetspes-blog.pl\/"},{"@type":"ListItem","position":2,"name":"Przywr\u00f3ci\u0107 s\u0142owom &#8211; warto\u015b\u0107, sens i&nbsp;tre\u015b\u0107&#8230;"}]},{"@type":"WebSite","@id":"https:\/\/gaudiumetspes-blog.pl\/#website","url":"https:\/\/gaudiumetspes-blog.pl\/","name":"Gaudium Et Spes","description":"Blog Ks. Jacka Ja\u015bkowskiego","potentialAction":[{"@type":"SearchAction","target":{"@type":"EntryPoint","urlTemplate":"https:\/\/gaudiumetspes-blog.pl\/?s={search_term_string}"},"query-input":{"@type":"PropertyValueSpecification","valueRequired":true,"valueName":"search_term_string"}}],"inLanguage":"pl-PL"},{"@type":"Person","@id":"https:\/\/gaudiumetspes-blog.pl\/#\/schema\/person\/1661982992b752dea8dff0d4ed845a65","name":"Ks. Jacek","image":{"@type":"ImageObject","inLanguage":"pl-PL","@id":"https:\/\/gaudiumetspes-blog.pl\/#\/schema\/person\/image\/","url":"https:\/\/gaudiumetspes-blog.pl\/wp-content\/uploads\/2019\/07\/avatar-JJ-150x150.jpg","contentUrl":"https:\/\/gaudiumetspes-blog.pl\/wp-content\/uploads\/2019\/07\/avatar-JJ-150x150.jpg","caption":"Ks. Jacek"},"description":"Witam serdecznie! K\u0142ania si\u0119 Ks. Jacek Ja\u015bkowski. Nie jestem ani kim\u015b wa\u017cnym, ani kim\u015b znanym. Jestem ksi\u0119dzem, kt\u00f3ry po prostu chce rozmawia\u0107. Codzienna kap\u0142a\u0144ska pos\u0142uga pokazuje mi, \u017ce temat\u00f3w do rozm\u00f3w z ksi\u0119dzem jest coraz wi\u0119cej i dzisiaj \u017caden ksi\u0105dz nie mo\u017ce od nich ucieka\u0107, ale - wprost przeciwnie - podejmowa\u0107 nowe wyzwania. To przekonanie sk\u0142oni\u0142o mnie do pr\u00f3by otwarcia tego\u017c bloga, chocia\u017c okazji do rozm\u00f3w na co dzie\u0144 - w konfesjonale i poza nim - na szcz\u0119\u015bcie nie brakuje. My\u015bl\u0119 jednak, \u017ce ten blog b\u0119dzie jeszcze jednym sposobem i przestrzeni\u0105 nawi\u0105zania kontaktu z lud\u017ami dobrej woli, otwartymi na dialog.","url":"https:\/\/gaudiumetspes-blog.pl\/index.php\/author\/ks-jacek\/"}]}},"jetpack_featured_media_url":"","jetpack_sharing_enabled":true,"_links":{"self":[{"href":"https:\/\/gaudiumetspes-blog.pl\/index.php\/wp-json\/wp\/v2\/posts\/8824","targetHints":{"allow":["GET"]}}],"collection":[{"href":"https:\/\/gaudiumetspes-blog.pl\/index.php\/wp-json\/wp\/v2\/posts"}],"about":[{"href":"https:\/\/gaudiumetspes-blog.pl\/index.php\/wp-json\/wp\/v2\/types\/post"}],"author":[{"embeddable":true,"href":"https:\/\/gaudiumetspes-blog.pl\/index.php\/wp-json\/wp\/v2\/users\/1"}],"replies":[{"embeddable":true,"href":"https:\/\/gaudiumetspes-blog.pl\/index.php\/wp-json\/wp\/v2\/comments?post=8824"}],"version-history":[{"count":1,"href":"https:\/\/gaudiumetspes-blog.pl\/index.php\/wp-json\/wp\/v2\/posts\/8824\/revisions"}],"predecessor-version":[{"id":11480,"href":"https:\/\/gaudiumetspes-blog.pl\/index.php\/wp-json\/wp\/v2\/posts\/8824\/revisions\/11480"}],"wp:attachment":[{"href":"https:\/\/gaudiumetspes-blog.pl\/index.php\/wp-json\/wp\/v2\/media?parent=8824"}],"wp:term":[{"taxonomy":"category","embeddable":true,"href":"https:\/\/gaudiumetspes-blog.pl\/index.php\/wp-json\/wp\/v2\/categories?post=8824"},{"taxonomy":"post_tag","embeddable":true,"href":"https:\/\/gaudiumetspes-blog.pl\/index.php\/wp-json\/wp\/v2\/tags?post=8824"}],"curies":[{"name":"wp","href":"https:\/\/api.w.org\/{rel}","templated":true}]}}