{"id":8828,"date":"2014-03-07T06:36:00","date_gmt":"2014-03-07T05:36:00","guid":{"rendered":"https:\/\/gaudiumetspes-blog.pl\/index.php\/2014\/03\/07\/dostrzec-boga-i-czowieka\/"},"modified":"2019-07-31T12:54:32","modified_gmt":"2019-07-31T10:54:32","slug":"dostrzec-boga-i-czowieka","status":"publish","type":"post","link":"https:\/\/gaudiumetspes-blog.pl\/index.php\/2014\/03\/07\/dostrzec-boga-i-czowieka\/","title":{"rendered":"Dostrzec Boga &#8211; i cz\u0142owieka&#8230;"},"content":{"rendered":"<div align=\"JUSTIFY\" style=\"margin-bottom: 0cm;\">\nSzcz\u0119\u015b\u0107 Bo\u017ce! Moi Drodzy, dzisiaj w liturgii du\u017cy \u0142adunek tre\u015bci &#8211; je\u015bli tak mo\u017cna powiedzie\u0107 &#8211; &#8222;nawr\u00f3ceniowych&#8221;, bo to w ko\u0144cu pi\u0105tek, pi\u0105tek wielkopostny i pierwszy pi\u0105tek miesi\u0105ca. Trzeba to zauwa\u017cy\u0107 i w\u0142\u0105czy\u0107 si\u0119 w dzie\u0142o modlitwy i wyciszenia&#8230; A mo\u017ce trzeba p\u00f3j\u015b\u0107 do Spowiedzi?<\/div>\n<div align=\"JUSTIFY\" style=\"margin-bottom: 0cm;\">\n&nbsp; &nbsp; &nbsp; &nbsp; &nbsp; &nbsp; Gaudium et spes! &nbsp;Ks. Jacek<\/div>\n<div align=\"JUSTIFY\" style=\"margin-bottom: 0cm;\">\n<b><br \/><\/b><\/div>\n<div align=\"JUSTIFY\" style=\"margin-bottom: 0cm;\">\n<b>Pi\u0105tek<br \/>\npo Popielcu,<\/b><\/div>\n<div align=\"JUSTIFY\" style=\"margin-bottom: 0cm;\">\n<b>do<br \/>\nczyta\u0144:  Iz 58,1\u20139;  Mt 9,14\u201315<\/b><\/div>\n<div align=\"JUSTIFY\" style=\"margin-bottom: 0cm;\">\n<\/div>\n<div align=\"JUSTIFY\" style=\"margin-bottom: 0cm; page-break-before: auto;\">\n<b>CZYTANIE<br \/>\nZ KSI\u0118GI PROROKA IZAJASZA: <\/b>\n<\/div>\n<div align=\"JUSTIFY\" style=\"margin-bottom: 0cm; text-indent: 1.24cm;\">\n<b>To<br \/>\nm\u00f3wi Pan B\u00f3g: \u201eKrzycz na ca\u0142e gard\u0142o, nie przestawaj. Podno\u015b<br \/>\ng\u0142os tw\u00f3j jak tr\u0105ba. Wytknij mojemu ludowi jego przest\u0119pstwa i<br \/>\ndomowi Jakuba jego grzechy. Szukaj\u0105 Mnie dzie\u0144 za dniem, pragn\u0105<br \/>\npozna\u0107 moje drogi, jakby nar\u00f3d, kt\u00f3ry kocha sprawiedliwo\u015b\u0107 i nie<br \/>\nopuszcza Prawa swego Boga. Prosz\u0105 Mnie o sprawiedliwe prawa, pragn\u0105<br \/>\nblisko\u015bci Boga: \u00abCzemu po\u015bcili\u015bmy, a Ty nie wejrza\u0142e\u015b?<br \/>\nUmartwiali\u015bmy siebie, a Ty\u015b tego nie uzna\u0142?\u00bb <\/b>\n<\/div>\n<div align=\"JUSTIFY\" style=\"margin-bottom: 0cm; text-indent: 1.24cm;\">\n<b>Ot\u00f3\u017c<br \/>\nw dzie\u0144 waszego postu wy znajdujecie sobie zaj\u0119cie i uciskacie<br \/>\nwszystkich waszych robotnik\u00f3w. Ot\u00f3\u017c po\u015bcicie w\u015br\u00f3d wa\u015bni i<br \/>\nspor\u00f3w, i w\u015br\u00f3d bicia niegodziw\u0105 pi\u0119\u015bci\u0105. Nie po\u015b\u0107cie tak,<br \/>\njak dzi\u015b czynicie, \u017ceby si\u0119 rozlega\u0142 zgie\u0142k wasz na wysoko\u015bci. <\/b>\n<\/div>\n<div align=\"JUSTIFY\" style=\"margin-bottom: 0cm; text-indent: 1.24cm;\">\n<b>Czy\u017c<br \/>\nJa taki post jak ten wybieram sobie w dniu, w kt\u00f3rym si\u0119 cz\u0142owiek<br \/>\numartwia? Czy zwiesi\u0107 g\u0142ow\u0119 jak sitowie i u\u017cy\u0107 wora z popio\u0142em<br \/>\nza pos\u0142anie, czy\u017c to nazwiesz postem i dniem mi\u0142ym dla Pana? <\/b>\n<\/div>\n<div align=\"JUSTIFY\" style=\"margin-bottom: 0cm; text-indent: 1.24cm;\">\n<b>Czy\u017c<br \/>\nnie jest raczej ten post, kt\u00f3ry wybieram: Rozerwa\u0107 kajdany z\u0142a,<br \/>\nrozwi\u0105za\u0107 wi\u0119zy niewoli, wypu\u015bci\u0107 wolno uci\u015bnionych i wszelkie<br \/>\njarzmo po\u0142ama\u0107? Dzieli\u0107 sw\u00f3j chleb z g\u0142odnym, wprowadzi\u0107 w dom<br \/>\nbiednych tu\u0142aczy, nagiego, kt\u00f3rego ujrzysz, przyodzia\u0107 i nie<br \/>\nodwr\u00f3ci\u0107 si\u0119 od wsp\u00f3\u0142ziomk\u00f3w? <\/b>\n<\/div>\n<div align=\"JUSTIFY\" style=\"margin-bottom: 0cm; text-indent: 1.24cm;\">\n<b>Wtedy<br \/>\ntwoje \u015bwiat\u0142o wzejdzie jak zorza i szybko rozkwitnie twe zdrowie.<br \/>\nSprawiedliwo\u015b\u0107 twoja poprzedza\u0107 ci\u0119 b\u0119dzie, chwa\u0142a Pana i\u015b\u0107<br \/>\nb\u0119dzie za tob\u0105. Wtedy zawo\u0142asz, a Pan odpowie, wezwiesz pomocy, a<br \/>\nOn rzecze: \u00abOto jestem\u00bb\u201d.<\/b><\/div>\n<div align=\"JUSTIFY\" style=\"margin-bottom: 0cm;\">\n<\/div>\n<div align=\"JUSTIFY\" style=\"margin-bottom: 0cm;\">\n<b>S\u0141OWA<br \/>\nEWANGELII WED\u0141UG \u015aWI\u0118TEGO MATEUSZA: <\/b>\n<\/div>\n<div align=\"JUSTIFY\" style=\"margin-bottom: 0cm; text-indent: 1.24cm;\">\n<b>Po<br \/>\npowrocie Jezusa z krainy Gadare\u0144czyk\u00f3w podeszli do Niego uczniowie<br \/>\nJana i zapytali: \u201eDlaczego my i faryzeusze du\u017co po\u015bcimy, Twoi za\u015b<br \/>\nuczniowie nie poszcz\u0105?\u201d<\/b><\/div>\n<div align=\"JUSTIFY\" style=\"margin-bottom: 0cm; text-indent: 1.24cm;\">\n<b>Jezus<br \/>\nim rzek\u0142: \u201eCzy go\u015bcie weselni mog\u0105 si\u0119 smuci\u0107, dop\u00f3ki<br \/>\noblubieniec jest z nimi? Lecz przyjdzie czas, kiedy zabior\u0105 im<br \/>\noblubie\u0144ca, a wtedy b\u0119d\u0105 po\u015bci\u0107\u201d.<\/b><\/div>\n<div align=\"JUSTIFY\" style=\"margin-bottom: 0cm;\">\n<\/div>\n<div align=\"JUSTIFY\" style=\"margin-bottom: 0cm; page-break-before: auto; text-indent: 1.24cm;\">\nKolejny,<br \/>\ntrzeci ju\u017c dzie\u0144 Wielkiego Postu, poprzez Liturgi\u0119 S\u0142owa,<br \/>\nwprowadza nas <b>w atmosfer\u0119 i znaczenie tego wyj\u0105tkowego czasu. <\/b>I<br \/>\nw <b>zadania,<\/b> jakie stoj\u0105 przed lud\u017ami, podejmuj\u0105cymi<br \/>\nwielkopostn\u0105 prac\u0119 nad sob\u0105. Co dzisiaj jest nam ukazane jako to<br \/>\nzadanie?<\/div>\n<div align=\"JUSTIFY\" style=\"margin-bottom: 0cm; text-indent: 1.24cm;\">\nMy\u015bl\u0119,<br \/>\n\u017ce jasno wynika to z przeczytanych tekst\u00f3w. Oto w pierwszym<br \/>\nczytaniu B\u00f3g domaga si\u0119 od Proroka, aby upomnia\u0142 \u2013 i to bardzo<br \/>\nostro \u2013 lud za to, \u017ce <b>zachowuje zewn\u0119trzne formy pobo\u017cno\u015bci<br \/>\ni postu, <\/b>pomija natomiast to, co jest jego <b>najwa\u017cniejsz\u0105<br \/>\ntre\u015bci\u0105.<\/b><\/div>\n<div align=\"JUSTIFY\" style=\"margin-bottom: 0cm; text-indent: 1.24cm;\">\nS\u0142yszymy<br \/>\nbowiem takie s\u0142owa samego Boga: <i><b>Ot\u00f3\u017c<br \/>\nw dzie\u0144 waszego postu wy znajdujecie sobie zaj\u0119cie i uciskacie<br \/>\nwszystkich waszych robotnik\u00f3w. Ot\u00f3\u017c po\u015bcicie w\u015br\u00f3d wa\u015bni i<br \/>\nspor\u00f3w, i w\u015br\u00f3d bicia niegodziw\u0105 pi\u0119\u015bci\u0105. Nie po\u015b\u0107cie tak,<br \/>\njak dzi\u015b czynicie, \u017ceby si\u0119 rozlega\u0142 zgie\u0142k wasz na wysoko\u015bci.<br \/>\n<\/b><\/i><i><b>Czy\u017c Ja taki<br \/>\npost jak ten wybieram sobie w dniu, w kt\u00f3rym si\u0119 cz\u0142owiek<br \/>\numartwia? Czy zwiesi\u0107 g\u0142ow\u0119 jak sitowie i u\u017cy\u0107 wora z popio\u0142em<br \/>\nza pos\u0142anie, czy\u017c to nazwiesz postem i dniem mi\u0142ym dla Pana? <\/b><\/i><i><b>Czy\u017c<br \/>\nnie jest raczej ten post, kt\u00f3ry wybieram: Rozerwa\u0107 kajdany z\u0142a,<br \/>\nrozwi\u0105za\u0107 wi\u0119zy niewoli, wypu\u015bci\u0107 wolno uci\u015bnionych i wszelkie<br \/>\njarzmo po\u0142ama\u0107? Dzieli\u0107 sw\u00f3j chleb z g\u0142odnym, wprowadzi\u0107 w dom<br \/>\nbiednych tu\u0142aczy, nagiego, kt\u00f3rego ujrzysz, przyodzia\u0107 i nie<br \/>\nodwr\u00f3ci\u0107 si\u0119 od wsp\u00f3\u0142ziomk\u00f3w? <\/b><\/i>\n<\/div>\n<div align=\"JUSTIFY\" style=\"margin-bottom: 0cm; text-indent: 1.24cm;\">\nA<br \/>\nz kolei w Ewangelii s\u0142yszymy odpowied\u017a, jakiej Jezus udzieli\u0142 na<br \/>\npytanie uczni\u00f3w Jana, dlaczego to oni i faryzeusze du\u017co poszcz\u0105, a<br \/>\nuczniowie Jezusa nie poszcz\u0105? Odpowied\u017a ta daje do my\u015blenia: <i><b>Czy<br \/>\ngo\u015bcie weselni mog\u0105 si\u0119 smuci\u0107, dop\u00f3ki oblubieniec jest z nimi?<br \/>\nLecz przyjdzie czas, kiedy zabior\u0105 im oblubie\u0144ca, a wtedy b\u0119d\u0105<br \/>\npo\u015bci\u0107.<\/b><\/i><b><br \/>\n<\/b>\n<\/div>\n<div align=\"JUSTIFY\" style=\"margin-bottom: 0cm; text-indent: 1.24cm;\">\nOt\u00f3\u017c<br \/>\nw\u0142a\u015bnie, post jest niepotrzebny, kiedy oblubieniec \u2013 <b>Jezus,<br \/>\nZbawiciel, B\u00f3g Cz\u0142owiek \u2013 jest w\u015br\u00f3d ludzi,<\/b><br \/>\njest widzialnie obecny. Kiedy jednak zako\u0144czy si\u0119 Jego widzialna<br \/>\nobecno\u015b\u0107, wtedy b\u0119dzie potrzebny post po to, aby <b>wyczuli\u0107<br \/>\nserca na t\u0119 niewidzialn\u0105, ale r\u00f3wnie realn\u0105, obecno\u015b\u0107 Pana.<\/b><br \/>\nZ tego zatem jasno wynika, \u017ce zadaniem postu \u2013 tak\u017ce tego naszego<br \/>\nWielkiego Postu \u2013 jakie stawia przed nami dzisiejsza Liturgia<br \/>\nS\u0142owa, jest <b>wyczulenie<br \/>\nwzroku i serca na Boga i na drugiego cz\u0142owieka.<\/b><\/p>\n<\/div>\n<div align=\"JUSTIFY\" style=\"margin-bottom: 0cm; text-indent: 1.24cm;\">\nOto<br \/>\nbowiem<br \/>\nokazuje<br \/>\nsi\u0119, \u017ce nawet najsurowsze praktyki pokutne, skrupulatnie i<br \/>\nsystematycznie spe\u0142niane, <b>na<br \/>\nnic si\u0119 zdadz\u0105,<\/b><br \/>\nje\u017celi nie<br \/>\ndoprowadz\u0105 do <b>zmiany<br \/>\nnastawienia cz\u0142owieka do drugiego cz\u0142owieka, a wcze\u015bniej jeszcze<br \/>\ndo Boga.<\/b><br \/>\nM\u00f3wi\u0105c jeszcze inaczej: ja po to odmawiam sobie pewnych rzeczy,<br \/>\npewnych przyjemno\u015bci i udogodnie\u0144, a tak\u017ce po to nak\u0142adam na<br \/>\nsiebie takie czy inne umartwienia, aby <b>oderwa\u0107<br \/>\nwzrok i serce od tych w\u0142a\u015bnie rozmaitych ulotnych warto\u015bci, wyg\u00f3d<br \/>\ni udogodnie\u0144,<\/b><br \/>\ntak\u017ce \u2013 aby oderwa\u0107 wzrok i serce <b>od<br \/>\nsamego siebie i swojego egoizmu,<\/b><br \/>\na dostrzec, \u017ce obok mnie <b>jest<br \/>\ndrugi cz\u0142owiek. I jest B\u00f3g. <\/b>\n<\/div>\n<div align=\"JUSTIFY\" style=\"margin-bottom: 0cm; text-indent: 1.24cm;\">\nDlatego<br \/>\nzamiast postanowienia, \u017ce w Wielkim Po\u015bcie nie b\u0119d\u0119 je\u015b\u0107<br \/>\ncukierk\u00f3w \u2013 mo\u017ce lepiej postanowi\u0107 sobie, \u017ce <b>nie<br \/>\nb\u0119d\u0119 plotkowa\u0107 i innych obmawia\u0107. <\/b>A<br \/>\nzamiast postanowienia, \u017ce w<br \/>\nWielkim<br \/>\nPo\u015bcie nie b\u0119d\u0119 je\u015b\u0107 kolacji \u2013 mo\u017ce lepiej postanowi\u0107 sobie,<br \/>\n\u017ce <b>nie<br \/>\nb\u0119d\u0119 na ka\u017cdym kroku podkre\u015bla\u0107 swego zdania i narzuca\u0107 go<br \/>\ninnym jako najwa\u017cniejszego i najm\u0105drzejszego. <\/b>A<br \/>\nzamiast postanowienia, \u017ce w Wielkim Po\u015bcie nie b\u0119d\u0119 je\u015b\u0107 mi\u0119sa,<br \/>\nalbo jeszcze czego\u015b innego \u2013 mo\u017ce lepiej postanowi\u0107 sobie, \u017ce<br \/>\n<b>zaczn\u0119<br \/>\nsi\u0119 codziennie modli\u0107 i czyta\u0107 Pismo \u015awi\u0119te.<\/b><\/p>\n<\/div>\n<div align=\"JUSTIFY\" style=\"margin-bottom: 0cm; text-indent: 1.24cm;\">\nI<br \/>\ntak jeszcze d\u0142ugo mogliby\u015bmy wymienia\u0107 mo\u017cliwe postanowienia,<br \/>\nkt\u00f3re zwykli\u015bmy podejmowa\u0107, a kt\u00f3re <b>nie<br \/>\nzawsze s\u0142u\u017c\u0105 temu zasadniczemu celowi,<\/b><br \/>\njaki dzisiaj ukazuje nam Pan w swoim S\u0142owie. Mo\u017ce si\u0119 bowiem<br \/>\nokaza\u0107, \u017ce podejmuj\u0105c owe<br \/>\nwielkopostne<br \/>\npostanowienia, b\u0119dziemy <b>bardziej<br \/>\nskoncentrowani na sobie, ni\u017c na Bogu czy drugim cz\u0142owieku.<\/b><br \/>\nMo\u017ce si\u0119 okaza\u0107, \u017ce po to w Wielkim Po\u015bcie odmawiam sobie<br \/>\nkolacji, \u017ceby\u2026 <b>schudn\u0105\u0107<br \/>\ni zadba\u0107 o tak zwan\u0105 lini\u0119.<\/b><br \/>\nAlbo po to odmawiam sobie cukierk\u00f3w, \u017ceby poprawi\u0107 swoj\u0105<br \/>\nsprawno\u015b\u0107 sportow\u0105.\n<\/div>\n<div align=\"JUSTIFY\" style=\"margin-bottom: 0cm; text-indent: 1.24cm;\">\nNaprawd\u0119,<br \/>\n<b>nie<br \/>\no to chodzi w Wielkim Po\u015bcie, <\/b>chocia\u017c<br \/>\nsama dba\u0142o\u015b\u0107 o lini\u0119 nie jest niczym z\u0142ym. Jednak Wielki Post<br \/>\njest po to, aby\u015bmy w jego trakcie \u2013 poprzez realizacj\u0119 osobistych<br \/>\npostanowie\u0144 \u2013 <b>bardziej<br \/>\ndostrzegli Boga: <\/b>\u017ce<br \/>\nOn w og\u00f3le jest w naszym \u017cyciu, \u017ce co\u015b m\u00f3wi, czego\u015b oczekuje,<br \/>\nprzed czym\u015b przestrzega, czego\u015b zabrania, co\u015b podpowiada; a tak\u017ce<br \/>\n<b>bardziej<br \/>\ndostrzegli drugiego cz\u0142owieka:<\/b><br \/>\n\u017ce i on jest blisko nas, \u017ce ma swoje \u017cycie, jakie\u015b swoje<br \/>\npotrzeby; \u017ce chce nam co\u015b powiedzie\u0107, \u017ce czego\u015b od nas oczekuje,<br \/>\n\u017ce<br \/>\nma swoj\u0105 prywatno\u015b\u0107 i wolno\u015b\u0107\u2026<\/div>\n<div align=\"JUSTIFY\" style=\"margin-bottom: 0cm; text-indent: 1.24cm;\">\nC\u00f3\u017c<br \/>\nbowiem za korzy\u015b\u0107 wyniknie z najsurowszych nawet wielkopostnych<br \/>\numartwie\u0144 \u2013 \u017ceby nie powiedzie\u0107: tortur \u2013 je\u017celi ludzie jak<br \/>\nnie mogli ze mn\u0105 wytrzyma\u0107, <b>tak<br \/>\ndalej nie b\u0119d\u0105 mogli,<\/b><br \/>\na i <b>B\u00f3g<br \/>\ntak\u017ce nie b\u0119dzie si\u0119 liczy\u0142, <\/b>jak<br \/>\nsi\u0119 do tej pory nie liczy\u0142. Dobry Wielki Post to taki, kt\u00f3ry <b>w<br \/>\ncentrum<\/b><br \/>\nmojego \u017cycia i mojego osobistego zainteresowania postawi <b>Boga<br \/>\ni sprawy drugiego cz\u0142owieka, a nie moje w\u0142asne.&nbsp;<\/b>\n<\/div>\n","protected":false},"excerpt":{"rendered":"<p>Szcz\u0119\u015b\u0107 Bo\u017ce! Moi Drodzy, dzisiaj w liturgii du\u017cy \u0142adunek tre\u015bci &#8211; je\u015bli tak mo\u017cna powiedzie\u0107 &#8211; &#8222;nawr\u00f3ceniowych&#8221;, bo to w ko\u0144cu pi\u0105tek, pi\u0105tek wielkopostny i pierwszy pi\u0105tek miesi\u0105ca. Trzeba to zauwa\u017cy\u0107 i w\u0142\u0105czy\u0107 si\u0119 w dzie\u0142o modlitwy i wyciszenia&#8230; A mo\u017ce trzeba p\u00f3j\u015b\u0107 do Spowiedzi? &nbsp; &nbsp; &nbsp; &nbsp; &nbsp; &nbsp; Gaudium et spes! &nbsp;Ks. [&hellip;]<\/p>\n","protected":false},"author":1,"featured_media":0,"comment_status":"open","ping_status":"open","sticky":false,"template":"","format":"standard","meta":{"jetpack_post_was_ever_published":false,"_jetpack_newsletter_access":"","_jetpack_dont_email_post_to_subs":false,"_jetpack_newsletter_tier_id":0,"_jetpack_memberships_contains_paywalled_content":false,"_jetpack_memberships_contains_paid_content":false,"footnotes":""},"categories":[1],"tags":[],"class_list":["post-8828","post","type-post","status-publish","format-standard","hentry","category-bez-kategorii"],"yoast_head":"<!-- This site is optimized with the Yoast SEO plugin v25.1 - https:\/\/yoast.com\/wordpress\/plugins\/seo\/ -->\n<title>Dostrzec Boga - i cz\u0142owieka... - Gaudium Et Spes<\/title>\n<meta name=\"robots\" content=\"index, follow, max-snippet:-1, max-image-preview:large, max-video-preview:-1\" \/>\n<link rel=\"canonical\" href=\"https:\/\/gaudiumetspes-blog.pl\/index.php\/2014\/03\/07\/dostrzec-boga-i-czowieka\/\" \/>\n<meta property=\"og:locale\" content=\"pl_PL\" \/>\n<meta property=\"og:type\" content=\"article\" \/>\n<meta property=\"og:title\" content=\"Dostrzec Boga - i cz\u0142owieka... - Gaudium Et Spes\" \/>\n<meta property=\"og:description\" content=\"Szcz\u0119\u015b\u0107 Bo\u017ce! Moi Drodzy, dzisiaj w liturgii du\u017cy \u0142adunek tre\u015bci &#8211; je\u015bli tak mo\u017cna powiedzie\u0107 &#8211; &#8222;nawr\u00f3ceniowych&#8221;, bo to w ko\u0144cu pi\u0105tek, pi\u0105tek wielkopostny i pierwszy pi\u0105tek miesi\u0105ca. Trzeba to zauwa\u017cy\u0107 i w\u0142\u0105czy\u0107 si\u0119 w dzie\u0142o modlitwy i wyciszenia&#8230; A mo\u017ce trzeba p\u00f3j\u015b\u0107 do Spowiedzi? &nbsp; &nbsp; &nbsp; &nbsp; &nbsp; &nbsp; Gaudium et spes! &nbsp;Ks. [&hellip;]\" \/>\n<meta property=\"og:url\" content=\"https:\/\/gaudiumetspes-blog.pl\/index.php\/2014\/03\/07\/dostrzec-boga-i-czowieka\/\" \/>\n<meta property=\"og:site_name\" content=\"Gaudium Et Spes\" \/>\n<meta property=\"article:published_time\" content=\"2014-03-07T05:36:00+00:00\" \/>\n<meta property=\"article:modified_time\" content=\"2019-07-31T10:54:32+00:00\" \/>\n<meta name=\"author\" content=\"Ks. Jacek\" \/>\n<meta name=\"twitter:card\" content=\"summary_large_image\" \/>\n<meta name=\"twitter:label1\" content=\"Napisane przez\" \/>\n\t<meta name=\"twitter:data1\" content=\"Ks. Jacek\" \/>\n\t<meta name=\"twitter:label2\" content=\"Szacowany czas czytania\" \/>\n\t<meta name=\"twitter:data2\" content=\"6 minut\" \/>\n<script type=\"application\/ld+json\" class=\"yoast-schema-graph\">{\"@context\":\"https:\/\/schema.org\",\"@graph\":[{\"@type\":\"WebPage\",\"@id\":\"https:\/\/gaudiumetspes-blog.pl\/index.php\/2014\/03\/07\/dostrzec-boga-i-czowieka\/\",\"url\":\"https:\/\/gaudiumetspes-blog.pl\/index.php\/2014\/03\/07\/dostrzec-boga-i-czowieka\/\",\"name\":\"Dostrzec Boga - i cz\u0142owieka... - Gaudium Et Spes\",\"isPartOf\":{\"@id\":\"https:\/\/gaudiumetspes-blog.pl\/#website\"},\"datePublished\":\"2014-03-07T05:36:00+00:00\",\"dateModified\":\"2019-07-31T10:54:32+00:00\",\"author\":{\"@id\":\"https:\/\/gaudiumetspes-blog.pl\/#\/schema\/person\/1661982992b752dea8dff0d4ed845a65\"},\"breadcrumb\":{\"@id\":\"https:\/\/gaudiumetspes-blog.pl\/index.php\/2014\/03\/07\/dostrzec-boga-i-czowieka\/#breadcrumb\"},\"inLanguage\":\"pl-PL\",\"potentialAction\":[{\"@type\":\"ReadAction\",\"target\":[\"https:\/\/gaudiumetspes-blog.pl\/index.php\/2014\/03\/07\/dostrzec-boga-i-czowieka\/\"]}]},{\"@type\":\"BreadcrumbList\",\"@id\":\"https:\/\/gaudiumetspes-blog.pl\/index.php\/2014\/03\/07\/dostrzec-boga-i-czowieka\/#breadcrumb\",\"itemListElement\":[{\"@type\":\"ListItem\",\"position\":1,\"name\":\"Strona g\u0142\u00f3wna\",\"item\":\"https:\/\/gaudiumetspes-blog.pl\/\"},{\"@type\":\"ListItem\",\"position\":2,\"name\":\"Dostrzec Boga &#8211; i&nbsp;cz\u0142owieka&#8230;\"}]},{\"@type\":\"WebSite\",\"@id\":\"https:\/\/gaudiumetspes-blog.pl\/#website\",\"url\":\"https:\/\/gaudiumetspes-blog.pl\/\",\"name\":\"Gaudium Et Spes\",\"description\":\"Blog Ks. Jacka Ja\u015bkowskiego\",\"potentialAction\":[{\"@type\":\"SearchAction\",\"target\":{\"@type\":\"EntryPoint\",\"urlTemplate\":\"https:\/\/gaudiumetspes-blog.pl\/?s={search_term_string}\"},\"query-input\":{\"@type\":\"PropertyValueSpecification\",\"valueRequired\":true,\"valueName\":\"search_term_string\"}}],\"inLanguage\":\"pl-PL\"},{\"@type\":\"Person\",\"@id\":\"https:\/\/gaudiumetspes-blog.pl\/#\/schema\/person\/1661982992b752dea8dff0d4ed845a65\",\"name\":\"Ks. Jacek\",\"image\":{\"@type\":\"ImageObject\",\"inLanguage\":\"pl-PL\",\"@id\":\"https:\/\/gaudiumetspes-blog.pl\/#\/schema\/person\/image\/\",\"url\":\"https:\/\/gaudiumetspes-blog.pl\/wp-content\/uploads\/2019\/07\/avatar-JJ-150x150.jpg\",\"contentUrl\":\"https:\/\/gaudiumetspes-blog.pl\/wp-content\/uploads\/2019\/07\/avatar-JJ-150x150.jpg\",\"caption\":\"Ks. Jacek\"},\"description\":\"Witam serdecznie! K\u0142ania si\u0119 Ks. Jacek Ja\u015bkowski. Nie jestem ani kim\u015b wa\u017cnym, ani kim\u015b znanym. Jestem ksi\u0119dzem, kt\u00f3ry po prostu chce rozmawia\u0107. Codzienna kap\u0142a\u0144ska pos\u0142uga pokazuje mi, \u017ce temat\u00f3w do rozm\u00f3w z ksi\u0119dzem jest coraz wi\u0119cej i dzisiaj \u017caden ksi\u0105dz nie mo\u017ce od nich ucieka\u0107, ale - wprost przeciwnie - podejmowa\u0107 nowe wyzwania. To przekonanie sk\u0142oni\u0142o mnie do pr\u00f3by otwarcia tego\u017c bloga, chocia\u017c okazji do rozm\u00f3w na co dzie\u0144 - w konfesjonale i poza nim - na szcz\u0119\u015bcie nie brakuje. My\u015bl\u0119 jednak, \u017ce ten blog b\u0119dzie jeszcze jednym sposobem i przestrzeni\u0105 nawi\u0105zania kontaktu z lud\u017ami dobrej woli, otwartymi na dialog.\",\"url\":\"https:\/\/gaudiumetspes-blog.pl\/index.php\/author\/ks-jacek\/\"}]}<\/script>\n<!-- \/ Yoast SEO plugin. -->","yoast_head_json":{"title":"Dostrzec Boga - i cz\u0142owieka... - Gaudium Et Spes","robots":{"index":"index","follow":"follow","max-snippet":"max-snippet:-1","max-image-preview":"max-image-preview:large","max-video-preview":"max-video-preview:-1"},"canonical":"https:\/\/gaudiumetspes-blog.pl\/index.php\/2014\/03\/07\/dostrzec-boga-i-czowieka\/","og_locale":"pl_PL","og_type":"article","og_title":"Dostrzec Boga - i cz\u0142owieka... - Gaudium Et Spes","og_description":"Szcz\u0119\u015b\u0107 Bo\u017ce! Moi Drodzy, dzisiaj w liturgii du\u017cy \u0142adunek tre\u015bci &#8211; je\u015bli tak mo\u017cna powiedzie\u0107 &#8211; &#8222;nawr\u00f3ceniowych&#8221;, bo to w ko\u0144cu pi\u0105tek, pi\u0105tek wielkopostny i pierwszy pi\u0105tek miesi\u0105ca. Trzeba to zauwa\u017cy\u0107 i w\u0142\u0105czy\u0107 si\u0119 w dzie\u0142o modlitwy i wyciszenia&#8230; A mo\u017ce trzeba p\u00f3j\u015b\u0107 do Spowiedzi? &nbsp; &nbsp; &nbsp; &nbsp; &nbsp; &nbsp; Gaudium et spes! &nbsp;Ks. [&hellip;]","og_url":"https:\/\/gaudiumetspes-blog.pl\/index.php\/2014\/03\/07\/dostrzec-boga-i-czowieka\/","og_site_name":"Gaudium Et Spes","article_published_time":"2014-03-07T05:36:00+00:00","article_modified_time":"2019-07-31T10:54:32+00:00","author":"Ks. Jacek","twitter_card":"summary_large_image","twitter_misc":{"Napisane przez":"Ks. Jacek","Szacowany czas czytania":"6 minut"},"schema":{"@context":"https:\/\/schema.org","@graph":[{"@type":"WebPage","@id":"https:\/\/gaudiumetspes-blog.pl\/index.php\/2014\/03\/07\/dostrzec-boga-i-czowieka\/","url":"https:\/\/gaudiumetspes-blog.pl\/index.php\/2014\/03\/07\/dostrzec-boga-i-czowieka\/","name":"Dostrzec Boga - i cz\u0142owieka... - Gaudium Et Spes","isPartOf":{"@id":"https:\/\/gaudiumetspes-blog.pl\/#website"},"datePublished":"2014-03-07T05:36:00+00:00","dateModified":"2019-07-31T10:54:32+00:00","author":{"@id":"https:\/\/gaudiumetspes-blog.pl\/#\/schema\/person\/1661982992b752dea8dff0d4ed845a65"},"breadcrumb":{"@id":"https:\/\/gaudiumetspes-blog.pl\/index.php\/2014\/03\/07\/dostrzec-boga-i-czowieka\/#breadcrumb"},"inLanguage":"pl-PL","potentialAction":[{"@type":"ReadAction","target":["https:\/\/gaudiumetspes-blog.pl\/index.php\/2014\/03\/07\/dostrzec-boga-i-czowieka\/"]}]},{"@type":"BreadcrumbList","@id":"https:\/\/gaudiumetspes-blog.pl\/index.php\/2014\/03\/07\/dostrzec-boga-i-czowieka\/#breadcrumb","itemListElement":[{"@type":"ListItem","position":1,"name":"Strona g\u0142\u00f3wna","item":"https:\/\/gaudiumetspes-blog.pl\/"},{"@type":"ListItem","position":2,"name":"Dostrzec Boga &#8211; i&nbsp;cz\u0142owieka&#8230;"}]},{"@type":"WebSite","@id":"https:\/\/gaudiumetspes-blog.pl\/#website","url":"https:\/\/gaudiumetspes-blog.pl\/","name":"Gaudium Et Spes","description":"Blog Ks. Jacka Ja\u015bkowskiego","potentialAction":[{"@type":"SearchAction","target":{"@type":"EntryPoint","urlTemplate":"https:\/\/gaudiumetspes-blog.pl\/?s={search_term_string}"},"query-input":{"@type":"PropertyValueSpecification","valueRequired":true,"valueName":"search_term_string"}}],"inLanguage":"pl-PL"},{"@type":"Person","@id":"https:\/\/gaudiumetspes-blog.pl\/#\/schema\/person\/1661982992b752dea8dff0d4ed845a65","name":"Ks. Jacek","image":{"@type":"ImageObject","inLanguage":"pl-PL","@id":"https:\/\/gaudiumetspes-blog.pl\/#\/schema\/person\/image\/","url":"https:\/\/gaudiumetspes-blog.pl\/wp-content\/uploads\/2019\/07\/avatar-JJ-150x150.jpg","contentUrl":"https:\/\/gaudiumetspes-blog.pl\/wp-content\/uploads\/2019\/07\/avatar-JJ-150x150.jpg","caption":"Ks. Jacek"},"description":"Witam serdecznie! K\u0142ania si\u0119 Ks. Jacek Ja\u015bkowski. Nie jestem ani kim\u015b wa\u017cnym, ani kim\u015b znanym. Jestem ksi\u0119dzem, kt\u00f3ry po prostu chce rozmawia\u0107. Codzienna kap\u0142a\u0144ska pos\u0142uga pokazuje mi, \u017ce temat\u00f3w do rozm\u00f3w z ksi\u0119dzem jest coraz wi\u0119cej i dzisiaj \u017caden ksi\u0105dz nie mo\u017ce od nich ucieka\u0107, ale - wprost przeciwnie - podejmowa\u0107 nowe wyzwania. To przekonanie sk\u0142oni\u0142o mnie do pr\u00f3by otwarcia tego\u017c bloga, chocia\u017c okazji do rozm\u00f3w na co dzie\u0144 - w konfesjonale i poza nim - na szcz\u0119\u015bcie nie brakuje. My\u015bl\u0119 jednak, \u017ce ten blog b\u0119dzie jeszcze jednym sposobem i przestrzeni\u0105 nawi\u0105zania kontaktu z lud\u017ami dobrej woli, otwartymi na dialog.","url":"https:\/\/gaudiumetspes-blog.pl\/index.php\/author\/ks-jacek\/"}]}},"jetpack_featured_media_url":"","jetpack_sharing_enabled":true,"_links":{"self":[{"href":"https:\/\/gaudiumetspes-blog.pl\/index.php\/wp-json\/wp\/v2\/posts\/8828","targetHints":{"allow":["GET"]}}],"collection":[{"href":"https:\/\/gaudiumetspes-blog.pl\/index.php\/wp-json\/wp\/v2\/posts"}],"about":[{"href":"https:\/\/gaudiumetspes-blog.pl\/index.php\/wp-json\/wp\/v2\/types\/post"}],"author":[{"embeddable":true,"href":"https:\/\/gaudiumetspes-blog.pl\/index.php\/wp-json\/wp\/v2\/users\/1"}],"replies":[{"embeddable":true,"href":"https:\/\/gaudiumetspes-blog.pl\/index.php\/wp-json\/wp\/v2\/comments?post=8828"}],"version-history":[{"count":1,"href":"https:\/\/gaudiumetspes-blog.pl\/index.php\/wp-json\/wp\/v2\/posts\/8828\/revisions"}],"predecessor-version":[{"id":11476,"href":"https:\/\/gaudiumetspes-blog.pl\/index.php\/wp-json\/wp\/v2\/posts\/8828\/revisions\/11476"}],"wp:attachment":[{"href":"https:\/\/gaudiumetspes-blog.pl\/index.php\/wp-json\/wp\/v2\/media?parent=8828"}],"wp:term":[{"taxonomy":"category","embeddable":true,"href":"https:\/\/gaudiumetspes-blog.pl\/index.php\/wp-json\/wp\/v2\/categories?post=8828"},{"taxonomy":"post_tag","embeddable":true,"href":"https:\/\/gaudiumetspes-blog.pl\/index.php\/wp-json\/wp\/v2\/tags?post=8828"}],"curies":[{"name":"wp","href":"https:\/\/api.w.org\/{rel}","templated":true}]}}