{"id":8830,"date":"2014-03-05T04:30:00","date_gmt":"2014-03-05T03:30:00","guid":{"rendered":"https:\/\/gaudiumetspes-blog.pl\/index.php\/2014\/03\/05\/nie-zamieniajmy-sie-z-bogiem-miejscami\/"},"modified":"2019-07-31T12:54:32","modified_gmt":"2019-07-31T10:54:32","slug":"nie-zamieniajmy-sie-z-bogiem-miejscami","status":"publish","type":"post","link":"https:\/\/gaudiumetspes-blog.pl\/index.php\/2014\/03\/05\/nie-zamieniajmy-sie-z-bogiem-miejscami\/","title":{"rendered":"Nie zamieniajmy si\u0119 z Bogiem miejscami!"},"content":{"rendered":"<div align=\"JUSTIFY\" style=\"margin-bottom: 0cm;\">\nNiech b\u0119dzie pochwalony Jezus Chrystus! Kochani, rozpoczynamy Wielki Post! Refleksje, jakie rodz\u0105 si\u0119 w moim sercu w tym dniu, zawar\u0142em w rozwa\u017caniu. \u017bycz\u0119 natomiast Wam &#8211; i sobie &#8211; \u017ceby\u015bmy tego czasu nie zmarnowali.&nbsp;<\/div>\n<div align=\"JUSTIFY\" style=\"margin-bottom: 0cm;\">\n&nbsp; &nbsp;Moi Drodzy, nie chc\u0119 Wam namiesza\u0107 w g\u0142owach mnogo\u015bci\u0105 r\u00f3\u017cnych inicjatyw modlitewnych, bo przecie\u017c tu na blogu \u0142\u0105czymy si\u0119 codziennie o 20.00 i mamy tak\u017ce Wielk\u0105 Ksi\u0119g\u0119 Intencji, a co jaki\u015b czas r\u00f3wnie\u017c w Waszych komentarzach pojawiaj\u0105 si\u0119 propozycje r\u00f3\u017cnych modlitw. I bardzo dobrze, \u017ce tak jest!<\/div>\n<div align=\"JUSTIFY\" style=\"margin-bottom: 0cm;\">\n&nbsp; &nbsp;Natomiast ja w Adwencie z moimi Dzieciakami na katechezie &#8211; szczeg\u00f3lnie w czasie Rorat, odznaczaj\u0105cych si\u0119 u nas wyj\u0105tkowo s\u0142ab\u0105 frekwencj\u0105 &#8211; promowa\u0142em wsp\u00f3ln\u0105 modlitw\u0119 w intencji Adwentu. Zach\u0119ca\u0142em do niej tak\u017ce ca\u0142\u0105 Parafi\u0119 przy okazji niedzielnych og\u0142osze\u0144. A chodzi tak konkretnie o &#8222;Zdrowa\u015b Maryjo&#8221; o godz. 19.00. Teraz by\u0142aby to modlitwa o dobry Wielki Post: o porz\u0105dn\u0105 Spowied\u017a, o ch\u0119tny udzia\u0142 wszystkich wierz\u0105cych w nabo\u017ce\u0144stwach wielkopostnych, o podj\u0119cie i wytrwa\u0142\u0105 realizacj\u0119 wielkopostnych postanowie\u0144&#8230; Ju\u017c wczoraj rozmawiali\u015bmy o tym na lekcjach religii&#8230;<\/div>\n<div align=\"JUSTIFY\" style=\"margin-bottom: 0cm;\">\n&nbsp; &nbsp; Je\u017celi kto\u015b z Was nie czuje przesytu tych r\u00f3\u017cnych propozycji modlitewnych i ma ochot\u0119 si\u0119 w to dzie\u0142o w\u0142\u0105czy\u0107 przez ca\u0142y Wielki Post &#8211; to zapraszam!<\/div>\n<div align=\"JUSTIFY\" style=\"margin-bottom: 0cm;\">\n&nbsp; &nbsp;A na g\u0142\u0119bokie prze\u017cywanie dzisiejszego dnia oraz na owocne prze\u017cywanie czasu \u0142aski i zbawienia<b style=\"font-family: 'Book Antiqua', serif; font-size: x-large;\"> &#8211; niech Was b\u0142ogos\u0142awi B\u00f3g Wszechmog\u0105cy: Ojciec + i Syn, i Duch \u015awi\u0119ty. Amen<\/b><\/div>\n<div align=\"JUSTIFY\" style=\"margin-bottom: 0cm;\">\n<b style=\"font-family: 'Book Antiqua', serif; font-size: x-large;\">&nbsp; &nbsp; &nbsp; &nbsp; &nbsp; &nbsp; &nbsp;<\/b> Gaudium et spes! &nbsp;Ks. Jacek<\/div>\n<div align=\"JUSTIFY\" style=\"margin-bottom: 0cm;\">\n<b style=\"font-family: 'Book Antiqua', serif; font-size: x-large;\"><br \/><\/b><\/div>\n<div align=\"JUSTIFY\" style=\"margin-bottom: 0cm;\">\n<b style=\"font-family: 'Book Antiqua', serif; font-size: x-large;\">\u015aroda<br \/>\nPopielcowa,<\/b><\/div>\n<div align=\"JUSTIFY\" style=\"margin-bottom: 0cm;\">\n<b>do<br \/>\nczyta\u0144:  Jl 2,12\u201318;  2 Kor 5,20\u20136,3;  Mt 6,1\u20136.16\u201318<\/b><\/div>\n<div align=\"JUSTIFY\" style=\"margin-bottom: 0cm;\">\n<\/div>\n<div align=\"JUSTIFY\" style=\"margin-bottom: 0cm; page-break-before: auto;\">\n<b>CZYTANIE<br \/>\nZ KSI\u0118GI PROROKA JOELA: <\/b>\n<\/div>\n<div align=\"JUSTIFY\" style=\"margin-bottom: 0cm; text-indent: 1.24cm;\">\n<b>Tak<br \/>\nm\u00f3wi Pan: \u201eNawr\u00f3\u0107cie si\u0119 do Mnie ca\u0142ym swym sercem, przez post<br \/>\ni p\u0142acz, i lament. Rozdzierajcie jednak wasze serca, a nie szaty!<br \/>\nNawr\u00f3\u0107cie si\u0119 do Pana, Boga waszego! On bowiem jest \u0142askawy,<br \/>\nmi\u0142osierny, nieskory do gniewu i wielki w \u0142askawo\u015bci, a lituje si\u0119<br \/>\nna widok niedoli. Kt\u00f3\u017c wie, czy si\u0119 nie zastanowi, czy si\u0119 nie<br \/>\nzlituje i pozostawi po sobie b\u0142ogos\u0142awie\u0144stwo plon\u00f3w na ofiar\u0119 z<br \/>\npokarm\u00f3w i ofiar\u0119 p\u0142ynn\u0105 dla Pana, Boga waszego. <\/b>\n<\/div>\n<div align=\"JUSTIFY\" style=\"margin-bottom: 0cm; text-indent: 1.24cm;\">\n<b>Dmijcie<br \/>\nw r\u00f3g na Syjonie, zarz\u0105d\u017acie \u015bwi\u0119ty post, og\u0142o\u015bcie<br \/>\nzgromadzenie. Zbierzcie lud, zwo\u0142ajcie \u015bwi\u0119t\u0105 spo\u0142eczno\u015b\u0107,<br \/>\nzgromad\u017acie starc\u00f3w, zbierzcie dzieci i ss\u0105cych piersi; niech<br \/>\nwyjdzie oblubieniec ze swojej komnaty, a oblubienica ze swego pokoju.<br \/>\n<\/b>\n<\/div>\n<div align=\"JUSTIFY\" style=\"margin-bottom: 0cm; text-indent: 1.24cm;\">\n<b>Mi\u0119dzy<br \/>\nprzedsionkiem a o\u0142tarzem niechaj p\u0142acz\u0105 kap\u0142ani, s\u0142udzy Pana!<br \/>\nNiech m\u00f3wi\u0105: \u00abPrzepu\u015b\u0107,<br \/>\nPanie, ludowi Twojemu i nie daj dziedzictwa swego na poha\u0144bienie,<br \/>\naby poganie nie zapanowali nad nami. Czemu\u017c m\u00f3wi\u0107 maj\u0105 mi\u0119dzy<br \/>\nnarodami: Gdzie\u017c jest ich B\u00f3g?\u00bb\u201d<br \/>\n<\/b>\n<\/div>\n<div align=\"JUSTIFY\" style=\"margin-bottom: 0cm; text-indent: 1.24cm;\">\n<b>Pan<br \/>\nzapali\u0142 si\u0119 zazdrosn\u0105 mi\u0142o\u015bci\u0105 ku swojej ziemi, i zmi\u0142owa\u0142<br \/>\nsi\u0119 nad swoim ludem.<\/b><\/div>\n<div align=\"JUSTIFY\" style=\"margin-bottom: 0cm;\">\n<\/div>\n<div align=\"JUSTIFY\" style=\"margin-bottom: 0cm;\">\n<b>CZYTANIE<br \/>\nZ DRUGIEGO LISTU \u015aWI\u0118TEGO PAW\u0141A APOSTO\u0141A DO KORYNTIAN: <\/b>\n<\/div>\n<div align=\"JUSTIFY\" style=\"margin-bottom: 0cm; text-indent: 1.24cm;\">\n<b>Bracia:<br \/>\nW imieniu Chrystusa spe\u0142niamy pos\u0142annictwo jakby Boga samego, kt\u00f3ry<br \/>\nprzez nas udziela napomnie\u0144. W imi\u0119 Chrystusa prosimy: pojednajcie<br \/>\nsi\u0119 z Bogiem. On to dla nas grzechem uczyni\u0142 Tego, kt\u00f3ry nie zna\u0142<br \/>\ngrzechu, aby\u015bmy si\u0119 stali w Nim sprawiedliwo\u015bci\u0105 Bo\u017c\u0105. <\/b>\n<\/div>\n<div align=\"JUSTIFY\" style=\"margin-bottom: 0cm; text-indent: 1.24cm;\">\n<b>Wsp\u00f3\u0142pracuj\u0105c<br \/>\nza\u015b z Nim napominamy was, aby\u015bcie nie przyjmowali na pr\u00f3\u017cno \u0142aski<br \/>\nBo\u017cej. M\u00f3wi bowiem Pismo: \u201eW czasie pomy\u015blnym wys\u0142ucha\u0142em<br \/>\nciebie, w dniu zbawienia przyszed\u0142em ci z pomoc\u0105\u201d. Oto teraz czas<br \/>\nupragniony, oto teraz dzie\u0144 zbawienia.<\/b><\/div>\n<div align=\"JUSTIFY\" style=\"margin-bottom: 0cm;\">\n<\/div>\n<div align=\"JUSTIFY\" style=\"margin-bottom: 0cm;\">\n<b>S\u0141OWA<br \/>\nEWANGELII WED\u0141UG \u015aWI\u0118TEGO MATEUSZA: <\/b>\n<\/div>\n<div align=\"JUSTIFY\" style=\"margin-bottom: 0cm; text-indent: 1.24cm;\">\n<b>Jezus<br \/>\npowiedzia\u0142 do swoich uczni\u00f3w: \u201eStrze\u017ccie si\u0119, \u017ceby\u015bcie<br \/>\nuczynk\u00f3w pobo\u017cnych nie wykonywali przed lud\u017ami po to, aby was<br \/>\nwidzieli; inaczej nie b\u0119dziecie mieli nagrody u Ojca waszego, kt\u00f3ry<br \/>\njest w niebie. <\/b>\n<\/div>\n<div align=\"JUSTIFY\" style=\"margin-bottom: 0cm; text-indent: 1.24cm;\">\n<b>Kiedy<br \/>\nwi\u0119c dajesz ja\u0142mu\u017cn\u0119, nie tr\u0105b przed sob\u0105, jak ob\u0142udnicy<br \/>\nczyni\u0105 w synagogach i na ulicach, aby ich ludzie chwalili. Zaprawd\u0119<br \/>\npowiadam wam: ci otrzymali ju\u017c swoj\u0105 nagrod\u0119. Kiedy za\u015b ty dajesz<br \/>\nja\u0142mu\u017cn\u0119, niech nie wie lewa twoja r\u0119ka, co czyni prawa, aby<br \/>\ntwoja ja\u0142mu\u017cna pozosta\u0142a w ukryciu. A Ojciec tw\u00f3j, kt\u00f3ry widzi w<br \/>\nukryciu, odda tobie. <\/b>\n<\/div>\n<div align=\"JUSTIFY\" style=\"margin-bottom: 0cm; text-indent: 1.24cm;\">\n<b>Gdy<br \/>\nsi\u0119 modlicie, nie b\u0105d\u017acie jak ob\u0142udnicy. Oni lubi\u0105 w synagogach<br \/>\ni na rogach ulic wystawa\u0107 i modli\u0107 si\u0119, \u017ceby si\u0119 ludziom<br \/>\npokaza\u0107. Zaprawd\u0119 powiadam wam: otrzymali ju\u017c swoj\u0105 nagrod\u0119. Ty<br \/>\nza\u015b gdy chcesz si\u0119 modli\u0107, wejd\u017a do swej izdebki, zamknij drzwi i<br \/>\nm\u00f3dl si\u0119 do Ojca twego, kt\u00f3ry jest w ukryciu. A Ojciec tw\u00f3j,<br \/>\nkt\u00f3ry widzi w ukryciu, odda tobie. <\/b>\n<\/div>\n<div align=\"JUSTIFY\" style=\"margin-bottom: 0cm; text-indent: 1.24cm;\">\n<b>Kiedy<br \/>\npo\u015bcicie, nie b\u0105d\u017acie pos\u0119pni jak ob\u0142udnicy. Przybieraj\u0105 oni<br \/>\nwygl\u0105d ponury, aby pokaza\u0107 ludziom, \u017ce poszcz\u0105. Zaprawd\u0119<br \/>\npowiadam wam: ju\u017c odebrali swoj\u0105 nagrod\u0119. Ty za\u015b gdy po\u015bcisz,<br \/>\nnama\u015b\u0107 sobie g\u0142ow\u0119 i umyj twarz, aby nie ludziom pokaza\u0107, \u017ce<br \/>\npo\u015bcisz, ale Ojcu twemu, kt\u00f3ry jest w ukryciu. A Ojciec tw\u00f3j,<br \/>\nkt\u00f3ry widzi w ukryciu, odda tobie\u201d.<\/b><\/div>\n<div align=\"JUSTIFY\" style=\"margin-bottom: 0cm;\">\n<\/div>\n<div align=\"JUSTIFY\" style=\"margin-bottom: 0cm; page-break-before: auto; text-indent: 1.24cm;\">\nJest<br \/>\nco\u015b <b>niesamowitego w nastawieniu Boga do cz\u0142owieka!<\/b> Musimy to<br \/>\nzauwa\u017cy\u0107 szczeg\u00f3lnie dzisiaj, w\u0142a\u015bnie po wys\u0142uchaniu tych<br \/>\nkonkretnych czyta\u0144 mszalnych. Jest co\u015b <b>niesamowitego i po ludzku<br \/>\ntrudnego do zrozumienia,<\/b> \u017ce <b>B\u00f3g zniewa\u017cony grzechem<br \/>\ncz\u0142owieka \u2013<\/b><b> <\/b><b>sam tego cz\u0142owieka wzywa do nawr\u00f3cenia,<br \/>\ndo powrotu, niejako wr\u0119cz naprasza si\u0119 cz\u0142owiekowi,<\/b> aby ten<br \/>\nby\u0142 \u0142askaw Go przeprosi\u0107 za sw\u00f3j grzech, a <b>B\u00f3g natychmiast<br \/>\noka\u017ce swoje mi\u0142osierdzie i swoje przebaczenie!<\/b>\n<\/div>\n<div align=\"JUSTIFY\" style=\"margin-bottom: 0cm; text-indent: 1.24cm;\">\nJakby<br \/>\ntak na spokojnie si\u0119 nad tym zastanowi\u0107, to wr\u0119cz samo si\u0119 ci\u015bnie<br \/>\nna usta pytanie: <b>to kto tu komu w ko\u0144cu robi \u0142ask\u0119? To kto tu w<br \/>\nko\u0144cu kogo obrazi\u0142?<\/b> I kto do kogo powinien zwraca\u0107 si\u0119 jako<br \/>\npierwszy z pro\u015bb\u0105? I z jak\u0105 pro\u015bb\u0105?\n<\/div>\n<div align=\"JUSTIFY\" style=\"margin-bottom: 0cm; text-indent: 1.24cm;\">\nCzy<br \/>\nnie powinno by\u0107 tak, \u017ce cz\u0142owiek \u2013 kiedy ju\u017c <b>wreszcie dotrze<br \/>\ndo niego, jak post\u0119puje <\/b>i co tak naprawd\u0119 jest w jego sercu \u2013<br \/>\nb\u0119dzie Boga usilnie prosi\u0142 o przebaczenie, a <b>B\u00f3g najpierw si\u0119<br \/>\nnad tym zastanowi,<\/b> a potem <b>ewentualnie mu przebaczy,<\/b> ale<br \/>\nje\u015bli ju\u017c, to dopiero <b>po d\u0142ugiej i surowej pokucie <\/b><b>cz\u0142owieka<\/b><br \/>\ni po solennych, wielokrotnych obietnicach poprawy, <b>potwierdzonych<br \/>\njeszcze jakim\u015b okresem pr\u00f3by?<\/b>\u2026 Czy to nie tak powinno by\u0107?\n<\/div>\n<div align=\"JUSTIFY\" style=\"margin-bottom: 0cm; text-indent: 1.24cm;\">\nA<br \/>\ntymczasem s\u0142yszymy u Proroka Joela: <i><b>Tak<br \/>\nm\u00f3wi Pan: \u201eNawr\u00f3\u0107cie si\u0119 do Mnie ca\u0142ym swym sercem, przez post<br \/>\ni p\u0142acz, i lament.<\/b><\/i><b><br \/>\n<\/b><b>[\u2026]<\/b><b><br \/>\n<\/b><i><b>Nawr\u00f3\u0107cie<br \/>\nsi\u0119 do Pana, Boga waszego!<\/b><\/i><b><br \/>\n<\/b><i><b>On bowiem<br \/>\njest \u0142askawy, mi\u0142osierny, nieskory do gniewu i wielki w \u0142askawo\u015bci,<br \/>\na lituje si\u0119 na widok niedoli. Kt\u00f3\u017c wie, czy si\u0119 nie zastanowi,<br \/>\nczy si\u0119 nie zlituje i pozostawi po sobie b\u0142ogos\u0142awie\u0144stwo plon\u00f3w<br \/>\nna ofiar\u0119 z pokarm\u00f3w i ofiar\u0119 p\u0142ynn\u0105 dla Pana, Boga waszego.\u201d<\/b><\/i><b><br \/>\n <\/b>Kochani,<br \/>\nczy zwr\u00f3cili\u015bmy uwag\u0119, \u017ce na pocz\u0105tku tego cytatu pad\u0142o<br \/>\nstwierdzenie: <i><b>Tak<br \/>\nm\u00f3wi Pan<\/b><\/i>?<\/p>\n<\/div>\n<div align=\"JUSTIFY\" style=\"margin-bottom: 0cm; text-indent: 1.24cm;\">\nTak,<br \/>\nto On sam, <b>B\u00f3g,<br \/>\nprosi cz\u0142owieka o nawr\u00f3cenie.<\/b><br \/>\nA w dodatku jeszcze niejako udziela instrukcji, jak to nawr\u00f3cenie ma<br \/>\nwygl\u0105da\u0107. W<br \/>\ndalszej cz\u0119\u015bci Proroctwa Joela s\u0142yszymy bowiem<br \/>\ntakie<br \/>\ns\u0142owa: <i><b>Mi\u0119dzy<br \/>\nprzedsionkiem a o\u0142tarzem niechaj p\u0142acz\u0105 kap\u0142ani, s\u0142udzy Pana!<br \/>\nNiech m\u00f3wi\u0105: <\/b><\/i><i><b>\u00ab<\/b><\/i><i><b>Przepu\u015b\u0107,<br \/>\nPanie, ludowi Twojemu i nie daj dziedzictwa swego na poha\u0144bienie,<br \/>\naby poganie nie zapanowali nad nami. Czemu\u017c m\u00f3wi\u0107 maj\u0105 mi\u0119dzy<br \/>\nnarodami: Gdzie\u017c jest ich B\u00f3g?<\/b><\/i><i><b>\u00bb<\/b><\/i><i><b><br \/>\n<\/b><\/i>\n<\/div>\n<div align=\"JUSTIFY\" style=\"margin-bottom: 0cm; text-indent: 1.24cm;\">\nA<br \/>\nzatem, <b>B\u00f3g<br \/>\nsam wk\u0142ada w usta kap\u0142an\u00f3w s\u0142owa, <\/b>jakimi<br \/>\nmaj\u0105 Jego, czyli w\u0142a\u015bnie Boga, przekonywa\u0107 na swoj\u0105 korzy\u015b\u0107!<br \/>\nKo\u0144czy si\u0119 za\u015b pierwsze czytanie takim oto zapewnieniem: <i><b>Pan<br \/>\nzapali\u0142 si\u0119 zazdrosn\u0105 mi\u0142o\u015bci\u0105 ku swojej ziemi, i zmi\u0142owa\u0142<br \/>\nsi\u0119 nad swoim ludem.<\/b><\/i><b><br \/>\n<\/b>Czyli<br \/>\nz g\u00f3ry jest zapewnione pomy\u015blne rozstrzygni\u0119cie ca\u0142ej sprawy!\n<\/div>\n<div align=\"JUSTIFY\" style=\"margin-bottom: 0cm; text-indent: 1.24cm;\">\nPo<br \/>\ntej samej linii idzie tak\u017ce drugie czytanie, w kt\u00f3rym padaj\u0105 s\u0142owa<br \/>\nAposto\u0142a Paw\u0142a: <i><b>W<br \/>\nimieniu Chrystusa spe\u0142niamy pos\u0142annictwo jakby Boga samego, kt\u00f3ry<br \/>\nprzez nas udziela napomnie\u0144. W imi\u0119 Chrystusa prosimy: pojednajcie<br \/>\nsi\u0119 z Bogiem<\/b><\/i><b>.<br \/>\n<\/b>I<br \/>\n\u2013 podobnie, jak w pierwszym czytaniu \u2013 s\u0142yszymy dane z g\u00f3ry<br \/>\nzapewnienie pomy\u015blnego rozstrzygni\u0119cia owego zwr\u00f3cenia si\u0119<br \/>\ncz\u0142owieka do Boga, w s\u0142owach: <i><b>M\u00f3wi<br \/>\nbowiem Pismo: \u201eW czasie pomy\u015blnym wys\u0142ucha\u0142em ciebie, w dniu<br \/>\nzbawienia przyszed\u0142em ci z pomoc\u0105\u201d. Oto teraz czas upragniony,<br \/>\noto teraz dzie\u0144 zbawienia<\/b><\/i><b>.<br \/>\n<\/b>\n<\/div>\n<div align=\"JUSTIFY\" style=\"margin-bottom: 0cm; text-indent: 1.24cm;\">\nMoi<br \/>\nDrodzy, czy\u017cby to zatem wszystko mia\u0142o oznacza\u0107, <b>\u017ce<br \/>\nB\u00f3g jest naiwny, \u0142atwowierny,<\/b><br \/>\ni \u017ce daje si\u0119 cz\u0142owiekowi wodzi\u0107 za nos? Nie, z pewno\u015bci\u0105 nie.<br \/>\nB\u00f3g jest po prostu <b>bezgranicznie<br \/>\nzakochany w cz\u0142owieku \u2013<\/b><br \/>\ni to tak bardzo, \u017ce nie waha si\u0119 dla jego dobra i zbawienia<b><br \/>\nwr\u0119cz zapomnie\u0107 o swoim majestacie i tym niewyobra\u017calnym<br \/>\ndystansie,<\/b><br \/>\njaki tak naprawd\u0119 oddziela nas od Niego, a do tego jeszcze <b>zupe\u0142nie<br \/>\npomija <\/b><b>B\u00f3g<br \/>\n<\/b><b>zniewag\u0119,<\/b><br \/>\njaka spotyka go ze strony grzesznego cz\u0142owieka i<br \/>\nposy\u0142a swego Jedynego i Umi\u0142owanego Syna, aby ratowa\u0142<br \/>\ntego<br \/>\npogubionego<br \/>\ncz\u0142owieka, bior\u0105c jego grzech<br \/>\nna siebie! Aposto\u0142 Pawe\u0142 tak o tym pisze: <i><b>On<br \/>\nto dla nas grzechem uczyni\u0142 Tego, kt\u00f3ry nie zna\u0142 grzechu, aby\u015bmy<br \/>\nsi\u0119 stali w Nim sprawiedliwo\u015bci\u0105 Bo\u017c\u0105.<\/b><\/i><b><br \/>\n<\/b>\n<\/div>\n<div align=\"JUSTIFY\" style=\"margin-bottom: 0cm; text-indent: 1.24cm;\">\nMoi<br \/>\nDrodzy, dobrze, gdyby\u015bmy wszyscy mieli to na uwadze, kiedy b\u0119dziemy<br \/>\nprzyjmowa\u0107 na nasze g\u0142owy znak popio\u0142u\u2026 Dobrze, gdyby\u015bmy<br \/>\nu\u015bwiadomili sobie, <b>kto<br \/>\ntak naprawd\u0119 jest kim i kto przed kim staje \u2013 i w jakiej pozycji.<br \/>\n<\/b>Bo<br \/>\nkiedy sobie z tego zdamy spraw\u0119, to <b>nie<br \/>\nmy b\u0119dziemy robi\u0107 Bogu \u0142ask\u0119,<\/b><br \/>\n\u017ce\u015bmy tu<br \/>\ndzi\u015b przyszli,<br \/>\nale b\u0119dziemy pami\u0119tali, \u017ce <b>to<br \/>\n<\/b><b>my<br \/>\nsi\u0119 w\u0142a\u015bnie po t\u0119 \u0142ask\u0119 zwracamy do Niego.<\/b><\/p>\n<\/div>\n<div align=\"JUSTIFY\" style=\"margin-bottom: 0cm; text-indent: 1.24cm;\">\nA<br \/>\nOn nam w\u00f3wczas powie s\u0142owami pierwszego czytania: <i><b>Rozdzierajcie<br \/>\njednak wasze serca, a nie szaty! <\/b><\/i><b><br \/>\n<\/b>S\u0142owami<br \/>\nza\u015b drugiego czytania przestrze\u017ce nas, aby\u015bmy <i><b>nie<br \/>\nprzyjmowali na pr\u00f3\u017cno \u0142aski Bo\u017cej!<\/b><\/i><b><br \/>\n<\/b>Natomiast<br \/>\ns\u0142owami Ewangelii pouczy nas, by\u015bmy <i><b>uczynk\u00f3w<br \/>\npobo\u017cnych nie wykonywali przed lud\u017ami po to, aby <\/b><\/i><b>[nas]<\/b><b><br \/>\n<\/b><i><b>widzieli.<\/b><\/i><b><br \/>\n<\/b>Aby\u015bmy<br \/>\ndaj\u0105c ja\u0142mu\u017cn\u0119, nie szukali ludzkiego poklasku i pochwa\u0142. I nie<br \/>\nmodlili si\u0119 na pokaz. I nie po\u015bcili dla samej tylko tradycji. Ale \u2013<br \/>\n<b>by\u015bmy<br \/>\nsi\u0119 nawr\u00f3cili. <\/b>Czyli<br \/>\n\u2013 <b>zmienili<br \/>\nspos\u00f3b my\u015blenia! Tak ca\u0142kowicie!<\/b><\/div>\n<div align=\"JUSTIFY\" style=\"margin-bottom: 0cm; text-indent: 1.24cm;\">\nKochani,<br \/>\npo to jest ten dzisiejszy dzie\u0144 \u2013 Popielec \u2013 oraz ca\u0142y Wielki<br \/>\nPost, aby\u015bmy <b>w<br \/>\nnaszym \u017cyciu <\/b><b>przywr\u00f3cili<br \/>\nw\u0142a\u015bciwy porz\u0105dek <\/b><b>spraw<br \/>\ni hierarchi\u0119 warto\u015bci,<\/b><br \/>\naby\u015bmy raz jeszcze ustawili we w\u0142a\u015bciwym porz\u0105dku nasze relacje z<br \/>\nBogiem <b>i<br \/>\nnie pr\u00f3bowali si\u0119 <\/b><b>ju\u017c<br \/>\nwi\u0119cej<\/b><b><br \/>\n<\/b><b>z<br \/>\nBogiem zamienia\u0107 miejscami\u2026<\/b><\/div>\n","protected":false},"excerpt":{"rendered":"<p>Niech b\u0119dzie pochwalony Jezus Chrystus! Kochani, rozpoczynamy Wielki Post! Refleksje, jakie rodz\u0105 si\u0119 w moim sercu w tym dniu, zawar\u0142em w rozwa\u017caniu. \u017bycz\u0119 natomiast Wam &#8211; i sobie &#8211; \u017ceby\u015bmy tego czasu nie zmarnowali.&nbsp; &nbsp; &nbsp;Moi Drodzy, nie chc\u0119 Wam namiesza\u0107 w g\u0142owach mnogo\u015bci\u0105 r\u00f3\u017cnych inicjatyw modlitewnych, bo przecie\u017c tu na blogu \u0142\u0105czymy si\u0119 codziennie [&hellip;]<\/p>\n","protected":false},"author":1,"featured_media":0,"comment_status":"open","ping_status":"open","sticky":false,"template":"","format":"standard","meta":{"jetpack_post_was_ever_published":false,"_jetpack_newsletter_access":"","_jetpack_dont_email_post_to_subs":false,"_jetpack_newsletter_tier_id":0,"_jetpack_memberships_contains_paywalled_content":false,"_jetpack_memberships_contains_paid_content":false,"footnotes":""},"categories":[1],"tags":[],"class_list":["post-8830","post","type-post","status-publish","format-standard","hentry","category-bez-kategorii"],"yoast_head":"<!-- This site is optimized with the Yoast SEO plugin v25.1 - https:\/\/yoast.com\/wordpress\/plugins\/seo\/ -->\n<title>Nie zamieniajmy si\u0119 z Bogiem miejscami! - Gaudium Et Spes<\/title>\n<meta name=\"robots\" content=\"index, follow, max-snippet:-1, max-image-preview:large, max-video-preview:-1\" \/>\n<link rel=\"canonical\" href=\"https:\/\/gaudiumetspes-blog.pl\/index.php\/2014\/03\/05\/nie-zamieniajmy-sie-z-bogiem-miejscami\/\" \/>\n<meta property=\"og:locale\" content=\"pl_PL\" \/>\n<meta property=\"og:type\" content=\"article\" \/>\n<meta property=\"og:title\" content=\"Nie zamieniajmy si\u0119 z Bogiem miejscami! - Gaudium Et Spes\" \/>\n<meta property=\"og:description\" content=\"Niech b\u0119dzie pochwalony Jezus Chrystus! Kochani, rozpoczynamy Wielki Post! Refleksje, jakie rodz\u0105 si\u0119 w moim sercu w tym dniu, zawar\u0142em w rozwa\u017caniu. \u017bycz\u0119 natomiast Wam &#8211; i sobie &#8211; \u017ceby\u015bmy tego czasu nie zmarnowali.&nbsp; &nbsp; &nbsp;Moi Drodzy, nie chc\u0119 Wam namiesza\u0107 w g\u0142owach mnogo\u015bci\u0105 r\u00f3\u017cnych inicjatyw modlitewnych, bo przecie\u017c tu na blogu \u0142\u0105czymy si\u0119 codziennie [&hellip;]\" \/>\n<meta property=\"og:url\" content=\"https:\/\/gaudiumetspes-blog.pl\/index.php\/2014\/03\/05\/nie-zamieniajmy-sie-z-bogiem-miejscami\/\" \/>\n<meta property=\"og:site_name\" content=\"Gaudium Et Spes\" \/>\n<meta property=\"article:published_time\" content=\"2014-03-05T03:30:00+00:00\" \/>\n<meta property=\"article:modified_time\" content=\"2019-07-31T10:54:32+00:00\" \/>\n<meta name=\"author\" content=\"Ks. Jacek\" \/>\n<meta name=\"twitter:card\" content=\"summary_large_image\" \/>\n<meta name=\"twitter:label1\" content=\"Napisane przez\" \/>\n\t<meta name=\"twitter:data1\" content=\"Ks. Jacek\" \/>\n\t<meta name=\"twitter:label2\" content=\"Szacowany czas czytania\" \/>\n\t<meta name=\"twitter:data2\" content=\"9 minut\" \/>\n<script type=\"application\/ld+json\" class=\"yoast-schema-graph\">{\"@context\":\"https:\/\/schema.org\",\"@graph\":[{\"@type\":\"WebPage\",\"@id\":\"https:\/\/gaudiumetspes-blog.pl\/index.php\/2014\/03\/05\/nie-zamieniajmy-sie-z-bogiem-miejscami\/\",\"url\":\"https:\/\/gaudiumetspes-blog.pl\/index.php\/2014\/03\/05\/nie-zamieniajmy-sie-z-bogiem-miejscami\/\",\"name\":\"Nie zamieniajmy si\u0119 z Bogiem miejscami! - Gaudium Et Spes\",\"isPartOf\":{\"@id\":\"https:\/\/gaudiumetspes-blog.pl\/#website\"},\"datePublished\":\"2014-03-05T03:30:00+00:00\",\"dateModified\":\"2019-07-31T10:54:32+00:00\",\"author\":{\"@id\":\"https:\/\/gaudiumetspes-blog.pl\/#\/schema\/person\/1661982992b752dea8dff0d4ed845a65\"},\"breadcrumb\":{\"@id\":\"https:\/\/gaudiumetspes-blog.pl\/index.php\/2014\/03\/05\/nie-zamieniajmy-sie-z-bogiem-miejscami\/#breadcrumb\"},\"inLanguage\":\"pl-PL\",\"potentialAction\":[{\"@type\":\"ReadAction\",\"target\":[\"https:\/\/gaudiumetspes-blog.pl\/index.php\/2014\/03\/05\/nie-zamieniajmy-sie-z-bogiem-miejscami\/\"]}]},{\"@type\":\"BreadcrumbList\",\"@id\":\"https:\/\/gaudiumetspes-blog.pl\/index.php\/2014\/03\/05\/nie-zamieniajmy-sie-z-bogiem-miejscami\/#breadcrumb\",\"itemListElement\":[{\"@type\":\"ListItem\",\"position\":1,\"name\":\"Strona g\u0142\u00f3wna\",\"item\":\"https:\/\/gaudiumetspes-blog.pl\/\"},{\"@type\":\"ListItem\",\"position\":2,\"name\":\"Nie&nbsp;zamieniajmy si\u0119 z&nbsp;Bogiem miejscami!\"}]},{\"@type\":\"WebSite\",\"@id\":\"https:\/\/gaudiumetspes-blog.pl\/#website\",\"url\":\"https:\/\/gaudiumetspes-blog.pl\/\",\"name\":\"Gaudium Et Spes\",\"description\":\"Blog Ks. Jacka Ja\u015bkowskiego\",\"potentialAction\":[{\"@type\":\"SearchAction\",\"target\":{\"@type\":\"EntryPoint\",\"urlTemplate\":\"https:\/\/gaudiumetspes-blog.pl\/?s={search_term_string}\"},\"query-input\":{\"@type\":\"PropertyValueSpecification\",\"valueRequired\":true,\"valueName\":\"search_term_string\"}}],\"inLanguage\":\"pl-PL\"},{\"@type\":\"Person\",\"@id\":\"https:\/\/gaudiumetspes-blog.pl\/#\/schema\/person\/1661982992b752dea8dff0d4ed845a65\",\"name\":\"Ks. Jacek\",\"image\":{\"@type\":\"ImageObject\",\"inLanguage\":\"pl-PL\",\"@id\":\"https:\/\/gaudiumetspes-blog.pl\/#\/schema\/person\/image\/\",\"url\":\"https:\/\/gaudiumetspes-blog.pl\/wp-content\/uploads\/2019\/07\/avatar-JJ-150x150.jpg\",\"contentUrl\":\"https:\/\/gaudiumetspes-blog.pl\/wp-content\/uploads\/2019\/07\/avatar-JJ-150x150.jpg\",\"caption\":\"Ks. Jacek\"},\"description\":\"Witam serdecznie! K\u0142ania si\u0119 Ks. Jacek Ja\u015bkowski. Nie jestem ani kim\u015b wa\u017cnym, ani kim\u015b znanym. Jestem ksi\u0119dzem, kt\u00f3ry po prostu chce rozmawia\u0107. Codzienna kap\u0142a\u0144ska pos\u0142uga pokazuje mi, \u017ce temat\u00f3w do rozm\u00f3w z ksi\u0119dzem jest coraz wi\u0119cej i dzisiaj \u017caden ksi\u0105dz nie mo\u017ce od nich ucieka\u0107, ale - wprost przeciwnie - podejmowa\u0107 nowe wyzwania. To przekonanie sk\u0142oni\u0142o mnie do pr\u00f3by otwarcia tego\u017c bloga, chocia\u017c okazji do rozm\u00f3w na co dzie\u0144 - w konfesjonale i poza nim - na szcz\u0119\u015bcie nie brakuje. My\u015bl\u0119 jednak, \u017ce ten blog b\u0119dzie jeszcze jednym sposobem i przestrzeni\u0105 nawi\u0105zania kontaktu z lud\u017ami dobrej woli, otwartymi na dialog.\",\"url\":\"https:\/\/gaudiumetspes-blog.pl\/index.php\/author\/ks-jacek\/\"}]}<\/script>\n<!-- \/ Yoast SEO plugin. -->","yoast_head_json":{"title":"Nie zamieniajmy si\u0119 z Bogiem miejscami! - Gaudium Et Spes","robots":{"index":"index","follow":"follow","max-snippet":"max-snippet:-1","max-image-preview":"max-image-preview:large","max-video-preview":"max-video-preview:-1"},"canonical":"https:\/\/gaudiumetspes-blog.pl\/index.php\/2014\/03\/05\/nie-zamieniajmy-sie-z-bogiem-miejscami\/","og_locale":"pl_PL","og_type":"article","og_title":"Nie zamieniajmy si\u0119 z Bogiem miejscami! - Gaudium Et Spes","og_description":"Niech b\u0119dzie pochwalony Jezus Chrystus! Kochani, rozpoczynamy Wielki Post! Refleksje, jakie rodz\u0105 si\u0119 w moim sercu w tym dniu, zawar\u0142em w rozwa\u017caniu. \u017bycz\u0119 natomiast Wam &#8211; i sobie &#8211; \u017ceby\u015bmy tego czasu nie zmarnowali.&nbsp; &nbsp; &nbsp;Moi Drodzy, nie chc\u0119 Wam namiesza\u0107 w g\u0142owach mnogo\u015bci\u0105 r\u00f3\u017cnych inicjatyw modlitewnych, bo przecie\u017c tu na blogu \u0142\u0105czymy si\u0119 codziennie [&hellip;]","og_url":"https:\/\/gaudiumetspes-blog.pl\/index.php\/2014\/03\/05\/nie-zamieniajmy-sie-z-bogiem-miejscami\/","og_site_name":"Gaudium Et Spes","article_published_time":"2014-03-05T03:30:00+00:00","article_modified_time":"2019-07-31T10:54:32+00:00","author":"Ks. Jacek","twitter_card":"summary_large_image","twitter_misc":{"Napisane przez":"Ks. Jacek","Szacowany czas czytania":"9 minut"},"schema":{"@context":"https:\/\/schema.org","@graph":[{"@type":"WebPage","@id":"https:\/\/gaudiumetspes-blog.pl\/index.php\/2014\/03\/05\/nie-zamieniajmy-sie-z-bogiem-miejscami\/","url":"https:\/\/gaudiumetspes-blog.pl\/index.php\/2014\/03\/05\/nie-zamieniajmy-sie-z-bogiem-miejscami\/","name":"Nie zamieniajmy si\u0119 z Bogiem miejscami! - Gaudium Et Spes","isPartOf":{"@id":"https:\/\/gaudiumetspes-blog.pl\/#website"},"datePublished":"2014-03-05T03:30:00+00:00","dateModified":"2019-07-31T10:54:32+00:00","author":{"@id":"https:\/\/gaudiumetspes-blog.pl\/#\/schema\/person\/1661982992b752dea8dff0d4ed845a65"},"breadcrumb":{"@id":"https:\/\/gaudiumetspes-blog.pl\/index.php\/2014\/03\/05\/nie-zamieniajmy-sie-z-bogiem-miejscami\/#breadcrumb"},"inLanguage":"pl-PL","potentialAction":[{"@type":"ReadAction","target":["https:\/\/gaudiumetspes-blog.pl\/index.php\/2014\/03\/05\/nie-zamieniajmy-sie-z-bogiem-miejscami\/"]}]},{"@type":"BreadcrumbList","@id":"https:\/\/gaudiumetspes-blog.pl\/index.php\/2014\/03\/05\/nie-zamieniajmy-sie-z-bogiem-miejscami\/#breadcrumb","itemListElement":[{"@type":"ListItem","position":1,"name":"Strona g\u0142\u00f3wna","item":"https:\/\/gaudiumetspes-blog.pl\/"},{"@type":"ListItem","position":2,"name":"Nie&nbsp;zamieniajmy si\u0119 z&nbsp;Bogiem miejscami!"}]},{"@type":"WebSite","@id":"https:\/\/gaudiumetspes-blog.pl\/#website","url":"https:\/\/gaudiumetspes-blog.pl\/","name":"Gaudium Et Spes","description":"Blog Ks. Jacka Ja\u015bkowskiego","potentialAction":[{"@type":"SearchAction","target":{"@type":"EntryPoint","urlTemplate":"https:\/\/gaudiumetspes-blog.pl\/?s={search_term_string}"},"query-input":{"@type":"PropertyValueSpecification","valueRequired":true,"valueName":"search_term_string"}}],"inLanguage":"pl-PL"},{"@type":"Person","@id":"https:\/\/gaudiumetspes-blog.pl\/#\/schema\/person\/1661982992b752dea8dff0d4ed845a65","name":"Ks. Jacek","image":{"@type":"ImageObject","inLanguage":"pl-PL","@id":"https:\/\/gaudiumetspes-blog.pl\/#\/schema\/person\/image\/","url":"https:\/\/gaudiumetspes-blog.pl\/wp-content\/uploads\/2019\/07\/avatar-JJ-150x150.jpg","contentUrl":"https:\/\/gaudiumetspes-blog.pl\/wp-content\/uploads\/2019\/07\/avatar-JJ-150x150.jpg","caption":"Ks. Jacek"},"description":"Witam serdecznie! K\u0142ania si\u0119 Ks. Jacek Ja\u015bkowski. Nie jestem ani kim\u015b wa\u017cnym, ani kim\u015b znanym. Jestem ksi\u0119dzem, kt\u00f3ry po prostu chce rozmawia\u0107. Codzienna kap\u0142a\u0144ska pos\u0142uga pokazuje mi, \u017ce temat\u00f3w do rozm\u00f3w z ksi\u0119dzem jest coraz wi\u0119cej i dzisiaj \u017caden ksi\u0105dz nie mo\u017ce od nich ucieka\u0107, ale - wprost przeciwnie - podejmowa\u0107 nowe wyzwania. To przekonanie sk\u0142oni\u0142o mnie do pr\u00f3by otwarcia tego\u017c bloga, chocia\u017c okazji do rozm\u00f3w na co dzie\u0144 - w konfesjonale i poza nim - na szcz\u0119\u015bcie nie brakuje. My\u015bl\u0119 jednak, \u017ce ten blog b\u0119dzie jeszcze jednym sposobem i przestrzeni\u0105 nawi\u0105zania kontaktu z lud\u017ami dobrej woli, otwartymi na dialog.","url":"https:\/\/gaudiumetspes-blog.pl\/index.php\/author\/ks-jacek\/"}]}},"jetpack_featured_media_url":"","jetpack_sharing_enabled":true,"_links":{"self":[{"href":"https:\/\/gaudiumetspes-blog.pl\/index.php\/wp-json\/wp\/v2\/posts\/8830","targetHints":{"allow":["GET"]}}],"collection":[{"href":"https:\/\/gaudiumetspes-blog.pl\/index.php\/wp-json\/wp\/v2\/posts"}],"about":[{"href":"https:\/\/gaudiumetspes-blog.pl\/index.php\/wp-json\/wp\/v2\/types\/post"}],"author":[{"embeddable":true,"href":"https:\/\/gaudiumetspes-blog.pl\/index.php\/wp-json\/wp\/v2\/users\/1"}],"replies":[{"embeddable":true,"href":"https:\/\/gaudiumetspes-blog.pl\/index.php\/wp-json\/wp\/v2\/comments?post=8830"}],"version-history":[{"count":1,"href":"https:\/\/gaudiumetspes-blog.pl\/index.php\/wp-json\/wp\/v2\/posts\/8830\/revisions"}],"predecessor-version":[{"id":11474,"href":"https:\/\/gaudiumetspes-blog.pl\/index.php\/wp-json\/wp\/v2\/posts\/8830\/revisions\/11474"}],"wp:attachment":[{"href":"https:\/\/gaudiumetspes-blog.pl\/index.php\/wp-json\/wp\/v2\/media?parent=8830"}],"wp:term":[{"taxonomy":"category","embeddable":true,"href":"https:\/\/gaudiumetspes-blog.pl\/index.php\/wp-json\/wp\/v2\/categories?post=8830"},{"taxonomy":"post_tag","embeddable":true,"href":"https:\/\/gaudiumetspes-blog.pl\/index.php\/wp-json\/wp\/v2\/tags?post=8830"}],"curies":[{"name":"wp","href":"https:\/\/api.w.org\/{rel}","templated":true}]}}