{"id":8875,"date":"2014-01-19T05:41:00","date_gmt":"2014-01-19T04:41:00","guid":{"rendered":"https:\/\/gaudiumetspes-blog.pl\/index.php\/2014\/01\/19\/nie-narzekajmy\/"},"modified":"2019-07-31T12:54:26","modified_gmt":"2019-07-31T10:54:26","slug":"nie-narzekajmy","status":"publish","type":"post","link":"https:\/\/gaudiumetspes-blog.pl\/index.php\/2014\/01\/19\/nie-narzekajmy\/","title":{"rendered":"Nie narzekajmy!"},"content":{"rendered":"<div align=\"JUSTIFY\" style=\"margin-bottom: 0cm;\">\nNiech b\u0119dzie pochwalony Jezus Chrystus! Kochani, bardzo polecam Waszej uwadze \u015bwiadectwo dotycz\u0105ce wizyty duszpasterskiej w akademiku, jakie w swoim wpisie zamie\u015bci\u0142 Artur.&nbsp;<\/div>\n<div align=\"JUSTIFY\" style=\"margin-bottom: 0cm;\">\n&nbsp; &nbsp;Przyznaj\u0119, \u017ce w drugim roku swego kap\u0142a\u0144stwa, kiedy uczy\u0142em w technikum, przy kt\u00f3rym by\u0142 internat, w\u0142a\u015bnie w tym\u017ce internacie tak\u017ce zrobi\u0142em kol\u0119d\u0119, przy czym ja odwiedza\u0142em moich Uczni\u00f3w w ich pokojach.&nbsp;<\/div>\n<div align=\"JUSTIFY\" style=\"margin-bottom: 0cm;\">\n&nbsp; &nbsp; Do dzi\u015b u\u015bmiecham si\u0119 na wspomnienie tamtej wyj\u0105tkowej wizyty duszpasterskiej &#8211; r\u00f3wnie\u017c dlatego, \u017ce przez ca\u0142y dzie\u0144, w kt\u00f3rym wieczorem mia\u0142a si\u0119 odby\u0107 owa wizyta, odkurzacz by\u0142 dos\u0142ownie wyrywany sobie nawzajem z r\u0105k! Tak si\u0119 to spodoba\u0142o Pani Kierownik owego internatu, \u017ce prosi\u0142a mnie, aby odbywa\u0107 wizyt\u0119 duszpastersk\u0105 co miesi\u0105c, a wtedy nie by\u0142oby problemu z porz\u0105dkami!&nbsp;<\/div>\n<div align=\"JUSTIFY\" style=\"margin-bottom: 0cm;\">\n&nbsp; &nbsp; &nbsp;A jak u Was, Kochani? By\u0142 ju\u017c ksi\u0105dz? Wracam do wczorajszego pytania, na kt\u00f3re nie doczeka\u0142em si\u0119 zbyt wielu odpowiedzi&#8230;<\/div>\n<div align=\"JUSTIFY\" style=\"margin-bottom: 0cm;\">\n<b>&nbsp; &nbsp; &nbsp;W dniu dzisiejszym m\u00f3j serdeczny Przyjaciel i Brat w kap\u0142a\u0144stwie, Ksi\u0105dz Mariusz Szyszko, prze\u017cywa dzie\u0144 swoich imienin. Jest to cz\u0142owiek, na kt\u00f3rego w ka\u017cdej chwili i w ka\u017cdej sprawie zawsze mog\u0119 liczy\u0107. Dlatego w tym wa\u017cnym dla Niego dniu, z ca\u0142ego serca dzi\u0119kuj\u0119 za dobro\u0107, jak\u0105 mi i wielu Osobom okazuje, a \u017cycz\u0119 nieustaj\u0105cej gorliwo\u015bci w pe\u0142nieniu kap\u0142a\u0144skiej misji oraz wielkiej odwagi do mocnego i radosnego \u015bwiadczenia o Chrystusie! I w\u0142a\u015bnie o to chc\u0119 si\u0119 dla Niego modli\u0107. &nbsp;&nbsp;<\/b><\/div>\n<div align=\"JUSTIFY\" style=\"margin-bottom: 0cm;\">\n&nbsp; &nbsp;A na dzisiejsz\u0105 Niedziel\u0119 &#8211; niech Was b\u0142ogos\u0142awi B\u00f3g Wszechmog\u0105cy:<b> Ojciec + i Syn, i Duch \u015awi\u0119ty. Amen<\/b><\/div>\n<div align=\"JUSTIFY\" style=\"margin-bottom: 0cm;\">\n<b>&nbsp; &nbsp; &nbsp; &nbsp; &nbsp; &nbsp; <\/b>&nbsp;Gaudium et spes! &nbsp;Ks. Jacek<\/div>\n<div align=\"JUSTIFY\" style=\"margin-bottom: 0cm;\">\n<b><br \/><\/b><\/div>\n<div align=\"JUSTIFY\" style=\"margin-bottom: 0cm;\">\n<b>2<br \/>\nNiedziela zwyk\u0142a, A,<\/b><\/div>\n<div align=\"JUSTIFY\" style=\"margin-bottom: 0cm;\">\n<b>do<br \/>\nczyta\u0144:  Iz 49,3.5\u20136;  1 Kor 1,1\u20133;  J 1,29\u201334<\/b><\/div>\n<div align=\"JUSTIFY\" style=\"margin-bottom: 0cm;\">\n<\/div>\n<div align=\"JUSTIFY\" style=\"margin-bottom: 0cm; page-break-before: auto;\">\n<b>CZYTANIE<br \/>\nZ KSI\u0118GI PROROKA IZAJASZA: <\/b>\n<\/div>\n<div align=\"JUSTIFY\" style=\"margin-bottom: 0cm; text-indent: 1.24cm;\">\n<b>Pan<br \/>\nrzek\u0142 do mnie: \u201eTy\u015b s\u0142ug\u0105 moim, Izraelu, w tobie si\u0119<br \/>\nrozs\u0142awi\u0119\u201d. <\/b>\n<\/div>\n<div align=\"JUSTIFY\" style=\"margin-bottom: 0cm; text-indent: 1.24cm;\">\n<b>Ws\u0142awi\u0142em<br \/>\nsi\u0119 w oczach Pana, B\u00f3g m\u00f3j sta\u0142 si\u0119 moj\u0105 si\u0142\u0105. A teraz<br \/>\nprzem\u00f3wi\u0142 Pan, kt\u00f3ry mnie ukszta\u0142towa\u0142 od urodzenia na swego<br \/>\ns\u0142ug\u0119, bym nawr\u00f3ci\u0142 do Niego Jakuba i zgromadzi\u0142 Mu Izraela. <\/b>\n<\/div>\n<div align=\"JUSTIFY\" style=\"margin-bottom: 0cm; text-indent: 1.24cm;\">\n<b>I<br \/>\nm\u00f3wi\u0142: \u201eTo zbyt ma\u0142o, i\u017c jeste\u015b mi s\u0142ug\u0105 dla pod\u017awigni\u0119cia<br \/>\npokole\u0144 Jakuba i sprowadzenia ocala\u0142ych z Izraela. Ustanowi\u0119 ci\u0119<br \/>\n\u015bwiat\u0142o\u015bci\u0105 dla pogan, aby moje zbawienie dotar\u0142o a\u017c do kra\u0144c\u00f3w<br \/>\nziemi\u201d.<\/b><\/div>\n<div align=\"JUSTIFY\" style=\"margin-bottom: 0cm;\">\n<\/div>\n<div align=\"JUSTIFY\" style=\"margin-bottom: 0cm;\">\n<b>POCZ\u0104TEK<br \/>\nPIERWSZEGO LISTU \u015aWI\u0118TEGO PAW\u0141A APOSTO\u0141A DO KORYNTIAN: <\/b>\n<\/div>\n<div align=\"JUSTIFY\" style=\"margin-bottom: 0cm; text-indent: 1.24cm;\">\n<b>Pawe\u0142,<br \/>\nz woli Bo\u017cej powo\u0142any na aposto\u0142a Jezusa Chrystusa, i Sostenes,<br \/>\nbrat, do Ko\u015bcio\u0142a Bo\u017cego w Koryncie, do tych, kt\u00f3rzy zostali<br \/>\nu\u015bwi\u0119ceni w Jezusie Chrystusie i powo\u0142ani do \u015bwi\u0119to\u015bci wesp\u00f3\u0142<br \/>\nze wszystkimi, kt\u00f3rzy na ka\u017cdym miejscu wzywaj\u0105 imienia Pana<br \/>\nnaszego Jezusa Chrystusa, ich i naszego Pana. <\/b>\n<\/div>\n<div align=\"JUSTIFY\" style=\"margin-bottom: 0cm; text-indent: 1.24cm;\">\n<b>\u0141aska<br \/>\nwam i pok\u00f3j od Boga Ojca naszego i od Pana Jezusa Chrystusa.<\/b><\/div>\n<div align=\"JUSTIFY\" style=\"margin-bottom: 0cm;\">\n<\/div>\n<div align=\"JUSTIFY\" style=\"margin-bottom: 0cm;\">\n<b>S\u0141OWA<br \/>\nEWANGELII WED\u0141UG \u015aWI\u0118TEGO JANA: <\/b>\n<\/div>\n<div align=\"JUSTIFY\" style=\"margin-bottom: 0cm; text-indent: 1.24cm;\">\n<b>Jan<br \/>\nzobaczy\u0142 Jezusa, nadchodz\u0105cego ku niemu, i rzek\u0142: \u201eOto Baranek<br \/>\nBo\u017cy, kt\u00f3ry g\u0142adzi grzech \u015bwiata. To jest Ten, o kt\u00f3rym<br \/>\npowiedzia\u0142em: \u00abPo mnie przyjdzie M\u0105\u017c, kt\u00f3ry mnie przewy\u017cszy\u0142<br \/>\ngodno\u015bci\u0105, gdy\u017c by\u0142 wcze\u015bniej ode mnie\u00bb. Ja Go przedtem nie<br \/>\nzna\u0142em, ale przyszed\u0142em chrzci\u0107 wod\u0105 w tym celu, aby On si\u0119<br \/>\nobjawi\u0142 Izraelowi\u201d. <\/b>\n<\/div>\n<div align=\"JUSTIFY\" style=\"margin-bottom: 0cm; text-indent: 1.24cm;\">\n<b>Jan<br \/>\nda\u0142 takie \u015bwiadectwo: \u201eUjrza\u0142em Ducha, kt\u00f3ry jak go\u0142\u0119bica<br \/>\nzst\u0119powa\u0142 z nieba i spocz\u0105\u0142 na Nim. Ja Go przedtem nie zna\u0142em,<br \/>\nale Ten, kt\u00f3ry mnie pos\u0142a\u0142, abym chrzci\u0142 wod\u0105, powiedzia\u0142 do<br \/>\nmnie: \u00abTen, nad kt\u00f3rym ujrzysz Ducha zst\u0119puj\u0105cego i<br \/>\nspoczywaj\u0105cego nad Nim, jest Tym, kt\u00f3ry chrzci Duchem \u015awi\u0119tym\u00bb. <\/b>\n<\/div>\n<div align=\"JUSTIFY\" style=\"margin-bottom: 0cm; text-indent: 1.24cm;\">\n<b>Ja<br \/>\nto ujrza\u0142em i daj\u0119 \u015bwiadectwo, \u017ce On jest Synem Bo\u017cym\u201d.<\/b><\/div>\n<div align=\"JUSTIFY\" style=\"margin-bottom: 0cm;\">\n<\/div>\n<div align=\"JUSTIFY\" style=\"margin-bottom: 0cm; text-indent: 1.24cm;\">\n<b>Jan<br \/>\nChrzciciel daje \u015bwiadectwo o Jezusie.<\/b> Takie zdanie us\u0142yszeli\u015bmy<br \/>\nw dzisiejszej Ewangelii. Sam Jan m\u00f3wi o tym z dum\u0105: <i><b>Ja Go<br \/>\nprzedtem nie zna\u0142em, ale Ten, kt\u00f3ry mnie pos\u0142a\u0142, abym chrzci\u0142<br \/>\nwod\u0105, powiedzia\u0142 do mnie: \u201eTen, nad kt\u00f3rym ujrzysz Ducha<br \/>\nzst\u0119puj\u0105cego i spoczywaj\u0105cego na Nim, jest Tym, kt\u00f3ry chrzci<br \/>\nDuchem \u015awi\u0119tym\u201d.<\/b><\/i><i> <\/i><i><b>Ja to ujrza\u0142em i daj\u0119<br \/>\n\u015bwiadectwo, \u017ce On jest Synem Bo\u017cym<\/b><\/i>.\n<\/div>\n<div align=\"JUSTIFY\" style=\"margin-bottom: 0cm; text-indent: 1.25cm;\">\nJan,<br \/>\ngdy zobaczy\u0142 Jezusa, od razu rozpozna\u0142 w Nim <i><b>Bo\u017cego Baranka,<br \/>\nkt\u00f3ry g\u0142adzi grzech \u015bwiata,<\/b><\/i> a wi\u0119c \u2013 Zbawiciela. I<br \/>\nzacz\u0105\u0142 chrzci\u0107 wod\u0105 po to, aby Jezus m\u00f3g\u0142 objawi\u0107 si\u0119 \u015bwiatu,<br \/>\naby ten \u015bwiat przygotowa\u0107 na Jego przyj\u015bcie. A skoro ju\u017c<br \/>\nZbawiciel si\u0119 pojawi\u0142 i Jan Go rozpozna\u0142, odezwa\u0142o si\u0119 w Nim<br \/>\nnaturalne pragnienie, naturalna potrzeba dawania \u015bwiadectwa. On <b>nie<br \/>\nm\u00f3g\u0142 dla siebie zachowa\u0107 tej wie\u015bci,<\/b> nie m\u00f3g\u0142 dla siebie<br \/>\ntylko zachowa\u0107 tej <b>niezwyk\u0142ej \u015bwiadomo\u015bci,<\/b> i\u017c oto Jezus,<br \/>\noczekiwany Zbawiciel, jest na \u015bwiecie, przyszed\u0142 do ludzi.\n<\/div>\n<div align=\"JUSTIFY\" style=\"margin-bottom: 0cm; text-indent: 1.25cm;\">\nTej<br \/>\nwiadomo\u015bci chyba nawet <b>nie da\u0142oby si\u0119 utrzyma\u0107 w tajemnicy,<\/b><br \/>\nbowiem \u0142adunek rado\u015bci w niej zawarty rozpiera serce cz\u0142owieka i<br \/>\nka\u017ce mu g\u0142osi\u0107 dobr\u0105 wie\u015b\u0107 wszystkim wok\u00f3\u0142. Tak w\u0142a\u015bnie<br \/>\npost\u0105pi\u0142 Jan, <b>og\u0142aszaj\u0105c i daj\u0105c \u015bwiadectwo tego, co<br \/>\nwidzia\u0142, <\/b>a mianowicie \u2013 \u017ce Jezus jest prawdziwym Synem Bo\u017cym.<\/p>\n<\/div>\n<div align=\"JUSTIFY\" style=\"margin-bottom: 0cm; text-indent: 1.25cm;\">\nNie<br \/>\nmniejsz\u0105 rado\u015b\u0107 wyczuwamy tak\u017ce w wypowiedzi Paw\u0142a Aposto\u0142a,<br \/>\nskierowanej do Ko\u015bcio\u0142a w Koryncie. Chocia\u017c ca\u0142e dzisiejsze<br \/>\ndrugie czytanie mo\u017ce si\u0119 wydawa\u0107 nieco dziwne, albo pozbawione<br \/>\ntre\u015bci, bo w sumie faktycznie <b>ca\u0142o\u015b\u0107 jest <\/b><b>jedynie<br \/>\n<\/b><b>wyd\u0142u\u017conym bezpo\u015brednim zwrotem do adresat\u00f3w.<\/b>\n<\/div>\n<div align=\"JUSTIFY\" style=\"margin-bottom: 0cm; text-indent: 1.25cm;\">\nS\u0142yszymy<br \/>\nbowiem: <i><b>Pawe\u0142 <\/b><\/i><b>[\u2026]<\/b><i><b> i Sostenes, brat, do<br \/>\nKo\u015bcio\u0142a Bo\u017cego w Koryncie, do tych, kt\u00f3rzy zostali u\u015bwi\u0119ceni w<br \/>\nJezusie Chrystusie i powo\u0142ani do \u015bwi\u0119to\u015bci wesp\u00f3\u0142 ze<br \/>\nwszystkimi, kt\u00f3rzy na ka\u017cdym miejscu wzywaj\u0105 imienia Pana naszego,<br \/>\nJezusa Chrystusa, ich i naszego Pana<\/b><\/i><i> \u2013<\/i> i dopiero po<br \/>\ntej formule nast\u0119puje w\u0142a\u015bciwa tre\u015b\u0107 listu, a ona w dzisiejszym<br \/>\nczytaniu <b>stanowi zaledwie jedno zdanie: <\/b><i><b>\u0141aska wam i<br \/>\npok\u00f3j od Boga Ojca naszego i od Pana Jezusa Chrystusa<\/b><\/i><b>.<\/b><br \/>\nTo taki dziwny list o zmienionych proporcjach: adres, a wi\u0119c<br \/>\nstwierdzenie, do kogo si\u0119 pisze, jest znacznie d\u0142u\u017csze od tego, co<br \/>\nsi\u0119 chce do tego kogo\u015b napisa\u0107.\n<\/div>\n<div align=\"JUSTIFY\" style=\"margin-bottom: 0cm; text-indent: 1.25cm;\">\nPrzyznaj\u0119,<br \/>\n\u017ce kiedy przeczyta\u0142em po raz pierwszy to dzisiejsze czytanie z<br \/>\nListu do Koryntian,<b> zastanawia\u0142em si\u0119, o co tu chodzi?<\/b> Jaka<br \/>\ntre\u015b\u0107 jest w takim dziwnym czytaniu, je\u017celi nie ma \u017cadnych<br \/>\nkonkretnych stwierdze\u0144, \u017cadnych nakaz\u00f3w, \u017cadnych upomnie\u0144. Ot,<br \/>\npo prostu \u2013 jedno zdanie pozdrowie\u0144, skierowane do Koryntian.\n<\/div>\n<div align=\"JUSTIFY\" style=\"margin-bottom: 0cm; text-indent: 1.25cm;\">\nAle<br \/>\npo spokojnej refleksji doszed\u0142em do wniosku, <b>\u017ce ca\u0142a tajemnica<br \/>\ni ca\u0142a zasadnicza tre\u015b\u0107 tego czytania tkwi w\u0142a\u015bnie w tym<br \/>\nbezpo\u015brednim zwrocie do Koryntian<\/b>, a dok\u0142adniej \u2013 w tym, co<br \/>\nPawe\u0142 napisa\u0142 o Koryntianach. A zawar\u0142 on tam kilka wa\u017cnych<br \/>\ninformacji, dotycz\u0105cych ich wiary, ich chrze\u015bcija\u0144skiego \u017cycia,<br \/>\nczyli \u2013 <b>da\u0142 o nich dobre \u015bwiadectwo.<\/b> To tutaj w\u0142a\u015bnie<br \/>\ntkwi zasadnicze przes\u0142anie dzisiejszego czytania.\n<\/div>\n<div align=\"JUSTIFY\" style=\"margin-bottom: 0cm; text-indent: 1.25cm;\">\nW\u0142a\u015bnie<br \/>\nz Paw\u0142owego pozdrowienia dowiadujemy si\u0119, jakimi byli Koryntianie <b>i<br \/>\njakie zalety ich postawy Pawe\u0142 dostrzega i akcentuje. <\/b>My\u015bl\u0119,<br \/>\n\u017ce gdyby dzisiejsze drugie czytanie by\u0142o d\u0142u\u017csze i zawiera\u0142o w<br \/>\nsobie wi\u0119cej tre\u015bci z Listu do Koryntian, <b>w\u00f3wczas zwr\u00f3ciliby\u015bmy<br \/>\nw naszych rozwa\u017caniach uwag\u0119 na te tre\u015bci<\/b> \u2013 na to, co Pawe\u0142<br \/>\nskarci, co uzna za godne na\u015bladowania, co i jak skomentuje. Bo \u2013<br \/>\nrzeczywi\u015bcie \u2013 List do Koryntian wiele takich uwag zawiera. A z<br \/>\npewno\u015bci\u0105 <b>nawet przez moment nie pomy\u015bleliby\u015bmy <\/b><b>o tym,<br \/>\naby zastanawia\u0107 si\u0119, co te\u017c pisze na pocz\u0105tku Listu.<\/b>\n<\/div>\n<div align=\"JUSTIFY\" style=\"margin-bottom: 0cm; text-indent: 1.25cm;\">\nWszak<br \/>\nmy wszyscy piszemy du\u017co maili, sms\u00f3w; coraz mniej, ale jeszcze<br \/>\nczasami piszemy tak\u017ce listy \u2013 i ka\u017cd\u0105 z tych wypowiedzi<br \/>\nzaczynamy od pozdrowie\u0144, formu\u0142 grzeczno\u015bciowych i innych, kt\u00f3re<br \/>\nzawsze si\u0119 pisze, bo tak wypada, ale <b>na kt\u00f3re z regu\u0142y nigdy<br \/>\nnie zwraca si\u0119 wi\u0119kszej uwagi<\/b><b>,<\/b> bo zawsze z ciekawo\u015bci\u0105<br \/>\nczyta si\u0119, co te\u017c wa\u017cnego zosta\u0142o zapisane w g\u0142\u00f3wnej cz\u0119\u015bci<br \/>\nowej wiadomo\u015bci, owego listu.\n<\/div>\n<div align=\"JUSTIFY\" style=\"margin-bottom: 0cm; text-indent: 1.25cm;\">\nA<br \/>\noto dzisiaj Pawe\u0142 wypowiada s\u0142owa pozdrowie\u0144 do Koryntian, za\u015b<br \/>\nLiturgia Ko\u015bcio\u0142a <b>ka\u017ce nam si\u0119 skoncentrowa\u0107 na tych w\u0142a\u015bnie<br \/>\ns\u0142owach<\/b> i zauwa\u017cy\u0107 w nich jakie\u015b przes\u0142anie. Tym przes\u0142aniem<br \/>\njest <b>przepi\u0119kne \u015bwiadectwo Paw\u0142a o \u017cywotno\u015bci m\u0142odego<br \/>\nKo\u015bcio\u0142a Korynckiego. <\/b>\n<\/div>\n<div align=\"JUSTIFY\" style=\"margin-bottom: 0cm; text-indent: 1.25cm;\">\nMoi<br \/>\nDrodzy, je\u017celi tak wnikliwie w tej chwili analizuj\u0119 takie oczywiste<br \/>\nkwestie, dotycz\u0105ce pisania list\u00f3w i je\u017celi tyle uwagi po\u015bwi\u0119cam<br \/>\nnawet moim osobistym odczuciom zwi\u0105zanym z tym czytaniem, to czyni\u0119<br \/>\ntak dlatego, \u017ce nasuwa mi si\u0119 <b>skojarzenie z pewnymi naszymi<br \/>\nprzyzwyczajeniami<\/b> i \u2013 do pewnego stopnia \u2013 chyba jednak wad\u0105,<br \/>\npolegaj\u0105c\u0105 na tym, \u017ce w codziennym zabieganiu <b>nie dostrzegamy<br \/>\ndobra u innych<\/b><b>,<\/b> a czasami nawet u siebie. Stykaj\u0105c si\u0119<br \/>\ncodziennie z tyloma lud\u017ami, czy to domownikami, czy to s\u0105siadami,<br \/>\nczy to z kole\u017ce\u0144stwem w pracy lub w szkole, <b>zbyt szybko<br \/>\nprzechodzimy do owej \u201edalszej cz\u0119\u015bci listu\u201d.<\/b>\n<\/div>\n<div align=\"JUSTIFY\" style=\"margin-bottom: 0cm; text-indent: 1.25cm;\">\nAbsorbuje<br \/>\nnas tak wiele spraw, boli nas tak wiele problem\u00f3w, \u017ce w sumie poza<br \/>\nnimi nie dostrzegamy wielkiego dobra, jakiego B\u00f3g nam codziennie<br \/>\nudziela. Jako\u015b tak przyzwyczaili\u015bmy si\u0119, <b>\u017ce kiedy dzieje si\u0119<br \/>\nco\u015b dobrego, to tak by\u0107 powinno, \u017cadna rewelacja. <\/b>Ale kiedy<br \/>\nstanie si\u0119 co\u015b z\u0142ego, kto\u015b co\u015b z\u0142ego powie albo zrobi, w\u00f3wczas<br \/>\n\u201ejedna s\u0105siadka drugiej s\u0105siadce\u201d i \u201etrzeci s\u0105siad czwartemu<br \/>\ns\u0105siadowi\u201d szybko to przeka\u017ce i zaraz ca\u0142a okolica tylko o tym<br \/>\nrozpowiada.\n<\/div>\n<div align=\"JUSTIFY\" style=\"margin-bottom: 0cm; text-indent: 1.25cm;\">\nI<br \/>\ndlatego \u2013 wydaje mi si\u0119 \u2013 mamy tak\u0105 rzeczywisto\u015b\u0107, jak\u0105<br \/>\nmamy, <b>\u017ce my j\u0105 sami tak\u0105 tworzymy w naszych rozmowach, w<br \/>\nnaszych relacjach wzajemnych.<\/b> Na dobro nie zwracamy wi\u0119kszej<br \/>\nuwagi, na z\u0142o \u2013 znacznie wi\u0119ksz\u0105 i w\u00f3wczas mo\u017ce si\u0119 wydawa\u0107,<br \/>\n\u017ce \u017cyjemy w rzeczywisto\u015bci bardzo trudnej. <b>Ona z pewno\u015bci\u0105<br \/>\nnie jest \u0142atwa,<\/b> ale mo\u017ce okaza\u0142aby si\u0119 ja\u015bniejsz\u0105, gdyby\u015bmy<br \/>\nbardziej tego sami chcieli.\n<\/div>\n<div align=\"JUSTIFY\" style=\"margin-bottom: 0cm; text-indent: 1.25cm;\">\nZauwa\u017cmy,<br \/>\nKochani, jak ma\u0142o dostrzegamy dobra w tym, \u017ce obok nas \u017cyj\u0105 nasi<br \/>\nbliscy, <b>\u017ce mamy wok\u00f3\u0142 siebie cz\u0142onk\u00f3w naszych rodzin, naszych<br \/>\n<\/b><b>s\u0105siad\u00f3w<\/b><b>, koleg\u00f3w\u2026<\/b> Ja sam spotka\u0142em si\u0119 ju\u017c<br \/>\nkilka razy z tak\u0105 sytuacj\u0105, \u017ce <b>m\u0105\u017c narzeka na \u017con\u0119<\/b><b>,<\/b><br \/>\n\u201ebiadoli\u201d, \u017ce taka, a nie inna, \u017ce \u201enie wytrzyma z ni\u0105 ju\u017c<br \/>\nd\u0142u\u017cej\u201d. Ale wystarczy\u0142o, <b>\u017ce \u017cona znalaz\u0142a si\u0119 w<br \/>\nszpitalu,<\/b> a on nie m\u00f3g\u0142 sobie znale\u017a\u0107 miejsca w domu i dr\u017ca\u0142<br \/>\no to, aby jej si\u0119 nic nie sta\u0142o, aby jak najszybciej wyzdrowia\u0142a.<br \/>\n<b>I zdarza si\u0119 tak, i\u017c \u017cona narzeka na m\u0119\u017ca,<\/b> bo pije, bo<br \/>\nci\u0105g\u0142e k\u0142\u00f3tnie w domu, ale kiedy go zabraknie, to jednak ta<br \/>\nstrata boli ogromnie.\n<\/div>\n<div align=\"JUSTIFY\" style=\"margin-bottom: 0cm; text-indent: 1.25cm;\">\nMoi<br \/>\nDrodzy, zobaczmy, jak wielkim b\u0142ogos\u0142awie\u0144stwem jest dla nas ka\u017cdy<br \/>\ndrugi cz\u0142owiek, kt\u00f3ry jest na naszej drodze. <b>Czy potrafimy o tym<br \/>\ndrugim cz\u0142owieku da\u0107 dobre \u015bwiadectwo? <\/b><b>Czy potrafimy<br \/>\nwypowiedzie\u0107 nasz\u0105 rado\u015b\u0107 z faktu, \u017ce jest on obok nas?<\/b><br \/>\nPomy\u015blmy teraz przez moment o naszych najbli\u017cszych i spr\u00f3bujmy<br \/>\nwyobrazi\u0107 sobie sytuacj\u0119, \u017ce oto dzisiaj zabrak\u0142o kogo\u015b z<br \/>\nnaszych najbli\u017cszych. <b>Jak b\u0119dziemy si\u0119 czuli?<\/b> Czy pomimo<br \/>\ntego, \u017ce ten cz\u0142owiek mo\u017ce naprawd\u0119 du\u017co cierpliwo\u015bci obecnie<br \/>\nnas kosztuje \u2013 b\u0119dziemy czuli ulg\u0119, kiedy go zabraknie, czy<br \/>\njednak poczujemy b\u00f3l i strat\u0119?\n<\/div>\n<div align=\"JUSTIFY\" style=\"margin-bottom: 0cm; text-indent: 1.25cm;\">\n<b>Czy<br \/>\nzatem nie trzeba by\u0142oby do naszych modlitw w\u0142\u0105czy\u0107 dzi\u0119kczynienia<\/b><br \/>\nza to, \u017ce mamy wok\u00f3\u0142 siebie tylu dobrych ludzi, \u017ce mamy wok\u00f3\u0142<br \/>\nsiebie cz\u0142onk\u00f3w naszych rodzin, \u017ce mamy si\u0119 do kogo odezwa\u0107?<br \/>\nChodzi mi o to ca\u0142y czas, Kochani, aby\u015bmy <b>dostrzegli Bo\u017c\u0105<br \/>\nobecno\u015b\u0107 i Bo\u017ce dzia\u0142anie w sprawach, kt\u00f3re wydaj\u0105 nam si\u0119 tak<br \/>\noczywiste, \u017ce ju\u017c nie dziwi\u0105.<\/b> A jednak, same w sobie, sprawy<br \/>\nte s\u0105 nadzwyczajne i niezwyk\u0142e. Drugi cz\u0142owiek zawsze jest<br \/>\nrzeczywisto\u015bci\u0105 <b>w jakim\u015b sensie niezwyk\u0142\u0105. <\/b>\n<\/div>\n<div align=\"JUSTIFY\" style=\"margin-bottom: 0cm; text-indent: 1.25cm;\">\nI<br \/>\nmo\u017ce dobrze by\u0142oby, aby\u015bmy cz\u0119\u015bciej dawali to dobre \u015bwiadectwo,<br \/>\naby\u015bmy w naszych rozmowach nie przechodzili od razu do \u201edrugiej<br \/>\ncz\u0119\u015bci listu\u201d, ale by\u015bmy potrafili wypowiedzie\u0107 wdzi\u0119czno\u015b\u0107<br \/>\ni rado\u015b\u0107 drugiemu cz\u0142owiekowi <b>za to, \u017ce jest, \u017ce jest w nim<br \/>\nnaprawd\u0119 du\u017co dobra i \u017ce tyle dla nas znaczy.<\/b> Mo\u017ce trzeba,<br \/>\naby\u015bmy sobie czasami powiedzieli, <b>\u017ce nam na sobie zale\u017cy,<\/b><br \/>\n\u017ce nam siebie nawzajem bardzo potrzeba.\n<\/div>\n<div align=\"JUSTIFY\" style=\"margin-bottom: 0cm; text-indent: 1.25cm;\">\nJa<br \/>\nwiem, \u017ce w mi\u0142o\u015bci jak najmniej trzeba k\u0142a\u015b\u0107 akcent na s\u0142owa,<br \/>\nbo znacznie wi\u0119cej znacz\u0105 czyny, ale i <b>s\u0142owa nie s\u0105 bez<br \/>\nznaczenia.<\/b> Tym bardziej, \u017ce tak du\u017co wypowiadamy s\u0142\u00f3w ostrych<br \/>\ni twardych, cz\u0119sto przykrych. I mo\u017ce te\u017c trzeba, aby\u015bmy <b>pisz\u0105c<br \/>\ndo siebie <\/b><b>wiadomo\u015bci, maile, <\/b><b>listy <\/b><b>\u2013<\/b><b><br \/>\nbardziej rozbudowali t\u0119 pierwsz\u0105 cz\u0119\u015b\u0107,<\/b> aby sta\u0107 nas by\u0142o<br \/>\nna kilka szczerych, ciep\u0142ych s\u0142\u00f3w pod adresem tej drugiej osoby,<br \/>\naby sta\u0107 nas by\u0142o na wypowiedzenie wdzi\u0119czno\u015bci za dobro<br \/>\notrzymane.\n<\/div>\n<div align=\"JUSTIFY\" style=\"margin-bottom: 0cm; text-indent: 1.25cm;\">\nI<br \/>\nmo\u017ce te\u017c trzeba, aby\u015bmy wysy\u0142aj\u0105c do siebie \u017cyczenia<br \/>\n\u015bwi\u0105teczne, umieli nie tylko wypisa\u0107 kilka s\u0142\u00f3w w stylu:<br \/>\n\u201eWszystkiego najlepszego, szcz\u0119\u015bcia, zdrowia\u201d i tak dalej, ale<br \/>\nby\u015bmy si\u0119 odwa\u017cyli <b>napisa\u0107 co\u015b szczerego od serca \u2013<\/b><b><br \/>\n<\/b><b>mo\u017ce tylko jedno zdanie, <\/b><b>ale <\/b><b>kt\u00f3re jednak<br \/>\nucieszy<\/b><b>.<\/b>\n<\/div>\n<div align=\"JUSTIFY\" style=\"margin-bottom: 0cm; text-indent: 1.25cm;\">\nMi<br \/>\ntu, Kochani, nie chodzi o jakie\u015b tanie i naiwne komplementy, kt\u00f3re<br \/>\nb\u0119dziemy sobie prawili dla przys\u0142owiowego \u201ezamydlenia oczu\u201d.<br \/>\nChodzi mi o to, aby\u015bmy <b>dostrzegali to dobro, kt\u00f3re ju\u017c<br \/>\nistnieje,<\/b> kt\u00f3re ju\u017c jest \u2013 i aby\u015bmy z tego dobra potrafili<br \/>\nsi\u0119 cieszy\u0107, za nie Bogu dzi\u0119kowa\u0107, o tym dobru dawa\u0107 prawdziwe<br \/>\n\u015bwiadectwo.\n<\/div>\n<div align=\"JUSTIFY\" style=\"margin-bottom: 0cm; text-indent: 1.25cm;\">\nM\u00f3wi<br \/>\nsi\u0119 o nas, Polakach, \u017ce na wszystko narzekamy i jeste\u015bmy narodem<br \/>\nnastawionym pesymistycznie. Nie wiem, ile w tym stwierdzeniu jest<br \/>\nprawdy, ka\u017cdy musi to na w\u0142asnym odcinku rzetelnie oceni\u0107. Ale ja<br \/>\nsam przy\u0142apuj\u0119 si\u0119 na tym, <b>\u017ce \u0142atwiej mi jest zauwa\u017cy\u0107<br \/>\njak\u0105\u015b wad\u0119, jakie\u015b z\u0142o, ni\u017c pochwali\u0107 czy wskaza\u0107 dobro<\/b><b>,<\/b><br \/>\n\u0142atwiej mi jest krytykowa\u0107 ni\u017c wypowiada\u0107 si\u0119 pozytywnie. A<br \/>\ntymczasem <b>ka\u017cda krytyka, kt\u00f3r\u0105 trzeba tak\u017ce wypowiedzie\u0107 i<br \/>\nka\u017cde zauwa\u017cone z\u0142o musi mie\u0107 przeciwwag\u0119 w postaci konkretnego<br \/>\ndobra,<\/b> kt\u00f3re jednocze\u015bnie b\u0119dzie drog\u0105 wyj\u015bcia z tego z\u0142a.\n<\/div>\n<div align=\"JUSTIFY\" style=\"margin-bottom: 0cm; text-indent: 1.25cm;\">\nPozostaje<br \/>\nmi w pami\u0119ci postawa mojego seminaryjnego Spowiednika, kt\u00f3ry ile<br \/>\nrazy ko\u0144czy\u0142 Spowied\u017a i mia\u0142 zada\u0107 pokut\u0119, zawsze zaczyna\u0142 to<br \/>\nod takich oto s\u0142\u00f3w: \u201eW duchu <b>dzi\u0119kczynienia<\/b> za dobro,<br \/>\njakie w ostatnim czasie si\u0119 w Twoim \u017cyciu dokona\u0142o i w duchu<br \/>\n<b>przeproszenia<\/b> za grzechy \u2013 prosz\u0119 odm\u00f3wi\u0107 tak\u0105 czy inn\u0105<br \/>\nmodlitw\u0119\u201d. Tak by\u0142o zawsze i nie ukrywam, <b>\u017ce bardzo mi si\u0119<br \/>\npodoba\u0142o takie stawianie sprawy.<\/b><\/div>\n<div align=\"JUSTIFY\" style=\"margin-bottom: 0cm; text-indent: 1.25cm;\">\nI<br \/>\ndlatego, moi Drodzy, dzisiaj razem z Wami chc\u0119 si\u0119 modli\u0107 o to,<br \/>\naby\u015bmy wszyscy potrafili <b>docenia\u0107 ka\u017cde dobro,<\/b> jakie jest<br \/>\nnaszym udzia\u0142em \u2013 i dawa\u0107 o sobie nawzajem dobre \u015bwiadectwo.<\/div>\n","protected":false},"excerpt":{"rendered":"<p>Niech b\u0119dzie pochwalony Jezus Chrystus! Kochani, bardzo polecam Waszej uwadze \u015bwiadectwo dotycz\u0105ce wizyty duszpasterskiej w akademiku, jakie w swoim wpisie zamie\u015bci\u0142 Artur.&nbsp; &nbsp; &nbsp;Przyznaj\u0119, \u017ce w drugim roku swego kap\u0142a\u0144stwa, kiedy uczy\u0142em w technikum, przy kt\u00f3rym by\u0142 internat, w\u0142a\u015bnie w tym\u017ce internacie tak\u017ce zrobi\u0142em kol\u0119d\u0119, przy czym ja odwiedza\u0142em moich Uczni\u00f3w w ich pokojach.&nbsp; &nbsp; [&hellip;]<\/p>\n","protected":false},"author":1,"featured_media":0,"comment_status":"open","ping_status":"open","sticky":false,"template":"","format":"standard","meta":{"jetpack_post_was_ever_published":false,"_jetpack_newsletter_access":"","_jetpack_dont_email_post_to_subs":false,"_jetpack_newsletter_tier_id":0,"_jetpack_memberships_contains_paywalled_content":false,"_jetpack_memberships_contains_paid_content":false,"footnotes":""},"categories":[1],"tags":[],"class_list":["post-8875","post","type-post","status-publish","format-standard","hentry","category-bez-kategorii"],"yoast_head":"<!-- This site is optimized with the Yoast SEO plugin v25.1 - https:\/\/yoast.com\/wordpress\/plugins\/seo\/ -->\n<title>Nie narzekajmy! - Gaudium Et Spes<\/title>\n<meta name=\"robots\" content=\"index, follow, max-snippet:-1, max-image-preview:large, max-video-preview:-1\" \/>\n<link rel=\"canonical\" href=\"https:\/\/gaudiumetspes-blog.pl\/index.php\/2014\/01\/19\/nie-narzekajmy\/\" \/>\n<meta property=\"og:locale\" content=\"pl_PL\" \/>\n<meta property=\"og:type\" content=\"article\" \/>\n<meta property=\"og:title\" content=\"Nie narzekajmy! - Gaudium Et Spes\" \/>\n<meta property=\"og:description\" content=\"Niech b\u0119dzie pochwalony Jezus Chrystus! Kochani, bardzo polecam Waszej uwadze \u015bwiadectwo dotycz\u0105ce wizyty duszpasterskiej w akademiku, jakie w swoim wpisie zamie\u015bci\u0142 Artur.&nbsp; &nbsp; &nbsp;Przyznaj\u0119, \u017ce w drugim roku swego kap\u0142a\u0144stwa, kiedy uczy\u0142em w technikum, przy kt\u00f3rym by\u0142 internat, w\u0142a\u015bnie w tym\u017ce internacie tak\u017ce zrobi\u0142em kol\u0119d\u0119, przy czym ja odwiedza\u0142em moich Uczni\u00f3w w ich pokojach.&nbsp; &nbsp; [&hellip;]\" \/>\n<meta property=\"og:url\" content=\"https:\/\/gaudiumetspes-blog.pl\/index.php\/2014\/01\/19\/nie-narzekajmy\/\" \/>\n<meta property=\"og:site_name\" content=\"Gaudium Et Spes\" \/>\n<meta property=\"article:published_time\" content=\"2014-01-19T04:41:00+00:00\" \/>\n<meta property=\"article:modified_time\" content=\"2019-07-31T10:54:26+00:00\" \/>\n<meta name=\"author\" content=\"Ks. Jacek\" \/>\n<meta name=\"twitter:card\" content=\"summary_large_image\" \/>\n<meta name=\"twitter:label1\" content=\"Napisane przez\" \/>\n\t<meta name=\"twitter:data1\" content=\"Ks. Jacek\" \/>\n\t<meta name=\"twitter:label2\" content=\"Szacowany czas czytania\" \/>\n\t<meta name=\"twitter:data2\" content=\"13 minut\" \/>\n<script type=\"application\/ld+json\" class=\"yoast-schema-graph\">{\"@context\":\"https:\/\/schema.org\",\"@graph\":[{\"@type\":\"WebPage\",\"@id\":\"https:\/\/gaudiumetspes-blog.pl\/index.php\/2014\/01\/19\/nie-narzekajmy\/\",\"url\":\"https:\/\/gaudiumetspes-blog.pl\/index.php\/2014\/01\/19\/nie-narzekajmy\/\",\"name\":\"Nie narzekajmy! - Gaudium Et Spes\",\"isPartOf\":{\"@id\":\"https:\/\/gaudiumetspes-blog.pl\/#website\"},\"datePublished\":\"2014-01-19T04:41:00+00:00\",\"dateModified\":\"2019-07-31T10:54:26+00:00\",\"author\":{\"@id\":\"https:\/\/gaudiumetspes-blog.pl\/#\/schema\/person\/1661982992b752dea8dff0d4ed845a65\"},\"breadcrumb\":{\"@id\":\"https:\/\/gaudiumetspes-blog.pl\/index.php\/2014\/01\/19\/nie-narzekajmy\/#breadcrumb\"},\"inLanguage\":\"pl-PL\",\"potentialAction\":[{\"@type\":\"ReadAction\",\"target\":[\"https:\/\/gaudiumetspes-blog.pl\/index.php\/2014\/01\/19\/nie-narzekajmy\/\"]}]},{\"@type\":\"BreadcrumbList\",\"@id\":\"https:\/\/gaudiumetspes-blog.pl\/index.php\/2014\/01\/19\/nie-narzekajmy\/#breadcrumb\",\"itemListElement\":[{\"@type\":\"ListItem\",\"position\":1,\"name\":\"Strona g\u0142\u00f3wna\",\"item\":\"https:\/\/gaudiumetspes-blog.pl\/\"},{\"@type\":\"ListItem\",\"position\":2,\"name\":\"Nie&nbsp;narzekajmy!\"}]},{\"@type\":\"WebSite\",\"@id\":\"https:\/\/gaudiumetspes-blog.pl\/#website\",\"url\":\"https:\/\/gaudiumetspes-blog.pl\/\",\"name\":\"Gaudium Et Spes\",\"description\":\"Blog Ks. Jacka Ja\u015bkowskiego\",\"potentialAction\":[{\"@type\":\"SearchAction\",\"target\":{\"@type\":\"EntryPoint\",\"urlTemplate\":\"https:\/\/gaudiumetspes-blog.pl\/?s={search_term_string}\"},\"query-input\":{\"@type\":\"PropertyValueSpecification\",\"valueRequired\":true,\"valueName\":\"search_term_string\"}}],\"inLanguage\":\"pl-PL\"},{\"@type\":\"Person\",\"@id\":\"https:\/\/gaudiumetspes-blog.pl\/#\/schema\/person\/1661982992b752dea8dff0d4ed845a65\",\"name\":\"Ks. Jacek\",\"image\":{\"@type\":\"ImageObject\",\"inLanguage\":\"pl-PL\",\"@id\":\"https:\/\/gaudiumetspes-blog.pl\/#\/schema\/person\/image\/\",\"url\":\"https:\/\/gaudiumetspes-blog.pl\/wp-content\/uploads\/2019\/07\/avatar-JJ-150x150.jpg\",\"contentUrl\":\"https:\/\/gaudiumetspes-blog.pl\/wp-content\/uploads\/2019\/07\/avatar-JJ-150x150.jpg\",\"caption\":\"Ks. Jacek\"},\"description\":\"Witam serdecznie! K\u0142ania si\u0119 Ks. Jacek Ja\u015bkowski. Nie jestem ani kim\u015b wa\u017cnym, ani kim\u015b znanym. Jestem ksi\u0119dzem, kt\u00f3ry po prostu chce rozmawia\u0107. Codzienna kap\u0142a\u0144ska pos\u0142uga pokazuje mi, \u017ce temat\u00f3w do rozm\u00f3w z ksi\u0119dzem jest coraz wi\u0119cej i dzisiaj \u017caden ksi\u0105dz nie mo\u017ce od nich ucieka\u0107, ale - wprost przeciwnie - podejmowa\u0107 nowe wyzwania. To przekonanie sk\u0142oni\u0142o mnie do pr\u00f3by otwarcia tego\u017c bloga, chocia\u017c okazji do rozm\u00f3w na co dzie\u0144 - w konfesjonale i poza nim - na szcz\u0119\u015bcie nie brakuje. My\u015bl\u0119 jednak, \u017ce ten blog b\u0119dzie jeszcze jednym sposobem i przestrzeni\u0105 nawi\u0105zania kontaktu z lud\u017ami dobrej woli, otwartymi na dialog.\",\"url\":\"https:\/\/gaudiumetspes-blog.pl\/index.php\/author\/ks-jacek\/\"}]}<\/script>\n<!-- \/ Yoast SEO plugin. -->","yoast_head_json":{"title":"Nie narzekajmy! - Gaudium Et Spes","robots":{"index":"index","follow":"follow","max-snippet":"max-snippet:-1","max-image-preview":"max-image-preview:large","max-video-preview":"max-video-preview:-1"},"canonical":"https:\/\/gaudiumetspes-blog.pl\/index.php\/2014\/01\/19\/nie-narzekajmy\/","og_locale":"pl_PL","og_type":"article","og_title":"Nie narzekajmy! - Gaudium Et Spes","og_description":"Niech b\u0119dzie pochwalony Jezus Chrystus! Kochani, bardzo polecam Waszej uwadze \u015bwiadectwo dotycz\u0105ce wizyty duszpasterskiej w akademiku, jakie w swoim wpisie zamie\u015bci\u0142 Artur.&nbsp; &nbsp; &nbsp;Przyznaj\u0119, \u017ce w drugim roku swego kap\u0142a\u0144stwa, kiedy uczy\u0142em w technikum, przy kt\u00f3rym by\u0142 internat, w\u0142a\u015bnie w tym\u017ce internacie tak\u017ce zrobi\u0142em kol\u0119d\u0119, przy czym ja odwiedza\u0142em moich Uczni\u00f3w w ich pokojach.&nbsp; &nbsp; [&hellip;]","og_url":"https:\/\/gaudiumetspes-blog.pl\/index.php\/2014\/01\/19\/nie-narzekajmy\/","og_site_name":"Gaudium Et Spes","article_published_time":"2014-01-19T04:41:00+00:00","article_modified_time":"2019-07-31T10:54:26+00:00","author":"Ks. Jacek","twitter_card":"summary_large_image","twitter_misc":{"Napisane przez":"Ks. Jacek","Szacowany czas czytania":"13 minut"},"schema":{"@context":"https:\/\/schema.org","@graph":[{"@type":"WebPage","@id":"https:\/\/gaudiumetspes-blog.pl\/index.php\/2014\/01\/19\/nie-narzekajmy\/","url":"https:\/\/gaudiumetspes-blog.pl\/index.php\/2014\/01\/19\/nie-narzekajmy\/","name":"Nie narzekajmy! - Gaudium Et Spes","isPartOf":{"@id":"https:\/\/gaudiumetspes-blog.pl\/#website"},"datePublished":"2014-01-19T04:41:00+00:00","dateModified":"2019-07-31T10:54:26+00:00","author":{"@id":"https:\/\/gaudiumetspes-blog.pl\/#\/schema\/person\/1661982992b752dea8dff0d4ed845a65"},"breadcrumb":{"@id":"https:\/\/gaudiumetspes-blog.pl\/index.php\/2014\/01\/19\/nie-narzekajmy\/#breadcrumb"},"inLanguage":"pl-PL","potentialAction":[{"@type":"ReadAction","target":["https:\/\/gaudiumetspes-blog.pl\/index.php\/2014\/01\/19\/nie-narzekajmy\/"]}]},{"@type":"BreadcrumbList","@id":"https:\/\/gaudiumetspes-blog.pl\/index.php\/2014\/01\/19\/nie-narzekajmy\/#breadcrumb","itemListElement":[{"@type":"ListItem","position":1,"name":"Strona g\u0142\u00f3wna","item":"https:\/\/gaudiumetspes-blog.pl\/"},{"@type":"ListItem","position":2,"name":"Nie&nbsp;narzekajmy!"}]},{"@type":"WebSite","@id":"https:\/\/gaudiumetspes-blog.pl\/#website","url":"https:\/\/gaudiumetspes-blog.pl\/","name":"Gaudium Et Spes","description":"Blog Ks. Jacka Ja\u015bkowskiego","potentialAction":[{"@type":"SearchAction","target":{"@type":"EntryPoint","urlTemplate":"https:\/\/gaudiumetspes-blog.pl\/?s={search_term_string}"},"query-input":{"@type":"PropertyValueSpecification","valueRequired":true,"valueName":"search_term_string"}}],"inLanguage":"pl-PL"},{"@type":"Person","@id":"https:\/\/gaudiumetspes-blog.pl\/#\/schema\/person\/1661982992b752dea8dff0d4ed845a65","name":"Ks. Jacek","image":{"@type":"ImageObject","inLanguage":"pl-PL","@id":"https:\/\/gaudiumetspes-blog.pl\/#\/schema\/person\/image\/","url":"https:\/\/gaudiumetspes-blog.pl\/wp-content\/uploads\/2019\/07\/avatar-JJ-150x150.jpg","contentUrl":"https:\/\/gaudiumetspes-blog.pl\/wp-content\/uploads\/2019\/07\/avatar-JJ-150x150.jpg","caption":"Ks. Jacek"},"description":"Witam serdecznie! K\u0142ania si\u0119 Ks. Jacek Ja\u015bkowski. Nie jestem ani kim\u015b wa\u017cnym, ani kim\u015b znanym. Jestem ksi\u0119dzem, kt\u00f3ry po prostu chce rozmawia\u0107. Codzienna kap\u0142a\u0144ska pos\u0142uga pokazuje mi, \u017ce temat\u00f3w do rozm\u00f3w z ksi\u0119dzem jest coraz wi\u0119cej i dzisiaj \u017caden ksi\u0105dz nie mo\u017ce od nich ucieka\u0107, ale - wprost przeciwnie - podejmowa\u0107 nowe wyzwania. To przekonanie sk\u0142oni\u0142o mnie do pr\u00f3by otwarcia tego\u017c bloga, chocia\u017c okazji do rozm\u00f3w na co dzie\u0144 - w konfesjonale i poza nim - na szcz\u0119\u015bcie nie brakuje. My\u015bl\u0119 jednak, \u017ce ten blog b\u0119dzie jeszcze jednym sposobem i przestrzeni\u0105 nawi\u0105zania kontaktu z lud\u017ami dobrej woli, otwartymi na dialog.","url":"https:\/\/gaudiumetspes-blog.pl\/index.php\/author\/ks-jacek\/"}]}},"jetpack_featured_media_url":"","jetpack_sharing_enabled":true,"_links":{"self":[{"href":"https:\/\/gaudiumetspes-blog.pl\/index.php\/wp-json\/wp\/v2\/posts\/8875","targetHints":{"allow":["GET"]}}],"collection":[{"href":"https:\/\/gaudiumetspes-blog.pl\/index.php\/wp-json\/wp\/v2\/posts"}],"about":[{"href":"https:\/\/gaudiumetspes-blog.pl\/index.php\/wp-json\/wp\/v2\/types\/post"}],"author":[{"embeddable":true,"href":"https:\/\/gaudiumetspes-blog.pl\/index.php\/wp-json\/wp\/v2\/users\/1"}],"replies":[{"embeddable":true,"href":"https:\/\/gaudiumetspes-blog.pl\/index.php\/wp-json\/wp\/v2\/comments?post=8875"}],"version-history":[{"count":1,"href":"https:\/\/gaudiumetspes-blog.pl\/index.php\/wp-json\/wp\/v2\/posts\/8875\/revisions"}],"predecessor-version":[{"id":11407,"href":"https:\/\/gaudiumetspes-blog.pl\/index.php\/wp-json\/wp\/v2\/posts\/8875\/revisions\/11407"}],"wp:attachment":[{"href":"https:\/\/gaudiumetspes-blog.pl\/index.php\/wp-json\/wp\/v2\/media?parent=8875"}],"wp:term":[{"taxonomy":"category","embeddable":true,"href":"https:\/\/gaudiumetspes-blog.pl\/index.php\/wp-json\/wp\/v2\/categories?post=8875"},{"taxonomy":"post_tag","embeddable":true,"href":"https:\/\/gaudiumetspes-blog.pl\/index.php\/wp-json\/wp\/v2\/tags?post=8875"}],"curies":[{"name":"wp","href":"https:\/\/api.w.org\/{rel}","templated":true}]}}