{"id":8930,"date":"2013-11-25T08:33:00","date_gmt":"2013-11-25T07:33:00","guid":{"rendered":"https:\/\/gaudiumetspes-blog.pl\/index.php\/2013\/11\/25\/kto-powaznie-traktuje-boga\/"},"modified":"2019-07-31T12:54:21","modified_gmt":"2019-07-31T10:54:21","slug":"kto-powaznie-traktuje-boga","status":"publish","type":"post","link":"https:\/\/gaudiumetspes-blog.pl\/index.php\/2013\/11\/25\/kto-powaznie-traktuje-boga\/","title":{"rendered":"Kto powa\u017cnie traktuje Boga?&#8230;"},"content":{"rendered":"<div align=\"JUSTIFY\" style=\"margin-bottom: 0cm;\">\nSzcz\u0119\u015b\u0107 Bo\u017ce! Moi Drodzy, raz jeszcze og\u0142aszam, \u017ce zbieram ch\u0119tnych na wyjazd do Rzymu, na kanonizacj\u0119 Jana Paw\u0142a II i Jana XXIII. W razie zainteresowania, prosz\u0119 o kontakt na &#8222;Napisz do mnie&#8221;, bo mam jeszcze kilka wolnych miejsc. Wyjazd oczywi\u015bcie by\u0142by z T\u0142uszcza.&nbsp;<\/div>\n<div align=\"JUSTIFY\" style=\"margin-bottom: 0cm;\">\n&nbsp; &nbsp;Tymczasem \u017cycz\u0119 wszystkim b\u0142ogos\u0142awionego dnia i zapraszam do refleksji nad Bo\u017cym S\u0142owem.<\/div>\n<div align=\"JUSTIFY\" style=\"margin-bottom: 0cm;\">\n&nbsp; &nbsp; &nbsp; &nbsp; &nbsp; &nbsp; &nbsp; &nbsp;Gaudium et spes! &nbsp;Ks. Jacek<\/div>\n<div align=\"JUSTIFY\" style=\"margin-bottom: 0cm;\">\n<b><br \/><\/b><\/div>\n<div align=\"JUSTIFY\" style=\"margin-bottom: 0cm;\">\n<b>Poniedzia\u0142ek<br \/>\n34 Tygodnia zwyk\u0142ego, rok I,<\/b><\/div>\n<div align=\"JUSTIFY\" style=\"margin-bottom: 0cm;\">\n<b>do<br \/>\nczyta\u0144:  Dn 1,1\u20136.8\u201320;  \u0141k 21,1\u20134<\/b><\/div>\n<div align=\"JUSTIFY\" style=\"margin-bottom: 0cm;\">\n<\/div>\n<div align=\"JUSTIFY\" style=\"margin-bottom: 0cm; page-break-before: auto;\">\n<b>CZYTANIE<br \/>\nZ KSI\u0118GI PROROKA DANIELA: <\/b>\n<\/div>\n<div align=\"JUSTIFY\" style=\"margin-bottom: 0cm; text-indent: 1.24cm;\">\n<b>W<br \/>\ntrzecim roku panowania kr\u00f3la judzkiego Jojakima przyby\u0142 kr\u00f3l<br \/>\nbabilo\u0144ski Nabuchodonozor pod Jerozolim\u0119 i oblega\u0142 j\u0105. Pan wyda\u0142<br \/>\nw jego r\u0119ce kr\u00f3la judzkiego Jojakima oraz cz\u0119\u015b\u0107 naczy\u0144 domu<br \/>\nBo\u017cego, kt\u00f3re zabra\u0142 do ziemi Szinear do domu swego boga,<br \/>\numieszczaj\u0105c naczynia w skarbcu swego boga. <\/b>\n<\/div>\n<div align=\"JUSTIFY\" style=\"margin-bottom: 0cm; text-indent: 1.24cm;\">\n<b>Kr\u00f3l<br \/>\npoleci\u0142 nast\u0119pnie Aszfenazowi, prze\u0142o\u017conemu swoich dworzan,<br \/>\nsprowadzi\u0107 spo\u015br\u00f3d Izraelit\u00f3w z rodu kr\u00f3lewskiego oraz z<br \/>\nmo\u017cnow\u0142adc\u00f3w m\u0142odzie\u0144c\u00f3w bez jakiejkolwiek skazy, o pi\u0119knym<br \/>\nwygl\u0105dzie, obeznanych z wszelk\u0105 m\u0105dro\u015bci\u0105, posiadaj\u0105cych wiedz\u0119<br \/>\ni obdarzonych rozumem, zdatnych do s\u0142u\u017cby w kr\u00f3lewskim pa\u0142acu.<br \/>\nZamierza\u0142 ich nauczy\u0107 pisma i j\u0119zyka chaldejskiego. Kr\u00f3l<br \/>\nprzydzieli\u0142 im codzienn\u0105 porcj\u0119 potraw kr\u00f3lewskich i wina, kt\u00f3re<br \/>\npija\u0142. Mieli by\u0107 wychowywani przez trzy lata, by po ich up\u0142ywie<br \/>\nrozpocz\u0105\u0107 s\u0142u\u017cb\u0119 przy kr\u00f3lu. <\/b>\n<\/div>\n<div align=\"JUSTIFY\" style=\"margin-bottom: 0cm; text-indent: 1.24cm;\">\n<b>Spo\u015br\u00f3d<br \/>\nsyn\u00f3w judzkich byli w\u015br\u00f3d nich Daniel, Chananiasz, Miszael i<br \/>\nAzariasz. Daniel powzi\u0105\u0142 postanowienie, by si\u0119 nie kala\u0107<br \/>\npotrawami kr\u00f3lewskimi ani winem, kt\u00f3re kr\u00f3l pija\u0142. Poprosi\u0142 wi\u0119c<br \/>\nnadzorc\u0119 s\u0142u\u017cby dworskiej, by nie musia\u0142 si\u0119 kala\u0107. <\/b>\n<\/div>\n<div align=\"JUSTIFY\" style=\"margin-bottom: 0cm; text-indent: 1.24cm;\">\n<b>B\u00f3g<br \/>\nza\u015b obdarzy\u0142 Daniela przychylno\u015bci\u0105 i mi\u0142osierdziem nadzorcy<br \/>\ns\u0142u\u017cby dworskiej. Nadzorca s\u0142u\u017cby dworskiej powiedzia\u0142 do<br \/>\nDaniela: \u201eObawiam si\u0119, by m\u00f3j pan, kr\u00f3l, kt\u00f3ry przydzieli\u0142 wam<br \/>\npo\u017cywienie i napoje, nie ujrza\u0142 waszych twarzy chudszych ni\u017c<br \/>\nm\u0142odzie\u0144c\u00f3w w waszym wieku i by\u015bcie nie narazili mojej g\u0142owy na<br \/>\nniebezpiecze\u0144stwo u kr\u00f3la\u201d. <\/b>\n<\/div>\n<div align=\"JUSTIFY\" style=\"margin-bottom: 0cm; text-indent: 1.24cm;\">\n<b>Daniel<br \/>\nza\u015b powiedzia\u0142 do stra\u017cnika, kt\u00f3rego ustanowi\u0142 nadzorca s\u0142u\u017cby<br \/>\ndworskiej nad Danielem, Chananiaszem, Miszaelem i Azariaszem: \u201ePoddaj<br \/>\ns\u0142ugi twoje dziesi\u0119ciodniowej pr\u00f3bie: niech nam daj\u0105 jarzyny do<br \/>\njedzenia i wod\u0119 do picia. Wtedy zobaczysz, jak my wygl\u0105damy, a jak<br \/>\nwygl\u0105daj\u0105 m\u0142odzie\u0144cy jedz\u0105cy potrawy kr\u00f3lewskie, i post\u0105pisz<br \/>\nze swoimi s\u0142ugami wed\u0142ug tego, co widzia\u0142e\u015b\u201d. <\/b>\n<\/div>\n<div align=\"JUSTIFY\" style=\"margin-bottom: 0cm; text-indent: 1.24cm;\">\n<b>Przysta\u0142<br \/>\nna to ich \u017c\u0105danie i podda\u0142 ich dziesi\u0119ciodniowej pr\u00f3bie. A po<br \/>\nup\u0142ywie dziesi\u0119ciu dni wygl\u0105d ich by\u0142 lepszy i zdrowszy ni\u017c<br \/>\ninnych m\u0142odzie\u0144c\u00f3w, kt\u00f3rzy spo\u017cywali potrawy kr\u00f3lewskie.<br \/>\nStra\u017cnik zabiera\u0142 wi\u0119c ich potrawy i wino do picia, a podawa\u0142 im<br \/>\njarzyny. <\/b>\n<\/div>\n<div align=\"JUSTIFY\" style=\"margin-bottom: 0cm; text-indent: 1.24cm;\">\n<b>Da\u0142<br \/>\nza\u015b B\u00f3g tym czterem m\u0142odzie\u0144com wiedz\u0119 i umiej\u0119tno\u015b\u0107<br \/>\nwszelkiego pisma oraz m\u0105dro\u015b\u0107. Daniel mia\u0142 dar rozeznawania<br \/>\nwszelkich widze\u0144 i sn\u00f3w. Gdy min\u0105\u0142 okres ustalony przez kr\u00f3la,<br \/>\nby ich przedstawi\u0107, nadzorca s\u0142u\u017cby dworskiej wprowadzi\u0142 ich<br \/>\nprzed Nabuchodonozora. <\/b>\n<\/div>\n<div align=\"JUSTIFY\" style=\"margin-bottom: 0cm; text-indent: 1.24cm;\">\n<b>Kr\u00f3l<br \/>\nrozmawia\u0142 z nimi i nie mo\u017cna by\u0142o znale\u017a\u0107 po\u015br\u00f3d nich<br \/>\nwszystkich nikogo r\u00f3wnego Danielowi, Chananiaszowi, Miszaelowi i<br \/>\nAzariaszowi. Zacz\u0119li wi\u0119c sprawowa\u0107 s\u0142u\u017cb\u0119 przy kr\u00f3lu. We<br \/>\nwszystkich sprawach wymagaj\u0105cych m\u0105dro\u015bci i roztropno\u015bci, jakie<br \/>\nprzedstawia\u0142 im kr\u00f3l, okazywali si\u0119 dziesi\u0119ciokrotnie lepsi ni\u017c<br \/>\nwszyscy wyk\u0142adacze sn\u00f3w i wr\u00f3\u017cbici w ca\u0142ym jego kr\u00f3lestwie.<\/b><\/div>\n<div align=\"JUSTIFY\" style=\"margin-bottom: 0cm;\">\n<\/div>\n<div align=\"JUSTIFY\" style=\"margin-bottom: 0cm;\">\n<b>S\u0141OWA<br \/>\nEWANGELII WED\u0141UG \u015aWI\u0118TEGO \u0141UKASZA: <\/b>\n<\/div>\n<div align=\"JUSTIFY\" style=\"margin-bottom: 0cm; text-indent: 1.24cm;\">\n<b>Gdy<br \/>\nJezus podni\u00f3s\u0142 oczy, zobaczy\u0142, jak bogaci wrzucali swe ofiary do<br \/>\nskarbony. Zobaczy\u0142 te\u017c, jak uboga jaka\u015b wdowa wrzuci\u0142a tam dwa<br \/>\npieni\u0105\u017cki. <\/b>\n<\/div>\n<div align=\"JUSTIFY\" style=\"margin-bottom: 0cm; text-indent: 1.24cm;\">\n<b>I<br \/>\nrzek\u0142: \u201ePrawdziwie powiadam wam: Ta uboga wdowa wrzuci\u0142a wi\u0119cej<br \/>\nni\u017c wszyscy inni. Wszyscy bowiem wrzucali na ofiar\u0119 z tego, co im<br \/>\nzbywa\u0142o; ta za\u015b z niedostatku swego wrzuci\u0142a wszystko, co mia\u0142a<br \/>\nna utrzymanie\u201d.<\/b><\/div>\n<div align=\"JUSTIFY\" style=\"margin-bottom: 0cm;\">\n<\/div>\n<div align=\"JUSTIFY\" style=\"margin-bottom: 0cm; page-break-before: auto; text-indent: 1.24cm;\">\nNawet<br \/>\nna dworze kr\u00f3la babilo\u0144skiego Daniel, Chananiasz, Miszael i<br \/>\nAzariasz \u2013 czterej m\u0142odzi ludzie, umieszczeni tam po podbiciu<br \/>\nJerozolimy \u2013 <b>pozostali wierni swoim religijnym zasadom. <\/b>I<br \/>\nnawet okaza\u0142o si\u0119, \u017ce w opisanym dzi\u015b przypadku <b>nie wi\u0105za\u0142o<br \/>\nsi\u0119 to z \u017cadnymi konsekwencjami, <\/b>bo Daniel zdoby\u0142 sobie<br \/>\nprzychylno\u015b\u0107 nadzorcy s\u0142u\u017cby dworskiej, dlatego<b> jego pro\u015bba<br \/>\nzosta\u0142a spe\u0142niona:<\/b> nie musia\u0142 ani on, ani jego przyjaciele,<br \/>\nspo\u017cywa\u0107 potraw ze sto\u0142u kr\u00f3lewskiego.\n<\/div>\n<div align=\"JUSTIFY\" style=\"margin-bottom: 0cm; text-indent: 1.24cm;\">\nJak<br \/>\nwczytamy si\u0119 dok\u0142adnie w histori\u0119 owych czterech m\u0142odych ludzi,<br \/>\nto przekonamy si\u0119, \u017ce nie zawsze by\u0142o tak s\u0142odko i mi\u0142o, bo<br \/>\nzazdro\u015b\u0107 najbli\u017cszego otoczenia kr\u00f3la nieraz przyprawi\u0142a ich o<br \/>\nprzykro\u015bci, <b>ale oni pozostali bezwzgl\u0119dnie wierni Bogu i<br \/>\nustalonym przez Niego prawom. <\/b>\n<\/div>\n<div align=\"JUSTIFY\" style=\"margin-bottom: 0cm; text-indent: 1.24cm;\">\nA<br \/>\nprzecie\u017c gdyby w ca\u0142ej tej sytuacji, w jakiej si\u0119 znale\u017ali,<br \/>\npozwolili sobie na jakie\u015b <b>drobne ust\u0119pstwa, <\/b>czy by\u0142oby to<br \/>\nczym\u015b nagannym, albo mo\u017ce niezrozumia\u0142ym? Nie, to by\u0142oby wr\u0119cz<br \/>\noczywistym, \u017ce <b>skoro nie ma pe\u0142nej wolno\u015bci, to nie ma tak\u017ce<br \/>\nmo\u017cliwo\u015bci zachowania wszystkich przepis\u00f3w Prawa Pa\u0144skiego,<\/b><br \/>\nwi\u0119c mo\u017cna uzna\u0107 to za okoliczno\u015b\u0107 \u0142agodz\u0105c\u0105. Tymczasem<br \/>\njednak ci m\u0142odzi, g\u0142\u0119boko wyrobieni ludzie, postanowili sobie, \u017ce<br \/>\nnawet w tych \u2013 powiedzmy to delikatnie \u2013 <b>niekomfortowych<br \/>\nwarunkach pozostan\u0105 wierni Panu! <\/b>\n<\/div>\n<div align=\"JUSTIFY\" style=\"margin-bottom: 0cm; text-indent: 1.24cm;\">\nA<br \/>\nczy\u017c uboga wdowa z dzisiejszej Ewangelii <b>mia\u0142a obowi\u0105zek odda\u0107<br \/>\ndo \u015bwi\u0105tynnej skarbony wszystko c<\/b><b>o<\/b><b> mia\u0142a, <\/b>ca\u0142e<br \/>\nswoje utrzymanie? Czy\u017c nie by\u0142oby dla niej okoliczno\u015bci\u0105<br \/>\nusprawiedliwiaj\u0105c\u0105 <b>niez\u0142o\u017cenie \u017cadnej o<\/b><b>fiar<\/b><b>y,<br \/>\nalbo z\u0142o\u017cenie o wiele mniejszej <\/b>to, \u017ce naprawd\u0119 by\u0142a bardzo<br \/>\nbiedna i nie mia\u0142a \u015brodk\u00f3w do \u017cycia? Oczywi\u015bcie, \u017ce by\u0142oby to<br \/>\nokoliczno\u015bci\u0105 usprawiedliwiaj\u0105c\u0105, a jednak <b>ona postanowi\u0142a<br \/>\n<\/b><b>odda\u0107 wszystko.<\/b> Nawet w tych dramatycznych warunkach<br \/>\npozosta\u0142 <b>wierna Bogu i ca\u0142kowicie na Niego zdana. <\/b>Dlaczego<br \/>\nna to sobie dzisiaj, Kochani, zwracamy uwag\u0119?<\/div>\n<div align=\"JUSTIFY\" style=\"margin-bottom: 0cm; text-indent: 1.24cm;\">\nW\u0142a\u015bnie<br \/>\ndlatego, \u017ce wszystkie te osoby \u2013 bohaterowie dzisiejszych czyta\u0144<br \/>\nmszalnych \u2013 daj\u0105 nam przyk\u0142ad <b>niezwykle powa\u017cnego traktowania<br \/>\nBoga. <\/b>Dla nich wierno\u015b\u0107 Bogu i Jego zasadom nie by\u0142a<br \/>\nprzedmiotem dyskusji, albo te\u017c <b>nie zale\u017ca\u0142a od sytuacji, w<br \/>\njakiej si\u0119 znale\u017ali. <\/b>Oni nie zastanawiali si\u0119 nad tym, <b>czy<\/b><br \/>\nzachowa\u0107 Prawo Bo\u017ce, czy dana sytuacja nie jest ju\u017c na tyle<br \/>\ntrudna, \u017ce si\u0119 go zachowa\u0107 nie da, czy jeszcze ewentualnie co\u015b<br \/>\ntam si\u0119 da. Oni zastanawiali si\u0119 nad tym, <b>jak<\/b> w danej<br \/>\nsytuacji Prawo to zachowa\u0107, jak ustawi\u0107 sprawy, aby pomimo nawet<br \/>\nrzeczywistych niedogodno\u015bci, pozosta\u0107 wiernym Bogu.<\/div>\n<div align=\"JUSTIFY\" style=\"margin-bottom: 0cm; text-indent: 1.24cm;\">\nJest<br \/>\nto, moi Drodzy, o tyle dla nas wa\u017cne wskazanie i potrzebny przyk\u0142ad,<br \/>\n\u017ce w naszych czasach <b>ludzie bardzo cz\u0119sto pod byle pretekstem<br \/>\nzwalniaj\u0105 si\u0119 z przestrzegania Bo\u017cych praw i obni\u017caj\u0105 <\/b><b>sobie<br \/>\n<\/b><b>wymagania moralne. <\/b>\n<\/div>\n<div align=\"JUSTIFY\" style=\"margin-bottom: 0cm; text-indent: 1.24cm;\">\nZobaczmy,<br \/>\nz jakich powod\u00f3w chocia\u017cby wielu ludzi <b>zwalnia si\u0119 ze Mszy<br \/>\n\u015awi\u0119tej niedzielnej? <\/b>A to go\u015bcie przyjechali, a to jestem<br \/>\nzm\u0119czony, a to troszk\u0119 jestem przezi\u0119biony, a to mam z\u0142y dzie\u0144,<br \/>\na to to, a to tamto\u2026 A czym t\u0142umacz\u0105 ludzie fakt <b>rzadkiego<br \/>\nprzyst\u0119powania do Spowiedzi \u015awi\u0119tej? <\/b>A to praca, a to opieka<br \/>\nnad dzie\u0107mi, a to r\u00f3\u017cne sytuacje domowe, a to jeszcze co\u015b tam\u2026\n<\/div>\n<div align=\"JUSTIFY\" style=\"margin-bottom: 0cm; text-indent: 1.24cm;\">\nA<br \/>\nkto dzisiaj jeszcze zachowuje <b>pi\u0105tkow\u0105 wstrzemi\u0119\u017aliwo\u015b\u0107 od<br \/>\npokarm\u00f3w mi\u0119snych? <\/b>Owszem, starsi mo\u017ce tak, ale m\u0142odsze<br \/>\npokolenie ma ju\u017c pi\u0119\u0107 tysi\u0119cy uzasadnie\u0144, \u017ceby tego nie czyni\u0107.<br \/>\nA czemu dzisiaj <b>do\u015b\u0107 \u0142atwo ludzie zwalniaj\u0105 si\u0119 z obowi\u0105zku<br \/>\nuczciwo\u015bci i rzetelno\u015bci w pracy, <\/b>dlaczego tak \u0142atwo i ch\u0119tnie<br \/>\nbierze si\u0119 \u0142ap\u00f3wki, z pracy si\u0119 to i owo wynosi, nierzetelnie i<br \/>\nniepunktualnie wykonuje si\u0119 swoje zobowi\u0105zania?\u2026 Czemu si\u0119 tak<br \/>\ndzieje? <b>No bo wszyscy tak robi\u0105! <\/b>\n<\/div>\n<div align=\"JUSTIFY\" style=\"margin-bottom: 0cm; text-indent: 1.24cm;\">\nAle<br \/>\nco si\u0119 dzieje w takim razie z naszymi zasadami, <b>z Dekalogiem,<br \/>\nkt\u00f3ry deklamujemy w ka\u017cdym pacierzu? <\/b>Czy nic on dla nas nie<br \/>\nznaczy, czy jest ju\u017c tylko wierszykiem do wyg\u0142oszenia w trakcie<br \/>\npaciorka? A czemu ju\u017c <b>powszechn\u0105 i oczywist\u0105 spraw\u0105 sta\u0142y si\u0119<br \/>\nzakupy niedzielne, <\/b>dokonywane przez ludzi wierz\u0105cych, co wi\u0119cej<br \/>\n\u2013 id\u0105cych na nie prosto z ko\u015bcio\u0142a? Dlaczego w og\u00f3le w<br \/>\nniedziel\u0119 otwarte s\u0105 sklepy?<b> Czy wyt\u0142umaczenie, \u017ce wszyscy tak<br \/>\nrobi\u0105 i \u017ce teraz takie czasy \u2013 czy to wystarczy? <\/b>\n<\/div>\n<div align=\"JUSTIFY\" style=\"margin-bottom: 0cm; text-indent: 1.24cm;\">\nKochani,<br \/>\nmy naprawd\u0119 musimy <b>wr\u00f3ci\u0107 do pierwotnej gorliwo\u015bci w<br \/>\nprzestrzeganiu Bo\u017cego Prawa. <\/b>Oczywi\u015bcie, trzeba dla pewnego<br \/>\nporz\u0105dku i ca\u0142o\u015bci naszych rozwa\u017ca\u0144 powiedzie\u0107 jasno, \u017ce<br \/>\nfaktycznie istniej\u0105 <b>sytuacje, w kt\u00f3rych w spos\u00f3b obiektywny nie<br \/>\njeste\u015bmy w stanie wype\u0142ni\u0107 pewnych zobowi\u0105za\u0144<\/b> lub sprosta\u0107<br \/>\npewnym wymaganiom. Mamy tu na my\u015bli chocia\u017cby chorob\u0119, kt\u00f3ra<br \/>\nzwalnia nas z udzia\u0142u we Mszy \u015awi\u0119tej niedzielnej. Mog\u0105 by\u0107 i<br \/>\ninne sytuacje, i tak\u017ce dotycz\u0105ce innych przykaza\u0144 Dekalogu, kiedy<br \/>\nto <b>faktycznie, z przyczyn wr\u0119cz fizycznych <\/b>nie jeste\u015bmy w<br \/>\nstanie czego\u015b wykona\u0107 lub dope\u0142ni\u0107.\n<\/div>\n<div align=\"JUSTIFY\" style=\"margin-bottom: 0cm; text-indent: 1.24cm;\">\nProblem<br \/>\njednak polega na tym, \u017ce <b>my sobie ten katalog ulg i<br \/>\n<\/b><b>usprawiedliwie\u0144<\/b><b> coraz bardziej rozszerzamy <\/b>\u2013<br \/>\ntak, \u017ce teraz w\u0142a\u015bciwie byle pow\u00f3d wystarczy, aby si\u0119 zwalnia\u0107<br \/>\nod przestrzegania Prawa Bo\u017cego, a na pytanie o normy moralne,<br \/>\n<b>zamiast odpowiedzi \u201etak\u201d lub \u201enie\u201d &#8211; najcz\u0119\u015bciej u\u017cywa<br \/>\nsi\u0119 odpowiedzi: \u201eto zale\u017cy\u201d\u2026<\/b>Od czego zale\u017cy? A od<br \/>\nwszystkiego! <b>A najcz\u0119\u015bciej \u2013 od humoru.<\/b><\/div>\n<div align=\"JUSTIFY\" style=\"margin-bottom: 0cm; text-indent: 1.24cm;\">\nTymczasem,<br \/>\nPrawo Bo\u017ce obowi\u0105zuje, a tak\u017ce zasady moralne, zapisane w<br \/>\nDekalogu, nie ulegaj\u0105 zmianom i nie trac\u0105 swej aktualno\u015bci. Pan<br \/>\nB\u00f3g da\u0142 nam to wszystko <b>z mi\u0142o\u015bci, aby nam pom\u00f3c w<br \/>\nosi\u0105gni\u0119ciu zbawienia. <\/b>Jedyn\u0105 nasz\u0105 odpowiedzi\u0105 mo\u017ce by\u0107<br \/>\nzatem przestrzeganie tych\u017ce zasad \u2013 <b>z mi\u0142o\u015bci <\/b><b>do Boga,<br \/>\na dla dobra <\/b><b>i po\u017cytku<\/b><b>\u2026 naszego!&nbsp;<\/b>\n<\/div>\n","protected":false},"excerpt":{"rendered":"<p>Szcz\u0119\u015b\u0107 Bo\u017ce! Moi Drodzy, raz jeszcze og\u0142aszam, \u017ce zbieram ch\u0119tnych na wyjazd do Rzymu, na kanonizacj\u0119 Jana Paw\u0142a II i Jana XXIII. W razie zainteresowania, prosz\u0119 o kontakt na &#8222;Napisz do mnie&#8221;, bo mam jeszcze kilka wolnych miejsc. Wyjazd oczywi\u015bcie by\u0142by z T\u0142uszcza.&nbsp; &nbsp; &nbsp;Tymczasem \u017cycz\u0119 wszystkim b\u0142ogos\u0142awionego dnia i zapraszam do refleksji nad Bo\u017cym [&hellip;]<\/p>\n","protected":false},"author":1,"featured_media":0,"comment_status":"open","ping_status":"open","sticky":false,"template":"","format":"standard","meta":{"jetpack_post_was_ever_published":false,"_jetpack_newsletter_access":"","_jetpack_dont_email_post_to_subs":false,"_jetpack_newsletter_tier_id":0,"_jetpack_memberships_contains_paywalled_content":false,"_jetpack_memberships_contains_paid_content":false,"footnotes":""},"categories":[1],"tags":[],"class_list":["post-8930","post","type-post","status-publish","format-standard","hentry","category-bez-kategorii"],"yoast_head":"<!-- This site is optimized with the Yoast SEO plugin v25.1 - https:\/\/yoast.com\/wordpress\/plugins\/seo\/ -->\n<title>Kto powa\u017cnie traktuje Boga?... - Gaudium Et Spes<\/title>\n<meta name=\"robots\" content=\"index, follow, max-snippet:-1, max-image-preview:large, max-video-preview:-1\" \/>\n<link rel=\"canonical\" href=\"https:\/\/gaudiumetspes-blog.pl\/index.php\/2013\/11\/25\/kto-powaznie-traktuje-boga\/\" \/>\n<meta property=\"og:locale\" content=\"pl_PL\" \/>\n<meta property=\"og:type\" content=\"article\" \/>\n<meta property=\"og:title\" content=\"Kto powa\u017cnie traktuje Boga?... - Gaudium Et Spes\" \/>\n<meta property=\"og:description\" content=\"Szcz\u0119\u015b\u0107 Bo\u017ce! Moi Drodzy, raz jeszcze og\u0142aszam, \u017ce zbieram ch\u0119tnych na wyjazd do Rzymu, na kanonizacj\u0119 Jana Paw\u0142a II i Jana XXIII. W razie zainteresowania, prosz\u0119 o kontakt na &#8222;Napisz do mnie&#8221;, bo mam jeszcze kilka wolnych miejsc. Wyjazd oczywi\u015bcie by\u0142by z T\u0142uszcza.&nbsp; &nbsp; &nbsp;Tymczasem \u017cycz\u0119 wszystkim b\u0142ogos\u0142awionego dnia i zapraszam do refleksji nad Bo\u017cym [&hellip;]\" \/>\n<meta property=\"og:url\" content=\"https:\/\/gaudiumetspes-blog.pl\/index.php\/2013\/11\/25\/kto-powaznie-traktuje-boga\/\" \/>\n<meta property=\"og:site_name\" content=\"Gaudium Et Spes\" \/>\n<meta property=\"article:published_time\" content=\"2013-11-25T07:33:00+00:00\" \/>\n<meta property=\"article:modified_time\" content=\"2019-07-31T10:54:21+00:00\" \/>\n<meta name=\"author\" content=\"Ks. Jacek\" \/>\n<meta name=\"twitter:card\" content=\"summary_large_image\" \/>\n<meta name=\"twitter:label1\" content=\"Napisane przez\" \/>\n\t<meta name=\"twitter:data1\" content=\"Ks. Jacek\" \/>\n\t<meta name=\"twitter:label2\" content=\"Szacowany czas czytania\" \/>\n\t<meta name=\"twitter:data2\" content=\"8 minut\" \/>\n<script type=\"application\/ld+json\" class=\"yoast-schema-graph\">{\"@context\":\"https:\/\/schema.org\",\"@graph\":[{\"@type\":\"WebPage\",\"@id\":\"https:\/\/gaudiumetspes-blog.pl\/index.php\/2013\/11\/25\/kto-powaznie-traktuje-boga\/\",\"url\":\"https:\/\/gaudiumetspes-blog.pl\/index.php\/2013\/11\/25\/kto-powaznie-traktuje-boga\/\",\"name\":\"Kto powa\u017cnie traktuje Boga?... - Gaudium Et Spes\",\"isPartOf\":{\"@id\":\"https:\/\/gaudiumetspes-blog.pl\/#website\"},\"datePublished\":\"2013-11-25T07:33:00+00:00\",\"dateModified\":\"2019-07-31T10:54:21+00:00\",\"author\":{\"@id\":\"https:\/\/gaudiumetspes-blog.pl\/#\/schema\/person\/1661982992b752dea8dff0d4ed845a65\"},\"breadcrumb\":{\"@id\":\"https:\/\/gaudiumetspes-blog.pl\/index.php\/2013\/11\/25\/kto-powaznie-traktuje-boga\/#breadcrumb\"},\"inLanguage\":\"pl-PL\",\"potentialAction\":[{\"@type\":\"ReadAction\",\"target\":[\"https:\/\/gaudiumetspes-blog.pl\/index.php\/2013\/11\/25\/kto-powaznie-traktuje-boga\/\"]}]},{\"@type\":\"BreadcrumbList\",\"@id\":\"https:\/\/gaudiumetspes-blog.pl\/index.php\/2013\/11\/25\/kto-powaznie-traktuje-boga\/#breadcrumb\",\"itemListElement\":[{\"@type\":\"ListItem\",\"position\":1,\"name\":\"Strona g\u0142\u00f3wna\",\"item\":\"https:\/\/gaudiumetspes-blog.pl\/\"},{\"@type\":\"ListItem\",\"position\":2,\"name\":\"Kto powa\u017cnie traktuje Boga?&#8230;\"}]},{\"@type\":\"WebSite\",\"@id\":\"https:\/\/gaudiumetspes-blog.pl\/#website\",\"url\":\"https:\/\/gaudiumetspes-blog.pl\/\",\"name\":\"Gaudium Et Spes\",\"description\":\"Blog Ks. Jacka Ja\u015bkowskiego\",\"potentialAction\":[{\"@type\":\"SearchAction\",\"target\":{\"@type\":\"EntryPoint\",\"urlTemplate\":\"https:\/\/gaudiumetspes-blog.pl\/?s={search_term_string}\"},\"query-input\":{\"@type\":\"PropertyValueSpecification\",\"valueRequired\":true,\"valueName\":\"search_term_string\"}}],\"inLanguage\":\"pl-PL\"},{\"@type\":\"Person\",\"@id\":\"https:\/\/gaudiumetspes-blog.pl\/#\/schema\/person\/1661982992b752dea8dff0d4ed845a65\",\"name\":\"Ks. Jacek\",\"image\":{\"@type\":\"ImageObject\",\"inLanguage\":\"pl-PL\",\"@id\":\"https:\/\/gaudiumetspes-blog.pl\/#\/schema\/person\/image\/\",\"url\":\"https:\/\/gaudiumetspes-blog.pl\/wp-content\/uploads\/2019\/07\/avatar-JJ-150x150.jpg\",\"contentUrl\":\"https:\/\/gaudiumetspes-blog.pl\/wp-content\/uploads\/2019\/07\/avatar-JJ-150x150.jpg\",\"caption\":\"Ks. Jacek\"},\"description\":\"Witam serdecznie! K\u0142ania si\u0119 Ks. Jacek Ja\u015bkowski. Nie jestem ani kim\u015b wa\u017cnym, ani kim\u015b znanym. Jestem ksi\u0119dzem, kt\u00f3ry po prostu chce rozmawia\u0107. Codzienna kap\u0142a\u0144ska pos\u0142uga pokazuje mi, \u017ce temat\u00f3w do rozm\u00f3w z ksi\u0119dzem jest coraz wi\u0119cej i dzisiaj \u017caden ksi\u0105dz nie mo\u017ce od nich ucieka\u0107, ale - wprost przeciwnie - podejmowa\u0107 nowe wyzwania. To przekonanie sk\u0142oni\u0142o mnie do pr\u00f3by otwarcia tego\u017c bloga, chocia\u017c okazji do rozm\u00f3w na co dzie\u0144 - w konfesjonale i poza nim - na szcz\u0119\u015bcie nie brakuje. My\u015bl\u0119 jednak, \u017ce ten blog b\u0119dzie jeszcze jednym sposobem i przestrzeni\u0105 nawi\u0105zania kontaktu z lud\u017ami dobrej woli, otwartymi na dialog.\",\"url\":\"https:\/\/gaudiumetspes-blog.pl\/index.php\/author\/ks-jacek\/\"}]}<\/script>\n<!-- \/ Yoast SEO plugin. -->","yoast_head_json":{"title":"Kto powa\u017cnie traktuje Boga?... - Gaudium Et Spes","robots":{"index":"index","follow":"follow","max-snippet":"max-snippet:-1","max-image-preview":"max-image-preview:large","max-video-preview":"max-video-preview:-1"},"canonical":"https:\/\/gaudiumetspes-blog.pl\/index.php\/2013\/11\/25\/kto-powaznie-traktuje-boga\/","og_locale":"pl_PL","og_type":"article","og_title":"Kto powa\u017cnie traktuje Boga?... - Gaudium Et Spes","og_description":"Szcz\u0119\u015b\u0107 Bo\u017ce! Moi Drodzy, raz jeszcze og\u0142aszam, \u017ce zbieram ch\u0119tnych na wyjazd do Rzymu, na kanonizacj\u0119 Jana Paw\u0142a II i Jana XXIII. W razie zainteresowania, prosz\u0119 o kontakt na &#8222;Napisz do mnie&#8221;, bo mam jeszcze kilka wolnych miejsc. Wyjazd oczywi\u015bcie by\u0142by z T\u0142uszcza.&nbsp; &nbsp; &nbsp;Tymczasem \u017cycz\u0119 wszystkim b\u0142ogos\u0142awionego dnia i zapraszam do refleksji nad Bo\u017cym [&hellip;]","og_url":"https:\/\/gaudiumetspes-blog.pl\/index.php\/2013\/11\/25\/kto-powaznie-traktuje-boga\/","og_site_name":"Gaudium Et Spes","article_published_time":"2013-11-25T07:33:00+00:00","article_modified_time":"2019-07-31T10:54:21+00:00","author":"Ks. Jacek","twitter_card":"summary_large_image","twitter_misc":{"Napisane przez":"Ks. Jacek","Szacowany czas czytania":"8 minut"},"schema":{"@context":"https:\/\/schema.org","@graph":[{"@type":"WebPage","@id":"https:\/\/gaudiumetspes-blog.pl\/index.php\/2013\/11\/25\/kto-powaznie-traktuje-boga\/","url":"https:\/\/gaudiumetspes-blog.pl\/index.php\/2013\/11\/25\/kto-powaznie-traktuje-boga\/","name":"Kto powa\u017cnie traktuje Boga?... - Gaudium Et Spes","isPartOf":{"@id":"https:\/\/gaudiumetspes-blog.pl\/#website"},"datePublished":"2013-11-25T07:33:00+00:00","dateModified":"2019-07-31T10:54:21+00:00","author":{"@id":"https:\/\/gaudiumetspes-blog.pl\/#\/schema\/person\/1661982992b752dea8dff0d4ed845a65"},"breadcrumb":{"@id":"https:\/\/gaudiumetspes-blog.pl\/index.php\/2013\/11\/25\/kto-powaznie-traktuje-boga\/#breadcrumb"},"inLanguage":"pl-PL","potentialAction":[{"@type":"ReadAction","target":["https:\/\/gaudiumetspes-blog.pl\/index.php\/2013\/11\/25\/kto-powaznie-traktuje-boga\/"]}]},{"@type":"BreadcrumbList","@id":"https:\/\/gaudiumetspes-blog.pl\/index.php\/2013\/11\/25\/kto-powaznie-traktuje-boga\/#breadcrumb","itemListElement":[{"@type":"ListItem","position":1,"name":"Strona g\u0142\u00f3wna","item":"https:\/\/gaudiumetspes-blog.pl\/"},{"@type":"ListItem","position":2,"name":"Kto powa\u017cnie traktuje Boga?&#8230;"}]},{"@type":"WebSite","@id":"https:\/\/gaudiumetspes-blog.pl\/#website","url":"https:\/\/gaudiumetspes-blog.pl\/","name":"Gaudium Et Spes","description":"Blog Ks. Jacka Ja\u015bkowskiego","potentialAction":[{"@type":"SearchAction","target":{"@type":"EntryPoint","urlTemplate":"https:\/\/gaudiumetspes-blog.pl\/?s={search_term_string}"},"query-input":{"@type":"PropertyValueSpecification","valueRequired":true,"valueName":"search_term_string"}}],"inLanguage":"pl-PL"},{"@type":"Person","@id":"https:\/\/gaudiumetspes-blog.pl\/#\/schema\/person\/1661982992b752dea8dff0d4ed845a65","name":"Ks. Jacek","image":{"@type":"ImageObject","inLanguage":"pl-PL","@id":"https:\/\/gaudiumetspes-blog.pl\/#\/schema\/person\/image\/","url":"https:\/\/gaudiumetspes-blog.pl\/wp-content\/uploads\/2019\/07\/avatar-JJ-150x150.jpg","contentUrl":"https:\/\/gaudiumetspes-blog.pl\/wp-content\/uploads\/2019\/07\/avatar-JJ-150x150.jpg","caption":"Ks. Jacek"},"description":"Witam serdecznie! K\u0142ania si\u0119 Ks. Jacek Ja\u015bkowski. Nie jestem ani kim\u015b wa\u017cnym, ani kim\u015b znanym. Jestem ksi\u0119dzem, kt\u00f3ry po prostu chce rozmawia\u0107. Codzienna kap\u0142a\u0144ska pos\u0142uga pokazuje mi, \u017ce temat\u00f3w do rozm\u00f3w z ksi\u0119dzem jest coraz wi\u0119cej i dzisiaj \u017caden ksi\u0105dz nie mo\u017ce od nich ucieka\u0107, ale - wprost przeciwnie - podejmowa\u0107 nowe wyzwania. To przekonanie sk\u0142oni\u0142o mnie do pr\u00f3by otwarcia tego\u017c bloga, chocia\u017c okazji do rozm\u00f3w na co dzie\u0144 - w konfesjonale i poza nim - na szcz\u0119\u015bcie nie brakuje. My\u015bl\u0119 jednak, \u017ce ten blog b\u0119dzie jeszcze jednym sposobem i przestrzeni\u0105 nawi\u0105zania kontaktu z lud\u017ami dobrej woli, otwartymi na dialog.","url":"https:\/\/gaudiumetspes-blog.pl\/index.php\/author\/ks-jacek\/"}]}},"jetpack_featured_media_url":"","jetpack_sharing_enabled":true,"_links":{"self":[{"href":"https:\/\/gaudiumetspes-blog.pl\/index.php\/wp-json\/wp\/v2\/posts\/8930","targetHints":{"allow":["GET"]}}],"collection":[{"href":"https:\/\/gaudiumetspes-blog.pl\/index.php\/wp-json\/wp\/v2\/posts"}],"about":[{"href":"https:\/\/gaudiumetspes-blog.pl\/index.php\/wp-json\/wp\/v2\/types\/post"}],"author":[{"embeddable":true,"href":"https:\/\/gaudiumetspes-blog.pl\/index.php\/wp-json\/wp\/v2\/users\/1"}],"replies":[{"embeddable":true,"href":"https:\/\/gaudiumetspes-blog.pl\/index.php\/wp-json\/wp\/v2\/comments?post=8930"}],"version-history":[{"count":1,"href":"https:\/\/gaudiumetspes-blog.pl\/index.php\/wp-json\/wp\/v2\/posts\/8930\/revisions"}],"predecessor-version":[{"id":11343,"href":"https:\/\/gaudiumetspes-blog.pl\/index.php\/wp-json\/wp\/v2\/posts\/8930\/revisions\/11343"}],"wp:attachment":[{"href":"https:\/\/gaudiumetspes-blog.pl\/index.php\/wp-json\/wp\/v2\/media?parent=8930"}],"wp:term":[{"taxonomy":"category","embeddable":true,"href":"https:\/\/gaudiumetspes-blog.pl\/index.php\/wp-json\/wp\/v2\/categories?post=8930"},{"taxonomy":"post_tag","embeddable":true,"href":"https:\/\/gaudiumetspes-blog.pl\/index.php\/wp-json\/wp\/v2\/tags?post=8930"}],"curies":[{"name":"wp","href":"https:\/\/api.w.org\/{rel}","templated":true}]}}