{"id":8960,"date":"2013-10-26T06:30:00","date_gmt":"2013-10-26T04:30:00","guid":{"rendered":"https:\/\/gaudiumetspes-blog.pl\/index.php\/2013\/10\/26\/dajmy-sie-bogu-uratowac\/"},"modified":"2019-07-31T12:54:18","modified_gmt":"2019-07-31T10:54:18","slug":"dajmy-sie-bogu-uratowac","status":"publish","type":"post","link":"https:\/\/gaudiumetspes-blog.pl\/index.php\/2013\/10\/26\/dajmy-sie-bogu-uratowac\/","title":{"rendered":"Dajmy si\u0119 Bogu uratowa\u0107&#8230;"},"content":{"rendered":"<div align=\"JUSTIFY\" style=\"margin-bottom: 0cm;\">\nSzcz\u0119\u015b\u0107 Bo\u017ce! Witam i pozdrawiam u progu nowego dnia. O godzinie 2.07 naszego czasu dosta\u0142em smsa od Marka, \u017ce jest ju\u017c w Tomsku. Bogu niech b\u0119d\u0105 dzi\u0119ki! I Wam &#8211; za modlitw\u0119. A wczoraj ma\u0142o brakowa\u0142o, \u017ce z powodu warszawskich kork\u00f3w sp\u00f3\u017aniliby\u015bmy si\u0119 na samolot! Na szcz\u0119\u015bcie, z Bo\u017c\u0105 pomoc\u0105, wszystko jako\u015b si\u0119 u\u0142o\u017cy\u0142o&#8230;<\/div>\n<div align=\"JUSTIFY\" style=\"margin-bottom: 0cm;\">\n&nbsp; &nbsp; &nbsp; &nbsp; &nbsp; &nbsp; &nbsp;Dobrego dnia!<\/div>\n<div align=\"JUSTIFY\" style=\"margin-bottom: 0cm;\">\n&nbsp; &nbsp; &nbsp; &nbsp; &nbsp; &nbsp; &nbsp; &nbsp; &nbsp; &nbsp; &nbsp; &nbsp; &nbsp; &nbsp; &nbsp;Gaudium et spes! &nbsp;Ks. Jacek<\/div>\n<div align=\"JUSTIFY\" style=\"margin-bottom: 0cm;\">\n<b><br \/><\/b><\/div>\n<div align=\"JUSTIFY\" style=\"margin-bottom: 0cm;\">\n<b>Sobota<br \/>\n29 tygodnia zwyk\u0142ego, rok I,<\/b><\/div>\n<div align=\"JUSTIFY\" style=\"margin-bottom: 0cm;\">\n<b>do<br \/>\nczyta\u0144:  Rz 8,1\u201311;  \u0141k 13,1\u20139<\/b><\/div>\n<div align=\"JUSTIFY\" style=\"margin-bottom: 0cm;\">\n<\/div>\n<div align=\"JUSTIFY\" style=\"margin-bottom: 0cm; page-break-before: auto;\">\n<b>CZYTANIE<br \/>\nZ LISTU \u015aWI\u0118TEGO PAW\u0141A APOSTO\u0141A DO RZYMIAN: <\/b>\n<\/div>\n<div align=\"JUSTIFY\" style=\"margin-bottom: 0cm; text-indent: 1.24cm;\">\n<b>Bracia:<br \/>\nTeraz dla tych, kt\u00f3rzy s\u0105 w Chrystusie Jezusie, nie ma ju\u017c<br \/>\npot\u0119pienia. Albowiem prawo Ducha, kt\u00f3re daje \u017cycie w Chrystusie<br \/>\nJezusie, wyzwoli\u0142o ci\u0119 spod prawa grzechu i \u015bmierci. Co bowiem<br \/>\nby\u0142o niemo\u017cliwe dla Prawa, poniewa\u017c cia\u0142o czyni\u0142o je bezsilnym,<br \/>\ntego dokona\u0142 B\u00f3g. On te\u017c zes\u0142a\u0142 Syna swego w ciele podobnym do<br \/>\ncia\u0142a grzesznego i dla usuni\u0119cia grzechu wyda\u0142 w tym ciele wyrok<br \/>\npot\u0119piaj\u0105cy grzech, aby to, co nakazuje Prawo, wype\u0142ni\u0142o si\u0119 w<br \/>\nnas, je\u017celi post\u0119pujemy nie wed\u0142ug cia\u0142a, ale wed\u0142ug Ducha. <\/b>\n<\/div>\n<div align=\"JUSTIFY\" style=\"margin-bottom: 0cm; text-indent: 1.24cm;\">\n<b>Ci<br \/>\nbowiem, kt\u00f3rzy \u017cyj\u0105 wed\u0142ug cia\u0142a, d\u0105\u017c\u0105 do tego, czego chce<br \/>\ncia\u0142o; ci za\u015b, kt\u00f3rzy \u017cyj\u0105 wed\u0142ug Ducha, do tego, czego chce<br \/>\nDuch. D\u0105\u017cno\u015b\u0107 bowiem cia\u0142a prowadzi do \u015bmierci, d\u0105\u017cno\u015b\u0107 za\u015b<br \/>\nDucha do \u017cycia i pokoju. A to dlatego, \u017ce d\u0105\u017cno\u015b\u0107 cia\u0142a wroga<br \/>\njest Bogu, nie podporz\u0105dkowuje si\u0119 bowiem Prawu Bo\u017cemu ani nawet<br \/>\nnie jest do tego zdolna. A ci, kt\u00f3rzy \u017cyj\u0105 wed\u0142ug cia\u0142a, Bogu<br \/>\npodoba\u0107 si\u0119 nie mog\u0105. <\/b>\n<\/div>\n<div align=\"JUSTIFY\" style=\"margin-bottom: 0cm; text-indent: 1.24cm;\">\n<b>Wy<br \/>\njednak nie \u017cyjecie wed\u0142ug cia\u0142a, lecz wed\u0142ug Ducha, je\u015bli tylko<br \/>\nDuch Bo\u017cy w was mieszka. Je\u017celi za\u015b kto nie ma Ducha<br \/>\nChrystusowego, ten do Niego nie nale\u017cy. Je\u017celi natomiast Chrystus w<br \/>\nwas mieszka, cia\u0142o wprawdzie podlega \u015bmierci ze wzgl\u0119du na skutki<br \/>\ngrzechu, duch jednak ma \u017cycie na skutek usprawiedliwienia. A je\u017celi<br \/>\nmieszka w nas Duch Tego, kt\u00f3ry Jezusa wskrzesi\u0142 z martwych, to Ten,<br \/>\nco wskrzesi\u0142 Chrystusa Jezusa z martwych, przywr\u00f3ci do \u017cycia wasze<br \/>\n\u015bmiertelne cia\u0142a moc\u0105 mieszkaj\u0105cego w was swego Ducha.<\/b><\/div>\n<div align=\"JUSTIFY\" style=\"margin-bottom: 0cm;\">\n<\/div>\n<div align=\"JUSTIFY\" style=\"margin-bottom: 0cm;\">\n<b>S\u0141OWA<br \/>\nEWANGELII WED\u0141UG \u015aWI\u0118TEGO \u0141UKASZA: <\/b>\n<\/div>\n<div align=\"JUSTIFY\" style=\"margin-bottom: 0cm; text-indent: 1.24cm;\">\n<b>W<br \/>\ntym czasie przyszli niekt\u00f3rzy i donie\u015bli Jezusowi o Galilejczykach,<br \/>\nkt\u00f3rych krew Pi\u0142at zmiesza\u0142 z krwi\u0105 ich ofiar. Jezus im<br \/>\nodpowiedzia\u0142: \u201eCzy\u017c my\u015blicie, \u017ce ci Galilejczycy byli wi\u0119kszymi<br \/>\ngrzesznikami ni\u017c inni mieszka\u0144cy Galilei, \u017ce to ucierpieli?<br \/>\nBynajmniej, powiadam wam; lecz je\u015bli si\u0119 nie nawr\u00f3cicie, wszyscy<br \/>\npodobnie zginiecie. Albo my\u015blicie, \u017ce owych osiemnastu, na kt\u00f3rych<br \/>\nzwali\u0142a si\u0119 wie\u017ca w Siloe i zabi\u0142a ich, by\u0142o wi\u0119kszymi<br \/>\nwinowajcami ni\u017c inni mieszka\u0144cy Jerozolimy? Bynajmniej, powiadam<br \/>\nwam; lecz je\u015bli si\u0119 nie nawr\u00f3cicie, wszyscy tak samo zginiecie\u201d.<br \/>\n<\/b>\n<\/div>\n<div align=\"JUSTIFY\" style=\"margin-bottom: 0cm; text-indent: 1.24cm;\">\n<b>I<br \/>\nopowiedzia\u0142 im nast\u0119puj\u0105c\u0105 przypowie\u015b\u0107: \u201ePewien cz\u0142owiek<br \/>\nmia\u0142 drzewo figowe zasadzone w swojej winnicy; przyszed\u0142 i szuka\u0142<br \/>\nna nim owoc\u00f3w, ale nie znalaz\u0142. <\/b>\n<\/div>\n<div align=\"JUSTIFY\" style=\"margin-bottom: 0cm; text-indent: 1.24cm;\">\n<b>Rzek\u0142<br \/>\nwi\u0119c do ogrodnika: \u00abOto ju\u017c trzy lata, odk\u0105d przychodz\u0119 i szukam<br \/>\nowocu na tym drzewie figowym, a nie znajduj\u0119. Wytnij je: po co<br \/>\njeszcze ziemi\u0119 wyja\u0142awia?\u00bb <\/b>\n<\/div>\n<div align=\"JUSTIFY\" style=\"margin-bottom: 0cm; text-indent: 1.24cm;\">\n<b>Lecz<br \/>\non mu odpowiedzia\u0142: \u00abPanie, jeszcze na ten rok je pozostaw; ja<br \/>\nokopi\u0119 je i ob\u0142o\u017c\u0119 nawozem; mo\u017ce wyda owoc. A je\u015bli nie, w<br \/>\nprzysz\u0142o\u015bci mo\u017cesz je wyci\u0105\u0107\u00bb\u201d.<\/b><\/div>\n<div align=\"JUSTIFY\" style=\"margin-bottom: 0cm;\">\n<\/div>\n<div align=\"JUSTIFY\" style=\"margin-bottom: 0cm; page-break-before: auto; text-indent: 1.24cm;\">\nB\u00f3g<br \/>\ndaje szans\u0119 cz\u0142owiekowi. B\u00f3g daje szans\u0119 nawr\u00f3cenia. <b>B\u00f3g<br \/>\nzaprasza cz\u0142owieka do wsp\u00f3\u0142pracy w dziele nawr\u00f3cenia.<\/b> Ju\u017c<br \/>\nsamo to jest niesamowite, bo przecie\u017c <b>B\u00f3g nie musi tego robi\u0107.<\/b><br \/>\nSkoro cz\u0142owiek lekcewa\u017cy sobie Jego mi\u0142o\u015b\u0107 i odrzuca j\u0105 poprzez<br \/>\ngrzech, to B\u00f3g ma dostateczne argumenty do tego, \u017ceby go <b>ukara\u0107,<br \/>\na wr\u0119cz zniszczy\u0107.<\/b> A tymczasem, przypowie\u015b\u0107 o drzewie<br \/>\nfigowym, kt\u00f3remu dano jeszcze jedn\u0105 szans\u0119, realizuje si\u0119 ci\u0105gle<br \/>\nw relacjach Boga z cz\u0142owiekiem.\n<\/div>\n<div align=\"JUSTIFY\" style=\"margin-bottom: 0cm; text-indent: 1.24cm;\">\nPunktem<br \/>\nza\u015b kulminacyjnym ca\u0142ego tego procesu ratowania zbuntowanego<br \/>\nstworzenia by\u0142o <b>pos\u0142anie na \u015bwiat Jezusa Chrystusa,<\/b> aby<br \/>\ndokona\u0142 swoistego prze\u0142omu w tym dziele. \u015awi\u0119ty Pawe\u0142 tak o tym<br \/>\nm\u00f3wi do Rzymian: <i><b>Teraz dla<br \/>\ntych, kt\u00f3rzy s\u0105 w Chrystusie Jezusie, nie ma ju\u017c pot\u0119pienia.<br \/>\nAlbowiem prawo Ducha, kt\u00f3re daje \u017cycie w Chrystusie Jezusie,<br \/>\nwyzwoli\u0142o ci\u0119 spod prawa grzechu i \u015bmierci. Co bowiem by\u0142o<br \/>\nniemo\u017cliwe dla Prawa, poniewa\u017c cia\u0142o czyni\u0142o je bezsilnym, tego<br \/>\ndokona\u0142 B\u00f3g. On te\u017c zes\u0142a\u0142 Syna swego w ciele podobnym do cia\u0142a<br \/>\ngrzesznego i dla usuni\u0119cia grzechu wyda\u0142 w tym ciele wyrok<br \/>\npot\u0119piaj\u0105cy grzech, aby to, co nakazuje Prawo, wype\u0142ni\u0142o si\u0119 w<br \/>\nnas, je\u017celi post\u0119pujemy nie wed\u0142ug cia\u0142a, ale wed\u0142ug Ducha<\/b><\/i><b>.<br \/>\n<\/b>\n<\/div>\n<div align=\"JUSTIFY\" style=\"margin-bottom: 0cm; text-indent: 1.24cm;\">\nOt\u00f3\u017c<br \/>\nw\u0142a\u015bnie, musimy zwr\u00f3ci\u0107 baczn\u0105 uwag\u0119 na to, co zosta\u0142o<br \/>\nzapisane w ostatnim zdaniu przytoczonego fragmentu: <i><b>je\u017celi<br \/>\npost\u0119pujemy nie wed\u0142ug cia\u0142a, ale wed\u0142ug Ducha.<\/b><\/i><b><br \/>\n<\/b>To<br \/>\nbardzo wa\u017cne stwierdzenie. Bo jednak owi <b>Galilejczycy<br \/>\nzgin\u0119li z r\u0119ki Pi\u0142ata.<\/b><br \/>\nI na owych <b>osiemnastu<br \/>\nwie\u017ca si\u0119 zwali\u0142a.<\/b><br \/>\nNie wiemy te\u017c, jaki by\u0142 ostateczny los drzewa figowego z<br \/>\ndzisiejszej Ewangelii \u2013 czy zosta\u0142o uratowane, czy wyci\u0119te.\n<\/div>\n<div align=\"JUSTIFY\" style=\"margin-bottom: 0cm; text-indent: 1.24cm;\">\nA<br \/>\nto wszystko oznacza, \u017ce sama Bo\u017ca inicjatywa, zmierzaj\u0105ca do<br \/>\nratowania cz\u0142owieka, <b>nie<br \/>\nwystarczy<\/b><b>,<br \/>\nje\u017celi cz\u0142owiek sam nie zechce si\u0119 nawr\u00f3ci\u0107. <\/b>W<br \/>\nca\u0142ym bowiem tym procesie jest jeden bardzo istotny moment, kt\u00f3ry<br \/>\nmo\u017ce wszystko zniweczy\u0107 i ca\u0142e dzia\u0142anie Bo\u017ce zablokowa\u0107:<br \/>\n<b>moment<\/b><br \/>\n<b>decyzji<br \/>\ncz\u0142owieka.<\/b><br \/>\nCz\u0142owiek po prostu mo\u017ce nie chcie\u0107 si\u0119 nawr\u00f3ci\u0107. Cz\u0142owiek po<br \/>\nprostu mo\u017ce nie da\u0107 si\u0119 uratowa\u0107.\n<\/div>\n<div align=\"JUSTIFY\" style=\"margin-bottom: 0cm; text-indent: 1.24cm;\">\nTo<br \/>\nw\u0142a\u015bnie z tego powodu, Kochani, <b>duszpasterze<br \/>\nnie chc\u0105 jecha\u0107 z Wami do domu chorego,<\/b><br \/>\nnawet umieraj\u0105cego, o ile dowiedz\u0105 si\u0119, \u017ce on tak naprawd\u0119 <b>nie<br \/>\nchce spotkania z ksi\u0119dzem, <\/b>tylko<br \/>\nrodzina nalega. I dlatego tak\u017ce duszpasterze tak niech\u0119tnie, albo<br \/>\nwcale nie udzielaj\u0105 Sakramentu Namaszczenia Chorych w stanie<br \/>\nnieprzytomno\u015bci takim osobom, o kt\u00f3rych wiadomo, \u017ce <b>kiedy<br \/>\nby\u0142y jeszcze przytomne w og\u00f3le o to nie prosi\u0142y. <\/b>I<br \/>\nz tego samego powodu nale\u017cy odm\u00f3wi\u0107 katolickiego pogrzebu osobie,<br \/>\nkt\u00f3ra <b>za<br \/>\n\u017cycia nie mia\u0142a praktycznie \u017cadnego zwi\u0105zku z Ko\u015bcio\u0142em. <\/b>\n<\/div>\n<div align=\"JUSTIFY\" style=\"margin-bottom: 0cm; text-indent: 1.24cm;\">\nW<br \/>\nka\u017cdym z tych przypadk\u00f3w m\u00f3wimy o wstrzymaniu si\u0119 od takiego czy<br \/>\ninnego ludzkiego dzia\u0142ania, co nie oznacza bynajmniej, i\u017c<br \/>\njednoznaczna<br \/>\ndecyzja duszpasterza <b>oznacza<br \/>\nskazanie cz\u0142owieka na pot\u0119pienie. Nie! <\/b>\n<\/div>\n<div align=\"JUSTIFY\" style=\"margin-bottom: 0cm; text-indent: 1.24cm;\">\nKa\u017cdy<br \/>\nbowiem cz\u0142owiek<br \/>\nma swoje osobiste rozliczenie z Bogiem \u2013 i<br \/>\nkomukolwiek<br \/>\nz ludzi nic do tego! Natomiast<br \/>\nz samej logiki Bo\u017cego i ludzkiego dzia\u0142ania wynika\u0142oby, aby <b>nie<br \/>\ndzia\u0142a\u0107 wbrew woli cz\u0142owieka, aby go do niczego nie zmusza\u0107, <\/b>nie<br \/>\nwmawia\u0107 mu konieczno\u015bci nawr\u00f3cenia,<br \/>\nje\u017celi on sam tego zupe\u0142nie<br \/>\nnie<br \/>\nchce. <b>Za<br \/>\ntakiego cz\u0142owieka trzeba si\u0119 bardzo modli\u0107 \u2013 wr\u0119cz heroicznie!<br \/>\n<\/b>I<br \/>\nwierzy\u0107,<br \/>\n\u017ce mo\u017ce w ostatniej chwili \u017cycia wzbudzi on w sobie jakie\u015b<br \/>\nporuszenie w kierunku Boga \u2013 i \u017ce<br \/>\nto<br \/>\nb\u0119dzie ten moment, kt\u00f3ry go na uratuje na ca\u0142\u0105 wieczno\u015b\u0107.<\/div>\n<div align=\"JUSTIFY\" style=\"margin-bottom: 0cm; text-indent: 1.24cm;\">\nAle<br \/>\nten moment \u2013<br \/>\nmoment osobistej zgody na dzia\u0142anie Boga \u2013 <b>musi<br \/>\nnast\u0105pi\u0107, wcze\u015bniej, czy p\u00f3\u017aniej. <\/b>Je\u017celi<br \/>\nnie nast\u0105pi, to z wielk\u0105 przykro\u015bci\u0105 cz\u0142owiek stwierdzi na progu<br \/>\nwieczno\u015bci, \u017ce\u2026 <b>przegra\u0142.<br \/>\nWszystko przegra\u0142. <\/b>Oby<br \/>\nsi\u0119 to nigdy nikomu nie przytrafi\u0142o! Dajmy si\u0119 Bogu uratowa\u0107\u2026<\/div>\n","protected":false},"excerpt":{"rendered":"<p>Szcz\u0119\u015b\u0107 Bo\u017ce! Witam i pozdrawiam u progu nowego dnia. O godzinie 2.07 naszego czasu dosta\u0142em smsa od Marka, \u017ce jest ju\u017c w Tomsku. Bogu niech b\u0119d\u0105 dzi\u0119ki! I Wam &#8211; za modlitw\u0119. A wczoraj ma\u0142o brakowa\u0142o, \u017ce z powodu warszawskich kork\u00f3w sp\u00f3\u017aniliby\u015bmy si\u0119 na samolot! Na szcz\u0119\u015bcie, z Bo\u017c\u0105 pomoc\u0105, wszystko jako\u015b si\u0119 u\u0142o\u017cy\u0142o&#8230; &nbsp; [&hellip;]<\/p>\n","protected":false},"author":1,"featured_media":0,"comment_status":"open","ping_status":"open","sticky":false,"template":"","format":"standard","meta":{"jetpack_post_was_ever_published":false,"_jetpack_newsletter_access":"","_jetpack_dont_email_post_to_subs":false,"_jetpack_newsletter_tier_id":0,"_jetpack_memberships_contains_paywalled_content":false,"_jetpack_memberships_contains_paid_content":false,"footnotes":""},"categories":[1],"tags":[],"class_list":["post-8960","post","type-post","status-publish","format-standard","hentry","category-bez-kategorii"],"yoast_head":"<!-- This site is optimized with the Yoast SEO plugin v25.1 - https:\/\/yoast.com\/wordpress\/plugins\/seo\/ -->\n<title>Dajmy si\u0119 Bogu uratowa\u0107... - Gaudium Et Spes<\/title>\n<meta name=\"robots\" content=\"index, follow, max-snippet:-1, max-image-preview:large, max-video-preview:-1\" \/>\n<link rel=\"canonical\" href=\"https:\/\/gaudiumetspes-blog.pl\/index.php\/2013\/10\/26\/dajmy-sie-bogu-uratowac\/\" \/>\n<meta property=\"og:locale\" content=\"pl_PL\" \/>\n<meta property=\"og:type\" content=\"article\" \/>\n<meta property=\"og:title\" content=\"Dajmy si\u0119 Bogu uratowa\u0107... - Gaudium Et Spes\" \/>\n<meta property=\"og:description\" content=\"Szcz\u0119\u015b\u0107 Bo\u017ce! Witam i pozdrawiam u progu nowego dnia. O godzinie 2.07 naszego czasu dosta\u0142em smsa od Marka, \u017ce jest ju\u017c w Tomsku. Bogu niech b\u0119d\u0105 dzi\u0119ki! I Wam &#8211; za modlitw\u0119. A wczoraj ma\u0142o brakowa\u0142o, \u017ce z powodu warszawskich kork\u00f3w sp\u00f3\u017aniliby\u015bmy si\u0119 na samolot! Na szcz\u0119\u015bcie, z Bo\u017c\u0105 pomoc\u0105, wszystko jako\u015b si\u0119 u\u0142o\u017cy\u0142o&#8230; &nbsp; [&hellip;]\" \/>\n<meta property=\"og:url\" content=\"https:\/\/gaudiumetspes-blog.pl\/index.php\/2013\/10\/26\/dajmy-sie-bogu-uratowac\/\" \/>\n<meta property=\"og:site_name\" content=\"Gaudium Et Spes\" \/>\n<meta property=\"article:published_time\" content=\"2013-10-26T04:30:00+00:00\" \/>\n<meta property=\"article:modified_time\" content=\"2019-07-31T10:54:18+00:00\" \/>\n<meta name=\"author\" content=\"Ks. Jacek\" \/>\n<meta name=\"twitter:card\" content=\"summary_large_image\" \/>\n<meta name=\"twitter:label1\" content=\"Napisane przez\" \/>\n\t<meta name=\"twitter:data1\" content=\"Ks. Jacek\" \/>\n\t<meta name=\"twitter:label2\" content=\"Szacowany czas czytania\" \/>\n\t<meta name=\"twitter:data2\" content=\"6 minut\" \/>\n<script type=\"application\/ld+json\" class=\"yoast-schema-graph\">{\"@context\":\"https:\/\/schema.org\",\"@graph\":[{\"@type\":\"WebPage\",\"@id\":\"https:\/\/gaudiumetspes-blog.pl\/index.php\/2013\/10\/26\/dajmy-sie-bogu-uratowac\/\",\"url\":\"https:\/\/gaudiumetspes-blog.pl\/index.php\/2013\/10\/26\/dajmy-sie-bogu-uratowac\/\",\"name\":\"Dajmy si\u0119 Bogu uratowa\u0107... - Gaudium Et Spes\",\"isPartOf\":{\"@id\":\"https:\/\/gaudiumetspes-blog.pl\/#website\"},\"datePublished\":\"2013-10-26T04:30:00+00:00\",\"dateModified\":\"2019-07-31T10:54:18+00:00\",\"author\":{\"@id\":\"https:\/\/gaudiumetspes-blog.pl\/#\/schema\/person\/1661982992b752dea8dff0d4ed845a65\"},\"breadcrumb\":{\"@id\":\"https:\/\/gaudiumetspes-blog.pl\/index.php\/2013\/10\/26\/dajmy-sie-bogu-uratowac\/#breadcrumb\"},\"inLanguage\":\"pl-PL\",\"potentialAction\":[{\"@type\":\"ReadAction\",\"target\":[\"https:\/\/gaudiumetspes-blog.pl\/index.php\/2013\/10\/26\/dajmy-sie-bogu-uratowac\/\"]}]},{\"@type\":\"BreadcrumbList\",\"@id\":\"https:\/\/gaudiumetspes-blog.pl\/index.php\/2013\/10\/26\/dajmy-sie-bogu-uratowac\/#breadcrumb\",\"itemListElement\":[{\"@type\":\"ListItem\",\"position\":1,\"name\":\"Strona g\u0142\u00f3wna\",\"item\":\"https:\/\/gaudiumetspes-blog.pl\/\"},{\"@type\":\"ListItem\",\"position\":2,\"name\":\"Dajmy si\u0119 Bogu uratowa\u0107&#8230;\"}]},{\"@type\":\"WebSite\",\"@id\":\"https:\/\/gaudiumetspes-blog.pl\/#website\",\"url\":\"https:\/\/gaudiumetspes-blog.pl\/\",\"name\":\"Gaudium Et Spes\",\"description\":\"Blog Ks. Jacka Ja\u015bkowskiego\",\"potentialAction\":[{\"@type\":\"SearchAction\",\"target\":{\"@type\":\"EntryPoint\",\"urlTemplate\":\"https:\/\/gaudiumetspes-blog.pl\/?s={search_term_string}\"},\"query-input\":{\"@type\":\"PropertyValueSpecification\",\"valueRequired\":true,\"valueName\":\"search_term_string\"}}],\"inLanguage\":\"pl-PL\"},{\"@type\":\"Person\",\"@id\":\"https:\/\/gaudiumetspes-blog.pl\/#\/schema\/person\/1661982992b752dea8dff0d4ed845a65\",\"name\":\"Ks. Jacek\",\"image\":{\"@type\":\"ImageObject\",\"inLanguage\":\"pl-PL\",\"@id\":\"https:\/\/gaudiumetspes-blog.pl\/#\/schema\/person\/image\/\",\"url\":\"https:\/\/gaudiumetspes-blog.pl\/wp-content\/uploads\/2019\/07\/avatar-JJ-150x150.jpg\",\"contentUrl\":\"https:\/\/gaudiumetspes-blog.pl\/wp-content\/uploads\/2019\/07\/avatar-JJ-150x150.jpg\",\"caption\":\"Ks. Jacek\"},\"description\":\"Witam serdecznie! K\u0142ania si\u0119 Ks. Jacek Ja\u015bkowski. Nie jestem ani kim\u015b wa\u017cnym, ani kim\u015b znanym. Jestem ksi\u0119dzem, kt\u00f3ry po prostu chce rozmawia\u0107. Codzienna kap\u0142a\u0144ska pos\u0142uga pokazuje mi, \u017ce temat\u00f3w do rozm\u00f3w z ksi\u0119dzem jest coraz wi\u0119cej i dzisiaj \u017caden ksi\u0105dz nie mo\u017ce od nich ucieka\u0107, ale - wprost przeciwnie - podejmowa\u0107 nowe wyzwania. To przekonanie sk\u0142oni\u0142o mnie do pr\u00f3by otwarcia tego\u017c bloga, chocia\u017c okazji do rozm\u00f3w na co dzie\u0144 - w konfesjonale i poza nim - na szcz\u0119\u015bcie nie brakuje. My\u015bl\u0119 jednak, \u017ce ten blog b\u0119dzie jeszcze jednym sposobem i przestrzeni\u0105 nawi\u0105zania kontaktu z lud\u017ami dobrej woli, otwartymi na dialog.\",\"url\":\"https:\/\/gaudiumetspes-blog.pl\/index.php\/author\/ks-jacek\/\"}]}<\/script>\n<!-- \/ Yoast SEO plugin. -->","yoast_head_json":{"title":"Dajmy si\u0119 Bogu uratowa\u0107... - Gaudium Et Spes","robots":{"index":"index","follow":"follow","max-snippet":"max-snippet:-1","max-image-preview":"max-image-preview:large","max-video-preview":"max-video-preview:-1"},"canonical":"https:\/\/gaudiumetspes-blog.pl\/index.php\/2013\/10\/26\/dajmy-sie-bogu-uratowac\/","og_locale":"pl_PL","og_type":"article","og_title":"Dajmy si\u0119 Bogu uratowa\u0107... - Gaudium Et Spes","og_description":"Szcz\u0119\u015b\u0107 Bo\u017ce! Witam i pozdrawiam u progu nowego dnia. O godzinie 2.07 naszego czasu dosta\u0142em smsa od Marka, \u017ce jest ju\u017c w Tomsku. Bogu niech b\u0119d\u0105 dzi\u0119ki! I Wam &#8211; za modlitw\u0119. A wczoraj ma\u0142o brakowa\u0142o, \u017ce z powodu warszawskich kork\u00f3w sp\u00f3\u017aniliby\u015bmy si\u0119 na samolot! Na szcz\u0119\u015bcie, z Bo\u017c\u0105 pomoc\u0105, wszystko jako\u015b si\u0119 u\u0142o\u017cy\u0142o&#8230; &nbsp; [&hellip;]","og_url":"https:\/\/gaudiumetspes-blog.pl\/index.php\/2013\/10\/26\/dajmy-sie-bogu-uratowac\/","og_site_name":"Gaudium Et Spes","article_published_time":"2013-10-26T04:30:00+00:00","article_modified_time":"2019-07-31T10:54:18+00:00","author":"Ks. Jacek","twitter_card":"summary_large_image","twitter_misc":{"Napisane przez":"Ks. Jacek","Szacowany czas czytania":"6 minut"},"schema":{"@context":"https:\/\/schema.org","@graph":[{"@type":"WebPage","@id":"https:\/\/gaudiumetspes-blog.pl\/index.php\/2013\/10\/26\/dajmy-sie-bogu-uratowac\/","url":"https:\/\/gaudiumetspes-blog.pl\/index.php\/2013\/10\/26\/dajmy-sie-bogu-uratowac\/","name":"Dajmy si\u0119 Bogu uratowa\u0107... - Gaudium Et Spes","isPartOf":{"@id":"https:\/\/gaudiumetspes-blog.pl\/#website"},"datePublished":"2013-10-26T04:30:00+00:00","dateModified":"2019-07-31T10:54:18+00:00","author":{"@id":"https:\/\/gaudiumetspes-blog.pl\/#\/schema\/person\/1661982992b752dea8dff0d4ed845a65"},"breadcrumb":{"@id":"https:\/\/gaudiumetspes-blog.pl\/index.php\/2013\/10\/26\/dajmy-sie-bogu-uratowac\/#breadcrumb"},"inLanguage":"pl-PL","potentialAction":[{"@type":"ReadAction","target":["https:\/\/gaudiumetspes-blog.pl\/index.php\/2013\/10\/26\/dajmy-sie-bogu-uratowac\/"]}]},{"@type":"BreadcrumbList","@id":"https:\/\/gaudiumetspes-blog.pl\/index.php\/2013\/10\/26\/dajmy-sie-bogu-uratowac\/#breadcrumb","itemListElement":[{"@type":"ListItem","position":1,"name":"Strona g\u0142\u00f3wna","item":"https:\/\/gaudiumetspes-blog.pl\/"},{"@type":"ListItem","position":2,"name":"Dajmy si\u0119 Bogu uratowa\u0107&#8230;"}]},{"@type":"WebSite","@id":"https:\/\/gaudiumetspes-blog.pl\/#website","url":"https:\/\/gaudiumetspes-blog.pl\/","name":"Gaudium Et Spes","description":"Blog Ks. Jacka Ja\u015bkowskiego","potentialAction":[{"@type":"SearchAction","target":{"@type":"EntryPoint","urlTemplate":"https:\/\/gaudiumetspes-blog.pl\/?s={search_term_string}"},"query-input":{"@type":"PropertyValueSpecification","valueRequired":true,"valueName":"search_term_string"}}],"inLanguage":"pl-PL"},{"@type":"Person","@id":"https:\/\/gaudiumetspes-blog.pl\/#\/schema\/person\/1661982992b752dea8dff0d4ed845a65","name":"Ks. Jacek","image":{"@type":"ImageObject","inLanguage":"pl-PL","@id":"https:\/\/gaudiumetspes-blog.pl\/#\/schema\/person\/image\/","url":"https:\/\/gaudiumetspes-blog.pl\/wp-content\/uploads\/2019\/07\/avatar-JJ-150x150.jpg","contentUrl":"https:\/\/gaudiumetspes-blog.pl\/wp-content\/uploads\/2019\/07\/avatar-JJ-150x150.jpg","caption":"Ks. Jacek"},"description":"Witam serdecznie! K\u0142ania si\u0119 Ks. Jacek Ja\u015bkowski. Nie jestem ani kim\u015b wa\u017cnym, ani kim\u015b znanym. Jestem ksi\u0119dzem, kt\u00f3ry po prostu chce rozmawia\u0107. Codzienna kap\u0142a\u0144ska pos\u0142uga pokazuje mi, \u017ce temat\u00f3w do rozm\u00f3w z ksi\u0119dzem jest coraz wi\u0119cej i dzisiaj \u017caden ksi\u0105dz nie mo\u017ce od nich ucieka\u0107, ale - wprost przeciwnie - podejmowa\u0107 nowe wyzwania. To przekonanie sk\u0142oni\u0142o mnie do pr\u00f3by otwarcia tego\u017c bloga, chocia\u017c okazji do rozm\u00f3w na co dzie\u0144 - w konfesjonale i poza nim - na szcz\u0119\u015bcie nie brakuje. My\u015bl\u0119 jednak, \u017ce ten blog b\u0119dzie jeszcze jednym sposobem i przestrzeni\u0105 nawi\u0105zania kontaktu z lud\u017ami dobrej woli, otwartymi na dialog.","url":"https:\/\/gaudiumetspes-blog.pl\/index.php\/author\/ks-jacek\/"}]}},"jetpack_featured_media_url":"","jetpack_sharing_enabled":true,"_links":{"self":[{"href":"https:\/\/gaudiumetspes-blog.pl\/index.php\/wp-json\/wp\/v2\/posts\/8960","targetHints":{"allow":["GET"]}}],"collection":[{"href":"https:\/\/gaudiumetspes-blog.pl\/index.php\/wp-json\/wp\/v2\/posts"}],"about":[{"href":"https:\/\/gaudiumetspes-blog.pl\/index.php\/wp-json\/wp\/v2\/types\/post"}],"author":[{"embeddable":true,"href":"https:\/\/gaudiumetspes-blog.pl\/index.php\/wp-json\/wp\/v2\/users\/1"}],"replies":[{"embeddable":true,"href":"https:\/\/gaudiumetspes-blog.pl\/index.php\/wp-json\/wp\/v2\/comments?post=8960"}],"version-history":[{"count":1,"href":"https:\/\/gaudiumetspes-blog.pl\/index.php\/wp-json\/wp\/v2\/posts\/8960\/revisions"}],"predecessor-version":[{"id":11294,"href":"https:\/\/gaudiumetspes-blog.pl\/index.php\/wp-json\/wp\/v2\/posts\/8960\/revisions\/11294"}],"wp:attachment":[{"href":"https:\/\/gaudiumetspes-blog.pl\/index.php\/wp-json\/wp\/v2\/media?parent=8960"}],"wp:term":[{"taxonomy":"category","embeddable":true,"href":"https:\/\/gaudiumetspes-blog.pl\/index.php\/wp-json\/wp\/v2\/categories?post=8960"},{"taxonomy":"post_tag","embeddable":true,"href":"https:\/\/gaudiumetspes-blog.pl\/index.php\/wp-json\/wp\/v2\/tags?post=8960"}],"curies":[{"name":"wp","href":"https:\/\/api.w.org\/{rel}","templated":true}]}}