{"id":8970,"date":"2013-10-16T06:31:00","date_gmt":"2013-10-16T04:31:00","guid":{"rendered":"https:\/\/gaudiumetspes-blog.pl\/index.php\/2013\/10\/16\/fatima-lourdes-santiago-dzien-3\/"},"modified":"2019-07-31T12:54:17","modified_gmt":"2019-07-31T10:54:17","slug":"fatima-lourdes-santiago-dzien-3","status":"publish","type":"post","link":"https:\/\/gaudiumetspes-blog.pl\/index.php\/2013\/10\/16\/fatima-lourdes-santiago-dzien-3\/","title":{"rendered":"Fatima &#8211; Lourdes &#8211; Santiago &#8211; dzie\u0144 3"},"content":{"rendered":"<div align=\"JUSTIFY\" style=\"margin-bottom: 0cm;\">\nSzcz\u0119\u015b\u0107 Bo\u017ce! Pozdrawiamy jeszcze z Fatimy!<\/div>\n<div align=\"JUSTIFY\" style=\"margin-bottom: 0cm;\">\n&nbsp; &nbsp; &nbsp; &nbsp; &nbsp; &nbsp;Gaudium et spes! &nbsp;Ks. Marek i Ks. Jacek<\/div>\n<div align=\"JUSTIFY\" style=\"margin-bottom: 0cm;\">\n<b><br \/><\/b><\/div>\n<div align=\"JUSTIFY\" style=\"margin-bottom: 0cm;\">\n<b>Wspomnienie<br \/>\n\u015aw. Jadwigi \u015al\u0105skiej,<\/b><\/div>\n<div align=\"JUSTIFY\" style=\"margin-bottom: 0cm;\">\n<b>do<br \/>\nczyta\u0144:  Rz 2,1\u201311;  \u0141k 11,42\u201346<\/b><\/div>\n<div align=\"JUSTIFY\" style=\"margin-bottom: 0cm;\">\n<\/div>\n<div align=\"JUSTIFY\" style=\"margin-bottom: 0cm; page-break-before: auto;\">\n<b>CZYTANIE<br \/>\nZ LISTU \u015aWI\u0118TEGO PAW\u0141A APOSTO\u0141A DO RZYMIAN: <\/b>\n<\/div>\n<div align=\"JUSTIFY\" style=\"margin-bottom: 0cm; text-indent: 1.24cm;\">\n<b>Nie<br \/>\nmo\u017cesz wym\u00f3wi\u0107 si\u0119 od winy, cz\u0142owiecze, kimkolwiek jeste\u015b, gdy<br \/>\nzabierasz si\u0119 do s\u0105dzenia. W jakiej bowiem sprawie s\u0105dzisz<br \/>\ndrugiego, w tej sam na siebie wydajesz wyrok, bo ty czynisz to samo,<br \/>\nco os\u0105dzasz. Wiemy za\u015b, \u017ce s\u0105d Bo\u017cy wed\u0142ug prawdy dosi\u0119ga<br \/>\ntych, kt\u00f3rzy si\u0119 dopuszczaj\u0105 takich czyn\u00f3w. Czy my\u015blisz,<br \/>\ncz\u0142owiecze, co os\u0105dzasz tych, kt\u00f3rzy si\u0119 dopuszczaj\u0105 takich<br \/>\nczyn\u00f3w, a sam czynisz to samo, \u017ce ty unikniesz pot\u0119pienia Bo\u017cego?<br \/>\nA mo\u017ce gardzisz bogactwem dobroci, cierpliwo\u015bci i wielkoduszno\u015bci<br \/>\nBoga, nie chc\u0105c wiedzie\u0107, \u017ce dobro\u0107 Jego chce ci\u0119 przywie\u015b\u0107 do<br \/>\nnawr\u00f3cenia? <\/b>\n<\/div>\n<div align=\"JUSTIFY\" style=\"margin-bottom: 0cm; text-indent: 1.24cm;\">\n<b>Oto<br \/>\nprzez swoj\u0105 zatwardzia\u0142o\u015b\u0107 i serce niesk\u0142onne do nawr\u00f3cenia<br \/>\nskarbisz sobie gniew na dzie\u0144 gniewu i objawienia si\u0119<br \/>\nsprawiedliwego s\u0105du Boga, kt\u00f3ry odda ka\u017cdemu wed\u0142ug uczynk\u00f3w<br \/>\njego: tym, kt\u00f3rzy przez wytrwa\u0142o\u015b\u0107 w dobrych uczynkach szukaj\u0105<br \/>\nchwa\u0142y, czci i nie\u015bmiertelno\u015bci &#8211; \u017cycie wieczne; tym za\u015b, kt\u00f3rzy<br \/>\ns\u0105 przekonani, za prawd\u0105 p\u00f3j\u015b\u0107 nie chc\u0105, a oddaj\u0105 si\u0119<br \/>\nnieprawo\u015bci &#8211; gniew i oburzenie. <\/b>\n<\/div>\n<div align=\"JUSTIFY\" style=\"margin-bottom: 0cm; text-indent: 1.24cm;\">\n<b>Ucisk<br \/>\ni utrapienie spadnie na ka\u017cdego cz\u0142owieka, kt\u00f3ry dopuszcza si\u0119<br \/>\nz\u0142a, najpierw na \u017byda, a potem na Greka. Chwa\u0142a za\u015b, cze\u015b\u0107 i<br \/>\npok\u00f3j spotka ka\u017cdego, kto czyni dobrze, najpierw \u017byda, a potem<br \/>\nGreka. Albowiem u Boga nie ma wzgl\u0119du na osob\u0119.<\/b><\/div>\n<div align=\"JUSTIFY\" style=\"margin-bottom: 0cm;\">\n<\/div>\n<div align=\"JUSTIFY\" style=\"margin-bottom: 0cm;\">\n<b>S\u0141OWA<br \/>\nEWANGELII WED\u0141UG \u015aWI\u0118TEGO \u0141UKASZA:<\/b><\/div>\n<div align=\"JUSTIFY\" style=\"margin-bottom: 0cm; text-indent: 1.24cm;\">\n<b>Jezus<br \/>\npowiedzia\u0142 do faryzeusz\u00f3w i uczonych w Prawie: \u201eBiada wam,<br \/>\nfaryzeuszom, bo dajecie dziesi\u0119cin\u0119 z mi\u0119ty i ruty, i z wszelkiego<br \/>\nrodzaju jarzyny, a pomijacie sprawiedliwo\u015b\u0107 i mi\u0142o\u015b\u0107 Bo\u017c\u0105.<br \/>\nTymczasem to nale\u017ca\u0142o czyni\u0107 i tamtego nie opuszcza\u0107. <\/b>\n<\/div>\n<div align=\"JUSTIFY\" style=\"margin-bottom: 0cm; text-indent: 1.24cm;\">\n<b>Biada<br \/>\nwam, faryzeuszom, bo lubicie pierwsze miejsce w synagogach i<br \/>\npozdrowienia na rynku. <\/b>\n<\/div>\n<div align=\"JUSTIFY\" style=\"margin-bottom: 0cm; text-indent: 1.24cm;\">\n<b>Biada<br \/>\nwam, bo jeste\u015bcie jak groby niewidoczne, po kt\u00f3rych ludzie<br \/>\nbezwiednie przechodz\u0105\u201d. <\/b>\n<\/div>\n<div align=\"JUSTIFY\" style=\"margin-bottom: 0cm; text-indent: 1.24cm;\">\n<b>Wtedy<br \/>\nodezwa\u0142 si\u0119 do Niego jeden z uczonych w Prawie: \u201eNauczycielu,<br \/>\ntymi s\u0142owami nam te\u017c ubli\u017casz\u201d. On odpar\u0142: \u201eI wam, uczonym w<br \/>\nPrawie, biada. Bo wk\u0142adacie na ludzi ci\u0119\u017cary nie do uniesienia, a<br \/>\nsami jednym palcem ci\u0119\u017car\u00f3w tych nie dotykacie\u201d.<\/b><\/div>\n<div align=\"JUSTIFY\" style=\"margin-bottom: 0cm;\">\n<\/div>\n<div align=\"JUSTIFY\" style=\"margin-bottom: 0cm; text-indent: 1.24cm;\">\nPatronka<br \/>\ndnia dzisiejszego, <b>Jadwiga, urodzi\u0142a si\u0119 w Bawarii oko\u0142o roku<br \/>\n1174.<\/b> W trzynastym roku po\u015blubi\u0142a ksi\u0119cia Henryka Brodatego, z<br \/>\nkt\u00f3rym mia\u0142a siedmioro dzieci. <b>Otacza\u0142a trosk\u0105 ubogich i<br \/>\nchorych, dla kt\u00f3rych fundowa\u0142a szpitale. <\/b>Po \u015bmierci m\u0119\u017ca<br \/>\nschroni\u0142a si\u0119 do klasztoru w Trzebnicy i tam zmar\u0142a 15<br \/>\npa\u017adziernika 1243 roku.\n<\/div>\n<div align=\"JUSTIFY\" style=\"margin-bottom: 0cm; text-indent: 1.24cm;\">\nJej<br \/>\nwstawiennictwu powierzamy nasze pielgrzymowanie w trzecim jego dniu.<br \/>\nZacz\u0119\u0142o si\u0119 on \u2013 podobnie jak wczorajszy \u2013 <b>Msz\u0105 \u015awi\u0119t\u0105<br \/>\no godzinie 6<\/b><b>00<\/b><b> przy Kaplicy Objawie\u0144.<\/b> A<br \/>\npotem \u2013 ju\u017c \u015bniadanie i wyjazd z Fatimy.<\/div>\n<div align=\"JUSTIFY\" style=\"margin-bottom: 0cm; text-indent: 1.24cm;\">\nNatomiast<br \/>\nwczoraj we Mszy \u015awi\u0119tej uczestniczy\u0142a wraz z nami <b>Grupa<br \/>\nPielgrzym\u00f3w ze S\u0142owacji.<\/b> Ich Ksi\u0105dz Opiekun koncelebrowa\u0142 z<br \/>\nnami, w\u0142\u0105czaj\u0105c si\u0119 w niekt\u00f3re momenty Mszy \u015awi\u0119tej. Na<br \/>\nszcz\u0119\u015bcie, wszystko rozumia\u0142 po polsku. Zapewne jego Pielgrzymi<br \/>\ntak\u017ce rozumieli, bo wszyscy z uwag\u0105 s\u0142uchali <b>homilii Marka, w<br \/>\nkt\u00f3rej wskaza\u0142 on na ogromne znaczenie modlitwy \u2013 chocia\u017cby w<br \/>\nkontek\u015bcie trzeciej tajemnicy fatimskiej,<\/b> czy w kontek\u015bcie<br \/>\nostatniej duchowej mobilizacji modlitewnej wobec zagro\u017cenia wojn\u0105 w<br \/>\nSyrii. <b>Modlitwa naprawd\u0119 dokonuje rzeczy niezwyk\u0142ych!<\/b><\/div>\n<div align=\"JUSTIFY\" style=\"margin-bottom: 0cm; text-indent: 1.24cm;\">\nPo<br \/>\npowrocie ze Mszy \u015awi\u0119tej by\u0142o \u015bniadanie, a po nim wyruszyli\u015bmy<br \/>\nna<br \/>\nplac przy Sanktuarium, aby obejrze\u0107 ca\u0142y jego uk\u0142ad, ale te\u017c \u2013<br \/>\n<b>raz<br \/>\njeszcze przyjrze\u0107 si\u0119 <\/b><b>Kaplicy<br \/>\nObjawie\u0144 i dowiedzie\u0107 si\u0119 co\u015b o niej,<\/b><br \/>\na nast\u0119pnie zobaczy\u0107 <b>kawa\u0142e<\/b><b>k<\/b><b><br \/>\nmuru berli\u0144skiego,<\/b><br \/>\nprzywieziony tu po jego zburzeniu; nast\u0119pnie<br \/>\nobejrze\u0107<br \/>\n<b>g\u0142\u00f3wny<br \/>\nko\u015bci\u00f3\u0142 pod wezwaniem Matki Bo\u017cej Kr\u00f3lowej R\u00f3\u017ca\u0144ca \u015awi\u0119tego<br \/>\ni pomodli\u0107 si\u0119 tam przy grobach tr\u00f3jki Pastuszk\u00f3w,<\/b><br \/>\nwidz\u0105cych Matk\u0119 Bo\u017c\u0105 w czasie objawie\u0144\u2026 Dwoje z nich,<br \/>\nFranciszek i Hiacynta, og\u0142oszeni zostali B\u0142ogos\u0142awionymi Ko\u015bcio\u0142a.<br \/>\n\u0141ucja zmar\u0142a stosunkowo niedawno, bo 13 lutego 2005 roku.\n<\/div>\n<div align=\"JUSTIFY\" style=\"margin-bottom: 0cm; text-indent: 1.24cm;\">\nPo<br \/>\nwyj\u015bciu z Bazyliki zrobili\u015bmy wsp\u00f3lne zdj\u0119cie na schodach, a<br \/>\npotem<br \/>\nprzeszli\u015bmy do <b>nowej,<br \/>\nbo konsekrowanej w 2007 roku, Bazylik<\/b><b>i<\/b><b><br \/>\nTr\u00f3jcy \u015awi\u0119tej.<\/b><br \/>\nPodobnie, jak w Lourdes, jest ona tak architektonicznie rozwi\u0105zana,<br \/>\n\u017ce nie przes\u0142ania sob\u0105 i nie przyt\u0142acza placu. A przecie\u017c jest w<br \/>\nniej miejsce dla <b>ponad<br \/>\no\u015bmiuset os\u00f3b siedz\u0105cych i dziewi\u0119ciuset stoj\u0105cych:<\/b><br \/>\nogromna przestrze\u0144 do modlitwy. Szkoda tylko, \u017ce we wsp\u00f3\u0142czesnym<br \/>\nbudownictwie  sakralnym cz\u0119sto rezygnuje si\u0119 z<br \/>\numieszczania Tabernakulum w centrum \u015bwi\u0105tyni. Natomiast<br \/>\nby\u0142o ono w cz\u0119\u015bci podziemnej tej\u017ce \u015bwi\u0105tyni, w odr\u0119bnej<br \/>\nkaplicy, gdzie <b>do\u015b\u0107<br \/>\ndu\u017ca grupa os\u00f3b modli\u0142a si\u0119 w wielkiej ciszy. Naprawd\u0119, to taki<br \/>\nbuduj\u0105cy widok\u2026<\/b><br \/>\nMy<br \/>\nte\u017c tam weszli\u015bmy na pi\u0119tna\u015bcie minut.<\/div>\n<div align=\"JUSTIFY\" style=\"margin-bottom: 0cm; text-indent: 1.24cm;\">\nA<br \/>\npotem chwila wolnego <b>i<br \/>\no 12<\/b><b>00<\/b><b><br \/>\n\u2013 zwiedzanie muzeum,<\/b><br \/>\nw kt\u00f3rym zgromadzono przer\u00f3\u017cne wota, darowane przez wszystkie lata<br \/>\nistnienia Sanktuarium w prezencie Matce Bo\u017cej. W muzeum tym r\u00f3wnie\u017c<br \/>\nznajduje si\u0119 <b>oryginalna<br \/>\nkorona, jak\u0105 zak\u0142ada si\u0119 na Figur\u0119 Matki Bo\u017cej w szczeg\u00f3lnie<br \/>\nuroczyste dni. <\/b>W<br \/>\npozosta\u0142e dni u\u017cywa si\u0119 kopii, ze wzgl\u0119du na wielk\u0105 warto\u015b\u0107<br \/>\ntej oryginalnej. A t\u0119 warto\u015b\u0107 podnosi tak\u017ce fakt, \u017ce to w\u0142a\u015bnie<br \/>\nw ni\u0105 w\u0142o\u017cona jest <b>kula,<br \/>\nkt\u00f3r\u0105 po zamachu wyj\u0119to z cia\u0142a Jana Paw\u0142a II\u2026<\/b><br \/>\n Mogli\u015bmy to z bardzo bliska zobaczy\u0107, za szyb\u0105.<\/div>\n<div align=\"JUSTIFY\" style=\"margin-bottom: 0cm; text-indent: 1.24cm;\">\nPo<br \/>\nmuzeum \u2013 czas wolny: mo\u017cna by\u0142o co\u015b zje\u015b\u0107, mo\u017cna by\u0142o si\u0119<br \/>\npomodli\u0107, a nawet i przespa\u0107, bo przecie\u017c hotel tu\u017c obok\u2026 <b>O<br \/>\n15<\/b><b>00<\/b><b><br \/>\nza\u015b rozpocz\u0119\u0142a si\u0119 Droga Krzy\u017cowa,<\/b><br \/>\nkt\u00f3r\u0105 prowadzi\u0142 Marek i w trakcie kt\u00f3rej, w rozwa\u017caniach, mocno<br \/>\npo\u0142o\u017cy\u0142 nacisk na nasz\u0105 chrze\u015bcija\u0144sk\u0105 postaw\u0119, wyra\u017caj\u0105c\u0105<br \/>\nsi\u0119 <b>w<br \/>\nszczerym \u2013 lub nieszczerym \u2013 wsp\u00f3\u0142czuciu drugiemu cz\u0142owiekowi<br \/>\ni w takim samym spieszeniu mu z pomoc\u0105.<\/b><br \/>\n\u015apiewem, jaki towarzyszy\u0142 nam w przej\u015bciu pomi\u0119dzy stacjami, by\u0142y<br \/>\nkolejne<br \/>\ndziesi\u0105tki<br \/>\nKoronki do Bo\u017cego Mi\u0142osierdzia. Postanowili\u015bmy przy tym, \u017ce <b>nie<br \/>\nsko\u0144czymy na pi\u0119ciu, ale b\u0119dziemy j\u0105 \u015bpiewa\u0107 przez ca\u0142y czas,<\/b><br \/>\ntak \u017ce wysz\u0142a nam taka wyd\u0142u\u017cona Koronka, <b>obejmuj\u0105ca<br \/>\na\u017c dziesi\u0119\u0107 dziesi\u0105tk\u00f3w! <\/b>\n<\/div>\n<div align=\"JUSTIFY\" style=\"margin-bottom: 0cm; text-indent: 1.24cm;\">\nMniej<br \/>\nwi\u0119cej w \u015brodku Drogi Krzy\u017cowej przechodzili\u015bmy przez <b>miejsce,<br \/>\ngdzie Maryja objawi\u0142a si\u0119 w dniu 19 sierpnia 1917 roku.<\/b><br \/>\nBy\u0142o to inne miejsce, ani\u017celi to zasadnicze, a to <b>dlatego,<br \/>\n\u017ce 13 sierpnia Dzieci by\u0142y wi\u0119zione i przes\u0142uchiwane.<\/b><br \/>\nKiedy je wypuszczono, mog\u0142y ju\u017c spotka\u0107 si\u0119 z Maryj\u0105 i to<br \/>\nw\u0142a\u015bnie Ona wybra\u0142a to miejsce i ten czas.\n<\/div>\n<div align=\"JUSTIFY\" style=\"margin-bottom: 0cm; text-indent: 1.24cm;\">\nPo<br \/>\nzako\u0144czeniu Drogi Krzy\u017cowej, <b>dotarli\u015bmy<br \/>\ndo miejscowo\u015bci Aljustrel, gdzie mieszkali Pastuszkowie.<\/b><br \/>\nObejrzeli\u015bmy dom rodzinny \u0141ucji, a potem<br \/>\ndom<br \/>\nFranciszka i Hiacynty, \u017ceby <b>nast\u0119pnie<br \/>\nuda\u0107 si\u0119 do hurtowni z dewocjonaliami, w kt\u00f3rej wszyscy dokonali<br \/>\nzakup\u00f3w pami\u0105tek.<\/b><br \/>\nBez tego w og\u00f3le trudno by\u0142oby sobie wyobrazi\u0107 ca\u0142y wyjazd! Czy\u017c<br \/>\nby\u0142by on w og\u00f3le wa\u017cny?<\/div>\n<div align=\"JUSTIFY\" style=\"margin-bottom: 0cm; text-indent: 1.24cm;\">\nPo<br \/>\npowrocie do hotelu \u2013 kolacja <b>i<br \/>\no 21<\/b><b>30<\/b><b><br \/>\nudali\u015bmy si\u0119 na R\u00f3\u017caniec, kt\u00f3ry jest uroczy\u015bcie odmawiany na<br \/>\nPlacu przed Sanktuarium we wszystkich mo\u017cliwych j\u0119zykach.<\/b><br \/>\nProwadzony jest on<br \/>\nw ten spos\u00f3b, \u017ce p\u00f3\u0142 dziesi\u0105tka odmawia si\u0119 w jakim\u015b jednym<br \/>\nj\u0119zyku, a p\u00f3\u0142 w innym. <b>Nam<br \/>\nprzypad\u0142a druga po\u0142owa tajemnicy czwartek bolesnej, a odm\u00f3wi\u0142a j\u0105<br \/>\nPani Agnieszka Szel\u0105g. <\/b>Ca\u0142y<br \/>\nR\u00f3\u017caniec zako\u0144czy\u0142 si\u0119 procesj\u0105 ze \u015bwiecami oko\u0142o godziny<br \/>\n2300.<\/div>\n<div align=\"JUSTIFY\" style=\"margin-bottom: 0cm; text-indent: 1.24cm;\">\nDzisiaj<br \/>\nju\u017c, po Mszy \u015awi\u0119tej, \u017cegnamy Fatim\u0119. Atmosfera w Grupie jest<br \/>\nwspania\u0142a, co <b>w<br \/>\ndu\u017cym stopniu jest zas\u0142ug\u0105 Pani Przewodnik Gabrieli Snaczke,<\/b><br \/>\nale te\u017c du\u017co dobrego czyni\u0105 swoj\u0105 obecno\u015bci\u0105 i entuzjazem <b>nasi<br \/>\nLektorzy.<\/b><br \/>\nProsz\u0119 sobie bowiem wyobrazi\u0107 tak zwan\u0105 \u201ebramk\u0119\u201d uczynion\u0105<br \/>\ndo przeliczenia wszystkich \u2013 uczynion\u0105 przez <b>dwie<br \/>\npary owych m\u0142odych Rycerzy, licz\u0105cych ch\u00f3rem na g\u0142os wszystkich<br \/>\nprzechodz\u0105cych pod ich r\u0119kami!<\/b><br \/>\nKapitalny widok!<\/div>\n<div align=\"JUSTIFY\" style=\"margin-bottom: 0cm; text-indent: 1.24cm;\">\nW<br \/>\ndzisiejszym Bo\u017cym S\u0142owie \u2013 zar\u00f3wno Jezus w Ewangelii, jak i<br \/>\nPawe\u0142 w swoim Li\u015bcie \u2013 ostrzegaj\u0105 przed ob\u0142ud\u0105 i<br \/>\nzatwardzia\u0142o\u015bci\u0105 serca, a zach\u0119caj\u0105 do budowania postawy<br \/>\nszczero\u015bci i prawdziwej pobo\u017cno\u015bci. Jezus m\u00f3wi wyra\u017anie: <i><b>Biada<br \/>\nwam, faryzeuszom, bo dajecie dziesi\u0119cin\u0119 z mi\u0119ty i ruty, i z<br \/>\nwszelkiego rodzaju jarzyny, a pomijacie sprawiedliwo\u015b\u0107 i mi\u0142o\u015b\u0107<br \/>\nBo\u017c\u0105. Tymczasem to nale\u017ca\u0142o czyni\u0107 i tamtego nie opuszcza\u0107. <\/b><\/i>A<br \/>\ndzisiejsza Patronka swoim przyk\u0142adem pokazuje, jak budowa\u0107 tak\u0105<br \/>\nw\u0142a\u015bnie pi\u0119kn\u0105 postaw\u0119 \u015bwi\u0119to\u015bci.<\/div>\n<div align=\"JUSTIFY\" style=\"margin-bottom: 0cm; text-indent: 1.24cm;\">\nMy<br \/>\nte\u017c nad tym si\u0119 zastanawiamy, kszta\u0142tuj\u0105c w swych sercach m\u0105dre<br \/>\npostanowienia, kt\u00f3rymi planujemy<br \/>\nzako\u0144czy\u0107<br \/>\nto nasze pielgrzymowanie. A s\u0142u\u017c\u0105 tej refleksji z ca\u0142\u0105 pewno\u015bci\u0105<br \/>\n<b>chwile<br \/>\nciszy i skupienia,<\/b><br \/>\nkt\u00f3rych naprawd\u0119 w programie kolejnych dni nie brakuje. Na<br \/>\nszcz\u0119\u015bcie!<\/div>\n","protected":false},"excerpt":{"rendered":"<p>Szcz\u0119\u015b\u0107 Bo\u017ce! Pozdrawiamy jeszcze z Fatimy! &nbsp; &nbsp; &nbsp; &nbsp; &nbsp; &nbsp;Gaudium et spes! &nbsp;Ks. Marek i Ks. Jacek Wspomnienie \u015aw. Jadwigi \u015al\u0105skiej, do czyta\u0144: Rz 2,1\u201311; \u0141k 11,42\u201346 CZYTANIE Z LISTU \u015aWI\u0118TEGO PAW\u0141A APOSTO\u0141A DO RZYMIAN: Nie mo\u017cesz wym\u00f3wi\u0107 si\u0119 od winy, cz\u0142owiecze, kimkolwiek jeste\u015b, gdy zabierasz si\u0119 do s\u0105dzenia. W jakiej bowiem sprawie [&hellip;]<\/p>\n","protected":false},"author":1,"featured_media":0,"comment_status":"open","ping_status":"open","sticky":false,"template":"","format":"standard","meta":{"jetpack_post_was_ever_published":false,"_jetpack_newsletter_access":"","_jetpack_dont_email_post_to_subs":false,"_jetpack_newsletter_tier_id":0,"_jetpack_memberships_contains_paywalled_content":false,"_jetpack_memberships_contains_paid_content":false,"footnotes":""},"categories":[1],"tags":[],"class_list":["post-8970","post","type-post","status-publish","format-standard","hentry","category-bez-kategorii"],"yoast_head":"<!-- This site is optimized with the Yoast SEO plugin v25.1 - https:\/\/yoast.com\/wordpress\/plugins\/seo\/ -->\n<title>Fatima - Lourdes - Santiago - dzie\u0144 3 - Gaudium Et Spes<\/title>\n<meta name=\"robots\" content=\"index, follow, max-snippet:-1, max-image-preview:large, max-video-preview:-1\" \/>\n<link rel=\"canonical\" href=\"https:\/\/gaudiumetspes-blog.pl\/index.php\/2013\/10\/16\/fatima-lourdes-santiago-dzien-3\/\" \/>\n<meta property=\"og:locale\" content=\"pl_PL\" \/>\n<meta property=\"og:type\" content=\"article\" \/>\n<meta property=\"og:title\" content=\"Fatima - Lourdes - Santiago - dzie\u0144 3 - Gaudium Et Spes\" \/>\n<meta property=\"og:description\" content=\"Szcz\u0119\u015b\u0107 Bo\u017ce! Pozdrawiamy jeszcze z Fatimy! &nbsp; &nbsp; &nbsp; &nbsp; &nbsp; &nbsp;Gaudium et spes! &nbsp;Ks. Marek i Ks. Jacek Wspomnienie \u015aw. Jadwigi \u015al\u0105skiej, do czyta\u0144: Rz 2,1\u201311; \u0141k 11,42\u201346 CZYTANIE Z LISTU \u015aWI\u0118TEGO PAW\u0141A APOSTO\u0141A DO RZYMIAN: Nie mo\u017cesz wym\u00f3wi\u0107 si\u0119 od winy, cz\u0142owiecze, kimkolwiek jeste\u015b, gdy zabierasz si\u0119 do s\u0105dzenia. W jakiej bowiem sprawie [&hellip;]\" \/>\n<meta property=\"og:url\" content=\"https:\/\/gaudiumetspes-blog.pl\/index.php\/2013\/10\/16\/fatima-lourdes-santiago-dzien-3\/\" \/>\n<meta property=\"og:site_name\" content=\"Gaudium Et Spes\" \/>\n<meta property=\"article:published_time\" content=\"2013-10-16T04:31:00+00:00\" \/>\n<meta property=\"article:modified_time\" content=\"2019-07-31T10:54:17+00:00\" \/>\n<meta name=\"author\" content=\"Ks. Jacek\" \/>\n<meta name=\"twitter:card\" content=\"summary_large_image\" \/>\n<meta name=\"twitter:label1\" content=\"Napisane przez\" \/>\n\t<meta name=\"twitter:data1\" content=\"Ks. Jacek\" \/>\n\t<meta name=\"twitter:label2\" content=\"Szacowany czas czytania\" \/>\n\t<meta name=\"twitter:data2\" content=\"8 minut\" \/>\n<script type=\"application\/ld+json\" class=\"yoast-schema-graph\">{\"@context\":\"https:\/\/schema.org\",\"@graph\":[{\"@type\":\"WebPage\",\"@id\":\"https:\/\/gaudiumetspes-blog.pl\/index.php\/2013\/10\/16\/fatima-lourdes-santiago-dzien-3\/\",\"url\":\"https:\/\/gaudiumetspes-blog.pl\/index.php\/2013\/10\/16\/fatima-lourdes-santiago-dzien-3\/\",\"name\":\"Fatima - Lourdes - Santiago - dzie\u0144 3 - Gaudium Et Spes\",\"isPartOf\":{\"@id\":\"https:\/\/gaudiumetspes-blog.pl\/#website\"},\"datePublished\":\"2013-10-16T04:31:00+00:00\",\"dateModified\":\"2019-07-31T10:54:17+00:00\",\"author\":{\"@id\":\"https:\/\/gaudiumetspes-blog.pl\/#\/schema\/person\/1661982992b752dea8dff0d4ed845a65\"},\"breadcrumb\":{\"@id\":\"https:\/\/gaudiumetspes-blog.pl\/index.php\/2013\/10\/16\/fatima-lourdes-santiago-dzien-3\/#breadcrumb\"},\"inLanguage\":\"pl-PL\",\"potentialAction\":[{\"@type\":\"ReadAction\",\"target\":[\"https:\/\/gaudiumetspes-blog.pl\/index.php\/2013\/10\/16\/fatima-lourdes-santiago-dzien-3\/\"]}]},{\"@type\":\"BreadcrumbList\",\"@id\":\"https:\/\/gaudiumetspes-blog.pl\/index.php\/2013\/10\/16\/fatima-lourdes-santiago-dzien-3\/#breadcrumb\",\"itemListElement\":[{\"@type\":\"ListItem\",\"position\":1,\"name\":\"Strona g\u0142\u00f3wna\",\"item\":\"https:\/\/gaudiumetspes-blog.pl\/\"},{\"@type\":\"ListItem\",\"position\":2,\"name\":\"Fatima &#8211; Lourdes &#8211; Santiago &#8211; dzie\u0144 3\"}]},{\"@type\":\"WebSite\",\"@id\":\"https:\/\/gaudiumetspes-blog.pl\/#website\",\"url\":\"https:\/\/gaudiumetspes-blog.pl\/\",\"name\":\"Gaudium Et Spes\",\"description\":\"Blog Ks. Jacka Ja\u015bkowskiego\",\"potentialAction\":[{\"@type\":\"SearchAction\",\"target\":{\"@type\":\"EntryPoint\",\"urlTemplate\":\"https:\/\/gaudiumetspes-blog.pl\/?s={search_term_string}\"},\"query-input\":{\"@type\":\"PropertyValueSpecification\",\"valueRequired\":true,\"valueName\":\"search_term_string\"}}],\"inLanguage\":\"pl-PL\"},{\"@type\":\"Person\",\"@id\":\"https:\/\/gaudiumetspes-blog.pl\/#\/schema\/person\/1661982992b752dea8dff0d4ed845a65\",\"name\":\"Ks. Jacek\",\"image\":{\"@type\":\"ImageObject\",\"inLanguage\":\"pl-PL\",\"@id\":\"https:\/\/gaudiumetspes-blog.pl\/#\/schema\/person\/image\/\",\"url\":\"https:\/\/gaudiumetspes-blog.pl\/wp-content\/uploads\/2019\/07\/avatar-JJ-150x150.jpg\",\"contentUrl\":\"https:\/\/gaudiumetspes-blog.pl\/wp-content\/uploads\/2019\/07\/avatar-JJ-150x150.jpg\",\"caption\":\"Ks. Jacek\"},\"description\":\"Witam serdecznie! K\u0142ania si\u0119 Ks. Jacek Ja\u015bkowski. Nie jestem ani kim\u015b wa\u017cnym, ani kim\u015b znanym. Jestem ksi\u0119dzem, kt\u00f3ry po prostu chce rozmawia\u0107. Codzienna kap\u0142a\u0144ska pos\u0142uga pokazuje mi, \u017ce temat\u00f3w do rozm\u00f3w z ksi\u0119dzem jest coraz wi\u0119cej i dzisiaj \u017caden ksi\u0105dz nie mo\u017ce od nich ucieka\u0107, ale - wprost przeciwnie - podejmowa\u0107 nowe wyzwania. To przekonanie sk\u0142oni\u0142o mnie do pr\u00f3by otwarcia tego\u017c bloga, chocia\u017c okazji do rozm\u00f3w na co dzie\u0144 - w konfesjonale i poza nim - na szcz\u0119\u015bcie nie brakuje. My\u015bl\u0119 jednak, \u017ce ten blog b\u0119dzie jeszcze jednym sposobem i przestrzeni\u0105 nawi\u0105zania kontaktu z lud\u017ami dobrej woli, otwartymi na dialog.\",\"url\":\"https:\/\/gaudiumetspes-blog.pl\/index.php\/author\/ks-jacek\/\"}]}<\/script>\n<!-- \/ Yoast SEO plugin. -->","yoast_head_json":{"title":"Fatima - Lourdes - Santiago - dzie\u0144 3 - Gaudium Et Spes","robots":{"index":"index","follow":"follow","max-snippet":"max-snippet:-1","max-image-preview":"max-image-preview:large","max-video-preview":"max-video-preview:-1"},"canonical":"https:\/\/gaudiumetspes-blog.pl\/index.php\/2013\/10\/16\/fatima-lourdes-santiago-dzien-3\/","og_locale":"pl_PL","og_type":"article","og_title":"Fatima - Lourdes - Santiago - dzie\u0144 3 - Gaudium Et Spes","og_description":"Szcz\u0119\u015b\u0107 Bo\u017ce! Pozdrawiamy jeszcze z Fatimy! &nbsp; &nbsp; &nbsp; &nbsp; &nbsp; &nbsp;Gaudium et spes! &nbsp;Ks. Marek i Ks. Jacek Wspomnienie \u015aw. Jadwigi \u015al\u0105skiej, do czyta\u0144: Rz 2,1\u201311; \u0141k 11,42\u201346 CZYTANIE Z LISTU \u015aWI\u0118TEGO PAW\u0141A APOSTO\u0141A DO RZYMIAN: Nie mo\u017cesz wym\u00f3wi\u0107 si\u0119 od winy, cz\u0142owiecze, kimkolwiek jeste\u015b, gdy zabierasz si\u0119 do s\u0105dzenia. W jakiej bowiem sprawie [&hellip;]","og_url":"https:\/\/gaudiumetspes-blog.pl\/index.php\/2013\/10\/16\/fatima-lourdes-santiago-dzien-3\/","og_site_name":"Gaudium Et Spes","article_published_time":"2013-10-16T04:31:00+00:00","article_modified_time":"2019-07-31T10:54:17+00:00","author":"Ks. Jacek","twitter_card":"summary_large_image","twitter_misc":{"Napisane przez":"Ks. Jacek","Szacowany czas czytania":"8 minut"},"schema":{"@context":"https:\/\/schema.org","@graph":[{"@type":"WebPage","@id":"https:\/\/gaudiumetspes-blog.pl\/index.php\/2013\/10\/16\/fatima-lourdes-santiago-dzien-3\/","url":"https:\/\/gaudiumetspes-blog.pl\/index.php\/2013\/10\/16\/fatima-lourdes-santiago-dzien-3\/","name":"Fatima - Lourdes - Santiago - dzie\u0144 3 - Gaudium Et Spes","isPartOf":{"@id":"https:\/\/gaudiumetspes-blog.pl\/#website"},"datePublished":"2013-10-16T04:31:00+00:00","dateModified":"2019-07-31T10:54:17+00:00","author":{"@id":"https:\/\/gaudiumetspes-blog.pl\/#\/schema\/person\/1661982992b752dea8dff0d4ed845a65"},"breadcrumb":{"@id":"https:\/\/gaudiumetspes-blog.pl\/index.php\/2013\/10\/16\/fatima-lourdes-santiago-dzien-3\/#breadcrumb"},"inLanguage":"pl-PL","potentialAction":[{"@type":"ReadAction","target":["https:\/\/gaudiumetspes-blog.pl\/index.php\/2013\/10\/16\/fatima-lourdes-santiago-dzien-3\/"]}]},{"@type":"BreadcrumbList","@id":"https:\/\/gaudiumetspes-blog.pl\/index.php\/2013\/10\/16\/fatima-lourdes-santiago-dzien-3\/#breadcrumb","itemListElement":[{"@type":"ListItem","position":1,"name":"Strona g\u0142\u00f3wna","item":"https:\/\/gaudiumetspes-blog.pl\/"},{"@type":"ListItem","position":2,"name":"Fatima &#8211; Lourdes &#8211; Santiago &#8211; dzie\u0144 3"}]},{"@type":"WebSite","@id":"https:\/\/gaudiumetspes-blog.pl\/#website","url":"https:\/\/gaudiumetspes-blog.pl\/","name":"Gaudium Et Spes","description":"Blog Ks. Jacka Ja\u015bkowskiego","potentialAction":[{"@type":"SearchAction","target":{"@type":"EntryPoint","urlTemplate":"https:\/\/gaudiumetspes-blog.pl\/?s={search_term_string}"},"query-input":{"@type":"PropertyValueSpecification","valueRequired":true,"valueName":"search_term_string"}}],"inLanguage":"pl-PL"},{"@type":"Person","@id":"https:\/\/gaudiumetspes-blog.pl\/#\/schema\/person\/1661982992b752dea8dff0d4ed845a65","name":"Ks. Jacek","image":{"@type":"ImageObject","inLanguage":"pl-PL","@id":"https:\/\/gaudiumetspes-blog.pl\/#\/schema\/person\/image\/","url":"https:\/\/gaudiumetspes-blog.pl\/wp-content\/uploads\/2019\/07\/avatar-JJ-150x150.jpg","contentUrl":"https:\/\/gaudiumetspes-blog.pl\/wp-content\/uploads\/2019\/07\/avatar-JJ-150x150.jpg","caption":"Ks. Jacek"},"description":"Witam serdecznie! K\u0142ania si\u0119 Ks. Jacek Ja\u015bkowski. Nie jestem ani kim\u015b wa\u017cnym, ani kim\u015b znanym. Jestem ksi\u0119dzem, kt\u00f3ry po prostu chce rozmawia\u0107. Codzienna kap\u0142a\u0144ska pos\u0142uga pokazuje mi, \u017ce temat\u00f3w do rozm\u00f3w z ksi\u0119dzem jest coraz wi\u0119cej i dzisiaj \u017caden ksi\u0105dz nie mo\u017ce od nich ucieka\u0107, ale - wprost przeciwnie - podejmowa\u0107 nowe wyzwania. To przekonanie sk\u0142oni\u0142o mnie do pr\u00f3by otwarcia tego\u017c bloga, chocia\u017c okazji do rozm\u00f3w na co dzie\u0144 - w konfesjonale i poza nim - na szcz\u0119\u015bcie nie brakuje. My\u015bl\u0119 jednak, \u017ce ten blog b\u0119dzie jeszcze jednym sposobem i przestrzeni\u0105 nawi\u0105zania kontaktu z lud\u017ami dobrej woli, otwartymi na dialog.","url":"https:\/\/gaudiumetspes-blog.pl\/index.php\/author\/ks-jacek\/"}]}},"jetpack_featured_media_url":"","jetpack_sharing_enabled":true,"_links":{"self":[{"href":"https:\/\/gaudiumetspes-blog.pl\/index.php\/wp-json\/wp\/v2\/posts\/8970","targetHints":{"allow":["GET"]}}],"collection":[{"href":"https:\/\/gaudiumetspes-blog.pl\/index.php\/wp-json\/wp\/v2\/posts"}],"about":[{"href":"https:\/\/gaudiumetspes-blog.pl\/index.php\/wp-json\/wp\/v2\/types\/post"}],"author":[{"embeddable":true,"href":"https:\/\/gaudiumetspes-blog.pl\/index.php\/wp-json\/wp\/v2\/users\/1"}],"replies":[{"embeddable":true,"href":"https:\/\/gaudiumetspes-blog.pl\/index.php\/wp-json\/wp\/v2\/comments?post=8970"}],"version-history":[{"count":1,"href":"https:\/\/gaudiumetspes-blog.pl\/index.php\/wp-json\/wp\/v2\/posts\/8970\/revisions"}],"predecessor-version":[{"id":11284,"href":"https:\/\/gaudiumetspes-blog.pl\/index.php\/wp-json\/wp\/v2\/posts\/8970\/revisions\/11284"}],"wp:attachment":[{"href":"https:\/\/gaudiumetspes-blog.pl\/index.php\/wp-json\/wp\/v2\/media?parent=8970"}],"wp:term":[{"taxonomy":"category","embeddable":true,"href":"https:\/\/gaudiumetspes-blog.pl\/index.php\/wp-json\/wp\/v2\/categories?post=8970"},{"taxonomy":"post_tag","embeddable":true,"href":"https:\/\/gaudiumetspes-blog.pl\/index.php\/wp-json\/wp\/v2\/tags?post=8970"}],"curies":[{"name":"wp","href":"https:\/\/api.w.org\/{rel}","templated":true}]}}