{"id":8977,"date":"2013-10-09T05:58:00","date_gmt":"2013-10-09T03:58:00","guid":{"rendered":"https:\/\/gaudiumetspes-blog.pl\/index.php\/2013\/10\/09\/bog-walczy-o-czowieka-2\/"},"modified":"2019-07-31T12:54:16","modified_gmt":"2019-07-31T10:54:16","slug":"bog-walczy-o-czowieka-2","status":"publish","type":"post","link":"https:\/\/gaudiumetspes-blog.pl\/index.php\/2013\/10\/09\/bog-walczy-o-czowieka-2\/","title":{"rendered":"B\u00f3g walczy o cz\u0142owieka"},"content":{"rendered":"<div dir=\"ltr\" style=\"text-align: left;\" trbidi=\"on\">\n<table align=\"center\" cellpadding=\"0\" cellspacing=\"0\" class=\"tr-caption-container\" style=\"float: right; margin-left: 1em; text-align: right;\">\n<tbody>\n<tr>\n<td style=\"text-align: center;\"><a href=\"http:\/\/3.bp.blogspot.com\/-BMk6-QCcXkE\/UlTru9yOelI\/AAAAAAAAAn4\/t6rhLuNSyDs\/s1600\/DSC_0673.JPG\" imageanchor=\"1\" style=\"margin-left: auto; margin-right: auto;\"><img loading=\"lazy\" decoding=\"async\" border=\"0\" height=\"212\" src=\"https:\/\/gaudiumetspes-blog.pl\/wp-content\/uploads\/2013\/10\/DSC_0673.jpg\" width=\"320\" \/><\/a><\/td>\n<\/tr>\n<tr>\n<td class=\"tr-caption\" style=\"text-align: center;\">Po Mszy \u015aw. wsp\u00f3lne zdj\u0119cie<\/td>\n<\/tr>\n<\/tbody>\n<\/table>\n<p>\n<b><i>Wspomnienie b\u0142. Wincentego Kad\u0142ubka, biskupa<\/p>\n<p>(Jon 4,1-11)<br \/> Gdy B\u00f3g przebaczy\u0142 Niniwitom, nie podoba\u0142o si\u0119 to Jonaszowi i oburzy\u0142 si\u0119. Modli\u0142 si\u0119 przeto do Pana i m\u00f3wi\u0142: Prosz\u0119, Panie, czy nie to w\u0142a\u015bnie mia\u0142em na my\u015bli, b\u0119d\u0105c jeszcze w moim kraju? Dlatego postanowi\u0142em uciec do Tarszisz, bo wiem, \u017ce\u015b Ty jest B\u00f3g \u0142agodny i mi\u0142osierny, cierpliwy i pe\u0142en \u0142askawo\u015bci, lituj\u0105cy si\u0119 nad niedol\u0105. Teraz Panie, zabierz, prosz\u0119, dusz\u0119 moj\u0105 ode mnie, albowiem lepsza dla mnie \u015bmier\u0107 ni\u017c \u017cycie. Pan odrzek\u0142: Czy uwa\u017casz, \u017ce s\u0142usznie jeste\u015b oburzony? Jonasz wyszed\u0142 z miasta, zatrzyma\u0142 si\u0119 po jego stronie wschodniej, tam uczyni\u0142 sobie sza\u0142as i usiad\u0142 w cieniu, aby widzie\u0107, co si\u0119 b\u0119dzie dzia\u0142o w mie\u015bcie. A Pan B\u00f3g sprawi\u0142, \u017ce krzew rycynusowy wyr\u00f3s\u0142 nad Jonaszem po to, by cie\u0144 by\u0142 nad jego g\u0142ow\u0105 i \u017ceby mu uj\u0105\u0107 jego goryczy. Jonasz bardzo si\u0119 ucieszy\u0142 [tym] krzewem. Ale z nastaniem brzasku dnia nast\u0119pnego B\u00f3g zes\u0142a\u0142 robaczka, aby uszkodzi\u0142 krzew, tak i\u017c usech\u0142. A potem, gdy wzesz\u0142o s\u0142o\u0144ce, zes\u0142a\u0142 B\u00f3g gor\u0105cy, wschodni wiatr. S\u0142o\u0144ce pra\u017cy\u0142o Jonasza w g\u0142ow\u0119, tak \u017ce os\u0142ab\u0142. \u017byczy\u0142 wi\u0119c sobie \u015bmierci i m\u00f3wi\u0142: Lepiej dla mnie umrze\u0107 ani\u017celi \u017cy\u0107. Na to rzek\u0142 B\u00f3g do Jonasza: Czy s\u0142usznie si\u0119 oburzasz z powodu tego krzewu? Odpowiedzia\u0142: S\u0142usznie gniewam si\u0119 \u015bmiertelnie. Rzek\u0142 Pan: Tobie \u017cal krzewu, kt\u00f3rego nie uprawia\u0142e\u015b i nie wyhodowa\u0142e\u015b, kt\u00f3ry w nocy wyr\u00f3s\u0142 i w nocy zgin\u0105\u0142. A czy\u017c Ja nie powinienem mie\u0107 lito\u015bci nad Niniw\u0105, wielkim miastem, gdzie znajduje si\u0119 wi\u0119cej ni\u017c sto dwadzie\u015bcia tysi\u0119cy ludzi, kt\u00f3rzy nie odr\u00f3\u017cniaj\u0105 swej prawej r\u0119ki od lewej, a nadto mn\u00f3stwo zwierz\u0105t?<\/p>\n<p>(\u0141k 11,1-4)<br \/> Gdy Jezus przebywa\u0142 w jakim\u015b miejscu na modlitwie i sko\u0144czy\u0142 j\u0105, rzek\u0142 jeden z uczni\u00f3w do Niego: Panie, naucz nas si\u0119 modli\u0107, jak i Jan nauczy\u0142 swoich uczni\u00f3w. A On rzek\u0142 do nich: Kiedy si\u0119 modlicie, m\u00f3wcie: Ojcze, \u015bwi\u0119\u0107 si\u0119 imi\u0119 Twoje, przyjd\u017a kr\u00f3lestwo Twoje. Chleba naszego powszedniego daj nam dzisiaj i przebacz nam nasze grzechy, bo i my przebaczamy ka\u017cdemu, kto nam zawini\u0142; i nie dopu\u015b\u0107, by\u015bmy ulegli pokusie.<\/i><\/b><\/p>\n<p>\n<b>Niech b\u0119dzie pochwalony Jezus Chrystus!<\/b><\/p>\n<p>Pozdrawiam z Syberii\u2026<\/p>\n<p>U nas dobieg\u0142y ko\u0144ca uroczysto\u015bci jubileuszowe i odpustowe, o czym zapewne s\u0142yszeli\u015bcie w Radio Watyka\u0144skim. W programie by\u0142y konferencje, koncert naszych parafialnych ch\u00f3r\u00f3w i zespo\u0142\u00f3w, konkurs rysunk\u00f3w i innych prac zwi\u0105zanych z jubileuszem (umieszczam tu dzi\u015b kilka fotografii z tych uroczysto\u015bci).<\/p>\n<p>Ciekaw\u0105 inicjatyw\u0105 by\u0142 \u201edzie\u0144 otwartych drzwi\u201d. W Polsce mo\u017ce trudno sobie wyobrazi\u0107, \u017ceby w parafii, w ko\u015bciele, robi\u0107 \u201edzie\u0144 otwartych drzwi\u201d. Tu jednak zauwa\u017camy, \u017ce jeste\u015bmy mniejszo\u015bci\u0105, jednak wiele os\u00f3b, w r\u00f3\u017cny \u201eprzypadkowy\u201d spos\u00f3b spotykaj\u0105cy si\u0119 z nami, wyra\u017ca wielkie zainteresowanie Ko\u015bcio\u0142em. W czasie owego \u201ednia otwartych drzwi\u201d mia\u0142em ciekawe spotkanie z przedstawicielami mi\u0119dzyreligijnego dialogu. Ciekawe, \u017ce w\u015br\u00f3d tych ludzi, wi\u0119kszo\u015b\u0107 uwa\u017ca\u0142a si\u0119 za ateist\u00f3w. Oni uczestniczyli we Mszy \u015aw., obejrzeli ko\u015bci\u00f3\u0142, przytu\u0142ek si\u00f3str Matki Teresy, szko\u0142\u0119, a potem, jeszcze ponad dwie godziny odpowiada\u0142em na ich najr\u00f3\u017cniejsze pytania. To by\u0142o niesamowite do\u015bwiadczenie \u2013 ile by\u0142o pyta\u0144, jakie by\u0142y pytania, jak oni uwa\u017cnie s\u0142uchali, jak rozmy\u015blali o tym\u2026 Wida\u0107 by\u0142o w oczach tych ludzi ogromny g\u0142\u00f3d Boga, g\u0142\u00f3d wiary, cho\u0107 oni sami tak tego zapewne nie nazywaj\u0105. <\/p>\n<p>I w\u0142a\u015bnie ze wzgl\u0119du na takich ludzi, kt\u00f3rych tu jest mn\u00f3stwo, organizujemy \u201edzie\u0144 otwartych drzwi\u201d, staramy si\u0119 informowa\u0107 media, kt\u00f3re z ciekawo\u015bci\u0105 uczestnicz\u0105 w takich wydarzeniach, aby owi ludzie \u2013 g\u0142odni Boga, mogli dowiedzie\u0107 si\u0119, \u017ce mamy im co\u015b do zaproponowania, \u017ce chcemy im co\u015b zaproponowa\u0107, \u017ce s\u0105 dla nas wa\u017cni. <\/p>\n<p>G\u0142\u00f3wnym momentem by\u0142a oczywi\u015bcie Msza \u015aw. pod przewodnictwem naszego biskupa J\u00f3zefa Werta, po\u0142\u0105czona z sakramentem bierzmowania. <\/p>\n<p>Nasza parafia nosi tytu\u0142 \u2013 Opieki Matki Bo\u017cej, Kr\u00f3lowej R\u00f3\u017ca\u0144ca \u015awi\u0119tego. Prosimy nasz\u0105 Patronk\u0119, aby dalej troszczy\u0142a si\u0119 o nas i bra\u0142a pod swoj\u0105 opiek\u0119, tak\u017ce tych, kt\u00f3rzy Boga jeszcze nie znaj\u0105. <\/p>\n<p>A oto s\u0142owo na dzi\u015b\u2026<br \/>\n<a name='more'><\/a><\/p>\n<div class=\"separator\" style=\"clear: both; text-align: center;\">\n<a href=\"http:\/\/2.bp.blogspot.com\/-27agrG8zmq8\/UlTsjhfSPyI\/AAAAAAAAAoA\/O2VP1yZsG1E\/s1600\/DSC_0469.JPG\" imageanchor=\"1\" style=\"clear: left; float: left; margin-bottom: 1em; margin-right: 1em;\"><img loading=\"lazy\" decoding=\"async\" border=\"0\" height=\"212\" src=\"https:\/\/gaudiumetspes-blog.pl\/wp-content\/uploads\/2013\/10\/DSC_0469.jpg\" width=\"320\" \/><\/a><\/div>\n<p>Okazuje si\u0119, \u017ce nasz wilki prorok Jonasz, to niez\u0142y maruda. Nawet wi\u0119cej, to cz\u0142owiek zbuntowany, cz\u0142owiek obra\u017caj\u0105cy si\u0119 na Boga, cz\u0142owiek uparty.<\/p>\n<p>Mia\u0142 pretensje do Pana Boga, \u017ce ten jest mi\u0142osierny \u201eDlatego postanowi\u0142em uciec do Tarszisz, bo wiem, \u017ce\u015b Ty jest B\u00f3g \u0142agodny i mi\u0142osierny, cierpliwy i pe\u0142en \u0142askawo\u015bci, lituj\u0105cy si\u0119 nad niedol\u0105\u201d.<br \/>\nCiekawa jest forma jego rozmowy z Bogiem \u201eNa to rzek\u0142 B\u00f3g do Jonasza: Czy s\u0142usznie si\u0119 oburzasz z powodu tego krzewu? Odpowiedzia\u0142: S\u0142usznie gniewam si\u0119 \u015bmiertelnie\u201d.<\/p>\n<p>Jonasz buntuje si\u0119, \u017ce sprawy nie id\u0105 po jego my\u015bli. Dzi\u015b my, wychowani na idei Bo\u017cego Mi\u0142osierdzia, patrzymy na spraw\u0119 nieco inaczej, patrzymy tak\u017ce z mi\u0142osierdziem. My dzi\u015b cieszymy si\u0119, \u017ce B\u00f3g nie wys\u0142ucha\u0142 Jonasza, \u017ce zrobi\u0142 po swojemu. <\/p>\n<p>Jednak w innych sprawach, kt\u00f3re nie id\u0105 po naszej my\u015bli, my si\u0119 buntujemy, je\u015bli nie wprost przeciw Bogu, to przeciw temu co si\u0119 dzieje wok\u00f3\u0142 nas. Denerwujemy si\u0119, wychodzimy z siebie, buntujemy si\u0119, g\u0142o\u015bno krzyczymy\u2026 <\/p>\n<p>A B\u00f3g dzi\u015b, przez to czytanie nam odpowiada, \u017ce nie zawsze to co my my\u015blimy, jak my chcemy, jest najlepszym i najm\u0105drzejszym rozwi\u0105zaniem. I mo\u017ce za jaki\u015b czas i my pojmiemy i b\u0119dziemy si\u0119 cieszy\u0107, \u017ce B\u00f3g nas nie wys\u0142ucha\u0142. <\/p>\n<p>Papie\u017c, we wczorajszej homilii, zarzuci\u0142 Jonaszowi, \u017ce ten si\u0119 nie modli\u0142. <\/p>\n<p><a href=\"http:\/\/pl.radiovaticana.va\/news\/2013\/10\/08\/papie%C5%BC_na_porannej_mszy:_modlitwa_p%C5%82yn%C4%85ca_z_serca_otwiera_drzwi_bogu,\/pol-735537\">http:\/\/pl.radiovaticana.va\/news\/2013\/10\/08\/papie%C5%BC_na_porannej_mszy:_modlitwa_p%C5%82yn%C4%85ca_z_serca_otwiera_drzwi_bogu,\/pol-735537<\/a><\/p>\n<p>A my dzi\u015b czytamy, \u017ce si\u0119 modli\u0142 \u2013 \u201eGdy B\u00f3g przebaczy\u0142 Niniwitom, nie podoba\u0142o si\u0119 to Jonaszowi i oburzy\u0142 si\u0119. Modli\u0142 si\u0119 przeto do Pana i m\u00f3wi\u0142: Prosz\u0119, Panie, czy nie to w\u0142a\u015bnie mia\u0142em na my\u015bli, b\u0119d\u0105c jeszcze w moim kraju?\u201d<\/p>\n<p>Jednak jest to modlitwa cz\u0142owieka zbuntowanego, kt\u00f3ry modli si\u0119, \u017ceby by\u0142o tak jak on chce. <\/p>\n<p>Tymczasem modlitwa, kt\u00f3rej uczy nas Jezus, o kt\u00f3rej m\u00f3wi papie\u017c, to modlitwa \u2013 \u017ceby by\u0142o tak jak chce B\u00f3g, to otwarcie serca na Boga, to pozwoli\u0107, \u017ceby B\u00f3g pisa\u0142 histori\u0119 naszego \u017cycia. <\/p>\n<div class=\"separator\" style=\"clear: both; text-align: center;\">\n<a href=\"http:\/\/1.bp.blogspot.com\/-C9jvl1-0n7E\/UlTtBkkKWsI\/AAAAAAAAAoI\/nAeW9jzKeQo\/s1600\/DSC_0641.JPG\" imageanchor=\"1\" style=\"clear: right; float: right; margin-bottom: 1em; margin-left: 1em;\"><img loading=\"lazy\" decoding=\"async\" border=\"0\" height=\"212\" src=\"https:\/\/gaudiumetspes-blog.pl\/wp-content\/uploads\/2013\/10\/DSC_0641.jpg\" width=\"320\" \/><\/a><\/div>\n<p>\nDlatego je\u015bli powtarzamy za Aposto\u0142ami i z nimi \u2013 Panie, naucz nas si\u0119 modli\u0107\u2026 To przede wszystkim chcemy, aby nasze serce nie by\u0142o zbuntowane, aby\u015bmy pozwolili Bogu pisa\u0107 histori\u0119, aby\u015bmy siedli u st\u00f3p Pana ws\u0142uchuj\u0105c si\u0119 w Jego s\u0142owo.<\/p>\n<p>A jeszcze to jest ciekawe, \u017ce w swoim mi\u0142osierdziu, B\u00f3g nie tylko nie zostawia Niniwy, ratuje j\u0105\u2026 B\u00f3g tak\u017ce nie zostawia zbuntowanego Jonasza. B\u00f3g jakby si\u0119 z nim dra\u017cni\u2026 Jonasz jest uparty, a B\u00f3g jeszcze bardziej\u2026 Ale wszystko to jest znakiem wielkiego mi\u0142osierdzia Boga, \u017ce B\u00f3g nie tylko nie obra\u017ca si\u0119 na zbuntowanego cz\u0142owieka, ale o niego walczy. <\/p>\n<p>Pomy\u015blmy, ile w nas jest takiej postawy mi\u0142osierdzia Boga, a ile takiej z\u0142o\u015bci i buntu Jonasza?<\/p>\n<p>Jak cz\u0119sto jeszcze my mamy pokus\u0119 rozwi\u0105zywa\u0107 problemy krzykiem, buntem z\u0142o\u015bci\u0105, zamiast modlitw\u0105 \u2013 zamiast pozwoli\u0107 Bogu dzia\u0142a\u0107. Jak cz\u0119sto nam brakuje owej otwarto\u015bci serca, \u017ceby by\u0142o tak jak chce B\u00f3g?<\/p>\n<p>Na koniec dedykuj\u0119, tak\u017ce w tym duchu, czytanie z dzisiejszej Jutrzni (z dnia): \u201eNagi wyszed\u0142em z \u0142ona matki i nagi tam wr\u00f3c\u0119. Pan da\u0142 i Pan zabra\u0142. Sta\u0142o si\u0119 tak, jak si\u0119 Panu podoba\u0142o. Niech imi\u0119 Pa\u0144skie b\u0119dzie b\u0142ogos\u0142awione. Dobro przyj\u0119li\u015bmy z r\u0119ki Boga, czemu z\u0142a przyj\u0105\u0107 nie mo\u017cemy?\u201d &nbsp; Hi 1,21; 2,10b <\/p>\n<p>Pozdrawiam<\/p>\n<div class=\"separator\" style=\"clear: both; text-align: center;\">\n<a href=\"http:\/\/1.bp.blogspot.com\/-fXJ-Z68DJbY\/UlTtYeblsyI\/AAAAAAAAAoQ\/n0UcQs3qlD0\/s1600\/DSC_0338.JPG\" imageanchor=\"1\" style=\"clear: left; float: left; margin-bottom: 1em; margin-right: 1em;\"><img loading=\"lazy\" decoding=\"async\" border=\"0\" height=\"212\" src=\"https:\/\/gaudiumetspes-blog.pl\/wp-content\/uploads\/2013\/10\/DSC_0338.jpg\" width=\"320\" \/><\/a><\/div>\n<div class=\"separator\" style=\"clear: both; text-align: center;\">\n<a href=\"http:\/\/3.bp.blogspot.com\/-wBIiDsa0Yuc\/UlTtv7AhOjI\/AAAAAAAAAoY\/q3eiQim9YII\/s1600\/DSC_0677.JPG\" imageanchor=\"1\" style=\"margin-left: 1em; margin-right: 1em;\"><img loading=\"lazy\" decoding=\"async\" border=\"0\" height=\"212\" src=\"https:\/\/gaudiumetspes-blog.pl\/wp-content\/uploads\/2013\/10\/DSC_0677.jpg\" width=\"320\" \/><\/a><\/div>\n<div class=\"separator\" style=\"clear: both; text-align: center;\">\n<\/div>\n<table cellpadding=\"0\" cellspacing=\"0\" class=\"tr-caption-container\" style=\"float: right; margin-left: 1em; text-align: right;\">\n<tbody>\n<tr>\n<td style=\"text-align: center;\"><a href=\"http:\/\/3.bp.blogspot.com\/-IXZB5FErGjM\/UlTuC0aBKmI\/AAAAAAAAAog\/Pi6Fljk6LwY\/s1600\/DSC_0783.JPG\" imageanchor=\"1\" style=\"clear: right; margin-bottom: 1em; margin-left: auto; margin-right: auto;\"><img loading=\"lazy\" decoding=\"async\" border=\"0\" height=\"320\" src=\"https:\/\/gaudiumetspes-blog.pl\/wp-content\/uploads\/2013\/10\/DSC_0783.jpg\" width=\"212\" \/><\/a><\/td>\n<\/tr>\n<tr>\n<td class=\"tr-caption\" style=\"text-align: center;\">Kto przeczyta, co tu jest napisane?&nbsp;<\/td>\n<\/tr>\n<\/tbody>\n<\/table>\n<p><\/div>\n","protected":false},"excerpt":{"rendered":"<p>Po Mszy \u015aw. wsp\u00f3lne zdj\u0119cie Wspomnienie b\u0142. Wincentego Kad\u0142ubka, biskupa (Jon 4,1-11) Gdy B\u00f3g przebaczy\u0142 Niniwitom, nie podoba\u0142o si\u0119 to Jonaszowi i oburzy\u0142 si\u0119. Modli\u0142 si\u0119 przeto do Pana i m\u00f3wi\u0142: Prosz\u0119, Panie, czy nie to w\u0142a\u015bnie mia\u0142em na my\u015bli, b\u0119d\u0105c jeszcze w moim kraju? Dlatego postanowi\u0142em uciec do Tarszisz, bo wiem, \u017ce\u015b Ty jest [&hellip;]<\/p>\n","protected":false},"author":1,"featured_media":0,"comment_status":"open","ping_status":"open","sticky":false,"template":"","format":"standard","meta":{"jetpack_post_was_ever_published":false,"_jetpack_newsletter_access":"","_jetpack_dont_email_post_to_subs":false,"_jetpack_newsletter_tier_id":0,"_jetpack_memberships_contains_paywalled_content":false,"_jetpack_memberships_contains_paid_content":false,"footnotes":""},"categories":[1],"tags":[],"class_list":["post-8977","post","type-post","status-publish","format-standard","hentry","category-bez-kategorii"],"yoast_head":"<!-- This site is optimized with the Yoast SEO plugin v25.1 - https:\/\/yoast.com\/wordpress\/plugins\/seo\/ -->\n<title>B\u00f3g walczy o cz\u0142owieka - Gaudium Et Spes<\/title>\n<meta name=\"robots\" content=\"index, follow, max-snippet:-1, max-image-preview:large, max-video-preview:-1\" \/>\n<link rel=\"canonical\" href=\"https:\/\/gaudiumetspes-blog.pl\/index.php\/2013\/10\/09\/bog-walczy-o-czowieka-2\/\" \/>\n<meta property=\"og:locale\" content=\"pl_PL\" \/>\n<meta property=\"og:type\" content=\"article\" \/>\n<meta property=\"og:title\" content=\"B\u00f3g walczy o cz\u0142owieka - Gaudium Et Spes\" \/>\n<meta property=\"og:description\" content=\"Po Mszy \u015aw. wsp\u00f3lne zdj\u0119cie Wspomnienie b\u0142. Wincentego Kad\u0142ubka, biskupa (Jon 4,1-11) Gdy B\u00f3g przebaczy\u0142 Niniwitom, nie podoba\u0142o si\u0119 to Jonaszowi i oburzy\u0142 si\u0119. Modli\u0142 si\u0119 przeto do Pana i m\u00f3wi\u0142: Prosz\u0119, Panie, czy nie to w\u0142a\u015bnie mia\u0142em na my\u015bli, b\u0119d\u0105c jeszcze w moim kraju? Dlatego postanowi\u0142em uciec do Tarszisz, bo wiem, \u017ce\u015b Ty jest [&hellip;]\" \/>\n<meta property=\"og:url\" content=\"https:\/\/gaudiumetspes-blog.pl\/index.php\/2013\/10\/09\/bog-walczy-o-czowieka-2\/\" \/>\n<meta property=\"og:site_name\" content=\"Gaudium Et Spes\" \/>\n<meta property=\"article:published_time\" content=\"2013-10-09T03:58:00+00:00\" \/>\n<meta property=\"article:modified_time\" content=\"2019-07-31T10:54:16+00:00\" \/>\n<meta property=\"og:image\" content=\"https:\/\/gaudiumetspes-blog.pl\/wp-content\/uploads\/2013\/10\/DSC_0673.jpg\" \/>\n<meta name=\"author\" content=\"Ks. Jacek\" \/>\n<meta name=\"twitter:card\" content=\"summary_large_image\" \/>\n<meta name=\"twitter:label1\" content=\"Napisane przez\" \/>\n\t<meta name=\"twitter:data1\" content=\"Ks. Jacek\" \/>\n\t<meta name=\"twitter:label2\" content=\"Szacowany czas czytania\" \/>\n\t<meta name=\"twitter:data2\" content=\"7 minut\" \/>\n<script type=\"application\/ld+json\" class=\"yoast-schema-graph\">{\"@context\":\"https:\/\/schema.org\",\"@graph\":[{\"@type\":\"WebPage\",\"@id\":\"https:\/\/gaudiumetspes-blog.pl\/index.php\/2013\/10\/09\/bog-walczy-o-czowieka-2\/\",\"url\":\"https:\/\/gaudiumetspes-blog.pl\/index.php\/2013\/10\/09\/bog-walczy-o-czowieka-2\/\",\"name\":\"B\u00f3g walczy o cz\u0142owieka - Gaudium Et Spes\",\"isPartOf\":{\"@id\":\"https:\/\/gaudiumetspes-blog.pl\/#website\"},\"primaryImageOfPage\":{\"@id\":\"https:\/\/gaudiumetspes-blog.pl\/index.php\/2013\/10\/09\/bog-walczy-o-czowieka-2\/#primaryimage\"},\"image\":{\"@id\":\"https:\/\/gaudiumetspes-blog.pl\/index.php\/2013\/10\/09\/bog-walczy-o-czowieka-2\/#primaryimage\"},\"thumbnailUrl\":\"https:\/\/gaudiumetspes-blog.pl\/wp-content\/uploads\/2013\/10\/DSC_0673.jpg\",\"datePublished\":\"2013-10-09T03:58:00+00:00\",\"dateModified\":\"2019-07-31T10:54:16+00:00\",\"author\":{\"@id\":\"https:\/\/gaudiumetspes-blog.pl\/#\/schema\/person\/1661982992b752dea8dff0d4ed845a65\"},\"breadcrumb\":{\"@id\":\"https:\/\/gaudiumetspes-blog.pl\/index.php\/2013\/10\/09\/bog-walczy-o-czowieka-2\/#breadcrumb\"},\"inLanguage\":\"pl-PL\",\"potentialAction\":[{\"@type\":\"ReadAction\",\"target\":[\"https:\/\/gaudiumetspes-blog.pl\/index.php\/2013\/10\/09\/bog-walczy-o-czowieka-2\/\"]}]},{\"@type\":\"ImageObject\",\"inLanguage\":\"pl-PL\",\"@id\":\"https:\/\/gaudiumetspes-blog.pl\/index.php\/2013\/10\/09\/bog-walczy-o-czowieka-2\/#primaryimage\",\"url\":\"https:\/\/gaudiumetspes-blog.pl\/wp-content\/uploads\/2013\/10\/DSC_0673.jpg\",\"contentUrl\":\"https:\/\/gaudiumetspes-blog.pl\/wp-content\/uploads\/2013\/10\/DSC_0673.jpg\",\"width\":320,\"height\":212},{\"@type\":\"BreadcrumbList\",\"@id\":\"https:\/\/gaudiumetspes-blog.pl\/index.php\/2013\/10\/09\/bog-walczy-o-czowieka-2\/#breadcrumb\",\"itemListElement\":[{\"@type\":\"ListItem\",\"position\":1,\"name\":\"Strona g\u0142\u00f3wna\",\"item\":\"https:\/\/gaudiumetspes-blog.pl\/\"},{\"@type\":\"ListItem\",\"position\":2,\"name\":\"B\u00f3g walczy o&nbsp;cz\u0142owieka\"}]},{\"@type\":\"WebSite\",\"@id\":\"https:\/\/gaudiumetspes-blog.pl\/#website\",\"url\":\"https:\/\/gaudiumetspes-blog.pl\/\",\"name\":\"Gaudium Et Spes\",\"description\":\"Blog Ks. Jacka Ja\u015bkowskiego\",\"potentialAction\":[{\"@type\":\"SearchAction\",\"target\":{\"@type\":\"EntryPoint\",\"urlTemplate\":\"https:\/\/gaudiumetspes-blog.pl\/?s={search_term_string}\"},\"query-input\":{\"@type\":\"PropertyValueSpecification\",\"valueRequired\":true,\"valueName\":\"search_term_string\"}}],\"inLanguage\":\"pl-PL\"},{\"@type\":\"Person\",\"@id\":\"https:\/\/gaudiumetspes-blog.pl\/#\/schema\/person\/1661982992b752dea8dff0d4ed845a65\",\"name\":\"Ks. Jacek\",\"image\":{\"@type\":\"ImageObject\",\"inLanguage\":\"pl-PL\",\"@id\":\"https:\/\/gaudiumetspes-blog.pl\/#\/schema\/person\/image\/\",\"url\":\"https:\/\/gaudiumetspes-blog.pl\/wp-content\/uploads\/2019\/07\/avatar-JJ-150x150.jpg\",\"contentUrl\":\"https:\/\/gaudiumetspes-blog.pl\/wp-content\/uploads\/2019\/07\/avatar-JJ-150x150.jpg\",\"caption\":\"Ks. Jacek\"},\"description\":\"Witam serdecznie! K\u0142ania si\u0119 Ks. Jacek Ja\u015bkowski. Nie jestem ani kim\u015b wa\u017cnym, ani kim\u015b znanym. Jestem ksi\u0119dzem, kt\u00f3ry po prostu chce rozmawia\u0107. Codzienna kap\u0142a\u0144ska pos\u0142uga pokazuje mi, \u017ce temat\u00f3w do rozm\u00f3w z ksi\u0119dzem jest coraz wi\u0119cej i dzisiaj \u017caden ksi\u0105dz nie mo\u017ce od nich ucieka\u0107, ale - wprost przeciwnie - podejmowa\u0107 nowe wyzwania. To przekonanie sk\u0142oni\u0142o mnie do pr\u00f3by otwarcia tego\u017c bloga, chocia\u017c okazji do rozm\u00f3w na co dzie\u0144 - w konfesjonale i poza nim - na szcz\u0119\u015bcie nie brakuje. My\u015bl\u0119 jednak, \u017ce ten blog b\u0119dzie jeszcze jednym sposobem i przestrzeni\u0105 nawi\u0105zania kontaktu z lud\u017ami dobrej woli, otwartymi na dialog.\",\"url\":\"https:\/\/gaudiumetspes-blog.pl\/index.php\/author\/ks-jacek\/\"}]}<\/script>\n<!-- \/ Yoast SEO plugin. -->","yoast_head_json":{"title":"B\u00f3g walczy o cz\u0142owieka - Gaudium Et Spes","robots":{"index":"index","follow":"follow","max-snippet":"max-snippet:-1","max-image-preview":"max-image-preview:large","max-video-preview":"max-video-preview:-1"},"canonical":"https:\/\/gaudiumetspes-blog.pl\/index.php\/2013\/10\/09\/bog-walczy-o-czowieka-2\/","og_locale":"pl_PL","og_type":"article","og_title":"B\u00f3g walczy o cz\u0142owieka - Gaudium Et Spes","og_description":"Po Mszy \u015aw. wsp\u00f3lne zdj\u0119cie Wspomnienie b\u0142. Wincentego Kad\u0142ubka, biskupa (Jon 4,1-11) Gdy B\u00f3g przebaczy\u0142 Niniwitom, nie podoba\u0142o si\u0119 to Jonaszowi i oburzy\u0142 si\u0119. Modli\u0142 si\u0119 przeto do Pana i m\u00f3wi\u0142: Prosz\u0119, Panie, czy nie to w\u0142a\u015bnie mia\u0142em na my\u015bli, b\u0119d\u0105c jeszcze w moim kraju? Dlatego postanowi\u0142em uciec do Tarszisz, bo wiem, \u017ce\u015b Ty jest [&hellip;]","og_url":"https:\/\/gaudiumetspes-blog.pl\/index.php\/2013\/10\/09\/bog-walczy-o-czowieka-2\/","og_site_name":"Gaudium Et Spes","article_published_time":"2013-10-09T03:58:00+00:00","article_modified_time":"2019-07-31T10:54:16+00:00","og_image":[{"url":"https:\/\/gaudiumetspes-blog.pl\/wp-content\/uploads\/2013\/10\/DSC_0673.jpg","type":"","width":"","height":""}],"author":"Ks. Jacek","twitter_card":"summary_large_image","twitter_misc":{"Napisane przez":"Ks. Jacek","Szacowany czas czytania":"7 minut"},"schema":{"@context":"https:\/\/schema.org","@graph":[{"@type":"WebPage","@id":"https:\/\/gaudiumetspes-blog.pl\/index.php\/2013\/10\/09\/bog-walczy-o-czowieka-2\/","url":"https:\/\/gaudiumetspes-blog.pl\/index.php\/2013\/10\/09\/bog-walczy-o-czowieka-2\/","name":"B\u00f3g walczy o cz\u0142owieka - Gaudium Et Spes","isPartOf":{"@id":"https:\/\/gaudiumetspes-blog.pl\/#website"},"primaryImageOfPage":{"@id":"https:\/\/gaudiumetspes-blog.pl\/index.php\/2013\/10\/09\/bog-walczy-o-czowieka-2\/#primaryimage"},"image":{"@id":"https:\/\/gaudiumetspes-blog.pl\/index.php\/2013\/10\/09\/bog-walczy-o-czowieka-2\/#primaryimage"},"thumbnailUrl":"https:\/\/gaudiumetspes-blog.pl\/wp-content\/uploads\/2013\/10\/DSC_0673.jpg","datePublished":"2013-10-09T03:58:00+00:00","dateModified":"2019-07-31T10:54:16+00:00","author":{"@id":"https:\/\/gaudiumetspes-blog.pl\/#\/schema\/person\/1661982992b752dea8dff0d4ed845a65"},"breadcrumb":{"@id":"https:\/\/gaudiumetspes-blog.pl\/index.php\/2013\/10\/09\/bog-walczy-o-czowieka-2\/#breadcrumb"},"inLanguage":"pl-PL","potentialAction":[{"@type":"ReadAction","target":["https:\/\/gaudiumetspes-blog.pl\/index.php\/2013\/10\/09\/bog-walczy-o-czowieka-2\/"]}]},{"@type":"ImageObject","inLanguage":"pl-PL","@id":"https:\/\/gaudiumetspes-blog.pl\/index.php\/2013\/10\/09\/bog-walczy-o-czowieka-2\/#primaryimage","url":"https:\/\/gaudiumetspes-blog.pl\/wp-content\/uploads\/2013\/10\/DSC_0673.jpg","contentUrl":"https:\/\/gaudiumetspes-blog.pl\/wp-content\/uploads\/2013\/10\/DSC_0673.jpg","width":320,"height":212},{"@type":"BreadcrumbList","@id":"https:\/\/gaudiumetspes-blog.pl\/index.php\/2013\/10\/09\/bog-walczy-o-czowieka-2\/#breadcrumb","itemListElement":[{"@type":"ListItem","position":1,"name":"Strona g\u0142\u00f3wna","item":"https:\/\/gaudiumetspes-blog.pl\/"},{"@type":"ListItem","position":2,"name":"B\u00f3g walczy o&nbsp;cz\u0142owieka"}]},{"@type":"WebSite","@id":"https:\/\/gaudiumetspes-blog.pl\/#website","url":"https:\/\/gaudiumetspes-blog.pl\/","name":"Gaudium Et Spes","description":"Blog Ks. Jacka Ja\u015bkowskiego","potentialAction":[{"@type":"SearchAction","target":{"@type":"EntryPoint","urlTemplate":"https:\/\/gaudiumetspes-blog.pl\/?s={search_term_string}"},"query-input":{"@type":"PropertyValueSpecification","valueRequired":true,"valueName":"search_term_string"}}],"inLanguage":"pl-PL"},{"@type":"Person","@id":"https:\/\/gaudiumetspes-blog.pl\/#\/schema\/person\/1661982992b752dea8dff0d4ed845a65","name":"Ks. Jacek","image":{"@type":"ImageObject","inLanguage":"pl-PL","@id":"https:\/\/gaudiumetspes-blog.pl\/#\/schema\/person\/image\/","url":"https:\/\/gaudiumetspes-blog.pl\/wp-content\/uploads\/2019\/07\/avatar-JJ-150x150.jpg","contentUrl":"https:\/\/gaudiumetspes-blog.pl\/wp-content\/uploads\/2019\/07\/avatar-JJ-150x150.jpg","caption":"Ks. Jacek"},"description":"Witam serdecznie! K\u0142ania si\u0119 Ks. Jacek Ja\u015bkowski. Nie jestem ani kim\u015b wa\u017cnym, ani kim\u015b znanym. Jestem ksi\u0119dzem, kt\u00f3ry po prostu chce rozmawia\u0107. Codzienna kap\u0142a\u0144ska pos\u0142uga pokazuje mi, \u017ce temat\u00f3w do rozm\u00f3w z ksi\u0119dzem jest coraz wi\u0119cej i dzisiaj \u017caden ksi\u0105dz nie mo\u017ce od nich ucieka\u0107, ale - wprost przeciwnie - podejmowa\u0107 nowe wyzwania. To przekonanie sk\u0142oni\u0142o mnie do pr\u00f3by otwarcia tego\u017c bloga, chocia\u017c okazji do rozm\u00f3w na co dzie\u0144 - w konfesjonale i poza nim - na szcz\u0119\u015bcie nie brakuje. My\u015bl\u0119 jednak, \u017ce ten blog b\u0119dzie jeszcze jednym sposobem i przestrzeni\u0105 nawi\u0105zania kontaktu z lud\u017ami dobrej woli, otwartymi na dialog.","url":"https:\/\/gaudiumetspes-blog.pl\/index.php\/author\/ks-jacek\/"}]}},"jetpack_featured_media_url":"","jetpack_sharing_enabled":true,"_links":{"self":[{"href":"https:\/\/gaudiumetspes-blog.pl\/index.php\/wp-json\/wp\/v2\/posts\/8977","targetHints":{"allow":["GET"]}}],"collection":[{"href":"https:\/\/gaudiumetspes-blog.pl\/index.php\/wp-json\/wp\/v2\/posts"}],"about":[{"href":"https:\/\/gaudiumetspes-blog.pl\/index.php\/wp-json\/wp\/v2\/types\/post"}],"author":[{"embeddable":true,"href":"https:\/\/gaudiumetspes-blog.pl\/index.php\/wp-json\/wp\/v2\/users\/1"}],"replies":[{"embeddable":true,"href":"https:\/\/gaudiumetspes-blog.pl\/index.php\/wp-json\/wp\/v2\/comments?post=8977"}],"version-history":[{"count":1,"href":"https:\/\/gaudiumetspes-blog.pl\/index.php\/wp-json\/wp\/v2\/posts\/8977\/revisions"}],"predecessor-version":[{"id":11277,"href":"https:\/\/gaudiumetspes-blog.pl\/index.php\/wp-json\/wp\/v2\/posts\/8977\/revisions\/11277"}],"wp:attachment":[{"href":"https:\/\/gaudiumetspes-blog.pl\/index.php\/wp-json\/wp\/v2\/media?parent=8977"}],"wp:term":[{"taxonomy":"category","embeddable":true,"href":"https:\/\/gaudiumetspes-blog.pl\/index.php\/wp-json\/wp\/v2\/categories?post=8977"},{"taxonomy":"post_tag","embeddable":true,"href":"https:\/\/gaudiumetspes-blog.pl\/index.php\/wp-json\/wp\/v2\/tags?post=8977"}],"curies":[{"name":"wp","href":"https:\/\/api.w.org\/{rel}","templated":true}]}}