{"id":8984,"date":"2013-10-02T05:03:00","date_gmt":"2013-10-02T03:03:00","guid":{"rendered":"https:\/\/gaudiumetspes-blog.pl\/index.php\/2013\/10\/02\/nie-ma-problemu-pedofilii-w-kosciele\/"},"modified":"2019-07-31T12:54:15","modified_gmt":"2019-07-31T10:54:15","slug":"nie-ma-problemu-pedofilii-w-kosciele","status":"publish","type":"post","link":"https:\/\/gaudiumetspes-blog.pl\/index.php\/2013\/10\/02\/nie-ma-problemu-pedofilii-w-kosciele\/","title":{"rendered":"NIE MA PROBLEMU PEDOFILII W KO\u015aCIELE!!!"},"content":{"rendered":"<div align=\"JUSTIFY\" style=\"margin-bottom: 0cm;\">\nPojedyncze<br \/>\nprzypadki \u2013 owszem, ale to jest problem tych konkretnych os\u00f3b,<br \/>\nkt\u00f3re si\u0119 takich czyn\u00f3w dopuszczaj\u0105. Ka\u017cdy taki przypadek nale\u017cy<br \/>\nbardzo odpowiedzialnie zbada\u0107, udowodni\u0107 z\u0142o, a potem \u2013<br \/>\nwyci\u0105gn\u0105\u0107 wszelkie prawne konsekwencje, ofiarom<br \/>\nza\u015b pom\u00f3c.<br \/>\nTutaj nie mo\u017ce by\u0107 \u017cadnego pob\u0142a\u017cania. Ale nie dajmy si\u0119<br \/>\nzwariowa\u0107 i nie zatracajmy proporcji!\n<\/div>\n<div align=\"JUSTIFY\" style=\"margin-bottom: 0cm; text-indent: 1.24cm;\">\nOto<br \/>\nbowiem na naszych oczach rozkr\u0119ca si\u0119 jaka\u015b straszna nagonka na<br \/>\nksi\u0119\u017cy, z kt\u00f3rych czyni si\u0119 \u015brodowisko pedofil\u00f3w i zbocze\u0144c\u00f3w!<br \/>\nA najbardziej w tym wszystkim boli to, \u017ce tak\u0105 atmosfer\u0119<br \/>\npodkr\u0119caj\u0105 sami przedstawiciele Ko\u015bcio\u0142a, kt\u00f3rzy ostatnio na<br \/>\nka\u017cdym kroku publicznie \u201ebiczuj\u0105 si\u0119\u201d i przepraszaj\u0105 ca\u0142y<br \/>\n\u015bwiat za straszne zbrodnie duchownych. Ksi\u0105dz, kt\u00f3ry dzia\u0142a przy<br \/>\nEpiskopacie jako oddelegowany do zaj\u0119cia si\u0119 tym problemem, m\u00f3wi<br \/>\npublicznie \u2013 je\u015bli go dobrze zrozumia\u0142em \u2013 \u017ce to, co odkryto,<br \/>\nto dopiero wierzcho\u0142ek g\u00f3ry lodowej. Na jakiej podstawie to<br \/>\nstwierdza?!<\/div>\n<div align=\"JUSTIFY\" style=\"margin-bottom: 0cm; text-indent: 1.24cm;\">\nOczywi\u015bcie,<br \/>\njako ksi\u0119\u017ca jeste\u015bmy osobami o statusie os\u00f3b publicznych i nie po<br \/>\nto wybierali\u015bmy kap\u0142a\u0144stwo, aby teraz chowa\u0107 si\u0119 przed lud\u017ami.<br \/>\nI tak\u017ce po to weszli\u015bmy na \u015bwiecznik, aby \u015bwieci\u0107, a nie kopci\u0107.<br \/>\nI dlatego \u2013<br \/>\nzgoda!<br \/>\n\u2013 niech o naszych b\u0142\u0119dach b\u0119dzie g\u0142o\u015bno. Ale bardzo prosz\u0119<br \/>\nte\u017c pisa\u0107 o tym, co jest w naszej pos\u0142udze dobre i w\u0142a\u015bciwe \u2013<br \/>\ni to z zachowaniem proporcji! Je\u017celi zatem po\u015bwi\u0119ca si\u0119 okre\u015blon\u0105<br \/>\nilo\u015b\u0107<br \/>\nuwagi b\u0142\u0119dom duchownych, to nale\u017cy kilkaset razy d\u0142u\u017cej i<br \/>\nszerzej pisa\u0107 o dobrych owocach ich<br \/>\npracy!<\/div>\n<div align=\"JUSTIFY\" style=\"margin-bottom: 0cm; text-indent: 1.24cm;\">\nJa<br \/>\nmog\u0119 tylko \u2013 powo\u0142uj\u0105c si\u0119 na w\u0142asne do\u015bwiadczenie \u2013<br \/>\nnapisa\u0107, \u017ce od pocz\u0105tku kap\u0142a\u0144stwa organizuj\u0119 latem i zim\u0105 wyjazdy dla m\u0142odzie\u017cy, niejednokrotnie inwestuj\u0105c w to nie tylko<br \/>\nsw\u00f3j czas i si\u0142y, ale i w\u0142asne \u015brodki finansowe. I jako\u015b nie<br \/>\nprzypominam sobie, \u017ceby kiedykolwiek przyjecha\u0142 jaki\u015b pan<br \/>\ndziennikarz, czy pani redaktor, kt\u00f3rzy z takimi wypiekami na twarzy,<br \/>\nz jakimi teraz roztrz\u0105saj\u0105 sprawy pedofilii, rozmawiali ze mn\u0105 na<br \/>\ntemat tego, jak udaje mi si\u0119 to organizowa\u0107 i sk\u0105d mam na to<br \/>\n\u015brodki. Nie przypominam sobie tego! Gdyby jednak cokolwiek na<br \/>\ntakim wyje\u017adzie si\u0119<br \/>\nsta\u0142o,<br \/>\nw\u00f3wczas na pewno mia\u0142bym na karku wszystkie mo\u017cliwe redakcje i<br \/>\nt\u0142umy dziennikarzy.<\/div>\n<div align=\"JUSTIFY\" style=\"margin-bottom: 0cm; text-indent: 1.24cm;\">\nDlatego<br \/>\ndzisiaj w tym miejscu m\u00f3wi\u0119 o wielkiej i skandalicznej manipulacji<br \/>\ni medialnym k\u0142amstwie! Nie ze wzgl\u0119du na to, \u017ce nag\u0142o\u015bnione<br \/>\nprzypadki s\u0105 nieprawdziwe, ale ze wzgl\u0119du na niezachowanie<br \/>\npodstawowych proporcji, co sprawia, \u017ce w powszechnym odbiorze tworzy<br \/>\nsi\u0119 taki wizerunek duchowie\u0144stwa, i\u017c jest to \u015brodowisko<br \/>\npowszechnie zepsute i zdemoralizowane.<\/div>\n<div align=\"JUSTIFY\" style=\"margin-bottom: 0cm; text-indent: 1.24cm;\">\nA<br \/>\nprzecie\u017c specyfik\u0105 pracy ksi\u0119dza<br \/>\njest osobisty kontakt z cz\u0142owiekiem czy to w konfesjonale, czy w<br \/>\ntrakcie rozm\u00f3w \u201ew cztery oczy\u201d. Kap\u0142an zawsze po takiej<br \/>\nrozmowie obj\u0119ty jest obowi\u0105zkiem tajemnicy \u2013 czy to<br \/>\nsakramentalnej, czy duszpasterskiej. I teraz wyobra\u017amy sobie, \u017ce<br \/>\nksi\u0105dz m\u00f3wi takiemu rozm\u00f3wcy \u2013 na przyk\u0142ad: m\u0142odemu<br \/>\ncz\u0142owiekowi, przygotowuj\u0105cemu si\u0119 do Bierzmowania \u2013 \u017ce nie mo\u017ce<br \/>\ngo do niego dopu\u015bci\u0107, bo ten si\u0119 nie przygotowuje, albo<br \/>\nniew\u0142a\u015bciwie post\u0119puje.\n<\/div>\n<div align=\"JUSTIFY\" style=\"margin-bottom: 0cm; text-indent: 1.24cm;\">\nW<br \/>\ntakiej sytuacji, \u00f3w<br \/>\nm\u0142ody cz\u0142owiek, nafaszerowany przekazem medialnym, wychodzi z<br \/>\nrozmowy z ksi\u0119dzem i oskar\u017ca go \u2013 w ramach zemsty, albo chwytania<br \/>\nsi\u0119 ostatniej deski ratunku \u2013 o molestowanie seksualne. I co<br \/>\nw\u00f3wczas? Ksi\u0105dz ju\u017c na samym starcie jest przegrany, bo jak<br \/>\nudowodni, \u017ce tego nie robi\u0142, kiedy akurat w modzie jest wierzy\u0107 w<br \/>\ntego typu doniesienia?<\/div>\n<div align=\"JUSTIFY\" style=\"margin-bottom: 0cm; text-indent: 1.24cm;\">\nP\u00f3jd\u017amy<br \/>\ndalej: przed kilku lat, jeszcze jako Wicekierownik Pieszej<br \/>\nPielgrzymki Podlaskiej na Jasn\u0105 G\u00f3r\u0119, uczestniczy\u0142em w corocznych<br \/>\nog\u00f3lnopolskich spotkaniach organizator\u00f3w<br \/>\npieszych pielgrzymek w Niepokalanowie.<br \/>\nBy\u0142 to czas przygotowania do Jubileuszu Dwutysi\u0105clecia<br \/>\nchrze\u015bcija\u0144stwa i prze\u017cywali\u015bmy Rok Boga Ojca.\n<\/div>\n<div align=\"JUSTIFY\" style=\"margin-bottom: 0cm; text-indent: 1.24cm;\">\nNa<br \/>\ntym\u017ce spotkaniu Ksi\u0105dz Stanis\u0142aw Orzechowski, wieloletni<br \/>\ndo\u015bwiadczony i niezwykle m\u0105dry duszpasterz akademicki i Kierownik<br \/>\nPielgrzymki Wroc\u0142awskiej przekonywa\u0142 nas, \u017ce jako duchowi ojcowie<br \/>\nnie powinni\u015bmy rezygnowa\u0107 z gestu ojcowskiego przytulenia, kt\u00f3ry<br \/>\nnieraz wi\u0119cej pomo\u017ce cz\u0142owiekowi, ni\u017c wielogodzinne rozmowy. Czy<br \/>\ndzisiaj z tej rady mo\u017cna skorzysta\u0107?!\n<\/div>\n<div align=\"JUSTIFY\" style=\"margin-bottom: 0cm; text-indent: 1.24cm;\">\nCzy<br \/>\nprzypadkiem<br \/>\npowoli<br \/>\nnie<br \/>\ndochodzimy<br \/>\ndo takie zdziczenia, \u017ce \u2013 jak mi relacjonowa\u0142 kiedy\u015b znajomy<br \/>\nksi\u0105dz, pracuj\u0105cy przez jaki\u015b czas na parafii w Stanach<br \/>\nZjednoczonych \u2013 nawet r\u0119ki nie m\u00f3g\u0142 poda\u0107 na powitanie<br \/>\npos\u0142uguj\u0105cym przy o\u0142tarzu lektorom, \u017ceby nie by\u0107 podejrzanym o<br \/>\nmolestowanie! Ludzie, czy to do tego ma zmierza\u0107? I czy w takim<br \/>\n\u015bwiecie da si\u0119 \u017cy\u0107?<\/div>\n<div align=\"JUSTIFY\" style=\"margin-bottom: 0cm; text-indent: 1.24cm;\">\nDlatego<br \/>\nja dzisiaj, protestuj\u0105c przeciwko ca\u0142emu temu medialnemu k\u0142amstwu<br \/>\ni manipulacji, wyra\u017cam obaw\u0119 o to, \u017ce m\u0142odzi ksi\u0119\u017ca po prostu<br \/>\nzrezygnuj\u0105 z pracy z m\u0142odzie\u017c\u0105. Bo b\u0119d\u0105 si\u0119 zwyczajnie bali<br \/>\nzaprasza\u0107 do siebie do domu m\u0142odych ludzi, a o rozmowie \u201ejeden na<br \/>\njeden\u201d w og\u00f3le nie b\u0119dzie mowy! Tak\u017ce wyjazd\u00f3w z m\u0142odzie\u017c\u0105<br \/>\nmo\u017ce nie by\u0107, bo po co si\u0119 nara\u017ca\u0107?! I to mo\u017ce nawet nie zawsze<br \/>\nz obawy o oskar\u017cenia, ale nawet ze zwyk\u0142ego lenistwa: ksi\u0105dz,<br \/>\nkt\u00f3remu nie b\u0119dzie si\u0119 chcia\u0142o nic robi\u0107 czy organizowa\u0107<br \/>\nczegokolwiek<br \/>\ndla<br \/>\nm\u0142odzie\u017cy, zyskuje w ten spos\u00f3b wygodny argument dla swej<br \/>\nbezczynno\u015bci.<\/div>\n<div align=\"JUSTIFY\" style=\"margin-bottom: 0cm; text-indent: 1.24cm;\">\nI<br \/>\njeszcze jedno: redaktor Krzysztof Ziemiec, kt\u00f3ry wczoraj w TVP Info<br \/>\nprzeprowadza\u0142 wywiad z Arcybiskupem Henrykiem Hoserem, czyni\u0142 to w<br \/>\ntaki spos\u00f3b, w jaki czyni\u0105 to w\u0142a\u015bnie zadeklarowani przeciwnicy<br \/>\nKo\u015bcio\u0142a. Stawiam otwarte pytanie do Ksi\u0119dza Henryka Zieli\u0144skiego,<br \/>\nRedaktora naczelnego tygodnika \u201eIdziemy\u201d, czy taki cz\u0142owiek<br \/>\npowinien pisa\u0107 felietony do katolickiego czasopisma, czy mo\u017ce<br \/>\nlepiej, aby si\u0119 zdeklarowa\u0142, po kt\u00f3rej jest stronie? Bo ja<br \/>\nosobi\u015bcie wczoraj nie stwierdzi\u0142em \u017cadnej r\u00f3\u017cnicy w jego stylu<br \/>\nprowadzenia wspomnianego<br \/>\nwywiadu z tym stylem, jakim pos\u0142uguj\u0105 si\u0119 wszyscy \u201ezatroskani\u201d<br \/>\no Ko\u015bci\u00f3\u0142 dziennikarze, nie maj\u0105cy z nim nic wsp\u00f3lnego, ale<br \/>\n\u017ceruj\u0105cy od jakiego\u015b czasu na ca\u0142ej sprawie i uderzaj\u0105cy w<br \/>\nKo\u015bci\u00f3\u0142 z ca\u0142\u0105 z\u0142o\u015bliw\u0105 satysfakcj\u0105.<\/div>\n<div align=\"JUSTIFY\" style=\"margin-bottom: 0cm; text-indent: 1.24cm;\">\nDzisiaj<br \/>\nju\u017c od rana s\u0142ycha\u0107 we wszystkich mediach tego typu komentarze,<br \/>\njak to wreszcie Ko\u015bci\u00f3\u0142 zm\u0105drza\u0142 i wreszcie zmienia swoj\u0105 &#8222;polityk\u0119&#8221; \u2013 chocia\u017c oczywi\u015bcie za p\u00f3\u017ano i nie tak, jak by<br \/>\nchcieli pa\u0144stwo dziennikarze\u2026 A<br \/>\nw ca\u0142ej tej sprawie dostaje si\u0119 te\u017c Janowi Paw\u0142owi II, za kt\u00f3rego<br \/>\nczas\u00f3w rzekomo ukrywano wszystkie te skandale, a w Polsce r\u00f3wnie\u017c<br \/>\nnie wypada\u0142o stawia\u0107 przedstawicielom Ko\u015bcio\u0142a niewygodnych pyta\u0144<br \/>\nw omawianej sprawie, \u017ceby nie denerwowa\u0107 Papie\u017ca. Taki oto<br \/>\nkomentarz us\u0142ysza\u0142em wczoraj w mediach publicznych.<\/div>\n<div align=\"JUSTIFY\" style=\"margin-bottom: 0cm; text-indent: 1.24cm;\">\nKochani,<br \/>\nnie dajmy si\u0119 zwariowa\u0107! Nie ma problemu pedofilii w Ko\u015bciele!<br \/>\nJest natomiast problem z m\u00f3wieniem i pisaniem prawdy! Zachowajmy<br \/>\nwi\u0119c zdrowy rozs\u0105dek i trze\u017awe spojrzenie, wypowiadajmy si\u0119 o<br \/>\nca\u0142ej sprawie w spos\u00f3b racjonalny, nie ulegajmy ca\u0142ej tej<br \/>\nog\u0142upiaj\u0105cej nagonce. I m\u00f3dlmy si\u0119 za Ko\u015bci\u00f3\u0142 \u2013 i o<br \/>\nzwyci\u0119stwo prawdy!<\/div>\n<div align=\"JUSTIFY\" style=\"margin-bottom: 0cm; text-indent: 1.24cm;\">\n<p>    Gaudium<br \/>\net spes!  Ks. Jacek Ja\u015bkowski<\/p><\/div>\n<div align=\"JUSTIFY\" style=\"margin-bottom: 0cm;\">\n<\/div>\n<div align=\"JUSTIFY\" style=\"margin-bottom: 0cm;\">\n<b>Wspomnienie<br \/>\n\u015awi\u0119tych Anio\u0142\u00f3w Str\u00f3\u017c\u00f3w,<\/b><\/div>\n<div align=\"JUSTIFY\" style=\"margin-bottom: 0cm;\">\n<b>do<br \/>\nczyta\u0144 z t. VI Lekcjonarza:  Wj 23,20\u201323;  Mt 18,1\u20135.10<\/b><\/div>\n<div align=\"JUSTIFY\" style=\"margin-bottom: 0cm;\">\n<\/div>\n<div align=\"JUSTIFY\" style=\"margin-bottom: 0cm; page-break-before: auto;\">\n<b>CZYTANIE<br \/>\nZ KSI\u0118GI WYJ\u015aCIA: <\/b>\n<\/div>\n<div align=\"JUSTIFY\" style=\"margin-bottom: 0cm; text-indent: 1.24cm;\">\n<b>Tak<br \/>\nm\u00f3wi Pan: \u201eOto Ja posy\u0142am anio\u0142a przed tob\u0105, aby ci\u0119 strzeg\u0142<br \/>\nw czasie twojej drogi i doprowadzi\u0142 ci\u0119 do miejsca, kt\u00f3re ci<br \/>\nwyznaczy\u0142em. Szanuj go i b\u0105d\u017a uwa\u017cny na jego s\u0142owa. Nie<br \/>\nsprzeciwiaj si\u0119 mu w niczym, gdy\u017c nie przebaczy waszych przewinie\u0144,<br \/>\nbo imi\u0119 moje jest w nim. <\/b>\n<\/div>\n<div align=\"JUSTIFY\" style=\"margin-bottom: 0cm; text-indent: 1.24cm;\">\n<b>Je\u015bli<br \/>\nb\u0119dziesz wiernie s\u0142ucha\u0142 jego g\u0142osu i wykonywa\u0142 to wszystko, co<br \/>\nci polecam, b\u0119d\u0119 nieprzyjacielem twoich nieprzyjaci\u00f3\u0142 i b\u0119d\u0119<br \/>\nodnosi\u0142 si\u0119 wrogo do odnosz\u0105cych si\u0119 tak do ciebie. M\u00f3j anio\u0142<br \/>\npoprzedzi ci\u0119 i zaprowadzi do Amoryty, Chetyty, Peryzzyty,<br \/>\nKananejczyka, Chiwwity, Jebuzyty, i Ja ich wyg\u0142adz\u0119\u201d.<\/b><\/div>\n<div align=\"JUSTIFY\" style=\"margin-bottom: 0cm;\">\n<\/div>\n<div align=\"JUSTIFY\" style=\"margin-bottom: 0cm;\">\n<b>S\u0141OWA<br \/>\nEWANGELII WED\u0141UG \u015aWI\u0118TEGO<br \/>\nMATEUSZA: <\/b>\n<\/div>\n<div align=\"JUSTIFY\" style=\"margin-bottom: 0cm; text-indent: 1.24cm;\">\n<b>W<br \/>\ntym czasie uczniowie przyst\u0105pili do Jezusa z zapytaniem: \u201eKto<br \/>\nw\u0142a\u015bciwie jest najwi\u0119kszy w kr\u00f3lestwie niebieskim?\u201d On<br \/>\nprzywo\u0142a\u0142 dziecko, postawi\u0142 je przed nimi i rzek\u0142: \u201eZaprawd\u0119,<br \/>\npowiadam wam: Je\u015bli si\u0119 nie odmienicie i nie staniecie jak dzieci,<br \/>\nnie wejdziecie do kr\u00f3lestwa niebieskiego. Kto si\u0119 wi\u0119c uni\u017cy jak<br \/>\nto dziecko, ten jest najwi\u0119kszy w kr\u00f3lestwie niebieskim. I kto by<br \/>\nprzyj\u0105\u0142 jedno takie dziecko w imi\u0119 moje, Mnie przyjmuje. <\/b>\n<\/div>\n<div align=\"JUSTIFY\" style=\"margin-bottom: 0cm; text-indent: 1.24cm;\">\n<b>Strze\u017ccie<br \/>\nsi\u0119, \u017ceby\u015bcie nie gardzili \u017cadnym z tych ma\u0142ych; albowiem<br \/>\npowiadam wam: Anio\u0142owie ich w niebie wpatruj\u0105 si\u0119 zawsze w oblicze<br \/>\nOjca mojego, kt\u00f3ry jest w niebie\u201d.<\/b><\/div>\n<div align=\"JUSTIFY\" style=\"margin-bottom: 0cm;\">\n<\/div>\n<div align=\"JUSTIFY\" style=\"margin-bottom: 0cm; page-break-before: auto; text-indent: 1.24cm;\">\nJak\u017ce<br \/>\nnie by\u0107 wdzi\u0119cznym Panu za ten wielki dar, jakim obdarzy\u0142 ka\u017cdego<br \/>\ncz\u0142owieka na ziemi. On sam, B\u00f3g, tak o tym \u2013 jak s\u0142yszeli\u015bmy w<br \/>\npierwszym czytaniu \u2013 m\u00f3wi: <i><b>Oto<br \/>\nJa posy\u0142am anio\u0142a przed tob\u0105, aby ci\u0119 strzeg\u0142 w czasie twojej<br \/>\ndrogi i doprowadzi\u0142 ci\u0119 do miejsca, kt\u00f3re ci wyznaczy\u0142em. Szanuj<br \/>\ngo i b\u0105d\u017a uwa\u017cny na jego s\u0142owa. Nie sprzeciwiaj si\u0119 mu w niczym,<br \/>\ngdy\u017c nie przebaczy waszych przewinie\u0144, bo imi\u0119 moje jest w nim.<\/b><\/i><b><br \/>\n<\/b>\n<\/div>\n<div align=\"JUSTIFY\" style=\"margin-bottom: 0cm; text-indent: 1.24cm;\">\nA<br \/>\nJezus w Ewangelii m\u00f3wi, \u017ce <b>Anio\u0142owie<br \/>\ndzieci wpatruj\u0105 si\u0119<\/b><br \/>\n<b>w<br \/>\n<\/b><b>O<\/b><b>blicze<br \/>\nBo\u017ce. <\/b>A<br \/>\nzatem, ka\u017cda i ka\u017cdy z nas <b>ma<br \/>\nswego Anio\u0142a Str\u00f3\u017ca.<\/b><br \/>\nDo ka\u017cdej i ka\u017cdego z nas Pan kieruje swojego Pos\u0142a\u0144ca, aby<br \/>\nczuwa\u0142 i<br \/>\nopiekowa\u0142 si\u0119\u2026<br \/>\n<b>To<br \/>\nbardzo hojny dar Bo\u017cy \u2013 obok wielu dar\u00f3w, jakie s\u0105 nam dane!<\/b><\/p>\n<\/div>\n<div align=\"JUSTIFY\" style=\"margin-bottom: 0cm; text-indent: 1.24cm;\">\nWidzimy<br \/>\nzatem, Kochani, \u017ce B\u00f3g <b>niczego<br \/>\nze swej strony nie zaniedba i niczego nie ominie,<\/b><br \/>\noby tylko <b>umo\u017cliwi\u0107<br \/>\ncz\u0142owiekowi osi\u0105gni\u0119cie zbawienia.<\/b><br \/>\nI<br \/>\ndlatego w\u015br\u00f3d<br \/>\nwielu duchowych \u015brodk\u00f3w, spo\u015br\u00f3d kt\u00f3rych na pierwszym miejscu<br \/>\nnale\u017cy postawi\u0107 <b>Msz\u0119<br \/>\n\u015awi\u0119t\u0105, S\u0142owo Bo\u017ce i Sakramenty,<\/b><br \/>\nmamy<br \/>\nr\u00f3wnie\u017c opiek\u0119 <b>Anio\u0142\u00f3w<br \/>\nStr\u00f3\u017c\u00f3w.<\/b><\/p>\n<\/div>\n<div align=\"JUSTIFY\" style=\"margin-bottom: 0cm; text-indent: 1.24cm;\">\nMy<br \/>\nco prawda znamy od dziecka modlitw\u0119 do tego niebieskiego Opiekuna,<br \/>\nale mo\u017ce ona kojarzy si\u0119 nam \u2013 no w\u0142a\u015bnie! \u2013 <b>z<br \/>\nwiekiem dzieci\u0119cym,<\/b><br \/>\nkiedy to modlili\u015bmy si\u0119 do swoich \u201eAnio\u0142k\u00f3w\u201d\u2026 I t\u0119<br \/>\nmodlitw\u0119: \u201eAniele Bo\u017cy, Str\u00f3\u017cu m\u00f3j\u2026\u201d te\u017c sk\u0142onni<br \/>\njeste\u015bmy uwa\u017ca\u0107 za tak\u0105<br \/>\n<b>modlitewk\u0119<br \/>\ndla dzieci\u2026<\/b><br \/>\nPodobnie, jak i sam\u0105 prawd\u0119 o Aniele Str\u00f3\u017cu. A to jest przecie\u017c<br \/>\nprawda biblijna, chocia\u017c dla nas <b>na<br \/>\npewno na sw\u00f3j spos\u00f3b tajemnicza,<\/b><br \/>\nbo Anio\u0142owie s\u0105 duchami, nie s\u0105 natomiast tymi <b>pokazywanymi<br \/>\nna obrazkach stworkami ze skrzyde\u0142kami.<\/b><\/p>\n<\/div>\n<div align=\"JUSTIFY\" style=\"margin-bottom: 0cm; text-indent: 1.24cm;\">\nMy<br \/>\nnie mo\u017cemy <b>banalizowa\u0107,<\/b><br \/>\nmoi Drodzy, prawdy o Anio\u0142ach Str\u00f3\u017cach, o Anio\u0142ach w og\u00f3le, ale<br \/>\nju\u017c tym bardziej \u2013 <b>o<br \/>\nanio\u0142ach upad\u0142ych, czyli o <\/b><b>z\u0142ych<br \/>\nduchach<\/b><b>.<\/b><br \/>\nMy tej prawdy nie mo\u017cemy banalizowa\u0107, nie mo\u017cemy <b>pojmowa\u0107<br \/>\njej w spos\u00f3b infantylny,<\/b><br \/>\nnie mo\u017cemy wszystkiego sprowadzi\u0107 do pi\u0119knych powiastek i<br \/>\nopowiada\u0144 dla dzieci. <b>To<br \/>\ns\u0105 bardzo istotne prawdy naszej wiary!<\/b><\/p>\n<\/div>\n<div align=\"JUSTIFY\" style=\"margin-bottom: 0cm; text-indent: 1.24cm;\">\nDlatego<br \/>\nje\u017celi na co dzie\u0144 <b>zaniedbujemy<br \/>\now\u0105 modlitw\u0119,<\/b><br \/>\nje\u017celi <b>za<br \/>\nma\u0142o j\u0105 doceniamy,<\/b><br \/>\nalbo \u2013 z drugiej strony \u2013 o<b>dmawiamy<br \/>\nj\u0105 tylko z przyzwyczajenia,<\/b><br \/>\ntraktuj\u0105c jako takie mi\u0142e wspomnienie z dzieci\u0144stwa, to dzisiejsze<br \/>\nwspomnienie daje nam okazj\u0119 <b>do<br \/>\nzmiany tego nastawienia.<\/b><\/p>\n<\/div>\n<div align=\"JUSTIFY\" style=\"margin-bottom: 0cm; text-indent: 1.24cm;\">\nAby\u015bmy<br \/>\nu\u015bwiadomili sobie na nowo, \u017ce mamy w Niebie swoich <b>Anio\u0142\u00f3w,<br \/>\nkt\u00f3rz<\/b><b>y<\/b><b><br \/>\nstoj\u0105 przez Panem i wpatruj\u0105c si\u0119 w Jego Oblicze, jednocze\u015bnie s\u0105<br \/>\nnaszymi rzecznikami i opiekunami.<\/b><br \/>\nWarto to sobie na nowo \u2013 mo\u017ce po latach \u2013 na nowo u\u015bwiadomi\u0107,<br \/>\nprzypomnie\u0107 sobie, potraktowa\u0107 bardzo powa\u017cnie, Bogu za to<br \/>\npodzi\u0119kowa\u0107 \u2013 <b>i<br \/>\npodda\u0107 si\u0119 opiece swego Anio\u0142a Str\u00f3\u017ca, <\/b>wype\u0142niaj\u0105c<br \/>\npolecenie Boga z dzisiejszego pierwszego czytania: <i><b>Oto<br \/>\nJa posy\u0142am anio\u0142a przed tob\u0105, aby ci\u0119 strzeg\u0142 w czasie twojej<br \/>\ndrogi i doprowadzi\u0142 ci\u0119 do miejsca, kt\u00f3re ci wyznaczy\u0142em. Szanuj<br \/>\ngo i b\u0105d\u017a uwa\u017cny na jego s\u0142owa. Nie sprzeciwiaj si\u0119 mu w niczym,<br \/>\ngdy\u017c nie przebaczy waszych przewinie\u0144, bo imi\u0119 moje jest w nim.<\/b><\/i><\/div>\n<div align=\"JUSTIFY\" style=\"margin-bottom: 0cm; text-indent: 1.24cm;\">\nBogu<br \/>\nniech b\u0119d\u0105 dzi\u0119ki za ten wielki dar!<\/div>\n","protected":false},"excerpt":{"rendered":"<p>Pojedyncze przypadki \u2013 owszem, ale to jest problem tych konkretnych os\u00f3b, kt\u00f3re si\u0119 takich czyn\u00f3w dopuszczaj\u0105. Ka\u017cdy taki przypadek nale\u017cy bardzo odpowiedzialnie zbada\u0107, udowodni\u0107 z\u0142o, a potem \u2013 wyci\u0105gn\u0105\u0107 wszelkie prawne konsekwencje, ofiarom za\u015b pom\u00f3c. Tutaj nie mo\u017ce by\u0107 \u017cadnego pob\u0142a\u017cania. Ale nie dajmy si\u0119 zwariowa\u0107 i nie zatracajmy proporcji! Oto bowiem na naszych oczach [&hellip;]<\/p>\n","protected":false},"author":1,"featured_media":0,"comment_status":"open","ping_status":"open","sticky":false,"template":"","format":"standard","meta":{"jetpack_post_was_ever_published":false,"_jetpack_newsletter_access":"","_jetpack_dont_email_post_to_subs":false,"_jetpack_newsletter_tier_id":0,"_jetpack_memberships_contains_paywalled_content":false,"_jetpack_memberships_contains_paid_content":false,"footnotes":""},"categories":[1],"tags":[],"class_list":["post-8984","post","type-post","status-publish","format-standard","hentry","category-bez-kategorii"],"yoast_head":"<!-- This site is optimized with the Yoast SEO plugin v25.1 - https:\/\/yoast.com\/wordpress\/plugins\/seo\/ -->\n<title>NIE MA PROBLEMU PEDOFILII W KO\u015aCIELE!!! - Gaudium Et Spes<\/title>\n<meta name=\"robots\" content=\"index, follow, max-snippet:-1, max-image-preview:large, max-video-preview:-1\" \/>\n<link rel=\"canonical\" href=\"https:\/\/gaudiumetspes-blog.pl\/index.php\/2013\/10\/02\/nie-ma-problemu-pedofilii-w-kosciele\/\" \/>\n<meta property=\"og:locale\" content=\"pl_PL\" \/>\n<meta property=\"og:type\" content=\"article\" \/>\n<meta property=\"og:title\" content=\"NIE MA PROBLEMU PEDOFILII W KO\u015aCIELE!!! - Gaudium Et Spes\" \/>\n<meta property=\"og:description\" content=\"Pojedyncze przypadki \u2013 owszem, ale to jest problem tych konkretnych os\u00f3b, kt\u00f3re si\u0119 takich czyn\u00f3w dopuszczaj\u0105. Ka\u017cdy taki przypadek nale\u017cy bardzo odpowiedzialnie zbada\u0107, udowodni\u0107 z\u0142o, a potem \u2013 wyci\u0105gn\u0105\u0107 wszelkie prawne konsekwencje, ofiarom za\u015b pom\u00f3c. Tutaj nie mo\u017ce by\u0107 \u017cadnego pob\u0142a\u017cania. Ale nie dajmy si\u0119 zwariowa\u0107 i nie zatracajmy proporcji! Oto bowiem na naszych oczach [&hellip;]\" \/>\n<meta property=\"og:url\" content=\"https:\/\/gaudiumetspes-blog.pl\/index.php\/2013\/10\/02\/nie-ma-problemu-pedofilii-w-kosciele\/\" \/>\n<meta property=\"og:site_name\" content=\"Gaudium Et Spes\" \/>\n<meta property=\"article:published_time\" content=\"2013-10-02T03:03:00+00:00\" \/>\n<meta property=\"article:modified_time\" content=\"2019-07-31T10:54:15+00:00\" \/>\n<meta name=\"author\" content=\"Ks. Jacek\" \/>\n<meta name=\"twitter:card\" content=\"summary_large_image\" \/>\n<meta name=\"twitter:label1\" content=\"Napisane przez\" \/>\n\t<meta name=\"twitter:data1\" content=\"Ks. Jacek\" \/>\n\t<meta name=\"twitter:label2\" content=\"Szacowany czas czytania\" \/>\n\t<meta name=\"twitter:data2\" content=\"10 minut\" \/>\n<script type=\"application\/ld+json\" class=\"yoast-schema-graph\">{\"@context\":\"https:\/\/schema.org\",\"@graph\":[{\"@type\":\"WebPage\",\"@id\":\"https:\/\/gaudiumetspes-blog.pl\/index.php\/2013\/10\/02\/nie-ma-problemu-pedofilii-w-kosciele\/\",\"url\":\"https:\/\/gaudiumetspes-blog.pl\/index.php\/2013\/10\/02\/nie-ma-problemu-pedofilii-w-kosciele\/\",\"name\":\"NIE MA PROBLEMU PEDOFILII W KO\u015aCIELE!!! - Gaudium Et Spes\",\"isPartOf\":{\"@id\":\"https:\/\/gaudiumetspes-blog.pl\/#website\"},\"datePublished\":\"2013-10-02T03:03:00+00:00\",\"dateModified\":\"2019-07-31T10:54:15+00:00\",\"author\":{\"@id\":\"https:\/\/gaudiumetspes-blog.pl\/#\/schema\/person\/1661982992b752dea8dff0d4ed845a65\"},\"breadcrumb\":{\"@id\":\"https:\/\/gaudiumetspes-blog.pl\/index.php\/2013\/10\/02\/nie-ma-problemu-pedofilii-w-kosciele\/#breadcrumb\"},\"inLanguage\":\"pl-PL\",\"potentialAction\":[{\"@type\":\"ReadAction\",\"target\":[\"https:\/\/gaudiumetspes-blog.pl\/index.php\/2013\/10\/02\/nie-ma-problemu-pedofilii-w-kosciele\/\"]}]},{\"@type\":\"BreadcrumbList\",\"@id\":\"https:\/\/gaudiumetspes-blog.pl\/index.php\/2013\/10\/02\/nie-ma-problemu-pedofilii-w-kosciele\/#breadcrumb\",\"itemListElement\":[{\"@type\":\"ListItem\",\"position\":1,\"name\":\"Strona g\u0142\u00f3wna\",\"item\":\"https:\/\/gaudiumetspes-blog.pl\/\"},{\"@type\":\"ListItem\",\"position\":2,\"name\":\"NIE&nbsp;MA PROBLEMU PEDOFILII W&nbsp;KO\u015aCIELE!!!\"}]},{\"@type\":\"WebSite\",\"@id\":\"https:\/\/gaudiumetspes-blog.pl\/#website\",\"url\":\"https:\/\/gaudiumetspes-blog.pl\/\",\"name\":\"Gaudium Et Spes\",\"description\":\"Blog Ks. Jacka Ja\u015bkowskiego\",\"potentialAction\":[{\"@type\":\"SearchAction\",\"target\":{\"@type\":\"EntryPoint\",\"urlTemplate\":\"https:\/\/gaudiumetspes-blog.pl\/?s={search_term_string}\"},\"query-input\":{\"@type\":\"PropertyValueSpecification\",\"valueRequired\":true,\"valueName\":\"search_term_string\"}}],\"inLanguage\":\"pl-PL\"},{\"@type\":\"Person\",\"@id\":\"https:\/\/gaudiumetspes-blog.pl\/#\/schema\/person\/1661982992b752dea8dff0d4ed845a65\",\"name\":\"Ks. Jacek\",\"image\":{\"@type\":\"ImageObject\",\"inLanguage\":\"pl-PL\",\"@id\":\"https:\/\/gaudiumetspes-blog.pl\/#\/schema\/person\/image\/\",\"url\":\"https:\/\/gaudiumetspes-blog.pl\/wp-content\/uploads\/2019\/07\/avatar-JJ-150x150.jpg\",\"contentUrl\":\"https:\/\/gaudiumetspes-blog.pl\/wp-content\/uploads\/2019\/07\/avatar-JJ-150x150.jpg\",\"caption\":\"Ks. Jacek\"},\"description\":\"Witam serdecznie! K\u0142ania si\u0119 Ks. Jacek Ja\u015bkowski. Nie jestem ani kim\u015b wa\u017cnym, ani kim\u015b znanym. Jestem ksi\u0119dzem, kt\u00f3ry po prostu chce rozmawia\u0107. Codzienna kap\u0142a\u0144ska pos\u0142uga pokazuje mi, \u017ce temat\u00f3w do rozm\u00f3w z ksi\u0119dzem jest coraz wi\u0119cej i dzisiaj \u017caden ksi\u0105dz nie mo\u017ce od nich ucieka\u0107, ale - wprost przeciwnie - podejmowa\u0107 nowe wyzwania. To przekonanie sk\u0142oni\u0142o mnie do pr\u00f3by otwarcia tego\u017c bloga, chocia\u017c okazji do rozm\u00f3w na co dzie\u0144 - w konfesjonale i poza nim - na szcz\u0119\u015bcie nie brakuje. My\u015bl\u0119 jednak, \u017ce ten blog b\u0119dzie jeszcze jednym sposobem i przestrzeni\u0105 nawi\u0105zania kontaktu z lud\u017ami dobrej woli, otwartymi na dialog.\",\"url\":\"https:\/\/gaudiumetspes-blog.pl\/index.php\/author\/ks-jacek\/\"}]}<\/script>\n<!-- \/ Yoast SEO plugin. -->","yoast_head_json":{"title":"NIE MA PROBLEMU PEDOFILII W KO\u015aCIELE!!! - Gaudium Et Spes","robots":{"index":"index","follow":"follow","max-snippet":"max-snippet:-1","max-image-preview":"max-image-preview:large","max-video-preview":"max-video-preview:-1"},"canonical":"https:\/\/gaudiumetspes-blog.pl\/index.php\/2013\/10\/02\/nie-ma-problemu-pedofilii-w-kosciele\/","og_locale":"pl_PL","og_type":"article","og_title":"NIE MA PROBLEMU PEDOFILII W KO\u015aCIELE!!! - Gaudium Et Spes","og_description":"Pojedyncze przypadki \u2013 owszem, ale to jest problem tych konkretnych os\u00f3b, kt\u00f3re si\u0119 takich czyn\u00f3w dopuszczaj\u0105. Ka\u017cdy taki przypadek nale\u017cy bardzo odpowiedzialnie zbada\u0107, udowodni\u0107 z\u0142o, a potem \u2013 wyci\u0105gn\u0105\u0107 wszelkie prawne konsekwencje, ofiarom za\u015b pom\u00f3c. Tutaj nie mo\u017ce by\u0107 \u017cadnego pob\u0142a\u017cania. Ale nie dajmy si\u0119 zwariowa\u0107 i nie zatracajmy proporcji! Oto bowiem na naszych oczach [&hellip;]","og_url":"https:\/\/gaudiumetspes-blog.pl\/index.php\/2013\/10\/02\/nie-ma-problemu-pedofilii-w-kosciele\/","og_site_name":"Gaudium Et Spes","article_published_time":"2013-10-02T03:03:00+00:00","article_modified_time":"2019-07-31T10:54:15+00:00","author":"Ks. Jacek","twitter_card":"summary_large_image","twitter_misc":{"Napisane przez":"Ks. Jacek","Szacowany czas czytania":"10 minut"},"schema":{"@context":"https:\/\/schema.org","@graph":[{"@type":"WebPage","@id":"https:\/\/gaudiumetspes-blog.pl\/index.php\/2013\/10\/02\/nie-ma-problemu-pedofilii-w-kosciele\/","url":"https:\/\/gaudiumetspes-blog.pl\/index.php\/2013\/10\/02\/nie-ma-problemu-pedofilii-w-kosciele\/","name":"NIE MA PROBLEMU PEDOFILII W KO\u015aCIELE!!! - Gaudium Et Spes","isPartOf":{"@id":"https:\/\/gaudiumetspes-blog.pl\/#website"},"datePublished":"2013-10-02T03:03:00+00:00","dateModified":"2019-07-31T10:54:15+00:00","author":{"@id":"https:\/\/gaudiumetspes-blog.pl\/#\/schema\/person\/1661982992b752dea8dff0d4ed845a65"},"breadcrumb":{"@id":"https:\/\/gaudiumetspes-blog.pl\/index.php\/2013\/10\/02\/nie-ma-problemu-pedofilii-w-kosciele\/#breadcrumb"},"inLanguage":"pl-PL","potentialAction":[{"@type":"ReadAction","target":["https:\/\/gaudiumetspes-blog.pl\/index.php\/2013\/10\/02\/nie-ma-problemu-pedofilii-w-kosciele\/"]}]},{"@type":"BreadcrumbList","@id":"https:\/\/gaudiumetspes-blog.pl\/index.php\/2013\/10\/02\/nie-ma-problemu-pedofilii-w-kosciele\/#breadcrumb","itemListElement":[{"@type":"ListItem","position":1,"name":"Strona g\u0142\u00f3wna","item":"https:\/\/gaudiumetspes-blog.pl\/"},{"@type":"ListItem","position":2,"name":"NIE&nbsp;MA PROBLEMU PEDOFILII W&nbsp;KO\u015aCIELE!!!"}]},{"@type":"WebSite","@id":"https:\/\/gaudiumetspes-blog.pl\/#website","url":"https:\/\/gaudiumetspes-blog.pl\/","name":"Gaudium Et Spes","description":"Blog Ks. Jacka Ja\u015bkowskiego","potentialAction":[{"@type":"SearchAction","target":{"@type":"EntryPoint","urlTemplate":"https:\/\/gaudiumetspes-blog.pl\/?s={search_term_string}"},"query-input":{"@type":"PropertyValueSpecification","valueRequired":true,"valueName":"search_term_string"}}],"inLanguage":"pl-PL"},{"@type":"Person","@id":"https:\/\/gaudiumetspes-blog.pl\/#\/schema\/person\/1661982992b752dea8dff0d4ed845a65","name":"Ks. Jacek","image":{"@type":"ImageObject","inLanguage":"pl-PL","@id":"https:\/\/gaudiumetspes-blog.pl\/#\/schema\/person\/image\/","url":"https:\/\/gaudiumetspes-blog.pl\/wp-content\/uploads\/2019\/07\/avatar-JJ-150x150.jpg","contentUrl":"https:\/\/gaudiumetspes-blog.pl\/wp-content\/uploads\/2019\/07\/avatar-JJ-150x150.jpg","caption":"Ks. Jacek"},"description":"Witam serdecznie! K\u0142ania si\u0119 Ks. Jacek Ja\u015bkowski. Nie jestem ani kim\u015b wa\u017cnym, ani kim\u015b znanym. Jestem ksi\u0119dzem, kt\u00f3ry po prostu chce rozmawia\u0107. Codzienna kap\u0142a\u0144ska pos\u0142uga pokazuje mi, \u017ce temat\u00f3w do rozm\u00f3w z ksi\u0119dzem jest coraz wi\u0119cej i dzisiaj \u017caden ksi\u0105dz nie mo\u017ce od nich ucieka\u0107, ale - wprost przeciwnie - podejmowa\u0107 nowe wyzwania. To przekonanie sk\u0142oni\u0142o mnie do pr\u00f3by otwarcia tego\u017c bloga, chocia\u017c okazji do rozm\u00f3w na co dzie\u0144 - w konfesjonale i poza nim - na szcz\u0119\u015bcie nie brakuje. My\u015bl\u0119 jednak, \u017ce ten blog b\u0119dzie jeszcze jednym sposobem i przestrzeni\u0105 nawi\u0105zania kontaktu z lud\u017ami dobrej woli, otwartymi na dialog.","url":"https:\/\/gaudiumetspes-blog.pl\/index.php\/author\/ks-jacek\/"}]}},"jetpack_featured_media_url":"","jetpack_sharing_enabled":true,"_links":{"self":[{"href":"https:\/\/gaudiumetspes-blog.pl\/index.php\/wp-json\/wp\/v2\/posts\/8984","targetHints":{"allow":["GET"]}}],"collection":[{"href":"https:\/\/gaudiumetspes-blog.pl\/index.php\/wp-json\/wp\/v2\/posts"}],"about":[{"href":"https:\/\/gaudiumetspes-blog.pl\/index.php\/wp-json\/wp\/v2\/types\/post"}],"author":[{"embeddable":true,"href":"https:\/\/gaudiumetspes-blog.pl\/index.php\/wp-json\/wp\/v2\/users\/1"}],"replies":[{"embeddable":true,"href":"https:\/\/gaudiumetspes-blog.pl\/index.php\/wp-json\/wp\/v2\/comments?post=8984"}],"version-history":[{"count":1,"href":"https:\/\/gaudiumetspes-blog.pl\/index.php\/wp-json\/wp\/v2\/posts\/8984\/revisions"}],"predecessor-version":[{"id":11261,"href":"https:\/\/gaudiumetspes-blog.pl\/index.php\/wp-json\/wp\/v2\/posts\/8984\/revisions\/11261"}],"wp:attachment":[{"href":"https:\/\/gaudiumetspes-blog.pl\/index.php\/wp-json\/wp\/v2\/media?parent=8984"}],"wp:term":[{"taxonomy":"category","embeddable":true,"href":"https:\/\/gaudiumetspes-blog.pl\/index.php\/wp-json\/wp\/v2\/categories?post=8984"},{"taxonomy":"post_tag","embeddable":true,"href":"https:\/\/gaudiumetspes-blog.pl\/index.php\/wp-json\/wp\/v2\/tags?post=8984"}],"curies":[{"name":"wp","href":"https:\/\/api.w.org\/{rel}","templated":true}]}}