{"id":9012,"date":"2013-09-04T05:01:00","date_gmt":"2013-09-04T03:01:00","guid":{"rendered":"https:\/\/gaudiumetspes-blog.pl\/index.php\/2013\/09\/04\/o-jezusie-zapracowany\/"},"modified":"2019-07-31T12:54:12","modified_gmt":"2019-07-31T10:54:12","slug":"o-jezusie-zapracowany","status":"publish","type":"post","link":"https:\/\/gaudiumetspes-blog.pl\/index.php\/2013\/09\/04\/o-jezusie-zapracowany\/","title":{"rendered":"O Jezusie zapracowanym&#8230;"},"content":{"rendered":"<div align=\"JUSTIFY\" style=\"margin-bottom: 0cm;\">\nSzcz\u0119\u015b\u0107 Bo\u017ce! Kochani, witam i pozdrawiam u progu nowego dnia. Za chwil\u0119 wyruszam do szko\u0142y, gdzie b\u0119d\u0119 w tym roku uczy\u0142 klasy drugie i trzecie szko\u0142y podstawowej. Mam nadziej\u0119 na dobr\u0105 wsp\u00f3\u0142prac\u0119 z moimi nowymi Studentami.<\/div>\n<div align=\"JUSTIFY\" style=\"margin-bottom: 0cm;\">\n&nbsp; &nbsp; &nbsp; \u017bycz\u0119 Wam wszystkim b\u0142ogos\u0142awionego dnia!&nbsp;<\/div>\n<div align=\"JUSTIFY\" style=\"margin-bottom: 0cm;\">\n&nbsp; &nbsp; &nbsp; &nbsp; &nbsp; &nbsp; &nbsp; &nbsp; Gaudium et spes! &nbsp;Ks. Jacek<\/div>\n<div align=\"JUSTIFY\" style=\"margin-bottom: 0cm;\">\n<b><br \/><\/b><\/div>\n<div align=\"JUSTIFY\" style=\"margin-bottom: 0cm;\">\n<b>\u015aroda<br \/>\n22 Tygodnia zwyk\u0142ego, rok I,<\/b><\/div>\n<div align=\"JUSTIFY\" style=\"margin-bottom: 0cm;\">\n<b>do<br \/>\nczyta\u0144:  Kol 1,1\u20138;  \u0141k 4,38\u201344<\/b><\/div>\n<div align=\"JUSTIFY\" style=\"margin-bottom: 0cm;\">\n<\/div>\n<div align=\"JUSTIFY\" style=\"margin-bottom: 0cm; page-break-before: auto;\">\n<b>POCZ\u0104TEK<br \/>\nLISTU \u015aWI\u0118TEGO PAW\u0141A APOSTO\u0141A DO KOLOSAN: <\/b>\n<\/div>\n<div align=\"JUSTIFY\" style=\"margin-bottom: 0cm; text-indent: 1.24cm;\">\n<b>Pawe\u0142,<br \/>\nz woli Bo\u017cej aposto\u0142 Chrystusa Jezusa i Tymoteusz, brat, do<br \/>\n\u015bwi\u0119tych i wiernych w Chrystusie braci w Kolosach: \u0141aska wam i<br \/>\npok\u00f3j od Boga, Ojca naszego. <\/b>\n<\/div>\n<div align=\"JUSTIFY\" style=\"margin-bottom: 0cm; text-indent: 1.24cm;\">\n<b>Dzi\u0119ki<br \/>\nczynimy Bogu, Ojcu Pana naszego Jezusa Chrystusa, zawsze ilekro\u0107 si\u0119<br \/>\nza was modlimy, odk\u0105d us\u0142yszeli\u015bmy o waszej wierze w Chrystusie<br \/>\nJezusie i o waszej mi\u0142o\u015bci, jak\u0105 \u017cywicie dla wszystkich \u015bwi\u0119tych,<br \/>\nz powodu nadziei nagrody od\u0142o\u017conej dla was w niebie. O niej to ju\u017c<br \/>\nprzedtem us\u0142yszeli\u015bcie dzi\u0119ki g\u0142oszeniu prawdy Ewangelii, kt\u00f3ra<br \/>\ndo was dotar\u0142a. Podobnie jak jest na ca\u0142ym \u015bwiecie, tak r\u00f3wnie\u017c<br \/>\ni u was owocuje ona i ro\u015bnie od dnia, w kt\u00f3rym us\u0142yszeli\u015bcie o<br \/>\n\u0142asce Boga i poznali\u015bcie j\u0105 w prawdzie wed\u0142ug tego, jak<br \/>\nnauczyli\u015bcie si\u0119 od umi\u0142owanego wsp\u00f3\u0142s\u0142ugi naszego Epafrasa.<br \/>\nJest on wiernym s\u0142ug\u0105 Chrystusa zast\u0119puj\u0105cym nas; on te\u017c nam<br \/>\nukaza\u0142 wasz\u0105 mi\u0142o\u015b\u0107 w Duchu.<\/b><\/div>\n<div align=\"JUSTIFY\" style=\"margin-bottom: 0cm;\">\n<\/div>\n<div align=\"JUSTIFY\" style=\"margin-bottom: 0cm;\">\n<b>S\u0141OWA<br \/>\nEWANGELII WED\u0141UG \u015aWI\u0118TEGO \u0141UKASZA: <\/b>\n<\/div>\n<div align=\"JUSTIFY\" style=\"margin-bottom: 0cm; text-indent: 1.24cm;\">\n<b>Po<br \/>\nopuszczeniu synagogi w Kafarnaum Jezus przyszed\u0142 do domu Szymona. A<br \/>\nwysoka gor\u0105czka trawi\u0142a te\u015bciow\u0105 Szymona. I prosi\u0142 Go za ni\u0105. <\/b>\n<\/div>\n<div align=\"JUSTIFY\" style=\"margin-bottom: 0cm; text-indent: 1.24cm;\">\n<b>On,<br \/>\nstan\u0105wszy nad ni\u0105, rozkaza\u0142 gor\u0105czce, i opu\u015bci\u0142a j\u0105. Zaraz te\u017c<br \/>\nwsta\u0142a i us\u0142ugiwa\u0142a im. <\/b>\n<\/div>\n<div align=\"JUSTIFY\" style=\"margin-bottom: 0cm; text-indent: 1.24cm;\">\n<b>O<br \/>\nzachodzie s\u0142o\u0144ca wszyscy, kt\u00f3rzy mieli cierpi\u0105cych na rozmaite<br \/>\nchoroby, przynosili ich do Niego. On za\u015b na ka\u017cdego z nich k\u0142ad\u0142<br \/>\nr\u0119ce i uzdrawia\u0142 ich. <\/b>\n<\/div>\n<div align=\"JUSTIFY\" style=\"margin-bottom: 0cm; text-indent: 1.24cm;\">\n<b>Tak\u017ce<br \/>\nz\u0142e duchy wychodzi\u0142y z wielu, wo\u0142aj\u0105c: \u201eTy jeste\u015b Syn Bo\u017cy\u201d.<br \/>\nLecz On je gromi\u0142 i nie pozwala\u0142 im m\u00f3wi\u0107, poniewa\u017c wiedzia\u0142y,<br \/>\n\u017ce On jest Mesjaszem. <\/b>\n<\/div>\n<div align=\"JUSTIFY\" style=\"margin-bottom: 0cm; text-indent: 1.24cm;\">\n<b>Z<br \/>\nnastaniem dnia wyszed\u0142 i uda\u0142 si\u0119 na miejsce pustynne. A t\u0142umy<br \/>\nszuka\u0142y Go i przysz\u0142y a\u017c do Niego; chcia\u0142y Go zatrzyma\u0107, \u017ceby<br \/>\nnie odchodzi\u0142 od nich. <\/b>\n<\/div>\n<div align=\"JUSTIFY\" style=\"margin-bottom: 0cm; text-indent: 1.24cm;\">\n<b>Lecz<br \/>\nOn rzek\u0142 do nich: \u201eTak\u017ce innym miastom musz\u0119 g\u0142osi\u0107 Dobr\u0105<br \/>\nNowin\u0119 o kr\u00f3lestwie Bo\u017cym, bo na to zosta\u0142em pos\u0142any\u201d. I<br \/>\ng\u0142osi\u0142 s\u0142owo w synagogach Judei.<\/b><\/div>\n<div align=\"JUSTIFY\" style=\"margin-bottom: 0cm;\">\n<\/div>\n<div align=\"JUSTIFY\" style=\"margin-bottom: 0cm; page-break-before: auto; text-indent: 1.24cm;\">\nKiedy<br \/>\ntak uwa\u017cnie ws\u0142uchujemy si\u0119 w dzisiejsz\u0105 Ewangeli\u0119, to<br \/>\nzauwa\u017camy, \u017ce spotykamy si\u0119 w niej <b>z Jezusem zapracowanym.<\/b><br \/>\nNajpierw uzdrowienie te\u015bciowej Szymona, o zachodzie s\u0142o\u0144ca wielka<br \/>\nakcja uzdrawiania, tak\u017ce \u2013 <b>wyrzucanie z\u0142ych duch\u00f3w, <\/b>kt\u00f3re<br \/>\npomstuj\u0105c, opuszcza\u0142y ludzi, ow\u0142adni\u0119tych uprzednio ich moc\u0105.<br \/>\nPotem odej\u015bcie na miejsce pustynne, ale to tylko na chwil\u0119, bo<br \/>\n<b>t\u0142umy zaraz za Nim przysz\u0142y, chc\u0105c Go zatrzyma\u0107 u siebie.<br \/>\n<\/b>Jednak Jezus postanowi\u0142 odej\u015b\u0107, bo tak\u017ce innym miastom trzeba<br \/>\ng\u0142osi\u0107 Ewangeli\u0119\u2026\n<\/div>\n<div align=\"JUSTIFY\" style=\"margin-bottom: 0cm; text-indent: 1.24cm;\">\nMo\u017cemy<br \/>\nzatem powiedzie\u0107, \u017ce jest to taka <b>zwyk\u0142a, normalna aktywno\u015b\u0107,<br \/>\nzwyk\u0142e zapracowanie, taka codzienno\u015b\u0107\u2026<\/b> A w pierwszym<br \/>\nczytaniu Pawe\u0142 Aposto\u0142 tak\u017ce nie porusza jakiego\u015b jednego, bardzo<br \/>\nkonkretnego tematu, nie rozstrzyga jakiego\u015b problemu, natomiast<br \/>\nsk\u0142ada <b>wielkie dzi\u0119kczynienie za wiar\u0119 i chrze\u015bcija\u0144sk\u0105<br \/>\npostaw\u0119 Kolosan.<\/b> I te\u017c zapewne powiedzieliby\u015bmy \u2013 <b>c\u00f3\u017c w<br \/>\ntym nadzwyczajnego?<\/b> Owszem, to dobrze, \u017ce Kolosanie prezentuj\u0105<br \/>\ntak\u0105 postaw\u0119, ale wobec ogromu zaanga\u017cowania Paw\u0142a i Jego<br \/>\nPomocnik\u00f3w \u2013 <b>c\u00f3\u017c w tym szczeg\u00f3lnego<\/b><b>?<\/b>\n<\/div>\n<div align=\"JUSTIFY\" style=\"margin-bottom: 0cm; text-indent: 1.24cm;\">\nOczywi\u015bcie,<br \/>\n\u017ce nie jest to nic nadzwyczajnego, ale Pawe\u0142 zauwa\u017ca t\u0119 ich<br \/>\npostaw\u0119, docenia i dzi\u0119kuje za ni\u0105 Bogu. Kochani, jakie to wa\u017cne,<br \/>\naby\u015bmy <b>dostrzegali w swoim \u017cyciu wielko\u015b\u0107 i wa\u017cno\u015b\u0107<br \/>\ncodziennych naszych spraw, zaj\u0119\u0107, praktyk religijnych.<\/b> \u017bycie<br \/>\nbowiem cz\u0142owieka tylko w niewielkim stopniu sk\u0142ada si\u0119 z wydarze\u0144<br \/>\nwiekopomnych, nadzwyczajnych, szczeg\u00f3lnych. Zasadniczo jednak <b>utkane<br \/>\njest z codziennego pacierza i innych modlitw, z coniedzielnej Mszy<br \/>\n\u015awi\u0119tej, z comiesi\u0119cznej (oby!) Spowiedzi,<\/b> z codziennego<br \/>\nrannego wstawania i wychodzenia do pracy i do szko\u0142y, <b>z takiego<br \/>\nnajzwyklejszego wykonywania zada\u0144,<\/b> kt\u00f3re stoj\u0105 przed nami: w<br \/>\nszkole, w pracy, a po powrocie z nich \u2013 tak\u017ce w domu\u2026\n<\/div>\n<div align=\"JUSTIFY\" style=\"margin-bottom: 0cm; text-indent: 1.24cm;\">\nTo<br \/>\ns\u0105 <b>codzienne mi\u0119dzyludzkie relacje, codzienne spotkania,<br \/>\nrozmowy,<\/b> czasami tak\u017ce \u2013 niestety \u2013 napi\u0119cia, konflikty,<br \/>\nnieporozumienia, kt\u00f3re jako\u015b trzeba rozwi\u0105za\u0107 w duchu mi\u0142o\u015bci i<br \/>\nkt\u00f3re jako\u015b trzeba wyprowadzi\u0107 ku dobremu. Kochani, oto jest nasza<br \/>\ncodzienno\u015b\u0107, a tym samym \u2013 <b>oto jest nasza droga do Nieba. <\/b>Nie<br \/>\nmusimy szuka\u0107 innej, jakiej\u015b nadzwyczajnej, wiod\u0105cej przez<br \/>\nwyj\u0105tkowe wydarzenia i nadzwyczajne zwroty akcji.\n<\/div>\n<div align=\"JUSTIFY\" style=\"margin-bottom: 0cm; text-indent: 1.24cm;\">\n<b>R\u00f3bmy<br \/>\nswoje, <\/b>r\u00f3bmy to, co mamy do zrobienia, ale r\u00f3bmy to <b>najlepiej,<br \/>\njak tylko potrafimy<\/b> \u2013 tak w\u0142a\u015bnie, jakby to by\u0142o co\u015b<br \/>\nnadzwyczajnego i szczeg\u00f3lnego, <b>jakby od tego zale\u017ca\u0142o dobro<br \/>\nca\u0142ego \u015bwiata! <\/b>Bo \u2013 w jakim\u015b sensie \u2013 zale\u017cy\u2026<\/div>\n<div align=\"JUSTIFY\" style=\"margin-bottom: 0cm; text-indent: 1.24cm;\">\nDlatego<br \/>\ndoce\u0144my to, co jest nasz\u0105 codzienno\u015bci\u0105, dostrze\u017cmy jej warto\u015b\u0107,<br \/>\na nawet \u2013 <b>zechciejmy si\u0119 ni\u0105 ucieszy\u0107!<\/b> Bo nasze codzienne<br \/>\nzapracowanie i takie najzwyklejsze spe\u0142nianie najzwyklejszych<br \/>\nobowi\u0105zk\u00f3w jest <b>naprawd\u0119 pi\u0119kne, o ile spe\u0142niamy je dla<br \/>\nJezusa,<\/b> tak jak On swoje zapracowanie ofiarowa\u0142 w ca\u0142o\u015bci<br \/>\nka\u017cdej i ka\u017cdemu z nas\u2026<\/div>\n","protected":false},"excerpt":{"rendered":"<p>Szcz\u0119\u015b\u0107 Bo\u017ce! Kochani, witam i pozdrawiam u progu nowego dnia. Za chwil\u0119 wyruszam do szko\u0142y, gdzie b\u0119d\u0119 w tym roku uczy\u0142 klasy drugie i trzecie szko\u0142y podstawowej. Mam nadziej\u0119 na dobr\u0105 wsp\u00f3\u0142prac\u0119 z moimi nowymi Studentami. &nbsp; &nbsp; &nbsp; \u017bycz\u0119 Wam wszystkim b\u0142ogos\u0142awionego dnia!&nbsp; &nbsp; &nbsp; &nbsp; &nbsp; &nbsp; &nbsp; &nbsp; &nbsp; Gaudium et spes! [&hellip;]<\/p>\n","protected":false},"author":1,"featured_media":0,"comment_status":"open","ping_status":"open","sticky":false,"template":"","format":"standard","meta":{"jetpack_post_was_ever_published":false,"_jetpack_newsletter_access":"","_jetpack_dont_email_post_to_subs":false,"_jetpack_newsletter_tier_id":0,"_jetpack_memberships_contains_paywalled_content":false,"_jetpack_memberships_contains_paid_content":false,"footnotes":""},"categories":[1],"tags":[],"class_list":["post-9012","post","type-post","status-publish","format-standard","hentry","category-bez-kategorii"],"yoast_head":"<!-- This site is optimized with the Yoast SEO plugin v25.1 - https:\/\/yoast.com\/wordpress\/plugins\/seo\/ -->\n<title>O Jezusie zapracowanym... - Gaudium Et Spes<\/title>\n<meta name=\"robots\" content=\"index, follow, max-snippet:-1, max-image-preview:large, max-video-preview:-1\" \/>\n<link rel=\"canonical\" href=\"https:\/\/gaudiumetspes-blog.pl\/index.php\/2013\/09\/04\/o-jezusie-zapracowany\/\" \/>\n<meta property=\"og:locale\" content=\"pl_PL\" \/>\n<meta property=\"og:type\" content=\"article\" \/>\n<meta property=\"og:title\" content=\"O Jezusie zapracowanym... - Gaudium Et Spes\" \/>\n<meta property=\"og:description\" content=\"Szcz\u0119\u015b\u0107 Bo\u017ce! Kochani, witam i pozdrawiam u progu nowego dnia. Za chwil\u0119 wyruszam do szko\u0142y, gdzie b\u0119d\u0119 w tym roku uczy\u0142 klasy drugie i trzecie szko\u0142y podstawowej. Mam nadziej\u0119 na dobr\u0105 wsp\u00f3\u0142prac\u0119 z moimi nowymi Studentami. &nbsp; &nbsp; &nbsp; \u017bycz\u0119 Wam wszystkim b\u0142ogos\u0142awionego dnia!&nbsp; &nbsp; &nbsp; &nbsp; &nbsp; &nbsp; &nbsp; &nbsp; &nbsp; Gaudium et spes! [&hellip;]\" \/>\n<meta property=\"og:url\" content=\"https:\/\/gaudiumetspes-blog.pl\/index.php\/2013\/09\/04\/o-jezusie-zapracowany\/\" \/>\n<meta property=\"og:site_name\" content=\"Gaudium Et Spes\" \/>\n<meta property=\"article:published_time\" content=\"2013-09-04T03:01:00+00:00\" \/>\n<meta property=\"article:modified_time\" content=\"2019-07-31T10:54:12+00:00\" \/>\n<meta name=\"author\" content=\"Ks. Jacek\" \/>\n<meta name=\"twitter:card\" content=\"summary_large_image\" \/>\n<meta name=\"twitter:label1\" content=\"Napisane przez\" \/>\n\t<meta name=\"twitter:data1\" content=\"Ks. Jacek\" \/>\n\t<meta name=\"twitter:label2\" content=\"Szacowany czas czytania\" \/>\n\t<meta name=\"twitter:data2\" content=\"5 minut\" \/>\n<script type=\"application\/ld+json\" class=\"yoast-schema-graph\">{\"@context\":\"https:\/\/schema.org\",\"@graph\":[{\"@type\":\"WebPage\",\"@id\":\"https:\/\/gaudiumetspes-blog.pl\/index.php\/2013\/09\/04\/o-jezusie-zapracowany\/\",\"url\":\"https:\/\/gaudiumetspes-blog.pl\/index.php\/2013\/09\/04\/o-jezusie-zapracowany\/\",\"name\":\"O Jezusie zapracowanym... - Gaudium Et Spes\",\"isPartOf\":{\"@id\":\"https:\/\/gaudiumetspes-blog.pl\/#website\"},\"datePublished\":\"2013-09-04T03:01:00+00:00\",\"dateModified\":\"2019-07-31T10:54:12+00:00\",\"author\":{\"@id\":\"https:\/\/gaudiumetspes-blog.pl\/#\/schema\/person\/1661982992b752dea8dff0d4ed845a65\"},\"breadcrumb\":{\"@id\":\"https:\/\/gaudiumetspes-blog.pl\/index.php\/2013\/09\/04\/o-jezusie-zapracowany\/#breadcrumb\"},\"inLanguage\":\"pl-PL\",\"potentialAction\":[{\"@type\":\"ReadAction\",\"target\":[\"https:\/\/gaudiumetspes-blog.pl\/index.php\/2013\/09\/04\/o-jezusie-zapracowany\/\"]}]},{\"@type\":\"BreadcrumbList\",\"@id\":\"https:\/\/gaudiumetspes-blog.pl\/index.php\/2013\/09\/04\/o-jezusie-zapracowany\/#breadcrumb\",\"itemListElement\":[{\"@type\":\"ListItem\",\"position\":1,\"name\":\"Strona g\u0142\u00f3wna\",\"item\":\"https:\/\/gaudiumetspes-blog.pl\/\"},{\"@type\":\"ListItem\",\"position\":2,\"name\":\"O&nbsp;Jezusie zapracowanym&#8230;\"}]},{\"@type\":\"WebSite\",\"@id\":\"https:\/\/gaudiumetspes-blog.pl\/#website\",\"url\":\"https:\/\/gaudiumetspes-blog.pl\/\",\"name\":\"Gaudium Et Spes\",\"description\":\"Blog Ks. Jacka Ja\u015bkowskiego\",\"potentialAction\":[{\"@type\":\"SearchAction\",\"target\":{\"@type\":\"EntryPoint\",\"urlTemplate\":\"https:\/\/gaudiumetspes-blog.pl\/?s={search_term_string}\"},\"query-input\":{\"@type\":\"PropertyValueSpecification\",\"valueRequired\":true,\"valueName\":\"search_term_string\"}}],\"inLanguage\":\"pl-PL\"},{\"@type\":\"Person\",\"@id\":\"https:\/\/gaudiumetspes-blog.pl\/#\/schema\/person\/1661982992b752dea8dff0d4ed845a65\",\"name\":\"Ks. Jacek\",\"image\":{\"@type\":\"ImageObject\",\"inLanguage\":\"pl-PL\",\"@id\":\"https:\/\/gaudiumetspes-blog.pl\/#\/schema\/person\/image\/\",\"url\":\"https:\/\/gaudiumetspes-blog.pl\/wp-content\/uploads\/2019\/07\/avatar-JJ-150x150.jpg\",\"contentUrl\":\"https:\/\/gaudiumetspes-blog.pl\/wp-content\/uploads\/2019\/07\/avatar-JJ-150x150.jpg\",\"caption\":\"Ks. Jacek\"},\"description\":\"Witam serdecznie! K\u0142ania si\u0119 Ks. Jacek Ja\u015bkowski. Nie jestem ani kim\u015b wa\u017cnym, ani kim\u015b znanym. Jestem ksi\u0119dzem, kt\u00f3ry po prostu chce rozmawia\u0107. Codzienna kap\u0142a\u0144ska pos\u0142uga pokazuje mi, \u017ce temat\u00f3w do rozm\u00f3w z ksi\u0119dzem jest coraz wi\u0119cej i dzisiaj \u017caden ksi\u0105dz nie mo\u017ce od nich ucieka\u0107, ale - wprost przeciwnie - podejmowa\u0107 nowe wyzwania. To przekonanie sk\u0142oni\u0142o mnie do pr\u00f3by otwarcia tego\u017c bloga, chocia\u017c okazji do rozm\u00f3w na co dzie\u0144 - w konfesjonale i poza nim - na szcz\u0119\u015bcie nie brakuje. My\u015bl\u0119 jednak, \u017ce ten blog b\u0119dzie jeszcze jednym sposobem i przestrzeni\u0105 nawi\u0105zania kontaktu z lud\u017ami dobrej woli, otwartymi na dialog.\",\"url\":\"https:\/\/gaudiumetspes-blog.pl\/index.php\/author\/ks-jacek\/\"}]}<\/script>\n<!-- \/ Yoast SEO plugin. -->","yoast_head_json":{"title":"O Jezusie zapracowanym... - Gaudium Et Spes","robots":{"index":"index","follow":"follow","max-snippet":"max-snippet:-1","max-image-preview":"max-image-preview:large","max-video-preview":"max-video-preview:-1"},"canonical":"https:\/\/gaudiumetspes-blog.pl\/index.php\/2013\/09\/04\/o-jezusie-zapracowany\/","og_locale":"pl_PL","og_type":"article","og_title":"O Jezusie zapracowanym... - Gaudium Et Spes","og_description":"Szcz\u0119\u015b\u0107 Bo\u017ce! Kochani, witam i pozdrawiam u progu nowego dnia. Za chwil\u0119 wyruszam do szko\u0142y, gdzie b\u0119d\u0119 w tym roku uczy\u0142 klasy drugie i trzecie szko\u0142y podstawowej. Mam nadziej\u0119 na dobr\u0105 wsp\u00f3\u0142prac\u0119 z moimi nowymi Studentami. &nbsp; &nbsp; &nbsp; \u017bycz\u0119 Wam wszystkim b\u0142ogos\u0142awionego dnia!&nbsp; &nbsp; &nbsp; &nbsp; &nbsp; &nbsp; &nbsp; &nbsp; &nbsp; Gaudium et spes! [&hellip;]","og_url":"https:\/\/gaudiumetspes-blog.pl\/index.php\/2013\/09\/04\/o-jezusie-zapracowany\/","og_site_name":"Gaudium Et Spes","article_published_time":"2013-09-04T03:01:00+00:00","article_modified_time":"2019-07-31T10:54:12+00:00","author":"Ks. Jacek","twitter_card":"summary_large_image","twitter_misc":{"Napisane przez":"Ks. Jacek","Szacowany czas czytania":"5 minut"},"schema":{"@context":"https:\/\/schema.org","@graph":[{"@type":"WebPage","@id":"https:\/\/gaudiumetspes-blog.pl\/index.php\/2013\/09\/04\/o-jezusie-zapracowany\/","url":"https:\/\/gaudiumetspes-blog.pl\/index.php\/2013\/09\/04\/o-jezusie-zapracowany\/","name":"O Jezusie zapracowanym... - Gaudium Et Spes","isPartOf":{"@id":"https:\/\/gaudiumetspes-blog.pl\/#website"},"datePublished":"2013-09-04T03:01:00+00:00","dateModified":"2019-07-31T10:54:12+00:00","author":{"@id":"https:\/\/gaudiumetspes-blog.pl\/#\/schema\/person\/1661982992b752dea8dff0d4ed845a65"},"breadcrumb":{"@id":"https:\/\/gaudiumetspes-blog.pl\/index.php\/2013\/09\/04\/o-jezusie-zapracowany\/#breadcrumb"},"inLanguage":"pl-PL","potentialAction":[{"@type":"ReadAction","target":["https:\/\/gaudiumetspes-blog.pl\/index.php\/2013\/09\/04\/o-jezusie-zapracowany\/"]}]},{"@type":"BreadcrumbList","@id":"https:\/\/gaudiumetspes-blog.pl\/index.php\/2013\/09\/04\/o-jezusie-zapracowany\/#breadcrumb","itemListElement":[{"@type":"ListItem","position":1,"name":"Strona g\u0142\u00f3wna","item":"https:\/\/gaudiumetspes-blog.pl\/"},{"@type":"ListItem","position":2,"name":"O&nbsp;Jezusie zapracowanym&#8230;"}]},{"@type":"WebSite","@id":"https:\/\/gaudiumetspes-blog.pl\/#website","url":"https:\/\/gaudiumetspes-blog.pl\/","name":"Gaudium Et Spes","description":"Blog Ks. Jacka Ja\u015bkowskiego","potentialAction":[{"@type":"SearchAction","target":{"@type":"EntryPoint","urlTemplate":"https:\/\/gaudiumetspes-blog.pl\/?s={search_term_string}"},"query-input":{"@type":"PropertyValueSpecification","valueRequired":true,"valueName":"search_term_string"}}],"inLanguage":"pl-PL"},{"@type":"Person","@id":"https:\/\/gaudiumetspes-blog.pl\/#\/schema\/person\/1661982992b752dea8dff0d4ed845a65","name":"Ks. Jacek","image":{"@type":"ImageObject","inLanguage":"pl-PL","@id":"https:\/\/gaudiumetspes-blog.pl\/#\/schema\/person\/image\/","url":"https:\/\/gaudiumetspes-blog.pl\/wp-content\/uploads\/2019\/07\/avatar-JJ-150x150.jpg","contentUrl":"https:\/\/gaudiumetspes-blog.pl\/wp-content\/uploads\/2019\/07\/avatar-JJ-150x150.jpg","caption":"Ks. Jacek"},"description":"Witam serdecznie! K\u0142ania si\u0119 Ks. Jacek Ja\u015bkowski. Nie jestem ani kim\u015b wa\u017cnym, ani kim\u015b znanym. Jestem ksi\u0119dzem, kt\u00f3ry po prostu chce rozmawia\u0107. Codzienna kap\u0142a\u0144ska pos\u0142uga pokazuje mi, \u017ce temat\u00f3w do rozm\u00f3w z ksi\u0119dzem jest coraz wi\u0119cej i dzisiaj \u017caden ksi\u0105dz nie mo\u017ce od nich ucieka\u0107, ale - wprost przeciwnie - podejmowa\u0107 nowe wyzwania. To przekonanie sk\u0142oni\u0142o mnie do pr\u00f3by otwarcia tego\u017c bloga, chocia\u017c okazji do rozm\u00f3w na co dzie\u0144 - w konfesjonale i poza nim - na szcz\u0119\u015bcie nie brakuje. My\u015bl\u0119 jednak, \u017ce ten blog b\u0119dzie jeszcze jednym sposobem i przestrzeni\u0105 nawi\u0105zania kontaktu z lud\u017ami dobrej woli, otwartymi na dialog.","url":"https:\/\/gaudiumetspes-blog.pl\/index.php\/author\/ks-jacek\/"}]}},"jetpack_featured_media_url":"","jetpack_sharing_enabled":true,"_links":{"self":[{"href":"https:\/\/gaudiumetspes-blog.pl\/index.php\/wp-json\/wp\/v2\/posts\/9012","targetHints":{"allow":["GET"]}}],"collection":[{"href":"https:\/\/gaudiumetspes-blog.pl\/index.php\/wp-json\/wp\/v2\/posts"}],"about":[{"href":"https:\/\/gaudiumetspes-blog.pl\/index.php\/wp-json\/wp\/v2\/types\/post"}],"author":[{"embeddable":true,"href":"https:\/\/gaudiumetspes-blog.pl\/index.php\/wp-json\/wp\/v2\/users\/1"}],"replies":[{"embeddable":true,"href":"https:\/\/gaudiumetspes-blog.pl\/index.php\/wp-json\/wp\/v2\/comments?post=9012"}],"version-history":[{"count":1,"href":"https:\/\/gaudiumetspes-blog.pl\/index.php\/wp-json\/wp\/v2\/posts\/9012\/revisions"}],"predecessor-version":[{"id":11225,"href":"https:\/\/gaudiumetspes-blog.pl\/index.php\/wp-json\/wp\/v2\/posts\/9012\/revisions\/11225"}],"wp:attachment":[{"href":"https:\/\/gaudiumetspes-blog.pl\/index.php\/wp-json\/wp\/v2\/media?parent=9012"}],"wp:term":[{"taxonomy":"category","embeddable":true,"href":"https:\/\/gaudiumetspes-blog.pl\/index.php\/wp-json\/wp\/v2\/categories?post=9012"},{"taxonomy":"post_tag","embeddable":true,"href":"https:\/\/gaudiumetspes-blog.pl\/index.php\/wp-json\/wp\/v2\/tags?post=9012"}],"curies":[{"name":"wp","href":"https:\/\/api.w.org\/{rel}","templated":true}]}}