{"id":9013,"date":"2013-09-03T06:16:00","date_gmt":"2013-09-03T04:16:00","guid":{"rendered":"https:\/\/gaudiumetspes-blog.pl\/index.php\/2013\/09\/03\/grzegorz-modli-sie-i-pokutowa-wraz-z\/"},"modified":"2019-07-31T12:54:12","modified_gmt":"2019-07-31T10:54:12","slug":"grzegorz-modli-sie-i-pokutowa-wraz-z","status":"publish","type":"post","link":"https:\/\/gaudiumetspes-blog.pl\/index.php\/2013\/09\/03\/grzegorz-modli-sie-i-pokutowa-wraz-z\/","title":{"rendered":"Grzegorz modli\u0142 si\u0119 i pokutowa\u0142 wraz z ludem&#8230;"},"content":{"rendered":"<div align=\"JUSTIFY\" style=\"margin-bottom: 0cm;\">\nSzcz\u0119\u015b\u0107 Bo\u017ce! Wczoraj rzeczywi\u015bcie do\u015b\u0107 nieoczekiwanie poprosi\u0142em Marka o zamieszczenie rozwa\u017cania, bo wypad\u0142y tu takie sprawy, kt\u00f3re op\u00f3\u017ani\u0142yby jego zamieszczenie przeze mnie do p\u00f3\u017anego popo\u0142udnia. Dlatego bardzo dzi\u0119kuj\u0119 Markowi, \u017ce tak &#8222;z marszu&#8221; zgodzi\u0142 si\u0119 mi pom\u00f3c. Jak zawsze &#8211; jest to z du\u017c\u0105 korzy\u015bci\u0105 dla naszego bloga!<\/div>\n<div align=\"JUSTIFY\" style=\"margin-bottom: 0cm;\">\n&nbsp; &nbsp; A ja na razie wszystkiemu si\u0119 przygl\u0105dam i rozgl\u0105dam si\u0119 uwa\u017cnie, co i jak. Pierwsza niedziela to by\u0142 pi\u0119kny dzie\u0144, odprawi\u0142em dwie Msze \u015awi\u0119te, spowiada\u0142em na pozosta\u0142ych. Pierwszy kontakt z Parafianami przebieg\u0142 w atmosferze \u017cyczliwo\u015bci. Bogu niech b\u0119d\u0105 dzi\u0119ki! Tyle, \u017ce wszystko tu dla mnie nowe, a im cz\u0142owiek ma wi\u0119cej lat, tym coraz trudniej mu zaczyna\u0107 wszystko od nowa. Ale &#8211; przy Waszym wsparciu &#8211; ufam, \u017ce b\u0119dzie dobrze.<b>&nbsp;<\/b><\/div>\n<div align=\"JUSTIFY\" style=\"margin-bottom: 0cm;\">\n&nbsp; &nbsp; &nbsp;Dzisiaj za\u015b zapraszam do refleksji nad \u017cyciem i \u015bwi\u0119to\u015bci\u0105 Papie\u017ca Grzegorza Wielkiego.<\/div>\n<div align=\"JUSTIFY\" style=\"margin-bottom: 0cm;\">\n&nbsp; &nbsp; &nbsp; &nbsp; &nbsp; &nbsp; Gaudium et spes! &nbsp;Ks. Jacek<\/div>\n<div align=\"JUSTIFY\" style=\"margin-bottom: 0cm;\">\n<\/div>\n<div align=\"JUSTIFY\" style=\"margin-bottom: 0cm;\">\n<b>Wspomnienie<br \/>\n\u015aw. Grzegorza Wielkiego, <\/b>\n<\/div>\n<div align=\"JUSTIFY\" style=\"margin-bottom: 0cm;\">\n<b>Papie\u017ca<br \/>\ni Doktora Ko\u015bcio\u0142a,<\/b><\/div>\n<div align=\"JUSTIFY\" style=\"margin-bottom: 0cm;\">\n<b>do<br \/>\nczyta\u0144:  1 Tes 5,1\u20136.9\u201311;  \u0141k 4,31\u201337<\/b><\/div>\n<div align=\"JUSTIFY\" style=\"margin-bottom: 0cm;\">\n<\/div>\n<div align=\"JUSTIFY\" style=\"margin-bottom: 0cm; page-break-before: auto;\">\n<b>CZYTANIE<br \/>\nZ PIERWSZEGO LISTU \u015aWI\u0118TEGO PAW\u0141A APOSTO\u0141A DO TESALONICZAN: <\/b>\n<\/div>\n<div align=\"JUSTIFY\" style=\"margin-bottom: 0cm; text-indent: 1.24cm;\">\n<b>Nie<br \/>\npotrzeba wam, bracia, pisa\u0107 o czasach i chwilach. Sami bowiem<br \/>\ndok\u0142adnie wiecie, \u017ce dzie\u0144 Pa\u0144ski przyjdzie tak, jak z\u0142odziej w<br \/>\nnocy. <\/b>\n<\/div>\n<div align=\"JUSTIFY\" style=\"margin-bottom: 0cm; text-indent: 1.24cm;\">\n<b>Kiedy<br \/>\nbowiem b\u0119d\u0105 m\u00f3wi\u0107: \u201ePok\u00f3j i bezpiecze\u0144stwo\u201d, tak<br \/>\nniespodzianie przyjdzie na nich zag\u0142ada, jak b\u00f3le na brzemienn\u0105, i<br \/>\nnie ujd\u0105. Ale wy, bracia, nie jeste\u015bcie w ciemno\u015bciach, aby \u00f3w<br \/>\ndzie\u0144 mia\u0142 was zaskoczy\u0107 jak z\u0142odziej. Wszyscy wy bowiem<br \/>\njeste\u015bcie synami \u015bwiat\u0142o\u015bci i synami dnia. Nie jeste\u015bcie synami<br \/>\nnocy ani ciemno\u015bci. Nie \u015bpijmy przeto jak inni, ale czuwajmy i<br \/>\nb\u0105d\u017amy trze\u017awi. <\/b>\n<\/div>\n<div align=\"JUSTIFY\" style=\"margin-bottom: 0cm; text-indent: 1.24cm;\">\n<b>Poniewa\u017c<br \/>\nnie przeznaczy\u0142 nas B\u00f3g, aby\u015bmy zas\u0142u\u017cyli na gniew, ale na<br \/>\nosi\u0105gni\u0119cie zbawienia przez Pana naszego Jezusa Chrystusa, kt\u00f3ry<br \/>\nza nas umar\u0142, aby\u015bmy czy \u017cywi, czy umarli, razem z Nim \u017cyli.<br \/>\nDlatego zach\u0119cajcie si\u0119 wzajemnie i budujcie jedni drugich, jak to<br \/>\nzreszt\u0105 czynicie.<\/b><\/div>\n<div align=\"JUSTIFY\" style=\"margin-bottom: 0cm;\">\n<\/div>\n<div align=\"JUSTIFY\" style=\"margin-bottom: 0cm;\">\n<b>S\u0141OWA<br \/>\nEWANGELII WED\u0141UG \u015aWI\u0118TEGO \u0141UKASZA:<\/b><\/div>\n<div align=\"JUSTIFY\" style=\"margin-bottom: 0cm; text-indent: 1.24cm;\">\n<b>Jezus<br \/>\nuda\u0142 si\u0119 do Kafarnaum, miasta w Galilei, i tam naucza\u0142 w szabat.<br \/>\nZdumiewali si\u0119 Jego nauk\u0105, gdy\u017c s\u0142owo Jezusa by\u0142o pe\u0142ne mocy. <\/b>\n<\/div>\n<div align=\"JUSTIFY\" style=\"margin-bottom: 0cm; text-indent: 1.24cm;\">\n<b>A<br \/>\nby\u0142 w synagodze cz\u0142owiek, kt\u00f3ry mia\u0142 w sobie ducha nieczystego.<br \/>\nZacz\u0105\u0142 on krzycze\u0107 wniebog\u0142osy: \u201eOch, czego chcesz od nas,<br \/>\nJezusie Nazarejczyku? Przyszed\u0142e\u015b nas zgubi\u0107? Wiem, kto jeste\u015b:<br \/>\n\u015awi\u0119ty Bo\u017cy\u201d. <\/b>\n<\/div>\n<div align=\"JUSTIFY\" style=\"margin-bottom: 0cm; text-indent: 1.24cm;\">\n<b>Lecz<br \/>\nJezus rozkaza\u0142 mu surowo: \u201eMilcz i wyjd\u017a z niego\u201d. Wtedy z\u0142y<br \/>\nduch rzuci\u0142 go na \u015brodek i wyszed\u0142 z niego nie wyrz\u0105dzaj\u0105c mu<br \/>\n\u017cadnej szkody. <\/b>\n<\/div>\n<div align=\"JUSTIFY\" style=\"margin-bottom: 0cm; text-indent: 1.24cm;\">\n<b>Wprawi\u0142o<br \/>\nto wszystkich w zdumienie i m\u00f3wili mi\u0119dzy sob\u0105: \u201eC\u00f3\u017c to za<br \/>\ns\u0142owo? Z w\u0142adz\u0105 i moc\u0105 rozkazuje nawet duchom nieczystym, i<br \/>\nwychodz\u0105\u201d. <\/b>\n<\/div>\n<div align=\"JUSTIFY\" style=\"margin-bottom: 0cm; text-indent: 1.24cm;\">\n<b>I<br \/>\nwie\u015b\u0107 o Nim rozchodzi\u0142a si\u0119 wsz\u0119dzie po okolicy.<\/b><\/div>\n<div align=\"JUSTIFY\" style=\"margin-bottom: 0cm;\">\n<\/div>\n<div align=\"JUSTIFY\" style=\"margin-bottom: 0cm; text-indent: 1.24cm;\">\nPatron<br \/>\ndnia dzisiejszego, <b>Grzegorz,<br \/>\nurodzi\u0142 si\u0119 w Rzymie oko\u0142o roku 540. <\/b>Odby\u0142<br \/>\nkarier\u0119 urz\u0119dnicz\u0105 i zosta\u0142 prefektem Rzymu. Zrezygnowa\u0142<br \/>\njednak z tego stanowiska, obieraj\u0105c<br \/>\n\u017cycie monastyczne. Otrzyma\u0142 \u015bwi\u0119cenia diakonatu<br \/>\ni by\u0142 legatem papieskim w Konstantynopolu. <b>Dnia<br \/>\n3 wrze\u015bnia 590 zosta\u0142 wybrany <\/b><b>P<\/b><b>apie\u017cem.<br \/>\n<\/b>\n<\/div>\n<div align=\"JUSTIFY\" style=\"margin-bottom: 0cm; page-break-before: auto; text-indent: 1.25cm;\">\nA<br \/>\nponiewa\u017c w chwili wyboru by\u0142 zaledwie diakonem, przeto<b> <\/b><b>3<br \/>\npa\u017adziernika 590 roku odby\u0142a si\u0119 jego konsekracja na biskupa.<\/b><br \/>\nPrzedtem przyj\u0105\u0142 \u015bwi\u0119cenia kap\u0142a\u0144skie. Ale oto w tym\u017ce samym<br \/>\n590 roku nawiedzi\u0142a Rzym jedna z najci\u0119\u017cszych w historii tego\u017c<br \/>\nmiasta zaraza. Grzegorz zarz\u0105dzi\u0142 <b>procesj\u0119 pokutn\u0105 dla<br \/>\nodwr\u00f3cenia kl\u0119ski.<\/b> Wyznaczy\u0142 siedem ko\u015bcio\u0142\u00f3w, w kt\u00f3rych<br \/>\nmia\u0142y gromadzi\u0107 si\u0119 na modlitwie poszczeg\u00f3lne stany. Z tych<br \/>\nko\u015bcio\u0142\u00f3w wyruszy\u0142y procesje do Bazyliki Matki Bo\u017cej Wi\u0119kszej,<br \/>\ngdzie <b>Papie\u017c \u2013 elekt wyg\u0142osi\u0142 wielkie przem\u00f3wienie o<br \/>\nmodlitwie i pokucie.<\/b>\n<\/div>\n<div align=\"JUSTIFY\" style=\"margin-bottom: 0cm; text-indent: 1.25cm;\">\nPodczas<br \/>\nprocesji, nad mauzoleum Hadriana <b>Grzegorz zobaczy\u0142 anio\u0142a<br \/>\nchowaj\u0105cego wyci\u0105gni\u0119ty, skrwawiony miecz.<\/b> Wizj\u0119 t\u0119<br \/>\nzrozumiano jako koniec plagi. Zosta\u0142a ona utrwalona: do dnia<br \/>\ndzisiejszego nad tym mauzoleum Hadriana, zwanym Zamkiem \u015awi\u0119tego<br \/>\nAnio\u0142a, <b>dominuje ogromny pos\u0105g anio\u0142a ze wzniesionym mieczem.<\/b><\/p>\n<\/div>\n<div align=\"JUSTIFY\" style=\"margin-bottom: 0cm; text-indent: 1.25cm;\">\n<b>Pontyfikat<br \/>\nGrzegorza trwa\u0142 pi\u0119tna\u015bcie lat.<\/b> Zaraz na pocz\u0105tku swoich<br \/>\nrz\u0105d\u00f3w nada\u0142 sobie pokorny tytu\u0142, kt\u00f3ry r\u00f3wnocze\u015bnie mia\u0142 by\u0107<br \/>\nprogramem jego pontyfikatu: <b>\u201e<\/b><b>servus servorum Dei\u201d<\/b><b><br \/>\n\u2013 \u201es\u0142uga s\u0142ug Bo\u017cych&#8221;\u201d.<\/b> Do \u00f3wczesnych patriarch\u00f3w<br \/>\nKonstantynopola, Antiochii, Jerozolimy i Aleksandrii skierowa\u0142<br \/>\nwys\u0142annik\u00f3w z zawiadomieniem o swoim wyborze <b>w s\u0142owach pe\u0142nych<br \/>\npokory i przyja\u017ani, czym pozyska\u0142 sobie ich mi\u0142o\u015b\u0107.<\/b>\n<\/div>\n<div align=\"JUSTIFY\" style=\"margin-bottom: 0cm; text-indent: 1.25cm;\">\nJako<br \/>\ndobry Pasterz Ko\u015bcio\u0142a, <b>codziennie g\u0142osi\u0142 S\u0142owo Bo\u017ce.<\/b><br \/>\nUsun\u0105\u0142 z Kurii papieskiej niegodnych urz\u0119dnik\u00f3w, a z diecezji i<br \/>\nparafii \u2013 niegodnych biskup\u00f3w i proboszcz\u00f3w. <b>Otacza\u0142 opiek\u0105<br \/>\nubogich.<\/b> Wielk\u0105 trosk\u0105 otoczy\u0142 rzymskie ko\u015bcio\u0142y i diecezje<br \/>\nW\u0142och. Dla lepszej kontroli i orientacji wyznaczy\u0142 w\u015br\u00f3d biskup\u00f3w<br \/>\nosobnego wizytatora. By\u0142 stanowczy wobec nadu\u017cy\u0107.\n<\/div>\n<div align=\"JUSTIFY\" style=\"margin-bottom: 0cm; text-indent: 1.25cm;\">\nPonadto,<br \/>\nrozwin\u0105\u0142 owocn\u0105 dzia\u0142alno\u015b\u0107 <b>na polu administracji<br \/>\nko\u015bcielnej:<\/b> uzdrowi\u0142 finanse papieskie, zagospodarowa\u0142<br \/>\nmaj\u0105tki, kt\u00f3re s\u0142u\u017cy\u0142y na utrzymanie dworu papieskiego. <b>W<br \/>\nr\u00f3wnym stopniu zas\u0142u\u017cy\u0142 si\u0119 na polu liturgii,<\/b> wprowadzaj\u0105c<br \/>\nistotne reformy, czego wyrazem \u2013 mi\u0119dzy innymi \u2013 jest pi\u0119kny i<br \/>\ndostojny \u015bpiew gregoria\u0144ski. Nadto, <b>ujednolici\u0142 i upowszechni\u0142<br \/>\nobrz\u0105dek rzymski. <\/b>Dot\u0105d bowiem ka\u017cdy kraj \u2013 a nawet diecezja<br \/>\n\u2013 mia\u0142y sw\u00f3j ryt, co wprowadza\u0142o wiele zamieszania.\n<\/div>\n<div align=\"JUSTIFY\" style=\"margin-bottom: 0cm; page-break-before: auto; text-indent: 1.25cm;\">\n<b>Od pontyfikatu<br \/>\nGrzegorza pochodzi zwyczaj odprawiania trzydziestu Mszy \u015awi\u0119tych za<br \/>\nzmar\u0142ych, zwanych \u201egregoria\u0144skimi\u201d. <\/b>Kiedy bowiem Papie\u017c<br \/>\nby\u0142 jeszcze opatem benedyktyn\u00f3w w Rzymie, zmar\u0142 pewien mnich, przy<br \/>\nkt\u00f3rym znaleziono pieni\u0105dze. W owych czasach by\u0142o to uwa\u017cane za<br \/>\nwielkie przest\u0119pstwo w zakonie. Grzegorz nakaza\u0142 dla przestrogi<br \/>\ninnych <b>pogrzeba\u0107 cia\u0142o owego zakonnika poza klasztorem,<\/b> w<br \/>\nmiejscu niepo\u015bwi\u0119conym. Pe\u0142en jednak troski o jego dusz\u0119, <b>nakaza\u0142<br \/>\nodprawi\u0107 trzydzie\u015bci Mszy \u015awi\u0119tych dzie\u0144 po dniu. <\/b>Kiedy<br \/>\nzosta\u0142a odprawiona ostatnia  z nich, zakonnik \u00f3w mia\u0142 si\u0119 pokaza\u0107<br \/>\nopatowi i podzi\u0119kowa\u0107 mu, o\u015bwiadczaj\u0105c,<b> \u017ce te Msze \u015awi\u0119te<br \/>\nskr\u00f3ci\u0142y mu znacznie czas czy\u015b\u0107ca.<\/b> Odt\u0105d przyj\u0105\u0142 si\u0119<br \/>\nzwyczaj odprawiania w intencji zmar\u0142ych tak zwanych \u201egregorianek\u201d.<\/p>\n<\/div>\n<div align=\"JUSTIFY\" style=\"margin-bottom: 0cm; text-indent: 1.25cm;\">\nPrzy<br \/>\nbardzo licznych i absorbuj\u0105cych zaj\u0119ciach publicznych Grzegorz<br \/>\ntak\u017ce pisa\u0142. Zostawi\u0142 po sobie bogat\u0105 spu\u015bcizn\u0119 literack\u0105,<br \/>\nobejmuj\u0105c\u0105 \u2013 poza innymi dzie\u0142ami \u2013 <b>osiemset<br \/>\npi\u0119\u0107dziesi\u0105t homilii i list\u00f3w!<\/b><br \/>\nDlatego zalicza si\u0119 go do czterech wielkich Doktor\u00f3w Ko\u015bcio\u0142a<br \/>\nZachodniego.<br \/>\n<b>Zmar\u0142<br \/>\nw Rzymie 12 marca 604 roku.<\/b><\/div>\n<div align=\"JUSTIFY\" style=\"margin-bottom: 0cm; text-indent: 1.25cm;\">\nKiedy<br \/>\ntak ws\u0142uchujemy si\u0119 w ten skr\u00f3cony \u017cyciorys naszego dzisiejszego<br \/>\nPatrona, a<br \/>\njednocze\u015bnie<br \/>\npochylamy si\u0119 nad Bo\u017cym S\u0142owem, stwierdzamy, \u017ce <b>styl<br \/>\n\u017cycia i pracy Papie\u017ca Grzegorza by\u0142 wiernym odwzorowaniem tego, co<br \/>\nus\u0142yszeli\u015bmy w czytaniach.<\/b><\/p>\n<\/div>\n<div align=\"JUSTIFY\" style=\"margin-bottom: 0cm; text-indent: 1.25cm;\">\nOto<br \/>\nbowiem Pawe\u0142 Aposto\u0142 akcentuje potrzeb\u0119 czujno\u015bci i gotowo\u015bci na<br \/>\nprzyj\u015bcie dnia Pana, zaznaczaj\u0105c przy tym, \u017ce ci, kt\u00f3rzy s\u0105<br \/>\n<i><b>synami<br \/>\n\u015bwiat\u0142o\u015bci i synami dnia,<\/b><\/i><br \/>\nnie dadz\u0105 si\u0119 zaskoczy\u0107 przyj\u015bciem owej chwili. Swoje pouczenie<br \/>\nPawe\u0142 ko\u0144czy s\u0142owami: <i><b>Poniewa\u017c<br \/>\nnie przeznaczy\u0142 nas B\u00f3g, aby\u015bmy zas\u0142u\u017cyli na gniew, ale na<br \/>\nosi\u0105gni\u0119cie zbawienia przez Pana naszego Jezusa Chrystusa, kt\u00f3ry<br \/>\nza nas umar\u0142, aby\u015bmy czy \u017cywi, czy umarli, razem z Nim \u017cyli.<br \/>\nDlatego zach\u0119cajcie<\/b><\/i><b><br \/>\n<\/b><i><b>si\u0119<br \/>\nwzajemnie i budujcie jedni drugich, jak to zreszt\u0105 czynicie. <\/b><\/i>Wydaje<br \/>\nsi\u0119, \u017ce tak w\u0142a\u015bnie swoj\u0105 misj\u0119 pojmowa\u0142 Papie\u017c Grzegorz:<br \/>\nodnowienie w wiernych Ko\u015bcio\u0142a <b>najg\u0142\u0119bszej<br \/>\n\u015bwiadomo\u015bci ich wybrania i przeznaczenia do zbawienia. <\/b>\n<\/div>\n<div align=\"JUSTIFY\" style=\"margin-bottom: 0cm; text-indent: 1.25cm;\">\nA<br \/>\nJezus \u2013 jak s\u0142yszymy w Ewangelii \u2013 wyrzuca z\u0142ego ducha z<br \/>\ncz\u0142owieka op\u0119tanego. Jak zosta\u0142o odczytane: <i><b>Wprawi\u0142o<br \/>\nto wszystkich w zdumienie i m\u00f3wili mi\u0119dzy sob\u0105: \u201eC\u00f3\u017c to za<br \/>\ns\u0142owo? Z w\u0142adz\u0105 i moc\u0105 rozkazuje nawet duchom nieczystym, i<br \/>\nwychodz\u0105\u201d<\/b><\/i><b>.<br \/>\n<\/b>Nie<br \/>\nwiem, czy to b\u0119dzie trafna analogia, ale mi jako\u015b to wydarzenie i<br \/>\nte s\u0142owa zdumionych ludzi nasuwaj\u0105 <b>skojarzenie<br \/>\nz owym uwolnieniem Rzymu od zarazy<\/b><br \/>\n\u2013 uwolnieniem, kt\u00f3rego, rzecz jasna, dokona\u0142 B\u00f3g, <b>ale<br \/>\npo usilnych modlitwach Papie\u017ca Grzegorza, wspartych tak\u017ce<br \/>\nprocesjami i og\u00f3lnym podj\u0119ciem dzia\u0142a pokuty przez Rzymian. <\/b>Oto<br \/>\nPasterz ludu tak pokierowa\u0142 swoj\u0105 Owczarni\u0105, \u017ce ta zwr\u00f3ci\u0142a si\u0119<br \/>\nca\u0142ym sercem do Pana, uzyskuj\u0105c uwolnienie od tego strasznego<br \/>\ndo\u015bwiadczenia, jakie gn\u0119bi\u0142o ich miasto.\n<\/div>\n<div align=\"JUSTIFY\" style=\"margin-bottom: 0cm; text-indent: 1.25cm;\">\nZobaczmy<br \/>\nzatem, Drodzy, jak wielkie zadania spoczywaj\u0105 na pasterzach<br \/>\nKo\u015bcio\u0142a. Ale nie tylko na nich, bo my wszyscy, <b>przez<br \/>\nChrzest, zostali\u015bmy w\u0142\u0105czeni w pastersk\u0105 misj\u0119 Chrystusa, <\/b>co<br \/>\nw praktyce oznacza podj\u0119cie odpowiedzialno\u015bci za zbawienie swoje i<br \/>\ninnych. Zatem, to <b>nie<br \/>\ntylko <\/b>Papie\u017c<br \/>\nGrzegorz, a dzisiaj \u2013 Papie\u017c Franciszek, czy te\u017c biskupi lub<br \/>\nksi\u0119\u017ca, maj\u0105 si\u0119 czu\u0107 odpowiedzialni za zbawienie swoich<br \/>\npodopiecznych. <b>Oni<br \/>\nte\u017c \u2013 zapewne w stopniu wysokim, wy\u017cszym ni\u017c inni.<\/b><br \/>\nAle i na nas tak\u017ce ci\u0105\u017cy takie zobowi\u0105zanie, i my te\u017c powinni\u015bmy<br \/>\nczu\u0107 si\u0119 <b>wyznaczonymi<br \/>\nprzez Boga do tego, aby pom\u00f3c innym w osi\u0105ganiu zbawienia.<\/b><br \/>\nSzczeg\u00f3lnie tym, kt\u00f3rzy s\u0105 nam \u2013 z r\u00f3\u017cnych wzgl\u0119d\u00f3w \u2013<br \/>\nprzez Boga dani jako dar i zadanie.<\/div>\n<div align=\"JUSTIFY\" style=\"margin-bottom: 0cm; text-indent: 1.25cm;\">\nA<br \/>\nmamy realizowa\u0107 t\u0119 odpowiedzialno\u015b\u0107 poprzez <b>zaanga\u017cowanie<br \/>\nwszystkich swoich zdolno\u015bci i talent\u00f3w,<\/b><br \/>\na nade wszystko \u2013 mamy w tej kwestii <b>oprze\u0107<br \/>\nsi\u0119 totalnie na Bogu,<\/b><br \/>\nby\u0107 z Nim w sta\u0142ym kontakcie, ci\u0105gle <b>trwa\u0107<br \/>\nna modlitwie i podejmowa\u0107 dzie\u0142a pokuty, umartwienia i wyrzeczenia<br \/>\n\u2013 w\u0142a\u015bnie w tych intencjach, w jakich si\u0119 modlimy i za tych<br \/>\nludzi, kt\u00f3rych Bogu polecamy. <\/b>A<br \/>\nwtedy przekonamy si\u0119 szybko, jak pi\u0119kne owoce przynosi to nasze<br \/>\nzaanga\u017cowanie\u2026<\/div>\n","protected":false},"excerpt":{"rendered":"<p>Szcz\u0119\u015b\u0107 Bo\u017ce! Wczoraj rzeczywi\u015bcie do\u015b\u0107 nieoczekiwanie poprosi\u0142em Marka o zamieszczenie rozwa\u017cania, bo wypad\u0142y tu takie sprawy, kt\u00f3re op\u00f3\u017ani\u0142yby jego zamieszczenie przeze mnie do p\u00f3\u017anego popo\u0142udnia. Dlatego bardzo dzi\u0119kuj\u0119 Markowi, \u017ce tak &#8222;z marszu&#8221; zgodzi\u0142 si\u0119 mi pom\u00f3c. Jak zawsze &#8211; jest to z du\u017c\u0105 korzy\u015bci\u0105 dla naszego bloga! &nbsp; &nbsp; A ja na razie wszystkiemu [&hellip;]<\/p>\n","protected":false},"author":1,"featured_media":0,"comment_status":"open","ping_status":"open","sticky":false,"template":"","format":"standard","meta":{"jetpack_post_was_ever_published":false,"_jetpack_newsletter_access":"","_jetpack_dont_email_post_to_subs":false,"_jetpack_newsletter_tier_id":0,"_jetpack_memberships_contains_paywalled_content":false,"_jetpack_memberships_contains_paid_content":false,"footnotes":""},"categories":[1],"tags":[],"class_list":["post-9013","post","type-post","status-publish","format-standard","hentry","category-bez-kategorii"],"yoast_head":"<!-- This site is optimized with the Yoast SEO plugin v25.1 - https:\/\/yoast.com\/wordpress\/plugins\/seo\/ -->\n<title>Grzegorz modli\u0142 si\u0119 i pokutowa\u0142 wraz z ludem... - Gaudium Et Spes<\/title>\n<meta name=\"robots\" content=\"index, follow, max-snippet:-1, max-image-preview:large, max-video-preview:-1\" \/>\n<link rel=\"canonical\" href=\"https:\/\/gaudiumetspes-blog.pl\/index.php\/2013\/09\/03\/grzegorz-modli-sie-i-pokutowa-wraz-z\/\" \/>\n<meta property=\"og:locale\" content=\"pl_PL\" \/>\n<meta property=\"og:type\" content=\"article\" \/>\n<meta property=\"og:title\" content=\"Grzegorz modli\u0142 si\u0119 i pokutowa\u0142 wraz z ludem... - Gaudium Et Spes\" \/>\n<meta property=\"og:description\" content=\"Szcz\u0119\u015b\u0107 Bo\u017ce! Wczoraj rzeczywi\u015bcie do\u015b\u0107 nieoczekiwanie poprosi\u0142em Marka o zamieszczenie rozwa\u017cania, bo wypad\u0142y tu takie sprawy, kt\u00f3re op\u00f3\u017ani\u0142yby jego zamieszczenie przeze mnie do p\u00f3\u017anego popo\u0142udnia. Dlatego bardzo dzi\u0119kuj\u0119 Markowi, \u017ce tak &#8222;z marszu&#8221; zgodzi\u0142 si\u0119 mi pom\u00f3c. Jak zawsze &#8211; jest to z du\u017c\u0105 korzy\u015bci\u0105 dla naszego bloga! &nbsp; &nbsp; A ja na razie wszystkiemu [&hellip;]\" \/>\n<meta property=\"og:url\" content=\"https:\/\/gaudiumetspes-blog.pl\/index.php\/2013\/09\/03\/grzegorz-modli-sie-i-pokutowa-wraz-z\/\" \/>\n<meta property=\"og:site_name\" content=\"Gaudium Et Spes\" \/>\n<meta property=\"article:published_time\" content=\"2013-09-03T04:16:00+00:00\" \/>\n<meta property=\"article:modified_time\" content=\"2019-07-31T10:54:12+00:00\" \/>\n<meta name=\"author\" content=\"Ks. Jacek\" \/>\n<meta name=\"twitter:card\" content=\"summary_large_image\" \/>\n<meta name=\"twitter:label1\" content=\"Napisane przez\" \/>\n\t<meta name=\"twitter:data1\" content=\"Ks. Jacek\" \/>\n\t<meta name=\"twitter:label2\" content=\"Szacowany czas czytania\" \/>\n\t<meta name=\"twitter:data2\" content=\"8 minut\" \/>\n<script type=\"application\/ld+json\" class=\"yoast-schema-graph\">{\"@context\":\"https:\/\/schema.org\",\"@graph\":[{\"@type\":\"WebPage\",\"@id\":\"https:\/\/gaudiumetspes-blog.pl\/index.php\/2013\/09\/03\/grzegorz-modli-sie-i-pokutowa-wraz-z\/\",\"url\":\"https:\/\/gaudiumetspes-blog.pl\/index.php\/2013\/09\/03\/grzegorz-modli-sie-i-pokutowa-wraz-z\/\",\"name\":\"Grzegorz modli\u0142 si\u0119 i pokutowa\u0142 wraz z ludem... - Gaudium Et Spes\",\"isPartOf\":{\"@id\":\"https:\/\/gaudiumetspes-blog.pl\/#website\"},\"datePublished\":\"2013-09-03T04:16:00+00:00\",\"dateModified\":\"2019-07-31T10:54:12+00:00\",\"author\":{\"@id\":\"https:\/\/gaudiumetspes-blog.pl\/#\/schema\/person\/1661982992b752dea8dff0d4ed845a65\"},\"breadcrumb\":{\"@id\":\"https:\/\/gaudiumetspes-blog.pl\/index.php\/2013\/09\/03\/grzegorz-modli-sie-i-pokutowa-wraz-z\/#breadcrumb\"},\"inLanguage\":\"pl-PL\",\"potentialAction\":[{\"@type\":\"ReadAction\",\"target\":[\"https:\/\/gaudiumetspes-blog.pl\/index.php\/2013\/09\/03\/grzegorz-modli-sie-i-pokutowa-wraz-z\/\"]}]},{\"@type\":\"BreadcrumbList\",\"@id\":\"https:\/\/gaudiumetspes-blog.pl\/index.php\/2013\/09\/03\/grzegorz-modli-sie-i-pokutowa-wraz-z\/#breadcrumb\",\"itemListElement\":[{\"@type\":\"ListItem\",\"position\":1,\"name\":\"Strona g\u0142\u00f3wna\",\"item\":\"https:\/\/gaudiumetspes-blog.pl\/\"},{\"@type\":\"ListItem\",\"position\":2,\"name\":\"Grzegorz modli\u0142 si\u0119 i&nbsp;pokutowa\u0142 wraz z&nbsp;ludem&#8230;\"}]},{\"@type\":\"WebSite\",\"@id\":\"https:\/\/gaudiumetspes-blog.pl\/#website\",\"url\":\"https:\/\/gaudiumetspes-blog.pl\/\",\"name\":\"Gaudium Et Spes\",\"description\":\"Blog Ks. Jacka Ja\u015bkowskiego\",\"potentialAction\":[{\"@type\":\"SearchAction\",\"target\":{\"@type\":\"EntryPoint\",\"urlTemplate\":\"https:\/\/gaudiumetspes-blog.pl\/?s={search_term_string}\"},\"query-input\":{\"@type\":\"PropertyValueSpecification\",\"valueRequired\":true,\"valueName\":\"search_term_string\"}}],\"inLanguage\":\"pl-PL\"},{\"@type\":\"Person\",\"@id\":\"https:\/\/gaudiumetspes-blog.pl\/#\/schema\/person\/1661982992b752dea8dff0d4ed845a65\",\"name\":\"Ks. Jacek\",\"image\":{\"@type\":\"ImageObject\",\"inLanguage\":\"pl-PL\",\"@id\":\"https:\/\/gaudiumetspes-blog.pl\/#\/schema\/person\/image\/\",\"url\":\"https:\/\/gaudiumetspes-blog.pl\/wp-content\/uploads\/2019\/07\/avatar-JJ-150x150.jpg\",\"contentUrl\":\"https:\/\/gaudiumetspes-blog.pl\/wp-content\/uploads\/2019\/07\/avatar-JJ-150x150.jpg\",\"caption\":\"Ks. Jacek\"},\"description\":\"Witam serdecznie! K\u0142ania si\u0119 Ks. Jacek Ja\u015bkowski. Nie jestem ani kim\u015b wa\u017cnym, ani kim\u015b znanym. Jestem ksi\u0119dzem, kt\u00f3ry po prostu chce rozmawia\u0107. Codzienna kap\u0142a\u0144ska pos\u0142uga pokazuje mi, \u017ce temat\u00f3w do rozm\u00f3w z ksi\u0119dzem jest coraz wi\u0119cej i dzisiaj \u017caden ksi\u0105dz nie mo\u017ce od nich ucieka\u0107, ale - wprost przeciwnie - podejmowa\u0107 nowe wyzwania. To przekonanie sk\u0142oni\u0142o mnie do pr\u00f3by otwarcia tego\u017c bloga, chocia\u017c okazji do rozm\u00f3w na co dzie\u0144 - w konfesjonale i poza nim - na szcz\u0119\u015bcie nie brakuje. My\u015bl\u0119 jednak, \u017ce ten blog b\u0119dzie jeszcze jednym sposobem i przestrzeni\u0105 nawi\u0105zania kontaktu z lud\u017ami dobrej woli, otwartymi na dialog.\",\"url\":\"https:\/\/gaudiumetspes-blog.pl\/index.php\/author\/ks-jacek\/\"}]}<\/script>\n<!-- \/ Yoast SEO plugin. -->","yoast_head_json":{"title":"Grzegorz modli\u0142 si\u0119 i pokutowa\u0142 wraz z ludem... - Gaudium Et Spes","robots":{"index":"index","follow":"follow","max-snippet":"max-snippet:-1","max-image-preview":"max-image-preview:large","max-video-preview":"max-video-preview:-1"},"canonical":"https:\/\/gaudiumetspes-blog.pl\/index.php\/2013\/09\/03\/grzegorz-modli-sie-i-pokutowa-wraz-z\/","og_locale":"pl_PL","og_type":"article","og_title":"Grzegorz modli\u0142 si\u0119 i pokutowa\u0142 wraz z ludem... - Gaudium Et Spes","og_description":"Szcz\u0119\u015b\u0107 Bo\u017ce! Wczoraj rzeczywi\u015bcie do\u015b\u0107 nieoczekiwanie poprosi\u0142em Marka o zamieszczenie rozwa\u017cania, bo wypad\u0142y tu takie sprawy, kt\u00f3re op\u00f3\u017ani\u0142yby jego zamieszczenie przeze mnie do p\u00f3\u017anego popo\u0142udnia. Dlatego bardzo dzi\u0119kuj\u0119 Markowi, \u017ce tak &#8222;z marszu&#8221; zgodzi\u0142 si\u0119 mi pom\u00f3c. Jak zawsze &#8211; jest to z du\u017c\u0105 korzy\u015bci\u0105 dla naszego bloga! &nbsp; &nbsp; A ja na razie wszystkiemu [&hellip;]","og_url":"https:\/\/gaudiumetspes-blog.pl\/index.php\/2013\/09\/03\/grzegorz-modli-sie-i-pokutowa-wraz-z\/","og_site_name":"Gaudium Et Spes","article_published_time":"2013-09-03T04:16:00+00:00","article_modified_time":"2019-07-31T10:54:12+00:00","author":"Ks. Jacek","twitter_card":"summary_large_image","twitter_misc":{"Napisane przez":"Ks. Jacek","Szacowany czas czytania":"8 minut"},"schema":{"@context":"https:\/\/schema.org","@graph":[{"@type":"WebPage","@id":"https:\/\/gaudiumetspes-blog.pl\/index.php\/2013\/09\/03\/grzegorz-modli-sie-i-pokutowa-wraz-z\/","url":"https:\/\/gaudiumetspes-blog.pl\/index.php\/2013\/09\/03\/grzegorz-modli-sie-i-pokutowa-wraz-z\/","name":"Grzegorz modli\u0142 si\u0119 i pokutowa\u0142 wraz z ludem... - Gaudium Et Spes","isPartOf":{"@id":"https:\/\/gaudiumetspes-blog.pl\/#website"},"datePublished":"2013-09-03T04:16:00+00:00","dateModified":"2019-07-31T10:54:12+00:00","author":{"@id":"https:\/\/gaudiumetspes-blog.pl\/#\/schema\/person\/1661982992b752dea8dff0d4ed845a65"},"breadcrumb":{"@id":"https:\/\/gaudiumetspes-blog.pl\/index.php\/2013\/09\/03\/grzegorz-modli-sie-i-pokutowa-wraz-z\/#breadcrumb"},"inLanguage":"pl-PL","potentialAction":[{"@type":"ReadAction","target":["https:\/\/gaudiumetspes-blog.pl\/index.php\/2013\/09\/03\/grzegorz-modli-sie-i-pokutowa-wraz-z\/"]}]},{"@type":"BreadcrumbList","@id":"https:\/\/gaudiumetspes-blog.pl\/index.php\/2013\/09\/03\/grzegorz-modli-sie-i-pokutowa-wraz-z\/#breadcrumb","itemListElement":[{"@type":"ListItem","position":1,"name":"Strona g\u0142\u00f3wna","item":"https:\/\/gaudiumetspes-blog.pl\/"},{"@type":"ListItem","position":2,"name":"Grzegorz modli\u0142 si\u0119 i&nbsp;pokutowa\u0142 wraz z&nbsp;ludem&#8230;"}]},{"@type":"WebSite","@id":"https:\/\/gaudiumetspes-blog.pl\/#website","url":"https:\/\/gaudiumetspes-blog.pl\/","name":"Gaudium Et Spes","description":"Blog Ks. Jacka Ja\u015bkowskiego","potentialAction":[{"@type":"SearchAction","target":{"@type":"EntryPoint","urlTemplate":"https:\/\/gaudiumetspes-blog.pl\/?s={search_term_string}"},"query-input":{"@type":"PropertyValueSpecification","valueRequired":true,"valueName":"search_term_string"}}],"inLanguage":"pl-PL"},{"@type":"Person","@id":"https:\/\/gaudiumetspes-blog.pl\/#\/schema\/person\/1661982992b752dea8dff0d4ed845a65","name":"Ks. Jacek","image":{"@type":"ImageObject","inLanguage":"pl-PL","@id":"https:\/\/gaudiumetspes-blog.pl\/#\/schema\/person\/image\/","url":"https:\/\/gaudiumetspes-blog.pl\/wp-content\/uploads\/2019\/07\/avatar-JJ-150x150.jpg","contentUrl":"https:\/\/gaudiumetspes-blog.pl\/wp-content\/uploads\/2019\/07\/avatar-JJ-150x150.jpg","caption":"Ks. Jacek"},"description":"Witam serdecznie! K\u0142ania si\u0119 Ks. Jacek Ja\u015bkowski. Nie jestem ani kim\u015b wa\u017cnym, ani kim\u015b znanym. Jestem ksi\u0119dzem, kt\u00f3ry po prostu chce rozmawia\u0107. Codzienna kap\u0142a\u0144ska pos\u0142uga pokazuje mi, \u017ce temat\u00f3w do rozm\u00f3w z ksi\u0119dzem jest coraz wi\u0119cej i dzisiaj \u017caden ksi\u0105dz nie mo\u017ce od nich ucieka\u0107, ale - wprost przeciwnie - podejmowa\u0107 nowe wyzwania. To przekonanie sk\u0142oni\u0142o mnie do pr\u00f3by otwarcia tego\u017c bloga, chocia\u017c okazji do rozm\u00f3w na co dzie\u0144 - w konfesjonale i poza nim - na szcz\u0119\u015bcie nie brakuje. My\u015bl\u0119 jednak, \u017ce ten blog b\u0119dzie jeszcze jednym sposobem i przestrzeni\u0105 nawi\u0105zania kontaktu z lud\u017ami dobrej woli, otwartymi na dialog.","url":"https:\/\/gaudiumetspes-blog.pl\/index.php\/author\/ks-jacek\/"}]}},"jetpack_featured_media_url":"","jetpack_sharing_enabled":true,"_links":{"self":[{"href":"https:\/\/gaudiumetspes-blog.pl\/index.php\/wp-json\/wp\/v2\/posts\/9013","targetHints":{"allow":["GET"]}}],"collection":[{"href":"https:\/\/gaudiumetspes-blog.pl\/index.php\/wp-json\/wp\/v2\/posts"}],"about":[{"href":"https:\/\/gaudiumetspes-blog.pl\/index.php\/wp-json\/wp\/v2\/types\/post"}],"author":[{"embeddable":true,"href":"https:\/\/gaudiumetspes-blog.pl\/index.php\/wp-json\/wp\/v2\/users\/1"}],"replies":[{"embeddable":true,"href":"https:\/\/gaudiumetspes-blog.pl\/index.php\/wp-json\/wp\/v2\/comments?post=9013"}],"version-history":[{"count":1,"href":"https:\/\/gaudiumetspes-blog.pl\/index.php\/wp-json\/wp\/v2\/posts\/9013\/revisions"}],"predecessor-version":[{"id":11224,"href":"https:\/\/gaudiumetspes-blog.pl\/index.php\/wp-json\/wp\/v2\/posts\/9013\/revisions\/11224"}],"wp:attachment":[{"href":"https:\/\/gaudiumetspes-blog.pl\/index.php\/wp-json\/wp\/v2\/media?parent=9013"}],"wp:term":[{"taxonomy":"category","embeddable":true,"href":"https:\/\/gaudiumetspes-blog.pl\/index.php\/wp-json\/wp\/v2\/categories?post=9013"},{"taxonomy":"post_tag","embeddable":true,"href":"https:\/\/gaudiumetspes-blog.pl\/index.php\/wp-json\/wp\/v2\/tags?post=9013"}],"curies":[{"name":"wp","href":"https:\/\/api.w.org\/{rel}","templated":true}]}}